{"id":144428,"date":"2025-11-25T10:19:34","date_gmt":"2025-11-25T09:19:34","guid":{"rendered":"https:\/\/www.immo-invest.ch\/la-rasude-lausanne\/"},"modified":"2025-11-25T10:26:24","modified_gmt":"2025-11-25T09:26:24","slug":"la-rasude-lausanne","status":"publish","type":"post","link":"https:\/\/www.immo-invest.ch\/it\/la-rasude-lausanne\/","title":{"rendered":"La Rasude Losanna"},"content":{"rendered":"<p class=\"wp-block-paragraph\">La Rasude &egrave; uno dei sei poli di trasformazione urbana di Losanna e si trova direttamente accanto alla stazione ferroviaria e in uno degli snodi del trasporto pubblico pi&ugrave; importanti della Svizzera francese. Dal punto di vista della citt&agrave;, questa &egrave; la posizione ideale per una densificazione che combina distanze ridotte, alta densit&agrave; di utilizzo e una migliore qualit&agrave; della vita. Il Piano d&rsquo;Affetto definisce gli usi consentiti, i volumi degli edifici e i requisiti per l&rsquo;ambiente, la mobilit&agrave; e la protezione dei monumenti<\/p>\n\n\n\n\n\n<p class=\"wp-block-paragraph\"><strong>Costruire sugli edifici esistenti invece di fare tabula rasa<br><\/strong>Circa il 70% degli edifici esistenti sar&agrave; conservato, compreso il suggestivo edificio progettato da Alphonse Laverri&egrave;re sull&rsquo;Avenue de la Gare, la cui protezione &egrave; stata esplicitamente garantita in un progetto rivisto a seguito delle critiche del Governo federale e degli esperti. Singoli edifici come &ldquo;Gare 45&rdquo; e &ldquo;Horizon&rdquo; potranno essere rialzati di due piani e saranno aggiunte due nuove strutture. Una lungo i binari e una al centro del quartiere, le cui altezze sono definite in modo tale da rispettare lo skyline e i riferimenti visivi esistenti e da non sovrastare la torre Edipresse<\/p>\n\n\n\n\n\n<p class=\"wp-block-paragraph\"><strong>Mix abitativo, lavorativo e sociale<br><\/strong>Circa il 30 percento della superficie &egrave; destinato ad abitazioni, di cui almeno il 20 percento saranno logements d&rsquo;utilit&eacute; publique, ossia appartamenti senza scopo di lucro. In totale, quasi 500 persone potranno vivere in un quartiere attualmente disabitato. Allo stesso tempo, verr&agrave; creato un mix diversificato di usi, tra cui uffici, un hotel, negozi, assistenza alla prima infanzia, spazi culturali e per il tempo libero e servizi di quartiere. Circa 500 metri quadrati saranno riservati ai professionisti della cultura e agli usi pubblici, con affitti controllati e accessibili<\/p>\n\n\n\n\n\n<p class=\"wp-block-paragraph\"><strong>Spazio pubblico, verde e mobilit&agrave;<br><\/strong>Il complesso, attualmente chiuso e fortemente sigillato, sar&agrave; trasformato in un quartiere aperto e pedonale. Circa la met&agrave; del sito sar&agrave; disponibile in futuro come spazio pubblico, in gran parte con alberi e aree verdi, integrate da tetti verdi, sistemi fotovoltaici e un collegamento a fonti di calore rinnovabili per migliorare significativamente l&rsquo;impronta di carbonio. L&rsquo;accesso in superficie &egrave; principalmente a piedi e in bicicletta, mentre un parcheggio sotterraneo con circa 275 posti auto e circa 1.200 posti bici raggruppa le opzioni di mobilit&agrave; necessarie nel sottosuolo<\/p>\n\n\n\n\n\n<p class=\"wp-block-paragraph\"><strong>Processo politico e prospettive<br><\/strong>Il piano &egrave; disponibile per l&rsquo;ispezione pubblica fino al 18 dicembre. Le obiezioni e le obiezioni saranno incorporate nell&rsquo;ulteriore revisione prima che la decisione venga presa dal Consiglio comunale al Cantone. Parallelamente, sono previsti concorsi per l&rsquo;architettura e gli spazi pubblici con formati partecipativi per garantire la qualit&agrave; della realizzazione. L&rsquo;inizio dei lavori di costruzione &egrave; attualmente previsto intorno al 2029, mentre il nuovo quartiere entrer&agrave; in funzione a tappe tra il 2031 e il 2033, a condizione che eventuali referendum politici non modifichino il calendario.<\/p>\n\n","protected":false},"excerpt":{"rendered":"<p>La citt\u00e0 di Losanna sta pubblicando il piano per il quartiere La Rasude, segnando l&#8217;inizio della prossima fase di uno dei suoi pi\u00f9 importanti progetti di trasformazione. Nell&#8217;area attualmente sottoutilizzata e fortemente sigillata, direttamente accanto alla stazione ferroviaria, verr\u00e0 creata una nuova parte della citt\u00e0, che combiner\u00e0 circa 1.200 posti di lavoro, quasi 500 residenti, spazi pubblici e infrastrutture rispettose del clima.<\/p>\n","protected":false},"author":2,"featured_media":144429,"comment_status":"open","ping_status":"open","sticky":false,"template":"","format":"standard","meta":{"pmpro_default_level":"","inline_featured_image":false,"_monsterinsights_skip_tracking":false,"footnotes":""},"categories":[745,741,22700,39693,46428],"tags":[867,3935,2006,3838,36511,41102],"class_list":["post-144428","post","type-post","status-publish","format-standard","has-post-thumbnail","hentry","category-immonews-it","category-progetti","category-sostenibilita","category-standorte-it","category-waadt-it","tag-immoinvest-it","tag-immonews-it","tag-news-it","tag-stadtquartier-it","tag-transformation-it","tag-verdichtung-it","pmpro-has-access"],"acf":{"bild_mit_ki_erstellt_worden":"","lead":"La citt\u00e0 di Losanna sta pubblicando il piano per il quartiere La Rasude, segnando l'inizio della prossima fase di uno dei suoi pi\u00f9 importanti progetti di trasformazione. Nell'area attualmente sottoutilizzata e fortemente sigillata, direttamente accanto alla stazione ferroviaria, verr\u00e0 creata una nuova parte della citt\u00e0, che combiner\u00e0 circa 1.200 posti di lavoro, quasi 500 residenti, spazi pubblici e infrastrutture rispettose del clima.","autor":"Quelle Lausanne","ort":"","bildunterschrift":"","bild_im_grid":false,"gallerie":"","newsim":""},"aioseo_notices":[],"aioseo_head":"\n\t\t<!-- All in One SEO 5.0.0.1 - aioseo.com -->\n\t<meta name=\"description\" content=\"La citt\u00e0 di Losanna sta pubblicando il piano per il quartiere La Rasude, segnando l&#039;inizio della prossima fase di uno dei suoi pi\u00f9 importanti progetti di trasformazione. Nell&#039;area attualmente sottoutilizzata e fortemente sigillata, direttamente accanto alla stazione ferroviaria, verr\u00e0 creata una nuova parte della citt\u00e0, che combiner\u00e0 circa 1.200 posti di lavoro, quasi 500 residenti, spazi pubblici e infrastrutture rispettose del clima.\" \/>\n\t<meta name=\"robots\" content=\"max-image-preview:large\" \/>\n\t<meta name=\"author\" content=\"immovestuser\"\/>\n\t<meta name=\"google-site-verification\" content=\"fHJKvgWpZCR2zVBHWfkQeFXC11qieUSff0HGNYfuyLA\" \/>\n\t<link rel=\"canonical\" href=\"https:\/\/www.immo-invest.ch\/it\/la-rasude-lausanne\/\" \/>\n\t<meta name=\"generator\" content=\"All in One SEO (AIOSEO) 5.0.0.1\" \/>\n\t\t<meta property=\"og:locale\" content=\"it_IT\" \/>\n\t\t<meta property=\"og:site_name\" content=\"immo!nvest - Die Plattform f\u00fcr Standorte und Immobilien - Die\u00a0Plattform f\u00fcr Standorte und Immobilien\" \/>\n\t\t<meta property=\"og:type\" content=\"article\" \/>\n\t\t<meta property=\"og:title\" content=\"La Rasude Losanna - immo!nvest - Die Plattform f\u00fcr Standorte und Immobilien\" \/>\n\t\t<meta property=\"og:description\" content=\"La citt\u00e0 di Losanna sta pubblicando il piano per il quartiere La Rasude, segnando l&#039;inizio della prossima fase di uno dei suoi pi\u00f9 importanti progetti di trasformazione. Nell&#039;area attualmente sottoutilizzata e fortemente sigillata, direttamente accanto alla stazione ferroviaria, verr\u00e0 creata una nuova parte della citt\u00e0, che combiner\u00e0 circa 1.200 posti di lavoro, quasi 500 residenti, spazi pubblici e infrastrutture rispettose del clima.\" \/>\n\t\t<meta property=\"og:url\" content=\"https:\/\/www.immo-invest.ch\/it\/la-rasude-lausanne\/\" \/>\n\t\t<meta property=\"og:image\" content=\"https:\/\/www.immo-invest.ch\/wp-content\/uploads\/2025\/11\/immo-invest-projekte-standorte-regionen-waadt-stadtentwicklung-verdichtung-transformation.jpg\" \/>\n\t\t<meta property=\"og:image:secure_url\" content=\"https:\/\/www.immo-invest.ch\/wp-content\/uploads\/2025\/11\/immo-invest-projekte-standorte-regionen-waadt-stadtentwicklung-verdichtung-transformation.jpg\" \/>\n\t\t<meta property=\"og:image:width\" content=\"970\" \/>\n\t\t<meta property=\"og:image:height\" content=\"646\" \/>\n\t\t<meta property=\"article:published_time\" content=\"2025-11-25T09:19:34+00:00\" \/>\n\t\t<meta property=\"article:modified_time\" content=\"2025-11-25T09:26:24+00:00\" \/>\n\t\t<meta property=\"article:publisher\" content=\"https:\/\/www.facebook.com\/people\/Immoinvest\/100077962920504\/\" \/>\n\t\t<meta name=\"twitter:card\" content=\"summary_large_image\" \/>\n\t\t<meta name=\"twitter:site\" content=\"@i\" \/>\n\t\t<meta name=\"twitter:title\" content=\"La Rasude Losanna - immo!nvest - Die Plattform f\u00fcr Standorte und Immobilien\" \/>\n\t\t<meta name=\"twitter:description\" content=\"La citt\u00e0 di Losanna sta pubblicando il piano per il quartiere La Rasude, segnando l&#039;inizio della prossima fase di uno dei suoi pi\u00f9 importanti progetti di trasformazione. Nell&#039;area attualmente sottoutilizzata e fortemente sigillata, direttamente accanto alla stazione ferroviaria, verr\u00e0 creata una nuova parte della citt\u00e0, che combiner\u00e0 circa 1.200 posti di lavoro, quasi 500 residenti, spazi pubblici e infrastrutture rispettose del clima.\" \/>\n\t\t<meta name=\"twitter:creator\" content=\"@i\" \/>\n\t\t<meta name=\"twitter:image\" content=\"https:\/\/www.immo-invest.ch\/wp-content\/uploads\/2025\/11\/immo-invest-projekte-standorte-regionen-waadt-stadtentwicklung-verdichtung-transformation.jpg\" \/>\n\t\t<script type=\"application\/ld+json\" class=\"aioseo-schema\">\n\t\t\t{\"@context\":\"https:\\\/\\\/schema.org\",\"@graph\":[{\"@type\":\"BlogPosting\",\"@id\":\"https:\\\/\\\/www.immo-invest.ch\\\/it\\\/la-rasude-lausanne\\\/#blogposting\",\"name\":\"La Rasude Losanna - immo!nvest - Die Plattform f\\u00fcr Standorte und Immobilien\",\"headline\":\"La Rasude Losanna\",\"author\":{\"@id\":\"https:\\\/\\\/www.immo-invest.ch\\\/it\\\/author\\\/immovestuser\\\/#author\"},\"publisher\":{\"@id\":\"https:\\\/\\\/www.immo-invest.ch\\\/it\\\/#organization\"},\"image\":{\"@type\":\"ImageObject\",\"url\":\"https:\\\/\\\/www.immo-invest.ch\\\/wp-content\\\/uploads\\\/2025\\\/11\\\/immo-invest-projekte-standorte-regionen-waadt-stadtentwicklung-verdichtung-transformation.jpg\",\"width\":970,\"height\":646},\"datePublished\":\"2025-11-25T10:19:34+01:00\",\"dateModified\":\"2025-11-25T10:26:24+01:00\",\"inLanguage\":\"it-IT\",\"mainEntityOfPage\":{\"@id\":\"https:\\\/\\\/www.immo-invest.ch\\\/it\\\/la-rasude-lausanne\\\/#webpage\"},\"isPartOf\":{\"@id\":\"https:\\\/\\\/www.immo-invest.ch\\\/it\\\/la-rasude-lausanne\\\/#webpage\"},\"articleSection\":\"immoNews, Progetti, Sostenibilit\\u00e0, Standorte, Waadt, Immoinvest, immoNews, News, Stadtquartier, Transformation, Verdichtung, Optional\"},{\"@type\":\"BreadcrumbList\",\"@id\":\"https:\\\/\\\/www.immo-invest.ch\\\/it\\\/la-rasude-lausanne\\\/#breadcrumblist\",\"itemListElement\":[{\"@type\":\"ListItem\",\"@id\":\"https:\\\/\\\/www.immo-invest.ch\\\/it\\\/#listItem\",\"position\":1,\"name\":\"Home\",\"item\":\"https:\\\/\\\/www.immo-invest.ch\\\/it\\\/\",\"nextItem\":{\"@type\":\"ListItem\",\"@id\":\"https:\\\/\\\/www.immo-invest.ch\\\/it\\\/categoria\\\/regioni\\\/#listItem\",\"name\":\"Regioni\"}},{\"@type\":\"ListItem\",\"@id\":\"https:\\\/\\\/www.immo-invest.ch\\\/it\\\/categoria\\\/regioni\\\/#listItem\",\"position\":2,\"name\":\"Regioni\",\"item\":\"https:\\\/\\\/www.immo-invest.ch\\\/it\\\/categoria\\\/regioni\\\/\",\"nextItem\":{\"@type\":\"ListItem\",\"@id\":\"https:\\\/\\\/www.immo-invest.ch\\\/it\\\/categoria\\\/regioni\\\/svizzera\\\/#listItem\",\"name\":\"Svizzera\"},\"previousItem\":{\"@type\":\"ListItem\",\"@id\":\"https:\\\/\\\/www.immo-invest.ch\\\/it\\\/#listItem\",\"name\":\"Home\"}},{\"@type\":\"ListItem\",\"@id\":\"https:\\\/\\\/www.immo-invest.ch\\\/it\\\/categoria\\\/regioni\\\/svizzera\\\/#listItem\",\"position\":3,\"name\":\"Svizzera\",\"item\":\"https:\\\/\\\/www.immo-invest.ch\\\/it\\\/categoria\\\/regioni\\\/svizzera\\\/\",\"nextItem\":{\"@type\":\"ListItem\",\"@id\":\"https:\\\/\\\/www.immo-invest.ch\\\/it\\\/categoria\\\/regioni\\\/svizzera\\\/regione-del-lago-di-ginevra\\\/#listItem\",\"name\":\"Regione del Lago di Ginevra\"},\"previousItem\":{\"@type\":\"ListItem\",\"@id\":\"https:\\\/\\\/www.immo-invest.ch\\\/it\\\/categoria\\\/regioni\\\/#listItem\",\"name\":\"Regioni\"}},{\"@type\":\"ListItem\",\"@id\":\"https:\\\/\\\/www.immo-invest.ch\\\/it\\\/categoria\\\/regioni\\\/svizzera\\\/regione-del-lago-di-ginevra\\\/#listItem\",\"position\":4,\"name\":\"Regione del Lago di Ginevra\",\"item\":\"https:\\\/\\\/www.immo-invest.ch\\\/it\\\/categoria\\\/regioni\\\/svizzera\\\/regione-del-lago-di-ginevra\\\/\",\"nextItem\":{\"@type\":\"ListItem\",\"@id\":\"https:\\\/\\\/www.immo-invest.ch\\\/it\\\/categoria\\\/regioni\\\/svizzera\\\/regione-del-lago-di-ginevra\\\/waadt-it\\\/#listItem\",\"name\":\"Waadt\"},\"previousItem\":{\"@type\":\"ListItem\",\"@id\":\"https:\\\/\\\/www.immo-invest.ch\\\/it\\\/categoria\\\/regioni\\\/svizzera\\\/#listItem\",\"name\":\"Svizzera\"}},{\"@type\":\"ListItem\",\"@id\":\"https:\\\/\\\/www.immo-invest.ch\\\/it\\\/categoria\\\/regioni\\\/svizzera\\\/regione-del-lago-di-ginevra\\\/waadt-it\\\/#listItem\",\"position\":5,\"name\":\"Waadt\",\"item\":\"https:\\\/\\\/www.immo-invest.ch\\\/it\\\/categoria\\\/regioni\\\/svizzera\\\/regione-del-lago-di-ginevra\\\/waadt-it\\\/\",\"nextItem\":{\"@type\":\"ListItem\",\"@id\":\"https:\\\/\\\/www.immo-invest.ch\\\/it\\\/la-rasude-lausanne\\\/#listItem\",\"name\":\"La Rasude Losanna\"},\"previousItem\":{\"@type\":\"ListItem\",\"@id\":\"https:\\\/\\\/www.immo-invest.ch\\\/it\\\/categoria\\\/regioni\\\/svizzera\\\/regione-del-lago-di-ginevra\\\/#listItem\",\"name\":\"Regione del Lago di Ginevra\"}},{\"@type\":\"ListItem\",\"@id\":\"https:\\\/\\\/www.immo-invest.ch\\\/it\\\/la-rasude-lausanne\\\/#listItem\",\"position\":6,\"name\":\"La Rasude Losanna\",\"previousItem\":{\"@type\":\"ListItem\",\"@id\":\"https:\\\/\\\/www.immo-invest.ch\\\/it\\\/categoria\\\/regioni\\\/svizzera\\\/regione-del-lago-di-ginevra\\\/waadt-it\\\/#listItem\",\"name\":\"Waadt\"}}]},{\"@type\":\"Organization\",\"@id\":\"https:\\\/\\\/www.immo-invest.ch\\\/it\\\/#organization\",\"name\":\"immo!nvest - Die Plattform f\\u00fcr Standorte und Immobilien\",\"description\":\"Die\\u00a0Plattform f\\u00fcr Standorte und Immobilien\",\"url\":\"https:\\\/\\\/www.immo-invest.ch\\\/it\\\/\",\"email\":\"admin@immomedia.ag\",\"telephone\":\"+41444420002\",\"logo\":{\"@type\":\"ImageObject\",\"url\":\"https:\\\/\\\/www.immo-invest.ch\\\/wp-content\\\/uploads\\\/2024\\\/09\\\/immoinvest_sm-scaled.jpg\",\"@id\":\"https:\\\/\\\/www.immo-invest.ch\\\/it\\\/la-rasude-lausanne\\\/#organizationLogo\",\"width\":2560,\"height\":1340},\"image\":{\"@id\":\"https:\\\/\\\/www.immo-invest.ch\\\/it\\\/la-rasude-lausanne\\\/#organizationLogo\"},\"sameAs\":[\"https:\\\/\\\/www.facebook.com\\\/people\\\/Immoinvest\\\/100077962920504\\\/\",\"https:\\\/\\\/x.com\\\/i\\\/flow\\\/login?redirect_after_login=immoinvest_ch\",\"https:\\\/\\\/www.instagram.com\\\/immoinvest_ch\\\/\",\"https:\\\/\\\/www.linkedin.com\\\/company\\\/immoinvest-swiss\"]},{\"@type\":\"Person\",\"@id\":\"https:\\\/\\\/www.immo-invest.ch\\\/it\\\/author\\\/immovestuser\\\/#author\",\"url\":\"https:\\\/\\\/www.immo-invest.ch\\\/it\\\/author\\\/immovestuser\\\/\",\"name\":\"immovestuser\",\"image\":{\"@type\":\"ImageObject\",\"@id\":\"https:\\\/\\\/www.immo-invest.ch\\\/it\\\/la-rasude-lausanne\\\/#authorImage\",\"url\":\"https:\\\/\\\/secure.gravatar.com\\\/avatar\\\/8e01f4d99f2eeea7a362ebb93305e1172a70e9293ba250f897a65c39f54cdd1e?s=96&d=mm&r=g\",\"width\":96,\"height\":96,\"caption\":\"immovestuser\"}},{\"@type\":\"WebPage\",\"@id\":\"https:\\\/\\\/www.immo-invest.ch\\\/it\\\/la-rasude-lausanne\\\/#webpage\",\"url\":\"https:\\\/\\\/www.immo-invest.ch\\\/it\\\/la-rasude-lausanne\\\/\",\"name\":\"La Rasude Losanna - immo!nvest - Die Plattform f\\u00fcr Standorte und Immobilien\",\"description\":\"La citt\\u00e0 di Losanna sta pubblicando il piano per il quartiere La Rasude, segnando l'inizio della prossima fase di uno dei suoi pi\\u00f9 importanti progetti di trasformazione. Nell'area attualmente sottoutilizzata e fortemente sigillata, direttamente accanto alla stazione ferroviaria, verr\\u00e0 creata una nuova parte della citt\\u00e0, che combiner\\u00e0 circa 1.200 posti di lavoro, quasi 500 residenti, spazi pubblici e infrastrutture rispettose del clima.\",\"inLanguage\":\"it-IT\",\"isPartOf\":{\"@id\":\"https:\\\/\\\/www.immo-invest.ch\\\/it\\\/#website\"},\"breadcrumb\":{\"@id\":\"https:\\\/\\\/www.immo-invest.ch\\\/it\\\/la-rasude-lausanne\\\/#breadcrumblist\"},\"author\":{\"@id\":\"https:\\\/\\\/www.immo-invest.ch\\\/it\\\/author\\\/immovestuser\\\/#author\"},\"creator\":{\"@id\":\"https:\\\/\\\/www.immo-invest.ch\\\/it\\\/author\\\/immovestuser\\\/#author\"},\"image\":{\"@type\":\"ImageObject\",\"url\":\"https:\\\/\\\/www.immo-invest.ch\\\/wp-content\\\/uploads\\\/2025\\\/11\\\/immo-invest-projekte-standorte-regionen-waadt-stadtentwicklung-verdichtung-transformation.jpg\",\"@id\":\"https:\\\/\\\/www.immo-invest.ch\\\/it\\\/la-rasude-lausanne\\\/#mainImage\",\"width\":970,\"height\":646},\"primaryImageOfPage\":{\"@id\":\"https:\\\/\\\/www.immo-invest.ch\\\/it\\\/la-rasude-lausanne\\\/#mainImage\"},\"datePublished\":\"2025-11-25T10:19:34+01:00\",\"dateModified\":\"2025-11-25T10:26:24+01:00\"},{\"@type\":\"WebSite\",\"@id\":\"https:\\\/\\\/www.immo-invest.ch\\\/it\\\/#website\",\"url\":\"https:\\\/\\\/www.immo-invest.ch\\\/it\\\/\",\"name\":\"immo!nvest - Die Plattform f\\u00fcr Standorte und Immobilien\",\"description\":\"Die\\u00a0Plattform f\\u00fcr Standorte und Immobilien\",\"inLanguage\":\"it-IT\",\"publisher\":{\"@id\":\"https:\\\/\\\/www.immo-invest.ch\\\/it\\\/#organization\"}}]}\n\t\t<\/script>\n\t\t<!-- All in One SEO -->\n\n","aioseo_head_json":{"title":"La Rasude Losanna - immo!nvest - Die Plattform f\u00fcr Standorte und Immobilien","description":"La citt\u00e0 di Losanna sta pubblicando il piano per il quartiere La Rasude, segnando l'inizio della prossima fase di uno dei suoi pi\u00f9 importanti progetti di trasformazione. Nell'area attualmente sottoutilizzata e fortemente sigillata, direttamente accanto alla stazione ferroviaria, verr\u00e0 creata una nuova parte della citt\u00e0, che combiner\u00e0 circa 1.200 posti di lavoro, quasi 500 residenti, spazi pubblici e infrastrutture rispettose del clima.","canonical_url":"https:\/\/www.immo-invest.ch\/it\/la-rasude-lausanne\/","robots":"max-image-preview:large","keywords":"","webmasterTools":{"google-site-verification":"fHJKvgWpZCR2zVBHWfkQeFXC11qieUSff0HGNYfuyLA","miscellaneous":""},"schema":{"@context":"https:\/\/schema.org","@graph":[{"@type":"BlogPosting","@id":"https:\/\/www.immo-invest.ch\/it\/la-rasude-lausanne\/#blogposting","name":"La Rasude Losanna - immo!nvest - Die Plattform f\u00fcr Standorte und Immobilien","headline":"La Rasude Losanna","author":{"@id":"https:\/\/www.immo-invest.ch\/it\/author\/immovestuser\/#author"},"publisher":{"@id":"https:\/\/www.immo-invest.ch\/it\/#organization"},"image":{"@type":"ImageObject","url":"https:\/\/www.immo-invest.ch\/wp-content\/uploads\/2025\/11\/immo-invest-projekte-standorte-regionen-waadt-stadtentwicklung-verdichtung-transformation.jpg","width":970,"height":646},"datePublished":"2025-11-25T10:19:34+01:00","dateModified":"2025-11-25T10:26:24+01:00","inLanguage":"it-IT","mainEntityOfPage":{"@id":"https:\/\/www.immo-invest.ch\/it\/la-rasude-lausanne\/#webpage"},"isPartOf":{"@id":"https:\/\/www.immo-invest.ch\/it\/la-rasude-lausanne\/#webpage"},"articleSection":"immoNews, Progetti, Sostenibilit\u00e0, Standorte, Waadt, Immoinvest, immoNews, News, Stadtquartier, Transformation, Verdichtung, Optional"},{"@type":"BreadcrumbList","@id":"https:\/\/www.immo-invest.ch\/it\/la-rasude-lausanne\/#breadcrumblist","itemListElement":[{"@type":"ListItem","@id":"https:\/\/www.immo-invest.ch\/it\/#listItem","position":1,"name":"Home","item":"https:\/\/www.immo-invest.ch\/it\/","nextItem":{"@type":"ListItem","@id":"https:\/\/www.immo-invest.ch\/it\/categoria\/regioni\/#listItem","name":"Regioni"}},{"@type":"ListItem","@id":"https:\/\/www.immo-invest.ch\/it\/categoria\/regioni\/#listItem","position":2,"name":"Regioni","item":"https:\/\/www.immo-invest.ch\/it\/categoria\/regioni\/","nextItem":{"@type":"ListItem","@id":"https:\/\/www.immo-invest.ch\/it\/categoria\/regioni\/svizzera\/#listItem","name":"Svizzera"},"previousItem":{"@type":"ListItem","@id":"https:\/\/www.immo-invest.ch\/it\/#listItem","name":"Home"}},{"@type":"ListItem","@id":"https:\/\/www.immo-invest.ch\/it\/categoria\/regioni\/svizzera\/#listItem","position":3,"name":"Svizzera","item":"https:\/\/www.immo-invest.ch\/it\/categoria\/regioni\/svizzera\/","nextItem":{"@type":"ListItem","@id":"https:\/\/www.immo-invest.ch\/it\/categoria\/regioni\/svizzera\/regione-del-lago-di-ginevra\/#listItem","name":"Regione del Lago di Ginevra"},"previousItem":{"@type":"ListItem","@id":"https:\/\/www.immo-invest.ch\/it\/categoria\/regioni\/#listItem","name":"Regioni"}},{"@type":"ListItem","@id":"https:\/\/www.immo-invest.ch\/it\/categoria\/regioni\/svizzera\/regione-del-lago-di-ginevra\/#listItem","position":4,"name":"Regione del Lago di Ginevra","item":"https:\/\/www.immo-invest.ch\/it\/categoria\/regioni\/svizzera\/regione-del-lago-di-ginevra\/","nextItem":{"@type":"ListItem","@id":"https:\/\/www.immo-invest.ch\/it\/categoria\/regioni\/svizzera\/regione-del-lago-di-ginevra\/waadt-it\/#listItem","name":"Waadt"},"previousItem":{"@type":"ListItem","@id":"https:\/\/www.immo-invest.ch\/it\/categoria\/regioni\/svizzera\/#listItem","name":"Svizzera"}},{"@type":"ListItem","@id":"https:\/\/www.immo-invest.ch\/it\/categoria\/regioni\/svizzera\/regione-del-lago-di-ginevra\/waadt-it\/#listItem","position":5,"name":"Waadt","item":"https:\/\/www.immo-invest.ch\/it\/categoria\/regioni\/svizzera\/regione-del-lago-di-ginevra\/waadt-it\/","nextItem":{"@type":"ListItem","@id":"https:\/\/www.immo-invest.ch\/it\/la-rasude-lausanne\/#listItem","name":"La Rasude Losanna"},"previousItem":{"@type":"ListItem","@id":"https:\/\/www.immo-invest.ch\/it\/categoria\/regioni\/svizzera\/regione-del-lago-di-ginevra\/#listItem","name":"Regione del Lago di Ginevra"}},{"@type":"ListItem","@id":"https:\/\/www.immo-invest.ch\/it\/la-rasude-lausanne\/#listItem","position":6,"name":"La Rasude Losanna","previousItem":{"@type":"ListItem","@id":"https:\/\/www.immo-invest.ch\/it\/categoria\/regioni\/svizzera\/regione-del-lago-di-ginevra\/waadt-it\/#listItem","name":"Waadt"}}]},{"@type":"Organization","@id":"https:\/\/www.immo-invest.ch\/it\/#organization","name":"immo!nvest - Die Plattform f\u00fcr Standorte und Immobilien","description":"Die\u00a0Plattform f\u00fcr Standorte und Immobilien","url":"https:\/\/www.immo-invest.ch\/it\/","email":"admin@immomedia.ag","telephone":"+41444420002","logo":{"@type":"ImageObject","url":"https:\/\/www.immo-invest.ch\/wp-content\/uploads\/2024\/09\/immoinvest_sm-scaled.jpg","@id":"https:\/\/www.immo-invest.ch\/it\/la-rasude-lausanne\/#organizationLogo","width":2560,"height":1340},"image":{"@id":"https:\/\/www.immo-invest.ch\/it\/la-rasude-lausanne\/#organizationLogo"},"sameAs":["https:\/\/www.facebook.com\/people\/Immoinvest\/100077962920504\/","https:\/\/x.com\/i\/flow\/login?redirect_after_login=immoinvest_ch","https:\/\/www.instagram.com\/immoinvest_ch\/","https:\/\/www.linkedin.com\/company\/immoinvest-swiss"]},{"@type":"Person","@id":"https:\/\/www.immo-invest.ch\/it\/author\/immovestuser\/#author","url":"https:\/\/www.immo-invest.ch\/it\/author\/immovestuser\/","name":"immovestuser","image":{"@type":"ImageObject","@id":"https:\/\/www.immo-invest.ch\/it\/la-rasude-lausanne\/#authorImage","url":"https:\/\/secure.gravatar.com\/avatar\/8e01f4d99f2eeea7a362ebb93305e1172a70e9293ba250f897a65c39f54cdd1e?s=96&d=mm&r=g","width":96,"height":96,"caption":"immovestuser"}},{"@type":"WebPage","@id":"https:\/\/www.immo-invest.ch\/it\/la-rasude-lausanne\/#webpage","url":"https:\/\/www.immo-invest.ch\/it\/la-rasude-lausanne\/","name":"La Rasude Losanna - immo!nvest - Die Plattform f\u00fcr Standorte und Immobilien","description":"La citt\u00e0 di Losanna sta pubblicando il piano per il quartiere La Rasude, segnando l'inizio della prossima fase di uno dei suoi pi\u00f9 importanti progetti di trasformazione. Nell'area attualmente sottoutilizzata e fortemente sigillata, direttamente accanto alla stazione ferroviaria, verr\u00e0 creata una nuova parte della citt\u00e0, che combiner\u00e0 circa 1.200 posti di lavoro, quasi 500 residenti, spazi pubblici e infrastrutture rispettose del clima.","inLanguage":"it-IT","isPartOf":{"@id":"https:\/\/www.immo-invest.ch\/it\/#website"},"breadcrumb":{"@id":"https:\/\/www.immo-invest.ch\/it\/la-rasude-lausanne\/#breadcrumblist"},"author":{"@id":"https:\/\/www.immo-invest.ch\/it\/author\/immovestuser\/#author"},"creator":{"@id":"https:\/\/www.immo-invest.ch\/it\/author\/immovestuser\/#author"},"image":{"@type":"ImageObject","url":"https:\/\/www.immo-invest.ch\/wp-content\/uploads\/2025\/11\/immo-invest-projekte-standorte-regionen-waadt-stadtentwicklung-verdichtung-transformation.jpg","@id":"https:\/\/www.immo-invest.ch\/it\/la-rasude-lausanne\/#mainImage","width":970,"height":646},"primaryImageOfPage":{"@id":"https:\/\/www.immo-invest.ch\/it\/la-rasude-lausanne\/#mainImage"},"datePublished":"2025-11-25T10:19:34+01:00","dateModified":"2025-11-25T10:26:24+01:00"},{"@type":"WebSite","@id":"https:\/\/www.immo-invest.ch\/it\/#website","url":"https:\/\/www.immo-invest.ch\/it\/","name":"immo!nvest - Die Plattform f\u00fcr Standorte und Immobilien","description":"Die\u00a0Plattform f\u00fcr Standorte und Immobilien","inLanguage":"it-IT","publisher":{"@id":"https:\/\/www.immo-invest.ch\/it\/#organization"}}]},"og:locale":"it_IT","og:site_name":"immo!nvest - Die Plattform f\u00fcr Standorte und Immobilien - Die\u00a0Plattform f\u00fcr Standorte und Immobilien","og:type":"article","og:title":"La Rasude Losanna - immo!nvest - Die Plattform f\u00fcr Standorte und Immobilien","og:description":"La citt\u00e0 di Losanna sta pubblicando il piano per il quartiere La Rasude, segnando l'inizio della prossima fase di uno dei suoi pi\u00f9 importanti progetti di trasformazione. Nell'area attualmente sottoutilizzata e fortemente sigillata, direttamente accanto alla stazione ferroviaria, verr\u00e0 creata una nuova parte della citt\u00e0, che combiner\u00e0 circa 1.200 posti di lavoro, quasi 500 residenti, spazi pubblici e infrastrutture rispettose del clima.","og:url":"https:\/\/www.immo-invest.ch\/it\/la-rasude-lausanne\/","og:image":"https:\/\/www.immo-invest.ch\/wp-content\/uploads\/2025\/11\/immo-invest-projekte-standorte-regionen-waadt-stadtentwicklung-verdichtung-transformation.jpg","og:image:secure_url":"https:\/\/www.immo-invest.ch\/wp-content\/uploads\/2025\/11\/immo-invest-projekte-standorte-regionen-waadt-stadtentwicklung-verdichtung-transformation.jpg","og:image:width":970,"og:image:height":646,"article:published_time":"2025-11-25T09:19:34+00:00","article:modified_time":"2025-11-25T09:26:24+00:00","article:publisher":"https:\/\/www.facebook.com\/people\/Immoinvest\/100077962920504\/","twitter:card":"summary_large_image","twitter:site":"@i","twitter:title":"La Rasude Losanna - immo!nvest - Die Plattform f\u00fcr Standorte und Immobilien","twitter:description":"La citt\u00e0 di Losanna sta pubblicando il piano per il quartiere La Rasude, segnando l'inizio della prossima fase di uno dei suoi pi\u00f9 importanti progetti di trasformazione. Nell'area attualmente sottoutilizzata e fortemente sigillata, direttamente accanto alla stazione ferroviaria, verr\u00e0 creata una nuova parte della citt\u00e0, che combiner\u00e0 circa 1.200 posti di lavoro, quasi 500 residenti, spazi pubblici e infrastrutture rispettose del clima.","twitter:creator":"@i","twitter:image":"https:\/\/www.immo-invest.ch\/wp-content\/uploads\/2025\/11\/immo-invest-projekte-standorte-regionen-waadt-stadtentwicklung-verdichtung-transformation.jpg"},"aioseo_meta_data":{"post_id":"144428","title":null,"description":null,"keywords":null,"keyphrases":{"focus":{"keyphrase":"","score":0,"analysis":{"keyphraseInTitle":{"score":0,"maxScore":9,"error":1}}},"additional":[]},"primary_term":null,"canonical_url":null,"og_title":null,"og_description":null,"og_object_type":"default","og_image_type":"default","og_image_url":null,"og_image_width":null,"og_image_height":null,"og_image_custom_url":null,"og_image_custom_fields":null,"og_video":"","og_custom_url":null,"og_article_section":null,"og_article_tags":null,"twitter_use_og":false,"twitter_card":"default","twitter_image_type":"default","twitter_image_url":null,"twitter_image_custom_url":null,"twitter_image_custom_fields":null,"twitter_title":null,"twitter_description":null,"schema":{"blockGraphs":[],"customGraphs":[],"default":{"data":{"Article":[],"Course":[],"Dataset":[],"FAQPage":[],"Movie":[],"Person":[],"Product":[],"ProductReview":[],"Car":[],"Recipe":[],"Service":[],"SoftwareApplication":[],"WebPage":[]},"graphName":"BlogPosting","isEnabled":true},"graphs":[]},"schema_type":"default","schema_type_options":null,"pillar_content":false,"robots_default":true,"robots_noindex":false,"robots_noarchive":false,"robots_nosnippet":false,"robots_nofollow":false,"robots_noimageindex":false,"robots_noodp":false,"robots_notranslate":false,"robots_max_snippet":"-1","robots_max_videopreview":"-1","robots_max_imagepreview":"large","priority":null,"frequency":"default","local_seo":null,"breadcrumb_settings":null,"limit_modified_date":false,"ai":{"faqs":[],"keyPoints":[],"titles":[],"descriptions":[],"socialPosts":{"email":[],"linkedin":[],"twitter":[],"facebook":[],"instagram":[]}},"created":"2025-11-25 09:22:55","updated":"2025-11-25 09:26:37","seo_analyzer_scan_date":null,"focus_keyword":null,"additional_keywords":null,"truseo_locale":null},"aioseo_breadcrumb":"<div class=\"aioseo-breadcrumbs\"><span class=\"aioseo-breadcrumb\">\n\t\t\t<a href=\"https:\/\/www.immo-invest.ch\/it\/\" title=\"Home\">Home<\/a>\n\t\t<\/span><span class=\"aioseo-breadcrumb-separator\">&raquo;<\/span><span class=\"aioseo-breadcrumb\">\n\t\t\t<a href=\"https:\/\/www.immo-invest.ch\/it\/categoria\/regioni\/\" title=\"Regioni\">Regioni<\/a>\n\t\t<\/span><span class=\"aioseo-breadcrumb-separator\">&raquo;<\/span><span class=\"aioseo-breadcrumb\">\n\t\t\t<a href=\"https:\/\/www.immo-invest.ch\/it\/categoria\/regioni\/svizzera\/\" title=\"Svizzera\">Svizzera<\/a>\n\t\t<\/span><span class=\"aioseo-breadcrumb-separator\">&raquo;<\/span><span class=\"aioseo-breadcrumb\">\n\t\t\t<a href=\"https:\/\/www.immo-invest.ch\/it\/categoria\/regioni\/svizzera\/regione-del-lago-di-ginevra\/\" title=\"Regione del Lago di Ginevra\">Regione del Lago di Ginevra<\/a>\n\t\t<\/span><span class=\"aioseo-breadcrumb-separator\">&raquo;<\/span><span class=\"aioseo-breadcrumb\">\n\t\t\t<a href=\"https:\/\/www.immo-invest.ch\/it\/categoria\/regioni\/svizzera\/regione-del-lago-di-ginevra\/waadt-it\/\" title=\"Waadt\">Waadt<\/a>\n\t\t<\/span><span class=\"aioseo-breadcrumb-separator\">&raquo;<\/span><span class=\"aioseo-breadcrumb\">\n\t\t\tLa Rasude Losanna\n\t\t<\/span><\/div>","aioseo_breadcrumb_json":[{"label":"Home","link":"https:\/\/www.immo-invest.ch\/it\/"},{"label":"Regioni","link":"https:\/\/www.immo-invest.ch\/it\/categoria\/regioni\/"},{"label":"Svizzera","link":"https:\/\/www.immo-invest.ch\/it\/categoria\/regioni\/svizzera\/"},{"label":"Regione del Lago di Ginevra","link":"https:\/\/www.immo-invest.ch\/it\/categoria\/regioni\/svizzera\/regione-del-lago-di-ginevra\/"},{"label":"Waadt","link":"https:\/\/www.immo-invest.ch\/it\/categoria\/regioni\/svizzera\/regione-del-lago-di-ginevra\/waadt-it\/"},{"label":"La Rasude Losanna","link":"https:\/\/www.immo-invest.ch\/it\/la-rasude-lausanne\/"}],"featured_image_src":"https:\/\/www.immo-invest.ch\/wp-content\/uploads\/2025\/11\/immo-invest-projekte-standorte-regionen-waadt-stadtentwicklung-verdichtung-transformation-336x168.jpg","_links":{"self":[{"href":"https:\/\/www.immo-invest.ch\/it\/wp-json\/wp\/v2\/posts\/144428","targetHints":{"allow":["GET"]}}],"collection":[{"href":"https:\/\/www.immo-invest.ch\/it\/wp-json\/wp\/v2\/posts"}],"about":[{"href":"https:\/\/www.immo-invest.ch\/it\/wp-json\/wp\/v2\/types\/post"}],"author":[{"embeddable":true,"href":"https:\/\/www.immo-invest.ch\/it\/wp-json\/wp\/v2\/users\/2"}],"replies":[{"embeddable":true,"href":"https:\/\/www.immo-invest.ch\/it\/wp-json\/wp\/v2\/comments?post=144428"}],"version-history":[{"count":0,"href":"https:\/\/www.immo-invest.ch\/it\/wp-json\/wp\/v2\/posts\/144428\/revisions"}],"wp:featuredmedia":[{"embeddable":true,"href":"https:\/\/www.immo-invest.ch\/it\/wp-json\/wp\/v2\/media\/144429"}],"wp:attachment":[{"href":"https:\/\/www.immo-invest.ch\/it\/wp-json\/wp\/v2\/media?parent=144428"}],"wp:term":[{"taxonomy":"category","embeddable":true,"href":"https:\/\/www.immo-invest.ch\/it\/wp-json\/wp\/v2\/categories?post=144428"},{"taxonomy":"post_tag","embeddable":true,"href":"https:\/\/www.immo-invest.ch\/it\/wp-json\/wp\/v2\/tags?post=144428"}],"curies":[{"name":"wp","href":"https:\/\/api.w.org\/{rel}","templated":true}]}}