{"id":144188,"date":"2025-11-21T16:20:00","date_gmt":"2025-11-21T15:20:00","guid":{"rendered":"https:\/\/www.immo-invest.ch\/?p=144188"},"modified":"2025-11-19T10:33:42","modified_gmt":"2025-11-19T09:33:42","slug":"neuausrichtung-der-standortfoerderung-in-schlieren","status":"publish","type":"post","link":"https:\/\/www.immo-invest.ch\/it\/neuausrichtung-der-standortfoerderung-in-schlieren\/","title":{"rendered":"Riorganizzazione della promozione delle localit\u00e0 a Schlieren"},"content":{"rendered":"<p class=\"bodytext\">Christina Doll assumer&agrave; il ruolo di responsabile della promozione delle localit&agrave; nella citt&agrave; di <a href=\"http:\/\/www.schlieren.ch\" target=\"_blank\" rel=\"noopener\">Schlieren<\/a> a partire dal 1&deg; dicembre. Secondo un <a href=\"https:\/\/m.schlieren.ch\/index.php?ref=search&amp;refid=4712294&amp;apid=1587040942\" target=\"_blank\" rel=\"noopener\">comunicato stampa<\/a> della citt&agrave;, la 44enne assumer&agrave; la posizione di Albert Schweizer, che andr&agrave; in pensione dopo 27 anni di lavoro con la citt&agrave;. <\/p>\n<p class=\"bodytext\">Il cambio di posizione &egrave; legato all&rsquo;intensificazione della promozione della posizione. Christina Doll svolger&agrave; la funzione in una posizione dell&rsquo;80%. Il suo predecessore Schweizer ricopriva la posizione con il 30 percento, oltre al suo lavoro di manager immobiliare. Il Consiglio comunale ritiene che l&rsquo;aumento dell&rsquo;orario di lavoro <span class=\"glossaryLink\"  aria-describedby=\"tt\"  data-cmtooltip=\"&lt;div class=glossaryItemTitle&gt;SIA&lt;\/div&gt;&lt;div class=glossaryItemBody&gt;Schweizerischer Ingenieur- und Architektenverein; massgebender Berufsverband f&uuml;r qualifizierte Fachleute der Bereiche Bau, Technik und Umwelt mit rund f&uuml;nfzehntausend Mitgliedern&lt;\/div&gt;\"  data-mobile-support=\"0\"  data-gt-translate-attributes='[{\"attribute\":\"data-cmtooltip\", \"format\":\"html\"}]' tabindex='0' role='link'>sia<\/span> necessario &ldquo;per sviluppare con successo Schlieren come localit&agrave; commerciale&rdquo;. In futuro, le aziende dovranno avere un contatto diretto per le loro preoccupazioni.  <\/p>\n<p class=\"bodytext\">La geografa economica, laureata presso l&rsquo;Universit&agrave; di Hannover, &egrave; considerata ben collegata grazie ai suoi molti anni di esperienza nella promozione delle localit&agrave;. Pi&ugrave; di recente, si &egrave; fatta conoscere come vice direttore generale nello sviluppo della <a href=\"https:\/\/www.flughafenregion.ch\/\" target=\"_blank\" rel=\"noopener\">regione aeroportuale di Zurigo<\/a> come rete economica e organizzazione di sviluppo delle localit&agrave;. Come docente ospite part-time in diverse universit&agrave;, la 44enne ha insegnato come le organizzazioni possono sfruttare meglio il loro potenziale di sviluppo attraverso metodi partecipativi e l&rsquo;uso dell&rsquo;intelligenza collettiva. &Egrave; la vincitrice della borsa di studio per l&rsquo;EMBA Digital Leadership presso la Zurich School of Business 2022. <\/p>\n\n\n\n<p class=\"wp-block-paragraph\"><\/p>\n\n","protected":false},"excerpt":{"rendered":"<p>Christina Doll diventa promotrice della sede di Schlieren. Subentrer\u00e0 ad Albert Schweizer, che andr\u00e0 in pensione nel maggio 2026, il 1\u00b0 dicembre. La posizione \u00e8 stata aumentata dal 30% all&#8217;80%, al fine di continuare a promuovere con successo la sede commerciale in futuro.<\/p>\n","protected":false},"author":2,"featured_media":144189,"comment_status":"open","ping_status":"open","sticky":false,"template":"","format":"standard","meta":{"pmpro_default_level":"","inline_featured_image":false,"_monsterinsights_skip_tracking":false,"footnotes":""},"categories":[745,4465,8469,22695,39693],"tags":[867,3935,2006,13925,55276,23454],"class_list":["post-144188","post","type-post","status-publish","format-standard","has-post-thumbnail","hentry","category-immonews-it","category-persone","category-regioni","category-societa","category-standorte-it","tag-immoinvest-it","tag-immonews-it","tag-news-it","tag-regionalentwicklung-it","tag-standortfoerderung-2","tag-wirtschaftsregion-it","pmpro-has-access"],"acf":{"bild_mit_ki_erstellt_worden":["Ja"],"lead":"Christina Doll diventa promotrice della sede di Schlieren. Subentrer\u00e0 ad Albert Schweizer, che andr\u00e0 in pensione nel maggio 2026, il 1\u00b0 dicembre. La posizione \u00e8 stata aumentata dal 30% all'80%, al fine di continuare a promuovere con successo la sede commerciale in futuro.","autor":"ce\/heg","ort":"Schlieren ZH","bildunterschrift":"","bild_im_grid":false,"gallerie":"","newsim":""},"aioseo_notices":[],"aioseo_head":"\n\t\t<!-- All in One SEO 5.0.0.1 - aioseo.com -->\n\t<meta name=\"description\" content=\"Christina Doll diventa promotrice della sede di Schlieren. Subentrer\u00e0 ad Albert Schweizer, che andr\u00e0 in pensione nel maggio 2026, il 1\u00b0 dicembre. La posizione \u00e8 stata aumentata dal 30% all&#039;80%, al fine di continuare a promuovere con successo la sede commerciale in futuro.\" \/>\n\t<meta name=\"robots\" content=\"max-image-preview:large\" \/>\n\t<meta name=\"author\" content=\"immovestuser\"\/>\n\t<meta name=\"google-site-verification\" content=\"fHJKvgWpZCR2zVBHWfkQeFXC11qieUSff0HGNYfuyLA\" \/>\n\t<link rel=\"canonical\" href=\"https:\/\/www.immo-invest.ch\/it\/neuausrichtung-der-standortfoerderung-in-schlieren\/\" \/>\n\t<meta name=\"generator\" content=\"All in One SEO (AIOSEO) 5.0.0.1\" \/>\n\t\t<meta property=\"og:locale\" content=\"it_IT\" \/>\n\t\t<meta property=\"og:site_name\" content=\"immo!nvest - Die Plattform f\u00fcr Standorte und Immobilien - Die\u00a0Plattform f\u00fcr Standorte und Immobilien\" \/>\n\t\t<meta property=\"og:type\" content=\"article\" \/>\n\t\t<meta property=\"og:title\" content=\"Riorganizzazione della promozione delle localit\u00e0 a Schlieren - immo!nvest - Die Plattform f\u00fcr Standorte und Immobilien\" \/>\n\t\t<meta property=\"og:description\" content=\"Christina Doll diventa promotrice della sede di Schlieren. Subentrer\u00e0 ad Albert Schweizer, che andr\u00e0 in pensione nel maggio 2026, il 1\u00b0 dicembre. La posizione \u00e8 stata aumentata dal 30% all&#039;80%, al fine di continuare a promuovere con successo la sede commerciale in futuro.\" \/>\n\t\t<meta property=\"og:url\" content=\"https:\/\/www.immo-invest.ch\/it\/neuausrichtung-der-standortfoerderung-in-schlieren\/\" \/>\n\t\t<meta property=\"og:image\" content=\"https:\/\/www.immo-invest.ch\/wp-content\/uploads\/2025\/11\/banoviag_realistic_office_environment_showing_a_modern_Swiss__0f0e2965-3929-498c-97a5-f17a8894aec5_2.png\" \/>\n\t\t<meta property=\"og:image:secure_url\" content=\"https:\/\/www.immo-invest.ch\/wp-content\/uploads\/2025\/11\/banoviag_realistic_office_environment_showing_a_modern_Swiss__0f0e2965-3929-498c-97a5-f17a8894aec5_2.png\" \/>\n\t\t<meta property=\"og:image:width\" content=\"1536\" \/>\n\t\t<meta property=\"og:image:height\" content=\"768\" \/>\n\t\t<meta property=\"article:published_time\" content=\"2025-11-21T15:20:00+00:00\" \/>\n\t\t<meta property=\"article:modified_time\" content=\"2025-11-19T09:33:42+00:00\" \/>\n\t\t<meta property=\"article:publisher\" content=\"https:\/\/www.facebook.com\/people\/Immoinvest\/100077962920504\/\" \/>\n\t\t<meta name=\"twitter:card\" content=\"summary_large_image\" \/>\n\t\t<meta name=\"twitter:site\" content=\"@i\" \/>\n\t\t<meta name=\"twitter:title\" content=\"Riorganizzazione della promozione delle localit\u00e0 a Schlieren - immo!nvest - Die Plattform f\u00fcr Standorte und Immobilien\" \/>\n\t\t<meta name=\"twitter:description\" content=\"Christina Doll diventa promotrice della sede di Schlieren. Subentrer\u00e0 ad Albert Schweizer, che andr\u00e0 in pensione nel maggio 2026, il 1\u00b0 dicembre. La posizione \u00e8 stata aumentata dal 30% all&#039;80%, al fine di continuare a promuovere con successo la sede commerciale in futuro.\" \/>\n\t\t<meta name=\"twitter:creator\" content=\"@i\" \/>\n\t\t<meta name=\"twitter:image\" content=\"https:\/\/www.immo-invest.ch\/wp-content\/uploads\/2025\/11\/banoviag_realistic_office_environment_showing_a_modern_Swiss__0f0e2965-3929-498c-97a5-f17a8894aec5_2.png\" \/>\n\t\t<script type=\"application\/ld+json\" class=\"aioseo-schema\">\n\t\t\t{\"@context\":\"https:\\\/\\\/schema.org\",\"@graph\":[{\"@type\":\"BlogPosting\",\"@id\":\"https:\\\/\\\/www.immo-invest.ch\\\/it\\\/neuausrichtung-der-standortfoerderung-in-schlieren\\\/#blogposting\",\"name\":\"Riorganizzazione della promozione delle localit\\u00e0 a Schlieren - immo!nvest - Die Plattform f\\u00fcr Standorte und Immobilien\",\"headline\":\"Riorganizzazione della promozione delle localit\\u00e0 a Schlieren\",\"author\":{\"@id\":\"https:\\\/\\\/www.immo-invest.ch\\\/it\\\/author\\\/immovestuser\\\/#author\"},\"publisher\":{\"@id\":\"https:\\\/\\\/www.immo-invest.ch\\\/it\\\/#organization\"},\"image\":{\"@type\":\"ImageObject\",\"url\":\"https:\\\/\\\/www.immo-invest.ch\\\/wp-content\\\/uploads\\\/2025\\\/11\\\/banoviag_realistic_office_environment_showing_a_modern_Swiss__0f0e2965-3929-498c-97a5-f17a8894aec5_2.png\",\"width\":1536,\"height\":768},\"datePublished\":\"2025-11-21T16:20:00+01:00\",\"dateModified\":\"2025-11-19T10:33:42+01:00\",\"inLanguage\":\"it-IT\",\"mainEntityOfPage\":{\"@id\":\"https:\\\/\\\/www.immo-invest.ch\\\/it\\\/neuausrichtung-der-standortfoerderung-in-schlieren\\\/#webpage\"},\"isPartOf\":{\"@id\":\"https:\\\/\\\/www.immo-invest.ch\\\/it\\\/neuausrichtung-der-standortfoerderung-in-schlieren\\\/#webpage\"},\"articleSection\":\"immoNews, Persone, Regioni, Societ\\u00e0, Standorte, Immoinvest, immoNews, News, Regionalentwicklung, Standortfoerderung, Wirtschaftsregion, Optional\"},{\"@type\":\"BreadcrumbList\",\"@id\":\"https:\\\/\\\/www.immo-invest.ch\\\/it\\\/neuausrichtung-der-standortfoerderung-in-schlieren\\\/#breadcrumblist\",\"itemListElement\":[{\"@type\":\"ListItem\",\"@id\":\"https:\\\/\\\/www.immo-invest.ch\\\/it\\\/#listItem\",\"position\":1,\"name\":\"Home\",\"item\":\"https:\\\/\\\/www.immo-invest.ch\\\/it\\\/\",\"nextItem\":{\"@type\":\"ListItem\",\"@id\":\"https:\\\/\\\/www.immo-invest.ch\\\/it\\\/categoria\\\/persone-2\\\/#listItem\",\"name\":\"Persone\"}},{\"@type\":\"ListItem\",\"@id\":\"https:\\\/\\\/www.immo-invest.ch\\\/it\\\/categoria\\\/persone-2\\\/#listItem\",\"position\":2,\"name\":\"Persone\",\"item\":\"https:\\\/\\\/www.immo-invest.ch\\\/it\\\/categoria\\\/persone-2\\\/\",\"nextItem\":{\"@type\":\"ListItem\",\"@id\":\"https:\\\/\\\/www.immo-invest.ch\\\/it\\\/categoria\\\/persone-2\\\/persone\\\/#listItem\",\"name\":\"Persone\"},\"previousItem\":{\"@type\":\"ListItem\",\"@id\":\"https:\\\/\\\/www.immo-invest.ch\\\/it\\\/#listItem\",\"name\":\"Home\"}},{\"@type\":\"ListItem\",\"@id\":\"https:\\\/\\\/www.immo-invest.ch\\\/it\\\/categoria\\\/persone-2\\\/persone\\\/#listItem\",\"position\":3,\"name\":\"Persone\",\"item\":\"https:\\\/\\\/www.immo-invest.ch\\\/it\\\/categoria\\\/persone-2\\\/persone\\\/\",\"nextItem\":{\"@type\":\"ListItem\",\"@id\":\"https:\\\/\\\/www.immo-invest.ch\\\/it\\\/neuausrichtung-der-standortfoerderung-in-schlieren\\\/#listItem\",\"name\":\"Riorganizzazione della promozione delle localit\\u00e0 a Schlieren\"},\"previousItem\":{\"@type\":\"ListItem\",\"@id\":\"https:\\\/\\\/www.immo-invest.ch\\\/it\\\/categoria\\\/persone-2\\\/#listItem\",\"name\":\"Persone\"}},{\"@type\":\"ListItem\",\"@id\":\"https:\\\/\\\/www.immo-invest.ch\\\/it\\\/neuausrichtung-der-standortfoerderung-in-schlieren\\\/#listItem\",\"position\":4,\"name\":\"Riorganizzazione della promozione delle localit\\u00e0 a Schlieren\",\"previousItem\":{\"@type\":\"ListItem\",\"@id\":\"https:\\\/\\\/www.immo-invest.ch\\\/it\\\/categoria\\\/persone-2\\\/persone\\\/#listItem\",\"name\":\"Persone\"}}]},{\"@type\":\"Organization\",\"@id\":\"https:\\\/\\\/www.immo-invest.ch\\\/it\\\/#organization\",\"name\":\"immo!nvest - Die Plattform f\\u00fcr Standorte und Immobilien\",\"description\":\"Die\\u00a0Plattform f\\u00fcr Standorte und Immobilien\",\"url\":\"https:\\\/\\\/www.immo-invest.ch\\\/it\\\/\",\"email\":\"admin@immomedia.ag\",\"telephone\":\"+41444420002\",\"logo\":{\"@type\":\"ImageObject\",\"url\":\"https:\\\/\\\/www.immo-invest.ch\\\/wp-content\\\/uploads\\\/2024\\\/09\\\/immoinvest_sm-scaled.jpg\",\"@id\":\"https:\\\/\\\/www.immo-invest.ch\\\/it\\\/neuausrichtung-der-standortfoerderung-in-schlieren\\\/#organizationLogo\",\"width\":2560,\"height\":1340},\"image\":{\"@id\":\"https:\\\/\\\/www.immo-invest.ch\\\/it\\\/neuausrichtung-der-standortfoerderung-in-schlieren\\\/#organizationLogo\"},\"sameAs\":[\"https:\\\/\\\/www.facebook.com\\\/people\\\/Immoinvest\\\/100077962920504\\\/\",\"https:\\\/\\\/x.com\\\/i\\\/flow\\\/login?redirect_after_login=immoinvest_ch\",\"https:\\\/\\\/www.instagram.com\\\/immoinvest_ch\\\/\",\"https:\\\/\\\/www.linkedin.com\\\/company\\\/immoinvest-swiss\"]},{\"@type\":\"Person\",\"@id\":\"https:\\\/\\\/www.immo-invest.ch\\\/it\\\/author\\\/immovestuser\\\/#author\",\"url\":\"https:\\\/\\\/www.immo-invest.ch\\\/it\\\/author\\\/immovestuser\\\/\",\"name\":\"immovestuser\",\"image\":{\"@type\":\"ImageObject\",\"@id\":\"https:\\\/\\\/www.immo-invest.ch\\\/it\\\/neuausrichtung-der-standortfoerderung-in-schlieren\\\/#authorImage\",\"url\":\"https:\\\/\\\/secure.gravatar.com\\\/avatar\\\/8e01f4d99f2eeea7a362ebb93305e1172a70e9293ba250f897a65c39f54cdd1e?s=96&d=mm&r=g\",\"width\":96,\"height\":96,\"caption\":\"immovestuser\"}},{\"@type\":\"WebPage\",\"@id\":\"https:\\\/\\\/www.immo-invest.ch\\\/it\\\/neuausrichtung-der-standortfoerderung-in-schlieren\\\/#webpage\",\"url\":\"https:\\\/\\\/www.immo-invest.ch\\\/it\\\/neuausrichtung-der-standortfoerderung-in-schlieren\\\/\",\"name\":\"Riorganizzazione della promozione delle localit\\u00e0 a Schlieren - immo!nvest - Die Plattform f\\u00fcr Standorte und Immobilien\",\"description\":\"Christina Doll diventa promotrice della sede di Schlieren. Subentrer\\u00e0 ad Albert Schweizer, che andr\\u00e0 in pensione nel maggio 2026, il 1\\u00b0 dicembre. La posizione \\u00e8 stata aumentata dal 30% all'80%, al fine di continuare a promuovere con successo la sede commerciale in futuro.\",\"inLanguage\":\"it-IT\",\"isPartOf\":{\"@id\":\"https:\\\/\\\/www.immo-invest.ch\\\/it\\\/#website\"},\"breadcrumb\":{\"@id\":\"https:\\\/\\\/www.immo-invest.ch\\\/it\\\/neuausrichtung-der-standortfoerderung-in-schlieren\\\/#breadcrumblist\"},\"author\":{\"@id\":\"https:\\\/\\\/www.immo-invest.ch\\\/it\\\/author\\\/immovestuser\\\/#author\"},\"creator\":{\"@id\":\"https:\\\/\\\/www.immo-invest.ch\\\/it\\\/author\\\/immovestuser\\\/#author\"},\"image\":{\"@type\":\"ImageObject\",\"url\":\"https:\\\/\\\/www.immo-invest.ch\\\/wp-content\\\/uploads\\\/2025\\\/11\\\/banoviag_realistic_office_environment_showing_a_modern_Swiss__0f0e2965-3929-498c-97a5-f17a8894aec5_2.png\",\"@id\":\"https:\\\/\\\/www.immo-invest.ch\\\/it\\\/neuausrichtung-der-standortfoerderung-in-schlieren\\\/#mainImage\",\"width\":1536,\"height\":768},\"primaryImageOfPage\":{\"@id\":\"https:\\\/\\\/www.immo-invest.ch\\\/it\\\/neuausrichtung-der-standortfoerderung-in-schlieren\\\/#mainImage\"},\"datePublished\":\"2025-11-21T16:20:00+01:00\",\"dateModified\":\"2025-11-19T10:33:42+01:00\"},{\"@type\":\"WebSite\",\"@id\":\"https:\\\/\\\/www.immo-invest.ch\\\/it\\\/#website\",\"url\":\"https:\\\/\\\/www.immo-invest.ch\\\/it\\\/\",\"name\":\"immo!nvest - Die Plattform f\\u00fcr Standorte und Immobilien\",\"description\":\"Die\\u00a0Plattform f\\u00fcr Standorte und Immobilien\",\"inLanguage\":\"it-IT\",\"publisher\":{\"@id\":\"https:\\\/\\\/www.immo-invest.ch\\\/it\\\/#organization\"}}]}\n\t\t<\/script>\n\t\t<!-- All in One SEO -->\n\n","aioseo_head_json":{"title":"Riorganizzazione della promozione delle localit\u00e0 a Schlieren - immo!nvest - Die Plattform f\u00fcr Standorte und Immobilien","description":"Christina Doll diventa promotrice della sede di Schlieren. Subentrer\u00e0 ad Albert Schweizer, che andr\u00e0 in pensione nel maggio 2026, il 1\u00b0 dicembre. La posizione \u00e8 stata aumentata dal 30% all'80%, al fine di continuare a promuovere con successo la sede commerciale in futuro.","canonical_url":"https:\/\/www.immo-invest.ch\/it\/neuausrichtung-der-standortfoerderung-in-schlieren\/","robots":"max-image-preview:large","keywords":"","webmasterTools":{"google-site-verification":"fHJKvgWpZCR2zVBHWfkQeFXC11qieUSff0HGNYfuyLA","miscellaneous":""},"schema":{"@context":"https:\/\/schema.org","@graph":[{"@type":"BlogPosting","@id":"https:\/\/www.immo-invest.ch\/it\/neuausrichtung-der-standortfoerderung-in-schlieren\/#blogposting","name":"Riorganizzazione della promozione delle localit\u00e0 a Schlieren - immo!nvest - Die Plattform f\u00fcr Standorte und Immobilien","headline":"Riorganizzazione della promozione delle localit\u00e0 a Schlieren","author":{"@id":"https:\/\/www.immo-invest.ch\/it\/author\/immovestuser\/#author"},"publisher":{"@id":"https:\/\/www.immo-invest.ch\/it\/#organization"},"image":{"@type":"ImageObject","url":"https:\/\/www.immo-invest.ch\/wp-content\/uploads\/2025\/11\/banoviag_realistic_office_environment_showing_a_modern_Swiss__0f0e2965-3929-498c-97a5-f17a8894aec5_2.png","width":1536,"height":768},"datePublished":"2025-11-21T16:20:00+01:00","dateModified":"2025-11-19T10:33:42+01:00","inLanguage":"it-IT","mainEntityOfPage":{"@id":"https:\/\/www.immo-invest.ch\/it\/neuausrichtung-der-standortfoerderung-in-schlieren\/#webpage"},"isPartOf":{"@id":"https:\/\/www.immo-invest.ch\/it\/neuausrichtung-der-standortfoerderung-in-schlieren\/#webpage"},"articleSection":"immoNews, Persone, Regioni, Societ\u00e0, Standorte, Immoinvest, immoNews, News, Regionalentwicklung, Standortfoerderung, Wirtschaftsregion, Optional"},{"@type":"BreadcrumbList","@id":"https:\/\/www.immo-invest.ch\/it\/neuausrichtung-der-standortfoerderung-in-schlieren\/#breadcrumblist","itemListElement":[{"@type":"ListItem","@id":"https:\/\/www.immo-invest.ch\/it\/#listItem","position":1,"name":"Home","item":"https:\/\/www.immo-invest.ch\/it\/","nextItem":{"@type":"ListItem","@id":"https:\/\/www.immo-invest.ch\/it\/categoria\/persone-2\/#listItem","name":"Persone"}},{"@type":"ListItem","@id":"https:\/\/www.immo-invest.ch\/it\/categoria\/persone-2\/#listItem","position":2,"name":"Persone","item":"https:\/\/www.immo-invest.ch\/it\/categoria\/persone-2\/","nextItem":{"@type":"ListItem","@id":"https:\/\/www.immo-invest.ch\/it\/categoria\/persone-2\/persone\/#listItem","name":"Persone"},"previousItem":{"@type":"ListItem","@id":"https:\/\/www.immo-invest.ch\/it\/#listItem","name":"Home"}},{"@type":"ListItem","@id":"https:\/\/www.immo-invest.ch\/it\/categoria\/persone-2\/persone\/#listItem","position":3,"name":"Persone","item":"https:\/\/www.immo-invest.ch\/it\/categoria\/persone-2\/persone\/","nextItem":{"@type":"ListItem","@id":"https:\/\/www.immo-invest.ch\/it\/neuausrichtung-der-standortfoerderung-in-schlieren\/#listItem","name":"Riorganizzazione della promozione delle localit\u00e0 a Schlieren"},"previousItem":{"@type":"ListItem","@id":"https:\/\/www.immo-invest.ch\/it\/categoria\/persone-2\/#listItem","name":"Persone"}},{"@type":"ListItem","@id":"https:\/\/www.immo-invest.ch\/it\/neuausrichtung-der-standortfoerderung-in-schlieren\/#listItem","position":4,"name":"Riorganizzazione della promozione delle localit\u00e0 a Schlieren","previousItem":{"@type":"ListItem","@id":"https:\/\/www.immo-invest.ch\/it\/categoria\/persone-2\/persone\/#listItem","name":"Persone"}}]},{"@type":"Organization","@id":"https:\/\/www.immo-invest.ch\/it\/#organization","name":"immo!nvest - Die Plattform f\u00fcr Standorte und Immobilien","description":"Die\u00a0Plattform f\u00fcr Standorte und Immobilien","url":"https:\/\/www.immo-invest.ch\/it\/","email":"admin@immomedia.ag","telephone":"+41444420002","logo":{"@type":"ImageObject","url":"https:\/\/www.immo-invest.ch\/wp-content\/uploads\/2024\/09\/immoinvest_sm-scaled.jpg","@id":"https:\/\/www.immo-invest.ch\/it\/neuausrichtung-der-standortfoerderung-in-schlieren\/#organizationLogo","width":2560,"height":1340},"image":{"@id":"https:\/\/www.immo-invest.ch\/it\/neuausrichtung-der-standortfoerderung-in-schlieren\/#organizationLogo"},"sameAs":["https:\/\/www.facebook.com\/people\/Immoinvest\/100077962920504\/","https:\/\/x.com\/i\/flow\/login?redirect_after_login=immoinvest_ch","https:\/\/www.instagram.com\/immoinvest_ch\/","https:\/\/www.linkedin.com\/company\/immoinvest-swiss"]},{"@type":"Person","@id":"https:\/\/www.immo-invest.ch\/it\/author\/immovestuser\/#author","url":"https:\/\/www.immo-invest.ch\/it\/author\/immovestuser\/","name":"immovestuser","image":{"@type":"ImageObject","@id":"https:\/\/www.immo-invest.ch\/it\/neuausrichtung-der-standortfoerderung-in-schlieren\/#authorImage","url":"https:\/\/secure.gravatar.com\/avatar\/8e01f4d99f2eeea7a362ebb93305e1172a70e9293ba250f897a65c39f54cdd1e?s=96&d=mm&r=g","width":96,"height":96,"caption":"immovestuser"}},{"@type":"WebPage","@id":"https:\/\/www.immo-invest.ch\/it\/neuausrichtung-der-standortfoerderung-in-schlieren\/#webpage","url":"https:\/\/www.immo-invest.ch\/it\/neuausrichtung-der-standortfoerderung-in-schlieren\/","name":"Riorganizzazione della promozione delle localit\u00e0 a Schlieren - immo!nvest - Die Plattform f\u00fcr Standorte und Immobilien","description":"Christina Doll diventa promotrice della sede di Schlieren. Subentrer\u00e0 ad Albert Schweizer, che andr\u00e0 in pensione nel maggio 2026, il 1\u00b0 dicembre. La posizione \u00e8 stata aumentata dal 30% all'80%, al fine di continuare a promuovere con successo la sede commerciale in futuro.","inLanguage":"it-IT","isPartOf":{"@id":"https:\/\/www.immo-invest.ch\/it\/#website"},"breadcrumb":{"@id":"https:\/\/www.immo-invest.ch\/it\/neuausrichtung-der-standortfoerderung-in-schlieren\/#breadcrumblist"},"author":{"@id":"https:\/\/www.immo-invest.ch\/it\/author\/immovestuser\/#author"},"creator":{"@id":"https:\/\/www.immo-invest.ch\/it\/author\/immovestuser\/#author"},"image":{"@type":"ImageObject","url":"https:\/\/www.immo-invest.ch\/wp-content\/uploads\/2025\/11\/banoviag_realistic_office_environment_showing_a_modern_Swiss__0f0e2965-3929-498c-97a5-f17a8894aec5_2.png","@id":"https:\/\/www.immo-invest.ch\/it\/neuausrichtung-der-standortfoerderung-in-schlieren\/#mainImage","width":1536,"height":768},"primaryImageOfPage":{"@id":"https:\/\/www.immo-invest.ch\/it\/neuausrichtung-der-standortfoerderung-in-schlieren\/#mainImage"},"datePublished":"2025-11-21T16:20:00+01:00","dateModified":"2025-11-19T10:33:42+01:00"},{"@type":"WebSite","@id":"https:\/\/www.immo-invest.ch\/it\/#website","url":"https:\/\/www.immo-invest.ch\/it\/","name":"immo!nvest - Die Plattform f\u00fcr Standorte und Immobilien","description":"Die\u00a0Plattform f\u00fcr Standorte und Immobilien","inLanguage":"it-IT","publisher":{"@id":"https:\/\/www.immo-invest.ch\/it\/#organization"}}]},"og:locale":"it_IT","og:site_name":"immo!nvest - Die Plattform f\u00fcr Standorte und Immobilien - Die\u00a0Plattform f\u00fcr Standorte und Immobilien","og:type":"article","og:title":"Riorganizzazione della promozione delle localit\u00e0 a Schlieren - immo!nvest - Die Plattform f\u00fcr Standorte und Immobilien","og:description":"Christina Doll diventa promotrice della sede di Schlieren. Subentrer\u00e0 ad Albert Schweizer, che andr\u00e0 in pensione nel maggio 2026, il 1\u00b0 dicembre. La posizione \u00e8 stata aumentata dal 30% all'80%, al fine di continuare a promuovere con successo la sede commerciale in futuro.","og:url":"https:\/\/www.immo-invest.ch\/it\/neuausrichtung-der-standortfoerderung-in-schlieren\/","og:image":"https:\/\/www.immo-invest.ch\/wp-content\/uploads\/2025\/11\/banoviag_realistic_office_environment_showing_a_modern_Swiss__0f0e2965-3929-498c-97a5-f17a8894aec5_2.png","og:image:secure_url":"https:\/\/www.immo-invest.ch\/wp-content\/uploads\/2025\/11\/banoviag_realistic_office_environment_showing_a_modern_Swiss__0f0e2965-3929-498c-97a5-f17a8894aec5_2.png","og:image:width":1536,"og:image:height":768,"article:published_time":"2025-11-21T15:20:00+00:00","article:modified_time":"2025-11-19T09:33:42+00:00","article:publisher":"https:\/\/www.facebook.com\/people\/Immoinvest\/100077962920504\/","twitter:card":"summary_large_image","twitter:site":"@i","twitter:title":"Riorganizzazione della promozione delle localit\u00e0 a Schlieren - immo!nvest - Die Plattform f\u00fcr Standorte und Immobilien","twitter:description":"Christina Doll diventa promotrice della sede di Schlieren. Subentrer\u00e0 ad Albert Schweizer, che andr\u00e0 in pensione nel maggio 2026, il 1\u00b0 dicembre. La posizione \u00e8 stata aumentata dal 30% all'80%, al fine di continuare a promuovere con successo la sede commerciale in futuro.","twitter:creator":"@i","twitter:image":"https:\/\/www.immo-invest.ch\/wp-content\/uploads\/2025\/11\/banoviag_realistic_office_environment_showing_a_modern_Swiss__0f0e2965-3929-498c-97a5-f17a8894aec5_2.png"},"aioseo_meta_data":{"post_id":"144188","title":null,"description":null,"keywords":null,"keyphrases":{"focus":{"keyphrase":"","score":0,"analysis":{"keyphraseInTitle":{"score":0,"maxScore":9,"error":1}}},"additional":[]},"primary_term":null,"canonical_url":null,"og_title":null,"og_description":null,"og_object_type":"default","og_image_type":"default","og_image_url":null,"og_image_width":null,"og_image_height":null,"og_image_custom_url":null,"og_image_custom_fields":null,"og_video":"","og_custom_url":null,"og_article_section":null,"og_article_tags":null,"twitter_use_og":false,"twitter_card":"default","twitter_image_type":"default","twitter_image_url":null,"twitter_image_custom_url":null,"twitter_image_custom_fields":null,"twitter_title":null,"twitter_description":null,"schema":{"blockGraphs":[],"customGraphs":[],"default":{"data":{"Article":[],"Course":[],"Dataset":[],"FAQPage":[],"Movie":[],"Person":[],"Product":[],"ProductReview":[],"Car":[],"Recipe":[],"Service":[],"SoftwareApplication":[],"WebPage":[]},"graphName":"BlogPosting","isEnabled":true},"graphs":[]},"schema_type":"default","schema_type_options":null,"pillar_content":false,"robots_default":true,"robots_noindex":false,"robots_noarchive":false,"robots_nosnippet":false,"robots_nofollow":false,"robots_noimageindex":false,"robots_noodp":false,"robots_notranslate":false,"robots_max_snippet":"-1","robots_max_videopreview":"-1","robots_max_imagepreview":"large","priority":null,"frequency":"default","local_seo":null,"breadcrumb_settings":null,"limit_modified_date":false,"ai":{"faqs":[],"keyPoints":[],"titles":[],"descriptions":[],"socialPosts":{"email":[],"linkedin":[],"twitter":[],"facebook":[],"instagram":[]}},"created":"2025-11-19 09:33:44","updated":"2025-11-21 15:21:44","seo_analyzer_scan_date":null,"focus_keyword":null,"additional_keywords":null,"truseo_locale":null},"aioseo_breadcrumb":"<div class=\"aioseo-breadcrumbs\"><span class=\"aioseo-breadcrumb\">\n\t\t\t<a href=\"https:\/\/www.immo-invest.ch\/it\/\" title=\"Home\">Home<\/a>\n\t\t<\/span><span class=\"aioseo-breadcrumb-separator\">&raquo;<\/span><span class=\"aioseo-breadcrumb\">\n\t\t\t<a href=\"https:\/\/www.immo-invest.ch\/it\/categoria\/persone-2\/\" title=\"Persone\">Persone<\/a>\n\t\t<\/span><span class=\"aioseo-breadcrumb-separator\">&raquo;<\/span><span class=\"aioseo-breadcrumb\">\n\t\t\t<a href=\"https:\/\/www.immo-invest.ch\/it\/categoria\/persone-2\/persone\/\" title=\"Persone\">Persone<\/a>\n\t\t<\/span><span class=\"aioseo-breadcrumb-separator\">&raquo;<\/span><span class=\"aioseo-breadcrumb\">\n\t\t\tRiorganizzazione della promozione delle localit\u00e0 a Schlieren\n\t\t<\/span><\/div>","aioseo_breadcrumb_json":[{"label":"Home","link":"https:\/\/www.immo-invest.ch\/it\/"},{"label":"Persone","link":"https:\/\/www.immo-invest.ch\/it\/categoria\/persone-2\/"},{"label":"Persone","link":"https:\/\/www.immo-invest.ch\/it\/categoria\/persone-2\/persone\/"},{"label":"Riorganizzazione della promozione delle localit\u00e0 a Schlieren","link":"https:\/\/www.immo-invest.ch\/it\/neuausrichtung-der-standortfoerderung-in-schlieren\/"}],"featured_image_src":"https:\/\/www.immo-invest.ch\/wp-content\/uploads\/2025\/11\/banoviag_realistic_office_environment_showing_a_modern_Swiss__0f0e2965-3929-498c-97a5-f17a8894aec5_2-336x168.png","_links":{"self":[{"href":"https:\/\/www.immo-invest.ch\/it\/wp-json\/wp\/v2\/posts\/144188","targetHints":{"allow":["GET"]}}],"collection":[{"href":"https:\/\/www.immo-invest.ch\/it\/wp-json\/wp\/v2\/posts"}],"about":[{"href":"https:\/\/www.immo-invest.ch\/it\/wp-json\/wp\/v2\/types\/post"}],"author":[{"embeddable":true,"href":"https:\/\/www.immo-invest.ch\/it\/wp-json\/wp\/v2\/users\/2"}],"replies":[{"embeddable":true,"href":"https:\/\/www.immo-invest.ch\/it\/wp-json\/wp\/v2\/comments?post=144188"}],"version-history":[{"count":0,"href":"https:\/\/www.immo-invest.ch\/it\/wp-json\/wp\/v2\/posts\/144188\/revisions"}],"wp:featuredmedia":[{"embeddable":true,"href":"https:\/\/www.immo-invest.ch\/it\/wp-json\/wp\/v2\/media\/144189"}],"wp:attachment":[{"href":"https:\/\/www.immo-invest.ch\/it\/wp-json\/wp\/v2\/media?parent=144188"}],"wp:term":[{"taxonomy":"category","embeddable":true,"href":"https:\/\/www.immo-invest.ch\/it\/wp-json\/wp\/v2\/categories?post=144188"},{"taxonomy":"post_tag","embeddable":true,"href":"https:\/\/www.immo-invest.ch\/it\/wp-json\/wp\/v2\/tags?post=144188"}],"curies":[{"name":"wp","href":"https:\/\/api.w.org\/{rel}","templated":true}]}}