{"id":139884,"date":"2025-09-19T12:20:00","date_gmt":"2025-09-19T10:20:00","guid":{"rendered":"https:\/\/www.immo-invest.ch\/?p=139884"},"modified":"2025-10-21T17:13:24","modified_gmt":"2025-10-21T15:13:24","slug":"170-meter-turm-setzt-akzente-im-quartier-de-letoile","status":"publish","type":"post","link":"https:\/\/www.immo-invest.ch\/it\/170-meter-turm-setzt-akzente-im-quartier-de-letoile\/","title":{"rendered":"una torre di 170 metri d\u00e0 il tono al Quartier de l&#8217;\u00c9toile"},"content":{"rendered":"<p class=\"bodytext\"><a href=\"https:\/\/www.halter.ch\/\" target=\"_blank\" rel=\"noopener\">Halter AG<\/a>, con sede a Schlieren, e Fordinvest (Schweiz) Immobilien GmbH, con sede a Pf&auml;ffikon SZ, stanno realizzando la Tour de l&rsquo;&Eacute;toile 3 a Ginevra. Secondo un <a href=\"https:\/\/www.halter.ch\/de\/medien\/startschuss-fuer-hochhausensemble-in-genf-halter-und-fordinvest-entwickeln-neben-rolex-eines-der-beiden-projekte-mit-einer-hoehe-von-rund-170-metern\" target=\"_blank\" rel=\"noopener\">comunicato stampa<\/a>, il grattacielo sar&agrave; situato nel nuovo <a href=\"https:\/\/www.ge.ch\/dossier\/praille-acacias-vernets-pav\/neuf-quartiers-du-projet-pav\/etoile\" target=\"_blank\" rel=\"noopener\"><span class=\"glossaryLink\" aria-describedby=\"tt\" data-cmtooltip=\"&lt;div class=glossaryItemTitle&gt;Quartier&lt;\/div&gt;&lt;div class=glossaryItemBody&gt;Amtliches, historisches, soziales oder stadtplanerisches Stadtviertel&lt;\/div&gt;\" data-mobile-support=\"0\" data-gt-translate-attributes='[{\"attribute\":\"data-cmtooltip\", \"format\":\"html\"}]' tabindex=\"0\" role=\"link\">Quartier<\/span> de l&rsquo;&Eacute;toile<\/a> di Ginevra e offrir&agrave; pi&ugrave; di 300 appartamenti, spazi per strutture pubbliche, ristoranti, negozi e servizi, nonch&eacute; un ultimo piano aperto al pubblico. Con un&rsquo;altezza di 170 metri e una superficie di oltre 50.000 metri quadrati, &egrave; destinato a diventare un punto di riferimento architettonico a Ginevra.<\/p>\n<p class=\"bodytext\">Il contesto del progetto &egrave; il progetto di pianificazione territoriale Praille-Acacias-Vernets<a href=\"https:\/\/www.ge.ch\/dossier\/praille-acacias-vernets-pav\" target=\"_blank\" rel=\"noopener\">(PAV<\/a>) di Ginevra. Nell&rsquo;ambito di questo progetto, nei prossimi anni verranno costruiti nove nuovi quartieri urbani con oltre 12.000 appartamenti, 6.000 posti di lavoro, strutture pubbliche e spazi aperti e verdi su un&rsquo;area di oltre 140 ettari. La firma dell&rsquo;accordo di pianificazione con la <a href=\"https:\/\/fondationpav.ch\/presentation\/\" target=\"_blank\" rel=\"noopener\">Fondation Praille-Acacias-Vernets<\/a> e il <a href=\"https:\/\/www.ge.ch\/\" target=\"_blank\" rel=\"noopener\">Cantone di Ginevra<\/a> ha aperto la strada allo sviluppo di due grattacieli.<\/p>\n<p class=\"bodytext\">Insieme al grattacielo progettato da <a href=\"https:\/\/www.rolex.com\/de\" target=\"_blank\" rel=\"noopener\">Rolex<\/a>, Tour de l&rsquo;&Eacute;toile 3 costituir&agrave; un elemento centrale del progetto di sviluppo PAV e contribuir&agrave; alla diversit&agrave; sociale e funzionale del quartiere l&rsquo;&Eacute;toile. Fordinvest ha acquisito l&rsquo;attuale Tour de l&rsquo;&Eacute;toile nel 2000 e ha avviato lo sviluppo del nuovo grattacielo. Halter si assume la responsabilit&agrave; della realizzazione di Tour de l&rsquo;&Eacute;toile 3 in qualit&agrave; di fornitore globale. L&rsquo;azienda &egrave; anche gi&agrave; presente nel progetto PAV con un progetto di grattacielo completato e prevede di costruirne un altro nel 2026.<\/p>\n","protected":false},"excerpt":{"rendered":"<p>Halter e Fordinvest stanno sviluppando il grattacielo Tour de l&#8217;\u00c9toile 3 come parte del progetto di pianificazione territoriale Praille-Acacias-Vernets a Ginevra. L&#8217;edificio, alto 170 metri, offrir\u00e0 spazio a 300 appartamenti, ristoranti e negozi, tra le altre cose.<\/p>\n","protected":false},"author":2,"featured_media":142095,"comment_status":"open","ping_status":"open","sticky":false,"template":"","format":"standard","meta":{"pmpro_default_level":"","inline_featured_image":false,"_monsterinsights_skip_tracking":false,"footnotes":""},"categories":[745,9650,741,39693],"tags":[2687,2233,867,3935,2006,39705],"class_list":["post-139884","post","type-post","status-publish","format-standard","has-post-thumbnail","hentry","category-immonews-it","category-nuove-costruzioni","category-progetti","category-standorte-it","tag-genf-it","tag-hochhaus-it","tag-immoinvest-it","tag-immonews-it","tag-news-it","tag-stadtentwicklung-it","pmpro-has-access"],"acf":{"bild_mit_ki_erstellt_worden":[],"lead":"Halter e Fordinvest stanno sviluppando il grattacielo Tour de l'\u00c9toile 3 come parte del progetto di pianificazione territoriale Praille-Acacias-Vernets a Ginevra. L'edificio, alto 170 metri, offrir\u00e0 spazio a 300 appartamenti, ristoranti e negozi, tra le altre cose.\r\n","autor":"ce\/nta","ort":"Schlieren ZH\/Pf\u00e4ffikon SZ\/Genf","bildunterschrift":"Foto: Halter AG","bild_im_grid":false,"gallerie":"","newsim":""},"aioseo_notices":[],"aioseo_head":"\n\t\t<!-- All in One SEO 5.0.1.1 - aioseo.com -->\n\t<meta name=\"description\" content=\"Halter e Fordinvest stanno sviluppando il grattacielo Tour de l&#039;\u00c9toile 3 come parte del progetto di pianificazione territoriale Praille-Acacias-Vernets a Ginevra. L&#039;edificio, alto 170 metri, offrir\u00e0 spazio a 300 appartamenti, ristoranti e negozi, tra le altre cose.\" \/>\n\t<meta name=\"robots\" content=\"max-image-preview:large\" \/>\n\t<meta name=\"author\" content=\"immovestuser\"\/>\n\t<meta name=\"google-site-verification\" content=\"fHJKvgWpZCR2zVBHWfkQeFXC11qieUSff0HGNYfuyLA\" \/>\n\t<link rel=\"canonical\" href=\"https:\/\/www.immo-invest.ch\/it\/170-meter-turm-setzt-akzente-im-quartier-de-letoile\/\" \/>\n\t<meta name=\"generator\" content=\"All in One SEO (AIOSEO) 5.0.1.1\" \/>\n\t\t<meta property=\"og:locale\" content=\"it_IT\" \/>\n\t\t<meta property=\"og:site_name\" content=\"immo!nvest - Die Plattform f\u00fcr Standorte und Immobilien - Die\u00a0Plattform f\u00fcr Standorte und Immobilien\" \/>\n\t\t<meta property=\"og:type\" content=\"article\" \/>\n\t\t<meta property=\"og:title\" content=\"una torre di 170 metri d\u00e0 il tono al Quartier de l\u2019\u00c9toile - immo!nvest - Die Plattform f\u00fcr Standorte und Immobilien\" \/>\n\t\t<meta property=\"og:description\" content=\"Halter e Fordinvest stanno sviluppando il grattacielo Tour de l&#039;\u00c9toile 3 come parte del progetto di pianificazione territoriale Praille-Acacias-Vernets a Ginevra. L&#039;edificio, alto 170 metri, offrir\u00e0 spazio a 300 appartamenti, ristoranti e negozi, tra le altre cose.\" \/>\n\t\t<meta property=\"og:url\" content=\"https:\/\/www.immo-invest.ch\/it\/170-meter-turm-setzt-akzente-im-quartier-de-letoile\/\" \/>\n\t\t<meta property=\"og:image\" content=\"https:\/\/www.immo-invest.ch\/wp-content\/uploads\/2025\/09\/PAV_Image-nocturne-\u00a9Pierre-Alain-Dupraz-architectes-Goncalo-Byrne-arquitectos-photographie-Yves-Andre-scaled.jpg\" \/>\n\t\t<meta property=\"og:image:secure_url\" content=\"https:\/\/www.immo-invest.ch\/wp-content\/uploads\/2025\/09\/PAV_Image-nocturne-\u00a9Pierre-Alain-Dupraz-architectes-Goncalo-Byrne-arquitectos-photographie-Yves-Andre-scaled.jpg\" \/>\n\t\t<meta property=\"article:published_time\" content=\"2025-09-19T10:20:00+00:00\" \/>\n\t\t<meta property=\"article:modified_time\" content=\"2025-10-21T15:13:24+00:00\" \/>\n\t\t<meta property=\"article:publisher\" content=\"https:\/\/www.facebook.com\/people\/Immoinvest\/100077962920504\/\" \/>\n\t\t<meta name=\"twitter:card\" content=\"summary_large_image\" \/>\n\t\t<meta name=\"twitter:site\" content=\"@i\" \/>\n\t\t<meta name=\"twitter:title\" content=\"una torre di 170 metri d\u00e0 il tono al Quartier de l\u2019\u00c9toile - immo!nvest - Die Plattform f\u00fcr Standorte und Immobilien\" \/>\n\t\t<meta name=\"twitter:description\" content=\"Halter e Fordinvest stanno sviluppando il grattacielo Tour de l&#039;\u00c9toile 3 come parte del progetto di pianificazione territoriale Praille-Acacias-Vernets a Ginevra. L&#039;edificio, alto 170 metri, offrir\u00e0 spazio a 300 appartamenti, ristoranti e negozi, tra le altre cose.\" \/>\n\t\t<meta name=\"twitter:creator\" content=\"@i\" \/>\n\t\t<meta name=\"twitter:image\" content=\"https:\/\/www.immo-invest.ch\/wp-content\/uploads\/2025\/09\/PAV_Image-nocturne-\u00a9Pierre-Alain-Dupraz-architectes-Goncalo-Byrne-arquitectos-photographie-Yves-Andre-scaled.jpg\" \/>\n\t\t<script type=\"application\/ld+json\" class=\"aioseo-schema\">\n\t\t\t{\"@context\":\"https:\\\/\\\/schema.org\",\"@graph\":[{\"@type\":\"BlogPosting\",\"@id\":\"https:\\\/\\\/www.immo-invest.ch\\\/it\\\/170-meter-turm-setzt-akzente-im-quartier-de-letoile\\\/#blogposting\",\"name\":\"una torre di 170 metri d\\u00e0 il tono al Quartier de l\\u2019\\u00c9toile - immo!nvest - Die Plattform f\\u00fcr Standorte und Immobilien\",\"headline\":\"una torre di 170 metri d\\u00e0 il tono al Quartier de l&#8217;\\u00c9toile\",\"author\":{\"@id\":\"https:\\\/\\\/www.immo-invest.ch\\\/it\\\/author\\\/immovestuser\\\/#author\"},\"publisher\":{\"@id\":\"https:\\\/\\\/www.immo-invest.ch\\\/it\\\/#organization\"},\"image\":{\"@type\":\"ImageObject\",\"url\":\"https:\\\/\\\/www.immo-invest.ch\\\/wp-content\\\/uploads\\\/2025\\\/09\\\/PAV_Image-nocturne-\\u00a9Pierre-Alain-Dupraz-architectes-Goncalo-Byrne-arquitectos-photographie-Yves-Andre-scaled.jpg\",\"caption\":\"Documentation du site du PAV, film 3, 11 novembre 2009\"},\"datePublished\":\"2025-09-19T12:20:00+02:00\",\"dateModified\":\"2025-10-21T17:13:24+02:00\",\"inLanguage\":\"it-IT\",\"mainEntityOfPage\":{\"@id\":\"https:\\\/\\\/www.immo-invest.ch\\\/it\\\/170-meter-turm-setzt-akzente-im-quartier-de-letoile\\\/#webpage\"},\"isPartOf\":{\"@id\":\"https:\\\/\\\/www.immo-invest.ch\\\/it\\\/170-meter-turm-setzt-akzente-im-quartier-de-letoile\\\/#webpage\"},\"articleSection\":\"immoNews, Nuove costruzioni, Progetti, Standorte, Genf, hochhaus, Immoinvest, immoNews, News, Stadtentwicklung, Optional\"},{\"@type\":\"BreadcrumbList\",\"@id\":\"https:\\\/\\\/www.immo-invest.ch\\\/it\\\/170-meter-turm-setzt-akzente-im-quartier-de-letoile\\\/#breadcrumblist\",\"itemListElement\":[{\"@type\":\"ListItem\",\"@id\":\"https:\\\/\\\/www.immo-invest.ch\\\/it\\\/#listItem\",\"position\":1,\"name\":\"Home\",\"item\":\"https:\\\/\\\/www.immo-invest.ch\\\/it\\\/\",\"nextItem\":{\"@type\":\"ListItem\",\"@id\":\"https:\\\/\\\/www.immo-invest.ch\\\/it\\\/categoria\\\/progetti\\\/#listItem\",\"name\":\"Progetti\"}},{\"@type\":\"ListItem\",\"@id\":\"https:\\\/\\\/www.immo-invest.ch\\\/it\\\/categoria\\\/progetti\\\/#listItem\",\"position\":2,\"name\":\"Progetti\",\"item\":\"https:\\\/\\\/www.immo-invest.ch\\\/it\\\/categoria\\\/progetti\\\/\",\"nextItem\":{\"@type\":\"ListItem\",\"@id\":\"https:\\\/\\\/www.immo-invest.ch\\\/it\\\/categoria\\\/progetti\\\/nuove-costruzioni\\\/#listItem\",\"name\":\"Nuove costruzioni\"},\"previousItem\":{\"@type\":\"ListItem\",\"@id\":\"https:\\\/\\\/www.immo-invest.ch\\\/it\\\/#listItem\",\"name\":\"Home\"}},{\"@type\":\"ListItem\",\"@id\":\"https:\\\/\\\/www.immo-invest.ch\\\/it\\\/categoria\\\/progetti\\\/nuove-costruzioni\\\/#listItem\",\"position\":3,\"name\":\"Nuove costruzioni\",\"item\":\"https:\\\/\\\/www.immo-invest.ch\\\/it\\\/categoria\\\/progetti\\\/nuove-costruzioni\\\/\",\"nextItem\":{\"@type\":\"ListItem\",\"@id\":\"https:\\\/\\\/www.immo-invest.ch\\\/it\\\/170-meter-turm-setzt-akzente-im-quartier-de-letoile\\\/#listItem\",\"name\":\"una torre di 170 metri d\\u00e0 il tono al Quartier de l&#8217;\\u00c9toile\"},\"previousItem\":{\"@type\":\"ListItem\",\"@id\":\"https:\\\/\\\/www.immo-invest.ch\\\/it\\\/categoria\\\/progetti\\\/#listItem\",\"name\":\"Progetti\"}},{\"@type\":\"ListItem\",\"@id\":\"https:\\\/\\\/www.immo-invest.ch\\\/it\\\/170-meter-turm-setzt-akzente-im-quartier-de-letoile\\\/#listItem\",\"position\":4,\"name\":\"una torre di 170 metri d\\u00e0 il tono al Quartier de l&#8217;\\u00c9toile\",\"previousItem\":{\"@type\":\"ListItem\",\"@id\":\"https:\\\/\\\/www.immo-invest.ch\\\/it\\\/categoria\\\/progetti\\\/nuove-costruzioni\\\/#listItem\",\"name\":\"Nuove costruzioni\"}}]},{\"@type\":\"Organization\",\"@id\":\"https:\\\/\\\/www.immo-invest.ch\\\/it\\\/#organization\",\"name\":\"immo!nvest - Die Plattform f\\u00fcr Standorte und Immobilien\",\"description\":\"Die\\u00a0Plattform f\\u00fcr Standorte und Immobilien\",\"url\":\"https:\\\/\\\/www.immo-invest.ch\\\/it\\\/\",\"email\":\"admin@immomedia.ag\",\"telephone\":\"+41444420002\",\"logo\":{\"@type\":\"ImageObject\",\"url\":\"https:\\\/\\\/www.immo-invest.ch\\\/wp-content\\\/uploads\\\/2024\\\/09\\\/immoinvest_sm-scaled.jpg\",\"@id\":\"https:\\\/\\\/www.immo-invest.ch\\\/it\\\/170-meter-turm-setzt-akzente-im-quartier-de-letoile\\\/#organizationLogo\",\"width\":2560,\"height\":1340},\"image\":{\"@id\":\"https:\\\/\\\/www.immo-invest.ch\\\/it\\\/170-meter-turm-setzt-akzente-im-quartier-de-letoile\\\/#organizationLogo\"},\"sameAs\":[\"https:\\\/\\\/www.facebook.com\\\/people\\\/Immoinvest\\\/100077962920504\\\/\",\"https:\\\/\\\/x.com\\\/i\\\/flow\\\/login?redirect_after_login=immoinvest_ch\",\"https:\\\/\\\/www.instagram.com\\\/immoinvest_ch\\\/\",\"https:\\\/\\\/www.linkedin.com\\\/company\\\/immoinvest-swiss\"]},{\"@type\":\"Person\",\"@id\":\"https:\\\/\\\/www.immo-invest.ch\\\/it\\\/author\\\/immovestuser\\\/#author\",\"url\":\"https:\\\/\\\/www.immo-invest.ch\\\/it\\\/author\\\/immovestuser\\\/\",\"name\":\"immovestuser\",\"image\":{\"@type\":\"ImageObject\",\"@id\":\"https:\\\/\\\/www.immo-invest.ch\\\/it\\\/170-meter-turm-setzt-akzente-im-quartier-de-letoile\\\/#authorImage\",\"url\":\"https:\\\/\\\/secure.gravatar.com\\\/avatar\\\/8e01f4d99f2eeea7a362ebb93305e1172a70e9293ba250f897a65c39f54cdd1e?s=96&d=mm&r=g\",\"width\":96,\"height\":96,\"caption\":\"immovestuser\"}},{\"@type\":\"WebPage\",\"@id\":\"https:\\\/\\\/www.immo-invest.ch\\\/it\\\/170-meter-turm-setzt-akzente-im-quartier-de-letoile\\\/#webpage\",\"url\":\"https:\\\/\\\/www.immo-invest.ch\\\/it\\\/170-meter-turm-setzt-akzente-im-quartier-de-letoile\\\/\",\"name\":\"una torre di 170 metri d\\u00e0 il tono al Quartier de l\\u2019\\u00c9toile - immo!nvest - Die Plattform f\\u00fcr Standorte und Immobilien\",\"description\":\"Halter e Fordinvest stanno sviluppando il grattacielo Tour de l'\\u00c9toile 3 come parte del progetto di pianificazione territoriale Praille-Acacias-Vernets a Ginevra. L'edificio, alto 170 metri, offrir\\u00e0 spazio a 300 appartamenti, ristoranti e negozi, tra le altre cose.\",\"inLanguage\":\"it-IT\",\"isPartOf\":{\"@id\":\"https:\\\/\\\/www.immo-invest.ch\\\/it\\\/#website\"},\"breadcrumb\":{\"@id\":\"https:\\\/\\\/www.immo-invest.ch\\\/it\\\/170-meter-turm-setzt-akzente-im-quartier-de-letoile\\\/#breadcrumblist\"},\"author\":{\"@id\":\"https:\\\/\\\/www.immo-invest.ch\\\/it\\\/author\\\/immovestuser\\\/#author\"},\"creator\":{\"@id\":\"https:\\\/\\\/www.immo-invest.ch\\\/it\\\/author\\\/immovestuser\\\/#author\"},\"image\":{\"@type\":\"ImageObject\",\"url\":\"https:\\\/\\\/www.immo-invest.ch\\\/wp-content\\\/uploads\\\/2025\\\/09\\\/PAV_Image-nocturne-\\u00a9Pierre-Alain-Dupraz-architectes-Goncalo-Byrne-arquitectos-photographie-Yves-Andre-scaled.jpg\",\"@id\":\"https:\\\/\\\/www.immo-invest.ch\\\/it\\\/170-meter-turm-setzt-akzente-im-quartier-de-letoile\\\/#mainImage\",\"caption\":\"Documentation du site du PAV, film 3, 11 novembre 2009\"},\"primaryImageOfPage\":{\"@id\":\"https:\\\/\\\/www.immo-invest.ch\\\/it\\\/170-meter-turm-setzt-akzente-im-quartier-de-letoile\\\/#mainImage\"},\"datePublished\":\"2025-09-19T12:20:00+02:00\",\"dateModified\":\"2025-10-21T17:13:24+02:00\"},{\"@type\":\"WebSite\",\"@id\":\"https:\\\/\\\/www.immo-invest.ch\\\/it\\\/#website\",\"url\":\"https:\\\/\\\/www.immo-invest.ch\\\/it\\\/\",\"name\":\"immo!nvest - Die Plattform f\\u00fcr Standorte und Immobilien\",\"description\":\"Die\\u00a0Plattform f\\u00fcr Standorte und Immobilien\",\"inLanguage\":\"it-IT\",\"publisher\":{\"@id\":\"https:\\\/\\\/www.immo-invest.ch\\\/it\\\/#organization\"}}]}\n\t\t<\/script>\n\t\t<!-- All in One SEO -->\n\n","aioseo_head_json":{"title":"una torre di 170 metri d\u00e0 il tono al Quartier de l\u2019\u00c9toile - immo!nvest - Die Plattform f\u00fcr Standorte und Immobilien","description":"Halter e Fordinvest stanno sviluppando il grattacielo Tour de l'\u00c9toile 3 come parte del progetto di pianificazione territoriale Praille-Acacias-Vernets a Ginevra. L'edificio, alto 170 metri, offrir\u00e0 spazio a 300 appartamenti, ristoranti e negozi, tra le altre cose.","canonical_url":"https:\/\/www.immo-invest.ch\/it\/170-meter-turm-setzt-akzente-im-quartier-de-letoile\/","robots":"max-image-preview:large","keywords":"","webmasterTools":{"google-site-verification":"fHJKvgWpZCR2zVBHWfkQeFXC11qieUSff0HGNYfuyLA","miscellaneous":""},"schema":{"@context":"https:\/\/schema.org","@graph":[{"@type":"BlogPosting","@id":"https:\/\/www.immo-invest.ch\/it\/170-meter-turm-setzt-akzente-im-quartier-de-letoile\/#blogposting","name":"una torre di 170 metri d\u00e0 il tono al Quartier de l\u2019\u00c9toile - immo!nvest - Die Plattform f\u00fcr Standorte und Immobilien","headline":"una torre di 170 metri d\u00e0 il tono al Quartier de l&#8217;\u00c9toile","author":{"@id":"https:\/\/www.immo-invest.ch\/it\/author\/immovestuser\/#author"},"publisher":{"@id":"https:\/\/www.immo-invest.ch\/it\/#organization"},"image":{"@type":"ImageObject","url":"https:\/\/www.immo-invest.ch\/wp-content\/uploads\/2025\/09\/PAV_Image-nocturne-\u00a9Pierre-Alain-Dupraz-architectes-Goncalo-Byrne-arquitectos-photographie-Yves-Andre-scaled.jpg","caption":"Documentation du site du PAV, film 3, 11 novembre 2009"},"datePublished":"2025-09-19T12:20:00+02:00","dateModified":"2025-10-21T17:13:24+02:00","inLanguage":"it-IT","mainEntityOfPage":{"@id":"https:\/\/www.immo-invest.ch\/it\/170-meter-turm-setzt-akzente-im-quartier-de-letoile\/#webpage"},"isPartOf":{"@id":"https:\/\/www.immo-invest.ch\/it\/170-meter-turm-setzt-akzente-im-quartier-de-letoile\/#webpage"},"articleSection":"immoNews, Nuove costruzioni, Progetti, Standorte, Genf, hochhaus, Immoinvest, immoNews, News, Stadtentwicklung, Optional"},{"@type":"BreadcrumbList","@id":"https:\/\/www.immo-invest.ch\/it\/170-meter-turm-setzt-akzente-im-quartier-de-letoile\/#breadcrumblist","itemListElement":[{"@type":"ListItem","@id":"https:\/\/www.immo-invest.ch\/it\/#listItem","position":1,"name":"Home","item":"https:\/\/www.immo-invest.ch\/it\/","nextItem":{"@type":"ListItem","@id":"https:\/\/www.immo-invest.ch\/it\/categoria\/progetti\/#listItem","name":"Progetti"}},{"@type":"ListItem","@id":"https:\/\/www.immo-invest.ch\/it\/categoria\/progetti\/#listItem","position":2,"name":"Progetti","item":"https:\/\/www.immo-invest.ch\/it\/categoria\/progetti\/","nextItem":{"@type":"ListItem","@id":"https:\/\/www.immo-invest.ch\/it\/categoria\/progetti\/nuove-costruzioni\/#listItem","name":"Nuove costruzioni"},"previousItem":{"@type":"ListItem","@id":"https:\/\/www.immo-invest.ch\/it\/#listItem","name":"Home"}},{"@type":"ListItem","@id":"https:\/\/www.immo-invest.ch\/it\/categoria\/progetti\/nuove-costruzioni\/#listItem","position":3,"name":"Nuove costruzioni","item":"https:\/\/www.immo-invest.ch\/it\/categoria\/progetti\/nuove-costruzioni\/","nextItem":{"@type":"ListItem","@id":"https:\/\/www.immo-invest.ch\/it\/170-meter-turm-setzt-akzente-im-quartier-de-letoile\/#listItem","name":"una torre di 170 metri d\u00e0 il tono al Quartier de l&#8217;\u00c9toile"},"previousItem":{"@type":"ListItem","@id":"https:\/\/www.immo-invest.ch\/it\/categoria\/progetti\/#listItem","name":"Progetti"}},{"@type":"ListItem","@id":"https:\/\/www.immo-invest.ch\/it\/170-meter-turm-setzt-akzente-im-quartier-de-letoile\/#listItem","position":4,"name":"una torre di 170 metri d\u00e0 il tono al Quartier de l&#8217;\u00c9toile","previousItem":{"@type":"ListItem","@id":"https:\/\/www.immo-invest.ch\/it\/categoria\/progetti\/nuove-costruzioni\/#listItem","name":"Nuove costruzioni"}}]},{"@type":"Organization","@id":"https:\/\/www.immo-invest.ch\/it\/#organization","name":"immo!nvest - Die Plattform f\u00fcr Standorte und Immobilien","description":"Die\u00a0Plattform f\u00fcr Standorte und Immobilien","url":"https:\/\/www.immo-invest.ch\/it\/","email":"admin@immomedia.ag","telephone":"+41444420002","logo":{"@type":"ImageObject","url":"https:\/\/www.immo-invest.ch\/wp-content\/uploads\/2024\/09\/immoinvest_sm-scaled.jpg","@id":"https:\/\/www.immo-invest.ch\/it\/170-meter-turm-setzt-akzente-im-quartier-de-letoile\/#organizationLogo","width":2560,"height":1340},"image":{"@id":"https:\/\/www.immo-invest.ch\/it\/170-meter-turm-setzt-akzente-im-quartier-de-letoile\/#organizationLogo"},"sameAs":["https:\/\/www.facebook.com\/people\/Immoinvest\/100077962920504\/","https:\/\/x.com\/i\/flow\/login?redirect_after_login=immoinvest_ch","https:\/\/www.instagram.com\/immoinvest_ch\/","https:\/\/www.linkedin.com\/company\/immoinvest-swiss"]},{"@type":"Person","@id":"https:\/\/www.immo-invest.ch\/it\/author\/immovestuser\/#author","url":"https:\/\/www.immo-invest.ch\/it\/author\/immovestuser\/","name":"immovestuser","image":{"@type":"ImageObject","@id":"https:\/\/www.immo-invest.ch\/it\/170-meter-turm-setzt-akzente-im-quartier-de-letoile\/#authorImage","url":"https:\/\/secure.gravatar.com\/avatar\/8e01f4d99f2eeea7a362ebb93305e1172a70e9293ba250f897a65c39f54cdd1e?s=96&d=mm&r=g","width":96,"height":96,"caption":"immovestuser"}},{"@type":"WebPage","@id":"https:\/\/www.immo-invest.ch\/it\/170-meter-turm-setzt-akzente-im-quartier-de-letoile\/#webpage","url":"https:\/\/www.immo-invest.ch\/it\/170-meter-turm-setzt-akzente-im-quartier-de-letoile\/","name":"una torre di 170 metri d\u00e0 il tono al Quartier de l\u2019\u00c9toile - immo!nvest - Die Plattform f\u00fcr Standorte und Immobilien","description":"Halter e Fordinvest stanno sviluppando il grattacielo Tour de l'\u00c9toile 3 come parte del progetto di pianificazione territoriale Praille-Acacias-Vernets a Ginevra. L'edificio, alto 170 metri, offrir\u00e0 spazio a 300 appartamenti, ristoranti e negozi, tra le altre cose.","inLanguage":"it-IT","isPartOf":{"@id":"https:\/\/www.immo-invest.ch\/it\/#website"},"breadcrumb":{"@id":"https:\/\/www.immo-invest.ch\/it\/170-meter-turm-setzt-akzente-im-quartier-de-letoile\/#breadcrumblist"},"author":{"@id":"https:\/\/www.immo-invest.ch\/it\/author\/immovestuser\/#author"},"creator":{"@id":"https:\/\/www.immo-invest.ch\/it\/author\/immovestuser\/#author"},"image":{"@type":"ImageObject","url":"https:\/\/www.immo-invest.ch\/wp-content\/uploads\/2025\/09\/PAV_Image-nocturne-\u00a9Pierre-Alain-Dupraz-architectes-Goncalo-Byrne-arquitectos-photographie-Yves-Andre-scaled.jpg","@id":"https:\/\/www.immo-invest.ch\/it\/170-meter-turm-setzt-akzente-im-quartier-de-letoile\/#mainImage","caption":"Documentation du site du PAV, film 3, 11 novembre 2009"},"primaryImageOfPage":{"@id":"https:\/\/www.immo-invest.ch\/it\/170-meter-turm-setzt-akzente-im-quartier-de-letoile\/#mainImage"},"datePublished":"2025-09-19T12:20:00+02:00","dateModified":"2025-10-21T17:13:24+02:00"},{"@type":"WebSite","@id":"https:\/\/www.immo-invest.ch\/it\/#website","url":"https:\/\/www.immo-invest.ch\/it\/","name":"immo!nvest - Die Plattform f\u00fcr Standorte und Immobilien","description":"Die\u00a0Plattform f\u00fcr Standorte und Immobilien","inLanguage":"it-IT","publisher":{"@id":"https:\/\/www.immo-invest.ch\/it\/#organization"}}]},"og:locale":"it_IT","og:site_name":"immo!nvest - Die Plattform f\u00fcr Standorte und Immobilien - Die\u00a0Plattform f\u00fcr Standorte und Immobilien","og:type":"article","og:title":"una torre di 170 metri d\u00e0 il tono al Quartier de l\u2019\u00c9toile - immo!nvest - Die Plattform f\u00fcr Standorte und Immobilien","og:description":"Halter e Fordinvest stanno sviluppando il grattacielo Tour de l'\u00c9toile 3 come parte del progetto di pianificazione territoriale Praille-Acacias-Vernets a Ginevra. L'edificio, alto 170 metri, offrir\u00e0 spazio a 300 appartamenti, ristoranti e negozi, tra le altre cose.","og:url":"https:\/\/www.immo-invest.ch\/it\/170-meter-turm-setzt-akzente-im-quartier-de-letoile\/","og:image":"https:\/\/www.immo-invest.ch\/wp-content\/uploads\/2025\/09\/PAV_Image-nocturne-\u00a9Pierre-Alain-Dupraz-architectes-Goncalo-Byrne-arquitectos-photographie-Yves-Andre-scaled.jpg","og:image:secure_url":"https:\/\/www.immo-invest.ch\/wp-content\/uploads\/2025\/09\/PAV_Image-nocturne-\u00a9Pierre-Alain-Dupraz-architectes-Goncalo-Byrne-arquitectos-photographie-Yves-Andre-scaled.jpg","article:published_time":"2025-09-19T10:20:00+00:00","article:modified_time":"2025-10-21T15:13:24+00:00","article:publisher":"https:\/\/www.facebook.com\/people\/Immoinvest\/100077962920504\/","twitter:card":"summary_large_image","twitter:site":"@i","twitter:title":"una torre di 170 metri d\u00e0 il tono al Quartier de l\u2019\u00c9toile - immo!nvest - Die Plattform f\u00fcr Standorte und Immobilien","twitter:description":"Halter e Fordinvest stanno sviluppando il grattacielo Tour de l'\u00c9toile 3 come parte del progetto di pianificazione territoriale Praille-Acacias-Vernets a Ginevra. L'edificio, alto 170 metri, offrir\u00e0 spazio a 300 appartamenti, ristoranti e negozi, tra le altre cose.","twitter:creator":"@i","twitter:image":"https:\/\/www.immo-invest.ch\/wp-content\/uploads\/2025\/09\/PAV_Image-nocturne-\u00a9Pierre-Alain-Dupraz-architectes-Goncalo-Byrne-arquitectos-photographie-Yves-Andre-scaled.jpg"},"aioseo_meta_data":{"post_id":"139884","title":null,"description":null,"keywords":null,"keyphrases":{"focus":{"keyphrase":"","score":0,"analysis":{"keyphraseInTitle":{"score":0,"maxScore":9,"error":1}}},"additional":[]},"primary_term":null,"canonical_url":null,"og_title":null,"og_description":null,"og_object_type":"default","og_image_type":"default","og_image_url":null,"og_image_width":null,"og_image_height":null,"og_image_custom_url":null,"og_image_custom_fields":null,"og_video":"","og_custom_url":null,"og_article_section":null,"og_article_tags":null,"twitter_use_og":false,"twitter_card":"default","twitter_image_type":"default","twitter_image_url":null,"twitter_image_custom_url":null,"twitter_image_custom_fields":null,"twitter_title":null,"twitter_description":null,"schema":{"blockGraphs":[],"customGraphs":[],"default":{"data":{"Article":[],"Course":[],"Dataset":[],"FAQPage":[],"Movie":[],"Person":[],"Product":[],"ProductReview":[],"Car":[],"Recipe":[],"Service":[],"SoftwareApplication":[],"WebPage":[]},"graphName":"BlogPosting","isEnabled":true},"graphs":[]},"schema_type":"default","schema_type_options":null,"pillar_content":false,"robots_default":true,"robots_noindex":false,"robots_noarchive":false,"robots_nosnippet":false,"robots_nofollow":false,"robots_noimageindex":false,"robots_noodp":false,"robots_notranslate":false,"robots_max_snippet":"-1","robots_max_videopreview":"-1","robots_max_imagepreview":"large","priority":null,"frequency":"default","local_seo":null,"breadcrumb_settings":null,"limit_modified_date":false,"ai":{"faqs":[],"keyPoints":[],"titles":[],"descriptions":[],"socialPosts":{"email":[],"linkedin":[],"twitter":[],"facebook":[],"instagram":[]}},"created":"2025-09-18 06:45:51","updated":"2025-10-25 02:04:15","seo_analyzer_scan_date":null,"focus_keyword":null,"additional_keywords":null,"truseo_locale":null},"aioseo_breadcrumb":"<div class=\"aioseo-breadcrumbs\"><span class=\"aioseo-breadcrumb\">\n\t\t\t<a href=\"https:\/\/www.immo-invest.ch\/it\/\" title=\"Home\">Home<\/a>\n\t\t<\/span><span class=\"aioseo-breadcrumb-separator\">&raquo;<\/span><span class=\"aioseo-breadcrumb\">\n\t\t\t<a href=\"https:\/\/www.immo-invest.ch\/it\/categoria\/progetti\/\" title=\"Progetti\">Progetti<\/a>\n\t\t<\/span><span class=\"aioseo-breadcrumb-separator\">&raquo;<\/span><span class=\"aioseo-breadcrumb\">\n\t\t\t<a href=\"https:\/\/www.immo-invest.ch\/it\/categoria\/progetti\/nuove-costruzioni\/\" title=\"Nuove costruzioni\">Nuove costruzioni<\/a>\n\t\t<\/span><span class=\"aioseo-breadcrumb-separator\">&raquo;<\/span><span class=\"aioseo-breadcrumb\">\n\t\t\tuna torre di 170 metri d\u00e0 il tono al Quartier de l\u2019\u00c9toile\n\t\t<\/span><\/div>","aioseo_breadcrumb_json":[{"label":"Home","link":"https:\/\/www.immo-invest.ch\/it\/"},{"label":"Progetti","link":"https:\/\/www.immo-invest.ch\/it\/categoria\/progetti\/"},{"label":"Nuove costruzioni","link":"https:\/\/www.immo-invest.ch\/it\/categoria\/progetti\/nuove-costruzioni\/"},{"label":"una torre di 170 metri d\u00e0 il tono al Quartier de l&#8217;\u00c9toile","link":"https:\/\/www.immo-invest.ch\/it\/170-meter-turm-setzt-akzente-im-quartier-de-letoile\/"}],"featured_image_src":"https:\/\/www.immo-invest.ch\/wp-content\/uploads\/2025\/09\/PAV_Image-nocturne-\u00a9Pierre-Alain-Dupraz-architectes-Goncalo-Byrne-arquitectos-photographie-Yves-Andre-scaled.jpg","_links":{"self":[{"href":"https:\/\/www.immo-invest.ch\/it\/wp-json\/wp\/v2\/posts\/139884","targetHints":{"allow":["GET"]}}],"collection":[{"href":"https:\/\/www.immo-invest.ch\/it\/wp-json\/wp\/v2\/posts"}],"about":[{"href":"https:\/\/www.immo-invest.ch\/it\/wp-json\/wp\/v2\/types\/post"}],"author":[{"embeddable":true,"href":"https:\/\/www.immo-invest.ch\/it\/wp-json\/wp\/v2\/users\/2"}],"replies":[{"embeddable":true,"href":"https:\/\/www.immo-invest.ch\/it\/wp-json\/wp\/v2\/comments?post=139884"}],"version-history":[{"count":0,"href":"https:\/\/www.immo-invest.ch\/it\/wp-json\/wp\/v2\/posts\/139884\/revisions"}],"wp:featuredmedia":[{"embeddable":true,"href":"https:\/\/www.immo-invest.ch\/it\/wp-json\/wp\/v2\/media\/142095"}],"wp:attachment":[{"href":"https:\/\/www.immo-invest.ch\/it\/wp-json\/wp\/v2\/media?parent=139884"}],"wp:term":[{"taxonomy":"category","embeddable":true,"href":"https:\/\/www.immo-invest.ch\/it\/wp-json\/wp\/v2\/categories?post=139884"},{"taxonomy":"post_tag","embeddable":true,"href":"https:\/\/www.immo-invest.ch\/it\/wp-json\/wp\/v2\/tags?post=139884"}],"curies":[{"name":"wp","href":"https:\/\/api.w.org\/{rel}","templated":true}]}}