{"id":138185,"date":"2025-08-27T13:10:00","date_gmt":"2025-08-27T11:10:00","guid":{"rendered":"https:\/\/www.immo-invest.ch\/?p=138185"},"modified":"2025-08-27T11:47:21","modified_gmt":"2025-08-27T09:47:21","slug":"fachhochschule-graubuenden-eroeffnet-energiepark-grischa","status":"publish","type":"post","link":"https:\/\/www.immo-invest.ch\/it\/fachhochschule-graubuenden-eroeffnet-energiepark-grischa\/","title":{"rendered":"Il nuovo parco energetico rende tangibile la transizione energetica"},"content":{"rendered":"<p class=\"bodytext wp-block-paragraph\">L&rsquo;Universit&agrave; di Scienze Applicate dei Grigioni <a href=\"https:\/\/www.fhgr.ch\/\" target=\"_blank\" rel=\"noopener\">(FHGR<\/a>) ha creato il nuovo Grischa Energy Park sul Kuhrerhof e nella Rheinm&uuml;hle a Coira. Il parco &egrave; inteso come un centro di esperienza e di ricerca nel campo della ricerca energetica e ambientale, secondo un <a href=\"https:\/\/www.fhgr.ch\/news\/newsdetail\/heu-holz-und-hightech\/\" target=\"_blank\" rel=\"noopener\">comunicato stampa<\/a>.<\/p>\n\n\n\n<p class=\"bodytext wp-block-paragraph\">Inseriti in un ambiente agricolo, i lavori sul fotovoltaico, l&rsquo;energia idroelettrica su piccola scala, la gassificazione del legno, l&rsquo;energia eolica e il biogas si riuniranno in un unico luogo. L&rsquo;obiettivo &egrave; quello di mostrare al pubblico come le energie rinnovabili possono essere generate, immagazzinate e utilizzate. &ldquo;Il Grischa Energy Park trasforma la transizione energetica da un concetto astratto a una realt&agrave; tangibile&rdquo;, ha dichiarato Steffi Giaracuni, responsabile del progetto presso l&rsquo;Istituto di Produzione Multimediale dell&rsquo;Universit&agrave; di Scienze Applicate dei Grigioni, nel comunicato stampa. &ldquo;Qui, le persone possono vedere, ascoltare e sentire come vengono create le energie rinnovabili &ndash; e come possiamo integrarle nella nostra vita quotidiana&rdquo;<\/p>\n\n\n\n<p class=\"bodytext wp-block-paragraph\">Il lavoro sui temi del legno, dell&rsquo;acqua e del sole sar&agrave; presentato nella prima fase di attuazione, mentre biogas, energia eolica e strumenti innovativi di comunicazione digitale seguiranno entro il 2026.<\/p>\n\n\n\n<p class=\"bodytext wp-block-paragraph\">Il progetto &egrave; sostenuto dalla UAS Graub&uuml;nden, dall&rsquo;<a href=\"https:\/\/www.bfe.admin.ch\/bfe\/de\/home.html\" target=\"_blank\" rel=\"noopener\">Ufficio Federale Svizzero dell&rsquo;Energia<\/a>, dalla <a href=\"https:\/\/stiftungen.stiftungschweiz.ch\/organisation\/klima-grischa-klimastiftung-graubuenden#:~:text=Die%20Stiftung%20finanziert%20und%20f%C3%B6rdert,,%20Politik,%20Gesellschaft%20und%20Wirtschaft.\" target=\"_blank\" rel=\"noopener\">Fondazione Klima Grischa<\/a> e da altri partner regionali. Il 28 agosto, esperti dei settori della politica energetica, della promozione dell&rsquo;innovazione, dello sviluppo urbano, delle soluzioni energetiche locali e dell&rsquo;agricoltura risponderanno alle domande del pubblico sul futuro energetico della Svizzera durante un caff&egrave; scientifico.<\/p>\n","protected":false},"excerpt":{"rendered":"<p>L&#8217;Universit\u00e0 di Scienze Applicate dei Grigioni inaugurer\u00e0 il 30 agosto il Grischa Energy Park presso il Kuhrerhof di Coira. Il parco \u00e8 destinato ad attrarre un vasto pubblico come spazio di esperienza e di ricerca per l&#8217;energia applicata e la ricerca ambientale.<\/p>\n","protected":false},"author":2,"featured_media":138180,"comment_status":"open","ping_status":"open","sticky":false,"template":"","format":"standard","meta":{"pmpro_default_level":"","inline_featured_image":false,"_monsterinsights_skip_tracking":false,"footnotes":""},"categories":[8750,22348,745,22700,22443],"tags":[54244,4867,40246,867,3935,2006],"class_list":["post-138185","post","type-post","status-publish","format-standard","has-post-thumbnail","hentry","category-energia","category-grigioni","category-immonews-it","category-sostenibilita","category-trends-it","tag-energiepark-it","tag-energiewende-2-it","tag-erneuerbare-energien-it","tag-immoinvest-it","tag-immonews-it","tag-news-it","pmpro-has-access"],"acf":{"bild_mit_ki_erstellt_worden":[],"lead":"L'Universit\u00e0 di Scienze Applicate dei Grigioni inaugurer\u00e0 il 30 agosto il Grischa Energy Park presso il Kuhrerhof di Coira. Il parco \u00e8 destinato ad attrarre un vasto pubblico come spazio di esperienza e di ricerca per l'energia applicata e la ricerca ambientale.","autor":"ce\/eb","ort":"Chur","bildunterschrift":"","bild_im_grid":false,"gallerie":"","newsim":""},"aioseo_notices":[],"aioseo_head":"\n\t\t<!-- All in One SEO 5.0.0.1 - aioseo.com -->\n\t<meta name=\"description\" content=\"L&#039;Universit\u00e0 di Scienze Applicate dei Grigioni inaugurer\u00e0 il 30 agosto il Grischa Energy Park presso il Kuhrerhof di Coira. Il parco \u00e8 destinato ad attrarre un vasto pubblico come spazio di esperienza e di ricerca per l&#039;energia applicata e la ricerca ambientale.\" \/>\n\t<meta name=\"robots\" content=\"max-image-preview:large\" \/>\n\t<meta name=\"author\" content=\"immovestuser\"\/>\n\t<meta name=\"google-site-verification\" content=\"fHJKvgWpZCR2zVBHWfkQeFXC11qieUSff0HGNYfuyLA\" \/>\n\t<link rel=\"canonical\" href=\"https:\/\/www.immo-invest.ch\/it\/fachhochschule-graubuenden-eroeffnet-energiepark-grischa\/\" \/>\n\t<meta name=\"generator\" content=\"All in One SEO (AIOSEO) 5.0.0.1\" \/>\n\t\t<meta property=\"og:locale\" content=\"it_IT\" \/>\n\t\t<meta property=\"og:site_name\" content=\"immo!nvest - Die Plattform f\u00fcr Standorte und Immobilien - Die\u00a0Plattform f\u00fcr Standorte und Immobilien\" \/>\n\t\t<meta property=\"og:type\" content=\"article\" \/>\n\t\t<meta property=\"og:title\" content=\"Il nuovo parco energetico rende tangibile la transizione energetica - immo!nvest - Die Plattform f\u00fcr Standorte und Immobilien\" \/>\n\t\t<meta property=\"og:description\" content=\"L&#039;Universit\u00e0 di Scienze Applicate dei Grigioni inaugurer\u00e0 il 30 agosto il Grischa Energy Park presso il Kuhrerhof di Coira. Il parco \u00e8 destinato ad attrarre un vasto pubblico come spazio di esperienza e di ricerca per l&#039;energia applicata e la ricerca ambientale.\" \/>\n\t\t<meta property=\"og:url\" content=\"https:\/\/www.immo-invest.ch\/it\/fachhochschule-graubuenden-eroeffnet-energiepark-grischa\/\" \/>\n\t\t<meta property=\"og:image\" content=\"https:\/\/www.immo-invest.ch\/wp-content\/uploads\/2025\/08\/immo-invest-energie-nachhaltigkeit-energiepark-energiewende-graubuenden.png\" \/>\n\t\t<meta property=\"og:image:secure_url\" content=\"https:\/\/www.immo-invest.ch\/wp-content\/uploads\/2025\/08\/immo-invest-energie-nachhaltigkeit-energiepark-energiewende-graubuenden.png\" \/>\n\t\t<meta property=\"og:image:width\" content=\"1536\" \/>\n\t\t<meta property=\"og:image:height\" content=\"768\" \/>\n\t\t<meta property=\"article:published_time\" content=\"2025-08-27T11:10:00+00:00\" \/>\n\t\t<meta property=\"article:modified_time\" content=\"2025-08-27T09:47:21+00:00\" \/>\n\t\t<meta property=\"article:publisher\" content=\"https:\/\/www.facebook.com\/people\/Immoinvest\/100077962920504\/\" \/>\n\t\t<meta name=\"twitter:card\" content=\"summary_large_image\" \/>\n\t\t<meta name=\"twitter:site\" content=\"@i\" \/>\n\t\t<meta name=\"twitter:title\" content=\"Il nuovo parco energetico rende tangibile la transizione energetica - immo!nvest - Die Plattform f\u00fcr Standorte und Immobilien\" \/>\n\t\t<meta name=\"twitter:description\" content=\"L&#039;Universit\u00e0 di Scienze Applicate dei Grigioni inaugurer\u00e0 il 30 agosto il Grischa Energy Park presso il Kuhrerhof di Coira. Il parco \u00e8 destinato ad attrarre un vasto pubblico come spazio di esperienza e di ricerca per l&#039;energia applicata e la ricerca ambientale.\" \/>\n\t\t<meta name=\"twitter:creator\" content=\"@i\" \/>\n\t\t<meta name=\"twitter:image\" content=\"https:\/\/www.immo-invest.ch\/wp-content\/uploads\/2025\/08\/immo-invest-energie-nachhaltigkeit-energiepark-energiewende-graubuenden.png\" \/>\n\t\t<script type=\"application\/ld+json\" class=\"aioseo-schema\">\n\t\t\t{\"@context\":\"https:\\\/\\\/schema.org\",\"@graph\":[{\"@type\":\"BlogPosting\",\"@id\":\"https:\\\/\\\/www.immo-invest.ch\\\/it\\\/fachhochschule-graubuenden-eroeffnet-energiepark-grischa\\\/#blogposting\",\"name\":\"Il nuovo parco energetico rende tangibile la transizione energetica - immo!nvest - Die Plattform f\\u00fcr Standorte und Immobilien\",\"headline\":\"Il nuovo parco energetico rende tangibile la transizione energetica\",\"author\":{\"@id\":\"https:\\\/\\\/www.immo-invest.ch\\\/it\\\/author\\\/immovestuser\\\/#author\"},\"publisher\":{\"@id\":\"https:\\\/\\\/www.immo-invest.ch\\\/it\\\/#organization\"},\"image\":{\"@type\":\"ImageObject\",\"url\":\"https:\\\/\\\/www.immo-invest.ch\\\/wp-content\\\/uploads\\\/2025\\\/08\\\/immo-invest-energie-nachhaltigkeit-energiepark-energiewende-graubuenden.png\",\"width\":1536,\"height\":768},\"datePublished\":\"2025-08-27T13:10:00+02:00\",\"dateModified\":\"2025-08-27T11:47:21+02:00\",\"inLanguage\":\"it-IT\",\"mainEntityOfPage\":{\"@id\":\"https:\\\/\\\/www.immo-invest.ch\\\/it\\\/fachhochschule-graubuenden-eroeffnet-energiepark-grischa\\\/#webpage\"},\"isPartOf\":{\"@id\":\"https:\\\/\\\/www.immo-invest.ch\\\/it\\\/fachhochschule-graubuenden-eroeffnet-energiepark-grischa\\\/#webpage\"},\"articleSection\":\"Energia, Grigioni, immoNews, Sostenibilit\\u00e0, Trends, Energiepark, energiewende, Erneuerbare Energien, Immoinvest, immoNews, News, Optional\"},{\"@type\":\"BreadcrumbList\",\"@id\":\"https:\\\/\\\/www.immo-invest.ch\\\/it\\\/fachhochschule-graubuenden-eroeffnet-energiepark-grischa\\\/#breadcrumblist\",\"itemListElement\":[{\"@type\":\"ListItem\",\"@id\":\"https:\\\/\\\/www.immo-invest.ch\\\/it\\\/#listItem\",\"position\":1,\"name\":\"Home\",\"item\":\"https:\\\/\\\/www.immo-invest.ch\\\/it\\\/\",\"nextItem\":{\"@type\":\"ListItem\",\"@id\":\"https:\\\/\\\/www.immo-invest.ch\\\/it\\\/categoria\\\/regioni\\\/#listItem\",\"name\":\"Regioni\"}},{\"@type\":\"ListItem\",\"@id\":\"https:\\\/\\\/www.immo-invest.ch\\\/it\\\/categoria\\\/regioni\\\/#listItem\",\"position\":2,\"name\":\"Regioni\",\"item\":\"https:\\\/\\\/www.immo-invest.ch\\\/it\\\/categoria\\\/regioni\\\/\",\"nextItem\":{\"@type\":\"ListItem\",\"@id\":\"https:\\\/\\\/www.immo-invest.ch\\\/it\\\/categoria\\\/regioni\\\/svizzera\\\/#listItem\",\"name\":\"Svizzera\"},\"previousItem\":{\"@type\":\"ListItem\",\"@id\":\"https:\\\/\\\/www.immo-invest.ch\\\/it\\\/#listItem\",\"name\":\"Home\"}},{\"@type\":\"ListItem\",\"@id\":\"https:\\\/\\\/www.immo-invest.ch\\\/it\\\/categoria\\\/regioni\\\/svizzera\\\/#listItem\",\"position\":3,\"name\":\"Svizzera\",\"item\":\"https:\\\/\\\/www.immo-invest.ch\\\/it\\\/categoria\\\/regioni\\\/svizzera\\\/\",\"nextItem\":{\"@type\":\"ListItem\",\"@id\":\"https:\\\/\\\/www.immo-invest.ch\\\/it\\\/categoria\\\/regioni\\\/svizzera\\\/svizzera-orientale\\\/#listItem\",\"name\":\"Svizzera orientale\"},\"previousItem\":{\"@type\":\"ListItem\",\"@id\":\"https:\\\/\\\/www.immo-invest.ch\\\/it\\\/categoria\\\/regioni\\\/#listItem\",\"name\":\"Regioni\"}},{\"@type\":\"ListItem\",\"@id\":\"https:\\\/\\\/www.immo-invest.ch\\\/it\\\/categoria\\\/regioni\\\/svizzera\\\/svizzera-orientale\\\/#listItem\",\"position\":4,\"name\":\"Svizzera orientale\",\"item\":\"https:\\\/\\\/www.immo-invest.ch\\\/it\\\/categoria\\\/regioni\\\/svizzera\\\/svizzera-orientale\\\/\",\"nextItem\":{\"@type\":\"ListItem\",\"@id\":\"https:\\\/\\\/www.immo-invest.ch\\\/it\\\/categoria\\\/regioni\\\/svizzera\\\/svizzera-orientale\\\/grigioni\\\/#listItem\",\"name\":\"Grigioni\"},\"previousItem\":{\"@type\":\"ListItem\",\"@id\":\"https:\\\/\\\/www.immo-invest.ch\\\/it\\\/categoria\\\/regioni\\\/svizzera\\\/#listItem\",\"name\":\"Svizzera\"}},{\"@type\":\"ListItem\",\"@id\":\"https:\\\/\\\/www.immo-invest.ch\\\/it\\\/categoria\\\/regioni\\\/svizzera\\\/svizzera-orientale\\\/grigioni\\\/#listItem\",\"position\":5,\"name\":\"Grigioni\",\"item\":\"https:\\\/\\\/www.immo-invest.ch\\\/it\\\/categoria\\\/regioni\\\/svizzera\\\/svizzera-orientale\\\/grigioni\\\/\",\"nextItem\":{\"@type\":\"ListItem\",\"@id\":\"https:\\\/\\\/www.immo-invest.ch\\\/it\\\/fachhochschule-graubuenden-eroeffnet-energiepark-grischa\\\/#listItem\",\"name\":\"Il nuovo parco energetico rende tangibile la transizione energetica\"},\"previousItem\":{\"@type\":\"ListItem\",\"@id\":\"https:\\\/\\\/www.immo-invest.ch\\\/it\\\/categoria\\\/regioni\\\/svizzera\\\/svizzera-orientale\\\/#listItem\",\"name\":\"Svizzera orientale\"}},{\"@type\":\"ListItem\",\"@id\":\"https:\\\/\\\/www.immo-invest.ch\\\/it\\\/fachhochschule-graubuenden-eroeffnet-energiepark-grischa\\\/#listItem\",\"position\":6,\"name\":\"Il nuovo parco energetico rende tangibile la transizione energetica\",\"previousItem\":{\"@type\":\"ListItem\",\"@id\":\"https:\\\/\\\/www.immo-invest.ch\\\/it\\\/categoria\\\/regioni\\\/svizzera\\\/svizzera-orientale\\\/grigioni\\\/#listItem\",\"name\":\"Grigioni\"}}]},{\"@type\":\"Organization\",\"@id\":\"https:\\\/\\\/www.immo-invest.ch\\\/it\\\/#organization\",\"name\":\"immo!nvest - Die Plattform f\\u00fcr Standorte und Immobilien\",\"description\":\"Die\\u00a0Plattform f\\u00fcr Standorte und Immobilien\",\"url\":\"https:\\\/\\\/www.immo-invest.ch\\\/it\\\/\",\"email\":\"admin@immomedia.ag\",\"telephone\":\"+41444420002\",\"logo\":{\"@type\":\"ImageObject\",\"url\":\"https:\\\/\\\/www.immo-invest.ch\\\/wp-content\\\/uploads\\\/2024\\\/09\\\/immoinvest_sm-scaled.jpg\",\"@id\":\"https:\\\/\\\/www.immo-invest.ch\\\/it\\\/fachhochschule-graubuenden-eroeffnet-energiepark-grischa\\\/#organizationLogo\",\"width\":2560,\"height\":1340},\"image\":{\"@id\":\"https:\\\/\\\/www.immo-invest.ch\\\/it\\\/fachhochschule-graubuenden-eroeffnet-energiepark-grischa\\\/#organizationLogo\"},\"sameAs\":[\"https:\\\/\\\/www.facebook.com\\\/people\\\/Immoinvest\\\/100077962920504\\\/\",\"https:\\\/\\\/x.com\\\/i\\\/flow\\\/login?redirect_after_login=immoinvest_ch\",\"https:\\\/\\\/www.instagram.com\\\/immoinvest_ch\\\/\",\"https:\\\/\\\/www.linkedin.com\\\/company\\\/immoinvest-swiss\"]},{\"@type\":\"Person\",\"@id\":\"https:\\\/\\\/www.immo-invest.ch\\\/it\\\/author\\\/immovestuser\\\/#author\",\"url\":\"https:\\\/\\\/www.immo-invest.ch\\\/it\\\/author\\\/immovestuser\\\/\",\"name\":\"immovestuser\",\"image\":{\"@type\":\"ImageObject\",\"@id\":\"https:\\\/\\\/www.immo-invest.ch\\\/it\\\/fachhochschule-graubuenden-eroeffnet-energiepark-grischa\\\/#authorImage\",\"url\":\"https:\\\/\\\/secure.gravatar.com\\\/avatar\\\/8e01f4d99f2eeea7a362ebb93305e1172a70e9293ba250f897a65c39f54cdd1e?s=96&d=mm&r=g\",\"width\":96,\"height\":96,\"caption\":\"immovestuser\"}},{\"@type\":\"WebPage\",\"@id\":\"https:\\\/\\\/www.immo-invest.ch\\\/it\\\/fachhochschule-graubuenden-eroeffnet-energiepark-grischa\\\/#webpage\",\"url\":\"https:\\\/\\\/www.immo-invest.ch\\\/it\\\/fachhochschule-graubuenden-eroeffnet-energiepark-grischa\\\/\",\"name\":\"Il nuovo parco energetico rende tangibile la transizione energetica - immo!nvest - Die Plattform f\\u00fcr Standorte und Immobilien\",\"description\":\"L'Universit\\u00e0 di Scienze Applicate dei Grigioni inaugurer\\u00e0 il 30 agosto il Grischa Energy Park presso il Kuhrerhof di Coira. Il parco \\u00e8 destinato ad attrarre un vasto pubblico come spazio di esperienza e di ricerca per l'energia applicata e la ricerca ambientale.\",\"inLanguage\":\"it-IT\",\"isPartOf\":{\"@id\":\"https:\\\/\\\/www.immo-invest.ch\\\/it\\\/#website\"},\"breadcrumb\":{\"@id\":\"https:\\\/\\\/www.immo-invest.ch\\\/it\\\/fachhochschule-graubuenden-eroeffnet-energiepark-grischa\\\/#breadcrumblist\"},\"author\":{\"@id\":\"https:\\\/\\\/www.immo-invest.ch\\\/it\\\/author\\\/immovestuser\\\/#author\"},\"creator\":{\"@id\":\"https:\\\/\\\/www.immo-invest.ch\\\/it\\\/author\\\/immovestuser\\\/#author\"},\"image\":{\"@type\":\"ImageObject\",\"url\":\"https:\\\/\\\/www.immo-invest.ch\\\/wp-content\\\/uploads\\\/2025\\\/08\\\/immo-invest-energie-nachhaltigkeit-energiepark-energiewende-graubuenden.png\",\"@id\":\"https:\\\/\\\/www.immo-invest.ch\\\/it\\\/fachhochschule-graubuenden-eroeffnet-energiepark-grischa\\\/#mainImage\",\"width\":1536,\"height\":768},\"primaryImageOfPage\":{\"@id\":\"https:\\\/\\\/www.immo-invest.ch\\\/it\\\/fachhochschule-graubuenden-eroeffnet-energiepark-grischa\\\/#mainImage\"},\"datePublished\":\"2025-08-27T13:10:00+02:00\",\"dateModified\":\"2025-08-27T11:47:21+02:00\"},{\"@type\":\"WebSite\",\"@id\":\"https:\\\/\\\/www.immo-invest.ch\\\/it\\\/#website\",\"url\":\"https:\\\/\\\/www.immo-invest.ch\\\/it\\\/\",\"name\":\"immo!nvest - Die Plattform f\\u00fcr Standorte und Immobilien\",\"description\":\"Die\\u00a0Plattform f\\u00fcr Standorte und Immobilien\",\"inLanguage\":\"it-IT\",\"publisher\":{\"@id\":\"https:\\\/\\\/www.immo-invest.ch\\\/it\\\/#organization\"}}]}\n\t\t<\/script>\n\t\t<!-- All in One SEO -->\n\n","aioseo_head_json":{"title":"Il nuovo parco energetico rende tangibile la transizione energetica - immo!nvest - Die Plattform f\u00fcr Standorte und Immobilien","description":"L'Universit\u00e0 di Scienze Applicate dei Grigioni inaugurer\u00e0 il 30 agosto il Grischa Energy Park presso il Kuhrerhof di Coira. Il parco \u00e8 destinato ad attrarre un vasto pubblico come spazio di esperienza e di ricerca per l'energia applicata e la ricerca ambientale.","canonical_url":"https:\/\/www.immo-invest.ch\/it\/fachhochschule-graubuenden-eroeffnet-energiepark-grischa\/","robots":"max-image-preview:large","keywords":"","webmasterTools":{"google-site-verification":"fHJKvgWpZCR2zVBHWfkQeFXC11qieUSff0HGNYfuyLA","miscellaneous":""},"schema":{"@context":"https:\/\/schema.org","@graph":[{"@type":"BlogPosting","@id":"https:\/\/www.immo-invest.ch\/it\/fachhochschule-graubuenden-eroeffnet-energiepark-grischa\/#blogposting","name":"Il nuovo parco energetico rende tangibile la transizione energetica - immo!nvest - Die Plattform f\u00fcr Standorte und Immobilien","headline":"Il nuovo parco energetico rende tangibile la transizione energetica","author":{"@id":"https:\/\/www.immo-invest.ch\/it\/author\/immovestuser\/#author"},"publisher":{"@id":"https:\/\/www.immo-invest.ch\/it\/#organization"},"image":{"@type":"ImageObject","url":"https:\/\/www.immo-invest.ch\/wp-content\/uploads\/2025\/08\/immo-invest-energie-nachhaltigkeit-energiepark-energiewende-graubuenden.png","width":1536,"height":768},"datePublished":"2025-08-27T13:10:00+02:00","dateModified":"2025-08-27T11:47:21+02:00","inLanguage":"it-IT","mainEntityOfPage":{"@id":"https:\/\/www.immo-invest.ch\/it\/fachhochschule-graubuenden-eroeffnet-energiepark-grischa\/#webpage"},"isPartOf":{"@id":"https:\/\/www.immo-invest.ch\/it\/fachhochschule-graubuenden-eroeffnet-energiepark-grischa\/#webpage"},"articleSection":"Energia, Grigioni, immoNews, Sostenibilit\u00e0, Trends, Energiepark, energiewende, Erneuerbare Energien, Immoinvest, immoNews, News, Optional"},{"@type":"BreadcrumbList","@id":"https:\/\/www.immo-invest.ch\/it\/fachhochschule-graubuenden-eroeffnet-energiepark-grischa\/#breadcrumblist","itemListElement":[{"@type":"ListItem","@id":"https:\/\/www.immo-invest.ch\/it\/#listItem","position":1,"name":"Home","item":"https:\/\/www.immo-invest.ch\/it\/","nextItem":{"@type":"ListItem","@id":"https:\/\/www.immo-invest.ch\/it\/categoria\/regioni\/#listItem","name":"Regioni"}},{"@type":"ListItem","@id":"https:\/\/www.immo-invest.ch\/it\/categoria\/regioni\/#listItem","position":2,"name":"Regioni","item":"https:\/\/www.immo-invest.ch\/it\/categoria\/regioni\/","nextItem":{"@type":"ListItem","@id":"https:\/\/www.immo-invest.ch\/it\/categoria\/regioni\/svizzera\/#listItem","name":"Svizzera"},"previousItem":{"@type":"ListItem","@id":"https:\/\/www.immo-invest.ch\/it\/#listItem","name":"Home"}},{"@type":"ListItem","@id":"https:\/\/www.immo-invest.ch\/it\/categoria\/regioni\/svizzera\/#listItem","position":3,"name":"Svizzera","item":"https:\/\/www.immo-invest.ch\/it\/categoria\/regioni\/svizzera\/","nextItem":{"@type":"ListItem","@id":"https:\/\/www.immo-invest.ch\/it\/categoria\/regioni\/svizzera\/svizzera-orientale\/#listItem","name":"Svizzera orientale"},"previousItem":{"@type":"ListItem","@id":"https:\/\/www.immo-invest.ch\/it\/categoria\/regioni\/#listItem","name":"Regioni"}},{"@type":"ListItem","@id":"https:\/\/www.immo-invest.ch\/it\/categoria\/regioni\/svizzera\/svizzera-orientale\/#listItem","position":4,"name":"Svizzera orientale","item":"https:\/\/www.immo-invest.ch\/it\/categoria\/regioni\/svizzera\/svizzera-orientale\/","nextItem":{"@type":"ListItem","@id":"https:\/\/www.immo-invest.ch\/it\/categoria\/regioni\/svizzera\/svizzera-orientale\/grigioni\/#listItem","name":"Grigioni"},"previousItem":{"@type":"ListItem","@id":"https:\/\/www.immo-invest.ch\/it\/categoria\/regioni\/svizzera\/#listItem","name":"Svizzera"}},{"@type":"ListItem","@id":"https:\/\/www.immo-invest.ch\/it\/categoria\/regioni\/svizzera\/svizzera-orientale\/grigioni\/#listItem","position":5,"name":"Grigioni","item":"https:\/\/www.immo-invest.ch\/it\/categoria\/regioni\/svizzera\/svizzera-orientale\/grigioni\/","nextItem":{"@type":"ListItem","@id":"https:\/\/www.immo-invest.ch\/it\/fachhochschule-graubuenden-eroeffnet-energiepark-grischa\/#listItem","name":"Il nuovo parco energetico rende tangibile la transizione energetica"},"previousItem":{"@type":"ListItem","@id":"https:\/\/www.immo-invest.ch\/it\/categoria\/regioni\/svizzera\/svizzera-orientale\/#listItem","name":"Svizzera orientale"}},{"@type":"ListItem","@id":"https:\/\/www.immo-invest.ch\/it\/fachhochschule-graubuenden-eroeffnet-energiepark-grischa\/#listItem","position":6,"name":"Il nuovo parco energetico rende tangibile la transizione energetica","previousItem":{"@type":"ListItem","@id":"https:\/\/www.immo-invest.ch\/it\/categoria\/regioni\/svizzera\/svizzera-orientale\/grigioni\/#listItem","name":"Grigioni"}}]},{"@type":"Organization","@id":"https:\/\/www.immo-invest.ch\/it\/#organization","name":"immo!nvest - Die Plattform f\u00fcr Standorte und Immobilien","description":"Die\u00a0Plattform f\u00fcr Standorte und Immobilien","url":"https:\/\/www.immo-invest.ch\/it\/","email":"admin@immomedia.ag","telephone":"+41444420002","logo":{"@type":"ImageObject","url":"https:\/\/www.immo-invest.ch\/wp-content\/uploads\/2024\/09\/immoinvest_sm-scaled.jpg","@id":"https:\/\/www.immo-invest.ch\/it\/fachhochschule-graubuenden-eroeffnet-energiepark-grischa\/#organizationLogo","width":2560,"height":1340},"image":{"@id":"https:\/\/www.immo-invest.ch\/it\/fachhochschule-graubuenden-eroeffnet-energiepark-grischa\/#organizationLogo"},"sameAs":["https:\/\/www.facebook.com\/people\/Immoinvest\/100077962920504\/","https:\/\/x.com\/i\/flow\/login?redirect_after_login=immoinvest_ch","https:\/\/www.instagram.com\/immoinvest_ch\/","https:\/\/www.linkedin.com\/company\/immoinvest-swiss"]},{"@type":"Person","@id":"https:\/\/www.immo-invest.ch\/it\/author\/immovestuser\/#author","url":"https:\/\/www.immo-invest.ch\/it\/author\/immovestuser\/","name":"immovestuser","image":{"@type":"ImageObject","@id":"https:\/\/www.immo-invest.ch\/it\/fachhochschule-graubuenden-eroeffnet-energiepark-grischa\/#authorImage","url":"https:\/\/secure.gravatar.com\/avatar\/8e01f4d99f2eeea7a362ebb93305e1172a70e9293ba250f897a65c39f54cdd1e?s=96&d=mm&r=g","width":96,"height":96,"caption":"immovestuser"}},{"@type":"WebPage","@id":"https:\/\/www.immo-invest.ch\/it\/fachhochschule-graubuenden-eroeffnet-energiepark-grischa\/#webpage","url":"https:\/\/www.immo-invest.ch\/it\/fachhochschule-graubuenden-eroeffnet-energiepark-grischa\/","name":"Il nuovo parco energetico rende tangibile la transizione energetica - immo!nvest - Die Plattform f\u00fcr Standorte und Immobilien","description":"L'Universit\u00e0 di Scienze Applicate dei Grigioni inaugurer\u00e0 il 30 agosto il Grischa Energy Park presso il Kuhrerhof di Coira. Il parco \u00e8 destinato ad attrarre un vasto pubblico come spazio di esperienza e di ricerca per l'energia applicata e la ricerca ambientale.","inLanguage":"it-IT","isPartOf":{"@id":"https:\/\/www.immo-invest.ch\/it\/#website"},"breadcrumb":{"@id":"https:\/\/www.immo-invest.ch\/it\/fachhochschule-graubuenden-eroeffnet-energiepark-grischa\/#breadcrumblist"},"author":{"@id":"https:\/\/www.immo-invest.ch\/it\/author\/immovestuser\/#author"},"creator":{"@id":"https:\/\/www.immo-invest.ch\/it\/author\/immovestuser\/#author"},"image":{"@type":"ImageObject","url":"https:\/\/www.immo-invest.ch\/wp-content\/uploads\/2025\/08\/immo-invest-energie-nachhaltigkeit-energiepark-energiewende-graubuenden.png","@id":"https:\/\/www.immo-invest.ch\/it\/fachhochschule-graubuenden-eroeffnet-energiepark-grischa\/#mainImage","width":1536,"height":768},"primaryImageOfPage":{"@id":"https:\/\/www.immo-invest.ch\/it\/fachhochschule-graubuenden-eroeffnet-energiepark-grischa\/#mainImage"},"datePublished":"2025-08-27T13:10:00+02:00","dateModified":"2025-08-27T11:47:21+02:00"},{"@type":"WebSite","@id":"https:\/\/www.immo-invest.ch\/it\/#website","url":"https:\/\/www.immo-invest.ch\/it\/","name":"immo!nvest - Die Plattform f\u00fcr Standorte und Immobilien","description":"Die\u00a0Plattform f\u00fcr Standorte und Immobilien","inLanguage":"it-IT","publisher":{"@id":"https:\/\/www.immo-invest.ch\/it\/#organization"}}]},"og:locale":"it_IT","og:site_name":"immo!nvest - Die Plattform f\u00fcr Standorte und Immobilien - Die\u00a0Plattform f\u00fcr Standorte und Immobilien","og:type":"article","og:title":"Il nuovo parco energetico rende tangibile la transizione energetica - immo!nvest - Die Plattform f\u00fcr Standorte und Immobilien","og:description":"L'Universit\u00e0 di Scienze Applicate dei Grigioni inaugurer\u00e0 il 30 agosto il Grischa Energy Park presso il Kuhrerhof di Coira. Il parco \u00e8 destinato ad attrarre un vasto pubblico come spazio di esperienza e di ricerca per l'energia applicata e la ricerca ambientale.","og:url":"https:\/\/www.immo-invest.ch\/it\/fachhochschule-graubuenden-eroeffnet-energiepark-grischa\/","og:image":"https:\/\/www.immo-invest.ch\/wp-content\/uploads\/2025\/08\/immo-invest-energie-nachhaltigkeit-energiepark-energiewende-graubuenden.png","og:image:secure_url":"https:\/\/www.immo-invest.ch\/wp-content\/uploads\/2025\/08\/immo-invest-energie-nachhaltigkeit-energiepark-energiewende-graubuenden.png","og:image:width":1536,"og:image:height":768,"article:published_time":"2025-08-27T11:10:00+00:00","article:modified_time":"2025-08-27T09:47:21+00:00","article:publisher":"https:\/\/www.facebook.com\/people\/Immoinvest\/100077962920504\/","twitter:card":"summary_large_image","twitter:site":"@i","twitter:title":"Il nuovo parco energetico rende tangibile la transizione energetica - immo!nvest - Die Plattform f\u00fcr Standorte und Immobilien","twitter:description":"L'Universit\u00e0 di Scienze Applicate dei Grigioni inaugurer\u00e0 il 30 agosto il Grischa Energy Park presso il Kuhrerhof di Coira. Il parco \u00e8 destinato ad attrarre un vasto pubblico come spazio di esperienza e di ricerca per l'energia applicata e la ricerca ambientale.","twitter:creator":"@i","twitter:image":"https:\/\/www.immo-invest.ch\/wp-content\/uploads\/2025\/08\/immo-invest-energie-nachhaltigkeit-energiepark-energiewende-graubuenden.png"},"aioseo_meta_data":{"post_id":"138185","title":null,"description":null,"keywords":null,"keyphrases":{"focus":{"keyphrase":"","score":0,"analysis":{"keyphraseInTitle":{"score":0,"maxScore":9,"error":1}}},"additional":[]},"primary_term":null,"canonical_url":null,"og_title":null,"og_description":null,"og_object_type":"default","og_image_type":"default","og_image_url":null,"og_image_width":null,"og_image_height":null,"og_image_custom_url":null,"og_image_custom_fields":null,"og_video":"","og_custom_url":null,"og_article_section":null,"og_article_tags":null,"twitter_use_og":false,"twitter_card":"default","twitter_image_type":"default","twitter_image_url":null,"twitter_image_custom_url":null,"twitter_image_custom_fields":null,"twitter_title":null,"twitter_description":null,"schema":{"blockGraphs":[],"customGraphs":[],"default":{"data":{"Article":[],"Course":[],"Dataset":[],"FAQPage":[],"Movie":[],"Person":[],"Product":[],"ProductReview":[],"Car":[],"Recipe":[],"Service":[],"SoftwareApplication":[],"WebPage":[]},"graphName":"BlogPosting","isEnabled":true},"graphs":[]},"schema_type":"default","schema_type_options":null,"pillar_content":false,"robots_default":true,"robots_noindex":false,"robots_noarchive":false,"robots_nosnippet":false,"robots_nofollow":false,"robots_noimageindex":false,"robots_noodp":false,"robots_notranslate":false,"robots_max_snippet":"-1","robots_max_videopreview":"-1","robots_max_imagepreview":"large","priority":null,"frequency":"default","local_seo":null,"breadcrumb_settings":null,"limit_modified_date":false,"ai":null,"created":"2025-08-27 09:45:34","updated":"2025-10-25 00:50:14","seo_analyzer_scan_date":null,"focus_keyword":null,"additional_keywords":null,"truseo_locale":null},"aioseo_breadcrumb":"<div class=\"aioseo-breadcrumbs\"><span class=\"aioseo-breadcrumb\">\n\t\t\t<a href=\"https:\/\/www.immo-invest.ch\/it\/\" title=\"Home\">Home<\/a>\n\t\t<\/span><span class=\"aioseo-breadcrumb-separator\">&raquo;<\/span><span class=\"aioseo-breadcrumb\">\n\t\t\t<a href=\"https:\/\/www.immo-invest.ch\/it\/categoria\/regioni\/\" title=\"Regioni\">Regioni<\/a>\n\t\t<\/span><span class=\"aioseo-breadcrumb-separator\">&raquo;<\/span><span class=\"aioseo-breadcrumb\">\n\t\t\t<a href=\"https:\/\/www.immo-invest.ch\/it\/categoria\/regioni\/svizzera\/\" title=\"Svizzera\">Svizzera<\/a>\n\t\t<\/span><span class=\"aioseo-breadcrumb-separator\">&raquo;<\/span><span class=\"aioseo-breadcrumb\">\n\t\t\t<a href=\"https:\/\/www.immo-invest.ch\/it\/categoria\/regioni\/svizzera\/svizzera-orientale\/\" title=\"Svizzera orientale\">Svizzera orientale<\/a>\n\t\t<\/span><span class=\"aioseo-breadcrumb-separator\">&raquo;<\/span><span class=\"aioseo-breadcrumb\">\n\t\t\t<a href=\"https:\/\/www.immo-invest.ch\/it\/categoria\/regioni\/svizzera\/svizzera-orientale\/grigioni\/\" title=\"Grigioni\">Grigioni<\/a>\n\t\t<\/span><span class=\"aioseo-breadcrumb-separator\">&raquo;<\/span><span class=\"aioseo-breadcrumb\">\n\t\t\tIl nuovo parco energetico rende tangibile la transizione energetica\n\t\t<\/span><\/div>","aioseo_breadcrumb_json":[{"label":"Home","link":"https:\/\/www.immo-invest.ch\/it\/"},{"label":"Regioni","link":"https:\/\/www.immo-invest.ch\/it\/categoria\/regioni\/"},{"label":"Svizzera","link":"https:\/\/www.immo-invest.ch\/it\/categoria\/regioni\/svizzera\/"},{"label":"Svizzera orientale","link":"https:\/\/www.immo-invest.ch\/it\/categoria\/regioni\/svizzera\/svizzera-orientale\/"},{"label":"Grigioni","link":"https:\/\/www.immo-invest.ch\/it\/categoria\/regioni\/svizzera\/svizzera-orientale\/grigioni\/"},{"label":"Il nuovo parco energetico rende tangibile la transizione energetica","link":"https:\/\/www.immo-invest.ch\/it\/fachhochschule-graubuenden-eroeffnet-energiepark-grischa\/"}],"featured_image_src":"https:\/\/www.immo-invest.ch\/wp-content\/uploads\/2025\/08\/immo-invest-energie-nachhaltigkeit-energiepark-energiewende-graubuenden-336x168.png","_links":{"self":[{"href":"https:\/\/www.immo-invest.ch\/it\/wp-json\/wp\/v2\/posts\/138185","targetHints":{"allow":["GET"]}}],"collection":[{"href":"https:\/\/www.immo-invest.ch\/it\/wp-json\/wp\/v2\/posts"}],"about":[{"href":"https:\/\/www.immo-invest.ch\/it\/wp-json\/wp\/v2\/types\/post"}],"author":[{"embeddable":true,"href":"https:\/\/www.immo-invest.ch\/it\/wp-json\/wp\/v2\/users\/2"}],"replies":[{"embeddable":true,"href":"https:\/\/www.immo-invest.ch\/it\/wp-json\/wp\/v2\/comments?post=138185"}],"version-history":[{"count":0,"href":"https:\/\/www.immo-invest.ch\/it\/wp-json\/wp\/v2\/posts\/138185\/revisions"}],"wp:featuredmedia":[{"embeddable":true,"href":"https:\/\/www.immo-invest.ch\/it\/wp-json\/wp\/v2\/media\/138180"}],"wp:attachment":[{"href":"https:\/\/www.immo-invest.ch\/it\/wp-json\/wp\/v2\/media?parent=138185"}],"wp:term":[{"taxonomy":"category","embeddable":true,"href":"https:\/\/www.immo-invest.ch\/it\/wp-json\/wp\/v2\/categories?post=138185"},{"taxonomy":"post_tag","embeddable":true,"href":"https:\/\/www.immo-invest.ch\/it\/wp-json\/wp\/v2\/tags?post=138185"}],"curies":[{"name":"wp","href":"https:\/\/api.w.org\/{rel}","templated":true}]}}