{"id":135800,"date":"2025-07-21T08:30:00","date_gmt":"2025-07-21T06:30:00","guid":{"rendered":"https:\/\/www.immo-invest.ch\/?p=135800"},"modified":"2025-07-14T11:57:14","modified_gmt":"2025-07-14T09:57:14","slug":"rehabilitationszentrum-bleibt-erhalten-und-wird-erweitert","status":"publish","type":"post","link":"https:\/\/www.immo-invest.ch\/it\/rehabilitationszentrum-bleibt-erhalten-und-wird-erweitert\/","title":{"rendered":"Il centro di riabilitazione sar\u00e0 mantenuto e ampliato"},"content":{"rendered":"<p class=\"bodytext\">La Berner Klinik Montana<a href=\"https:\/\/bernerklinik.ch\/\" target=\"_blank\" rel=\"noopener\">(BKM<\/a>) rilever&agrave; la Luzerner H&ouml;henklinik Montana<a href=\"https:\/\/www.lhm.ch\/de\" target=\"_blank\" rel=\"noopener\">(LHM<\/a>), anch&rsquo;essa con sede a Crans Montana, il 1&deg; gennaio 2026. Secondo un <a href=\"https:\/\/newsletter.lu.ch\/files\/SK\/Mitteilungen%202025\/07_Juli\/20250709_MM_Verkauf_LHM.pdf\" target=\"_blank\" rel=\"noopener\">comunicato stampa<\/a>, un accordo in tal senso &egrave; stato concluso con successo tra l&rsquo;Ospedale Cantonale di Lucerna<a href=\"https:\/\/www.luks.ch\/\" target=\"_blank\" rel=\"noopener\">(LUKS<\/a>), il <a href=\"https:\/\/www.lu.ch\/\" target=\"_blank\" rel=\"noopener\">Cantone di Lucerna<\/a> e BKM. BKM continuer&agrave; a gestire la clinica di Lucerna acquisita. I sistemi informatici di entrambe le cliniche devono ancora essere adattati prima dell&rsquo;acquisizione.<\/p>\n<p class=\"bodytext\">&ldquo;L&rsquo;acquisizione dell&rsquo;operazione con il suo personale altamente competente &egrave; un colpo di fortuna per noi&rdquo;, afferma Philippe Eckert, Direttore della Clinica Montana di Berna, nel comunicato stampa. &ldquo;Con l&rsquo;integrazione di LHM, si potrebbero sviluppare sinergie nella riabilitazione muscolo-scheletrica, psicosomatica e oncologica e la gamma di servizi offerti da BKM potrebbe essere ampliata per includere la riabilitazione polmonare&rdquo;<\/p>\n<p class=\"bodytext\">Il Cantone di Lucerna rimarr&agrave; inizialmente proprietario del terreno e della propriet&agrave;. BKM affitta l&rsquo;edificio principale della H&ouml;henklinik e l&rsquo;edificio del personale di <span class=\"glossaryLink\"  aria-describedby=\"tt\"  data-cmtooltip=\"&lt;div class=glossaryItemTitle&gt;Villa&lt;\/div&gt;&lt;div class=glossaryItemBody&gt;Von lat. Landhaus, Landgut; freistehendes, anspruchsvolles Einfamilienhaus&nbsp;&lt;\/div&gt;\"  data-mobile-support=\"0\"  data-gt-translate-attributes='[{\"attribute\":\"data-cmtooltip\", \"format\":\"html\"}]' tabindex='0' role='link'>Villa<\/span> Claire per tre anni. Ha un&rsquo;opzione di acquisto per due anni al prezzo di 13,5 milioni di franchi svizzeri.<\/p>\n<p class=\"bodytext\">Florian Aschbrenner, CEO e Presidente del Consiglio di Amministrazione del Gruppo LUKS, &egrave; soddisfatto della conclusione del contratto. &ldquo;Per noi <span class=\"glossaryLink\"  aria-describedby=\"tt\"  data-cmtooltip=\"&lt;div class=glossaryItemTitle&gt;ERA&lt;\/div&gt;&lt;div class=glossaryItemBody&gt;Electronic Realty Associates; internationales Maklernetzwerk mit Schweizer Niederlassungen&nbsp;&lt;\/div&gt;\"  data-mobile-support=\"0\"  data-gt-translate-attributes='[{\"attribute\":\"data-cmtooltip\", \"format\":\"html\"}]' tabindex='0' role='link'>era<\/span> molto importante trovare una buona soluzione per i dipendenti di LHM. Lo stiamo assicurando con la vendita a una clinica molto rinomata nel settore della riabilitazione, anch&rsquo;essa con sede in loco&rdquo;, afferma Aschbrenner.<\/p>\n<p class=\"bodytext\">LHM rimarr&agrave; nell&rsquo;elenco degli ospedali del Cantone di Lucerna. I pazienti continueranno ad avere la possibilit&agrave; di scegliere un ospedale per la riabilitazione ospedaliera nell&rsquo;ambito della libert&agrave; di scelta garantita dalla legge.<\/p>\n","protected":false},"excerpt":{"rendered":"<p>Berner Klink Montana (BKM) rilever\u00e0 Luzerner H\u00f6henklinik Montana (LHM) il 1\u00b0 gennaio 2026. Un accordo in tal senso \u00e8 stato raggiunto con l&#8217;Ospedale Cantonale di Lucerna e il Cantone di Lucerna. Gli edifici dell&#8217;LHM rimarranno di propriet\u00e0 del Cantone di Lucerna.<\/p>\n","protected":false},"author":2,"featured_media":135795,"comment_status":"open","ping_status":"open","sticky":false,"template":"","format":"standard","meta":{"pmpro_default_level":"","inline_featured_image":false,"_monsterinsights_skip_tracking":false,"footnotes":""},"categories":[745,22695],"tags":[6787,867,3935,53732,2006,44410,53733,53734],"class_list":["post-135800","post","type-post","status-publish","format-standard","has-post-thumbnail","hentry","category-immonews-it","category-societa","tag-gesundheitswesen-it","tag-immoinvest-it","tag-immonews-it","tag-klinikuebernahme-it","tag-news-it","tag-rehabilitation-it","tag-spitalliste-it","tag-spitalwahlfreiheit-it","pmpro-has-access"],"acf":{"bild_mit_ki_erstellt_worden":[],"lead":"Berner Klink Montana (BKM) rilever\u00e0 Luzerner H\u00f6henklinik Montana (LHM) il 1\u00b0 gennaio 2026. Un accordo in tal senso \u00e8 stato raggiunto con l'Ospedale Cantonale di Lucerna e il Cantone di Lucerna. Gli edifici dell'LHM rimarranno di propriet\u00e0 del Cantone di Lucerna.","autor":"ce\/ww, Bildquelle: Luzerner H\u00f6henklinik Montana","ort":"Crans Montana VS\/Luzern","bildunterschrift":"","bild_im_grid":false,"gallerie":"","newsim":""},"aioseo_notices":[],"aioseo_head":"\n\t\t<!-- All in One SEO 5.0.1.1 - aioseo.com -->\n\t<meta name=\"description\" content=\"Berner Klink Montana (BKM) rilever\u00e0 Luzerner H\u00f6henklinik Montana (LHM) il 1\u00b0 gennaio 2026. Un accordo in tal senso \u00e8 stato raggiunto con l&#039;Ospedale Cantonale di Lucerna e il Cantone di Lucerna. Gli edifici dell&#039;LHM rimarranno di propriet\u00e0 del Cantone di Lucerna.\" \/>\n\t<meta name=\"robots\" content=\"max-image-preview:large\" \/>\n\t<meta name=\"author\" content=\"immovestuser\"\/>\n\t<meta name=\"google-site-verification\" content=\"fHJKvgWpZCR2zVBHWfkQeFXC11qieUSff0HGNYfuyLA\" \/>\n\t<link rel=\"canonical\" href=\"https:\/\/www.immo-invest.ch\/it\/rehabilitationszentrum-bleibt-erhalten-und-wird-erweitert\/\" \/>\n\t<meta name=\"generator\" content=\"All in One SEO (AIOSEO) 5.0.1.1\" \/>\n\t\t<meta property=\"og:locale\" content=\"it_IT\" \/>\n\t\t<meta property=\"og:site_name\" content=\"immo!nvest - Die Plattform f\u00fcr Standorte und Immobilien - Die\u00a0Plattform f\u00fcr Standorte und Immobilien\" \/>\n\t\t<meta property=\"og:type\" content=\"article\" \/>\n\t\t<meta property=\"og:title\" content=\"Il centro di riabilitazione sar\u00e0 mantenuto e ampliato - immo!nvest - Die Plattform f\u00fcr Standorte und Immobilien\" \/>\n\t\t<meta property=\"og:description\" content=\"Berner Klink Montana (BKM) rilever\u00e0 Luzerner H\u00f6henklinik Montana (LHM) il 1\u00b0 gennaio 2026. Un accordo in tal senso \u00e8 stato raggiunto con l&#039;Ospedale Cantonale di Lucerna e il Cantone di Lucerna. Gli edifici dell&#039;LHM rimarranno di propriet\u00e0 del Cantone di Lucerna.\" \/>\n\t\t<meta property=\"og:url\" content=\"https:\/\/www.immo-invest.ch\/it\/rehabilitationszentrum-bleibt-erhalten-und-wird-erweitert\/\" \/>\n\t\t<meta property=\"og:image\" content=\"https:\/\/www.immo-invest.ch\/wp-content\/uploads\/2025\/07\/srccd9917f3444702bea8444391eed21f2f_par1b233f2d5045c8bd1e6815e086887d46_dat1541427917.jpg\" \/>\n\t\t<meta property=\"og:image:secure_url\" content=\"https:\/\/www.immo-invest.ch\/wp-content\/uploads\/2025\/07\/srccd9917f3444702bea8444391eed21f2f_par1b233f2d5045c8bd1e6815e086887d46_dat1541427917.jpg\" \/>\n\t\t<meta property=\"og:image:width\" content=\"1500\" \/>\n\t\t<meta property=\"og:image:height\" content=\"880\" \/>\n\t\t<meta property=\"article:published_time\" content=\"2025-07-21T06:30:00+00:00\" \/>\n\t\t<meta property=\"article:modified_time\" content=\"2025-07-14T09:57:14+00:00\" \/>\n\t\t<meta property=\"article:publisher\" content=\"https:\/\/www.facebook.com\/people\/Immoinvest\/100077962920504\/\" \/>\n\t\t<meta name=\"twitter:card\" content=\"summary_large_image\" \/>\n\t\t<meta name=\"twitter:site\" content=\"@i\" \/>\n\t\t<meta name=\"twitter:title\" content=\"Il centro di riabilitazione sar\u00e0 mantenuto e ampliato - immo!nvest - Die Plattform f\u00fcr Standorte und Immobilien\" \/>\n\t\t<meta name=\"twitter:description\" content=\"Berner Klink Montana (BKM) rilever\u00e0 Luzerner H\u00f6henklinik Montana (LHM) il 1\u00b0 gennaio 2026. Un accordo in tal senso \u00e8 stato raggiunto con l&#039;Ospedale Cantonale di Lucerna e il Cantone di Lucerna. Gli edifici dell&#039;LHM rimarranno di propriet\u00e0 del Cantone di Lucerna.\" \/>\n\t\t<meta name=\"twitter:creator\" content=\"@i\" \/>\n\t\t<meta name=\"twitter:image\" content=\"https:\/\/www.immo-invest.ch\/wp-content\/uploads\/2025\/07\/srccd9917f3444702bea8444391eed21f2f_par1b233f2d5045c8bd1e6815e086887d46_dat1541427917.jpg\" \/>\n\t\t<script type=\"application\/ld+json\" class=\"aioseo-schema\">\n\t\t\t{\"@context\":\"https:\\\/\\\/schema.org\",\"@graph\":[{\"@type\":\"BlogPosting\",\"@id\":\"https:\\\/\\\/www.immo-invest.ch\\\/it\\\/rehabilitationszentrum-bleibt-erhalten-und-wird-erweitert\\\/#blogposting\",\"name\":\"Il centro di riabilitazione sar\\u00e0 mantenuto e ampliato - immo!nvest - Die Plattform f\\u00fcr Standorte und Immobilien\",\"headline\":\"Il centro di riabilitazione sar\\u00e0 mantenuto e ampliato\",\"author\":{\"@id\":\"https:\\\/\\\/www.immo-invest.ch\\\/it\\\/author\\\/immovestuser\\\/#author\"},\"publisher\":{\"@id\":\"https:\\\/\\\/www.immo-invest.ch\\\/it\\\/#organization\"},\"image\":{\"@type\":\"ImageObject\",\"url\":\"https:\\\/\\\/www.immo-invest.ch\\\/wp-content\\\/uploads\\\/2025\\\/07\\\/srccd9917f3444702bea8444391eed21f2f_par1b233f2d5045c8bd1e6815e086887d46_dat1541427917.jpg\",\"width\":1500,\"height\":880,\"caption\":\"https:\\\/\\\/www.lhm.ch\\\/de\\\/besucher\"},\"datePublished\":\"2025-07-21T08:30:00+02:00\",\"dateModified\":\"2025-07-14T11:57:14+02:00\",\"inLanguage\":\"it-IT\",\"mainEntityOfPage\":{\"@id\":\"https:\\\/\\\/www.immo-invest.ch\\\/it\\\/rehabilitationszentrum-bleibt-erhalten-und-wird-erweitert\\\/#webpage\"},\"isPartOf\":{\"@id\":\"https:\\\/\\\/www.immo-invest.ch\\\/it\\\/rehabilitationszentrum-bleibt-erhalten-und-wird-erweitert\\\/#webpage\"},\"articleSection\":\"immoNews, Societ\\u00e0, Gesundheitswesen, Immoinvest, immoNews, Klinik\\u00fcbernahme, News, Rehabilitation, Spitalliste, Spitalwahlfreiheit, Optional\"},{\"@type\":\"BreadcrumbList\",\"@id\":\"https:\\\/\\\/www.immo-invest.ch\\\/it\\\/rehabilitationszentrum-bleibt-erhalten-und-wird-erweitert\\\/#breadcrumblist\",\"itemListElement\":[{\"@type\":\"ListItem\",\"@id\":\"https:\\\/\\\/www.immo-invest.ch\\\/it\\\/#listItem\",\"position\":1,\"name\":\"Home\",\"item\":\"https:\\\/\\\/www.immo-invest.ch\\\/it\\\/\",\"nextItem\":{\"@type\":\"ListItem\",\"@id\":\"https:\\\/\\\/www.immo-invest.ch\\\/it\\\/categoria\\\/trends-it\\\/#listItem\",\"name\":\"Trends\"}},{\"@type\":\"ListItem\",\"@id\":\"https:\\\/\\\/www.immo-invest.ch\\\/it\\\/categoria\\\/trends-it\\\/#listItem\",\"position\":2,\"name\":\"Trends\",\"item\":\"https:\\\/\\\/www.immo-invest.ch\\\/it\\\/categoria\\\/trends-it\\\/\",\"nextItem\":{\"@type\":\"ListItem\",\"@id\":\"https:\\\/\\\/www.immo-invest.ch\\\/it\\\/categoria\\\/trends-it\\\/societa\\\/#listItem\",\"name\":\"Societ\\u00e0\"},\"previousItem\":{\"@type\":\"ListItem\",\"@id\":\"https:\\\/\\\/www.immo-invest.ch\\\/it\\\/#listItem\",\"name\":\"Home\"}},{\"@type\":\"ListItem\",\"@id\":\"https:\\\/\\\/www.immo-invest.ch\\\/it\\\/categoria\\\/trends-it\\\/societa\\\/#listItem\",\"position\":3,\"name\":\"Societ\\u00e0\",\"item\":\"https:\\\/\\\/www.immo-invest.ch\\\/it\\\/categoria\\\/trends-it\\\/societa\\\/\",\"nextItem\":{\"@type\":\"ListItem\",\"@id\":\"https:\\\/\\\/www.immo-invest.ch\\\/it\\\/rehabilitationszentrum-bleibt-erhalten-und-wird-erweitert\\\/#listItem\",\"name\":\"Il centro di riabilitazione sar\\u00e0 mantenuto e ampliato\"},\"previousItem\":{\"@type\":\"ListItem\",\"@id\":\"https:\\\/\\\/www.immo-invest.ch\\\/it\\\/categoria\\\/trends-it\\\/#listItem\",\"name\":\"Trends\"}},{\"@type\":\"ListItem\",\"@id\":\"https:\\\/\\\/www.immo-invest.ch\\\/it\\\/rehabilitationszentrum-bleibt-erhalten-und-wird-erweitert\\\/#listItem\",\"position\":4,\"name\":\"Il centro di riabilitazione sar\\u00e0 mantenuto e ampliato\",\"previousItem\":{\"@type\":\"ListItem\",\"@id\":\"https:\\\/\\\/www.immo-invest.ch\\\/it\\\/categoria\\\/trends-it\\\/societa\\\/#listItem\",\"name\":\"Societ\\u00e0\"}}]},{\"@type\":\"Organization\",\"@id\":\"https:\\\/\\\/www.immo-invest.ch\\\/it\\\/#organization\",\"name\":\"immo!nvest - Die Plattform f\\u00fcr Standorte und Immobilien\",\"description\":\"Die\\u00a0Plattform f\\u00fcr Standorte und Immobilien\",\"url\":\"https:\\\/\\\/www.immo-invest.ch\\\/it\\\/\",\"email\":\"admin@immomedia.ag\",\"telephone\":\"+41444420002\",\"logo\":{\"@type\":\"ImageObject\",\"url\":\"https:\\\/\\\/www.immo-invest.ch\\\/wp-content\\\/uploads\\\/2024\\\/09\\\/immoinvest_sm-scaled.jpg\",\"@id\":\"https:\\\/\\\/www.immo-invest.ch\\\/it\\\/rehabilitationszentrum-bleibt-erhalten-und-wird-erweitert\\\/#organizationLogo\",\"width\":2560,\"height\":1340},\"image\":{\"@id\":\"https:\\\/\\\/www.immo-invest.ch\\\/it\\\/rehabilitationszentrum-bleibt-erhalten-und-wird-erweitert\\\/#organizationLogo\"},\"sameAs\":[\"https:\\\/\\\/www.facebook.com\\\/people\\\/Immoinvest\\\/100077962920504\\\/\",\"https:\\\/\\\/x.com\\\/i\\\/flow\\\/login?redirect_after_login=immoinvest_ch\",\"https:\\\/\\\/www.instagram.com\\\/immoinvest_ch\\\/\",\"https:\\\/\\\/www.linkedin.com\\\/company\\\/immoinvest-swiss\"]},{\"@type\":\"Person\",\"@id\":\"https:\\\/\\\/www.immo-invest.ch\\\/it\\\/author\\\/immovestuser\\\/#author\",\"url\":\"https:\\\/\\\/www.immo-invest.ch\\\/it\\\/author\\\/immovestuser\\\/\",\"name\":\"immovestuser\",\"image\":{\"@type\":\"ImageObject\",\"@id\":\"https:\\\/\\\/www.immo-invest.ch\\\/it\\\/rehabilitationszentrum-bleibt-erhalten-und-wird-erweitert\\\/#authorImage\",\"url\":\"https:\\\/\\\/secure.gravatar.com\\\/avatar\\\/8e01f4d99f2eeea7a362ebb93305e1172a70e9293ba250f897a65c39f54cdd1e?s=96&d=mm&r=g\",\"width\":96,\"height\":96,\"caption\":\"immovestuser\"}},{\"@type\":\"WebPage\",\"@id\":\"https:\\\/\\\/www.immo-invest.ch\\\/it\\\/rehabilitationszentrum-bleibt-erhalten-und-wird-erweitert\\\/#webpage\",\"url\":\"https:\\\/\\\/www.immo-invest.ch\\\/it\\\/rehabilitationszentrum-bleibt-erhalten-und-wird-erweitert\\\/\",\"name\":\"Il centro di riabilitazione sar\\u00e0 mantenuto e ampliato - immo!nvest - Die Plattform f\\u00fcr Standorte und Immobilien\",\"description\":\"Berner Klink Montana (BKM) rilever\\u00e0 Luzerner H\\u00f6henklinik Montana (LHM) il 1\\u00b0 gennaio 2026. Un accordo in tal senso \\u00e8 stato raggiunto con l'Ospedale Cantonale di Lucerna e il Cantone di Lucerna. Gli edifici dell'LHM rimarranno di propriet\\u00e0 del Cantone di Lucerna.\",\"inLanguage\":\"it-IT\",\"isPartOf\":{\"@id\":\"https:\\\/\\\/www.immo-invest.ch\\\/it\\\/#website\"},\"breadcrumb\":{\"@id\":\"https:\\\/\\\/www.immo-invest.ch\\\/it\\\/rehabilitationszentrum-bleibt-erhalten-und-wird-erweitert\\\/#breadcrumblist\"},\"author\":{\"@id\":\"https:\\\/\\\/www.immo-invest.ch\\\/it\\\/author\\\/immovestuser\\\/#author\"},\"creator\":{\"@id\":\"https:\\\/\\\/www.immo-invest.ch\\\/it\\\/author\\\/immovestuser\\\/#author\"},\"image\":{\"@type\":\"ImageObject\",\"url\":\"https:\\\/\\\/www.immo-invest.ch\\\/wp-content\\\/uploads\\\/2025\\\/07\\\/srccd9917f3444702bea8444391eed21f2f_par1b233f2d5045c8bd1e6815e086887d46_dat1541427917.jpg\",\"@id\":\"https:\\\/\\\/www.immo-invest.ch\\\/it\\\/rehabilitationszentrum-bleibt-erhalten-und-wird-erweitert\\\/#mainImage\",\"width\":1500,\"height\":880,\"caption\":\"https:\\\/\\\/www.lhm.ch\\\/de\\\/besucher\"},\"primaryImageOfPage\":{\"@id\":\"https:\\\/\\\/www.immo-invest.ch\\\/it\\\/rehabilitationszentrum-bleibt-erhalten-und-wird-erweitert\\\/#mainImage\"},\"datePublished\":\"2025-07-21T08:30:00+02:00\",\"dateModified\":\"2025-07-14T11:57:14+02:00\"},{\"@type\":\"WebSite\",\"@id\":\"https:\\\/\\\/www.immo-invest.ch\\\/it\\\/#website\",\"url\":\"https:\\\/\\\/www.immo-invest.ch\\\/it\\\/\",\"name\":\"immo!nvest - Die Plattform f\\u00fcr Standorte und Immobilien\",\"description\":\"Die\\u00a0Plattform f\\u00fcr Standorte und Immobilien\",\"inLanguage\":\"it-IT\",\"publisher\":{\"@id\":\"https:\\\/\\\/www.immo-invest.ch\\\/it\\\/#organization\"}}]}\n\t\t<\/script>\n\t\t<!-- All in One SEO -->\n\n","aioseo_head_json":{"title":"Il centro di riabilitazione sar\u00e0 mantenuto e ampliato - immo!nvest - Die Plattform f\u00fcr Standorte und Immobilien","description":"Berner Klink Montana (BKM) rilever\u00e0 Luzerner H\u00f6henklinik Montana (LHM) il 1\u00b0 gennaio 2026. Un accordo in tal senso \u00e8 stato raggiunto con l'Ospedale Cantonale di Lucerna e il Cantone di Lucerna. Gli edifici dell'LHM rimarranno di propriet\u00e0 del Cantone di Lucerna.","canonical_url":"https:\/\/www.immo-invest.ch\/it\/rehabilitationszentrum-bleibt-erhalten-und-wird-erweitert\/","robots":"max-image-preview:large","keywords":"","webmasterTools":{"google-site-verification":"fHJKvgWpZCR2zVBHWfkQeFXC11qieUSff0HGNYfuyLA","miscellaneous":""},"schema":{"@context":"https:\/\/schema.org","@graph":[{"@type":"BlogPosting","@id":"https:\/\/www.immo-invest.ch\/it\/rehabilitationszentrum-bleibt-erhalten-und-wird-erweitert\/#blogposting","name":"Il centro di riabilitazione sar\u00e0 mantenuto e ampliato - immo!nvest - Die Plattform f\u00fcr Standorte und Immobilien","headline":"Il centro di riabilitazione sar\u00e0 mantenuto e ampliato","author":{"@id":"https:\/\/www.immo-invest.ch\/it\/author\/immovestuser\/#author"},"publisher":{"@id":"https:\/\/www.immo-invest.ch\/it\/#organization"},"image":{"@type":"ImageObject","url":"https:\/\/www.immo-invest.ch\/wp-content\/uploads\/2025\/07\/srccd9917f3444702bea8444391eed21f2f_par1b233f2d5045c8bd1e6815e086887d46_dat1541427917.jpg","width":1500,"height":880,"caption":"https:\/\/www.lhm.ch\/de\/besucher"},"datePublished":"2025-07-21T08:30:00+02:00","dateModified":"2025-07-14T11:57:14+02:00","inLanguage":"it-IT","mainEntityOfPage":{"@id":"https:\/\/www.immo-invest.ch\/it\/rehabilitationszentrum-bleibt-erhalten-und-wird-erweitert\/#webpage"},"isPartOf":{"@id":"https:\/\/www.immo-invest.ch\/it\/rehabilitationszentrum-bleibt-erhalten-und-wird-erweitert\/#webpage"},"articleSection":"immoNews, Societ\u00e0, Gesundheitswesen, Immoinvest, immoNews, Klinik\u00fcbernahme, News, Rehabilitation, Spitalliste, Spitalwahlfreiheit, Optional"},{"@type":"BreadcrumbList","@id":"https:\/\/www.immo-invest.ch\/it\/rehabilitationszentrum-bleibt-erhalten-und-wird-erweitert\/#breadcrumblist","itemListElement":[{"@type":"ListItem","@id":"https:\/\/www.immo-invest.ch\/it\/#listItem","position":1,"name":"Home","item":"https:\/\/www.immo-invest.ch\/it\/","nextItem":{"@type":"ListItem","@id":"https:\/\/www.immo-invest.ch\/it\/categoria\/trends-it\/#listItem","name":"Trends"}},{"@type":"ListItem","@id":"https:\/\/www.immo-invest.ch\/it\/categoria\/trends-it\/#listItem","position":2,"name":"Trends","item":"https:\/\/www.immo-invest.ch\/it\/categoria\/trends-it\/","nextItem":{"@type":"ListItem","@id":"https:\/\/www.immo-invest.ch\/it\/categoria\/trends-it\/societa\/#listItem","name":"Societ\u00e0"},"previousItem":{"@type":"ListItem","@id":"https:\/\/www.immo-invest.ch\/it\/#listItem","name":"Home"}},{"@type":"ListItem","@id":"https:\/\/www.immo-invest.ch\/it\/categoria\/trends-it\/societa\/#listItem","position":3,"name":"Societ\u00e0","item":"https:\/\/www.immo-invest.ch\/it\/categoria\/trends-it\/societa\/","nextItem":{"@type":"ListItem","@id":"https:\/\/www.immo-invest.ch\/it\/rehabilitationszentrum-bleibt-erhalten-und-wird-erweitert\/#listItem","name":"Il centro di riabilitazione sar\u00e0 mantenuto e ampliato"},"previousItem":{"@type":"ListItem","@id":"https:\/\/www.immo-invest.ch\/it\/categoria\/trends-it\/#listItem","name":"Trends"}},{"@type":"ListItem","@id":"https:\/\/www.immo-invest.ch\/it\/rehabilitationszentrum-bleibt-erhalten-und-wird-erweitert\/#listItem","position":4,"name":"Il centro di riabilitazione sar\u00e0 mantenuto e ampliato","previousItem":{"@type":"ListItem","@id":"https:\/\/www.immo-invest.ch\/it\/categoria\/trends-it\/societa\/#listItem","name":"Societ\u00e0"}}]},{"@type":"Organization","@id":"https:\/\/www.immo-invest.ch\/it\/#organization","name":"immo!nvest - Die Plattform f\u00fcr Standorte und Immobilien","description":"Die\u00a0Plattform f\u00fcr Standorte und Immobilien","url":"https:\/\/www.immo-invest.ch\/it\/","email":"admin@immomedia.ag","telephone":"+41444420002","logo":{"@type":"ImageObject","url":"https:\/\/www.immo-invest.ch\/wp-content\/uploads\/2024\/09\/immoinvest_sm-scaled.jpg","@id":"https:\/\/www.immo-invest.ch\/it\/rehabilitationszentrum-bleibt-erhalten-und-wird-erweitert\/#organizationLogo","width":2560,"height":1340},"image":{"@id":"https:\/\/www.immo-invest.ch\/it\/rehabilitationszentrum-bleibt-erhalten-und-wird-erweitert\/#organizationLogo"},"sameAs":["https:\/\/www.facebook.com\/people\/Immoinvest\/100077962920504\/","https:\/\/x.com\/i\/flow\/login?redirect_after_login=immoinvest_ch","https:\/\/www.instagram.com\/immoinvest_ch\/","https:\/\/www.linkedin.com\/company\/immoinvest-swiss"]},{"@type":"Person","@id":"https:\/\/www.immo-invest.ch\/it\/author\/immovestuser\/#author","url":"https:\/\/www.immo-invest.ch\/it\/author\/immovestuser\/","name":"immovestuser","image":{"@type":"ImageObject","@id":"https:\/\/www.immo-invest.ch\/it\/rehabilitationszentrum-bleibt-erhalten-und-wird-erweitert\/#authorImage","url":"https:\/\/secure.gravatar.com\/avatar\/8e01f4d99f2eeea7a362ebb93305e1172a70e9293ba250f897a65c39f54cdd1e?s=96&d=mm&r=g","width":96,"height":96,"caption":"immovestuser"}},{"@type":"WebPage","@id":"https:\/\/www.immo-invest.ch\/it\/rehabilitationszentrum-bleibt-erhalten-und-wird-erweitert\/#webpage","url":"https:\/\/www.immo-invest.ch\/it\/rehabilitationszentrum-bleibt-erhalten-und-wird-erweitert\/","name":"Il centro di riabilitazione sar\u00e0 mantenuto e ampliato - immo!nvest - Die Plattform f\u00fcr Standorte und Immobilien","description":"Berner Klink Montana (BKM) rilever\u00e0 Luzerner H\u00f6henklinik Montana (LHM) il 1\u00b0 gennaio 2026. Un accordo in tal senso \u00e8 stato raggiunto con l'Ospedale Cantonale di Lucerna e il Cantone di Lucerna. Gli edifici dell'LHM rimarranno di propriet\u00e0 del Cantone di Lucerna.","inLanguage":"it-IT","isPartOf":{"@id":"https:\/\/www.immo-invest.ch\/it\/#website"},"breadcrumb":{"@id":"https:\/\/www.immo-invest.ch\/it\/rehabilitationszentrum-bleibt-erhalten-und-wird-erweitert\/#breadcrumblist"},"author":{"@id":"https:\/\/www.immo-invest.ch\/it\/author\/immovestuser\/#author"},"creator":{"@id":"https:\/\/www.immo-invest.ch\/it\/author\/immovestuser\/#author"},"image":{"@type":"ImageObject","url":"https:\/\/www.immo-invest.ch\/wp-content\/uploads\/2025\/07\/srccd9917f3444702bea8444391eed21f2f_par1b233f2d5045c8bd1e6815e086887d46_dat1541427917.jpg","@id":"https:\/\/www.immo-invest.ch\/it\/rehabilitationszentrum-bleibt-erhalten-und-wird-erweitert\/#mainImage","width":1500,"height":880,"caption":"https:\/\/www.lhm.ch\/de\/besucher"},"primaryImageOfPage":{"@id":"https:\/\/www.immo-invest.ch\/it\/rehabilitationszentrum-bleibt-erhalten-und-wird-erweitert\/#mainImage"},"datePublished":"2025-07-21T08:30:00+02:00","dateModified":"2025-07-14T11:57:14+02:00"},{"@type":"WebSite","@id":"https:\/\/www.immo-invest.ch\/it\/#website","url":"https:\/\/www.immo-invest.ch\/it\/","name":"immo!nvest - Die Plattform f\u00fcr Standorte und Immobilien","description":"Die\u00a0Plattform f\u00fcr Standorte und Immobilien","inLanguage":"it-IT","publisher":{"@id":"https:\/\/www.immo-invest.ch\/it\/#organization"}}]},"og:locale":"it_IT","og:site_name":"immo!nvest - Die Plattform f\u00fcr Standorte und Immobilien - Die\u00a0Plattform f\u00fcr Standorte und Immobilien","og:type":"article","og:title":"Il centro di riabilitazione sar\u00e0 mantenuto e ampliato - immo!nvest - Die Plattform f\u00fcr Standorte und Immobilien","og:description":"Berner Klink Montana (BKM) rilever\u00e0 Luzerner H\u00f6henklinik Montana (LHM) il 1\u00b0 gennaio 2026. Un accordo in tal senso \u00e8 stato raggiunto con l'Ospedale Cantonale di Lucerna e il Cantone di Lucerna. Gli edifici dell'LHM rimarranno di propriet\u00e0 del Cantone di Lucerna.","og:url":"https:\/\/www.immo-invest.ch\/it\/rehabilitationszentrum-bleibt-erhalten-und-wird-erweitert\/","og:image":"https:\/\/www.immo-invest.ch\/wp-content\/uploads\/2025\/07\/srccd9917f3444702bea8444391eed21f2f_par1b233f2d5045c8bd1e6815e086887d46_dat1541427917.jpg","og:image:secure_url":"https:\/\/www.immo-invest.ch\/wp-content\/uploads\/2025\/07\/srccd9917f3444702bea8444391eed21f2f_par1b233f2d5045c8bd1e6815e086887d46_dat1541427917.jpg","og:image:width":1500,"og:image:height":880,"article:published_time":"2025-07-21T06:30:00+00:00","article:modified_time":"2025-07-14T09:57:14+00:00","article:publisher":"https:\/\/www.facebook.com\/people\/Immoinvest\/100077962920504\/","twitter:card":"summary_large_image","twitter:site":"@i","twitter:title":"Il centro di riabilitazione sar\u00e0 mantenuto e ampliato - immo!nvest - Die Plattform f\u00fcr Standorte und Immobilien","twitter:description":"Berner Klink Montana (BKM) rilever\u00e0 Luzerner H\u00f6henklinik Montana (LHM) il 1\u00b0 gennaio 2026. Un accordo in tal senso \u00e8 stato raggiunto con l'Ospedale Cantonale di Lucerna e il Cantone di Lucerna. Gli edifici dell'LHM rimarranno di propriet\u00e0 del Cantone di Lucerna.","twitter:creator":"@i","twitter:image":"https:\/\/www.immo-invest.ch\/wp-content\/uploads\/2025\/07\/srccd9917f3444702bea8444391eed21f2f_par1b233f2d5045c8bd1e6815e086887d46_dat1541427917.jpg"},"aioseo_meta_data":{"post_id":"135800","title":null,"description":null,"keywords":null,"keyphrases":{"focus":{"keyphrase":"","score":0,"analysis":{"keyphraseInTitle":{"score":0,"maxScore":9,"error":1}}},"additional":[]},"primary_term":null,"canonical_url":null,"og_title":null,"og_description":null,"og_object_type":"default","og_image_type":"default","og_image_url":null,"og_image_width":null,"og_image_height":null,"og_image_custom_url":null,"og_image_custom_fields":null,"og_video":"","og_custom_url":null,"og_article_section":null,"og_article_tags":null,"twitter_use_og":false,"twitter_card":"default","twitter_image_type":"default","twitter_image_url":null,"twitter_image_custom_url":null,"twitter_image_custom_fields":null,"twitter_title":null,"twitter_description":null,"schema":{"blockGraphs":[],"customGraphs":[],"default":{"data":{"Article":[],"Course":[],"Dataset":[],"FAQPage":[],"Movie":[],"Person":[],"Product":[],"ProductReview":[],"Car":[],"Recipe":[],"Service":[],"SoftwareApplication":[],"WebPage":[]},"graphName":"BlogPosting","isEnabled":true},"graphs":[]},"schema_type":"default","schema_type_options":null,"pillar_content":false,"robots_default":true,"robots_noindex":false,"robots_noarchive":false,"robots_nosnippet":false,"robots_nofollow":false,"robots_noimageindex":false,"robots_noodp":false,"robots_notranslate":false,"robots_max_snippet":"-1","robots_max_videopreview":"-1","robots_max_imagepreview":"large","priority":null,"frequency":"default","local_seo":null,"breadcrumb_settings":null,"limit_modified_date":false,"ai":null,"created":"2025-07-14 09:56:35","updated":"2025-10-24 23:15:15","seo_analyzer_scan_date":null,"focus_keyword":null,"additional_keywords":null,"truseo_locale":null},"aioseo_breadcrumb":"<div class=\"aioseo-breadcrumbs\"><span class=\"aioseo-breadcrumb\">\n\t\t\t<a href=\"https:\/\/www.immo-invest.ch\/it\/\" title=\"Home\">Home<\/a>\n\t\t<\/span><span class=\"aioseo-breadcrumb-separator\">&raquo;<\/span><span class=\"aioseo-breadcrumb\">\n\t\t\t<a href=\"https:\/\/www.immo-invest.ch\/it\/categoria\/trends-it\/\" title=\"Trends\">Trends<\/a>\n\t\t<\/span><span class=\"aioseo-breadcrumb-separator\">&raquo;<\/span><span class=\"aioseo-breadcrumb\">\n\t\t\t<a href=\"https:\/\/www.immo-invest.ch\/it\/categoria\/trends-it\/societa\/\" title=\"Societ\u00e0\">Societ\u00e0<\/a>\n\t\t<\/span><span class=\"aioseo-breadcrumb-separator\">&raquo;<\/span><span class=\"aioseo-breadcrumb\">\n\t\t\tIl centro di riabilitazione sar\u00e0 mantenuto e ampliato\n\t\t<\/span><\/div>","aioseo_breadcrumb_json":[{"label":"Home","link":"https:\/\/www.immo-invest.ch\/it\/"},{"label":"Trends","link":"https:\/\/www.immo-invest.ch\/it\/categoria\/trends-it\/"},{"label":"Societ\u00e0","link":"https:\/\/www.immo-invest.ch\/it\/categoria\/trends-it\/societa\/"},{"label":"Il centro di riabilitazione sar\u00e0 mantenuto e ampliato","link":"https:\/\/www.immo-invest.ch\/it\/rehabilitationszentrum-bleibt-erhalten-und-wird-erweitert\/"}],"featured_image_src":"https:\/\/www.immo-invest.ch\/wp-content\/uploads\/2025\/07\/srccd9917f3444702bea8444391eed21f2f_par1b233f2d5045c8bd1e6815e086887d46_dat1541427917-336x168.jpg","_links":{"self":[{"href":"https:\/\/www.immo-invest.ch\/it\/wp-json\/wp\/v2\/posts\/135800","targetHints":{"allow":["GET"]}}],"collection":[{"href":"https:\/\/www.immo-invest.ch\/it\/wp-json\/wp\/v2\/posts"}],"about":[{"href":"https:\/\/www.immo-invest.ch\/it\/wp-json\/wp\/v2\/types\/post"}],"author":[{"embeddable":true,"href":"https:\/\/www.immo-invest.ch\/it\/wp-json\/wp\/v2\/users\/2"}],"replies":[{"embeddable":true,"href":"https:\/\/www.immo-invest.ch\/it\/wp-json\/wp\/v2\/comments?post=135800"}],"version-history":[{"count":0,"href":"https:\/\/www.immo-invest.ch\/it\/wp-json\/wp\/v2\/posts\/135800\/revisions"}],"wp:featuredmedia":[{"embeddable":true,"href":"https:\/\/www.immo-invest.ch\/it\/wp-json\/wp\/v2\/media\/135795"}],"wp:attachment":[{"href":"https:\/\/www.immo-invest.ch\/it\/wp-json\/wp\/v2\/media?parent=135800"}],"wp:term":[{"taxonomy":"category","embeddable":true,"href":"https:\/\/www.immo-invest.ch\/it\/wp-json\/wp\/v2\/categories?post=135800"},{"taxonomy":"post_tag","embeddable":true,"href":"https:\/\/www.immo-invest.ch\/it\/wp-json\/wp\/v2\/tags?post=135800"}],"curies":[{"name":"wp","href":"https:\/\/api.w.org\/{rel}","templated":true}]}}