{"id":135642,"date":"2025-07-11T12:50:01","date_gmt":"2025-07-11T10:50:01","guid":{"rendered":"https:\/\/www.immo-invest.ch\/?p=135642"},"modified":"2025-07-10T11:54:37","modified_gmt":"2025-07-10T09:54:37","slug":"zuerich-setzt-auf-zukunft","status":"publish","type":"post","link":"https:\/\/www.immo-invest.ch\/it\/zuerich-setzt-auf-zukunft\/","title":{"rendered":"Zurich si concentra sul futuro"},"content":{"rendered":"<p class=\"wp-block-paragraph\">Il Cantone di Zurigo guarda al nord, o pi&ugrave; precisamente a Copenhagen, come esempio pionieristico. La capitale danese ha dimostrato in modo impressionante che si possono raggiungere obiettivi climatici ambiziosi senza compromettere la qualit&agrave; della vita. Con una riduzione dell&rsquo;80% delle emissioni di CO2 dal 2012, Copenaghen ha realizzato un&rsquo;impresa straordinaria. Ispirandosi a questo, il Cantone di Zurigo sta cercando di raggiungere la neutralit&agrave; dei gas serra entro il 2040, o al pi&ugrave; tardi entro il 2050. Questo obiettivo, che sar&agrave; sottoposto al voto degli elettori di Zurigo il 28 settembre 2025, rappresenta un chiaro impegno per una politica climatica sostenibile. Non si tratta solo di definire un obiettivo, ma di portare avanti in modo coerente l&rsquo;effettiva riduzione delle emissioni di CO2. Si tratta di un impegno che richiede determinazione e forza innovativa.<\/p>\n\n\n\n\n\n<p class=\"wp-block-paragraph\"><strong>Successo grazie a misure mirate<br><\/strong>Oltre alla protezione del clima, il Cantone di Zurigo sta investendo molto nella conservazione e nella promozione della biodiversit&agrave;. Gli habitat per la flora e la fauna vengono recuperati attraverso la riqualificazione ecologica, la rinaturalizzazione e il mantenimento quasi naturale. Il monitoraggio di successo dimostra in modo impressionante la rapidit&agrave; con cui la natura si adatta e prospera. Un esempio eccezionale &egrave; la riqualificazione dei corsi d&rsquo;acqua nell&rsquo;ambito del programma &ldquo;Acque diverse di Zurigo&rdquo;, che ha portato alla rapida reintroduzione delle libellule. Anche la manutenzione adattata degli argini lungo le strade cantonali sta avendo un effetto. La vita vi pulsa, gli insetti e i piccoli animali stanno nuovamente trovando un habitat adatto. Questi successi dimostrano che l&rsquo;impegno per la biodiversit&agrave; &egrave; valido e che la natura risponde rapidamente con misure mirate.<\/p>\n\n\n\n\n\n<p class=\"wp-block-paragraph\"><strong>Preparare il terreno per un futuro sostenibile<br><\/strong>Il Cantone di Zurigo sta preparando il terreno per un futuro sostenibile, rivedendo diverse leggi e introducendo nuovi strumenti.<\/p>\n\n\n\n\n\n<p class=\"wp-block-paragraph\"><em>Ordinanza sulla protezione dal rumore<\/em><br>La consultazione sulla revisione dell&rsquo;Ordinanza sulla protezione dal rumore, che dovrebbe entrare in vigore il 1&deg; aprile 2026, durer&agrave; fino al 6 ottobre 2025. Si tratta di una conseguenza diretta degli emendamenti alla Legge sulla Protezione Ambientale adottati nel settembre 2024.<\/p>\n\n\n\n\n\n<p class=\"wp-block-paragraph\"><em>Mappa GIS &ldquo;Piani delle zone centrali<\/em>&ldquo;<em><br> Una nuova mappa digitale offre ora una panoramica completa dei piani supplementari giuridicamente vincolanti per le &ldquo;zone centrali&rdquo; e dei loro elementi, sulla base del Catasto RDPP.<\/em><\/p>\n\n\n\n\n\n<p class=\"wp-block-paragraph\"><em>Ordinanza sul CO2<br><\/em>Il Consiglio federale ha messo in vigore l&rsquo;Ordinanza sul CO2 rivista con effetto retroattivo parziale a partire dal 1&deg; gennaio 2025. Essa stabilisce obiettivi di riduzione delle emissioni di gas a effetto serra entro il 2030 e specifica le misure di adattamento al cambiamento climatico, nonch&eacute; i sussidi per le tecnologie rispettose del clima.<\/p>\n\n\n\n\n\n<p class=\"wp-block-paragraph\"><em>Lotta agli organismi invasivi<\/em><br>La consultazione sulla revisione della Legge sulla Protezione Ambientale, che intende conferire ai Cantoni maggiori poteri nella lotta contro gli organismi alieni invasivi, &egrave; aperta fino al 13 ottobre 2025.<\/p>\n\n\n\n\n\n<p class=\"wp-block-paragraph\"><em>Regolamenti sui parcheggi<br><\/em>Un emendamento alla Legge sulla Pianificazione e l&rsquo;Edilizia, a partire dal 1&deg; agosto 2025, consentir&agrave; di ridurre il numero di posti auto in singoli casi, a condizione che non vi <span class=\"glossaryLink\"  aria-describedby=\"tt\"  data-cmtooltip=\"&lt;div class=glossaryItemTitle&gt;SIA&lt;\/div&gt;&lt;div class=glossaryItemBody&gt;Schweizerischer Ingenieur- und Architektenverein; massgebender Berufsverband f&uuml;r qualifizierte Fachleute der Bereiche Bau, Technik und Umwelt mit rund f&uuml;nfzehntausend Mitgliedern&lt;\/div&gt;\"  data-mobile-support=\"0\"  data-gt-translate-attributes='[{\"attribute\":\"data-cmtooltip\", \"format\":\"html\"}]' tabindex='0' role='link'>sia<\/span> un trasferimento di spazi pubblici.<\/p>\n\n\n\n\n\n<p class=\"wp-block-paragraph\"><em>&Ouml;KOPROFIT<br><\/em>Questo programma collaudato aiuta con successo le aziende a iniziare la gestione ambientale, al fine di ridurre i costi, ottimizzare l&rsquo;efficienza delle risorse e migliorare la loro impronta ambientale. Il Cantone di Zurigo sta cercando di coinvolgere altri Cantoni in &Ouml;KOPROFIT.<\/p>\n\n\n\n\n\n<p class=\"wp-block-paragraph\"><em>Edifici tutelati<br><\/em>Una proposta di legge attualmente in fase di consultazione mira a semplificare la costruzione e la modernizzazione energetica degli edifici tutelati.<\/p>\n\n\n\n\n\n<p class=\"wp-block-paragraph\"><em>Deposito geologico profondo<br><\/em>Le domande di licenza generale per il deposito geologico profondo e l&rsquo;impianto di confezionamento degli elementi di combustibile, presentate da Nagra, sono ora accessibili al pubblico dopo essere state riviste e modificate.<\/p>\n\n\n\n\n\n<p class=\"wp-block-paragraph\"><em>Espansione dell&rsquo;energia idroelettrica su larga scala<br><\/em>Un rapporto pubblicato dal Consiglio Federale il 13 giugno 2025 evidenzia il notevole potenziale, ma anche le incertezze che circondano il rinnovo e l&rsquo;espansione dell&rsquo;energia idroelettrica su larga scala.<\/p>\n\n\n\n\n\n<p class=\"wp-block-paragraph\">Zurigo &egrave; pronta ad affrontare le sfide del cambiamento climatico e a sfruttare le opportunit&agrave; per un futuro pi&ugrave; sostenibile. &Egrave; tempo di agire, o come si dice in Danimarca &ldquo;S&aring; kom nu i gang!&rdquo;<\/p>\n\n","protected":false},"excerpt":{"rendered":"<p>L&#8217;ultimo numero di Z\u00fcrcher Umweltpraxis und Raumentwicklung mostra chiaramente che l&#8217;impegno per la protezione del clima e dell&#8217;ambiente sta dando i suoi frutti. Il Cantone di Zurigo prende sul serio la sua responsabilit\u00e0 per il clima e l&#8217;ambiente. Con obiettivi ambiziosi, misure concrete e una chiara visione del futuro, sta plasmando un futuro in cui qualit\u00e0 della vita e sostenibilit\u00e0 vanno di pari passo. Zurigo non si sta concentrando solo sulla riduzione dei gas serra, ma anche sulla promozione della biodiversit\u00e0 e su approcci innovativi alla gestione ambientale.<\/p>\n","protected":false},"author":2,"featured_media":129072,"comment_status":"open","ping_status":"open","sticky":false,"template":"","format":"standard","meta":{"pmpro_default_level":"","inline_featured_image":false,"_monsterinsights_skip_tracking":false,"footnotes":""},"categories":[8750,745,22700,4817],"tags":[53687,53688,1945,53689,47552,47553,867,3935,1961,2006],"class_list":["post-135642","post","type-post","status-publish","format-standard","has-post-thumbnail","hentry","category-energia","category-immonews-it","category-sostenibilita","category-regione-zurigo","tag-aufwertung-it","tag-bioiversitaet-it","tag-co2-ausstoss-it","tag-daenemark-it","tag-fauna-it","tag-flora-it","tag-immoinvest-it","tag-immonews-it","tag-nachhaltigkeit-it","tag-news-it","pmpro-has-access"],"acf":{"bild_mit_ki_erstellt_worden":[],"lead":"L'ultimo numero di Z\u00fcrcher Umweltpraxis und Raumentwicklung mostra chiaramente che l'impegno per la protezione del clima e dell'ambiente sta dando i suoi frutti. Il Cantone di Zurigo prende sul serio la sua responsabilit\u00e0 per il clima e l'ambiente. Con obiettivi ambiziosi, misure concrete e una chiara visione del futuro, sta plasmando un futuro in cui qualit\u00e0 della vita e sostenibilit\u00e0 vanno di pari passo. Zurigo non si sta concentrando solo sulla riduzione dei gas serra, ma anche sulla promozione della biodiversit\u00e0 e su approcci innovativi alla gestione ambientale.","autor":"Quelle: Z\u00fcrich","ort":"","bildunterschrift":"","bild_im_grid":false,"gallerie":"","newsim":""},"aioseo_notices":[],"aioseo_head":"\n\t\t<!-- All in One SEO 5.0.1.1 - aioseo.com -->\n\t<meta name=\"description\" content=\"L&#039;ultimo numero di Z\u00fcrcher Umweltpraxis und Raumentwicklung mostra chiaramente che l&#039;impegno per la protezione del clima e dell&#039;ambiente sta dando i suoi frutti. Il Cantone di Zurigo prende sul serio la sua responsabilit\u00e0 per il clima e l&#039;ambiente. Con obiettivi ambiziosi, misure concrete e una chiara visione del futuro, sta plasmando un futuro in cui qualit\u00e0 della vita e sostenibilit\u00e0 vanno di pari passo. Zurigo non si sta concentrando solo sulla riduzione dei gas serra, ma anche sulla promozione della biodiversit\u00e0 e su approcci innovativi alla gestione ambientale.\" \/>\n\t<meta name=\"robots\" content=\"max-image-preview:large\" \/>\n\t<meta name=\"author\" content=\"immovestuser\"\/>\n\t<meta name=\"google-site-verification\" content=\"fHJKvgWpZCR2zVBHWfkQeFXC11qieUSff0HGNYfuyLA\" \/>\n\t<link rel=\"canonical\" href=\"https:\/\/www.immo-invest.ch\/it\/zuerich-setzt-auf-zukunft\/\" \/>\n\t<meta name=\"generator\" content=\"All in One SEO (AIOSEO) 5.0.1.1\" \/>\n\t\t<meta property=\"og:locale\" content=\"it_IT\" \/>\n\t\t<meta property=\"og:site_name\" content=\"immo!nvest - Die Plattform f\u00fcr Standorte und Immobilien - Die\u00a0Plattform f\u00fcr Standorte und Immobilien\" \/>\n\t\t<meta property=\"og:type\" content=\"article\" \/>\n\t\t<meta property=\"og:title\" content=\"Zurich si concentra sul futuro - immo!nvest - Die Plattform f\u00fcr Standorte und Immobilien\" \/>\n\t\t<meta property=\"og:description\" content=\"L&#039;ultimo numero di Z\u00fcrcher Umweltpraxis und Raumentwicklung mostra chiaramente che l&#039;impegno per la protezione del clima e dell&#039;ambiente sta dando i suoi frutti. Il Cantone di Zurigo prende sul serio la sua responsabilit\u00e0 per il clima e l&#039;ambiente. Con obiettivi ambiziosi, misure concrete e una chiara visione del futuro, sta plasmando un futuro in cui qualit\u00e0 della vita e sostenibilit\u00e0 vanno di pari passo. Zurigo non si sta concentrando solo sulla riduzione dei gas serra, ma anche sulla promozione della biodiversit\u00e0 e su approcci innovativi alla gestione ambientale.\" \/>\n\t\t<meta property=\"og:url\" content=\"https:\/\/www.immo-invest.ch\/it\/zuerich-setzt-auf-zukunft\/\" \/>\n\t\t<meta property=\"og:image\" content=\"https:\/\/www.immo-invest.ch\/wp-content\/uploads\/2025\/03\/Baeume_Urban_Baum_Stadt-scaled.jpg\" \/>\n\t\t<meta property=\"og:image:secure_url\" content=\"https:\/\/www.immo-invest.ch\/wp-content\/uploads\/2025\/03\/Baeume_Urban_Baum_Stadt-scaled.jpg\" \/>\n\t\t<meta property=\"article:published_time\" content=\"2025-07-11T10:50:01+00:00\" \/>\n\t\t<meta property=\"article:modified_time\" content=\"2025-07-10T09:54:37+00:00\" \/>\n\t\t<meta property=\"article:publisher\" content=\"https:\/\/www.facebook.com\/people\/Immoinvest\/100077962920504\/\" \/>\n\t\t<meta name=\"twitter:card\" content=\"summary_large_image\" \/>\n\t\t<meta name=\"twitter:site\" content=\"@i\" \/>\n\t\t<meta name=\"twitter:title\" content=\"Zurich si concentra sul futuro - immo!nvest - Die Plattform f\u00fcr Standorte und Immobilien\" \/>\n\t\t<meta name=\"twitter:description\" content=\"L&#039;ultimo numero di Z\u00fcrcher Umweltpraxis und Raumentwicklung mostra chiaramente che l&#039;impegno per la protezione del clima e dell&#039;ambiente sta dando i suoi frutti. Il Cantone di Zurigo prende sul serio la sua responsabilit\u00e0 per il clima e l&#039;ambiente. Con obiettivi ambiziosi, misure concrete e una chiara visione del futuro, sta plasmando un futuro in cui qualit\u00e0 della vita e sostenibilit\u00e0 vanno di pari passo. Zurigo non si sta concentrando solo sulla riduzione dei gas serra, ma anche sulla promozione della biodiversit\u00e0 e su approcci innovativi alla gestione ambientale.\" \/>\n\t\t<meta name=\"twitter:creator\" content=\"@i\" \/>\n\t\t<meta name=\"twitter:image\" content=\"https:\/\/www.immo-invest.ch\/wp-content\/uploads\/2025\/03\/Baeume_Urban_Baum_Stadt-scaled.jpg\" \/>\n\t\t<script type=\"application\/ld+json\" class=\"aioseo-schema\">\n\t\t\t{\"@context\":\"https:\\\/\\\/schema.org\",\"@graph\":[{\"@type\":\"BlogPosting\",\"@id\":\"https:\\\/\\\/www.immo-invest.ch\\\/it\\\/zuerich-setzt-auf-zukunft\\\/#blogposting\",\"name\":\"Zurich si concentra sul futuro - immo!nvest - Die Plattform f\\u00fcr Standorte und Immobilien\",\"headline\":\"Zurich si concentra sul futuro\",\"author\":{\"@id\":\"https:\\\/\\\/www.immo-invest.ch\\\/it\\\/author\\\/immovestuser\\\/#author\"},\"publisher\":{\"@id\":\"https:\\\/\\\/www.immo-invest.ch\\\/it\\\/#organization\"},\"image\":{\"@type\":\"ImageObject\",\"url\":\"https:\\\/\\\/www.immo-invest.ch\\\/wp-content\\\/uploads\\\/2025\\\/03\\\/Baeume_Urban_Baum_Stadt-scaled.jpg\"},\"datePublished\":\"2025-07-11T12:50:01+02:00\",\"dateModified\":\"2025-07-10T11:54:37+02:00\",\"inLanguage\":\"it-IT\",\"mainEntityOfPage\":{\"@id\":\"https:\\\/\\\/www.immo-invest.ch\\\/it\\\/zuerich-setzt-auf-zukunft\\\/#webpage\"},\"isPartOf\":{\"@id\":\"https:\\\/\\\/www.immo-invest.ch\\\/it\\\/zuerich-setzt-auf-zukunft\\\/#webpage\"},\"articleSection\":\"Energia, immoNews, Sostenibilit\\u00e0, Zurigo, Aufwertung, Bioiversit\\u00e4t, CO2-Ausstoss, D\\u00e4nemark, Fauna, Flora, Immoinvest, immoNews, Nachhaltigkeit, News, Optional\"},{\"@type\":\"BreadcrumbList\",\"@id\":\"https:\\\/\\\/www.immo-invest.ch\\\/it\\\/zuerich-setzt-auf-zukunft\\\/#breadcrumblist\",\"itemListElement\":[{\"@type\":\"ListItem\",\"@id\":\"https:\\\/\\\/www.immo-invest.ch\\\/it\\\/#listItem\",\"position\":1,\"name\":\"Home\",\"item\":\"https:\\\/\\\/www.immo-invest.ch\\\/it\\\/\",\"nextItem\":{\"@type\":\"ListItem\",\"@id\":\"https:\\\/\\\/www.immo-invest.ch\\\/it\\\/categoria\\\/regioni\\\/#listItem\",\"name\":\"Regioni\"}},{\"@type\":\"ListItem\",\"@id\":\"https:\\\/\\\/www.immo-invest.ch\\\/it\\\/categoria\\\/regioni\\\/#listItem\",\"position\":2,\"name\":\"Regioni\",\"item\":\"https:\\\/\\\/www.immo-invest.ch\\\/it\\\/categoria\\\/regioni\\\/\",\"nextItem\":{\"@type\":\"ListItem\",\"@id\":\"https:\\\/\\\/www.immo-invest.ch\\\/it\\\/categoria\\\/regioni\\\/svizzera\\\/#listItem\",\"name\":\"Svizzera\"},\"previousItem\":{\"@type\":\"ListItem\",\"@id\":\"https:\\\/\\\/www.immo-invest.ch\\\/it\\\/#listItem\",\"name\":\"Home\"}},{\"@type\":\"ListItem\",\"@id\":\"https:\\\/\\\/www.immo-invest.ch\\\/it\\\/categoria\\\/regioni\\\/svizzera\\\/#listItem\",\"position\":3,\"name\":\"Svizzera\",\"item\":\"https:\\\/\\\/www.immo-invest.ch\\\/it\\\/categoria\\\/regioni\\\/svizzera\\\/\",\"nextItem\":{\"@type\":\"ListItem\",\"@id\":\"https:\\\/\\\/www.immo-invest.ch\\\/it\\\/categoria\\\/regioni\\\/svizzera\\\/regione-zurigo\\\/#listItem\",\"name\":\"Zurigo\"},\"previousItem\":{\"@type\":\"ListItem\",\"@id\":\"https:\\\/\\\/www.immo-invest.ch\\\/it\\\/categoria\\\/regioni\\\/#listItem\",\"name\":\"Regioni\"}},{\"@type\":\"ListItem\",\"@id\":\"https:\\\/\\\/www.immo-invest.ch\\\/it\\\/categoria\\\/regioni\\\/svizzera\\\/regione-zurigo\\\/#listItem\",\"position\":4,\"name\":\"Zurigo\",\"item\":\"https:\\\/\\\/www.immo-invest.ch\\\/it\\\/categoria\\\/regioni\\\/svizzera\\\/regione-zurigo\\\/\",\"nextItem\":{\"@type\":\"ListItem\",\"@id\":\"https:\\\/\\\/www.immo-invest.ch\\\/it\\\/zuerich-setzt-auf-zukunft\\\/#listItem\",\"name\":\"Zurich si concentra sul futuro\"},\"previousItem\":{\"@type\":\"ListItem\",\"@id\":\"https:\\\/\\\/www.immo-invest.ch\\\/it\\\/categoria\\\/regioni\\\/svizzera\\\/#listItem\",\"name\":\"Svizzera\"}},{\"@type\":\"ListItem\",\"@id\":\"https:\\\/\\\/www.immo-invest.ch\\\/it\\\/zuerich-setzt-auf-zukunft\\\/#listItem\",\"position\":5,\"name\":\"Zurich si concentra sul futuro\",\"previousItem\":{\"@type\":\"ListItem\",\"@id\":\"https:\\\/\\\/www.immo-invest.ch\\\/it\\\/categoria\\\/regioni\\\/svizzera\\\/regione-zurigo\\\/#listItem\",\"name\":\"Zurigo\"}}]},{\"@type\":\"Organization\",\"@id\":\"https:\\\/\\\/www.immo-invest.ch\\\/it\\\/#organization\",\"name\":\"immo!nvest - Die Plattform f\\u00fcr Standorte und Immobilien\",\"description\":\"Die\\u00a0Plattform f\\u00fcr Standorte und Immobilien\",\"url\":\"https:\\\/\\\/www.immo-invest.ch\\\/it\\\/\",\"email\":\"admin@immomedia.ag\",\"telephone\":\"+41444420002\",\"logo\":{\"@type\":\"ImageObject\",\"url\":\"https:\\\/\\\/www.immo-invest.ch\\\/wp-content\\\/uploads\\\/2024\\\/09\\\/immoinvest_sm-scaled.jpg\",\"@id\":\"https:\\\/\\\/www.immo-invest.ch\\\/it\\\/zuerich-setzt-auf-zukunft\\\/#organizationLogo\",\"width\":2560,\"height\":1340},\"image\":{\"@id\":\"https:\\\/\\\/www.immo-invest.ch\\\/it\\\/zuerich-setzt-auf-zukunft\\\/#organizationLogo\"},\"sameAs\":[\"https:\\\/\\\/www.facebook.com\\\/people\\\/Immoinvest\\\/100077962920504\\\/\",\"https:\\\/\\\/x.com\\\/i\\\/flow\\\/login?redirect_after_login=immoinvest_ch\",\"https:\\\/\\\/www.instagram.com\\\/immoinvest_ch\\\/\",\"https:\\\/\\\/www.linkedin.com\\\/company\\\/immoinvest-swiss\"]},{\"@type\":\"Person\",\"@id\":\"https:\\\/\\\/www.immo-invest.ch\\\/it\\\/author\\\/immovestuser\\\/#author\",\"url\":\"https:\\\/\\\/www.immo-invest.ch\\\/it\\\/author\\\/immovestuser\\\/\",\"name\":\"immovestuser\",\"image\":{\"@type\":\"ImageObject\",\"@id\":\"https:\\\/\\\/www.immo-invest.ch\\\/it\\\/zuerich-setzt-auf-zukunft\\\/#authorImage\",\"url\":\"https:\\\/\\\/secure.gravatar.com\\\/avatar\\\/8e01f4d99f2eeea7a362ebb93305e1172a70e9293ba250f897a65c39f54cdd1e?s=96&d=mm&r=g\",\"width\":96,\"height\":96,\"caption\":\"immovestuser\"}},{\"@type\":\"WebPage\",\"@id\":\"https:\\\/\\\/www.immo-invest.ch\\\/it\\\/zuerich-setzt-auf-zukunft\\\/#webpage\",\"url\":\"https:\\\/\\\/www.immo-invest.ch\\\/it\\\/zuerich-setzt-auf-zukunft\\\/\",\"name\":\"Zurich si concentra sul futuro - immo!nvest - Die Plattform f\\u00fcr Standorte und Immobilien\",\"description\":\"L'ultimo numero di Z\\u00fcrcher Umweltpraxis und Raumentwicklung mostra chiaramente che l'impegno per la protezione del clima e dell'ambiente sta dando i suoi frutti. Il Cantone di Zurigo prende sul serio la sua responsabilit\\u00e0 per il clima e l'ambiente. Con obiettivi ambiziosi, misure concrete e una chiara visione del futuro, sta plasmando un futuro in cui qualit\\u00e0 della vita e sostenibilit\\u00e0 vanno di pari passo. Zurigo non si sta concentrando solo sulla riduzione dei gas serra, ma anche sulla promozione della biodiversit\\u00e0 e su approcci innovativi alla gestione ambientale.\",\"inLanguage\":\"it-IT\",\"isPartOf\":{\"@id\":\"https:\\\/\\\/www.immo-invest.ch\\\/it\\\/#website\"},\"breadcrumb\":{\"@id\":\"https:\\\/\\\/www.immo-invest.ch\\\/it\\\/zuerich-setzt-auf-zukunft\\\/#breadcrumblist\"},\"author\":{\"@id\":\"https:\\\/\\\/www.immo-invest.ch\\\/it\\\/author\\\/immovestuser\\\/#author\"},\"creator\":{\"@id\":\"https:\\\/\\\/www.immo-invest.ch\\\/it\\\/author\\\/immovestuser\\\/#author\"},\"image\":{\"@type\":\"ImageObject\",\"url\":\"https:\\\/\\\/www.immo-invest.ch\\\/wp-content\\\/uploads\\\/2025\\\/03\\\/Baeume_Urban_Baum_Stadt-scaled.jpg\",\"@id\":\"https:\\\/\\\/www.immo-invest.ch\\\/it\\\/zuerich-setzt-auf-zukunft\\\/#mainImage\"},\"primaryImageOfPage\":{\"@id\":\"https:\\\/\\\/www.immo-invest.ch\\\/it\\\/zuerich-setzt-auf-zukunft\\\/#mainImage\"},\"datePublished\":\"2025-07-11T12:50:01+02:00\",\"dateModified\":\"2025-07-10T11:54:37+02:00\"},{\"@type\":\"WebSite\",\"@id\":\"https:\\\/\\\/www.immo-invest.ch\\\/it\\\/#website\",\"url\":\"https:\\\/\\\/www.immo-invest.ch\\\/it\\\/\",\"name\":\"immo!nvest - Die Plattform f\\u00fcr Standorte und Immobilien\",\"description\":\"Die\\u00a0Plattform f\\u00fcr Standorte und Immobilien\",\"inLanguage\":\"it-IT\",\"publisher\":{\"@id\":\"https:\\\/\\\/www.immo-invest.ch\\\/it\\\/#organization\"}}]}\n\t\t<\/script>\n\t\t<!-- All in One SEO -->\n\n","aioseo_head_json":{"title":"Zurich si concentra sul futuro - immo!nvest - Die Plattform f\u00fcr Standorte und Immobilien","description":"L'ultimo numero di Z\u00fcrcher Umweltpraxis und Raumentwicklung mostra chiaramente che l'impegno per la protezione del clima e dell'ambiente sta dando i suoi frutti. Il Cantone di Zurigo prende sul serio la sua responsabilit\u00e0 per il clima e l'ambiente. Con obiettivi ambiziosi, misure concrete e una chiara visione del futuro, sta plasmando un futuro in cui qualit\u00e0 della vita e sostenibilit\u00e0 vanno di pari passo. Zurigo non si sta concentrando solo sulla riduzione dei gas serra, ma anche sulla promozione della biodiversit\u00e0 e su approcci innovativi alla gestione ambientale.","canonical_url":"https:\/\/www.immo-invest.ch\/it\/zuerich-setzt-auf-zukunft\/","robots":"max-image-preview:large","keywords":"","webmasterTools":{"google-site-verification":"fHJKvgWpZCR2zVBHWfkQeFXC11qieUSff0HGNYfuyLA","miscellaneous":""},"schema":{"@context":"https:\/\/schema.org","@graph":[{"@type":"BlogPosting","@id":"https:\/\/www.immo-invest.ch\/it\/zuerich-setzt-auf-zukunft\/#blogposting","name":"Zurich si concentra sul futuro - immo!nvest - Die Plattform f\u00fcr Standorte und Immobilien","headline":"Zurich si concentra sul futuro","author":{"@id":"https:\/\/www.immo-invest.ch\/it\/author\/immovestuser\/#author"},"publisher":{"@id":"https:\/\/www.immo-invest.ch\/it\/#organization"},"image":{"@type":"ImageObject","url":"https:\/\/www.immo-invest.ch\/wp-content\/uploads\/2025\/03\/Baeume_Urban_Baum_Stadt-scaled.jpg"},"datePublished":"2025-07-11T12:50:01+02:00","dateModified":"2025-07-10T11:54:37+02:00","inLanguage":"it-IT","mainEntityOfPage":{"@id":"https:\/\/www.immo-invest.ch\/it\/zuerich-setzt-auf-zukunft\/#webpage"},"isPartOf":{"@id":"https:\/\/www.immo-invest.ch\/it\/zuerich-setzt-auf-zukunft\/#webpage"},"articleSection":"Energia, immoNews, Sostenibilit\u00e0, Zurigo, Aufwertung, Bioiversit\u00e4t, CO2-Ausstoss, D\u00e4nemark, Fauna, Flora, Immoinvest, immoNews, Nachhaltigkeit, News, Optional"},{"@type":"BreadcrumbList","@id":"https:\/\/www.immo-invest.ch\/it\/zuerich-setzt-auf-zukunft\/#breadcrumblist","itemListElement":[{"@type":"ListItem","@id":"https:\/\/www.immo-invest.ch\/it\/#listItem","position":1,"name":"Home","item":"https:\/\/www.immo-invest.ch\/it\/","nextItem":{"@type":"ListItem","@id":"https:\/\/www.immo-invest.ch\/it\/categoria\/regioni\/#listItem","name":"Regioni"}},{"@type":"ListItem","@id":"https:\/\/www.immo-invest.ch\/it\/categoria\/regioni\/#listItem","position":2,"name":"Regioni","item":"https:\/\/www.immo-invest.ch\/it\/categoria\/regioni\/","nextItem":{"@type":"ListItem","@id":"https:\/\/www.immo-invest.ch\/it\/categoria\/regioni\/svizzera\/#listItem","name":"Svizzera"},"previousItem":{"@type":"ListItem","@id":"https:\/\/www.immo-invest.ch\/it\/#listItem","name":"Home"}},{"@type":"ListItem","@id":"https:\/\/www.immo-invest.ch\/it\/categoria\/regioni\/svizzera\/#listItem","position":3,"name":"Svizzera","item":"https:\/\/www.immo-invest.ch\/it\/categoria\/regioni\/svizzera\/","nextItem":{"@type":"ListItem","@id":"https:\/\/www.immo-invest.ch\/it\/categoria\/regioni\/svizzera\/regione-zurigo\/#listItem","name":"Zurigo"},"previousItem":{"@type":"ListItem","@id":"https:\/\/www.immo-invest.ch\/it\/categoria\/regioni\/#listItem","name":"Regioni"}},{"@type":"ListItem","@id":"https:\/\/www.immo-invest.ch\/it\/categoria\/regioni\/svizzera\/regione-zurigo\/#listItem","position":4,"name":"Zurigo","item":"https:\/\/www.immo-invest.ch\/it\/categoria\/regioni\/svizzera\/regione-zurigo\/","nextItem":{"@type":"ListItem","@id":"https:\/\/www.immo-invest.ch\/it\/zuerich-setzt-auf-zukunft\/#listItem","name":"Zurich si concentra sul futuro"},"previousItem":{"@type":"ListItem","@id":"https:\/\/www.immo-invest.ch\/it\/categoria\/regioni\/svizzera\/#listItem","name":"Svizzera"}},{"@type":"ListItem","@id":"https:\/\/www.immo-invest.ch\/it\/zuerich-setzt-auf-zukunft\/#listItem","position":5,"name":"Zurich si concentra sul futuro","previousItem":{"@type":"ListItem","@id":"https:\/\/www.immo-invest.ch\/it\/categoria\/regioni\/svizzera\/regione-zurigo\/#listItem","name":"Zurigo"}}]},{"@type":"Organization","@id":"https:\/\/www.immo-invest.ch\/it\/#organization","name":"immo!nvest - Die Plattform f\u00fcr Standorte und Immobilien","description":"Die\u00a0Plattform f\u00fcr Standorte und Immobilien","url":"https:\/\/www.immo-invest.ch\/it\/","email":"admin@immomedia.ag","telephone":"+41444420002","logo":{"@type":"ImageObject","url":"https:\/\/www.immo-invest.ch\/wp-content\/uploads\/2024\/09\/immoinvest_sm-scaled.jpg","@id":"https:\/\/www.immo-invest.ch\/it\/zuerich-setzt-auf-zukunft\/#organizationLogo","width":2560,"height":1340},"image":{"@id":"https:\/\/www.immo-invest.ch\/it\/zuerich-setzt-auf-zukunft\/#organizationLogo"},"sameAs":["https:\/\/www.facebook.com\/people\/Immoinvest\/100077962920504\/","https:\/\/x.com\/i\/flow\/login?redirect_after_login=immoinvest_ch","https:\/\/www.instagram.com\/immoinvest_ch\/","https:\/\/www.linkedin.com\/company\/immoinvest-swiss"]},{"@type":"Person","@id":"https:\/\/www.immo-invest.ch\/it\/author\/immovestuser\/#author","url":"https:\/\/www.immo-invest.ch\/it\/author\/immovestuser\/","name":"immovestuser","image":{"@type":"ImageObject","@id":"https:\/\/www.immo-invest.ch\/it\/zuerich-setzt-auf-zukunft\/#authorImage","url":"https:\/\/secure.gravatar.com\/avatar\/8e01f4d99f2eeea7a362ebb93305e1172a70e9293ba250f897a65c39f54cdd1e?s=96&d=mm&r=g","width":96,"height":96,"caption":"immovestuser"}},{"@type":"WebPage","@id":"https:\/\/www.immo-invest.ch\/it\/zuerich-setzt-auf-zukunft\/#webpage","url":"https:\/\/www.immo-invest.ch\/it\/zuerich-setzt-auf-zukunft\/","name":"Zurich si concentra sul futuro - immo!nvest - Die Plattform f\u00fcr Standorte und Immobilien","description":"L'ultimo numero di Z\u00fcrcher Umweltpraxis und Raumentwicklung mostra chiaramente che l'impegno per la protezione del clima e dell'ambiente sta dando i suoi frutti. Il Cantone di Zurigo prende sul serio la sua responsabilit\u00e0 per il clima e l'ambiente. Con obiettivi ambiziosi, misure concrete e una chiara visione del futuro, sta plasmando un futuro in cui qualit\u00e0 della vita e sostenibilit\u00e0 vanno di pari passo. Zurigo non si sta concentrando solo sulla riduzione dei gas serra, ma anche sulla promozione della biodiversit\u00e0 e su approcci innovativi alla gestione ambientale.","inLanguage":"it-IT","isPartOf":{"@id":"https:\/\/www.immo-invest.ch\/it\/#website"},"breadcrumb":{"@id":"https:\/\/www.immo-invest.ch\/it\/zuerich-setzt-auf-zukunft\/#breadcrumblist"},"author":{"@id":"https:\/\/www.immo-invest.ch\/it\/author\/immovestuser\/#author"},"creator":{"@id":"https:\/\/www.immo-invest.ch\/it\/author\/immovestuser\/#author"},"image":{"@type":"ImageObject","url":"https:\/\/www.immo-invest.ch\/wp-content\/uploads\/2025\/03\/Baeume_Urban_Baum_Stadt-scaled.jpg","@id":"https:\/\/www.immo-invest.ch\/it\/zuerich-setzt-auf-zukunft\/#mainImage"},"primaryImageOfPage":{"@id":"https:\/\/www.immo-invest.ch\/it\/zuerich-setzt-auf-zukunft\/#mainImage"},"datePublished":"2025-07-11T12:50:01+02:00","dateModified":"2025-07-10T11:54:37+02:00"},{"@type":"WebSite","@id":"https:\/\/www.immo-invest.ch\/it\/#website","url":"https:\/\/www.immo-invest.ch\/it\/","name":"immo!nvest - Die Plattform f\u00fcr Standorte und Immobilien","description":"Die\u00a0Plattform f\u00fcr Standorte und Immobilien","inLanguage":"it-IT","publisher":{"@id":"https:\/\/www.immo-invest.ch\/it\/#organization"}}]},"og:locale":"it_IT","og:site_name":"immo!nvest - Die Plattform f\u00fcr Standorte und Immobilien - Die\u00a0Plattform f\u00fcr Standorte und Immobilien","og:type":"article","og:title":"Zurich si concentra sul futuro - immo!nvest - Die Plattform f\u00fcr Standorte und Immobilien","og:description":"L'ultimo numero di Z\u00fcrcher Umweltpraxis und Raumentwicklung mostra chiaramente che l'impegno per la protezione del clima e dell'ambiente sta dando i suoi frutti. Il Cantone di Zurigo prende sul serio la sua responsabilit\u00e0 per il clima e l'ambiente. Con obiettivi ambiziosi, misure concrete e una chiara visione del futuro, sta plasmando un futuro in cui qualit\u00e0 della vita e sostenibilit\u00e0 vanno di pari passo. Zurigo non si sta concentrando solo sulla riduzione dei gas serra, ma anche sulla promozione della biodiversit\u00e0 e su approcci innovativi alla gestione ambientale.","og:url":"https:\/\/www.immo-invest.ch\/it\/zuerich-setzt-auf-zukunft\/","og:image":"https:\/\/www.immo-invest.ch\/wp-content\/uploads\/2025\/03\/Baeume_Urban_Baum_Stadt-scaled.jpg","og:image:secure_url":"https:\/\/www.immo-invest.ch\/wp-content\/uploads\/2025\/03\/Baeume_Urban_Baum_Stadt-scaled.jpg","article:published_time":"2025-07-11T10:50:01+00:00","article:modified_time":"2025-07-10T09:54:37+00:00","article:publisher":"https:\/\/www.facebook.com\/people\/Immoinvest\/100077962920504\/","twitter:card":"summary_large_image","twitter:site":"@i","twitter:title":"Zurich si concentra sul futuro - immo!nvest - Die Plattform f\u00fcr Standorte und Immobilien","twitter:description":"L'ultimo numero di Z\u00fcrcher Umweltpraxis und Raumentwicklung mostra chiaramente che l'impegno per la protezione del clima e dell'ambiente sta dando i suoi frutti. Il Cantone di Zurigo prende sul serio la sua responsabilit\u00e0 per il clima e l'ambiente. Con obiettivi ambiziosi, misure concrete e una chiara visione del futuro, sta plasmando un futuro in cui qualit\u00e0 della vita e sostenibilit\u00e0 vanno di pari passo. Zurigo non si sta concentrando solo sulla riduzione dei gas serra, ma anche sulla promozione della biodiversit\u00e0 e su approcci innovativi alla gestione ambientale.","twitter:creator":"@i","twitter:image":"https:\/\/www.immo-invest.ch\/wp-content\/uploads\/2025\/03\/Baeume_Urban_Baum_Stadt-scaled.jpg"},"aioseo_meta_data":{"post_id":"135642","title":null,"description":null,"keywords":null,"keyphrases":{"focus":{"keyphrase":"","score":0,"analysis":{"keyphraseInTitle":{"score":0,"maxScore":9,"error":1}}},"additional":[]},"primary_term":null,"canonical_url":null,"og_title":null,"og_description":null,"og_object_type":"default","og_image_type":"default","og_image_url":null,"og_image_width":null,"og_image_height":null,"og_image_custom_url":null,"og_image_custom_fields":null,"og_video":"","og_custom_url":null,"og_article_section":null,"og_article_tags":null,"twitter_use_og":false,"twitter_card":"default","twitter_image_type":"default","twitter_image_url":null,"twitter_image_custom_url":null,"twitter_image_custom_fields":null,"twitter_title":null,"twitter_description":null,"schema":{"blockGraphs":[],"customGraphs":[],"default":{"data":{"Article":[],"Course":[],"Dataset":[],"FAQPage":[],"Movie":[],"Person":[],"Product":[],"ProductReview":[],"Car":[],"Recipe":[],"Service":[],"SoftwareApplication":[],"WebPage":[]},"graphName":"BlogPosting","isEnabled":true},"graphs":[]},"schema_type":"default","schema_type_options":null,"pillar_content":false,"robots_default":true,"robots_noindex":false,"robots_noarchive":false,"robots_nosnippet":false,"robots_nofollow":false,"robots_noimageindex":false,"robots_noodp":false,"robots_notranslate":false,"robots_max_snippet":"-1","robots_max_videopreview":"-1","robots_max_imagepreview":"large","priority":null,"frequency":"default","local_seo":null,"breadcrumb_settings":null,"limit_modified_date":false,"ai":null,"created":"2025-07-10 09:54:38","updated":"2025-10-24 23:09:13","seo_analyzer_scan_date":null,"focus_keyword":null,"additional_keywords":null,"truseo_locale":null},"aioseo_breadcrumb":"<div class=\"aioseo-breadcrumbs\"><span class=\"aioseo-breadcrumb\">\n\t\t\t<a href=\"https:\/\/www.immo-invest.ch\/it\/\" title=\"Home\">Home<\/a>\n\t\t<\/span><span class=\"aioseo-breadcrumb-separator\">&raquo;<\/span><span class=\"aioseo-breadcrumb\">\n\t\t\t<a href=\"https:\/\/www.immo-invest.ch\/it\/categoria\/regioni\/\" title=\"Regioni\">Regioni<\/a>\n\t\t<\/span><span class=\"aioseo-breadcrumb-separator\">&raquo;<\/span><span class=\"aioseo-breadcrumb\">\n\t\t\t<a href=\"https:\/\/www.immo-invest.ch\/it\/categoria\/regioni\/svizzera\/\" title=\"Svizzera\">Svizzera<\/a>\n\t\t<\/span><span class=\"aioseo-breadcrumb-separator\">&raquo;<\/span><span class=\"aioseo-breadcrumb\">\n\t\t\t<a href=\"https:\/\/www.immo-invest.ch\/it\/categoria\/regioni\/svizzera\/regione-zurigo\/\" title=\"Zurigo\">Zurigo<\/a>\n\t\t<\/span><span class=\"aioseo-breadcrumb-separator\">&raquo;<\/span><span class=\"aioseo-breadcrumb\">\n\t\t\tZurich si concentra sul futuro\n\t\t<\/span><\/div>","aioseo_breadcrumb_json":[{"label":"Home","link":"https:\/\/www.immo-invest.ch\/it\/"},{"label":"Regioni","link":"https:\/\/www.immo-invest.ch\/it\/categoria\/regioni\/"},{"label":"Svizzera","link":"https:\/\/www.immo-invest.ch\/it\/categoria\/regioni\/svizzera\/"},{"label":"Zurigo","link":"https:\/\/www.immo-invest.ch\/it\/categoria\/regioni\/svizzera\/regione-zurigo\/"},{"label":"Zurich si concentra sul futuro","link":"https:\/\/www.immo-invest.ch\/it\/zuerich-setzt-auf-zukunft\/"}],"featured_image_src":"https:\/\/www.immo-invest.ch\/wp-content\/uploads\/2025\/03\/Baeume_Urban_Baum_Stadt-scaled.jpg","_links":{"self":[{"href":"https:\/\/www.immo-invest.ch\/it\/wp-json\/wp\/v2\/posts\/135642","targetHints":{"allow":["GET"]}}],"collection":[{"href":"https:\/\/www.immo-invest.ch\/it\/wp-json\/wp\/v2\/posts"}],"about":[{"href":"https:\/\/www.immo-invest.ch\/it\/wp-json\/wp\/v2\/types\/post"}],"author":[{"embeddable":true,"href":"https:\/\/www.immo-invest.ch\/it\/wp-json\/wp\/v2\/users\/2"}],"replies":[{"embeddable":true,"href":"https:\/\/www.immo-invest.ch\/it\/wp-json\/wp\/v2\/comments?post=135642"}],"version-history":[{"count":0,"href":"https:\/\/www.immo-invest.ch\/it\/wp-json\/wp\/v2\/posts\/135642\/revisions"}],"wp:featuredmedia":[{"embeddable":true,"href":"https:\/\/www.immo-invest.ch\/it\/wp-json\/wp\/v2\/media\/129072"}],"wp:attachment":[{"href":"https:\/\/www.immo-invest.ch\/it\/wp-json\/wp\/v2\/media?parent=135642"}],"wp:term":[{"taxonomy":"category","embeddable":true,"href":"https:\/\/www.immo-invest.ch\/it\/wp-json\/wp\/v2\/categories?post=135642"},{"taxonomy":"post_tag","embeddable":true,"href":"https:\/\/www.immo-invest.ch\/it\/wp-json\/wp\/v2\/tags?post=135642"}],"curies":[{"name":"wp","href":"https:\/\/api.w.org\/{rel}","templated":true}]}}