{"id":135047,"date":"2025-07-04T12:21:57","date_gmt":"2025-07-04T10:21:57","guid":{"rendered":"https:\/\/www.immo-invest.ch\/?p=135047"},"modified":"2025-06-30T11:19:31","modified_gmt":"2025-06-30T09:19:31","slug":"zuger-stadtparlament-unterstuetzt-bebauungsplan-metalli","status":"publish","type":"post","link":"https:\/\/www.immo-invest.ch\/it\/zuger-stadtparlament-unterstuetzt-bebauungsplan-metalli\/","title":{"rendered":"Il Parlamento della citt\u00e0 di Zugo sostiene il piano di sviluppo di Metalli"},"content":{"rendered":"<p class=\"bodytext\">Il <a href=\"https:\/\/lebensraum-metalli.ch\/\" target=\"_blank\" rel=\"noopener\">piano di sviluppo di Metalli<\/a> &egrave; entrato nel processo di approvazione politica, ha annunciato il <a href=\"https:\/\/zugestates.ch\/\" target=\"_blank\" rel=\"noopener\">Gruppo Zug Estates<\/a> in un <a href=\"https:\/\/mailing-ircockpit.eqs.com\/crm-mailing\/5c0b96df-ea7c-11e8-902f-2c44fd856d8c\/8dd16851-5e6e-45f1-aa4e-adc049febbbe\/417973fd-ac85-43f9-ab41-e5dd00b30d93\/250625_Medienmitteilung.pdf\" target=\"_blank\" rel=\"noopener\">comunicato stampa<\/a>. La societ&agrave; immobiliare, che si concentra su Zug come spazio per gli affari e per la vita, sta progettando di sviluppare il viale commerciale esistente in un quartiere vivace. L&rsquo;obiettivo &egrave; quello di creare ulteriori spazi abitativi e nuove aree verdi pubbliche all&rsquo;aperto.<\/p>\n<p class=\"bodytext\">Il <a href=\"https:\/\/www.stadtzug.ch\/stadtrat\/1823\" target=\"_blank\" rel=\"noopener\">Consiglio comunale<\/a> di <a href=\"https:\/\/www.stadtzug.ch\/_rtr\/home\" target=\"_blank\" rel=\"noopener\">Zug<\/a> aveva gi&agrave; approvato il piano di sviluppo di Metalli l&rsquo;8 aprile. Il 17 giugno, il piano di sviluppo &egrave; stato approvato in prima istanza anche dal <a href=\"https:\/\/www.stadtzug.ch\/grosser-gemeinderat\/32903\" target=\"_blank\" rel=\"noopener\">Consiglio comunale di<\/a> Zug. I piani saranno ora sottoposti a consultazione pubblica prima di tornare al Gran Consiglio Comunale per una seconda lettura nella primavera del 2026. Zug Estates potr&agrave; poi avviare il processo di pianificazione vero e proprio con un concorso di architettura.<\/p>\n<p class=\"bodytext\">Il piano di sviluppo Metalli prevede la creazione di 160 nuovi appartamenti, 130 dei quali andranno ad aggiungersi all&rsquo;offerta abitativa esistente. A tal fine, sono previsti ampliamenti degli edifici esistenti e un nuovo grattacielo. Una nuova piazza con un collegamento al sito della stazione ferroviaria servir&agrave; da ingresso a Metalli. Zug Estates vuole anche creare una terrazza sul tetto pubblica e simile a un parco.<\/p>\n<p class=\"bodytext\">&ldquo;Con il progetto Metalli Living Space, riprendiamo le qualit&agrave; collaudate e preserviamo l&rsquo;architettura caratteristica della Metalli, con i suoi tetti in vetro, i portici e la tipica materializzazione&rdquo;, ha dichiarato Peter Wicki, Responsabile dello Sviluppo Progetti di Zug Estates, nel comunicato stampa. &ldquo;Grazie alla riqualificazione e alla modernizzazione mirata dell&rsquo;infrastruttura e all&rsquo;aumento dell&rsquo;attrattiva del viale dello shopping, lo spazio abitativo Metalli &egrave; anche un&rsquo;opportunit&agrave; per la conservazione e l&rsquo;ulteriore sviluppo del commercio al dettaglio e della gastronomia&rdquo;<\/p>\n","protected":false},"excerpt":{"rendered":"<p>Dopo il Consiglio comunale di Zug, anche il Gran Consiglio comunale della citt\u00e0 ha approvato il piano di sviluppo di Metalli in prima lettura. Ora sar\u00e0 sottoposto a consultazione pubblica. Zug Estates vuole trasformare l&#8217;attuale viale commerciale in un quartiere vivace.<\/p>\n","protected":false},"author":2,"featured_media":135037,"comment_status":"open","ping_status":"open","sticky":false,"template":"","format":"standard","meta":{"pmpro_default_level":"","inline_featured_image":false,"_monsterinsights_skip_tracking":false,"footnotes":""},"categories":[22359,745,741,8742],"tags":[31008,867,3935,2006,39705,41102],"class_list":["post-135047","post","type-post","status-publish","format-standard","has-post-thumbnail","hentry","category-costruzione","category-immonews-it","category-progetti","category-zug-immoregionen-it","tag-bebauungsplan-it","tag-immoinvest-it","tag-immonews-it","tag-news-it","tag-stadtentwicklung-it","tag-verdichtung-it","pmpro-has-access"],"acf":{"bild_mit_ki_erstellt_worden":[],"lead":"Dopo il Consiglio comunale di Zug, anche il Gran Consiglio comunale della citt\u00e0 ha approvato il piano di sviluppo di Metalli in prima lettura. Ora sar\u00e0 sottoposto a consultazione pubblica. Zug Estates vuole trasformare l'attuale viale commerciale in un quartiere vivace.","autor":"ce\/hs, Bildquelle: Mohan Mani \/ immo!nvest Magazin Zug","ort":"Zug","bildunterschrift":"","bild_im_grid":false,"gallerie":"","newsim":""},"aioseo_notices":[],"aioseo_head":"\n\t\t<!-- All in One SEO 5.0.0.1 - aioseo.com -->\n\t<meta name=\"description\" content=\"Dopo il Consiglio comunale di Zug, anche il Gran Consiglio comunale della citt\u00e0 ha approvato il piano di sviluppo di Metalli in prima lettura. Ora sar\u00e0 sottoposto a consultazione pubblica. Zug Estates vuole trasformare l&#039;attuale viale commerciale in un quartiere vivace.\" \/>\n\t<meta name=\"robots\" content=\"max-image-preview:large\" \/>\n\t<meta name=\"author\" content=\"immovestuser\"\/>\n\t<meta name=\"google-site-verification\" content=\"fHJKvgWpZCR2zVBHWfkQeFXC11qieUSff0HGNYfuyLA\" \/>\n\t<link rel=\"canonical\" href=\"https:\/\/www.immo-invest.ch\/it\/zuger-stadtparlament-unterstuetzt-bebauungsplan-metalli\/\" \/>\n\t<meta name=\"generator\" content=\"All in One SEO (AIOSEO) 5.0.0.1\" \/>\n\t\t<meta property=\"og:locale\" content=\"it_IT\" \/>\n\t\t<meta property=\"og:site_name\" content=\"immo!nvest - Die Plattform f\u00fcr Standorte und Immobilien - Die\u00a0Plattform f\u00fcr Standorte und Immobilien\" \/>\n\t\t<meta property=\"og:type\" content=\"article\" \/>\n\t\t<meta property=\"og:title\" content=\"Il Parlamento della citt\u00e0 di Zugo sostiene il piano di sviluppo di Metalli - immo!nvest - Die Plattform f\u00fcr Standorte und Immobilien\" \/>\n\t\t<meta property=\"og:description\" content=\"Dopo il Consiglio comunale di Zug, anche il Gran Consiglio comunale della citt\u00e0 ha approvato il piano di sviluppo di Metalli in prima lettura. Ora sar\u00e0 sottoposto a consultazione pubblica. Zug Estates vuole trasformare l&#039;attuale viale commerciale in un quartiere vivace.\" \/>\n\t\t<meta property=\"og:url\" content=\"https:\/\/www.immo-invest.ch\/it\/zuger-stadtparlament-unterstuetzt-bebauungsplan-metalli\/\" \/>\n\t\t<meta property=\"og:image\" content=\"https:\/\/www.immo-invest.ch\/wp-content\/uploads\/2025\/06\/metallli-ea190801-lm6.webp\" \/>\n\t\t<meta property=\"og:image:secure_url\" content=\"https:\/\/www.immo-invest.ch\/wp-content\/uploads\/2025\/06\/metallli-ea190801-lm6.webp\" \/>\n\t\t<meta property=\"og:image:width\" content=\"1500\" \/>\n\t\t<meta property=\"og:image:height\" content=\"750\" \/>\n\t\t<meta property=\"article:published_time\" content=\"2025-07-04T10:21:57+00:00\" \/>\n\t\t<meta property=\"article:modified_time\" content=\"2025-06-30T09:19:31+00:00\" \/>\n\t\t<meta property=\"article:publisher\" content=\"https:\/\/www.facebook.com\/people\/Immoinvest\/100077962920504\/\" \/>\n\t\t<meta name=\"twitter:card\" content=\"summary_large_image\" \/>\n\t\t<meta name=\"twitter:site\" content=\"@i\" \/>\n\t\t<meta name=\"twitter:title\" content=\"Il Parlamento della citt\u00e0 di Zugo sostiene il piano di sviluppo di Metalli - immo!nvest - Die Plattform f\u00fcr Standorte und Immobilien\" \/>\n\t\t<meta name=\"twitter:description\" content=\"Dopo il Consiglio comunale di Zug, anche il Gran Consiglio comunale della citt\u00e0 ha approvato il piano di sviluppo di Metalli in prima lettura. Ora sar\u00e0 sottoposto a consultazione pubblica. Zug Estates vuole trasformare l&#039;attuale viale commerciale in un quartiere vivace.\" \/>\n\t\t<meta name=\"twitter:creator\" content=\"@i\" \/>\n\t\t<meta name=\"twitter:image\" content=\"https:\/\/www.immo-invest.ch\/wp-content\/uploads\/2025\/06\/metallli-ea190801-lm6.webp\" \/>\n\t\t<script type=\"application\/ld+json\" class=\"aioseo-schema\">\n\t\t\t{\"@context\":\"https:\\\/\\\/schema.org\",\"@graph\":[{\"@type\":\"BlogPosting\",\"@id\":\"https:\\\/\\\/www.immo-invest.ch\\\/it\\\/zuger-stadtparlament-unterstuetzt-bebauungsplan-metalli\\\/#blogposting\",\"name\":\"Il Parlamento della citt\\u00e0 di Zugo sostiene il piano di sviluppo di Metalli - immo!nvest - Die Plattform f\\u00fcr Standorte und Immobilien\",\"headline\":\"Il Parlamento della citt\\u00e0 di Zugo sostiene il piano di sviluppo di Metalli\",\"author\":{\"@id\":\"https:\\\/\\\/www.immo-invest.ch\\\/it\\\/author\\\/immovestuser\\\/#author\"},\"publisher\":{\"@id\":\"https:\\\/\\\/www.immo-invest.ch\\\/it\\\/#organization\"},\"image\":{\"@type\":\"ImageObject\",\"url\":\"https:\\\/\\\/www.immo-invest.ch\\\/wp-content\\\/uploads\\\/2025\\\/06\\\/metallli-ea190801-lm6.webp\",\"width\":1500,\"height\":750,\"caption\":\"Mohan Mani, Bilder: zVg\"},\"datePublished\":\"2025-07-04T12:21:57+02:00\",\"dateModified\":\"2025-06-30T11:19:31+02:00\",\"inLanguage\":\"it-IT\",\"mainEntityOfPage\":{\"@id\":\"https:\\\/\\\/www.immo-invest.ch\\\/it\\\/zuger-stadtparlament-unterstuetzt-bebauungsplan-metalli\\\/#webpage\"},\"isPartOf\":{\"@id\":\"https:\\\/\\\/www.immo-invest.ch\\\/it\\\/zuger-stadtparlament-unterstuetzt-bebauungsplan-metalli\\\/#webpage\"},\"articleSection\":\"Costruzione, immoNews, Progetti, Zug, Bebauungsplan, Immoinvest, immoNews, News, Stadtentwicklung, Verdichtung, Optional\"},{\"@type\":\"BreadcrumbList\",\"@id\":\"https:\\\/\\\/www.immo-invest.ch\\\/it\\\/zuger-stadtparlament-unterstuetzt-bebauungsplan-metalli\\\/#breadcrumblist\",\"itemListElement\":[{\"@type\":\"ListItem\",\"@id\":\"https:\\\/\\\/www.immo-invest.ch\\\/it\\\/#listItem\",\"position\":1,\"name\":\"Home\",\"item\":\"https:\\\/\\\/www.immo-invest.ch\\\/it\\\/\",\"nextItem\":{\"@type\":\"ListItem\",\"@id\":\"https:\\\/\\\/www.immo-invest.ch\\\/it\\\/categoria\\\/regioni\\\/#listItem\",\"name\":\"Regioni\"}},{\"@type\":\"ListItem\",\"@id\":\"https:\\\/\\\/www.immo-invest.ch\\\/it\\\/categoria\\\/regioni\\\/#listItem\",\"position\":2,\"name\":\"Regioni\",\"item\":\"https:\\\/\\\/www.immo-invest.ch\\\/it\\\/categoria\\\/regioni\\\/\",\"nextItem\":{\"@type\":\"ListItem\",\"@id\":\"https:\\\/\\\/www.immo-invest.ch\\\/it\\\/categoria\\\/regioni\\\/svizzera\\\/#listItem\",\"name\":\"Svizzera\"},\"previousItem\":{\"@type\":\"ListItem\",\"@id\":\"https:\\\/\\\/www.immo-invest.ch\\\/it\\\/#listItem\",\"name\":\"Home\"}},{\"@type\":\"ListItem\",\"@id\":\"https:\\\/\\\/www.immo-invest.ch\\\/it\\\/categoria\\\/regioni\\\/svizzera\\\/#listItem\",\"position\":3,\"name\":\"Svizzera\",\"item\":\"https:\\\/\\\/www.immo-invest.ch\\\/it\\\/categoria\\\/regioni\\\/svizzera\\\/\",\"nextItem\":{\"@type\":\"ListItem\",\"@id\":\"https:\\\/\\\/www.immo-invest.ch\\\/it\\\/categoria\\\/regioni\\\/svizzera\\\/zentralschweiz-it\\\/#listItem\",\"name\":\"Zentralschweiz\"},\"previousItem\":{\"@type\":\"ListItem\",\"@id\":\"https:\\\/\\\/www.immo-invest.ch\\\/it\\\/categoria\\\/regioni\\\/#listItem\",\"name\":\"Regioni\"}},{\"@type\":\"ListItem\",\"@id\":\"https:\\\/\\\/www.immo-invest.ch\\\/it\\\/categoria\\\/regioni\\\/svizzera\\\/zentralschweiz-it\\\/#listItem\",\"position\":4,\"name\":\"Zentralschweiz\",\"item\":\"https:\\\/\\\/www.immo-invest.ch\\\/it\\\/categoria\\\/regioni\\\/svizzera\\\/zentralschweiz-it\\\/\",\"nextItem\":{\"@type\":\"ListItem\",\"@id\":\"https:\\\/\\\/www.immo-invest.ch\\\/it\\\/categoria\\\/regioni\\\/svizzera\\\/zentralschweiz-it\\\/zug-immoregionen-it\\\/#listItem\",\"name\":\"Zug\"},\"previousItem\":{\"@type\":\"ListItem\",\"@id\":\"https:\\\/\\\/www.immo-invest.ch\\\/it\\\/categoria\\\/regioni\\\/svizzera\\\/#listItem\",\"name\":\"Svizzera\"}},{\"@type\":\"ListItem\",\"@id\":\"https:\\\/\\\/www.immo-invest.ch\\\/it\\\/categoria\\\/regioni\\\/svizzera\\\/zentralschweiz-it\\\/zug-immoregionen-it\\\/#listItem\",\"position\":5,\"name\":\"Zug\",\"item\":\"https:\\\/\\\/www.immo-invest.ch\\\/it\\\/categoria\\\/regioni\\\/svizzera\\\/zentralschweiz-it\\\/zug-immoregionen-it\\\/\",\"nextItem\":{\"@type\":\"ListItem\",\"@id\":\"https:\\\/\\\/www.immo-invest.ch\\\/it\\\/zuger-stadtparlament-unterstuetzt-bebauungsplan-metalli\\\/#listItem\",\"name\":\"Il Parlamento della citt\\u00e0 di Zugo sostiene il piano di sviluppo di Metalli\"},\"previousItem\":{\"@type\":\"ListItem\",\"@id\":\"https:\\\/\\\/www.immo-invest.ch\\\/it\\\/categoria\\\/regioni\\\/svizzera\\\/zentralschweiz-it\\\/#listItem\",\"name\":\"Zentralschweiz\"}},{\"@type\":\"ListItem\",\"@id\":\"https:\\\/\\\/www.immo-invest.ch\\\/it\\\/zuger-stadtparlament-unterstuetzt-bebauungsplan-metalli\\\/#listItem\",\"position\":6,\"name\":\"Il Parlamento della citt\\u00e0 di Zugo sostiene il piano di sviluppo di Metalli\",\"previousItem\":{\"@type\":\"ListItem\",\"@id\":\"https:\\\/\\\/www.immo-invest.ch\\\/it\\\/categoria\\\/regioni\\\/svizzera\\\/zentralschweiz-it\\\/zug-immoregionen-it\\\/#listItem\",\"name\":\"Zug\"}}]},{\"@type\":\"Organization\",\"@id\":\"https:\\\/\\\/www.immo-invest.ch\\\/it\\\/#organization\",\"name\":\"immo!nvest - Die Plattform f\\u00fcr Standorte und Immobilien\",\"description\":\"Die\\u00a0Plattform f\\u00fcr Standorte und Immobilien\",\"url\":\"https:\\\/\\\/www.immo-invest.ch\\\/it\\\/\",\"email\":\"admin@immomedia.ag\",\"telephone\":\"+41444420002\",\"logo\":{\"@type\":\"ImageObject\",\"url\":\"https:\\\/\\\/www.immo-invest.ch\\\/wp-content\\\/uploads\\\/2024\\\/09\\\/immoinvest_sm-scaled.jpg\",\"@id\":\"https:\\\/\\\/www.immo-invest.ch\\\/it\\\/zuger-stadtparlament-unterstuetzt-bebauungsplan-metalli\\\/#organizationLogo\",\"width\":2560,\"height\":1340},\"image\":{\"@id\":\"https:\\\/\\\/www.immo-invest.ch\\\/it\\\/zuger-stadtparlament-unterstuetzt-bebauungsplan-metalli\\\/#organizationLogo\"},\"sameAs\":[\"https:\\\/\\\/www.facebook.com\\\/people\\\/Immoinvest\\\/100077962920504\\\/\",\"https:\\\/\\\/x.com\\\/i\\\/flow\\\/login?redirect_after_login=immoinvest_ch\",\"https:\\\/\\\/www.instagram.com\\\/immoinvest_ch\\\/\",\"https:\\\/\\\/www.linkedin.com\\\/company\\\/immoinvest-swiss\"]},{\"@type\":\"Person\",\"@id\":\"https:\\\/\\\/www.immo-invest.ch\\\/it\\\/author\\\/immovestuser\\\/#author\",\"url\":\"https:\\\/\\\/www.immo-invest.ch\\\/it\\\/author\\\/immovestuser\\\/\",\"name\":\"immovestuser\",\"image\":{\"@type\":\"ImageObject\",\"@id\":\"https:\\\/\\\/www.immo-invest.ch\\\/it\\\/zuger-stadtparlament-unterstuetzt-bebauungsplan-metalli\\\/#authorImage\",\"url\":\"https:\\\/\\\/secure.gravatar.com\\\/avatar\\\/8e01f4d99f2eeea7a362ebb93305e1172a70e9293ba250f897a65c39f54cdd1e?s=96&d=mm&r=g\",\"width\":96,\"height\":96,\"caption\":\"immovestuser\"}},{\"@type\":\"WebPage\",\"@id\":\"https:\\\/\\\/www.immo-invest.ch\\\/it\\\/zuger-stadtparlament-unterstuetzt-bebauungsplan-metalli\\\/#webpage\",\"url\":\"https:\\\/\\\/www.immo-invest.ch\\\/it\\\/zuger-stadtparlament-unterstuetzt-bebauungsplan-metalli\\\/\",\"name\":\"Il Parlamento della citt\\u00e0 di Zugo sostiene il piano di sviluppo di Metalli - immo!nvest - Die Plattform f\\u00fcr Standorte und Immobilien\",\"description\":\"Dopo il Consiglio comunale di Zug, anche il Gran Consiglio comunale della citt\\u00e0 ha approvato il piano di sviluppo di Metalli in prima lettura. Ora sar\\u00e0 sottoposto a consultazione pubblica. Zug Estates vuole trasformare l'attuale viale commerciale in un quartiere vivace.\",\"inLanguage\":\"it-IT\",\"isPartOf\":{\"@id\":\"https:\\\/\\\/www.immo-invest.ch\\\/it\\\/#website\"},\"breadcrumb\":{\"@id\":\"https:\\\/\\\/www.immo-invest.ch\\\/it\\\/zuger-stadtparlament-unterstuetzt-bebauungsplan-metalli\\\/#breadcrumblist\"},\"author\":{\"@id\":\"https:\\\/\\\/www.immo-invest.ch\\\/it\\\/author\\\/immovestuser\\\/#author\"},\"creator\":{\"@id\":\"https:\\\/\\\/www.immo-invest.ch\\\/it\\\/author\\\/immovestuser\\\/#author\"},\"image\":{\"@type\":\"ImageObject\",\"url\":\"https:\\\/\\\/www.immo-invest.ch\\\/wp-content\\\/uploads\\\/2025\\\/06\\\/metallli-ea190801-lm6.webp\",\"@id\":\"https:\\\/\\\/www.immo-invest.ch\\\/it\\\/zuger-stadtparlament-unterstuetzt-bebauungsplan-metalli\\\/#mainImage\",\"width\":1500,\"height\":750,\"caption\":\"Mohan Mani, Bilder: zVg\"},\"primaryImageOfPage\":{\"@id\":\"https:\\\/\\\/www.immo-invest.ch\\\/it\\\/zuger-stadtparlament-unterstuetzt-bebauungsplan-metalli\\\/#mainImage\"},\"datePublished\":\"2025-07-04T12:21:57+02:00\",\"dateModified\":\"2025-06-30T11:19:31+02:00\"},{\"@type\":\"WebSite\",\"@id\":\"https:\\\/\\\/www.immo-invest.ch\\\/it\\\/#website\",\"url\":\"https:\\\/\\\/www.immo-invest.ch\\\/it\\\/\",\"name\":\"immo!nvest - Die Plattform f\\u00fcr Standorte und Immobilien\",\"description\":\"Die\\u00a0Plattform f\\u00fcr Standorte und Immobilien\",\"inLanguage\":\"it-IT\",\"publisher\":{\"@id\":\"https:\\\/\\\/www.immo-invest.ch\\\/it\\\/#organization\"}}]}\n\t\t<\/script>\n\t\t<!-- All in One SEO -->\n\n","aioseo_head_json":{"title":"Il Parlamento della citt\u00e0 di Zugo sostiene il piano di sviluppo di Metalli - immo!nvest - Die Plattform f\u00fcr Standorte und Immobilien","description":"Dopo il Consiglio comunale di Zug, anche il Gran Consiglio comunale della citt\u00e0 ha approvato il piano di sviluppo di Metalli in prima lettura. Ora sar\u00e0 sottoposto a consultazione pubblica. Zug Estates vuole trasformare l'attuale viale commerciale in un quartiere vivace.","canonical_url":"https:\/\/www.immo-invest.ch\/it\/zuger-stadtparlament-unterstuetzt-bebauungsplan-metalli\/","robots":"max-image-preview:large","keywords":"","webmasterTools":{"google-site-verification":"fHJKvgWpZCR2zVBHWfkQeFXC11qieUSff0HGNYfuyLA","miscellaneous":""},"schema":{"@context":"https:\/\/schema.org","@graph":[{"@type":"BlogPosting","@id":"https:\/\/www.immo-invest.ch\/it\/zuger-stadtparlament-unterstuetzt-bebauungsplan-metalli\/#blogposting","name":"Il Parlamento della citt\u00e0 di Zugo sostiene il piano di sviluppo di Metalli - immo!nvest - Die Plattform f\u00fcr Standorte und Immobilien","headline":"Il Parlamento della citt\u00e0 di Zugo sostiene il piano di sviluppo di Metalli","author":{"@id":"https:\/\/www.immo-invest.ch\/it\/author\/immovestuser\/#author"},"publisher":{"@id":"https:\/\/www.immo-invest.ch\/it\/#organization"},"image":{"@type":"ImageObject","url":"https:\/\/www.immo-invest.ch\/wp-content\/uploads\/2025\/06\/metallli-ea190801-lm6.webp","width":1500,"height":750,"caption":"Mohan Mani, Bilder: zVg"},"datePublished":"2025-07-04T12:21:57+02:00","dateModified":"2025-06-30T11:19:31+02:00","inLanguage":"it-IT","mainEntityOfPage":{"@id":"https:\/\/www.immo-invest.ch\/it\/zuger-stadtparlament-unterstuetzt-bebauungsplan-metalli\/#webpage"},"isPartOf":{"@id":"https:\/\/www.immo-invest.ch\/it\/zuger-stadtparlament-unterstuetzt-bebauungsplan-metalli\/#webpage"},"articleSection":"Costruzione, immoNews, Progetti, Zug, Bebauungsplan, Immoinvest, immoNews, News, Stadtentwicklung, Verdichtung, Optional"},{"@type":"BreadcrumbList","@id":"https:\/\/www.immo-invest.ch\/it\/zuger-stadtparlament-unterstuetzt-bebauungsplan-metalli\/#breadcrumblist","itemListElement":[{"@type":"ListItem","@id":"https:\/\/www.immo-invest.ch\/it\/#listItem","position":1,"name":"Home","item":"https:\/\/www.immo-invest.ch\/it\/","nextItem":{"@type":"ListItem","@id":"https:\/\/www.immo-invest.ch\/it\/categoria\/regioni\/#listItem","name":"Regioni"}},{"@type":"ListItem","@id":"https:\/\/www.immo-invest.ch\/it\/categoria\/regioni\/#listItem","position":2,"name":"Regioni","item":"https:\/\/www.immo-invest.ch\/it\/categoria\/regioni\/","nextItem":{"@type":"ListItem","@id":"https:\/\/www.immo-invest.ch\/it\/categoria\/regioni\/svizzera\/#listItem","name":"Svizzera"},"previousItem":{"@type":"ListItem","@id":"https:\/\/www.immo-invest.ch\/it\/#listItem","name":"Home"}},{"@type":"ListItem","@id":"https:\/\/www.immo-invest.ch\/it\/categoria\/regioni\/svizzera\/#listItem","position":3,"name":"Svizzera","item":"https:\/\/www.immo-invest.ch\/it\/categoria\/regioni\/svizzera\/","nextItem":{"@type":"ListItem","@id":"https:\/\/www.immo-invest.ch\/it\/categoria\/regioni\/svizzera\/zentralschweiz-it\/#listItem","name":"Zentralschweiz"},"previousItem":{"@type":"ListItem","@id":"https:\/\/www.immo-invest.ch\/it\/categoria\/regioni\/#listItem","name":"Regioni"}},{"@type":"ListItem","@id":"https:\/\/www.immo-invest.ch\/it\/categoria\/regioni\/svizzera\/zentralschweiz-it\/#listItem","position":4,"name":"Zentralschweiz","item":"https:\/\/www.immo-invest.ch\/it\/categoria\/regioni\/svizzera\/zentralschweiz-it\/","nextItem":{"@type":"ListItem","@id":"https:\/\/www.immo-invest.ch\/it\/categoria\/regioni\/svizzera\/zentralschweiz-it\/zug-immoregionen-it\/#listItem","name":"Zug"},"previousItem":{"@type":"ListItem","@id":"https:\/\/www.immo-invest.ch\/it\/categoria\/regioni\/svizzera\/#listItem","name":"Svizzera"}},{"@type":"ListItem","@id":"https:\/\/www.immo-invest.ch\/it\/categoria\/regioni\/svizzera\/zentralschweiz-it\/zug-immoregionen-it\/#listItem","position":5,"name":"Zug","item":"https:\/\/www.immo-invest.ch\/it\/categoria\/regioni\/svizzera\/zentralschweiz-it\/zug-immoregionen-it\/","nextItem":{"@type":"ListItem","@id":"https:\/\/www.immo-invest.ch\/it\/zuger-stadtparlament-unterstuetzt-bebauungsplan-metalli\/#listItem","name":"Il Parlamento della citt\u00e0 di Zugo sostiene il piano di sviluppo di Metalli"},"previousItem":{"@type":"ListItem","@id":"https:\/\/www.immo-invest.ch\/it\/categoria\/regioni\/svizzera\/zentralschweiz-it\/#listItem","name":"Zentralschweiz"}},{"@type":"ListItem","@id":"https:\/\/www.immo-invest.ch\/it\/zuger-stadtparlament-unterstuetzt-bebauungsplan-metalli\/#listItem","position":6,"name":"Il Parlamento della citt\u00e0 di Zugo sostiene il piano di sviluppo di Metalli","previousItem":{"@type":"ListItem","@id":"https:\/\/www.immo-invest.ch\/it\/categoria\/regioni\/svizzera\/zentralschweiz-it\/zug-immoregionen-it\/#listItem","name":"Zug"}}]},{"@type":"Organization","@id":"https:\/\/www.immo-invest.ch\/it\/#organization","name":"immo!nvest - Die Plattform f\u00fcr Standorte und Immobilien","description":"Die\u00a0Plattform f\u00fcr Standorte und Immobilien","url":"https:\/\/www.immo-invest.ch\/it\/","email":"admin@immomedia.ag","telephone":"+41444420002","logo":{"@type":"ImageObject","url":"https:\/\/www.immo-invest.ch\/wp-content\/uploads\/2024\/09\/immoinvest_sm-scaled.jpg","@id":"https:\/\/www.immo-invest.ch\/it\/zuger-stadtparlament-unterstuetzt-bebauungsplan-metalli\/#organizationLogo","width":2560,"height":1340},"image":{"@id":"https:\/\/www.immo-invest.ch\/it\/zuger-stadtparlament-unterstuetzt-bebauungsplan-metalli\/#organizationLogo"},"sameAs":["https:\/\/www.facebook.com\/people\/Immoinvest\/100077962920504\/","https:\/\/x.com\/i\/flow\/login?redirect_after_login=immoinvest_ch","https:\/\/www.instagram.com\/immoinvest_ch\/","https:\/\/www.linkedin.com\/company\/immoinvest-swiss"]},{"@type":"Person","@id":"https:\/\/www.immo-invest.ch\/it\/author\/immovestuser\/#author","url":"https:\/\/www.immo-invest.ch\/it\/author\/immovestuser\/","name":"immovestuser","image":{"@type":"ImageObject","@id":"https:\/\/www.immo-invest.ch\/it\/zuger-stadtparlament-unterstuetzt-bebauungsplan-metalli\/#authorImage","url":"https:\/\/secure.gravatar.com\/avatar\/8e01f4d99f2eeea7a362ebb93305e1172a70e9293ba250f897a65c39f54cdd1e?s=96&d=mm&r=g","width":96,"height":96,"caption":"immovestuser"}},{"@type":"WebPage","@id":"https:\/\/www.immo-invest.ch\/it\/zuger-stadtparlament-unterstuetzt-bebauungsplan-metalli\/#webpage","url":"https:\/\/www.immo-invest.ch\/it\/zuger-stadtparlament-unterstuetzt-bebauungsplan-metalli\/","name":"Il Parlamento della citt\u00e0 di Zugo sostiene il piano di sviluppo di Metalli - immo!nvest - Die Plattform f\u00fcr Standorte und Immobilien","description":"Dopo il Consiglio comunale di Zug, anche il Gran Consiglio comunale della citt\u00e0 ha approvato il piano di sviluppo di Metalli in prima lettura. Ora sar\u00e0 sottoposto a consultazione pubblica. Zug Estates vuole trasformare l'attuale viale commerciale in un quartiere vivace.","inLanguage":"it-IT","isPartOf":{"@id":"https:\/\/www.immo-invest.ch\/it\/#website"},"breadcrumb":{"@id":"https:\/\/www.immo-invest.ch\/it\/zuger-stadtparlament-unterstuetzt-bebauungsplan-metalli\/#breadcrumblist"},"author":{"@id":"https:\/\/www.immo-invest.ch\/it\/author\/immovestuser\/#author"},"creator":{"@id":"https:\/\/www.immo-invest.ch\/it\/author\/immovestuser\/#author"},"image":{"@type":"ImageObject","url":"https:\/\/www.immo-invest.ch\/wp-content\/uploads\/2025\/06\/metallli-ea190801-lm6.webp","@id":"https:\/\/www.immo-invest.ch\/it\/zuger-stadtparlament-unterstuetzt-bebauungsplan-metalli\/#mainImage","width":1500,"height":750,"caption":"Mohan Mani, Bilder: zVg"},"primaryImageOfPage":{"@id":"https:\/\/www.immo-invest.ch\/it\/zuger-stadtparlament-unterstuetzt-bebauungsplan-metalli\/#mainImage"},"datePublished":"2025-07-04T12:21:57+02:00","dateModified":"2025-06-30T11:19:31+02:00"},{"@type":"WebSite","@id":"https:\/\/www.immo-invest.ch\/it\/#website","url":"https:\/\/www.immo-invest.ch\/it\/","name":"immo!nvest - Die Plattform f\u00fcr Standorte und Immobilien","description":"Die\u00a0Plattform f\u00fcr Standorte und Immobilien","inLanguage":"it-IT","publisher":{"@id":"https:\/\/www.immo-invest.ch\/it\/#organization"}}]},"og:locale":"it_IT","og:site_name":"immo!nvest - Die Plattform f\u00fcr Standorte und Immobilien - Die\u00a0Plattform f\u00fcr Standorte und Immobilien","og:type":"article","og:title":"Il Parlamento della citt\u00e0 di Zugo sostiene il piano di sviluppo di Metalli - immo!nvest - Die Plattform f\u00fcr Standorte und Immobilien","og:description":"Dopo il Consiglio comunale di Zug, anche il Gran Consiglio comunale della citt\u00e0 ha approvato il piano di sviluppo di Metalli in prima lettura. Ora sar\u00e0 sottoposto a consultazione pubblica. Zug Estates vuole trasformare l'attuale viale commerciale in un quartiere vivace.","og:url":"https:\/\/www.immo-invest.ch\/it\/zuger-stadtparlament-unterstuetzt-bebauungsplan-metalli\/","og:image":"https:\/\/www.immo-invest.ch\/wp-content\/uploads\/2025\/06\/metallli-ea190801-lm6.webp","og:image:secure_url":"https:\/\/www.immo-invest.ch\/wp-content\/uploads\/2025\/06\/metallli-ea190801-lm6.webp","og:image:width":1500,"og:image:height":750,"article:published_time":"2025-07-04T10:21:57+00:00","article:modified_time":"2025-06-30T09:19:31+00:00","article:publisher":"https:\/\/www.facebook.com\/people\/Immoinvest\/100077962920504\/","twitter:card":"summary_large_image","twitter:site":"@i","twitter:title":"Il Parlamento della citt\u00e0 di Zugo sostiene il piano di sviluppo di Metalli - immo!nvest - Die Plattform f\u00fcr Standorte und Immobilien","twitter:description":"Dopo il Consiglio comunale di Zug, anche il Gran Consiglio comunale della citt\u00e0 ha approvato il piano di sviluppo di Metalli in prima lettura. Ora sar\u00e0 sottoposto a consultazione pubblica. Zug Estates vuole trasformare l'attuale viale commerciale in un quartiere vivace.","twitter:creator":"@i","twitter:image":"https:\/\/www.immo-invest.ch\/wp-content\/uploads\/2025\/06\/metallli-ea190801-lm6.webp"},"aioseo_meta_data":{"post_id":"135047","title":null,"description":null,"keywords":null,"keyphrases":{"focus":{"keyphrase":"","score":0,"analysis":{"keyphraseInTitle":{"score":0,"maxScore":9,"error":1}}},"additional":[]},"primary_term":null,"canonical_url":null,"og_title":null,"og_description":null,"og_object_type":"default","og_image_type":"default","og_image_url":null,"og_image_width":null,"og_image_height":null,"og_image_custom_url":null,"og_image_custom_fields":null,"og_video":"","og_custom_url":null,"og_article_section":null,"og_article_tags":null,"twitter_use_og":false,"twitter_card":"default","twitter_image_type":"default","twitter_image_url":null,"twitter_image_custom_url":null,"twitter_image_custom_fields":null,"twitter_title":null,"twitter_description":null,"schema":{"blockGraphs":[],"customGraphs":[],"default":{"data":{"Article":[],"Course":[],"Dataset":[],"FAQPage":[],"Movie":[],"Person":[],"Product":[],"ProductReview":[],"Car":[],"Recipe":[],"Service":[],"SoftwareApplication":[],"WebPage":[]},"graphName":"BlogPosting","isEnabled":true},"graphs":[]},"schema_type":"default","schema_type_options":null,"pillar_content":false,"robots_default":true,"robots_noindex":false,"robots_noarchive":false,"robots_nosnippet":false,"robots_nofollow":false,"robots_noimageindex":false,"robots_noodp":false,"robots_notranslate":false,"robots_max_snippet":"-1","robots_max_videopreview":"-1","robots_max_imagepreview":"large","priority":null,"frequency":"default","local_seo":null,"breadcrumb_settings":null,"limit_modified_date":false,"ai":null,"created":"2025-06-30 09:13:37","updated":"2025-10-24 22:45:18","seo_analyzer_scan_date":null,"focus_keyword":null,"additional_keywords":null,"truseo_locale":null},"aioseo_breadcrumb":"<div class=\"aioseo-breadcrumbs\"><span class=\"aioseo-breadcrumb\">\n\t\t\t<a href=\"https:\/\/www.immo-invest.ch\/it\/\" title=\"Home\">Home<\/a>\n\t\t<\/span><span class=\"aioseo-breadcrumb-separator\">&raquo;<\/span><span class=\"aioseo-breadcrumb\">\n\t\t\t<a href=\"https:\/\/www.immo-invest.ch\/it\/categoria\/regioni\/\" title=\"Regioni\">Regioni<\/a>\n\t\t<\/span><span class=\"aioseo-breadcrumb-separator\">&raquo;<\/span><span class=\"aioseo-breadcrumb\">\n\t\t\t<a href=\"https:\/\/www.immo-invest.ch\/it\/categoria\/regioni\/svizzera\/\" title=\"Svizzera\">Svizzera<\/a>\n\t\t<\/span><span class=\"aioseo-breadcrumb-separator\">&raquo;<\/span><span class=\"aioseo-breadcrumb\">\n\t\t\t<a href=\"https:\/\/www.immo-invest.ch\/it\/categoria\/regioni\/svizzera\/zentralschweiz-it\/\" title=\"Zentralschweiz\">Zentralschweiz<\/a>\n\t\t<\/span><span class=\"aioseo-breadcrumb-separator\">&raquo;<\/span><span class=\"aioseo-breadcrumb\">\n\t\t\t<a href=\"https:\/\/www.immo-invest.ch\/it\/categoria\/regioni\/svizzera\/zentralschweiz-it\/zug-immoregionen-it\/\" title=\"Zug\">Zug<\/a>\n\t\t<\/span><span class=\"aioseo-breadcrumb-separator\">&raquo;<\/span><span class=\"aioseo-breadcrumb\">\n\t\t\tIl Parlamento della citt\u00e0 di Zugo sostiene il piano di sviluppo di Metalli\n\t\t<\/span><\/div>","aioseo_breadcrumb_json":[{"label":"Home","link":"https:\/\/www.immo-invest.ch\/it\/"},{"label":"Regioni","link":"https:\/\/www.immo-invest.ch\/it\/categoria\/regioni\/"},{"label":"Svizzera","link":"https:\/\/www.immo-invest.ch\/it\/categoria\/regioni\/svizzera\/"},{"label":"Zentralschweiz","link":"https:\/\/www.immo-invest.ch\/it\/categoria\/regioni\/svizzera\/zentralschweiz-it\/"},{"label":"Zug","link":"https:\/\/www.immo-invest.ch\/it\/categoria\/regioni\/svizzera\/zentralschweiz-it\/zug-immoregionen-it\/"},{"label":"Il Parlamento della citt\u00e0 di Zugo sostiene il piano di sviluppo di Metalli","link":"https:\/\/www.immo-invest.ch\/it\/zuger-stadtparlament-unterstuetzt-bebauungsplan-metalli\/"}],"featured_image_src":"https:\/\/www.immo-invest.ch\/wp-content\/uploads\/2025\/06\/metallli-ea190801-lm6-336x168.webp","_links":{"self":[{"href":"https:\/\/www.immo-invest.ch\/it\/wp-json\/wp\/v2\/posts\/135047","targetHints":{"allow":["GET"]}}],"collection":[{"href":"https:\/\/www.immo-invest.ch\/it\/wp-json\/wp\/v2\/posts"}],"about":[{"href":"https:\/\/www.immo-invest.ch\/it\/wp-json\/wp\/v2\/types\/post"}],"author":[{"embeddable":true,"href":"https:\/\/www.immo-invest.ch\/it\/wp-json\/wp\/v2\/users\/2"}],"replies":[{"embeddable":true,"href":"https:\/\/www.immo-invest.ch\/it\/wp-json\/wp\/v2\/comments?post=135047"}],"version-history":[{"count":0,"href":"https:\/\/www.immo-invest.ch\/it\/wp-json\/wp\/v2\/posts\/135047\/revisions"}],"wp:featuredmedia":[{"embeddable":true,"href":"https:\/\/www.immo-invest.ch\/it\/wp-json\/wp\/v2\/media\/135037"}],"wp:attachment":[{"href":"https:\/\/www.immo-invest.ch\/it\/wp-json\/wp\/v2\/media?parent=135047"}],"wp:term":[{"taxonomy":"category","embeddable":true,"href":"https:\/\/www.immo-invest.ch\/it\/wp-json\/wp\/v2\/categories?post=135047"},{"taxonomy":"post_tag","embeddable":true,"href":"https:\/\/www.immo-invest.ch\/it\/wp-json\/wp\/v2\/tags?post=135047"}],"curies":[{"name":"wp","href":"https:\/\/api.w.org\/{rel}","templated":true}]}}