{"id":135006,"date":"2025-07-03T16:45:39","date_gmt":"2025-07-03T14:45:39","guid":{"rendered":"https:\/\/www.immo-invest.ch\/?p=135006"},"modified":"2025-06-30T10:21:03","modified_gmt":"2025-06-30T08:21:03","slug":"ceo-wird-teilhaber-bei-baugruppe","status":"publish","type":"post","link":"https:\/\/www.immo-invest.ch\/it\/ceo-wird-teilhaber-bei-baugruppe\/","title":{"rendered":"L&#8217;amministratore delegato diventa socio del gruppo di assemblaggio"},"content":{"rendered":"<p class=\"bodytext\">Il <a href=\"https:\/\/www.erne-gruppe.ch\/de\/\" target=\"_blank\" rel=\"noopener\">Gruppo ERNE<\/a> assume il suo CEO Giuseppe Santagada come azionista. L&rsquo;Amministratore Delegato, in carica dall&rsquo;inizio del 2024, entrer&agrave; a far parte del gruppo edile e immobiliare con sede a Laufenburg come azionista di minoranza, ha <a href=\"https:\/\/www.erne-gruppe.ch\/de\/fileservice\/service\/forcedownload\/file\/120626\/\" target=\"_blank\" rel=\"noopener\">annunciato<\/a> il Gruppo ERNE in un <a href=\"https:\/\/www.erne-gruppe.ch\/de\/fileservice\/service\/forcedownload\/file\/120626\/\" target=\"_blank\" rel=\"noopener\">comunicato stampa<\/a>. L&rsquo;azienda familiare &egrave; detenuta dalla quarta generazione della famiglia fondatrice.<\/p>\n<p class=\"bodytext\">&ldquo;La collaborazione con Giuseppe Santagada &egrave; stata basata sulla partnership, sull&rsquo;impegno e sulla parit&agrave; fin dal primo giorno&rdquo;, hanno dichiarato Daniel e Christoph Erne, Presidente e Vicepresidente del Consiglio di Amministrazione, nel comunicato stampa. Santagada, che ha conseguito un dottorato in economia, contribuisce allo sviluppo strategico del Gruppo con la sua visione imprenditoriale e la sua esperienza di gestione. &ldquo;Diventare un azionista di minoranza &egrave; un&rsquo;espressione della nostra fiducia reciproca e della nostra responsabilit&agrave; nei confronti dei nostri dipendenti, clienti, partner e familiari&rdquo;<\/p>\n<p class=\"bodytext\">Le aziende del Gruppo ERNE sono specializzate nell&rsquo;intero settore dell&rsquo;edilizia, dall&rsquo;estrazione delle materie prime alla pianificazione e realizzazione di progetti, fino allo smantellamento, allo smaltimento e al riciclaggio. Oltre alla sede centrale di Laufenburg, l&rsquo;azienda ha altre sedi in Svizzera e Germania ed &egrave; attiva in Svizzera, Germania e Lussemburgo.<\/p>\n","protected":false},"excerpt":{"rendered":"<p>L&#8217;Amministratore Delegato del Gruppo ERNE, Giuseppe Santagada, intende diventare in futuro socio del gruppo immobiliare e di costruzione. La famiglia fondatrice accoglie con favore la decisione di Santagada di acquisire una partecipazione di minoranza nel Gruppo ERNE.<\/p>\n","protected":false},"author":2,"featured_media":6762,"comment_status":"open","ping_status":"open","sticky":false,"template":"","format":"standard","meta":{"pmpro_default_level":"","inline_featured_image":false,"_monsterinsights_skip_tracking":false,"footnotes":""},"categories":[745,4465,22695],"tags":[53514,28657,867,3935,2006,53515],"class_list":["post-135006","post","type-post","status-publish","format-standard","has-post-thumbnail","hentry","category-immonews-it","category-persone","category-societa","tag-baugruppe-it","tag-geschaeftsfuehrung-it","tag-immoinvest-it","tag-immonews-it","tag-news-it","tag-unternehmensbeteiligung-it","pmpro-has-access"],"acf":{"bild_mit_ki_erstellt_worden":[],"lead":"L'Amministratore Delegato del Gruppo ERNE, Giuseppe Santagada, intende diventare in futuro socio del gruppo immobiliare e di costruzione. La famiglia fondatrice accoglie con favore la decisione di Santagada di acquisire una partecipazione di minoranza nel Gruppo ERNE.","autor":"ce\/hs","ort":"Laufenburg AG -","bildunterschrift":"","bild_im_grid":false,"gallerie":"","newsim":""},"aioseo_notices":[],"aioseo_head":"\n\t\t<!-- All in One SEO 5.0.1.1 - aioseo.com -->\n\t<meta name=\"description\" content=\"L&#039;Amministratore Delegato del Gruppo ERNE, Giuseppe Santagada, intende diventare in futuro socio del gruppo immobiliare e di costruzione. La famiglia fondatrice accoglie con favore la decisione di Santagada di acquisire una partecipazione di minoranza nel Gruppo ERNE.\" \/>\n\t<meta name=\"robots\" content=\"max-image-preview:large\" \/>\n\t<meta name=\"author\" content=\"immovestuser\"\/>\n\t<meta name=\"google-site-verification\" content=\"fHJKvgWpZCR2zVBHWfkQeFXC11qieUSff0HGNYfuyLA\" \/>\n\t<link rel=\"canonical\" href=\"https:\/\/www.immo-invest.ch\/it\/ceo-wird-teilhaber-bei-baugruppe\/\" \/>\n\t<meta name=\"generator\" content=\"All in One SEO (AIOSEO) 5.0.1.1\" \/>\n\t\t<meta property=\"og:locale\" content=\"it_IT\" \/>\n\t\t<meta property=\"og:site_name\" content=\"immo!nvest - Die Plattform f\u00fcr Standorte und Immobilien - Die\u00a0Plattform f\u00fcr Standorte und Immobilien\" \/>\n\t\t<meta property=\"og:type\" content=\"article\" \/>\n\t\t<meta property=\"og:title\" content=\"L\u2019amministratore delegato diventa socio del gruppo di assemblaggio - immo!nvest - Die Plattform f\u00fcr Standorte und Immobilien\" \/>\n\t\t<meta property=\"og:description\" content=\"L&#039;Amministratore Delegato del Gruppo ERNE, Giuseppe Santagada, intende diventare in futuro socio del gruppo immobiliare e di costruzione. La famiglia fondatrice accoglie con favore la decisione di Santagada di acquisire una partecipazione di minoranza nel Gruppo ERNE.\" \/>\n\t\t<meta property=\"og:url\" content=\"https:\/\/www.immo-invest.ch\/it\/ceo-wird-teilhaber-bei-baugruppe\/\" \/>\n\t\t<meta property=\"og:image\" content=\"https:\/\/www.immo-invest.ch\/wp-content\/uploads\/2020\/03\/finanzen_1-1.png\" \/>\n\t\t<meta property=\"og:image:secure_url\" content=\"https:\/\/www.immo-invest.ch\/wp-content\/uploads\/2020\/03\/finanzen_1-1.png\" \/>\n\t\t<meta property=\"og:image:width\" content=\"1200\" \/>\n\t\t<meta property=\"og:image:height\" content=\"628\" \/>\n\t\t<meta property=\"article:published_time\" content=\"2025-07-03T14:45:39+00:00\" \/>\n\t\t<meta property=\"article:modified_time\" content=\"2025-06-30T08:21:03+00:00\" \/>\n\t\t<meta property=\"article:publisher\" content=\"https:\/\/www.facebook.com\/people\/Immoinvest\/100077962920504\/\" \/>\n\t\t<meta name=\"twitter:card\" content=\"summary_large_image\" \/>\n\t\t<meta name=\"twitter:site\" content=\"@i\" \/>\n\t\t<meta name=\"twitter:title\" content=\"L\u2019amministratore delegato diventa socio del gruppo di assemblaggio - immo!nvest - Die Plattform f\u00fcr Standorte und Immobilien\" \/>\n\t\t<meta name=\"twitter:description\" content=\"L&#039;Amministratore Delegato del Gruppo ERNE, Giuseppe Santagada, intende diventare in futuro socio del gruppo immobiliare e di costruzione. La famiglia fondatrice accoglie con favore la decisione di Santagada di acquisire una partecipazione di minoranza nel Gruppo ERNE.\" \/>\n\t\t<meta name=\"twitter:creator\" content=\"@i\" \/>\n\t\t<meta name=\"twitter:image\" content=\"https:\/\/www.immo-invest.ch\/wp-content\/uploads\/2020\/03\/finanzen_1-1.png\" \/>\n\t\t<script type=\"application\/ld+json\" class=\"aioseo-schema\">\n\t\t\t{\"@context\":\"https:\\\/\\\/schema.org\",\"@graph\":[{\"@type\":\"BlogPosting\",\"@id\":\"https:\\\/\\\/www.immo-invest.ch\\\/it\\\/ceo-wird-teilhaber-bei-baugruppe\\\/#blogposting\",\"name\":\"L\\u2019amministratore delegato diventa socio del gruppo di assemblaggio - immo!nvest - Die Plattform f\\u00fcr Standorte und Immobilien\",\"headline\":\"L&#8217;amministratore delegato diventa socio del gruppo di assemblaggio\",\"author\":{\"@id\":\"https:\\\/\\\/www.immo-invest.ch\\\/it\\\/author\\\/immovestuser\\\/#author\"},\"publisher\":{\"@id\":\"https:\\\/\\\/www.immo-invest.ch\\\/it\\\/#organization\"},\"image\":{\"@type\":\"ImageObject\",\"url\":\"https:\\\/\\\/www.immo-invest.ch\\\/wp-content\\\/uploads\\\/2020\\\/03\\\/finanzen_1-1.png\",\"width\":1200,\"height\":628},\"datePublished\":\"2025-07-03T16:45:39+02:00\",\"dateModified\":\"2025-06-30T10:21:03+02:00\",\"inLanguage\":\"it-IT\",\"mainEntityOfPage\":{\"@id\":\"https:\\\/\\\/www.immo-invest.ch\\\/it\\\/ceo-wird-teilhaber-bei-baugruppe\\\/#webpage\"},\"isPartOf\":{\"@id\":\"https:\\\/\\\/www.immo-invest.ch\\\/it\\\/ceo-wird-teilhaber-bei-baugruppe\\\/#webpage\"},\"articleSection\":\"immoNews, Persone, Societ\\u00e0, Baugruppe, Gesch\\u00e4ftsf\\u00fchrung, Immoinvest, immoNews, News, Unternehmensbeteiligung, Optional\"},{\"@type\":\"BreadcrumbList\",\"@id\":\"https:\\\/\\\/www.immo-invest.ch\\\/it\\\/ceo-wird-teilhaber-bei-baugruppe\\\/#breadcrumblist\",\"itemListElement\":[{\"@type\":\"ListItem\",\"@id\":\"https:\\\/\\\/www.immo-invest.ch\\\/it\\\/#listItem\",\"position\":1,\"name\":\"Home\",\"item\":\"https:\\\/\\\/www.immo-invest.ch\\\/it\\\/\",\"nextItem\":{\"@type\":\"ListItem\",\"@id\":\"https:\\\/\\\/www.immo-invest.ch\\\/it\\\/categoria\\\/persone-2\\\/#listItem\",\"name\":\"Persone\"}},{\"@type\":\"ListItem\",\"@id\":\"https:\\\/\\\/www.immo-invest.ch\\\/it\\\/categoria\\\/persone-2\\\/#listItem\",\"position\":2,\"name\":\"Persone\",\"item\":\"https:\\\/\\\/www.immo-invest.ch\\\/it\\\/categoria\\\/persone-2\\\/\",\"nextItem\":{\"@type\":\"ListItem\",\"@id\":\"https:\\\/\\\/www.immo-invest.ch\\\/it\\\/categoria\\\/persone-2\\\/persone\\\/#listItem\",\"name\":\"Persone\"},\"previousItem\":{\"@type\":\"ListItem\",\"@id\":\"https:\\\/\\\/www.immo-invest.ch\\\/it\\\/#listItem\",\"name\":\"Home\"}},{\"@type\":\"ListItem\",\"@id\":\"https:\\\/\\\/www.immo-invest.ch\\\/it\\\/categoria\\\/persone-2\\\/persone\\\/#listItem\",\"position\":3,\"name\":\"Persone\",\"item\":\"https:\\\/\\\/www.immo-invest.ch\\\/it\\\/categoria\\\/persone-2\\\/persone\\\/\",\"nextItem\":{\"@type\":\"ListItem\",\"@id\":\"https:\\\/\\\/www.immo-invest.ch\\\/it\\\/ceo-wird-teilhaber-bei-baugruppe\\\/#listItem\",\"name\":\"L&#8217;amministratore delegato diventa socio del gruppo di assemblaggio\"},\"previousItem\":{\"@type\":\"ListItem\",\"@id\":\"https:\\\/\\\/www.immo-invest.ch\\\/it\\\/categoria\\\/persone-2\\\/#listItem\",\"name\":\"Persone\"}},{\"@type\":\"ListItem\",\"@id\":\"https:\\\/\\\/www.immo-invest.ch\\\/it\\\/ceo-wird-teilhaber-bei-baugruppe\\\/#listItem\",\"position\":4,\"name\":\"L&#8217;amministratore delegato diventa socio del gruppo di assemblaggio\",\"previousItem\":{\"@type\":\"ListItem\",\"@id\":\"https:\\\/\\\/www.immo-invest.ch\\\/it\\\/categoria\\\/persone-2\\\/persone\\\/#listItem\",\"name\":\"Persone\"}}]},{\"@type\":\"Organization\",\"@id\":\"https:\\\/\\\/www.immo-invest.ch\\\/it\\\/#organization\",\"name\":\"immo!nvest - Die Plattform f\\u00fcr Standorte und Immobilien\",\"description\":\"Die\\u00a0Plattform f\\u00fcr Standorte und Immobilien\",\"url\":\"https:\\\/\\\/www.immo-invest.ch\\\/it\\\/\",\"email\":\"admin@immomedia.ag\",\"telephone\":\"+41444420002\",\"logo\":{\"@type\":\"ImageObject\",\"url\":\"https:\\\/\\\/www.immo-invest.ch\\\/wp-content\\\/uploads\\\/2024\\\/09\\\/immoinvest_sm-scaled.jpg\",\"@id\":\"https:\\\/\\\/www.immo-invest.ch\\\/it\\\/ceo-wird-teilhaber-bei-baugruppe\\\/#organizationLogo\",\"width\":2560,\"height\":1340},\"image\":{\"@id\":\"https:\\\/\\\/www.immo-invest.ch\\\/it\\\/ceo-wird-teilhaber-bei-baugruppe\\\/#organizationLogo\"},\"sameAs\":[\"https:\\\/\\\/www.facebook.com\\\/people\\\/Immoinvest\\\/100077962920504\\\/\",\"https:\\\/\\\/x.com\\\/i\\\/flow\\\/login?redirect_after_login=immoinvest_ch\",\"https:\\\/\\\/www.instagram.com\\\/immoinvest_ch\\\/\",\"https:\\\/\\\/www.linkedin.com\\\/company\\\/immoinvest-swiss\"]},{\"@type\":\"Person\",\"@id\":\"https:\\\/\\\/www.immo-invest.ch\\\/it\\\/author\\\/immovestuser\\\/#author\",\"url\":\"https:\\\/\\\/www.immo-invest.ch\\\/it\\\/author\\\/immovestuser\\\/\",\"name\":\"immovestuser\",\"image\":{\"@type\":\"ImageObject\",\"@id\":\"https:\\\/\\\/www.immo-invest.ch\\\/it\\\/ceo-wird-teilhaber-bei-baugruppe\\\/#authorImage\",\"url\":\"https:\\\/\\\/secure.gravatar.com\\\/avatar\\\/8e01f4d99f2eeea7a362ebb93305e1172a70e9293ba250f897a65c39f54cdd1e?s=96&d=mm&r=g\",\"width\":96,\"height\":96,\"caption\":\"immovestuser\"}},{\"@type\":\"WebPage\",\"@id\":\"https:\\\/\\\/www.immo-invest.ch\\\/it\\\/ceo-wird-teilhaber-bei-baugruppe\\\/#webpage\",\"url\":\"https:\\\/\\\/www.immo-invest.ch\\\/it\\\/ceo-wird-teilhaber-bei-baugruppe\\\/\",\"name\":\"L\\u2019amministratore delegato diventa socio del gruppo di assemblaggio - immo!nvest - Die Plattform f\\u00fcr Standorte und Immobilien\",\"description\":\"L'Amministratore Delegato del Gruppo ERNE, Giuseppe Santagada, intende diventare in futuro socio del gruppo immobiliare e di costruzione. La famiglia fondatrice accoglie con favore la decisione di Santagada di acquisire una partecipazione di minoranza nel Gruppo ERNE.\",\"inLanguage\":\"it-IT\",\"isPartOf\":{\"@id\":\"https:\\\/\\\/www.immo-invest.ch\\\/it\\\/#website\"},\"breadcrumb\":{\"@id\":\"https:\\\/\\\/www.immo-invest.ch\\\/it\\\/ceo-wird-teilhaber-bei-baugruppe\\\/#breadcrumblist\"},\"author\":{\"@id\":\"https:\\\/\\\/www.immo-invest.ch\\\/it\\\/author\\\/immovestuser\\\/#author\"},\"creator\":{\"@id\":\"https:\\\/\\\/www.immo-invest.ch\\\/it\\\/author\\\/immovestuser\\\/#author\"},\"image\":{\"@type\":\"ImageObject\",\"url\":\"https:\\\/\\\/www.immo-invest.ch\\\/wp-content\\\/uploads\\\/2020\\\/03\\\/finanzen_1-1.png\",\"@id\":\"https:\\\/\\\/www.immo-invest.ch\\\/it\\\/ceo-wird-teilhaber-bei-baugruppe\\\/#mainImage\",\"width\":1200,\"height\":628},\"primaryImageOfPage\":{\"@id\":\"https:\\\/\\\/www.immo-invest.ch\\\/it\\\/ceo-wird-teilhaber-bei-baugruppe\\\/#mainImage\"},\"datePublished\":\"2025-07-03T16:45:39+02:00\",\"dateModified\":\"2025-06-30T10:21:03+02:00\"},{\"@type\":\"WebSite\",\"@id\":\"https:\\\/\\\/www.immo-invest.ch\\\/it\\\/#website\",\"url\":\"https:\\\/\\\/www.immo-invest.ch\\\/it\\\/\",\"name\":\"immo!nvest - Die Plattform f\\u00fcr Standorte und Immobilien\",\"description\":\"Die\\u00a0Plattform f\\u00fcr Standorte und Immobilien\",\"inLanguage\":\"it-IT\",\"publisher\":{\"@id\":\"https:\\\/\\\/www.immo-invest.ch\\\/it\\\/#organization\"}}]}\n\t\t<\/script>\n\t\t<!-- All in One SEO -->\n\n","aioseo_head_json":{"title":"L\u2019amministratore delegato diventa socio del gruppo di assemblaggio - immo!nvest - Die Plattform f\u00fcr Standorte und Immobilien","description":"L'Amministratore Delegato del Gruppo ERNE, Giuseppe Santagada, intende diventare in futuro socio del gruppo immobiliare e di costruzione. La famiglia fondatrice accoglie con favore la decisione di Santagada di acquisire una partecipazione di minoranza nel Gruppo ERNE.","canonical_url":"https:\/\/www.immo-invest.ch\/it\/ceo-wird-teilhaber-bei-baugruppe\/","robots":"max-image-preview:large","keywords":"","webmasterTools":{"google-site-verification":"fHJKvgWpZCR2zVBHWfkQeFXC11qieUSff0HGNYfuyLA","miscellaneous":""},"schema":{"@context":"https:\/\/schema.org","@graph":[{"@type":"BlogPosting","@id":"https:\/\/www.immo-invest.ch\/it\/ceo-wird-teilhaber-bei-baugruppe\/#blogposting","name":"L\u2019amministratore delegato diventa socio del gruppo di assemblaggio - immo!nvest - Die Plattform f\u00fcr Standorte und Immobilien","headline":"L&#8217;amministratore delegato diventa socio del gruppo di assemblaggio","author":{"@id":"https:\/\/www.immo-invest.ch\/it\/author\/immovestuser\/#author"},"publisher":{"@id":"https:\/\/www.immo-invest.ch\/it\/#organization"},"image":{"@type":"ImageObject","url":"https:\/\/www.immo-invest.ch\/wp-content\/uploads\/2020\/03\/finanzen_1-1.png","width":1200,"height":628},"datePublished":"2025-07-03T16:45:39+02:00","dateModified":"2025-06-30T10:21:03+02:00","inLanguage":"it-IT","mainEntityOfPage":{"@id":"https:\/\/www.immo-invest.ch\/it\/ceo-wird-teilhaber-bei-baugruppe\/#webpage"},"isPartOf":{"@id":"https:\/\/www.immo-invest.ch\/it\/ceo-wird-teilhaber-bei-baugruppe\/#webpage"},"articleSection":"immoNews, Persone, Societ\u00e0, Baugruppe, Gesch\u00e4ftsf\u00fchrung, Immoinvest, immoNews, News, Unternehmensbeteiligung, Optional"},{"@type":"BreadcrumbList","@id":"https:\/\/www.immo-invest.ch\/it\/ceo-wird-teilhaber-bei-baugruppe\/#breadcrumblist","itemListElement":[{"@type":"ListItem","@id":"https:\/\/www.immo-invest.ch\/it\/#listItem","position":1,"name":"Home","item":"https:\/\/www.immo-invest.ch\/it\/","nextItem":{"@type":"ListItem","@id":"https:\/\/www.immo-invest.ch\/it\/categoria\/persone-2\/#listItem","name":"Persone"}},{"@type":"ListItem","@id":"https:\/\/www.immo-invest.ch\/it\/categoria\/persone-2\/#listItem","position":2,"name":"Persone","item":"https:\/\/www.immo-invest.ch\/it\/categoria\/persone-2\/","nextItem":{"@type":"ListItem","@id":"https:\/\/www.immo-invest.ch\/it\/categoria\/persone-2\/persone\/#listItem","name":"Persone"},"previousItem":{"@type":"ListItem","@id":"https:\/\/www.immo-invest.ch\/it\/#listItem","name":"Home"}},{"@type":"ListItem","@id":"https:\/\/www.immo-invest.ch\/it\/categoria\/persone-2\/persone\/#listItem","position":3,"name":"Persone","item":"https:\/\/www.immo-invest.ch\/it\/categoria\/persone-2\/persone\/","nextItem":{"@type":"ListItem","@id":"https:\/\/www.immo-invest.ch\/it\/ceo-wird-teilhaber-bei-baugruppe\/#listItem","name":"L&#8217;amministratore delegato diventa socio del gruppo di assemblaggio"},"previousItem":{"@type":"ListItem","@id":"https:\/\/www.immo-invest.ch\/it\/categoria\/persone-2\/#listItem","name":"Persone"}},{"@type":"ListItem","@id":"https:\/\/www.immo-invest.ch\/it\/ceo-wird-teilhaber-bei-baugruppe\/#listItem","position":4,"name":"L&#8217;amministratore delegato diventa socio del gruppo di assemblaggio","previousItem":{"@type":"ListItem","@id":"https:\/\/www.immo-invest.ch\/it\/categoria\/persone-2\/persone\/#listItem","name":"Persone"}}]},{"@type":"Organization","@id":"https:\/\/www.immo-invest.ch\/it\/#organization","name":"immo!nvest - Die Plattform f\u00fcr Standorte und Immobilien","description":"Die\u00a0Plattform f\u00fcr Standorte und Immobilien","url":"https:\/\/www.immo-invest.ch\/it\/","email":"admin@immomedia.ag","telephone":"+41444420002","logo":{"@type":"ImageObject","url":"https:\/\/www.immo-invest.ch\/wp-content\/uploads\/2024\/09\/immoinvest_sm-scaled.jpg","@id":"https:\/\/www.immo-invest.ch\/it\/ceo-wird-teilhaber-bei-baugruppe\/#organizationLogo","width":2560,"height":1340},"image":{"@id":"https:\/\/www.immo-invest.ch\/it\/ceo-wird-teilhaber-bei-baugruppe\/#organizationLogo"},"sameAs":["https:\/\/www.facebook.com\/people\/Immoinvest\/100077962920504\/","https:\/\/x.com\/i\/flow\/login?redirect_after_login=immoinvest_ch","https:\/\/www.instagram.com\/immoinvest_ch\/","https:\/\/www.linkedin.com\/company\/immoinvest-swiss"]},{"@type":"Person","@id":"https:\/\/www.immo-invest.ch\/it\/author\/immovestuser\/#author","url":"https:\/\/www.immo-invest.ch\/it\/author\/immovestuser\/","name":"immovestuser","image":{"@type":"ImageObject","@id":"https:\/\/www.immo-invest.ch\/it\/ceo-wird-teilhaber-bei-baugruppe\/#authorImage","url":"https:\/\/secure.gravatar.com\/avatar\/8e01f4d99f2eeea7a362ebb93305e1172a70e9293ba250f897a65c39f54cdd1e?s=96&d=mm&r=g","width":96,"height":96,"caption":"immovestuser"}},{"@type":"WebPage","@id":"https:\/\/www.immo-invest.ch\/it\/ceo-wird-teilhaber-bei-baugruppe\/#webpage","url":"https:\/\/www.immo-invest.ch\/it\/ceo-wird-teilhaber-bei-baugruppe\/","name":"L\u2019amministratore delegato diventa socio del gruppo di assemblaggio - immo!nvest - Die Plattform f\u00fcr Standorte und Immobilien","description":"L'Amministratore Delegato del Gruppo ERNE, Giuseppe Santagada, intende diventare in futuro socio del gruppo immobiliare e di costruzione. La famiglia fondatrice accoglie con favore la decisione di Santagada di acquisire una partecipazione di minoranza nel Gruppo ERNE.","inLanguage":"it-IT","isPartOf":{"@id":"https:\/\/www.immo-invest.ch\/it\/#website"},"breadcrumb":{"@id":"https:\/\/www.immo-invest.ch\/it\/ceo-wird-teilhaber-bei-baugruppe\/#breadcrumblist"},"author":{"@id":"https:\/\/www.immo-invest.ch\/it\/author\/immovestuser\/#author"},"creator":{"@id":"https:\/\/www.immo-invest.ch\/it\/author\/immovestuser\/#author"},"image":{"@type":"ImageObject","url":"https:\/\/www.immo-invest.ch\/wp-content\/uploads\/2020\/03\/finanzen_1-1.png","@id":"https:\/\/www.immo-invest.ch\/it\/ceo-wird-teilhaber-bei-baugruppe\/#mainImage","width":1200,"height":628},"primaryImageOfPage":{"@id":"https:\/\/www.immo-invest.ch\/it\/ceo-wird-teilhaber-bei-baugruppe\/#mainImage"},"datePublished":"2025-07-03T16:45:39+02:00","dateModified":"2025-06-30T10:21:03+02:00"},{"@type":"WebSite","@id":"https:\/\/www.immo-invest.ch\/it\/#website","url":"https:\/\/www.immo-invest.ch\/it\/","name":"immo!nvest - Die Plattform f\u00fcr Standorte und Immobilien","description":"Die\u00a0Plattform f\u00fcr Standorte und Immobilien","inLanguage":"it-IT","publisher":{"@id":"https:\/\/www.immo-invest.ch\/it\/#organization"}}]},"og:locale":"it_IT","og:site_name":"immo!nvest - Die Plattform f\u00fcr Standorte und Immobilien - Die\u00a0Plattform f\u00fcr Standorte und Immobilien","og:type":"article","og:title":"L\u2019amministratore delegato diventa socio del gruppo di assemblaggio - immo!nvest - Die Plattform f\u00fcr Standorte und Immobilien","og:description":"L'Amministratore Delegato del Gruppo ERNE, Giuseppe Santagada, intende diventare in futuro socio del gruppo immobiliare e di costruzione. La famiglia fondatrice accoglie con favore la decisione di Santagada di acquisire una partecipazione di minoranza nel Gruppo ERNE.","og:url":"https:\/\/www.immo-invest.ch\/it\/ceo-wird-teilhaber-bei-baugruppe\/","og:image":"https:\/\/www.immo-invest.ch\/wp-content\/uploads\/2020\/03\/finanzen_1-1.png","og:image:secure_url":"https:\/\/www.immo-invest.ch\/wp-content\/uploads\/2020\/03\/finanzen_1-1.png","og:image:width":1200,"og:image:height":628,"article:published_time":"2025-07-03T14:45:39+00:00","article:modified_time":"2025-06-30T08:21:03+00:00","article:publisher":"https:\/\/www.facebook.com\/people\/Immoinvest\/100077962920504\/","twitter:card":"summary_large_image","twitter:site":"@i","twitter:title":"L\u2019amministratore delegato diventa socio del gruppo di assemblaggio - immo!nvest - Die Plattform f\u00fcr Standorte und Immobilien","twitter:description":"L'Amministratore Delegato del Gruppo ERNE, Giuseppe Santagada, intende diventare in futuro socio del gruppo immobiliare e di costruzione. La famiglia fondatrice accoglie con favore la decisione di Santagada di acquisire una partecipazione di minoranza nel Gruppo ERNE.","twitter:creator":"@i","twitter:image":"https:\/\/www.immo-invest.ch\/wp-content\/uploads\/2020\/03\/finanzen_1-1.png"},"aioseo_meta_data":{"post_id":"135006","title":null,"description":null,"keywords":null,"keyphrases":{"focus":{"keyphrase":"","score":0,"analysis":{"keyphraseInTitle":{"score":0,"maxScore":9,"error":1}}},"additional":[]},"primary_term":null,"canonical_url":null,"og_title":null,"og_description":null,"og_object_type":"default","og_image_type":"default","og_image_url":null,"og_image_width":null,"og_image_height":null,"og_image_custom_url":null,"og_image_custom_fields":null,"og_video":"","og_custom_url":null,"og_article_section":null,"og_article_tags":null,"twitter_use_og":false,"twitter_card":"default","twitter_image_type":"default","twitter_image_url":null,"twitter_image_custom_url":null,"twitter_image_custom_fields":null,"twitter_title":null,"twitter_description":null,"schema":{"blockGraphs":[],"customGraphs":[],"default":{"data":{"Article":[],"Course":[],"Dataset":[],"FAQPage":[],"Movie":[],"Person":[],"Product":[],"ProductReview":[],"Car":[],"Recipe":[],"Service":[],"SoftwareApplication":[],"WebPage":[]},"graphName":"BlogPosting","isEnabled":true},"graphs":[]},"schema_type":"default","schema_type_options":null,"pillar_content":false,"robots_default":true,"robots_noindex":false,"robots_noarchive":false,"robots_nosnippet":false,"robots_nofollow":false,"robots_noimageindex":false,"robots_noodp":false,"robots_notranslate":false,"robots_max_snippet":"-1","robots_max_videopreview":"-1","robots_max_imagepreview":"large","priority":null,"frequency":"default","local_seo":null,"breadcrumb_settings":null,"limit_modified_date":false,"ai":null,"created":"2025-06-30 08:11:15","updated":"2025-10-24 22:44:14","seo_analyzer_scan_date":null,"focus_keyword":null,"additional_keywords":null,"truseo_locale":null},"aioseo_breadcrumb":"<div class=\"aioseo-breadcrumbs\"><span class=\"aioseo-breadcrumb\">\n\t\t\t<a href=\"https:\/\/www.immo-invest.ch\/it\/\" title=\"Home\">Home<\/a>\n\t\t<\/span><span class=\"aioseo-breadcrumb-separator\">&raquo;<\/span><span class=\"aioseo-breadcrumb\">\n\t\t\t<a href=\"https:\/\/www.immo-invest.ch\/it\/categoria\/persone-2\/\" title=\"Persone\">Persone<\/a>\n\t\t<\/span><span class=\"aioseo-breadcrumb-separator\">&raquo;<\/span><span class=\"aioseo-breadcrumb\">\n\t\t\t<a href=\"https:\/\/www.immo-invest.ch\/it\/categoria\/persone-2\/persone\/\" title=\"Persone\">Persone<\/a>\n\t\t<\/span><span class=\"aioseo-breadcrumb-separator\">&raquo;<\/span><span class=\"aioseo-breadcrumb\">\n\t\t\tL\u2019amministratore delegato diventa socio del gruppo di assemblaggio\n\t\t<\/span><\/div>","aioseo_breadcrumb_json":[{"label":"Home","link":"https:\/\/www.immo-invest.ch\/it\/"},{"label":"Persone","link":"https:\/\/www.immo-invest.ch\/it\/categoria\/persone-2\/"},{"label":"Persone","link":"https:\/\/www.immo-invest.ch\/it\/categoria\/persone-2\/persone\/"},{"label":"L&#8217;amministratore delegato diventa socio del gruppo di assemblaggio","link":"https:\/\/www.immo-invest.ch\/it\/ceo-wird-teilhaber-bei-baugruppe\/"}],"featured_image_src":"https:\/\/www.immo-invest.ch\/wp-content\/uploads\/2020\/03\/finanzen_1-1-150x150.png","_links":{"self":[{"href":"https:\/\/www.immo-invest.ch\/it\/wp-json\/wp\/v2\/posts\/135006","targetHints":{"allow":["GET"]}}],"collection":[{"href":"https:\/\/www.immo-invest.ch\/it\/wp-json\/wp\/v2\/posts"}],"about":[{"href":"https:\/\/www.immo-invest.ch\/it\/wp-json\/wp\/v2\/types\/post"}],"author":[{"embeddable":true,"href":"https:\/\/www.immo-invest.ch\/it\/wp-json\/wp\/v2\/users\/2"}],"replies":[{"embeddable":true,"href":"https:\/\/www.immo-invest.ch\/it\/wp-json\/wp\/v2\/comments?post=135006"}],"version-history":[{"count":0,"href":"https:\/\/www.immo-invest.ch\/it\/wp-json\/wp\/v2\/posts\/135006\/revisions"}],"wp:featuredmedia":[{"embeddable":true,"href":"https:\/\/www.immo-invest.ch\/it\/wp-json\/wp\/v2\/media\/6762"}],"wp:attachment":[{"href":"https:\/\/www.immo-invest.ch\/it\/wp-json\/wp\/v2\/media?parent=135006"}],"wp:term":[{"taxonomy":"category","embeddable":true,"href":"https:\/\/www.immo-invest.ch\/it\/wp-json\/wp\/v2\/categories?post=135006"},{"taxonomy":"post_tag","embeddable":true,"href":"https:\/\/www.immo-invest.ch\/it\/wp-json\/wp\/v2\/tags?post=135006"}],"curies":[{"name":"wp","href":"https:\/\/api.w.org\/{rel}","templated":true}]}}