{"id":134753,"date":"2025-06-24T08:50:06","date_gmt":"2025-06-24T06:50:06","guid":{"rendered":"https:\/\/www.immo-invest.ch\/zurich-und-aargau-planen-mobil-vernetzt\/"},"modified":"2025-06-24T08:56:58","modified_gmt":"2025-06-24T06:56:58","slug":"zurich-und-aargau-planen-mobil-vernetzt","status":"publish","type":"post","link":"https:\/\/www.immo-invest.ch\/it\/zurich-und-aargau-planen-mobil-vernetzt\/","title":{"rendered":"Zurigo e Argovia pianificano la rete mobile"},"content":{"rendered":"<p class=\"wp-block-paragraph\">La Valle della Limmat si sta sviluppando rapidamente, non da ultimo grazie ai nuovi progetti di trasporto. Per affrontare strategicamente questa dinamica, i Cantoni di Zurigo e Argovia, insieme a tre associazioni di pianificazione regionale, stanno lanciando uno strumento di pianificazione intercantonale:. Il concetto di trasporto globale regionale Limmattal.<\/p>\n\n\n\n\n\n<p class=\"wp-block-paragraph\">Il concetto segue il principio guida &ldquo;La Valle del Limmat &egrave; adatta al futuro&rdquo; e mira a creare un equilibrio sostenibile, efficiente ed ecologico tra lo sviluppo degli insediamenti e dei trasporti. L&rsquo;orizzonte di pianificazione si estende fino all&rsquo;anno 2050.<\/p>\n\n\n\n\n\n<p class=\"wp-block-paragraph\"><strong>La rete multimodale come linea guida<br><\/strong>L&rsquo;attenzione &egrave; rivolta al miglioramento della rete regionale, alla promozione di soluzioni multimodali e all&rsquo;integrazione di concetti logistici. Sono incluse anche le regioni limitrofe, come la Furttal o la citt&agrave; di Zurigo.<\/p>\n\n\n\n\n\n<p class=\"wp-block-paragraph\">I risultati del concetto costituiranno la base per i futuri programmi di agglomerazione e confluiranno nell&rsquo;attuazione concreta nei Comuni e nei Cantoni a partire dal 2027\/2028. Obiettivi, strategie e misure saranno sviluppati in diverse fasi entro la fine del 2026.<\/p>\n\n\n\n\n\n<p class=\"wp-block-paragraph\"><strong>Processo strutturato con partecipazione regionale<br><\/strong>Il progetto sar&agrave; gestito da un gruppo direttivo con rappresentanti dei Cantoni e delle associazioni di pianificazione regionale. L&rsquo;ampia partecipazione dei Comuni e gli eventi informativi pubblici garantiscono trasparenza e accettazione.<\/p>\n\n\n\n\n\n<p class=\"wp-block-paragraph\">La responsabile del progetto Sarah Hug (Cantone di Zurigo) e il responsabile del progetto Dominik Kramer (Cantone di Argovia) coordinano il processo partecipativo. Sono previsti eventi di informazione pubblica il 5 novembre 2025 e il 13 maggio 2026, tra le altre date.<\/p>\n\n\n\n\n\n<p class=\"wp-block-paragraph\"><strong>Strategia di mobilit&agrave; con effetto di segnalazione<br><\/strong>La rGVK Limmattal &egrave; un progetto modello di cooperazione intercantonale in una delle aree di sviluppo economicamente pi&ugrave; importanti della Svizzera. Dimostra come gli interessi regionali e sovraregionali possano essere uniti in una strategia comune per la mobilit&agrave; sostenibile.<\/p>\n\n","protected":false},"excerpt":{"rendered":"<p>Insieme alle associazioni di pianificazione regionale, i Cantoni di Zurigo e Argovia hanno iniziato a lavorare su un concetto di trasporto globale regionale (rGVK) per la Valle del Limmat. L&#8217;obiettivo \u00e8 quello di raggiungere uno sviluppo sostenibile della mobilit\u00e0 entro il 2050 &#8211; in rete, multimodale e coordinato attraverso i confini cantonali.<\/p>\n","protected":false},"author":2,"featured_media":134745,"comment_status":"open","ping_status":"open","sticky":false,"template":"","format":"standard","meta":{"pmpro_default_level":"","inline_featured_image":false,"_monsterinsights_skip_tracking":false,"footnotes":""},"categories":[4840,22359,745,22704,4817],"tags":[2003,1651,53424,32075,1133,877],"class_list":["post-134753","post","type-post","status-publish","format-standard","has-post-thumbnail","hentry","category-aargau-immoregion","category-costruzione","category-immonews-it","category-mobilita","category-regione-zurigo","tag-aargau-it","tag-limmattal-it","tag-mobilitatsentwicklung","tag-strategie-it","tag-verkehr-it","tag-zuerich-it","pmpro-has-access"],"acf":{"bild_mit_ki_erstellt_worden":[],"lead":"Insieme alle associazioni di pianificazione regionale, i Cantoni di Zurigo e Argovia hanno iniziato a lavorare su un concetto di trasporto globale regionale (rGVK) per la Valle del Limmat. L'obiettivo \u00e8 quello di raggiungere uno sviluppo sostenibile della mobilit\u00e0 entro il 2050 - in rete, multimodale e coordinato attraverso i confini cantonali.","autor":"Quelle: zh","ort":"","bildunterschrift":"","bild_im_grid":false,"gallerie":"","newsim":""},"aioseo_notices":[],"aioseo_head":"\n\t\t<!-- All in One SEO 5.0.0.1 - aioseo.com -->\n\t<meta name=\"description\" content=\"Insieme alle associazioni di pianificazione regionale, i Cantoni di Zurigo e Argovia hanno iniziato a lavorare su un concetto di trasporto globale regionale (rGVK) per la Valle del Limmat. L&#039;obiettivo \u00e8 quello di raggiungere uno sviluppo sostenibile della mobilit\u00e0 entro il 2050 - in rete, multimodale e coordinato attraverso i confini cantonali.\" \/>\n\t<meta name=\"robots\" content=\"max-image-preview:large\" \/>\n\t<meta name=\"author\" content=\"immovestuser\"\/>\n\t<meta name=\"google-site-verification\" content=\"fHJKvgWpZCR2zVBHWfkQeFXC11qieUSff0HGNYfuyLA\" \/>\n\t<link rel=\"canonical\" href=\"https:\/\/www.immo-invest.ch\/it\/zurich-und-aargau-planen-mobil-vernetzt\/\" \/>\n\t<meta name=\"generator\" content=\"All in One SEO (AIOSEO) 5.0.0.1\" \/>\n\t\t<meta property=\"og:locale\" content=\"it_IT\" \/>\n\t\t<meta property=\"og:site_name\" content=\"immo!nvest - Die Plattform f\u00fcr Standorte und Immobilien - Die\u00a0Plattform f\u00fcr Standorte und Immobilien\" \/>\n\t\t<meta property=\"og:type\" content=\"article\" \/>\n\t\t<meta property=\"og:title\" content=\"Zurigo e Argovia pianificano la rete mobile - immo!nvest - Die Plattform f\u00fcr Standorte und Immobilien\" \/>\n\t\t<meta property=\"og:description\" content=\"Insieme alle associazioni di pianificazione regionale, i Cantoni di Zurigo e Argovia hanno iniziato a lavorare su un concetto di trasporto globale regionale (rGVK) per la Valle del Limmat. L&#039;obiettivo \u00e8 quello di raggiungere uno sviluppo sostenibile della mobilit\u00e0 entro il 2050 - in rete, multimodale e coordinato attraverso i confini cantonali.\" \/>\n\t\t<meta property=\"og:url\" content=\"https:\/\/www.immo-invest.ch\/it\/zurich-und-aargau-planen-mobil-vernetzt\/\" \/>\n\t\t<meta property=\"og:image\" content=\"https:\/\/www.immo-invest.ch\/wp-content\/uploads\/2025\/06\/Perimeter.1750544433537.png\" \/>\n\t\t<meta property=\"og:image:secure_url\" content=\"https:\/\/www.immo-invest.ch\/wp-content\/uploads\/2025\/06\/Perimeter.1750544433537.png\" \/>\n\t\t<meta property=\"og:image:width\" content=\"1152\" \/>\n\t\t<meta property=\"og:image:height\" content=\"759\" \/>\n\t\t<meta property=\"article:published_time\" content=\"2025-06-24T06:50:06+00:00\" \/>\n\t\t<meta property=\"article:modified_time\" content=\"2025-06-24T06:56:58+00:00\" \/>\n\t\t<meta property=\"article:publisher\" content=\"https:\/\/www.facebook.com\/people\/Immoinvest\/100077962920504\/\" \/>\n\t\t<meta name=\"twitter:card\" content=\"summary_large_image\" \/>\n\t\t<meta name=\"twitter:site\" content=\"@i\" \/>\n\t\t<meta name=\"twitter:title\" content=\"Zurigo e Argovia pianificano la rete mobile - immo!nvest - Die Plattform f\u00fcr Standorte und Immobilien\" \/>\n\t\t<meta name=\"twitter:description\" content=\"Insieme alle associazioni di pianificazione regionale, i Cantoni di Zurigo e Argovia hanno iniziato a lavorare su un concetto di trasporto globale regionale (rGVK) per la Valle del Limmat. L&#039;obiettivo \u00e8 quello di raggiungere uno sviluppo sostenibile della mobilit\u00e0 entro il 2050 - in rete, multimodale e coordinato attraverso i confini cantonali.\" \/>\n\t\t<meta name=\"twitter:creator\" content=\"@i\" \/>\n\t\t<meta name=\"twitter:image\" content=\"https:\/\/www.immo-invest.ch\/wp-content\/uploads\/2025\/06\/Perimeter.1750544433537.png\" \/>\n\t\t<script type=\"application\/ld+json\" class=\"aioseo-schema\">\n\t\t\t{\"@context\":\"https:\\\/\\\/schema.org\",\"@graph\":[{\"@type\":\"BlogPosting\",\"@id\":\"https:\\\/\\\/www.immo-invest.ch\\\/it\\\/zurich-und-aargau-planen-mobil-vernetzt\\\/#blogposting\",\"name\":\"Zurigo e Argovia pianificano la rete mobile - immo!nvest - Die Plattform f\\u00fcr Standorte und Immobilien\",\"headline\":\"Zurigo e Argovia pianificano la rete mobile\",\"author\":{\"@id\":\"https:\\\/\\\/www.immo-invest.ch\\\/it\\\/author\\\/immovestuser\\\/#author\"},\"publisher\":{\"@id\":\"https:\\\/\\\/www.immo-invest.ch\\\/it\\\/#organization\"},\"image\":{\"@type\":\"ImageObject\",\"url\":\"https:\\\/\\\/www.immo-invest.ch\\\/wp-content\\\/uploads\\\/2025\\\/06\\\/Perimeter.1750544433537.png\",\"width\":1152,\"height\":759,\"caption\":\"https:\\\/\\\/www.zh.ch\\\/de\\\/mobilitaet\\\/gesamtverkehrsplanung\\\/regionale-gesamtverkehrskonzepte\\\/regionales-gesamtverkehrskonzept-limmattal.html\"},\"datePublished\":\"2025-06-24T08:50:06+02:00\",\"dateModified\":\"2025-06-24T08:56:58+02:00\",\"inLanguage\":\"it-IT\",\"mainEntityOfPage\":{\"@id\":\"https:\\\/\\\/www.immo-invest.ch\\\/it\\\/zurich-und-aargau-planen-mobil-vernetzt\\\/#webpage\"},\"isPartOf\":{\"@id\":\"https:\\\/\\\/www.immo-invest.ch\\\/it\\\/zurich-und-aargau-planen-mobil-vernetzt\\\/#webpage\"},\"articleSection\":\"Aargau, Costruzione, immoNews, Mobilit\\u00e0, Zurigo, aargau, Limmattal, Mobilit\\u00e4tsentwicklung, Strategie, Verkehr, Z\\u00fcrich, Optional\"},{\"@type\":\"BreadcrumbList\",\"@id\":\"https:\\\/\\\/www.immo-invest.ch\\\/it\\\/zurich-und-aargau-planen-mobil-vernetzt\\\/#breadcrumblist\",\"itemListElement\":[{\"@type\":\"ListItem\",\"@id\":\"https:\\\/\\\/www.immo-invest.ch\\\/it\\\/#listItem\",\"position\":1,\"name\":\"Home\",\"item\":\"https:\\\/\\\/www.immo-invest.ch\\\/it\\\/\",\"nextItem\":{\"@type\":\"ListItem\",\"@id\":\"https:\\\/\\\/www.immo-invest.ch\\\/it\\\/categoria\\\/regioni\\\/#listItem\",\"name\":\"Regioni\"}},{\"@type\":\"ListItem\",\"@id\":\"https:\\\/\\\/www.immo-invest.ch\\\/it\\\/categoria\\\/regioni\\\/#listItem\",\"position\":2,\"name\":\"Regioni\",\"item\":\"https:\\\/\\\/www.immo-invest.ch\\\/it\\\/categoria\\\/regioni\\\/\",\"nextItem\":{\"@type\":\"ListItem\",\"@id\":\"https:\\\/\\\/www.immo-invest.ch\\\/it\\\/categoria\\\/regioni\\\/svizzera\\\/#listItem\",\"name\":\"Svizzera\"},\"previousItem\":{\"@type\":\"ListItem\",\"@id\":\"https:\\\/\\\/www.immo-invest.ch\\\/it\\\/#listItem\",\"name\":\"Home\"}},{\"@type\":\"ListItem\",\"@id\":\"https:\\\/\\\/www.immo-invest.ch\\\/it\\\/categoria\\\/regioni\\\/svizzera\\\/#listItem\",\"position\":3,\"name\":\"Svizzera\",\"item\":\"https:\\\/\\\/www.immo-invest.ch\\\/it\\\/categoria\\\/regioni\\\/svizzera\\\/\",\"nextItem\":{\"@type\":\"ListItem\",\"@id\":\"https:\\\/\\\/www.immo-invest.ch\\\/it\\\/categoria\\\/regioni\\\/svizzera\\\/svizzera-nord-occidentale\\\/#listItem\",\"name\":\"Svizzera nord-occidentale\"},\"previousItem\":{\"@type\":\"ListItem\",\"@id\":\"https:\\\/\\\/www.immo-invest.ch\\\/it\\\/categoria\\\/regioni\\\/#listItem\",\"name\":\"Regioni\"}},{\"@type\":\"ListItem\",\"@id\":\"https:\\\/\\\/www.immo-invest.ch\\\/it\\\/categoria\\\/regioni\\\/svizzera\\\/svizzera-nord-occidentale\\\/#listItem\",\"position\":4,\"name\":\"Svizzera nord-occidentale\",\"item\":\"https:\\\/\\\/www.immo-invest.ch\\\/it\\\/categoria\\\/regioni\\\/svizzera\\\/svizzera-nord-occidentale\\\/\",\"nextItem\":{\"@type\":\"ListItem\",\"@id\":\"https:\\\/\\\/www.immo-invest.ch\\\/it\\\/categoria\\\/regioni\\\/svizzera\\\/svizzera-nord-occidentale\\\/aargau-immoregion\\\/#listItem\",\"name\":\"Aargau\"},\"previousItem\":{\"@type\":\"ListItem\",\"@id\":\"https:\\\/\\\/www.immo-invest.ch\\\/it\\\/categoria\\\/regioni\\\/svizzera\\\/#listItem\",\"name\":\"Svizzera\"}},{\"@type\":\"ListItem\",\"@id\":\"https:\\\/\\\/www.immo-invest.ch\\\/it\\\/categoria\\\/regioni\\\/svizzera\\\/svizzera-nord-occidentale\\\/aargau-immoregion\\\/#listItem\",\"position\":5,\"name\":\"Aargau\",\"item\":\"https:\\\/\\\/www.immo-invest.ch\\\/it\\\/categoria\\\/regioni\\\/svizzera\\\/svizzera-nord-occidentale\\\/aargau-immoregion\\\/\",\"nextItem\":{\"@type\":\"ListItem\",\"@id\":\"https:\\\/\\\/www.immo-invest.ch\\\/it\\\/zurich-und-aargau-planen-mobil-vernetzt\\\/#listItem\",\"name\":\"Zurigo e Argovia pianificano la rete mobile\"},\"previousItem\":{\"@type\":\"ListItem\",\"@id\":\"https:\\\/\\\/www.immo-invest.ch\\\/it\\\/categoria\\\/regioni\\\/svizzera\\\/svizzera-nord-occidentale\\\/#listItem\",\"name\":\"Svizzera nord-occidentale\"}},{\"@type\":\"ListItem\",\"@id\":\"https:\\\/\\\/www.immo-invest.ch\\\/it\\\/zurich-und-aargau-planen-mobil-vernetzt\\\/#listItem\",\"position\":6,\"name\":\"Zurigo e Argovia pianificano la rete mobile\",\"previousItem\":{\"@type\":\"ListItem\",\"@id\":\"https:\\\/\\\/www.immo-invest.ch\\\/it\\\/categoria\\\/regioni\\\/svizzera\\\/svizzera-nord-occidentale\\\/aargau-immoregion\\\/#listItem\",\"name\":\"Aargau\"}}]},{\"@type\":\"Organization\",\"@id\":\"https:\\\/\\\/www.immo-invest.ch\\\/it\\\/#organization\",\"name\":\"immo!nvest - Die Plattform f\\u00fcr Standorte und Immobilien\",\"description\":\"Die\\u00a0Plattform f\\u00fcr Standorte und Immobilien\",\"url\":\"https:\\\/\\\/www.immo-invest.ch\\\/it\\\/\",\"email\":\"admin@immomedia.ag\",\"telephone\":\"+41444420002\",\"logo\":{\"@type\":\"ImageObject\",\"url\":\"https:\\\/\\\/www.immo-invest.ch\\\/wp-content\\\/uploads\\\/2024\\\/09\\\/immoinvest_sm-scaled.jpg\",\"@id\":\"https:\\\/\\\/www.immo-invest.ch\\\/it\\\/zurich-und-aargau-planen-mobil-vernetzt\\\/#organizationLogo\",\"width\":2560,\"height\":1340},\"image\":{\"@id\":\"https:\\\/\\\/www.immo-invest.ch\\\/it\\\/zurich-und-aargau-planen-mobil-vernetzt\\\/#organizationLogo\"},\"sameAs\":[\"https:\\\/\\\/www.facebook.com\\\/people\\\/Immoinvest\\\/100077962920504\\\/\",\"https:\\\/\\\/x.com\\\/i\\\/flow\\\/login?redirect_after_login=immoinvest_ch\",\"https:\\\/\\\/www.instagram.com\\\/immoinvest_ch\\\/\",\"https:\\\/\\\/www.linkedin.com\\\/company\\\/immoinvest-swiss\"]},{\"@type\":\"Person\",\"@id\":\"https:\\\/\\\/www.immo-invest.ch\\\/it\\\/author\\\/immovestuser\\\/#author\",\"url\":\"https:\\\/\\\/www.immo-invest.ch\\\/it\\\/author\\\/immovestuser\\\/\",\"name\":\"immovestuser\",\"image\":{\"@type\":\"ImageObject\",\"@id\":\"https:\\\/\\\/www.immo-invest.ch\\\/it\\\/zurich-und-aargau-planen-mobil-vernetzt\\\/#authorImage\",\"url\":\"https:\\\/\\\/secure.gravatar.com\\\/avatar\\\/8e01f4d99f2eeea7a362ebb93305e1172a70e9293ba250f897a65c39f54cdd1e?s=96&d=mm&r=g\",\"width\":96,\"height\":96,\"caption\":\"immovestuser\"}},{\"@type\":\"WebPage\",\"@id\":\"https:\\\/\\\/www.immo-invest.ch\\\/it\\\/zurich-und-aargau-planen-mobil-vernetzt\\\/#webpage\",\"url\":\"https:\\\/\\\/www.immo-invest.ch\\\/it\\\/zurich-und-aargau-planen-mobil-vernetzt\\\/\",\"name\":\"Zurigo e Argovia pianificano la rete mobile - immo!nvest - Die Plattform f\\u00fcr Standorte und Immobilien\",\"description\":\"Insieme alle associazioni di pianificazione regionale, i Cantoni di Zurigo e Argovia hanno iniziato a lavorare su un concetto di trasporto globale regionale (rGVK) per la Valle del Limmat. L'obiettivo \\u00e8 quello di raggiungere uno sviluppo sostenibile della mobilit\\u00e0 entro il 2050 - in rete, multimodale e coordinato attraverso i confini cantonali.\",\"inLanguage\":\"it-IT\",\"isPartOf\":{\"@id\":\"https:\\\/\\\/www.immo-invest.ch\\\/it\\\/#website\"},\"breadcrumb\":{\"@id\":\"https:\\\/\\\/www.immo-invest.ch\\\/it\\\/zurich-und-aargau-planen-mobil-vernetzt\\\/#breadcrumblist\"},\"author\":{\"@id\":\"https:\\\/\\\/www.immo-invest.ch\\\/it\\\/author\\\/immovestuser\\\/#author\"},\"creator\":{\"@id\":\"https:\\\/\\\/www.immo-invest.ch\\\/it\\\/author\\\/immovestuser\\\/#author\"},\"image\":{\"@type\":\"ImageObject\",\"url\":\"https:\\\/\\\/www.immo-invest.ch\\\/wp-content\\\/uploads\\\/2025\\\/06\\\/Perimeter.1750544433537.png\",\"@id\":\"https:\\\/\\\/www.immo-invest.ch\\\/it\\\/zurich-und-aargau-planen-mobil-vernetzt\\\/#mainImage\",\"width\":1152,\"height\":759,\"caption\":\"https:\\\/\\\/www.zh.ch\\\/de\\\/mobilitaet\\\/gesamtverkehrsplanung\\\/regionale-gesamtverkehrskonzepte\\\/regionales-gesamtverkehrskonzept-limmattal.html\"},\"primaryImageOfPage\":{\"@id\":\"https:\\\/\\\/www.immo-invest.ch\\\/it\\\/zurich-und-aargau-planen-mobil-vernetzt\\\/#mainImage\"},\"datePublished\":\"2025-06-24T08:50:06+02:00\",\"dateModified\":\"2025-06-24T08:56:58+02:00\"},{\"@type\":\"WebSite\",\"@id\":\"https:\\\/\\\/www.immo-invest.ch\\\/it\\\/#website\",\"url\":\"https:\\\/\\\/www.immo-invest.ch\\\/it\\\/\",\"name\":\"immo!nvest - Die Plattform f\\u00fcr Standorte und Immobilien\",\"description\":\"Die\\u00a0Plattform f\\u00fcr Standorte und Immobilien\",\"inLanguage\":\"it-IT\",\"publisher\":{\"@id\":\"https:\\\/\\\/www.immo-invest.ch\\\/it\\\/#organization\"}}]}\n\t\t<\/script>\n\t\t<!-- All in One SEO -->\n\n","aioseo_head_json":{"title":"Zurigo e Argovia pianificano la rete mobile - immo!nvest - Die Plattform f\u00fcr Standorte und Immobilien","description":"Insieme alle associazioni di pianificazione regionale, i Cantoni di Zurigo e Argovia hanno iniziato a lavorare su un concetto di trasporto globale regionale (rGVK) per la Valle del Limmat. L'obiettivo \u00e8 quello di raggiungere uno sviluppo sostenibile della mobilit\u00e0 entro il 2050 - in rete, multimodale e coordinato attraverso i confini cantonali.","canonical_url":"https:\/\/www.immo-invest.ch\/it\/zurich-und-aargau-planen-mobil-vernetzt\/","robots":"max-image-preview:large","keywords":"","webmasterTools":{"google-site-verification":"fHJKvgWpZCR2zVBHWfkQeFXC11qieUSff0HGNYfuyLA","miscellaneous":""},"schema":{"@context":"https:\/\/schema.org","@graph":[{"@type":"BlogPosting","@id":"https:\/\/www.immo-invest.ch\/it\/zurich-und-aargau-planen-mobil-vernetzt\/#blogposting","name":"Zurigo e Argovia pianificano la rete mobile - immo!nvest - Die Plattform f\u00fcr Standorte und Immobilien","headline":"Zurigo e Argovia pianificano la rete mobile","author":{"@id":"https:\/\/www.immo-invest.ch\/it\/author\/immovestuser\/#author"},"publisher":{"@id":"https:\/\/www.immo-invest.ch\/it\/#organization"},"image":{"@type":"ImageObject","url":"https:\/\/www.immo-invest.ch\/wp-content\/uploads\/2025\/06\/Perimeter.1750544433537.png","width":1152,"height":759,"caption":"https:\/\/www.zh.ch\/de\/mobilitaet\/gesamtverkehrsplanung\/regionale-gesamtverkehrskonzepte\/regionales-gesamtverkehrskonzept-limmattal.html"},"datePublished":"2025-06-24T08:50:06+02:00","dateModified":"2025-06-24T08:56:58+02:00","inLanguage":"it-IT","mainEntityOfPage":{"@id":"https:\/\/www.immo-invest.ch\/it\/zurich-und-aargau-planen-mobil-vernetzt\/#webpage"},"isPartOf":{"@id":"https:\/\/www.immo-invest.ch\/it\/zurich-und-aargau-planen-mobil-vernetzt\/#webpage"},"articleSection":"Aargau, Costruzione, immoNews, Mobilit\u00e0, Zurigo, aargau, Limmattal, Mobilit\u00e4tsentwicklung, Strategie, Verkehr, Z\u00fcrich, Optional"},{"@type":"BreadcrumbList","@id":"https:\/\/www.immo-invest.ch\/it\/zurich-und-aargau-planen-mobil-vernetzt\/#breadcrumblist","itemListElement":[{"@type":"ListItem","@id":"https:\/\/www.immo-invest.ch\/it\/#listItem","position":1,"name":"Home","item":"https:\/\/www.immo-invest.ch\/it\/","nextItem":{"@type":"ListItem","@id":"https:\/\/www.immo-invest.ch\/it\/categoria\/regioni\/#listItem","name":"Regioni"}},{"@type":"ListItem","@id":"https:\/\/www.immo-invest.ch\/it\/categoria\/regioni\/#listItem","position":2,"name":"Regioni","item":"https:\/\/www.immo-invest.ch\/it\/categoria\/regioni\/","nextItem":{"@type":"ListItem","@id":"https:\/\/www.immo-invest.ch\/it\/categoria\/regioni\/svizzera\/#listItem","name":"Svizzera"},"previousItem":{"@type":"ListItem","@id":"https:\/\/www.immo-invest.ch\/it\/#listItem","name":"Home"}},{"@type":"ListItem","@id":"https:\/\/www.immo-invest.ch\/it\/categoria\/regioni\/svizzera\/#listItem","position":3,"name":"Svizzera","item":"https:\/\/www.immo-invest.ch\/it\/categoria\/regioni\/svizzera\/","nextItem":{"@type":"ListItem","@id":"https:\/\/www.immo-invest.ch\/it\/categoria\/regioni\/svizzera\/svizzera-nord-occidentale\/#listItem","name":"Svizzera nord-occidentale"},"previousItem":{"@type":"ListItem","@id":"https:\/\/www.immo-invest.ch\/it\/categoria\/regioni\/#listItem","name":"Regioni"}},{"@type":"ListItem","@id":"https:\/\/www.immo-invest.ch\/it\/categoria\/regioni\/svizzera\/svizzera-nord-occidentale\/#listItem","position":4,"name":"Svizzera nord-occidentale","item":"https:\/\/www.immo-invest.ch\/it\/categoria\/regioni\/svizzera\/svizzera-nord-occidentale\/","nextItem":{"@type":"ListItem","@id":"https:\/\/www.immo-invest.ch\/it\/categoria\/regioni\/svizzera\/svizzera-nord-occidentale\/aargau-immoregion\/#listItem","name":"Aargau"},"previousItem":{"@type":"ListItem","@id":"https:\/\/www.immo-invest.ch\/it\/categoria\/regioni\/svizzera\/#listItem","name":"Svizzera"}},{"@type":"ListItem","@id":"https:\/\/www.immo-invest.ch\/it\/categoria\/regioni\/svizzera\/svizzera-nord-occidentale\/aargau-immoregion\/#listItem","position":5,"name":"Aargau","item":"https:\/\/www.immo-invest.ch\/it\/categoria\/regioni\/svizzera\/svizzera-nord-occidentale\/aargau-immoregion\/","nextItem":{"@type":"ListItem","@id":"https:\/\/www.immo-invest.ch\/it\/zurich-und-aargau-planen-mobil-vernetzt\/#listItem","name":"Zurigo e Argovia pianificano la rete mobile"},"previousItem":{"@type":"ListItem","@id":"https:\/\/www.immo-invest.ch\/it\/categoria\/regioni\/svizzera\/svizzera-nord-occidentale\/#listItem","name":"Svizzera nord-occidentale"}},{"@type":"ListItem","@id":"https:\/\/www.immo-invest.ch\/it\/zurich-und-aargau-planen-mobil-vernetzt\/#listItem","position":6,"name":"Zurigo e Argovia pianificano la rete mobile","previousItem":{"@type":"ListItem","@id":"https:\/\/www.immo-invest.ch\/it\/categoria\/regioni\/svizzera\/svizzera-nord-occidentale\/aargau-immoregion\/#listItem","name":"Aargau"}}]},{"@type":"Organization","@id":"https:\/\/www.immo-invest.ch\/it\/#organization","name":"immo!nvest - Die Plattform f\u00fcr Standorte und Immobilien","description":"Die\u00a0Plattform f\u00fcr Standorte und Immobilien","url":"https:\/\/www.immo-invest.ch\/it\/","email":"admin@immomedia.ag","telephone":"+41444420002","logo":{"@type":"ImageObject","url":"https:\/\/www.immo-invest.ch\/wp-content\/uploads\/2024\/09\/immoinvest_sm-scaled.jpg","@id":"https:\/\/www.immo-invest.ch\/it\/zurich-und-aargau-planen-mobil-vernetzt\/#organizationLogo","width":2560,"height":1340},"image":{"@id":"https:\/\/www.immo-invest.ch\/it\/zurich-und-aargau-planen-mobil-vernetzt\/#organizationLogo"},"sameAs":["https:\/\/www.facebook.com\/people\/Immoinvest\/100077962920504\/","https:\/\/x.com\/i\/flow\/login?redirect_after_login=immoinvest_ch","https:\/\/www.instagram.com\/immoinvest_ch\/","https:\/\/www.linkedin.com\/company\/immoinvest-swiss"]},{"@type":"Person","@id":"https:\/\/www.immo-invest.ch\/it\/author\/immovestuser\/#author","url":"https:\/\/www.immo-invest.ch\/it\/author\/immovestuser\/","name":"immovestuser","image":{"@type":"ImageObject","@id":"https:\/\/www.immo-invest.ch\/it\/zurich-und-aargau-planen-mobil-vernetzt\/#authorImage","url":"https:\/\/secure.gravatar.com\/avatar\/8e01f4d99f2eeea7a362ebb93305e1172a70e9293ba250f897a65c39f54cdd1e?s=96&d=mm&r=g","width":96,"height":96,"caption":"immovestuser"}},{"@type":"WebPage","@id":"https:\/\/www.immo-invest.ch\/it\/zurich-und-aargau-planen-mobil-vernetzt\/#webpage","url":"https:\/\/www.immo-invest.ch\/it\/zurich-und-aargau-planen-mobil-vernetzt\/","name":"Zurigo e Argovia pianificano la rete mobile - immo!nvest - Die Plattform f\u00fcr Standorte und Immobilien","description":"Insieme alle associazioni di pianificazione regionale, i Cantoni di Zurigo e Argovia hanno iniziato a lavorare su un concetto di trasporto globale regionale (rGVK) per la Valle del Limmat. L'obiettivo \u00e8 quello di raggiungere uno sviluppo sostenibile della mobilit\u00e0 entro il 2050 - in rete, multimodale e coordinato attraverso i confini cantonali.","inLanguage":"it-IT","isPartOf":{"@id":"https:\/\/www.immo-invest.ch\/it\/#website"},"breadcrumb":{"@id":"https:\/\/www.immo-invest.ch\/it\/zurich-und-aargau-planen-mobil-vernetzt\/#breadcrumblist"},"author":{"@id":"https:\/\/www.immo-invest.ch\/it\/author\/immovestuser\/#author"},"creator":{"@id":"https:\/\/www.immo-invest.ch\/it\/author\/immovestuser\/#author"},"image":{"@type":"ImageObject","url":"https:\/\/www.immo-invest.ch\/wp-content\/uploads\/2025\/06\/Perimeter.1750544433537.png","@id":"https:\/\/www.immo-invest.ch\/it\/zurich-und-aargau-planen-mobil-vernetzt\/#mainImage","width":1152,"height":759,"caption":"https:\/\/www.zh.ch\/de\/mobilitaet\/gesamtverkehrsplanung\/regionale-gesamtverkehrskonzepte\/regionales-gesamtverkehrskonzept-limmattal.html"},"primaryImageOfPage":{"@id":"https:\/\/www.immo-invest.ch\/it\/zurich-und-aargau-planen-mobil-vernetzt\/#mainImage"},"datePublished":"2025-06-24T08:50:06+02:00","dateModified":"2025-06-24T08:56:58+02:00"},{"@type":"WebSite","@id":"https:\/\/www.immo-invest.ch\/it\/#website","url":"https:\/\/www.immo-invest.ch\/it\/","name":"immo!nvest - Die Plattform f\u00fcr Standorte und Immobilien","description":"Die\u00a0Plattform f\u00fcr Standorte und Immobilien","inLanguage":"it-IT","publisher":{"@id":"https:\/\/www.immo-invest.ch\/it\/#organization"}}]},"og:locale":"it_IT","og:site_name":"immo!nvest - Die Plattform f\u00fcr Standorte und Immobilien - Die\u00a0Plattform f\u00fcr Standorte und Immobilien","og:type":"article","og:title":"Zurigo e Argovia pianificano la rete mobile - immo!nvest - Die Plattform f\u00fcr Standorte und Immobilien","og:description":"Insieme alle associazioni di pianificazione regionale, i Cantoni di Zurigo e Argovia hanno iniziato a lavorare su un concetto di trasporto globale regionale (rGVK) per la Valle del Limmat. L'obiettivo \u00e8 quello di raggiungere uno sviluppo sostenibile della mobilit\u00e0 entro il 2050 - in rete, multimodale e coordinato attraverso i confini cantonali.","og:url":"https:\/\/www.immo-invest.ch\/it\/zurich-und-aargau-planen-mobil-vernetzt\/","og:image":"https:\/\/www.immo-invest.ch\/wp-content\/uploads\/2025\/06\/Perimeter.1750544433537.png","og:image:secure_url":"https:\/\/www.immo-invest.ch\/wp-content\/uploads\/2025\/06\/Perimeter.1750544433537.png","og:image:width":1152,"og:image:height":759,"article:published_time":"2025-06-24T06:50:06+00:00","article:modified_time":"2025-06-24T06:56:58+00:00","article:publisher":"https:\/\/www.facebook.com\/people\/Immoinvest\/100077962920504\/","twitter:card":"summary_large_image","twitter:site":"@i","twitter:title":"Zurigo e Argovia pianificano la rete mobile - immo!nvest - Die Plattform f\u00fcr Standorte und Immobilien","twitter:description":"Insieme alle associazioni di pianificazione regionale, i Cantoni di Zurigo e Argovia hanno iniziato a lavorare su un concetto di trasporto globale regionale (rGVK) per la Valle del Limmat. L'obiettivo \u00e8 quello di raggiungere uno sviluppo sostenibile della mobilit\u00e0 entro il 2050 - in rete, multimodale e coordinato attraverso i confini cantonali.","twitter:creator":"@i","twitter:image":"https:\/\/www.immo-invest.ch\/wp-content\/uploads\/2025\/06\/Perimeter.1750544433537.png"},"aioseo_meta_data":{"post_id":"134753","title":null,"description":null,"keywords":null,"keyphrases":{"focus":{"keyphrase":"","score":0,"analysis":{"keyphraseInTitle":{"score":0,"maxScore":9,"error":1}}},"additional":[]},"primary_term":null,"canonical_url":null,"og_title":null,"og_description":null,"og_object_type":"default","og_image_type":"default","og_image_url":null,"og_image_width":null,"og_image_height":null,"og_image_custom_url":null,"og_image_custom_fields":null,"og_video":"","og_custom_url":null,"og_article_section":null,"og_article_tags":null,"twitter_use_og":false,"twitter_card":"default","twitter_image_type":"default","twitter_image_url":null,"twitter_image_custom_url":null,"twitter_image_custom_fields":null,"twitter_title":null,"twitter_description":null,"schema":{"blockGraphs":[],"customGraphs":[],"default":{"data":{"Article":[],"Course":[],"Dataset":[],"FAQPage":[],"Movie":[],"Person":[],"Product":[],"ProductReview":[],"Car":[],"Recipe":[],"Service":[],"SoftwareApplication":[],"WebPage":[]},"graphName":"BlogPosting","isEnabled":true},"graphs":[]},"schema_type":"default","schema_type_options":null,"pillar_content":false,"robots_default":true,"robots_noindex":false,"robots_noarchive":false,"robots_nosnippet":false,"robots_nofollow":false,"robots_noimageindex":false,"robots_noodp":false,"robots_notranslate":false,"robots_max_snippet":"-1","robots_max_videopreview":"-1","robots_max_imagepreview":"large","priority":null,"frequency":"default","local_seo":null,"breadcrumb_settings":null,"limit_modified_date":false,"ai":null,"created":"2025-06-24 06:54:29","updated":"2025-10-24 22:35:18","seo_analyzer_scan_date":null,"focus_keyword":null,"additional_keywords":null,"truseo_locale":null},"aioseo_breadcrumb":"<div class=\"aioseo-breadcrumbs\"><span class=\"aioseo-breadcrumb\">\n\t\t\t<a href=\"https:\/\/www.immo-invest.ch\/it\/\" title=\"Home\">Home<\/a>\n\t\t<\/span><span class=\"aioseo-breadcrumb-separator\">&raquo;<\/span><span class=\"aioseo-breadcrumb\">\n\t\t\t<a href=\"https:\/\/www.immo-invest.ch\/it\/categoria\/regioni\/\" title=\"Regioni\">Regioni<\/a>\n\t\t<\/span><span class=\"aioseo-breadcrumb-separator\">&raquo;<\/span><span class=\"aioseo-breadcrumb\">\n\t\t\t<a href=\"https:\/\/www.immo-invest.ch\/it\/categoria\/regioni\/svizzera\/\" title=\"Svizzera\">Svizzera<\/a>\n\t\t<\/span><span class=\"aioseo-breadcrumb-separator\">&raquo;<\/span><span class=\"aioseo-breadcrumb\">\n\t\t\t<a href=\"https:\/\/www.immo-invest.ch\/it\/categoria\/regioni\/svizzera\/svizzera-nord-occidentale\/\" title=\"Svizzera nord-occidentale\">Svizzera nord-occidentale<\/a>\n\t\t<\/span><span class=\"aioseo-breadcrumb-separator\">&raquo;<\/span><span class=\"aioseo-breadcrumb\">\n\t\t\t<a href=\"https:\/\/www.immo-invest.ch\/it\/categoria\/regioni\/svizzera\/svizzera-nord-occidentale\/aargau-immoregion\/\" title=\"Aargau\">Aargau<\/a>\n\t\t<\/span><span class=\"aioseo-breadcrumb-separator\">&raquo;<\/span><span class=\"aioseo-breadcrumb\">\n\t\t\tZurigo e Argovia pianificano la rete mobile\n\t\t<\/span><\/div>","aioseo_breadcrumb_json":[{"label":"Home","link":"https:\/\/www.immo-invest.ch\/it\/"},{"label":"Regioni","link":"https:\/\/www.immo-invest.ch\/it\/categoria\/regioni\/"},{"label":"Svizzera","link":"https:\/\/www.immo-invest.ch\/it\/categoria\/regioni\/svizzera\/"},{"label":"Svizzera nord-occidentale","link":"https:\/\/www.immo-invest.ch\/it\/categoria\/regioni\/svizzera\/svizzera-nord-occidentale\/"},{"label":"Aargau","link":"https:\/\/www.immo-invest.ch\/it\/categoria\/regioni\/svizzera\/svizzera-nord-occidentale\/aargau-immoregion\/"},{"label":"Zurigo e Argovia pianificano la rete mobile","link":"https:\/\/www.immo-invest.ch\/it\/zurich-und-aargau-planen-mobil-vernetzt\/"}],"featured_image_src":"https:\/\/www.immo-invest.ch\/wp-content\/uploads\/2025\/06\/Perimeter.1750544433537-336x168.png","_links":{"self":[{"href":"https:\/\/www.immo-invest.ch\/it\/wp-json\/wp\/v2\/posts\/134753","targetHints":{"allow":["GET"]}}],"collection":[{"href":"https:\/\/www.immo-invest.ch\/it\/wp-json\/wp\/v2\/posts"}],"about":[{"href":"https:\/\/www.immo-invest.ch\/it\/wp-json\/wp\/v2\/types\/post"}],"author":[{"embeddable":true,"href":"https:\/\/www.immo-invest.ch\/it\/wp-json\/wp\/v2\/users\/2"}],"replies":[{"embeddable":true,"href":"https:\/\/www.immo-invest.ch\/it\/wp-json\/wp\/v2\/comments?post=134753"}],"version-history":[{"count":0,"href":"https:\/\/www.immo-invest.ch\/it\/wp-json\/wp\/v2\/posts\/134753\/revisions"}],"wp:featuredmedia":[{"embeddable":true,"href":"https:\/\/www.immo-invest.ch\/it\/wp-json\/wp\/v2\/media\/134745"}],"wp:attachment":[{"href":"https:\/\/www.immo-invest.ch\/it\/wp-json\/wp\/v2\/media?parent=134753"}],"wp:term":[{"taxonomy":"category","embeddable":true,"href":"https:\/\/www.immo-invest.ch\/it\/wp-json\/wp\/v2\/categories?post=134753"},{"taxonomy":"post_tag","embeddable":true,"href":"https:\/\/www.immo-invest.ch\/it\/wp-json\/wp\/v2\/tags?post=134753"}],"curies":[{"name":"wp","href":"https:\/\/api.w.org\/{rel}","templated":true}]}}