{"id":133753,"date":"2025-06-10T08:00:00","date_gmt":"2025-06-10T06:00:00","guid":{"rendered":"https:\/\/www.immo-invest.ch\/?p=133753"},"modified":"2025-06-10T10:44:25","modified_gmt":"2025-06-10T08:44:25","slug":"wie-glarus-zu-einem-architektonischen-juwel-wurde","status":"publish","type":"post","link":"https:\/\/www.immo-invest.ch\/it\/wie-glarus-zu-einem-architektonischen-juwel-wurde\/","title":{"rendered":"Come Glarona \u00e8 diventata un gioiello architettonico"},"content":{"rendered":"<p class=\"wp-block-paragraph\">Quando lo storico dell&rsquo;arte e diplomatico Gustav Schneeli stava cercando una sede per il proprio museo nel 1942, trov&ograve; il luogo perfetto a Glarona. L&rsquo;Associazione d&rsquo;Arte di Glarona, che aveva preso in considerazione l&rsquo;idea di un proprio museo da decenni, riconobbe l&rsquo;opportunit&agrave; di una collaborazione. Schneeli mise a disposizione le sue opere di influenza simbolista e impressionista e promise 250.000 franchi per una fondazione. La prima pietra dell&rsquo;attuale Kunsthaus.<\/p>\n\n\n\n\n\n<p class=\"wp-block-paragraph\"><strong>Chiarezza architettonica con visione<br><\/strong>Dopo la morte di Schneeli nel 1944, l&rsquo;architetto Hans Leuzinger svilupp&ograve; un progetto di notevole coerenza. Il percorso conduceva da approcci classici, attraverso numerose variazioni, fino a un progetto illuminotecnico finemente sintonizzato. Le influenze scandinave, gli accurati sopralluoghi e la lungimiranza creativa hanno dato vita a un edificio che si &egrave; consapevolmente allontanato dalle intenzioni rappresentative monumentali e si &egrave; inserito con sensibilit&agrave; nel bacino della valle di Glarona.<\/p>\n\n\n\n\n\n<p class=\"wp-block-paragraph\"><strong>Ostacoli politici, trattative pazienti<br><\/strong>La realizzazione &egrave; stata tutt&rsquo;altro che semplice. Le controversie sull&rsquo;ubicazione, i ritardi causati dalla guerra, le voci critiche dell&rsquo;amministrazione e della comunit&agrave; degli eredi, nonch&eacute; la minaccia di ritiro della fondazione, misero a rischio il progetto in diverse occasioni. Solo grazie all&rsquo;abilit&agrave; diplomatica, alla persuasione architettonica e all&rsquo;impegno instancabile, la costruzione pot&eacute; iniziare l&rsquo;ultimo giorno possibile, il 15 luglio 1950.<\/p>\n\n\n\n\n\n<p class=\"wp-block-paragraph\"><strong>L&rsquo;arte e l&rsquo;architettura come segno dei tempi<br><\/strong>L&rsquo;apertura nel 1952 non fu solo un successo architettonico, ma anche un forte segnale per Glarona come centro culturale. L&rsquo;atteggiamento culturale si manifest&ograve; in un edificio semplice ma espressivo, che continua ad avere un impatto anche oggi. La ricerca dell&rsquo;architetto Reto Fuchs rivela questo capolavoro e la sua movimentata storia di costruzione. La Kunsthaus Glarus &egrave; sinonimo di architettura magistrale, del coraggio di prendere posizione e dell&rsquo;idea di pensare in grande alla cultura nelle aree rurali.<\/p>\n\n","protected":false},"excerpt":{"rendered":"<p>La Kunsthaus Glarus \u00e8 uno dei centri espositivi pi\u00f9 importanti della Svizzera. Tuttavia, la sua creazione \u00e8 molto pi\u00f9 di un semplice progetto edilizio. \u00c8 un pezzo di storia contemporanea, caratterizzato da visioni, perseveranza, battute d&#8217;arresto e decisioni coraggiose. <\/p>\n","protected":false},"author":2,"featured_media":133748,"comment_status":"open","ping_status":"open","sticky":false,"template":"","format":"standard","meta":{"pmpro_default_level":"","inline_featured_image":false,"_monsterinsights_skip_tracking":false,"footnotes":""},"categories":[45952,741,8469,39693],"tags":[840,46323,866,53174,53175,867,3935,9122,53176,44975,2006],"class_list":["post-133753","post","type-post","status-publish","format-standard","has-post-thumbnail","hentry","category-glarus-it","category-progetti","category-regioni","category-standorte-it","tag-architektur-it","tag-baugeschichte-it","tag-glarus-it","tag-gustav-schneeli-it","tag-hans-leuzinger-it","tag-immoinvest-it","tag-immonews-it","tag-kunst-it","tag-kunsthaus-glarus-it","tag-museum-it","tag-news-it","pmpro-has-access"],"acf":{"bild_mit_ki_erstellt_worden":[],"lead":"La Kunsthaus Glarus \u00e8 uno dei centri espositivi pi\u00f9 importanti della Svizzera. Tuttavia, la sua creazione \u00e8 molto pi\u00f9 di un semplice progetto edilizio. \u00c8 un pezzo di storia contemporanea, caratterizzato da visioni, perseveranza, battute d'arresto e decisioni coraggiose. ","autor":"Text: Christoph Gr\u00fcninger, Bild: Atelier Freienstein","ort":"","bildunterschrift":"","bild_im_grid":false,"gallerie":"","newsim":""},"aioseo_notices":[],"aioseo_head":"\n\t\t<!-- All in One SEO 5.0.0.1 - aioseo.com -->\n\t<meta name=\"description\" content=\"La Kunsthaus Glarus \u00e8 uno dei centri espositivi pi\u00f9 importanti della Svizzera. Tuttavia, la sua creazione \u00e8 molto pi\u00f9 di un semplice progetto edilizio. \u00c8 un pezzo di storia contemporanea, caratterizzato da visioni, perseveranza, battute d&#039;arresto e decisioni coraggiose.\" \/>\n\t<meta name=\"robots\" content=\"max-image-preview:large\" \/>\n\t<meta name=\"author\" content=\"immovestuser\"\/>\n\t<meta name=\"google-site-verification\" content=\"fHJKvgWpZCR2zVBHWfkQeFXC11qieUSff0HGNYfuyLA\" \/>\n\t<link rel=\"canonical\" href=\"https:\/\/www.immo-invest.ch\/it\/wie-glarus-zu-einem-architektonischen-juwel-wurde\/\" \/>\n\t<meta name=\"generator\" content=\"All in One SEO (AIOSEO) 5.0.0.1\" \/>\n\t\t<meta property=\"og:locale\" content=\"it_IT\" \/>\n\t\t<meta property=\"og:site_name\" content=\"immo!nvest - Die Plattform f\u00fcr Standorte und Immobilien - Die\u00a0Plattform f\u00fcr Standorte und Immobilien\" \/>\n\t\t<meta property=\"og:type\" content=\"article\" \/>\n\t\t<meta property=\"og:title\" content=\"Come Glarona \u00e8 diventata un gioiello architettonico - immo!nvest - Die Plattform f\u00fcr Standorte und Immobilien\" \/>\n\t\t<meta property=\"og:description\" content=\"La Kunsthaus Glarus \u00e8 uno dei centri espositivi pi\u00f9 importanti della Svizzera. Tuttavia, la sua creazione \u00e8 molto pi\u00f9 di un semplice progetto edilizio. \u00c8 un pezzo di storia contemporanea, caratterizzato da visioni, perseveranza, battute d&#039;arresto e decisioni coraggiose.\" \/>\n\t\t<meta property=\"og:url\" content=\"https:\/\/www.immo-invest.ch\/it\/wie-glarus-zu-einem-architektonischen-juwel-wurde\/\" \/>\n\t\t<meta property=\"og:image\" content=\"https:\/\/www.immo-invest.ch\/wp-content\/uploads\/2025\/06\/Kunsthaus-Glarus-1024x757_hell-e1749128560527.jpg\" \/>\n\t\t<meta property=\"og:image:secure_url\" content=\"https:\/\/www.immo-invest.ch\/wp-content\/uploads\/2025\/06\/Kunsthaus-Glarus-1024x757_hell-e1749128560527.jpg\" \/>\n\t\t<meta property=\"og:image:width\" content=\"1024\" \/>\n\t\t<meta property=\"og:image:height\" content=\"757\" \/>\n\t\t<meta property=\"article:published_time\" content=\"2025-06-10T06:00:00+00:00\" \/>\n\t\t<meta property=\"article:modified_time\" content=\"2025-06-10T08:44:25+00:00\" \/>\n\t\t<meta property=\"article:publisher\" content=\"https:\/\/www.facebook.com\/people\/Immoinvest\/100077962920504\/\" \/>\n\t\t<meta name=\"twitter:card\" content=\"summary_large_image\" \/>\n\t\t<meta name=\"twitter:site\" content=\"@i\" \/>\n\t\t<meta name=\"twitter:title\" content=\"Come Glarona \u00e8 diventata un gioiello architettonico - immo!nvest - Die Plattform f\u00fcr Standorte und Immobilien\" \/>\n\t\t<meta name=\"twitter:description\" content=\"La Kunsthaus Glarus \u00e8 uno dei centri espositivi pi\u00f9 importanti della Svizzera. Tuttavia, la sua creazione \u00e8 molto pi\u00f9 di un semplice progetto edilizio. \u00c8 un pezzo di storia contemporanea, caratterizzato da visioni, perseveranza, battute d&#039;arresto e decisioni coraggiose.\" \/>\n\t\t<meta name=\"twitter:creator\" content=\"@i\" \/>\n\t\t<meta name=\"twitter:image\" content=\"https:\/\/www.immo-invest.ch\/wp-content\/uploads\/2025\/06\/Kunsthaus-Glarus-1024x757_hell-e1749128560527.jpg\" \/>\n\t\t<script type=\"application\/ld+json\" class=\"aioseo-schema\">\n\t\t\t{\"@context\":\"https:\\\/\\\/schema.org\",\"@graph\":[{\"@type\":\"BlogPosting\",\"@id\":\"https:\\\/\\\/www.immo-invest.ch\\\/it\\\/wie-glarus-zu-einem-architektonischen-juwel-wurde\\\/#blogposting\",\"name\":\"Come Glarona \\u00e8 diventata un gioiello architettonico - immo!nvest - Die Plattform f\\u00fcr Standorte und Immobilien\",\"headline\":\"Come Glarona \\u00e8 diventata un gioiello architettonico\",\"author\":{\"@id\":\"https:\\\/\\\/www.immo-invest.ch\\\/it\\\/author\\\/immovestuser\\\/#author\"},\"publisher\":{\"@id\":\"https:\\\/\\\/www.immo-invest.ch\\\/it\\\/#organization\"},\"image\":{\"@type\":\"ImageObject\",\"url\":\"https:\\\/\\\/www.immo-invest.ch\\\/wp-content\\\/uploads\\\/2025\\\/06\\\/Kunsthaus-Glarus-1024x757_hell-e1749128560527.jpg\",\"width\":1024,\"height\":757},\"datePublished\":\"2025-06-10T08:00:00+02:00\",\"dateModified\":\"2025-06-10T10:44:25+02:00\",\"inLanguage\":\"it-IT\",\"mainEntityOfPage\":{\"@id\":\"https:\\\/\\\/www.immo-invest.ch\\\/it\\\/wie-glarus-zu-einem-architektonischen-juwel-wurde\\\/#webpage\"},\"isPartOf\":{\"@id\":\"https:\\\/\\\/www.immo-invest.ch\\\/it\\\/wie-glarus-zu-einem-architektonischen-juwel-wurde\\\/#webpage\"},\"articleSection\":\"Glarus, Progetti, Regioni, Standorte, Architektur, Baugeschichte, Glarus, Gustav Schneeli, Hans Leuzinger, Immoinvest, immoNews, Kunst, Kunsthaus Glarus, Museum, News, Optional\"},{\"@type\":\"BreadcrumbList\",\"@id\":\"https:\\\/\\\/www.immo-invest.ch\\\/it\\\/wie-glarus-zu-einem-architektonischen-juwel-wurde\\\/#breadcrumblist\",\"itemListElement\":[{\"@type\":\"ListItem\",\"@id\":\"https:\\\/\\\/www.immo-invest.ch\\\/it\\\/#listItem\",\"position\":1,\"name\":\"Home\",\"item\":\"https:\\\/\\\/www.immo-invest.ch\\\/it\\\/\",\"nextItem\":{\"@type\":\"ListItem\",\"@id\":\"https:\\\/\\\/www.immo-invest.ch\\\/it\\\/categoria\\\/regioni\\\/#listItem\",\"name\":\"Regioni\"}},{\"@type\":\"ListItem\",\"@id\":\"https:\\\/\\\/www.immo-invest.ch\\\/it\\\/categoria\\\/regioni\\\/#listItem\",\"position\":2,\"name\":\"Regioni\",\"item\":\"https:\\\/\\\/www.immo-invest.ch\\\/it\\\/categoria\\\/regioni\\\/\",\"nextItem\":{\"@type\":\"ListItem\",\"@id\":\"https:\\\/\\\/www.immo-invest.ch\\\/it\\\/categoria\\\/regioni\\\/svizzera\\\/#listItem\",\"name\":\"Svizzera\"},\"previousItem\":{\"@type\":\"ListItem\",\"@id\":\"https:\\\/\\\/www.immo-invest.ch\\\/it\\\/#listItem\",\"name\":\"Home\"}},{\"@type\":\"ListItem\",\"@id\":\"https:\\\/\\\/www.immo-invest.ch\\\/it\\\/categoria\\\/regioni\\\/svizzera\\\/#listItem\",\"position\":3,\"name\":\"Svizzera\",\"item\":\"https:\\\/\\\/www.immo-invest.ch\\\/it\\\/categoria\\\/regioni\\\/svizzera\\\/\",\"nextItem\":{\"@type\":\"ListItem\",\"@id\":\"https:\\\/\\\/www.immo-invest.ch\\\/it\\\/categoria\\\/regioni\\\/svizzera\\\/svizzera-orientale\\\/#listItem\",\"name\":\"Svizzera orientale\"},\"previousItem\":{\"@type\":\"ListItem\",\"@id\":\"https:\\\/\\\/www.immo-invest.ch\\\/it\\\/categoria\\\/regioni\\\/#listItem\",\"name\":\"Regioni\"}},{\"@type\":\"ListItem\",\"@id\":\"https:\\\/\\\/www.immo-invest.ch\\\/it\\\/categoria\\\/regioni\\\/svizzera\\\/svizzera-orientale\\\/#listItem\",\"position\":4,\"name\":\"Svizzera orientale\",\"item\":\"https:\\\/\\\/www.immo-invest.ch\\\/it\\\/categoria\\\/regioni\\\/svizzera\\\/svizzera-orientale\\\/\",\"nextItem\":{\"@type\":\"ListItem\",\"@id\":\"https:\\\/\\\/www.immo-invest.ch\\\/it\\\/categoria\\\/regioni\\\/svizzera\\\/svizzera-orientale\\\/glarus-it\\\/#listItem\",\"name\":\"Glarus\"},\"previousItem\":{\"@type\":\"ListItem\",\"@id\":\"https:\\\/\\\/www.immo-invest.ch\\\/it\\\/categoria\\\/regioni\\\/svizzera\\\/#listItem\",\"name\":\"Svizzera\"}},{\"@type\":\"ListItem\",\"@id\":\"https:\\\/\\\/www.immo-invest.ch\\\/it\\\/categoria\\\/regioni\\\/svizzera\\\/svizzera-orientale\\\/glarus-it\\\/#listItem\",\"position\":5,\"name\":\"Glarus\",\"item\":\"https:\\\/\\\/www.immo-invest.ch\\\/it\\\/categoria\\\/regioni\\\/svizzera\\\/svizzera-orientale\\\/glarus-it\\\/\",\"nextItem\":{\"@type\":\"ListItem\",\"@id\":\"https:\\\/\\\/www.immo-invest.ch\\\/it\\\/wie-glarus-zu-einem-architektonischen-juwel-wurde\\\/#listItem\",\"name\":\"Come Glarona \\u00e8 diventata un gioiello architettonico\"},\"previousItem\":{\"@type\":\"ListItem\",\"@id\":\"https:\\\/\\\/www.immo-invest.ch\\\/it\\\/categoria\\\/regioni\\\/svizzera\\\/svizzera-orientale\\\/#listItem\",\"name\":\"Svizzera orientale\"}},{\"@type\":\"ListItem\",\"@id\":\"https:\\\/\\\/www.immo-invest.ch\\\/it\\\/wie-glarus-zu-einem-architektonischen-juwel-wurde\\\/#listItem\",\"position\":6,\"name\":\"Come Glarona \\u00e8 diventata un gioiello architettonico\",\"previousItem\":{\"@type\":\"ListItem\",\"@id\":\"https:\\\/\\\/www.immo-invest.ch\\\/it\\\/categoria\\\/regioni\\\/svizzera\\\/svizzera-orientale\\\/glarus-it\\\/#listItem\",\"name\":\"Glarus\"}}]},{\"@type\":\"Organization\",\"@id\":\"https:\\\/\\\/www.immo-invest.ch\\\/it\\\/#organization\",\"name\":\"immo!nvest - Die Plattform f\\u00fcr Standorte und Immobilien\",\"description\":\"Die\\u00a0Plattform f\\u00fcr Standorte und Immobilien\",\"url\":\"https:\\\/\\\/www.immo-invest.ch\\\/it\\\/\",\"email\":\"admin@immomedia.ag\",\"telephone\":\"+41444420002\",\"logo\":{\"@type\":\"ImageObject\",\"url\":\"https:\\\/\\\/www.immo-invest.ch\\\/wp-content\\\/uploads\\\/2024\\\/09\\\/immoinvest_sm-scaled.jpg\",\"@id\":\"https:\\\/\\\/www.immo-invest.ch\\\/it\\\/wie-glarus-zu-einem-architektonischen-juwel-wurde\\\/#organizationLogo\",\"width\":2560,\"height\":1340},\"image\":{\"@id\":\"https:\\\/\\\/www.immo-invest.ch\\\/it\\\/wie-glarus-zu-einem-architektonischen-juwel-wurde\\\/#organizationLogo\"},\"sameAs\":[\"https:\\\/\\\/www.facebook.com\\\/people\\\/Immoinvest\\\/100077962920504\\\/\",\"https:\\\/\\\/x.com\\\/i\\\/flow\\\/login?redirect_after_login=immoinvest_ch\",\"https:\\\/\\\/www.instagram.com\\\/immoinvest_ch\\\/\",\"https:\\\/\\\/www.linkedin.com\\\/company\\\/immoinvest-swiss\"]},{\"@type\":\"Person\",\"@id\":\"https:\\\/\\\/www.immo-invest.ch\\\/it\\\/author\\\/immovestuser\\\/#author\",\"url\":\"https:\\\/\\\/www.immo-invest.ch\\\/it\\\/author\\\/immovestuser\\\/\",\"name\":\"immovestuser\",\"image\":{\"@type\":\"ImageObject\",\"@id\":\"https:\\\/\\\/www.immo-invest.ch\\\/it\\\/wie-glarus-zu-einem-architektonischen-juwel-wurde\\\/#authorImage\",\"url\":\"https:\\\/\\\/secure.gravatar.com\\\/avatar\\\/8e01f4d99f2eeea7a362ebb93305e1172a70e9293ba250f897a65c39f54cdd1e?s=96&d=mm&r=g\",\"width\":96,\"height\":96,\"caption\":\"immovestuser\"}},{\"@type\":\"WebPage\",\"@id\":\"https:\\\/\\\/www.immo-invest.ch\\\/it\\\/wie-glarus-zu-einem-architektonischen-juwel-wurde\\\/#webpage\",\"url\":\"https:\\\/\\\/www.immo-invest.ch\\\/it\\\/wie-glarus-zu-einem-architektonischen-juwel-wurde\\\/\",\"name\":\"Come Glarona \\u00e8 diventata un gioiello architettonico - immo!nvest - Die Plattform f\\u00fcr Standorte und Immobilien\",\"description\":\"La Kunsthaus Glarus \\u00e8 uno dei centri espositivi pi\\u00f9 importanti della Svizzera. Tuttavia, la sua creazione \\u00e8 molto pi\\u00f9 di un semplice progetto edilizio. \\u00c8 un pezzo di storia contemporanea, caratterizzato da visioni, perseveranza, battute d'arresto e decisioni coraggiose.\",\"inLanguage\":\"it-IT\",\"isPartOf\":{\"@id\":\"https:\\\/\\\/www.immo-invest.ch\\\/it\\\/#website\"},\"breadcrumb\":{\"@id\":\"https:\\\/\\\/www.immo-invest.ch\\\/it\\\/wie-glarus-zu-einem-architektonischen-juwel-wurde\\\/#breadcrumblist\"},\"author\":{\"@id\":\"https:\\\/\\\/www.immo-invest.ch\\\/it\\\/author\\\/immovestuser\\\/#author\"},\"creator\":{\"@id\":\"https:\\\/\\\/www.immo-invest.ch\\\/it\\\/author\\\/immovestuser\\\/#author\"},\"image\":{\"@type\":\"ImageObject\",\"url\":\"https:\\\/\\\/www.immo-invest.ch\\\/wp-content\\\/uploads\\\/2025\\\/06\\\/Kunsthaus-Glarus-1024x757_hell-e1749128560527.jpg\",\"@id\":\"https:\\\/\\\/www.immo-invest.ch\\\/it\\\/wie-glarus-zu-einem-architektonischen-juwel-wurde\\\/#mainImage\",\"width\":1024,\"height\":757},\"primaryImageOfPage\":{\"@id\":\"https:\\\/\\\/www.immo-invest.ch\\\/it\\\/wie-glarus-zu-einem-architektonischen-juwel-wurde\\\/#mainImage\"},\"datePublished\":\"2025-06-10T08:00:00+02:00\",\"dateModified\":\"2025-06-10T10:44:25+02:00\"},{\"@type\":\"WebSite\",\"@id\":\"https:\\\/\\\/www.immo-invest.ch\\\/it\\\/#website\",\"url\":\"https:\\\/\\\/www.immo-invest.ch\\\/it\\\/\",\"name\":\"immo!nvest - Die Plattform f\\u00fcr Standorte und Immobilien\",\"description\":\"Die\\u00a0Plattform f\\u00fcr Standorte und Immobilien\",\"inLanguage\":\"it-IT\",\"publisher\":{\"@id\":\"https:\\\/\\\/www.immo-invest.ch\\\/it\\\/#organization\"}}]}\n\t\t<\/script>\n\t\t<!-- All in One SEO -->\n\n","aioseo_head_json":{"title":"Come Glarona \u00e8 diventata un gioiello architettonico - immo!nvest - Die Plattform f\u00fcr Standorte und Immobilien","description":"La Kunsthaus Glarus \u00e8 uno dei centri espositivi pi\u00f9 importanti della Svizzera. Tuttavia, la sua creazione \u00e8 molto pi\u00f9 di un semplice progetto edilizio. \u00c8 un pezzo di storia contemporanea, caratterizzato da visioni, perseveranza, battute d'arresto e decisioni coraggiose.","canonical_url":"https:\/\/www.immo-invest.ch\/it\/wie-glarus-zu-einem-architektonischen-juwel-wurde\/","robots":"max-image-preview:large","keywords":"","webmasterTools":{"google-site-verification":"fHJKvgWpZCR2zVBHWfkQeFXC11qieUSff0HGNYfuyLA","miscellaneous":""},"schema":{"@context":"https:\/\/schema.org","@graph":[{"@type":"BlogPosting","@id":"https:\/\/www.immo-invest.ch\/it\/wie-glarus-zu-einem-architektonischen-juwel-wurde\/#blogposting","name":"Come Glarona \u00e8 diventata un gioiello architettonico - immo!nvest - Die Plattform f\u00fcr Standorte und Immobilien","headline":"Come Glarona \u00e8 diventata un gioiello architettonico","author":{"@id":"https:\/\/www.immo-invest.ch\/it\/author\/immovestuser\/#author"},"publisher":{"@id":"https:\/\/www.immo-invest.ch\/it\/#organization"},"image":{"@type":"ImageObject","url":"https:\/\/www.immo-invest.ch\/wp-content\/uploads\/2025\/06\/Kunsthaus-Glarus-1024x757_hell-e1749128560527.jpg","width":1024,"height":757},"datePublished":"2025-06-10T08:00:00+02:00","dateModified":"2025-06-10T10:44:25+02:00","inLanguage":"it-IT","mainEntityOfPage":{"@id":"https:\/\/www.immo-invest.ch\/it\/wie-glarus-zu-einem-architektonischen-juwel-wurde\/#webpage"},"isPartOf":{"@id":"https:\/\/www.immo-invest.ch\/it\/wie-glarus-zu-einem-architektonischen-juwel-wurde\/#webpage"},"articleSection":"Glarus, Progetti, Regioni, Standorte, Architektur, Baugeschichte, Glarus, Gustav Schneeli, Hans Leuzinger, Immoinvest, immoNews, Kunst, Kunsthaus Glarus, Museum, News, Optional"},{"@type":"BreadcrumbList","@id":"https:\/\/www.immo-invest.ch\/it\/wie-glarus-zu-einem-architektonischen-juwel-wurde\/#breadcrumblist","itemListElement":[{"@type":"ListItem","@id":"https:\/\/www.immo-invest.ch\/it\/#listItem","position":1,"name":"Home","item":"https:\/\/www.immo-invest.ch\/it\/","nextItem":{"@type":"ListItem","@id":"https:\/\/www.immo-invest.ch\/it\/categoria\/regioni\/#listItem","name":"Regioni"}},{"@type":"ListItem","@id":"https:\/\/www.immo-invest.ch\/it\/categoria\/regioni\/#listItem","position":2,"name":"Regioni","item":"https:\/\/www.immo-invest.ch\/it\/categoria\/regioni\/","nextItem":{"@type":"ListItem","@id":"https:\/\/www.immo-invest.ch\/it\/categoria\/regioni\/svizzera\/#listItem","name":"Svizzera"},"previousItem":{"@type":"ListItem","@id":"https:\/\/www.immo-invest.ch\/it\/#listItem","name":"Home"}},{"@type":"ListItem","@id":"https:\/\/www.immo-invest.ch\/it\/categoria\/regioni\/svizzera\/#listItem","position":3,"name":"Svizzera","item":"https:\/\/www.immo-invest.ch\/it\/categoria\/regioni\/svizzera\/","nextItem":{"@type":"ListItem","@id":"https:\/\/www.immo-invest.ch\/it\/categoria\/regioni\/svizzera\/svizzera-orientale\/#listItem","name":"Svizzera orientale"},"previousItem":{"@type":"ListItem","@id":"https:\/\/www.immo-invest.ch\/it\/categoria\/regioni\/#listItem","name":"Regioni"}},{"@type":"ListItem","@id":"https:\/\/www.immo-invest.ch\/it\/categoria\/regioni\/svizzera\/svizzera-orientale\/#listItem","position":4,"name":"Svizzera orientale","item":"https:\/\/www.immo-invest.ch\/it\/categoria\/regioni\/svizzera\/svizzera-orientale\/","nextItem":{"@type":"ListItem","@id":"https:\/\/www.immo-invest.ch\/it\/categoria\/regioni\/svizzera\/svizzera-orientale\/glarus-it\/#listItem","name":"Glarus"},"previousItem":{"@type":"ListItem","@id":"https:\/\/www.immo-invest.ch\/it\/categoria\/regioni\/svizzera\/#listItem","name":"Svizzera"}},{"@type":"ListItem","@id":"https:\/\/www.immo-invest.ch\/it\/categoria\/regioni\/svizzera\/svizzera-orientale\/glarus-it\/#listItem","position":5,"name":"Glarus","item":"https:\/\/www.immo-invest.ch\/it\/categoria\/regioni\/svizzera\/svizzera-orientale\/glarus-it\/","nextItem":{"@type":"ListItem","@id":"https:\/\/www.immo-invest.ch\/it\/wie-glarus-zu-einem-architektonischen-juwel-wurde\/#listItem","name":"Come Glarona \u00e8 diventata un gioiello architettonico"},"previousItem":{"@type":"ListItem","@id":"https:\/\/www.immo-invest.ch\/it\/categoria\/regioni\/svizzera\/svizzera-orientale\/#listItem","name":"Svizzera orientale"}},{"@type":"ListItem","@id":"https:\/\/www.immo-invest.ch\/it\/wie-glarus-zu-einem-architektonischen-juwel-wurde\/#listItem","position":6,"name":"Come Glarona \u00e8 diventata un gioiello architettonico","previousItem":{"@type":"ListItem","@id":"https:\/\/www.immo-invest.ch\/it\/categoria\/regioni\/svizzera\/svizzera-orientale\/glarus-it\/#listItem","name":"Glarus"}}]},{"@type":"Organization","@id":"https:\/\/www.immo-invest.ch\/it\/#organization","name":"immo!nvest - Die Plattform f\u00fcr Standorte und Immobilien","description":"Die\u00a0Plattform f\u00fcr Standorte und Immobilien","url":"https:\/\/www.immo-invest.ch\/it\/","email":"admin@immomedia.ag","telephone":"+41444420002","logo":{"@type":"ImageObject","url":"https:\/\/www.immo-invest.ch\/wp-content\/uploads\/2024\/09\/immoinvest_sm-scaled.jpg","@id":"https:\/\/www.immo-invest.ch\/it\/wie-glarus-zu-einem-architektonischen-juwel-wurde\/#organizationLogo","width":2560,"height":1340},"image":{"@id":"https:\/\/www.immo-invest.ch\/it\/wie-glarus-zu-einem-architektonischen-juwel-wurde\/#organizationLogo"},"sameAs":["https:\/\/www.facebook.com\/people\/Immoinvest\/100077962920504\/","https:\/\/x.com\/i\/flow\/login?redirect_after_login=immoinvest_ch","https:\/\/www.instagram.com\/immoinvest_ch\/","https:\/\/www.linkedin.com\/company\/immoinvest-swiss"]},{"@type":"Person","@id":"https:\/\/www.immo-invest.ch\/it\/author\/immovestuser\/#author","url":"https:\/\/www.immo-invest.ch\/it\/author\/immovestuser\/","name":"immovestuser","image":{"@type":"ImageObject","@id":"https:\/\/www.immo-invest.ch\/it\/wie-glarus-zu-einem-architektonischen-juwel-wurde\/#authorImage","url":"https:\/\/secure.gravatar.com\/avatar\/8e01f4d99f2eeea7a362ebb93305e1172a70e9293ba250f897a65c39f54cdd1e?s=96&d=mm&r=g","width":96,"height":96,"caption":"immovestuser"}},{"@type":"WebPage","@id":"https:\/\/www.immo-invest.ch\/it\/wie-glarus-zu-einem-architektonischen-juwel-wurde\/#webpage","url":"https:\/\/www.immo-invest.ch\/it\/wie-glarus-zu-einem-architektonischen-juwel-wurde\/","name":"Come Glarona \u00e8 diventata un gioiello architettonico - immo!nvest - Die Plattform f\u00fcr Standorte und Immobilien","description":"La Kunsthaus Glarus \u00e8 uno dei centri espositivi pi\u00f9 importanti della Svizzera. Tuttavia, la sua creazione \u00e8 molto pi\u00f9 di un semplice progetto edilizio. \u00c8 un pezzo di storia contemporanea, caratterizzato da visioni, perseveranza, battute d'arresto e decisioni coraggiose.","inLanguage":"it-IT","isPartOf":{"@id":"https:\/\/www.immo-invest.ch\/it\/#website"},"breadcrumb":{"@id":"https:\/\/www.immo-invest.ch\/it\/wie-glarus-zu-einem-architektonischen-juwel-wurde\/#breadcrumblist"},"author":{"@id":"https:\/\/www.immo-invest.ch\/it\/author\/immovestuser\/#author"},"creator":{"@id":"https:\/\/www.immo-invest.ch\/it\/author\/immovestuser\/#author"},"image":{"@type":"ImageObject","url":"https:\/\/www.immo-invest.ch\/wp-content\/uploads\/2025\/06\/Kunsthaus-Glarus-1024x757_hell-e1749128560527.jpg","@id":"https:\/\/www.immo-invest.ch\/it\/wie-glarus-zu-einem-architektonischen-juwel-wurde\/#mainImage","width":1024,"height":757},"primaryImageOfPage":{"@id":"https:\/\/www.immo-invest.ch\/it\/wie-glarus-zu-einem-architektonischen-juwel-wurde\/#mainImage"},"datePublished":"2025-06-10T08:00:00+02:00","dateModified":"2025-06-10T10:44:25+02:00"},{"@type":"WebSite","@id":"https:\/\/www.immo-invest.ch\/it\/#website","url":"https:\/\/www.immo-invest.ch\/it\/","name":"immo!nvest - Die Plattform f\u00fcr Standorte und Immobilien","description":"Die\u00a0Plattform f\u00fcr Standorte und Immobilien","inLanguage":"it-IT","publisher":{"@id":"https:\/\/www.immo-invest.ch\/it\/#organization"}}]},"og:locale":"it_IT","og:site_name":"immo!nvest - Die Plattform f\u00fcr Standorte und Immobilien - Die\u00a0Plattform f\u00fcr Standorte und Immobilien","og:type":"article","og:title":"Come Glarona \u00e8 diventata un gioiello architettonico - immo!nvest - Die Plattform f\u00fcr Standorte und Immobilien","og:description":"La Kunsthaus Glarus \u00e8 uno dei centri espositivi pi\u00f9 importanti della Svizzera. Tuttavia, la sua creazione \u00e8 molto pi\u00f9 di un semplice progetto edilizio. \u00c8 un pezzo di storia contemporanea, caratterizzato da visioni, perseveranza, battute d'arresto e decisioni coraggiose.","og:url":"https:\/\/www.immo-invest.ch\/it\/wie-glarus-zu-einem-architektonischen-juwel-wurde\/","og:image":"https:\/\/www.immo-invest.ch\/wp-content\/uploads\/2025\/06\/Kunsthaus-Glarus-1024x757_hell-e1749128560527.jpg","og:image:secure_url":"https:\/\/www.immo-invest.ch\/wp-content\/uploads\/2025\/06\/Kunsthaus-Glarus-1024x757_hell-e1749128560527.jpg","og:image:width":1024,"og:image:height":757,"article:published_time":"2025-06-10T06:00:00+00:00","article:modified_time":"2025-06-10T08:44:25+00:00","article:publisher":"https:\/\/www.facebook.com\/people\/Immoinvest\/100077962920504\/","twitter:card":"summary_large_image","twitter:site":"@i","twitter:title":"Come Glarona \u00e8 diventata un gioiello architettonico - immo!nvest - Die Plattform f\u00fcr Standorte und Immobilien","twitter:description":"La Kunsthaus Glarus \u00e8 uno dei centri espositivi pi\u00f9 importanti della Svizzera. Tuttavia, la sua creazione \u00e8 molto pi\u00f9 di un semplice progetto edilizio. \u00c8 un pezzo di storia contemporanea, caratterizzato da visioni, perseveranza, battute d'arresto e decisioni coraggiose.","twitter:creator":"@i","twitter:image":"https:\/\/www.immo-invest.ch\/wp-content\/uploads\/2025\/06\/Kunsthaus-Glarus-1024x757_hell-e1749128560527.jpg"},"aioseo_meta_data":{"post_id":"133753","title":null,"description":null,"keywords":null,"keyphrases":{"focus":{"keyphrase":"","score":0,"analysis":{"keyphraseInTitle":{"score":0,"maxScore":9,"error":1}}},"additional":[]},"primary_term":null,"canonical_url":null,"og_title":null,"og_description":null,"og_object_type":"default","og_image_type":"default","og_image_url":null,"og_image_width":null,"og_image_height":null,"og_image_custom_url":null,"og_image_custom_fields":null,"og_video":"","og_custom_url":null,"og_article_section":null,"og_article_tags":null,"twitter_use_og":false,"twitter_card":"default","twitter_image_type":"default","twitter_image_url":null,"twitter_image_custom_url":null,"twitter_image_custom_fields":null,"twitter_title":null,"twitter_description":null,"schema":{"blockGraphs":[],"customGraphs":[],"default":{"data":{"Article":[],"Course":[],"Dataset":[],"FAQPage":[],"Movie":[],"Person":[],"Product":[],"ProductReview":[],"Car":[],"Recipe":[],"Service":[],"SoftwareApplication":[],"WebPage":[]},"graphName":"BlogPosting","isEnabled":true},"graphs":[]},"schema_type":"default","schema_type_options":null,"pillar_content":false,"robots_default":true,"robots_noindex":false,"robots_noarchive":false,"robots_nosnippet":false,"robots_nofollow":false,"robots_noimageindex":false,"robots_noodp":false,"robots_notranslate":false,"robots_max_snippet":"-1","robots_max_videopreview":"-1","robots_max_imagepreview":"large","priority":null,"frequency":"default","local_seo":null,"breadcrumb_settings":null,"limit_modified_date":false,"ai":null,"created":"2025-06-05 13:20:16","updated":"2025-10-24 21:55:20","seo_analyzer_scan_date":null,"focus_keyword":null,"additional_keywords":null,"truseo_locale":null},"aioseo_breadcrumb":"<div class=\"aioseo-breadcrumbs\"><span class=\"aioseo-breadcrumb\">\n\t\t\t<a href=\"https:\/\/www.immo-invest.ch\/it\/\" title=\"Home\">Home<\/a>\n\t\t<\/span><span class=\"aioseo-breadcrumb-separator\">&raquo;<\/span><span class=\"aioseo-breadcrumb\">\n\t\t\t<a href=\"https:\/\/www.immo-invest.ch\/it\/categoria\/regioni\/\" title=\"Regioni\">Regioni<\/a>\n\t\t<\/span><span class=\"aioseo-breadcrumb-separator\">&raquo;<\/span><span class=\"aioseo-breadcrumb\">\n\t\t\t<a href=\"https:\/\/www.immo-invest.ch\/it\/categoria\/regioni\/svizzera\/\" title=\"Svizzera\">Svizzera<\/a>\n\t\t<\/span><span class=\"aioseo-breadcrumb-separator\">&raquo;<\/span><span class=\"aioseo-breadcrumb\">\n\t\t\t<a href=\"https:\/\/www.immo-invest.ch\/it\/categoria\/regioni\/svizzera\/svizzera-orientale\/\" title=\"Svizzera orientale\">Svizzera orientale<\/a>\n\t\t<\/span><span class=\"aioseo-breadcrumb-separator\">&raquo;<\/span><span class=\"aioseo-breadcrumb\">\n\t\t\t<a href=\"https:\/\/www.immo-invest.ch\/it\/categoria\/regioni\/svizzera\/svizzera-orientale\/glarus-it\/\" title=\"Glarus\">Glarus<\/a>\n\t\t<\/span><span class=\"aioseo-breadcrumb-separator\">&raquo;<\/span><span class=\"aioseo-breadcrumb\">\n\t\t\tCome Glarona \u00e8 diventata un gioiello architettonico\n\t\t<\/span><\/div>","aioseo_breadcrumb_json":[{"label":"Home","link":"https:\/\/www.immo-invest.ch\/it\/"},{"label":"Regioni","link":"https:\/\/www.immo-invest.ch\/it\/categoria\/regioni\/"},{"label":"Svizzera","link":"https:\/\/www.immo-invest.ch\/it\/categoria\/regioni\/svizzera\/"},{"label":"Svizzera orientale","link":"https:\/\/www.immo-invest.ch\/it\/categoria\/regioni\/svizzera\/svizzera-orientale\/"},{"label":"Glarus","link":"https:\/\/www.immo-invest.ch\/it\/categoria\/regioni\/svizzera\/svizzera-orientale\/glarus-it\/"},{"label":"Come Glarona \u00e8 diventata un gioiello architettonico","link":"https:\/\/www.immo-invest.ch\/it\/wie-glarus-zu-einem-architektonischen-juwel-wurde\/"}],"featured_image_src":"https:\/\/www.immo-invest.ch\/wp-content\/uploads\/2025\/06\/Kunsthaus-Glarus-1024x757_hell-336x168.jpg","_links":{"self":[{"href":"https:\/\/www.immo-invest.ch\/it\/wp-json\/wp\/v2\/posts\/133753","targetHints":{"allow":["GET"]}}],"collection":[{"href":"https:\/\/www.immo-invest.ch\/it\/wp-json\/wp\/v2\/posts"}],"about":[{"href":"https:\/\/www.immo-invest.ch\/it\/wp-json\/wp\/v2\/types\/post"}],"author":[{"embeddable":true,"href":"https:\/\/www.immo-invest.ch\/it\/wp-json\/wp\/v2\/users\/2"}],"replies":[{"embeddable":true,"href":"https:\/\/www.immo-invest.ch\/it\/wp-json\/wp\/v2\/comments?post=133753"}],"version-history":[{"count":0,"href":"https:\/\/www.immo-invest.ch\/it\/wp-json\/wp\/v2\/posts\/133753\/revisions"}],"wp:featuredmedia":[{"embeddable":true,"href":"https:\/\/www.immo-invest.ch\/it\/wp-json\/wp\/v2\/media\/133748"}],"wp:attachment":[{"href":"https:\/\/www.immo-invest.ch\/it\/wp-json\/wp\/v2\/media?parent=133753"}],"wp:term":[{"taxonomy":"category","embeddable":true,"href":"https:\/\/www.immo-invest.ch\/it\/wp-json\/wp\/v2\/categories?post=133753"},{"taxonomy":"post_tag","embeddable":true,"href":"https:\/\/www.immo-invest.ch\/it\/wp-json\/wp\/v2\/tags?post=133753"}],"curies":[{"name":"wp","href":"https:\/\/api.w.org\/{rel}","templated":true}]}}