{"id":133723,"date":"2025-06-06T12:00:00","date_gmt":"2025-06-06T10:00:00","guid":{"rendered":"https:\/\/www.immo-invest.ch\/?p=133723"},"modified":"2025-06-05T14:51:11","modified_gmt":"2025-06-05T12:51:11","slug":"neues-gerichtsgebaeude-fuer-kreisgericht-st-gallen","status":"publish","type":"post","link":"https:\/\/www.immo-invest.ch\/it\/neues-gerichtsgebaeude-fuer-kreisgericht-st-gallen\/","title":{"rendered":"Nuovo edificio giudiziario per il tribunale distrettuale di San Gallo"},"content":{"rendered":"<p class=\"wp-block-paragraph\">Dal 1996, il tribunale distrettuale di San Gallo &egrave; stato diviso tra due sedi. Una soluzione che non <span class=\"glossaryLink\"  aria-describedby=\"tt\"  data-cmtooltip=\"&lt;div class=glossaryItemTitle&gt;ERA&lt;\/div&gt;&lt;div class=glossaryItemBody&gt;Electronic Realty Associates; internationales Maklernetzwerk mit Schweizer Niederlassungen&nbsp;&lt;\/div&gt;\"  data-mobile-support=\"0\"  data-gt-translate-attributes='[{\"attribute\":\"data-cmtooltip\", \"format\":\"html\"}]' tabindex='0' role='link'>era<\/span> destinata a durare. Mentre gli uffici sono ospitati nella propriet&agrave; Bohl 1, le sedute del tribunale si tengono nella Neugasse 3\/5. Questa divisione non solo rende i processi lavorativi pi&ugrave; difficili, ma non soddisfa pi&ugrave; i requisiti odierni in termini di sicurezza. Questa divisione non solo rende pi&ugrave; difficili i processi lavorativi, ma non soddisfa pi&ugrave; i requisiti odierni in termini di sicurezza e funzionalit&agrave;. Con il previsto trasferimento nella propriet&agrave; Sch&uuml;tzengasse 1, il tribunale avr&agrave; finalmente una sede moderna e coerente.<\/p>\n\n\n\n\n\n<p class=\"wp-block-paragraph\"><strong>Un edificio per il futuro<br><\/strong>Sch&uuml;tzengasse 1 &egrave; di propriet&agrave; del Cantone di San Gallo e sar&agrave; ampiamente ristrutturato e modernizzato per il suo nuovo scopo. Lo studio di fattibilit&agrave; ha confermato che l&rsquo;edificio &egrave; perfettamente adatto alle esigenze delle moderne operazioni giudiziarie. Riunendo tutti i servizi in un&rsquo;unica sede, non solo si possono semplificare i processi lavorativi, ma si possono anche implementare i requisiti di sicurezza in linea con i tempi. L&rsquo;attuale soluzione di affitto presso la Neugasse 3\/5 diventer&agrave; quindi obsoleta, con conseguenti vantaggi finanziari a lungo termine per il Cantone.<\/p>\n\n\n\n\n\n<p class=\"wp-block-paragraph\"><strong>Finanziamento e costi in sintesi<br><\/strong>I costi totali del progetto ammontano a circa 27 milioni di franchi svizzeri. Questo importo comprende 8,5 milioni di franchi svizzeri per il trasferimento dell&rsquo;immobile dalle attivit&agrave; finanziarie a quelle amministrative. I costi effettivi per la ristrutturazione e la conversione dell&rsquo;edificio ammontano a 19,5 milioni di franchi svizzeri, secondo una stima approssimativa dei costi. Questo investimento &egrave; integrato da un pagamento di compensazione una tantum di 780.000 franchi svizzeri da parte della Citt&agrave; di San Gallo. L&rsquo;eliminazione dei costi di affitto per la Neugasse 3\/5 fornir&agrave; anche un sollievo a lungo termine per le finanze del Cantone.<\/p>\n\n\n\n\n\n<p class=\"wp-block-paragraph\"><strong>Inizio della costruzione e calendario<br><\/strong>L&rsquo;inizio del progetto di costruzione &egrave; previsto per il 2027. Il completamento e l&rsquo;occupazione sono previsti per la fine del 2028. Nel prossimo futuro, il Tribunale distrettuale di San Gallo disporr&agrave; quindi di un edificio che non solo soddisfer&agrave; i requisiti attuali, ma terr&agrave; anche conto degli sviluppi futuri del settore giudiziario.<\/p>\n\n\n\n\n\n<p class=\"wp-block-paragraph\"><strong>Il tribunale distrettuale pi&ugrave; grande del Cantone<br><\/strong>Con circa 3.300 cause all&rsquo;anno, il tribunale distrettuale di San Gallo &egrave; il pi&ugrave; importante dei sette tribunali distrettuali del Cantone. Si occupa di casi nelle aree del diritto civile e penale e dispone di un team ben consolidato, composto attualmente da 43 dipendenti fissi. Questi includono giudici distrettuali, cancellieri, impiegati e revisori. Inoltre, 14 giudici distrettuali part-time sono coinvolti nella gestione dei casi. Queste ampie mansioni richiedono un&rsquo;infrastruttura che soddisfi i requisiti odierni di efficienza, sicurezza e flessibilit&agrave;.<\/p>\n\n\n\n\n\n<p class=\"wp-block-paragraph\"><strong>La sicurezza come parte integrante<br><\/strong>Oltre alla fusione delle sedi, il sistema di sicurezza &egrave; un elemento centrale del progetto. Le operazioni giudiziarie oggi devono soddisfare standard elevati per garantire l&rsquo;integrit&agrave; dei procedimenti e la protezione di tutte le parti coinvolte. La nuova struttura sar&agrave; ristrutturata in modo tale da soddisfare questi requisiti e da tenere conto di tutti gli aspetti relativi alla sicurezza.<\/p>\n\n\n\n\n\n<p class=\"wp-block-paragraph\"><strong>Una situazione vantaggiosa per tutti i soggetti coinvolti<br><\/strong>Il previsto trasferimento del tribunale distrettuale di San Gallo non rappresenta solo un aggiornamento per il centro giudiziario, ma anche un investimento sostenibile nella qualit&agrave; e nella sostenibilit&agrave; futura del sistema giudiziario cantonale. L&rsquo;ottimizzazione dei processi, la modernizzazione dell&rsquo;infrastruttura e la ristrutturazione ad alta efficienza energetica sono passi avanti verso operazioni efficienti e a risparmio di risorse. Allo stesso tempo, le parti in causa beneficiano di un ambiente moderno che facilita le negoziazioni e i processi all&rsquo;interno di un quadro appropriato.<\/p>\n\n","protected":false},"excerpt":{"rendered":"<p>Il trasferimento nella Sch\u00fctzengasse 1 non solo porr\u00e0 fine a molti anni di stato provvisorio, ma modernizzer\u00e0 anche i processi operativi e migliorer\u00e0 la sicurezza. Il Governo ha richiesto un prestito di circa 27 milioni di franchi svizzeri per il progetto. Un investimento nell&#8217;efficienza e nella sostenibilit\u00e0 futura di San Gallo come centro di giustizia.<\/p>\n","protected":false},"author":2,"featured_media":133699,"comment_status":"open","ping_status":"open","sticky":false,"template":"","format":"standard","meta":{"pmpro_default_level":"","inline_featured_image":false,"_monsterinsights_skip_tracking":false,"footnotes":""},"categories":[8469,9455,39693],"tags":[53163,10254,867,3935,3584,44225,53164,2006,1155,3056],"class_list":["post-133723","post","type-post","status-publish","format-standard","has-post-thumbnail","hentry","category-regioni","category-regione-san-gallo","category-standorte-it","tag-gericht-it","tag-immobilienentwicklung-it","tag-immoinvest-it","tag-immonews-it","tag-investition-it","tag-justiz-it","tag-kreisgericht-it","tag-news-it","tag-sanierung-it","tag-st-gallen-it","pmpro-has-access"],"acf":{"bild_mit_ki_erstellt_worden":[],"lead":"Il trasferimento nella Sch\u00fctzengasse 1 non solo porr\u00e0 fine a molti anni di stato provvisorio, ma modernizzer\u00e0 anche i processi operativi e migliorer\u00e0 la sicurezza. Il Governo ha richiesto un prestito di circa 27 milioni di franchi svizzeri per il progetto. Un investimento nell'efficienza e nella sostenibilit\u00e0 futura di San Gallo come centro di giustizia.","autor":"Quelle St. Gallen","ort":"","bildunterschrift":"","bild_im_grid":false,"gallerie":"","newsim":""},"aioseo_notices":[],"aioseo_head":"\n\t\t<!-- All in One SEO 5.0.0.1 - aioseo.com -->\n\t<meta name=\"description\" content=\"Il trasferimento nella Sch\u00fctzengasse 1 non solo porr\u00e0 fine a molti anni di stato provvisorio, ma modernizzer\u00e0 anche i processi operativi e migliorer\u00e0 la sicurezza. Il Governo ha richiesto un prestito di circa 27 milioni di franchi svizzeri per il progetto. Un investimento nell&#039;efficienza e nella sostenibilit\u00e0 futura di San Gallo come centro di giustizia.\" \/>\n\t<meta name=\"robots\" content=\"max-image-preview:large\" \/>\n\t<meta name=\"author\" content=\"immovestuser\"\/>\n\t<meta name=\"google-site-verification\" content=\"fHJKvgWpZCR2zVBHWfkQeFXC11qieUSff0HGNYfuyLA\" \/>\n\t<link rel=\"canonical\" href=\"https:\/\/www.immo-invest.ch\/it\/neues-gerichtsgebaeude-fuer-kreisgericht-st-gallen\/\" \/>\n\t<meta name=\"generator\" content=\"All in One SEO (AIOSEO) 5.0.0.1\" \/>\n\t\t<meta property=\"og:locale\" content=\"it_IT\" \/>\n\t\t<meta property=\"og:site_name\" content=\"immo!nvest - Die Plattform f\u00fcr Standorte und Immobilien - Die\u00a0Plattform f\u00fcr Standorte und Immobilien\" \/>\n\t\t<meta property=\"og:type\" content=\"article\" \/>\n\t\t<meta property=\"og:title\" content=\"Nuovo edificio giudiziario per il tribunale distrettuale di San Gallo - immo!nvest - Die Plattform f\u00fcr Standorte und Immobilien\" \/>\n\t\t<meta property=\"og:description\" content=\"Il trasferimento nella Sch\u00fctzengasse 1 non solo porr\u00e0 fine a molti anni di stato provvisorio, ma modernizzer\u00e0 anche i processi operativi e migliorer\u00e0 la sicurezza. Il Governo ha richiesto un prestito di circa 27 milioni di franchi svizzeri per il progetto. Un investimento nell&#039;efficienza e nella sostenibilit\u00e0 futura di San Gallo come centro di giustizia.\" \/>\n\t\t<meta property=\"og:url\" content=\"https:\/\/www.immo-invest.ch\/it\/neues-gerichtsgebaeude-fuer-kreisgericht-st-gallen\/\" \/>\n\t\t<meta property=\"og:image\" content=\"https:\/\/www.immo-invest.ch\/wp-content\/uploads\/2025\/06\/Justizdepartement-CMS-e1749125977630.jpg\" \/>\n\t\t<meta property=\"og:image:secure_url\" content=\"https:\/\/www.immo-invest.ch\/wp-content\/uploads\/2025\/06\/Justizdepartement-CMS-e1749125977630.jpg\" \/>\n\t\t<meta property=\"og:image:width\" content=\"1140\" \/>\n\t\t<meta property=\"og:image:height\" content=\"390\" \/>\n\t\t<meta property=\"article:published_time\" content=\"2025-06-06T10:00:00+00:00\" \/>\n\t\t<meta property=\"article:modified_time\" content=\"2025-06-05T12:51:11+00:00\" \/>\n\t\t<meta property=\"article:publisher\" content=\"https:\/\/www.facebook.com\/people\/Immoinvest\/100077962920504\/\" \/>\n\t\t<meta name=\"twitter:card\" content=\"summary_large_image\" \/>\n\t\t<meta name=\"twitter:site\" content=\"@i\" \/>\n\t\t<meta name=\"twitter:title\" content=\"Nuovo edificio giudiziario per il tribunale distrettuale di San Gallo - immo!nvest - Die Plattform f\u00fcr Standorte und Immobilien\" \/>\n\t\t<meta name=\"twitter:description\" content=\"Il trasferimento nella Sch\u00fctzengasse 1 non solo porr\u00e0 fine a molti anni di stato provvisorio, ma modernizzer\u00e0 anche i processi operativi e migliorer\u00e0 la sicurezza. Il Governo ha richiesto un prestito di circa 27 milioni di franchi svizzeri per il progetto. Un investimento nell&#039;efficienza e nella sostenibilit\u00e0 futura di San Gallo come centro di giustizia.\" \/>\n\t\t<meta name=\"twitter:creator\" content=\"@i\" \/>\n\t\t<meta name=\"twitter:image\" content=\"https:\/\/www.immo-invest.ch\/wp-content\/uploads\/2025\/06\/Justizdepartement-CMS-e1749125977630.jpg\" \/>\n\t\t<script type=\"application\/ld+json\" class=\"aioseo-schema\">\n\t\t\t{\"@context\":\"https:\\\/\\\/schema.org\",\"@graph\":[{\"@type\":\"BlogPosting\",\"@id\":\"https:\\\/\\\/www.immo-invest.ch\\\/it\\\/neues-gerichtsgebaeude-fuer-kreisgericht-st-gallen\\\/#blogposting\",\"name\":\"Nuovo edificio giudiziario per il tribunale distrettuale di San Gallo - immo!nvest - Die Plattform f\\u00fcr Standorte und Immobilien\",\"headline\":\"Nuovo edificio giudiziario per il tribunale distrettuale di San Gallo\",\"author\":{\"@id\":\"https:\\\/\\\/www.immo-invest.ch\\\/it\\\/author\\\/immovestuser\\\/#author\"},\"publisher\":{\"@id\":\"https:\\\/\\\/www.immo-invest.ch\\\/it\\\/#organization\"},\"image\":{\"@type\":\"ImageObject\",\"url\":\"https:\\\/\\\/www.immo-invest.ch\\\/wp-content\\\/uploads\\\/2025\\\/06\\\/Justizdepartement-CMS-e1749125977630.jpg\",\"width\":1140,\"height\":390},\"datePublished\":\"2025-06-06T12:00:00+02:00\",\"dateModified\":\"2025-06-05T14:51:11+02:00\",\"inLanguage\":\"it-IT\",\"mainEntityOfPage\":{\"@id\":\"https:\\\/\\\/www.immo-invest.ch\\\/it\\\/neues-gerichtsgebaeude-fuer-kreisgericht-st-gallen\\\/#webpage\"},\"isPartOf\":{\"@id\":\"https:\\\/\\\/www.immo-invest.ch\\\/it\\\/neues-gerichtsgebaeude-fuer-kreisgericht-st-gallen\\\/#webpage\"},\"articleSection\":\"Regioni, San Gallo, Standorte, Gericht, Immobilienentwicklung, Immoinvest, immoNews, Investition, Justiz, Kreisgericht, News, Sanierung, st. gallen, Optional\"},{\"@type\":\"BreadcrumbList\",\"@id\":\"https:\\\/\\\/www.immo-invest.ch\\\/it\\\/neues-gerichtsgebaeude-fuer-kreisgericht-st-gallen\\\/#breadcrumblist\",\"itemListElement\":[{\"@type\":\"ListItem\",\"@id\":\"https:\\\/\\\/www.immo-invest.ch\\\/it\\\/#listItem\",\"position\":1,\"name\":\"Home\",\"item\":\"https:\\\/\\\/www.immo-invest.ch\\\/it\\\/\",\"nextItem\":{\"@type\":\"ListItem\",\"@id\":\"https:\\\/\\\/www.immo-invest.ch\\\/it\\\/categoria\\\/regioni\\\/#listItem\",\"name\":\"Regioni\"}},{\"@type\":\"ListItem\",\"@id\":\"https:\\\/\\\/www.immo-invest.ch\\\/it\\\/categoria\\\/regioni\\\/#listItem\",\"position\":2,\"name\":\"Regioni\",\"item\":\"https:\\\/\\\/www.immo-invest.ch\\\/it\\\/categoria\\\/regioni\\\/\",\"nextItem\":{\"@type\":\"ListItem\",\"@id\":\"https:\\\/\\\/www.immo-invest.ch\\\/it\\\/categoria\\\/regioni\\\/svizzera\\\/#listItem\",\"name\":\"Svizzera\"},\"previousItem\":{\"@type\":\"ListItem\",\"@id\":\"https:\\\/\\\/www.immo-invest.ch\\\/it\\\/#listItem\",\"name\":\"Home\"}},{\"@type\":\"ListItem\",\"@id\":\"https:\\\/\\\/www.immo-invest.ch\\\/it\\\/categoria\\\/regioni\\\/svizzera\\\/#listItem\",\"position\":3,\"name\":\"Svizzera\",\"item\":\"https:\\\/\\\/www.immo-invest.ch\\\/it\\\/categoria\\\/regioni\\\/svizzera\\\/\",\"nextItem\":{\"@type\":\"ListItem\",\"@id\":\"https:\\\/\\\/www.immo-invest.ch\\\/it\\\/categoria\\\/regioni\\\/svizzera\\\/svizzera-orientale\\\/#listItem\",\"name\":\"Svizzera orientale\"},\"previousItem\":{\"@type\":\"ListItem\",\"@id\":\"https:\\\/\\\/www.immo-invest.ch\\\/it\\\/categoria\\\/regioni\\\/#listItem\",\"name\":\"Regioni\"}},{\"@type\":\"ListItem\",\"@id\":\"https:\\\/\\\/www.immo-invest.ch\\\/it\\\/categoria\\\/regioni\\\/svizzera\\\/svizzera-orientale\\\/#listItem\",\"position\":4,\"name\":\"Svizzera orientale\",\"item\":\"https:\\\/\\\/www.immo-invest.ch\\\/it\\\/categoria\\\/regioni\\\/svizzera\\\/svizzera-orientale\\\/\",\"nextItem\":{\"@type\":\"ListItem\",\"@id\":\"https:\\\/\\\/www.immo-invest.ch\\\/it\\\/categoria\\\/regioni\\\/svizzera\\\/svizzera-orientale\\\/regione-san-gallo\\\/#listItem\",\"name\":\"San Gallo\"},\"previousItem\":{\"@type\":\"ListItem\",\"@id\":\"https:\\\/\\\/www.immo-invest.ch\\\/it\\\/categoria\\\/regioni\\\/svizzera\\\/#listItem\",\"name\":\"Svizzera\"}},{\"@type\":\"ListItem\",\"@id\":\"https:\\\/\\\/www.immo-invest.ch\\\/it\\\/categoria\\\/regioni\\\/svizzera\\\/svizzera-orientale\\\/regione-san-gallo\\\/#listItem\",\"position\":5,\"name\":\"San Gallo\",\"item\":\"https:\\\/\\\/www.immo-invest.ch\\\/it\\\/categoria\\\/regioni\\\/svizzera\\\/svizzera-orientale\\\/regione-san-gallo\\\/\",\"nextItem\":{\"@type\":\"ListItem\",\"@id\":\"https:\\\/\\\/www.immo-invest.ch\\\/it\\\/neues-gerichtsgebaeude-fuer-kreisgericht-st-gallen\\\/#listItem\",\"name\":\"Nuovo edificio giudiziario per il tribunale distrettuale di San Gallo\"},\"previousItem\":{\"@type\":\"ListItem\",\"@id\":\"https:\\\/\\\/www.immo-invest.ch\\\/it\\\/categoria\\\/regioni\\\/svizzera\\\/svizzera-orientale\\\/#listItem\",\"name\":\"Svizzera orientale\"}},{\"@type\":\"ListItem\",\"@id\":\"https:\\\/\\\/www.immo-invest.ch\\\/it\\\/neues-gerichtsgebaeude-fuer-kreisgericht-st-gallen\\\/#listItem\",\"position\":6,\"name\":\"Nuovo edificio giudiziario per il tribunale distrettuale di San Gallo\",\"previousItem\":{\"@type\":\"ListItem\",\"@id\":\"https:\\\/\\\/www.immo-invest.ch\\\/it\\\/categoria\\\/regioni\\\/svizzera\\\/svizzera-orientale\\\/regione-san-gallo\\\/#listItem\",\"name\":\"San Gallo\"}}]},{\"@type\":\"Organization\",\"@id\":\"https:\\\/\\\/www.immo-invest.ch\\\/it\\\/#organization\",\"name\":\"immo!nvest - Die Plattform f\\u00fcr Standorte und Immobilien\",\"description\":\"Die\\u00a0Plattform f\\u00fcr Standorte und Immobilien\",\"url\":\"https:\\\/\\\/www.immo-invest.ch\\\/it\\\/\",\"email\":\"admin@immomedia.ag\",\"telephone\":\"+41444420002\",\"logo\":{\"@type\":\"ImageObject\",\"url\":\"https:\\\/\\\/www.immo-invest.ch\\\/wp-content\\\/uploads\\\/2024\\\/09\\\/immoinvest_sm-scaled.jpg\",\"@id\":\"https:\\\/\\\/www.immo-invest.ch\\\/it\\\/neues-gerichtsgebaeude-fuer-kreisgericht-st-gallen\\\/#organizationLogo\",\"width\":2560,\"height\":1340},\"image\":{\"@id\":\"https:\\\/\\\/www.immo-invest.ch\\\/it\\\/neues-gerichtsgebaeude-fuer-kreisgericht-st-gallen\\\/#organizationLogo\"},\"sameAs\":[\"https:\\\/\\\/www.facebook.com\\\/people\\\/Immoinvest\\\/100077962920504\\\/\",\"https:\\\/\\\/x.com\\\/i\\\/flow\\\/login?redirect_after_login=immoinvest_ch\",\"https:\\\/\\\/www.instagram.com\\\/immoinvest_ch\\\/\",\"https:\\\/\\\/www.linkedin.com\\\/company\\\/immoinvest-swiss\"]},{\"@type\":\"Person\",\"@id\":\"https:\\\/\\\/www.immo-invest.ch\\\/it\\\/author\\\/immovestuser\\\/#author\",\"url\":\"https:\\\/\\\/www.immo-invest.ch\\\/it\\\/author\\\/immovestuser\\\/\",\"name\":\"immovestuser\",\"image\":{\"@type\":\"ImageObject\",\"@id\":\"https:\\\/\\\/www.immo-invest.ch\\\/it\\\/neues-gerichtsgebaeude-fuer-kreisgericht-st-gallen\\\/#authorImage\",\"url\":\"https:\\\/\\\/secure.gravatar.com\\\/avatar\\\/8e01f4d99f2eeea7a362ebb93305e1172a70e9293ba250f897a65c39f54cdd1e?s=96&d=mm&r=g\",\"width\":96,\"height\":96,\"caption\":\"immovestuser\"}},{\"@type\":\"WebPage\",\"@id\":\"https:\\\/\\\/www.immo-invest.ch\\\/it\\\/neues-gerichtsgebaeude-fuer-kreisgericht-st-gallen\\\/#webpage\",\"url\":\"https:\\\/\\\/www.immo-invest.ch\\\/it\\\/neues-gerichtsgebaeude-fuer-kreisgericht-st-gallen\\\/\",\"name\":\"Nuovo edificio giudiziario per il tribunale distrettuale di San Gallo - immo!nvest - Die Plattform f\\u00fcr Standorte und Immobilien\",\"description\":\"Il trasferimento nella Sch\\u00fctzengasse 1 non solo porr\\u00e0 fine a molti anni di stato provvisorio, ma modernizzer\\u00e0 anche i processi operativi e migliorer\\u00e0 la sicurezza. Il Governo ha richiesto un prestito di circa 27 milioni di franchi svizzeri per il progetto. Un investimento nell'efficienza e nella sostenibilit\\u00e0 futura di San Gallo come centro di giustizia.\",\"inLanguage\":\"it-IT\",\"isPartOf\":{\"@id\":\"https:\\\/\\\/www.immo-invest.ch\\\/it\\\/#website\"},\"breadcrumb\":{\"@id\":\"https:\\\/\\\/www.immo-invest.ch\\\/it\\\/neues-gerichtsgebaeude-fuer-kreisgericht-st-gallen\\\/#breadcrumblist\"},\"author\":{\"@id\":\"https:\\\/\\\/www.immo-invest.ch\\\/it\\\/author\\\/immovestuser\\\/#author\"},\"creator\":{\"@id\":\"https:\\\/\\\/www.immo-invest.ch\\\/it\\\/author\\\/immovestuser\\\/#author\"},\"image\":{\"@type\":\"ImageObject\",\"url\":\"https:\\\/\\\/www.immo-invest.ch\\\/wp-content\\\/uploads\\\/2025\\\/06\\\/Justizdepartement-CMS-e1749125977630.jpg\",\"@id\":\"https:\\\/\\\/www.immo-invest.ch\\\/it\\\/neues-gerichtsgebaeude-fuer-kreisgericht-st-gallen\\\/#mainImage\",\"width\":1140,\"height\":390},\"primaryImageOfPage\":{\"@id\":\"https:\\\/\\\/www.immo-invest.ch\\\/it\\\/neues-gerichtsgebaeude-fuer-kreisgericht-st-gallen\\\/#mainImage\"},\"datePublished\":\"2025-06-06T12:00:00+02:00\",\"dateModified\":\"2025-06-05T14:51:11+02:00\"},{\"@type\":\"WebSite\",\"@id\":\"https:\\\/\\\/www.immo-invest.ch\\\/it\\\/#website\",\"url\":\"https:\\\/\\\/www.immo-invest.ch\\\/it\\\/\",\"name\":\"immo!nvest - Die Plattform f\\u00fcr Standorte und Immobilien\",\"description\":\"Die\\u00a0Plattform f\\u00fcr Standorte und Immobilien\",\"inLanguage\":\"it-IT\",\"publisher\":{\"@id\":\"https:\\\/\\\/www.immo-invest.ch\\\/it\\\/#organization\"}}]}\n\t\t<\/script>\n\t\t<!-- All in One SEO -->\n\n","aioseo_head_json":{"title":"Nuovo edificio giudiziario per il tribunale distrettuale di San Gallo - immo!nvest - Die Plattform f\u00fcr Standorte und Immobilien","description":"Il trasferimento nella Sch\u00fctzengasse 1 non solo porr\u00e0 fine a molti anni di stato provvisorio, ma modernizzer\u00e0 anche i processi operativi e migliorer\u00e0 la sicurezza. Il Governo ha richiesto un prestito di circa 27 milioni di franchi svizzeri per il progetto. Un investimento nell'efficienza e nella sostenibilit\u00e0 futura di San Gallo come centro di giustizia.","canonical_url":"https:\/\/www.immo-invest.ch\/it\/neues-gerichtsgebaeude-fuer-kreisgericht-st-gallen\/","robots":"max-image-preview:large","keywords":"","webmasterTools":{"google-site-verification":"fHJKvgWpZCR2zVBHWfkQeFXC11qieUSff0HGNYfuyLA","miscellaneous":""},"schema":{"@context":"https:\/\/schema.org","@graph":[{"@type":"BlogPosting","@id":"https:\/\/www.immo-invest.ch\/it\/neues-gerichtsgebaeude-fuer-kreisgericht-st-gallen\/#blogposting","name":"Nuovo edificio giudiziario per il tribunale distrettuale di San Gallo - immo!nvest - Die Plattform f\u00fcr Standorte und Immobilien","headline":"Nuovo edificio giudiziario per il tribunale distrettuale di San Gallo","author":{"@id":"https:\/\/www.immo-invest.ch\/it\/author\/immovestuser\/#author"},"publisher":{"@id":"https:\/\/www.immo-invest.ch\/it\/#organization"},"image":{"@type":"ImageObject","url":"https:\/\/www.immo-invest.ch\/wp-content\/uploads\/2025\/06\/Justizdepartement-CMS-e1749125977630.jpg","width":1140,"height":390},"datePublished":"2025-06-06T12:00:00+02:00","dateModified":"2025-06-05T14:51:11+02:00","inLanguage":"it-IT","mainEntityOfPage":{"@id":"https:\/\/www.immo-invest.ch\/it\/neues-gerichtsgebaeude-fuer-kreisgericht-st-gallen\/#webpage"},"isPartOf":{"@id":"https:\/\/www.immo-invest.ch\/it\/neues-gerichtsgebaeude-fuer-kreisgericht-st-gallen\/#webpage"},"articleSection":"Regioni, San Gallo, Standorte, Gericht, Immobilienentwicklung, Immoinvest, immoNews, Investition, Justiz, Kreisgericht, News, Sanierung, st. gallen, Optional"},{"@type":"BreadcrumbList","@id":"https:\/\/www.immo-invest.ch\/it\/neues-gerichtsgebaeude-fuer-kreisgericht-st-gallen\/#breadcrumblist","itemListElement":[{"@type":"ListItem","@id":"https:\/\/www.immo-invest.ch\/it\/#listItem","position":1,"name":"Home","item":"https:\/\/www.immo-invest.ch\/it\/","nextItem":{"@type":"ListItem","@id":"https:\/\/www.immo-invest.ch\/it\/categoria\/regioni\/#listItem","name":"Regioni"}},{"@type":"ListItem","@id":"https:\/\/www.immo-invest.ch\/it\/categoria\/regioni\/#listItem","position":2,"name":"Regioni","item":"https:\/\/www.immo-invest.ch\/it\/categoria\/regioni\/","nextItem":{"@type":"ListItem","@id":"https:\/\/www.immo-invest.ch\/it\/categoria\/regioni\/svizzera\/#listItem","name":"Svizzera"},"previousItem":{"@type":"ListItem","@id":"https:\/\/www.immo-invest.ch\/it\/#listItem","name":"Home"}},{"@type":"ListItem","@id":"https:\/\/www.immo-invest.ch\/it\/categoria\/regioni\/svizzera\/#listItem","position":3,"name":"Svizzera","item":"https:\/\/www.immo-invest.ch\/it\/categoria\/regioni\/svizzera\/","nextItem":{"@type":"ListItem","@id":"https:\/\/www.immo-invest.ch\/it\/categoria\/regioni\/svizzera\/svizzera-orientale\/#listItem","name":"Svizzera orientale"},"previousItem":{"@type":"ListItem","@id":"https:\/\/www.immo-invest.ch\/it\/categoria\/regioni\/#listItem","name":"Regioni"}},{"@type":"ListItem","@id":"https:\/\/www.immo-invest.ch\/it\/categoria\/regioni\/svizzera\/svizzera-orientale\/#listItem","position":4,"name":"Svizzera orientale","item":"https:\/\/www.immo-invest.ch\/it\/categoria\/regioni\/svizzera\/svizzera-orientale\/","nextItem":{"@type":"ListItem","@id":"https:\/\/www.immo-invest.ch\/it\/categoria\/regioni\/svizzera\/svizzera-orientale\/regione-san-gallo\/#listItem","name":"San Gallo"},"previousItem":{"@type":"ListItem","@id":"https:\/\/www.immo-invest.ch\/it\/categoria\/regioni\/svizzera\/#listItem","name":"Svizzera"}},{"@type":"ListItem","@id":"https:\/\/www.immo-invest.ch\/it\/categoria\/regioni\/svizzera\/svizzera-orientale\/regione-san-gallo\/#listItem","position":5,"name":"San Gallo","item":"https:\/\/www.immo-invest.ch\/it\/categoria\/regioni\/svizzera\/svizzera-orientale\/regione-san-gallo\/","nextItem":{"@type":"ListItem","@id":"https:\/\/www.immo-invest.ch\/it\/neues-gerichtsgebaeude-fuer-kreisgericht-st-gallen\/#listItem","name":"Nuovo edificio giudiziario per il tribunale distrettuale di San Gallo"},"previousItem":{"@type":"ListItem","@id":"https:\/\/www.immo-invest.ch\/it\/categoria\/regioni\/svizzera\/svizzera-orientale\/#listItem","name":"Svizzera orientale"}},{"@type":"ListItem","@id":"https:\/\/www.immo-invest.ch\/it\/neues-gerichtsgebaeude-fuer-kreisgericht-st-gallen\/#listItem","position":6,"name":"Nuovo edificio giudiziario per il tribunale distrettuale di San Gallo","previousItem":{"@type":"ListItem","@id":"https:\/\/www.immo-invest.ch\/it\/categoria\/regioni\/svizzera\/svizzera-orientale\/regione-san-gallo\/#listItem","name":"San Gallo"}}]},{"@type":"Organization","@id":"https:\/\/www.immo-invest.ch\/it\/#organization","name":"immo!nvest - Die Plattform f\u00fcr Standorte und Immobilien","description":"Die\u00a0Plattform f\u00fcr Standorte und Immobilien","url":"https:\/\/www.immo-invest.ch\/it\/","email":"admin@immomedia.ag","telephone":"+41444420002","logo":{"@type":"ImageObject","url":"https:\/\/www.immo-invest.ch\/wp-content\/uploads\/2024\/09\/immoinvest_sm-scaled.jpg","@id":"https:\/\/www.immo-invest.ch\/it\/neues-gerichtsgebaeude-fuer-kreisgericht-st-gallen\/#organizationLogo","width":2560,"height":1340},"image":{"@id":"https:\/\/www.immo-invest.ch\/it\/neues-gerichtsgebaeude-fuer-kreisgericht-st-gallen\/#organizationLogo"},"sameAs":["https:\/\/www.facebook.com\/people\/Immoinvest\/100077962920504\/","https:\/\/x.com\/i\/flow\/login?redirect_after_login=immoinvest_ch","https:\/\/www.instagram.com\/immoinvest_ch\/","https:\/\/www.linkedin.com\/company\/immoinvest-swiss"]},{"@type":"Person","@id":"https:\/\/www.immo-invest.ch\/it\/author\/immovestuser\/#author","url":"https:\/\/www.immo-invest.ch\/it\/author\/immovestuser\/","name":"immovestuser","image":{"@type":"ImageObject","@id":"https:\/\/www.immo-invest.ch\/it\/neues-gerichtsgebaeude-fuer-kreisgericht-st-gallen\/#authorImage","url":"https:\/\/secure.gravatar.com\/avatar\/8e01f4d99f2eeea7a362ebb93305e1172a70e9293ba250f897a65c39f54cdd1e?s=96&d=mm&r=g","width":96,"height":96,"caption":"immovestuser"}},{"@type":"WebPage","@id":"https:\/\/www.immo-invest.ch\/it\/neues-gerichtsgebaeude-fuer-kreisgericht-st-gallen\/#webpage","url":"https:\/\/www.immo-invest.ch\/it\/neues-gerichtsgebaeude-fuer-kreisgericht-st-gallen\/","name":"Nuovo edificio giudiziario per il tribunale distrettuale di San Gallo - immo!nvest - Die Plattform f\u00fcr Standorte und Immobilien","description":"Il trasferimento nella Sch\u00fctzengasse 1 non solo porr\u00e0 fine a molti anni di stato provvisorio, ma modernizzer\u00e0 anche i processi operativi e migliorer\u00e0 la sicurezza. Il Governo ha richiesto un prestito di circa 27 milioni di franchi svizzeri per il progetto. Un investimento nell'efficienza e nella sostenibilit\u00e0 futura di San Gallo come centro di giustizia.","inLanguage":"it-IT","isPartOf":{"@id":"https:\/\/www.immo-invest.ch\/it\/#website"},"breadcrumb":{"@id":"https:\/\/www.immo-invest.ch\/it\/neues-gerichtsgebaeude-fuer-kreisgericht-st-gallen\/#breadcrumblist"},"author":{"@id":"https:\/\/www.immo-invest.ch\/it\/author\/immovestuser\/#author"},"creator":{"@id":"https:\/\/www.immo-invest.ch\/it\/author\/immovestuser\/#author"},"image":{"@type":"ImageObject","url":"https:\/\/www.immo-invest.ch\/wp-content\/uploads\/2025\/06\/Justizdepartement-CMS-e1749125977630.jpg","@id":"https:\/\/www.immo-invest.ch\/it\/neues-gerichtsgebaeude-fuer-kreisgericht-st-gallen\/#mainImage","width":1140,"height":390},"primaryImageOfPage":{"@id":"https:\/\/www.immo-invest.ch\/it\/neues-gerichtsgebaeude-fuer-kreisgericht-st-gallen\/#mainImage"},"datePublished":"2025-06-06T12:00:00+02:00","dateModified":"2025-06-05T14:51:11+02:00"},{"@type":"WebSite","@id":"https:\/\/www.immo-invest.ch\/it\/#website","url":"https:\/\/www.immo-invest.ch\/it\/","name":"immo!nvest - Die Plattform f\u00fcr Standorte und Immobilien","description":"Die\u00a0Plattform f\u00fcr Standorte und Immobilien","inLanguage":"it-IT","publisher":{"@id":"https:\/\/www.immo-invest.ch\/it\/#organization"}}]},"og:locale":"it_IT","og:site_name":"immo!nvest - Die Plattform f\u00fcr Standorte und Immobilien - Die\u00a0Plattform f\u00fcr Standorte und Immobilien","og:type":"article","og:title":"Nuovo edificio giudiziario per il tribunale distrettuale di San Gallo - immo!nvest - Die Plattform f\u00fcr Standorte und Immobilien","og:description":"Il trasferimento nella Sch\u00fctzengasse 1 non solo porr\u00e0 fine a molti anni di stato provvisorio, ma modernizzer\u00e0 anche i processi operativi e migliorer\u00e0 la sicurezza. Il Governo ha richiesto un prestito di circa 27 milioni di franchi svizzeri per il progetto. Un investimento nell'efficienza e nella sostenibilit\u00e0 futura di San Gallo come centro di giustizia.","og:url":"https:\/\/www.immo-invest.ch\/it\/neues-gerichtsgebaeude-fuer-kreisgericht-st-gallen\/","og:image":"https:\/\/www.immo-invest.ch\/wp-content\/uploads\/2025\/06\/Justizdepartement-CMS-e1749125977630.jpg","og:image:secure_url":"https:\/\/www.immo-invest.ch\/wp-content\/uploads\/2025\/06\/Justizdepartement-CMS-e1749125977630.jpg","og:image:width":1140,"og:image:height":390,"article:published_time":"2025-06-06T10:00:00+00:00","article:modified_time":"2025-06-05T12:51:11+00:00","article:publisher":"https:\/\/www.facebook.com\/people\/Immoinvest\/100077962920504\/","twitter:card":"summary_large_image","twitter:site":"@i","twitter:title":"Nuovo edificio giudiziario per il tribunale distrettuale di San Gallo - immo!nvest - Die Plattform f\u00fcr Standorte und Immobilien","twitter:description":"Il trasferimento nella Sch\u00fctzengasse 1 non solo porr\u00e0 fine a molti anni di stato provvisorio, ma modernizzer\u00e0 anche i processi operativi e migliorer\u00e0 la sicurezza. Il Governo ha richiesto un prestito di circa 27 milioni di franchi svizzeri per il progetto. Un investimento nell'efficienza e nella sostenibilit\u00e0 futura di San Gallo come centro di giustizia.","twitter:creator":"@i","twitter:image":"https:\/\/www.immo-invest.ch\/wp-content\/uploads\/2025\/06\/Justizdepartement-CMS-e1749125977630.jpg"},"aioseo_meta_data":{"post_id":"133723","title":null,"description":null,"keywords":null,"keyphrases":{"focus":{"keyphrase":"","score":0,"analysis":{"keyphraseInTitle":{"score":0,"maxScore":9,"error":1}}},"additional":[]},"primary_term":null,"canonical_url":null,"og_title":null,"og_description":null,"og_object_type":"default","og_image_type":"default","og_image_url":null,"og_image_width":null,"og_image_height":null,"og_image_custom_url":null,"og_image_custom_fields":null,"og_video":"","og_custom_url":null,"og_article_section":null,"og_article_tags":null,"twitter_use_og":false,"twitter_card":"default","twitter_image_type":"default","twitter_image_url":null,"twitter_image_custom_url":null,"twitter_image_custom_fields":null,"twitter_title":null,"twitter_description":null,"schema":{"blockGraphs":[],"customGraphs":[],"default":{"data":{"Article":[],"Course":[],"Dataset":[],"FAQPage":[],"Movie":[],"Person":[],"Product":[],"ProductReview":[],"Car":[],"Recipe":[],"Service":[],"SoftwareApplication":[],"WebPage":[]},"graphName":"BlogPosting","isEnabled":true},"graphs":[]},"schema_type":"default","schema_type_options":null,"pillar_content":false,"robots_default":true,"robots_noindex":false,"robots_noarchive":false,"robots_nosnippet":false,"robots_nofollow":false,"robots_noimageindex":false,"robots_noodp":false,"robots_notranslate":false,"robots_max_snippet":"-1","robots_max_videopreview":"-1","robots_max_imagepreview":"large","priority":null,"frequency":"default","local_seo":null,"breadcrumb_settings":null,"limit_modified_date":false,"ai":null,"created":"2025-06-05 12:51:12","updated":"2025-10-24 21:55:20","seo_analyzer_scan_date":null,"focus_keyword":null,"additional_keywords":null,"truseo_locale":null},"aioseo_breadcrumb":"<div class=\"aioseo-breadcrumbs\"><span class=\"aioseo-breadcrumb\">\n\t\t\t<a href=\"https:\/\/www.immo-invest.ch\/it\/\" title=\"Home\">Home<\/a>\n\t\t<\/span><span class=\"aioseo-breadcrumb-separator\">&raquo;<\/span><span class=\"aioseo-breadcrumb\">\n\t\t\t<a href=\"https:\/\/www.immo-invest.ch\/it\/categoria\/regioni\/\" title=\"Regioni\">Regioni<\/a>\n\t\t<\/span><span class=\"aioseo-breadcrumb-separator\">&raquo;<\/span><span class=\"aioseo-breadcrumb\">\n\t\t\t<a href=\"https:\/\/www.immo-invest.ch\/it\/categoria\/regioni\/svizzera\/\" title=\"Svizzera\">Svizzera<\/a>\n\t\t<\/span><span class=\"aioseo-breadcrumb-separator\">&raquo;<\/span><span class=\"aioseo-breadcrumb\">\n\t\t\t<a href=\"https:\/\/www.immo-invest.ch\/it\/categoria\/regioni\/svizzera\/svizzera-orientale\/\" title=\"Svizzera orientale\">Svizzera orientale<\/a>\n\t\t<\/span><span class=\"aioseo-breadcrumb-separator\">&raquo;<\/span><span class=\"aioseo-breadcrumb\">\n\t\t\t<a href=\"https:\/\/www.immo-invest.ch\/it\/categoria\/regioni\/svizzera\/svizzera-orientale\/regione-san-gallo\/\" title=\"San Gallo\">San Gallo<\/a>\n\t\t<\/span><span class=\"aioseo-breadcrumb-separator\">&raquo;<\/span><span class=\"aioseo-breadcrumb\">\n\t\t\tNuovo edificio giudiziario per il tribunale distrettuale di San Gallo\n\t\t<\/span><\/div>","aioseo_breadcrumb_json":[{"label":"Home","link":"https:\/\/www.immo-invest.ch\/it\/"},{"label":"Regioni","link":"https:\/\/www.immo-invest.ch\/it\/categoria\/regioni\/"},{"label":"Svizzera","link":"https:\/\/www.immo-invest.ch\/it\/categoria\/regioni\/svizzera\/"},{"label":"Svizzera orientale","link":"https:\/\/www.immo-invest.ch\/it\/categoria\/regioni\/svizzera\/svizzera-orientale\/"},{"label":"San Gallo","link":"https:\/\/www.immo-invest.ch\/it\/categoria\/regioni\/svizzera\/svizzera-orientale\/regione-san-gallo\/"},{"label":"Nuovo edificio giudiziario per il tribunale distrettuale di San Gallo","link":"https:\/\/www.immo-invest.ch\/it\/neues-gerichtsgebaeude-fuer-kreisgericht-st-gallen\/"}],"featured_image_src":"https:\/\/www.immo-invest.ch\/wp-content\/uploads\/2025\/06\/Justizdepartement-CMS-336x168.jpg","_links":{"self":[{"href":"https:\/\/www.immo-invest.ch\/it\/wp-json\/wp\/v2\/posts\/133723","targetHints":{"allow":["GET"]}}],"collection":[{"href":"https:\/\/www.immo-invest.ch\/it\/wp-json\/wp\/v2\/posts"}],"about":[{"href":"https:\/\/www.immo-invest.ch\/it\/wp-json\/wp\/v2\/types\/post"}],"author":[{"embeddable":true,"href":"https:\/\/www.immo-invest.ch\/it\/wp-json\/wp\/v2\/users\/2"}],"replies":[{"embeddable":true,"href":"https:\/\/www.immo-invest.ch\/it\/wp-json\/wp\/v2\/comments?post=133723"}],"version-history":[{"count":0,"href":"https:\/\/www.immo-invest.ch\/it\/wp-json\/wp\/v2\/posts\/133723\/revisions"}],"wp:featuredmedia":[{"embeddable":true,"href":"https:\/\/www.immo-invest.ch\/it\/wp-json\/wp\/v2\/media\/133699"}],"wp:attachment":[{"href":"https:\/\/www.immo-invest.ch\/it\/wp-json\/wp\/v2\/media?parent=133723"}],"wp:term":[{"taxonomy":"category","embeddable":true,"href":"https:\/\/www.immo-invest.ch\/it\/wp-json\/wp\/v2\/categories?post=133723"},{"taxonomy":"post_tag","embeddable":true,"href":"https:\/\/www.immo-invest.ch\/it\/wp-json\/wp\/v2\/tags?post=133723"}],"curies":[{"name":"wp","href":"https:\/\/api.w.org\/{rel}","templated":true}]}}