{"id":132162,"date":"2025-05-19T12:40:00","date_gmt":"2025-05-19T10:40:00","guid":{"rendered":"https:\/\/www.immo-invest.ch\/?p=132162"},"modified":"2025-05-16T12:10:55","modified_gmt":"2025-05-16T10:10:55","slug":"neues-start-up-zentrum-foerdert-unternehmertum-in-uzwil","status":"publish","type":"post","link":"https:\/\/www.immo-invest.ch\/it\/neues-start-up-zentrum-foerdert-unternehmertum-in-uzwil\/","title":{"rendered":"Il nuovo centro per le start-up promuove l&#8217;imprenditorialit\u00e0 a Uzwil"},"content":{"rendered":"<p class=\"bodytext\">Un secondo spazio per le startup dell&rsquo;<a href=\"https:\/\/www.ifj.ch\/de\" target=\"_blank\" rel=\"noopener\">Istituto IFJ per i giovani imprenditori<\/a> sar&agrave; costruito sul sito dell&rsquo;impianto di macinazione di Uzwil, che si trova nei locali del <a href=\"https:\/\/www.buhlergroup.com\/global\/de\/homepage.html\" target=\"_blank\" rel=\"noopener\">Gruppo B&uuml;hler<\/a>. <a href=\"https:\/\/www.uze.ch\/\" target=\"_blank\" rel=\"noopener\">Uze AG<\/a>, l&rsquo;ufficio immobiliare e familiare del Gruppo B&uuml;hler, sta lavorando con l&rsquo;IFJ per sviluppare questa parte del sito sullo Spickel, tra la Bahnhofstrasse e la Fabrikstrasse, in un hub di innovazione. L&rsquo;IFJ gestisce gi&agrave; da dieci anni il suo primo centro di questo tipo a Schlieren.<\/p>\n<p class=\"bodytext\"><a href=\"https:\/\/www.linkedin.com\/feed\/update\/urn:li:activity:7326157683818962944\/\" target=\"_blank\" rel=\"noopener\">Secondo<\/a> Uze AG, il Mahlwerk di Uzwil sar&agrave; un &ldquo;luogo vivace per start-up, imprenditori e menti creative&rdquo; a partire dal 2027, &ldquo;con spazi moderni per uffici e ingegneri, eventi e riunioni e molto spazio per l&rsquo;innovazione&rdquo;. Secondo una <a href=\"https:\/\/www.ifj.ch\/IFJ-eroeffnet-2027-den-startup-space-Uzwil\" target=\"_blank\" rel=\"noopener\">dichiarazione<\/a> dell&rsquo;IFJ, la costruzione inizier&agrave; il 12 giugno 2025.<\/p>\n<p class=\"bodytext\">Nell&rsquo;ambito della densificazione e della ristrutturazione delle propriet&agrave;, il Gruppo B&uuml;hler ha trasferito lo spazio che utilizzava nel sito principale vicino. Questo ha liberato 18.680 metri quadrati per qualcosa di nuovo. &ldquo;Uze AG apre un nuovo capitolo qui con il Mahlwerk e continua la tradizione industriale con una visione imprenditoriale, una forza innovativa e una rete internazionale&rdquo;, afferma l&rsquo;IFJ.<\/p>\n<p class=\"bodytext\">Il Mahlwerk crea &ldquo;uno spazio per la crescita, l&rsquo;incontro e il movimento &ndash; e soprattutto per la visibilit&agrave; e le forti connessioni con aziende, esperti, organizzazioni e investitori&rdquo;. Oltre allo spazio per le start-up e le PMI, ci saranno anche locali per le imprese industriali e commerciali.<\/p>\n","protected":false},"excerpt":{"rendered":"<p>Uze AG sta sviluppando l&#8217;impianto di macinazione di Uzwil sul sito di B\u00fchler per farne il suo secondo spazio per le startup, insieme all&#8217;IFJ Institut f\u00fcr Jungunternehmen. Dopo quello di Schlieren, questo centro di innovazione offrir\u00e0 anche uno spazio per i fondatori. L&#8217;apertura \u00e8 prevista per il 2027.<\/p>\n","protected":false},"author":2,"featured_media":132151,"comment_status":"open","ping_status":"open","sticky":false,"template":"","format":"standard","meta":{"pmpro_default_level":"","inline_featured_image":false,"_monsterinsights_skip_tracking":false,"footnotes":""},"categories":[745,741,9455,22695],"tags":[867,3935,52894,2006,10006,52895],"class_list":["post-132162","post","type-post","status-publish","format-standard","has-post-thumbnail","hentry","category-immonews-it","category-progetti","category-regione-san-gallo","category-societa","tag-immoinvest-it","tag-immonews-it","tag-innovationshub-it","tag-news-it","tag-start-ups-it","tag-unternehmensstandort-it","pmpro-has-access"],"acf":{"bild_mit_ki_erstellt_worden":[],"lead":"Uze AG sta sviluppando l'impianto di macinazione di Uzwil sul sito di B\u00fchler per farne il suo secondo spazio per le startup, insieme all'IFJ Institut f\u00fcr Jungunternehmen. Dopo quello di Schlieren, questo centro di innovazione offrir\u00e0 anche uno spazio per i fondatori. L'apertura \u00e8 prevista per il 2027.","autor":"ce\/mm, Bildquelle: Baublatt \/ Gemeinde Uzwil, Fotograph Peter Dotzauer (2018)","ort":"Uzwil SG\/Schlieren ZH","bildunterschrift":"","bild_im_grid":false,"gallerie":"","newsim":""},"aioseo_notices":[],"aioseo_head":"\n\t\t<!-- All in One SEO 5.0.0.1 - aioseo.com -->\n\t<meta name=\"description\" content=\"Uze AG sta sviluppando l&#039;impianto di macinazione di Uzwil sul sito di B\u00fchler per farne il suo secondo spazio per le startup, insieme all&#039;IFJ Institut f\u00fcr Jungunternehmen. Dopo quello di Schlieren, questo centro di innovazione offrir\u00e0 anche uno spazio per i fondatori. L&#039;apertura \u00e8 prevista per il 2027.\" \/>\n\t<meta name=\"robots\" content=\"max-image-preview:large\" \/>\n\t<meta name=\"author\" content=\"immovestuser\"\/>\n\t<meta name=\"google-site-verification\" content=\"fHJKvgWpZCR2zVBHWfkQeFXC11qieUSff0HGNYfuyLA\" \/>\n\t<link rel=\"canonical\" href=\"https:\/\/www.immo-invest.ch\/it\/neues-start-up-zentrum-foerdert-unternehmertum-in-uzwil\/\" \/>\n\t<meta name=\"generator\" content=\"All in One SEO (AIOSEO) 5.0.0.1\" \/>\n\t\t<meta property=\"og:locale\" content=\"it_IT\" \/>\n\t\t<meta property=\"og:site_name\" content=\"immo!nvest - Die Plattform f\u00fcr Standorte und Immobilien - Die\u00a0Plattform f\u00fcr Standorte und Immobilien\" \/>\n\t\t<meta property=\"og:type\" content=\"article\" \/>\n\t\t<meta property=\"og:title\" content=\"Il nuovo centro per le start-up promuove l\u2019imprenditorialit\u00e0 a Uzwil - immo!nvest - Die Plattform f\u00fcr Standorte und Immobilien\" \/>\n\t\t<meta property=\"og:description\" content=\"Uze AG sta sviluppando l&#039;impianto di macinazione di Uzwil sul sito di B\u00fchler per farne il suo secondo spazio per le startup, insieme all&#039;IFJ Institut f\u00fcr Jungunternehmen. Dopo quello di Schlieren, questo centro di innovazione offrir\u00e0 anche uno spazio per i fondatori. L&#039;apertura \u00e8 prevista per il 2027.\" \/>\n\t\t<meta property=\"og:url\" content=\"https:\/\/www.immo-invest.ch\/it\/neues-start-up-zentrum-foerdert-unternehmertum-in-uzwil\/\" \/>\n\t\t<meta property=\"og:image\" content=\"https:\/\/www.immo-invest.ch\/wp-content\/uploads\/2025\/05\/158678_1.jpg\" \/>\n\t\t<meta property=\"og:image:secure_url\" content=\"https:\/\/www.immo-invest.ch\/wp-content\/uploads\/2025\/05\/158678_1.jpg\" \/>\n\t\t<meta property=\"og:image:width\" content=\"2000\" \/>\n\t\t<meta property=\"og:image:height\" content=\"1124\" \/>\n\t\t<meta property=\"article:published_time\" content=\"2025-05-19T10:40:00+00:00\" \/>\n\t\t<meta property=\"article:modified_time\" content=\"2025-05-16T10:10:55+00:00\" \/>\n\t\t<meta property=\"article:publisher\" content=\"https:\/\/www.facebook.com\/people\/Immoinvest\/100077962920504\/\" \/>\n\t\t<meta name=\"twitter:card\" content=\"summary_large_image\" \/>\n\t\t<meta name=\"twitter:site\" content=\"@i\" \/>\n\t\t<meta name=\"twitter:title\" content=\"Il nuovo centro per le start-up promuove l\u2019imprenditorialit\u00e0 a Uzwil - immo!nvest - Die Plattform f\u00fcr Standorte und Immobilien\" \/>\n\t\t<meta name=\"twitter:description\" content=\"Uze AG sta sviluppando l&#039;impianto di macinazione di Uzwil sul sito di B\u00fchler per farne il suo secondo spazio per le startup, insieme all&#039;IFJ Institut f\u00fcr Jungunternehmen. Dopo quello di Schlieren, questo centro di innovazione offrir\u00e0 anche uno spazio per i fondatori. L&#039;apertura \u00e8 prevista per il 2027.\" \/>\n\t\t<meta name=\"twitter:creator\" content=\"@i\" \/>\n\t\t<meta name=\"twitter:image\" content=\"https:\/\/www.immo-invest.ch\/wp-content\/uploads\/2025\/05\/158678_1.jpg\" \/>\n\t\t<script type=\"application\/ld+json\" class=\"aioseo-schema\">\n\t\t\t{\"@context\":\"https:\\\/\\\/schema.org\",\"@graph\":[{\"@type\":\"BlogPosting\",\"@id\":\"https:\\\/\\\/www.immo-invest.ch\\\/it\\\/neues-start-up-zentrum-foerdert-unternehmertum-in-uzwil\\\/#blogposting\",\"name\":\"Il nuovo centro per le start-up promuove l\\u2019imprenditorialit\\u00e0 a Uzwil - immo!nvest - Die Plattform f\\u00fcr Standorte und Immobilien\",\"headline\":\"Il nuovo centro per le start-up promuove l&#8217;imprenditorialit\\u00e0 a Uzwil\",\"author\":{\"@id\":\"https:\\\/\\\/www.immo-invest.ch\\\/it\\\/author\\\/immovestuser\\\/#author\"},\"publisher\":{\"@id\":\"https:\\\/\\\/www.immo-invest.ch\\\/it\\\/#organization\"},\"image\":{\"@type\":\"ImageObject\",\"url\":\"https:\\\/\\\/www.immo-invest.ch\\\/wp-content\\\/uploads\\\/2025\\\/05\\\/158678_1.jpg\",\"width\":2000,\"height\":1124,\"caption\":\"Quelle: Gemeinde Uzwil, Fotograph Peter Dotzauer (2018)\"},\"datePublished\":\"2025-05-19T12:40:00+02:00\",\"dateModified\":\"2025-05-16T12:10:55+02:00\",\"inLanguage\":\"it-IT\",\"mainEntityOfPage\":{\"@id\":\"https:\\\/\\\/www.immo-invest.ch\\\/it\\\/neues-start-up-zentrum-foerdert-unternehmertum-in-uzwil\\\/#webpage\"},\"isPartOf\":{\"@id\":\"https:\\\/\\\/www.immo-invest.ch\\\/it\\\/neues-start-up-zentrum-foerdert-unternehmertum-in-uzwil\\\/#webpage\"},\"articleSection\":\"immoNews, Progetti, San Gallo, Societ\\u00e0, Immoinvest, immoNews, Innovationshub, News, Start-ups, Unternehmensstandort, Optional\"},{\"@type\":\"BreadcrumbList\",\"@id\":\"https:\\\/\\\/www.immo-invest.ch\\\/it\\\/neues-start-up-zentrum-foerdert-unternehmertum-in-uzwil\\\/#breadcrumblist\",\"itemListElement\":[{\"@type\":\"ListItem\",\"@id\":\"https:\\\/\\\/www.immo-invest.ch\\\/it\\\/#listItem\",\"position\":1,\"name\":\"Home\",\"item\":\"https:\\\/\\\/www.immo-invest.ch\\\/it\\\/\",\"nextItem\":{\"@type\":\"ListItem\",\"@id\":\"https:\\\/\\\/www.immo-invest.ch\\\/it\\\/categoria\\\/regioni\\\/#listItem\",\"name\":\"Regioni\"}},{\"@type\":\"ListItem\",\"@id\":\"https:\\\/\\\/www.immo-invest.ch\\\/it\\\/categoria\\\/regioni\\\/#listItem\",\"position\":2,\"name\":\"Regioni\",\"item\":\"https:\\\/\\\/www.immo-invest.ch\\\/it\\\/categoria\\\/regioni\\\/\",\"nextItem\":{\"@type\":\"ListItem\",\"@id\":\"https:\\\/\\\/www.immo-invest.ch\\\/it\\\/categoria\\\/regioni\\\/svizzera\\\/#listItem\",\"name\":\"Svizzera\"},\"previousItem\":{\"@type\":\"ListItem\",\"@id\":\"https:\\\/\\\/www.immo-invest.ch\\\/it\\\/#listItem\",\"name\":\"Home\"}},{\"@type\":\"ListItem\",\"@id\":\"https:\\\/\\\/www.immo-invest.ch\\\/it\\\/categoria\\\/regioni\\\/svizzera\\\/#listItem\",\"position\":3,\"name\":\"Svizzera\",\"item\":\"https:\\\/\\\/www.immo-invest.ch\\\/it\\\/categoria\\\/regioni\\\/svizzera\\\/\",\"nextItem\":{\"@type\":\"ListItem\",\"@id\":\"https:\\\/\\\/www.immo-invest.ch\\\/it\\\/categoria\\\/regioni\\\/svizzera\\\/svizzera-orientale\\\/#listItem\",\"name\":\"Svizzera orientale\"},\"previousItem\":{\"@type\":\"ListItem\",\"@id\":\"https:\\\/\\\/www.immo-invest.ch\\\/it\\\/categoria\\\/regioni\\\/#listItem\",\"name\":\"Regioni\"}},{\"@type\":\"ListItem\",\"@id\":\"https:\\\/\\\/www.immo-invest.ch\\\/it\\\/categoria\\\/regioni\\\/svizzera\\\/svizzera-orientale\\\/#listItem\",\"position\":4,\"name\":\"Svizzera orientale\",\"item\":\"https:\\\/\\\/www.immo-invest.ch\\\/it\\\/categoria\\\/regioni\\\/svizzera\\\/svizzera-orientale\\\/\",\"nextItem\":{\"@type\":\"ListItem\",\"@id\":\"https:\\\/\\\/www.immo-invest.ch\\\/it\\\/categoria\\\/regioni\\\/svizzera\\\/svizzera-orientale\\\/regione-san-gallo\\\/#listItem\",\"name\":\"San Gallo\"},\"previousItem\":{\"@type\":\"ListItem\",\"@id\":\"https:\\\/\\\/www.immo-invest.ch\\\/it\\\/categoria\\\/regioni\\\/svizzera\\\/#listItem\",\"name\":\"Svizzera\"}},{\"@type\":\"ListItem\",\"@id\":\"https:\\\/\\\/www.immo-invest.ch\\\/it\\\/categoria\\\/regioni\\\/svizzera\\\/svizzera-orientale\\\/regione-san-gallo\\\/#listItem\",\"position\":5,\"name\":\"San Gallo\",\"item\":\"https:\\\/\\\/www.immo-invest.ch\\\/it\\\/categoria\\\/regioni\\\/svizzera\\\/svizzera-orientale\\\/regione-san-gallo\\\/\",\"nextItem\":{\"@type\":\"ListItem\",\"@id\":\"https:\\\/\\\/www.immo-invest.ch\\\/it\\\/neues-start-up-zentrum-foerdert-unternehmertum-in-uzwil\\\/#listItem\",\"name\":\"Il nuovo centro per le start-up promuove l&#8217;imprenditorialit\\u00e0 a Uzwil\"},\"previousItem\":{\"@type\":\"ListItem\",\"@id\":\"https:\\\/\\\/www.immo-invest.ch\\\/it\\\/categoria\\\/regioni\\\/svizzera\\\/svizzera-orientale\\\/#listItem\",\"name\":\"Svizzera orientale\"}},{\"@type\":\"ListItem\",\"@id\":\"https:\\\/\\\/www.immo-invest.ch\\\/it\\\/neues-start-up-zentrum-foerdert-unternehmertum-in-uzwil\\\/#listItem\",\"position\":6,\"name\":\"Il nuovo centro per le start-up promuove l&#8217;imprenditorialit\\u00e0 a Uzwil\",\"previousItem\":{\"@type\":\"ListItem\",\"@id\":\"https:\\\/\\\/www.immo-invest.ch\\\/it\\\/categoria\\\/regioni\\\/svizzera\\\/svizzera-orientale\\\/regione-san-gallo\\\/#listItem\",\"name\":\"San Gallo\"}}]},{\"@type\":\"Organization\",\"@id\":\"https:\\\/\\\/www.immo-invest.ch\\\/it\\\/#organization\",\"name\":\"immo!nvest - Die Plattform f\\u00fcr Standorte und Immobilien\",\"description\":\"Die\\u00a0Plattform f\\u00fcr Standorte und Immobilien\",\"url\":\"https:\\\/\\\/www.immo-invest.ch\\\/it\\\/\",\"email\":\"admin@immomedia.ag\",\"telephone\":\"+41444420002\",\"logo\":{\"@type\":\"ImageObject\",\"url\":\"https:\\\/\\\/www.immo-invest.ch\\\/wp-content\\\/uploads\\\/2024\\\/09\\\/immoinvest_sm-scaled.jpg\",\"@id\":\"https:\\\/\\\/www.immo-invest.ch\\\/it\\\/neues-start-up-zentrum-foerdert-unternehmertum-in-uzwil\\\/#organizationLogo\",\"width\":2560,\"height\":1340},\"image\":{\"@id\":\"https:\\\/\\\/www.immo-invest.ch\\\/it\\\/neues-start-up-zentrum-foerdert-unternehmertum-in-uzwil\\\/#organizationLogo\"},\"sameAs\":[\"https:\\\/\\\/www.facebook.com\\\/people\\\/Immoinvest\\\/100077962920504\\\/\",\"https:\\\/\\\/x.com\\\/i\\\/flow\\\/login?redirect_after_login=immoinvest_ch\",\"https:\\\/\\\/www.instagram.com\\\/immoinvest_ch\\\/\",\"https:\\\/\\\/www.linkedin.com\\\/company\\\/immoinvest-swiss\"]},{\"@type\":\"Person\",\"@id\":\"https:\\\/\\\/www.immo-invest.ch\\\/it\\\/author\\\/immovestuser\\\/#author\",\"url\":\"https:\\\/\\\/www.immo-invest.ch\\\/it\\\/author\\\/immovestuser\\\/\",\"name\":\"immovestuser\",\"image\":{\"@type\":\"ImageObject\",\"@id\":\"https:\\\/\\\/www.immo-invest.ch\\\/it\\\/neues-start-up-zentrum-foerdert-unternehmertum-in-uzwil\\\/#authorImage\",\"url\":\"https:\\\/\\\/secure.gravatar.com\\\/avatar\\\/8e01f4d99f2eeea7a362ebb93305e1172a70e9293ba250f897a65c39f54cdd1e?s=96&d=mm&r=g\",\"width\":96,\"height\":96,\"caption\":\"immovestuser\"}},{\"@type\":\"WebPage\",\"@id\":\"https:\\\/\\\/www.immo-invest.ch\\\/it\\\/neues-start-up-zentrum-foerdert-unternehmertum-in-uzwil\\\/#webpage\",\"url\":\"https:\\\/\\\/www.immo-invest.ch\\\/it\\\/neues-start-up-zentrum-foerdert-unternehmertum-in-uzwil\\\/\",\"name\":\"Il nuovo centro per le start-up promuove l\\u2019imprenditorialit\\u00e0 a Uzwil - immo!nvest - Die Plattform f\\u00fcr Standorte und Immobilien\",\"description\":\"Uze AG sta sviluppando l'impianto di macinazione di Uzwil sul sito di B\\u00fchler per farne il suo secondo spazio per le startup, insieme all'IFJ Institut f\\u00fcr Jungunternehmen. Dopo quello di Schlieren, questo centro di innovazione offrir\\u00e0 anche uno spazio per i fondatori. L'apertura \\u00e8 prevista per il 2027.\",\"inLanguage\":\"it-IT\",\"isPartOf\":{\"@id\":\"https:\\\/\\\/www.immo-invest.ch\\\/it\\\/#website\"},\"breadcrumb\":{\"@id\":\"https:\\\/\\\/www.immo-invest.ch\\\/it\\\/neues-start-up-zentrum-foerdert-unternehmertum-in-uzwil\\\/#breadcrumblist\"},\"author\":{\"@id\":\"https:\\\/\\\/www.immo-invest.ch\\\/it\\\/author\\\/immovestuser\\\/#author\"},\"creator\":{\"@id\":\"https:\\\/\\\/www.immo-invest.ch\\\/it\\\/author\\\/immovestuser\\\/#author\"},\"image\":{\"@type\":\"ImageObject\",\"url\":\"https:\\\/\\\/www.immo-invest.ch\\\/wp-content\\\/uploads\\\/2025\\\/05\\\/158678_1.jpg\",\"@id\":\"https:\\\/\\\/www.immo-invest.ch\\\/it\\\/neues-start-up-zentrum-foerdert-unternehmertum-in-uzwil\\\/#mainImage\",\"width\":2000,\"height\":1124,\"caption\":\"Quelle: Gemeinde Uzwil, Fotograph Peter Dotzauer (2018)\"},\"primaryImageOfPage\":{\"@id\":\"https:\\\/\\\/www.immo-invest.ch\\\/it\\\/neues-start-up-zentrum-foerdert-unternehmertum-in-uzwil\\\/#mainImage\"},\"datePublished\":\"2025-05-19T12:40:00+02:00\",\"dateModified\":\"2025-05-16T12:10:55+02:00\"},{\"@type\":\"WebSite\",\"@id\":\"https:\\\/\\\/www.immo-invest.ch\\\/it\\\/#website\",\"url\":\"https:\\\/\\\/www.immo-invest.ch\\\/it\\\/\",\"name\":\"immo!nvest - Die Plattform f\\u00fcr Standorte und Immobilien\",\"description\":\"Die\\u00a0Plattform f\\u00fcr Standorte und Immobilien\",\"inLanguage\":\"it-IT\",\"publisher\":{\"@id\":\"https:\\\/\\\/www.immo-invest.ch\\\/it\\\/#organization\"}}]}\n\t\t<\/script>\n\t\t<!-- All in One SEO -->\n\n","aioseo_head_json":{"title":"Il nuovo centro per le start-up promuove l\u2019imprenditorialit\u00e0 a Uzwil - immo!nvest - Die Plattform f\u00fcr Standorte und Immobilien","description":"Uze AG sta sviluppando l'impianto di macinazione di Uzwil sul sito di B\u00fchler per farne il suo secondo spazio per le startup, insieme all'IFJ Institut f\u00fcr Jungunternehmen. Dopo quello di Schlieren, questo centro di innovazione offrir\u00e0 anche uno spazio per i fondatori. L'apertura \u00e8 prevista per il 2027.","canonical_url":"https:\/\/www.immo-invest.ch\/it\/neues-start-up-zentrum-foerdert-unternehmertum-in-uzwil\/","robots":"max-image-preview:large","keywords":"","webmasterTools":{"google-site-verification":"fHJKvgWpZCR2zVBHWfkQeFXC11qieUSff0HGNYfuyLA","miscellaneous":""},"schema":{"@context":"https:\/\/schema.org","@graph":[{"@type":"BlogPosting","@id":"https:\/\/www.immo-invest.ch\/it\/neues-start-up-zentrum-foerdert-unternehmertum-in-uzwil\/#blogposting","name":"Il nuovo centro per le start-up promuove l\u2019imprenditorialit\u00e0 a Uzwil - immo!nvest - Die Plattform f\u00fcr Standorte und Immobilien","headline":"Il nuovo centro per le start-up promuove l&#8217;imprenditorialit\u00e0 a Uzwil","author":{"@id":"https:\/\/www.immo-invest.ch\/it\/author\/immovestuser\/#author"},"publisher":{"@id":"https:\/\/www.immo-invest.ch\/it\/#organization"},"image":{"@type":"ImageObject","url":"https:\/\/www.immo-invest.ch\/wp-content\/uploads\/2025\/05\/158678_1.jpg","width":2000,"height":1124,"caption":"Quelle: Gemeinde Uzwil, Fotograph Peter Dotzauer (2018)"},"datePublished":"2025-05-19T12:40:00+02:00","dateModified":"2025-05-16T12:10:55+02:00","inLanguage":"it-IT","mainEntityOfPage":{"@id":"https:\/\/www.immo-invest.ch\/it\/neues-start-up-zentrum-foerdert-unternehmertum-in-uzwil\/#webpage"},"isPartOf":{"@id":"https:\/\/www.immo-invest.ch\/it\/neues-start-up-zentrum-foerdert-unternehmertum-in-uzwil\/#webpage"},"articleSection":"immoNews, Progetti, San Gallo, Societ\u00e0, Immoinvest, immoNews, Innovationshub, News, Start-ups, Unternehmensstandort, Optional"},{"@type":"BreadcrumbList","@id":"https:\/\/www.immo-invest.ch\/it\/neues-start-up-zentrum-foerdert-unternehmertum-in-uzwil\/#breadcrumblist","itemListElement":[{"@type":"ListItem","@id":"https:\/\/www.immo-invest.ch\/it\/#listItem","position":1,"name":"Home","item":"https:\/\/www.immo-invest.ch\/it\/","nextItem":{"@type":"ListItem","@id":"https:\/\/www.immo-invest.ch\/it\/categoria\/regioni\/#listItem","name":"Regioni"}},{"@type":"ListItem","@id":"https:\/\/www.immo-invest.ch\/it\/categoria\/regioni\/#listItem","position":2,"name":"Regioni","item":"https:\/\/www.immo-invest.ch\/it\/categoria\/regioni\/","nextItem":{"@type":"ListItem","@id":"https:\/\/www.immo-invest.ch\/it\/categoria\/regioni\/svizzera\/#listItem","name":"Svizzera"},"previousItem":{"@type":"ListItem","@id":"https:\/\/www.immo-invest.ch\/it\/#listItem","name":"Home"}},{"@type":"ListItem","@id":"https:\/\/www.immo-invest.ch\/it\/categoria\/regioni\/svizzera\/#listItem","position":3,"name":"Svizzera","item":"https:\/\/www.immo-invest.ch\/it\/categoria\/regioni\/svizzera\/","nextItem":{"@type":"ListItem","@id":"https:\/\/www.immo-invest.ch\/it\/categoria\/regioni\/svizzera\/svizzera-orientale\/#listItem","name":"Svizzera orientale"},"previousItem":{"@type":"ListItem","@id":"https:\/\/www.immo-invest.ch\/it\/categoria\/regioni\/#listItem","name":"Regioni"}},{"@type":"ListItem","@id":"https:\/\/www.immo-invest.ch\/it\/categoria\/regioni\/svizzera\/svizzera-orientale\/#listItem","position":4,"name":"Svizzera orientale","item":"https:\/\/www.immo-invest.ch\/it\/categoria\/regioni\/svizzera\/svizzera-orientale\/","nextItem":{"@type":"ListItem","@id":"https:\/\/www.immo-invest.ch\/it\/categoria\/regioni\/svizzera\/svizzera-orientale\/regione-san-gallo\/#listItem","name":"San Gallo"},"previousItem":{"@type":"ListItem","@id":"https:\/\/www.immo-invest.ch\/it\/categoria\/regioni\/svizzera\/#listItem","name":"Svizzera"}},{"@type":"ListItem","@id":"https:\/\/www.immo-invest.ch\/it\/categoria\/regioni\/svizzera\/svizzera-orientale\/regione-san-gallo\/#listItem","position":5,"name":"San Gallo","item":"https:\/\/www.immo-invest.ch\/it\/categoria\/regioni\/svizzera\/svizzera-orientale\/regione-san-gallo\/","nextItem":{"@type":"ListItem","@id":"https:\/\/www.immo-invest.ch\/it\/neues-start-up-zentrum-foerdert-unternehmertum-in-uzwil\/#listItem","name":"Il nuovo centro per le start-up promuove l&#8217;imprenditorialit\u00e0 a Uzwil"},"previousItem":{"@type":"ListItem","@id":"https:\/\/www.immo-invest.ch\/it\/categoria\/regioni\/svizzera\/svizzera-orientale\/#listItem","name":"Svizzera orientale"}},{"@type":"ListItem","@id":"https:\/\/www.immo-invest.ch\/it\/neues-start-up-zentrum-foerdert-unternehmertum-in-uzwil\/#listItem","position":6,"name":"Il nuovo centro per le start-up promuove l&#8217;imprenditorialit\u00e0 a Uzwil","previousItem":{"@type":"ListItem","@id":"https:\/\/www.immo-invest.ch\/it\/categoria\/regioni\/svizzera\/svizzera-orientale\/regione-san-gallo\/#listItem","name":"San Gallo"}}]},{"@type":"Organization","@id":"https:\/\/www.immo-invest.ch\/it\/#organization","name":"immo!nvest - Die Plattform f\u00fcr Standorte und Immobilien","description":"Die\u00a0Plattform f\u00fcr Standorte und Immobilien","url":"https:\/\/www.immo-invest.ch\/it\/","email":"admin@immomedia.ag","telephone":"+41444420002","logo":{"@type":"ImageObject","url":"https:\/\/www.immo-invest.ch\/wp-content\/uploads\/2024\/09\/immoinvest_sm-scaled.jpg","@id":"https:\/\/www.immo-invest.ch\/it\/neues-start-up-zentrum-foerdert-unternehmertum-in-uzwil\/#organizationLogo","width":2560,"height":1340},"image":{"@id":"https:\/\/www.immo-invest.ch\/it\/neues-start-up-zentrum-foerdert-unternehmertum-in-uzwil\/#organizationLogo"},"sameAs":["https:\/\/www.facebook.com\/people\/Immoinvest\/100077962920504\/","https:\/\/x.com\/i\/flow\/login?redirect_after_login=immoinvest_ch","https:\/\/www.instagram.com\/immoinvest_ch\/","https:\/\/www.linkedin.com\/company\/immoinvest-swiss"]},{"@type":"Person","@id":"https:\/\/www.immo-invest.ch\/it\/author\/immovestuser\/#author","url":"https:\/\/www.immo-invest.ch\/it\/author\/immovestuser\/","name":"immovestuser","image":{"@type":"ImageObject","@id":"https:\/\/www.immo-invest.ch\/it\/neues-start-up-zentrum-foerdert-unternehmertum-in-uzwil\/#authorImage","url":"https:\/\/secure.gravatar.com\/avatar\/8e01f4d99f2eeea7a362ebb93305e1172a70e9293ba250f897a65c39f54cdd1e?s=96&d=mm&r=g","width":96,"height":96,"caption":"immovestuser"}},{"@type":"WebPage","@id":"https:\/\/www.immo-invest.ch\/it\/neues-start-up-zentrum-foerdert-unternehmertum-in-uzwil\/#webpage","url":"https:\/\/www.immo-invest.ch\/it\/neues-start-up-zentrum-foerdert-unternehmertum-in-uzwil\/","name":"Il nuovo centro per le start-up promuove l\u2019imprenditorialit\u00e0 a Uzwil - immo!nvest - Die Plattform f\u00fcr Standorte und Immobilien","description":"Uze AG sta sviluppando l'impianto di macinazione di Uzwil sul sito di B\u00fchler per farne il suo secondo spazio per le startup, insieme all'IFJ Institut f\u00fcr Jungunternehmen. Dopo quello di Schlieren, questo centro di innovazione offrir\u00e0 anche uno spazio per i fondatori. L'apertura \u00e8 prevista per il 2027.","inLanguage":"it-IT","isPartOf":{"@id":"https:\/\/www.immo-invest.ch\/it\/#website"},"breadcrumb":{"@id":"https:\/\/www.immo-invest.ch\/it\/neues-start-up-zentrum-foerdert-unternehmertum-in-uzwil\/#breadcrumblist"},"author":{"@id":"https:\/\/www.immo-invest.ch\/it\/author\/immovestuser\/#author"},"creator":{"@id":"https:\/\/www.immo-invest.ch\/it\/author\/immovestuser\/#author"},"image":{"@type":"ImageObject","url":"https:\/\/www.immo-invest.ch\/wp-content\/uploads\/2025\/05\/158678_1.jpg","@id":"https:\/\/www.immo-invest.ch\/it\/neues-start-up-zentrum-foerdert-unternehmertum-in-uzwil\/#mainImage","width":2000,"height":1124,"caption":"Quelle: Gemeinde Uzwil, Fotograph Peter Dotzauer (2018)"},"primaryImageOfPage":{"@id":"https:\/\/www.immo-invest.ch\/it\/neues-start-up-zentrum-foerdert-unternehmertum-in-uzwil\/#mainImage"},"datePublished":"2025-05-19T12:40:00+02:00","dateModified":"2025-05-16T12:10:55+02:00"},{"@type":"WebSite","@id":"https:\/\/www.immo-invest.ch\/it\/#website","url":"https:\/\/www.immo-invest.ch\/it\/","name":"immo!nvest - Die Plattform f\u00fcr Standorte und Immobilien","description":"Die\u00a0Plattform f\u00fcr Standorte und Immobilien","inLanguage":"it-IT","publisher":{"@id":"https:\/\/www.immo-invest.ch\/it\/#organization"}}]},"og:locale":"it_IT","og:site_name":"immo!nvest - Die Plattform f\u00fcr Standorte und Immobilien - Die\u00a0Plattform f\u00fcr Standorte und Immobilien","og:type":"article","og:title":"Il nuovo centro per le start-up promuove l\u2019imprenditorialit\u00e0 a Uzwil - immo!nvest - Die Plattform f\u00fcr Standorte und Immobilien","og:description":"Uze AG sta sviluppando l'impianto di macinazione di Uzwil sul sito di B\u00fchler per farne il suo secondo spazio per le startup, insieme all'IFJ Institut f\u00fcr Jungunternehmen. Dopo quello di Schlieren, questo centro di innovazione offrir\u00e0 anche uno spazio per i fondatori. L'apertura \u00e8 prevista per il 2027.","og:url":"https:\/\/www.immo-invest.ch\/it\/neues-start-up-zentrum-foerdert-unternehmertum-in-uzwil\/","og:image":"https:\/\/www.immo-invest.ch\/wp-content\/uploads\/2025\/05\/158678_1.jpg","og:image:secure_url":"https:\/\/www.immo-invest.ch\/wp-content\/uploads\/2025\/05\/158678_1.jpg","og:image:width":2000,"og:image:height":1124,"article:published_time":"2025-05-19T10:40:00+00:00","article:modified_time":"2025-05-16T10:10:55+00:00","article:publisher":"https:\/\/www.facebook.com\/people\/Immoinvest\/100077962920504\/","twitter:card":"summary_large_image","twitter:site":"@i","twitter:title":"Il nuovo centro per le start-up promuove l\u2019imprenditorialit\u00e0 a Uzwil - immo!nvest - Die Plattform f\u00fcr Standorte und Immobilien","twitter:description":"Uze AG sta sviluppando l'impianto di macinazione di Uzwil sul sito di B\u00fchler per farne il suo secondo spazio per le startup, insieme all'IFJ Institut f\u00fcr Jungunternehmen. Dopo quello di Schlieren, questo centro di innovazione offrir\u00e0 anche uno spazio per i fondatori. L'apertura \u00e8 prevista per il 2027.","twitter:creator":"@i","twitter:image":"https:\/\/www.immo-invest.ch\/wp-content\/uploads\/2025\/05\/158678_1.jpg"},"aioseo_meta_data":{"post_id":"132162","title":null,"description":null,"keywords":null,"keyphrases":{"focus":{"keyphrase":"","score":0,"analysis":{"keyphraseInTitle":{"score":0,"maxScore":9,"error":1}}},"additional":[]},"primary_term":null,"canonical_url":null,"og_title":null,"og_description":null,"og_object_type":"default","og_image_type":"default","og_image_url":null,"og_image_width":null,"og_image_height":null,"og_image_custom_url":null,"og_image_custom_fields":null,"og_video":"","og_custom_url":null,"og_article_section":null,"og_article_tags":null,"twitter_use_og":false,"twitter_card":"default","twitter_image_type":"default","twitter_image_url":null,"twitter_image_custom_url":null,"twitter_image_custom_fields":null,"twitter_title":null,"twitter_description":null,"schema":{"blockGraphs":[],"customGraphs":[],"default":{"data":{"Article":[],"Course":[],"Dataset":[],"FAQPage":[],"Movie":[],"Person":[],"Product":[],"ProductReview":[],"Car":[],"Recipe":[],"Service":[],"SoftwareApplication":[],"WebPage":[]},"graphName":"BlogPosting","isEnabled":true},"graphs":[]},"schema_type":"default","schema_type_options":null,"pillar_content":false,"robots_default":true,"robots_noindex":false,"robots_noarchive":false,"robots_nosnippet":false,"robots_nofollow":false,"robots_noimageindex":false,"robots_noodp":false,"robots_notranslate":false,"robots_max_snippet":"-1","robots_max_videopreview":"-1","robots_max_imagepreview":"large","priority":null,"frequency":"default","local_seo":null,"breadcrumb_settings":null,"limit_modified_date":false,"ai":null,"created":"2025-05-16 10:10:55","updated":"2025-10-24 20:26:13","seo_analyzer_scan_date":null,"focus_keyword":null,"additional_keywords":null,"truseo_locale":null},"aioseo_breadcrumb":"<div class=\"aioseo-breadcrumbs\"><span class=\"aioseo-breadcrumb\">\n\t\t\t<a href=\"https:\/\/www.immo-invest.ch\/it\/\" title=\"Home\">Home<\/a>\n\t\t<\/span><span class=\"aioseo-breadcrumb-separator\">&raquo;<\/span><span class=\"aioseo-breadcrumb\">\n\t\t\t<a href=\"https:\/\/www.immo-invest.ch\/it\/categoria\/regioni\/\" title=\"Regioni\">Regioni<\/a>\n\t\t<\/span><span class=\"aioseo-breadcrumb-separator\">&raquo;<\/span><span class=\"aioseo-breadcrumb\">\n\t\t\t<a href=\"https:\/\/www.immo-invest.ch\/it\/categoria\/regioni\/svizzera\/\" title=\"Svizzera\">Svizzera<\/a>\n\t\t<\/span><span class=\"aioseo-breadcrumb-separator\">&raquo;<\/span><span class=\"aioseo-breadcrumb\">\n\t\t\t<a href=\"https:\/\/www.immo-invest.ch\/it\/categoria\/regioni\/svizzera\/svizzera-orientale\/\" title=\"Svizzera orientale\">Svizzera orientale<\/a>\n\t\t<\/span><span class=\"aioseo-breadcrumb-separator\">&raquo;<\/span><span class=\"aioseo-breadcrumb\">\n\t\t\t<a href=\"https:\/\/www.immo-invest.ch\/it\/categoria\/regioni\/svizzera\/svizzera-orientale\/regione-san-gallo\/\" title=\"San Gallo\">San Gallo<\/a>\n\t\t<\/span><span class=\"aioseo-breadcrumb-separator\">&raquo;<\/span><span class=\"aioseo-breadcrumb\">\n\t\t\tIl nuovo centro per le start-up promuove l\u2019imprenditorialit\u00e0 a Uzwil\n\t\t<\/span><\/div>","aioseo_breadcrumb_json":[{"label":"Home","link":"https:\/\/www.immo-invest.ch\/it\/"},{"label":"Regioni","link":"https:\/\/www.immo-invest.ch\/it\/categoria\/regioni\/"},{"label":"Svizzera","link":"https:\/\/www.immo-invest.ch\/it\/categoria\/regioni\/svizzera\/"},{"label":"Svizzera orientale","link":"https:\/\/www.immo-invest.ch\/it\/categoria\/regioni\/svizzera\/svizzera-orientale\/"},{"label":"San Gallo","link":"https:\/\/www.immo-invest.ch\/it\/categoria\/regioni\/svizzera\/svizzera-orientale\/regione-san-gallo\/"},{"label":"Il nuovo centro per le start-up promuove l&#8217;imprenditorialit\u00e0 a Uzwil","link":"https:\/\/www.immo-invest.ch\/it\/neues-start-up-zentrum-foerdert-unternehmertum-in-uzwil\/"}],"featured_image_src":"https:\/\/www.immo-invest.ch\/wp-content\/uploads\/2025\/05\/158678_1-336x168.jpg","_links":{"self":[{"href":"https:\/\/www.immo-invest.ch\/it\/wp-json\/wp\/v2\/posts\/132162","targetHints":{"allow":["GET"]}}],"collection":[{"href":"https:\/\/www.immo-invest.ch\/it\/wp-json\/wp\/v2\/posts"}],"about":[{"href":"https:\/\/www.immo-invest.ch\/it\/wp-json\/wp\/v2\/types\/post"}],"author":[{"embeddable":true,"href":"https:\/\/www.immo-invest.ch\/it\/wp-json\/wp\/v2\/users\/2"}],"replies":[{"embeddable":true,"href":"https:\/\/www.immo-invest.ch\/it\/wp-json\/wp\/v2\/comments?post=132162"}],"version-history":[{"count":0,"href":"https:\/\/www.immo-invest.ch\/it\/wp-json\/wp\/v2\/posts\/132162\/revisions"}],"wp:featuredmedia":[{"embeddable":true,"href":"https:\/\/www.immo-invest.ch\/it\/wp-json\/wp\/v2\/media\/132151"}],"wp:attachment":[{"href":"https:\/\/www.immo-invest.ch\/it\/wp-json\/wp\/v2\/media?parent=132162"}],"wp:term":[{"taxonomy":"category","embeddable":true,"href":"https:\/\/www.immo-invest.ch\/it\/wp-json\/wp\/v2\/categories?post=132162"},{"taxonomy":"post_tag","embeddable":true,"href":"https:\/\/www.immo-invest.ch\/it\/wp-json\/wp\/v2\/tags?post=132162"}],"curies":[{"name":"wp","href":"https:\/\/api.w.org\/{rel}","templated":true}]}}