{"id":131643,"date":"2025-05-06T15:44:02","date_gmt":"2025-05-06T13:44:02","guid":{"rendered":"https:\/\/www.immo-invest.ch\/eroeffnung-klanghaus-am-schwendisee\/"},"modified":"2025-05-06T17:16:36","modified_gmt":"2025-05-06T15:16:36","slug":"eroeffnung-klanghaus-am-schwendisee","status":"publish","type":"post","link":"https:\/\/www.immo-invest.ch\/it\/eroeffnung-klanghaus-am-schwendisee\/","title":{"rendered":"Inaugurazione della casa del suono a Schwendisee"},"content":{"rendered":"<p class=\"wp-block-paragraph\">Con la Klanghaus, il Toggenburg ha acquisito un punto di riferimento culturale che si irradia ben oltre la regione. Costruita in legno e inserita nel paesaggio prealpino, la Klanghaus non &egrave; solo uno spazio acustico, ma anche una piattaforma di incontro, creativit&agrave; e ricerca sonora. Quattro sale sonore appositamente progettate e due palcoscenici all&rsquo;aperto offrono spazio per prove, concerti, workshop ed esperimenti sonori, aperti a professionisti e dilettanti.<\/p>\n\n\n\n\n\n<p class=\"wp-block-paragraph\"><strong>Dall&rsquo;idea alla realt&agrave;<br><\/strong>La visione di un centro che rende i suoni udibili e tangibili &egrave; stata suggellata nel 2019 con un referendum. Dopo un intenso lavoro di preparazione politica e sociale, i lavori di costruzione sono iniziati nel 2022. Con un investimento di 23,3 milioni di franchi svizzeri, &egrave; stato realizzato un progetto che incarna il progresso nelle aree rurali. La Klanghaus &egrave; un&rsquo;espressione di coraggio e di apprezzamento per il patrimonio culturale e lo spirito innovativo del Klangwelt Toggenburg.<\/p>\n\n\n\n\n\n<p class=\"wp-block-paragraph\"><strong>Pi&ugrave; di un semplice edificio: uno stimolo per la regione<br><\/strong>La Klanghaus ha un impatto che va oltre la sfera artistica. Rafforza il turismo culturale, crea spazi di risonanza per nuovi ospiti, rivitalizza le imprese locali e ispira le persone a impegnarsi con il suono, lo spazio e l&rsquo;identit&agrave;. Come ponte tra tradizione e modernit&agrave;, promuove il dialogo sociale nel cuore della natura.<\/p>\n\n\n\n\n\n<p class=\"wp-block-paragraph\"><strong>Apertura con una variet&agrave; di suoni e incontri<br><\/strong>Il pubblico &egrave; invitato al grande weekend di apertura il 24 e 25 maggio 2025. Il momento clou sar&agrave; una maratona musicale con dodici ore di concerti dal vivo, dallo jodel al gospel, dalla musica giovanile all&rsquo;indie rock. L&rsquo;ingresso &egrave; in gran parte gratuito e la Klanghaus sar&agrave; un&rsquo;esperienza per tutti.<\/p>\n\n","protected":false},"excerpt":{"rendered":"<p>Dopo tre anni di costruzione, la Klanghaus sul Lago Schwendi aprir\u00e0 nel maggio 2025. La visionaria costruzione in legno unisce musica, paesaggio e societ\u00e0 e d\u00e0 nuovo impulso al Toggenburg.<\/p>\n","protected":false},"author":2,"featured_media":131582,"comment_status":"open","ping_status":"open","sticky":false,"template":"","format":"standard","meta":{"pmpro_default_level":"","inline_featured_image":false,"_monsterinsights_skip_tracking":false,"footnotes":""},"categories":[9650,741,8469,9455,39693],"tags":[867,3935,18794,52772,2006,18798],"class_list":["post-131643","post","type-post","status-publish","format-standard","has-post-thumbnail","hentry","category-nuove-costruzioni","category-progetti","category-regioni","category-regione-san-gallo","category-standorte-it","tag-immoinvest-it","tag-immonews-it","tag-klanghaus-it","tag-kulturprojekt-2-it","tag-news-it","tag-toggenburg-it","pmpro-has-access"],"acf":{"bild_mit_ki_erstellt_worden":[],"lead":"Dopo tre anni di costruzione, la Klanghaus sul Lago Schwendi aprir\u00e0 nel maggio 2025. La visionaria costruzione in legno unisce musica, paesaggio e societ\u00e0 e d\u00e0 nuovo impulso al Toggenburg.","autor":"Quelle: St. Gallen","ort":"","bildunterschrift":"","bild_im_grid":false,"gallerie":"","newsim":""},"aioseo_notices":[],"aioseo_head":"\n\t\t<!-- All in One SEO 5.0.0.1 - aioseo.com -->\n\t<meta name=\"description\" content=\"Dopo tre anni di costruzione, la Klanghaus sul Lago Schwendi aprir\u00e0 nel maggio 2025. La visionaria costruzione in legno unisce musica, paesaggio e societ\u00e0 e d\u00e0 nuovo impulso al Toggenburg.\" \/>\n\t<meta name=\"robots\" content=\"max-image-preview:large\" \/>\n\t<meta name=\"author\" content=\"immovestuser\"\/>\n\t<meta name=\"google-site-verification\" content=\"fHJKvgWpZCR2zVBHWfkQeFXC11qieUSff0HGNYfuyLA\" \/>\n\t<link rel=\"canonical\" href=\"https:\/\/www.immo-invest.ch\/it\/eroeffnung-klanghaus-am-schwendisee\/\" \/>\n\t<meta name=\"generator\" content=\"All in One SEO (AIOSEO) 5.0.0.1\" \/>\n\t\t<meta property=\"og:locale\" content=\"it_IT\" \/>\n\t\t<meta property=\"og:site_name\" content=\"immo!nvest - Die Plattform f\u00fcr Standorte und Immobilien - Die\u00a0Plattform f\u00fcr Standorte und Immobilien\" \/>\n\t\t<meta property=\"og:type\" content=\"article\" \/>\n\t\t<meta property=\"og:title\" content=\"Inaugurazione della casa del suono a Schwendisee - immo!nvest - Die Plattform f\u00fcr Standorte und Immobilien\" \/>\n\t\t<meta property=\"og:description\" content=\"Dopo tre anni di costruzione, la Klanghaus sul Lago Schwendi aprir\u00e0 nel maggio 2025. La visionaria costruzione in legno unisce musica, paesaggio e societ\u00e0 e d\u00e0 nuovo impulso al Toggenburg.\" \/>\n\t\t<meta property=\"og:url\" content=\"https:\/\/www.immo-invest.ch\/it\/eroeffnung-klanghaus-am-schwendisee\/\" \/>\n\t\t<meta property=\"og:image\" content=\"https:\/\/www.immo-invest.ch\/wp-content\/uploads\/2025\/05\/Klanghaus-Eroeffnung-e1746539097987.png\" \/>\n\t\t<meta property=\"og:image:secure_url\" content=\"https:\/\/www.immo-invest.ch\/wp-content\/uploads\/2025\/05\/Klanghaus-Eroeffnung-e1746539097987.png\" \/>\n\t\t<meta property=\"og:image:width\" content=\"1140\" \/>\n\t\t<meta property=\"og:image:height\" content=\"390\" \/>\n\t\t<meta property=\"article:published_time\" content=\"2025-05-06T13:44:02+00:00\" \/>\n\t\t<meta property=\"article:modified_time\" content=\"2025-05-06T15:16:36+00:00\" \/>\n\t\t<meta property=\"article:publisher\" content=\"https:\/\/www.facebook.com\/people\/Immoinvest\/100077962920504\/\" \/>\n\t\t<meta name=\"twitter:card\" content=\"summary_large_image\" \/>\n\t\t<meta name=\"twitter:site\" content=\"@i\" \/>\n\t\t<meta name=\"twitter:title\" content=\"Inaugurazione della casa del suono a Schwendisee - immo!nvest - Die Plattform f\u00fcr Standorte und Immobilien\" \/>\n\t\t<meta name=\"twitter:description\" content=\"Dopo tre anni di costruzione, la Klanghaus sul Lago Schwendi aprir\u00e0 nel maggio 2025. La visionaria costruzione in legno unisce musica, paesaggio e societ\u00e0 e d\u00e0 nuovo impulso al Toggenburg.\" \/>\n\t\t<meta name=\"twitter:creator\" content=\"@i\" \/>\n\t\t<meta name=\"twitter:image\" content=\"https:\/\/www.immo-invest.ch\/wp-content\/uploads\/2025\/05\/Klanghaus-Eroeffnung-e1746539097987.png\" \/>\n\t\t<script type=\"application\/ld+json\" class=\"aioseo-schema\">\n\t\t\t{\"@context\":\"https:\\\/\\\/schema.org\",\"@graph\":[{\"@type\":\"BlogPosting\",\"@id\":\"https:\\\/\\\/www.immo-invest.ch\\\/it\\\/eroeffnung-klanghaus-am-schwendisee\\\/#blogposting\",\"name\":\"Inaugurazione della casa del suono a Schwendisee - immo!nvest - Die Plattform f\\u00fcr Standorte und Immobilien\",\"headline\":\"Inaugurazione della casa del suono a Schwendisee\",\"author\":{\"@id\":\"https:\\\/\\\/www.immo-invest.ch\\\/it\\\/author\\\/immovestuser\\\/#author\"},\"publisher\":{\"@id\":\"https:\\\/\\\/www.immo-invest.ch\\\/it\\\/#organization\"},\"image\":{\"@type\":\"ImageObject\",\"url\":\"https:\\\/\\\/www.immo-invest.ch\\\/wp-content\\\/uploads\\\/2025\\\/05\\\/Klanghaus-Eroeffnung-e1746539097987.png\",\"width\":1140,\"height\":390},\"datePublished\":\"2025-05-06T15:44:02+02:00\",\"dateModified\":\"2025-05-06T17:16:36+02:00\",\"inLanguage\":\"it-IT\",\"mainEntityOfPage\":{\"@id\":\"https:\\\/\\\/www.immo-invest.ch\\\/it\\\/eroeffnung-klanghaus-am-schwendisee\\\/#webpage\"},\"isPartOf\":{\"@id\":\"https:\\\/\\\/www.immo-invest.ch\\\/it\\\/eroeffnung-klanghaus-am-schwendisee\\\/#webpage\"},\"articleSection\":\"Nuove costruzioni, Progetti, Regioni, San Gallo, Standorte, Immoinvest, immoNews, Klanghaus, Kulturprojekt, News, Toggenburg, Optional\"},{\"@type\":\"BreadcrumbList\",\"@id\":\"https:\\\/\\\/www.immo-invest.ch\\\/it\\\/eroeffnung-klanghaus-am-schwendisee\\\/#breadcrumblist\",\"itemListElement\":[{\"@type\":\"ListItem\",\"@id\":\"https:\\\/\\\/www.immo-invest.ch\\\/it\\\/#listItem\",\"position\":1,\"name\":\"Home\",\"item\":\"https:\\\/\\\/www.immo-invest.ch\\\/it\\\/\",\"nextItem\":{\"@type\":\"ListItem\",\"@id\":\"https:\\\/\\\/www.immo-invest.ch\\\/it\\\/categoria\\\/regioni\\\/#listItem\",\"name\":\"Regioni\"}},{\"@type\":\"ListItem\",\"@id\":\"https:\\\/\\\/www.immo-invest.ch\\\/it\\\/categoria\\\/regioni\\\/#listItem\",\"position\":2,\"name\":\"Regioni\",\"item\":\"https:\\\/\\\/www.immo-invest.ch\\\/it\\\/categoria\\\/regioni\\\/\",\"nextItem\":{\"@type\":\"ListItem\",\"@id\":\"https:\\\/\\\/www.immo-invest.ch\\\/it\\\/categoria\\\/regioni\\\/svizzera\\\/#listItem\",\"name\":\"Svizzera\"},\"previousItem\":{\"@type\":\"ListItem\",\"@id\":\"https:\\\/\\\/www.immo-invest.ch\\\/it\\\/#listItem\",\"name\":\"Home\"}},{\"@type\":\"ListItem\",\"@id\":\"https:\\\/\\\/www.immo-invest.ch\\\/it\\\/categoria\\\/regioni\\\/svizzera\\\/#listItem\",\"position\":3,\"name\":\"Svizzera\",\"item\":\"https:\\\/\\\/www.immo-invest.ch\\\/it\\\/categoria\\\/regioni\\\/svizzera\\\/\",\"nextItem\":{\"@type\":\"ListItem\",\"@id\":\"https:\\\/\\\/www.immo-invest.ch\\\/it\\\/categoria\\\/regioni\\\/svizzera\\\/svizzera-orientale\\\/#listItem\",\"name\":\"Svizzera orientale\"},\"previousItem\":{\"@type\":\"ListItem\",\"@id\":\"https:\\\/\\\/www.immo-invest.ch\\\/it\\\/categoria\\\/regioni\\\/#listItem\",\"name\":\"Regioni\"}},{\"@type\":\"ListItem\",\"@id\":\"https:\\\/\\\/www.immo-invest.ch\\\/it\\\/categoria\\\/regioni\\\/svizzera\\\/svizzera-orientale\\\/#listItem\",\"position\":4,\"name\":\"Svizzera orientale\",\"item\":\"https:\\\/\\\/www.immo-invest.ch\\\/it\\\/categoria\\\/regioni\\\/svizzera\\\/svizzera-orientale\\\/\",\"nextItem\":{\"@type\":\"ListItem\",\"@id\":\"https:\\\/\\\/www.immo-invest.ch\\\/it\\\/categoria\\\/regioni\\\/svizzera\\\/svizzera-orientale\\\/regione-san-gallo\\\/#listItem\",\"name\":\"San Gallo\"},\"previousItem\":{\"@type\":\"ListItem\",\"@id\":\"https:\\\/\\\/www.immo-invest.ch\\\/it\\\/categoria\\\/regioni\\\/svizzera\\\/#listItem\",\"name\":\"Svizzera\"}},{\"@type\":\"ListItem\",\"@id\":\"https:\\\/\\\/www.immo-invest.ch\\\/it\\\/categoria\\\/regioni\\\/svizzera\\\/svizzera-orientale\\\/regione-san-gallo\\\/#listItem\",\"position\":5,\"name\":\"San Gallo\",\"item\":\"https:\\\/\\\/www.immo-invest.ch\\\/it\\\/categoria\\\/regioni\\\/svizzera\\\/svizzera-orientale\\\/regione-san-gallo\\\/\",\"nextItem\":{\"@type\":\"ListItem\",\"@id\":\"https:\\\/\\\/www.immo-invest.ch\\\/it\\\/eroeffnung-klanghaus-am-schwendisee\\\/#listItem\",\"name\":\"Inaugurazione della casa del suono a Schwendisee\"},\"previousItem\":{\"@type\":\"ListItem\",\"@id\":\"https:\\\/\\\/www.immo-invest.ch\\\/it\\\/categoria\\\/regioni\\\/svizzera\\\/svizzera-orientale\\\/#listItem\",\"name\":\"Svizzera orientale\"}},{\"@type\":\"ListItem\",\"@id\":\"https:\\\/\\\/www.immo-invest.ch\\\/it\\\/eroeffnung-klanghaus-am-schwendisee\\\/#listItem\",\"position\":6,\"name\":\"Inaugurazione della casa del suono a Schwendisee\",\"previousItem\":{\"@type\":\"ListItem\",\"@id\":\"https:\\\/\\\/www.immo-invest.ch\\\/it\\\/categoria\\\/regioni\\\/svizzera\\\/svizzera-orientale\\\/regione-san-gallo\\\/#listItem\",\"name\":\"San Gallo\"}}]},{\"@type\":\"Organization\",\"@id\":\"https:\\\/\\\/www.immo-invest.ch\\\/it\\\/#organization\",\"name\":\"immo!nvest - Die Plattform f\\u00fcr Standorte und Immobilien\",\"description\":\"Die\\u00a0Plattform f\\u00fcr Standorte und Immobilien\",\"url\":\"https:\\\/\\\/www.immo-invest.ch\\\/it\\\/\",\"email\":\"admin@immomedia.ag\",\"telephone\":\"+41444420002\",\"logo\":{\"@type\":\"ImageObject\",\"url\":\"https:\\\/\\\/www.immo-invest.ch\\\/wp-content\\\/uploads\\\/2024\\\/09\\\/immoinvest_sm-scaled.jpg\",\"@id\":\"https:\\\/\\\/www.immo-invest.ch\\\/it\\\/eroeffnung-klanghaus-am-schwendisee\\\/#organizationLogo\",\"width\":2560,\"height\":1340},\"image\":{\"@id\":\"https:\\\/\\\/www.immo-invest.ch\\\/it\\\/eroeffnung-klanghaus-am-schwendisee\\\/#organizationLogo\"},\"sameAs\":[\"https:\\\/\\\/www.facebook.com\\\/people\\\/Immoinvest\\\/100077962920504\\\/\",\"https:\\\/\\\/x.com\\\/i\\\/flow\\\/login?redirect_after_login=immoinvest_ch\",\"https:\\\/\\\/www.instagram.com\\\/immoinvest_ch\\\/\",\"https:\\\/\\\/www.linkedin.com\\\/company\\\/immoinvest-swiss\"]},{\"@type\":\"Person\",\"@id\":\"https:\\\/\\\/www.immo-invest.ch\\\/it\\\/author\\\/immovestuser\\\/#author\",\"url\":\"https:\\\/\\\/www.immo-invest.ch\\\/it\\\/author\\\/immovestuser\\\/\",\"name\":\"immovestuser\",\"image\":{\"@type\":\"ImageObject\",\"@id\":\"https:\\\/\\\/www.immo-invest.ch\\\/it\\\/eroeffnung-klanghaus-am-schwendisee\\\/#authorImage\",\"url\":\"https:\\\/\\\/secure.gravatar.com\\\/avatar\\\/8e01f4d99f2eeea7a362ebb93305e1172a70e9293ba250f897a65c39f54cdd1e?s=96&d=mm&r=g\",\"width\":96,\"height\":96,\"caption\":\"immovestuser\"}},{\"@type\":\"WebPage\",\"@id\":\"https:\\\/\\\/www.immo-invest.ch\\\/it\\\/eroeffnung-klanghaus-am-schwendisee\\\/#webpage\",\"url\":\"https:\\\/\\\/www.immo-invest.ch\\\/it\\\/eroeffnung-klanghaus-am-schwendisee\\\/\",\"name\":\"Inaugurazione della casa del suono a Schwendisee - immo!nvest - Die Plattform f\\u00fcr Standorte und Immobilien\",\"description\":\"Dopo tre anni di costruzione, la Klanghaus sul Lago Schwendi aprir\\u00e0 nel maggio 2025. La visionaria costruzione in legno unisce musica, paesaggio e societ\\u00e0 e d\\u00e0 nuovo impulso al Toggenburg.\",\"inLanguage\":\"it-IT\",\"isPartOf\":{\"@id\":\"https:\\\/\\\/www.immo-invest.ch\\\/it\\\/#website\"},\"breadcrumb\":{\"@id\":\"https:\\\/\\\/www.immo-invest.ch\\\/it\\\/eroeffnung-klanghaus-am-schwendisee\\\/#breadcrumblist\"},\"author\":{\"@id\":\"https:\\\/\\\/www.immo-invest.ch\\\/it\\\/author\\\/immovestuser\\\/#author\"},\"creator\":{\"@id\":\"https:\\\/\\\/www.immo-invest.ch\\\/it\\\/author\\\/immovestuser\\\/#author\"},\"image\":{\"@type\":\"ImageObject\",\"url\":\"https:\\\/\\\/www.immo-invest.ch\\\/wp-content\\\/uploads\\\/2025\\\/05\\\/Klanghaus-Eroeffnung-e1746539097987.png\",\"@id\":\"https:\\\/\\\/www.immo-invest.ch\\\/it\\\/eroeffnung-klanghaus-am-schwendisee\\\/#mainImage\",\"width\":1140,\"height\":390},\"primaryImageOfPage\":{\"@id\":\"https:\\\/\\\/www.immo-invest.ch\\\/it\\\/eroeffnung-klanghaus-am-schwendisee\\\/#mainImage\"},\"datePublished\":\"2025-05-06T15:44:02+02:00\",\"dateModified\":\"2025-05-06T17:16:36+02:00\"},{\"@type\":\"WebSite\",\"@id\":\"https:\\\/\\\/www.immo-invest.ch\\\/it\\\/#website\",\"url\":\"https:\\\/\\\/www.immo-invest.ch\\\/it\\\/\",\"name\":\"immo!nvest - Die Plattform f\\u00fcr Standorte und Immobilien\",\"description\":\"Die\\u00a0Plattform f\\u00fcr Standorte und Immobilien\",\"inLanguage\":\"it-IT\",\"publisher\":{\"@id\":\"https:\\\/\\\/www.immo-invest.ch\\\/it\\\/#organization\"}}]}\n\t\t<\/script>\n\t\t<!-- All in One SEO -->\n\n","aioseo_head_json":{"title":"Inaugurazione della casa del suono a Schwendisee - immo!nvest - Die Plattform f\u00fcr Standorte und Immobilien","description":"Dopo tre anni di costruzione, la Klanghaus sul Lago Schwendi aprir\u00e0 nel maggio 2025. La visionaria costruzione in legno unisce musica, paesaggio e societ\u00e0 e d\u00e0 nuovo impulso al Toggenburg.","canonical_url":"https:\/\/www.immo-invest.ch\/it\/eroeffnung-klanghaus-am-schwendisee\/","robots":"max-image-preview:large","keywords":"","webmasterTools":{"google-site-verification":"fHJKvgWpZCR2zVBHWfkQeFXC11qieUSff0HGNYfuyLA","miscellaneous":""},"schema":{"@context":"https:\/\/schema.org","@graph":[{"@type":"BlogPosting","@id":"https:\/\/www.immo-invest.ch\/it\/eroeffnung-klanghaus-am-schwendisee\/#blogposting","name":"Inaugurazione della casa del suono a Schwendisee - immo!nvest - Die Plattform f\u00fcr Standorte und Immobilien","headline":"Inaugurazione della casa del suono a Schwendisee","author":{"@id":"https:\/\/www.immo-invest.ch\/it\/author\/immovestuser\/#author"},"publisher":{"@id":"https:\/\/www.immo-invest.ch\/it\/#organization"},"image":{"@type":"ImageObject","url":"https:\/\/www.immo-invest.ch\/wp-content\/uploads\/2025\/05\/Klanghaus-Eroeffnung-e1746539097987.png","width":1140,"height":390},"datePublished":"2025-05-06T15:44:02+02:00","dateModified":"2025-05-06T17:16:36+02:00","inLanguage":"it-IT","mainEntityOfPage":{"@id":"https:\/\/www.immo-invest.ch\/it\/eroeffnung-klanghaus-am-schwendisee\/#webpage"},"isPartOf":{"@id":"https:\/\/www.immo-invest.ch\/it\/eroeffnung-klanghaus-am-schwendisee\/#webpage"},"articleSection":"Nuove costruzioni, Progetti, Regioni, San Gallo, Standorte, Immoinvest, immoNews, Klanghaus, Kulturprojekt, News, Toggenburg, Optional"},{"@type":"BreadcrumbList","@id":"https:\/\/www.immo-invest.ch\/it\/eroeffnung-klanghaus-am-schwendisee\/#breadcrumblist","itemListElement":[{"@type":"ListItem","@id":"https:\/\/www.immo-invest.ch\/it\/#listItem","position":1,"name":"Home","item":"https:\/\/www.immo-invest.ch\/it\/","nextItem":{"@type":"ListItem","@id":"https:\/\/www.immo-invest.ch\/it\/categoria\/regioni\/#listItem","name":"Regioni"}},{"@type":"ListItem","@id":"https:\/\/www.immo-invest.ch\/it\/categoria\/regioni\/#listItem","position":2,"name":"Regioni","item":"https:\/\/www.immo-invest.ch\/it\/categoria\/regioni\/","nextItem":{"@type":"ListItem","@id":"https:\/\/www.immo-invest.ch\/it\/categoria\/regioni\/svizzera\/#listItem","name":"Svizzera"},"previousItem":{"@type":"ListItem","@id":"https:\/\/www.immo-invest.ch\/it\/#listItem","name":"Home"}},{"@type":"ListItem","@id":"https:\/\/www.immo-invest.ch\/it\/categoria\/regioni\/svizzera\/#listItem","position":3,"name":"Svizzera","item":"https:\/\/www.immo-invest.ch\/it\/categoria\/regioni\/svizzera\/","nextItem":{"@type":"ListItem","@id":"https:\/\/www.immo-invest.ch\/it\/categoria\/regioni\/svizzera\/svizzera-orientale\/#listItem","name":"Svizzera orientale"},"previousItem":{"@type":"ListItem","@id":"https:\/\/www.immo-invest.ch\/it\/categoria\/regioni\/#listItem","name":"Regioni"}},{"@type":"ListItem","@id":"https:\/\/www.immo-invest.ch\/it\/categoria\/regioni\/svizzera\/svizzera-orientale\/#listItem","position":4,"name":"Svizzera orientale","item":"https:\/\/www.immo-invest.ch\/it\/categoria\/regioni\/svizzera\/svizzera-orientale\/","nextItem":{"@type":"ListItem","@id":"https:\/\/www.immo-invest.ch\/it\/categoria\/regioni\/svizzera\/svizzera-orientale\/regione-san-gallo\/#listItem","name":"San Gallo"},"previousItem":{"@type":"ListItem","@id":"https:\/\/www.immo-invest.ch\/it\/categoria\/regioni\/svizzera\/#listItem","name":"Svizzera"}},{"@type":"ListItem","@id":"https:\/\/www.immo-invest.ch\/it\/categoria\/regioni\/svizzera\/svizzera-orientale\/regione-san-gallo\/#listItem","position":5,"name":"San Gallo","item":"https:\/\/www.immo-invest.ch\/it\/categoria\/regioni\/svizzera\/svizzera-orientale\/regione-san-gallo\/","nextItem":{"@type":"ListItem","@id":"https:\/\/www.immo-invest.ch\/it\/eroeffnung-klanghaus-am-schwendisee\/#listItem","name":"Inaugurazione della casa del suono a Schwendisee"},"previousItem":{"@type":"ListItem","@id":"https:\/\/www.immo-invest.ch\/it\/categoria\/regioni\/svizzera\/svizzera-orientale\/#listItem","name":"Svizzera orientale"}},{"@type":"ListItem","@id":"https:\/\/www.immo-invest.ch\/it\/eroeffnung-klanghaus-am-schwendisee\/#listItem","position":6,"name":"Inaugurazione della casa del suono a Schwendisee","previousItem":{"@type":"ListItem","@id":"https:\/\/www.immo-invest.ch\/it\/categoria\/regioni\/svizzera\/svizzera-orientale\/regione-san-gallo\/#listItem","name":"San Gallo"}}]},{"@type":"Organization","@id":"https:\/\/www.immo-invest.ch\/it\/#organization","name":"immo!nvest - Die Plattform f\u00fcr Standorte und Immobilien","description":"Die\u00a0Plattform f\u00fcr Standorte und Immobilien","url":"https:\/\/www.immo-invest.ch\/it\/","email":"admin@immomedia.ag","telephone":"+41444420002","logo":{"@type":"ImageObject","url":"https:\/\/www.immo-invest.ch\/wp-content\/uploads\/2024\/09\/immoinvest_sm-scaled.jpg","@id":"https:\/\/www.immo-invest.ch\/it\/eroeffnung-klanghaus-am-schwendisee\/#organizationLogo","width":2560,"height":1340},"image":{"@id":"https:\/\/www.immo-invest.ch\/it\/eroeffnung-klanghaus-am-schwendisee\/#organizationLogo"},"sameAs":["https:\/\/www.facebook.com\/people\/Immoinvest\/100077962920504\/","https:\/\/x.com\/i\/flow\/login?redirect_after_login=immoinvest_ch","https:\/\/www.instagram.com\/immoinvest_ch\/","https:\/\/www.linkedin.com\/company\/immoinvest-swiss"]},{"@type":"Person","@id":"https:\/\/www.immo-invest.ch\/it\/author\/immovestuser\/#author","url":"https:\/\/www.immo-invest.ch\/it\/author\/immovestuser\/","name":"immovestuser","image":{"@type":"ImageObject","@id":"https:\/\/www.immo-invest.ch\/it\/eroeffnung-klanghaus-am-schwendisee\/#authorImage","url":"https:\/\/secure.gravatar.com\/avatar\/8e01f4d99f2eeea7a362ebb93305e1172a70e9293ba250f897a65c39f54cdd1e?s=96&d=mm&r=g","width":96,"height":96,"caption":"immovestuser"}},{"@type":"WebPage","@id":"https:\/\/www.immo-invest.ch\/it\/eroeffnung-klanghaus-am-schwendisee\/#webpage","url":"https:\/\/www.immo-invest.ch\/it\/eroeffnung-klanghaus-am-schwendisee\/","name":"Inaugurazione della casa del suono a Schwendisee - immo!nvest - Die Plattform f\u00fcr Standorte und Immobilien","description":"Dopo tre anni di costruzione, la Klanghaus sul Lago Schwendi aprir\u00e0 nel maggio 2025. La visionaria costruzione in legno unisce musica, paesaggio e societ\u00e0 e d\u00e0 nuovo impulso al Toggenburg.","inLanguage":"it-IT","isPartOf":{"@id":"https:\/\/www.immo-invest.ch\/it\/#website"},"breadcrumb":{"@id":"https:\/\/www.immo-invest.ch\/it\/eroeffnung-klanghaus-am-schwendisee\/#breadcrumblist"},"author":{"@id":"https:\/\/www.immo-invest.ch\/it\/author\/immovestuser\/#author"},"creator":{"@id":"https:\/\/www.immo-invest.ch\/it\/author\/immovestuser\/#author"},"image":{"@type":"ImageObject","url":"https:\/\/www.immo-invest.ch\/wp-content\/uploads\/2025\/05\/Klanghaus-Eroeffnung-e1746539097987.png","@id":"https:\/\/www.immo-invest.ch\/it\/eroeffnung-klanghaus-am-schwendisee\/#mainImage","width":1140,"height":390},"primaryImageOfPage":{"@id":"https:\/\/www.immo-invest.ch\/it\/eroeffnung-klanghaus-am-schwendisee\/#mainImage"},"datePublished":"2025-05-06T15:44:02+02:00","dateModified":"2025-05-06T17:16:36+02:00"},{"@type":"WebSite","@id":"https:\/\/www.immo-invest.ch\/it\/#website","url":"https:\/\/www.immo-invest.ch\/it\/","name":"immo!nvest - Die Plattform f\u00fcr Standorte und Immobilien","description":"Die\u00a0Plattform f\u00fcr Standorte und Immobilien","inLanguage":"it-IT","publisher":{"@id":"https:\/\/www.immo-invest.ch\/it\/#organization"}}]},"og:locale":"it_IT","og:site_name":"immo!nvest - Die Plattform f\u00fcr Standorte und Immobilien - Die\u00a0Plattform f\u00fcr Standorte und Immobilien","og:type":"article","og:title":"Inaugurazione della casa del suono a Schwendisee - immo!nvest - Die Plattform f\u00fcr Standorte und Immobilien","og:description":"Dopo tre anni di costruzione, la Klanghaus sul Lago Schwendi aprir\u00e0 nel maggio 2025. La visionaria costruzione in legno unisce musica, paesaggio e societ\u00e0 e d\u00e0 nuovo impulso al Toggenburg.","og:url":"https:\/\/www.immo-invest.ch\/it\/eroeffnung-klanghaus-am-schwendisee\/","og:image":"https:\/\/www.immo-invest.ch\/wp-content\/uploads\/2025\/05\/Klanghaus-Eroeffnung-e1746539097987.png","og:image:secure_url":"https:\/\/www.immo-invest.ch\/wp-content\/uploads\/2025\/05\/Klanghaus-Eroeffnung-e1746539097987.png","og:image:width":1140,"og:image:height":390,"article:published_time":"2025-05-06T13:44:02+00:00","article:modified_time":"2025-05-06T15:16:36+00:00","article:publisher":"https:\/\/www.facebook.com\/people\/Immoinvest\/100077962920504\/","twitter:card":"summary_large_image","twitter:site":"@i","twitter:title":"Inaugurazione della casa del suono a Schwendisee - immo!nvest - Die Plattform f\u00fcr Standorte und Immobilien","twitter:description":"Dopo tre anni di costruzione, la Klanghaus sul Lago Schwendi aprir\u00e0 nel maggio 2025. La visionaria costruzione in legno unisce musica, paesaggio e societ\u00e0 e d\u00e0 nuovo impulso al Toggenburg.","twitter:creator":"@i","twitter:image":"https:\/\/www.immo-invest.ch\/wp-content\/uploads\/2025\/05\/Klanghaus-Eroeffnung-e1746539097987.png"},"aioseo_meta_data":{"post_id":"131643","title":null,"description":null,"keywords":null,"keyphrases":{"focus":{"keyphrase":"","score":0,"analysis":{"keyphraseInTitle":{"score":0,"maxScore":9,"error":1}}},"additional":[]},"primary_term":null,"canonical_url":null,"og_title":null,"og_description":null,"og_object_type":"default","og_image_type":"default","og_image_url":null,"og_image_width":null,"og_image_height":null,"og_image_custom_url":null,"og_image_custom_fields":null,"og_video":"","og_custom_url":null,"og_article_section":null,"og_article_tags":null,"twitter_use_og":false,"twitter_card":"default","twitter_image_type":"default","twitter_image_url":null,"twitter_image_custom_url":null,"twitter_image_custom_fields":null,"twitter_title":null,"twitter_description":null,"schema":{"blockGraphs":[],"customGraphs":[],"default":{"data":{"Article":[],"Course":[],"Dataset":[],"FAQPage":[],"Movie":[],"Person":[],"Product":[],"ProductReview":[],"Car":[],"Recipe":[],"Service":[],"SoftwareApplication":[],"WebPage":[]},"graphName":"BlogPosting","isEnabled":true},"graphs":[]},"schema_type":"default","schema_type_options":null,"pillar_content":false,"robots_default":true,"robots_noindex":false,"robots_noarchive":false,"robots_nosnippet":false,"robots_nofollow":false,"robots_noimageindex":false,"robots_noodp":false,"robots_notranslate":false,"robots_max_snippet":"-1","robots_max_videopreview":"-1","robots_max_imagepreview":"large","priority":null,"frequency":"default","local_seo":null,"breadcrumb_settings":null,"limit_modified_date":false,"ai":null,"created":"2025-05-06 15:16:36","updated":"2025-10-24 20:05:14","seo_analyzer_scan_date":null,"focus_keyword":null,"additional_keywords":null,"truseo_locale":null},"aioseo_breadcrumb":"<div class=\"aioseo-breadcrumbs\"><span class=\"aioseo-breadcrumb\">\n\t\t\t<a href=\"https:\/\/www.immo-invest.ch\/it\/\" title=\"Home\">Home<\/a>\n\t\t<\/span><span class=\"aioseo-breadcrumb-separator\">&raquo;<\/span><span class=\"aioseo-breadcrumb\">\n\t\t\t<a href=\"https:\/\/www.immo-invest.ch\/it\/categoria\/regioni\/\" title=\"Regioni\">Regioni<\/a>\n\t\t<\/span><span class=\"aioseo-breadcrumb-separator\">&raquo;<\/span><span class=\"aioseo-breadcrumb\">\n\t\t\t<a href=\"https:\/\/www.immo-invest.ch\/it\/categoria\/regioni\/svizzera\/\" title=\"Svizzera\">Svizzera<\/a>\n\t\t<\/span><span class=\"aioseo-breadcrumb-separator\">&raquo;<\/span><span class=\"aioseo-breadcrumb\">\n\t\t\t<a href=\"https:\/\/www.immo-invest.ch\/it\/categoria\/regioni\/svizzera\/svizzera-orientale\/\" title=\"Svizzera orientale\">Svizzera orientale<\/a>\n\t\t<\/span><span class=\"aioseo-breadcrumb-separator\">&raquo;<\/span><span class=\"aioseo-breadcrumb\">\n\t\t\t<a href=\"https:\/\/www.immo-invest.ch\/it\/categoria\/regioni\/svizzera\/svizzera-orientale\/regione-san-gallo\/\" title=\"San Gallo\">San Gallo<\/a>\n\t\t<\/span><span class=\"aioseo-breadcrumb-separator\">&raquo;<\/span><span class=\"aioseo-breadcrumb\">\n\t\t\tInaugurazione della casa del suono a Schwendisee\n\t\t<\/span><\/div>","aioseo_breadcrumb_json":[{"label":"Home","link":"https:\/\/www.immo-invest.ch\/it\/"},{"label":"Regioni","link":"https:\/\/www.immo-invest.ch\/it\/categoria\/regioni\/"},{"label":"Svizzera","link":"https:\/\/www.immo-invest.ch\/it\/categoria\/regioni\/svizzera\/"},{"label":"Svizzera orientale","link":"https:\/\/www.immo-invest.ch\/it\/categoria\/regioni\/svizzera\/svizzera-orientale\/"},{"label":"San Gallo","link":"https:\/\/www.immo-invest.ch\/it\/categoria\/regioni\/svizzera\/svizzera-orientale\/regione-san-gallo\/"},{"label":"Inaugurazione della casa del suono a Schwendisee","link":"https:\/\/www.immo-invest.ch\/it\/eroeffnung-klanghaus-am-schwendisee\/"}],"featured_image_src":"https:\/\/www.immo-invest.ch\/wp-content\/uploads\/2025\/05\/Klanghaus-Eroeffnung-336x168.png","_links":{"self":[{"href":"https:\/\/www.immo-invest.ch\/it\/wp-json\/wp\/v2\/posts\/131643","targetHints":{"allow":["GET"]}}],"collection":[{"href":"https:\/\/www.immo-invest.ch\/it\/wp-json\/wp\/v2\/posts"}],"about":[{"href":"https:\/\/www.immo-invest.ch\/it\/wp-json\/wp\/v2\/types\/post"}],"author":[{"embeddable":true,"href":"https:\/\/www.immo-invest.ch\/it\/wp-json\/wp\/v2\/users\/2"}],"replies":[{"embeddable":true,"href":"https:\/\/www.immo-invest.ch\/it\/wp-json\/wp\/v2\/comments?post=131643"}],"version-history":[{"count":0,"href":"https:\/\/www.immo-invest.ch\/it\/wp-json\/wp\/v2\/posts\/131643\/revisions"}],"wp:featuredmedia":[{"embeddable":true,"href":"https:\/\/www.immo-invest.ch\/it\/wp-json\/wp\/v2\/media\/131582"}],"wp:attachment":[{"href":"https:\/\/www.immo-invest.ch\/it\/wp-json\/wp\/v2\/media?parent=131643"}],"wp:term":[{"taxonomy":"category","embeddable":true,"href":"https:\/\/www.immo-invest.ch\/it\/wp-json\/wp\/v2\/categories?post=131643"},{"taxonomy":"post_tag","embeddable":true,"href":"https:\/\/www.immo-invest.ch\/it\/wp-json\/wp\/v2\/tags?post=131643"}],"curies":[{"name":"wp","href":"https:\/\/api.w.org\/{rel}","templated":true}]}}