{"id":128071,"date":"2025-03-11T14:07:26","date_gmt":"2025-03-11T13:07:26","guid":{"rendered":"https:\/\/www.immo-invest.ch\/gemeinsam-wohnraum-schaffen-ihre-meinung-zaehlt\/"},"modified":"2025-03-11T17:00:42","modified_gmt":"2025-03-11T16:00:42","slug":"gemeinsam-wohnraum-schaffen-ihre-meinung-zaehlt","status":"publish","type":"post","link":"https:\/\/www.immo-invest.ch\/it\/gemeinsam-wohnraum-schaffen-ihre-meinung-zaehlt\/","title":{"rendered":"Creare uno spazio vitale insieme &#8211; la sua opinione conta!"},"content":{"rendered":"<p class=\"wp-block-paragraph\">Una delle misure &ldquo;B 2.1&rdquo; mira ad aumentare il livello di conoscenza della prevalenza e della natura delle obiezioni e del loro effetto sul processo di approvazione dei progetti edilizi. L&rsquo;Ufficio Federale per lo Sviluppo Territoriale e l&rsquo;Ufficio Federale per l&rsquo;Edilizia Abitativa hanno incaricato la Dott.ssa Jo&euml;lle Zimmerli (Zimraum GmbH) e il Dott. Christian Br&uuml;tsch (Stratcraft GmbH) di condurre l&rsquo;indagine al fine di creare una base empirica per ridurre le obiezioni palesemente abusive e accelerare le procedure.<\/p>\n\n\n\n<p class=\"wp-block-paragraph\"><strong>Gruppi target del sondaggio<\/strong><\/p>\n\n\n\n<ul class=\"wp-block-list\">\n<li>Avvocati che forniscono consulenza ai proprietari di edifici o che lavorano presso un tribunale o un&rsquo;autorit&agrave; di autorizzazione.<\/li>\n\n\n\n<li>Clienti, sviluppatori, architetti e pianificatori con esperienza in reclami, obiezioni e denunce informali.<\/li>\n\n\n\n<li>Clienti, sviluppatori, architetti e pianificatori disposti a contribuire con casi di studio.<\/li>\n<\/ul>\n\n\n\n<p class=\"wp-block-paragraph\"><strong>Link per la partecipazione<\/strong><\/p>\n\n\n\n<p class=\"wp-block-paragraph\">I link al sondaggio e ai casi di studio sono disponibili qui:<\/p>\n\n\n\n<p class=\"wp-block-paragraph\"><em>Sondaggio:<\/em> <a href=\"https:\/\/zimraum.limequery.com\/267822?lang=de\"><strong>https:\/\/zimraum.limequery.com\/267822?lang=de<\/strong><\/a><br><em>Casi di studio: <\/em><strong><a href=\"https:\/\/zimraum.limequery.com\/681486?lang=de\">https:\/\/zimraum.limequery.com\/681486?lang=de<\/a><\/strong><\/p>\n\n\n\n<p class=\"wp-block-paragraph\">La preghiamo di prevedere circa 20 minuti per completare il sondaggio e circa 15 minuti per ogni studio di caso. Il sondaggio e gli studi di caso possono essere completati in forma anonima e sono aperti fino al 31 marzo 2025.<\/p>\n\n\n\n<p class=\"wp-block-paragraph\"><strong>Il suo sostegno &egrave; necessario<br><\/strong>Attendiamo con ansia la sua partecipazione e la ringraziamo in anticipo per il suo tempo prezioso e il suo impegno. Con il suo aiuto, creeremo una base empirica per le misure volte ad accelerare i processi di autorizzazione e a gestire le obiezioni abusive.<\/p>\n\n\n\n<p class=\"wp-block-paragraph\">Insieme possiamo aprire la strada a pi&ugrave; spazio vitale! Grazie mille.<\/p>\n","protected":false},"excerpt":{"rendered":"<p>Sotto la guida del Consigliere federale Guy Parmelin, i rappresentanti dei Cantoni, delle citt\u00e0 e dei Comuni, nonch\u00e9 dell&#8217;industria edilizia e immobiliare e della societ\u00e0 civile hanno concordato oltre 30 misure nel piano d&#8217;azione sulla carenza di alloggi. L&#8217;obiettivo \u00e8 quello di aumentare l&#8217;offerta di alloggi e creare spazi abitativi di alta qualit\u00e0, accessibili e basati sulle esigenze.<\/p>\n","protected":false},"author":2,"featured_media":128035,"comment_status":"open","ping_status":"open","sticky":false,"template":"","format":"standard","meta":{"pmpro_default_level":"","inline_featured_image":false,"_monsterinsights_skip_tracking":false,"footnotes":""},"categories":[9446,22359,745,8469,22443],"tags":[],"class_list":["post-128071","post","type-post","status-publish","format-standard","has-post-thumbnail","hentry","category-regione-berna","category-costruzione","category-immonews-it","category-regioni","category-trends-it","pmpro-has-access"],"acf":{"bild_mit_ki_erstellt_worden":[],"lead":"Sotto la guida del Consigliere federale Guy Parmelin, i rappresentanti dei Cantoni, delle citt\u00e0 e dei Comuni, nonch\u00e9 dell'industria edilizia e immobiliare e della societ\u00e0 civile hanno concordato oltre 30 misure nel piano d'azione sulla carenza di alloggi. L'obiettivo \u00e8 quello di aumentare l'offerta di alloggi e creare spazi abitativi di alta qualit\u00e0, accessibili e basati sulle esigenze.","autor":"Quelle: Zimraum","ort":"","bildunterschrift":"","bild_im_grid":false,"gallerie":"","newsim":"333"},"aioseo_notices":[],"aioseo_head":"\n\t\t<!-- All in One SEO 5.0.0.1 - aioseo.com -->\n\t<meta name=\"description\" content=\"Sotto la guida del Consigliere federale Guy Parmelin, i rappresentanti dei Cantoni, delle citt\u00e0 e dei Comuni, nonch\u00e9 dell&#039;industria edilizia e immobiliare e della societ\u00e0 civile hanno concordato oltre 30 misure nel piano d&#039;azione sulla carenza di alloggi. L&#039;obiettivo \u00e8 quello di aumentare l&#039;offerta di alloggi e creare spazi abitativi di alta qualit\u00e0, accessibili e basati sulle esigenze.\" \/>\n\t<meta name=\"robots\" content=\"max-image-preview:large\" \/>\n\t<meta name=\"author\" content=\"immovestuser\"\/>\n\t<meta name=\"google-site-verification\" content=\"fHJKvgWpZCR2zVBHWfkQeFXC11qieUSff0HGNYfuyLA\" \/>\n\t<link rel=\"canonical\" href=\"https:\/\/www.immo-invest.ch\/it\/gemeinsam-wohnraum-schaffen-ihre-meinung-zaehlt\/\" \/>\n\t<meta name=\"generator\" content=\"All in One SEO (AIOSEO) 5.0.0.1\" \/>\n\t\t<meta property=\"og:locale\" content=\"it_IT\" \/>\n\t\t<meta property=\"og:site_name\" content=\"immo!nvest - Die Plattform f\u00fcr Standorte und Immobilien - Die\u00a0Plattform f\u00fcr Standorte und Immobilien\" \/>\n\t\t<meta property=\"og:type\" content=\"article\" \/>\n\t\t<meta property=\"og:title\" content=\"Creare uno spazio vitale insieme \u2013 la sua opinione conta! - immo!nvest - Die Plattform f\u00fcr Standorte und Immobilien\" \/>\n\t\t<meta property=\"og:description\" content=\"Sotto la guida del Consigliere federale Guy Parmelin, i rappresentanti dei Cantoni, delle citt\u00e0 e dei Comuni, nonch\u00e9 dell&#039;industria edilizia e immobiliare e della societ\u00e0 civile hanno concordato oltre 30 misure nel piano d&#039;azione sulla carenza di alloggi. L&#039;obiettivo \u00e8 quello di aumentare l&#039;offerta di alloggi e creare spazi abitativi di alta qualit\u00e0, accessibili e basati sulle esigenze.\" \/>\n\t\t<meta property=\"og:url\" content=\"https:\/\/www.immo-invest.ch\/it\/gemeinsam-wohnraum-schaffen-ihre-meinung-zaehlt\/\" \/>\n\t\t<meta property=\"og:image\" content=\"https:\/\/www.immo-invest.ch\/wp-content\/uploads\/2025\/03\/olten-25-scaled.jpg\" \/>\n\t\t<meta property=\"og:image:secure_url\" content=\"https:\/\/www.immo-invest.ch\/wp-content\/uploads\/2025\/03\/olten-25-scaled.jpg\" \/>\n\t\t<meta property=\"og:image:width\" content=\"2560\" \/>\n\t\t<meta property=\"og:image:height\" content=\"1704\" \/>\n\t\t<meta property=\"article:published_time\" content=\"2025-03-11T13:07:26+00:00\" \/>\n\t\t<meta property=\"article:modified_time\" content=\"2025-03-11T16:00:42+00:00\" \/>\n\t\t<meta property=\"article:publisher\" content=\"https:\/\/www.facebook.com\/people\/Immoinvest\/100077962920504\/\" \/>\n\t\t<meta name=\"twitter:card\" content=\"summary_large_image\" \/>\n\t\t<meta name=\"twitter:site\" content=\"@i\" \/>\n\t\t<meta name=\"twitter:title\" content=\"Creare uno spazio vitale insieme \u2013 la sua opinione conta! - immo!nvest - Die Plattform f\u00fcr Standorte und Immobilien\" \/>\n\t\t<meta name=\"twitter:description\" content=\"Sotto la guida del Consigliere federale Guy Parmelin, i rappresentanti dei Cantoni, delle citt\u00e0 e dei Comuni, nonch\u00e9 dell&#039;industria edilizia e immobiliare e della societ\u00e0 civile hanno concordato oltre 30 misure nel piano d&#039;azione sulla carenza di alloggi. L&#039;obiettivo \u00e8 quello di aumentare l&#039;offerta di alloggi e creare spazi abitativi di alta qualit\u00e0, accessibili e basati sulle esigenze.\" \/>\n\t\t<meta name=\"twitter:creator\" content=\"@i\" \/>\n\t\t<meta name=\"twitter:image\" content=\"https:\/\/www.immo-invest.ch\/wp-content\/uploads\/2025\/03\/olten-25-scaled.jpg\" \/>\n\t\t<script type=\"application\/ld+json\" class=\"aioseo-schema\">\n\t\t\t{\"@context\":\"https:\\\/\\\/schema.org\",\"@graph\":[{\"@type\":\"BlogPosting\",\"@id\":\"https:\\\/\\\/www.immo-invest.ch\\\/it\\\/gemeinsam-wohnraum-schaffen-ihre-meinung-zaehlt\\\/#blogposting\",\"name\":\"Creare uno spazio vitale insieme \\u2013 la sua opinione conta! - immo!nvest - Die Plattform f\\u00fcr Standorte und Immobilien\",\"headline\":\"Creare uno spazio vitale insieme &#8211; la sua opinione conta!\",\"author\":{\"@id\":\"https:\\\/\\\/www.immo-invest.ch\\\/it\\\/author\\\/immovestuser\\\/#author\"},\"publisher\":{\"@id\":\"https:\\\/\\\/www.immo-invest.ch\\\/it\\\/#organization\"},\"image\":{\"@type\":\"ImageObject\",\"url\":\"https:\\\/\\\/www.immo-invest.ch\\\/wp-content\\\/uploads\\\/2025\\\/03\\\/olten-25-scaled.jpg\",\"width\":2560,\"height\":1704,\"caption\":\"Quelle: Zimraum\"},\"datePublished\":\"2025-03-11T14:07:26+01:00\",\"dateModified\":\"2025-03-11T17:00:42+01:00\",\"inLanguage\":\"it-IT\",\"mainEntityOfPage\":{\"@id\":\"https:\\\/\\\/www.immo-invest.ch\\\/it\\\/gemeinsam-wohnraum-schaffen-ihre-meinung-zaehlt\\\/#webpage\"},\"isPartOf\":{\"@id\":\"https:\\\/\\\/www.immo-invest.ch\\\/it\\\/gemeinsam-wohnraum-schaffen-ihre-meinung-zaehlt\\\/#webpage\"},\"articleSection\":\"Berna, Costruzione, immoNews, Regioni, Trends, Optional\"},{\"@type\":\"BreadcrumbList\",\"@id\":\"https:\\\/\\\/www.immo-invest.ch\\\/it\\\/gemeinsam-wohnraum-schaffen-ihre-meinung-zaehlt\\\/#breadcrumblist\",\"itemListElement\":[{\"@type\":\"ListItem\",\"@id\":\"https:\\\/\\\/www.immo-invest.ch\\\/it\\\/#listItem\",\"position\":1,\"name\":\"Home\",\"item\":\"https:\\\/\\\/www.immo-invest.ch\\\/it\\\/\",\"nextItem\":{\"@type\":\"ListItem\",\"@id\":\"https:\\\/\\\/www.immo-invest.ch\\\/it\\\/categoria\\\/regioni\\\/#listItem\",\"name\":\"Regioni\"}},{\"@type\":\"ListItem\",\"@id\":\"https:\\\/\\\/www.immo-invest.ch\\\/it\\\/categoria\\\/regioni\\\/#listItem\",\"position\":2,\"name\":\"Regioni\",\"item\":\"https:\\\/\\\/www.immo-invest.ch\\\/it\\\/categoria\\\/regioni\\\/\",\"nextItem\":{\"@type\":\"ListItem\",\"@id\":\"https:\\\/\\\/www.immo-invest.ch\\\/it\\\/categoria\\\/regioni\\\/svizzera\\\/#listItem\",\"name\":\"Svizzera\"},\"previousItem\":{\"@type\":\"ListItem\",\"@id\":\"https:\\\/\\\/www.immo-invest.ch\\\/it\\\/#listItem\",\"name\":\"Home\"}},{\"@type\":\"ListItem\",\"@id\":\"https:\\\/\\\/www.immo-invest.ch\\\/it\\\/categoria\\\/regioni\\\/svizzera\\\/#listItem\",\"position\":3,\"name\":\"Svizzera\",\"item\":\"https:\\\/\\\/www.immo-invest.ch\\\/it\\\/categoria\\\/regioni\\\/svizzera\\\/\",\"nextItem\":{\"@type\":\"ListItem\",\"@id\":\"https:\\\/\\\/www.immo-invest.ch\\\/it\\\/categoria\\\/regioni\\\/svizzera\\\/espace-mittelland\\\/#listItem\",\"name\":\"Espace Mittelland\"},\"previousItem\":{\"@type\":\"ListItem\",\"@id\":\"https:\\\/\\\/www.immo-invest.ch\\\/it\\\/categoria\\\/regioni\\\/#listItem\",\"name\":\"Regioni\"}},{\"@type\":\"ListItem\",\"@id\":\"https:\\\/\\\/www.immo-invest.ch\\\/it\\\/categoria\\\/regioni\\\/svizzera\\\/espace-mittelland\\\/#listItem\",\"position\":4,\"name\":\"Espace Mittelland\",\"item\":\"https:\\\/\\\/www.immo-invest.ch\\\/it\\\/categoria\\\/regioni\\\/svizzera\\\/espace-mittelland\\\/\",\"nextItem\":{\"@type\":\"ListItem\",\"@id\":\"https:\\\/\\\/www.immo-invest.ch\\\/it\\\/categoria\\\/regioni\\\/svizzera\\\/espace-mittelland\\\/regione-berna\\\/#listItem\",\"name\":\"Berna\"},\"previousItem\":{\"@type\":\"ListItem\",\"@id\":\"https:\\\/\\\/www.immo-invest.ch\\\/it\\\/categoria\\\/regioni\\\/svizzera\\\/#listItem\",\"name\":\"Svizzera\"}},{\"@type\":\"ListItem\",\"@id\":\"https:\\\/\\\/www.immo-invest.ch\\\/it\\\/categoria\\\/regioni\\\/svizzera\\\/espace-mittelland\\\/regione-berna\\\/#listItem\",\"position\":5,\"name\":\"Berna\",\"item\":\"https:\\\/\\\/www.immo-invest.ch\\\/it\\\/categoria\\\/regioni\\\/svizzera\\\/espace-mittelland\\\/regione-berna\\\/\",\"nextItem\":{\"@type\":\"ListItem\",\"@id\":\"https:\\\/\\\/www.immo-invest.ch\\\/it\\\/gemeinsam-wohnraum-schaffen-ihre-meinung-zaehlt\\\/#listItem\",\"name\":\"Creare uno spazio vitale insieme &#8211; la sua opinione conta!\"},\"previousItem\":{\"@type\":\"ListItem\",\"@id\":\"https:\\\/\\\/www.immo-invest.ch\\\/it\\\/categoria\\\/regioni\\\/svizzera\\\/espace-mittelland\\\/#listItem\",\"name\":\"Espace Mittelland\"}},{\"@type\":\"ListItem\",\"@id\":\"https:\\\/\\\/www.immo-invest.ch\\\/it\\\/gemeinsam-wohnraum-schaffen-ihre-meinung-zaehlt\\\/#listItem\",\"position\":6,\"name\":\"Creare uno spazio vitale insieme &#8211; la sua opinione conta!\",\"previousItem\":{\"@type\":\"ListItem\",\"@id\":\"https:\\\/\\\/www.immo-invest.ch\\\/it\\\/categoria\\\/regioni\\\/svizzera\\\/espace-mittelland\\\/regione-berna\\\/#listItem\",\"name\":\"Berna\"}}]},{\"@type\":\"Organization\",\"@id\":\"https:\\\/\\\/www.immo-invest.ch\\\/it\\\/#organization\",\"name\":\"immo!nvest - Die Plattform f\\u00fcr Standorte und Immobilien\",\"description\":\"Die\\u00a0Plattform f\\u00fcr Standorte und Immobilien\",\"url\":\"https:\\\/\\\/www.immo-invest.ch\\\/it\\\/\",\"email\":\"admin@immomedia.ag\",\"telephone\":\"+41444420002\",\"logo\":{\"@type\":\"ImageObject\",\"url\":\"https:\\\/\\\/www.immo-invest.ch\\\/wp-content\\\/uploads\\\/2024\\\/09\\\/immoinvest_sm-scaled.jpg\",\"@id\":\"https:\\\/\\\/www.immo-invest.ch\\\/it\\\/gemeinsam-wohnraum-schaffen-ihre-meinung-zaehlt\\\/#organizationLogo\",\"width\":2560,\"height\":1340},\"image\":{\"@id\":\"https:\\\/\\\/www.immo-invest.ch\\\/it\\\/gemeinsam-wohnraum-schaffen-ihre-meinung-zaehlt\\\/#organizationLogo\"},\"sameAs\":[\"https:\\\/\\\/www.facebook.com\\\/people\\\/Immoinvest\\\/100077962920504\\\/\",\"https:\\\/\\\/x.com\\\/i\\\/flow\\\/login?redirect_after_login=immoinvest_ch\",\"https:\\\/\\\/www.instagram.com\\\/immoinvest_ch\\\/\",\"https:\\\/\\\/www.linkedin.com\\\/company\\\/immoinvest-swiss\"]},{\"@type\":\"Person\",\"@id\":\"https:\\\/\\\/www.immo-invest.ch\\\/it\\\/author\\\/immovestuser\\\/#author\",\"url\":\"https:\\\/\\\/www.immo-invest.ch\\\/it\\\/author\\\/immovestuser\\\/\",\"name\":\"immovestuser\",\"image\":{\"@type\":\"ImageObject\",\"@id\":\"https:\\\/\\\/www.immo-invest.ch\\\/it\\\/gemeinsam-wohnraum-schaffen-ihre-meinung-zaehlt\\\/#authorImage\",\"url\":\"https:\\\/\\\/secure.gravatar.com\\\/avatar\\\/8e01f4d99f2eeea7a362ebb93305e1172a70e9293ba250f897a65c39f54cdd1e?s=96&d=mm&r=g\",\"width\":96,\"height\":96,\"caption\":\"immovestuser\"}},{\"@type\":\"WebPage\",\"@id\":\"https:\\\/\\\/www.immo-invest.ch\\\/it\\\/gemeinsam-wohnraum-schaffen-ihre-meinung-zaehlt\\\/#webpage\",\"url\":\"https:\\\/\\\/www.immo-invest.ch\\\/it\\\/gemeinsam-wohnraum-schaffen-ihre-meinung-zaehlt\\\/\",\"name\":\"Creare uno spazio vitale insieme \\u2013 la sua opinione conta! - immo!nvest - Die Plattform f\\u00fcr Standorte und Immobilien\",\"description\":\"Sotto la guida del Consigliere federale Guy Parmelin, i rappresentanti dei Cantoni, delle citt\\u00e0 e dei Comuni, nonch\\u00e9 dell'industria edilizia e immobiliare e della societ\\u00e0 civile hanno concordato oltre 30 misure nel piano d'azione sulla carenza di alloggi. L'obiettivo \\u00e8 quello di aumentare l'offerta di alloggi e creare spazi abitativi di alta qualit\\u00e0, accessibili e basati sulle esigenze.\",\"inLanguage\":\"it-IT\",\"isPartOf\":{\"@id\":\"https:\\\/\\\/www.immo-invest.ch\\\/it\\\/#website\"},\"breadcrumb\":{\"@id\":\"https:\\\/\\\/www.immo-invest.ch\\\/it\\\/gemeinsam-wohnraum-schaffen-ihre-meinung-zaehlt\\\/#breadcrumblist\"},\"author\":{\"@id\":\"https:\\\/\\\/www.immo-invest.ch\\\/it\\\/author\\\/immovestuser\\\/#author\"},\"creator\":{\"@id\":\"https:\\\/\\\/www.immo-invest.ch\\\/it\\\/author\\\/immovestuser\\\/#author\"},\"image\":{\"@type\":\"ImageObject\",\"url\":\"https:\\\/\\\/www.immo-invest.ch\\\/wp-content\\\/uploads\\\/2025\\\/03\\\/olten-25-scaled.jpg\",\"@id\":\"https:\\\/\\\/www.immo-invest.ch\\\/it\\\/gemeinsam-wohnraum-schaffen-ihre-meinung-zaehlt\\\/#mainImage\",\"width\":2560,\"height\":1704,\"caption\":\"Quelle: Zimraum\"},\"primaryImageOfPage\":{\"@id\":\"https:\\\/\\\/www.immo-invest.ch\\\/it\\\/gemeinsam-wohnraum-schaffen-ihre-meinung-zaehlt\\\/#mainImage\"},\"datePublished\":\"2025-03-11T14:07:26+01:00\",\"dateModified\":\"2025-03-11T17:00:42+01:00\"},{\"@type\":\"WebSite\",\"@id\":\"https:\\\/\\\/www.immo-invest.ch\\\/it\\\/#website\",\"url\":\"https:\\\/\\\/www.immo-invest.ch\\\/it\\\/\",\"name\":\"immo!nvest - Die Plattform f\\u00fcr Standorte und Immobilien\",\"description\":\"Die\\u00a0Plattform f\\u00fcr Standorte und Immobilien\",\"inLanguage\":\"it-IT\",\"publisher\":{\"@id\":\"https:\\\/\\\/www.immo-invest.ch\\\/it\\\/#organization\"}}]}\n\t\t<\/script>\n\t\t<!-- All in One SEO -->\n\n","aioseo_head_json":{"title":"Creare uno spazio vitale insieme \u2013 la sua opinione conta! - immo!nvest - Die Plattform f\u00fcr Standorte und Immobilien","description":"Sotto la guida del Consigliere federale Guy Parmelin, i rappresentanti dei Cantoni, delle citt\u00e0 e dei Comuni, nonch\u00e9 dell'industria edilizia e immobiliare e della societ\u00e0 civile hanno concordato oltre 30 misure nel piano d'azione sulla carenza di alloggi. L'obiettivo \u00e8 quello di aumentare l'offerta di alloggi e creare spazi abitativi di alta qualit\u00e0, accessibili e basati sulle esigenze.","canonical_url":"https:\/\/www.immo-invest.ch\/it\/gemeinsam-wohnraum-schaffen-ihre-meinung-zaehlt\/","robots":"max-image-preview:large","keywords":"","webmasterTools":{"google-site-verification":"fHJKvgWpZCR2zVBHWfkQeFXC11qieUSff0HGNYfuyLA","miscellaneous":""},"schema":{"@context":"https:\/\/schema.org","@graph":[{"@type":"BlogPosting","@id":"https:\/\/www.immo-invest.ch\/it\/gemeinsam-wohnraum-schaffen-ihre-meinung-zaehlt\/#blogposting","name":"Creare uno spazio vitale insieme \u2013 la sua opinione conta! - immo!nvest - Die Plattform f\u00fcr Standorte und Immobilien","headline":"Creare uno spazio vitale insieme &#8211; la sua opinione conta!","author":{"@id":"https:\/\/www.immo-invest.ch\/it\/author\/immovestuser\/#author"},"publisher":{"@id":"https:\/\/www.immo-invest.ch\/it\/#organization"},"image":{"@type":"ImageObject","url":"https:\/\/www.immo-invest.ch\/wp-content\/uploads\/2025\/03\/olten-25-scaled.jpg","width":2560,"height":1704,"caption":"Quelle: Zimraum"},"datePublished":"2025-03-11T14:07:26+01:00","dateModified":"2025-03-11T17:00:42+01:00","inLanguage":"it-IT","mainEntityOfPage":{"@id":"https:\/\/www.immo-invest.ch\/it\/gemeinsam-wohnraum-schaffen-ihre-meinung-zaehlt\/#webpage"},"isPartOf":{"@id":"https:\/\/www.immo-invest.ch\/it\/gemeinsam-wohnraum-schaffen-ihre-meinung-zaehlt\/#webpage"},"articleSection":"Berna, Costruzione, immoNews, Regioni, Trends, Optional"},{"@type":"BreadcrumbList","@id":"https:\/\/www.immo-invest.ch\/it\/gemeinsam-wohnraum-schaffen-ihre-meinung-zaehlt\/#breadcrumblist","itemListElement":[{"@type":"ListItem","@id":"https:\/\/www.immo-invest.ch\/it\/#listItem","position":1,"name":"Home","item":"https:\/\/www.immo-invest.ch\/it\/","nextItem":{"@type":"ListItem","@id":"https:\/\/www.immo-invest.ch\/it\/categoria\/regioni\/#listItem","name":"Regioni"}},{"@type":"ListItem","@id":"https:\/\/www.immo-invest.ch\/it\/categoria\/regioni\/#listItem","position":2,"name":"Regioni","item":"https:\/\/www.immo-invest.ch\/it\/categoria\/regioni\/","nextItem":{"@type":"ListItem","@id":"https:\/\/www.immo-invest.ch\/it\/categoria\/regioni\/svizzera\/#listItem","name":"Svizzera"},"previousItem":{"@type":"ListItem","@id":"https:\/\/www.immo-invest.ch\/it\/#listItem","name":"Home"}},{"@type":"ListItem","@id":"https:\/\/www.immo-invest.ch\/it\/categoria\/regioni\/svizzera\/#listItem","position":3,"name":"Svizzera","item":"https:\/\/www.immo-invest.ch\/it\/categoria\/regioni\/svizzera\/","nextItem":{"@type":"ListItem","@id":"https:\/\/www.immo-invest.ch\/it\/categoria\/regioni\/svizzera\/espace-mittelland\/#listItem","name":"Espace Mittelland"},"previousItem":{"@type":"ListItem","@id":"https:\/\/www.immo-invest.ch\/it\/categoria\/regioni\/#listItem","name":"Regioni"}},{"@type":"ListItem","@id":"https:\/\/www.immo-invest.ch\/it\/categoria\/regioni\/svizzera\/espace-mittelland\/#listItem","position":4,"name":"Espace Mittelland","item":"https:\/\/www.immo-invest.ch\/it\/categoria\/regioni\/svizzera\/espace-mittelland\/","nextItem":{"@type":"ListItem","@id":"https:\/\/www.immo-invest.ch\/it\/categoria\/regioni\/svizzera\/espace-mittelland\/regione-berna\/#listItem","name":"Berna"},"previousItem":{"@type":"ListItem","@id":"https:\/\/www.immo-invest.ch\/it\/categoria\/regioni\/svizzera\/#listItem","name":"Svizzera"}},{"@type":"ListItem","@id":"https:\/\/www.immo-invest.ch\/it\/categoria\/regioni\/svizzera\/espace-mittelland\/regione-berna\/#listItem","position":5,"name":"Berna","item":"https:\/\/www.immo-invest.ch\/it\/categoria\/regioni\/svizzera\/espace-mittelland\/regione-berna\/","nextItem":{"@type":"ListItem","@id":"https:\/\/www.immo-invest.ch\/it\/gemeinsam-wohnraum-schaffen-ihre-meinung-zaehlt\/#listItem","name":"Creare uno spazio vitale insieme &#8211; la sua opinione conta!"},"previousItem":{"@type":"ListItem","@id":"https:\/\/www.immo-invest.ch\/it\/categoria\/regioni\/svizzera\/espace-mittelland\/#listItem","name":"Espace Mittelland"}},{"@type":"ListItem","@id":"https:\/\/www.immo-invest.ch\/it\/gemeinsam-wohnraum-schaffen-ihre-meinung-zaehlt\/#listItem","position":6,"name":"Creare uno spazio vitale insieme &#8211; la sua opinione conta!","previousItem":{"@type":"ListItem","@id":"https:\/\/www.immo-invest.ch\/it\/categoria\/regioni\/svizzera\/espace-mittelland\/regione-berna\/#listItem","name":"Berna"}}]},{"@type":"Organization","@id":"https:\/\/www.immo-invest.ch\/it\/#organization","name":"immo!nvest - Die Plattform f\u00fcr Standorte und Immobilien","description":"Die\u00a0Plattform f\u00fcr Standorte und Immobilien","url":"https:\/\/www.immo-invest.ch\/it\/","email":"admin@immomedia.ag","telephone":"+41444420002","logo":{"@type":"ImageObject","url":"https:\/\/www.immo-invest.ch\/wp-content\/uploads\/2024\/09\/immoinvest_sm-scaled.jpg","@id":"https:\/\/www.immo-invest.ch\/it\/gemeinsam-wohnraum-schaffen-ihre-meinung-zaehlt\/#organizationLogo","width":2560,"height":1340},"image":{"@id":"https:\/\/www.immo-invest.ch\/it\/gemeinsam-wohnraum-schaffen-ihre-meinung-zaehlt\/#organizationLogo"},"sameAs":["https:\/\/www.facebook.com\/people\/Immoinvest\/100077962920504\/","https:\/\/x.com\/i\/flow\/login?redirect_after_login=immoinvest_ch","https:\/\/www.instagram.com\/immoinvest_ch\/","https:\/\/www.linkedin.com\/company\/immoinvest-swiss"]},{"@type":"Person","@id":"https:\/\/www.immo-invest.ch\/it\/author\/immovestuser\/#author","url":"https:\/\/www.immo-invest.ch\/it\/author\/immovestuser\/","name":"immovestuser","image":{"@type":"ImageObject","@id":"https:\/\/www.immo-invest.ch\/it\/gemeinsam-wohnraum-schaffen-ihre-meinung-zaehlt\/#authorImage","url":"https:\/\/secure.gravatar.com\/avatar\/8e01f4d99f2eeea7a362ebb93305e1172a70e9293ba250f897a65c39f54cdd1e?s=96&d=mm&r=g","width":96,"height":96,"caption":"immovestuser"}},{"@type":"WebPage","@id":"https:\/\/www.immo-invest.ch\/it\/gemeinsam-wohnraum-schaffen-ihre-meinung-zaehlt\/#webpage","url":"https:\/\/www.immo-invest.ch\/it\/gemeinsam-wohnraum-schaffen-ihre-meinung-zaehlt\/","name":"Creare uno spazio vitale insieme \u2013 la sua opinione conta! - immo!nvest - Die Plattform f\u00fcr Standorte und Immobilien","description":"Sotto la guida del Consigliere federale Guy Parmelin, i rappresentanti dei Cantoni, delle citt\u00e0 e dei Comuni, nonch\u00e9 dell'industria edilizia e immobiliare e della societ\u00e0 civile hanno concordato oltre 30 misure nel piano d'azione sulla carenza di alloggi. L'obiettivo \u00e8 quello di aumentare l'offerta di alloggi e creare spazi abitativi di alta qualit\u00e0, accessibili e basati sulle esigenze.","inLanguage":"it-IT","isPartOf":{"@id":"https:\/\/www.immo-invest.ch\/it\/#website"},"breadcrumb":{"@id":"https:\/\/www.immo-invest.ch\/it\/gemeinsam-wohnraum-schaffen-ihre-meinung-zaehlt\/#breadcrumblist"},"author":{"@id":"https:\/\/www.immo-invest.ch\/it\/author\/immovestuser\/#author"},"creator":{"@id":"https:\/\/www.immo-invest.ch\/it\/author\/immovestuser\/#author"},"image":{"@type":"ImageObject","url":"https:\/\/www.immo-invest.ch\/wp-content\/uploads\/2025\/03\/olten-25-scaled.jpg","@id":"https:\/\/www.immo-invest.ch\/it\/gemeinsam-wohnraum-schaffen-ihre-meinung-zaehlt\/#mainImage","width":2560,"height":1704,"caption":"Quelle: Zimraum"},"primaryImageOfPage":{"@id":"https:\/\/www.immo-invest.ch\/it\/gemeinsam-wohnraum-schaffen-ihre-meinung-zaehlt\/#mainImage"},"datePublished":"2025-03-11T14:07:26+01:00","dateModified":"2025-03-11T17:00:42+01:00"},{"@type":"WebSite","@id":"https:\/\/www.immo-invest.ch\/it\/#website","url":"https:\/\/www.immo-invest.ch\/it\/","name":"immo!nvest - Die Plattform f\u00fcr Standorte und Immobilien","description":"Die\u00a0Plattform f\u00fcr Standorte und Immobilien","inLanguage":"it-IT","publisher":{"@id":"https:\/\/www.immo-invest.ch\/it\/#organization"}}]},"og:locale":"it_IT","og:site_name":"immo!nvest - Die Plattform f\u00fcr Standorte und Immobilien - Die\u00a0Plattform f\u00fcr Standorte und Immobilien","og:type":"article","og:title":"Creare uno spazio vitale insieme \u2013 la sua opinione conta! - immo!nvest - Die Plattform f\u00fcr Standorte und Immobilien","og:description":"Sotto la guida del Consigliere federale Guy Parmelin, i rappresentanti dei Cantoni, delle citt\u00e0 e dei Comuni, nonch\u00e9 dell'industria edilizia e immobiliare e della societ\u00e0 civile hanno concordato oltre 30 misure nel piano d'azione sulla carenza di alloggi. L'obiettivo \u00e8 quello di aumentare l'offerta di alloggi e creare spazi abitativi di alta qualit\u00e0, accessibili e basati sulle esigenze.","og:url":"https:\/\/www.immo-invest.ch\/it\/gemeinsam-wohnraum-schaffen-ihre-meinung-zaehlt\/","og:image":"https:\/\/www.immo-invest.ch\/wp-content\/uploads\/2025\/03\/olten-25-scaled.jpg","og:image:secure_url":"https:\/\/www.immo-invest.ch\/wp-content\/uploads\/2025\/03\/olten-25-scaled.jpg","og:image:width":2560,"og:image:height":1704,"article:published_time":"2025-03-11T13:07:26+00:00","article:modified_time":"2025-03-11T16:00:42+00:00","article:publisher":"https:\/\/www.facebook.com\/people\/Immoinvest\/100077962920504\/","twitter:card":"summary_large_image","twitter:site":"@i","twitter:title":"Creare uno spazio vitale insieme \u2013 la sua opinione conta! - immo!nvest - Die Plattform f\u00fcr Standorte und Immobilien","twitter:description":"Sotto la guida del Consigliere federale Guy Parmelin, i rappresentanti dei Cantoni, delle citt\u00e0 e dei Comuni, nonch\u00e9 dell'industria edilizia e immobiliare e della societ\u00e0 civile hanno concordato oltre 30 misure nel piano d'azione sulla carenza di alloggi. L'obiettivo \u00e8 quello di aumentare l'offerta di alloggi e creare spazi abitativi di alta qualit\u00e0, accessibili e basati sulle esigenze.","twitter:creator":"@i","twitter:image":"https:\/\/www.immo-invest.ch\/wp-content\/uploads\/2025\/03\/olten-25-scaled.jpg"},"aioseo_meta_data":{"post_id":"128071","title":null,"description":null,"keywords":null,"keyphrases":{"focus":{"keyphrase":"","score":0,"analysis":{"keyphraseInTitle":{"score":0,"maxScore":9,"error":1}}},"additional":[]},"primary_term":null,"canonical_url":null,"og_title":null,"og_description":null,"og_object_type":"default","og_image_type":"default","og_image_url":null,"og_image_width":null,"og_image_height":null,"og_image_custom_url":null,"og_image_custom_fields":null,"og_video":"","og_custom_url":null,"og_article_section":null,"og_article_tags":null,"twitter_use_og":false,"twitter_card":"default","twitter_image_type":"default","twitter_image_url":null,"twitter_image_custom_url":null,"twitter_image_custom_fields":null,"twitter_title":null,"twitter_description":null,"schema":{"blockGraphs":[],"customGraphs":[],"default":{"data":{"Article":[],"Course":[],"Dataset":[],"FAQPage":[],"Movie":[],"Person":[],"Product":[],"ProductReview":[],"Car":[],"Recipe":[],"Service":[],"SoftwareApplication":[],"WebPage":[]},"graphName":"BlogPosting","isEnabled":true},"graphs":[]},"schema_type":"default","schema_type_options":null,"pillar_content":false,"robots_default":true,"robots_noindex":false,"robots_noarchive":false,"robots_nosnippet":false,"robots_nofollow":false,"robots_noimageindex":false,"robots_noodp":false,"robots_notranslate":false,"robots_max_snippet":"-1","robots_max_videopreview":"-1","robots_max_imagepreview":"large","priority":null,"frequency":"default","local_seo":null,"breadcrumb_settings":null,"limit_modified_date":false,"ai":null,"created":"2025-03-11 13:19:35","updated":"2025-10-24 17:49:23","seo_analyzer_scan_date":null,"focus_keyword":null,"additional_keywords":null,"truseo_locale":null},"aioseo_breadcrumb":"<div class=\"aioseo-breadcrumbs\"><span class=\"aioseo-breadcrumb\">\n\t\t\t<a href=\"https:\/\/www.immo-invest.ch\/it\/\" title=\"Home\">Home<\/a>\n\t\t<\/span><span class=\"aioseo-breadcrumb-separator\">&raquo;<\/span><span class=\"aioseo-breadcrumb\">\n\t\t\t<a href=\"https:\/\/www.immo-invest.ch\/it\/categoria\/regioni\/\" title=\"Regioni\">Regioni<\/a>\n\t\t<\/span><span class=\"aioseo-breadcrumb-separator\">&raquo;<\/span><span class=\"aioseo-breadcrumb\">\n\t\t\t<a href=\"https:\/\/www.immo-invest.ch\/it\/categoria\/regioni\/svizzera\/\" title=\"Svizzera\">Svizzera<\/a>\n\t\t<\/span><span class=\"aioseo-breadcrumb-separator\">&raquo;<\/span><span class=\"aioseo-breadcrumb\">\n\t\t\t<a href=\"https:\/\/www.immo-invest.ch\/it\/categoria\/regioni\/svizzera\/espace-mittelland\/\" title=\"Espace Mittelland\">Espace Mittelland<\/a>\n\t\t<\/span><span class=\"aioseo-breadcrumb-separator\">&raquo;<\/span><span class=\"aioseo-breadcrumb\">\n\t\t\t<a href=\"https:\/\/www.immo-invest.ch\/it\/categoria\/regioni\/svizzera\/espace-mittelland\/regione-berna\/\" title=\"Berna\">Berna<\/a>\n\t\t<\/span><span class=\"aioseo-breadcrumb-separator\">&raquo;<\/span><span class=\"aioseo-breadcrumb\">\n\t\t\tCreare uno spazio vitale insieme \u2013 la sua opinione conta!\n\t\t<\/span><\/div>","aioseo_breadcrumb_json":[{"label":"Home","link":"https:\/\/www.immo-invest.ch\/it\/"},{"label":"Regioni","link":"https:\/\/www.immo-invest.ch\/it\/categoria\/regioni\/"},{"label":"Svizzera","link":"https:\/\/www.immo-invest.ch\/it\/categoria\/regioni\/svizzera\/"},{"label":"Espace Mittelland","link":"https:\/\/www.immo-invest.ch\/it\/categoria\/regioni\/svizzera\/espace-mittelland\/"},{"label":"Berna","link":"https:\/\/www.immo-invest.ch\/it\/categoria\/regioni\/svizzera\/espace-mittelland\/regione-berna\/"},{"label":"Creare uno spazio vitale insieme &#8211; la sua opinione conta!","link":"https:\/\/www.immo-invest.ch\/it\/gemeinsam-wohnraum-schaffen-ihre-meinung-zaehlt\/"}],"featured_image_src":"https:\/\/www.immo-invest.ch\/wp-content\/uploads\/2025\/03\/olten-25-336x168.jpg","_links":{"self":[{"href":"https:\/\/www.immo-invest.ch\/it\/wp-json\/wp\/v2\/posts\/128071","targetHints":{"allow":["GET"]}}],"collection":[{"href":"https:\/\/www.immo-invest.ch\/it\/wp-json\/wp\/v2\/posts"}],"about":[{"href":"https:\/\/www.immo-invest.ch\/it\/wp-json\/wp\/v2\/types\/post"}],"author":[{"embeddable":true,"href":"https:\/\/www.immo-invest.ch\/it\/wp-json\/wp\/v2\/users\/2"}],"replies":[{"embeddable":true,"href":"https:\/\/www.immo-invest.ch\/it\/wp-json\/wp\/v2\/comments?post=128071"}],"version-history":[{"count":0,"href":"https:\/\/www.immo-invest.ch\/it\/wp-json\/wp\/v2\/posts\/128071\/revisions"}],"wp:featuredmedia":[{"embeddable":true,"href":"https:\/\/www.immo-invest.ch\/it\/wp-json\/wp\/v2\/media\/128035"}],"wp:attachment":[{"href":"https:\/\/www.immo-invest.ch\/it\/wp-json\/wp\/v2\/media?parent=128071"}],"wp:term":[{"taxonomy":"category","embeddable":true,"href":"https:\/\/www.immo-invest.ch\/it\/wp-json\/wp\/v2\/categories?post=128071"},{"taxonomy":"post_tag","embeddable":true,"href":"https:\/\/www.immo-invest.ch\/it\/wp-json\/wp\/v2\/tags?post=128071"}],"curies":[{"name":"wp","href":"https:\/\/api.w.org\/{rel}","templated":true}]}}