{"id":127951,"date":"2025-03-13T12:27:00","date_gmt":"2025-03-13T11:27:00","guid":{"rendered":"https:\/\/www.immo-invest.ch\/?p=127951"},"modified":"2025-03-11T09:42:01","modified_gmt":"2025-03-11T08:42:01","slug":"kanton-luzern-plant-investitonen-in-lebens-und-wirtschaftsstandort","status":"publish","type":"post","link":"https:\/\/www.immo-invest.ch\/it\/kanton-luzern-plant-investitonen-in-lebens-und-wirtschaftsstandort\/","title":{"rendered":"Il Cantone di Lucerna pianifica investimenti per la residenza e la sede degli affari"},"content":{"rendered":"<p class=\"bodytext\">Il <a href=\"https:\/\/www.lu.ch\/\" target=\"_blank\" rel=\"noopener\">Cantone di Lucerna<\/a> sta pianificando un&rsquo;offensiva di investimenti per promuovere la localit&agrave;. A causa degli sviluppi fiscali internazionali, come la tassazione minima dell&rsquo;OCSE, il Cantone sta &ldquo;perdendo il suo vantaggio competitivo di basse imposte sugli utili aziendali per le grandi aziende internazionali&rdquo;, ha spiegato la <a href=\"https:\/\/www.lu.ch\/verwaltung\/staatskanzlei\" target=\"_blank\" rel=\"noopener\">Cancelleria di Stato<\/a> cantonale in un <a href=\"https:\/\/news.lu.ch\/html_mail.jsp?id=0&amp;email=news.lu.ch&amp;mailref=000kowq0000ti00000000000004wi4tp\" target=\"_blank\" rel=\"noopener\">comunicato stampa<\/a>. In particolare, si teme che le aziende interessate delocalizzino o limitino i loro investimenti nel Cantone. Il Governo cantonale vuole contrastare questo fenomeno con investimenti mirati nel Cantone come luogo in cui vivere e fare affari.<\/p>\n<p class=\"bodytext\">Una proposta presentata per consultazione dal <a href=\"https:\/\/www.lu.ch\/regierung\" target=\"_blank\" rel=\"noopener\">Governo cantonale<\/a> il 10 marzo prevede di investire 300 milioni di franchi svizzeri all&rsquo;anno in un ampio pacchetto di misure a partire dal 2026. &ldquo;Il Cantone di Lucerna sta andando bene, quindi abbiamo l&rsquo;opportunit&agrave; di investire nel nostro ambiente di vita ed economico e di rimanere attraenti a lungo termine&rdquo;, ha dichiarato Fabian Peter, Capo del Dipartimento cantonale per l&rsquo;edilizia, l&rsquo;ambiente e l&rsquo;economia, nel comunicato stampa. &ldquo;Questo &egrave; l&rsquo;obiettivo di questa proposta di legge&rdquo;<\/p>\n<p class=\"bodytext\">Due terzi dei fondi saranno utilizzati per rafforzare la posizione degli affari. L&rsquo;attenzione si concentra sulla promozione dell&rsquo;innovazione e sul miglioramento delle condizioni quadro per la digitalizzazione, la disponibilit&agrave; di locali commerciali e l&rsquo;amministrazione orientata al cliente. Dei restanti 100 milioni di franchi svizzeri a favore della popolazione di Lucerna, la parte del leone, 70 milioni di franchi svizzeri, &egrave; destinata alla riduzione dell&rsquo;aliquota fiscale per le persone fisiche.<\/p>\n","protected":false},"excerpt":{"rendered":"<p>Il Cantone di Lucerna presume che la tassazione minima dell&#8217;OCSE render\u00e0 la localit\u00e0 meno attraente. Vuole contrastare questo fenomeno con 300 milioni di franchi all&#8217;anno a partire dal 2026. Gli investimenti devono essere indirizzati in modo specifico verso la localit\u00e0 come luogo in cui vivere e fare affari.<\/p>\n","protected":false},"author":2,"featured_media":111461,"comment_status":"open","ping_status":"open","sticky":false,"template":"","format":"standard","meta":{"pmpro_default_level":"","inline_featured_image":false,"_monsterinsights_skip_tracking":false,"footnotes":""},"categories":[9431,22359,745,9447],"tags":[867,3935,2006,5516,52060,1601],"class_list":["post-127951","post","type-post","status-publish","format-standard","has-post-thumbnail","hentry","category-business-it","category-costruzione","category-immonews-it","category-regione-lucerna","tag-immoinvest-it","tag-immonews-it","tag-news-it","tag-standortentwicklung-it","tag-steuerreform-it","tag-wirtschaftsfoerderung-it","pmpro-has-access"],"acf":{"bild_mit_ki_erstellt_worden":[],"lead":"Il Cantone di Lucerna presume che la tassazione minima dell'OCSE render\u00e0 la localit\u00e0 meno attraente. Vuole contrastare questo fenomeno con 300 milioni di franchi all'anno a partire dal 2026. Gli investimenti devono essere indirizzati in modo specifico verso la localit\u00e0 come luogo in cui vivere e fare affari.","autor":"ce\/hs","ort":"Luzern ","bildunterschrift":"","bild_im_grid":false,"gallerie":"","newsim":""},"aioseo_notices":[],"aioseo_head":"\n\t\t<!-- All in One SEO 5.0.0.1 - aioseo.com -->\n\t<meta name=\"description\" content=\"Il Cantone di Lucerna presume che la tassazione minima dell&#039;OCSE render\u00e0 la localit\u00e0 meno attraente. Vuole contrastare questo fenomeno con 300 milioni di franchi all&#039;anno a partire dal 2026. Gli investimenti devono essere indirizzati in modo specifico verso la localit\u00e0 come luogo in cui vivere e fare affari.\" \/>\n\t<meta name=\"robots\" content=\"max-image-preview:large\" \/>\n\t<meta name=\"author\" content=\"immovestuser\"\/>\n\t<meta name=\"google-site-verification\" content=\"fHJKvgWpZCR2zVBHWfkQeFXC11qieUSff0HGNYfuyLA\" \/>\n\t<link rel=\"canonical\" href=\"https:\/\/www.immo-invest.ch\/it\/kanton-luzern-plant-investitonen-in-lebens-und-wirtschaftsstandort\/\" \/>\n\t<meta name=\"generator\" content=\"All in One SEO (AIOSEO) 5.0.0.1\" \/>\n\t\t<meta property=\"og:locale\" content=\"it_IT\" \/>\n\t\t<meta property=\"og:site_name\" content=\"immo!nvest - Die Plattform f\u00fcr Standorte und Immobilien - Die\u00a0Plattform f\u00fcr Standorte und Immobilien\" \/>\n\t\t<meta property=\"og:type\" content=\"article\" \/>\n\t\t<meta property=\"og:title\" content=\"Il Cantone di Lucerna pianifica investimenti per la residenza e la sede degli affari - immo!nvest - Die Plattform f\u00fcr Standorte und Immobilien\" \/>\n\t\t<meta property=\"og:description\" content=\"Il Cantone di Lucerna presume che la tassazione minima dell&#039;OCSE render\u00e0 la localit\u00e0 meno attraente. Vuole contrastare questo fenomeno con 300 milioni di franchi all&#039;anno a partire dal 2026. Gli investimenti devono essere indirizzati in modo specifico verso la localit\u00e0 come luogo in cui vivere e fare affari.\" \/>\n\t\t<meta property=\"og:url\" content=\"https:\/\/www.immo-invest.ch\/it\/kanton-luzern-plant-investitonen-in-lebens-und-wirtschaftsstandort\/\" \/>\n\t\t<meta property=\"og:image\" content=\"https:\/\/www.immo-invest.ch\/wp-content\/uploads\/2024\/08\/unsplash_luzern-scaled.jpg\" \/>\n\t\t<meta property=\"og:image:secure_url\" content=\"https:\/\/www.immo-invest.ch\/wp-content\/uploads\/2024\/08\/unsplash_luzern-scaled.jpg\" \/>\n\t\t<meta property=\"og:image:width\" content=\"2560\" \/>\n\t\t<meta property=\"og:image:height\" content=\"1707\" \/>\n\t\t<meta property=\"article:published_time\" content=\"2025-03-13T11:27:00+00:00\" \/>\n\t\t<meta property=\"article:modified_time\" content=\"2025-03-11T08:42:01+00:00\" \/>\n\t\t<meta property=\"article:publisher\" content=\"https:\/\/www.facebook.com\/people\/Immoinvest\/100077962920504\/\" \/>\n\t\t<meta name=\"twitter:card\" content=\"summary_large_image\" \/>\n\t\t<meta name=\"twitter:site\" content=\"@i\" \/>\n\t\t<meta name=\"twitter:title\" content=\"Il Cantone di Lucerna pianifica investimenti per la residenza e la sede degli affari - immo!nvest - Die Plattform f\u00fcr Standorte und Immobilien\" \/>\n\t\t<meta name=\"twitter:description\" content=\"Il Cantone di Lucerna presume che la tassazione minima dell&#039;OCSE render\u00e0 la localit\u00e0 meno attraente. Vuole contrastare questo fenomeno con 300 milioni di franchi all&#039;anno a partire dal 2026. Gli investimenti devono essere indirizzati in modo specifico verso la localit\u00e0 come luogo in cui vivere e fare affari.\" \/>\n\t\t<meta name=\"twitter:creator\" content=\"@i\" \/>\n\t\t<meta name=\"twitter:image\" content=\"https:\/\/www.immo-invest.ch\/wp-content\/uploads\/2024\/08\/unsplash_luzern-scaled.jpg\" \/>\n\t\t<script type=\"application\/ld+json\" class=\"aioseo-schema\">\n\t\t\t{\"@context\":\"https:\\\/\\\/schema.org\",\"@graph\":[{\"@type\":\"BlogPosting\",\"@id\":\"https:\\\/\\\/www.immo-invest.ch\\\/it\\\/kanton-luzern-plant-investitonen-in-lebens-und-wirtschaftsstandort\\\/#blogposting\",\"name\":\"Il Cantone di Lucerna pianifica investimenti per la residenza e la sede degli affari - immo!nvest - Die Plattform f\\u00fcr Standorte und Immobilien\",\"headline\":\"Il Cantone di Lucerna pianifica investimenti per la residenza e la sede degli affari\",\"author\":{\"@id\":\"https:\\\/\\\/www.immo-invest.ch\\\/it\\\/author\\\/immovestuser\\\/#author\"},\"publisher\":{\"@id\":\"https:\\\/\\\/www.immo-invest.ch\\\/it\\\/#organization\"},\"image\":{\"@type\":\"ImageObject\",\"url\":\"https:\\\/\\\/www.immo-invest.ch\\\/wp-content\\\/uploads\\\/2024\\\/08\\\/unsplash_luzern-scaled.jpg\",\"width\":2560,\"height\":1707},\"datePublished\":\"2025-03-13T12:27:00+01:00\",\"dateModified\":\"2025-03-11T09:42:01+01:00\",\"inLanguage\":\"it-IT\",\"mainEntityOfPage\":{\"@id\":\"https:\\\/\\\/www.immo-invest.ch\\\/it\\\/kanton-luzern-plant-investitonen-in-lebens-und-wirtschaftsstandort\\\/#webpage\"},\"isPartOf\":{\"@id\":\"https:\\\/\\\/www.immo-invest.ch\\\/it\\\/kanton-luzern-plant-investitonen-in-lebens-und-wirtschaftsstandort\\\/#webpage\"},\"articleSection\":\"Business, Costruzione, immoNews, Lucerna, Immoinvest, immoNews, News, Standortentwicklung, Steuerreform, Wirtschaftsf\\u00f6rderung, Optional\"},{\"@type\":\"BreadcrumbList\",\"@id\":\"https:\\\/\\\/www.immo-invest.ch\\\/it\\\/kanton-luzern-plant-investitonen-in-lebens-und-wirtschaftsstandort\\\/#breadcrumblist\",\"itemListElement\":[{\"@type\":\"ListItem\",\"@id\":\"https:\\\/\\\/www.immo-invest.ch\\\/it\\\/#listItem\",\"position\":1,\"name\":\"Home\",\"item\":\"https:\\\/\\\/www.immo-invest.ch\\\/it\\\/\",\"nextItem\":{\"@type\":\"ListItem\",\"@id\":\"https:\\\/\\\/www.immo-invest.ch\\\/it\\\/categoria\\\/regioni\\\/#listItem\",\"name\":\"Regioni\"}},{\"@type\":\"ListItem\",\"@id\":\"https:\\\/\\\/www.immo-invest.ch\\\/it\\\/categoria\\\/regioni\\\/#listItem\",\"position\":2,\"name\":\"Regioni\",\"item\":\"https:\\\/\\\/www.immo-invest.ch\\\/it\\\/categoria\\\/regioni\\\/\",\"nextItem\":{\"@type\":\"ListItem\",\"@id\":\"https:\\\/\\\/www.immo-invest.ch\\\/it\\\/categoria\\\/regioni\\\/svizzera\\\/#listItem\",\"name\":\"Svizzera\"},\"previousItem\":{\"@type\":\"ListItem\",\"@id\":\"https:\\\/\\\/www.immo-invest.ch\\\/it\\\/#listItem\",\"name\":\"Home\"}},{\"@type\":\"ListItem\",\"@id\":\"https:\\\/\\\/www.immo-invest.ch\\\/it\\\/categoria\\\/regioni\\\/svizzera\\\/#listItem\",\"position\":3,\"name\":\"Svizzera\",\"item\":\"https:\\\/\\\/www.immo-invest.ch\\\/it\\\/categoria\\\/regioni\\\/svizzera\\\/\",\"nextItem\":{\"@type\":\"ListItem\",\"@id\":\"https:\\\/\\\/www.immo-invest.ch\\\/it\\\/categoria\\\/regioni\\\/svizzera\\\/zentralschweiz-it\\\/#listItem\",\"name\":\"Zentralschweiz\"},\"previousItem\":{\"@type\":\"ListItem\",\"@id\":\"https:\\\/\\\/www.immo-invest.ch\\\/it\\\/categoria\\\/regioni\\\/#listItem\",\"name\":\"Regioni\"}},{\"@type\":\"ListItem\",\"@id\":\"https:\\\/\\\/www.immo-invest.ch\\\/it\\\/categoria\\\/regioni\\\/svizzera\\\/zentralschweiz-it\\\/#listItem\",\"position\":4,\"name\":\"Zentralschweiz\",\"item\":\"https:\\\/\\\/www.immo-invest.ch\\\/it\\\/categoria\\\/regioni\\\/svizzera\\\/zentralschweiz-it\\\/\",\"nextItem\":{\"@type\":\"ListItem\",\"@id\":\"https:\\\/\\\/www.immo-invest.ch\\\/it\\\/categoria\\\/regioni\\\/svizzera\\\/zentralschweiz-it\\\/regione-lucerna\\\/#listItem\",\"name\":\"Lucerna\"},\"previousItem\":{\"@type\":\"ListItem\",\"@id\":\"https:\\\/\\\/www.immo-invest.ch\\\/it\\\/categoria\\\/regioni\\\/svizzera\\\/#listItem\",\"name\":\"Svizzera\"}},{\"@type\":\"ListItem\",\"@id\":\"https:\\\/\\\/www.immo-invest.ch\\\/it\\\/categoria\\\/regioni\\\/svizzera\\\/zentralschweiz-it\\\/regione-lucerna\\\/#listItem\",\"position\":5,\"name\":\"Lucerna\",\"item\":\"https:\\\/\\\/www.immo-invest.ch\\\/it\\\/categoria\\\/regioni\\\/svizzera\\\/zentralschweiz-it\\\/regione-lucerna\\\/\",\"nextItem\":{\"@type\":\"ListItem\",\"@id\":\"https:\\\/\\\/www.immo-invest.ch\\\/it\\\/kanton-luzern-plant-investitonen-in-lebens-und-wirtschaftsstandort\\\/#listItem\",\"name\":\"Il Cantone di Lucerna pianifica investimenti per la residenza e la sede degli affari\"},\"previousItem\":{\"@type\":\"ListItem\",\"@id\":\"https:\\\/\\\/www.immo-invest.ch\\\/it\\\/categoria\\\/regioni\\\/svizzera\\\/zentralschweiz-it\\\/#listItem\",\"name\":\"Zentralschweiz\"}},{\"@type\":\"ListItem\",\"@id\":\"https:\\\/\\\/www.immo-invest.ch\\\/it\\\/kanton-luzern-plant-investitonen-in-lebens-und-wirtschaftsstandort\\\/#listItem\",\"position\":6,\"name\":\"Il Cantone di Lucerna pianifica investimenti per la residenza e la sede degli affari\",\"previousItem\":{\"@type\":\"ListItem\",\"@id\":\"https:\\\/\\\/www.immo-invest.ch\\\/it\\\/categoria\\\/regioni\\\/svizzera\\\/zentralschweiz-it\\\/regione-lucerna\\\/#listItem\",\"name\":\"Lucerna\"}}]},{\"@type\":\"Organization\",\"@id\":\"https:\\\/\\\/www.immo-invest.ch\\\/it\\\/#organization\",\"name\":\"immo!nvest - Die Plattform f\\u00fcr Standorte und Immobilien\",\"description\":\"Die\\u00a0Plattform f\\u00fcr Standorte und Immobilien\",\"url\":\"https:\\\/\\\/www.immo-invest.ch\\\/it\\\/\",\"email\":\"admin@immomedia.ag\",\"telephone\":\"+41444420002\",\"logo\":{\"@type\":\"ImageObject\",\"url\":\"https:\\\/\\\/www.immo-invest.ch\\\/wp-content\\\/uploads\\\/2024\\\/09\\\/immoinvest_sm-scaled.jpg\",\"@id\":\"https:\\\/\\\/www.immo-invest.ch\\\/it\\\/kanton-luzern-plant-investitonen-in-lebens-und-wirtschaftsstandort\\\/#organizationLogo\",\"width\":2560,\"height\":1340},\"image\":{\"@id\":\"https:\\\/\\\/www.immo-invest.ch\\\/it\\\/kanton-luzern-plant-investitonen-in-lebens-und-wirtschaftsstandort\\\/#organizationLogo\"},\"sameAs\":[\"https:\\\/\\\/www.facebook.com\\\/people\\\/Immoinvest\\\/100077962920504\\\/\",\"https:\\\/\\\/x.com\\\/i\\\/flow\\\/login?redirect_after_login=immoinvest_ch\",\"https:\\\/\\\/www.instagram.com\\\/immoinvest_ch\\\/\",\"https:\\\/\\\/www.linkedin.com\\\/company\\\/immoinvest-swiss\"]},{\"@type\":\"Person\",\"@id\":\"https:\\\/\\\/www.immo-invest.ch\\\/it\\\/author\\\/immovestuser\\\/#author\",\"url\":\"https:\\\/\\\/www.immo-invest.ch\\\/it\\\/author\\\/immovestuser\\\/\",\"name\":\"immovestuser\",\"image\":{\"@type\":\"ImageObject\",\"@id\":\"https:\\\/\\\/www.immo-invest.ch\\\/it\\\/kanton-luzern-plant-investitonen-in-lebens-und-wirtschaftsstandort\\\/#authorImage\",\"url\":\"https:\\\/\\\/secure.gravatar.com\\\/avatar\\\/8e01f4d99f2eeea7a362ebb93305e1172a70e9293ba250f897a65c39f54cdd1e?s=96&d=mm&r=g\",\"width\":96,\"height\":96,\"caption\":\"immovestuser\"}},{\"@type\":\"WebPage\",\"@id\":\"https:\\\/\\\/www.immo-invest.ch\\\/it\\\/kanton-luzern-plant-investitonen-in-lebens-und-wirtschaftsstandort\\\/#webpage\",\"url\":\"https:\\\/\\\/www.immo-invest.ch\\\/it\\\/kanton-luzern-plant-investitonen-in-lebens-und-wirtschaftsstandort\\\/\",\"name\":\"Il Cantone di Lucerna pianifica investimenti per la residenza e la sede degli affari - immo!nvest - Die Plattform f\\u00fcr Standorte und Immobilien\",\"description\":\"Il Cantone di Lucerna presume che la tassazione minima dell'OCSE render\\u00e0 la localit\\u00e0 meno attraente. Vuole contrastare questo fenomeno con 300 milioni di franchi all'anno a partire dal 2026. Gli investimenti devono essere indirizzati in modo specifico verso la localit\\u00e0 come luogo in cui vivere e fare affari.\",\"inLanguage\":\"it-IT\",\"isPartOf\":{\"@id\":\"https:\\\/\\\/www.immo-invest.ch\\\/it\\\/#website\"},\"breadcrumb\":{\"@id\":\"https:\\\/\\\/www.immo-invest.ch\\\/it\\\/kanton-luzern-plant-investitonen-in-lebens-und-wirtschaftsstandort\\\/#breadcrumblist\"},\"author\":{\"@id\":\"https:\\\/\\\/www.immo-invest.ch\\\/it\\\/author\\\/immovestuser\\\/#author\"},\"creator\":{\"@id\":\"https:\\\/\\\/www.immo-invest.ch\\\/it\\\/author\\\/immovestuser\\\/#author\"},\"image\":{\"@type\":\"ImageObject\",\"url\":\"https:\\\/\\\/www.immo-invest.ch\\\/wp-content\\\/uploads\\\/2024\\\/08\\\/unsplash_luzern-scaled.jpg\",\"@id\":\"https:\\\/\\\/www.immo-invest.ch\\\/it\\\/kanton-luzern-plant-investitonen-in-lebens-und-wirtschaftsstandort\\\/#mainImage\",\"width\":2560,\"height\":1707},\"primaryImageOfPage\":{\"@id\":\"https:\\\/\\\/www.immo-invest.ch\\\/it\\\/kanton-luzern-plant-investitonen-in-lebens-und-wirtschaftsstandort\\\/#mainImage\"},\"datePublished\":\"2025-03-13T12:27:00+01:00\",\"dateModified\":\"2025-03-11T09:42:01+01:00\"},{\"@type\":\"WebSite\",\"@id\":\"https:\\\/\\\/www.immo-invest.ch\\\/it\\\/#website\",\"url\":\"https:\\\/\\\/www.immo-invest.ch\\\/it\\\/\",\"name\":\"immo!nvest - Die Plattform f\\u00fcr Standorte und Immobilien\",\"description\":\"Die\\u00a0Plattform f\\u00fcr Standorte und Immobilien\",\"inLanguage\":\"it-IT\",\"publisher\":{\"@id\":\"https:\\\/\\\/www.immo-invest.ch\\\/it\\\/#organization\"}}]}\n\t\t<\/script>\n\t\t<!-- All in One SEO -->\n\n","aioseo_head_json":{"title":"Il Cantone di Lucerna pianifica investimenti per la residenza e la sede degli affari - immo!nvest - Die Plattform f\u00fcr Standorte und Immobilien","description":"Il Cantone di Lucerna presume che la tassazione minima dell'OCSE render\u00e0 la localit\u00e0 meno attraente. Vuole contrastare questo fenomeno con 300 milioni di franchi all'anno a partire dal 2026. Gli investimenti devono essere indirizzati in modo specifico verso la localit\u00e0 come luogo in cui vivere e fare affari.","canonical_url":"https:\/\/www.immo-invest.ch\/it\/kanton-luzern-plant-investitonen-in-lebens-und-wirtschaftsstandort\/","robots":"max-image-preview:large","keywords":"","webmasterTools":{"google-site-verification":"fHJKvgWpZCR2zVBHWfkQeFXC11qieUSff0HGNYfuyLA","miscellaneous":""},"schema":{"@context":"https:\/\/schema.org","@graph":[{"@type":"BlogPosting","@id":"https:\/\/www.immo-invest.ch\/it\/kanton-luzern-plant-investitonen-in-lebens-und-wirtschaftsstandort\/#blogposting","name":"Il Cantone di Lucerna pianifica investimenti per la residenza e la sede degli affari - immo!nvest - Die Plattform f\u00fcr Standorte und Immobilien","headline":"Il Cantone di Lucerna pianifica investimenti per la residenza e la sede degli affari","author":{"@id":"https:\/\/www.immo-invest.ch\/it\/author\/immovestuser\/#author"},"publisher":{"@id":"https:\/\/www.immo-invest.ch\/it\/#organization"},"image":{"@type":"ImageObject","url":"https:\/\/www.immo-invest.ch\/wp-content\/uploads\/2024\/08\/unsplash_luzern-scaled.jpg","width":2560,"height":1707},"datePublished":"2025-03-13T12:27:00+01:00","dateModified":"2025-03-11T09:42:01+01:00","inLanguage":"it-IT","mainEntityOfPage":{"@id":"https:\/\/www.immo-invest.ch\/it\/kanton-luzern-plant-investitonen-in-lebens-und-wirtschaftsstandort\/#webpage"},"isPartOf":{"@id":"https:\/\/www.immo-invest.ch\/it\/kanton-luzern-plant-investitonen-in-lebens-und-wirtschaftsstandort\/#webpage"},"articleSection":"Business, Costruzione, immoNews, Lucerna, Immoinvest, immoNews, News, Standortentwicklung, Steuerreform, Wirtschaftsf\u00f6rderung, Optional"},{"@type":"BreadcrumbList","@id":"https:\/\/www.immo-invest.ch\/it\/kanton-luzern-plant-investitonen-in-lebens-und-wirtschaftsstandort\/#breadcrumblist","itemListElement":[{"@type":"ListItem","@id":"https:\/\/www.immo-invest.ch\/it\/#listItem","position":1,"name":"Home","item":"https:\/\/www.immo-invest.ch\/it\/","nextItem":{"@type":"ListItem","@id":"https:\/\/www.immo-invest.ch\/it\/categoria\/regioni\/#listItem","name":"Regioni"}},{"@type":"ListItem","@id":"https:\/\/www.immo-invest.ch\/it\/categoria\/regioni\/#listItem","position":2,"name":"Regioni","item":"https:\/\/www.immo-invest.ch\/it\/categoria\/regioni\/","nextItem":{"@type":"ListItem","@id":"https:\/\/www.immo-invest.ch\/it\/categoria\/regioni\/svizzera\/#listItem","name":"Svizzera"},"previousItem":{"@type":"ListItem","@id":"https:\/\/www.immo-invest.ch\/it\/#listItem","name":"Home"}},{"@type":"ListItem","@id":"https:\/\/www.immo-invest.ch\/it\/categoria\/regioni\/svizzera\/#listItem","position":3,"name":"Svizzera","item":"https:\/\/www.immo-invest.ch\/it\/categoria\/regioni\/svizzera\/","nextItem":{"@type":"ListItem","@id":"https:\/\/www.immo-invest.ch\/it\/categoria\/regioni\/svizzera\/zentralschweiz-it\/#listItem","name":"Zentralschweiz"},"previousItem":{"@type":"ListItem","@id":"https:\/\/www.immo-invest.ch\/it\/categoria\/regioni\/#listItem","name":"Regioni"}},{"@type":"ListItem","@id":"https:\/\/www.immo-invest.ch\/it\/categoria\/regioni\/svizzera\/zentralschweiz-it\/#listItem","position":4,"name":"Zentralschweiz","item":"https:\/\/www.immo-invest.ch\/it\/categoria\/regioni\/svizzera\/zentralschweiz-it\/","nextItem":{"@type":"ListItem","@id":"https:\/\/www.immo-invest.ch\/it\/categoria\/regioni\/svizzera\/zentralschweiz-it\/regione-lucerna\/#listItem","name":"Lucerna"},"previousItem":{"@type":"ListItem","@id":"https:\/\/www.immo-invest.ch\/it\/categoria\/regioni\/svizzera\/#listItem","name":"Svizzera"}},{"@type":"ListItem","@id":"https:\/\/www.immo-invest.ch\/it\/categoria\/regioni\/svizzera\/zentralschweiz-it\/regione-lucerna\/#listItem","position":5,"name":"Lucerna","item":"https:\/\/www.immo-invest.ch\/it\/categoria\/regioni\/svizzera\/zentralschweiz-it\/regione-lucerna\/","nextItem":{"@type":"ListItem","@id":"https:\/\/www.immo-invest.ch\/it\/kanton-luzern-plant-investitonen-in-lebens-und-wirtschaftsstandort\/#listItem","name":"Il Cantone di Lucerna pianifica investimenti per la residenza e la sede degli affari"},"previousItem":{"@type":"ListItem","@id":"https:\/\/www.immo-invest.ch\/it\/categoria\/regioni\/svizzera\/zentralschweiz-it\/#listItem","name":"Zentralschweiz"}},{"@type":"ListItem","@id":"https:\/\/www.immo-invest.ch\/it\/kanton-luzern-plant-investitonen-in-lebens-und-wirtschaftsstandort\/#listItem","position":6,"name":"Il Cantone di Lucerna pianifica investimenti per la residenza e la sede degli affari","previousItem":{"@type":"ListItem","@id":"https:\/\/www.immo-invest.ch\/it\/categoria\/regioni\/svizzera\/zentralschweiz-it\/regione-lucerna\/#listItem","name":"Lucerna"}}]},{"@type":"Organization","@id":"https:\/\/www.immo-invest.ch\/it\/#organization","name":"immo!nvest - Die Plattform f\u00fcr Standorte und Immobilien","description":"Die\u00a0Plattform f\u00fcr Standorte und Immobilien","url":"https:\/\/www.immo-invest.ch\/it\/","email":"admin@immomedia.ag","telephone":"+41444420002","logo":{"@type":"ImageObject","url":"https:\/\/www.immo-invest.ch\/wp-content\/uploads\/2024\/09\/immoinvest_sm-scaled.jpg","@id":"https:\/\/www.immo-invest.ch\/it\/kanton-luzern-plant-investitonen-in-lebens-und-wirtschaftsstandort\/#organizationLogo","width":2560,"height":1340},"image":{"@id":"https:\/\/www.immo-invest.ch\/it\/kanton-luzern-plant-investitonen-in-lebens-und-wirtschaftsstandort\/#organizationLogo"},"sameAs":["https:\/\/www.facebook.com\/people\/Immoinvest\/100077962920504\/","https:\/\/x.com\/i\/flow\/login?redirect_after_login=immoinvest_ch","https:\/\/www.instagram.com\/immoinvest_ch\/","https:\/\/www.linkedin.com\/company\/immoinvest-swiss"]},{"@type":"Person","@id":"https:\/\/www.immo-invest.ch\/it\/author\/immovestuser\/#author","url":"https:\/\/www.immo-invest.ch\/it\/author\/immovestuser\/","name":"immovestuser","image":{"@type":"ImageObject","@id":"https:\/\/www.immo-invest.ch\/it\/kanton-luzern-plant-investitonen-in-lebens-und-wirtschaftsstandort\/#authorImage","url":"https:\/\/secure.gravatar.com\/avatar\/8e01f4d99f2eeea7a362ebb93305e1172a70e9293ba250f897a65c39f54cdd1e?s=96&d=mm&r=g","width":96,"height":96,"caption":"immovestuser"}},{"@type":"WebPage","@id":"https:\/\/www.immo-invest.ch\/it\/kanton-luzern-plant-investitonen-in-lebens-und-wirtschaftsstandort\/#webpage","url":"https:\/\/www.immo-invest.ch\/it\/kanton-luzern-plant-investitonen-in-lebens-und-wirtschaftsstandort\/","name":"Il Cantone di Lucerna pianifica investimenti per la residenza e la sede degli affari - immo!nvest - Die Plattform f\u00fcr Standorte und Immobilien","description":"Il Cantone di Lucerna presume che la tassazione minima dell'OCSE render\u00e0 la localit\u00e0 meno attraente. Vuole contrastare questo fenomeno con 300 milioni di franchi all'anno a partire dal 2026. Gli investimenti devono essere indirizzati in modo specifico verso la localit\u00e0 come luogo in cui vivere e fare affari.","inLanguage":"it-IT","isPartOf":{"@id":"https:\/\/www.immo-invest.ch\/it\/#website"},"breadcrumb":{"@id":"https:\/\/www.immo-invest.ch\/it\/kanton-luzern-plant-investitonen-in-lebens-und-wirtschaftsstandort\/#breadcrumblist"},"author":{"@id":"https:\/\/www.immo-invest.ch\/it\/author\/immovestuser\/#author"},"creator":{"@id":"https:\/\/www.immo-invest.ch\/it\/author\/immovestuser\/#author"},"image":{"@type":"ImageObject","url":"https:\/\/www.immo-invest.ch\/wp-content\/uploads\/2024\/08\/unsplash_luzern-scaled.jpg","@id":"https:\/\/www.immo-invest.ch\/it\/kanton-luzern-plant-investitonen-in-lebens-und-wirtschaftsstandort\/#mainImage","width":2560,"height":1707},"primaryImageOfPage":{"@id":"https:\/\/www.immo-invest.ch\/it\/kanton-luzern-plant-investitonen-in-lebens-und-wirtschaftsstandort\/#mainImage"},"datePublished":"2025-03-13T12:27:00+01:00","dateModified":"2025-03-11T09:42:01+01:00"},{"@type":"WebSite","@id":"https:\/\/www.immo-invest.ch\/it\/#website","url":"https:\/\/www.immo-invest.ch\/it\/","name":"immo!nvest - Die Plattform f\u00fcr Standorte und Immobilien","description":"Die\u00a0Plattform f\u00fcr Standorte und Immobilien","inLanguage":"it-IT","publisher":{"@id":"https:\/\/www.immo-invest.ch\/it\/#organization"}}]},"og:locale":"it_IT","og:site_name":"immo!nvest - Die Plattform f\u00fcr Standorte und Immobilien - Die\u00a0Plattform f\u00fcr Standorte und Immobilien","og:type":"article","og:title":"Il Cantone di Lucerna pianifica investimenti per la residenza e la sede degli affari - immo!nvest - Die Plattform f\u00fcr Standorte und Immobilien","og:description":"Il Cantone di Lucerna presume che la tassazione minima dell'OCSE render\u00e0 la localit\u00e0 meno attraente. Vuole contrastare questo fenomeno con 300 milioni di franchi all'anno a partire dal 2026. Gli investimenti devono essere indirizzati in modo specifico verso la localit\u00e0 come luogo in cui vivere e fare affari.","og:url":"https:\/\/www.immo-invest.ch\/it\/kanton-luzern-plant-investitonen-in-lebens-und-wirtschaftsstandort\/","og:image":"https:\/\/www.immo-invest.ch\/wp-content\/uploads\/2024\/08\/unsplash_luzern-scaled.jpg","og:image:secure_url":"https:\/\/www.immo-invest.ch\/wp-content\/uploads\/2024\/08\/unsplash_luzern-scaled.jpg","og:image:width":2560,"og:image:height":1707,"article:published_time":"2025-03-13T11:27:00+00:00","article:modified_time":"2025-03-11T08:42:01+00:00","article:publisher":"https:\/\/www.facebook.com\/people\/Immoinvest\/100077962920504\/","twitter:card":"summary_large_image","twitter:site":"@i","twitter:title":"Il Cantone di Lucerna pianifica investimenti per la residenza e la sede degli affari - immo!nvest - Die Plattform f\u00fcr Standorte und Immobilien","twitter:description":"Il Cantone di Lucerna presume che la tassazione minima dell'OCSE render\u00e0 la localit\u00e0 meno attraente. Vuole contrastare questo fenomeno con 300 milioni di franchi all'anno a partire dal 2026. Gli investimenti devono essere indirizzati in modo specifico verso la localit\u00e0 come luogo in cui vivere e fare affari.","twitter:creator":"@i","twitter:image":"https:\/\/www.immo-invest.ch\/wp-content\/uploads\/2024\/08\/unsplash_luzern-scaled.jpg"},"aioseo_meta_data":{"post_id":"127951","title":null,"description":null,"keywords":null,"keyphrases":{"focus":{"keyphrase":"","score":0,"analysis":{"keyphraseInTitle":{"score":0,"maxScore":9,"error":1}}},"additional":[]},"primary_term":null,"canonical_url":null,"og_title":null,"og_description":null,"og_object_type":"default","og_image_type":"default","og_image_url":null,"og_image_width":null,"og_image_height":null,"og_image_custom_url":null,"og_image_custom_fields":null,"og_video":"","og_custom_url":null,"og_article_section":null,"og_article_tags":null,"twitter_use_og":false,"twitter_card":"default","twitter_image_type":"default","twitter_image_url":null,"twitter_image_custom_url":null,"twitter_image_custom_fields":null,"twitter_title":null,"twitter_description":null,"schema":{"blockGraphs":[],"customGraphs":[],"default":{"data":{"Article":[],"Course":[],"Dataset":[],"FAQPage":[],"Movie":[],"Person":[],"Product":[],"ProductReview":[],"Car":[],"Recipe":[],"Service":[],"SoftwareApplication":[],"WebPage":[]},"graphName":"BlogPosting","isEnabled":true},"graphs":[]},"schema_type":"default","schema_type_options":null,"pillar_content":false,"robots_default":true,"robots_noindex":false,"robots_noarchive":false,"robots_nosnippet":false,"robots_nofollow":false,"robots_noimageindex":false,"robots_noodp":false,"robots_notranslate":false,"robots_max_snippet":"-1","robots_max_videopreview":"-1","robots_max_imagepreview":"large","priority":null,"frequency":"default","local_seo":null,"breadcrumb_settings":null,"limit_modified_date":false,"ai":null,"created":"2025-03-11 08:40:11","updated":"2025-10-24 17:43:14","seo_analyzer_scan_date":null,"focus_keyword":null,"additional_keywords":null,"truseo_locale":null},"aioseo_breadcrumb":"<div class=\"aioseo-breadcrumbs\"><span class=\"aioseo-breadcrumb\">\n\t\t\t<a href=\"https:\/\/www.immo-invest.ch\/it\/\" title=\"Home\">Home<\/a>\n\t\t<\/span><span class=\"aioseo-breadcrumb-separator\">&raquo;<\/span><span class=\"aioseo-breadcrumb\">\n\t\t\t<a href=\"https:\/\/www.immo-invest.ch\/it\/categoria\/regioni\/\" title=\"Regioni\">Regioni<\/a>\n\t\t<\/span><span class=\"aioseo-breadcrumb-separator\">&raquo;<\/span><span class=\"aioseo-breadcrumb\">\n\t\t\t<a href=\"https:\/\/www.immo-invest.ch\/it\/categoria\/regioni\/svizzera\/\" title=\"Svizzera\">Svizzera<\/a>\n\t\t<\/span><span class=\"aioseo-breadcrumb-separator\">&raquo;<\/span><span class=\"aioseo-breadcrumb\">\n\t\t\t<a href=\"https:\/\/www.immo-invest.ch\/it\/categoria\/regioni\/svizzera\/zentralschweiz-it\/\" title=\"Zentralschweiz\">Zentralschweiz<\/a>\n\t\t<\/span><span class=\"aioseo-breadcrumb-separator\">&raquo;<\/span><span class=\"aioseo-breadcrumb\">\n\t\t\t<a href=\"https:\/\/www.immo-invest.ch\/it\/categoria\/regioni\/svizzera\/zentralschweiz-it\/regione-lucerna\/\" title=\"Lucerna\">Lucerna<\/a>\n\t\t<\/span><span class=\"aioseo-breadcrumb-separator\">&raquo;<\/span><span class=\"aioseo-breadcrumb\">\n\t\t\tIl Cantone di Lucerna pianifica investimenti per la residenza e la sede degli affari\n\t\t<\/span><\/div>","aioseo_breadcrumb_json":[{"label":"Home","link":"https:\/\/www.immo-invest.ch\/it\/"},{"label":"Regioni","link":"https:\/\/www.immo-invest.ch\/it\/categoria\/regioni\/"},{"label":"Svizzera","link":"https:\/\/www.immo-invest.ch\/it\/categoria\/regioni\/svizzera\/"},{"label":"Zentralschweiz","link":"https:\/\/www.immo-invest.ch\/it\/categoria\/regioni\/svizzera\/zentralschweiz-it\/"},{"label":"Lucerna","link":"https:\/\/www.immo-invest.ch\/it\/categoria\/regioni\/svizzera\/zentralschweiz-it\/regione-lucerna\/"},{"label":"Il Cantone di Lucerna pianifica investimenti per la residenza e la sede degli affari","link":"https:\/\/www.immo-invest.ch\/it\/kanton-luzern-plant-investitonen-in-lebens-und-wirtschaftsstandort\/"}],"featured_image_src":"https:\/\/www.immo-invest.ch\/wp-content\/uploads\/2024\/08\/unsplash_luzern-336x168.jpg","_links":{"self":[{"href":"https:\/\/www.immo-invest.ch\/it\/wp-json\/wp\/v2\/posts\/127951","targetHints":{"allow":["GET"]}}],"collection":[{"href":"https:\/\/www.immo-invest.ch\/it\/wp-json\/wp\/v2\/posts"}],"about":[{"href":"https:\/\/www.immo-invest.ch\/it\/wp-json\/wp\/v2\/types\/post"}],"author":[{"embeddable":true,"href":"https:\/\/www.immo-invest.ch\/it\/wp-json\/wp\/v2\/users\/2"}],"replies":[{"embeddable":true,"href":"https:\/\/www.immo-invest.ch\/it\/wp-json\/wp\/v2\/comments?post=127951"}],"version-history":[{"count":0,"href":"https:\/\/www.immo-invest.ch\/it\/wp-json\/wp\/v2\/posts\/127951\/revisions"}],"wp:featuredmedia":[{"embeddable":true,"href":"https:\/\/www.immo-invest.ch\/it\/wp-json\/wp\/v2\/media\/111461"}],"wp:attachment":[{"href":"https:\/\/www.immo-invest.ch\/it\/wp-json\/wp\/v2\/media?parent=127951"}],"wp:term":[{"taxonomy":"category","embeddable":true,"href":"https:\/\/www.immo-invest.ch\/it\/wp-json\/wp\/v2\/categories?post=127951"},{"taxonomy":"post_tag","embeddable":true,"href":"https:\/\/www.immo-invest.ch\/it\/wp-json\/wp\/v2\/tags?post=127951"}],"curies":[{"name":"wp","href":"https:\/\/api.w.org\/{rel}","templated":true}]}}