{"id":127172,"date":"2025-02-27T16:44:00","date_gmt":"2025-02-27T15:44:00","guid":{"rendered":"https:\/\/www.immo-invest.ch\/?p=127172"},"modified":"2025-02-27T14:17:19","modified_gmt":"2025-02-27T13:17:19","slug":"sonnenschutz-fuer-historische-architektur-in-spanien","status":"publish","type":"post","link":"https:\/\/www.immo-invest.ch\/it\/sonnenschutz-fuer-historische-architektur-in-spanien\/","title":{"rendered":"Schermatura solare per l&#8217;architettura storica in Spagna"},"content":{"rendered":"<p class=\"bodytext\">Il produttore di schermature solari <a href=\"https:\/\/www.griesser.ch\/de\/home\" target=\"_blank\" rel=\"noopener\">Griesser<\/a>, con sede ad Aadorf, &egrave; coinvolto nella ricostruzione e nella ristrutturazione dell&rsquo;ex monastero di San Agust&iacute;n a Badajoz, nel sud-ovest della Spagna. Questo &egrave; stato trasformato in una scuola di arti e mestieri. Secondo un <a href=\"https:\/\/www.presseportal.ch\/de\/pm\/100082361\/100928980\" target=\"_blank\" rel=\"noopener\">comunicato stampa<\/a>, l&rsquo;edificio lineare offre buone condizioni per un istituto educativo. In passato, l&rsquo;ex monastero &egrave; stato utilizzato come caserma, tribunale e scuola.<\/p>\n<p class=\"bodytext\">Anche i chiostri saranno incorporati nella scuola durante l&rsquo;attuale ristrutturazione. Le loro arcate saranno ampiamente vetrate e richiederanno una schermatura solare. Griesser fornisce il suo sistema Solomatic 80 a questo scopo: le tende a lamelle personalizzate forniscono una buona schermatura da un lato e un buon apporto di luce naturale dall&rsquo;altro. <span class=\"glossaryLink\"  aria-describedby=\"tt\"  data-cmtooltip=\"&lt;div class=glossaryItemTitle&gt;SIA&lt;\/div&gt;&lt;div class=glossaryItemBody&gt;Schweizerischer Ingenieur- und Architektenverein; massgebender Berufsverband f&uuml;r qualifizierte Fachleute der Bereiche Bau, Technik und Umwelt mit rund f&uuml;nfzehntausend Mitgliedern&lt;\/div&gt;\"  data-mobile-support=\"0\"  data-gt-translate-attributes='[{\"attribute\":\"data-cmtooltip\", \"format\":\"html\"}]' tabindex='0' role='link'>Sia<\/span> il design classico delle lamelle che la loro combinazione di colori in RAL 7022, una tonalit&agrave; quasi grigio antracite, si adattano all&rsquo;aspetto storico dell&rsquo;edificio.<\/p>\n<p class=\"bodytext\">Inoltre, l&rsquo;incidenza della luce naturale &egrave; controllata automaticamente. L&rsquo;atmosfera armoniosa che ne deriva &egrave; destinata ad aumentare &ldquo;la capacit&agrave; di concentrazione degli studenti e il loro senso di benessere&rdquo;.<\/p>\n","protected":false},"excerpt":{"rendered":"<p>Lo storico monastero di San Agust\u00edn a Badajoz, in Spagna, sta per essere convertito in una scuola di arti e mestieri. Griesser \u00e8 stato incaricato di dotare le vetrate delle arcate del chiostro di una schermatura solare.<\/p>\n","protected":false},"author":2,"featured_media":127149,"comment_status":"open","ping_status":"open","sticky":false,"template":"","format":"standard","meta":{"pmpro_default_level":"","inline_featured_image":false,"_monsterinsights_skip_tracking":false,"footnotes":""},"categories":[22352,745,9651,22700],"tags":[840,52101,44209,867,3935,2006,1155,3531,1205],"class_list":["post-127172","post","type-post","status-publish","format-standard","has-post-thumbnail","hentry","category-internazionale","category-immonews-it","category-ristrutturazione","category-sostenibilita","tag-architektur-it","tag-bildungseinrichtung-it","tag-denkmalpflege-it","tag-immoinvest-it","tag-immonews-it","tag-news-it","tag-sanierung-it","tag-sonnenschutz-it","tag-umbau-it","pmpro-has-access"],"acf":{"bild_mit_ki_erstellt_worden":[],"lead":"Lo storico monastero di San Agust\u00edn a Badajoz, in Spagna, sta per essere convertito in una scuola di arti e mestieri. Griesser \u00e8 stato incaricato di dotare le vetrate delle arcate del chiostro di una schermatura solare.","autor":"ce\/ww, Bildquelle: Griesser","ort":"Aadorf TG\/Badajoz","bildunterschrift":"","bild_im_grid":false,"gallerie":"","newsim":""},"aioseo_notices":[],"aioseo_head":"\n\t\t<!-- All in One SEO 5.0.1.1 - aioseo.com -->\n\t<meta name=\"description\" content=\"Lo storico monastero di San Agust\u00edn a Badajoz, in Spagna, sta per essere convertito in una scuola di arti e mestieri. Griesser \u00e8 stato incaricato di dotare le vetrate delle arcate del chiostro di una schermatura solare.\" \/>\n\t<meta name=\"robots\" content=\"max-image-preview:large\" \/>\n\t<meta name=\"author\" content=\"immovestuser\"\/>\n\t<meta name=\"google-site-verification\" content=\"fHJKvgWpZCR2zVBHWfkQeFXC11qieUSff0HGNYfuyLA\" \/>\n\t<link rel=\"canonical\" href=\"https:\/\/www.immo-invest.ch\/it\/sonnenschutz-fuer-historische-architektur-in-spanien\/\" \/>\n\t<meta name=\"generator\" content=\"All in One SEO (AIOSEO) 5.0.1.1\" \/>\n\t\t<meta property=\"og:locale\" content=\"it_IT\" \/>\n\t\t<meta property=\"og:site_name\" content=\"immo!nvest - Die Plattform f\u00fcr Standorte und Immobilien - Die\u00a0Plattform f\u00fcr Standorte und Immobilien\" \/>\n\t\t<meta property=\"og:type\" content=\"article\" \/>\n\t\t<meta property=\"og:title\" content=\"Schermatura solare per l\u2019architettura storica in Spagna - immo!nvest - Die Plattform f\u00fcr Standorte und Immobilien\" \/>\n\t\t<meta property=\"og:description\" content=\"Lo storico monastero di San Agust\u00edn a Badajoz, in Spagna, sta per essere convertito in una scuola di arti e mestieri. Griesser \u00e8 stato incaricato di dotare le vetrate delle arcate del chiostro di una schermatura solare.\" \/>\n\t\t<meta property=\"og:url\" content=\"https:\/\/www.immo-invest.ch\/it\/sonnenschutz-fuer-historische-architektur-in-spanien\/\" \/>\n\t\t<meta property=\"og:image\" content=\"https:\/\/www.immo-invest.ch\/wp-content\/uploads\/2025\/02\/7728-1200x720-1.jpg\" \/>\n\t\t<meta property=\"og:image:secure_url\" content=\"https:\/\/www.immo-invest.ch\/wp-content\/uploads\/2025\/02\/7728-1200x720-1.jpg\" \/>\n\t\t<meta property=\"og:image:width\" content=\"1200\" \/>\n\t\t<meta property=\"og:image:height\" content=\"720\" \/>\n\t\t<meta property=\"article:published_time\" content=\"2025-02-27T15:44:00+00:00\" \/>\n\t\t<meta property=\"article:modified_time\" content=\"2025-02-27T13:17:19+00:00\" \/>\n\t\t<meta property=\"article:publisher\" content=\"https:\/\/www.facebook.com\/people\/Immoinvest\/100077962920504\/\" \/>\n\t\t<meta name=\"twitter:card\" content=\"summary_large_image\" \/>\n\t\t<meta name=\"twitter:site\" content=\"@i\" \/>\n\t\t<meta name=\"twitter:title\" content=\"Schermatura solare per l\u2019architettura storica in Spagna - immo!nvest - Die Plattform f\u00fcr Standorte und Immobilien\" \/>\n\t\t<meta name=\"twitter:description\" content=\"Lo storico monastero di San Agust\u00edn a Badajoz, in Spagna, sta per essere convertito in una scuola di arti e mestieri. Griesser \u00e8 stato incaricato di dotare le vetrate delle arcate del chiostro di una schermatura solare.\" \/>\n\t\t<meta name=\"twitter:creator\" content=\"@i\" \/>\n\t\t<meta name=\"twitter:image\" content=\"https:\/\/www.immo-invest.ch\/wp-content\/uploads\/2025\/02\/7728-1200x720-1.jpg\" \/>\n\t\t<script type=\"application\/ld+json\" class=\"aioseo-schema\">\n\t\t\t{\"@context\":\"https:\\\/\\\/schema.org\",\"@graph\":[{\"@type\":\"BlogPosting\",\"@id\":\"https:\\\/\\\/www.immo-invest.ch\\\/it\\\/sonnenschutz-fuer-historische-architektur-in-spanien\\\/#blogposting\",\"name\":\"Schermatura solare per l\\u2019architettura storica in Spagna - immo!nvest - Die Plattform f\\u00fcr Standorte und Immobilien\",\"headline\":\"Schermatura solare per l&#8217;architettura storica in Spagna\",\"author\":{\"@id\":\"https:\\\/\\\/www.immo-invest.ch\\\/it\\\/author\\\/immovestuser\\\/#author\"},\"publisher\":{\"@id\":\"https:\\\/\\\/www.immo-invest.ch\\\/it\\\/#organization\"},\"image\":{\"@type\":\"ImageObject\",\"url\":\"https:\\\/\\\/www.immo-invest.ch\\\/wp-content\\\/uploads\\\/2025\\\/02\\\/7728-1200x720-1.jpg\",\"width\":1200,\"height\":720,\"caption\":\"https:\\\/\\\/www.griesser.ch\\\/de\\\/referenzen\\\/kloster-san-agustn-spanien-badajoz-spanien\\\/55\"},\"datePublished\":\"2025-02-27T16:44:00+01:00\",\"dateModified\":\"2025-02-27T14:17:19+01:00\",\"inLanguage\":\"it-IT\",\"mainEntityOfPage\":{\"@id\":\"https:\\\/\\\/www.immo-invest.ch\\\/it\\\/sonnenschutz-fuer-historische-architektur-in-spanien\\\/#webpage\"},\"isPartOf\":{\"@id\":\"https:\\\/\\\/www.immo-invest.ch\\\/it\\\/sonnenschutz-fuer-historische-architektur-in-spanien\\\/#webpage\"},\"articleSection\":\"Globale, immoNews, Ristrutturazione, Sostenibilit\\u00e0, Architektur, Bildungseinrichtung, Denkmalpflege, Immoinvest, immoNews, News, Sanierung, Sonnenschutz, Umbau, Optional\"},{\"@type\":\"BreadcrumbList\",\"@id\":\"https:\\\/\\\/www.immo-invest.ch\\\/it\\\/sonnenschutz-fuer-historische-architektur-in-spanien\\\/#breadcrumblist\",\"itemListElement\":[{\"@type\":\"ListItem\",\"@id\":\"https:\\\/\\\/www.immo-invest.ch\\\/it\\\/#listItem\",\"position\":1,\"name\":\"Home\",\"item\":\"https:\\\/\\\/www.immo-invest.ch\\\/it\\\/\",\"nextItem\":{\"@type\":\"ListItem\",\"@id\":\"https:\\\/\\\/www.immo-invest.ch\\\/it\\\/categoria\\\/regioni\\\/#listItem\",\"name\":\"Regioni\"}},{\"@type\":\"ListItem\",\"@id\":\"https:\\\/\\\/www.immo-invest.ch\\\/it\\\/categoria\\\/regioni\\\/#listItem\",\"position\":2,\"name\":\"Regioni\",\"item\":\"https:\\\/\\\/www.immo-invest.ch\\\/it\\\/categoria\\\/regioni\\\/\",\"nextItem\":{\"@type\":\"ListItem\",\"@id\":\"https:\\\/\\\/www.immo-invest.ch\\\/it\\\/categoria\\\/regioni\\\/internazionale\\\/#listItem\",\"name\":\"Internazionale\"},\"previousItem\":{\"@type\":\"ListItem\",\"@id\":\"https:\\\/\\\/www.immo-invest.ch\\\/it\\\/#listItem\",\"name\":\"Home\"}},{\"@type\":\"ListItem\",\"@id\":\"https:\\\/\\\/www.immo-invest.ch\\\/it\\\/categoria\\\/regioni\\\/internazionale\\\/#listItem\",\"position\":3,\"name\":\"Internazionale\",\"item\":\"https:\\\/\\\/www.immo-invest.ch\\\/it\\\/categoria\\\/regioni\\\/internazionale\\\/\",\"nextItem\":{\"@type\":\"ListItem\",\"@id\":\"https:\\\/\\\/www.immo-invest.ch\\\/it\\\/categoria\\\/regioni\\\/internazionale\\\/internazionale\\\/#listItem\",\"name\":\"Globale\"},\"previousItem\":{\"@type\":\"ListItem\",\"@id\":\"https:\\\/\\\/www.immo-invest.ch\\\/it\\\/categoria\\\/regioni\\\/#listItem\",\"name\":\"Regioni\"}},{\"@type\":\"ListItem\",\"@id\":\"https:\\\/\\\/www.immo-invest.ch\\\/it\\\/categoria\\\/regioni\\\/internazionale\\\/internazionale\\\/#listItem\",\"position\":4,\"name\":\"Globale\",\"item\":\"https:\\\/\\\/www.immo-invest.ch\\\/it\\\/categoria\\\/regioni\\\/internazionale\\\/internazionale\\\/\",\"nextItem\":{\"@type\":\"ListItem\",\"@id\":\"https:\\\/\\\/www.immo-invest.ch\\\/it\\\/sonnenschutz-fuer-historische-architektur-in-spanien\\\/#listItem\",\"name\":\"Schermatura solare per l&#8217;architettura storica in Spagna\"},\"previousItem\":{\"@type\":\"ListItem\",\"@id\":\"https:\\\/\\\/www.immo-invest.ch\\\/it\\\/categoria\\\/regioni\\\/internazionale\\\/#listItem\",\"name\":\"Internazionale\"}},{\"@type\":\"ListItem\",\"@id\":\"https:\\\/\\\/www.immo-invest.ch\\\/it\\\/sonnenschutz-fuer-historische-architektur-in-spanien\\\/#listItem\",\"position\":5,\"name\":\"Schermatura solare per l&#8217;architettura storica in Spagna\",\"previousItem\":{\"@type\":\"ListItem\",\"@id\":\"https:\\\/\\\/www.immo-invest.ch\\\/it\\\/categoria\\\/regioni\\\/internazionale\\\/internazionale\\\/#listItem\",\"name\":\"Globale\"}}]},{\"@type\":\"Organization\",\"@id\":\"https:\\\/\\\/www.immo-invest.ch\\\/it\\\/#organization\",\"name\":\"immo!nvest - Die Plattform f\\u00fcr Standorte und Immobilien\",\"description\":\"Die\\u00a0Plattform f\\u00fcr Standorte und Immobilien\",\"url\":\"https:\\\/\\\/www.immo-invest.ch\\\/it\\\/\",\"email\":\"admin@immomedia.ag\",\"telephone\":\"+41444420002\",\"logo\":{\"@type\":\"ImageObject\",\"url\":\"https:\\\/\\\/www.immo-invest.ch\\\/wp-content\\\/uploads\\\/2024\\\/09\\\/immoinvest_sm-scaled.jpg\",\"@id\":\"https:\\\/\\\/www.immo-invest.ch\\\/it\\\/sonnenschutz-fuer-historische-architektur-in-spanien\\\/#organizationLogo\",\"width\":2560,\"height\":1340},\"image\":{\"@id\":\"https:\\\/\\\/www.immo-invest.ch\\\/it\\\/sonnenschutz-fuer-historische-architektur-in-spanien\\\/#organizationLogo\"},\"sameAs\":[\"https:\\\/\\\/www.facebook.com\\\/people\\\/Immoinvest\\\/100077962920504\\\/\",\"https:\\\/\\\/x.com\\\/i\\\/flow\\\/login?redirect_after_login=immoinvest_ch\",\"https:\\\/\\\/www.instagram.com\\\/immoinvest_ch\\\/\",\"https:\\\/\\\/www.linkedin.com\\\/company\\\/immoinvest-swiss\"]},{\"@type\":\"Person\",\"@id\":\"https:\\\/\\\/www.immo-invest.ch\\\/it\\\/author\\\/immovestuser\\\/#author\",\"url\":\"https:\\\/\\\/www.immo-invest.ch\\\/it\\\/author\\\/immovestuser\\\/\",\"name\":\"immovestuser\",\"image\":{\"@type\":\"ImageObject\",\"@id\":\"https:\\\/\\\/www.immo-invest.ch\\\/it\\\/sonnenschutz-fuer-historische-architektur-in-spanien\\\/#authorImage\",\"url\":\"https:\\\/\\\/secure.gravatar.com\\\/avatar\\\/8e01f4d99f2eeea7a362ebb93305e1172a70e9293ba250f897a65c39f54cdd1e?s=96&d=mm&r=g\",\"width\":96,\"height\":96,\"caption\":\"immovestuser\"}},{\"@type\":\"WebPage\",\"@id\":\"https:\\\/\\\/www.immo-invest.ch\\\/it\\\/sonnenschutz-fuer-historische-architektur-in-spanien\\\/#webpage\",\"url\":\"https:\\\/\\\/www.immo-invest.ch\\\/it\\\/sonnenschutz-fuer-historische-architektur-in-spanien\\\/\",\"name\":\"Schermatura solare per l\\u2019architettura storica in Spagna - immo!nvest - Die Plattform f\\u00fcr Standorte und Immobilien\",\"description\":\"Lo storico monastero di San Agust\\u00edn a Badajoz, in Spagna, sta per essere convertito in una scuola di arti e mestieri. Griesser \\u00e8 stato incaricato di dotare le vetrate delle arcate del chiostro di una schermatura solare.\",\"inLanguage\":\"it-IT\",\"isPartOf\":{\"@id\":\"https:\\\/\\\/www.immo-invest.ch\\\/it\\\/#website\"},\"breadcrumb\":{\"@id\":\"https:\\\/\\\/www.immo-invest.ch\\\/it\\\/sonnenschutz-fuer-historische-architektur-in-spanien\\\/#breadcrumblist\"},\"author\":{\"@id\":\"https:\\\/\\\/www.immo-invest.ch\\\/it\\\/author\\\/immovestuser\\\/#author\"},\"creator\":{\"@id\":\"https:\\\/\\\/www.immo-invest.ch\\\/it\\\/author\\\/immovestuser\\\/#author\"},\"image\":{\"@type\":\"ImageObject\",\"url\":\"https:\\\/\\\/www.immo-invest.ch\\\/wp-content\\\/uploads\\\/2025\\\/02\\\/7728-1200x720-1.jpg\",\"@id\":\"https:\\\/\\\/www.immo-invest.ch\\\/it\\\/sonnenschutz-fuer-historische-architektur-in-spanien\\\/#mainImage\",\"width\":1200,\"height\":720,\"caption\":\"https:\\\/\\\/www.griesser.ch\\\/de\\\/referenzen\\\/kloster-san-agustn-spanien-badajoz-spanien\\\/55\"},\"primaryImageOfPage\":{\"@id\":\"https:\\\/\\\/www.immo-invest.ch\\\/it\\\/sonnenschutz-fuer-historische-architektur-in-spanien\\\/#mainImage\"},\"datePublished\":\"2025-02-27T16:44:00+01:00\",\"dateModified\":\"2025-02-27T14:17:19+01:00\"},{\"@type\":\"WebSite\",\"@id\":\"https:\\\/\\\/www.immo-invest.ch\\\/it\\\/#website\",\"url\":\"https:\\\/\\\/www.immo-invest.ch\\\/it\\\/\",\"name\":\"immo!nvest - Die Plattform f\\u00fcr Standorte und Immobilien\",\"description\":\"Die\\u00a0Plattform f\\u00fcr Standorte und Immobilien\",\"inLanguage\":\"it-IT\",\"publisher\":{\"@id\":\"https:\\\/\\\/www.immo-invest.ch\\\/it\\\/#organization\"}}]}\n\t\t<\/script>\n\t\t<!-- All in One SEO -->\n\n","aioseo_head_json":{"title":"Schermatura solare per l\u2019architettura storica in Spagna - immo!nvest - Die Plattform f\u00fcr Standorte und Immobilien","description":"Lo storico monastero di San Agust\u00edn a Badajoz, in Spagna, sta per essere convertito in una scuola di arti e mestieri. Griesser \u00e8 stato incaricato di dotare le vetrate delle arcate del chiostro di una schermatura solare.","canonical_url":"https:\/\/www.immo-invest.ch\/it\/sonnenschutz-fuer-historische-architektur-in-spanien\/","robots":"max-image-preview:large","keywords":"","webmasterTools":{"google-site-verification":"fHJKvgWpZCR2zVBHWfkQeFXC11qieUSff0HGNYfuyLA","miscellaneous":""},"schema":{"@context":"https:\/\/schema.org","@graph":[{"@type":"BlogPosting","@id":"https:\/\/www.immo-invest.ch\/it\/sonnenschutz-fuer-historische-architektur-in-spanien\/#blogposting","name":"Schermatura solare per l\u2019architettura storica in Spagna - immo!nvest - Die Plattform f\u00fcr Standorte und Immobilien","headline":"Schermatura solare per l&#8217;architettura storica in Spagna","author":{"@id":"https:\/\/www.immo-invest.ch\/it\/author\/immovestuser\/#author"},"publisher":{"@id":"https:\/\/www.immo-invest.ch\/it\/#organization"},"image":{"@type":"ImageObject","url":"https:\/\/www.immo-invest.ch\/wp-content\/uploads\/2025\/02\/7728-1200x720-1.jpg","width":1200,"height":720,"caption":"https:\/\/www.griesser.ch\/de\/referenzen\/kloster-san-agustn-spanien-badajoz-spanien\/55"},"datePublished":"2025-02-27T16:44:00+01:00","dateModified":"2025-02-27T14:17:19+01:00","inLanguage":"it-IT","mainEntityOfPage":{"@id":"https:\/\/www.immo-invest.ch\/it\/sonnenschutz-fuer-historische-architektur-in-spanien\/#webpage"},"isPartOf":{"@id":"https:\/\/www.immo-invest.ch\/it\/sonnenschutz-fuer-historische-architektur-in-spanien\/#webpage"},"articleSection":"Globale, immoNews, Ristrutturazione, Sostenibilit\u00e0, Architektur, Bildungseinrichtung, Denkmalpflege, Immoinvest, immoNews, News, Sanierung, Sonnenschutz, Umbau, Optional"},{"@type":"BreadcrumbList","@id":"https:\/\/www.immo-invest.ch\/it\/sonnenschutz-fuer-historische-architektur-in-spanien\/#breadcrumblist","itemListElement":[{"@type":"ListItem","@id":"https:\/\/www.immo-invest.ch\/it\/#listItem","position":1,"name":"Home","item":"https:\/\/www.immo-invest.ch\/it\/","nextItem":{"@type":"ListItem","@id":"https:\/\/www.immo-invest.ch\/it\/categoria\/regioni\/#listItem","name":"Regioni"}},{"@type":"ListItem","@id":"https:\/\/www.immo-invest.ch\/it\/categoria\/regioni\/#listItem","position":2,"name":"Regioni","item":"https:\/\/www.immo-invest.ch\/it\/categoria\/regioni\/","nextItem":{"@type":"ListItem","@id":"https:\/\/www.immo-invest.ch\/it\/categoria\/regioni\/internazionale\/#listItem","name":"Internazionale"},"previousItem":{"@type":"ListItem","@id":"https:\/\/www.immo-invest.ch\/it\/#listItem","name":"Home"}},{"@type":"ListItem","@id":"https:\/\/www.immo-invest.ch\/it\/categoria\/regioni\/internazionale\/#listItem","position":3,"name":"Internazionale","item":"https:\/\/www.immo-invest.ch\/it\/categoria\/regioni\/internazionale\/","nextItem":{"@type":"ListItem","@id":"https:\/\/www.immo-invest.ch\/it\/categoria\/regioni\/internazionale\/internazionale\/#listItem","name":"Globale"},"previousItem":{"@type":"ListItem","@id":"https:\/\/www.immo-invest.ch\/it\/categoria\/regioni\/#listItem","name":"Regioni"}},{"@type":"ListItem","@id":"https:\/\/www.immo-invest.ch\/it\/categoria\/regioni\/internazionale\/internazionale\/#listItem","position":4,"name":"Globale","item":"https:\/\/www.immo-invest.ch\/it\/categoria\/regioni\/internazionale\/internazionale\/","nextItem":{"@type":"ListItem","@id":"https:\/\/www.immo-invest.ch\/it\/sonnenschutz-fuer-historische-architektur-in-spanien\/#listItem","name":"Schermatura solare per l&#8217;architettura storica in Spagna"},"previousItem":{"@type":"ListItem","@id":"https:\/\/www.immo-invest.ch\/it\/categoria\/regioni\/internazionale\/#listItem","name":"Internazionale"}},{"@type":"ListItem","@id":"https:\/\/www.immo-invest.ch\/it\/sonnenschutz-fuer-historische-architektur-in-spanien\/#listItem","position":5,"name":"Schermatura solare per l&#8217;architettura storica in Spagna","previousItem":{"@type":"ListItem","@id":"https:\/\/www.immo-invest.ch\/it\/categoria\/regioni\/internazionale\/internazionale\/#listItem","name":"Globale"}}]},{"@type":"Organization","@id":"https:\/\/www.immo-invest.ch\/it\/#organization","name":"immo!nvest - Die Plattform f\u00fcr Standorte und Immobilien","description":"Die\u00a0Plattform f\u00fcr Standorte und Immobilien","url":"https:\/\/www.immo-invest.ch\/it\/","email":"admin@immomedia.ag","telephone":"+41444420002","logo":{"@type":"ImageObject","url":"https:\/\/www.immo-invest.ch\/wp-content\/uploads\/2024\/09\/immoinvest_sm-scaled.jpg","@id":"https:\/\/www.immo-invest.ch\/it\/sonnenschutz-fuer-historische-architektur-in-spanien\/#organizationLogo","width":2560,"height":1340},"image":{"@id":"https:\/\/www.immo-invest.ch\/it\/sonnenschutz-fuer-historische-architektur-in-spanien\/#organizationLogo"},"sameAs":["https:\/\/www.facebook.com\/people\/Immoinvest\/100077962920504\/","https:\/\/x.com\/i\/flow\/login?redirect_after_login=immoinvest_ch","https:\/\/www.instagram.com\/immoinvest_ch\/","https:\/\/www.linkedin.com\/company\/immoinvest-swiss"]},{"@type":"Person","@id":"https:\/\/www.immo-invest.ch\/it\/author\/immovestuser\/#author","url":"https:\/\/www.immo-invest.ch\/it\/author\/immovestuser\/","name":"immovestuser","image":{"@type":"ImageObject","@id":"https:\/\/www.immo-invest.ch\/it\/sonnenschutz-fuer-historische-architektur-in-spanien\/#authorImage","url":"https:\/\/secure.gravatar.com\/avatar\/8e01f4d99f2eeea7a362ebb93305e1172a70e9293ba250f897a65c39f54cdd1e?s=96&d=mm&r=g","width":96,"height":96,"caption":"immovestuser"}},{"@type":"WebPage","@id":"https:\/\/www.immo-invest.ch\/it\/sonnenschutz-fuer-historische-architektur-in-spanien\/#webpage","url":"https:\/\/www.immo-invest.ch\/it\/sonnenschutz-fuer-historische-architektur-in-spanien\/","name":"Schermatura solare per l\u2019architettura storica in Spagna - immo!nvest - Die Plattform f\u00fcr Standorte und Immobilien","description":"Lo storico monastero di San Agust\u00edn a Badajoz, in Spagna, sta per essere convertito in una scuola di arti e mestieri. Griesser \u00e8 stato incaricato di dotare le vetrate delle arcate del chiostro di una schermatura solare.","inLanguage":"it-IT","isPartOf":{"@id":"https:\/\/www.immo-invest.ch\/it\/#website"},"breadcrumb":{"@id":"https:\/\/www.immo-invest.ch\/it\/sonnenschutz-fuer-historische-architektur-in-spanien\/#breadcrumblist"},"author":{"@id":"https:\/\/www.immo-invest.ch\/it\/author\/immovestuser\/#author"},"creator":{"@id":"https:\/\/www.immo-invest.ch\/it\/author\/immovestuser\/#author"},"image":{"@type":"ImageObject","url":"https:\/\/www.immo-invest.ch\/wp-content\/uploads\/2025\/02\/7728-1200x720-1.jpg","@id":"https:\/\/www.immo-invest.ch\/it\/sonnenschutz-fuer-historische-architektur-in-spanien\/#mainImage","width":1200,"height":720,"caption":"https:\/\/www.griesser.ch\/de\/referenzen\/kloster-san-agustn-spanien-badajoz-spanien\/55"},"primaryImageOfPage":{"@id":"https:\/\/www.immo-invest.ch\/it\/sonnenschutz-fuer-historische-architektur-in-spanien\/#mainImage"},"datePublished":"2025-02-27T16:44:00+01:00","dateModified":"2025-02-27T14:17:19+01:00"},{"@type":"WebSite","@id":"https:\/\/www.immo-invest.ch\/it\/#website","url":"https:\/\/www.immo-invest.ch\/it\/","name":"immo!nvest - Die Plattform f\u00fcr Standorte und Immobilien","description":"Die\u00a0Plattform f\u00fcr Standorte und Immobilien","inLanguage":"it-IT","publisher":{"@id":"https:\/\/www.immo-invest.ch\/it\/#organization"}}]},"og:locale":"it_IT","og:site_name":"immo!nvest - Die Plattform f\u00fcr Standorte und Immobilien - Die\u00a0Plattform f\u00fcr Standorte und Immobilien","og:type":"article","og:title":"Schermatura solare per l\u2019architettura storica in Spagna - immo!nvest - Die Plattform f\u00fcr Standorte und Immobilien","og:description":"Lo storico monastero di San Agust\u00edn a Badajoz, in Spagna, sta per essere convertito in una scuola di arti e mestieri. Griesser \u00e8 stato incaricato di dotare le vetrate delle arcate del chiostro di una schermatura solare.","og:url":"https:\/\/www.immo-invest.ch\/it\/sonnenschutz-fuer-historische-architektur-in-spanien\/","og:image":"https:\/\/www.immo-invest.ch\/wp-content\/uploads\/2025\/02\/7728-1200x720-1.jpg","og:image:secure_url":"https:\/\/www.immo-invest.ch\/wp-content\/uploads\/2025\/02\/7728-1200x720-1.jpg","og:image:width":1200,"og:image:height":720,"article:published_time":"2025-02-27T15:44:00+00:00","article:modified_time":"2025-02-27T13:17:19+00:00","article:publisher":"https:\/\/www.facebook.com\/people\/Immoinvest\/100077962920504\/","twitter:card":"summary_large_image","twitter:site":"@i","twitter:title":"Schermatura solare per l\u2019architettura storica in Spagna - immo!nvest - Die Plattform f\u00fcr Standorte und Immobilien","twitter:description":"Lo storico monastero di San Agust\u00edn a Badajoz, in Spagna, sta per essere convertito in una scuola di arti e mestieri. Griesser \u00e8 stato incaricato di dotare le vetrate delle arcate del chiostro di una schermatura solare.","twitter:creator":"@i","twitter:image":"https:\/\/www.immo-invest.ch\/wp-content\/uploads\/2025\/02\/7728-1200x720-1.jpg"},"aioseo_meta_data":{"post_id":"127172","title":null,"description":null,"keywords":null,"keyphrases":{"focus":{"keyphrase":"","score":0,"analysis":{"keyphraseInTitle":{"score":0,"maxScore":9,"error":1}}},"additional":[]},"primary_term":null,"canonical_url":null,"og_title":null,"og_description":null,"og_object_type":"default","og_image_type":"default","og_image_url":null,"og_image_width":null,"og_image_height":null,"og_image_custom_url":null,"og_image_custom_fields":null,"og_video":"","og_custom_url":null,"og_article_section":null,"og_article_tags":null,"twitter_use_og":false,"twitter_card":"default","twitter_image_type":"default","twitter_image_url":null,"twitter_image_custom_url":null,"twitter_image_custom_fields":null,"twitter_title":null,"twitter_description":null,"schema":{"blockGraphs":[],"customGraphs":[],"default":{"data":{"Article":[],"Course":[],"Dataset":[],"FAQPage":[],"Movie":[],"Person":[],"Product":[],"ProductReview":[],"Car":[],"Recipe":[],"Service":[],"SoftwareApplication":[],"WebPage":[]},"graphName":"BlogPosting","isEnabled":true},"graphs":[]},"schema_type":"default","schema_type_options":null,"pillar_content":false,"robots_default":true,"robots_noindex":false,"robots_noarchive":false,"robots_nosnippet":false,"robots_nofollow":false,"robots_noimageindex":false,"robots_noodp":false,"robots_notranslate":false,"robots_max_snippet":"-1","robots_max_videopreview":"-1","robots_max_imagepreview":"large","priority":null,"frequency":"default","local_seo":null,"breadcrumb_settings":null,"limit_modified_date":false,"ai":null,"created":"2025-02-27 13:17:21","updated":"2025-10-24 17:24:17","seo_analyzer_scan_date":null,"focus_keyword":null,"additional_keywords":null,"truseo_locale":null},"aioseo_breadcrumb":"<div class=\"aioseo-breadcrumbs\"><span class=\"aioseo-breadcrumb\">\n\t\t\t<a href=\"https:\/\/www.immo-invest.ch\/it\/\" title=\"Home\">Home<\/a>\n\t\t<\/span><span class=\"aioseo-breadcrumb-separator\">&raquo;<\/span><span class=\"aioseo-breadcrumb\">\n\t\t\t<a href=\"https:\/\/www.immo-invest.ch\/it\/categoria\/regioni\/\" title=\"Regioni\">Regioni<\/a>\n\t\t<\/span><span class=\"aioseo-breadcrumb-separator\">&raquo;<\/span><span class=\"aioseo-breadcrumb\">\n\t\t\t<a href=\"https:\/\/www.immo-invest.ch\/it\/categoria\/regioni\/internazionale\/\" title=\"Internazionale\">Internazionale<\/a>\n\t\t<\/span><span class=\"aioseo-breadcrumb-separator\">&raquo;<\/span><span class=\"aioseo-breadcrumb\">\n\t\t\t<a href=\"https:\/\/www.immo-invest.ch\/it\/categoria\/regioni\/internazionale\/internazionale\/\" title=\"Globale\">Globale<\/a>\n\t\t<\/span><span class=\"aioseo-breadcrumb-separator\">&raquo;<\/span><span class=\"aioseo-breadcrumb\">\n\t\t\tSchermatura solare per l\u2019architettura storica in Spagna\n\t\t<\/span><\/div>","aioseo_breadcrumb_json":[{"label":"Home","link":"https:\/\/www.immo-invest.ch\/it\/"},{"label":"Regioni","link":"https:\/\/www.immo-invest.ch\/it\/categoria\/regioni\/"},{"label":"Internazionale","link":"https:\/\/www.immo-invest.ch\/it\/categoria\/regioni\/internazionale\/"},{"label":"Globale","link":"https:\/\/www.immo-invest.ch\/it\/categoria\/regioni\/internazionale\/internazionale\/"},{"label":"Schermatura solare per l&#8217;architettura storica in Spagna","link":"https:\/\/www.immo-invest.ch\/it\/sonnenschutz-fuer-historische-architektur-in-spanien\/"}],"featured_image_src":"https:\/\/www.immo-invest.ch\/wp-content\/uploads\/2025\/02\/7728-1200x720-1-336x168.jpg","_links":{"self":[{"href":"https:\/\/www.immo-invest.ch\/it\/wp-json\/wp\/v2\/posts\/127172","targetHints":{"allow":["GET"]}}],"collection":[{"href":"https:\/\/www.immo-invest.ch\/it\/wp-json\/wp\/v2\/posts"}],"about":[{"href":"https:\/\/www.immo-invest.ch\/it\/wp-json\/wp\/v2\/types\/post"}],"author":[{"embeddable":true,"href":"https:\/\/www.immo-invest.ch\/it\/wp-json\/wp\/v2\/users\/2"}],"replies":[{"embeddable":true,"href":"https:\/\/www.immo-invest.ch\/it\/wp-json\/wp\/v2\/comments?post=127172"}],"version-history":[{"count":0,"href":"https:\/\/www.immo-invest.ch\/it\/wp-json\/wp\/v2\/posts\/127172\/revisions"}],"wp:featuredmedia":[{"embeddable":true,"href":"https:\/\/www.immo-invest.ch\/it\/wp-json\/wp\/v2\/media\/127149"}],"wp:attachment":[{"href":"https:\/\/www.immo-invest.ch\/it\/wp-json\/wp\/v2\/media?parent=127172"}],"wp:term":[{"taxonomy":"category","embeddable":true,"href":"https:\/\/www.immo-invest.ch\/it\/wp-json\/wp\/v2\/categories?post=127172"},{"taxonomy":"post_tag","embeddable":true,"href":"https:\/\/www.immo-invest.ch\/it\/wp-json\/wp\/v2\/tags?post=127172"}],"curies":[{"name":"wp","href":"https:\/\/api.w.org\/{rel}","templated":true}]}}