{"id":126240,"date":"2025-02-11T15:27:23","date_gmt":"2025-02-11T14:27:23","guid":{"rendered":"https:\/\/www.immo-invest.ch\/historische-kurhaeuser-im-kanton-waadt-nachhaltig-renoviert\/"},"modified":"2025-02-11T17:05:51","modified_gmt":"2025-02-11T16:05:51","slug":"historische-kurhaeuser-im-kanton-waadt-nachhaltig-renoviert","status":"publish","type":"post","link":"https:\/\/www.immo-invest.ch\/it\/historische-kurhaeuser-im-kanton-waadt-nachhaltig-renoviert\/","title":{"rendered":"Centri termali storici nel Cantone di Vaud rinnovati in modo sostenibile"},"content":{"rendered":"<p class=\"wp-block-paragraph\">Gli edifici ristrutturati di Bi&egrave;re, Dommartin, Romainm&ocirc;tier, Rougemont e Vufflens-le-Ch&acirc;teau risalgono ai secoli XVII-XIX. Il restauro &egrave; stato eseguito con la massima cura, al fine di preservare la sostanza storica. Allo stesso tempo, le facciate, i tetti, le finestre, l&rsquo;isolamento e le installazioni tecniche sono state modernizzate per aumentare l&rsquo;efficienza energetica senza modificare il carattere originale degli edifici.<\/p>\n\n\n\n\n\n<p class=\"wp-block-paragraph\">&ldquo;Ogni pietra restaurata, ogni tetto rinnovato trasmette un messaggio alle generazioni future, quello di un Cantone che si prende cura di preservare il proprio patrimonio. Modernizzando queste cinque cure, stiamo combinando la conservazione del patrimonio con lo sviluppo sostenibile&rdquo;, ha sottolineato Isabelle Moret, Capo del Dipartimento dei Beni Culturali, durante la sua visita al sito.<\/p>\n\n\n\n\n\n<p class=\"wp-block-paragraph\"><strong><br>Rafforzare l&rsquo;economia locale attraverso l&rsquo;artigianato tradizionale<\/strong>I lavori di ristrutturazione sono stati realizzati in stretta collaborazione con gli artigiani regionali. Questo non solo rafforza l&rsquo;economia locale, ma fornisce anche al Cantone una preziosa esperienza artigianale. Il progetto dimostra che la protezione dei monumenti e la sostenibilit&agrave; non sono opposti, ma insieme formano una strategia lungimirante per la costruzione della cultura.<strong><\/strong><\/p>\n\n","protected":false},"excerpt":{"rendered":"<p>Il Cantone di Vaud ha completato con successo la ristrutturazione di cinque edifici termali storici, dando cos\u00ec un esempio di conservazione del patrimonio culturale e allo stesso tempo di adattamento ai moderni standard di sostenibilit\u00e0. La fase finale di questo ampio programma di ristrutturazione \u00e8 stata raggiunta con la parrocchia di Vufflens-le-Ch\u00e2teau.<\/p>\n","protected":false},"author":2,"featured_media":126143,"comment_status":"open","ping_status":"open","sticky":false,"template":"","format":"standard","meta":{"pmpro_default_level":"","inline_featured_image":false,"_monsterinsights_skip_tracking":false,"footnotes":""},"categories":[745,9651,22700,46428],"tags":[36996,44209,1959,51960,867,3935,24061],"class_list":["post-126240","post","type-post","status-publish","format-standard","has-post-thumbnail","hentry","category-immonews-it","category-ristrutturazione","category-sostenibilita","category-waadt-it","tag-baukultur-it","tag-denkmalpflege-it","tag-energieeffizienz-it","tag-handwerk-it","tag-immoinvest-it","tag-immonews-it","tag-restaurierung-it","pmpro-has-access"],"acf":{"bild_mit_ki_erstellt_worden":[],"lead":"Der Kanton Waadt hat die Renovation von f\u00fcnf historischen Kurh\u00e4usern erfolgreich abgeschlossen und setzt damit ein Zeichen f\u00fcr den Erhalt des Kulturerbes bei gleichzeitiger Anpassung an moderne Nachhaltigkeitsstandards. Die letzte Etappe dieses umfangreichen Sanierungsprogramms wurde mit der Pfarrei Vufflens-le-Ch\u00e2teau erreicht.","autor":"Quelle: Waadt, Bild: myswitzerland","ort":"","bildunterschrift":"","bild_im_grid":false,"gallerie":"","newsim":""},"aioseo_notices":[],"aioseo_head":"\n\t\t<!-- All in One SEO 5.0.0.1 - aioseo.com -->\n\t<meta name=\"description\" content=\"Il Cantone di Vaud ha completato con successo la ristrutturazione di cinque edifici termali storici, dando cos\u00ec un esempio di conservazione del patrimonio culturale e allo stesso tempo di adattamento ai moderni standard di sostenibilit\u00e0. La fase finale di questo ampio programma di ristrutturazione \u00e8 stata raggiunta con la parrocchia di Vufflens-le-Ch\u00e2teau.\" \/>\n\t<meta name=\"robots\" content=\"max-image-preview:large\" \/>\n\t<meta name=\"author\" content=\"immovestuser\"\/>\n\t<meta name=\"google-site-verification\" content=\"fHJKvgWpZCR2zVBHWfkQeFXC11qieUSff0HGNYfuyLA\" \/>\n\t<link rel=\"canonical\" href=\"https:\/\/www.immo-invest.ch\/it\/historische-kurhaeuser-im-kanton-waadt-nachhaltig-renoviert\/\" \/>\n\t<meta name=\"generator\" content=\"All in One SEO (AIOSEO) 5.0.0.1\" \/>\n\t\t<meta property=\"og:locale\" content=\"it_IT\" \/>\n\t\t<meta property=\"og:site_name\" content=\"immo!nvest - Die Plattform f\u00fcr Standorte und Immobilien - Die\u00a0Plattform f\u00fcr Standorte und Immobilien\" \/>\n\t\t<meta property=\"og:type\" content=\"article\" \/>\n\t\t<meta property=\"og:title\" content=\"Centri termali storici nel Cantone di Vaud rinnovati in modo sostenibile - immo!nvest - Die Plattform f\u00fcr Standorte und Immobilien\" \/>\n\t\t<meta property=\"og:description\" content=\"Il Cantone di Vaud ha completato con successo la ristrutturazione di cinque edifici termali storici, dando cos\u00ec un esempio di conservazione del patrimonio culturale e allo stesso tempo di adattamento ai moderni standard di sostenibilit\u00e0. La fase finale di questo ampio programma di ristrutturazione \u00e8 stata raggiunta con la parrocchia di Vufflens-le-Ch\u00e2teau.\" \/>\n\t\t<meta property=\"og:url\" content=\"https:\/\/www.immo-invest.ch\/it\/historische-kurhaeuser-im-kanton-waadt-nachhaltig-renoviert\/\" \/>\n\t\t<meta property=\"og:image\" content=\"https:\/\/www.immo-invest.ch\/wp-content\/uploads\/2025\/02\/https___www.myswitzerland.com_-_media_dam_resources_places_r_o_rougemont_images-all-season_67166_32001800.avif\" \/>\n\t\t<meta property=\"og:image:secure_url\" content=\"https:\/\/www.immo-invest.ch\/wp-content\/uploads\/2025\/02\/https___www.myswitzerland.com_-_media_dam_resources_places_r_o_rougemont_images-all-season_67166_32001800.avif\" \/>\n\t\t<meta property=\"og:image:width\" content=\"1564\" \/>\n\t\t<meta property=\"og:image:height\" content=\"880\" \/>\n\t\t<meta property=\"article:published_time\" content=\"2025-02-11T14:27:23+00:00\" \/>\n\t\t<meta property=\"article:modified_time\" content=\"2025-02-11T16:05:51+00:00\" \/>\n\t\t<meta property=\"article:publisher\" content=\"https:\/\/www.facebook.com\/people\/Immoinvest\/100077962920504\/\" \/>\n\t\t<meta name=\"twitter:card\" content=\"summary_large_image\" \/>\n\t\t<meta name=\"twitter:site\" content=\"@i\" \/>\n\t\t<meta name=\"twitter:title\" content=\"Centri termali storici nel Cantone di Vaud rinnovati in modo sostenibile - immo!nvest - Die Plattform f\u00fcr Standorte und Immobilien\" \/>\n\t\t<meta name=\"twitter:description\" content=\"Il Cantone di Vaud ha completato con successo la ristrutturazione di cinque edifici termali storici, dando cos\u00ec un esempio di conservazione del patrimonio culturale e allo stesso tempo di adattamento ai moderni standard di sostenibilit\u00e0. La fase finale di questo ampio programma di ristrutturazione \u00e8 stata raggiunta con la parrocchia di Vufflens-le-Ch\u00e2teau.\" \/>\n\t\t<meta name=\"twitter:creator\" content=\"@i\" \/>\n\t\t<meta name=\"twitter:image\" content=\"https:\/\/www.immo-invest.ch\/wp-content\/uploads\/2025\/02\/https___www.myswitzerland.com_-_media_dam_resources_places_r_o_rougemont_images-all-season_67166_32001800.avif\" \/>\n\t\t<script type=\"application\/ld+json\" class=\"aioseo-schema\">\n\t\t\t{\"@context\":\"https:\\\/\\\/schema.org\",\"@graph\":[{\"@type\":\"BlogPosting\",\"@id\":\"https:\\\/\\\/www.immo-invest.ch\\\/it\\\/historische-kurhaeuser-im-kanton-waadt-nachhaltig-renoviert\\\/#blogposting\",\"name\":\"Centri termali storici nel Cantone di Vaud rinnovati in modo sostenibile - immo!nvest - Die Plattform f\\u00fcr Standorte und Immobilien\",\"headline\":\"Centri termali storici nel Cantone di Vaud rinnovati in modo sostenibile\",\"author\":{\"@id\":\"https:\\\/\\\/www.immo-invest.ch\\\/it\\\/author\\\/immovestuser\\\/#author\"},\"publisher\":{\"@id\":\"https:\\\/\\\/www.immo-invest.ch\\\/it\\\/#organization\"},\"image\":{\"@type\":\"ImageObject\",\"url\":\"https:\\\/\\\/www.immo-invest.ch\\\/wp-content\\\/uploads\\\/2025\\\/02\\\/https___www.myswitzerland.com_-_media_dam_resources_places_r_o_rougemont_images-all-season_67166_32001800.avif\",\"width\":1564,\"height\":880,\"caption\":\"https:\\\/\\\/www.myswitzerland.com\\\/de-de\\\/reiseziele\\\/rougemont\\\/\"},\"datePublished\":\"2025-02-11T15:27:23+01:00\",\"dateModified\":\"2025-02-11T17:05:51+01:00\",\"inLanguage\":\"it-IT\",\"mainEntityOfPage\":{\"@id\":\"https:\\\/\\\/www.immo-invest.ch\\\/it\\\/historische-kurhaeuser-im-kanton-waadt-nachhaltig-renoviert\\\/#webpage\"},\"isPartOf\":{\"@id\":\"https:\\\/\\\/www.immo-invest.ch\\\/it\\\/historische-kurhaeuser-im-kanton-waadt-nachhaltig-renoviert\\\/#webpage\"},\"articleSection\":\"immoNews, Ristrutturazione, Sostenibilit\\u00e0, Waadt, Baukultur, Denkmalpflege, Energieeffizienz, hANDWERK, Immoinvest, immoNews, Restaurierung, Optional\"},{\"@type\":\"BreadcrumbList\",\"@id\":\"https:\\\/\\\/www.immo-invest.ch\\\/it\\\/historische-kurhaeuser-im-kanton-waadt-nachhaltig-renoviert\\\/#breadcrumblist\",\"itemListElement\":[{\"@type\":\"ListItem\",\"@id\":\"https:\\\/\\\/www.immo-invest.ch\\\/it\\\/#listItem\",\"position\":1,\"name\":\"Home\",\"item\":\"https:\\\/\\\/www.immo-invest.ch\\\/it\\\/\",\"nextItem\":{\"@type\":\"ListItem\",\"@id\":\"https:\\\/\\\/www.immo-invest.ch\\\/it\\\/categoria\\\/regioni\\\/#listItem\",\"name\":\"Regioni\"}},{\"@type\":\"ListItem\",\"@id\":\"https:\\\/\\\/www.immo-invest.ch\\\/it\\\/categoria\\\/regioni\\\/#listItem\",\"position\":2,\"name\":\"Regioni\",\"item\":\"https:\\\/\\\/www.immo-invest.ch\\\/it\\\/categoria\\\/regioni\\\/\",\"nextItem\":{\"@type\":\"ListItem\",\"@id\":\"https:\\\/\\\/www.immo-invest.ch\\\/it\\\/categoria\\\/regioni\\\/svizzera\\\/#listItem\",\"name\":\"Svizzera\"},\"previousItem\":{\"@type\":\"ListItem\",\"@id\":\"https:\\\/\\\/www.immo-invest.ch\\\/it\\\/#listItem\",\"name\":\"Home\"}},{\"@type\":\"ListItem\",\"@id\":\"https:\\\/\\\/www.immo-invest.ch\\\/it\\\/categoria\\\/regioni\\\/svizzera\\\/#listItem\",\"position\":3,\"name\":\"Svizzera\",\"item\":\"https:\\\/\\\/www.immo-invest.ch\\\/it\\\/categoria\\\/regioni\\\/svizzera\\\/\",\"nextItem\":{\"@type\":\"ListItem\",\"@id\":\"https:\\\/\\\/www.immo-invest.ch\\\/it\\\/categoria\\\/regioni\\\/svizzera\\\/regione-del-lago-di-ginevra\\\/#listItem\",\"name\":\"Regione del Lago di Ginevra\"},\"previousItem\":{\"@type\":\"ListItem\",\"@id\":\"https:\\\/\\\/www.immo-invest.ch\\\/it\\\/categoria\\\/regioni\\\/#listItem\",\"name\":\"Regioni\"}},{\"@type\":\"ListItem\",\"@id\":\"https:\\\/\\\/www.immo-invest.ch\\\/it\\\/categoria\\\/regioni\\\/svizzera\\\/regione-del-lago-di-ginevra\\\/#listItem\",\"position\":4,\"name\":\"Regione del Lago di Ginevra\",\"item\":\"https:\\\/\\\/www.immo-invest.ch\\\/it\\\/categoria\\\/regioni\\\/svizzera\\\/regione-del-lago-di-ginevra\\\/\",\"nextItem\":{\"@type\":\"ListItem\",\"@id\":\"https:\\\/\\\/www.immo-invest.ch\\\/it\\\/categoria\\\/regioni\\\/svizzera\\\/regione-del-lago-di-ginevra\\\/waadt-it\\\/#listItem\",\"name\":\"Waadt\"},\"previousItem\":{\"@type\":\"ListItem\",\"@id\":\"https:\\\/\\\/www.immo-invest.ch\\\/it\\\/categoria\\\/regioni\\\/svizzera\\\/#listItem\",\"name\":\"Svizzera\"}},{\"@type\":\"ListItem\",\"@id\":\"https:\\\/\\\/www.immo-invest.ch\\\/it\\\/categoria\\\/regioni\\\/svizzera\\\/regione-del-lago-di-ginevra\\\/waadt-it\\\/#listItem\",\"position\":5,\"name\":\"Waadt\",\"item\":\"https:\\\/\\\/www.immo-invest.ch\\\/it\\\/categoria\\\/regioni\\\/svizzera\\\/regione-del-lago-di-ginevra\\\/waadt-it\\\/\",\"nextItem\":{\"@type\":\"ListItem\",\"@id\":\"https:\\\/\\\/www.immo-invest.ch\\\/it\\\/historische-kurhaeuser-im-kanton-waadt-nachhaltig-renoviert\\\/#listItem\",\"name\":\"Centri termali storici nel Cantone di Vaud rinnovati in modo sostenibile\"},\"previousItem\":{\"@type\":\"ListItem\",\"@id\":\"https:\\\/\\\/www.immo-invest.ch\\\/it\\\/categoria\\\/regioni\\\/svizzera\\\/regione-del-lago-di-ginevra\\\/#listItem\",\"name\":\"Regione del Lago di Ginevra\"}},{\"@type\":\"ListItem\",\"@id\":\"https:\\\/\\\/www.immo-invest.ch\\\/it\\\/historische-kurhaeuser-im-kanton-waadt-nachhaltig-renoviert\\\/#listItem\",\"position\":6,\"name\":\"Centri termali storici nel Cantone di Vaud rinnovati in modo sostenibile\",\"previousItem\":{\"@type\":\"ListItem\",\"@id\":\"https:\\\/\\\/www.immo-invest.ch\\\/it\\\/categoria\\\/regioni\\\/svizzera\\\/regione-del-lago-di-ginevra\\\/waadt-it\\\/#listItem\",\"name\":\"Waadt\"}}]},{\"@type\":\"Organization\",\"@id\":\"https:\\\/\\\/www.immo-invest.ch\\\/it\\\/#organization\",\"name\":\"immo!nvest - Die Plattform f\\u00fcr Standorte und Immobilien\",\"description\":\"Die\\u00a0Plattform f\\u00fcr Standorte und Immobilien\",\"url\":\"https:\\\/\\\/www.immo-invest.ch\\\/it\\\/\",\"email\":\"admin@immomedia.ag\",\"telephone\":\"+41444420002\",\"logo\":{\"@type\":\"ImageObject\",\"url\":\"https:\\\/\\\/www.immo-invest.ch\\\/wp-content\\\/uploads\\\/2024\\\/09\\\/immoinvest_sm-scaled.jpg\",\"@id\":\"https:\\\/\\\/www.immo-invest.ch\\\/it\\\/historische-kurhaeuser-im-kanton-waadt-nachhaltig-renoviert\\\/#organizationLogo\",\"width\":2560,\"height\":1340},\"image\":{\"@id\":\"https:\\\/\\\/www.immo-invest.ch\\\/it\\\/historische-kurhaeuser-im-kanton-waadt-nachhaltig-renoviert\\\/#organizationLogo\"},\"sameAs\":[\"https:\\\/\\\/www.facebook.com\\\/people\\\/Immoinvest\\\/100077962920504\\\/\",\"https:\\\/\\\/x.com\\\/i\\\/flow\\\/login?redirect_after_login=immoinvest_ch\",\"https:\\\/\\\/www.instagram.com\\\/immoinvest_ch\\\/\",\"https:\\\/\\\/www.linkedin.com\\\/company\\\/immoinvest-swiss\"]},{\"@type\":\"Person\",\"@id\":\"https:\\\/\\\/www.immo-invest.ch\\\/it\\\/author\\\/immovestuser\\\/#author\",\"url\":\"https:\\\/\\\/www.immo-invest.ch\\\/it\\\/author\\\/immovestuser\\\/\",\"name\":\"immovestuser\",\"image\":{\"@type\":\"ImageObject\",\"@id\":\"https:\\\/\\\/www.immo-invest.ch\\\/it\\\/historische-kurhaeuser-im-kanton-waadt-nachhaltig-renoviert\\\/#authorImage\",\"url\":\"https:\\\/\\\/secure.gravatar.com\\\/avatar\\\/8e01f4d99f2eeea7a362ebb93305e1172a70e9293ba250f897a65c39f54cdd1e?s=96&d=mm&r=g\",\"width\":96,\"height\":96,\"caption\":\"immovestuser\"}},{\"@type\":\"WebPage\",\"@id\":\"https:\\\/\\\/www.immo-invest.ch\\\/it\\\/historische-kurhaeuser-im-kanton-waadt-nachhaltig-renoviert\\\/#webpage\",\"url\":\"https:\\\/\\\/www.immo-invest.ch\\\/it\\\/historische-kurhaeuser-im-kanton-waadt-nachhaltig-renoviert\\\/\",\"name\":\"Centri termali storici nel Cantone di Vaud rinnovati in modo sostenibile - immo!nvest - Die Plattform f\\u00fcr Standorte und Immobilien\",\"description\":\"Il Cantone di Vaud ha completato con successo la ristrutturazione di cinque edifici termali storici, dando cos\\u00ec un esempio di conservazione del patrimonio culturale e allo stesso tempo di adattamento ai moderni standard di sostenibilit\\u00e0. La fase finale di questo ampio programma di ristrutturazione \\u00e8 stata raggiunta con la parrocchia di Vufflens-le-Ch\\u00e2teau.\",\"inLanguage\":\"it-IT\",\"isPartOf\":{\"@id\":\"https:\\\/\\\/www.immo-invest.ch\\\/it\\\/#website\"},\"breadcrumb\":{\"@id\":\"https:\\\/\\\/www.immo-invest.ch\\\/it\\\/historische-kurhaeuser-im-kanton-waadt-nachhaltig-renoviert\\\/#breadcrumblist\"},\"author\":{\"@id\":\"https:\\\/\\\/www.immo-invest.ch\\\/it\\\/author\\\/immovestuser\\\/#author\"},\"creator\":{\"@id\":\"https:\\\/\\\/www.immo-invest.ch\\\/it\\\/author\\\/immovestuser\\\/#author\"},\"image\":{\"@type\":\"ImageObject\",\"url\":\"https:\\\/\\\/www.immo-invest.ch\\\/wp-content\\\/uploads\\\/2025\\\/02\\\/https___www.myswitzerland.com_-_media_dam_resources_places_r_o_rougemont_images-all-season_67166_32001800.avif\",\"@id\":\"https:\\\/\\\/www.immo-invest.ch\\\/it\\\/historische-kurhaeuser-im-kanton-waadt-nachhaltig-renoviert\\\/#mainImage\",\"width\":1564,\"height\":880,\"caption\":\"https:\\\/\\\/www.myswitzerland.com\\\/de-de\\\/reiseziele\\\/rougemont\\\/\"},\"primaryImageOfPage\":{\"@id\":\"https:\\\/\\\/www.immo-invest.ch\\\/it\\\/historische-kurhaeuser-im-kanton-waadt-nachhaltig-renoviert\\\/#mainImage\"},\"datePublished\":\"2025-02-11T15:27:23+01:00\",\"dateModified\":\"2025-02-11T17:05:51+01:00\"},{\"@type\":\"WebSite\",\"@id\":\"https:\\\/\\\/www.immo-invest.ch\\\/it\\\/#website\",\"url\":\"https:\\\/\\\/www.immo-invest.ch\\\/it\\\/\",\"name\":\"immo!nvest - Die Plattform f\\u00fcr Standorte und Immobilien\",\"description\":\"Die\\u00a0Plattform f\\u00fcr Standorte und Immobilien\",\"inLanguage\":\"it-IT\",\"publisher\":{\"@id\":\"https:\\\/\\\/www.immo-invest.ch\\\/it\\\/#organization\"}}]}\n\t\t<\/script>\n\t\t<!-- All in One SEO -->\n\n","aioseo_head_json":{"title":"Centri termali storici nel Cantone di Vaud rinnovati in modo sostenibile - immo!nvest - Die Plattform f\u00fcr Standorte und Immobilien","description":"Il Cantone di Vaud ha completato con successo la ristrutturazione di cinque edifici termali storici, dando cos\u00ec un esempio di conservazione del patrimonio culturale e allo stesso tempo di adattamento ai moderni standard di sostenibilit\u00e0. La fase finale di questo ampio programma di ristrutturazione \u00e8 stata raggiunta con la parrocchia di Vufflens-le-Ch\u00e2teau.","canonical_url":"https:\/\/www.immo-invest.ch\/it\/historische-kurhaeuser-im-kanton-waadt-nachhaltig-renoviert\/","robots":"max-image-preview:large","keywords":"","webmasterTools":{"google-site-verification":"fHJKvgWpZCR2zVBHWfkQeFXC11qieUSff0HGNYfuyLA","miscellaneous":""},"schema":{"@context":"https:\/\/schema.org","@graph":[{"@type":"BlogPosting","@id":"https:\/\/www.immo-invest.ch\/it\/historische-kurhaeuser-im-kanton-waadt-nachhaltig-renoviert\/#blogposting","name":"Centri termali storici nel Cantone di Vaud rinnovati in modo sostenibile - immo!nvest - Die Plattform f\u00fcr Standorte und Immobilien","headline":"Centri termali storici nel Cantone di Vaud rinnovati in modo sostenibile","author":{"@id":"https:\/\/www.immo-invest.ch\/it\/author\/immovestuser\/#author"},"publisher":{"@id":"https:\/\/www.immo-invest.ch\/it\/#organization"},"image":{"@type":"ImageObject","url":"https:\/\/www.immo-invest.ch\/wp-content\/uploads\/2025\/02\/https___www.myswitzerland.com_-_media_dam_resources_places_r_o_rougemont_images-all-season_67166_32001800.avif","width":1564,"height":880,"caption":"https:\/\/www.myswitzerland.com\/de-de\/reiseziele\/rougemont\/"},"datePublished":"2025-02-11T15:27:23+01:00","dateModified":"2025-02-11T17:05:51+01:00","inLanguage":"it-IT","mainEntityOfPage":{"@id":"https:\/\/www.immo-invest.ch\/it\/historische-kurhaeuser-im-kanton-waadt-nachhaltig-renoviert\/#webpage"},"isPartOf":{"@id":"https:\/\/www.immo-invest.ch\/it\/historische-kurhaeuser-im-kanton-waadt-nachhaltig-renoviert\/#webpage"},"articleSection":"immoNews, Ristrutturazione, Sostenibilit\u00e0, Waadt, Baukultur, Denkmalpflege, Energieeffizienz, hANDWERK, Immoinvest, immoNews, Restaurierung, Optional"},{"@type":"BreadcrumbList","@id":"https:\/\/www.immo-invest.ch\/it\/historische-kurhaeuser-im-kanton-waadt-nachhaltig-renoviert\/#breadcrumblist","itemListElement":[{"@type":"ListItem","@id":"https:\/\/www.immo-invest.ch\/it\/#listItem","position":1,"name":"Home","item":"https:\/\/www.immo-invest.ch\/it\/","nextItem":{"@type":"ListItem","@id":"https:\/\/www.immo-invest.ch\/it\/categoria\/regioni\/#listItem","name":"Regioni"}},{"@type":"ListItem","@id":"https:\/\/www.immo-invest.ch\/it\/categoria\/regioni\/#listItem","position":2,"name":"Regioni","item":"https:\/\/www.immo-invest.ch\/it\/categoria\/regioni\/","nextItem":{"@type":"ListItem","@id":"https:\/\/www.immo-invest.ch\/it\/categoria\/regioni\/svizzera\/#listItem","name":"Svizzera"},"previousItem":{"@type":"ListItem","@id":"https:\/\/www.immo-invest.ch\/it\/#listItem","name":"Home"}},{"@type":"ListItem","@id":"https:\/\/www.immo-invest.ch\/it\/categoria\/regioni\/svizzera\/#listItem","position":3,"name":"Svizzera","item":"https:\/\/www.immo-invest.ch\/it\/categoria\/regioni\/svizzera\/","nextItem":{"@type":"ListItem","@id":"https:\/\/www.immo-invest.ch\/it\/categoria\/regioni\/svizzera\/regione-del-lago-di-ginevra\/#listItem","name":"Regione del Lago di Ginevra"},"previousItem":{"@type":"ListItem","@id":"https:\/\/www.immo-invest.ch\/it\/categoria\/regioni\/#listItem","name":"Regioni"}},{"@type":"ListItem","@id":"https:\/\/www.immo-invest.ch\/it\/categoria\/regioni\/svizzera\/regione-del-lago-di-ginevra\/#listItem","position":4,"name":"Regione del Lago di Ginevra","item":"https:\/\/www.immo-invest.ch\/it\/categoria\/regioni\/svizzera\/regione-del-lago-di-ginevra\/","nextItem":{"@type":"ListItem","@id":"https:\/\/www.immo-invest.ch\/it\/categoria\/regioni\/svizzera\/regione-del-lago-di-ginevra\/waadt-it\/#listItem","name":"Waadt"},"previousItem":{"@type":"ListItem","@id":"https:\/\/www.immo-invest.ch\/it\/categoria\/regioni\/svizzera\/#listItem","name":"Svizzera"}},{"@type":"ListItem","@id":"https:\/\/www.immo-invest.ch\/it\/categoria\/regioni\/svizzera\/regione-del-lago-di-ginevra\/waadt-it\/#listItem","position":5,"name":"Waadt","item":"https:\/\/www.immo-invest.ch\/it\/categoria\/regioni\/svizzera\/regione-del-lago-di-ginevra\/waadt-it\/","nextItem":{"@type":"ListItem","@id":"https:\/\/www.immo-invest.ch\/it\/historische-kurhaeuser-im-kanton-waadt-nachhaltig-renoviert\/#listItem","name":"Centri termali storici nel Cantone di Vaud rinnovati in modo sostenibile"},"previousItem":{"@type":"ListItem","@id":"https:\/\/www.immo-invest.ch\/it\/categoria\/regioni\/svizzera\/regione-del-lago-di-ginevra\/#listItem","name":"Regione del Lago di Ginevra"}},{"@type":"ListItem","@id":"https:\/\/www.immo-invest.ch\/it\/historische-kurhaeuser-im-kanton-waadt-nachhaltig-renoviert\/#listItem","position":6,"name":"Centri termali storici nel Cantone di Vaud rinnovati in modo sostenibile","previousItem":{"@type":"ListItem","@id":"https:\/\/www.immo-invest.ch\/it\/categoria\/regioni\/svizzera\/regione-del-lago-di-ginevra\/waadt-it\/#listItem","name":"Waadt"}}]},{"@type":"Organization","@id":"https:\/\/www.immo-invest.ch\/it\/#organization","name":"immo!nvest - Die Plattform f\u00fcr Standorte und Immobilien","description":"Die\u00a0Plattform f\u00fcr Standorte und Immobilien","url":"https:\/\/www.immo-invest.ch\/it\/","email":"admin@immomedia.ag","telephone":"+41444420002","logo":{"@type":"ImageObject","url":"https:\/\/www.immo-invest.ch\/wp-content\/uploads\/2024\/09\/immoinvest_sm-scaled.jpg","@id":"https:\/\/www.immo-invest.ch\/it\/historische-kurhaeuser-im-kanton-waadt-nachhaltig-renoviert\/#organizationLogo","width":2560,"height":1340},"image":{"@id":"https:\/\/www.immo-invest.ch\/it\/historische-kurhaeuser-im-kanton-waadt-nachhaltig-renoviert\/#organizationLogo"},"sameAs":["https:\/\/www.facebook.com\/people\/Immoinvest\/100077962920504\/","https:\/\/x.com\/i\/flow\/login?redirect_after_login=immoinvest_ch","https:\/\/www.instagram.com\/immoinvest_ch\/","https:\/\/www.linkedin.com\/company\/immoinvest-swiss"]},{"@type":"Person","@id":"https:\/\/www.immo-invest.ch\/it\/author\/immovestuser\/#author","url":"https:\/\/www.immo-invest.ch\/it\/author\/immovestuser\/","name":"immovestuser","image":{"@type":"ImageObject","@id":"https:\/\/www.immo-invest.ch\/it\/historische-kurhaeuser-im-kanton-waadt-nachhaltig-renoviert\/#authorImage","url":"https:\/\/secure.gravatar.com\/avatar\/8e01f4d99f2eeea7a362ebb93305e1172a70e9293ba250f897a65c39f54cdd1e?s=96&d=mm&r=g","width":96,"height":96,"caption":"immovestuser"}},{"@type":"WebPage","@id":"https:\/\/www.immo-invest.ch\/it\/historische-kurhaeuser-im-kanton-waadt-nachhaltig-renoviert\/#webpage","url":"https:\/\/www.immo-invest.ch\/it\/historische-kurhaeuser-im-kanton-waadt-nachhaltig-renoviert\/","name":"Centri termali storici nel Cantone di Vaud rinnovati in modo sostenibile - immo!nvest - Die Plattform f\u00fcr Standorte und Immobilien","description":"Il Cantone di Vaud ha completato con successo la ristrutturazione di cinque edifici termali storici, dando cos\u00ec un esempio di conservazione del patrimonio culturale e allo stesso tempo di adattamento ai moderni standard di sostenibilit\u00e0. La fase finale di questo ampio programma di ristrutturazione \u00e8 stata raggiunta con la parrocchia di Vufflens-le-Ch\u00e2teau.","inLanguage":"it-IT","isPartOf":{"@id":"https:\/\/www.immo-invest.ch\/it\/#website"},"breadcrumb":{"@id":"https:\/\/www.immo-invest.ch\/it\/historische-kurhaeuser-im-kanton-waadt-nachhaltig-renoviert\/#breadcrumblist"},"author":{"@id":"https:\/\/www.immo-invest.ch\/it\/author\/immovestuser\/#author"},"creator":{"@id":"https:\/\/www.immo-invest.ch\/it\/author\/immovestuser\/#author"},"image":{"@type":"ImageObject","url":"https:\/\/www.immo-invest.ch\/wp-content\/uploads\/2025\/02\/https___www.myswitzerland.com_-_media_dam_resources_places_r_o_rougemont_images-all-season_67166_32001800.avif","@id":"https:\/\/www.immo-invest.ch\/it\/historische-kurhaeuser-im-kanton-waadt-nachhaltig-renoviert\/#mainImage","width":1564,"height":880,"caption":"https:\/\/www.myswitzerland.com\/de-de\/reiseziele\/rougemont\/"},"primaryImageOfPage":{"@id":"https:\/\/www.immo-invest.ch\/it\/historische-kurhaeuser-im-kanton-waadt-nachhaltig-renoviert\/#mainImage"},"datePublished":"2025-02-11T15:27:23+01:00","dateModified":"2025-02-11T17:05:51+01:00"},{"@type":"WebSite","@id":"https:\/\/www.immo-invest.ch\/it\/#website","url":"https:\/\/www.immo-invest.ch\/it\/","name":"immo!nvest - Die Plattform f\u00fcr Standorte und Immobilien","description":"Die\u00a0Plattform f\u00fcr Standorte und Immobilien","inLanguage":"it-IT","publisher":{"@id":"https:\/\/www.immo-invest.ch\/it\/#organization"}}]},"og:locale":"it_IT","og:site_name":"immo!nvest - Die Plattform f\u00fcr Standorte und Immobilien - Die\u00a0Plattform f\u00fcr Standorte und Immobilien","og:type":"article","og:title":"Centri termali storici nel Cantone di Vaud rinnovati in modo sostenibile - immo!nvest - Die Plattform f\u00fcr Standorte und Immobilien","og:description":"Il Cantone di Vaud ha completato con successo la ristrutturazione di cinque edifici termali storici, dando cos\u00ec un esempio di conservazione del patrimonio culturale e allo stesso tempo di adattamento ai moderni standard di sostenibilit\u00e0. La fase finale di questo ampio programma di ristrutturazione \u00e8 stata raggiunta con la parrocchia di Vufflens-le-Ch\u00e2teau.","og:url":"https:\/\/www.immo-invest.ch\/it\/historische-kurhaeuser-im-kanton-waadt-nachhaltig-renoviert\/","og:image":"https:\/\/www.immo-invest.ch\/wp-content\/uploads\/2025\/02\/https___www.myswitzerland.com_-_media_dam_resources_places_r_o_rougemont_images-all-season_67166_32001800.avif","og:image:secure_url":"https:\/\/www.immo-invest.ch\/wp-content\/uploads\/2025\/02\/https___www.myswitzerland.com_-_media_dam_resources_places_r_o_rougemont_images-all-season_67166_32001800.avif","og:image:width":1564,"og:image:height":880,"article:published_time":"2025-02-11T14:27:23+00:00","article:modified_time":"2025-02-11T16:05:51+00:00","article:publisher":"https:\/\/www.facebook.com\/people\/Immoinvest\/100077962920504\/","twitter:card":"summary_large_image","twitter:site":"@i","twitter:title":"Centri termali storici nel Cantone di Vaud rinnovati in modo sostenibile - immo!nvest - Die Plattform f\u00fcr Standorte und Immobilien","twitter:description":"Il Cantone di Vaud ha completato con successo la ristrutturazione di cinque edifici termali storici, dando cos\u00ec un esempio di conservazione del patrimonio culturale e allo stesso tempo di adattamento ai moderni standard di sostenibilit\u00e0. La fase finale di questo ampio programma di ristrutturazione \u00e8 stata raggiunta con la parrocchia di Vufflens-le-Ch\u00e2teau.","twitter:creator":"@i","twitter:image":"https:\/\/www.immo-invest.ch\/wp-content\/uploads\/2025\/02\/https___www.myswitzerland.com_-_media_dam_resources_places_r_o_rougemont_images-all-season_67166_32001800.avif"},"aioseo_meta_data":{"post_id":"126240","title":null,"description":null,"keywords":null,"keyphrases":null,"primary_term":null,"canonical_url":null,"og_title":null,"og_description":null,"og_object_type":"default","og_image_type":"default","og_image_url":null,"og_image_width":null,"og_image_height":null,"og_image_custom_url":null,"og_image_custom_fields":null,"og_video":null,"og_custom_url":null,"og_article_section":null,"og_article_tags":null,"twitter_use_og":false,"twitter_card":"default","twitter_image_type":"default","twitter_image_url":null,"twitter_image_custom_url":null,"twitter_image_custom_fields":null,"twitter_title":null,"twitter_description":null,"schema":{"blockGraphs":[],"customGraphs":[],"default":{"data":{"Article":[],"Course":[],"Dataset":[],"FAQPage":[],"Movie":[],"Person":[],"Product":[],"ProductReview":[],"Car":[],"Recipe":[],"Service":[],"SoftwareApplication":[],"WebPage":[]},"graphName":"","isEnabled":true},"graphs":[]},"schema_type":"default","schema_type_options":null,"pillar_content":false,"robots_default":true,"robots_noindex":false,"robots_noarchive":false,"robots_nosnippet":false,"robots_nofollow":false,"robots_noimageindex":false,"robots_noodp":false,"robots_notranslate":false,"robots_max_snippet":null,"robots_max_videopreview":null,"robots_max_imagepreview":"large","priority":null,"frequency":null,"local_seo":null,"breadcrumb_settings":null,"limit_modified_date":false,"ai":null,"created":"2025-02-11 15:20:19","updated":"2025-10-24 16:54:14","seo_analyzer_scan_date":null,"focus_keyword":null,"additional_keywords":null,"truseo_locale":null},"aioseo_breadcrumb":"<div class=\"aioseo-breadcrumbs\"><span class=\"aioseo-breadcrumb\">\n\t\t\t<a href=\"https:\/\/www.immo-invest.ch\/it\/\" title=\"Home\">Home<\/a>\n\t\t<\/span><span class=\"aioseo-breadcrumb-separator\">&raquo;<\/span><span class=\"aioseo-breadcrumb\">\n\t\t\t<a href=\"https:\/\/www.immo-invest.ch\/it\/categoria\/regioni\/\" title=\"Regioni\">Regioni<\/a>\n\t\t<\/span><span class=\"aioseo-breadcrumb-separator\">&raquo;<\/span><span class=\"aioseo-breadcrumb\">\n\t\t\t<a href=\"https:\/\/www.immo-invest.ch\/it\/categoria\/regioni\/svizzera\/\" title=\"Svizzera\">Svizzera<\/a>\n\t\t<\/span><span class=\"aioseo-breadcrumb-separator\">&raquo;<\/span><span class=\"aioseo-breadcrumb\">\n\t\t\t<a href=\"https:\/\/www.immo-invest.ch\/it\/categoria\/regioni\/svizzera\/regione-del-lago-di-ginevra\/\" title=\"Regione del Lago di Ginevra\">Regione del Lago di Ginevra<\/a>\n\t\t<\/span><span class=\"aioseo-breadcrumb-separator\">&raquo;<\/span><span class=\"aioseo-breadcrumb\">\n\t\t\t<a href=\"https:\/\/www.immo-invest.ch\/it\/categoria\/regioni\/svizzera\/regione-del-lago-di-ginevra\/waadt-it\/\" title=\"Waadt\">Waadt<\/a>\n\t\t<\/span><span class=\"aioseo-breadcrumb-separator\">&raquo;<\/span><span class=\"aioseo-breadcrumb\">\n\t\t\tCentri termali storici nel Cantone di Vaud rinnovati in modo sostenibile\n\t\t<\/span><\/div>","aioseo_breadcrumb_json":[{"label":"Home","link":"https:\/\/www.immo-invest.ch\/it\/"},{"label":"Regioni","link":"https:\/\/www.immo-invest.ch\/it\/categoria\/regioni\/"},{"label":"Svizzera","link":"https:\/\/www.immo-invest.ch\/it\/categoria\/regioni\/svizzera\/"},{"label":"Regione del Lago di Ginevra","link":"https:\/\/www.immo-invest.ch\/it\/categoria\/regioni\/svizzera\/regione-del-lago-di-ginevra\/"},{"label":"Waadt","link":"https:\/\/www.immo-invest.ch\/it\/categoria\/regioni\/svizzera\/regione-del-lago-di-ginevra\/waadt-it\/"},{"label":"Centri termali storici nel Cantone di Vaud rinnovati in modo sostenibile","link":"https:\/\/www.immo-invest.ch\/it\/historische-kurhaeuser-im-kanton-waadt-nachhaltig-renoviert\/"}],"featured_image_src":"https:\/\/www.immo-invest.ch\/wp-content\/uploads\/2025\/02\/https___www.myswitzerland.com_-_media_dam_resources_places_r_o_rougemont_images-all-season_67166_32001800-336x168.avif","_links":{"self":[{"href":"https:\/\/www.immo-invest.ch\/it\/wp-json\/wp\/v2\/posts\/126240","targetHints":{"allow":["GET"]}}],"collection":[{"href":"https:\/\/www.immo-invest.ch\/it\/wp-json\/wp\/v2\/posts"}],"about":[{"href":"https:\/\/www.immo-invest.ch\/it\/wp-json\/wp\/v2\/types\/post"}],"author":[{"embeddable":true,"href":"https:\/\/www.immo-invest.ch\/it\/wp-json\/wp\/v2\/users\/2"}],"replies":[{"embeddable":true,"href":"https:\/\/www.immo-invest.ch\/it\/wp-json\/wp\/v2\/comments?post=126240"}],"version-history":[{"count":0,"href":"https:\/\/www.immo-invest.ch\/it\/wp-json\/wp\/v2\/posts\/126240\/revisions"}],"wp:featuredmedia":[{"embeddable":true,"href":"https:\/\/www.immo-invest.ch\/it\/wp-json\/wp\/v2\/media\/126143"}],"wp:attachment":[{"href":"https:\/\/www.immo-invest.ch\/it\/wp-json\/wp\/v2\/media?parent=126240"}],"wp:term":[{"taxonomy":"category","embeddable":true,"href":"https:\/\/www.immo-invest.ch\/it\/wp-json\/wp\/v2\/categories?post=126240"},{"taxonomy":"post_tag","embeddable":true,"href":"https:\/\/www.immo-invest.ch\/it\/wp-json\/wp\/v2\/tags?post=126240"}],"curies":[{"name":"wp","href":"https:\/\/api.w.org\/{rel}","templated":true}]}}