{"id":125024,"date":"2025-01-30T16:39:04","date_gmt":"2025-01-30T15:39:04","guid":{"rendered":"https:\/\/www.immo-invest.ch\/neuer-standard-bei-jva-bostadel\/"},"modified":"2025-01-30T16:49:33","modified_gmt":"2025-01-30T15:49:33","slug":"neuer-standard-bei-jva-bostadel","status":"publish","type":"post","link":"https:\/\/www.immo-invest.ch\/it\/neuer-standard-bei-jva-bostadel\/","title":{"rendered":"Nuovo standard a JVA Bostadel"},"content":{"rendered":"<p class=\"wp-block-paragraph\">Il carcere di Bostadel, costruito tra il 1972 e il 1977, sta mostrando chiari segni di usura dopo decenni. Le modifiche strutturali per aumentare la sicurezza antisismica, la protezione antincendio e l&rsquo;efficienza energetica sono urgentemente necessarie per garantire la sicurezza dei detenuti e del personale. Il progetto di ristrutturazione completa comprende <span class=\"glossaryLink\"  aria-describedby=\"tt\"  data-cmtooltip=\"&lt;div class=glossaryItemTitle&gt;SIA&lt;\/div&gt;&lt;div class=glossaryItemBody&gt;Schweizerischer Ingenieur- und Architektenverein; massgebender Berufsverband f&uuml;r qualifizierte Fachleute der Bereiche Bau, Technik und Umwelt mit rund f&uuml;nfzehntausend Mitgliedern&lt;\/div&gt;\"  data-mobile-support=\"0\"  data-gt-translate-attributes='[{\"attribute\":\"data-cmtooltip\", \"format\":\"html\"}]' tabindex='0' role='link'>sia<\/span> la modernizzazione della tecnologia dell&rsquo;edificio che la costruzione di un nuovo reparto speciale, che servir&agrave; come struttura temporanea durante la fase di costruzione.<\/p>\n\n\n\n\n\n<p class=\"wp-block-paragraph\"><strong>Ristrutturazione durante il funzionamento<\/strong><br>Un aspetto centrale di questo progetto &egrave; la ristrutturazione durante le operazioni in corso. Il nuovo edificio fornisce una soluzione alternativa temporanea durante la ristrutturazione ed &egrave; particolarmente orientato alle esigenze dei detenuti anziani e di lunga durata. Questo approccio &egrave; stato sviluppato in stretta collaborazione con il Concordato sulle carceri della Svizzera nordoccidentale e centrale e con l&rsquo;Ufficio federale di giustizia, per garantire il regolare funzionamento del carcere.<\/p>\n\n\n\n\n\n<p class=\"wp-block-paragraph\"><strong>Innovazione architettonica<\/strong><br>Il progetto vincente di Eggenspieler Architekten AG e architecture am&eacute;nagement s.a. colpisce per la pianificazione ben ponderata e l&rsquo;innovazione architettonica. L&rsquo;ampliamento crea ulteriori aree esterne e garantisce un ambiente piacevole ottimizzando l&rsquo;illuminazione degli spazi interni. Il risultato &egrave; la realizzazione di un&rsquo;infrastruttura carceraria moderna e sostenibile.<\/p>\n\n\n\n\n\n<p class=\"wp-block-paragraph\"><strong>Un progetto efficiente e sostenibile<\/strong><br>Secondo una stima approssimativa dei costi, i costi totali ammontano a 66,6 milioni di franchi svizzeri, o 50,35 milioni di franchi svizzeri netti dopo la deduzione dei contributi federali, rendendo il progetto efficiente e sostenibile. Il coinvolgimento dei governi cantonali di Zugo e Basilea Citt&agrave; garantisce il rispetto di standard e requisiti moderni.<\/p>\n\n\n\n\n\n<p class=\"wp-block-paragraph\"><strong>Impostare la rotta per il futuro<\/strong><br>Dopo l&rsquo;approvazione da parte dei governi cantonali e l&rsquo;imminente procedura nei parlamenti cantonali, il progetto sar&agrave; realizzato in pi&ugrave; fasi. Il completamento dell&rsquo;ampliamento &egrave; previsto per il 2028 e la ristrutturazione completa per il 2031, preparando il Carcere di Bostadel ai requisiti dei prossimi decenni.<\/p>\n\n","protected":false},"excerpt":{"rendered":"<p>Il carcere Bostadel di Menzingen sta per essere ristrutturato e ampliato. Questo progetto non \u00e8 solo necessario per soddisfare i requisiti strutturali e operativi, ma ha anche lo scopo di migliorare la qualit\u00e0 delle condizioni carcerarie per i detenuti pi\u00f9 anziani e per quelli in custodia a lungo termine. <\/p>\n","protected":false},"author":2,"featured_media":125018,"comment_status":"open","ping_status":"open","sticky":false,"template":"","format":"standard","meta":{"pmpro_default_level":"","inline_featured_image":false,"_monsterinsights_skip_tracking":false,"footnotes":""},"categories":[22359,22700,8742],"tags":[51810,867,3935,51134,2006,51811],"class_list":["post-125024","post","type-post","status-publish","format-standard","has-post-thumbnail","hentry","category-costruzione","category-sostenibilita","category-zug-immoregionen-it","tag-gefaengnissanierung-it","tag-immoinvest-it","tag-immonews-it","tag-nachhaltige-infrastruktur-it","tag-news-it","tag-sicherheitsstandard-it","pmpro-has-access"],"acf":{"bild_mit_ki_erstellt_worden":[],"lead":"Il carcere Bostadel di Menzingen sta per essere ristrutturato e ampliato. Questo progetto non \u00e8 solo necessario per soddisfare i requisiti strutturali e operativi, ma ha anche lo scopo di migliorare la qualit\u00e0 delle condizioni carcerarie per i detenuti pi\u00f9 anziani e per quelli in custodia a lungo termine. ","autor":"Quelle: immo!nvest Magazin Zug","ort":"","bildunterschrift":"","bild_im_grid":false,"gallerie":"","newsim":""},"aioseo_notices":[],"aioseo_head":"\n\t\t<!-- All in One SEO 5.0.1.1 - aioseo.com -->\n\t<meta name=\"description\" content=\"Il carcere Bostadel di Menzingen sta per essere ristrutturato e ampliato. Questo progetto non \u00e8 solo necessario per soddisfare i requisiti strutturali e operativi, ma ha anche lo scopo di migliorare la qualit\u00e0 delle condizioni carcerarie per i detenuti pi\u00f9 anziani e per quelli in custodia a lungo termine.\" \/>\n\t<meta name=\"robots\" content=\"max-image-preview:large\" \/>\n\t<meta name=\"author\" content=\"immovestuser\"\/>\n\t<meta name=\"google-site-verification\" content=\"fHJKvgWpZCR2zVBHWfkQeFXC11qieUSff0HGNYfuyLA\" \/>\n\t<link rel=\"canonical\" href=\"https:\/\/www.immo-invest.ch\/it\/neuer-standard-bei-jva-bostadel\/\" \/>\n\t<meta name=\"generator\" content=\"All in One SEO (AIOSEO) 5.0.1.1\" \/>\n\t\t<meta property=\"og:locale\" content=\"it_IT\" \/>\n\t\t<meta property=\"og:site_name\" content=\"immo!nvest - Die Plattform f\u00fcr Standorte und Immobilien - Die\u00a0Plattform f\u00fcr Standorte und Immobilien\" \/>\n\t\t<meta property=\"og:type\" content=\"article\" \/>\n\t\t<meta property=\"og:title\" content=\"Nuovo standard a JVA Bostadel - immo!nvest - Die Plattform f\u00fcr Standorte und Immobilien\" \/>\n\t\t<meta property=\"og:description\" content=\"Il carcere Bostadel di Menzingen sta per essere ristrutturato e ampliato. Questo progetto non \u00e8 solo necessario per soddisfare i requisiti strutturali e operativi, ma ha anche lo scopo di migliorare la qualit\u00e0 delle condizioni carcerarie per i detenuti pi\u00f9 anziani e per quelli in custodia a lungo termine.\" \/>\n\t\t<meta property=\"og:url\" content=\"https:\/\/www.immo-invest.ch\/it\/neuer-standard-bei-jva-bostadel\/\" \/>\n\t\t<meta property=\"og:image\" content=\"https:\/\/www.immo-invest.ch\/wp-content\/uploads\/2025\/01\/01-JVA-Bostadel-Aussenbereich-Spezialabteilung-1-scaled.jpg\" \/>\n\t\t<meta property=\"og:image:secure_url\" content=\"https:\/\/www.immo-invest.ch\/wp-content\/uploads\/2025\/01\/01-JVA-Bostadel-Aussenbereich-Spezialabteilung-1-scaled.jpg\" \/>\n\t\t<meta property=\"og:image:width\" content=\"2560\" \/>\n\t\t<meta property=\"og:image:height\" content=\"1603\" \/>\n\t\t<meta property=\"article:published_time\" content=\"2025-01-30T15:39:04+00:00\" \/>\n\t\t<meta property=\"article:modified_time\" content=\"2025-01-30T15:49:33+00:00\" \/>\n\t\t<meta property=\"article:publisher\" content=\"https:\/\/www.facebook.com\/people\/Immoinvest\/100077962920504\/\" \/>\n\t\t<meta name=\"twitter:card\" content=\"summary_large_image\" \/>\n\t\t<meta name=\"twitter:site\" content=\"@i\" \/>\n\t\t<meta name=\"twitter:title\" content=\"Nuovo standard a JVA Bostadel - immo!nvest - Die Plattform f\u00fcr Standorte und Immobilien\" \/>\n\t\t<meta name=\"twitter:description\" content=\"Il carcere Bostadel di Menzingen sta per essere ristrutturato e ampliato. Questo progetto non \u00e8 solo necessario per soddisfare i requisiti strutturali e operativi, ma ha anche lo scopo di migliorare la qualit\u00e0 delle condizioni carcerarie per i detenuti pi\u00f9 anziani e per quelli in custodia a lungo termine.\" \/>\n\t\t<meta name=\"twitter:creator\" content=\"@i\" \/>\n\t\t<meta name=\"twitter:image\" content=\"https:\/\/www.immo-invest.ch\/wp-content\/uploads\/2025\/01\/01-JVA-Bostadel-Aussenbereich-Spezialabteilung-1-scaled.jpg\" \/>\n\t\t<script type=\"application\/ld+json\" class=\"aioseo-schema\">\n\t\t\t{\"@context\":\"https:\\\/\\\/schema.org\",\"@graph\":[{\"@type\":\"BlogPosting\",\"@id\":\"https:\\\/\\\/www.immo-invest.ch\\\/it\\\/neuer-standard-bei-jva-bostadel\\\/#blogposting\",\"name\":\"Nuovo standard a JVA Bostadel - immo!nvest - Die Plattform f\\u00fcr Standorte und Immobilien\",\"headline\":\"Nuovo standard a JVA Bostadel\",\"author\":{\"@id\":\"https:\\\/\\\/www.immo-invest.ch\\\/it\\\/author\\\/immovestuser\\\/#author\"},\"publisher\":{\"@id\":\"https:\\\/\\\/www.immo-invest.ch\\\/it\\\/#organization\"},\"image\":{\"@type\":\"ImageObject\",\"url\":\"https:\\\/\\\/www.immo-invest.ch\\\/wp-content\\\/uploads\\\/2025\\\/01\\\/01-JVA-Bostadel-Aussenbereich-Spezialabteilung-1-scaled.jpg\",\"width\":2560,\"height\":1603},\"datePublished\":\"2025-01-30T16:39:04+01:00\",\"dateModified\":\"2025-01-30T16:49:33+01:00\",\"inLanguage\":\"it-IT\",\"mainEntityOfPage\":{\"@id\":\"https:\\\/\\\/www.immo-invest.ch\\\/it\\\/neuer-standard-bei-jva-bostadel\\\/#webpage\"},\"isPartOf\":{\"@id\":\"https:\\\/\\\/www.immo-invest.ch\\\/it\\\/neuer-standard-bei-jva-bostadel\\\/#webpage\"},\"articleSection\":\"Costruzione, Sostenibilit\\u00e0, Zug, Gef\\u00e4ngnissanierung, Immoinvest, immoNews, nachhaltige Infrastruktur, News, Sicherheitsstandard, Optional\"},{\"@type\":\"BreadcrumbList\",\"@id\":\"https:\\\/\\\/www.immo-invest.ch\\\/it\\\/neuer-standard-bei-jva-bostadel\\\/#breadcrumblist\",\"itemListElement\":[{\"@type\":\"ListItem\",\"@id\":\"https:\\\/\\\/www.immo-invest.ch\\\/it\\\/#listItem\",\"position\":1,\"name\":\"Home\",\"item\":\"https:\\\/\\\/www.immo-invest.ch\\\/it\\\/\",\"nextItem\":{\"@type\":\"ListItem\",\"@id\":\"https:\\\/\\\/www.immo-invest.ch\\\/it\\\/categoria\\\/regioni\\\/#listItem\",\"name\":\"Regioni\"}},{\"@type\":\"ListItem\",\"@id\":\"https:\\\/\\\/www.immo-invest.ch\\\/it\\\/categoria\\\/regioni\\\/#listItem\",\"position\":2,\"name\":\"Regioni\",\"item\":\"https:\\\/\\\/www.immo-invest.ch\\\/it\\\/categoria\\\/regioni\\\/\",\"nextItem\":{\"@type\":\"ListItem\",\"@id\":\"https:\\\/\\\/www.immo-invest.ch\\\/it\\\/categoria\\\/regioni\\\/svizzera\\\/#listItem\",\"name\":\"Svizzera\"},\"previousItem\":{\"@type\":\"ListItem\",\"@id\":\"https:\\\/\\\/www.immo-invest.ch\\\/it\\\/#listItem\",\"name\":\"Home\"}},{\"@type\":\"ListItem\",\"@id\":\"https:\\\/\\\/www.immo-invest.ch\\\/it\\\/categoria\\\/regioni\\\/svizzera\\\/#listItem\",\"position\":3,\"name\":\"Svizzera\",\"item\":\"https:\\\/\\\/www.immo-invest.ch\\\/it\\\/categoria\\\/regioni\\\/svizzera\\\/\",\"nextItem\":{\"@type\":\"ListItem\",\"@id\":\"https:\\\/\\\/www.immo-invest.ch\\\/it\\\/categoria\\\/regioni\\\/svizzera\\\/zentralschweiz-it\\\/#listItem\",\"name\":\"Zentralschweiz\"},\"previousItem\":{\"@type\":\"ListItem\",\"@id\":\"https:\\\/\\\/www.immo-invest.ch\\\/it\\\/categoria\\\/regioni\\\/#listItem\",\"name\":\"Regioni\"}},{\"@type\":\"ListItem\",\"@id\":\"https:\\\/\\\/www.immo-invest.ch\\\/it\\\/categoria\\\/regioni\\\/svizzera\\\/zentralschweiz-it\\\/#listItem\",\"position\":4,\"name\":\"Zentralschweiz\",\"item\":\"https:\\\/\\\/www.immo-invest.ch\\\/it\\\/categoria\\\/regioni\\\/svizzera\\\/zentralschweiz-it\\\/\",\"nextItem\":{\"@type\":\"ListItem\",\"@id\":\"https:\\\/\\\/www.immo-invest.ch\\\/it\\\/categoria\\\/regioni\\\/svizzera\\\/zentralschweiz-it\\\/zug-immoregionen-it\\\/#listItem\",\"name\":\"Zug\"},\"previousItem\":{\"@type\":\"ListItem\",\"@id\":\"https:\\\/\\\/www.immo-invest.ch\\\/it\\\/categoria\\\/regioni\\\/svizzera\\\/#listItem\",\"name\":\"Svizzera\"}},{\"@type\":\"ListItem\",\"@id\":\"https:\\\/\\\/www.immo-invest.ch\\\/it\\\/categoria\\\/regioni\\\/svizzera\\\/zentralschweiz-it\\\/zug-immoregionen-it\\\/#listItem\",\"position\":5,\"name\":\"Zug\",\"item\":\"https:\\\/\\\/www.immo-invest.ch\\\/it\\\/categoria\\\/regioni\\\/svizzera\\\/zentralschweiz-it\\\/zug-immoregionen-it\\\/\",\"nextItem\":{\"@type\":\"ListItem\",\"@id\":\"https:\\\/\\\/www.immo-invest.ch\\\/it\\\/neuer-standard-bei-jva-bostadel\\\/#listItem\",\"name\":\"Nuovo standard a JVA Bostadel\"},\"previousItem\":{\"@type\":\"ListItem\",\"@id\":\"https:\\\/\\\/www.immo-invest.ch\\\/it\\\/categoria\\\/regioni\\\/svizzera\\\/zentralschweiz-it\\\/#listItem\",\"name\":\"Zentralschweiz\"}},{\"@type\":\"ListItem\",\"@id\":\"https:\\\/\\\/www.immo-invest.ch\\\/it\\\/neuer-standard-bei-jva-bostadel\\\/#listItem\",\"position\":6,\"name\":\"Nuovo standard a JVA Bostadel\",\"previousItem\":{\"@type\":\"ListItem\",\"@id\":\"https:\\\/\\\/www.immo-invest.ch\\\/it\\\/categoria\\\/regioni\\\/svizzera\\\/zentralschweiz-it\\\/zug-immoregionen-it\\\/#listItem\",\"name\":\"Zug\"}}]},{\"@type\":\"Organization\",\"@id\":\"https:\\\/\\\/www.immo-invest.ch\\\/it\\\/#organization\",\"name\":\"immo!nvest - Die Plattform f\\u00fcr Standorte und Immobilien\",\"description\":\"Die\\u00a0Plattform f\\u00fcr Standorte und Immobilien\",\"url\":\"https:\\\/\\\/www.immo-invest.ch\\\/it\\\/\",\"email\":\"admin@immomedia.ag\",\"telephone\":\"+41444420002\",\"logo\":{\"@type\":\"ImageObject\",\"url\":\"https:\\\/\\\/www.immo-invest.ch\\\/wp-content\\\/uploads\\\/2024\\\/09\\\/immoinvest_sm-scaled.jpg\",\"@id\":\"https:\\\/\\\/www.immo-invest.ch\\\/it\\\/neuer-standard-bei-jva-bostadel\\\/#organizationLogo\",\"width\":2560,\"height\":1340},\"image\":{\"@id\":\"https:\\\/\\\/www.immo-invest.ch\\\/it\\\/neuer-standard-bei-jva-bostadel\\\/#organizationLogo\"},\"sameAs\":[\"https:\\\/\\\/www.facebook.com\\\/people\\\/Immoinvest\\\/100077962920504\\\/\",\"https:\\\/\\\/x.com\\\/i\\\/flow\\\/login?redirect_after_login=immoinvest_ch\",\"https:\\\/\\\/www.instagram.com\\\/immoinvest_ch\\\/\",\"https:\\\/\\\/www.linkedin.com\\\/company\\\/immoinvest-swiss\"]},{\"@type\":\"Person\",\"@id\":\"https:\\\/\\\/www.immo-invest.ch\\\/it\\\/author\\\/immovestuser\\\/#author\",\"url\":\"https:\\\/\\\/www.immo-invest.ch\\\/it\\\/author\\\/immovestuser\\\/\",\"name\":\"immovestuser\",\"image\":{\"@type\":\"ImageObject\",\"@id\":\"https:\\\/\\\/www.immo-invest.ch\\\/it\\\/neuer-standard-bei-jva-bostadel\\\/#authorImage\",\"url\":\"https:\\\/\\\/secure.gravatar.com\\\/avatar\\\/8e01f4d99f2eeea7a362ebb93305e1172a70e9293ba250f897a65c39f54cdd1e?s=96&d=mm&r=g\",\"width\":96,\"height\":96,\"caption\":\"immovestuser\"}},{\"@type\":\"WebPage\",\"@id\":\"https:\\\/\\\/www.immo-invest.ch\\\/it\\\/neuer-standard-bei-jva-bostadel\\\/#webpage\",\"url\":\"https:\\\/\\\/www.immo-invest.ch\\\/it\\\/neuer-standard-bei-jva-bostadel\\\/\",\"name\":\"Nuovo standard a JVA Bostadel - immo!nvest - Die Plattform f\\u00fcr Standorte und Immobilien\",\"description\":\"Il carcere Bostadel di Menzingen sta per essere ristrutturato e ampliato. Questo progetto non \\u00e8 solo necessario per soddisfare i requisiti strutturali e operativi, ma ha anche lo scopo di migliorare la qualit\\u00e0 delle condizioni carcerarie per i detenuti pi\\u00f9 anziani e per quelli in custodia a lungo termine.\",\"inLanguage\":\"it-IT\",\"isPartOf\":{\"@id\":\"https:\\\/\\\/www.immo-invest.ch\\\/it\\\/#website\"},\"breadcrumb\":{\"@id\":\"https:\\\/\\\/www.immo-invest.ch\\\/it\\\/neuer-standard-bei-jva-bostadel\\\/#breadcrumblist\"},\"author\":{\"@id\":\"https:\\\/\\\/www.immo-invest.ch\\\/it\\\/author\\\/immovestuser\\\/#author\"},\"creator\":{\"@id\":\"https:\\\/\\\/www.immo-invest.ch\\\/it\\\/author\\\/immovestuser\\\/#author\"},\"image\":{\"@type\":\"ImageObject\",\"url\":\"https:\\\/\\\/www.immo-invest.ch\\\/wp-content\\\/uploads\\\/2025\\\/01\\\/01-JVA-Bostadel-Aussenbereich-Spezialabteilung-1-scaled.jpg\",\"@id\":\"https:\\\/\\\/www.immo-invest.ch\\\/it\\\/neuer-standard-bei-jva-bostadel\\\/#mainImage\",\"width\":2560,\"height\":1603},\"primaryImageOfPage\":{\"@id\":\"https:\\\/\\\/www.immo-invest.ch\\\/it\\\/neuer-standard-bei-jva-bostadel\\\/#mainImage\"},\"datePublished\":\"2025-01-30T16:39:04+01:00\",\"dateModified\":\"2025-01-30T16:49:33+01:00\"},{\"@type\":\"WebSite\",\"@id\":\"https:\\\/\\\/www.immo-invest.ch\\\/it\\\/#website\",\"url\":\"https:\\\/\\\/www.immo-invest.ch\\\/it\\\/\",\"name\":\"immo!nvest - Die Plattform f\\u00fcr Standorte und Immobilien\",\"description\":\"Die\\u00a0Plattform f\\u00fcr Standorte und Immobilien\",\"inLanguage\":\"it-IT\",\"publisher\":{\"@id\":\"https:\\\/\\\/www.immo-invest.ch\\\/it\\\/#organization\"}}]}\n\t\t<\/script>\n\t\t<!-- All in One SEO -->\n\n","aioseo_head_json":{"title":"Nuovo standard a JVA Bostadel - immo!nvest - Die Plattform f\u00fcr Standorte und Immobilien","description":"Il carcere Bostadel di Menzingen sta per essere ristrutturato e ampliato. Questo progetto non \u00e8 solo necessario per soddisfare i requisiti strutturali e operativi, ma ha anche lo scopo di migliorare la qualit\u00e0 delle condizioni carcerarie per i detenuti pi\u00f9 anziani e per quelli in custodia a lungo termine.","canonical_url":"https:\/\/www.immo-invest.ch\/it\/neuer-standard-bei-jva-bostadel\/","robots":"max-image-preview:large","keywords":"","webmasterTools":{"google-site-verification":"fHJKvgWpZCR2zVBHWfkQeFXC11qieUSff0HGNYfuyLA","miscellaneous":""},"schema":{"@context":"https:\/\/schema.org","@graph":[{"@type":"BlogPosting","@id":"https:\/\/www.immo-invest.ch\/it\/neuer-standard-bei-jva-bostadel\/#blogposting","name":"Nuovo standard a JVA Bostadel - immo!nvest - Die Plattform f\u00fcr Standorte und Immobilien","headline":"Nuovo standard a JVA Bostadel","author":{"@id":"https:\/\/www.immo-invest.ch\/it\/author\/immovestuser\/#author"},"publisher":{"@id":"https:\/\/www.immo-invest.ch\/it\/#organization"},"image":{"@type":"ImageObject","url":"https:\/\/www.immo-invest.ch\/wp-content\/uploads\/2025\/01\/01-JVA-Bostadel-Aussenbereich-Spezialabteilung-1-scaled.jpg","width":2560,"height":1603},"datePublished":"2025-01-30T16:39:04+01:00","dateModified":"2025-01-30T16:49:33+01:00","inLanguage":"it-IT","mainEntityOfPage":{"@id":"https:\/\/www.immo-invest.ch\/it\/neuer-standard-bei-jva-bostadel\/#webpage"},"isPartOf":{"@id":"https:\/\/www.immo-invest.ch\/it\/neuer-standard-bei-jva-bostadel\/#webpage"},"articleSection":"Costruzione, Sostenibilit\u00e0, Zug, Gef\u00e4ngnissanierung, Immoinvest, immoNews, nachhaltige Infrastruktur, News, Sicherheitsstandard, Optional"},{"@type":"BreadcrumbList","@id":"https:\/\/www.immo-invest.ch\/it\/neuer-standard-bei-jva-bostadel\/#breadcrumblist","itemListElement":[{"@type":"ListItem","@id":"https:\/\/www.immo-invest.ch\/it\/#listItem","position":1,"name":"Home","item":"https:\/\/www.immo-invest.ch\/it\/","nextItem":{"@type":"ListItem","@id":"https:\/\/www.immo-invest.ch\/it\/categoria\/regioni\/#listItem","name":"Regioni"}},{"@type":"ListItem","@id":"https:\/\/www.immo-invest.ch\/it\/categoria\/regioni\/#listItem","position":2,"name":"Regioni","item":"https:\/\/www.immo-invest.ch\/it\/categoria\/regioni\/","nextItem":{"@type":"ListItem","@id":"https:\/\/www.immo-invest.ch\/it\/categoria\/regioni\/svizzera\/#listItem","name":"Svizzera"},"previousItem":{"@type":"ListItem","@id":"https:\/\/www.immo-invest.ch\/it\/#listItem","name":"Home"}},{"@type":"ListItem","@id":"https:\/\/www.immo-invest.ch\/it\/categoria\/regioni\/svizzera\/#listItem","position":3,"name":"Svizzera","item":"https:\/\/www.immo-invest.ch\/it\/categoria\/regioni\/svizzera\/","nextItem":{"@type":"ListItem","@id":"https:\/\/www.immo-invest.ch\/it\/categoria\/regioni\/svizzera\/zentralschweiz-it\/#listItem","name":"Zentralschweiz"},"previousItem":{"@type":"ListItem","@id":"https:\/\/www.immo-invest.ch\/it\/categoria\/regioni\/#listItem","name":"Regioni"}},{"@type":"ListItem","@id":"https:\/\/www.immo-invest.ch\/it\/categoria\/regioni\/svizzera\/zentralschweiz-it\/#listItem","position":4,"name":"Zentralschweiz","item":"https:\/\/www.immo-invest.ch\/it\/categoria\/regioni\/svizzera\/zentralschweiz-it\/","nextItem":{"@type":"ListItem","@id":"https:\/\/www.immo-invest.ch\/it\/categoria\/regioni\/svizzera\/zentralschweiz-it\/zug-immoregionen-it\/#listItem","name":"Zug"},"previousItem":{"@type":"ListItem","@id":"https:\/\/www.immo-invest.ch\/it\/categoria\/regioni\/svizzera\/#listItem","name":"Svizzera"}},{"@type":"ListItem","@id":"https:\/\/www.immo-invest.ch\/it\/categoria\/regioni\/svizzera\/zentralschweiz-it\/zug-immoregionen-it\/#listItem","position":5,"name":"Zug","item":"https:\/\/www.immo-invest.ch\/it\/categoria\/regioni\/svizzera\/zentralschweiz-it\/zug-immoregionen-it\/","nextItem":{"@type":"ListItem","@id":"https:\/\/www.immo-invest.ch\/it\/neuer-standard-bei-jva-bostadel\/#listItem","name":"Nuovo standard a JVA Bostadel"},"previousItem":{"@type":"ListItem","@id":"https:\/\/www.immo-invest.ch\/it\/categoria\/regioni\/svizzera\/zentralschweiz-it\/#listItem","name":"Zentralschweiz"}},{"@type":"ListItem","@id":"https:\/\/www.immo-invest.ch\/it\/neuer-standard-bei-jva-bostadel\/#listItem","position":6,"name":"Nuovo standard a JVA Bostadel","previousItem":{"@type":"ListItem","@id":"https:\/\/www.immo-invest.ch\/it\/categoria\/regioni\/svizzera\/zentralschweiz-it\/zug-immoregionen-it\/#listItem","name":"Zug"}}]},{"@type":"Organization","@id":"https:\/\/www.immo-invest.ch\/it\/#organization","name":"immo!nvest - Die Plattform f\u00fcr Standorte und Immobilien","description":"Die\u00a0Plattform f\u00fcr Standorte und Immobilien","url":"https:\/\/www.immo-invest.ch\/it\/","email":"admin@immomedia.ag","telephone":"+41444420002","logo":{"@type":"ImageObject","url":"https:\/\/www.immo-invest.ch\/wp-content\/uploads\/2024\/09\/immoinvest_sm-scaled.jpg","@id":"https:\/\/www.immo-invest.ch\/it\/neuer-standard-bei-jva-bostadel\/#organizationLogo","width":2560,"height":1340},"image":{"@id":"https:\/\/www.immo-invest.ch\/it\/neuer-standard-bei-jva-bostadel\/#organizationLogo"},"sameAs":["https:\/\/www.facebook.com\/people\/Immoinvest\/100077962920504\/","https:\/\/x.com\/i\/flow\/login?redirect_after_login=immoinvest_ch","https:\/\/www.instagram.com\/immoinvest_ch\/","https:\/\/www.linkedin.com\/company\/immoinvest-swiss"]},{"@type":"Person","@id":"https:\/\/www.immo-invest.ch\/it\/author\/immovestuser\/#author","url":"https:\/\/www.immo-invest.ch\/it\/author\/immovestuser\/","name":"immovestuser","image":{"@type":"ImageObject","@id":"https:\/\/www.immo-invest.ch\/it\/neuer-standard-bei-jva-bostadel\/#authorImage","url":"https:\/\/secure.gravatar.com\/avatar\/8e01f4d99f2eeea7a362ebb93305e1172a70e9293ba250f897a65c39f54cdd1e?s=96&d=mm&r=g","width":96,"height":96,"caption":"immovestuser"}},{"@type":"WebPage","@id":"https:\/\/www.immo-invest.ch\/it\/neuer-standard-bei-jva-bostadel\/#webpage","url":"https:\/\/www.immo-invest.ch\/it\/neuer-standard-bei-jva-bostadel\/","name":"Nuovo standard a JVA Bostadel - immo!nvest - Die Plattform f\u00fcr Standorte und Immobilien","description":"Il carcere Bostadel di Menzingen sta per essere ristrutturato e ampliato. Questo progetto non \u00e8 solo necessario per soddisfare i requisiti strutturali e operativi, ma ha anche lo scopo di migliorare la qualit\u00e0 delle condizioni carcerarie per i detenuti pi\u00f9 anziani e per quelli in custodia a lungo termine.","inLanguage":"it-IT","isPartOf":{"@id":"https:\/\/www.immo-invest.ch\/it\/#website"},"breadcrumb":{"@id":"https:\/\/www.immo-invest.ch\/it\/neuer-standard-bei-jva-bostadel\/#breadcrumblist"},"author":{"@id":"https:\/\/www.immo-invest.ch\/it\/author\/immovestuser\/#author"},"creator":{"@id":"https:\/\/www.immo-invest.ch\/it\/author\/immovestuser\/#author"},"image":{"@type":"ImageObject","url":"https:\/\/www.immo-invest.ch\/wp-content\/uploads\/2025\/01\/01-JVA-Bostadel-Aussenbereich-Spezialabteilung-1-scaled.jpg","@id":"https:\/\/www.immo-invest.ch\/it\/neuer-standard-bei-jva-bostadel\/#mainImage","width":2560,"height":1603},"primaryImageOfPage":{"@id":"https:\/\/www.immo-invest.ch\/it\/neuer-standard-bei-jva-bostadel\/#mainImage"},"datePublished":"2025-01-30T16:39:04+01:00","dateModified":"2025-01-30T16:49:33+01:00"},{"@type":"WebSite","@id":"https:\/\/www.immo-invest.ch\/it\/#website","url":"https:\/\/www.immo-invest.ch\/it\/","name":"immo!nvest - Die Plattform f\u00fcr Standorte und Immobilien","description":"Die\u00a0Plattform f\u00fcr Standorte und Immobilien","inLanguage":"it-IT","publisher":{"@id":"https:\/\/www.immo-invest.ch\/it\/#organization"}}]},"og:locale":"it_IT","og:site_name":"immo!nvest - Die Plattform f\u00fcr Standorte und Immobilien - Die\u00a0Plattform f\u00fcr Standorte und Immobilien","og:type":"article","og:title":"Nuovo standard a JVA Bostadel - immo!nvest - Die Plattform f\u00fcr Standorte und Immobilien","og:description":"Il carcere Bostadel di Menzingen sta per essere ristrutturato e ampliato. Questo progetto non \u00e8 solo necessario per soddisfare i requisiti strutturali e operativi, ma ha anche lo scopo di migliorare la qualit\u00e0 delle condizioni carcerarie per i detenuti pi\u00f9 anziani e per quelli in custodia a lungo termine.","og:url":"https:\/\/www.immo-invest.ch\/it\/neuer-standard-bei-jva-bostadel\/","og:image":"https:\/\/www.immo-invest.ch\/wp-content\/uploads\/2025\/01\/01-JVA-Bostadel-Aussenbereich-Spezialabteilung-1-scaled.jpg","og:image:secure_url":"https:\/\/www.immo-invest.ch\/wp-content\/uploads\/2025\/01\/01-JVA-Bostadel-Aussenbereich-Spezialabteilung-1-scaled.jpg","og:image:width":2560,"og:image:height":1603,"article:published_time":"2025-01-30T15:39:04+00:00","article:modified_time":"2025-01-30T15:49:33+00:00","article:publisher":"https:\/\/www.facebook.com\/people\/Immoinvest\/100077962920504\/","twitter:card":"summary_large_image","twitter:site":"@i","twitter:title":"Nuovo standard a JVA Bostadel - immo!nvest - Die Plattform f\u00fcr Standorte und Immobilien","twitter:description":"Il carcere Bostadel di Menzingen sta per essere ristrutturato e ampliato. Questo progetto non \u00e8 solo necessario per soddisfare i requisiti strutturali e operativi, ma ha anche lo scopo di migliorare la qualit\u00e0 delle condizioni carcerarie per i detenuti pi\u00f9 anziani e per quelli in custodia a lungo termine.","twitter:creator":"@i","twitter:image":"https:\/\/www.immo-invest.ch\/wp-content\/uploads\/2025\/01\/01-JVA-Bostadel-Aussenbereich-Spezialabteilung-1-scaled.jpg"},"aioseo_meta_data":{"post_id":"125024","title":null,"description":null,"keywords":null,"keyphrases":{"focus":{"keyphrase":"","score":0,"analysis":{"keyphraseInTitle":{"score":0,"maxScore":9,"error":1}}},"additional":[]},"primary_term":null,"canonical_url":null,"og_title":null,"og_description":null,"og_object_type":"default","og_image_type":"default","og_image_url":null,"og_image_width":null,"og_image_height":null,"og_image_custom_url":null,"og_image_custom_fields":null,"og_video":"","og_custom_url":null,"og_article_section":null,"og_article_tags":null,"twitter_use_og":false,"twitter_card":"default","twitter_image_type":"default","twitter_image_url":null,"twitter_image_custom_url":null,"twitter_image_custom_fields":null,"twitter_title":null,"twitter_description":null,"schema":{"blockGraphs":[],"customGraphs":[],"default":{"data":{"Article":[],"Course":[],"Dataset":[],"FAQPage":[],"Movie":[],"Person":[],"Product":[],"ProductReview":[],"Car":[],"Recipe":[],"Service":[],"SoftwareApplication":[],"WebPage":[]},"graphName":"BlogPosting","isEnabled":true},"graphs":[]},"schema_type":"default","schema_type_options":null,"pillar_content":false,"robots_default":true,"robots_noindex":false,"robots_noarchive":false,"robots_nosnippet":false,"robots_nofollow":false,"robots_noimageindex":false,"robots_noodp":false,"robots_notranslate":false,"robots_max_snippet":"-1","robots_max_videopreview":"-1","robots_max_imagepreview":"large","priority":null,"frequency":"default","local_seo":null,"breadcrumb_settings":null,"limit_modified_date":false,"ai":null,"created":"2025-01-30 15:41:59","updated":"2025-10-24 16:25:19","seo_analyzer_scan_date":null,"focus_keyword":null,"additional_keywords":null,"truseo_locale":null},"aioseo_breadcrumb":"<div class=\"aioseo-breadcrumbs\"><span class=\"aioseo-breadcrumb\">\n\t\t\t<a href=\"https:\/\/www.immo-invest.ch\/it\/\" title=\"Home\">Home<\/a>\n\t\t<\/span><span class=\"aioseo-breadcrumb-separator\">&raquo;<\/span><span class=\"aioseo-breadcrumb\">\n\t\t\t<a href=\"https:\/\/www.immo-invest.ch\/it\/categoria\/regioni\/\" title=\"Regioni\">Regioni<\/a>\n\t\t<\/span><span class=\"aioseo-breadcrumb-separator\">&raquo;<\/span><span class=\"aioseo-breadcrumb\">\n\t\t\t<a href=\"https:\/\/www.immo-invest.ch\/it\/categoria\/regioni\/svizzera\/\" title=\"Svizzera\">Svizzera<\/a>\n\t\t<\/span><span class=\"aioseo-breadcrumb-separator\">&raquo;<\/span><span class=\"aioseo-breadcrumb\">\n\t\t\t<a href=\"https:\/\/www.immo-invest.ch\/it\/categoria\/regioni\/svizzera\/zentralschweiz-it\/\" title=\"Zentralschweiz\">Zentralschweiz<\/a>\n\t\t<\/span><span class=\"aioseo-breadcrumb-separator\">&raquo;<\/span><span class=\"aioseo-breadcrumb\">\n\t\t\t<a href=\"https:\/\/www.immo-invest.ch\/it\/categoria\/regioni\/svizzera\/zentralschweiz-it\/zug-immoregionen-it\/\" title=\"Zug\">Zug<\/a>\n\t\t<\/span><span class=\"aioseo-breadcrumb-separator\">&raquo;<\/span><span class=\"aioseo-breadcrumb\">\n\t\t\tNuovo standard a JVA Bostadel\n\t\t<\/span><\/div>","aioseo_breadcrumb_json":[{"label":"Home","link":"https:\/\/www.immo-invest.ch\/it\/"},{"label":"Regioni","link":"https:\/\/www.immo-invest.ch\/it\/categoria\/regioni\/"},{"label":"Svizzera","link":"https:\/\/www.immo-invest.ch\/it\/categoria\/regioni\/svizzera\/"},{"label":"Zentralschweiz","link":"https:\/\/www.immo-invest.ch\/it\/categoria\/regioni\/svizzera\/zentralschweiz-it\/"},{"label":"Zug","link":"https:\/\/www.immo-invest.ch\/it\/categoria\/regioni\/svizzera\/zentralschweiz-it\/zug-immoregionen-it\/"},{"label":"Nuovo standard a JVA Bostadel","link":"https:\/\/www.immo-invest.ch\/it\/neuer-standard-bei-jva-bostadel\/"}],"featured_image_src":"https:\/\/www.immo-invest.ch\/wp-content\/uploads\/2025\/01\/01-JVA-Bostadel-Aussenbereich-Spezialabteilung-1-336x168.jpg","_links":{"self":[{"href":"https:\/\/www.immo-invest.ch\/it\/wp-json\/wp\/v2\/posts\/125024","targetHints":{"allow":["GET"]}}],"collection":[{"href":"https:\/\/www.immo-invest.ch\/it\/wp-json\/wp\/v2\/posts"}],"about":[{"href":"https:\/\/www.immo-invest.ch\/it\/wp-json\/wp\/v2\/types\/post"}],"author":[{"embeddable":true,"href":"https:\/\/www.immo-invest.ch\/it\/wp-json\/wp\/v2\/users\/2"}],"replies":[{"embeddable":true,"href":"https:\/\/www.immo-invest.ch\/it\/wp-json\/wp\/v2\/comments?post=125024"}],"version-history":[{"count":0,"href":"https:\/\/www.immo-invest.ch\/it\/wp-json\/wp\/v2\/posts\/125024\/revisions"}],"wp:featuredmedia":[{"embeddable":true,"href":"https:\/\/www.immo-invest.ch\/it\/wp-json\/wp\/v2\/media\/125018"}],"wp:attachment":[{"href":"https:\/\/www.immo-invest.ch\/it\/wp-json\/wp\/v2\/media?parent=125024"}],"wp:term":[{"taxonomy":"category","embeddable":true,"href":"https:\/\/www.immo-invest.ch\/it\/wp-json\/wp\/v2\/categories?post=125024"},{"taxonomy":"post_tag","embeddable":true,"href":"https:\/\/www.immo-invest.ch\/it\/wp-json\/wp\/v2\/tags?post=125024"}],"curies":[{"name":"wp","href":"https:\/\/api.w.org\/{rel}","templated":true}]}}