{"id":122426,"date":"2024-12-30T10:00:00","date_gmt":"2024-12-30T09:00:00","guid":{"rendered":"https:\/\/www.immo-invest.ch\/?p=122426"},"modified":"2024-12-19T15:27:11","modified_gmt":"2024-12-19T14:27:11","slug":"neuer-ceo-uebernimmt-fuehrung-des-bauzulieferers-ab-januar-2025","status":"publish","type":"post","link":"https:\/\/www.immo-invest.ch\/it\/neuer-ceo-uebernimmt-fuehrung-des-bauzulieferers-ab-januar-2025\/","title":{"rendered":"Il nuovo CEO assumer\u00e0 la direzione del fornitore di costruzioni a partire da gennaio 2025"},"content":{"rendered":"<p class=\"bodytext wp-block-paragraph\">Dal 1&deg; gennaio, il <a href=\"https:\/\/www.arbonia.com\" target=\"_blank\" rel=\"noopener\">Gruppo Arbonia<\/a> sar&agrave; nuovamente guidato da un Amministratore Delegato che non &egrave; anche un membro del Consiglio di Amministrazione. Come <a href=\"https:\/\/mailing-ircockpit.eqs.com\/crm-mailing\/5c439781-ea7c-11e8-902f-2c44fd856d8c\/2c8a3608-c428-46ce-8d4e-489228080ff7\/d38732b0-ca07-400e-aa52-6a2650cdb28c\/Arbonia_Claudius%20Moor%20wird%20neuer%20CEO%20der%20Arbonia_Medienmitteilung_20.11.2024.pdf?inline_display=1\" target=\"_blank\" rel=\"noopener\">annunciato dall&rsquo;<\/a>azienda, il Consiglio di Amministrazione ha nominato Claudius Moor come CEO. Nato in Svizzera nel 1983, lavora per Arbonia dal 2015 ed &egrave; CEO della Divisione Porte dal 2020. In precedenza, &egrave; stato Responsabile della Strategia di Gruppo e dello Sviluppo Aziendale presso il fornitore di edifici con sede ad Arbon.<\/p>\n\n\n\n\n\n<p class=\"bodytext wp-block-paragraph\"><a href=\"https:\/\/www.arbonia.com\/de\/verwaltungsrat-und-konzernleitung\/alexander-von-witzleben\" target=\"_blank\" rel=\"noopener\">Alexander von Witzleben<\/a> rimarr&agrave; Presidente del Consiglio di Amministrazione &ldquo;fino a nuovo avviso&rdquo;. Nato in Germania nel 1963, ha presieduto il Consiglio di amministrazione dal 2015, &egrave; stato anche Delegato del Consiglio di amministrazione e CEO ad interim fino al 2022 e da allora &egrave; Presidente esecutivo del Consiglio di amministrazione.<\/p>\n\n\n\n\n\n<p class=\"bodytext wp-block-paragraph\">&ldquo;Siamo molto lieti di dare il benvenuto a Claudius Moor nel suo nuovo ruolo di CEO di Arbonia&rdquo;, afferma Alexander von Witzleben nel comunicato stampa. &ldquo;Con la sua vasta conoscenza del settore, il suo impegno e la sua grande passione per il settore delle porte, ha tutte le carte in regola per guidare Arbonia verso un futuro positivo&rdquo;<\/p>\n\n","protected":false},"excerpt":{"rendered":"<p>Claudius Moor diventer\u00e0 CEO del Gruppo Arbonia il 1\u00b0 gennaio. Prender\u00e0 il posto di Alexander von Witzleben, che si concentrer\u00e0 sul suo ruolo di Presidente del Consiglio di Amministrazione. Moor \u00e8 stato CEO della Divisione Porte di Arbonia dal 2020.<\/p>\n","protected":false},"author":2,"featured_media":122421,"comment_status":"open","ping_status":"open","sticky":false,"template":"","format":"standard","meta":{"pmpro_default_level":"","inline_featured_image":false,"_monsterinsights_skip_tracking":false,"footnotes":""},"categories":[9431,22359,745,4465,22695,22302,22343],"tags":[2576,51267,19296,1604,867,3935,2006,869,7502],"class_list":["post-122426","post","type-post","status-publish","format-standard","has-post-thumbnail","hentry","category-business-it","category-costruzione","category-immonews-it","category-persone","category-societa","category-svizzera","category-thurgau-it","tag-bauwirtschaft-it","tag-bauzulieferer-it","tag-fuehrungswechsel-it","tag-geschaeftsleitung-it","tag-immoinvest-it","tag-immonews-it","tag-news-it","tag-schweiz-it","tag-unternehmensfuehrung-it","pmpro-has-access"],"acf":{"bild_mit_ki_erstellt_worden":[],"lead":"Claudius Moor diventer\u00e0 CEO del Gruppo Arbonia il 1\u00b0 gennaio. Prender\u00e0 il posto di Alexander von Witzleben, che si concentrer\u00e0 sul suo ruolo di Presidente del Consiglio di Amministrazione. Moor \u00e8 stato CEO della Divisione Porte di Arbonia dal 2020.","autor":"ce\/stk","ort":"Arbon TG","bildunterschrift":"","bild_im_grid":false,"gallerie":"","newsim":""},"aioseo_notices":[],"aioseo_head":"\n\t\t<!-- All in One SEO 5.0.0.1 - aioseo.com -->\n\t<meta name=\"description\" content=\"Claudius Moor diventer\u00e0 CEO del Gruppo Arbonia il 1\u00b0 gennaio. Prender\u00e0 il posto di Alexander von Witzleben, che si concentrer\u00e0 sul suo ruolo di Presidente del Consiglio di Amministrazione. Moor \u00e8 stato CEO della Divisione Porte di Arbonia dal 2020.\" \/>\n\t<meta name=\"robots\" content=\"max-image-preview:large\" \/>\n\t<meta name=\"author\" content=\"immovestuser\"\/>\n\t<meta name=\"google-site-verification\" content=\"fHJKvgWpZCR2zVBHWfkQeFXC11qieUSff0HGNYfuyLA\" \/>\n\t<link rel=\"canonical\" href=\"https:\/\/www.immo-invest.ch\/it\/neuer-ceo-uebernimmt-fuehrung-des-bauzulieferers-ab-januar-2025\/\" \/>\n\t<meta name=\"generator\" content=\"All in One SEO (AIOSEO) 5.0.0.1\" \/>\n\t\t<meta property=\"og:locale\" content=\"it_IT\" \/>\n\t\t<meta property=\"og:site_name\" content=\"immo!nvest - Die Plattform f\u00fcr Standorte und Immobilien - Die\u00a0Plattform f\u00fcr Standorte und Immobilien\" \/>\n\t\t<meta property=\"og:type\" content=\"article\" \/>\n\t\t<meta property=\"og:title\" content=\"Il nuovo CEO assumer\u00e0 la direzione del fornitore di costruzioni a partire da gennaio 2025 - immo!nvest - Die Plattform f\u00fcr Standorte und Immobilien\" \/>\n\t\t<meta property=\"og:description\" content=\"Claudius Moor diventer\u00e0 CEO del Gruppo Arbonia il 1\u00b0 gennaio. Prender\u00e0 il posto di Alexander von Witzleben, che si concentrer\u00e0 sul suo ruolo di Presidente del Consiglio di Amministrazione. Moor \u00e8 stato CEO della Divisione Porte di Arbonia dal 2020.\" \/>\n\t\t<meta property=\"og:url\" content=\"https:\/\/www.immo-invest.ch\/it\/neuer-ceo-uebernimmt-fuehrung-des-bauzulieferers-ab-januar-2025\/\" \/>\n\t\t<meta property=\"og:image\" content=\"https:\/\/www.immo-invest.ch\/wp-content\/uploads\/2024\/12\/immo-invest_unternehmen_personen_bauwirtschaft_finanzen_fuehrungswechsel_bauzulieferer.png\" \/>\n\t\t<meta property=\"og:image:secure_url\" content=\"https:\/\/www.immo-invest.ch\/wp-content\/uploads\/2024\/12\/immo-invest_unternehmen_personen_bauwirtschaft_finanzen_fuehrungswechsel_bauzulieferer.png\" \/>\n\t\t<meta property=\"og:image:width\" content=\"1536\" \/>\n\t\t<meta property=\"og:image:height\" content=\"768\" \/>\n\t\t<meta property=\"article:published_time\" content=\"2024-12-30T09:00:00+00:00\" \/>\n\t\t<meta property=\"article:modified_time\" content=\"2024-12-19T14:27:11+00:00\" \/>\n\t\t<meta property=\"article:publisher\" content=\"https:\/\/www.facebook.com\/people\/Immoinvest\/100077962920504\/\" \/>\n\t\t<meta name=\"twitter:card\" content=\"summary_large_image\" \/>\n\t\t<meta name=\"twitter:site\" content=\"@i\" \/>\n\t\t<meta name=\"twitter:title\" content=\"Il nuovo CEO assumer\u00e0 la direzione del fornitore di costruzioni a partire da gennaio 2025 - immo!nvest - Die Plattform f\u00fcr Standorte und Immobilien\" \/>\n\t\t<meta name=\"twitter:description\" content=\"Claudius Moor diventer\u00e0 CEO del Gruppo Arbonia il 1\u00b0 gennaio. Prender\u00e0 il posto di Alexander von Witzleben, che si concentrer\u00e0 sul suo ruolo di Presidente del Consiglio di Amministrazione. Moor \u00e8 stato CEO della Divisione Porte di Arbonia dal 2020.\" \/>\n\t\t<meta name=\"twitter:creator\" content=\"@i\" \/>\n\t\t<meta name=\"twitter:image\" content=\"https:\/\/www.immo-invest.ch\/wp-content\/uploads\/2024\/12\/immo-invest_unternehmen_personen_bauwirtschaft_finanzen_fuehrungswechsel_bauzulieferer.png\" \/>\n\t\t<script type=\"application\/ld+json\" class=\"aioseo-schema\">\n\t\t\t{\"@context\":\"https:\\\/\\\/schema.org\",\"@graph\":[{\"@type\":\"BlogPosting\",\"@id\":\"https:\\\/\\\/www.immo-invest.ch\\\/it\\\/neuer-ceo-uebernimmt-fuehrung-des-bauzulieferers-ab-januar-2025\\\/#blogposting\",\"name\":\"Il nuovo CEO assumer\\u00e0 la direzione del fornitore di costruzioni a partire da gennaio 2025 - immo!nvest - Die Plattform f\\u00fcr Standorte und Immobilien\",\"headline\":\"Il nuovo CEO assumer\\u00e0 la direzione del fornitore di costruzioni a partire da gennaio 2025\",\"author\":{\"@id\":\"https:\\\/\\\/www.immo-invest.ch\\\/it\\\/author\\\/immovestuser\\\/#author\"},\"publisher\":{\"@id\":\"https:\\\/\\\/www.immo-invest.ch\\\/it\\\/#organization\"},\"image\":{\"@type\":\"ImageObject\",\"url\":\"https:\\\/\\\/www.immo-invest.ch\\\/wp-content\\\/uploads\\\/2024\\\/12\\\/immo-invest_unternehmen_personen_bauwirtschaft_finanzen_fuehrungswechsel_bauzulieferer.png\",\"width\":1536,\"height\":768},\"datePublished\":\"2024-12-30T10:00:00+01:00\",\"dateModified\":\"2024-12-19T15:27:11+01:00\",\"inLanguage\":\"it-IT\",\"mainEntityOfPage\":{\"@id\":\"https:\\\/\\\/www.immo-invest.ch\\\/it\\\/neuer-ceo-uebernimmt-fuehrung-des-bauzulieferers-ab-januar-2025\\\/#webpage\"},\"isPartOf\":{\"@id\":\"https:\\\/\\\/www.immo-invest.ch\\\/it\\\/neuer-ceo-uebernimmt-fuehrung-des-bauzulieferers-ab-januar-2025\\\/#webpage\"},\"articleSection\":\"Business, Costruzione, immoNews, Persone, Societ\\u00e0, Svizzera, Thurgau, Bauwirtschaft, Bauzulieferer, F\\u00fchrungswechsel, Gesch\\u00e4ftsleitung, Immoinvest, immoNews, News, Schweiz, Unternehmensf\\u00fchrung, Optional\"},{\"@type\":\"BreadcrumbList\",\"@id\":\"https:\\\/\\\/www.immo-invest.ch\\\/it\\\/neuer-ceo-uebernimmt-fuehrung-des-bauzulieferers-ab-januar-2025\\\/#breadcrumblist\",\"itemListElement\":[{\"@type\":\"ListItem\",\"@id\":\"https:\\\/\\\/www.immo-invest.ch\\\/it\\\/#listItem\",\"position\":1,\"name\":\"Home\",\"item\":\"https:\\\/\\\/www.immo-invest.ch\\\/it\\\/\",\"nextItem\":{\"@type\":\"ListItem\",\"@id\":\"https:\\\/\\\/www.immo-invest.ch\\\/it\\\/categoria\\\/regioni\\\/#listItem\",\"name\":\"Regioni\"}},{\"@type\":\"ListItem\",\"@id\":\"https:\\\/\\\/www.immo-invest.ch\\\/it\\\/categoria\\\/regioni\\\/#listItem\",\"position\":2,\"name\":\"Regioni\",\"item\":\"https:\\\/\\\/www.immo-invest.ch\\\/it\\\/categoria\\\/regioni\\\/\",\"nextItem\":{\"@type\":\"ListItem\",\"@id\":\"https:\\\/\\\/www.immo-invest.ch\\\/it\\\/categoria\\\/regioni\\\/svizzera\\\/#listItem\",\"name\":\"Svizzera\"},\"previousItem\":{\"@type\":\"ListItem\",\"@id\":\"https:\\\/\\\/www.immo-invest.ch\\\/it\\\/#listItem\",\"name\":\"Home\"}},{\"@type\":\"ListItem\",\"@id\":\"https:\\\/\\\/www.immo-invest.ch\\\/it\\\/categoria\\\/regioni\\\/svizzera\\\/#listItem\",\"position\":3,\"name\":\"Svizzera\",\"item\":\"https:\\\/\\\/www.immo-invest.ch\\\/it\\\/categoria\\\/regioni\\\/svizzera\\\/\",\"nextItem\":{\"@type\":\"ListItem\",\"@id\":\"https:\\\/\\\/www.immo-invest.ch\\\/it\\\/categoria\\\/regioni\\\/svizzera\\\/svizzera-orientale\\\/#listItem\",\"name\":\"Svizzera orientale\"},\"previousItem\":{\"@type\":\"ListItem\",\"@id\":\"https:\\\/\\\/www.immo-invest.ch\\\/it\\\/categoria\\\/regioni\\\/#listItem\",\"name\":\"Regioni\"}},{\"@type\":\"ListItem\",\"@id\":\"https:\\\/\\\/www.immo-invest.ch\\\/it\\\/categoria\\\/regioni\\\/svizzera\\\/svizzera-orientale\\\/#listItem\",\"position\":4,\"name\":\"Svizzera orientale\",\"item\":\"https:\\\/\\\/www.immo-invest.ch\\\/it\\\/categoria\\\/regioni\\\/svizzera\\\/svizzera-orientale\\\/\",\"nextItem\":{\"@type\":\"ListItem\",\"@id\":\"https:\\\/\\\/www.immo-invest.ch\\\/it\\\/categoria\\\/regioni\\\/svizzera\\\/svizzera-orientale\\\/thurgau-it\\\/#listItem\",\"name\":\"Thurgau\"},\"previousItem\":{\"@type\":\"ListItem\",\"@id\":\"https:\\\/\\\/www.immo-invest.ch\\\/it\\\/categoria\\\/regioni\\\/svizzera\\\/#listItem\",\"name\":\"Svizzera\"}},{\"@type\":\"ListItem\",\"@id\":\"https:\\\/\\\/www.immo-invest.ch\\\/it\\\/categoria\\\/regioni\\\/svizzera\\\/svizzera-orientale\\\/thurgau-it\\\/#listItem\",\"position\":5,\"name\":\"Thurgau\",\"item\":\"https:\\\/\\\/www.immo-invest.ch\\\/it\\\/categoria\\\/regioni\\\/svizzera\\\/svizzera-orientale\\\/thurgau-it\\\/\",\"nextItem\":{\"@type\":\"ListItem\",\"@id\":\"https:\\\/\\\/www.immo-invest.ch\\\/it\\\/neuer-ceo-uebernimmt-fuehrung-des-bauzulieferers-ab-januar-2025\\\/#listItem\",\"name\":\"Il nuovo CEO assumer\\u00e0 la direzione del fornitore di costruzioni a partire da gennaio 2025\"},\"previousItem\":{\"@type\":\"ListItem\",\"@id\":\"https:\\\/\\\/www.immo-invest.ch\\\/it\\\/categoria\\\/regioni\\\/svizzera\\\/svizzera-orientale\\\/#listItem\",\"name\":\"Svizzera orientale\"}},{\"@type\":\"ListItem\",\"@id\":\"https:\\\/\\\/www.immo-invest.ch\\\/it\\\/neuer-ceo-uebernimmt-fuehrung-des-bauzulieferers-ab-januar-2025\\\/#listItem\",\"position\":6,\"name\":\"Il nuovo CEO assumer\\u00e0 la direzione del fornitore di costruzioni a partire da gennaio 2025\",\"previousItem\":{\"@type\":\"ListItem\",\"@id\":\"https:\\\/\\\/www.immo-invest.ch\\\/it\\\/categoria\\\/regioni\\\/svizzera\\\/svizzera-orientale\\\/thurgau-it\\\/#listItem\",\"name\":\"Thurgau\"}}]},{\"@type\":\"Organization\",\"@id\":\"https:\\\/\\\/www.immo-invest.ch\\\/it\\\/#organization\",\"name\":\"immo!nvest - Die Plattform f\\u00fcr Standorte und Immobilien\",\"description\":\"Die\\u00a0Plattform f\\u00fcr Standorte und Immobilien\",\"url\":\"https:\\\/\\\/www.immo-invest.ch\\\/it\\\/\",\"email\":\"admin@immomedia.ag\",\"telephone\":\"+41444420002\",\"logo\":{\"@type\":\"ImageObject\",\"url\":\"https:\\\/\\\/www.immo-invest.ch\\\/wp-content\\\/uploads\\\/2024\\\/09\\\/immoinvest_sm-scaled.jpg\",\"@id\":\"https:\\\/\\\/www.immo-invest.ch\\\/it\\\/neuer-ceo-uebernimmt-fuehrung-des-bauzulieferers-ab-januar-2025\\\/#organizationLogo\",\"width\":2560,\"height\":1340},\"image\":{\"@id\":\"https:\\\/\\\/www.immo-invest.ch\\\/it\\\/neuer-ceo-uebernimmt-fuehrung-des-bauzulieferers-ab-januar-2025\\\/#organizationLogo\"},\"sameAs\":[\"https:\\\/\\\/www.facebook.com\\\/people\\\/Immoinvest\\\/100077962920504\\\/\",\"https:\\\/\\\/x.com\\\/i\\\/flow\\\/login?redirect_after_login=immoinvest_ch\",\"https:\\\/\\\/www.instagram.com\\\/immoinvest_ch\\\/\",\"https:\\\/\\\/www.linkedin.com\\\/company\\\/immoinvest-swiss\"]},{\"@type\":\"Person\",\"@id\":\"https:\\\/\\\/www.immo-invest.ch\\\/it\\\/author\\\/immovestuser\\\/#author\",\"url\":\"https:\\\/\\\/www.immo-invest.ch\\\/it\\\/author\\\/immovestuser\\\/\",\"name\":\"immovestuser\",\"image\":{\"@type\":\"ImageObject\",\"@id\":\"https:\\\/\\\/www.immo-invest.ch\\\/it\\\/neuer-ceo-uebernimmt-fuehrung-des-bauzulieferers-ab-januar-2025\\\/#authorImage\",\"url\":\"https:\\\/\\\/secure.gravatar.com\\\/avatar\\\/8e01f4d99f2eeea7a362ebb93305e1172a70e9293ba250f897a65c39f54cdd1e?s=96&d=mm&r=g\",\"width\":96,\"height\":96,\"caption\":\"immovestuser\"}},{\"@type\":\"WebPage\",\"@id\":\"https:\\\/\\\/www.immo-invest.ch\\\/it\\\/neuer-ceo-uebernimmt-fuehrung-des-bauzulieferers-ab-januar-2025\\\/#webpage\",\"url\":\"https:\\\/\\\/www.immo-invest.ch\\\/it\\\/neuer-ceo-uebernimmt-fuehrung-des-bauzulieferers-ab-januar-2025\\\/\",\"name\":\"Il nuovo CEO assumer\\u00e0 la direzione del fornitore di costruzioni a partire da gennaio 2025 - immo!nvest - Die Plattform f\\u00fcr Standorte und Immobilien\",\"description\":\"Claudius Moor diventer\\u00e0 CEO del Gruppo Arbonia il 1\\u00b0 gennaio. Prender\\u00e0 il posto di Alexander von Witzleben, che si concentrer\\u00e0 sul suo ruolo di Presidente del Consiglio di Amministrazione. Moor \\u00e8 stato CEO della Divisione Porte di Arbonia dal 2020.\",\"inLanguage\":\"it-IT\",\"isPartOf\":{\"@id\":\"https:\\\/\\\/www.immo-invest.ch\\\/it\\\/#website\"},\"breadcrumb\":{\"@id\":\"https:\\\/\\\/www.immo-invest.ch\\\/it\\\/neuer-ceo-uebernimmt-fuehrung-des-bauzulieferers-ab-januar-2025\\\/#breadcrumblist\"},\"author\":{\"@id\":\"https:\\\/\\\/www.immo-invest.ch\\\/it\\\/author\\\/immovestuser\\\/#author\"},\"creator\":{\"@id\":\"https:\\\/\\\/www.immo-invest.ch\\\/it\\\/author\\\/immovestuser\\\/#author\"},\"image\":{\"@type\":\"ImageObject\",\"url\":\"https:\\\/\\\/www.immo-invest.ch\\\/wp-content\\\/uploads\\\/2024\\\/12\\\/immo-invest_unternehmen_personen_bauwirtschaft_finanzen_fuehrungswechsel_bauzulieferer.png\",\"@id\":\"https:\\\/\\\/www.immo-invest.ch\\\/it\\\/neuer-ceo-uebernimmt-fuehrung-des-bauzulieferers-ab-januar-2025\\\/#mainImage\",\"width\":1536,\"height\":768},\"primaryImageOfPage\":{\"@id\":\"https:\\\/\\\/www.immo-invest.ch\\\/it\\\/neuer-ceo-uebernimmt-fuehrung-des-bauzulieferers-ab-januar-2025\\\/#mainImage\"},\"datePublished\":\"2024-12-30T10:00:00+01:00\",\"dateModified\":\"2024-12-19T15:27:11+01:00\"},{\"@type\":\"WebSite\",\"@id\":\"https:\\\/\\\/www.immo-invest.ch\\\/it\\\/#website\",\"url\":\"https:\\\/\\\/www.immo-invest.ch\\\/it\\\/\",\"name\":\"immo!nvest - Die Plattform f\\u00fcr Standorte und Immobilien\",\"description\":\"Die\\u00a0Plattform f\\u00fcr Standorte und Immobilien\",\"inLanguage\":\"it-IT\",\"publisher\":{\"@id\":\"https:\\\/\\\/www.immo-invest.ch\\\/it\\\/#organization\"}}]}\n\t\t<\/script>\n\t\t<!-- All in One SEO -->\n\n","aioseo_head_json":{"title":"Il nuovo CEO assumer\u00e0 la direzione del fornitore di costruzioni a partire da gennaio 2025 - immo!nvest - Die Plattform f\u00fcr Standorte und Immobilien","description":"Claudius Moor diventer\u00e0 CEO del Gruppo Arbonia il 1\u00b0 gennaio. Prender\u00e0 il posto di Alexander von Witzleben, che si concentrer\u00e0 sul suo ruolo di Presidente del Consiglio di Amministrazione. Moor \u00e8 stato CEO della Divisione Porte di Arbonia dal 2020.","canonical_url":"https:\/\/www.immo-invest.ch\/it\/neuer-ceo-uebernimmt-fuehrung-des-bauzulieferers-ab-januar-2025\/","robots":"max-image-preview:large","keywords":"","webmasterTools":{"google-site-verification":"fHJKvgWpZCR2zVBHWfkQeFXC11qieUSff0HGNYfuyLA","miscellaneous":""},"schema":{"@context":"https:\/\/schema.org","@graph":[{"@type":"BlogPosting","@id":"https:\/\/www.immo-invest.ch\/it\/neuer-ceo-uebernimmt-fuehrung-des-bauzulieferers-ab-januar-2025\/#blogposting","name":"Il nuovo CEO assumer\u00e0 la direzione del fornitore di costruzioni a partire da gennaio 2025 - immo!nvest - Die Plattform f\u00fcr Standorte und Immobilien","headline":"Il nuovo CEO assumer\u00e0 la direzione del fornitore di costruzioni a partire da gennaio 2025","author":{"@id":"https:\/\/www.immo-invest.ch\/it\/author\/immovestuser\/#author"},"publisher":{"@id":"https:\/\/www.immo-invest.ch\/it\/#organization"},"image":{"@type":"ImageObject","url":"https:\/\/www.immo-invest.ch\/wp-content\/uploads\/2024\/12\/immo-invest_unternehmen_personen_bauwirtschaft_finanzen_fuehrungswechsel_bauzulieferer.png","width":1536,"height":768},"datePublished":"2024-12-30T10:00:00+01:00","dateModified":"2024-12-19T15:27:11+01:00","inLanguage":"it-IT","mainEntityOfPage":{"@id":"https:\/\/www.immo-invest.ch\/it\/neuer-ceo-uebernimmt-fuehrung-des-bauzulieferers-ab-januar-2025\/#webpage"},"isPartOf":{"@id":"https:\/\/www.immo-invest.ch\/it\/neuer-ceo-uebernimmt-fuehrung-des-bauzulieferers-ab-januar-2025\/#webpage"},"articleSection":"Business, Costruzione, immoNews, Persone, Societ\u00e0, Svizzera, Thurgau, Bauwirtschaft, Bauzulieferer, F\u00fchrungswechsel, Gesch\u00e4ftsleitung, Immoinvest, immoNews, News, Schweiz, Unternehmensf\u00fchrung, Optional"},{"@type":"BreadcrumbList","@id":"https:\/\/www.immo-invest.ch\/it\/neuer-ceo-uebernimmt-fuehrung-des-bauzulieferers-ab-januar-2025\/#breadcrumblist","itemListElement":[{"@type":"ListItem","@id":"https:\/\/www.immo-invest.ch\/it\/#listItem","position":1,"name":"Home","item":"https:\/\/www.immo-invest.ch\/it\/","nextItem":{"@type":"ListItem","@id":"https:\/\/www.immo-invest.ch\/it\/categoria\/regioni\/#listItem","name":"Regioni"}},{"@type":"ListItem","@id":"https:\/\/www.immo-invest.ch\/it\/categoria\/regioni\/#listItem","position":2,"name":"Regioni","item":"https:\/\/www.immo-invest.ch\/it\/categoria\/regioni\/","nextItem":{"@type":"ListItem","@id":"https:\/\/www.immo-invest.ch\/it\/categoria\/regioni\/svizzera\/#listItem","name":"Svizzera"},"previousItem":{"@type":"ListItem","@id":"https:\/\/www.immo-invest.ch\/it\/#listItem","name":"Home"}},{"@type":"ListItem","@id":"https:\/\/www.immo-invest.ch\/it\/categoria\/regioni\/svizzera\/#listItem","position":3,"name":"Svizzera","item":"https:\/\/www.immo-invest.ch\/it\/categoria\/regioni\/svizzera\/","nextItem":{"@type":"ListItem","@id":"https:\/\/www.immo-invest.ch\/it\/categoria\/regioni\/svizzera\/svizzera-orientale\/#listItem","name":"Svizzera orientale"},"previousItem":{"@type":"ListItem","@id":"https:\/\/www.immo-invest.ch\/it\/categoria\/regioni\/#listItem","name":"Regioni"}},{"@type":"ListItem","@id":"https:\/\/www.immo-invest.ch\/it\/categoria\/regioni\/svizzera\/svizzera-orientale\/#listItem","position":4,"name":"Svizzera orientale","item":"https:\/\/www.immo-invest.ch\/it\/categoria\/regioni\/svizzera\/svizzera-orientale\/","nextItem":{"@type":"ListItem","@id":"https:\/\/www.immo-invest.ch\/it\/categoria\/regioni\/svizzera\/svizzera-orientale\/thurgau-it\/#listItem","name":"Thurgau"},"previousItem":{"@type":"ListItem","@id":"https:\/\/www.immo-invest.ch\/it\/categoria\/regioni\/svizzera\/#listItem","name":"Svizzera"}},{"@type":"ListItem","@id":"https:\/\/www.immo-invest.ch\/it\/categoria\/regioni\/svizzera\/svizzera-orientale\/thurgau-it\/#listItem","position":5,"name":"Thurgau","item":"https:\/\/www.immo-invest.ch\/it\/categoria\/regioni\/svizzera\/svizzera-orientale\/thurgau-it\/","nextItem":{"@type":"ListItem","@id":"https:\/\/www.immo-invest.ch\/it\/neuer-ceo-uebernimmt-fuehrung-des-bauzulieferers-ab-januar-2025\/#listItem","name":"Il nuovo CEO assumer\u00e0 la direzione del fornitore di costruzioni a partire da gennaio 2025"},"previousItem":{"@type":"ListItem","@id":"https:\/\/www.immo-invest.ch\/it\/categoria\/regioni\/svizzera\/svizzera-orientale\/#listItem","name":"Svizzera orientale"}},{"@type":"ListItem","@id":"https:\/\/www.immo-invest.ch\/it\/neuer-ceo-uebernimmt-fuehrung-des-bauzulieferers-ab-januar-2025\/#listItem","position":6,"name":"Il nuovo CEO assumer\u00e0 la direzione del fornitore di costruzioni a partire da gennaio 2025","previousItem":{"@type":"ListItem","@id":"https:\/\/www.immo-invest.ch\/it\/categoria\/regioni\/svizzera\/svizzera-orientale\/thurgau-it\/#listItem","name":"Thurgau"}}]},{"@type":"Organization","@id":"https:\/\/www.immo-invest.ch\/it\/#organization","name":"immo!nvest - Die Plattform f\u00fcr Standorte und Immobilien","description":"Die\u00a0Plattform f\u00fcr Standorte und Immobilien","url":"https:\/\/www.immo-invest.ch\/it\/","email":"admin@immomedia.ag","telephone":"+41444420002","logo":{"@type":"ImageObject","url":"https:\/\/www.immo-invest.ch\/wp-content\/uploads\/2024\/09\/immoinvest_sm-scaled.jpg","@id":"https:\/\/www.immo-invest.ch\/it\/neuer-ceo-uebernimmt-fuehrung-des-bauzulieferers-ab-januar-2025\/#organizationLogo","width":2560,"height":1340},"image":{"@id":"https:\/\/www.immo-invest.ch\/it\/neuer-ceo-uebernimmt-fuehrung-des-bauzulieferers-ab-januar-2025\/#organizationLogo"},"sameAs":["https:\/\/www.facebook.com\/people\/Immoinvest\/100077962920504\/","https:\/\/x.com\/i\/flow\/login?redirect_after_login=immoinvest_ch","https:\/\/www.instagram.com\/immoinvest_ch\/","https:\/\/www.linkedin.com\/company\/immoinvest-swiss"]},{"@type":"Person","@id":"https:\/\/www.immo-invest.ch\/it\/author\/immovestuser\/#author","url":"https:\/\/www.immo-invest.ch\/it\/author\/immovestuser\/","name":"immovestuser","image":{"@type":"ImageObject","@id":"https:\/\/www.immo-invest.ch\/it\/neuer-ceo-uebernimmt-fuehrung-des-bauzulieferers-ab-januar-2025\/#authorImage","url":"https:\/\/secure.gravatar.com\/avatar\/8e01f4d99f2eeea7a362ebb93305e1172a70e9293ba250f897a65c39f54cdd1e?s=96&d=mm&r=g","width":96,"height":96,"caption":"immovestuser"}},{"@type":"WebPage","@id":"https:\/\/www.immo-invest.ch\/it\/neuer-ceo-uebernimmt-fuehrung-des-bauzulieferers-ab-januar-2025\/#webpage","url":"https:\/\/www.immo-invest.ch\/it\/neuer-ceo-uebernimmt-fuehrung-des-bauzulieferers-ab-januar-2025\/","name":"Il nuovo CEO assumer\u00e0 la direzione del fornitore di costruzioni a partire da gennaio 2025 - immo!nvest - Die Plattform f\u00fcr Standorte und Immobilien","description":"Claudius Moor diventer\u00e0 CEO del Gruppo Arbonia il 1\u00b0 gennaio. Prender\u00e0 il posto di Alexander von Witzleben, che si concentrer\u00e0 sul suo ruolo di Presidente del Consiglio di Amministrazione. Moor \u00e8 stato CEO della Divisione Porte di Arbonia dal 2020.","inLanguage":"it-IT","isPartOf":{"@id":"https:\/\/www.immo-invest.ch\/it\/#website"},"breadcrumb":{"@id":"https:\/\/www.immo-invest.ch\/it\/neuer-ceo-uebernimmt-fuehrung-des-bauzulieferers-ab-januar-2025\/#breadcrumblist"},"author":{"@id":"https:\/\/www.immo-invest.ch\/it\/author\/immovestuser\/#author"},"creator":{"@id":"https:\/\/www.immo-invest.ch\/it\/author\/immovestuser\/#author"},"image":{"@type":"ImageObject","url":"https:\/\/www.immo-invest.ch\/wp-content\/uploads\/2024\/12\/immo-invest_unternehmen_personen_bauwirtschaft_finanzen_fuehrungswechsel_bauzulieferer.png","@id":"https:\/\/www.immo-invest.ch\/it\/neuer-ceo-uebernimmt-fuehrung-des-bauzulieferers-ab-januar-2025\/#mainImage","width":1536,"height":768},"primaryImageOfPage":{"@id":"https:\/\/www.immo-invest.ch\/it\/neuer-ceo-uebernimmt-fuehrung-des-bauzulieferers-ab-januar-2025\/#mainImage"},"datePublished":"2024-12-30T10:00:00+01:00","dateModified":"2024-12-19T15:27:11+01:00"},{"@type":"WebSite","@id":"https:\/\/www.immo-invest.ch\/it\/#website","url":"https:\/\/www.immo-invest.ch\/it\/","name":"immo!nvest - Die Plattform f\u00fcr Standorte und Immobilien","description":"Die\u00a0Plattform f\u00fcr Standorte und Immobilien","inLanguage":"it-IT","publisher":{"@id":"https:\/\/www.immo-invest.ch\/it\/#organization"}}]},"og:locale":"it_IT","og:site_name":"immo!nvest - Die Plattform f\u00fcr Standorte und Immobilien - Die\u00a0Plattform f\u00fcr Standorte und Immobilien","og:type":"article","og:title":"Il nuovo CEO assumer\u00e0 la direzione del fornitore di costruzioni a partire da gennaio 2025 - immo!nvest - Die Plattform f\u00fcr Standorte und Immobilien","og:description":"Claudius Moor diventer\u00e0 CEO del Gruppo Arbonia il 1\u00b0 gennaio. Prender\u00e0 il posto di Alexander von Witzleben, che si concentrer\u00e0 sul suo ruolo di Presidente del Consiglio di Amministrazione. Moor \u00e8 stato CEO della Divisione Porte di Arbonia dal 2020.","og:url":"https:\/\/www.immo-invest.ch\/it\/neuer-ceo-uebernimmt-fuehrung-des-bauzulieferers-ab-januar-2025\/","og:image":"https:\/\/www.immo-invest.ch\/wp-content\/uploads\/2024\/12\/immo-invest_unternehmen_personen_bauwirtschaft_finanzen_fuehrungswechsel_bauzulieferer.png","og:image:secure_url":"https:\/\/www.immo-invest.ch\/wp-content\/uploads\/2024\/12\/immo-invest_unternehmen_personen_bauwirtschaft_finanzen_fuehrungswechsel_bauzulieferer.png","og:image:width":1536,"og:image:height":768,"article:published_time":"2024-12-30T09:00:00+00:00","article:modified_time":"2024-12-19T14:27:11+00:00","article:publisher":"https:\/\/www.facebook.com\/people\/Immoinvest\/100077962920504\/","twitter:card":"summary_large_image","twitter:site":"@i","twitter:title":"Il nuovo CEO assumer\u00e0 la direzione del fornitore di costruzioni a partire da gennaio 2025 - immo!nvest - Die Plattform f\u00fcr Standorte und Immobilien","twitter:description":"Claudius Moor diventer\u00e0 CEO del Gruppo Arbonia il 1\u00b0 gennaio. Prender\u00e0 il posto di Alexander von Witzleben, che si concentrer\u00e0 sul suo ruolo di Presidente del Consiglio di Amministrazione. Moor \u00e8 stato CEO della Divisione Porte di Arbonia dal 2020.","twitter:creator":"@i","twitter:image":"https:\/\/www.immo-invest.ch\/wp-content\/uploads\/2024\/12\/immo-invest_unternehmen_personen_bauwirtschaft_finanzen_fuehrungswechsel_bauzulieferer.png"},"aioseo_meta_data":{"post_id":"122426","title":null,"description":null,"keywords":null,"keyphrases":{"focus":{"keyphrase":"","score":0,"analysis":{"keyphraseInTitle":{"score":0,"maxScore":9,"error":1}}},"additional":[]},"primary_term":null,"canonical_url":null,"og_title":null,"og_description":null,"og_object_type":"default","og_image_type":"default","og_image_url":null,"og_image_width":null,"og_image_height":null,"og_image_custom_url":null,"og_image_custom_fields":null,"og_video":"","og_custom_url":null,"og_article_section":null,"og_article_tags":null,"twitter_use_og":false,"twitter_card":"default","twitter_image_type":"default","twitter_image_url":null,"twitter_image_custom_url":null,"twitter_image_custom_fields":null,"twitter_title":null,"twitter_description":null,"schema":{"blockGraphs":[],"customGraphs":[],"default":{"data":{"Article":[],"Course":[],"Dataset":[],"FAQPage":[],"Movie":[],"Person":[],"Product":[],"ProductReview":[],"Car":[],"Recipe":[],"Service":[],"SoftwareApplication":[],"WebPage":[]},"graphName":"BlogPosting","isEnabled":true},"graphs":[]},"schema_type":"default","schema_type_options":null,"pillar_content":false,"robots_default":true,"robots_noindex":false,"robots_noarchive":false,"robots_nosnippet":false,"robots_nofollow":false,"robots_noimageindex":false,"robots_noodp":false,"robots_notranslate":false,"robots_max_snippet":"-1","robots_max_videopreview":"-1","robots_max_imagepreview":"large","priority":null,"frequency":"default","local_seo":null,"breadcrumb_settings":null,"limit_modified_date":false,"ai":null,"created":"2024-12-19 14:27:11","updated":"2025-10-24 15:00:16","seo_analyzer_scan_date":null,"focus_keyword":null,"additional_keywords":null,"truseo_locale":null},"aioseo_breadcrumb":"<div class=\"aioseo-breadcrumbs\"><span class=\"aioseo-breadcrumb\">\n\t\t\t<a href=\"https:\/\/www.immo-invest.ch\/it\/\" title=\"Home\">Home<\/a>\n\t\t<\/span><span class=\"aioseo-breadcrumb-separator\">&raquo;<\/span><span class=\"aioseo-breadcrumb\">\n\t\t\t<a href=\"https:\/\/www.immo-invest.ch\/it\/categoria\/regioni\/\" title=\"Regioni\">Regioni<\/a>\n\t\t<\/span><span class=\"aioseo-breadcrumb-separator\">&raquo;<\/span><span class=\"aioseo-breadcrumb\">\n\t\t\t<a href=\"https:\/\/www.immo-invest.ch\/it\/categoria\/regioni\/svizzera\/\" title=\"Svizzera\">Svizzera<\/a>\n\t\t<\/span><span class=\"aioseo-breadcrumb-separator\">&raquo;<\/span><span class=\"aioseo-breadcrumb\">\n\t\t\t<a href=\"https:\/\/www.immo-invest.ch\/it\/categoria\/regioni\/svizzera\/svizzera-orientale\/\" title=\"Svizzera orientale\">Svizzera orientale<\/a>\n\t\t<\/span><span class=\"aioseo-breadcrumb-separator\">&raquo;<\/span><span class=\"aioseo-breadcrumb\">\n\t\t\t<a href=\"https:\/\/www.immo-invest.ch\/it\/categoria\/regioni\/svizzera\/svizzera-orientale\/thurgau-it\/\" title=\"Thurgau\">Thurgau<\/a>\n\t\t<\/span><span class=\"aioseo-breadcrumb-separator\">&raquo;<\/span><span class=\"aioseo-breadcrumb\">\n\t\t\tIl nuovo CEO assumer\u00e0 la direzione del fornitore di costruzioni a partire da gennaio 2025\n\t\t<\/span><\/div>","aioseo_breadcrumb_json":[{"label":"Home","link":"https:\/\/www.immo-invest.ch\/it\/"},{"label":"Regioni","link":"https:\/\/www.immo-invest.ch\/it\/categoria\/regioni\/"},{"label":"Svizzera","link":"https:\/\/www.immo-invest.ch\/it\/categoria\/regioni\/svizzera\/"},{"label":"Svizzera orientale","link":"https:\/\/www.immo-invest.ch\/it\/categoria\/regioni\/svizzera\/svizzera-orientale\/"},{"label":"Thurgau","link":"https:\/\/www.immo-invest.ch\/it\/categoria\/regioni\/svizzera\/svizzera-orientale\/thurgau-it\/"},{"label":"Il nuovo CEO assumer\u00e0 la direzione del fornitore di costruzioni a partire da gennaio 2025","link":"https:\/\/www.immo-invest.ch\/it\/neuer-ceo-uebernimmt-fuehrung-des-bauzulieferers-ab-januar-2025\/"}],"featured_image_src":"https:\/\/www.immo-invest.ch\/wp-content\/uploads\/2024\/12\/immo-invest_unternehmen_personen_bauwirtschaft_finanzen_fuehrungswechsel_bauzulieferer-336x168.png","_links":{"self":[{"href":"https:\/\/www.immo-invest.ch\/it\/wp-json\/wp\/v2\/posts\/122426","targetHints":{"allow":["GET"]}}],"collection":[{"href":"https:\/\/www.immo-invest.ch\/it\/wp-json\/wp\/v2\/posts"}],"about":[{"href":"https:\/\/www.immo-invest.ch\/it\/wp-json\/wp\/v2\/types\/post"}],"author":[{"embeddable":true,"href":"https:\/\/www.immo-invest.ch\/it\/wp-json\/wp\/v2\/users\/2"}],"replies":[{"embeddable":true,"href":"https:\/\/www.immo-invest.ch\/it\/wp-json\/wp\/v2\/comments?post=122426"}],"version-history":[{"count":0,"href":"https:\/\/www.immo-invest.ch\/it\/wp-json\/wp\/v2\/posts\/122426\/revisions"}],"wp:featuredmedia":[{"embeddable":true,"href":"https:\/\/www.immo-invest.ch\/it\/wp-json\/wp\/v2\/media\/122421"}],"wp:attachment":[{"href":"https:\/\/www.immo-invest.ch\/it\/wp-json\/wp\/v2\/media?parent=122426"}],"wp:term":[{"taxonomy":"category","embeddable":true,"href":"https:\/\/www.immo-invest.ch\/it\/wp-json\/wp\/v2\/categories?post=122426"},{"taxonomy":"post_tag","embeddable":true,"href":"https:\/\/www.immo-invest.ch\/it\/wp-json\/wp\/v2\/tags?post=122426"}],"curies":[{"name":"wp","href":"https:\/\/api.w.org\/{rel}","templated":true}]}}