{"id":122153,"date":"2024-12-19T08:58:00","date_gmt":"2024-12-19T07:58:00","guid":{"rendered":"https:\/\/www.immo-invest.ch\/?p=122153"},"modified":"2024-12-18T12:01:12","modified_gmt":"2024-12-18T11:01:12","slug":"fuehrungswechsel-beim-holzbauunternehmen-erfolgreich-abgeschlossen","status":"publish","type":"post","link":"https:\/\/www.immo-invest.ch\/it\/fuehrungswechsel-beim-holzbauunternehmen-erfolgreich-abgeschlossen\/","title":{"rendered":"Il cambio di gestione nell&#8217;azienda di costruzioni in legno \u00e8 stato completato con successo"},"content":{"rendered":"<p class=\"bodytext\">C&rsquo;&egrave; stato un cambiamento nella gestione dell&rsquo;azienda di costruzioni in legno <a href=\"https:\/\/www.strueby.ch\/\" target=\"_blank\" rel=\"noopener\">Str&uuml;by<\/a>, con sede a Seewen. Secondo un comunicato stampa, Ivo Steiner &egrave; pienamente responsabile come nuovo CEO dal 6 dicembre. Il 45enne economista aziendale della Svizzera orientale ha assunto la posizione di CEO designato il 1&deg; giugno 2024 e si &egrave; sottoposto a un&rsquo;intensa fase di inserimento.<\/p>\n<p class=\"bodytext\">Nel comunicato stampa, il Consiglio di Amministrazione afferma che Steiner &egrave; &ldquo;perfetto per la leadership operativa&rdquo; dell&rsquo;azienda &ldquo;grazie alla sua solida formazione, all&rsquo;ampia esperienza manageriale in diverse aziende e alla sua personalit&agrave; concreta e pragmatica&rdquo;. Str&uuml;by ha oltre 400 dipendenti.<\/p>\n<p class=\"bodytext\">L&rsquo;attuale Amministratore Delegato, Anton Str&uuml;by, in futuro svolger&agrave; il suo ruolo strategicamente importante nell&rsquo;azienda come Presidente del Consiglio di Amministrazione. In questo ruolo, apporter&agrave; la sua esperienza e la sua rete a beneficio dell&rsquo;azienda, secondo il comunicato stampa.<\/p>\n","protected":false},"excerpt":{"rendered":"<p>Ivo Steiner ha assunto il ruolo di CEO dell&#8217;azienda di costruzioni in legno Str\u00fcby. Dopo un intenso periodo di familiarizzazione, succede ad Anton Str\u00fcby, che in futuro sar\u00e0 responsabile della direzione strategica come Presidente del Consiglio di Amministrazione. L&#8217;azienda si concentra sulla continuit\u00e0 e sulla gestione esperta.<\/p>\n","protected":false},"author":2,"featured_media":122148,"comment_status":"open","ping_status":"open","sticky":false,"template":"","format":"standard","meta":{"pmpro_default_level":"","inline_featured_image":false,"_monsterinsights_skip_tracking":false,"footnotes":""},"categories":[745,8469,22338,22695],"tags":[19296,51228,867,3935,2006,7502],"class_list":["post-122153","post","type-post","status-publish","format-standard","has-post-thumbnail","hentry","category-immonews-it","category-regioni","category-schwyz-it","category-societa","tag-fuehrungswechsel-it","tag-holzbauunternehmen-it","tag-immoinvest-it","tag-immonews-it","tag-news-it","tag-unternehmensfuehrung-it","pmpro-has-access"],"acf":{"bild_mit_ki_erstellt_worden":[],"lead":"Ivo Steiner ha assunto il ruolo di CEO dell'azienda di costruzioni in legno Str\u00fcby. Dopo un intenso periodo di familiarizzazione, succede ad Anton Str\u00fcby, che in futuro sar\u00e0 responsabile della direzione strategica come Presidente del Consiglio di Amministrazione. L'azienda si concentra sulla continuit\u00e0 e sulla gestione esperta.","autor":"ce\/ww","ort":"Seewen SZ","bildunterschrift":"","bild_im_grid":false,"gallerie":"","newsim":""},"aioseo_notices":[],"aioseo_head":"\n\t\t<!-- All in One SEO 5.0.0.1 - aioseo.com -->\n\t<meta name=\"description\" content=\"Ivo Steiner ha assunto il ruolo di CEO dell&#039;azienda di costruzioni in legno Str\u00fcby. Dopo un intenso periodo di familiarizzazione, succede ad Anton Str\u00fcby, che in futuro sar\u00e0 responsabile della direzione strategica come Presidente del Consiglio di Amministrazione. L&#039;azienda si concentra sulla continuit\u00e0 e sulla gestione esperta.\" \/>\n\t<meta name=\"robots\" content=\"max-image-preview:large\" \/>\n\t<meta name=\"author\" content=\"immovestuser\"\/>\n\t<meta name=\"google-site-verification\" content=\"fHJKvgWpZCR2zVBHWfkQeFXC11qieUSff0HGNYfuyLA\" \/>\n\t<link rel=\"canonical\" href=\"https:\/\/www.immo-invest.ch\/it\/fuehrungswechsel-beim-holzbauunternehmen-erfolgreich-abgeschlossen\/\" \/>\n\t<meta name=\"generator\" content=\"All in One SEO (AIOSEO) 5.0.0.1\" \/>\n\t\t<meta property=\"og:locale\" content=\"it_IT\" \/>\n\t\t<meta property=\"og:site_name\" content=\"immo!nvest - Die Plattform f\u00fcr Standorte und Immobilien - Die\u00a0Plattform f\u00fcr Standorte und Immobilien\" \/>\n\t\t<meta property=\"og:type\" content=\"article\" \/>\n\t\t<meta property=\"og:title\" content=\"Il cambio di gestione nell\u2019azienda di costruzioni in legno \u00e8 stato completato con successo - immo!nvest - Die Plattform f\u00fcr Standorte und Immobilien\" \/>\n\t\t<meta property=\"og:description\" content=\"Ivo Steiner ha assunto il ruolo di CEO dell&#039;azienda di costruzioni in legno Str\u00fcby. Dopo un intenso periodo di familiarizzazione, succede ad Anton Str\u00fcby, che in futuro sar\u00e0 responsabile della direzione strategica come Presidente del Consiglio di Amministrazione. L&#039;azienda si concentra sulla continuit\u00e0 e sulla gestione esperta.\" \/>\n\t\t<meta property=\"og:url\" content=\"https:\/\/www.immo-invest.ch\/it\/fuehrungswechsel-beim-holzbauunternehmen-erfolgreich-abgeschlossen\/\" \/>\n\t\t<meta property=\"og:image\" content=\"https:\/\/www.immo-invest.ch\/wp-content\/uploads\/2024\/12\/Unbenannt-22.png\" \/>\n\t\t<meta property=\"og:image:secure_url\" content=\"https:\/\/www.immo-invest.ch\/wp-content\/uploads\/2024\/12\/Unbenannt-22.png\" \/>\n\t\t<meta property=\"og:image:width\" content=\"1110\" \/>\n\t\t<meta property=\"og:image:height\" content=\"555\" \/>\n\t\t<meta property=\"article:published_time\" content=\"2024-12-19T07:58:00+00:00\" \/>\n\t\t<meta property=\"article:modified_time\" content=\"2024-12-18T11:01:12+00:00\" \/>\n\t\t<meta property=\"article:publisher\" content=\"https:\/\/www.facebook.com\/people\/Immoinvest\/100077962920504\/\" \/>\n\t\t<meta name=\"twitter:card\" content=\"summary_large_image\" \/>\n\t\t<meta name=\"twitter:site\" content=\"@i\" \/>\n\t\t<meta name=\"twitter:title\" content=\"Il cambio di gestione nell\u2019azienda di costruzioni in legno \u00e8 stato completato con successo - immo!nvest - Die Plattform f\u00fcr Standorte und Immobilien\" \/>\n\t\t<meta name=\"twitter:description\" content=\"Ivo Steiner ha assunto il ruolo di CEO dell&#039;azienda di costruzioni in legno Str\u00fcby. Dopo un intenso periodo di familiarizzazione, succede ad Anton Str\u00fcby, che in futuro sar\u00e0 responsabile della direzione strategica come Presidente del Consiglio di Amministrazione. L&#039;azienda si concentra sulla continuit\u00e0 e sulla gestione esperta.\" \/>\n\t\t<meta name=\"twitter:creator\" content=\"@i\" \/>\n\t\t<meta name=\"twitter:image\" content=\"https:\/\/www.immo-invest.ch\/wp-content\/uploads\/2024\/12\/Unbenannt-22.png\" \/>\n\t\t<script type=\"application\/ld+json\" class=\"aioseo-schema\">\n\t\t\t{\"@context\":\"https:\\\/\\\/schema.org\",\"@graph\":[{\"@type\":\"BlogPosting\",\"@id\":\"https:\\\/\\\/www.immo-invest.ch\\\/it\\\/fuehrungswechsel-beim-holzbauunternehmen-erfolgreich-abgeschlossen\\\/#blogposting\",\"name\":\"Il cambio di gestione nell\\u2019azienda di costruzioni in legno \\u00e8 stato completato con successo - immo!nvest - Die Plattform f\\u00fcr Standorte und Immobilien\",\"headline\":\"Il cambio di gestione nell&#8217;azienda di costruzioni in legno \\u00e8 stato completato con successo\",\"author\":{\"@id\":\"https:\\\/\\\/www.immo-invest.ch\\\/it\\\/author\\\/immovestuser\\\/#author\"},\"publisher\":{\"@id\":\"https:\\\/\\\/www.immo-invest.ch\\\/it\\\/#organization\"},\"image\":{\"@type\":\"ImageObject\",\"url\":\"https:\\\/\\\/www.immo-invest.ch\\\/wp-content\\\/uploads\\\/2024\\\/12\\\/Unbenannt-22.png\",\"width\":1110,\"height\":555},\"datePublished\":\"2024-12-19T08:58:00+01:00\",\"dateModified\":\"2024-12-18T12:01:12+01:00\",\"inLanguage\":\"it-IT\",\"mainEntityOfPage\":{\"@id\":\"https:\\\/\\\/www.immo-invest.ch\\\/it\\\/fuehrungswechsel-beim-holzbauunternehmen-erfolgreich-abgeschlossen\\\/#webpage\"},\"isPartOf\":{\"@id\":\"https:\\\/\\\/www.immo-invest.ch\\\/it\\\/fuehrungswechsel-beim-holzbauunternehmen-erfolgreich-abgeschlossen\\\/#webpage\"},\"articleSection\":\"immoNews, Regioni, Schwyz, Societ\\u00e0, F\\u00fchrungswechsel, Holzbauunternehmen, Immoinvest, immoNews, News, Unternehmensf\\u00fchrung, Optional\"},{\"@type\":\"BreadcrumbList\",\"@id\":\"https:\\\/\\\/www.immo-invest.ch\\\/it\\\/fuehrungswechsel-beim-holzbauunternehmen-erfolgreich-abgeschlossen\\\/#breadcrumblist\",\"itemListElement\":[{\"@type\":\"ListItem\",\"@id\":\"https:\\\/\\\/www.immo-invest.ch\\\/it\\\/#listItem\",\"position\":1,\"name\":\"Home\",\"item\":\"https:\\\/\\\/www.immo-invest.ch\\\/it\\\/\",\"nextItem\":{\"@type\":\"ListItem\",\"@id\":\"https:\\\/\\\/www.immo-invest.ch\\\/it\\\/categoria\\\/regioni\\\/#listItem\",\"name\":\"Regioni\"}},{\"@type\":\"ListItem\",\"@id\":\"https:\\\/\\\/www.immo-invest.ch\\\/it\\\/categoria\\\/regioni\\\/#listItem\",\"position\":2,\"name\":\"Regioni\",\"item\":\"https:\\\/\\\/www.immo-invest.ch\\\/it\\\/categoria\\\/regioni\\\/\",\"nextItem\":{\"@type\":\"ListItem\",\"@id\":\"https:\\\/\\\/www.immo-invest.ch\\\/it\\\/categoria\\\/regioni\\\/svizzera\\\/#listItem\",\"name\":\"Svizzera\"},\"previousItem\":{\"@type\":\"ListItem\",\"@id\":\"https:\\\/\\\/www.immo-invest.ch\\\/it\\\/#listItem\",\"name\":\"Home\"}},{\"@type\":\"ListItem\",\"@id\":\"https:\\\/\\\/www.immo-invest.ch\\\/it\\\/categoria\\\/regioni\\\/svizzera\\\/#listItem\",\"position\":3,\"name\":\"Svizzera\",\"item\":\"https:\\\/\\\/www.immo-invest.ch\\\/it\\\/categoria\\\/regioni\\\/svizzera\\\/\",\"nextItem\":{\"@type\":\"ListItem\",\"@id\":\"https:\\\/\\\/www.immo-invest.ch\\\/it\\\/categoria\\\/regioni\\\/svizzera\\\/zentralschweiz-it\\\/#listItem\",\"name\":\"Zentralschweiz\"},\"previousItem\":{\"@type\":\"ListItem\",\"@id\":\"https:\\\/\\\/www.immo-invest.ch\\\/it\\\/categoria\\\/regioni\\\/#listItem\",\"name\":\"Regioni\"}},{\"@type\":\"ListItem\",\"@id\":\"https:\\\/\\\/www.immo-invest.ch\\\/it\\\/categoria\\\/regioni\\\/svizzera\\\/zentralschweiz-it\\\/#listItem\",\"position\":4,\"name\":\"Zentralschweiz\",\"item\":\"https:\\\/\\\/www.immo-invest.ch\\\/it\\\/categoria\\\/regioni\\\/svizzera\\\/zentralschweiz-it\\\/\",\"nextItem\":{\"@type\":\"ListItem\",\"@id\":\"https:\\\/\\\/www.immo-invest.ch\\\/it\\\/categoria\\\/regioni\\\/svizzera\\\/zentralschweiz-it\\\/schwyz-it\\\/#listItem\",\"name\":\"Schwyz\"},\"previousItem\":{\"@type\":\"ListItem\",\"@id\":\"https:\\\/\\\/www.immo-invest.ch\\\/it\\\/categoria\\\/regioni\\\/svizzera\\\/#listItem\",\"name\":\"Svizzera\"}},{\"@type\":\"ListItem\",\"@id\":\"https:\\\/\\\/www.immo-invest.ch\\\/it\\\/categoria\\\/regioni\\\/svizzera\\\/zentralschweiz-it\\\/schwyz-it\\\/#listItem\",\"position\":5,\"name\":\"Schwyz\",\"item\":\"https:\\\/\\\/www.immo-invest.ch\\\/it\\\/categoria\\\/regioni\\\/svizzera\\\/zentralschweiz-it\\\/schwyz-it\\\/\",\"nextItem\":{\"@type\":\"ListItem\",\"@id\":\"https:\\\/\\\/www.immo-invest.ch\\\/it\\\/fuehrungswechsel-beim-holzbauunternehmen-erfolgreich-abgeschlossen\\\/#listItem\",\"name\":\"Il cambio di gestione nell&#8217;azienda di costruzioni in legno \\u00e8 stato completato con successo\"},\"previousItem\":{\"@type\":\"ListItem\",\"@id\":\"https:\\\/\\\/www.immo-invest.ch\\\/it\\\/categoria\\\/regioni\\\/svizzera\\\/zentralschweiz-it\\\/#listItem\",\"name\":\"Zentralschweiz\"}},{\"@type\":\"ListItem\",\"@id\":\"https:\\\/\\\/www.immo-invest.ch\\\/it\\\/fuehrungswechsel-beim-holzbauunternehmen-erfolgreich-abgeschlossen\\\/#listItem\",\"position\":6,\"name\":\"Il cambio di gestione nell&#8217;azienda di costruzioni in legno \\u00e8 stato completato con successo\",\"previousItem\":{\"@type\":\"ListItem\",\"@id\":\"https:\\\/\\\/www.immo-invest.ch\\\/it\\\/categoria\\\/regioni\\\/svizzera\\\/zentralschweiz-it\\\/schwyz-it\\\/#listItem\",\"name\":\"Schwyz\"}}]},{\"@type\":\"Organization\",\"@id\":\"https:\\\/\\\/www.immo-invest.ch\\\/it\\\/#organization\",\"name\":\"immo!nvest - Die Plattform f\\u00fcr Standorte und Immobilien\",\"description\":\"Die\\u00a0Plattform f\\u00fcr Standorte und Immobilien\",\"url\":\"https:\\\/\\\/www.immo-invest.ch\\\/it\\\/\",\"email\":\"admin@immomedia.ag\",\"telephone\":\"+41444420002\",\"logo\":{\"@type\":\"ImageObject\",\"url\":\"https:\\\/\\\/www.immo-invest.ch\\\/wp-content\\\/uploads\\\/2024\\\/09\\\/immoinvest_sm-scaled.jpg\",\"@id\":\"https:\\\/\\\/www.immo-invest.ch\\\/it\\\/fuehrungswechsel-beim-holzbauunternehmen-erfolgreich-abgeschlossen\\\/#organizationLogo\",\"width\":2560,\"height\":1340},\"image\":{\"@id\":\"https:\\\/\\\/www.immo-invest.ch\\\/it\\\/fuehrungswechsel-beim-holzbauunternehmen-erfolgreich-abgeschlossen\\\/#organizationLogo\"},\"sameAs\":[\"https:\\\/\\\/www.facebook.com\\\/people\\\/Immoinvest\\\/100077962920504\\\/\",\"https:\\\/\\\/x.com\\\/i\\\/flow\\\/login?redirect_after_login=immoinvest_ch\",\"https:\\\/\\\/www.instagram.com\\\/immoinvest_ch\\\/\",\"https:\\\/\\\/www.linkedin.com\\\/company\\\/immoinvest-swiss\"]},{\"@type\":\"Person\",\"@id\":\"https:\\\/\\\/www.immo-invest.ch\\\/it\\\/author\\\/immovestuser\\\/#author\",\"url\":\"https:\\\/\\\/www.immo-invest.ch\\\/it\\\/author\\\/immovestuser\\\/\",\"name\":\"immovestuser\",\"image\":{\"@type\":\"ImageObject\",\"@id\":\"https:\\\/\\\/www.immo-invest.ch\\\/it\\\/fuehrungswechsel-beim-holzbauunternehmen-erfolgreich-abgeschlossen\\\/#authorImage\",\"url\":\"https:\\\/\\\/secure.gravatar.com\\\/avatar\\\/8e01f4d99f2eeea7a362ebb93305e1172a70e9293ba250f897a65c39f54cdd1e?s=96&d=mm&r=g\",\"width\":96,\"height\":96,\"caption\":\"immovestuser\"}},{\"@type\":\"WebPage\",\"@id\":\"https:\\\/\\\/www.immo-invest.ch\\\/it\\\/fuehrungswechsel-beim-holzbauunternehmen-erfolgreich-abgeschlossen\\\/#webpage\",\"url\":\"https:\\\/\\\/www.immo-invest.ch\\\/it\\\/fuehrungswechsel-beim-holzbauunternehmen-erfolgreich-abgeschlossen\\\/\",\"name\":\"Il cambio di gestione nell\\u2019azienda di costruzioni in legno \\u00e8 stato completato con successo - immo!nvest - Die Plattform f\\u00fcr Standorte und Immobilien\",\"description\":\"Ivo Steiner ha assunto il ruolo di CEO dell'azienda di costruzioni in legno Str\\u00fcby. Dopo un intenso periodo di familiarizzazione, succede ad Anton Str\\u00fcby, che in futuro sar\\u00e0 responsabile della direzione strategica come Presidente del Consiglio di Amministrazione. L'azienda si concentra sulla continuit\\u00e0 e sulla gestione esperta.\",\"inLanguage\":\"it-IT\",\"isPartOf\":{\"@id\":\"https:\\\/\\\/www.immo-invest.ch\\\/it\\\/#website\"},\"breadcrumb\":{\"@id\":\"https:\\\/\\\/www.immo-invest.ch\\\/it\\\/fuehrungswechsel-beim-holzbauunternehmen-erfolgreich-abgeschlossen\\\/#breadcrumblist\"},\"author\":{\"@id\":\"https:\\\/\\\/www.immo-invest.ch\\\/it\\\/author\\\/immovestuser\\\/#author\"},\"creator\":{\"@id\":\"https:\\\/\\\/www.immo-invest.ch\\\/it\\\/author\\\/immovestuser\\\/#author\"},\"image\":{\"@type\":\"ImageObject\",\"url\":\"https:\\\/\\\/www.immo-invest.ch\\\/wp-content\\\/uploads\\\/2024\\\/12\\\/Unbenannt-22.png\",\"@id\":\"https:\\\/\\\/www.immo-invest.ch\\\/it\\\/fuehrungswechsel-beim-holzbauunternehmen-erfolgreich-abgeschlossen\\\/#mainImage\",\"width\":1110,\"height\":555},\"primaryImageOfPage\":{\"@id\":\"https:\\\/\\\/www.immo-invest.ch\\\/it\\\/fuehrungswechsel-beim-holzbauunternehmen-erfolgreich-abgeschlossen\\\/#mainImage\"},\"datePublished\":\"2024-12-19T08:58:00+01:00\",\"dateModified\":\"2024-12-18T12:01:12+01:00\"},{\"@type\":\"WebSite\",\"@id\":\"https:\\\/\\\/www.immo-invest.ch\\\/it\\\/#website\",\"url\":\"https:\\\/\\\/www.immo-invest.ch\\\/it\\\/\",\"name\":\"immo!nvest - Die Plattform f\\u00fcr Standorte und Immobilien\",\"description\":\"Die\\u00a0Plattform f\\u00fcr Standorte und Immobilien\",\"inLanguage\":\"it-IT\",\"publisher\":{\"@id\":\"https:\\\/\\\/www.immo-invest.ch\\\/it\\\/#organization\"}}]}\n\t\t<\/script>\n\t\t<!-- All in One SEO -->\n\n","aioseo_head_json":{"title":"Il cambio di gestione nell\u2019azienda di costruzioni in legno \u00e8 stato completato con successo - immo!nvest - Die Plattform f\u00fcr Standorte und Immobilien","description":"Ivo Steiner ha assunto il ruolo di CEO dell'azienda di costruzioni in legno Str\u00fcby. Dopo un intenso periodo di familiarizzazione, succede ad Anton Str\u00fcby, che in futuro sar\u00e0 responsabile della direzione strategica come Presidente del Consiglio di Amministrazione. L'azienda si concentra sulla continuit\u00e0 e sulla gestione esperta.","canonical_url":"https:\/\/www.immo-invest.ch\/it\/fuehrungswechsel-beim-holzbauunternehmen-erfolgreich-abgeschlossen\/","robots":"max-image-preview:large","keywords":"","webmasterTools":{"google-site-verification":"fHJKvgWpZCR2zVBHWfkQeFXC11qieUSff0HGNYfuyLA","miscellaneous":""},"schema":{"@context":"https:\/\/schema.org","@graph":[{"@type":"BlogPosting","@id":"https:\/\/www.immo-invest.ch\/it\/fuehrungswechsel-beim-holzbauunternehmen-erfolgreich-abgeschlossen\/#blogposting","name":"Il cambio di gestione nell\u2019azienda di costruzioni in legno \u00e8 stato completato con successo - immo!nvest - Die Plattform f\u00fcr Standorte und Immobilien","headline":"Il cambio di gestione nell&#8217;azienda di costruzioni in legno \u00e8 stato completato con successo","author":{"@id":"https:\/\/www.immo-invest.ch\/it\/author\/immovestuser\/#author"},"publisher":{"@id":"https:\/\/www.immo-invest.ch\/it\/#organization"},"image":{"@type":"ImageObject","url":"https:\/\/www.immo-invest.ch\/wp-content\/uploads\/2024\/12\/Unbenannt-22.png","width":1110,"height":555},"datePublished":"2024-12-19T08:58:00+01:00","dateModified":"2024-12-18T12:01:12+01:00","inLanguage":"it-IT","mainEntityOfPage":{"@id":"https:\/\/www.immo-invest.ch\/it\/fuehrungswechsel-beim-holzbauunternehmen-erfolgreich-abgeschlossen\/#webpage"},"isPartOf":{"@id":"https:\/\/www.immo-invest.ch\/it\/fuehrungswechsel-beim-holzbauunternehmen-erfolgreich-abgeschlossen\/#webpage"},"articleSection":"immoNews, Regioni, Schwyz, Societ\u00e0, F\u00fchrungswechsel, Holzbauunternehmen, Immoinvest, immoNews, News, Unternehmensf\u00fchrung, Optional"},{"@type":"BreadcrumbList","@id":"https:\/\/www.immo-invest.ch\/it\/fuehrungswechsel-beim-holzbauunternehmen-erfolgreich-abgeschlossen\/#breadcrumblist","itemListElement":[{"@type":"ListItem","@id":"https:\/\/www.immo-invest.ch\/it\/#listItem","position":1,"name":"Home","item":"https:\/\/www.immo-invest.ch\/it\/","nextItem":{"@type":"ListItem","@id":"https:\/\/www.immo-invest.ch\/it\/categoria\/regioni\/#listItem","name":"Regioni"}},{"@type":"ListItem","@id":"https:\/\/www.immo-invest.ch\/it\/categoria\/regioni\/#listItem","position":2,"name":"Regioni","item":"https:\/\/www.immo-invest.ch\/it\/categoria\/regioni\/","nextItem":{"@type":"ListItem","@id":"https:\/\/www.immo-invest.ch\/it\/categoria\/regioni\/svizzera\/#listItem","name":"Svizzera"},"previousItem":{"@type":"ListItem","@id":"https:\/\/www.immo-invest.ch\/it\/#listItem","name":"Home"}},{"@type":"ListItem","@id":"https:\/\/www.immo-invest.ch\/it\/categoria\/regioni\/svizzera\/#listItem","position":3,"name":"Svizzera","item":"https:\/\/www.immo-invest.ch\/it\/categoria\/regioni\/svizzera\/","nextItem":{"@type":"ListItem","@id":"https:\/\/www.immo-invest.ch\/it\/categoria\/regioni\/svizzera\/zentralschweiz-it\/#listItem","name":"Zentralschweiz"},"previousItem":{"@type":"ListItem","@id":"https:\/\/www.immo-invest.ch\/it\/categoria\/regioni\/#listItem","name":"Regioni"}},{"@type":"ListItem","@id":"https:\/\/www.immo-invest.ch\/it\/categoria\/regioni\/svizzera\/zentralschweiz-it\/#listItem","position":4,"name":"Zentralschweiz","item":"https:\/\/www.immo-invest.ch\/it\/categoria\/regioni\/svizzera\/zentralschweiz-it\/","nextItem":{"@type":"ListItem","@id":"https:\/\/www.immo-invest.ch\/it\/categoria\/regioni\/svizzera\/zentralschweiz-it\/schwyz-it\/#listItem","name":"Schwyz"},"previousItem":{"@type":"ListItem","@id":"https:\/\/www.immo-invest.ch\/it\/categoria\/regioni\/svizzera\/#listItem","name":"Svizzera"}},{"@type":"ListItem","@id":"https:\/\/www.immo-invest.ch\/it\/categoria\/regioni\/svizzera\/zentralschweiz-it\/schwyz-it\/#listItem","position":5,"name":"Schwyz","item":"https:\/\/www.immo-invest.ch\/it\/categoria\/regioni\/svizzera\/zentralschweiz-it\/schwyz-it\/","nextItem":{"@type":"ListItem","@id":"https:\/\/www.immo-invest.ch\/it\/fuehrungswechsel-beim-holzbauunternehmen-erfolgreich-abgeschlossen\/#listItem","name":"Il cambio di gestione nell&#8217;azienda di costruzioni in legno \u00e8 stato completato con successo"},"previousItem":{"@type":"ListItem","@id":"https:\/\/www.immo-invest.ch\/it\/categoria\/regioni\/svizzera\/zentralschweiz-it\/#listItem","name":"Zentralschweiz"}},{"@type":"ListItem","@id":"https:\/\/www.immo-invest.ch\/it\/fuehrungswechsel-beim-holzbauunternehmen-erfolgreich-abgeschlossen\/#listItem","position":6,"name":"Il cambio di gestione nell&#8217;azienda di costruzioni in legno \u00e8 stato completato con successo","previousItem":{"@type":"ListItem","@id":"https:\/\/www.immo-invest.ch\/it\/categoria\/regioni\/svizzera\/zentralschweiz-it\/schwyz-it\/#listItem","name":"Schwyz"}}]},{"@type":"Organization","@id":"https:\/\/www.immo-invest.ch\/it\/#organization","name":"immo!nvest - Die Plattform f\u00fcr Standorte und Immobilien","description":"Die\u00a0Plattform f\u00fcr Standorte und Immobilien","url":"https:\/\/www.immo-invest.ch\/it\/","email":"admin@immomedia.ag","telephone":"+41444420002","logo":{"@type":"ImageObject","url":"https:\/\/www.immo-invest.ch\/wp-content\/uploads\/2024\/09\/immoinvest_sm-scaled.jpg","@id":"https:\/\/www.immo-invest.ch\/it\/fuehrungswechsel-beim-holzbauunternehmen-erfolgreich-abgeschlossen\/#organizationLogo","width":2560,"height":1340},"image":{"@id":"https:\/\/www.immo-invest.ch\/it\/fuehrungswechsel-beim-holzbauunternehmen-erfolgreich-abgeschlossen\/#organizationLogo"},"sameAs":["https:\/\/www.facebook.com\/people\/Immoinvest\/100077962920504\/","https:\/\/x.com\/i\/flow\/login?redirect_after_login=immoinvest_ch","https:\/\/www.instagram.com\/immoinvest_ch\/","https:\/\/www.linkedin.com\/company\/immoinvest-swiss"]},{"@type":"Person","@id":"https:\/\/www.immo-invest.ch\/it\/author\/immovestuser\/#author","url":"https:\/\/www.immo-invest.ch\/it\/author\/immovestuser\/","name":"immovestuser","image":{"@type":"ImageObject","@id":"https:\/\/www.immo-invest.ch\/it\/fuehrungswechsel-beim-holzbauunternehmen-erfolgreich-abgeschlossen\/#authorImage","url":"https:\/\/secure.gravatar.com\/avatar\/8e01f4d99f2eeea7a362ebb93305e1172a70e9293ba250f897a65c39f54cdd1e?s=96&d=mm&r=g","width":96,"height":96,"caption":"immovestuser"}},{"@type":"WebPage","@id":"https:\/\/www.immo-invest.ch\/it\/fuehrungswechsel-beim-holzbauunternehmen-erfolgreich-abgeschlossen\/#webpage","url":"https:\/\/www.immo-invest.ch\/it\/fuehrungswechsel-beim-holzbauunternehmen-erfolgreich-abgeschlossen\/","name":"Il cambio di gestione nell\u2019azienda di costruzioni in legno \u00e8 stato completato con successo - immo!nvest - Die Plattform f\u00fcr Standorte und Immobilien","description":"Ivo Steiner ha assunto il ruolo di CEO dell'azienda di costruzioni in legno Str\u00fcby. Dopo un intenso periodo di familiarizzazione, succede ad Anton Str\u00fcby, che in futuro sar\u00e0 responsabile della direzione strategica come Presidente del Consiglio di Amministrazione. L'azienda si concentra sulla continuit\u00e0 e sulla gestione esperta.","inLanguage":"it-IT","isPartOf":{"@id":"https:\/\/www.immo-invest.ch\/it\/#website"},"breadcrumb":{"@id":"https:\/\/www.immo-invest.ch\/it\/fuehrungswechsel-beim-holzbauunternehmen-erfolgreich-abgeschlossen\/#breadcrumblist"},"author":{"@id":"https:\/\/www.immo-invest.ch\/it\/author\/immovestuser\/#author"},"creator":{"@id":"https:\/\/www.immo-invest.ch\/it\/author\/immovestuser\/#author"},"image":{"@type":"ImageObject","url":"https:\/\/www.immo-invest.ch\/wp-content\/uploads\/2024\/12\/Unbenannt-22.png","@id":"https:\/\/www.immo-invest.ch\/it\/fuehrungswechsel-beim-holzbauunternehmen-erfolgreich-abgeschlossen\/#mainImage","width":1110,"height":555},"primaryImageOfPage":{"@id":"https:\/\/www.immo-invest.ch\/it\/fuehrungswechsel-beim-holzbauunternehmen-erfolgreich-abgeschlossen\/#mainImage"},"datePublished":"2024-12-19T08:58:00+01:00","dateModified":"2024-12-18T12:01:12+01:00"},{"@type":"WebSite","@id":"https:\/\/www.immo-invest.ch\/it\/#website","url":"https:\/\/www.immo-invest.ch\/it\/","name":"immo!nvest - Die Plattform f\u00fcr Standorte und Immobilien","description":"Die\u00a0Plattform f\u00fcr Standorte und Immobilien","inLanguage":"it-IT","publisher":{"@id":"https:\/\/www.immo-invest.ch\/it\/#organization"}}]},"og:locale":"it_IT","og:site_name":"immo!nvest - Die Plattform f\u00fcr Standorte und Immobilien - Die\u00a0Plattform f\u00fcr Standorte und Immobilien","og:type":"article","og:title":"Il cambio di gestione nell\u2019azienda di costruzioni in legno \u00e8 stato completato con successo - immo!nvest - Die Plattform f\u00fcr Standorte und Immobilien","og:description":"Ivo Steiner ha assunto il ruolo di CEO dell'azienda di costruzioni in legno Str\u00fcby. Dopo un intenso periodo di familiarizzazione, succede ad Anton Str\u00fcby, che in futuro sar\u00e0 responsabile della direzione strategica come Presidente del Consiglio di Amministrazione. L'azienda si concentra sulla continuit\u00e0 e sulla gestione esperta.","og:url":"https:\/\/www.immo-invest.ch\/it\/fuehrungswechsel-beim-holzbauunternehmen-erfolgreich-abgeschlossen\/","og:image":"https:\/\/www.immo-invest.ch\/wp-content\/uploads\/2024\/12\/Unbenannt-22.png","og:image:secure_url":"https:\/\/www.immo-invest.ch\/wp-content\/uploads\/2024\/12\/Unbenannt-22.png","og:image:width":1110,"og:image:height":555,"article:published_time":"2024-12-19T07:58:00+00:00","article:modified_time":"2024-12-18T11:01:12+00:00","article:publisher":"https:\/\/www.facebook.com\/people\/Immoinvest\/100077962920504\/","twitter:card":"summary_large_image","twitter:site":"@i","twitter:title":"Il cambio di gestione nell\u2019azienda di costruzioni in legno \u00e8 stato completato con successo - immo!nvest - Die Plattform f\u00fcr Standorte und Immobilien","twitter:description":"Ivo Steiner ha assunto il ruolo di CEO dell'azienda di costruzioni in legno Str\u00fcby. Dopo un intenso periodo di familiarizzazione, succede ad Anton Str\u00fcby, che in futuro sar\u00e0 responsabile della direzione strategica come Presidente del Consiglio di Amministrazione. L'azienda si concentra sulla continuit\u00e0 e sulla gestione esperta.","twitter:creator":"@i","twitter:image":"https:\/\/www.immo-invest.ch\/wp-content\/uploads\/2024\/12\/Unbenannt-22.png"},"aioseo_meta_data":{"post_id":"122153","title":null,"description":null,"keywords":null,"keyphrases":{"focus":{"keyphrase":"","score":0,"analysis":{"keyphraseInTitle":{"score":0,"maxScore":9,"error":1}}},"additional":[]},"primary_term":null,"canonical_url":null,"og_title":null,"og_description":null,"og_object_type":"default","og_image_type":"default","og_image_url":null,"og_image_width":null,"og_image_height":null,"og_image_custom_url":null,"og_image_custom_fields":null,"og_video":"","og_custom_url":null,"og_article_section":null,"og_article_tags":null,"twitter_use_og":false,"twitter_card":"default","twitter_image_type":"default","twitter_image_url":null,"twitter_image_custom_url":null,"twitter_image_custom_fields":null,"twitter_title":null,"twitter_description":null,"schema":{"blockGraphs":[],"customGraphs":[],"default":{"data":{"Article":[],"Course":[],"Dataset":[],"FAQPage":[],"Movie":[],"Person":[],"Product":[],"ProductReview":[],"Car":[],"Recipe":[],"Service":[],"SoftwareApplication":[],"WebPage":[]},"graphName":"BlogPosting","isEnabled":true},"graphs":[]},"schema_type":"default","schema_type_options":null,"pillar_content":false,"robots_default":true,"robots_noindex":false,"robots_noarchive":false,"robots_nosnippet":false,"robots_nofollow":false,"robots_noimageindex":false,"robots_noodp":false,"robots_notranslate":false,"robots_max_snippet":"-1","robots_max_videopreview":"-1","robots_max_imagepreview":"large","priority":null,"frequency":"default","local_seo":null,"breadcrumb_settings":null,"limit_modified_date":false,"ai":null,"created":"2024-12-18 11:01:14","updated":"2025-10-24 14:50:13","seo_analyzer_scan_date":null,"focus_keyword":null,"additional_keywords":null,"truseo_locale":null},"aioseo_breadcrumb":"<div class=\"aioseo-breadcrumbs\"><span class=\"aioseo-breadcrumb\">\n\t\t\t<a href=\"https:\/\/www.immo-invest.ch\/it\/\" title=\"Home\">Home<\/a>\n\t\t<\/span><span class=\"aioseo-breadcrumb-separator\">&raquo;<\/span><span class=\"aioseo-breadcrumb\">\n\t\t\t<a href=\"https:\/\/www.immo-invest.ch\/it\/categoria\/regioni\/\" title=\"Regioni\">Regioni<\/a>\n\t\t<\/span><span class=\"aioseo-breadcrumb-separator\">&raquo;<\/span><span class=\"aioseo-breadcrumb\">\n\t\t\t<a href=\"https:\/\/www.immo-invest.ch\/it\/categoria\/regioni\/svizzera\/\" title=\"Svizzera\">Svizzera<\/a>\n\t\t<\/span><span class=\"aioseo-breadcrumb-separator\">&raquo;<\/span><span class=\"aioseo-breadcrumb\">\n\t\t\t<a href=\"https:\/\/www.immo-invest.ch\/it\/categoria\/regioni\/svizzera\/zentralschweiz-it\/\" title=\"Zentralschweiz\">Zentralschweiz<\/a>\n\t\t<\/span><span class=\"aioseo-breadcrumb-separator\">&raquo;<\/span><span class=\"aioseo-breadcrumb\">\n\t\t\t<a href=\"https:\/\/www.immo-invest.ch\/it\/categoria\/regioni\/svizzera\/zentralschweiz-it\/schwyz-it\/\" title=\"Schwyz\">Schwyz<\/a>\n\t\t<\/span><span class=\"aioseo-breadcrumb-separator\">&raquo;<\/span><span class=\"aioseo-breadcrumb\">\n\t\t\tIl cambio di gestione nell\u2019azienda di costruzioni in legno \u00e8 stato completato con successo\n\t\t<\/span><\/div>","aioseo_breadcrumb_json":[{"label":"Home","link":"https:\/\/www.immo-invest.ch\/it\/"},{"label":"Regioni","link":"https:\/\/www.immo-invest.ch\/it\/categoria\/regioni\/"},{"label":"Svizzera","link":"https:\/\/www.immo-invest.ch\/it\/categoria\/regioni\/svizzera\/"},{"label":"Zentralschweiz","link":"https:\/\/www.immo-invest.ch\/it\/categoria\/regioni\/svizzera\/zentralschweiz-it\/"},{"label":"Schwyz","link":"https:\/\/www.immo-invest.ch\/it\/categoria\/regioni\/svizzera\/zentralschweiz-it\/schwyz-it\/"},{"label":"Il cambio di gestione nell&#8217;azienda di costruzioni in legno \u00e8 stato completato con successo","link":"https:\/\/www.immo-invest.ch\/it\/fuehrungswechsel-beim-holzbauunternehmen-erfolgreich-abgeschlossen\/"}],"featured_image_src":"https:\/\/www.immo-invest.ch\/wp-content\/uploads\/2024\/12\/Unbenannt-22-336x168.png","_links":{"self":[{"href":"https:\/\/www.immo-invest.ch\/it\/wp-json\/wp\/v2\/posts\/122153","targetHints":{"allow":["GET"]}}],"collection":[{"href":"https:\/\/www.immo-invest.ch\/it\/wp-json\/wp\/v2\/posts"}],"about":[{"href":"https:\/\/www.immo-invest.ch\/it\/wp-json\/wp\/v2\/types\/post"}],"author":[{"embeddable":true,"href":"https:\/\/www.immo-invest.ch\/it\/wp-json\/wp\/v2\/users\/2"}],"replies":[{"embeddable":true,"href":"https:\/\/www.immo-invest.ch\/it\/wp-json\/wp\/v2\/comments?post=122153"}],"version-history":[{"count":0,"href":"https:\/\/www.immo-invest.ch\/it\/wp-json\/wp\/v2\/posts\/122153\/revisions"}],"wp:featuredmedia":[{"embeddable":true,"href":"https:\/\/www.immo-invest.ch\/it\/wp-json\/wp\/v2\/media\/122148"}],"wp:attachment":[{"href":"https:\/\/www.immo-invest.ch\/it\/wp-json\/wp\/v2\/media?parent=122153"}],"wp:term":[{"taxonomy":"category","embeddable":true,"href":"https:\/\/www.immo-invest.ch\/it\/wp-json\/wp\/v2\/categories?post=122153"},{"taxonomy":"post_tag","embeddable":true,"href":"https:\/\/www.immo-invest.ch\/it\/wp-json\/wp\/v2\/tags?post=122153"}],"curies":[{"name":"wp","href":"https:\/\/api.w.org\/{rel}","templated":true}]}}