{"id":120033,"date":"2024-11-22T15:05:12","date_gmt":"2024-11-22T14:05:12","guid":{"rendered":"https:\/\/www.immo-invest.ch\/gesamtverkehrskonzept-2040-fuer-raum-baden\/"},"modified":"2024-11-22T15:41:48","modified_gmt":"2024-11-22T14:41:48","slug":"gesamtverkehrskonzept-2040-fuer-raum-baden","status":"publish","type":"post","link":"https:\/\/www.immo-invest.ch\/it\/gesamtverkehrskonzept-2040-fuer-raum-baden\/","title":{"rendered":"Concetto generale di trasporto 2040 per l&#8217;area di Baden"},"content":{"rendered":"<p class=\"wp-block-paragraph\">A seguito di un intenso processo di pianificazione e partecipazione dal 2022 al 2024, la delegazione di autorit&agrave; ha adottato un concetto generale di trasporto che mira a migliorare in modo sostenibile la mobilit&agrave; nella regione di Baden. La gamma di misure con un orizzonte temporale al 2040 comprende l&rsquo;espansione del trasporto pubblico con priorit&agrave; agli autobus e l&rsquo;ottimizzazione degli incroci.<\/p>\n\n\n\n\n\n<p class=\"wp-block-paragraph\">Per i pedoni e i ciclisti, la rete ciclabile sar&agrave; ampliata e saranno creati ulteriori parcheggi per biciclette. Per quanto riguarda la rete stradale, sono previste misure a breve termine per la testa di ponte orientale e miglioramenti lungo la Bruggerstrasse a Baden. Allo stesso tempo, la riqualificazione delle arterie locali e il rafforzamento dei quartieri come &ldquo;citt&agrave; delle brevi distanze&rdquo; dovrebbero promuovere gli spazi urbani e aperti. Inoltre, la domanda di trasporto deve essere controllata meglio dai Comuni e dal Cantone attraverso una gestione mirata della mobilit&agrave;. Sono state prese in considerazione anche le opzioni a lungo termine per il periodo successivo al 2040.<\/p>\n\n\n\n\n\n<p class=\"wp-block-paragraph\">Oltre alle misure a breve termine, sono state discusse anche le opzioni per il periodo successivo al 2040. Queste includono la garanzia di percorsi per importanti corridoi di trasporto pubblico e possibili misure per la testa di ponte orientale.<\/p>\n\n\n\n\n\n<p class=\"wp-block-paragraph\"><strong><br>Alleggerimento del centro come componente centrale<\/strong>La variante &ldquo;ZEL long&rdquo;, un&rsquo;opzione di alleggerimento stradale con un bypass intorno a Untersiggenthal, &egrave; stata decisa anche come opzione a lungo termine. L&rsquo;attuazione di questa variante sar&agrave; esaminata non appena la valutazione dell&rsquo;impatto delle misure iniziali ne indicher&agrave; la necessit&agrave;.<strong><\/strong><\/p>\n\n\n\n\n\n<p class=\"wp-block-paragraph\"><strong><br>Partecipazione e ampio consenso<\/strong>Il concetto &egrave; stato sviluppato in un processo partecipativo che ha incluso conferenze sulla mobilit&agrave;, partecipazioni online e riunioni di gruppi di supporto. L&rsquo;ampio coinvolgimento dei Comuni, degli esperti e della popolazione ha portato a un pacchetto di misure basato sul consenso, che ora verr&agrave; implementato passo dopo passo.<strong><\/strong><\/p>\n\n\n\n\n\n<p class=\"wp-block-paragraph\">Con il concetto generale di trasporto 2040 adottato, la regione di Baden sta gettando le basi per uno sviluppo della mobilit&agrave; sostenibile e orientato al futuro. Le misure coordinate promuovono il trasporto pubblico, il traffico non motorizzato e la qualit&agrave; della vita della popolazione e offrono una chiara prospettiva per i prossimi decenni.<\/p>\n\n","protected":false},"excerpt":{"rendered":"<p>Il 1\u00b0 novembre 2024, la delegazione di autorit\u00e0 per il concetto globale di trasporto (GVK) per l&#8217;area di Baden ha approvato all&#8217;unanimit\u00e0 il pacchetto di misure 2040. Il concetto globale comprende circa 50 misure individuali coordinate per ottimizzare il trasporto su rotaia, autobus, strada, pedoni e biciclette.<\/p>\n","protected":false},"author":2,"featured_media":120002,"comment_status":"open","ping_status":"open","sticky":false,"template":"","format":"standard","meta":{"pmpro_default_level":"","inline_featured_image":false,"_monsterinsights_skip_tracking":false,"footnotes":""},"categories":[47469,22704,22700],"tags":[6928,867,3935,50735,2411,1961,2006,50736,50737],"class_list":["post-120033","post","type-post","status-publish","format-standard","has-post-thumbnail","hentry","category-baden-it","category-mobilita","category-sostenibilita","tag-gesamtverkehrskonzept-it","tag-immoinvest-it","tag-immonews-it","tag-langsamverkehr-it","tag-mobilitaet-it","tag-nachhaltigkeit-it","tag-news-it","tag-oeffentlicher-verkehr-2-it","tag-verkehrsentlastung-it","pmpro-has-access"],"acf":{"bild_mit_ki_erstellt_worden":[],"lead":"Il 1\u00b0 novembre 2024, la delegazione di autorit\u00e0 per il concetto globale di trasporto (GVK) per l'area di Baden ha approvato all'unanimit\u00e0 il pacchetto di misure 2040. Il concetto globale comprende circa 50 misure individuali coordinate per ottimizzare il trasporto su rotaia, autobus, strada, pedoni e biciclette.","autor":"Quelle: ag.ch","ort":"","bildunterschrift":"","bild_im_grid":false,"gallerie":"","newsim":""},"aioseo_notices":[],"aioseo_head":"\n\t\t<!-- All in One SEO 5.0.0.1 - aioseo.com -->\n\t<meta name=\"description\" content=\"Il 1\u00b0 novembre 2024, la delegazione di autorit\u00e0 per il concetto globale di trasporto (GVK) per l&#039;area di Baden ha approvato all&#039;unanimit\u00e0 il pacchetto di misure 2040. Il concetto globale comprende circa 50 misure individuali coordinate per ottimizzare il trasporto su rotaia, autobus, strada, pedoni e biciclette.\" \/>\n\t<meta name=\"robots\" content=\"max-image-preview:large\" \/>\n\t<meta name=\"author\" content=\"immovestuser\"\/>\n\t<meta name=\"google-site-verification\" content=\"fHJKvgWpZCR2zVBHWfkQeFXC11qieUSff0HGNYfuyLA\" \/>\n\t<link rel=\"canonical\" href=\"https:\/\/www.immo-invest.ch\/it\/gesamtverkehrskonzept-2040-fuer-raum-baden\/\" \/>\n\t<meta name=\"generator\" content=\"All in One SEO (AIOSEO) 5.0.0.1\" \/>\n\t\t<meta property=\"og:locale\" content=\"it_IT\" \/>\n\t\t<meta property=\"og:site_name\" content=\"immo!nvest - Die Plattform f\u00fcr Standorte und Immobilien - Die\u00a0Plattform f\u00fcr Standorte und Immobilien\" \/>\n\t\t<meta property=\"og:type\" content=\"article\" \/>\n\t\t<meta property=\"og:title\" content=\"Concetto generale di trasporto 2040 per l\u2019area di Baden - immo!nvest - Die Plattform f\u00fcr Standorte und Immobilien\" \/>\n\t\t<meta property=\"og:description\" content=\"Il 1\u00b0 novembre 2024, la delegazione di autorit\u00e0 per il concetto globale di trasporto (GVK) per l&#039;area di Baden ha approvato all&#039;unanimit\u00e0 il pacchetto di misure 2040. Il concetto globale comprende circa 50 misure individuali coordinate per ottimizzare il trasporto su rotaia, autobus, strada, pedoni e biciclette.\" \/>\n\t\t<meta property=\"og:url\" content=\"https:\/\/www.immo-invest.ch\/it\/gesamtverkehrskonzept-2040-fuer-raum-baden\/\" \/>\n\t\t<meta property=\"og:image\" content=\"https:\/\/www.immo-invest.ch\/wp-content\/uploads\/2024\/11\/20241101_BDel_flach_1731917996865_jpg_1280x450_de.jpg\" \/>\n\t\t<meta property=\"og:image:secure_url\" content=\"https:\/\/www.immo-invest.ch\/wp-content\/uploads\/2024\/11\/20241101_BDel_flach_1731917996865_jpg_1280x450_de.jpg\" \/>\n\t\t<meta property=\"og:image:width\" content=\"1280\" \/>\n\t\t<meta property=\"og:image:height\" content=\"450\" \/>\n\t\t<meta property=\"article:published_time\" content=\"2024-11-22T14:05:12+00:00\" \/>\n\t\t<meta property=\"article:modified_time\" content=\"2024-11-22T14:41:48+00:00\" \/>\n\t\t<meta property=\"article:publisher\" content=\"https:\/\/www.facebook.com\/people\/Immoinvest\/100077962920504\/\" \/>\n\t\t<meta name=\"twitter:card\" content=\"summary_large_image\" \/>\n\t\t<meta name=\"twitter:site\" content=\"@i\" \/>\n\t\t<meta name=\"twitter:title\" content=\"Concetto generale di trasporto 2040 per l\u2019area di Baden - immo!nvest - Die Plattform f\u00fcr Standorte und Immobilien\" \/>\n\t\t<meta name=\"twitter:description\" content=\"Il 1\u00b0 novembre 2024, la delegazione di autorit\u00e0 per il concetto globale di trasporto (GVK) per l&#039;area di Baden ha approvato all&#039;unanimit\u00e0 il pacchetto di misure 2040. Il concetto globale comprende circa 50 misure individuali coordinate per ottimizzare il trasporto su rotaia, autobus, strada, pedoni e biciclette.\" \/>\n\t\t<meta name=\"twitter:creator\" content=\"@i\" \/>\n\t\t<meta name=\"twitter:image\" content=\"https:\/\/www.immo-invest.ch\/wp-content\/uploads\/2024\/11\/20241101_BDel_flach_1731917996865_jpg_1280x450_de.jpg\" \/>\n\t\t<script type=\"application\/ld+json\" class=\"aioseo-schema\">\n\t\t\t{\"@context\":\"https:\\\/\\\/schema.org\",\"@graph\":[{\"@type\":\"BlogPosting\",\"@id\":\"https:\\\/\\\/www.immo-invest.ch\\\/it\\\/gesamtverkehrskonzept-2040-fuer-raum-baden\\\/#blogposting\",\"name\":\"Concetto generale di trasporto 2040 per l\\u2019area di Baden - immo!nvest - Die Plattform f\\u00fcr Standorte und Immobilien\",\"headline\":\"Concetto generale di trasporto 2040 per l&#8217;area di Baden\",\"author\":{\"@id\":\"https:\\\/\\\/www.immo-invest.ch\\\/it\\\/author\\\/immovestuser\\\/#author\"},\"publisher\":{\"@id\":\"https:\\\/\\\/www.immo-invest.ch\\\/it\\\/#organization\"},\"image\":{\"@type\":\"ImageObject\",\"url\":\"https:\\\/\\\/www.immo-invest.ch\\\/wp-content\\\/uploads\\\/2024\\\/11\\\/20241101_BDel_flach_1731917996865_jpg_1280x450_de.jpg\",\"width\":1280,\"height\":450,\"caption\":\"https:\\\/\\\/www.ag.ch\\\/de\\\/verwaltung\\\/bvu\\\/mobilitaet-verkehr\\\/mobilitaet\\\/gesamtverkehrsplanung\\\/gesamtverkehrskonzept-region-ostaargau\\\/teilprojekt-gesamtverkehrskonzept-raum-baden-und-umgebung?dc=7c91a0d2-217f-4eae-970f-c83f7e5ff8c3_de\"},\"datePublished\":\"2024-11-22T15:05:12+01:00\",\"dateModified\":\"2024-11-22T15:41:48+01:00\",\"inLanguage\":\"it-IT\",\"mainEntityOfPage\":{\"@id\":\"https:\\\/\\\/www.immo-invest.ch\\\/it\\\/gesamtverkehrskonzept-2040-fuer-raum-baden\\\/#webpage\"},\"isPartOf\":{\"@id\":\"https:\\\/\\\/www.immo-invest.ch\\\/it\\\/gesamtverkehrskonzept-2040-fuer-raum-baden\\\/#webpage\"},\"articleSection\":\"Baden, Mobilit\\u00e0, Sostenibilit\\u00e0, Gesamtverkehrskonzept, Immoinvest, immoNews, Langsamverkehr, Mobilit\\u00e4t, Nachhaltigkeit, News, \\u00f6ffentlicher Verkehr, Verkehrsentlastung, Optional\"},{\"@type\":\"BreadcrumbList\",\"@id\":\"https:\\\/\\\/www.immo-invest.ch\\\/it\\\/gesamtverkehrskonzept-2040-fuer-raum-baden\\\/#breadcrumblist\",\"itemListElement\":[{\"@type\":\"ListItem\",\"@id\":\"https:\\\/\\\/www.immo-invest.ch\\\/it\\\/#listItem\",\"position\":1,\"name\":\"Home\",\"item\":\"https:\\\/\\\/www.immo-invest.ch\\\/it\\\/\",\"nextItem\":{\"@type\":\"ListItem\",\"@id\":\"https:\\\/\\\/www.immo-invest.ch\\\/it\\\/categoria\\\/regioni\\\/#listItem\",\"name\":\"Regioni\"}},{\"@type\":\"ListItem\",\"@id\":\"https:\\\/\\\/www.immo-invest.ch\\\/it\\\/categoria\\\/regioni\\\/#listItem\",\"position\":2,\"name\":\"Regioni\",\"item\":\"https:\\\/\\\/www.immo-invest.ch\\\/it\\\/categoria\\\/regioni\\\/\",\"nextItem\":{\"@type\":\"ListItem\",\"@id\":\"https:\\\/\\\/www.immo-invest.ch\\\/it\\\/categoria\\\/regioni\\\/svizzera\\\/#listItem\",\"name\":\"Svizzera\"},\"previousItem\":{\"@type\":\"ListItem\",\"@id\":\"https:\\\/\\\/www.immo-invest.ch\\\/it\\\/#listItem\",\"name\":\"Home\"}},{\"@type\":\"ListItem\",\"@id\":\"https:\\\/\\\/www.immo-invest.ch\\\/it\\\/categoria\\\/regioni\\\/svizzera\\\/#listItem\",\"position\":3,\"name\":\"Svizzera\",\"item\":\"https:\\\/\\\/www.immo-invest.ch\\\/it\\\/categoria\\\/regioni\\\/svizzera\\\/\",\"nextItem\":{\"@type\":\"ListItem\",\"@id\":\"https:\\\/\\\/www.immo-invest.ch\\\/it\\\/categoria\\\/regioni\\\/svizzera\\\/svizzera-nord-occidentale\\\/#listItem\",\"name\":\"Svizzera nord-occidentale\"},\"previousItem\":{\"@type\":\"ListItem\",\"@id\":\"https:\\\/\\\/www.immo-invest.ch\\\/it\\\/categoria\\\/regioni\\\/#listItem\",\"name\":\"Regioni\"}},{\"@type\":\"ListItem\",\"@id\":\"https:\\\/\\\/www.immo-invest.ch\\\/it\\\/categoria\\\/regioni\\\/svizzera\\\/svizzera-nord-occidentale\\\/#listItem\",\"position\":4,\"name\":\"Svizzera nord-occidentale\",\"item\":\"https:\\\/\\\/www.immo-invest.ch\\\/it\\\/categoria\\\/regioni\\\/svizzera\\\/svizzera-nord-occidentale\\\/\",\"nextItem\":{\"@type\":\"ListItem\",\"@id\":\"https:\\\/\\\/www.immo-invest.ch\\\/it\\\/categoria\\\/regioni\\\/svizzera\\\/svizzera-nord-occidentale\\\/aargau-immoregion\\\/#listItem\",\"name\":\"Aargau\"},\"previousItem\":{\"@type\":\"ListItem\",\"@id\":\"https:\\\/\\\/www.immo-invest.ch\\\/it\\\/categoria\\\/regioni\\\/svizzera\\\/#listItem\",\"name\":\"Svizzera\"}},{\"@type\":\"ListItem\",\"@id\":\"https:\\\/\\\/www.immo-invest.ch\\\/it\\\/categoria\\\/regioni\\\/svizzera\\\/svizzera-nord-occidentale\\\/aargau-immoregion\\\/#listItem\",\"position\":5,\"name\":\"Aargau\",\"item\":\"https:\\\/\\\/www.immo-invest.ch\\\/it\\\/categoria\\\/regioni\\\/svizzera\\\/svizzera-nord-occidentale\\\/aargau-immoregion\\\/\",\"nextItem\":{\"@type\":\"ListItem\",\"@id\":\"https:\\\/\\\/www.immo-invest.ch\\\/it\\\/categoria\\\/regioni\\\/svizzera\\\/svizzera-nord-occidentale\\\/aargau-immoregion\\\/baden-it\\\/#listItem\",\"name\":\"Baden\"},\"previousItem\":{\"@type\":\"ListItem\",\"@id\":\"https:\\\/\\\/www.immo-invest.ch\\\/it\\\/categoria\\\/regioni\\\/svizzera\\\/svizzera-nord-occidentale\\\/#listItem\",\"name\":\"Svizzera nord-occidentale\"}},{\"@type\":\"ListItem\",\"@id\":\"https:\\\/\\\/www.immo-invest.ch\\\/it\\\/categoria\\\/regioni\\\/svizzera\\\/svizzera-nord-occidentale\\\/aargau-immoregion\\\/baden-it\\\/#listItem\",\"position\":6,\"name\":\"Baden\",\"item\":\"https:\\\/\\\/www.immo-invest.ch\\\/it\\\/categoria\\\/regioni\\\/svizzera\\\/svizzera-nord-occidentale\\\/aargau-immoregion\\\/baden-it\\\/\",\"nextItem\":{\"@type\":\"ListItem\",\"@id\":\"https:\\\/\\\/www.immo-invest.ch\\\/it\\\/gesamtverkehrskonzept-2040-fuer-raum-baden\\\/#listItem\",\"name\":\"Concetto generale di trasporto 2040 per l&#8217;area di Baden\"},\"previousItem\":{\"@type\":\"ListItem\",\"@id\":\"https:\\\/\\\/www.immo-invest.ch\\\/it\\\/categoria\\\/regioni\\\/svizzera\\\/svizzera-nord-occidentale\\\/aargau-immoregion\\\/#listItem\",\"name\":\"Aargau\"}},{\"@type\":\"ListItem\",\"@id\":\"https:\\\/\\\/www.immo-invest.ch\\\/it\\\/gesamtverkehrskonzept-2040-fuer-raum-baden\\\/#listItem\",\"position\":7,\"name\":\"Concetto generale di trasporto 2040 per l&#8217;area di Baden\",\"previousItem\":{\"@type\":\"ListItem\",\"@id\":\"https:\\\/\\\/www.immo-invest.ch\\\/it\\\/categoria\\\/regioni\\\/svizzera\\\/svizzera-nord-occidentale\\\/aargau-immoregion\\\/baden-it\\\/#listItem\",\"name\":\"Baden\"}}]},{\"@type\":\"Organization\",\"@id\":\"https:\\\/\\\/www.immo-invest.ch\\\/it\\\/#organization\",\"name\":\"immo!nvest - Die Plattform f\\u00fcr Standorte und Immobilien\",\"description\":\"Die\\u00a0Plattform f\\u00fcr Standorte und Immobilien\",\"url\":\"https:\\\/\\\/www.immo-invest.ch\\\/it\\\/\",\"email\":\"admin@immomedia.ag\",\"telephone\":\"+41444420002\",\"logo\":{\"@type\":\"ImageObject\",\"url\":\"https:\\\/\\\/www.immo-invest.ch\\\/wp-content\\\/uploads\\\/2024\\\/09\\\/immoinvest_sm-scaled.jpg\",\"@id\":\"https:\\\/\\\/www.immo-invest.ch\\\/it\\\/gesamtverkehrskonzept-2040-fuer-raum-baden\\\/#organizationLogo\",\"width\":2560,\"height\":1340},\"image\":{\"@id\":\"https:\\\/\\\/www.immo-invest.ch\\\/it\\\/gesamtverkehrskonzept-2040-fuer-raum-baden\\\/#organizationLogo\"},\"sameAs\":[\"https:\\\/\\\/www.facebook.com\\\/people\\\/Immoinvest\\\/100077962920504\\\/\",\"https:\\\/\\\/x.com\\\/i\\\/flow\\\/login?redirect_after_login=immoinvest_ch\",\"https:\\\/\\\/www.instagram.com\\\/immoinvest_ch\\\/\",\"https:\\\/\\\/www.linkedin.com\\\/company\\\/immoinvest-swiss\"]},{\"@type\":\"Person\",\"@id\":\"https:\\\/\\\/www.immo-invest.ch\\\/it\\\/author\\\/immovestuser\\\/#author\",\"url\":\"https:\\\/\\\/www.immo-invest.ch\\\/it\\\/author\\\/immovestuser\\\/\",\"name\":\"immovestuser\",\"image\":{\"@type\":\"ImageObject\",\"@id\":\"https:\\\/\\\/www.immo-invest.ch\\\/it\\\/gesamtverkehrskonzept-2040-fuer-raum-baden\\\/#authorImage\",\"url\":\"https:\\\/\\\/secure.gravatar.com\\\/avatar\\\/8e01f4d99f2eeea7a362ebb93305e1172a70e9293ba250f897a65c39f54cdd1e?s=96&d=mm&r=g\",\"width\":96,\"height\":96,\"caption\":\"immovestuser\"}},{\"@type\":\"WebPage\",\"@id\":\"https:\\\/\\\/www.immo-invest.ch\\\/it\\\/gesamtverkehrskonzept-2040-fuer-raum-baden\\\/#webpage\",\"url\":\"https:\\\/\\\/www.immo-invest.ch\\\/it\\\/gesamtverkehrskonzept-2040-fuer-raum-baden\\\/\",\"name\":\"Concetto generale di trasporto 2040 per l\\u2019area di Baden - immo!nvest - Die Plattform f\\u00fcr Standorte und Immobilien\",\"description\":\"Il 1\\u00b0 novembre 2024, la delegazione di autorit\\u00e0 per il concetto globale di trasporto (GVK) per l'area di Baden ha approvato all'unanimit\\u00e0 il pacchetto di misure 2040. Il concetto globale comprende circa 50 misure individuali coordinate per ottimizzare il trasporto su rotaia, autobus, strada, pedoni e biciclette.\",\"inLanguage\":\"it-IT\",\"isPartOf\":{\"@id\":\"https:\\\/\\\/www.immo-invest.ch\\\/it\\\/#website\"},\"breadcrumb\":{\"@id\":\"https:\\\/\\\/www.immo-invest.ch\\\/it\\\/gesamtverkehrskonzept-2040-fuer-raum-baden\\\/#breadcrumblist\"},\"author\":{\"@id\":\"https:\\\/\\\/www.immo-invest.ch\\\/it\\\/author\\\/immovestuser\\\/#author\"},\"creator\":{\"@id\":\"https:\\\/\\\/www.immo-invest.ch\\\/it\\\/author\\\/immovestuser\\\/#author\"},\"image\":{\"@type\":\"ImageObject\",\"url\":\"https:\\\/\\\/www.immo-invest.ch\\\/wp-content\\\/uploads\\\/2024\\\/11\\\/20241101_BDel_flach_1731917996865_jpg_1280x450_de.jpg\",\"@id\":\"https:\\\/\\\/www.immo-invest.ch\\\/it\\\/gesamtverkehrskonzept-2040-fuer-raum-baden\\\/#mainImage\",\"width\":1280,\"height\":450,\"caption\":\"https:\\\/\\\/www.ag.ch\\\/de\\\/verwaltung\\\/bvu\\\/mobilitaet-verkehr\\\/mobilitaet\\\/gesamtverkehrsplanung\\\/gesamtverkehrskonzept-region-ostaargau\\\/teilprojekt-gesamtverkehrskonzept-raum-baden-und-umgebung?dc=7c91a0d2-217f-4eae-970f-c83f7e5ff8c3_de\"},\"primaryImageOfPage\":{\"@id\":\"https:\\\/\\\/www.immo-invest.ch\\\/it\\\/gesamtverkehrskonzept-2040-fuer-raum-baden\\\/#mainImage\"},\"datePublished\":\"2024-11-22T15:05:12+01:00\",\"dateModified\":\"2024-11-22T15:41:48+01:00\"},{\"@type\":\"WebSite\",\"@id\":\"https:\\\/\\\/www.immo-invest.ch\\\/it\\\/#website\",\"url\":\"https:\\\/\\\/www.immo-invest.ch\\\/it\\\/\",\"name\":\"immo!nvest - Die Plattform f\\u00fcr Standorte und Immobilien\",\"description\":\"Die\\u00a0Plattform f\\u00fcr Standorte und Immobilien\",\"inLanguage\":\"it-IT\",\"publisher\":{\"@id\":\"https:\\\/\\\/www.immo-invest.ch\\\/it\\\/#organization\"}}]}\n\t\t<\/script>\n\t\t<!-- All in One SEO -->\n\n","aioseo_head_json":{"title":"Concetto generale di trasporto 2040 per l\u2019area di Baden - immo!nvest - Die Plattform f\u00fcr Standorte und Immobilien","description":"Il 1\u00b0 novembre 2024, la delegazione di autorit\u00e0 per il concetto globale di trasporto (GVK) per l'area di Baden ha approvato all'unanimit\u00e0 il pacchetto di misure 2040. Il concetto globale comprende circa 50 misure individuali coordinate per ottimizzare il trasporto su rotaia, autobus, strada, pedoni e biciclette.","canonical_url":"https:\/\/www.immo-invest.ch\/it\/gesamtverkehrskonzept-2040-fuer-raum-baden\/","robots":"max-image-preview:large","keywords":"","webmasterTools":{"google-site-verification":"fHJKvgWpZCR2zVBHWfkQeFXC11qieUSff0HGNYfuyLA","miscellaneous":""},"schema":{"@context":"https:\/\/schema.org","@graph":[{"@type":"BlogPosting","@id":"https:\/\/www.immo-invest.ch\/it\/gesamtverkehrskonzept-2040-fuer-raum-baden\/#blogposting","name":"Concetto generale di trasporto 2040 per l\u2019area di Baden - immo!nvest - Die Plattform f\u00fcr Standorte und Immobilien","headline":"Concetto generale di trasporto 2040 per l&#8217;area di Baden","author":{"@id":"https:\/\/www.immo-invest.ch\/it\/author\/immovestuser\/#author"},"publisher":{"@id":"https:\/\/www.immo-invest.ch\/it\/#organization"},"image":{"@type":"ImageObject","url":"https:\/\/www.immo-invest.ch\/wp-content\/uploads\/2024\/11\/20241101_BDel_flach_1731917996865_jpg_1280x450_de.jpg","width":1280,"height":450,"caption":"https:\/\/www.ag.ch\/de\/verwaltung\/bvu\/mobilitaet-verkehr\/mobilitaet\/gesamtverkehrsplanung\/gesamtverkehrskonzept-region-ostaargau\/teilprojekt-gesamtverkehrskonzept-raum-baden-und-umgebung?dc=7c91a0d2-217f-4eae-970f-c83f7e5ff8c3_de"},"datePublished":"2024-11-22T15:05:12+01:00","dateModified":"2024-11-22T15:41:48+01:00","inLanguage":"it-IT","mainEntityOfPage":{"@id":"https:\/\/www.immo-invest.ch\/it\/gesamtverkehrskonzept-2040-fuer-raum-baden\/#webpage"},"isPartOf":{"@id":"https:\/\/www.immo-invest.ch\/it\/gesamtverkehrskonzept-2040-fuer-raum-baden\/#webpage"},"articleSection":"Baden, Mobilit\u00e0, Sostenibilit\u00e0, Gesamtverkehrskonzept, Immoinvest, immoNews, Langsamverkehr, Mobilit\u00e4t, Nachhaltigkeit, News, \u00f6ffentlicher Verkehr, Verkehrsentlastung, Optional"},{"@type":"BreadcrumbList","@id":"https:\/\/www.immo-invest.ch\/it\/gesamtverkehrskonzept-2040-fuer-raum-baden\/#breadcrumblist","itemListElement":[{"@type":"ListItem","@id":"https:\/\/www.immo-invest.ch\/it\/#listItem","position":1,"name":"Home","item":"https:\/\/www.immo-invest.ch\/it\/","nextItem":{"@type":"ListItem","@id":"https:\/\/www.immo-invest.ch\/it\/categoria\/regioni\/#listItem","name":"Regioni"}},{"@type":"ListItem","@id":"https:\/\/www.immo-invest.ch\/it\/categoria\/regioni\/#listItem","position":2,"name":"Regioni","item":"https:\/\/www.immo-invest.ch\/it\/categoria\/regioni\/","nextItem":{"@type":"ListItem","@id":"https:\/\/www.immo-invest.ch\/it\/categoria\/regioni\/svizzera\/#listItem","name":"Svizzera"},"previousItem":{"@type":"ListItem","@id":"https:\/\/www.immo-invest.ch\/it\/#listItem","name":"Home"}},{"@type":"ListItem","@id":"https:\/\/www.immo-invest.ch\/it\/categoria\/regioni\/svizzera\/#listItem","position":3,"name":"Svizzera","item":"https:\/\/www.immo-invest.ch\/it\/categoria\/regioni\/svizzera\/","nextItem":{"@type":"ListItem","@id":"https:\/\/www.immo-invest.ch\/it\/categoria\/regioni\/svizzera\/svizzera-nord-occidentale\/#listItem","name":"Svizzera nord-occidentale"},"previousItem":{"@type":"ListItem","@id":"https:\/\/www.immo-invest.ch\/it\/categoria\/regioni\/#listItem","name":"Regioni"}},{"@type":"ListItem","@id":"https:\/\/www.immo-invest.ch\/it\/categoria\/regioni\/svizzera\/svizzera-nord-occidentale\/#listItem","position":4,"name":"Svizzera nord-occidentale","item":"https:\/\/www.immo-invest.ch\/it\/categoria\/regioni\/svizzera\/svizzera-nord-occidentale\/","nextItem":{"@type":"ListItem","@id":"https:\/\/www.immo-invest.ch\/it\/categoria\/regioni\/svizzera\/svizzera-nord-occidentale\/aargau-immoregion\/#listItem","name":"Aargau"},"previousItem":{"@type":"ListItem","@id":"https:\/\/www.immo-invest.ch\/it\/categoria\/regioni\/svizzera\/#listItem","name":"Svizzera"}},{"@type":"ListItem","@id":"https:\/\/www.immo-invest.ch\/it\/categoria\/regioni\/svizzera\/svizzera-nord-occidentale\/aargau-immoregion\/#listItem","position":5,"name":"Aargau","item":"https:\/\/www.immo-invest.ch\/it\/categoria\/regioni\/svizzera\/svizzera-nord-occidentale\/aargau-immoregion\/","nextItem":{"@type":"ListItem","@id":"https:\/\/www.immo-invest.ch\/it\/categoria\/regioni\/svizzera\/svizzera-nord-occidentale\/aargau-immoregion\/baden-it\/#listItem","name":"Baden"},"previousItem":{"@type":"ListItem","@id":"https:\/\/www.immo-invest.ch\/it\/categoria\/regioni\/svizzera\/svizzera-nord-occidentale\/#listItem","name":"Svizzera nord-occidentale"}},{"@type":"ListItem","@id":"https:\/\/www.immo-invest.ch\/it\/categoria\/regioni\/svizzera\/svizzera-nord-occidentale\/aargau-immoregion\/baden-it\/#listItem","position":6,"name":"Baden","item":"https:\/\/www.immo-invest.ch\/it\/categoria\/regioni\/svizzera\/svizzera-nord-occidentale\/aargau-immoregion\/baden-it\/","nextItem":{"@type":"ListItem","@id":"https:\/\/www.immo-invest.ch\/it\/gesamtverkehrskonzept-2040-fuer-raum-baden\/#listItem","name":"Concetto generale di trasporto 2040 per l&#8217;area di Baden"},"previousItem":{"@type":"ListItem","@id":"https:\/\/www.immo-invest.ch\/it\/categoria\/regioni\/svizzera\/svizzera-nord-occidentale\/aargau-immoregion\/#listItem","name":"Aargau"}},{"@type":"ListItem","@id":"https:\/\/www.immo-invest.ch\/it\/gesamtverkehrskonzept-2040-fuer-raum-baden\/#listItem","position":7,"name":"Concetto generale di trasporto 2040 per l&#8217;area di Baden","previousItem":{"@type":"ListItem","@id":"https:\/\/www.immo-invest.ch\/it\/categoria\/regioni\/svizzera\/svizzera-nord-occidentale\/aargau-immoregion\/baden-it\/#listItem","name":"Baden"}}]},{"@type":"Organization","@id":"https:\/\/www.immo-invest.ch\/it\/#organization","name":"immo!nvest - Die Plattform f\u00fcr Standorte und Immobilien","description":"Die\u00a0Plattform f\u00fcr Standorte und Immobilien","url":"https:\/\/www.immo-invest.ch\/it\/","email":"admin@immomedia.ag","telephone":"+41444420002","logo":{"@type":"ImageObject","url":"https:\/\/www.immo-invest.ch\/wp-content\/uploads\/2024\/09\/immoinvest_sm-scaled.jpg","@id":"https:\/\/www.immo-invest.ch\/it\/gesamtverkehrskonzept-2040-fuer-raum-baden\/#organizationLogo","width":2560,"height":1340},"image":{"@id":"https:\/\/www.immo-invest.ch\/it\/gesamtverkehrskonzept-2040-fuer-raum-baden\/#organizationLogo"},"sameAs":["https:\/\/www.facebook.com\/people\/Immoinvest\/100077962920504\/","https:\/\/x.com\/i\/flow\/login?redirect_after_login=immoinvest_ch","https:\/\/www.instagram.com\/immoinvest_ch\/","https:\/\/www.linkedin.com\/company\/immoinvest-swiss"]},{"@type":"Person","@id":"https:\/\/www.immo-invest.ch\/it\/author\/immovestuser\/#author","url":"https:\/\/www.immo-invest.ch\/it\/author\/immovestuser\/","name":"immovestuser","image":{"@type":"ImageObject","@id":"https:\/\/www.immo-invest.ch\/it\/gesamtverkehrskonzept-2040-fuer-raum-baden\/#authorImage","url":"https:\/\/secure.gravatar.com\/avatar\/8e01f4d99f2eeea7a362ebb93305e1172a70e9293ba250f897a65c39f54cdd1e?s=96&d=mm&r=g","width":96,"height":96,"caption":"immovestuser"}},{"@type":"WebPage","@id":"https:\/\/www.immo-invest.ch\/it\/gesamtverkehrskonzept-2040-fuer-raum-baden\/#webpage","url":"https:\/\/www.immo-invest.ch\/it\/gesamtverkehrskonzept-2040-fuer-raum-baden\/","name":"Concetto generale di trasporto 2040 per l\u2019area di Baden - immo!nvest - Die Plattform f\u00fcr Standorte und Immobilien","description":"Il 1\u00b0 novembre 2024, la delegazione di autorit\u00e0 per il concetto globale di trasporto (GVK) per l'area di Baden ha approvato all'unanimit\u00e0 il pacchetto di misure 2040. Il concetto globale comprende circa 50 misure individuali coordinate per ottimizzare il trasporto su rotaia, autobus, strada, pedoni e biciclette.","inLanguage":"it-IT","isPartOf":{"@id":"https:\/\/www.immo-invest.ch\/it\/#website"},"breadcrumb":{"@id":"https:\/\/www.immo-invest.ch\/it\/gesamtverkehrskonzept-2040-fuer-raum-baden\/#breadcrumblist"},"author":{"@id":"https:\/\/www.immo-invest.ch\/it\/author\/immovestuser\/#author"},"creator":{"@id":"https:\/\/www.immo-invest.ch\/it\/author\/immovestuser\/#author"},"image":{"@type":"ImageObject","url":"https:\/\/www.immo-invest.ch\/wp-content\/uploads\/2024\/11\/20241101_BDel_flach_1731917996865_jpg_1280x450_de.jpg","@id":"https:\/\/www.immo-invest.ch\/it\/gesamtverkehrskonzept-2040-fuer-raum-baden\/#mainImage","width":1280,"height":450,"caption":"https:\/\/www.ag.ch\/de\/verwaltung\/bvu\/mobilitaet-verkehr\/mobilitaet\/gesamtverkehrsplanung\/gesamtverkehrskonzept-region-ostaargau\/teilprojekt-gesamtverkehrskonzept-raum-baden-und-umgebung?dc=7c91a0d2-217f-4eae-970f-c83f7e5ff8c3_de"},"primaryImageOfPage":{"@id":"https:\/\/www.immo-invest.ch\/it\/gesamtverkehrskonzept-2040-fuer-raum-baden\/#mainImage"},"datePublished":"2024-11-22T15:05:12+01:00","dateModified":"2024-11-22T15:41:48+01:00"},{"@type":"WebSite","@id":"https:\/\/www.immo-invest.ch\/it\/#website","url":"https:\/\/www.immo-invest.ch\/it\/","name":"immo!nvest - Die Plattform f\u00fcr Standorte und Immobilien","description":"Die\u00a0Plattform f\u00fcr Standorte und Immobilien","inLanguage":"it-IT","publisher":{"@id":"https:\/\/www.immo-invest.ch\/it\/#organization"}}]},"og:locale":"it_IT","og:site_name":"immo!nvest - Die Plattform f\u00fcr Standorte und Immobilien - Die\u00a0Plattform f\u00fcr Standorte und Immobilien","og:type":"article","og:title":"Concetto generale di trasporto 2040 per l\u2019area di Baden - immo!nvest - Die Plattform f\u00fcr Standorte und Immobilien","og:description":"Il 1\u00b0 novembre 2024, la delegazione di autorit\u00e0 per il concetto globale di trasporto (GVK) per l'area di Baden ha approvato all'unanimit\u00e0 il pacchetto di misure 2040. Il concetto globale comprende circa 50 misure individuali coordinate per ottimizzare il trasporto su rotaia, autobus, strada, pedoni e biciclette.","og:url":"https:\/\/www.immo-invest.ch\/it\/gesamtverkehrskonzept-2040-fuer-raum-baden\/","og:image":"https:\/\/www.immo-invest.ch\/wp-content\/uploads\/2024\/11\/20241101_BDel_flach_1731917996865_jpg_1280x450_de.jpg","og:image:secure_url":"https:\/\/www.immo-invest.ch\/wp-content\/uploads\/2024\/11\/20241101_BDel_flach_1731917996865_jpg_1280x450_de.jpg","og:image:width":1280,"og:image:height":450,"article:published_time":"2024-11-22T14:05:12+00:00","article:modified_time":"2024-11-22T14:41:48+00:00","article:publisher":"https:\/\/www.facebook.com\/people\/Immoinvest\/100077962920504\/","twitter:card":"summary_large_image","twitter:site":"@i","twitter:title":"Concetto generale di trasporto 2040 per l\u2019area di Baden - immo!nvest - Die Plattform f\u00fcr Standorte und Immobilien","twitter:description":"Il 1\u00b0 novembre 2024, la delegazione di autorit\u00e0 per il concetto globale di trasporto (GVK) per l'area di Baden ha approvato all'unanimit\u00e0 il pacchetto di misure 2040. Il concetto globale comprende circa 50 misure individuali coordinate per ottimizzare il trasporto su rotaia, autobus, strada, pedoni e biciclette.","twitter:creator":"@i","twitter:image":"https:\/\/www.immo-invest.ch\/wp-content\/uploads\/2024\/11\/20241101_BDel_flach_1731917996865_jpg_1280x450_de.jpg"},"aioseo_meta_data":{"post_id":"120033","title":null,"description":null,"keywords":null,"keyphrases":{"focus":{"keyphrase":"","score":0,"analysis":{"keyphraseInTitle":{"score":0,"maxScore":9,"error":1}}},"additional":[]},"primary_term":null,"canonical_url":null,"og_title":null,"og_description":null,"og_object_type":"default","og_image_type":"default","og_image_url":null,"og_image_width":null,"og_image_height":null,"og_image_custom_url":null,"og_image_custom_fields":null,"og_video":"","og_custom_url":null,"og_article_section":null,"og_article_tags":null,"twitter_use_og":false,"twitter_card":"default","twitter_image_type":"default","twitter_image_url":null,"twitter_image_custom_url":null,"twitter_image_custom_fields":null,"twitter_title":null,"twitter_description":null,"schema":{"blockGraphs":[],"customGraphs":[],"default":{"data":{"Article":[],"Course":[],"Dataset":[],"FAQPage":[],"Movie":[],"Person":[],"Product":[],"ProductReview":[],"Car":[],"Recipe":[],"Service":[],"SoftwareApplication":[],"WebPage":[]},"graphName":"BlogPosting","isEnabled":true},"graphs":[]},"schema_type":"default","schema_type_options":null,"pillar_content":false,"robots_default":true,"robots_noindex":false,"robots_noarchive":false,"robots_nosnippet":false,"robots_nofollow":false,"robots_noimageindex":false,"robots_noodp":false,"robots_notranslate":false,"robots_max_snippet":"-1","robots_max_videopreview":"-1","robots_max_imagepreview":"large","priority":null,"frequency":"default","local_seo":null,"breadcrumb_settings":null,"limit_modified_date":false,"ai":null,"created":"2024-11-22 14:38:08","updated":"2025-10-24 13:17:53","seo_analyzer_scan_date":null,"focus_keyword":null,"additional_keywords":null,"truseo_locale":null},"aioseo_breadcrumb":"<div class=\"aioseo-breadcrumbs\"><span class=\"aioseo-breadcrumb\">\n\t\t\t<a href=\"https:\/\/www.immo-invest.ch\/it\/\" title=\"Home\">Home<\/a>\n\t\t<\/span><span class=\"aioseo-breadcrumb-separator\">&raquo;<\/span><span class=\"aioseo-breadcrumb\">\n\t\t\t<a href=\"https:\/\/www.immo-invest.ch\/it\/categoria\/regioni\/\" title=\"Regioni\">Regioni<\/a>\n\t\t<\/span><span class=\"aioseo-breadcrumb-separator\">&raquo;<\/span><span class=\"aioseo-breadcrumb\">\n\t\t\t<a href=\"https:\/\/www.immo-invest.ch\/it\/categoria\/regioni\/svizzera\/\" title=\"Svizzera\">Svizzera<\/a>\n\t\t<\/span><span class=\"aioseo-breadcrumb-separator\">&raquo;<\/span><span class=\"aioseo-breadcrumb\">\n\t\t\t<a href=\"https:\/\/www.immo-invest.ch\/it\/categoria\/regioni\/svizzera\/svizzera-nord-occidentale\/\" title=\"Svizzera nord-occidentale\">Svizzera nord-occidentale<\/a>\n\t\t<\/span><span class=\"aioseo-breadcrumb-separator\">&raquo;<\/span><span class=\"aioseo-breadcrumb\">\n\t\t\t<a href=\"https:\/\/www.immo-invest.ch\/it\/categoria\/regioni\/svizzera\/svizzera-nord-occidentale\/aargau-immoregion\/\" title=\"Aargau\">Aargau<\/a>\n\t\t<\/span><span class=\"aioseo-breadcrumb-separator\">&raquo;<\/span><span class=\"aioseo-breadcrumb\">\n\t\t\t<a href=\"https:\/\/www.immo-invest.ch\/it\/categoria\/regioni\/svizzera\/svizzera-nord-occidentale\/aargau-immoregion\/baden-it\/\" title=\"Baden\">Baden<\/a>\n\t\t<\/span><span class=\"aioseo-breadcrumb-separator\">&raquo;<\/span><span class=\"aioseo-breadcrumb\">\n\t\t\tConcetto generale di trasporto 2040 per l\u2019area di Baden\n\t\t<\/span><\/div>","aioseo_breadcrumb_json":[{"label":"Home","link":"https:\/\/www.immo-invest.ch\/it\/"},{"label":"Regioni","link":"https:\/\/www.immo-invest.ch\/it\/categoria\/regioni\/"},{"label":"Svizzera","link":"https:\/\/www.immo-invest.ch\/it\/categoria\/regioni\/svizzera\/"},{"label":"Svizzera nord-occidentale","link":"https:\/\/www.immo-invest.ch\/it\/categoria\/regioni\/svizzera\/svizzera-nord-occidentale\/"},{"label":"Aargau","link":"https:\/\/www.immo-invest.ch\/it\/categoria\/regioni\/svizzera\/svizzera-nord-occidentale\/aargau-immoregion\/"},{"label":"Baden","link":"https:\/\/www.immo-invest.ch\/it\/categoria\/regioni\/svizzera\/svizzera-nord-occidentale\/aargau-immoregion\/baden-it\/"},{"label":"Concetto generale di trasporto 2040 per l&#8217;area di Baden","link":"https:\/\/www.immo-invest.ch\/it\/gesamtverkehrskonzept-2040-fuer-raum-baden\/"}],"featured_image_src":"https:\/\/www.immo-invest.ch\/wp-content\/uploads\/2024\/11\/20241101_BDel_flach_1731917996865_jpg_1280x450_de-336x168.jpg","_links":{"self":[{"href":"https:\/\/www.immo-invest.ch\/it\/wp-json\/wp\/v2\/posts\/120033","targetHints":{"allow":["GET"]}}],"collection":[{"href":"https:\/\/www.immo-invest.ch\/it\/wp-json\/wp\/v2\/posts"}],"about":[{"href":"https:\/\/www.immo-invest.ch\/it\/wp-json\/wp\/v2\/types\/post"}],"author":[{"embeddable":true,"href":"https:\/\/www.immo-invest.ch\/it\/wp-json\/wp\/v2\/users\/2"}],"replies":[{"embeddable":true,"href":"https:\/\/www.immo-invest.ch\/it\/wp-json\/wp\/v2\/comments?post=120033"}],"version-history":[{"count":0,"href":"https:\/\/www.immo-invest.ch\/it\/wp-json\/wp\/v2\/posts\/120033\/revisions"}],"wp:featuredmedia":[{"embeddable":true,"href":"https:\/\/www.immo-invest.ch\/it\/wp-json\/wp\/v2\/media\/120002"}],"wp:attachment":[{"href":"https:\/\/www.immo-invest.ch\/it\/wp-json\/wp\/v2\/media?parent=120033"}],"wp:term":[{"taxonomy":"category","embeddable":true,"href":"https:\/\/www.immo-invest.ch\/it\/wp-json\/wp\/v2\/categories?post=120033"},{"taxonomy":"post_tag","embeddable":true,"href":"https:\/\/www.immo-invest.ch\/it\/wp-json\/wp\/v2\/tags?post=120033"}],"curies":[{"name":"wp","href":"https:\/\/api.w.org\/{rel}","templated":true}]}}