{"id":119719,"date":"2024-11-19T16:54:14","date_gmt":"2024-11-19T15:54:14","guid":{"rendered":"https:\/\/www.immo-invest.ch\/barrierefreie-architektur\/"},"modified":"2024-11-19T18:00:51","modified_gmt":"2024-11-19T17:00:51","slug":"barrierefreie-architektur","status":"publish","type":"post","link":"https:\/\/www.immo-invest.ch\/it\/barrierefreie-architektur\/","title":{"rendered":"Architettura senza barriere"},"content":{"rendered":"<p class=\"wp-block-paragraph\">&ldquo;L&rsquo;architettura pu&ograve; essere brutale&rdquo;, afferma Anna Puigjaner, docente del Politecnico di Zurigo. Scale, corridoi stretti e concetti abitativi standardizzati escludono molte persone. Separano coloro che possono da coloro che non possono. Gli standard architettonici, spesso adattati alla classica famiglia nucleare, difficilmente tengono conto della diversit&agrave; degli stili di vita. In Svizzera, tuttavia, solo un quarto delle persone vive in una famiglia nucleare, mentre le soluzioni di vita alternative come i genitori single, le famiglie patchwork o le coppie senza figli sono ampiamente ignorate.<\/p>\n\n\n\n\n\n<p class=\"wp-block-paragraph\"><strong><br>Rendere visibile il lavoro di cura<\/strong>Uno degli approcci centrali di Puigjaner &egrave; quello di integrare il lavoro di cura dalla sfera privata all&rsquo;infrastruttura pubblica. L&rsquo;architettura attuale rende la cura, i lavori domestici e le attivit&agrave; quotidiane una sfida per molte persone, soprattutto per gli anziani o per chi ha problemi di salute. Puigjaner chiede che il lavoro di cura come cucinare, lavare o accudire i bambini <span class=\"glossaryLink\"  aria-describedby=\"tt\"  data-cmtooltip=\"&lt;div class=glossaryItemTitle&gt;SIA&lt;\/div&gt;&lt;div class=glossaryItemBody&gt;Schweizerischer Ingenieur- und Architektenverein; massgebender Berufsverband f&uuml;r qualifizierte Fachleute der Bereiche Bau, Technik und Umwelt mit rund f&uuml;nfzehntausend Mitgliedern&lt;\/div&gt;\"  data-mobile-support=\"0\"  data-gt-translate-attributes='[{\"attribute\":\"data-cmtooltip\", \"format\":\"html\"}]' tabindex='0' role='link'>sia<\/span> reso pi&ugrave; accessibile al pubblico, per ridurre le dipendenze.<strong><\/strong><\/p>\n\n\n\n\n\n<p class=\"wp-block-paragraph\">Esempi come le &ldquo;Manzanas del Cuidado&rdquo; di Bogot&agrave; mostrano come le biblioteche siano state trasformate in centri di assistenza multifunzionali. Qui, cucine, servizi di assistenza all&rsquo;infanzia e lavanderia si trovano sotto lo stesso tetto. A Tokyo e Singapore, le cucine pubbliche promuovono l&rsquo;interazione sociale e riducono i costi di assistenza.<\/p>\n\n\n\n\n\n<p class=\"wp-block-paragraph\"><strong><br>L&rsquo;architettura che connette<\/strong>Puigjaner sostiene un&rsquo;architettura che promuove l&rsquo;incontro e integra abitudini che normalizzano l&rsquo;assistenza. Un ambiente in cui le persone possono cucinare insieme o aiutarsi a vicenda crea interdipendenze invece di rafforzare le dipendenze. Questo concetto non aiuta solo gli anziani, ma anche tutti coloro che si trovano in situazioni di vita diverse.<strong><\/strong><\/p>\n\n\n\n\n\n<p class=\"wp-block-paragraph\"><strong><br>Il futuro dell&rsquo;architettura inclusiva<\/strong>&ldquo;Il nostro ambiente costruito non dovrebbe creare barriere, ma aprire opportunit&agrave;&rdquo;, afferma Puigjaner. Ci&ograve; richiede un ripensamento nella pianificazione delle citt&agrave; e degli edifici. Le infrastrutture pubbliche come i centri comunitari, gli alloggi inclusivi e i quartieri urbani multifunzionali potrebbero non solo ridurre l&rsquo;isolamento sociale, ma anche abbattere le strutture di potere esistenti.<strong><\/strong><\/p>\n\n\n\n\n\n<p class=\"wp-block-paragraph\">L&rsquo;architettura ha il potere di rimuovere le barriere e promuovere la partecipazione sociale. Integrando il lavoro di cura nelle infrastrutture pubbliche e creando spazi inclusivi, pu&ograve; emergere una nuova architettura unificante che consente a tutte le persone di condurre una vita pi&ugrave; indipendente e soddisfacente.<\/p>\n\n","protected":false},"excerpt":{"rendered":"<p>Le nostre citt\u00e0 e le nostre case sono spesso progettate in modo tale da spingere le persone alla dipendenza e creare barriere. Una nuova prospettiva architettonica mostra come gli spazi possano essere progettati per essere inclusivi, solidali e socialmente connessi.<\/p>\n","protected":false},"author":2,"featured_media":119683,"comment_status":"open","ping_status":"open","sticky":false,"template":"","format":"standard","meta":{"pmpro_default_level":"","inline_featured_image":false,"_monsterinsights_skip_tracking":false,"footnotes":""},"categories":[22352,22700,22443],"tags":[50645,867,3935,50646,2006,50648,50649],"class_list":["post-119719","post","type-post","status-publish","format-standard","has-post-thumbnail","hentry","category-internazionale","category-sostenibilita","category-trends-it","tag-gemeinschaftliches-wohnen-it","tag-immoinvest-it","tag-immonews-it","tag-inklusive-architektur-it","tag-news-it","tag-oeffentliche-infrastruktur-it","tag-soziale-teilhabe-it","pmpro-has-access"],"acf":{"bild_mit_ki_erstellt_worden":[],"lead":"Le nostre citt\u00e0 e le nostre case sono spesso progettate in modo tale da spingere le persone alla dipendenza e creare barriere. Una nuova prospettiva architettonica mostra come gli spazi possano essere progettati per essere inclusivi, solidali e socialmente connessi.","autor":"Quelle: ETHZ, Bild: \u00abFrom Oaks to Barrels\u00bb, Aude Sahli","ort":"","bildunterschrift":"Eine Studierende von Momoyo Kaijima untersuchte, wie Architektur Barrieren zwischen d\u00f6rflichem und st\u00e4dtischem Leben abbauen kann. ","bild_im_grid":false,"gallerie":"","newsim":""},"aioseo_notices":[],"aioseo_head":"\n\t\t<!-- All in One SEO 5.0.1.1 - aioseo.com -->\n\t<meta name=\"description\" content=\"Le nostre citt\u00e0 e le nostre case sono spesso progettate in modo tale da spingere le persone alla dipendenza e creare barriere. Una nuova prospettiva architettonica mostra come gli spazi possano essere progettati per essere inclusivi, solidali e socialmente connessi.\" \/>\n\t<meta name=\"robots\" content=\"max-image-preview:large\" \/>\n\t<meta name=\"author\" content=\"immovestuser\"\/>\n\t<meta name=\"google-site-verification\" content=\"fHJKvgWpZCR2zVBHWfkQeFXC11qieUSff0HGNYfuyLA\" \/>\n\t<link rel=\"canonical\" href=\"https:\/\/www.immo-invest.ch\/it\/barrierefreie-architektur\/\" \/>\n\t<meta name=\"generator\" content=\"All in One SEO (AIOSEO) 5.0.1.1\" \/>\n\t\t<meta property=\"og:locale\" content=\"it_IT\" \/>\n\t\t<meta property=\"og:site_name\" content=\"immo!nvest - Die Plattform f\u00fcr Standorte und Immobilien - Die\u00a0Plattform f\u00fcr Standorte und Immobilien\" \/>\n\t\t<meta property=\"og:type\" content=\"article\" \/>\n\t\t<meta property=\"og:title\" content=\"Architettura senza barriere - immo!nvest - Die Plattform f\u00fcr Standorte und Immobilien\" \/>\n\t\t<meta property=\"og:description\" content=\"Le nostre citt\u00e0 e le nostre case sono spesso progettate in modo tale da spingere le persone alla dipendenza e creare barriere. Una nuova prospettiva architettonica mostra come gli spazi possano essere progettati per essere inclusivi, solidali e socialmente connessi.\" \/>\n\t\t<meta property=\"og:url\" content=\"https:\/\/www.immo-invest.ch\/it\/barrierefreie-architektur\/\" \/>\n\t\t<meta property=\"og:image\" content=\"https:\/\/www.immo-invest.ch\/wp-content\/uploads\/2024\/11\/image.imageformat.1286.202676110.jpg\" \/>\n\t\t<meta property=\"og:image:secure_url\" content=\"https:\/\/www.immo-invest.ch\/wp-content\/uploads\/2024\/11\/image.imageformat.1286.202676110.jpg\" \/>\n\t\t<meta property=\"og:image:width\" content=\"2500\" \/>\n\t\t<meta property=\"og:image:height\" content=\"1580\" \/>\n\t\t<meta property=\"article:published_time\" content=\"2024-11-19T15:54:14+00:00\" \/>\n\t\t<meta property=\"article:modified_time\" content=\"2024-11-19T17:00:51+00:00\" \/>\n\t\t<meta property=\"article:publisher\" content=\"https:\/\/www.facebook.com\/people\/Immoinvest\/100077962920504\/\" \/>\n\t\t<meta name=\"twitter:card\" content=\"summary_large_image\" \/>\n\t\t<meta name=\"twitter:site\" content=\"@i\" \/>\n\t\t<meta name=\"twitter:title\" content=\"Architettura senza barriere - immo!nvest - Die Plattform f\u00fcr Standorte und Immobilien\" \/>\n\t\t<meta name=\"twitter:description\" content=\"Le nostre citt\u00e0 e le nostre case sono spesso progettate in modo tale da spingere le persone alla dipendenza e creare barriere. Una nuova prospettiva architettonica mostra come gli spazi possano essere progettati per essere inclusivi, solidali e socialmente connessi.\" \/>\n\t\t<meta name=\"twitter:creator\" content=\"@i\" \/>\n\t\t<meta name=\"twitter:image\" content=\"https:\/\/www.immo-invest.ch\/wp-content\/uploads\/2024\/11\/image.imageformat.1286.202676110.jpg\" \/>\n\t\t<script type=\"application\/ld+json\" class=\"aioseo-schema\">\n\t\t\t{\"@context\":\"https:\\\/\\\/schema.org\",\"@graph\":[{\"@type\":\"BlogPosting\",\"@id\":\"https:\\\/\\\/www.immo-invest.ch\\\/it\\\/barrierefreie-architektur\\\/#blogposting\",\"name\":\"Architettura senza barriere - immo!nvest - Die Plattform f\\u00fcr Standorte und Immobilien\",\"headline\":\"Architettura senza barriere\",\"author\":{\"@id\":\"https:\\\/\\\/www.immo-invest.ch\\\/it\\\/author\\\/immovestuser\\\/#author\"},\"publisher\":{\"@id\":\"https:\\\/\\\/www.immo-invest.ch\\\/it\\\/#organization\"},\"image\":{\"@type\":\"ImageObject\",\"url\":\"https:\\\/\\\/www.immo-invest.ch\\\/wp-content\\\/uploads\\\/2024\\\/11\\\/image.imageformat.1286.202676110.jpg\",\"width\":2500,\"height\":1580,\"caption\":\"Bild: \\u00abFrom Oaks to Barrels\\u00bb, Aude Sahli)\"},\"datePublished\":\"2024-11-19T16:54:14+01:00\",\"dateModified\":\"2024-11-19T18:00:51+01:00\",\"inLanguage\":\"it-IT\",\"mainEntityOfPage\":{\"@id\":\"https:\\\/\\\/www.immo-invest.ch\\\/it\\\/barrierefreie-architektur\\\/#webpage\"},\"isPartOf\":{\"@id\":\"https:\\\/\\\/www.immo-invest.ch\\\/it\\\/barrierefreie-architektur\\\/#webpage\"},\"articleSection\":\"Globale, Sostenibilit\\u00e0, Trends, gemeinschaftliches Wohnen, Immoinvest, immoNews, inklusive Architektur, News, \\u00f6ffentliche Infrastruktur, soziale Teilhabe, Optional\"},{\"@type\":\"BreadcrumbList\",\"@id\":\"https:\\\/\\\/www.immo-invest.ch\\\/it\\\/barrierefreie-architektur\\\/#breadcrumblist\",\"itemListElement\":[{\"@type\":\"ListItem\",\"@id\":\"https:\\\/\\\/www.immo-invest.ch\\\/it\\\/#listItem\",\"position\":1,\"name\":\"Home\",\"item\":\"https:\\\/\\\/www.immo-invest.ch\\\/it\\\/\",\"nextItem\":{\"@type\":\"ListItem\",\"@id\":\"https:\\\/\\\/www.immo-invest.ch\\\/it\\\/categoria\\\/regioni\\\/#listItem\",\"name\":\"Regioni\"}},{\"@type\":\"ListItem\",\"@id\":\"https:\\\/\\\/www.immo-invest.ch\\\/it\\\/categoria\\\/regioni\\\/#listItem\",\"position\":2,\"name\":\"Regioni\",\"item\":\"https:\\\/\\\/www.immo-invest.ch\\\/it\\\/categoria\\\/regioni\\\/\",\"nextItem\":{\"@type\":\"ListItem\",\"@id\":\"https:\\\/\\\/www.immo-invest.ch\\\/it\\\/categoria\\\/regioni\\\/internazionale\\\/#listItem\",\"name\":\"Internazionale\"},\"previousItem\":{\"@type\":\"ListItem\",\"@id\":\"https:\\\/\\\/www.immo-invest.ch\\\/it\\\/#listItem\",\"name\":\"Home\"}},{\"@type\":\"ListItem\",\"@id\":\"https:\\\/\\\/www.immo-invest.ch\\\/it\\\/categoria\\\/regioni\\\/internazionale\\\/#listItem\",\"position\":3,\"name\":\"Internazionale\",\"item\":\"https:\\\/\\\/www.immo-invest.ch\\\/it\\\/categoria\\\/regioni\\\/internazionale\\\/\",\"nextItem\":{\"@type\":\"ListItem\",\"@id\":\"https:\\\/\\\/www.immo-invest.ch\\\/it\\\/categoria\\\/regioni\\\/internazionale\\\/internazionale\\\/#listItem\",\"name\":\"Globale\"},\"previousItem\":{\"@type\":\"ListItem\",\"@id\":\"https:\\\/\\\/www.immo-invest.ch\\\/it\\\/categoria\\\/regioni\\\/#listItem\",\"name\":\"Regioni\"}},{\"@type\":\"ListItem\",\"@id\":\"https:\\\/\\\/www.immo-invest.ch\\\/it\\\/categoria\\\/regioni\\\/internazionale\\\/internazionale\\\/#listItem\",\"position\":4,\"name\":\"Globale\",\"item\":\"https:\\\/\\\/www.immo-invest.ch\\\/it\\\/categoria\\\/regioni\\\/internazionale\\\/internazionale\\\/\",\"nextItem\":{\"@type\":\"ListItem\",\"@id\":\"https:\\\/\\\/www.immo-invest.ch\\\/it\\\/barrierefreie-architektur\\\/#listItem\",\"name\":\"Architettura senza barriere\"},\"previousItem\":{\"@type\":\"ListItem\",\"@id\":\"https:\\\/\\\/www.immo-invest.ch\\\/it\\\/categoria\\\/regioni\\\/internazionale\\\/#listItem\",\"name\":\"Internazionale\"}},{\"@type\":\"ListItem\",\"@id\":\"https:\\\/\\\/www.immo-invest.ch\\\/it\\\/barrierefreie-architektur\\\/#listItem\",\"position\":5,\"name\":\"Architettura senza barriere\",\"previousItem\":{\"@type\":\"ListItem\",\"@id\":\"https:\\\/\\\/www.immo-invest.ch\\\/it\\\/categoria\\\/regioni\\\/internazionale\\\/internazionale\\\/#listItem\",\"name\":\"Globale\"}}]},{\"@type\":\"Organization\",\"@id\":\"https:\\\/\\\/www.immo-invest.ch\\\/it\\\/#organization\",\"name\":\"immo!nvest - Die Plattform f\\u00fcr Standorte und Immobilien\",\"description\":\"Die\\u00a0Plattform f\\u00fcr Standorte und Immobilien\",\"url\":\"https:\\\/\\\/www.immo-invest.ch\\\/it\\\/\",\"email\":\"admin@immomedia.ag\",\"telephone\":\"+41444420002\",\"logo\":{\"@type\":\"ImageObject\",\"url\":\"https:\\\/\\\/www.immo-invest.ch\\\/wp-content\\\/uploads\\\/2024\\\/09\\\/immoinvest_sm-scaled.jpg\",\"@id\":\"https:\\\/\\\/www.immo-invest.ch\\\/it\\\/barrierefreie-architektur\\\/#organizationLogo\",\"width\":2560,\"height\":1340},\"image\":{\"@id\":\"https:\\\/\\\/www.immo-invest.ch\\\/it\\\/barrierefreie-architektur\\\/#organizationLogo\"},\"sameAs\":[\"https:\\\/\\\/www.facebook.com\\\/people\\\/Immoinvest\\\/100077962920504\\\/\",\"https:\\\/\\\/x.com\\\/i\\\/flow\\\/login?redirect_after_login=immoinvest_ch\",\"https:\\\/\\\/www.instagram.com\\\/immoinvest_ch\\\/\",\"https:\\\/\\\/www.linkedin.com\\\/company\\\/immoinvest-swiss\"]},{\"@type\":\"Person\",\"@id\":\"https:\\\/\\\/www.immo-invest.ch\\\/it\\\/author\\\/immovestuser\\\/#author\",\"url\":\"https:\\\/\\\/www.immo-invest.ch\\\/it\\\/author\\\/immovestuser\\\/\",\"name\":\"immovestuser\",\"image\":{\"@type\":\"ImageObject\",\"@id\":\"https:\\\/\\\/www.immo-invest.ch\\\/it\\\/barrierefreie-architektur\\\/#authorImage\",\"url\":\"https:\\\/\\\/secure.gravatar.com\\\/avatar\\\/8e01f4d99f2eeea7a362ebb93305e1172a70e9293ba250f897a65c39f54cdd1e?s=96&d=mm&r=g\",\"width\":96,\"height\":96,\"caption\":\"immovestuser\"}},{\"@type\":\"WebPage\",\"@id\":\"https:\\\/\\\/www.immo-invest.ch\\\/it\\\/barrierefreie-architektur\\\/#webpage\",\"url\":\"https:\\\/\\\/www.immo-invest.ch\\\/it\\\/barrierefreie-architektur\\\/\",\"name\":\"Architettura senza barriere - immo!nvest - Die Plattform f\\u00fcr Standorte und Immobilien\",\"description\":\"Le nostre citt\\u00e0 e le nostre case sono spesso progettate in modo tale da spingere le persone alla dipendenza e creare barriere. Una nuova prospettiva architettonica mostra come gli spazi possano essere progettati per essere inclusivi, solidali e socialmente connessi.\",\"inLanguage\":\"it-IT\",\"isPartOf\":{\"@id\":\"https:\\\/\\\/www.immo-invest.ch\\\/it\\\/#website\"},\"breadcrumb\":{\"@id\":\"https:\\\/\\\/www.immo-invest.ch\\\/it\\\/barrierefreie-architektur\\\/#breadcrumblist\"},\"author\":{\"@id\":\"https:\\\/\\\/www.immo-invest.ch\\\/it\\\/author\\\/immovestuser\\\/#author\"},\"creator\":{\"@id\":\"https:\\\/\\\/www.immo-invest.ch\\\/it\\\/author\\\/immovestuser\\\/#author\"},\"image\":{\"@type\":\"ImageObject\",\"url\":\"https:\\\/\\\/www.immo-invest.ch\\\/wp-content\\\/uploads\\\/2024\\\/11\\\/image.imageformat.1286.202676110.jpg\",\"@id\":\"https:\\\/\\\/www.immo-invest.ch\\\/it\\\/barrierefreie-architektur\\\/#mainImage\",\"width\":2500,\"height\":1580,\"caption\":\"Bild: \\u00abFrom Oaks to Barrels\\u00bb, Aude Sahli)\"},\"primaryImageOfPage\":{\"@id\":\"https:\\\/\\\/www.immo-invest.ch\\\/it\\\/barrierefreie-architektur\\\/#mainImage\"},\"datePublished\":\"2024-11-19T16:54:14+01:00\",\"dateModified\":\"2024-11-19T18:00:51+01:00\"},{\"@type\":\"WebSite\",\"@id\":\"https:\\\/\\\/www.immo-invest.ch\\\/it\\\/#website\",\"url\":\"https:\\\/\\\/www.immo-invest.ch\\\/it\\\/\",\"name\":\"immo!nvest - Die Plattform f\\u00fcr Standorte und Immobilien\",\"description\":\"Die\\u00a0Plattform f\\u00fcr Standorte und Immobilien\",\"inLanguage\":\"it-IT\",\"publisher\":{\"@id\":\"https:\\\/\\\/www.immo-invest.ch\\\/it\\\/#organization\"}}]}\n\t\t<\/script>\n\t\t<!-- All in One SEO -->\n\n","aioseo_head_json":{"title":"Architettura senza barriere - immo!nvest - Die Plattform f\u00fcr Standorte und Immobilien","description":"Le nostre citt\u00e0 e le nostre case sono spesso progettate in modo tale da spingere le persone alla dipendenza e creare barriere. Una nuova prospettiva architettonica mostra come gli spazi possano essere progettati per essere inclusivi, solidali e socialmente connessi.","canonical_url":"https:\/\/www.immo-invest.ch\/it\/barrierefreie-architektur\/","robots":"max-image-preview:large","keywords":"","webmasterTools":{"google-site-verification":"fHJKvgWpZCR2zVBHWfkQeFXC11qieUSff0HGNYfuyLA","miscellaneous":""},"schema":{"@context":"https:\/\/schema.org","@graph":[{"@type":"BlogPosting","@id":"https:\/\/www.immo-invest.ch\/it\/barrierefreie-architektur\/#blogposting","name":"Architettura senza barriere - immo!nvest - Die Plattform f\u00fcr Standorte und Immobilien","headline":"Architettura senza barriere","author":{"@id":"https:\/\/www.immo-invest.ch\/it\/author\/immovestuser\/#author"},"publisher":{"@id":"https:\/\/www.immo-invest.ch\/it\/#organization"},"image":{"@type":"ImageObject","url":"https:\/\/www.immo-invest.ch\/wp-content\/uploads\/2024\/11\/image.imageformat.1286.202676110.jpg","width":2500,"height":1580,"caption":"Bild: \u00abFrom Oaks to Barrels\u00bb, Aude Sahli)"},"datePublished":"2024-11-19T16:54:14+01:00","dateModified":"2024-11-19T18:00:51+01:00","inLanguage":"it-IT","mainEntityOfPage":{"@id":"https:\/\/www.immo-invest.ch\/it\/barrierefreie-architektur\/#webpage"},"isPartOf":{"@id":"https:\/\/www.immo-invest.ch\/it\/barrierefreie-architektur\/#webpage"},"articleSection":"Globale, Sostenibilit\u00e0, Trends, gemeinschaftliches Wohnen, Immoinvest, immoNews, inklusive Architektur, News, \u00f6ffentliche Infrastruktur, soziale Teilhabe, Optional"},{"@type":"BreadcrumbList","@id":"https:\/\/www.immo-invest.ch\/it\/barrierefreie-architektur\/#breadcrumblist","itemListElement":[{"@type":"ListItem","@id":"https:\/\/www.immo-invest.ch\/it\/#listItem","position":1,"name":"Home","item":"https:\/\/www.immo-invest.ch\/it\/","nextItem":{"@type":"ListItem","@id":"https:\/\/www.immo-invest.ch\/it\/categoria\/regioni\/#listItem","name":"Regioni"}},{"@type":"ListItem","@id":"https:\/\/www.immo-invest.ch\/it\/categoria\/regioni\/#listItem","position":2,"name":"Regioni","item":"https:\/\/www.immo-invest.ch\/it\/categoria\/regioni\/","nextItem":{"@type":"ListItem","@id":"https:\/\/www.immo-invest.ch\/it\/categoria\/regioni\/internazionale\/#listItem","name":"Internazionale"},"previousItem":{"@type":"ListItem","@id":"https:\/\/www.immo-invest.ch\/it\/#listItem","name":"Home"}},{"@type":"ListItem","@id":"https:\/\/www.immo-invest.ch\/it\/categoria\/regioni\/internazionale\/#listItem","position":3,"name":"Internazionale","item":"https:\/\/www.immo-invest.ch\/it\/categoria\/regioni\/internazionale\/","nextItem":{"@type":"ListItem","@id":"https:\/\/www.immo-invest.ch\/it\/categoria\/regioni\/internazionale\/internazionale\/#listItem","name":"Globale"},"previousItem":{"@type":"ListItem","@id":"https:\/\/www.immo-invest.ch\/it\/categoria\/regioni\/#listItem","name":"Regioni"}},{"@type":"ListItem","@id":"https:\/\/www.immo-invest.ch\/it\/categoria\/regioni\/internazionale\/internazionale\/#listItem","position":4,"name":"Globale","item":"https:\/\/www.immo-invest.ch\/it\/categoria\/regioni\/internazionale\/internazionale\/","nextItem":{"@type":"ListItem","@id":"https:\/\/www.immo-invest.ch\/it\/barrierefreie-architektur\/#listItem","name":"Architettura senza barriere"},"previousItem":{"@type":"ListItem","@id":"https:\/\/www.immo-invest.ch\/it\/categoria\/regioni\/internazionale\/#listItem","name":"Internazionale"}},{"@type":"ListItem","@id":"https:\/\/www.immo-invest.ch\/it\/barrierefreie-architektur\/#listItem","position":5,"name":"Architettura senza barriere","previousItem":{"@type":"ListItem","@id":"https:\/\/www.immo-invest.ch\/it\/categoria\/regioni\/internazionale\/internazionale\/#listItem","name":"Globale"}}]},{"@type":"Organization","@id":"https:\/\/www.immo-invest.ch\/it\/#organization","name":"immo!nvest - Die Plattform f\u00fcr Standorte und Immobilien","description":"Die\u00a0Plattform f\u00fcr Standorte und Immobilien","url":"https:\/\/www.immo-invest.ch\/it\/","email":"admin@immomedia.ag","telephone":"+41444420002","logo":{"@type":"ImageObject","url":"https:\/\/www.immo-invest.ch\/wp-content\/uploads\/2024\/09\/immoinvest_sm-scaled.jpg","@id":"https:\/\/www.immo-invest.ch\/it\/barrierefreie-architektur\/#organizationLogo","width":2560,"height":1340},"image":{"@id":"https:\/\/www.immo-invest.ch\/it\/barrierefreie-architektur\/#organizationLogo"},"sameAs":["https:\/\/www.facebook.com\/people\/Immoinvest\/100077962920504\/","https:\/\/x.com\/i\/flow\/login?redirect_after_login=immoinvest_ch","https:\/\/www.instagram.com\/immoinvest_ch\/","https:\/\/www.linkedin.com\/company\/immoinvest-swiss"]},{"@type":"Person","@id":"https:\/\/www.immo-invest.ch\/it\/author\/immovestuser\/#author","url":"https:\/\/www.immo-invest.ch\/it\/author\/immovestuser\/","name":"immovestuser","image":{"@type":"ImageObject","@id":"https:\/\/www.immo-invest.ch\/it\/barrierefreie-architektur\/#authorImage","url":"https:\/\/secure.gravatar.com\/avatar\/8e01f4d99f2eeea7a362ebb93305e1172a70e9293ba250f897a65c39f54cdd1e?s=96&d=mm&r=g","width":96,"height":96,"caption":"immovestuser"}},{"@type":"WebPage","@id":"https:\/\/www.immo-invest.ch\/it\/barrierefreie-architektur\/#webpage","url":"https:\/\/www.immo-invest.ch\/it\/barrierefreie-architektur\/","name":"Architettura senza barriere - immo!nvest - Die Plattform f\u00fcr Standorte und Immobilien","description":"Le nostre citt\u00e0 e le nostre case sono spesso progettate in modo tale da spingere le persone alla dipendenza e creare barriere. Una nuova prospettiva architettonica mostra come gli spazi possano essere progettati per essere inclusivi, solidali e socialmente connessi.","inLanguage":"it-IT","isPartOf":{"@id":"https:\/\/www.immo-invest.ch\/it\/#website"},"breadcrumb":{"@id":"https:\/\/www.immo-invest.ch\/it\/barrierefreie-architektur\/#breadcrumblist"},"author":{"@id":"https:\/\/www.immo-invest.ch\/it\/author\/immovestuser\/#author"},"creator":{"@id":"https:\/\/www.immo-invest.ch\/it\/author\/immovestuser\/#author"},"image":{"@type":"ImageObject","url":"https:\/\/www.immo-invest.ch\/wp-content\/uploads\/2024\/11\/image.imageformat.1286.202676110.jpg","@id":"https:\/\/www.immo-invest.ch\/it\/barrierefreie-architektur\/#mainImage","width":2500,"height":1580,"caption":"Bild: \u00abFrom Oaks to Barrels\u00bb, Aude Sahli)"},"primaryImageOfPage":{"@id":"https:\/\/www.immo-invest.ch\/it\/barrierefreie-architektur\/#mainImage"},"datePublished":"2024-11-19T16:54:14+01:00","dateModified":"2024-11-19T18:00:51+01:00"},{"@type":"WebSite","@id":"https:\/\/www.immo-invest.ch\/it\/#website","url":"https:\/\/www.immo-invest.ch\/it\/","name":"immo!nvest - Die Plattform f\u00fcr Standorte und Immobilien","description":"Die\u00a0Plattform f\u00fcr Standorte und Immobilien","inLanguage":"it-IT","publisher":{"@id":"https:\/\/www.immo-invest.ch\/it\/#organization"}}]},"og:locale":"it_IT","og:site_name":"immo!nvest - Die Plattform f\u00fcr Standorte und Immobilien - Die\u00a0Plattform f\u00fcr Standorte und Immobilien","og:type":"article","og:title":"Architettura senza barriere - immo!nvest - Die Plattform f\u00fcr Standorte und Immobilien","og:description":"Le nostre citt\u00e0 e le nostre case sono spesso progettate in modo tale da spingere le persone alla dipendenza e creare barriere. Una nuova prospettiva architettonica mostra come gli spazi possano essere progettati per essere inclusivi, solidali e socialmente connessi.","og:url":"https:\/\/www.immo-invest.ch\/it\/barrierefreie-architektur\/","og:image":"https:\/\/www.immo-invest.ch\/wp-content\/uploads\/2024\/11\/image.imageformat.1286.202676110.jpg","og:image:secure_url":"https:\/\/www.immo-invest.ch\/wp-content\/uploads\/2024\/11\/image.imageformat.1286.202676110.jpg","og:image:width":2500,"og:image:height":1580,"article:published_time":"2024-11-19T15:54:14+00:00","article:modified_time":"2024-11-19T17:00:51+00:00","article:publisher":"https:\/\/www.facebook.com\/people\/Immoinvest\/100077962920504\/","twitter:card":"summary_large_image","twitter:site":"@i","twitter:title":"Architettura senza barriere - immo!nvest - Die Plattform f\u00fcr Standorte und Immobilien","twitter:description":"Le nostre citt\u00e0 e le nostre case sono spesso progettate in modo tale da spingere le persone alla dipendenza e creare barriere. Una nuova prospettiva architettonica mostra come gli spazi possano essere progettati per essere inclusivi, solidali e socialmente connessi.","twitter:creator":"@i","twitter:image":"https:\/\/www.immo-invest.ch\/wp-content\/uploads\/2024\/11\/image.imageformat.1286.202676110.jpg"},"aioseo_meta_data":{"post_id":"119719","title":null,"description":null,"keywords":null,"keyphrases":{"focus":{"keyphrase":"","score":0,"analysis":{"keyphraseInTitle":{"score":0,"maxScore":9,"error":1}}},"additional":[]},"primary_term":null,"canonical_url":null,"og_title":null,"og_description":null,"og_object_type":"default","og_image_type":"default","og_image_url":null,"og_image_width":null,"og_image_height":null,"og_image_custom_url":null,"og_image_custom_fields":null,"og_video":"","og_custom_url":null,"og_article_section":null,"og_article_tags":null,"twitter_use_og":false,"twitter_card":"default","twitter_image_type":"default","twitter_image_url":null,"twitter_image_custom_url":null,"twitter_image_custom_fields":null,"twitter_title":null,"twitter_description":null,"schema":{"blockGraphs":[],"customGraphs":[],"default":{"data":{"Article":[],"Course":[],"Dataset":[],"FAQPage":[],"Movie":[],"Person":[],"Product":[],"ProductReview":[],"Car":[],"Recipe":[],"Service":[],"SoftwareApplication":[],"WebPage":[]},"graphName":"BlogPosting","isEnabled":true},"graphs":[]},"schema_type":"default","schema_type_options":null,"pillar_content":false,"robots_default":true,"robots_noindex":false,"robots_noarchive":false,"robots_nosnippet":false,"robots_nofollow":false,"robots_noimageindex":false,"robots_noodp":false,"robots_notranslate":false,"robots_max_snippet":"-1","robots_max_videopreview":"-1","robots_max_imagepreview":"large","priority":null,"frequency":"default","local_seo":null,"breadcrumb_settings":null,"limit_modified_date":false,"ai":null,"created":"2024-11-19 16:57:29","updated":"2025-10-24 13:05:15","seo_analyzer_scan_date":null,"focus_keyword":null,"additional_keywords":null,"truseo_locale":null},"aioseo_breadcrumb":"<div class=\"aioseo-breadcrumbs\"><span class=\"aioseo-breadcrumb\">\n\t\t\t<a href=\"https:\/\/www.immo-invest.ch\/it\/\" title=\"Home\">Home<\/a>\n\t\t<\/span><span class=\"aioseo-breadcrumb-separator\">&raquo;<\/span><span class=\"aioseo-breadcrumb\">\n\t\t\t<a href=\"https:\/\/www.immo-invest.ch\/it\/categoria\/regioni\/\" title=\"Regioni\">Regioni<\/a>\n\t\t<\/span><span class=\"aioseo-breadcrumb-separator\">&raquo;<\/span><span class=\"aioseo-breadcrumb\">\n\t\t\t<a href=\"https:\/\/www.immo-invest.ch\/it\/categoria\/regioni\/internazionale\/\" title=\"Internazionale\">Internazionale<\/a>\n\t\t<\/span><span class=\"aioseo-breadcrumb-separator\">&raquo;<\/span><span class=\"aioseo-breadcrumb\">\n\t\t\t<a href=\"https:\/\/www.immo-invest.ch\/it\/categoria\/regioni\/internazionale\/internazionale\/\" title=\"Globale\">Globale<\/a>\n\t\t<\/span><span class=\"aioseo-breadcrumb-separator\">&raquo;<\/span><span class=\"aioseo-breadcrumb\">\n\t\t\tArchitettura senza barriere\n\t\t<\/span><\/div>","aioseo_breadcrumb_json":[{"label":"Home","link":"https:\/\/www.immo-invest.ch\/it\/"},{"label":"Regioni","link":"https:\/\/www.immo-invest.ch\/it\/categoria\/regioni\/"},{"label":"Internazionale","link":"https:\/\/www.immo-invest.ch\/it\/categoria\/regioni\/internazionale\/"},{"label":"Globale","link":"https:\/\/www.immo-invest.ch\/it\/categoria\/regioni\/internazionale\/internazionale\/"},{"label":"Architettura senza barriere","link":"https:\/\/www.immo-invest.ch\/it\/barrierefreie-architektur\/"}],"featured_image_src":"https:\/\/www.immo-invest.ch\/wp-content\/uploads\/2024\/11\/image.imageformat.1286.202676110-336x168.jpg","_links":{"self":[{"href":"https:\/\/www.immo-invest.ch\/it\/wp-json\/wp\/v2\/posts\/119719","targetHints":{"allow":["GET"]}}],"collection":[{"href":"https:\/\/www.immo-invest.ch\/it\/wp-json\/wp\/v2\/posts"}],"about":[{"href":"https:\/\/www.immo-invest.ch\/it\/wp-json\/wp\/v2\/types\/post"}],"author":[{"embeddable":true,"href":"https:\/\/www.immo-invest.ch\/it\/wp-json\/wp\/v2\/users\/2"}],"replies":[{"embeddable":true,"href":"https:\/\/www.immo-invest.ch\/it\/wp-json\/wp\/v2\/comments?post=119719"}],"version-history":[{"count":0,"href":"https:\/\/www.immo-invest.ch\/it\/wp-json\/wp\/v2\/posts\/119719\/revisions"}],"wp:featuredmedia":[{"embeddable":true,"href":"https:\/\/www.immo-invest.ch\/it\/wp-json\/wp\/v2\/media\/119683"}],"wp:attachment":[{"href":"https:\/\/www.immo-invest.ch\/it\/wp-json\/wp\/v2\/media?parent=119719"}],"wp:term":[{"taxonomy":"category","embeddable":true,"href":"https:\/\/www.immo-invest.ch\/it\/wp-json\/wp\/v2\/categories?post=119719"},{"taxonomy":"post_tag","embeddable":true,"href":"https:\/\/www.immo-invest.ch\/it\/wp-json\/wp\/v2\/tags?post=119719"}],"curies":[{"name":"wp","href":"https:\/\/api.w.org\/{rel}","templated":true}]}}