{"id":118259,"date":"2024-10-28T16:00:00","date_gmt":"2024-10-28T15:00:00","guid":{"rendered":"https:\/\/www.immo-invest.ch\/?p=118259"},"modified":"2024-10-28T11:59:03","modified_gmt":"2024-10-28T10:59:03","slug":"solarpark-projekt-fuenf-monate-frueher-als-geplant-fertiggestellt","status":"publish","type":"post","link":"https:\/\/www.immo-invest.ch\/it\/solarpark-projekt-fuenf-monate-frueher-als-geplant-fertiggestellt\/","title":{"rendered":"Il progetto del parco solare \u00e8 stato completato cinque mesi prima del previsto"},"content":{"rendered":"<p class=\"bodytext\"><a href=\"https:\/\/www.nexans.ch\/de\/\" target=\"_blank\" rel=\"noopener\">Nexans Svizzera<\/a> ha messo in funzione il suo nuovo parco solare presso il sito di Cortaillod con cinque mesi di anticipo rispetto al previsto. Si tratta di dieci sistemi individuali, ognuno dei quali &egrave; stato installato su un tetto diverso. Queste unit&agrave; indipendenti sono state poi collegate tra loro per formare un sistema di livello superiore. Secondo una <a href=\"https:\/\/www.nexans.ch\/de\/News\/news\/details\/2024\/10\/ISPV.html\" target=\"_blank\" rel=\"noopener\">dichiarazione del<\/a> produttore di cavi, ci&ograve; ha richiesto adattamenti alle specifiche caratteristiche architettoniche e strutturali.<\/p>\n<p class=\"bodytext\">Questo approccio ha permesso di evitare completamente di interferire con le attivit&agrave; produttive del sito durante i lavori di installazione. &ldquo;Il risultato: una messa in funzione riuscita al 100 percento, quasi cinque mesi prima del previsto&rdquo;<\/p>\n<p class=\"bodytext\">Dall&rsquo;estate del 2023, un team di specialisti <a href=\"https:\/\/www.groupe-e.ch\/de\" target=\"_blank\" rel=\"noopener\">di Groupe E Greenwatt<\/a> del sito di Boudry NE ha installato oltre 4.000 moduli solari, ciascuno con una capacit&agrave; di 430 watt, &ldquo;in condizioni tecniche difficili&rdquo;. Il parco solare ha una potenza totale di 1,7 megawatt. Insieme a un sistema da 700 kilowatt precedentemente installato da Groupe E, Nexans raggiunge ora un tasso di autoconsumo stimato in oltre il 90 percento.<\/p>\n<p class=\"bodytext\">&ldquo;Questa partnership strategica sostiene il nostro obiettivo di continuare a ridurre la nostra impronta ambientale e di sviluppare la nostra attivit&agrave; in modo sostenibile, e rafforza la nostra resilienza energetica&rdquo;, ha dichiarato Marco Spinelli, CEO di Nexans Svizzera. &ldquo;Anche senza questi impianti, Nexans consuma solo elettricit&agrave; proveniente al 100 percento da fonti rinnovabili, e lo fa dall&rsquo;inizio dell&rsquo;anno&rdquo;<\/p>\n","protected":false},"excerpt":{"rendered":"<p>Con l&#8217;aiuto di Groupe E Greenwatt, Nexans ha messo in funzione 4000 moduli solari con una potenza di 1,7 megawatt su dieci tetti del suo sito di Cortaillod. Con un sistema installato nel 2015, il produttore di cavi copre ora oltre il 90 percento del proprio fabbisogno.<\/p>\n","protected":false},"author":2,"featured_media":67180,"comment_status":"open","ping_status":"open","sticky":false,"template":"","format":"standard","meta":{"pmpro_default_level":"","inline_featured_image":false,"_monsterinsights_skip_tracking":false,"footnotes":""},"categories":[8750,745,44779,22700],"tags":[50163,18779,43106,40246,852,867,3935,1961,2006,869,32601,5182],"class_list":["post-118259","post","type-post","status-publish","format-standard","has-post-thumbnail","hentry","category-energia","category-immonews-it","category-neuenburg-it","category-sostenibilita","tag-cortaillod-it","tag-eigenverbrauch-it","tag-energieautarkie-it","tag-erneuerbare-energien-it","tag-immobilien-it","tag-immoinvest-it","tag-immonews-it","tag-nachhaltigkeit-it","tag-news-it","tag-schweiz-it","tag-solarmodule-it","tag-solarpark-it","pmpro-has-access"],"acf":{"bild_mit_ki_erstellt_worden":[],"lead":"Con l'aiuto di Groupe E Greenwatt, Nexans ha messo in funzione 4000 moduli solari con una potenza di 1,7 megawatt su dieci tetti del suo sito di Cortaillod. Con un sistema installato nel 2015, il produttore di cavi copre ora oltre il 90 percento del proprio fabbisogno.","autor":"ce\/mm","ort":"Cortaillod NE\/Granges-Paccot FR","bildunterschrift":"","bild_im_grid":false,"gallerie":"","newsim":""},"aioseo_notices":[],"aioseo_head":"\n\t\t<!-- All in One SEO 5.0.0.1 - aioseo.com -->\n\t<meta name=\"description\" content=\"Con l&#039;aiuto di Groupe E Greenwatt, Nexans ha messo in funzione 4000 moduli solari con una potenza di 1,7 megawatt su dieci tetti del suo sito di Cortaillod. Con un sistema installato nel 2015, il produttore di cavi copre ora oltre il 90 percento del proprio fabbisogno.\" \/>\n\t<meta name=\"robots\" content=\"max-image-preview:large\" \/>\n\t<meta name=\"author\" content=\"immovestuser\"\/>\n\t<meta name=\"google-site-verification\" content=\"fHJKvgWpZCR2zVBHWfkQeFXC11qieUSff0HGNYfuyLA\" \/>\n\t<link rel=\"canonical\" href=\"https:\/\/www.immo-invest.ch\/it\/solarpark-projekt-fuenf-monate-frueher-als-geplant-fertiggestellt\/\" \/>\n\t<meta name=\"generator\" content=\"All in One SEO (AIOSEO) 5.0.0.1\" \/>\n\t\t<meta property=\"og:locale\" content=\"it_IT\" \/>\n\t\t<meta property=\"og:site_name\" content=\"immo!nvest - Die Plattform f\u00fcr Standorte und Immobilien - Die\u00a0Plattform f\u00fcr Standorte und Immobilien\" \/>\n\t\t<meta property=\"og:type\" content=\"article\" \/>\n\t\t<meta property=\"og:title\" content=\"Il progetto del parco solare \u00e8 stato completato cinque mesi prima del previsto - immo!nvest - Die Plattform f\u00fcr Standorte und Immobilien\" \/>\n\t\t<meta property=\"og:description\" content=\"Con l&#039;aiuto di Groupe E Greenwatt, Nexans ha messo in funzione 4000 moduli solari con una potenza di 1,7 megawatt su dieci tetti del suo sito di Cortaillod. Con un sistema installato nel 2015, il produttore di cavi copre ora oltre il 90 percento del proprio fabbisogno.\" \/>\n\t\t<meta property=\"og:url\" content=\"https:\/\/www.immo-invest.ch\/it\/solarpark-projekt-fuenf-monate-frueher-als-geplant-fertiggestellt\/\" \/>\n\t\t<meta property=\"og:image\" content=\"https:\/\/www.immo-invest.ch\/wp-content\/uploads\/2023\/11\/solar_15-scaled.jpg\" \/>\n\t\t<meta property=\"og:image:secure_url\" content=\"https:\/\/www.immo-invest.ch\/wp-content\/uploads\/2023\/11\/solar_15-scaled.jpg\" \/>\n\t\t<meta property=\"og:image:width\" content=\"2560\" \/>\n\t\t<meta property=\"og:image:height\" content=\"1920\" \/>\n\t\t<meta property=\"article:published_time\" content=\"2024-10-28T15:00:00+00:00\" \/>\n\t\t<meta property=\"article:modified_time\" content=\"2024-10-28T10:59:03+00:00\" \/>\n\t\t<meta property=\"article:publisher\" content=\"https:\/\/www.facebook.com\/people\/Immoinvest\/100077962920504\/\" \/>\n\t\t<meta name=\"twitter:card\" content=\"summary_large_image\" \/>\n\t\t<meta name=\"twitter:site\" content=\"@i\" \/>\n\t\t<meta name=\"twitter:title\" content=\"Il progetto del parco solare \u00e8 stato completato cinque mesi prima del previsto - immo!nvest - Die Plattform f\u00fcr Standorte und Immobilien\" \/>\n\t\t<meta name=\"twitter:description\" content=\"Con l&#039;aiuto di Groupe E Greenwatt, Nexans ha messo in funzione 4000 moduli solari con una potenza di 1,7 megawatt su dieci tetti del suo sito di Cortaillod. Con un sistema installato nel 2015, il produttore di cavi copre ora oltre il 90 percento del proprio fabbisogno.\" \/>\n\t\t<meta name=\"twitter:creator\" content=\"@i\" \/>\n\t\t<meta name=\"twitter:image\" content=\"https:\/\/www.immo-invest.ch\/wp-content\/uploads\/2023\/11\/solar_15-scaled.jpg\" \/>\n\t\t<script type=\"application\/ld+json\" class=\"aioseo-schema\">\n\t\t\t{\"@context\":\"https:\\\/\\\/schema.org\",\"@graph\":[{\"@type\":\"BlogPosting\",\"@id\":\"https:\\\/\\\/www.immo-invest.ch\\\/it\\\/solarpark-projekt-fuenf-monate-frueher-als-geplant-fertiggestellt\\\/#blogposting\",\"name\":\"Il progetto del parco solare \\u00e8 stato completato cinque mesi prima del previsto - immo!nvest - Die Plattform f\\u00fcr Standorte und Immobilien\",\"headline\":\"Il progetto del parco solare \\u00e8 stato completato cinque mesi prima del previsto\",\"author\":{\"@id\":\"https:\\\/\\\/www.immo-invest.ch\\\/it\\\/author\\\/immovestuser\\\/#author\"},\"publisher\":{\"@id\":\"https:\\\/\\\/www.immo-invest.ch\\\/it\\\/#organization\"},\"image\":{\"@type\":\"ImageObject\",\"url\":\"https:\\\/\\\/www.immo-invest.ch\\\/wp-content\\\/uploads\\\/2023\\\/11\\\/solar_15-scaled.jpg\",\"width\":2560,\"height\":1920},\"datePublished\":\"2024-10-28T16:00:00+01:00\",\"dateModified\":\"2024-10-28T11:59:03+01:00\",\"inLanguage\":\"it-IT\",\"mainEntityOfPage\":{\"@id\":\"https:\\\/\\\/www.immo-invest.ch\\\/it\\\/solarpark-projekt-fuenf-monate-frueher-als-geplant-fertiggestellt\\\/#webpage\"},\"isPartOf\":{\"@id\":\"https:\\\/\\\/www.immo-invest.ch\\\/it\\\/solarpark-projekt-fuenf-monate-frueher-als-geplant-fertiggestellt\\\/#webpage\"},\"articleSection\":\"Energia, immoNews, Neuenburg, Sostenibilit\\u00e0, Cortaillod, Eigenverbrauch, Energieautarkie, Erneuerbare Energien, immobilien, Immoinvest, immoNews, Nachhaltigkeit, News, Schweiz, Solarmodule, Solarpark, Optional\"},{\"@type\":\"BreadcrumbList\",\"@id\":\"https:\\\/\\\/www.immo-invest.ch\\\/it\\\/solarpark-projekt-fuenf-monate-frueher-als-geplant-fertiggestellt\\\/#breadcrumblist\",\"itemListElement\":[{\"@type\":\"ListItem\",\"@id\":\"https:\\\/\\\/www.immo-invest.ch\\\/it\\\/#listItem\",\"position\":1,\"name\":\"Home\",\"item\":\"https:\\\/\\\/www.immo-invest.ch\\\/it\\\/\",\"nextItem\":{\"@type\":\"ListItem\",\"@id\":\"https:\\\/\\\/www.immo-invest.ch\\\/it\\\/categoria\\\/regioni\\\/#listItem\",\"name\":\"Regioni\"}},{\"@type\":\"ListItem\",\"@id\":\"https:\\\/\\\/www.immo-invest.ch\\\/it\\\/categoria\\\/regioni\\\/#listItem\",\"position\":2,\"name\":\"Regioni\",\"item\":\"https:\\\/\\\/www.immo-invest.ch\\\/it\\\/categoria\\\/regioni\\\/\",\"nextItem\":{\"@type\":\"ListItem\",\"@id\":\"https:\\\/\\\/www.immo-invest.ch\\\/it\\\/categoria\\\/regioni\\\/svizzera\\\/#listItem\",\"name\":\"Svizzera\"},\"previousItem\":{\"@type\":\"ListItem\",\"@id\":\"https:\\\/\\\/www.immo-invest.ch\\\/it\\\/#listItem\",\"name\":\"Home\"}},{\"@type\":\"ListItem\",\"@id\":\"https:\\\/\\\/www.immo-invest.ch\\\/it\\\/categoria\\\/regioni\\\/svizzera\\\/#listItem\",\"position\":3,\"name\":\"Svizzera\",\"item\":\"https:\\\/\\\/www.immo-invest.ch\\\/it\\\/categoria\\\/regioni\\\/svizzera\\\/\",\"nextItem\":{\"@type\":\"ListItem\",\"@id\":\"https:\\\/\\\/www.immo-invest.ch\\\/it\\\/categoria\\\/regioni\\\/svizzera\\\/espace-mittelland\\\/#listItem\",\"name\":\"Espace Mittelland\"},\"previousItem\":{\"@type\":\"ListItem\",\"@id\":\"https:\\\/\\\/www.immo-invest.ch\\\/it\\\/categoria\\\/regioni\\\/#listItem\",\"name\":\"Regioni\"}},{\"@type\":\"ListItem\",\"@id\":\"https:\\\/\\\/www.immo-invest.ch\\\/it\\\/categoria\\\/regioni\\\/svizzera\\\/espace-mittelland\\\/#listItem\",\"position\":4,\"name\":\"Espace Mittelland\",\"item\":\"https:\\\/\\\/www.immo-invest.ch\\\/it\\\/categoria\\\/regioni\\\/svizzera\\\/espace-mittelland\\\/\",\"nextItem\":{\"@type\":\"ListItem\",\"@id\":\"https:\\\/\\\/www.immo-invest.ch\\\/it\\\/categoria\\\/regioni\\\/svizzera\\\/espace-mittelland\\\/neuenburg-it\\\/#listItem\",\"name\":\"Neuenburg\"},\"previousItem\":{\"@type\":\"ListItem\",\"@id\":\"https:\\\/\\\/www.immo-invest.ch\\\/it\\\/categoria\\\/regioni\\\/svizzera\\\/#listItem\",\"name\":\"Svizzera\"}},{\"@type\":\"ListItem\",\"@id\":\"https:\\\/\\\/www.immo-invest.ch\\\/it\\\/categoria\\\/regioni\\\/svizzera\\\/espace-mittelland\\\/neuenburg-it\\\/#listItem\",\"position\":5,\"name\":\"Neuenburg\",\"item\":\"https:\\\/\\\/www.immo-invest.ch\\\/it\\\/categoria\\\/regioni\\\/svizzera\\\/espace-mittelland\\\/neuenburg-it\\\/\",\"nextItem\":{\"@type\":\"ListItem\",\"@id\":\"https:\\\/\\\/www.immo-invest.ch\\\/it\\\/solarpark-projekt-fuenf-monate-frueher-als-geplant-fertiggestellt\\\/#listItem\",\"name\":\"Il progetto del parco solare \\u00e8 stato completato cinque mesi prima del previsto\"},\"previousItem\":{\"@type\":\"ListItem\",\"@id\":\"https:\\\/\\\/www.immo-invest.ch\\\/it\\\/categoria\\\/regioni\\\/svizzera\\\/espace-mittelland\\\/#listItem\",\"name\":\"Espace Mittelland\"}},{\"@type\":\"ListItem\",\"@id\":\"https:\\\/\\\/www.immo-invest.ch\\\/it\\\/solarpark-projekt-fuenf-monate-frueher-als-geplant-fertiggestellt\\\/#listItem\",\"position\":6,\"name\":\"Il progetto del parco solare \\u00e8 stato completato cinque mesi prima del previsto\",\"previousItem\":{\"@type\":\"ListItem\",\"@id\":\"https:\\\/\\\/www.immo-invest.ch\\\/it\\\/categoria\\\/regioni\\\/svizzera\\\/espace-mittelland\\\/neuenburg-it\\\/#listItem\",\"name\":\"Neuenburg\"}}]},{\"@type\":\"Organization\",\"@id\":\"https:\\\/\\\/www.immo-invest.ch\\\/it\\\/#organization\",\"name\":\"immo!nvest - Die Plattform f\\u00fcr Standorte und Immobilien\",\"description\":\"Die\\u00a0Plattform f\\u00fcr Standorte und Immobilien\",\"url\":\"https:\\\/\\\/www.immo-invest.ch\\\/it\\\/\",\"email\":\"admin@immomedia.ag\",\"telephone\":\"+41444420002\",\"logo\":{\"@type\":\"ImageObject\",\"url\":\"https:\\\/\\\/www.immo-invest.ch\\\/wp-content\\\/uploads\\\/2024\\\/09\\\/immoinvest_sm-scaled.jpg\",\"@id\":\"https:\\\/\\\/www.immo-invest.ch\\\/it\\\/solarpark-projekt-fuenf-monate-frueher-als-geplant-fertiggestellt\\\/#organizationLogo\",\"width\":2560,\"height\":1340},\"image\":{\"@id\":\"https:\\\/\\\/www.immo-invest.ch\\\/it\\\/solarpark-projekt-fuenf-monate-frueher-als-geplant-fertiggestellt\\\/#organizationLogo\"},\"sameAs\":[\"https:\\\/\\\/www.facebook.com\\\/people\\\/Immoinvest\\\/100077962920504\\\/\",\"https:\\\/\\\/x.com\\\/i\\\/flow\\\/login?redirect_after_login=immoinvest_ch\",\"https:\\\/\\\/www.instagram.com\\\/immoinvest_ch\\\/\",\"https:\\\/\\\/www.linkedin.com\\\/company\\\/immoinvest-swiss\"]},{\"@type\":\"Person\",\"@id\":\"https:\\\/\\\/www.immo-invest.ch\\\/it\\\/author\\\/immovestuser\\\/#author\",\"url\":\"https:\\\/\\\/www.immo-invest.ch\\\/it\\\/author\\\/immovestuser\\\/\",\"name\":\"immovestuser\",\"image\":{\"@type\":\"ImageObject\",\"@id\":\"https:\\\/\\\/www.immo-invest.ch\\\/it\\\/solarpark-projekt-fuenf-monate-frueher-als-geplant-fertiggestellt\\\/#authorImage\",\"url\":\"https:\\\/\\\/secure.gravatar.com\\\/avatar\\\/8e01f4d99f2eeea7a362ebb93305e1172a70e9293ba250f897a65c39f54cdd1e?s=96&d=mm&r=g\",\"width\":96,\"height\":96,\"caption\":\"immovestuser\"}},{\"@type\":\"WebPage\",\"@id\":\"https:\\\/\\\/www.immo-invest.ch\\\/it\\\/solarpark-projekt-fuenf-monate-frueher-als-geplant-fertiggestellt\\\/#webpage\",\"url\":\"https:\\\/\\\/www.immo-invest.ch\\\/it\\\/solarpark-projekt-fuenf-monate-frueher-als-geplant-fertiggestellt\\\/\",\"name\":\"Il progetto del parco solare \\u00e8 stato completato cinque mesi prima del previsto - immo!nvest - Die Plattform f\\u00fcr Standorte und Immobilien\",\"description\":\"Con l'aiuto di Groupe E Greenwatt, Nexans ha messo in funzione 4000 moduli solari con una potenza di 1,7 megawatt su dieci tetti del suo sito di Cortaillod. Con un sistema installato nel 2015, il produttore di cavi copre ora oltre il 90 percento del proprio fabbisogno.\",\"inLanguage\":\"it-IT\",\"isPartOf\":{\"@id\":\"https:\\\/\\\/www.immo-invest.ch\\\/it\\\/#website\"},\"breadcrumb\":{\"@id\":\"https:\\\/\\\/www.immo-invest.ch\\\/it\\\/solarpark-projekt-fuenf-monate-frueher-als-geplant-fertiggestellt\\\/#breadcrumblist\"},\"author\":{\"@id\":\"https:\\\/\\\/www.immo-invest.ch\\\/it\\\/author\\\/immovestuser\\\/#author\"},\"creator\":{\"@id\":\"https:\\\/\\\/www.immo-invest.ch\\\/it\\\/author\\\/immovestuser\\\/#author\"},\"image\":{\"@type\":\"ImageObject\",\"url\":\"https:\\\/\\\/www.immo-invest.ch\\\/wp-content\\\/uploads\\\/2023\\\/11\\\/solar_15-scaled.jpg\",\"@id\":\"https:\\\/\\\/www.immo-invest.ch\\\/it\\\/solarpark-projekt-fuenf-monate-frueher-als-geplant-fertiggestellt\\\/#mainImage\",\"width\":2560,\"height\":1920},\"primaryImageOfPage\":{\"@id\":\"https:\\\/\\\/www.immo-invest.ch\\\/it\\\/solarpark-projekt-fuenf-monate-frueher-als-geplant-fertiggestellt\\\/#mainImage\"},\"datePublished\":\"2024-10-28T16:00:00+01:00\",\"dateModified\":\"2024-10-28T11:59:03+01:00\"},{\"@type\":\"WebSite\",\"@id\":\"https:\\\/\\\/www.immo-invest.ch\\\/it\\\/#website\",\"url\":\"https:\\\/\\\/www.immo-invest.ch\\\/it\\\/\",\"name\":\"immo!nvest - Die Plattform f\\u00fcr Standorte und Immobilien\",\"description\":\"Die\\u00a0Plattform f\\u00fcr Standorte und Immobilien\",\"inLanguage\":\"it-IT\",\"publisher\":{\"@id\":\"https:\\\/\\\/www.immo-invest.ch\\\/it\\\/#organization\"}}]}\n\t\t<\/script>\n\t\t<!-- All in One SEO -->\n\n","aioseo_head_json":{"title":"Il progetto del parco solare \u00e8 stato completato cinque mesi prima del previsto - immo!nvest - Die Plattform f\u00fcr Standorte und Immobilien","description":"Con l'aiuto di Groupe E Greenwatt, Nexans ha messo in funzione 4000 moduli solari con una potenza di 1,7 megawatt su dieci tetti del suo sito di Cortaillod. Con un sistema installato nel 2015, il produttore di cavi copre ora oltre il 90 percento del proprio fabbisogno.","canonical_url":"https:\/\/www.immo-invest.ch\/it\/solarpark-projekt-fuenf-monate-frueher-als-geplant-fertiggestellt\/","robots":"max-image-preview:large","keywords":"","webmasterTools":{"google-site-verification":"fHJKvgWpZCR2zVBHWfkQeFXC11qieUSff0HGNYfuyLA","miscellaneous":""},"schema":{"@context":"https:\/\/schema.org","@graph":[{"@type":"BlogPosting","@id":"https:\/\/www.immo-invest.ch\/it\/solarpark-projekt-fuenf-monate-frueher-als-geplant-fertiggestellt\/#blogposting","name":"Il progetto del parco solare \u00e8 stato completato cinque mesi prima del previsto - immo!nvest - Die Plattform f\u00fcr Standorte und Immobilien","headline":"Il progetto del parco solare \u00e8 stato completato cinque mesi prima del previsto","author":{"@id":"https:\/\/www.immo-invest.ch\/it\/author\/immovestuser\/#author"},"publisher":{"@id":"https:\/\/www.immo-invest.ch\/it\/#organization"},"image":{"@type":"ImageObject","url":"https:\/\/www.immo-invest.ch\/wp-content\/uploads\/2023\/11\/solar_15-scaled.jpg","width":2560,"height":1920},"datePublished":"2024-10-28T16:00:00+01:00","dateModified":"2024-10-28T11:59:03+01:00","inLanguage":"it-IT","mainEntityOfPage":{"@id":"https:\/\/www.immo-invest.ch\/it\/solarpark-projekt-fuenf-monate-frueher-als-geplant-fertiggestellt\/#webpage"},"isPartOf":{"@id":"https:\/\/www.immo-invest.ch\/it\/solarpark-projekt-fuenf-monate-frueher-als-geplant-fertiggestellt\/#webpage"},"articleSection":"Energia, immoNews, Neuenburg, Sostenibilit\u00e0, Cortaillod, Eigenverbrauch, Energieautarkie, Erneuerbare Energien, immobilien, Immoinvest, immoNews, Nachhaltigkeit, News, Schweiz, Solarmodule, Solarpark, Optional"},{"@type":"BreadcrumbList","@id":"https:\/\/www.immo-invest.ch\/it\/solarpark-projekt-fuenf-monate-frueher-als-geplant-fertiggestellt\/#breadcrumblist","itemListElement":[{"@type":"ListItem","@id":"https:\/\/www.immo-invest.ch\/it\/#listItem","position":1,"name":"Home","item":"https:\/\/www.immo-invest.ch\/it\/","nextItem":{"@type":"ListItem","@id":"https:\/\/www.immo-invest.ch\/it\/categoria\/regioni\/#listItem","name":"Regioni"}},{"@type":"ListItem","@id":"https:\/\/www.immo-invest.ch\/it\/categoria\/regioni\/#listItem","position":2,"name":"Regioni","item":"https:\/\/www.immo-invest.ch\/it\/categoria\/regioni\/","nextItem":{"@type":"ListItem","@id":"https:\/\/www.immo-invest.ch\/it\/categoria\/regioni\/svizzera\/#listItem","name":"Svizzera"},"previousItem":{"@type":"ListItem","@id":"https:\/\/www.immo-invest.ch\/it\/#listItem","name":"Home"}},{"@type":"ListItem","@id":"https:\/\/www.immo-invest.ch\/it\/categoria\/regioni\/svizzera\/#listItem","position":3,"name":"Svizzera","item":"https:\/\/www.immo-invest.ch\/it\/categoria\/regioni\/svizzera\/","nextItem":{"@type":"ListItem","@id":"https:\/\/www.immo-invest.ch\/it\/categoria\/regioni\/svizzera\/espace-mittelland\/#listItem","name":"Espace Mittelland"},"previousItem":{"@type":"ListItem","@id":"https:\/\/www.immo-invest.ch\/it\/categoria\/regioni\/#listItem","name":"Regioni"}},{"@type":"ListItem","@id":"https:\/\/www.immo-invest.ch\/it\/categoria\/regioni\/svizzera\/espace-mittelland\/#listItem","position":4,"name":"Espace Mittelland","item":"https:\/\/www.immo-invest.ch\/it\/categoria\/regioni\/svizzera\/espace-mittelland\/","nextItem":{"@type":"ListItem","@id":"https:\/\/www.immo-invest.ch\/it\/categoria\/regioni\/svizzera\/espace-mittelland\/neuenburg-it\/#listItem","name":"Neuenburg"},"previousItem":{"@type":"ListItem","@id":"https:\/\/www.immo-invest.ch\/it\/categoria\/regioni\/svizzera\/#listItem","name":"Svizzera"}},{"@type":"ListItem","@id":"https:\/\/www.immo-invest.ch\/it\/categoria\/regioni\/svizzera\/espace-mittelland\/neuenburg-it\/#listItem","position":5,"name":"Neuenburg","item":"https:\/\/www.immo-invest.ch\/it\/categoria\/regioni\/svizzera\/espace-mittelland\/neuenburg-it\/","nextItem":{"@type":"ListItem","@id":"https:\/\/www.immo-invest.ch\/it\/solarpark-projekt-fuenf-monate-frueher-als-geplant-fertiggestellt\/#listItem","name":"Il progetto del parco solare \u00e8 stato completato cinque mesi prima del previsto"},"previousItem":{"@type":"ListItem","@id":"https:\/\/www.immo-invest.ch\/it\/categoria\/regioni\/svizzera\/espace-mittelland\/#listItem","name":"Espace Mittelland"}},{"@type":"ListItem","@id":"https:\/\/www.immo-invest.ch\/it\/solarpark-projekt-fuenf-monate-frueher-als-geplant-fertiggestellt\/#listItem","position":6,"name":"Il progetto del parco solare \u00e8 stato completato cinque mesi prima del previsto","previousItem":{"@type":"ListItem","@id":"https:\/\/www.immo-invest.ch\/it\/categoria\/regioni\/svizzera\/espace-mittelland\/neuenburg-it\/#listItem","name":"Neuenburg"}}]},{"@type":"Organization","@id":"https:\/\/www.immo-invest.ch\/it\/#organization","name":"immo!nvest - Die Plattform f\u00fcr Standorte und Immobilien","description":"Die\u00a0Plattform f\u00fcr Standorte und Immobilien","url":"https:\/\/www.immo-invest.ch\/it\/","email":"admin@immomedia.ag","telephone":"+41444420002","logo":{"@type":"ImageObject","url":"https:\/\/www.immo-invest.ch\/wp-content\/uploads\/2024\/09\/immoinvest_sm-scaled.jpg","@id":"https:\/\/www.immo-invest.ch\/it\/solarpark-projekt-fuenf-monate-frueher-als-geplant-fertiggestellt\/#organizationLogo","width":2560,"height":1340},"image":{"@id":"https:\/\/www.immo-invest.ch\/it\/solarpark-projekt-fuenf-monate-frueher-als-geplant-fertiggestellt\/#organizationLogo"},"sameAs":["https:\/\/www.facebook.com\/people\/Immoinvest\/100077962920504\/","https:\/\/x.com\/i\/flow\/login?redirect_after_login=immoinvest_ch","https:\/\/www.instagram.com\/immoinvest_ch\/","https:\/\/www.linkedin.com\/company\/immoinvest-swiss"]},{"@type":"Person","@id":"https:\/\/www.immo-invest.ch\/it\/author\/immovestuser\/#author","url":"https:\/\/www.immo-invest.ch\/it\/author\/immovestuser\/","name":"immovestuser","image":{"@type":"ImageObject","@id":"https:\/\/www.immo-invest.ch\/it\/solarpark-projekt-fuenf-monate-frueher-als-geplant-fertiggestellt\/#authorImage","url":"https:\/\/secure.gravatar.com\/avatar\/8e01f4d99f2eeea7a362ebb93305e1172a70e9293ba250f897a65c39f54cdd1e?s=96&d=mm&r=g","width":96,"height":96,"caption":"immovestuser"}},{"@type":"WebPage","@id":"https:\/\/www.immo-invest.ch\/it\/solarpark-projekt-fuenf-monate-frueher-als-geplant-fertiggestellt\/#webpage","url":"https:\/\/www.immo-invest.ch\/it\/solarpark-projekt-fuenf-monate-frueher-als-geplant-fertiggestellt\/","name":"Il progetto del parco solare \u00e8 stato completato cinque mesi prima del previsto - immo!nvest - Die Plattform f\u00fcr Standorte und Immobilien","description":"Con l'aiuto di Groupe E Greenwatt, Nexans ha messo in funzione 4000 moduli solari con una potenza di 1,7 megawatt su dieci tetti del suo sito di Cortaillod. Con un sistema installato nel 2015, il produttore di cavi copre ora oltre il 90 percento del proprio fabbisogno.","inLanguage":"it-IT","isPartOf":{"@id":"https:\/\/www.immo-invest.ch\/it\/#website"},"breadcrumb":{"@id":"https:\/\/www.immo-invest.ch\/it\/solarpark-projekt-fuenf-monate-frueher-als-geplant-fertiggestellt\/#breadcrumblist"},"author":{"@id":"https:\/\/www.immo-invest.ch\/it\/author\/immovestuser\/#author"},"creator":{"@id":"https:\/\/www.immo-invest.ch\/it\/author\/immovestuser\/#author"},"image":{"@type":"ImageObject","url":"https:\/\/www.immo-invest.ch\/wp-content\/uploads\/2023\/11\/solar_15-scaled.jpg","@id":"https:\/\/www.immo-invest.ch\/it\/solarpark-projekt-fuenf-monate-frueher-als-geplant-fertiggestellt\/#mainImage","width":2560,"height":1920},"primaryImageOfPage":{"@id":"https:\/\/www.immo-invest.ch\/it\/solarpark-projekt-fuenf-monate-frueher-als-geplant-fertiggestellt\/#mainImage"},"datePublished":"2024-10-28T16:00:00+01:00","dateModified":"2024-10-28T11:59:03+01:00"},{"@type":"WebSite","@id":"https:\/\/www.immo-invest.ch\/it\/#website","url":"https:\/\/www.immo-invest.ch\/it\/","name":"immo!nvest - Die Plattform f\u00fcr Standorte und Immobilien","description":"Die\u00a0Plattform f\u00fcr Standorte und Immobilien","inLanguage":"it-IT","publisher":{"@id":"https:\/\/www.immo-invest.ch\/it\/#organization"}}]},"og:locale":"it_IT","og:site_name":"immo!nvest - Die Plattform f\u00fcr Standorte und Immobilien - Die\u00a0Plattform f\u00fcr Standorte und Immobilien","og:type":"article","og:title":"Il progetto del parco solare \u00e8 stato completato cinque mesi prima del previsto - immo!nvest - Die Plattform f\u00fcr Standorte und Immobilien","og:description":"Con l'aiuto di Groupe E Greenwatt, Nexans ha messo in funzione 4000 moduli solari con una potenza di 1,7 megawatt su dieci tetti del suo sito di Cortaillod. Con un sistema installato nel 2015, il produttore di cavi copre ora oltre il 90 percento del proprio fabbisogno.","og:url":"https:\/\/www.immo-invest.ch\/it\/solarpark-projekt-fuenf-monate-frueher-als-geplant-fertiggestellt\/","og:image":"https:\/\/www.immo-invest.ch\/wp-content\/uploads\/2023\/11\/solar_15-scaled.jpg","og:image:secure_url":"https:\/\/www.immo-invest.ch\/wp-content\/uploads\/2023\/11\/solar_15-scaled.jpg","og:image:width":2560,"og:image:height":1920,"article:published_time":"2024-10-28T15:00:00+00:00","article:modified_time":"2024-10-28T10:59:03+00:00","article:publisher":"https:\/\/www.facebook.com\/people\/Immoinvest\/100077962920504\/","twitter:card":"summary_large_image","twitter:site":"@i","twitter:title":"Il progetto del parco solare \u00e8 stato completato cinque mesi prima del previsto - immo!nvest - Die Plattform f\u00fcr Standorte und Immobilien","twitter:description":"Con l'aiuto di Groupe E Greenwatt, Nexans ha messo in funzione 4000 moduli solari con una potenza di 1,7 megawatt su dieci tetti del suo sito di Cortaillod. Con un sistema installato nel 2015, il produttore di cavi copre ora oltre il 90 percento del proprio fabbisogno.","twitter:creator":"@i","twitter:image":"https:\/\/www.immo-invest.ch\/wp-content\/uploads\/2023\/11\/solar_15-scaled.jpg"},"aioseo_meta_data":{"post_id":"118259","title":null,"description":null,"keywords":null,"keyphrases":{"focus":{"keyphrase":"","score":0,"analysis":{"keyphraseInTitle":{"score":0,"maxScore":9,"error":1}}},"additional":[]},"primary_term":null,"canonical_url":null,"og_title":null,"og_description":null,"og_object_type":"default","og_image_type":"default","og_image_url":null,"og_image_width":null,"og_image_height":null,"og_image_custom_url":null,"og_image_custom_fields":null,"og_video":"","og_custom_url":null,"og_article_section":null,"og_article_tags":null,"twitter_use_og":false,"twitter_card":"default","twitter_image_type":"default","twitter_image_url":null,"twitter_image_custom_url":null,"twitter_image_custom_fields":null,"twitter_title":null,"twitter_description":null,"schema":{"blockGraphs":[],"customGraphs":[],"default":{"data":{"Article":[],"Course":[],"Dataset":[],"FAQPage":[],"Movie":[],"Person":[],"Product":[],"ProductReview":[],"Car":[],"Recipe":[],"Service":[],"SoftwareApplication":[],"WebPage":[]},"graphName":"BlogPosting","isEnabled":true},"graphs":[]},"schema_type":"default","schema_type_options":null,"pillar_content":false,"robots_default":true,"robots_noindex":false,"robots_noarchive":false,"robots_nosnippet":false,"robots_nofollow":false,"robots_noimageindex":false,"robots_noodp":false,"robots_notranslate":false,"robots_max_snippet":"-1","robots_max_videopreview":"-1","robots_max_imagepreview":"large","priority":null,"frequency":"default","local_seo":null,"breadcrumb_settings":null,"limit_modified_date":false,"ai":null,"created":"2024-10-28 10:59:05","updated":"2025-10-24 12:11:15","seo_analyzer_scan_date":null,"focus_keyword":null,"additional_keywords":null,"truseo_locale":null},"aioseo_breadcrumb":"<div class=\"aioseo-breadcrumbs\"><span class=\"aioseo-breadcrumb\">\n\t\t\t<a href=\"https:\/\/www.immo-invest.ch\/it\/\" title=\"Home\">Home<\/a>\n\t\t<\/span><span class=\"aioseo-breadcrumb-separator\">&raquo;<\/span><span class=\"aioseo-breadcrumb\">\n\t\t\t<a href=\"https:\/\/www.immo-invest.ch\/it\/categoria\/regioni\/\" title=\"Regioni\">Regioni<\/a>\n\t\t<\/span><span class=\"aioseo-breadcrumb-separator\">&raquo;<\/span><span class=\"aioseo-breadcrumb\">\n\t\t\t<a href=\"https:\/\/www.immo-invest.ch\/it\/categoria\/regioni\/svizzera\/\" title=\"Svizzera\">Svizzera<\/a>\n\t\t<\/span><span class=\"aioseo-breadcrumb-separator\">&raquo;<\/span><span class=\"aioseo-breadcrumb\">\n\t\t\t<a href=\"https:\/\/www.immo-invest.ch\/it\/categoria\/regioni\/svizzera\/espace-mittelland\/\" title=\"Espace Mittelland\">Espace Mittelland<\/a>\n\t\t<\/span><span class=\"aioseo-breadcrumb-separator\">&raquo;<\/span><span class=\"aioseo-breadcrumb\">\n\t\t\t<a href=\"https:\/\/www.immo-invest.ch\/it\/categoria\/regioni\/svizzera\/espace-mittelland\/neuenburg-it\/\" title=\"Neuenburg\">Neuenburg<\/a>\n\t\t<\/span><span class=\"aioseo-breadcrumb-separator\">&raquo;<\/span><span class=\"aioseo-breadcrumb\">\n\t\t\tIl progetto del parco solare \u00e8 stato completato cinque mesi prima del previsto\n\t\t<\/span><\/div>","aioseo_breadcrumb_json":[{"label":"Home","link":"https:\/\/www.immo-invest.ch\/it\/"},{"label":"Regioni","link":"https:\/\/www.immo-invest.ch\/it\/categoria\/regioni\/"},{"label":"Svizzera","link":"https:\/\/www.immo-invest.ch\/it\/categoria\/regioni\/svizzera\/"},{"label":"Espace Mittelland","link":"https:\/\/www.immo-invest.ch\/it\/categoria\/regioni\/svizzera\/espace-mittelland\/"},{"label":"Neuenburg","link":"https:\/\/www.immo-invest.ch\/it\/categoria\/regioni\/svizzera\/espace-mittelland\/neuenburg-it\/"},{"label":"Il progetto del parco solare \u00e8 stato completato cinque mesi prima del previsto","link":"https:\/\/www.immo-invest.ch\/it\/solarpark-projekt-fuenf-monate-frueher-als-geplant-fertiggestellt\/"}],"featured_image_src":"https:\/\/www.immo-invest.ch\/wp-content\/uploads\/2023\/11\/solar_15-336x168.jpg","_links":{"self":[{"href":"https:\/\/www.immo-invest.ch\/it\/wp-json\/wp\/v2\/posts\/118259","targetHints":{"allow":["GET"]}}],"collection":[{"href":"https:\/\/www.immo-invest.ch\/it\/wp-json\/wp\/v2\/posts"}],"about":[{"href":"https:\/\/www.immo-invest.ch\/it\/wp-json\/wp\/v2\/types\/post"}],"author":[{"embeddable":true,"href":"https:\/\/www.immo-invest.ch\/it\/wp-json\/wp\/v2\/users\/2"}],"replies":[{"embeddable":true,"href":"https:\/\/www.immo-invest.ch\/it\/wp-json\/wp\/v2\/comments?post=118259"}],"version-history":[{"count":0,"href":"https:\/\/www.immo-invest.ch\/it\/wp-json\/wp\/v2\/posts\/118259\/revisions"}],"wp:featuredmedia":[{"embeddable":true,"href":"https:\/\/www.immo-invest.ch\/it\/wp-json\/wp\/v2\/media\/67180"}],"wp:attachment":[{"href":"https:\/\/www.immo-invest.ch\/it\/wp-json\/wp\/v2\/media?parent=118259"}],"wp:term":[{"taxonomy":"category","embeddable":true,"href":"https:\/\/www.immo-invest.ch\/it\/wp-json\/wp\/v2\/categories?post=118259"},{"taxonomy":"post_tag","embeddable":true,"href":"https:\/\/www.immo-invest.ch\/it\/wp-json\/wp\/v2\/tags?post=118259"}],"curies":[{"name":"wp","href":"https:\/\/api.w.org\/{rel}","templated":true}]}}