{"id":117874,"date":"2024-10-22T16:07:31","date_gmt":"2024-10-22T14:07:31","guid":{"rendered":"https:\/\/www.immo-invest.ch\/zug-verabschiedet-nachhaltige-energieziele\/"},"modified":"2024-10-22T16:18:56","modified_gmt":"2024-10-22T14:18:56","slug":"zug-verabschiedet-nachhaltige-energieziele","status":"publish","type":"post","link":"https:\/\/www.immo-invest.ch\/it\/zug-verabschiedet-nachhaltige-energieziele\/","title":{"rendered":"Zug adotta obiettivi di energia sostenibile"},"content":{"rendered":"<p class=\"wp-block-paragraph\">Il consumo di energia nel Cantone di Zugo ammonta a quasi 3.000 gigawattora all&rsquo;anno, con gli edifici e la mobilit&agrave; che rappresentano la quota maggiore. La nuova strategia energetica e climatica del Governo cantonale (EKS) mira a ridurre il consumo di energia e ad affidarsi maggiormente alle energie rinnovabili. Allo stesso tempo, il Governo vuole rafforzare la sicurezza dell&rsquo;approvvigionamento nel Cantone e ridurre le emissioni di gas serra a zero entro il 2050. Con chiari obiettivi intermedi fino al 2030, il Governo sta concretizzando il percorso verso questi ambiziosi obiettivi.<\/p>\n\n\n\n\n\n<p class=\"wp-block-paragraph\"><strong><br>Investimenti nell&rsquo;energia solare e nell&rsquo;accumulo di energia<\/strong>Una componente centrale della strategia &egrave; l&rsquo;aumento della produzione di energia solare nel Cantone. Allo stesso tempo, sono previsti investimenti in tecnologie innovative di stoccaggio dell&rsquo;energia, come l&rsquo;idrogeno. &ldquo;Vogliamo dare forma all&rsquo;infrastruttura energetica del futuro attraverso una stretta collaborazione con l&rsquo;industria e la scienza&rdquo;, spiega il Direttore delle Costruzioni Florian Weber. Gli edifici del Cantone dovrebbero anche servire sempre pi&ugrave; come produttori di energia, diventando cos&igrave; un hub energetico.<strong><\/strong><\/p>\n\n\n\n\n\n<p class=\"wp-block-paragraph\"><strong><br>Sostenibilit&agrave; in agricoltura e tecnologie ad emissioni negative<\/strong>Nell&rsquo;ambito del progetto di sostenibilit&agrave; KERB, il Cantone si sta concentrando sulle misure in agricoltura per ridurre le emissioni di CO2. Le foreste e le brughiere svolgono un ruolo centrale nel sequestro di CO2. Per le emissioni inevitabili, il Cantone si sta concentrando sulle tecnologie di emissione negativa, che hanno lo scopo di rimuovere in modo permanente la CO2 dall&rsquo;atmosfera. Uno studio deve determinare il potenziale di queste tecnologie nel Cantone.<strong><\/strong><\/p>\n\n\n\n\n\n<p class=\"wp-block-paragraph\"><strong><br>Adattarsi al cambiamento climatico<\/strong>Oltre a ridurre le emissioni, il Cantone di Zugo si sta preparando agli effetti del cambiamento climatico. Una strategia cantonale sui rischi naturali mira a minimizzare i rischi legati al clima, come il calore e i parassiti invasivi. Allo stesso tempo, si sta investendo in superfici stradali adattate al clima e in una gestione forestale sostenibile, per garantire <span class=\"glossaryLink\"  aria-describedby=\"tt\"  data-cmtooltip=\"&lt;div class=glossaryItemTitle&gt;SIA&lt;\/div&gt;&lt;div class=glossaryItemBody&gt;Schweizerischer Ingenieur- und Architektenverein; massgebender Berufsverband f&uuml;r qualifizierte Fachleute der Bereiche Bau, Technik und Umwelt mit rund f&uuml;nfzehntausend Mitgliedern&lt;\/div&gt;\"  data-mobile-support=\"0\"  data-gt-translate-attributes='[{\"attribute\":\"data-cmtooltip\", \"format\":\"html\"}]' tabindex='0' role='link'>sia<\/span> la protezione che le aree ricreative.<strong><\/strong><\/p>\n\n","protected":false},"excerpt":{"rendered":"<p>Con la sua nuova strategia per l&#8217;energia e il clima, il governo cantonale di Zugo si concentra sull&#8217;innovazione e sulla cooperazione. L&#8217;obiettivo \u00e8 ridurre il fabbisogno energetico, promuovere le energie rinnovabili e ridurre le emissioni di gas serra a zero entro il 2050. Per raggiungere questo obiettivo, sono chiamate in causa tutte le parti interessate, dall&#8217;economia alla popolazione.<\/p>\n","protected":false},"author":2,"featured_media":117868,"comment_status":"open","ping_status":"open","sticky":false,"template":"","format":"standard","meta":{"pmpro_default_level":"","inline_featured_image":false,"_monsterinsights_skip_tracking":false,"footnotes":""},"categories":[8750,22700,8742],"tags":[45818,4790,45305,40246,852,867,3935,50089,9757,4868,1961,34668,2006,869,2365],"class_list":["post-117874","post","type-post","status-publish","format-standard","has-post-thumbnail","hentry","category-energia","category-sostenibilita","category-zug-immoregionen-it","tag-co2-reduktion-2-it","tag-energiebedarf-it","tag-energiespeicherung-it","tag-erneuerbare-energien-it","tag-immobilien-it","tag-immoinvest-it","tag-immonews-it","tag-kanton-zug-it","tag-klimastrategie-it","tag-klimawandel-it","tag-nachhaltigkeit-it","tag-negativemissionen-it","tag-news-it","tag-schweiz-it","tag-solarstrom-it","pmpro-has-access"],"acf":{"bild_mit_ki_erstellt_worden":[],"lead":"Der Regierungsrat des Kantons Zug setzt mit seiner neuen Energie- und Klimastrategie auf Innovation und Kooperation. Ziel ist es, den Energiebedarf zu senken, erneuerbare Energien zu f\u00f6rdern und die Treibhausgasemissionen bis 2050 auf Netto-Null zu reduzieren. Daf\u00fcr sind alle Akteure, von der Wirtschaft bis zur Bev\u00f6lkerung, gefragt.","autor":"Quelle: Zug","ort":"","bildunterschrift":"","bild_im_grid":false,"gallerie":"","newsim":""},"aioseo_notices":[],"aioseo_head":"\n\t\t<!-- All in One SEO 5.0.0.1 - aioseo.com -->\n\t<meta name=\"description\" content=\"Con la sua nuova strategia per l&#039;energia e il clima, il governo cantonale di Zugo si concentra sull&#039;innovazione e sulla cooperazione. L&#039;obiettivo \u00e8 ridurre il fabbisogno energetico, promuovere le energie rinnovabili e ridurre le emissioni di gas serra a zero entro il 2050. Per raggiungere questo obiettivo, sono chiamate in causa tutte le parti interessate, dall&#039;economia alla popolazione.\" \/>\n\t<meta name=\"robots\" content=\"max-image-preview:large\" \/>\n\t<meta name=\"author\" content=\"immovestuser\"\/>\n\t<meta name=\"google-site-verification\" content=\"fHJKvgWpZCR2zVBHWfkQeFXC11qieUSff0HGNYfuyLA\" \/>\n\t<link rel=\"canonical\" href=\"https:\/\/www.immo-invest.ch\/it\/zug-verabschiedet-nachhaltige-energieziele\/\" \/>\n\t<meta name=\"generator\" content=\"All in One SEO (AIOSEO) 5.0.0.1\" \/>\n\t\t<meta property=\"og:locale\" content=\"it_IT\" \/>\n\t\t<meta property=\"og:site_name\" content=\"immo!nvest - Die Plattform f\u00fcr Standorte und Immobilien - Die\u00a0Plattform f\u00fcr Standorte und Immobilien\" \/>\n\t\t<meta property=\"og:type\" content=\"article\" \/>\n\t\t<meta property=\"og:title\" content=\"Zug adotta obiettivi di energia sostenibile - immo!nvest - Die Plattform f\u00fcr Standorte und Immobilien\" \/>\n\t\t<meta property=\"og:description\" content=\"Con la sua nuova strategia per l&#039;energia e il clima, il governo cantonale di Zugo si concentra sull&#039;innovazione e sulla cooperazione. L&#039;obiettivo \u00e8 ridurre il fabbisogno energetico, promuovere le energie rinnovabili e ridurre le emissioni di gas serra a zero entro il 2050. Per raggiungere questo obiettivo, sono chiamate in causa tutte le parti interessate, dall&#039;economia alla popolazione.\" \/>\n\t\t<meta property=\"og:url\" content=\"https:\/\/www.immo-invest.ch\/it\/zug-verabschiedet-nachhaltige-energieziele\/\" \/>\n\t\t<meta property=\"og:image\" content=\"https:\/\/www.immo-invest.ch\/wp-content\/uploads\/2024\/10\/Photovoltaik_Oberwil.jpg\" \/>\n\t\t<meta property=\"og:image:secure_url\" content=\"https:\/\/www.immo-invest.ch\/wp-content\/uploads\/2024\/10\/Photovoltaik_Oberwil.jpg\" \/>\n\t\t<meta property=\"og:image:width\" content=\"2362\" \/>\n\t\t<meta property=\"og:image:height\" content=\"1577\" \/>\n\t\t<meta property=\"article:published_time\" content=\"2024-10-22T14:07:31+00:00\" \/>\n\t\t<meta property=\"article:modified_time\" content=\"2024-10-22T14:18:56+00:00\" \/>\n\t\t<meta property=\"article:publisher\" content=\"https:\/\/www.facebook.com\/people\/Immoinvest\/100077962920504\/\" \/>\n\t\t<meta name=\"twitter:card\" content=\"summary_large_image\" \/>\n\t\t<meta name=\"twitter:site\" content=\"@i\" \/>\n\t\t<meta name=\"twitter:title\" content=\"Zug adotta obiettivi di energia sostenibile - immo!nvest - Die Plattform f\u00fcr Standorte und Immobilien\" \/>\n\t\t<meta name=\"twitter:description\" content=\"Con la sua nuova strategia per l&#039;energia e il clima, il governo cantonale di Zugo si concentra sull&#039;innovazione e sulla cooperazione. L&#039;obiettivo \u00e8 ridurre il fabbisogno energetico, promuovere le energie rinnovabili e ridurre le emissioni di gas serra a zero entro il 2050. Per raggiungere questo obiettivo, sono chiamate in causa tutte le parti interessate, dall&#039;economia alla popolazione.\" \/>\n\t\t<meta name=\"twitter:creator\" content=\"@i\" \/>\n\t\t<meta name=\"twitter:image\" content=\"https:\/\/www.immo-invest.ch\/wp-content\/uploads\/2024\/10\/Photovoltaik_Oberwil.jpg\" \/>\n\t\t<script type=\"application\/ld+json\" class=\"aioseo-schema\">\n\t\t\t{\"@context\":\"https:\\\/\\\/schema.org\",\"@graph\":[{\"@type\":\"BlogPosting\",\"@id\":\"https:\\\/\\\/www.immo-invest.ch\\\/it\\\/zug-verabschiedet-nachhaltige-energieziele\\\/#blogposting\",\"name\":\"Zug adotta obiettivi di energia sostenibile - immo!nvest - Die Plattform f\\u00fcr Standorte und Immobilien\",\"headline\":\"Zug adotta obiettivi di energia sostenibile\",\"author\":{\"@id\":\"https:\\\/\\\/www.immo-invest.ch\\\/it\\\/author\\\/immovestuser\\\/#author\"},\"publisher\":{\"@id\":\"https:\\\/\\\/www.immo-invest.ch\\\/it\\\/#organization\"},\"image\":{\"@type\":\"ImageObject\",\"url\":\"https:\\\/\\\/www.immo-invest.ch\\\/wp-content\\\/uploads\\\/2024\\\/10\\\/Photovoltaik_Oberwil.jpg\",\"width\":2362,\"height\":1577},\"datePublished\":\"2024-10-22T16:07:31+02:00\",\"dateModified\":\"2024-10-22T16:18:56+02:00\",\"inLanguage\":\"it-IT\",\"mainEntityOfPage\":{\"@id\":\"https:\\\/\\\/www.immo-invest.ch\\\/it\\\/zug-verabschiedet-nachhaltige-energieziele\\\/#webpage\"},\"isPartOf\":{\"@id\":\"https:\\\/\\\/www.immo-invest.ch\\\/it\\\/zug-verabschiedet-nachhaltige-energieziele\\\/#webpage\"},\"articleSection\":\"Energia, Sostenibilit\\u00e0, Zug, CO2-Reduktion, Energiebedarf, Energiespeicherung, Erneuerbare Energien, immobilien, Immoinvest, immoNews, Kanton Zug, Klimastrategie, Klimawandel, Nachhaltigkeit, Negativemissionen, News, Schweiz, Solarstrom, Optional\"},{\"@type\":\"BreadcrumbList\",\"@id\":\"https:\\\/\\\/www.immo-invest.ch\\\/it\\\/zug-verabschiedet-nachhaltige-energieziele\\\/#breadcrumblist\",\"itemListElement\":[{\"@type\":\"ListItem\",\"@id\":\"https:\\\/\\\/www.immo-invest.ch\\\/it\\\/#listItem\",\"position\":1,\"name\":\"Home\",\"item\":\"https:\\\/\\\/www.immo-invest.ch\\\/it\\\/\",\"nextItem\":{\"@type\":\"ListItem\",\"@id\":\"https:\\\/\\\/www.immo-invest.ch\\\/it\\\/categoria\\\/regioni\\\/#listItem\",\"name\":\"Regioni\"}},{\"@type\":\"ListItem\",\"@id\":\"https:\\\/\\\/www.immo-invest.ch\\\/it\\\/categoria\\\/regioni\\\/#listItem\",\"position\":2,\"name\":\"Regioni\",\"item\":\"https:\\\/\\\/www.immo-invest.ch\\\/it\\\/categoria\\\/regioni\\\/\",\"nextItem\":{\"@type\":\"ListItem\",\"@id\":\"https:\\\/\\\/www.immo-invest.ch\\\/it\\\/categoria\\\/regioni\\\/svizzera\\\/#listItem\",\"name\":\"Svizzera\"},\"previousItem\":{\"@type\":\"ListItem\",\"@id\":\"https:\\\/\\\/www.immo-invest.ch\\\/it\\\/#listItem\",\"name\":\"Home\"}},{\"@type\":\"ListItem\",\"@id\":\"https:\\\/\\\/www.immo-invest.ch\\\/it\\\/categoria\\\/regioni\\\/svizzera\\\/#listItem\",\"position\":3,\"name\":\"Svizzera\",\"item\":\"https:\\\/\\\/www.immo-invest.ch\\\/it\\\/categoria\\\/regioni\\\/svizzera\\\/\",\"nextItem\":{\"@type\":\"ListItem\",\"@id\":\"https:\\\/\\\/www.immo-invest.ch\\\/it\\\/categoria\\\/regioni\\\/svizzera\\\/zentralschweiz-it\\\/#listItem\",\"name\":\"Zentralschweiz\"},\"previousItem\":{\"@type\":\"ListItem\",\"@id\":\"https:\\\/\\\/www.immo-invest.ch\\\/it\\\/categoria\\\/regioni\\\/#listItem\",\"name\":\"Regioni\"}},{\"@type\":\"ListItem\",\"@id\":\"https:\\\/\\\/www.immo-invest.ch\\\/it\\\/categoria\\\/regioni\\\/svizzera\\\/zentralschweiz-it\\\/#listItem\",\"position\":4,\"name\":\"Zentralschweiz\",\"item\":\"https:\\\/\\\/www.immo-invest.ch\\\/it\\\/categoria\\\/regioni\\\/svizzera\\\/zentralschweiz-it\\\/\",\"nextItem\":{\"@type\":\"ListItem\",\"@id\":\"https:\\\/\\\/www.immo-invest.ch\\\/it\\\/categoria\\\/regioni\\\/svizzera\\\/zentralschweiz-it\\\/zug-immoregionen-it\\\/#listItem\",\"name\":\"Zug\"},\"previousItem\":{\"@type\":\"ListItem\",\"@id\":\"https:\\\/\\\/www.immo-invest.ch\\\/it\\\/categoria\\\/regioni\\\/svizzera\\\/#listItem\",\"name\":\"Svizzera\"}},{\"@type\":\"ListItem\",\"@id\":\"https:\\\/\\\/www.immo-invest.ch\\\/it\\\/categoria\\\/regioni\\\/svizzera\\\/zentralschweiz-it\\\/zug-immoregionen-it\\\/#listItem\",\"position\":5,\"name\":\"Zug\",\"item\":\"https:\\\/\\\/www.immo-invest.ch\\\/it\\\/categoria\\\/regioni\\\/svizzera\\\/zentralschweiz-it\\\/zug-immoregionen-it\\\/\",\"nextItem\":{\"@type\":\"ListItem\",\"@id\":\"https:\\\/\\\/www.immo-invest.ch\\\/it\\\/zug-verabschiedet-nachhaltige-energieziele\\\/#listItem\",\"name\":\"Zug adotta obiettivi di energia sostenibile\"},\"previousItem\":{\"@type\":\"ListItem\",\"@id\":\"https:\\\/\\\/www.immo-invest.ch\\\/it\\\/categoria\\\/regioni\\\/svizzera\\\/zentralschweiz-it\\\/#listItem\",\"name\":\"Zentralschweiz\"}},{\"@type\":\"ListItem\",\"@id\":\"https:\\\/\\\/www.immo-invest.ch\\\/it\\\/zug-verabschiedet-nachhaltige-energieziele\\\/#listItem\",\"position\":6,\"name\":\"Zug adotta obiettivi di energia sostenibile\",\"previousItem\":{\"@type\":\"ListItem\",\"@id\":\"https:\\\/\\\/www.immo-invest.ch\\\/it\\\/categoria\\\/regioni\\\/svizzera\\\/zentralschweiz-it\\\/zug-immoregionen-it\\\/#listItem\",\"name\":\"Zug\"}}]},{\"@type\":\"Organization\",\"@id\":\"https:\\\/\\\/www.immo-invest.ch\\\/it\\\/#organization\",\"name\":\"immo!nvest - Die Plattform f\\u00fcr Standorte und Immobilien\",\"description\":\"Die\\u00a0Plattform f\\u00fcr Standorte und Immobilien\",\"url\":\"https:\\\/\\\/www.immo-invest.ch\\\/it\\\/\",\"email\":\"admin@immomedia.ag\",\"telephone\":\"+41444420002\",\"logo\":{\"@type\":\"ImageObject\",\"url\":\"https:\\\/\\\/www.immo-invest.ch\\\/wp-content\\\/uploads\\\/2024\\\/09\\\/immoinvest_sm-scaled.jpg\",\"@id\":\"https:\\\/\\\/www.immo-invest.ch\\\/it\\\/zug-verabschiedet-nachhaltige-energieziele\\\/#organizationLogo\",\"width\":2560,\"height\":1340},\"image\":{\"@id\":\"https:\\\/\\\/www.immo-invest.ch\\\/it\\\/zug-verabschiedet-nachhaltige-energieziele\\\/#organizationLogo\"},\"sameAs\":[\"https:\\\/\\\/www.facebook.com\\\/people\\\/Immoinvest\\\/100077962920504\\\/\",\"https:\\\/\\\/x.com\\\/i\\\/flow\\\/login?redirect_after_login=immoinvest_ch\",\"https:\\\/\\\/www.instagram.com\\\/immoinvest_ch\\\/\",\"https:\\\/\\\/www.linkedin.com\\\/company\\\/immoinvest-swiss\"]},{\"@type\":\"Person\",\"@id\":\"https:\\\/\\\/www.immo-invest.ch\\\/it\\\/author\\\/immovestuser\\\/#author\",\"url\":\"https:\\\/\\\/www.immo-invest.ch\\\/it\\\/author\\\/immovestuser\\\/\",\"name\":\"immovestuser\",\"image\":{\"@type\":\"ImageObject\",\"@id\":\"https:\\\/\\\/www.immo-invest.ch\\\/it\\\/zug-verabschiedet-nachhaltige-energieziele\\\/#authorImage\",\"url\":\"https:\\\/\\\/secure.gravatar.com\\\/avatar\\\/8e01f4d99f2eeea7a362ebb93305e1172a70e9293ba250f897a65c39f54cdd1e?s=96&d=mm&r=g\",\"width\":96,\"height\":96,\"caption\":\"immovestuser\"}},{\"@type\":\"WebPage\",\"@id\":\"https:\\\/\\\/www.immo-invest.ch\\\/it\\\/zug-verabschiedet-nachhaltige-energieziele\\\/#webpage\",\"url\":\"https:\\\/\\\/www.immo-invest.ch\\\/it\\\/zug-verabschiedet-nachhaltige-energieziele\\\/\",\"name\":\"Zug adotta obiettivi di energia sostenibile - immo!nvest - Die Plattform f\\u00fcr Standorte und Immobilien\",\"description\":\"Con la sua nuova strategia per l'energia e il clima, il governo cantonale di Zugo si concentra sull'innovazione e sulla cooperazione. L'obiettivo \\u00e8 ridurre il fabbisogno energetico, promuovere le energie rinnovabili e ridurre le emissioni di gas serra a zero entro il 2050. Per raggiungere questo obiettivo, sono chiamate in causa tutte le parti interessate, dall'economia alla popolazione.\",\"inLanguage\":\"it-IT\",\"isPartOf\":{\"@id\":\"https:\\\/\\\/www.immo-invest.ch\\\/it\\\/#website\"},\"breadcrumb\":{\"@id\":\"https:\\\/\\\/www.immo-invest.ch\\\/it\\\/zug-verabschiedet-nachhaltige-energieziele\\\/#breadcrumblist\"},\"author\":{\"@id\":\"https:\\\/\\\/www.immo-invest.ch\\\/it\\\/author\\\/immovestuser\\\/#author\"},\"creator\":{\"@id\":\"https:\\\/\\\/www.immo-invest.ch\\\/it\\\/author\\\/immovestuser\\\/#author\"},\"image\":{\"@type\":\"ImageObject\",\"url\":\"https:\\\/\\\/www.immo-invest.ch\\\/wp-content\\\/uploads\\\/2024\\\/10\\\/Photovoltaik_Oberwil.jpg\",\"@id\":\"https:\\\/\\\/www.immo-invest.ch\\\/it\\\/zug-verabschiedet-nachhaltige-energieziele\\\/#mainImage\",\"width\":2362,\"height\":1577},\"primaryImageOfPage\":{\"@id\":\"https:\\\/\\\/www.immo-invest.ch\\\/it\\\/zug-verabschiedet-nachhaltige-energieziele\\\/#mainImage\"},\"datePublished\":\"2024-10-22T16:07:31+02:00\",\"dateModified\":\"2024-10-22T16:18:56+02:00\"},{\"@type\":\"WebSite\",\"@id\":\"https:\\\/\\\/www.immo-invest.ch\\\/it\\\/#website\",\"url\":\"https:\\\/\\\/www.immo-invest.ch\\\/it\\\/\",\"name\":\"immo!nvest - Die Plattform f\\u00fcr Standorte und Immobilien\",\"description\":\"Die\\u00a0Plattform f\\u00fcr Standorte und Immobilien\",\"inLanguage\":\"it-IT\",\"publisher\":{\"@id\":\"https:\\\/\\\/www.immo-invest.ch\\\/it\\\/#organization\"}}]}\n\t\t<\/script>\n\t\t<!-- All in One SEO -->\n\n","aioseo_head_json":{"title":"Zug adotta obiettivi di energia sostenibile - immo!nvest - Die Plattform f\u00fcr Standorte und Immobilien","description":"Con la sua nuova strategia per l'energia e il clima, il governo cantonale di Zugo si concentra sull'innovazione e sulla cooperazione. L'obiettivo \u00e8 ridurre il fabbisogno energetico, promuovere le energie rinnovabili e ridurre le emissioni di gas serra a zero entro il 2050. Per raggiungere questo obiettivo, sono chiamate in causa tutte le parti interessate, dall'economia alla popolazione.","canonical_url":"https:\/\/www.immo-invest.ch\/it\/zug-verabschiedet-nachhaltige-energieziele\/","robots":"max-image-preview:large","keywords":"","webmasterTools":{"google-site-verification":"fHJKvgWpZCR2zVBHWfkQeFXC11qieUSff0HGNYfuyLA","miscellaneous":""},"schema":{"@context":"https:\/\/schema.org","@graph":[{"@type":"BlogPosting","@id":"https:\/\/www.immo-invest.ch\/it\/zug-verabschiedet-nachhaltige-energieziele\/#blogposting","name":"Zug adotta obiettivi di energia sostenibile - immo!nvest - Die Plattform f\u00fcr Standorte und Immobilien","headline":"Zug adotta obiettivi di energia sostenibile","author":{"@id":"https:\/\/www.immo-invest.ch\/it\/author\/immovestuser\/#author"},"publisher":{"@id":"https:\/\/www.immo-invest.ch\/it\/#organization"},"image":{"@type":"ImageObject","url":"https:\/\/www.immo-invest.ch\/wp-content\/uploads\/2024\/10\/Photovoltaik_Oberwil.jpg","width":2362,"height":1577},"datePublished":"2024-10-22T16:07:31+02:00","dateModified":"2024-10-22T16:18:56+02:00","inLanguage":"it-IT","mainEntityOfPage":{"@id":"https:\/\/www.immo-invest.ch\/it\/zug-verabschiedet-nachhaltige-energieziele\/#webpage"},"isPartOf":{"@id":"https:\/\/www.immo-invest.ch\/it\/zug-verabschiedet-nachhaltige-energieziele\/#webpage"},"articleSection":"Energia, Sostenibilit\u00e0, Zug, CO2-Reduktion, Energiebedarf, Energiespeicherung, Erneuerbare Energien, immobilien, Immoinvest, immoNews, Kanton Zug, Klimastrategie, Klimawandel, Nachhaltigkeit, Negativemissionen, News, Schweiz, Solarstrom, Optional"},{"@type":"BreadcrumbList","@id":"https:\/\/www.immo-invest.ch\/it\/zug-verabschiedet-nachhaltige-energieziele\/#breadcrumblist","itemListElement":[{"@type":"ListItem","@id":"https:\/\/www.immo-invest.ch\/it\/#listItem","position":1,"name":"Home","item":"https:\/\/www.immo-invest.ch\/it\/","nextItem":{"@type":"ListItem","@id":"https:\/\/www.immo-invest.ch\/it\/categoria\/regioni\/#listItem","name":"Regioni"}},{"@type":"ListItem","@id":"https:\/\/www.immo-invest.ch\/it\/categoria\/regioni\/#listItem","position":2,"name":"Regioni","item":"https:\/\/www.immo-invest.ch\/it\/categoria\/regioni\/","nextItem":{"@type":"ListItem","@id":"https:\/\/www.immo-invest.ch\/it\/categoria\/regioni\/svizzera\/#listItem","name":"Svizzera"},"previousItem":{"@type":"ListItem","@id":"https:\/\/www.immo-invest.ch\/it\/#listItem","name":"Home"}},{"@type":"ListItem","@id":"https:\/\/www.immo-invest.ch\/it\/categoria\/regioni\/svizzera\/#listItem","position":3,"name":"Svizzera","item":"https:\/\/www.immo-invest.ch\/it\/categoria\/regioni\/svizzera\/","nextItem":{"@type":"ListItem","@id":"https:\/\/www.immo-invest.ch\/it\/categoria\/regioni\/svizzera\/zentralschweiz-it\/#listItem","name":"Zentralschweiz"},"previousItem":{"@type":"ListItem","@id":"https:\/\/www.immo-invest.ch\/it\/categoria\/regioni\/#listItem","name":"Regioni"}},{"@type":"ListItem","@id":"https:\/\/www.immo-invest.ch\/it\/categoria\/regioni\/svizzera\/zentralschweiz-it\/#listItem","position":4,"name":"Zentralschweiz","item":"https:\/\/www.immo-invest.ch\/it\/categoria\/regioni\/svizzera\/zentralschweiz-it\/","nextItem":{"@type":"ListItem","@id":"https:\/\/www.immo-invest.ch\/it\/categoria\/regioni\/svizzera\/zentralschweiz-it\/zug-immoregionen-it\/#listItem","name":"Zug"},"previousItem":{"@type":"ListItem","@id":"https:\/\/www.immo-invest.ch\/it\/categoria\/regioni\/svizzera\/#listItem","name":"Svizzera"}},{"@type":"ListItem","@id":"https:\/\/www.immo-invest.ch\/it\/categoria\/regioni\/svizzera\/zentralschweiz-it\/zug-immoregionen-it\/#listItem","position":5,"name":"Zug","item":"https:\/\/www.immo-invest.ch\/it\/categoria\/regioni\/svizzera\/zentralschweiz-it\/zug-immoregionen-it\/","nextItem":{"@type":"ListItem","@id":"https:\/\/www.immo-invest.ch\/it\/zug-verabschiedet-nachhaltige-energieziele\/#listItem","name":"Zug adotta obiettivi di energia sostenibile"},"previousItem":{"@type":"ListItem","@id":"https:\/\/www.immo-invest.ch\/it\/categoria\/regioni\/svizzera\/zentralschweiz-it\/#listItem","name":"Zentralschweiz"}},{"@type":"ListItem","@id":"https:\/\/www.immo-invest.ch\/it\/zug-verabschiedet-nachhaltige-energieziele\/#listItem","position":6,"name":"Zug adotta obiettivi di energia sostenibile","previousItem":{"@type":"ListItem","@id":"https:\/\/www.immo-invest.ch\/it\/categoria\/regioni\/svizzera\/zentralschweiz-it\/zug-immoregionen-it\/#listItem","name":"Zug"}}]},{"@type":"Organization","@id":"https:\/\/www.immo-invest.ch\/it\/#organization","name":"immo!nvest - Die Plattform f\u00fcr Standorte und Immobilien","description":"Die\u00a0Plattform f\u00fcr Standorte und Immobilien","url":"https:\/\/www.immo-invest.ch\/it\/","email":"admin@immomedia.ag","telephone":"+41444420002","logo":{"@type":"ImageObject","url":"https:\/\/www.immo-invest.ch\/wp-content\/uploads\/2024\/09\/immoinvest_sm-scaled.jpg","@id":"https:\/\/www.immo-invest.ch\/it\/zug-verabschiedet-nachhaltige-energieziele\/#organizationLogo","width":2560,"height":1340},"image":{"@id":"https:\/\/www.immo-invest.ch\/it\/zug-verabschiedet-nachhaltige-energieziele\/#organizationLogo"},"sameAs":["https:\/\/www.facebook.com\/people\/Immoinvest\/100077962920504\/","https:\/\/x.com\/i\/flow\/login?redirect_after_login=immoinvest_ch","https:\/\/www.instagram.com\/immoinvest_ch\/","https:\/\/www.linkedin.com\/company\/immoinvest-swiss"]},{"@type":"Person","@id":"https:\/\/www.immo-invest.ch\/it\/author\/immovestuser\/#author","url":"https:\/\/www.immo-invest.ch\/it\/author\/immovestuser\/","name":"immovestuser","image":{"@type":"ImageObject","@id":"https:\/\/www.immo-invest.ch\/it\/zug-verabschiedet-nachhaltige-energieziele\/#authorImage","url":"https:\/\/secure.gravatar.com\/avatar\/8e01f4d99f2eeea7a362ebb93305e1172a70e9293ba250f897a65c39f54cdd1e?s=96&d=mm&r=g","width":96,"height":96,"caption":"immovestuser"}},{"@type":"WebPage","@id":"https:\/\/www.immo-invest.ch\/it\/zug-verabschiedet-nachhaltige-energieziele\/#webpage","url":"https:\/\/www.immo-invest.ch\/it\/zug-verabschiedet-nachhaltige-energieziele\/","name":"Zug adotta obiettivi di energia sostenibile - immo!nvest - Die Plattform f\u00fcr Standorte und Immobilien","description":"Con la sua nuova strategia per l'energia e il clima, il governo cantonale di Zugo si concentra sull'innovazione e sulla cooperazione. L'obiettivo \u00e8 ridurre il fabbisogno energetico, promuovere le energie rinnovabili e ridurre le emissioni di gas serra a zero entro il 2050. Per raggiungere questo obiettivo, sono chiamate in causa tutte le parti interessate, dall'economia alla popolazione.","inLanguage":"it-IT","isPartOf":{"@id":"https:\/\/www.immo-invest.ch\/it\/#website"},"breadcrumb":{"@id":"https:\/\/www.immo-invest.ch\/it\/zug-verabschiedet-nachhaltige-energieziele\/#breadcrumblist"},"author":{"@id":"https:\/\/www.immo-invest.ch\/it\/author\/immovestuser\/#author"},"creator":{"@id":"https:\/\/www.immo-invest.ch\/it\/author\/immovestuser\/#author"},"image":{"@type":"ImageObject","url":"https:\/\/www.immo-invest.ch\/wp-content\/uploads\/2024\/10\/Photovoltaik_Oberwil.jpg","@id":"https:\/\/www.immo-invest.ch\/it\/zug-verabschiedet-nachhaltige-energieziele\/#mainImage","width":2362,"height":1577},"primaryImageOfPage":{"@id":"https:\/\/www.immo-invest.ch\/it\/zug-verabschiedet-nachhaltige-energieziele\/#mainImage"},"datePublished":"2024-10-22T16:07:31+02:00","dateModified":"2024-10-22T16:18:56+02:00"},{"@type":"WebSite","@id":"https:\/\/www.immo-invest.ch\/it\/#website","url":"https:\/\/www.immo-invest.ch\/it\/","name":"immo!nvest - Die Plattform f\u00fcr Standorte und Immobilien","description":"Die\u00a0Plattform f\u00fcr Standorte und Immobilien","inLanguage":"it-IT","publisher":{"@id":"https:\/\/www.immo-invest.ch\/it\/#organization"}}]},"og:locale":"it_IT","og:site_name":"immo!nvest - Die Plattform f\u00fcr Standorte und Immobilien - Die\u00a0Plattform f\u00fcr Standorte und Immobilien","og:type":"article","og:title":"Zug adotta obiettivi di energia sostenibile - immo!nvest - Die Plattform f\u00fcr Standorte und Immobilien","og:description":"Con la sua nuova strategia per l'energia e il clima, il governo cantonale di Zugo si concentra sull'innovazione e sulla cooperazione. L'obiettivo \u00e8 ridurre il fabbisogno energetico, promuovere le energie rinnovabili e ridurre le emissioni di gas serra a zero entro il 2050. Per raggiungere questo obiettivo, sono chiamate in causa tutte le parti interessate, dall'economia alla popolazione.","og:url":"https:\/\/www.immo-invest.ch\/it\/zug-verabschiedet-nachhaltige-energieziele\/","og:image":"https:\/\/www.immo-invest.ch\/wp-content\/uploads\/2024\/10\/Photovoltaik_Oberwil.jpg","og:image:secure_url":"https:\/\/www.immo-invest.ch\/wp-content\/uploads\/2024\/10\/Photovoltaik_Oberwil.jpg","og:image:width":2362,"og:image:height":1577,"article:published_time":"2024-10-22T14:07:31+00:00","article:modified_time":"2024-10-22T14:18:56+00:00","article:publisher":"https:\/\/www.facebook.com\/people\/Immoinvest\/100077962920504\/","twitter:card":"summary_large_image","twitter:site":"@i","twitter:title":"Zug adotta obiettivi di energia sostenibile - immo!nvest - Die Plattform f\u00fcr Standorte und Immobilien","twitter:description":"Con la sua nuova strategia per l'energia e il clima, il governo cantonale di Zugo si concentra sull'innovazione e sulla cooperazione. L'obiettivo \u00e8 ridurre il fabbisogno energetico, promuovere le energie rinnovabili e ridurre le emissioni di gas serra a zero entro il 2050. Per raggiungere questo obiettivo, sono chiamate in causa tutte le parti interessate, dall'economia alla popolazione.","twitter:creator":"@i","twitter:image":"https:\/\/www.immo-invest.ch\/wp-content\/uploads\/2024\/10\/Photovoltaik_Oberwil.jpg"},"aioseo_meta_data":{"post_id":"117874","title":null,"description":null,"keywords":null,"keyphrases":null,"primary_term":null,"canonical_url":null,"og_title":null,"og_description":null,"og_object_type":"default","og_image_type":"default","og_image_url":null,"og_image_width":null,"og_image_height":null,"og_image_custom_url":null,"og_image_custom_fields":null,"og_video":null,"og_custom_url":null,"og_article_section":null,"og_article_tags":null,"twitter_use_og":false,"twitter_card":"default","twitter_image_type":"default","twitter_image_url":null,"twitter_image_custom_url":null,"twitter_image_custom_fields":null,"twitter_title":null,"twitter_description":null,"schema":{"blockGraphs":[],"customGraphs":[],"default":{"data":{"Article":[],"Course":[],"Dataset":[],"FAQPage":[],"Movie":[],"Person":[],"Product":[],"ProductReview":[],"Car":[],"Recipe":[],"Service":[],"SoftwareApplication":[],"WebPage":[]},"graphName":"","isEnabled":true},"graphs":[]},"schema_type":"default","schema_type_options":null,"pillar_content":false,"robots_default":true,"robots_noindex":false,"robots_noarchive":false,"robots_nosnippet":false,"robots_nofollow":false,"robots_noimageindex":false,"robots_noodp":false,"robots_notranslate":false,"robots_max_snippet":null,"robots_max_videopreview":null,"robots_max_imagepreview":"large","priority":null,"frequency":null,"local_seo":null,"breadcrumb_settings":null,"limit_modified_date":false,"ai":null,"created":"2024-10-22 14:19:45","updated":"2025-10-24 11:59:17","seo_analyzer_scan_date":null,"focus_keyword":null,"additional_keywords":null,"truseo_locale":null},"aioseo_breadcrumb":"<div class=\"aioseo-breadcrumbs\"><span class=\"aioseo-breadcrumb\">\n\t\t\t<a href=\"https:\/\/www.immo-invest.ch\/it\/\" title=\"Home\">Home<\/a>\n\t\t<\/span><span class=\"aioseo-breadcrumb-separator\">&raquo;<\/span><span class=\"aioseo-breadcrumb\">\n\t\t\t<a href=\"https:\/\/www.immo-invest.ch\/it\/categoria\/regioni\/\" title=\"Regioni\">Regioni<\/a>\n\t\t<\/span><span class=\"aioseo-breadcrumb-separator\">&raquo;<\/span><span class=\"aioseo-breadcrumb\">\n\t\t\t<a href=\"https:\/\/www.immo-invest.ch\/it\/categoria\/regioni\/svizzera\/\" title=\"Svizzera\">Svizzera<\/a>\n\t\t<\/span><span class=\"aioseo-breadcrumb-separator\">&raquo;<\/span><span class=\"aioseo-breadcrumb\">\n\t\t\t<a href=\"https:\/\/www.immo-invest.ch\/it\/categoria\/regioni\/svizzera\/zentralschweiz-it\/\" title=\"Zentralschweiz\">Zentralschweiz<\/a>\n\t\t<\/span><span class=\"aioseo-breadcrumb-separator\">&raquo;<\/span><span class=\"aioseo-breadcrumb\">\n\t\t\t<a href=\"https:\/\/www.immo-invest.ch\/it\/categoria\/regioni\/svizzera\/zentralschweiz-it\/zug-immoregionen-it\/\" title=\"Zug\">Zug<\/a>\n\t\t<\/span><span class=\"aioseo-breadcrumb-separator\">&raquo;<\/span><span class=\"aioseo-breadcrumb\">\n\t\t\tZug adotta obiettivi di energia sostenibile\n\t\t<\/span><\/div>","aioseo_breadcrumb_json":[{"label":"Home","link":"https:\/\/www.immo-invest.ch\/it\/"},{"label":"Regioni","link":"https:\/\/www.immo-invest.ch\/it\/categoria\/regioni\/"},{"label":"Svizzera","link":"https:\/\/www.immo-invest.ch\/it\/categoria\/regioni\/svizzera\/"},{"label":"Zentralschweiz","link":"https:\/\/www.immo-invest.ch\/it\/categoria\/regioni\/svizzera\/zentralschweiz-it\/"},{"label":"Zug","link":"https:\/\/www.immo-invest.ch\/it\/categoria\/regioni\/svizzera\/zentralschweiz-it\/zug-immoregionen-it\/"},{"label":"Zug adotta obiettivi di energia sostenibile","link":"https:\/\/www.immo-invest.ch\/it\/zug-verabschiedet-nachhaltige-energieziele\/"}],"featured_image_src":"https:\/\/www.immo-invest.ch\/wp-content\/uploads\/2024\/10\/Photovoltaik_Oberwil-336x168.jpg","_links":{"self":[{"href":"https:\/\/www.immo-invest.ch\/it\/wp-json\/wp\/v2\/posts\/117874","targetHints":{"allow":["GET"]}}],"collection":[{"href":"https:\/\/www.immo-invest.ch\/it\/wp-json\/wp\/v2\/posts"}],"about":[{"href":"https:\/\/www.immo-invest.ch\/it\/wp-json\/wp\/v2\/types\/post"}],"author":[{"embeddable":true,"href":"https:\/\/www.immo-invest.ch\/it\/wp-json\/wp\/v2\/users\/2"}],"replies":[{"embeddable":true,"href":"https:\/\/www.immo-invest.ch\/it\/wp-json\/wp\/v2\/comments?post=117874"}],"version-history":[{"count":0,"href":"https:\/\/www.immo-invest.ch\/it\/wp-json\/wp\/v2\/posts\/117874\/revisions"}],"wp:featuredmedia":[{"embeddable":true,"href":"https:\/\/www.immo-invest.ch\/it\/wp-json\/wp\/v2\/media\/117868"}],"wp:attachment":[{"href":"https:\/\/www.immo-invest.ch\/it\/wp-json\/wp\/v2\/media?parent=117874"}],"wp:term":[{"taxonomy":"category","embeddable":true,"href":"https:\/\/www.immo-invest.ch\/it\/wp-json\/wp\/v2\/categories?post=117874"},{"taxonomy":"post_tag","embeddable":true,"href":"https:\/\/www.immo-invest.ch\/it\/wp-json\/wp\/v2\/tags?post=117874"}],"curies":[{"name":"wp","href":"https:\/\/api.w.org\/{rel}","templated":true}]}}