{"id":117314,"date":"2024-10-17T08:23:41","date_gmt":"2024-10-17T06:23:41","guid":{"rendered":"https:\/\/www.immo-invest.ch\/fokus-auf-smarte-und-nachhaltige-gebaeude\/"},"modified":"2024-10-17T08:26:24","modified_gmt":"2024-10-17T06:26:24","slug":"fokus-auf-smarte-und-nachhaltige-gebaeude","status":"publish","type":"post","link":"https:\/\/www.immo-invest.ch\/it\/fokus-auf-smarte-und-nachhaltige-gebaeude\/","title":{"rendered":"Focus sugli edifici intelligenti e sostenibili"},"content":{"rendered":"<p class=\"bodytext\">Secondo un <a href=\"https:\/\/press.siemens.com\/global\/de\/pressemitteilung\/siemens-ernennt-susanne-seitz-zur-ceo-des-geschaeftsbereichs-buildings-um-wachstum\" target=\"_blank\" rel=\"noopener\">comunicato stampa<\/a>, Susanne Seitz &egrave; la prima responsabile della Divisione Edifici di <a href=\"https:\/\/www.siemens.com\/global\/en\/company\/about\/businesses\/smart-infrastructure.html\" target=\"_blank\" rel=\"noopener\">Siemens Smart Infrastructure<\/a>. In precedenza, in qualit&agrave; di Responsabile Vendite e Marketing di Siemens Smart Infrastructure, &egrave; stata responsabile della trasformazione digitale delle vendite e del marketing a livello globale, tra le altre cose. In precedenza, &egrave; stata membro della Direzione del Gruppo <a href=\"https:\/\/www.landisgyr.ch\/\" target=\"_blank\" rel=\"noopener\">Landis Gyr<\/a>. Di nazionalit&agrave; svizzera, ha studiato ingegneria ambientale presso l&rsquo;<a href=\"https:\/\/ethz.ch\/de.html\" target=\"_blank\" rel=\"noopener\">Istituto Federale di Tecnologia di Zurigo<\/a> e ha conseguito un Executive MBA presso l&rsquo;<a href=\"https:\/\/www.unisg.ch\/\" target=\"_blank\" rel=\"noopener\">Universit&agrave; di San Gallo<\/a>.<\/p>\n<p class=\"bodytext\">Dal 1&deg; ottobre, la Divisione Edifici ha raggruppato tutte le aree di <a href=\"https:\/\/www.siemens.com\/\" target=\"_blank\" rel=\"noopener\">Siemens<\/a> legate all&rsquo;edilizia. Ha quasi 30.000 dipendenti in tutto il mondo e lavora con un ecosistema di partner in 60 Paesi. &ldquo;Gli edifici sono responsabili di oltre il 40% delle emissioni globali annue di CO2 in tutto il mondo e abbiamo la responsabilit&agrave; di guidare la loro decarbonizzazione&rdquo;, ha dichiarato Matthias Rebellius, membro del Consiglio di Amministrazione e CEO di Smart Infrastructure, nel comunicato stampa. &ldquo;Gli edifici pi&ugrave; intelligenti creano un valore aggiunto per i proprietari, gli utenti, gli operatori e l&rsquo;ambiente nel suo complesso&rdquo;<\/p>\n<p class=\"bodytext\">La nuova business unit &egrave; destinata ad ampliare ulteriormente la posizione di leadership di Siemens nel mercato degli edifici. &ldquo;Con una tecnologia innovativa, possiamo accelerare la trasformazione verso edifici pi&ugrave; intelligenti, autonomi e autosufficienti, sfruttando i vantaggi dell&rsquo;intelligenza artificiale, della convergenza IT\/OT e dei servizi digitali&rdquo;, ha dichiarato Susanne Seitz.<\/p>\n<p class=\"bodytext\">Siemens Smart Infrastructure ha sede a Zug.<\/p>\n","protected":false},"excerpt":{"rendered":"<p>Susanne Seitz \u00e8 la nuova responsabile della Divisione Edifici di Siemens. L&#8217;obiettivo \u00e8 quello di espandere la posizione di leadership di Siemens nel mercato degli edifici e di promuovere edifici intelligenti e sostenibili attraverso la trasformazione digitale.<\/p>\n","protected":false},"author":2,"featured_media":117309,"comment_status":"open","ping_status":"open","sticky":false,"template":"","format":"standard","meta":{"pmpro_default_level":"","inline_featured_image":false,"_monsterinsights_skip_tracking":false,"footnotes":""},"categories":[745,4465,22695,8742],"tags":[1642,30344,867,3935,2006,2987],"class_list":["post-117314","post","type-post","status-publish","format-standard","has-post-thumbnail","hentry","category-immonews-it","category-persone","category-societa","category-zug-immoregionen-it","tag-digitalisierung-it","tag-gebaeudetechnologie-it","tag-immoinvest-it","tag-immonews-it","tag-news-it","tag-siemens-it","pmpro-has-access"],"acf":{"bild_mit_ki_erstellt_worden":[],"lead":"Susanne Seitz \u00e8 la nuova responsabile della Divisione Edifici di Siemens. L'obiettivo \u00e8 quello di espandere la posizione di leadership di Siemens nel mercato degli edifici e di promuovere edifici intelligenti e sostenibili attraverso la trasformazione digitale.","autor":"ce\/stk","ort":"Zug","bildunterschrift":"","bild_im_grid":false,"gallerie":"","newsim":""},"aioseo_notices":[],"aioseo_head":"\n\t\t<!-- All in One SEO 5.0.0.1 - aioseo.com -->\n\t<meta name=\"description\" content=\"Susanne Seitz \u00e8 la nuova responsabile della Divisione Edifici di Siemens. L&#039;obiettivo \u00e8 quello di espandere la posizione di leadership di Siemens nel mercato degli edifici e di promuovere edifici intelligenti e sostenibili attraverso la trasformazione digitale.\" \/>\n\t<meta name=\"robots\" content=\"max-image-preview:large\" \/>\n\t<meta name=\"author\" content=\"immovestuser\"\/>\n\t<meta name=\"google-site-verification\" content=\"fHJKvgWpZCR2zVBHWfkQeFXC11qieUSff0HGNYfuyLA\" \/>\n\t<link rel=\"canonical\" href=\"https:\/\/www.immo-invest.ch\/it\/fokus-auf-smarte-und-nachhaltige-gebaeude\/\" \/>\n\t<meta name=\"generator\" content=\"All in One SEO (AIOSEO) 5.0.0.1\" \/>\n\t\t<meta property=\"og:locale\" content=\"it_IT\" \/>\n\t\t<meta property=\"og:site_name\" content=\"immo!nvest - Die Plattform f\u00fcr Standorte und Immobilien - Die\u00a0Plattform f\u00fcr Standorte und Immobilien\" \/>\n\t\t<meta property=\"og:type\" content=\"article\" \/>\n\t\t<meta property=\"og:title\" content=\"Focus sugli edifici intelligenti e sostenibili - immo!nvest - Die Plattform f\u00fcr Standorte und Immobilien\" \/>\n\t\t<meta property=\"og:description\" content=\"Susanne Seitz \u00e8 la nuova responsabile della Divisione Edifici di Siemens. L&#039;obiettivo \u00e8 quello di espandere la posizione di leadership di Siemens nel mercato degli edifici e di promuovere edifici intelligenti e sostenibili attraverso la trasformazione digitale.\" \/>\n\t\t<meta property=\"og:url\" content=\"https:\/\/www.immo-invest.ch\/it\/fokus-auf-smarte-und-nachhaltige-gebaeude\/\" \/>\n\t\t<meta property=\"og:image\" content=\"https:\/\/www.immo-invest.ch\/wp-content\/uploads\/2024\/10\/Unbenannt-27.png\" \/>\n\t\t<meta property=\"og:image:secure_url\" content=\"https:\/\/www.immo-invest.ch\/wp-content\/uploads\/2024\/10\/Unbenannt-27.png\" \/>\n\t\t<meta property=\"og:image:width\" content=\"1792\" \/>\n\t\t<meta property=\"og:image:height\" content=\"1024\" \/>\n\t\t<meta property=\"article:published_time\" content=\"2024-10-17T06:23:41+00:00\" \/>\n\t\t<meta property=\"article:modified_time\" content=\"2024-10-17T06:26:24+00:00\" \/>\n\t\t<meta property=\"article:publisher\" content=\"https:\/\/www.facebook.com\/people\/Immoinvest\/100077962920504\/\" \/>\n\t\t<meta name=\"twitter:card\" content=\"summary_large_image\" \/>\n\t\t<meta name=\"twitter:site\" content=\"@i\" \/>\n\t\t<meta name=\"twitter:title\" content=\"Focus sugli edifici intelligenti e sostenibili - immo!nvest - Die Plattform f\u00fcr Standorte und Immobilien\" \/>\n\t\t<meta name=\"twitter:description\" content=\"Susanne Seitz \u00e8 la nuova responsabile della Divisione Edifici di Siemens. L&#039;obiettivo \u00e8 quello di espandere la posizione di leadership di Siemens nel mercato degli edifici e di promuovere edifici intelligenti e sostenibili attraverso la trasformazione digitale.\" \/>\n\t\t<meta name=\"twitter:creator\" content=\"@i\" \/>\n\t\t<meta name=\"twitter:image\" content=\"https:\/\/www.immo-invest.ch\/wp-content\/uploads\/2024\/10\/Unbenannt-27.png\" \/>\n\t\t<script type=\"application\/ld+json\" class=\"aioseo-schema\">\n\t\t\t{\"@context\":\"https:\\\/\\\/schema.org\",\"@graph\":[{\"@type\":\"BlogPosting\",\"@id\":\"https:\\\/\\\/www.immo-invest.ch\\\/it\\\/fokus-auf-smarte-und-nachhaltige-gebaeude\\\/#blogposting\",\"name\":\"Focus sugli edifici intelligenti e sostenibili - immo!nvest - Die Plattform f\\u00fcr Standorte und Immobilien\",\"headline\":\"Focus sugli edifici intelligenti e sostenibili\",\"author\":{\"@id\":\"https:\\\/\\\/www.immo-invest.ch\\\/it\\\/author\\\/immovestuser\\\/#author\"},\"publisher\":{\"@id\":\"https:\\\/\\\/www.immo-invest.ch\\\/it\\\/#organization\"},\"image\":{\"@type\":\"ImageObject\",\"url\":\"https:\\\/\\\/www.immo-invest.ch\\\/wp-content\\\/uploads\\\/2024\\\/10\\\/Unbenannt-27.png\",\"width\":1792,\"height\":1024},\"datePublished\":\"2024-10-17T08:23:41+02:00\",\"dateModified\":\"2024-10-17T08:26:24+02:00\",\"inLanguage\":\"it-IT\",\"mainEntityOfPage\":{\"@id\":\"https:\\\/\\\/www.immo-invest.ch\\\/it\\\/fokus-auf-smarte-und-nachhaltige-gebaeude\\\/#webpage\"},\"isPartOf\":{\"@id\":\"https:\\\/\\\/www.immo-invest.ch\\\/it\\\/fokus-auf-smarte-und-nachhaltige-gebaeude\\\/#webpage\"},\"articleSection\":\"immoNews, Persone, Societ\\u00e0, Zug, Digitalisierung, Geb\\u00e4udetechnologie, Immoinvest, immoNews, News, Siemens, Optional\"},{\"@type\":\"BreadcrumbList\",\"@id\":\"https:\\\/\\\/www.immo-invest.ch\\\/it\\\/fokus-auf-smarte-und-nachhaltige-gebaeude\\\/#breadcrumblist\",\"itemListElement\":[{\"@type\":\"ListItem\",\"@id\":\"https:\\\/\\\/www.immo-invest.ch\\\/it\\\/#listItem\",\"position\":1,\"name\":\"Home\",\"item\":\"https:\\\/\\\/www.immo-invest.ch\\\/it\\\/\",\"nextItem\":{\"@type\":\"ListItem\",\"@id\":\"https:\\\/\\\/www.immo-invest.ch\\\/it\\\/categoria\\\/regioni\\\/#listItem\",\"name\":\"Regioni\"}},{\"@type\":\"ListItem\",\"@id\":\"https:\\\/\\\/www.immo-invest.ch\\\/it\\\/categoria\\\/regioni\\\/#listItem\",\"position\":2,\"name\":\"Regioni\",\"item\":\"https:\\\/\\\/www.immo-invest.ch\\\/it\\\/categoria\\\/regioni\\\/\",\"nextItem\":{\"@type\":\"ListItem\",\"@id\":\"https:\\\/\\\/www.immo-invest.ch\\\/it\\\/categoria\\\/regioni\\\/svizzera\\\/#listItem\",\"name\":\"Svizzera\"},\"previousItem\":{\"@type\":\"ListItem\",\"@id\":\"https:\\\/\\\/www.immo-invest.ch\\\/it\\\/#listItem\",\"name\":\"Home\"}},{\"@type\":\"ListItem\",\"@id\":\"https:\\\/\\\/www.immo-invest.ch\\\/it\\\/categoria\\\/regioni\\\/svizzera\\\/#listItem\",\"position\":3,\"name\":\"Svizzera\",\"item\":\"https:\\\/\\\/www.immo-invest.ch\\\/it\\\/categoria\\\/regioni\\\/svizzera\\\/\",\"nextItem\":{\"@type\":\"ListItem\",\"@id\":\"https:\\\/\\\/www.immo-invest.ch\\\/it\\\/categoria\\\/regioni\\\/svizzera\\\/zentralschweiz-it\\\/#listItem\",\"name\":\"Zentralschweiz\"},\"previousItem\":{\"@type\":\"ListItem\",\"@id\":\"https:\\\/\\\/www.immo-invest.ch\\\/it\\\/categoria\\\/regioni\\\/#listItem\",\"name\":\"Regioni\"}},{\"@type\":\"ListItem\",\"@id\":\"https:\\\/\\\/www.immo-invest.ch\\\/it\\\/categoria\\\/regioni\\\/svizzera\\\/zentralschweiz-it\\\/#listItem\",\"position\":4,\"name\":\"Zentralschweiz\",\"item\":\"https:\\\/\\\/www.immo-invest.ch\\\/it\\\/categoria\\\/regioni\\\/svizzera\\\/zentralschweiz-it\\\/\",\"nextItem\":{\"@type\":\"ListItem\",\"@id\":\"https:\\\/\\\/www.immo-invest.ch\\\/it\\\/categoria\\\/regioni\\\/svizzera\\\/zentralschweiz-it\\\/zug-immoregionen-it\\\/#listItem\",\"name\":\"Zug\"},\"previousItem\":{\"@type\":\"ListItem\",\"@id\":\"https:\\\/\\\/www.immo-invest.ch\\\/it\\\/categoria\\\/regioni\\\/svizzera\\\/#listItem\",\"name\":\"Svizzera\"}},{\"@type\":\"ListItem\",\"@id\":\"https:\\\/\\\/www.immo-invest.ch\\\/it\\\/categoria\\\/regioni\\\/svizzera\\\/zentralschweiz-it\\\/zug-immoregionen-it\\\/#listItem\",\"position\":5,\"name\":\"Zug\",\"item\":\"https:\\\/\\\/www.immo-invest.ch\\\/it\\\/categoria\\\/regioni\\\/svizzera\\\/zentralschweiz-it\\\/zug-immoregionen-it\\\/\",\"nextItem\":{\"@type\":\"ListItem\",\"@id\":\"https:\\\/\\\/www.immo-invest.ch\\\/it\\\/fokus-auf-smarte-und-nachhaltige-gebaeude\\\/#listItem\",\"name\":\"Focus sugli edifici intelligenti e sostenibili\"},\"previousItem\":{\"@type\":\"ListItem\",\"@id\":\"https:\\\/\\\/www.immo-invest.ch\\\/it\\\/categoria\\\/regioni\\\/svizzera\\\/zentralschweiz-it\\\/#listItem\",\"name\":\"Zentralschweiz\"}},{\"@type\":\"ListItem\",\"@id\":\"https:\\\/\\\/www.immo-invest.ch\\\/it\\\/fokus-auf-smarte-und-nachhaltige-gebaeude\\\/#listItem\",\"position\":6,\"name\":\"Focus sugli edifici intelligenti e sostenibili\",\"previousItem\":{\"@type\":\"ListItem\",\"@id\":\"https:\\\/\\\/www.immo-invest.ch\\\/it\\\/categoria\\\/regioni\\\/svizzera\\\/zentralschweiz-it\\\/zug-immoregionen-it\\\/#listItem\",\"name\":\"Zug\"}}]},{\"@type\":\"Organization\",\"@id\":\"https:\\\/\\\/www.immo-invest.ch\\\/it\\\/#organization\",\"name\":\"immo!nvest - Die Plattform f\\u00fcr Standorte und Immobilien\",\"description\":\"Die\\u00a0Plattform f\\u00fcr Standorte und Immobilien\",\"url\":\"https:\\\/\\\/www.immo-invest.ch\\\/it\\\/\",\"email\":\"admin@immomedia.ag\",\"telephone\":\"+41444420002\",\"logo\":{\"@type\":\"ImageObject\",\"url\":\"https:\\\/\\\/www.immo-invest.ch\\\/wp-content\\\/uploads\\\/2024\\\/09\\\/immoinvest_sm-scaled.jpg\",\"@id\":\"https:\\\/\\\/www.immo-invest.ch\\\/it\\\/fokus-auf-smarte-und-nachhaltige-gebaeude\\\/#organizationLogo\",\"width\":2560,\"height\":1340},\"image\":{\"@id\":\"https:\\\/\\\/www.immo-invest.ch\\\/it\\\/fokus-auf-smarte-und-nachhaltige-gebaeude\\\/#organizationLogo\"},\"sameAs\":[\"https:\\\/\\\/www.facebook.com\\\/people\\\/Immoinvest\\\/100077962920504\\\/\",\"https:\\\/\\\/x.com\\\/i\\\/flow\\\/login?redirect_after_login=immoinvest_ch\",\"https:\\\/\\\/www.instagram.com\\\/immoinvest_ch\\\/\",\"https:\\\/\\\/www.linkedin.com\\\/company\\\/immoinvest-swiss\"]},{\"@type\":\"Person\",\"@id\":\"https:\\\/\\\/www.immo-invest.ch\\\/it\\\/author\\\/immovestuser\\\/#author\",\"url\":\"https:\\\/\\\/www.immo-invest.ch\\\/it\\\/author\\\/immovestuser\\\/\",\"name\":\"immovestuser\",\"image\":{\"@type\":\"ImageObject\",\"@id\":\"https:\\\/\\\/www.immo-invest.ch\\\/it\\\/fokus-auf-smarte-und-nachhaltige-gebaeude\\\/#authorImage\",\"url\":\"https:\\\/\\\/secure.gravatar.com\\\/avatar\\\/8e01f4d99f2eeea7a362ebb93305e1172a70e9293ba250f897a65c39f54cdd1e?s=96&d=mm&r=g\",\"width\":96,\"height\":96,\"caption\":\"immovestuser\"}},{\"@type\":\"WebPage\",\"@id\":\"https:\\\/\\\/www.immo-invest.ch\\\/it\\\/fokus-auf-smarte-und-nachhaltige-gebaeude\\\/#webpage\",\"url\":\"https:\\\/\\\/www.immo-invest.ch\\\/it\\\/fokus-auf-smarte-und-nachhaltige-gebaeude\\\/\",\"name\":\"Focus sugli edifici intelligenti e sostenibili - immo!nvest - Die Plattform f\\u00fcr Standorte und Immobilien\",\"description\":\"Susanne Seitz \\u00e8 la nuova responsabile della Divisione Edifici di Siemens. L'obiettivo \\u00e8 quello di espandere la posizione di leadership di Siemens nel mercato degli edifici e di promuovere edifici intelligenti e sostenibili attraverso la trasformazione digitale.\",\"inLanguage\":\"it-IT\",\"isPartOf\":{\"@id\":\"https:\\\/\\\/www.immo-invest.ch\\\/it\\\/#website\"},\"breadcrumb\":{\"@id\":\"https:\\\/\\\/www.immo-invest.ch\\\/it\\\/fokus-auf-smarte-und-nachhaltige-gebaeude\\\/#breadcrumblist\"},\"author\":{\"@id\":\"https:\\\/\\\/www.immo-invest.ch\\\/it\\\/author\\\/immovestuser\\\/#author\"},\"creator\":{\"@id\":\"https:\\\/\\\/www.immo-invest.ch\\\/it\\\/author\\\/immovestuser\\\/#author\"},\"image\":{\"@type\":\"ImageObject\",\"url\":\"https:\\\/\\\/www.immo-invest.ch\\\/wp-content\\\/uploads\\\/2024\\\/10\\\/Unbenannt-27.png\",\"@id\":\"https:\\\/\\\/www.immo-invest.ch\\\/it\\\/fokus-auf-smarte-und-nachhaltige-gebaeude\\\/#mainImage\",\"width\":1792,\"height\":1024},\"primaryImageOfPage\":{\"@id\":\"https:\\\/\\\/www.immo-invest.ch\\\/it\\\/fokus-auf-smarte-und-nachhaltige-gebaeude\\\/#mainImage\"},\"datePublished\":\"2024-10-17T08:23:41+02:00\",\"dateModified\":\"2024-10-17T08:26:24+02:00\"},{\"@type\":\"WebSite\",\"@id\":\"https:\\\/\\\/www.immo-invest.ch\\\/it\\\/#website\",\"url\":\"https:\\\/\\\/www.immo-invest.ch\\\/it\\\/\",\"name\":\"immo!nvest - Die Plattform f\\u00fcr Standorte und Immobilien\",\"description\":\"Die\\u00a0Plattform f\\u00fcr Standorte und Immobilien\",\"inLanguage\":\"it-IT\",\"publisher\":{\"@id\":\"https:\\\/\\\/www.immo-invest.ch\\\/it\\\/#organization\"}}]}\n\t\t<\/script>\n\t\t<!-- All in One SEO -->\n\n","aioseo_head_json":{"title":"Focus sugli edifici intelligenti e sostenibili - immo!nvest - Die Plattform f\u00fcr Standorte und Immobilien","description":"Susanne Seitz \u00e8 la nuova responsabile della Divisione Edifici di Siemens. L'obiettivo \u00e8 quello di espandere la posizione di leadership di Siemens nel mercato degli edifici e di promuovere edifici intelligenti e sostenibili attraverso la trasformazione digitale.","canonical_url":"https:\/\/www.immo-invest.ch\/it\/fokus-auf-smarte-und-nachhaltige-gebaeude\/","robots":"max-image-preview:large","keywords":"","webmasterTools":{"google-site-verification":"fHJKvgWpZCR2zVBHWfkQeFXC11qieUSff0HGNYfuyLA","miscellaneous":""},"schema":{"@context":"https:\/\/schema.org","@graph":[{"@type":"BlogPosting","@id":"https:\/\/www.immo-invest.ch\/it\/fokus-auf-smarte-und-nachhaltige-gebaeude\/#blogposting","name":"Focus sugli edifici intelligenti e sostenibili - immo!nvest - Die Plattform f\u00fcr Standorte und Immobilien","headline":"Focus sugli edifici intelligenti e sostenibili","author":{"@id":"https:\/\/www.immo-invest.ch\/it\/author\/immovestuser\/#author"},"publisher":{"@id":"https:\/\/www.immo-invest.ch\/it\/#organization"},"image":{"@type":"ImageObject","url":"https:\/\/www.immo-invest.ch\/wp-content\/uploads\/2024\/10\/Unbenannt-27.png","width":1792,"height":1024},"datePublished":"2024-10-17T08:23:41+02:00","dateModified":"2024-10-17T08:26:24+02:00","inLanguage":"it-IT","mainEntityOfPage":{"@id":"https:\/\/www.immo-invest.ch\/it\/fokus-auf-smarte-und-nachhaltige-gebaeude\/#webpage"},"isPartOf":{"@id":"https:\/\/www.immo-invest.ch\/it\/fokus-auf-smarte-und-nachhaltige-gebaeude\/#webpage"},"articleSection":"immoNews, Persone, Societ\u00e0, Zug, Digitalisierung, Geb\u00e4udetechnologie, Immoinvest, immoNews, News, Siemens, Optional"},{"@type":"BreadcrumbList","@id":"https:\/\/www.immo-invest.ch\/it\/fokus-auf-smarte-und-nachhaltige-gebaeude\/#breadcrumblist","itemListElement":[{"@type":"ListItem","@id":"https:\/\/www.immo-invest.ch\/it\/#listItem","position":1,"name":"Home","item":"https:\/\/www.immo-invest.ch\/it\/","nextItem":{"@type":"ListItem","@id":"https:\/\/www.immo-invest.ch\/it\/categoria\/regioni\/#listItem","name":"Regioni"}},{"@type":"ListItem","@id":"https:\/\/www.immo-invest.ch\/it\/categoria\/regioni\/#listItem","position":2,"name":"Regioni","item":"https:\/\/www.immo-invest.ch\/it\/categoria\/regioni\/","nextItem":{"@type":"ListItem","@id":"https:\/\/www.immo-invest.ch\/it\/categoria\/regioni\/svizzera\/#listItem","name":"Svizzera"},"previousItem":{"@type":"ListItem","@id":"https:\/\/www.immo-invest.ch\/it\/#listItem","name":"Home"}},{"@type":"ListItem","@id":"https:\/\/www.immo-invest.ch\/it\/categoria\/regioni\/svizzera\/#listItem","position":3,"name":"Svizzera","item":"https:\/\/www.immo-invest.ch\/it\/categoria\/regioni\/svizzera\/","nextItem":{"@type":"ListItem","@id":"https:\/\/www.immo-invest.ch\/it\/categoria\/regioni\/svizzera\/zentralschweiz-it\/#listItem","name":"Zentralschweiz"},"previousItem":{"@type":"ListItem","@id":"https:\/\/www.immo-invest.ch\/it\/categoria\/regioni\/#listItem","name":"Regioni"}},{"@type":"ListItem","@id":"https:\/\/www.immo-invest.ch\/it\/categoria\/regioni\/svizzera\/zentralschweiz-it\/#listItem","position":4,"name":"Zentralschweiz","item":"https:\/\/www.immo-invest.ch\/it\/categoria\/regioni\/svizzera\/zentralschweiz-it\/","nextItem":{"@type":"ListItem","@id":"https:\/\/www.immo-invest.ch\/it\/categoria\/regioni\/svizzera\/zentralschweiz-it\/zug-immoregionen-it\/#listItem","name":"Zug"},"previousItem":{"@type":"ListItem","@id":"https:\/\/www.immo-invest.ch\/it\/categoria\/regioni\/svizzera\/#listItem","name":"Svizzera"}},{"@type":"ListItem","@id":"https:\/\/www.immo-invest.ch\/it\/categoria\/regioni\/svizzera\/zentralschweiz-it\/zug-immoregionen-it\/#listItem","position":5,"name":"Zug","item":"https:\/\/www.immo-invest.ch\/it\/categoria\/regioni\/svizzera\/zentralschweiz-it\/zug-immoregionen-it\/","nextItem":{"@type":"ListItem","@id":"https:\/\/www.immo-invest.ch\/it\/fokus-auf-smarte-und-nachhaltige-gebaeude\/#listItem","name":"Focus sugli edifici intelligenti e sostenibili"},"previousItem":{"@type":"ListItem","@id":"https:\/\/www.immo-invest.ch\/it\/categoria\/regioni\/svizzera\/zentralschweiz-it\/#listItem","name":"Zentralschweiz"}},{"@type":"ListItem","@id":"https:\/\/www.immo-invest.ch\/it\/fokus-auf-smarte-und-nachhaltige-gebaeude\/#listItem","position":6,"name":"Focus sugli edifici intelligenti e sostenibili","previousItem":{"@type":"ListItem","@id":"https:\/\/www.immo-invest.ch\/it\/categoria\/regioni\/svizzera\/zentralschweiz-it\/zug-immoregionen-it\/#listItem","name":"Zug"}}]},{"@type":"Organization","@id":"https:\/\/www.immo-invest.ch\/it\/#organization","name":"immo!nvest - Die Plattform f\u00fcr Standorte und Immobilien","description":"Die\u00a0Plattform f\u00fcr Standorte und Immobilien","url":"https:\/\/www.immo-invest.ch\/it\/","email":"admin@immomedia.ag","telephone":"+41444420002","logo":{"@type":"ImageObject","url":"https:\/\/www.immo-invest.ch\/wp-content\/uploads\/2024\/09\/immoinvest_sm-scaled.jpg","@id":"https:\/\/www.immo-invest.ch\/it\/fokus-auf-smarte-und-nachhaltige-gebaeude\/#organizationLogo","width":2560,"height":1340},"image":{"@id":"https:\/\/www.immo-invest.ch\/it\/fokus-auf-smarte-und-nachhaltige-gebaeude\/#organizationLogo"},"sameAs":["https:\/\/www.facebook.com\/people\/Immoinvest\/100077962920504\/","https:\/\/x.com\/i\/flow\/login?redirect_after_login=immoinvest_ch","https:\/\/www.instagram.com\/immoinvest_ch\/","https:\/\/www.linkedin.com\/company\/immoinvest-swiss"]},{"@type":"Person","@id":"https:\/\/www.immo-invest.ch\/it\/author\/immovestuser\/#author","url":"https:\/\/www.immo-invest.ch\/it\/author\/immovestuser\/","name":"immovestuser","image":{"@type":"ImageObject","@id":"https:\/\/www.immo-invest.ch\/it\/fokus-auf-smarte-und-nachhaltige-gebaeude\/#authorImage","url":"https:\/\/secure.gravatar.com\/avatar\/8e01f4d99f2eeea7a362ebb93305e1172a70e9293ba250f897a65c39f54cdd1e?s=96&d=mm&r=g","width":96,"height":96,"caption":"immovestuser"}},{"@type":"WebPage","@id":"https:\/\/www.immo-invest.ch\/it\/fokus-auf-smarte-und-nachhaltige-gebaeude\/#webpage","url":"https:\/\/www.immo-invest.ch\/it\/fokus-auf-smarte-und-nachhaltige-gebaeude\/","name":"Focus sugli edifici intelligenti e sostenibili - immo!nvest - Die Plattform f\u00fcr Standorte und Immobilien","description":"Susanne Seitz \u00e8 la nuova responsabile della Divisione Edifici di Siemens. L'obiettivo \u00e8 quello di espandere la posizione di leadership di Siemens nel mercato degli edifici e di promuovere edifici intelligenti e sostenibili attraverso la trasformazione digitale.","inLanguage":"it-IT","isPartOf":{"@id":"https:\/\/www.immo-invest.ch\/it\/#website"},"breadcrumb":{"@id":"https:\/\/www.immo-invest.ch\/it\/fokus-auf-smarte-und-nachhaltige-gebaeude\/#breadcrumblist"},"author":{"@id":"https:\/\/www.immo-invest.ch\/it\/author\/immovestuser\/#author"},"creator":{"@id":"https:\/\/www.immo-invest.ch\/it\/author\/immovestuser\/#author"},"image":{"@type":"ImageObject","url":"https:\/\/www.immo-invest.ch\/wp-content\/uploads\/2024\/10\/Unbenannt-27.png","@id":"https:\/\/www.immo-invest.ch\/it\/fokus-auf-smarte-und-nachhaltige-gebaeude\/#mainImage","width":1792,"height":1024},"primaryImageOfPage":{"@id":"https:\/\/www.immo-invest.ch\/it\/fokus-auf-smarte-und-nachhaltige-gebaeude\/#mainImage"},"datePublished":"2024-10-17T08:23:41+02:00","dateModified":"2024-10-17T08:26:24+02:00"},{"@type":"WebSite","@id":"https:\/\/www.immo-invest.ch\/it\/#website","url":"https:\/\/www.immo-invest.ch\/it\/","name":"immo!nvest - Die Plattform f\u00fcr Standorte und Immobilien","description":"Die\u00a0Plattform f\u00fcr Standorte und Immobilien","inLanguage":"it-IT","publisher":{"@id":"https:\/\/www.immo-invest.ch\/it\/#organization"}}]},"og:locale":"it_IT","og:site_name":"immo!nvest - Die Plattform f\u00fcr Standorte und Immobilien - Die\u00a0Plattform f\u00fcr Standorte und Immobilien","og:type":"article","og:title":"Focus sugli edifici intelligenti e sostenibili - immo!nvest - Die Plattform f\u00fcr Standorte und Immobilien","og:description":"Susanne Seitz \u00e8 la nuova responsabile della Divisione Edifici di Siemens. L'obiettivo \u00e8 quello di espandere la posizione di leadership di Siemens nel mercato degli edifici e di promuovere edifici intelligenti e sostenibili attraverso la trasformazione digitale.","og:url":"https:\/\/www.immo-invest.ch\/it\/fokus-auf-smarte-und-nachhaltige-gebaeude\/","og:image":"https:\/\/www.immo-invest.ch\/wp-content\/uploads\/2024\/10\/Unbenannt-27.png","og:image:secure_url":"https:\/\/www.immo-invest.ch\/wp-content\/uploads\/2024\/10\/Unbenannt-27.png","og:image:width":1792,"og:image:height":1024,"article:published_time":"2024-10-17T06:23:41+00:00","article:modified_time":"2024-10-17T06:26:24+00:00","article:publisher":"https:\/\/www.facebook.com\/people\/Immoinvest\/100077962920504\/","twitter:card":"summary_large_image","twitter:site":"@i","twitter:title":"Focus sugli edifici intelligenti e sostenibili - immo!nvest - Die Plattform f\u00fcr Standorte und Immobilien","twitter:description":"Susanne Seitz \u00e8 la nuova responsabile della Divisione Edifici di Siemens. L'obiettivo \u00e8 quello di espandere la posizione di leadership di Siemens nel mercato degli edifici e di promuovere edifici intelligenti e sostenibili attraverso la trasformazione digitale.","twitter:creator":"@i","twitter:image":"https:\/\/www.immo-invest.ch\/wp-content\/uploads\/2024\/10\/Unbenannt-27.png"},"aioseo_meta_data":{"post_id":"117314","title":null,"description":null,"keywords":null,"keyphrases":{"focus":{"keyphrase":"","score":0,"analysis":{"keyphraseInTitle":{"score":0,"maxScore":9,"error":1}}},"additional":[]},"primary_term":null,"canonical_url":null,"og_title":null,"og_description":null,"og_object_type":"default","og_image_type":"default","og_image_url":null,"og_image_width":null,"og_image_height":null,"og_image_custom_url":null,"og_image_custom_fields":null,"og_video":"","og_custom_url":null,"og_article_section":null,"og_article_tags":null,"twitter_use_og":false,"twitter_card":"default","twitter_image_type":"default","twitter_image_url":null,"twitter_image_custom_url":null,"twitter_image_custom_fields":null,"twitter_title":null,"twitter_description":null,"schema":{"blockGraphs":[],"customGraphs":[],"default":{"data":{"Article":[],"Course":[],"Dataset":[],"FAQPage":[],"Movie":[],"Person":[],"Product":[],"ProductReview":[],"Car":[],"Recipe":[],"Service":[],"SoftwareApplication":[],"WebPage":[]},"graphName":"BlogPosting","isEnabled":true},"graphs":[]},"schema_type":"default","schema_type_options":null,"pillar_content":false,"robots_default":true,"robots_noindex":false,"robots_noarchive":false,"robots_nosnippet":false,"robots_nofollow":false,"robots_noimageindex":false,"robots_noodp":false,"robots_notranslate":false,"robots_max_snippet":"-1","robots_max_videopreview":"-1","robots_max_imagepreview":"large","priority":null,"frequency":"default","local_seo":null,"breadcrumb_settings":null,"limit_modified_date":false,"ai":null,"created":"2024-10-17 06:26:25","updated":"2025-10-24 11:45:16","seo_analyzer_scan_date":null,"focus_keyword":null,"additional_keywords":null,"truseo_locale":null},"aioseo_breadcrumb":"<div class=\"aioseo-breadcrumbs\"><span class=\"aioseo-breadcrumb\">\n\t\t\t<a href=\"https:\/\/www.immo-invest.ch\/it\/\" title=\"Home\">Home<\/a>\n\t\t<\/span><span class=\"aioseo-breadcrumb-separator\">&raquo;<\/span><span class=\"aioseo-breadcrumb\">\n\t\t\t<a href=\"https:\/\/www.immo-invest.ch\/it\/categoria\/regioni\/\" title=\"Regioni\">Regioni<\/a>\n\t\t<\/span><span class=\"aioseo-breadcrumb-separator\">&raquo;<\/span><span class=\"aioseo-breadcrumb\">\n\t\t\t<a href=\"https:\/\/www.immo-invest.ch\/it\/categoria\/regioni\/svizzera\/\" title=\"Svizzera\">Svizzera<\/a>\n\t\t<\/span><span class=\"aioseo-breadcrumb-separator\">&raquo;<\/span><span class=\"aioseo-breadcrumb\">\n\t\t\t<a href=\"https:\/\/www.immo-invest.ch\/it\/categoria\/regioni\/svizzera\/zentralschweiz-it\/\" title=\"Zentralschweiz\">Zentralschweiz<\/a>\n\t\t<\/span><span class=\"aioseo-breadcrumb-separator\">&raquo;<\/span><span class=\"aioseo-breadcrumb\">\n\t\t\t<a href=\"https:\/\/www.immo-invest.ch\/it\/categoria\/regioni\/svizzera\/zentralschweiz-it\/zug-immoregionen-it\/\" title=\"Zug\">Zug<\/a>\n\t\t<\/span><span class=\"aioseo-breadcrumb-separator\">&raquo;<\/span><span class=\"aioseo-breadcrumb\">\n\t\t\tFocus sugli edifici intelligenti e sostenibili\n\t\t<\/span><\/div>","aioseo_breadcrumb_json":[{"label":"Home","link":"https:\/\/www.immo-invest.ch\/it\/"},{"label":"Regioni","link":"https:\/\/www.immo-invest.ch\/it\/categoria\/regioni\/"},{"label":"Svizzera","link":"https:\/\/www.immo-invest.ch\/it\/categoria\/regioni\/svizzera\/"},{"label":"Zentralschweiz","link":"https:\/\/www.immo-invest.ch\/it\/categoria\/regioni\/svizzera\/zentralschweiz-it\/"},{"label":"Zug","link":"https:\/\/www.immo-invest.ch\/it\/categoria\/regioni\/svizzera\/zentralschweiz-it\/zug-immoregionen-it\/"},{"label":"Focus sugli edifici intelligenti e sostenibili","link":"https:\/\/www.immo-invest.ch\/it\/fokus-auf-smarte-und-nachhaltige-gebaeude\/"}],"featured_image_src":"https:\/\/www.immo-invest.ch\/wp-content\/uploads\/2024\/10\/Unbenannt-27-336x168.png","_links":{"self":[{"href":"https:\/\/www.immo-invest.ch\/it\/wp-json\/wp\/v2\/posts\/117314","targetHints":{"allow":["GET"]}}],"collection":[{"href":"https:\/\/www.immo-invest.ch\/it\/wp-json\/wp\/v2\/posts"}],"about":[{"href":"https:\/\/www.immo-invest.ch\/it\/wp-json\/wp\/v2\/types\/post"}],"author":[{"embeddable":true,"href":"https:\/\/www.immo-invest.ch\/it\/wp-json\/wp\/v2\/users\/2"}],"replies":[{"embeddable":true,"href":"https:\/\/www.immo-invest.ch\/it\/wp-json\/wp\/v2\/comments?post=117314"}],"version-history":[{"count":0,"href":"https:\/\/www.immo-invest.ch\/it\/wp-json\/wp\/v2\/posts\/117314\/revisions"}],"wp:featuredmedia":[{"embeddable":true,"href":"https:\/\/www.immo-invest.ch\/it\/wp-json\/wp\/v2\/media\/117309"}],"wp:attachment":[{"href":"https:\/\/www.immo-invest.ch\/it\/wp-json\/wp\/v2\/media?parent=117314"}],"wp:term":[{"taxonomy":"category","embeddable":true,"href":"https:\/\/www.immo-invest.ch\/it\/wp-json\/wp\/v2\/categories?post=117314"},{"taxonomy":"post_tag","embeddable":true,"href":"https:\/\/www.immo-invest.ch\/it\/wp-json\/wp\/v2\/tags?post=117314"}],"curies":[{"name":"wp","href":"https:\/\/api.w.org\/{rel}","templated":true}]}}