{"id":114452,"date":"2024-10-04T09:17:22","date_gmt":"2024-10-04T07:17:22","guid":{"rendered":"https:\/\/www.immo-invest.ch\/?p=114452"},"modified":"2024-09-23T13:17:20","modified_gmt":"2024-09-23T11:17:20","slug":"erweiterung-der-grosssiedlung-webermuehle-in-neuenhof-geplant","status":"publish","type":"post","link":"https:\/\/www.immo-invest.ch\/it\/erweiterung-der-grosssiedlung-webermuehle-in-neuenhof-geplant\/","title":{"rendered":"Previsto l&#8217;ampliamento del complesso residenziale Weberm\u00fchle a Neuenhof"},"content":{"rendered":"<p class=\"bodytext\">Altura RE AG &egrave; proprietaria di sei lotti con una superficie totale di 15.234 metri quadrati nel sito di Weberm&uuml;hle\/Damsau a Neuenhof, ha annunciato la societ&agrave; immobiliare di Nidvaldo in un comunicato stampa. Le condizioni generali per l&rsquo;espansione e lo sviluppo futuro del grande complesso residenziale di Weberm&uuml;hle devono essere elaborate per i suoi lotti e per i lotti di altri proprietari nella zona residenziale di Weberm&uuml;hle. A tal fine, Altura RE e il <a href=\"https:\/\/www.neuenhof.ch\/\" target=\"_blank\" rel=\"noopener\">Comune di Neuenhof<\/a> stanno avviando un processo di pianificazione cooperativa.<\/p>\n<p class=\"bodytext\">&ldquo;Tra le altre cose, per noi &egrave; importante essere in grado di creare un ponte ben congegnato verso il quartiere di Klosterr&uuml;ti&rdquo;, afferma Rudolf Peschel, Presidente del Consiglio di Amministrazione di Altura RE AG, nel comunicato stampa. &ldquo;Le perizie e i rapporti degli esperti che abbiamo ricevuto finora ci mostrano chiaramente che il sito di Weberm&uuml;hle-Ermitage &egrave; predestinato alla creazione di spazi abitativi attraenti e moderni, grazie alla sua buona accessibilit&agrave; e alla sua posizione nel verde, direttamente sulla Limmat&rdquo;<\/p>\n<p class=\"bodytext\">Il processo di pianificazione cooperativa sar&agrave; progettato e supportato dall&rsquo;ufficio di pianificazione di Lucerna <a href=\"https:\/\/planteam.ch\/\" target=\"_blank\" rel=\"noopener\">plan:team<\/a> in un processo di workshop. Il completamento &egrave; previsto per l&rsquo;inizio del 2026. Seguir&agrave; lo sviluppo del piano di progettazione, per il quale il Comune agir&agrave; come autorit&agrave; di approvazione.<\/p>\n<p class=\"bodytext\">La tempistica dell&rsquo;inizio effettivo della costruzione dipende molto dall&rsquo;efficienza della pianificazione nelle fasi precedenti, spiega Altura RE. &ldquo;Al momento, dipendiamo molto dalla tempistica della collaborazione con il Comune di Neuenhof e dalle sue capacit&agrave; di personale&rdquo;, afferma Peschel.<\/p>\n","protected":false},"excerpt":{"rendered":"<p>Altura RE AG, insieme al Comune di Neuendorf e ad altri proprietari di lotti sul sito di Weberm\u00fchle, vuole affrontare lo sviluppo della zona residenziale di Weberm\u00fchle. L&#8217;obiettivo \u00e8 costruire un ponte verso il quartiere di Klosterr\u00fcti.<\/p>\n","protected":false},"author":2,"featured_media":79867,"comment_status":"open","ping_status":"open","sticky":false,"template":"","format":"standard","meta":{"pmpro_default_level":"","inline_featured_image":false,"_monsterinsights_skip_tracking":false,"footnotes":""},"categories":[4840,22359,745,9650],"tags":[],"class_list":["post-114452","post","type-post","status-publish","format-standard","has-post-thumbnail","hentry","category-aargau-immoregion","category-costruzione","category-immonews-it","category-nuove-costruzioni","pmpro-has-access"],"acf":{"bild_mit_ki_erstellt_worden":[],"lead":"Altura RE AG, insieme al Comune di Neuendorf e ad altri proprietari di lotti sul sito di Weberm\u00fchle, vuole affrontare lo sviluppo della zona residenziale di Weberm\u00fchle. L'obiettivo \u00e8 costruire un ponte verso il quartiere di Klosterr\u00fcti.","autor":"ce\/hs","ort":"Hergiswil NW\/Neuendorf AG","bildunterschrift":"","bild_im_grid":false,"gallerie":"","newsim":""},"aioseo_notices":[],"aioseo_head":"\n\t\t<!-- All in One SEO 5.0.0.1 - aioseo.com -->\n\t<meta name=\"description\" content=\"Altura RE AG, insieme al Comune di Neuendorf e ad altri proprietari di lotti sul sito di Weberm\u00fchle, vuole affrontare lo sviluppo della zona residenziale di Weberm\u00fchle. L&#039;obiettivo \u00e8 costruire un ponte verso il quartiere di Klosterr\u00fcti.\" \/>\n\t<meta name=\"robots\" content=\"max-image-preview:large\" \/>\n\t<meta name=\"author\" content=\"immovestuser\"\/>\n\t<meta name=\"google-site-verification\" content=\"fHJKvgWpZCR2zVBHWfkQeFXC11qieUSff0HGNYfuyLA\" \/>\n\t<link rel=\"canonical\" href=\"https:\/\/www.immo-invest.ch\/it\/erweiterung-der-grosssiedlung-webermuehle-in-neuenhof-geplant\/\" \/>\n\t<meta name=\"generator\" content=\"All in One SEO (AIOSEO) 5.0.0.1\" \/>\n\t\t<meta property=\"og:locale\" content=\"it_IT\" \/>\n\t\t<meta property=\"og:site_name\" content=\"immo!nvest - Die Plattform f\u00fcr Standorte und Immobilien - Die\u00a0Plattform f\u00fcr Standorte und Immobilien\" \/>\n\t\t<meta property=\"og:type\" content=\"article\" \/>\n\t\t<meta property=\"og:title\" content=\"Previsto l\u2019ampliamento del complesso residenziale Weberm\u00fchle a Neuenhof - immo!nvest - Die Plattform f\u00fcr Standorte und Immobilien\" \/>\n\t\t<meta property=\"og:description\" content=\"Altura RE AG, insieme al Comune di Neuendorf e ad altri proprietari di lotti sul sito di Weberm\u00fchle, vuole affrontare lo sviluppo della zona residenziale di Weberm\u00fchle. L&#039;obiettivo \u00e8 costruire un ponte verso il quartiere di Klosterr\u00fcti.\" \/>\n\t\t<meta property=\"og:url\" content=\"https:\/\/www.immo-invest.ch\/it\/erweiterung-der-grosssiedlung-webermuehle-in-neuenhof-geplant\/\" \/>\n\t\t<meta property=\"og:image\" content=\"https:\/\/www.immo-invest.ch\/wp-content\/uploads\/2024\/03\/bauen_3.png\" \/>\n\t\t<meta property=\"og:image:secure_url\" content=\"https:\/\/www.immo-invest.ch\/wp-content\/uploads\/2024\/03\/bauen_3.png\" \/>\n\t\t<meta property=\"og:image:width\" content=\"1191\" \/>\n\t\t<meta property=\"og:image:height\" content=\"674\" \/>\n\t\t<meta property=\"article:published_time\" content=\"2024-10-04T07:17:22+00:00\" \/>\n\t\t<meta property=\"article:modified_time\" content=\"2024-09-23T11:17:20+00:00\" \/>\n\t\t<meta property=\"article:publisher\" content=\"https:\/\/www.facebook.com\/people\/Immoinvest\/100077962920504\/\" \/>\n\t\t<meta name=\"twitter:card\" content=\"summary_large_image\" \/>\n\t\t<meta name=\"twitter:site\" content=\"@i\" \/>\n\t\t<meta name=\"twitter:title\" content=\"Previsto l\u2019ampliamento del complesso residenziale Weberm\u00fchle a Neuenhof - immo!nvest - Die Plattform f\u00fcr Standorte und Immobilien\" \/>\n\t\t<meta name=\"twitter:description\" content=\"Altura RE AG, insieme al Comune di Neuendorf e ad altri proprietari di lotti sul sito di Weberm\u00fchle, vuole affrontare lo sviluppo della zona residenziale di Weberm\u00fchle. L&#039;obiettivo \u00e8 costruire un ponte verso il quartiere di Klosterr\u00fcti.\" \/>\n\t\t<meta name=\"twitter:creator\" content=\"@i\" \/>\n\t\t<meta name=\"twitter:image\" content=\"https:\/\/www.immo-invest.ch\/wp-content\/uploads\/2024\/03\/bauen_3.png\" \/>\n\t\t<script type=\"application\/ld+json\" class=\"aioseo-schema\">\n\t\t\t{\"@context\":\"https:\\\/\\\/schema.org\",\"@graph\":[{\"@type\":\"BlogPosting\",\"@id\":\"https:\\\/\\\/www.immo-invest.ch\\\/it\\\/erweiterung-der-grosssiedlung-webermuehle-in-neuenhof-geplant\\\/#blogposting\",\"name\":\"Previsto l\\u2019ampliamento del complesso residenziale Weberm\\u00fchle a Neuenhof - immo!nvest - Die Plattform f\\u00fcr Standorte und Immobilien\",\"headline\":\"Previsto l&#8217;ampliamento del complesso residenziale Weberm\\u00fchle a Neuenhof\",\"author\":{\"@id\":\"https:\\\/\\\/www.immo-invest.ch\\\/it\\\/author\\\/immovestuser\\\/#author\"},\"publisher\":{\"@id\":\"https:\\\/\\\/www.immo-invest.ch\\\/it\\\/#organization\"},\"image\":{\"@type\":\"ImageObject\",\"url\":\"https:\\\/\\\/www.immo-invest.ch\\\/wp-content\\\/uploads\\\/2024\\\/03\\\/bauen_3.png\",\"width\":1191,\"height\":674},\"datePublished\":\"2024-10-04T09:17:22+02:00\",\"dateModified\":\"2024-09-23T13:17:20+02:00\",\"inLanguage\":\"it-IT\",\"mainEntityOfPage\":{\"@id\":\"https:\\\/\\\/www.immo-invest.ch\\\/it\\\/erweiterung-der-grosssiedlung-webermuehle-in-neuenhof-geplant\\\/#webpage\"},\"isPartOf\":{\"@id\":\"https:\\\/\\\/www.immo-invest.ch\\\/it\\\/erweiterung-der-grosssiedlung-webermuehle-in-neuenhof-geplant\\\/#webpage\"},\"articleSection\":\"Aargau, Costruzione, immoNews, Nuove costruzioni, Optional\"},{\"@type\":\"BreadcrumbList\",\"@id\":\"https:\\\/\\\/www.immo-invest.ch\\\/it\\\/erweiterung-der-grosssiedlung-webermuehle-in-neuenhof-geplant\\\/#breadcrumblist\",\"itemListElement\":[{\"@type\":\"ListItem\",\"@id\":\"https:\\\/\\\/www.immo-invest.ch\\\/it\\\/#listItem\",\"position\":1,\"name\":\"Home\",\"item\":\"https:\\\/\\\/www.immo-invest.ch\\\/it\\\/\",\"nextItem\":{\"@type\":\"ListItem\",\"@id\":\"https:\\\/\\\/www.immo-invest.ch\\\/it\\\/categoria\\\/regioni\\\/#listItem\",\"name\":\"Regioni\"}},{\"@type\":\"ListItem\",\"@id\":\"https:\\\/\\\/www.immo-invest.ch\\\/it\\\/categoria\\\/regioni\\\/#listItem\",\"position\":2,\"name\":\"Regioni\",\"item\":\"https:\\\/\\\/www.immo-invest.ch\\\/it\\\/categoria\\\/regioni\\\/\",\"nextItem\":{\"@type\":\"ListItem\",\"@id\":\"https:\\\/\\\/www.immo-invest.ch\\\/it\\\/categoria\\\/regioni\\\/svizzera\\\/#listItem\",\"name\":\"Svizzera\"},\"previousItem\":{\"@type\":\"ListItem\",\"@id\":\"https:\\\/\\\/www.immo-invest.ch\\\/it\\\/#listItem\",\"name\":\"Home\"}},{\"@type\":\"ListItem\",\"@id\":\"https:\\\/\\\/www.immo-invest.ch\\\/it\\\/categoria\\\/regioni\\\/svizzera\\\/#listItem\",\"position\":3,\"name\":\"Svizzera\",\"item\":\"https:\\\/\\\/www.immo-invest.ch\\\/it\\\/categoria\\\/regioni\\\/svizzera\\\/\",\"nextItem\":{\"@type\":\"ListItem\",\"@id\":\"https:\\\/\\\/www.immo-invest.ch\\\/it\\\/categoria\\\/regioni\\\/svizzera\\\/svizzera-nord-occidentale\\\/#listItem\",\"name\":\"Svizzera nord-occidentale\"},\"previousItem\":{\"@type\":\"ListItem\",\"@id\":\"https:\\\/\\\/www.immo-invest.ch\\\/it\\\/categoria\\\/regioni\\\/#listItem\",\"name\":\"Regioni\"}},{\"@type\":\"ListItem\",\"@id\":\"https:\\\/\\\/www.immo-invest.ch\\\/it\\\/categoria\\\/regioni\\\/svizzera\\\/svizzera-nord-occidentale\\\/#listItem\",\"position\":4,\"name\":\"Svizzera nord-occidentale\",\"item\":\"https:\\\/\\\/www.immo-invest.ch\\\/it\\\/categoria\\\/regioni\\\/svizzera\\\/svizzera-nord-occidentale\\\/\",\"nextItem\":{\"@type\":\"ListItem\",\"@id\":\"https:\\\/\\\/www.immo-invest.ch\\\/it\\\/categoria\\\/regioni\\\/svizzera\\\/svizzera-nord-occidentale\\\/aargau-immoregion\\\/#listItem\",\"name\":\"Aargau\"},\"previousItem\":{\"@type\":\"ListItem\",\"@id\":\"https:\\\/\\\/www.immo-invest.ch\\\/it\\\/categoria\\\/regioni\\\/svizzera\\\/#listItem\",\"name\":\"Svizzera\"}},{\"@type\":\"ListItem\",\"@id\":\"https:\\\/\\\/www.immo-invest.ch\\\/it\\\/categoria\\\/regioni\\\/svizzera\\\/svizzera-nord-occidentale\\\/aargau-immoregion\\\/#listItem\",\"position\":5,\"name\":\"Aargau\",\"item\":\"https:\\\/\\\/www.immo-invest.ch\\\/it\\\/categoria\\\/regioni\\\/svizzera\\\/svizzera-nord-occidentale\\\/aargau-immoregion\\\/\",\"nextItem\":{\"@type\":\"ListItem\",\"@id\":\"https:\\\/\\\/www.immo-invest.ch\\\/it\\\/erweiterung-der-grosssiedlung-webermuehle-in-neuenhof-geplant\\\/#listItem\",\"name\":\"Previsto l&#8217;ampliamento del complesso residenziale Weberm\\u00fchle a Neuenhof\"},\"previousItem\":{\"@type\":\"ListItem\",\"@id\":\"https:\\\/\\\/www.immo-invest.ch\\\/it\\\/categoria\\\/regioni\\\/svizzera\\\/svizzera-nord-occidentale\\\/#listItem\",\"name\":\"Svizzera nord-occidentale\"}},{\"@type\":\"ListItem\",\"@id\":\"https:\\\/\\\/www.immo-invest.ch\\\/it\\\/erweiterung-der-grosssiedlung-webermuehle-in-neuenhof-geplant\\\/#listItem\",\"position\":6,\"name\":\"Previsto l&#8217;ampliamento del complesso residenziale Weberm\\u00fchle a Neuenhof\",\"previousItem\":{\"@type\":\"ListItem\",\"@id\":\"https:\\\/\\\/www.immo-invest.ch\\\/it\\\/categoria\\\/regioni\\\/svizzera\\\/svizzera-nord-occidentale\\\/aargau-immoregion\\\/#listItem\",\"name\":\"Aargau\"}}]},{\"@type\":\"Organization\",\"@id\":\"https:\\\/\\\/www.immo-invest.ch\\\/it\\\/#organization\",\"name\":\"immo!nvest - Die Plattform f\\u00fcr Standorte und Immobilien\",\"description\":\"Die\\u00a0Plattform f\\u00fcr Standorte und Immobilien\",\"url\":\"https:\\\/\\\/www.immo-invest.ch\\\/it\\\/\",\"email\":\"admin@immomedia.ag\",\"telephone\":\"+41444420002\",\"logo\":{\"@type\":\"ImageObject\",\"url\":\"https:\\\/\\\/www.immo-invest.ch\\\/wp-content\\\/uploads\\\/2024\\\/09\\\/immoinvest_sm-scaled.jpg\",\"@id\":\"https:\\\/\\\/www.immo-invest.ch\\\/it\\\/erweiterung-der-grosssiedlung-webermuehle-in-neuenhof-geplant\\\/#organizationLogo\",\"width\":2560,\"height\":1340},\"image\":{\"@id\":\"https:\\\/\\\/www.immo-invest.ch\\\/it\\\/erweiterung-der-grosssiedlung-webermuehle-in-neuenhof-geplant\\\/#organizationLogo\"},\"sameAs\":[\"https:\\\/\\\/www.facebook.com\\\/people\\\/Immoinvest\\\/100077962920504\\\/\",\"https:\\\/\\\/x.com\\\/i\\\/flow\\\/login?redirect_after_login=immoinvest_ch\",\"https:\\\/\\\/www.instagram.com\\\/immoinvest_ch\\\/\",\"https:\\\/\\\/www.linkedin.com\\\/company\\\/immoinvest-swiss\"]},{\"@type\":\"Person\",\"@id\":\"https:\\\/\\\/www.immo-invest.ch\\\/it\\\/author\\\/immovestuser\\\/#author\",\"url\":\"https:\\\/\\\/www.immo-invest.ch\\\/it\\\/author\\\/immovestuser\\\/\",\"name\":\"immovestuser\",\"image\":{\"@type\":\"ImageObject\",\"@id\":\"https:\\\/\\\/www.immo-invest.ch\\\/it\\\/erweiterung-der-grosssiedlung-webermuehle-in-neuenhof-geplant\\\/#authorImage\",\"url\":\"https:\\\/\\\/secure.gravatar.com\\\/avatar\\\/8e01f4d99f2eeea7a362ebb93305e1172a70e9293ba250f897a65c39f54cdd1e?s=96&d=mm&r=g\",\"width\":96,\"height\":96,\"caption\":\"immovestuser\"}},{\"@type\":\"WebPage\",\"@id\":\"https:\\\/\\\/www.immo-invest.ch\\\/it\\\/erweiterung-der-grosssiedlung-webermuehle-in-neuenhof-geplant\\\/#webpage\",\"url\":\"https:\\\/\\\/www.immo-invest.ch\\\/it\\\/erweiterung-der-grosssiedlung-webermuehle-in-neuenhof-geplant\\\/\",\"name\":\"Previsto l\\u2019ampliamento del complesso residenziale Weberm\\u00fchle a Neuenhof - immo!nvest - Die Plattform f\\u00fcr Standorte und Immobilien\",\"description\":\"Altura RE AG, insieme al Comune di Neuendorf e ad altri proprietari di lotti sul sito di Weberm\\u00fchle, vuole affrontare lo sviluppo della zona residenziale di Weberm\\u00fchle. L'obiettivo \\u00e8 costruire un ponte verso il quartiere di Klosterr\\u00fcti.\",\"inLanguage\":\"it-IT\",\"isPartOf\":{\"@id\":\"https:\\\/\\\/www.immo-invest.ch\\\/it\\\/#website\"},\"breadcrumb\":{\"@id\":\"https:\\\/\\\/www.immo-invest.ch\\\/it\\\/erweiterung-der-grosssiedlung-webermuehle-in-neuenhof-geplant\\\/#breadcrumblist\"},\"author\":{\"@id\":\"https:\\\/\\\/www.immo-invest.ch\\\/it\\\/author\\\/immovestuser\\\/#author\"},\"creator\":{\"@id\":\"https:\\\/\\\/www.immo-invest.ch\\\/it\\\/author\\\/immovestuser\\\/#author\"},\"image\":{\"@type\":\"ImageObject\",\"url\":\"https:\\\/\\\/www.immo-invest.ch\\\/wp-content\\\/uploads\\\/2024\\\/03\\\/bauen_3.png\",\"@id\":\"https:\\\/\\\/www.immo-invest.ch\\\/it\\\/erweiterung-der-grosssiedlung-webermuehle-in-neuenhof-geplant\\\/#mainImage\",\"width\":1191,\"height\":674},\"primaryImageOfPage\":{\"@id\":\"https:\\\/\\\/www.immo-invest.ch\\\/it\\\/erweiterung-der-grosssiedlung-webermuehle-in-neuenhof-geplant\\\/#mainImage\"},\"datePublished\":\"2024-10-04T09:17:22+02:00\",\"dateModified\":\"2024-09-23T13:17:20+02:00\"},{\"@type\":\"WebSite\",\"@id\":\"https:\\\/\\\/www.immo-invest.ch\\\/it\\\/#website\",\"url\":\"https:\\\/\\\/www.immo-invest.ch\\\/it\\\/\",\"name\":\"immo!nvest - Die Plattform f\\u00fcr Standorte und Immobilien\",\"description\":\"Die\\u00a0Plattform f\\u00fcr Standorte und Immobilien\",\"inLanguage\":\"it-IT\",\"publisher\":{\"@id\":\"https:\\\/\\\/www.immo-invest.ch\\\/it\\\/#organization\"}}]}\n\t\t<\/script>\n\t\t<!-- All in One SEO -->\n\n","aioseo_head_json":{"title":"Previsto l\u2019ampliamento del complesso residenziale Weberm\u00fchle a Neuenhof - immo!nvest - Die Plattform f\u00fcr Standorte und Immobilien","description":"Altura RE AG, insieme al Comune di Neuendorf e ad altri proprietari di lotti sul sito di Weberm\u00fchle, vuole affrontare lo sviluppo della zona residenziale di Weberm\u00fchle. L'obiettivo \u00e8 costruire un ponte verso il quartiere di Klosterr\u00fcti.","canonical_url":"https:\/\/www.immo-invest.ch\/it\/erweiterung-der-grosssiedlung-webermuehle-in-neuenhof-geplant\/","robots":"max-image-preview:large","keywords":"","webmasterTools":{"google-site-verification":"fHJKvgWpZCR2zVBHWfkQeFXC11qieUSff0HGNYfuyLA","miscellaneous":""},"schema":{"@context":"https:\/\/schema.org","@graph":[{"@type":"BlogPosting","@id":"https:\/\/www.immo-invest.ch\/it\/erweiterung-der-grosssiedlung-webermuehle-in-neuenhof-geplant\/#blogposting","name":"Previsto l\u2019ampliamento del complesso residenziale Weberm\u00fchle a Neuenhof - immo!nvest - Die Plattform f\u00fcr Standorte und Immobilien","headline":"Previsto l&#8217;ampliamento del complesso residenziale Weberm\u00fchle a Neuenhof","author":{"@id":"https:\/\/www.immo-invest.ch\/it\/author\/immovestuser\/#author"},"publisher":{"@id":"https:\/\/www.immo-invest.ch\/it\/#organization"},"image":{"@type":"ImageObject","url":"https:\/\/www.immo-invest.ch\/wp-content\/uploads\/2024\/03\/bauen_3.png","width":1191,"height":674},"datePublished":"2024-10-04T09:17:22+02:00","dateModified":"2024-09-23T13:17:20+02:00","inLanguage":"it-IT","mainEntityOfPage":{"@id":"https:\/\/www.immo-invest.ch\/it\/erweiterung-der-grosssiedlung-webermuehle-in-neuenhof-geplant\/#webpage"},"isPartOf":{"@id":"https:\/\/www.immo-invest.ch\/it\/erweiterung-der-grosssiedlung-webermuehle-in-neuenhof-geplant\/#webpage"},"articleSection":"Aargau, Costruzione, immoNews, Nuove costruzioni, Optional"},{"@type":"BreadcrumbList","@id":"https:\/\/www.immo-invest.ch\/it\/erweiterung-der-grosssiedlung-webermuehle-in-neuenhof-geplant\/#breadcrumblist","itemListElement":[{"@type":"ListItem","@id":"https:\/\/www.immo-invest.ch\/it\/#listItem","position":1,"name":"Home","item":"https:\/\/www.immo-invest.ch\/it\/","nextItem":{"@type":"ListItem","@id":"https:\/\/www.immo-invest.ch\/it\/categoria\/regioni\/#listItem","name":"Regioni"}},{"@type":"ListItem","@id":"https:\/\/www.immo-invest.ch\/it\/categoria\/regioni\/#listItem","position":2,"name":"Regioni","item":"https:\/\/www.immo-invest.ch\/it\/categoria\/regioni\/","nextItem":{"@type":"ListItem","@id":"https:\/\/www.immo-invest.ch\/it\/categoria\/regioni\/svizzera\/#listItem","name":"Svizzera"},"previousItem":{"@type":"ListItem","@id":"https:\/\/www.immo-invest.ch\/it\/#listItem","name":"Home"}},{"@type":"ListItem","@id":"https:\/\/www.immo-invest.ch\/it\/categoria\/regioni\/svizzera\/#listItem","position":3,"name":"Svizzera","item":"https:\/\/www.immo-invest.ch\/it\/categoria\/regioni\/svizzera\/","nextItem":{"@type":"ListItem","@id":"https:\/\/www.immo-invest.ch\/it\/categoria\/regioni\/svizzera\/svizzera-nord-occidentale\/#listItem","name":"Svizzera nord-occidentale"},"previousItem":{"@type":"ListItem","@id":"https:\/\/www.immo-invest.ch\/it\/categoria\/regioni\/#listItem","name":"Regioni"}},{"@type":"ListItem","@id":"https:\/\/www.immo-invest.ch\/it\/categoria\/regioni\/svizzera\/svizzera-nord-occidentale\/#listItem","position":4,"name":"Svizzera nord-occidentale","item":"https:\/\/www.immo-invest.ch\/it\/categoria\/regioni\/svizzera\/svizzera-nord-occidentale\/","nextItem":{"@type":"ListItem","@id":"https:\/\/www.immo-invest.ch\/it\/categoria\/regioni\/svizzera\/svizzera-nord-occidentale\/aargau-immoregion\/#listItem","name":"Aargau"},"previousItem":{"@type":"ListItem","@id":"https:\/\/www.immo-invest.ch\/it\/categoria\/regioni\/svizzera\/#listItem","name":"Svizzera"}},{"@type":"ListItem","@id":"https:\/\/www.immo-invest.ch\/it\/categoria\/regioni\/svizzera\/svizzera-nord-occidentale\/aargau-immoregion\/#listItem","position":5,"name":"Aargau","item":"https:\/\/www.immo-invest.ch\/it\/categoria\/regioni\/svizzera\/svizzera-nord-occidentale\/aargau-immoregion\/","nextItem":{"@type":"ListItem","@id":"https:\/\/www.immo-invest.ch\/it\/erweiterung-der-grosssiedlung-webermuehle-in-neuenhof-geplant\/#listItem","name":"Previsto l&#8217;ampliamento del complesso residenziale Weberm\u00fchle a Neuenhof"},"previousItem":{"@type":"ListItem","@id":"https:\/\/www.immo-invest.ch\/it\/categoria\/regioni\/svizzera\/svizzera-nord-occidentale\/#listItem","name":"Svizzera nord-occidentale"}},{"@type":"ListItem","@id":"https:\/\/www.immo-invest.ch\/it\/erweiterung-der-grosssiedlung-webermuehle-in-neuenhof-geplant\/#listItem","position":6,"name":"Previsto l&#8217;ampliamento del complesso residenziale Weberm\u00fchle a Neuenhof","previousItem":{"@type":"ListItem","@id":"https:\/\/www.immo-invest.ch\/it\/categoria\/regioni\/svizzera\/svizzera-nord-occidentale\/aargau-immoregion\/#listItem","name":"Aargau"}}]},{"@type":"Organization","@id":"https:\/\/www.immo-invest.ch\/it\/#organization","name":"immo!nvest - Die Plattform f\u00fcr Standorte und Immobilien","description":"Die\u00a0Plattform f\u00fcr Standorte und Immobilien","url":"https:\/\/www.immo-invest.ch\/it\/","email":"admin@immomedia.ag","telephone":"+41444420002","logo":{"@type":"ImageObject","url":"https:\/\/www.immo-invest.ch\/wp-content\/uploads\/2024\/09\/immoinvest_sm-scaled.jpg","@id":"https:\/\/www.immo-invest.ch\/it\/erweiterung-der-grosssiedlung-webermuehle-in-neuenhof-geplant\/#organizationLogo","width":2560,"height":1340},"image":{"@id":"https:\/\/www.immo-invest.ch\/it\/erweiterung-der-grosssiedlung-webermuehle-in-neuenhof-geplant\/#organizationLogo"},"sameAs":["https:\/\/www.facebook.com\/people\/Immoinvest\/100077962920504\/","https:\/\/x.com\/i\/flow\/login?redirect_after_login=immoinvest_ch","https:\/\/www.instagram.com\/immoinvest_ch\/","https:\/\/www.linkedin.com\/company\/immoinvest-swiss"]},{"@type":"Person","@id":"https:\/\/www.immo-invest.ch\/it\/author\/immovestuser\/#author","url":"https:\/\/www.immo-invest.ch\/it\/author\/immovestuser\/","name":"immovestuser","image":{"@type":"ImageObject","@id":"https:\/\/www.immo-invest.ch\/it\/erweiterung-der-grosssiedlung-webermuehle-in-neuenhof-geplant\/#authorImage","url":"https:\/\/secure.gravatar.com\/avatar\/8e01f4d99f2eeea7a362ebb93305e1172a70e9293ba250f897a65c39f54cdd1e?s=96&d=mm&r=g","width":96,"height":96,"caption":"immovestuser"}},{"@type":"WebPage","@id":"https:\/\/www.immo-invest.ch\/it\/erweiterung-der-grosssiedlung-webermuehle-in-neuenhof-geplant\/#webpage","url":"https:\/\/www.immo-invest.ch\/it\/erweiterung-der-grosssiedlung-webermuehle-in-neuenhof-geplant\/","name":"Previsto l\u2019ampliamento del complesso residenziale Weberm\u00fchle a Neuenhof - immo!nvest - Die Plattform f\u00fcr Standorte und Immobilien","description":"Altura RE AG, insieme al Comune di Neuendorf e ad altri proprietari di lotti sul sito di Weberm\u00fchle, vuole affrontare lo sviluppo della zona residenziale di Weberm\u00fchle. L'obiettivo \u00e8 costruire un ponte verso il quartiere di Klosterr\u00fcti.","inLanguage":"it-IT","isPartOf":{"@id":"https:\/\/www.immo-invest.ch\/it\/#website"},"breadcrumb":{"@id":"https:\/\/www.immo-invest.ch\/it\/erweiterung-der-grosssiedlung-webermuehle-in-neuenhof-geplant\/#breadcrumblist"},"author":{"@id":"https:\/\/www.immo-invest.ch\/it\/author\/immovestuser\/#author"},"creator":{"@id":"https:\/\/www.immo-invest.ch\/it\/author\/immovestuser\/#author"},"image":{"@type":"ImageObject","url":"https:\/\/www.immo-invest.ch\/wp-content\/uploads\/2024\/03\/bauen_3.png","@id":"https:\/\/www.immo-invest.ch\/it\/erweiterung-der-grosssiedlung-webermuehle-in-neuenhof-geplant\/#mainImage","width":1191,"height":674},"primaryImageOfPage":{"@id":"https:\/\/www.immo-invest.ch\/it\/erweiterung-der-grosssiedlung-webermuehle-in-neuenhof-geplant\/#mainImage"},"datePublished":"2024-10-04T09:17:22+02:00","dateModified":"2024-09-23T13:17:20+02:00"},{"@type":"WebSite","@id":"https:\/\/www.immo-invest.ch\/it\/#website","url":"https:\/\/www.immo-invest.ch\/it\/","name":"immo!nvest - Die Plattform f\u00fcr Standorte und Immobilien","description":"Die\u00a0Plattform f\u00fcr Standorte und Immobilien","inLanguage":"it-IT","publisher":{"@id":"https:\/\/www.immo-invest.ch\/it\/#organization"}}]},"og:locale":"it_IT","og:site_name":"immo!nvest - Die Plattform f\u00fcr Standorte und Immobilien - Die\u00a0Plattform f\u00fcr Standorte und Immobilien","og:type":"article","og:title":"Previsto l\u2019ampliamento del complesso residenziale Weberm\u00fchle a Neuenhof - immo!nvest - Die Plattform f\u00fcr Standorte und Immobilien","og:description":"Altura RE AG, insieme al Comune di Neuendorf e ad altri proprietari di lotti sul sito di Weberm\u00fchle, vuole affrontare lo sviluppo della zona residenziale di Weberm\u00fchle. L'obiettivo \u00e8 costruire un ponte verso il quartiere di Klosterr\u00fcti.","og:url":"https:\/\/www.immo-invest.ch\/it\/erweiterung-der-grosssiedlung-webermuehle-in-neuenhof-geplant\/","og:image":"https:\/\/www.immo-invest.ch\/wp-content\/uploads\/2024\/03\/bauen_3.png","og:image:secure_url":"https:\/\/www.immo-invest.ch\/wp-content\/uploads\/2024\/03\/bauen_3.png","og:image:width":1191,"og:image:height":674,"article:published_time":"2024-10-04T07:17:22+00:00","article:modified_time":"2024-09-23T11:17:20+00:00","article:publisher":"https:\/\/www.facebook.com\/people\/Immoinvest\/100077962920504\/","twitter:card":"summary_large_image","twitter:site":"@i","twitter:title":"Previsto l\u2019ampliamento del complesso residenziale Weberm\u00fchle a Neuenhof - immo!nvest - Die Plattform f\u00fcr Standorte und Immobilien","twitter:description":"Altura RE AG, insieme al Comune di Neuendorf e ad altri proprietari di lotti sul sito di Weberm\u00fchle, vuole affrontare lo sviluppo della zona residenziale di Weberm\u00fchle. L'obiettivo \u00e8 costruire un ponte verso il quartiere di Klosterr\u00fcti.","twitter:creator":"@i","twitter:image":"https:\/\/www.immo-invest.ch\/wp-content\/uploads\/2024\/03\/bauen_3.png"},"aioseo_meta_data":{"post_id":"114452","title":null,"description":null,"keywords":null,"keyphrases":{"focus":{"keyphrase":"","score":0,"analysis":{"keyphraseInTitle":{"score":0,"maxScore":9,"error":1}}},"additional":[]},"primary_term":null,"canonical_url":null,"og_title":null,"og_description":null,"og_object_type":"default","og_image_type":"default","og_image_url":null,"og_image_width":null,"og_image_height":null,"og_image_custom_url":null,"og_image_custom_fields":null,"og_video":"","og_custom_url":null,"og_article_section":null,"og_article_tags":null,"twitter_use_og":false,"twitter_card":"default","twitter_image_type":"default","twitter_image_url":null,"twitter_image_custom_url":null,"twitter_image_custom_fields":null,"twitter_title":null,"twitter_description":null,"schema":{"blockGraphs":[],"customGraphs":[],"default":{"data":{"Article":[],"Course":[],"Dataset":[],"FAQPage":[],"Movie":[],"Person":[],"Product":[],"ProductReview":[],"Car":[],"Recipe":[],"Service":[],"SoftwareApplication":[],"WebPage":[]},"graphName":"BlogPosting","isEnabled":true},"graphs":[]},"schema_type":"default","schema_type_options":null,"pillar_content":false,"robots_default":true,"robots_noindex":false,"robots_noarchive":false,"robots_nosnippet":false,"robots_nofollow":false,"robots_noimageindex":false,"robots_noodp":false,"robots_notranslate":false,"robots_max_snippet":"-1","robots_max_videopreview":"-1","robots_max_imagepreview":"large","priority":null,"frequency":"default","local_seo":null,"breadcrumb_settings":null,"limit_modified_date":false,"ai":null,"created":"2024-09-23 11:17:21","updated":"2025-10-24 09:49:13","seo_analyzer_scan_date":null,"focus_keyword":null,"additional_keywords":null,"truseo_locale":null},"aioseo_breadcrumb":"<div class=\"aioseo-breadcrumbs\"><span class=\"aioseo-breadcrumb\">\n\t\t\t<a href=\"https:\/\/www.immo-invest.ch\/it\/\" title=\"Home\">Home<\/a>\n\t\t<\/span><span class=\"aioseo-breadcrumb-separator\">&raquo;<\/span><span class=\"aioseo-breadcrumb\">\n\t\t\t<a href=\"https:\/\/www.immo-invest.ch\/it\/categoria\/regioni\/\" title=\"Regioni\">Regioni<\/a>\n\t\t<\/span><span class=\"aioseo-breadcrumb-separator\">&raquo;<\/span><span class=\"aioseo-breadcrumb\">\n\t\t\t<a href=\"https:\/\/www.immo-invest.ch\/it\/categoria\/regioni\/svizzera\/\" title=\"Svizzera\">Svizzera<\/a>\n\t\t<\/span><span class=\"aioseo-breadcrumb-separator\">&raquo;<\/span><span class=\"aioseo-breadcrumb\">\n\t\t\t<a href=\"https:\/\/www.immo-invest.ch\/it\/categoria\/regioni\/svizzera\/svizzera-nord-occidentale\/\" title=\"Svizzera nord-occidentale\">Svizzera nord-occidentale<\/a>\n\t\t<\/span><span class=\"aioseo-breadcrumb-separator\">&raquo;<\/span><span class=\"aioseo-breadcrumb\">\n\t\t\t<a href=\"https:\/\/www.immo-invest.ch\/it\/categoria\/regioni\/svizzera\/svizzera-nord-occidentale\/aargau-immoregion\/\" title=\"Aargau\">Aargau<\/a>\n\t\t<\/span><span class=\"aioseo-breadcrumb-separator\">&raquo;<\/span><span class=\"aioseo-breadcrumb\">\n\t\t\tPrevisto l\u2019ampliamento del complesso residenziale Weberm\u00fchle a Neuenhof\n\t\t<\/span><\/div>","aioseo_breadcrumb_json":[{"label":"Home","link":"https:\/\/www.immo-invest.ch\/it\/"},{"label":"Regioni","link":"https:\/\/www.immo-invest.ch\/it\/categoria\/regioni\/"},{"label":"Svizzera","link":"https:\/\/www.immo-invest.ch\/it\/categoria\/regioni\/svizzera\/"},{"label":"Svizzera nord-occidentale","link":"https:\/\/www.immo-invest.ch\/it\/categoria\/regioni\/svizzera\/svizzera-nord-occidentale\/"},{"label":"Aargau","link":"https:\/\/www.immo-invest.ch\/it\/categoria\/regioni\/svizzera\/svizzera-nord-occidentale\/aargau-immoregion\/"},{"label":"Previsto l&#8217;ampliamento del complesso residenziale Weberm\u00fchle a Neuenhof","link":"https:\/\/www.immo-invest.ch\/it\/erweiterung-der-grosssiedlung-webermuehle-in-neuenhof-geplant\/"}],"featured_image_src":"https:\/\/www.immo-invest.ch\/wp-content\/uploads\/2024\/03\/bauen_3-336x168.png","_links":{"self":[{"href":"https:\/\/www.immo-invest.ch\/it\/wp-json\/wp\/v2\/posts\/114452","targetHints":{"allow":["GET"]}}],"collection":[{"href":"https:\/\/www.immo-invest.ch\/it\/wp-json\/wp\/v2\/posts"}],"about":[{"href":"https:\/\/www.immo-invest.ch\/it\/wp-json\/wp\/v2\/types\/post"}],"author":[{"embeddable":true,"href":"https:\/\/www.immo-invest.ch\/it\/wp-json\/wp\/v2\/users\/2"}],"replies":[{"embeddable":true,"href":"https:\/\/www.immo-invest.ch\/it\/wp-json\/wp\/v2\/comments?post=114452"}],"version-history":[{"count":0,"href":"https:\/\/www.immo-invest.ch\/it\/wp-json\/wp\/v2\/posts\/114452\/revisions"}],"wp:featuredmedia":[{"embeddable":true,"href":"https:\/\/www.immo-invest.ch\/it\/wp-json\/wp\/v2\/media\/79867"}],"wp:attachment":[{"href":"https:\/\/www.immo-invest.ch\/it\/wp-json\/wp\/v2\/media?parent=114452"}],"wp:term":[{"taxonomy":"category","embeddable":true,"href":"https:\/\/www.immo-invest.ch\/it\/wp-json\/wp\/v2\/categories?post=114452"},{"taxonomy":"post_tag","embeddable":true,"href":"https:\/\/www.immo-invest.ch\/it\/wp-json\/wp\/v2\/tags?post=114452"}],"curies":[{"name":"wp","href":"https:\/\/api.w.org\/{rel}","templated":true}]}}