{"id":114375,"date":"2024-09-23T15:00:00","date_gmt":"2024-09-23T13:00:00","guid":{"rendered":"https:\/\/www.immo-invest.ch\/?p=114375"},"modified":"2024-09-23T12:17:55","modified_gmt":"2024-09-23T10:17:55","slug":"vision-fuer-nachhaltiges-technologiezentrum-nimmt-form-an","status":"publish","type":"post","link":"https:\/\/www.immo-invest.ch\/it\/vision-fuer-nachhaltiges-technologiezentrum-nimmt-form-an\/","title":{"rendered":"La visione di un centro tecnologico sostenibile prende forma"},"content":{"rendered":"<p class=\"bodytext\"><a href=\"https:\/\/flexbase.ch\/de\/flexbase-laufenburg\" target=\"_blank\" rel=\"noopener\">FlexBase<\/a> intende realizzare il suo nuovo centro tecnologico in linea con i piani gi&agrave; presentati. Secondo un <a href=\"https:\/\/www.erne-gruppe.ch\/de\/news\/technologiezentrum-flexbase\/\" target=\"_blank\" rel=\"noopener\">comunicato stampa<\/a>, l&rsquo;azienda tecnologica si &egrave; assicurata il <a href=\"https:\/\/www.erne-gruppe.ch\/de\/\" target=\"_blank\" rel=\"noopener\">Gruppo ERNE<\/a>, anch&rsquo;esso con sede a Laufenburg, come appaltatore generale. L&rsquo;inizio della costruzione &egrave; previsto per il 2025. Una richiesta di pianificazione aggiornata &egrave; stata presentata alle autorit&agrave; competenti.<\/p>\n<p class=\"bodytext\">Il centro tecnologico sar&agrave; costruito sull&rsquo;ex sito di Swissgrid. Il fulcro sar&agrave; un nuovo edificio di fronte a quello esistente. Oltre a molte strutture di ricerca, verr&agrave; costruito un centro dati con capacit&agrave; di utilizzo dell&rsquo;intelligenza artificiale. FlexBase prevede anche di costruire un impianto di accumulo di batterie di 20.000 metri quadrati con una capacit&agrave; di oltre 500 megawatt sul sito. Secondo il comunicato stampa, l&rsquo;impianto di stoccaggio non infiammabile e non esplosivo &egrave; il &ldquo;pi&ugrave; grande e moderno impianto di stoccaggio di batterie al mondo nel suo genere&rdquo;. La costruzione del nuovo centro tecnologico creer&agrave; diverse centinaia di posti di lavoro per lavoratori qualificati e apprendisti.<\/p>\n<p class=\"bodytext\">Secondo il comunicato stampa, Marcel Aumer, CEO del Gruppo FlexBase, non prevede un ritardo nella costruzione nonostante il rilancio del progetto. Giustifica questa opinione con la stretta collaborazione con ERNE: &ldquo;In questo progetto, non solo ho sperimentato la competenza di ERNE fin dall&rsquo;inizio, ma anche la piena attenzione del top management&rdquo; Anche l&rsquo;Amministratore Delegato di ERNE, Giuseppe Santagada, &egrave; ottimista: &ldquo;Il mio impegno personale va ben oltre la realizzazione di questo progetto; comprende anche la promozione di nuove competenze tecnologiche e l&rsquo;aumento dell&rsquo;attrattiva di Laufenburg come sede per la visione di una regione prospera&rdquo;.<\/p>\n","protected":false},"excerpt":{"rendered":"<p>FlexBase sta progettando di costruire un nuovo centro tecnologico a Laufenburg. Questo comprender\u00e0 anche il pi\u00f9 grande impianto di accumulo di batterie al mondo di questo tipo. Il Gruppo ERNE \u00e8 stato assunto come appaltatore generale per la costruzione.<\/p>\n","protected":false},"author":2,"featured_media":55309,"comment_status":"open","ping_status":"open","sticky":false,"template":"","format":"standard","meta":{"pmpro_default_level":"","inline_featured_image":false,"_monsterinsights_skip_tracking":false,"footnotes":""},"categories":[4840,745,9650,22700],"tags":[25522,8390,20306,3125,843,5660,852,2180,7221,1961,12734],"class_list":["post-114375","post","type-post","status-publish","format-standard","has-post-thumbnail","hentry","category-aargau-immoregion","category-immonews-it","category-nuove-costruzioni","category-sostenibilita","tag-arbeitsplatz-it","tag-batteriespeicher-it","tag-bauplanung-it","tag-bauprojekt-it","tag-energie-it","tag-forschungseinrichtungen-it","tag-immobilien-it","tag-innovation-it","tag-kuenstliche-intelligenz-it","tag-nachhaltigkeit-it","tag-technologiezentrum-it","pmpro-has-access"],"acf":{"bild_mit_ki_erstellt_worden":[],"lead":"FlexBase sta progettando di costruire un nuovo centro tecnologico a Laufenburg. Questo comprender\u00e0 anche il pi\u00f9 grande impianto di accumulo di batterie al mondo di questo tipo. Il Gruppo ERNE \u00e8 stato assunto come appaltatore generale per la costruzione.","autor":"ce\/ww","ort":"Laufenburg AG","bildunterschrift":"","bild_im_grid":false,"gallerie":"","newsim":""},"aioseo_notices":[],"aioseo_head":"\n\t\t<!-- All in One SEO 5.0.0.1 - aioseo.com -->\n\t<meta name=\"description\" content=\"FlexBase sta progettando di costruire un nuovo centro tecnologico a Laufenburg. Questo comprender\u00e0 anche il pi\u00f9 grande impianto di accumulo di batterie al mondo di questo tipo. Il Gruppo ERNE \u00e8 stato assunto come appaltatore generale per la costruzione.\" \/>\n\t<meta name=\"robots\" content=\"max-image-preview:large\" \/>\n\t<meta name=\"author\" content=\"immovestuser\"\/>\n\t<meta name=\"google-site-verification\" content=\"fHJKvgWpZCR2zVBHWfkQeFXC11qieUSff0HGNYfuyLA\" \/>\n\t<link rel=\"canonical\" href=\"https:\/\/www.immo-invest.ch\/it\/vision-fuer-nachhaltiges-technologiezentrum-nimmt-form-an\/\" \/>\n\t<meta name=\"generator\" content=\"All in One SEO (AIOSEO) 5.0.0.1\" \/>\n\t\t<meta property=\"og:locale\" content=\"it_IT\" \/>\n\t\t<meta property=\"og:site_name\" content=\"immo!nvest - Die Plattform f\u00fcr Standorte und Immobilien - Die\u00a0Plattform f\u00fcr Standorte und Immobilien\" \/>\n\t\t<meta property=\"og:type\" content=\"article\" \/>\n\t\t<meta property=\"og:title\" content=\"La visione di un centro tecnologico sostenibile prende forma - immo!nvest - Die Plattform f\u00fcr Standorte und Immobilien\" \/>\n\t\t<meta property=\"og:description\" content=\"FlexBase sta progettando di costruire un nuovo centro tecnologico a Laufenburg. Questo comprender\u00e0 anche il pi\u00f9 grande impianto di accumulo di batterie al mondo di questo tipo. Il Gruppo ERNE \u00e8 stato assunto come appaltatore generale per la costruzione.\" \/>\n\t\t<meta property=\"og:url\" content=\"https:\/\/www.immo-invest.ch\/it\/vision-fuer-nachhaltiges-technologiezentrum-nimmt-form-an\/\" \/>\n\t\t<meta property=\"og:image\" content=\"https:\/\/www.immo-invest.ch\/wp-content\/uploads\/2023\/05\/Baustellen_1.png\" \/>\n\t\t<meta property=\"og:image:secure_url\" content=\"https:\/\/www.immo-invest.ch\/wp-content\/uploads\/2023\/05\/Baustellen_1.png\" \/>\n\t\t<meta property=\"og:image:width\" content=\"1200\" \/>\n\t\t<meta property=\"og:image:height\" content=\"628\" \/>\n\t\t<meta property=\"article:published_time\" content=\"2024-09-23T13:00:00+00:00\" \/>\n\t\t<meta property=\"article:modified_time\" content=\"2024-09-23T10:17:55+00:00\" \/>\n\t\t<meta property=\"article:publisher\" content=\"https:\/\/www.facebook.com\/people\/Immoinvest\/100077962920504\/\" \/>\n\t\t<meta name=\"twitter:card\" content=\"summary_large_image\" \/>\n\t\t<meta name=\"twitter:site\" content=\"@i\" \/>\n\t\t<meta name=\"twitter:title\" content=\"La visione di un centro tecnologico sostenibile prende forma - immo!nvest - Die Plattform f\u00fcr Standorte und Immobilien\" \/>\n\t\t<meta name=\"twitter:description\" content=\"FlexBase sta progettando di costruire un nuovo centro tecnologico a Laufenburg. Questo comprender\u00e0 anche il pi\u00f9 grande impianto di accumulo di batterie al mondo di questo tipo. Il Gruppo ERNE \u00e8 stato assunto come appaltatore generale per la costruzione.\" \/>\n\t\t<meta name=\"twitter:creator\" content=\"@i\" \/>\n\t\t<meta name=\"twitter:image\" content=\"https:\/\/www.immo-invest.ch\/wp-content\/uploads\/2023\/05\/Baustellen_1.png\" \/>\n\t\t<script type=\"application\/ld+json\" class=\"aioseo-schema\">\n\t\t\t{\"@context\":\"https:\\\/\\\/schema.org\",\"@graph\":[{\"@type\":\"BlogPosting\",\"@id\":\"https:\\\/\\\/www.immo-invest.ch\\\/it\\\/vision-fuer-nachhaltiges-technologiezentrum-nimmt-form-an\\\/#blogposting\",\"name\":\"La visione di un centro tecnologico sostenibile prende forma - immo!nvest - Die Plattform f\\u00fcr Standorte und Immobilien\",\"headline\":\"La visione di un centro tecnologico sostenibile prende forma\",\"author\":{\"@id\":\"https:\\\/\\\/www.immo-invest.ch\\\/it\\\/author\\\/immovestuser\\\/#author\"},\"publisher\":{\"@id\":\"https:\\\/\\\/www.immo-invest.ch\\\/it\\\/#organization\"},\"image\":{\"@type\":\"ImageObject\",\"url\":\"https:\\\/\\\/www.immo-invest.ch\\\/wp-content\\\/uploads\\\/2023\\\/05\\\/Baustellen_1.png\",\"width\":1200,\"height\":628},\"datePublished\":\"2024-09-23T15:00:00+02:00\",\"dateModified\":\"2024-09-23T12:17:55+02:00\",\"inLanguage\":\"it-IT\",\"mainEntityOfPage\":{\"@id\":\"https:\\\/\\\/www.immo-invest.ch\\\/it\\\/vision-fuer-nachhaltiges-technologiezentrum-nimmt-form-an\\\/#webpage\"},\"isPartOf\":{\"@id\":\"https:\\\/\\\/www.immo-invest.ch\\\/it\\\/vision-fuer-nachhaltiges-technologiezentrum-nimmt-form-an\\\/#webpage\"},\"articleSection\":\"Aargau, immoNews, Nuove costruzioni, Sostenibilit\\u00e0, Arbeitsplatz, Batteriespeicher, Bauplanung, Bauprojekt, Energie, forschungseinrichtungen, immobilien, Innovation, k\\u00fcnstliche Intelligenz, Nachhaltigkeit, Technologiezentrum, Optional\"},{\"@type\":\"BreadcrumbList\",\"@id\":\"https:\\\/\\\/www.immo-invest.ch\\\/it\\\/vision-fuer-nachhaltiges-technologiezentrum-nimmt-form-an\\\/#breadcrumblist\",\"itemListElement\":[{\"@type\":\"ListItem\",\"@id\":\"https:\\\/\\\/www.immo-invest.ch\\\/it\\\/#listItem\",\"position\":1,\"name\":\"Home\",\"item\":\"https:\\\/\\\/www.immo-invest.ch\\\/it\\\/\",\"nextItem\":{\"@type\":\"ListItem\",\"@id\":\"https:\\\/\\\/www.immo-invest.ch\\\/it\\\/categoria\\\/regioni\\\/#listItem\",\"name\":\"Regioni\"}},{\"@type\":\"ListItem\",\"@id\":\"https:\\\/\\\/www.immo-invest.ch\\\/it\\\/categoria\\\/regioni\\\/#listItem\",\"position\":2,\"name\":\"Regioni\",\"item\":\"https:\\\/\\\/www.immo-invest.ch\\\/it\\\/categoria\\\/regioni\\\/\",\"nextItem\":{\"@type\":\"ListItem\",\"@id\":\"https:\\\/\\\/www.immo-invest.ch\\\/it\\\/categoria\\\/regioni\\\/svizzera\\\/#listItem\",\"name\":\"Svizzera\"},\"previousItem\":{\"@type\":\"ListItem\",\"@id\":\"https:\\\/\\\/www.immo-invest.ch\\\/it\\\/#listItem\",\"name\":\"Home\"}},{\"@type\":\"ListItem\",\"@id\":\"https:\\\/\\\/www.immo-invest.ch\\\/it\\\/categoria\\\/regioni\\\/svizzera\\\/#listItem\",\"position\":3,\"name\":\"Svizzera\",\"item\":\"https:\\\/\\\/www.immo-invest.ch\\\/it\\\/categoria\\\/regioni\\\/svizzera\\\/\",\"nextItem\":{\"@type\":\"ListItem\",\"@id\":\"https:\\\/\\\/www.immo-invest.ch\\\/it\\\/categoria\\\/regioni\\\/svizzera\\\/svizzera-nord-occidentale\\\/#listItem\",\"name\":\"Svizzera nord-occidentale\"},\"previousItem\":{\"@type\":\"ListItem\",\"@id\":\"https:\\\/\\\/www.immo-invest.ch\\\/it\\\/categoria\\\/regioni\\\/#listItem\",\"name\":\"Regioni\"}},{\"@type\":\"ListItem\",\"@id\":\"https:\\\/\\\/www.immo-invest.ch\\\/it\\\/categoria\\\/regioni\\\/svizzera\\\/svizzera-nord-occidentale\\\/#listItem\",\"position\":4,\"name\":\"Svizzera nord-occidentale\",\"item\":\"https:\\\/\\\/www.immo-invest.ch\\\/it\\\/categoria\\\/regioni\\\/svizzera\\\/svizzera-nord-occidentale\\\/\",\"nextItem\":{\"@type\":\"ListItem\",\"@id\":\"https:\\\/\\\/www.immo-invest.ch\\\/it\\\/categoria\\\/regioni\\\/svizzera\\\/svizzera-nord-occidentale\\\/aargau-immoregion\\\/#listItem\",\"name\":\"Aargau\"},\"previousItem\":{\"@type\":\"ListItem\",\"@id\":\"https:\\\/\\\/www.immo-invest.ch\\\/it\\\/categoria\\\/regioni\\\/svizzera\\\/#listItem\",\"name\":\"Svizzera\"}},{\"@type\":\"ListItem\",\"@id\":\"https:\\\/\\\/www.immo-invest.ch\\\/it\\\/categoria\\\/regioni\\\/svizzera\\\/svizzera-nord-occidentale\\\/aargau-immoregion\\\/#listItem\",\"position\":5,\"name\":\"Aargau\",\"item\":\"https:\\\/\\\/www.immo-invest.ch\\\/it\\\/categoria\\\/regioni\\\/svizzera\\\/svizzera-nord-occidentale\\\/aargau-immoregion\\\/\",\"nextItem\":{\"@type\":\"ListItem\",\"@id\":\"https:\\\/\\\/www.immo-invest.ch\\\/it\\\/vision-fuer-nachhaltiges-technologiezentrum-nimmt-form-an\\\/#listItem\",\"name\":\"La visione di un centro tecnologico sostenibile prende forma\"},\"previousItem\":{\"@type\":\"ListItem\",\"@id\":\"https:\\\/\\\/www.immo-invest.ch\\\/it\\\/categoria\\\/regioni\\\/svizzera\\\/svizzera-nord-occidentale\\\/#listItem\",\"name\":\"Svizzera nord-occidentale\"}},{\"@type\":\"ListItem\",\"@id\":\"https:\\\/\\\/www.immo-invest.ch\\\/it\\\/vision-fuer-nachhaltiges-technologiezentrum-nimmt-form-an\\\/#listItem\",\"position\":6,\"name\":\"La visione di un centro tecnologico sostenibile prende forma\",\"previousItem\":{\"@type\":\"ListItem\",\"@id\":\"https:\\\/\\\/www.immo-invest.ch\\\/it\\\/categoria\\\/regioni\\\/svizzera\\\/svizzera-nord-occidentale\\\/aargau-immoregion\\\/#listItem\",\"name\":\"Aargau\"}}]},{\"@type\":\"Organization\",\"@id\":\"https:\\\/\\\/www.immo-invest.ch\\\/it\\\/#organization\",\"name\":\"immo!nvest - Die Plattform f\\u00fcr Standorte und Immobilien\",\"description\":\"Die\\u00a0Plattform f\\u00fcr Standorte und Immobilien\",\"url\":\"https:\\\/\\\/www.immo-invest.ch\\\/it\\\/\",\"email\":\"admin@immomedia.ag\",\"telephone\":\"+41444420002\",\"logo\":{\"@type\":\"ImageObject\",\"url\":\"https:\\\/\\\/www.immo-invest.ch\\\/wp-content\\\/uploads\\\/2024\\\/09\\\/immoinvest_sm-scaled.jpg\",\"@id\":\"https:\\\/\\\/www.immo-invest.ch\\\/it\\\/vision-fuer-nachhaltiges-technologiezentrum-nimmt-form-an\\\/#organizationLogo\",\"width\":2560,\"height\":1340},\"image\":{\"@id\":\"https:\\\/\\\/www.immo-invest.ch\\\/it\\\/vision-fuer-nachhaltiges-technologiezentrum-nimmt-form-an\\\/#organizationLogo\"},\"sameAs\":[\"https:\\\/\\\/www.facebook.com\\\/people\\\/Immoinvest\\\/100077962920504\\\/\",\"https:\\\/\\\/x.com\\\/i\\\/flow\\\/login?redirect_after_login=immoinvest_ch\",\"https:\\\/\\\/www.instagram.com\\\/immoinvest_ch\\\/\",\"https:\\\/\\\/www.linkedin.com\\\/company\\\/immoinvest-swiss\"]},{\"@type\":\"Person\",\"@id\":\"https:\\\/\\\/www.immo-invest.ch\\\/it\\\/author\\\/immovestuser\\\/#author\",\"url\":\"https:\\\/\\\/www.immo-invest.ch\\\/it\\\/author\\\/immovestuser\\\/\",\"name\":\"immovestuser\",\"image\":{\"@type\":\"ImageObject\",\"@id\":\"https:\\\/\\\/www.immo-invest.ch\\\/it\\\/vision-fuer-nachhaltiges-technologiezentrum-nimmt-form-an\\\/#authorImage\",\"url\":\"https:\\\/\\\/secure.gravatar.com\\\/avatar\\\/8e01f4d99f2eeea7a362ebb93305e1172a70e9293ba250f897a65c39f54cdd1e?s=96&d=mm&r=g\",\"width\":96,\"height\":96,\"caption\":\"immovestuser\"}},{\"@type\":\"WebPage\",\"@id\":\"https:\\\/\\\/www.immo-invest.ch\\\/it\\\/vision-fuer-nachhaltiges-technologiezentrum-nimmt-form-an\\\/#webpage\",\"url\":\"https:\\\/\\\/www.immo-invest.ch\\\/it\\\/vision-fuer-nachhaltiges-technologiezentrum-nimmt-form-an\\\/\",\"name\":\"La visione di un centro tecnologico sostenibile prende forma - immo!nvest - Die Plattform f\\u00fcr Standorte und Immobilien\",\"description\":\"FlexBase sta progettando di costruire un nuovo centro tecnologico a Laufenburg. Questo comprender\\u00e0 anche il pi\\u00f9 grande impianto di accumulo di batterie al mondo di questo tipo. Il Gruppo ERNE \\u00e8 stato assunto come appaltatore generale per la costruzione.\",\"inLanguage\":\"it-IT\",\"isPartOf\":{\"@id\":\"https:\\\/\\\/www.immo-invest.ch\\\/it\\\/#website\"},\"breadcrumb\":{\"@id\":\"https:\\\/\\\/www.immo-invest.ch\\\/it\\\/vision-fuer-nachhaltiges-technologiezentrum-nimmt-form-an\\\/#breadcrumblist\"},\"author\":{\"@id\":\"https:\\\/\\\/www.immo-invest.ch\\\/it\\\/author\\\/immovestuser\\\/#author\"},\"creator\":{\"@id\":\"https:\\\/\\\/www.immo-invest.ch\\\/it\\\/author\\\/immovestuser\\\/#author\"},\"image\":{\"@type\":\"ImageObject\",\"url\":\"https:\\\/\\\/www.immo-invest.ch\\\/wp-content\\\/uploads\\\/2023\\\/05\\\/Baustellen_1.png\",\"@id\":\"https:\\\/\\\/www.immo-invest.ch\\\/it\\\/vision-fuer-nachhaltiges-technologiezentrum-nimmt-form-an\\\/#mainImage\",\"width\":1200,\"height\":628},\"primaryImageOfPage\":{\"@id\":\"https:\\\/\\\/www.immo-invest.ch\\\/it\\\/vision-fuer-nachhaltiges-technologiezentrum-nimmt-form-an\\\/#mainImage\"},\"datePublished\":\"2024-09-23T15:00:00+02:00\",\"dateModified\":\"2024-09-23T12:17:55+02:00\"},{\"@type\":\"WebSite\",\"@id\":\"https:\\\/\\\/www.immo-invest.ch\\\/it\\\/#website\",\"url\":\"https:\\\/\\\/www.immo-invest.ch\\\/it\\\/\",\"name\":\"immo!nvest - Die Plattform f\\u00fcr Standorte und Immobilien\",\"description\":\"Die\\u00a0Plattform f\\u00fcr Standorte und Immobilien\",\"inLanguage\":\"it-IT\",\"publisher\":{\"@id\":\"https:\\\/\\\/www.immo-invest.ch\\\/it\\\/#organization\"}}]}\n\t\t<\/script>\n\t\t<!-- All in One SEO -->\n\n","aioseo_head_json":{"title":"La visione di un centro tecnologico sostenibile prende forma - immo!nvest - Die Plattform f\u00fcr Standorte und Immobilien","description":"FlexBase sta progettando di costruire un nuovo centro tecnologico a Laufenburg. Questo comprender\u00e0 anche il pi\u00f9 grande impianto di accumulo di batterie al mondo di questo tipo. Il Gruppo ERNE \u00e8 stato assunto come appaltatore generale per la costruzione.","canonical_url":"https:\/\/www.immo-invest.ch\/it\/vision-fuer-nachhaltiges-technologiezentrum-nimmt-form-an\/","robots":"max-image-preview:large","keywords":"","webmasterTools":{"google-site-verification":"fHJKvgWpZCR2zVBHWfkQeFXC11qieUSff0HGNYfuyLA","miscellaneous":""},"schema":{"@context":"https:\/\/schema.org","@graph":[{"@type":"BlogPosting","@id":"https:\/\/www.immo-invest.ch\/it\/vision-fuer-nachhaltiges-technologiezentrum-nimmt-form-an\/#blogposting","name":"La visione di un centro tecnologico sostenibile prende forma - immo!nvest - Die Plattform f\u00fcr Standorte und Immobilien","headline":"La visione di un centro tecnologico sostenibile prende forma","author":{"@id":"https:\/\/www.immo-invest.ch\/it\/author\/immovestuser\/#author"},"publisher":{"@id":"https:\/\/www.immo-invest.ch\/it\/#organization"},"image":{"@type":"ImageObject","url":"https:\/\/www.immo-invest.ch\/wp-content\/uploads\/2023\/05\/Baustellen_1.png","width":1200,"height":628},"datePublished":"2024-09-23T15:00:00+02:00","dateModified":"2024-09-23T12:17:55+02:00","inLanguage":"it-IT","mainEntityOfPage":{"@id":"https:\/\/www.immo-invest.ch\/it\/vision-fuer-nachhaltiges-technologiezentrum-nimmt-form-an\/#webpage"},"isPartOf":{"@id":"https:\/\/www.immo-invest.ch\/it\/vision-fuer-nachhaltiges-technologiezentrum-nimmt-form-an\/#webpage"},"articleSection":"Aargau, immoNews, Nuove costruzioni, Sostenibilit\u00e0, Arbeitsplatz, Batteriespeicher, Bauplanung, Bauprojekt, Energie, forschungseinrichtungen, immobilien, Innovation, k\u00fcnstliche Intelligenz, Nachhaltigkeit, Technologiezentrum, Optional"},{"@type":"BreadcrumbList","@id":"https:\/\/www.immo-invest.ch\/it\/vision-fuer-nachhaltiges-technologiezentrum-nimmt-form-an\/#breadcrumblist","itemListElement":[{"@type":"ListItem","@id":"https:\/\/www.immo-invest.ch\/it\/#listItem","position":1,"name":"Home","item":"https:\/\/www.immo-invest.ch\/it\/","nextItem":{"@type":"ListItem","@id":"https:\/\/www.immo-invest.ch\/it\/categoria\/regioni\/#listItem","name":"Regioni"}},{"@type":"ListItem","@id":"https:\/\/www.immo-invest.ch\/it\/categoria\/regioni\/#listItem","position":2,"name":"Regioni","item":"https:\/\/www.immo-invest.ch\/it\/categoria\/regioni\/","nextItem":{"@type":"ListItem","@id":"https:\/\/www.immo-invest.ch\/it\/categoria\/regioni\/svizzera\/#listItem","name":"Svizzera"},"previousItem":{"@type":"ListItem","@id":"https:\/\/www.immo-invest.ch\/it\/#listItem","name":"Home"}},{"@type":"ListItem","@id":"https:\/\/www.immo-invest.ch\/it\/categoria\/regioni\/svizzera\/#listItem","position":3,"name":"Svizzera","item":"https:\/\/www.immo-invest.ch\/it\/categoria\/regioni\/svizzera\/","nextItem":{"@type":"ListItem","@id":"https:\/\/www.immo-invest.ch\/it\/categoria\/regioni\/svizzera\/svizzera-nord-occidentale\/#listItem","name":"Svizzera nord-occidentale"},"previousItem":{"@type":"ListItem","@id":"https:\/\/www.immo-invest.ch\/it\/categoria\/regioni\/#listItem","name":"Regioni"}},{"@type":"ListItem","@id":"https:\/\/www.immo-invest.ch\/it\/categoria\/regioni\/svizzera\/svizzera-nord-occidentale\/#listItem","position":4,"name":"Svizzera nord-occidentale","item":"https:\/\/www.immo-invest.ch\/it\/categoria\/regioni\/svizzera\/svizzera-nord-occidentale\/","nextItem":{"@type":"ListItem","@id":"https:\/\/www.immo-invest.ch\/it\/categoria\/regioni\/svizzera\/svizzera-nord-occidentale\/aargau-immoregion\/#listItem","name":"Aargau"},"previousItem":{"@type":"ListItem","@id":"https:\/\/www.immo-invest.ch\/it\/categoria\/regioni\/svizzera\/#listItem","name":"Svizzera"}},{"@type":"ListItem","@id":"https:\/\/www.immo-invest.ch\/it\/categoria\/regioni\/svizzera\/svizzera-nord-occidentale\/aargau-immoregion\/#listItem","position":5,"name":"Aargau","item":"https:\/\/www.immo-invest.ch\/it\/categoria\/regioni\/svizzera\/svizzera-nord-occidentale\/aargau-immoregion\/","nextItem":{"@type":"ListItem","@id":"https:\/\/www.immo-invest.ch\/it\/vision-fuer-nachhaltiges-technologiezentrum-nimmt-form-an\/#listItem","name":"La visione di un centro tecnologico sostenibile prende forma"},"previousItem":{"@type":"ListItem","@id":"https:\/\/www.immo-invest.ch\/it\/categoria\/regioni\/svizzera\/svizzera-nord-occidentale\/#listItem","name":"Svizzera nord-occidentale"}},{"@type":"ListItem","@id":"https:\/\/www.immo-invest.ch\/it\/vision-fuer-nachhaltiges-technologiezentrum-nimmt-form-an\/#listItem","position":6,"name":"La visione di un centro tecnologico sostenibile prende forma","previousItem":{"@type":"ListItem","@id":"https:\/\/www.immo-invest.ch\/it\/categoria\/regioni\/svizzera\/svizzera-nord-occidentale\/aargau-immoregion\/#listItem","name":"Aargau"}}]},{"@type":"Organization","@id":"https:\/\/www.immo-invest.ch\/it\/#organization","name":"immo!nvest - Die Plattform f\u00fcr Standorte und Immobilien","description":"Die\u00a0Plattform f\u00fcr Standorte und Immobilien","url":"https:\/\/www.immo-invest.ch\/it\/","email":"admin@immomedia.ag","telephone":"+41444420002","logo":{"@type":"ImageObject","url":"https:\/\/www.immo-invest.ch\/wp-content\/uploads\/2024\/09\/immoinvest_sm-scaled.jpg","@id":"https:\/\/www.immo-invest.ch\/it\/vision-fuer-nachhaltiges-technologiezentrum-nimmt-form-an\/#organizationLogo","width":2560,"height":1340},"image":{"@id":"https:\/\/www.immo-invest.ch\/it\/vision-fuer-nachhaltiges-technologiezentrum-nimmt-form-an\/#organizationLogo"},"sameAs":["https:\/\/www.facebook.com\/people\/Immoinvest\/100077962920504\/","https:\/\/x.com\/i\/flow\/login?redirect_after_login=immoinvest_ch","https:\/\/www.instagram.com\/immoinvest_ch\/","https:\/\/www.linkedin.com\/company\/immoinvest-swiss"]},{"@type":"Person","@id":"https:\/\/www.immo-invest.ch\/it\/author\/immovestuser\/#author","url":"https:\/\/www.immo-invest.ch\/it\/author\/immovestuser\/","name":"immovestuser","image":{"@type":"ImageObject","@id":"https:\/\/www.immo-invest.ch\/it\/vision-fuer-nachhaltiges-technologiezentrum-nimmt-form-an\/#authorImage","url":"https:\/\/secure.gravatar.com\/avatar\/8e01f4d99f2eeea7a362ebb93305e1172a70e9293ba250f897a65c39f54cdd1e?s=96&d=mm&r=g","width":96,"height":96,"caption":"immovestuser"}},{"@type":"WebPage","@id":"https:\/\/www.immo-invest.ch\/it\/vision-fuer-nachhaltiges-technologiezentrum-nimmt-form-an\/#webpage","url":"https:\/\/www.immo-invest.ch\/it\/vision-fuer-nachhaltiges-technologiezentrum-nimmt-form-an\/","name":"La visione di un centro tecnologico sostenibile prende forma - immo!nvest - Die Plattform f\u00fcr Standorte und Immobilien","description":"FlexBase sta progettando di costruire un nuovo centro tecnologico a Laufenburg. Questo comprender\u00e0 anche il pi\u00f9 grande impianto di accumulo di batterie al mondo di questo tipo. Il Gruppo ERNE \u00e8 stato assunto come appaltatore generale per la costruzione.","inLanguage":"it-IT","isPartOf":{"@id":"https:\/\/www.immo-invest.ch\/it\/#website"},"breadcrumb":{"@id":"https:\/\/www.immo-invest.ch\/it\/vision-fuer-nachhaltiges-technologiezentrum-nimmt-form-an\/#breadcrumblist"},"author":{"@id":"https:\/\/www.immo-invest.ch\/it\/author\/immovestuser\/#author"},"creator":{"@id":"https:\/\/www.immo-invest.ch\/it\/author\/immovestuser\/#author"},"image":{"@type":"ImageObject","url":"https:\/\/www.immo-invest.ch\/wp-content\/uploads\/2023\/05\/Baustellen_1.png","@id":"https:\/\/www.immo-invest.ch\/it\/vision-fuer-nachhaltiges-technologiezentrum-nimmt-form-an\/#mainImage","width":1200,"height":628},"primaryImageOfPage":{"@id":"https:\/\/www.immo-invest.ch\/it\/vision-fuer-nachhaltiges-technologiezentrum-nimmt-form-an\/#mainImage"},"datePublished":"2024-09-23T15:00:00+02:00","dateModified":"2024-09-23T12:17:55+02:00"},{"@type":"WebSite","@id":"https:\/\/www.immo-invest.ch\/it\/#website","url":"https:\/\/www.immo-invest.ch\/it\/","name":"immo!nvest - Die Plattform f\u00fcr Standorte und Immobilien","description":"Die\u00a0Plattform f\u00fcr Standorte und Immobilien","inLanguage":"it-IT","publisher":{"@id":"https:\/\/www.immo-invest.ch\/it\/#organization"}}]},"og:locale":"it_IT","og:site_name":"immo!nvest - Die Plattform f\u00fcr Standorte und Immobilien - Die\u00a0Plattform f\u00fcr Standorte und Immobilien","og:type":"article","og:title":"La visione di un centro tecnologico sostenibile prende forma - immo!nvest - Die Plattform f\u00fcr Standorte und Immobilien","og:description":"FlexBase sta progettando di costruire un nuovo centro tecnologico a Laufenburg. Questo comprender\u00e0 anche il pi\u00f9 grande impianto di accumulo di batterie al mondo di questo tipo. Il Gruppo ERNE \u00e8 stato assunto come appaltatore generale per la costruzione.","og:url":"https:\/\/www.immo-invest.ch\/it\/vision-fuer-nachhaltiges-technologiezentrum-nimmt-form-an\/","og:image":"https:\/\/www.immo-invest.ch\/wp-content\/uploads\/2023\/05\/Baustellen_1.png","og:image:secure_url":"https:\/\/www.immo-invest.ch\/wp-content\/uploads\/2023\/05\/Baustellen_1.png","og:image:width":1200,"og:image:height":628,"article:published_time":"2024-09-23T13:00:00+00:00","article:modified_time":"2024-09-23T10:17:55+00:00","article:publisher":"https:\/\/www.facebook.com\/people\/Immoinvest\/100077962920504\/","twitter:card":"summary_large_image","twitter:site":"@i","twitter:title":"La visione di un centro tecnologico sostenibile prende forma - immo!nvest - Die Plattform f\u00fcr Standorte und Immobilien","twitter:description":"FlexBase sta progettando di costruire un nuovo centro tecnologico a Laufenburg. Questo comprender\u00e0 anche il pi\u00f9 grande impianto di accumulo di batterie al mondo di questo tipo. Il Gruppo ERNE \u00e8 stato assunto come appaltatore generale per la costruzione.","twitter:creator":"@i","twitter:image":"https:\/\/www.immo-invest.ch\/wp-content\/uploads\/2023\/05\/Baustellen_1.png"},"aioseo_meta_data":{"post_id":"114375","title":null,"description":null,"keywords":null,"keyphrases":{"focus":{"keyphrase":"","score":0,"analysis":{"keyphraseInTitle":{"score":0,"maxScore":9,"error":1}}},"additional":[]},"primary_term":null,"canonical_url":null,"og_title":null,"og_description":null,"og_object_type":"default","og_image_type":"default","og_image_url":null,"og_image_width":null,"og_image_height":null,"og_image_custom_url":null,"og_image_custom_fields":null,"og_video":"","og_custom_url":null,"og_article_section":null,"og_article_tags":null,"twitter_use_og":false,"twitter_card":"default","twitter_image_type":"default","twitter_image_url":null,"twitter_image_custom_url":null,"twitter_image_custom_fields":null,"twitter_title":null,"twitter_description":null,"schema":{"blockGraphs":[],"customGraphs":[],"default":{"data":{"Article":[],"Course":[],"Dataset":[],"FAQPage":[],"Movie":[],"Person":[],"Product":[],"ProductReview":[],"Car":[],"Recipe":[],"Service":[],"SoftwareApplication":[],"WebPage":[]},"graphName":"BlogPosting","isEnabled":true},"graphs":[]},"schema_type":"default","schema_type_options":null,"pillar_content":false,"robots_default":true,"robots_noindex":false,"robots_noarchive":false,"robots_nosnippet":false,"robots_nofollow":false,"robots_noimageindex":false,"robots_noodp":false,"robots_notranslate":false,"robots_max_snippet":"-1","robots_max_videopreview":"-1","robots_max_imagepreview":"large","priority":null,"frequency":"default","local_seo":null,"breadcrumb_settings":null,"limit_modified_date":false,"ai":null,"created":"2024-09-23 10:04:05","updated":"2025-10-24 09:46:13","seo_analyzer_scan_date":null,"focus_keyword":null,"additional_keywords":null,"truseo_locale":null},"aioseo_breadcrumb":"<div class=\"aioseo-breadcrumbs\"><span class=\"aioseo-breadcrumb\">\n\t\t\t<a href=\"https:\/\/www.immo-invest.ch\/it\/\" title=\"Home\">Home<\/a>\n\t\t<\/span><span class=\"aioseo-breadcrumb-separator\">&raquo;<\/span><span class=\"aioseo-breadcrumb\">\n\t\t\t<a href=\"https:\/\/www.immo-invest.ch\/it\/categoria\/regioni\/\" title=\"Regioni\">Regioni<\/a>\n\t\t<\/span><span class=\"aioseo-breadcrumb-separator\">&raquo;<\/span><span class=\"aioseo-breadcrumb\">\n\t\t\t<a href=\"https:\/\/www.immo-invest.ch\/it\/categoria\/regioni\/svizzera\/\" title=\"Svizzera\">Svizzera<\/a>\n\t\t<\/span><span class=\"aioseo-breadcrumb-separator\">&raquo;<\/span><span class=\"aioseo-breadcrumb\">\n\t\t\t<a href=\"https:\/\/www.immo-invest.ch\/it\/categoria\/regioni\/svizzera\/svizzera-nord-occidentale\/\" title=\"Svizzera nord-occidentale\">Svizzera nord-occidentale<\/a>\n\t\t<\/span><span class=\"aioseo-breadcrumb-separator\">&raquo;<\/span><span class=\"aioseo-breadcrumb\">\n\t\t\t<a href=\"https:\/\/www.immo-invest.ch\/it\/categoria\/regioni\/svizzera\/svizzera-nord-occidentale\/aargau-immoregion\/\" title=\"Aargau\">Aargau<\/a>\n\t\t<\/span><span class=\"aioseo-breadcrumb-separator\">&raquo;<\/span><span class=\"aioseo-breadcrumb\">\n\t\t\tLa visione di un centro tecnologico sostenibile prende forma\n\t\t<\/span><\/div>","aioseo_breadcrumb_json":[{"label":"Home","link":"https:\/\/www.immo-invest.ch\/it\/"},{"label":"Regioni","link":"https:\/\/www.immo-invest.ch\/it\/categoria\/regioni\/"},{"label":"Svizzera","link":"https:\/\/www.immo-invest.ch\/it\/categoria\/regioni\/svizzera\/"},{"label":"Svizzera nord-occidentale","link":"https:\/\/www.immo-invest.ch\/it\/categoria\/regioni\/svizzera\/svizzera-nord-occidentale\/"},{"label":"Aargau","link":"https:\/\/www.immo-invest.ch\/it\/categoria\/regioni\/svizzera\/svizzera-nord-occidentale\/aargau-immoregion\/"},{"label":"La visione di un centro tecnologico sostenibile prende forma","link":"https:\/\/www.immo-invest.ch\/it\/vision-fuer-nachhaltiges-technologiezentrum-nimmt-form-an\/"}],"featured_image_src":"https:\/\/www.immo-invest.ch\/wp-content\/uploads\/2023\/05\/Baustellen_1-336x168.png","_links":{"self":[{"href":"https:\/\/www.immo-invest.ch\/it\/wp-json\/wp\/v2\/posts\/114375","targetHints":{"allow":["GET"]}}],"collection":[{"href":"https:\/\/www.immo-invest.ch\/it\/wp-json\/wp\/v2\/posts"}],"about":[{"href":"https:\/\/www.immo-invest.ch\/it\/wp-json\/wp\/v2\/types\/post"}],"author":[{"embeddable":true,"href":"https:\/\/www.immo-invest.ch\/it\/wp-json\/wp\/v2\/users\/2"}],"replies":[{"embeddable":true,"href":"https:\/\/www.immo-invest.ch\/it\/wp-json\/wp\/v2\/comments?post=114375"}],"version-history":[{"count":0,"href":"https:\/\/www.immo-invest.ch\/it\/wp-json\/wp\/v2\/posts\/114375\/revisions"}],"wp:featuredmedia":[{"embeddable":true,"href":"https:\/\/www.immo-invest.ch\/it\/wp-json\/wp\/v2\/media\/55309"}],"wp:attachment":[{"href":"https:\/\/www.immo-invest.ch\/it\/wp-json\/wp\/v2\/media?parent=114375"}],"wp:term":[{"taxonomy":"category","embeddable":true,"href":"https:\/\/www.immo-invest.ch\/it\/wp-json\/wp\/v2\/categories?post=114375"},{"taxonomy":"post_tag","embeddable":true,"href":"https:\/\/www.immo-invest.ch\/it\/wp-json\/wp\/v2\/tags?post=114375"}],"curies":[{"name":"wp","href":"https:\/\/api.w.org\/{rel}","templated":true}]}}