{"id":113993,"date":"2024-09-16T15:00:00","date_gmt":"2024-09-16T13:00:00","guid":{"rendered":"https:\/\/www.immo-invest.ch\/?p=113993"},"modified":"2024-09-16T09:34:18","modified_gmt":"2024-09-16T07:34:18","slug":"wirtschaft-und-wissenschaft-vereint-fuer-nachhaltige-mobilitaet-und-energie","status":"publish","type":"post","link":"https:\/\/www.immo-invest.ch\/it\/wirtschaft-und-wissenschaft-vereint-fuer-nachhaltige-mobilitaet-und-energie\/","title":{"rendered":"Imprese e scienza unite per la mobilit\u00e0 e l&#8217;energia sostenibili"},"content":{"rendered":"<p class=\"bodytext\">Il <a href=\"http:\/\/www.amag-group.ch\" target=\"_blank\" rel=\"noopener\">Gruppo Amag<\/a> ha fondato l&rsquo;associazione <a href=\"http:\/\/www.zug-alliance.ch\" target=\"_blank\" rel=\"noopener\">Zug Alliance<\/a>. Come dettagliato in un <a href=\"https:\/\/amag.media-corner.ch\/press\/die-zug-alliance-buendelt-kraefte-aus-wirtschaft-wissenschaft-und-politik-um-die\" target=\"_blank\" rel=\"noopener\">comunicato stampa<\/a>, essa riunisce imprese commerciali, istituti di ricerca, enti e organizzazioni pubbliche. Il loro obiettivo comune &egrave; la rapida decarbonizzazione dell&rsquo;energia, delle infrastrutture e della mobilit&agrave;.<\/p>\n<p class=\"bodytext\">Oltre al Gruppo Amag, la Zug Alliance comprende <a href=\"http:\/\/www.siemens.com\/de\/de\/produkte\/gebaeudetechnik\/referenzen\/siemens-campus-zug.html\" target=\"_blank\" rel=\"noopener\">Siemens Svizzera<\/a> e <a href=\"https:\/\/techclusterzug.ch\/\" target=\"_blank\" rel=\"noopener\">Tech <span class=\"glossaryLink\" aria-describedby=\"tt\" data-cmtooltip=\"&lt;div class=glossaryItemTitle&gt;Cluster&lt;\/div&gt;&lt;div class=glossaryItemBody&gt;Marketingbegriff f&uuml;r eine Nutzergruppe mit &auml;hnlichen Anforderungen an eine Immobilie. In der Standortf&ouml;rderung spricht man von Cluster, wenn Unternehmen aus der gleichen Branche vernetzt werden&lt;\/div&gt;\" data-mobile-support=\"0\" data-gt-translate-attributes='[{\"attribute\":\"data-cmtooltip\", \"format\":\"html\"}]' tabindex=\"0\" role=\"link\">Cluster<\/span> Zug<\/a>, nonch&eacute; gli sviluppatori immobiliari <a href=\"http:\/\/www.chamgroup.ch\" target=\"_blank\" rel=\"noopener\">Cham Group<\/a> e <a href=\"http:\/\/www.zugestates.ch\" target=\"_blank\" rel=\"noopener\">Zug Estates<\/a>. Hanno aderito anche <a href=\"http:\/\/www.zvb.ch\" target=\"_blank\" rel=\"noopener\">Zugerland Verkehrsbetriebe<\/a> e il fornitore di energia locale <a href=\"http:\/\/www.wwz.ch\" target=\"_blank\" rel=\"noopener\">WWZ<\/a>. L&rsquo;Universit&agrave; di San Gallo<a href=\"http:\/\/www.unisg.ch\" target=\"_blank\" rel=\"noopener\">(HSG<\/a>), l&rsquo;Istituto Federale di Tecnologia<a href=\"http:\/\/www.ethz.ch\" target=\"_blank\" rel=\"noopener\">di<\/a> Zurigo<a href=\"http:\/\/www.ethz.ch\" target=\"_blank\" rel=\"noopener\">(ETH<\/a>) e i Laboratori Federali Svizzeri<a href=\"http:\/\/www.empa.ch\" target=\"_blank\" rel=\"noopener\">per la<\/a> Scienza e la<a href=\"http:\/\/www.empa.ch\" target=\"_blank\" rel=\"noopener\">Tecnologia<\/a> dei Materiali<a href=\"http:\/\/www.empa.ch\" target=\"_blank\" rel=\"noopener\">(Empa<\/a>) stanno fornendo il supporto della comunit&agrave; scientifica. Secondo Amag, il progetto viene realizzato in stretta collaborazione con il Cantone di Zugo.<\/p>\n<p class=\"bodytext\">Secondo le informazioni fornite, i primi tre progetti sono gi&agrave; stati finalizzati. Il primo prevede il progresso della ricarica bidirezionale nelle fasi veicolo-edificio e veicolo-rete. Sar&agrave; implementato presso il <a href=\"http:\/\/www.papieri-cham.ch\" target=\"_blank\" rel=\"noopener\">sito Papieri<\/a>, lo <a href=\"http:\/\/www.volkswagen.ch\" target=\"_blank\" rel=\"noopener\">showroom Volkswagen<\/a> di Cham e il <a href=\"http:\/\/www.zg.ch\/behoerden\/volkswirtschaftsdirektion\/lbbz\" target=\"_blank\" rel=\"noopener\">Centro di formazione e consulenza agricola Schluechthof<\/a>.<\/p>\n<p class=\"bodytext\">Il progetto Virtual Power Plant Zug mira a rafforzare la resilienza energetica nel Cantone di Zug e a creare un nuovo tipo di ecosistema a tale scopo. Infine, la Zug Alliance &egrave; stata incaricata dal Cantone di condurre uno studio di fattibilit&agrave; sul ridepooling autonomo a Zug. L&rsquo;obiettivo &egrave; quello di &ldquo;svolgere un ruolo pionieristico nella guida automatizzata in Svizzera&rdquo;.<\/p>\n","protected":false},"excerpt":{"rendered":"<p>Le imprese, la scienza e la politica hanno unito le forze per formare la Zug Alliance su iniziativa del Gruppo Amag. La rete mira a promuovere la decarbonizzazione. I primi tre progetti sono stati finalizzati. I temi sono la ricarica bidirezionale, la resilienza energetica e la guida automatizzata.<\/p>\n","protected":false},"author":2,"featured_media":33108,"comment_status":"open","ping_status":"open","sticky":false,"template":"","format":"standard","meta":{"pmpro_default_level":"","inline_featured_image":false,"_monsterinsights_skip_tracking":false,"footnotes":""},"categories":[8750,745,22704,22695],"tags":[34312,852,867,3935,3160,2411,49577,49579],"class_list":["post-113993","post","type-post","status-publish","format-standard","has-post-thumbnail","hentry","category-energia","category-immonews-it","category-mobilita","category-societa","tag-dekarbonisierung-it","tag-immobilien-it","tag-immoinvest-it","tag-immonews-it","tag-infrastruktur-it","tag-mobilitaet-it","tag-ridepooling-it","tag-virtuelles-kraftwerk-it","pmpro-has-access"],"acf":{"bild_mit_ki_erstellt_worden":[],"lead":"Le imprese, la scienza e la politica hanno unito le forze per formare la Zug Alliance su iniziativa del Gruppo Amag. La rete mira a promuovere la decarbonizzazione. I primi tre progetti sono stati finalizzati. I temi sono la ricarica bidirezionale, la resilienza energetica e la guida automatizzata.","autor":"ce\/heg","ort":"Zug ","bildunterschrift":"","bild_im_grid":false,"gallerie":"","newsim":""},"aioseo_notices":[],"aioseo_head":"\n\t\t<!-- All in One SEO 5.0.1.1 - aioseo.com -->\n\t<meta name=\"description\" content=\"Le imprese, la scienza e la politica hanno unito le forze per formare la Zug Alliance su iniziativa del Gruppo Amag. La rete mira a promuovere la decarbonizzazione. I primi tre progetti sono stati finalizzati. I temi sono la ricarica bidirezionale, la resilienza energetica e la guida automatizzata.\" \/>\n\t<meta name=\"robots\" content=\"max-image-preview:large\" \/>\n\t<meta name=\"author\" content=\"immovestuser\"\/>\n\t<meta name=\"google-site-verification\" content=\"fHJKvgWpZCR2zVBHWfkQeFXC11qieUSff0HGNYfuyLA\" \/>\n\t<link rel=\"canonical\" href=\"https:\/\/www.immo-invest.ch\/it\/wirtschaft-und-wissenschaft-vereint-fuer-nachhaltige-mobilitaet-und-energie\/\" \/>\n\t<meta name=\"generator\" content=\"All in One SEO (AIOSEO) 5.0.1.1\" \/>\n\t\t<meta property=\"og:locale\" content=\"it_IT\" \/>\n\t\t<meta property=\"og:site_name\" content=\"immo!nvest - Die Plattform f\u00fcr Standorte und Immobilien - Die\u00a0Plattform f\u00fcr Standorte und Immobilien\" \/>\n\t\t<meta property=\"og:type\" content=\"article\" \/>\n\t\t<meta property=\"og:title\" content=\"Imprese e scienza unite per la mobilit\u00e0 e l\u2019energia sostenibili - immo!nvest - Die Plattform f\u00fcr Standorte und Immobilien\" \/>\n\t\t<meta property=\"og:description\" content=\"Le imprese, la scienza e la politica hanno unito le forze per formare la Zug Alliance su iniziativa del Gruppo Amag. La rete mira a promuovere la decarbonizzazione. I primi tre progetti sono stati finalizzati. I temi sono la ricarica bidirezionale, la resilienza energetica e la guida automatizzata.\" \/>\n\t\t<meta property=\"og:url\" content=\"https:\/\/www.immo-invest.ch\/it\/wirtschaft-und-wissenschaft-vereint-fuer-nachhaltige-mobilitaet-und-energie\/\" \/>\n\t\t<meta property=\"og:image\" content=\"https:\/\/www.immo-invest.ch\/wp-content\/uploads\/2022\/02\/Forschung_3.jpg\" \/>\n\t\t<meta property=\"og:image:secure_url\" content=\"https:\/\/www.immo-invest.ch\/wp-content\/uploads\/2022\/02\/Forschung_3.jpg\" \/>\n\t\t<meta property=\"og:image:width\" content=\"1200\" \/>\n\t\t<meta property=\"og:image:height\" content=\"720\" \/>\n\t\t<meta property=\"article:published_time\" content=\"2024-09-16T13:00:00+00:00\" \/>\n\t\t<meta property=\"article:modified_time\" content=\"2024-09-16T07:34:18+00:00\" \/>\n\t\t<meta property=\"article:publisher\" content=\"https:\/\/www.facebook.com\/people\/Immoinvest\/100077962920504\/\" \/>\n\t\t<meta name=\"twitter:card\" content=\"summary_large_image\" \/>\n\t\t<meta name=\"twitter:site\" content=\"@i\" \/>\n\t\t<meta name=\"twitter:title\" content=\"Imprese e scienza unite per la mobilit\u00e0 e l\u2019energia sostenibili - immo!nvest - Die Plattform f\u00fcr Standorte und Immobilien\" \/>\n\t\t<meta name=\"twitter:description\" content=\"Le imprese, la scienza e la politica hanno unito le forze per formare la Zug Alliance su iniziativa del Gruppo Amag. La rete mira a promuovere la decarbonizzazione. I primi tre progetti sono stati finalizzati. I temi sono la ricarica bidirezionale, la resilienza energetica e la guida automatizzata.\" \/>\n\t\t<meta name=\"twitter:creator\" content=\"@i\" \/>\n\t\t<meta name=\"twitter:image\" content=\"https:\/\/www.immo-invest.ch\/wp-content\/uploads\/2022\/02\/Forschung_3.jpg\" \/>\n\t\t<script type=\"application\/ld+json\" class=\"aioseo-schema\">\n\t\t\t{\"@context\":\"https:\\\/\\\/schema.org\",\"@graph\":[{\"@type\":\"BlogPosting\",\"@id\":\"https:\\\/\\\/www.immo-invest.ch\\\/it\\\/wirtschaft-und-wissenschaft-vereint-fuer-nachhaltige-mobilitaet-und-energie\\\/#blogposting\",\"name\":\"Imprese e scienza unite per la mobilit\\u00e0 e l\\u2019energia sostenibili - immo!nvest - Die Plattform f\\u00fcr Standorte und Immobilien\",\"headline\":\"Imprese e scienza unite per la mobilit\\u00e0 e l&#8217;energia sostenibili\",\"author\":{\"@id\":\"https:\\\/\\\/www.immo-invest.ch\\\/it\\\/author\\\/immovestuser\\\/#author\"},\"publisher\":{\"@id\":\"https:\\\/\\\/www.immo-invest.ch\\\/it\\\/#organization\"},\"image\":{\"@type\":\"ImageObject\",\"url\":\"https:\\\/\\\/www.immo-invest.ch\\\/wp-content\\\/uploads\\\/2022\\\/02\\\/Forschung_3.jpg\",\"width\":1200,\"height\":720},\"datePublished\":\"2024-09-16T15:00:00+02:00\",\"dateModified\":\"2024-09-16T09:34:18+02:00\",\"inLanguage\":\"it-IT\",\"mainEntityOfPage\":{\"@id\":\"https:\\\/\\\/www.immo-invest.ch\\\/it\\\/wirtschaft-und-wissenschaft-vereint-fuer-nachhaltige-mobilitaet-und-energie\\\/#webpage\"},\"isPartOf\":{\"@id\":\"https:\\\/\\\/www.immo-invest.ch\\\/it\\\/wirtschaft-und-wissenschaft-vereint-fuer-nachhaltige-mobilitaet-und-energie\\\/#webpage\"},\"articleSection\":\"Energia, immoNews, Mobilit\\u00e0, Societ\\u00e0, Dekarbonisierung, immobilien, Immoinvest, immoNews, Infrastruktur, Mobilit\\u00e4t, Ridepooling, Virtuelles Kraftwerk, Optional\"},{\"@type\":\"BreadcrumbList\",\"@id\":\"https:\\\/\\\/www.immo-invest.ch\\\/it\\\/wirtschaft-und-wissenschaft-vereint-fuer-nachhaltige-mobilitaet-und-energie\\\/#breadcrumblist\",\"itemListElement\":[{\"@type\":\"ListItem\",\"@id\":\"https:\\\/\\\/www.immo-invest.ch\\\/it\\\/#listItem\",\"position\":1,\"name\":\"Home\",\"item\":\"https:\\\/\\\/www.immo-invest.ch\\\/it\\\/\",\"nextItem\":{\"@type\":\"ListItem\",\"@id\":\"https:\\\/\\\/www.immo-invest.ch\\\/it\\\/categoria\\\/trends-it\\\/#listItem\",\"name\":\"Trends\"}},{\"@type\":\"ListItem\",\"@id\":\"https:\\\/\\\/www.immo-invest.ch\\\/it\\\/categoria\\\/trends-it\\\/#listItem\",\"position\":2,\"name\":\"Trends\",\"item\":\"https:\\\/\\\/www.immo-invest.ch\\\/it\\\/categoria\\\/trends-it\\\/\",\"nextItem\":{\"@type\":\"ListItem\",\"@id\":\"https:\\\/\\\/www.immo-invest.ch\\\/it\\\/categoria\\\/trends-it\\\/societa\\\/#listItem\",\"name\":\"Societ\\u00e0\"},\"previousItem\":{\"@type\":\"ListItem\",\"@id\":\"https:\\\/\\\/www.immo-invest.ch\\\/it\\\/#listItem\",\"name\":\"Home\"}},{\"@type\":\"ListItem\",\"@id\":\"https:\\\/\\\/www.immo-invest.ch\\\/it\\\/categoria\\\/trends-it\\\/societa\\\/#listItem\",\"position\":3,\"name\":\"Societ\\u00e0\",\"item\":\"https:\\\/\\\/www.immo-invest.ch\\\/it\\\/categoria\\\/trends-it\\\/societa\\\/\",\"nextItem\":{\"@type\":\"ListItem\",\"@id\":\"https:\\\/\\\/www.immo-invest.ch\\\/it\\\/wirtschaft-und-wissenschaft-vereint-fuer-nachhaltige-mobilitaet-und-energie\\\/#listItem\",\"name\":\"Imprese e scienza unite per la mobilit\\u00e0 e l&#8217;energia sostenibili\"},\"previousItem\":{\"@type\":\"ListItem\",\"@id\":\"https:\\\/\\\/www.immo-invest.ch\\\/it\\\/categoria\\\/trends-it\\\/#listItem\",\"name\":\"Trends\"}},{\"@type\":\"ListItem\",\"@id\":\"https:\\\/\\\/www.immo-invest.ch\\\/it\\\/wirtschaft-und-wissenschaft-vereint-fuer-nachhaltige-mobilitaet-und-energie\\\/#listItem\",\"position\":4,\"name\":\"Imprese e scienza unite per la mobilit\\u00e0 e l&#8217;energia sostenibili\",\"previousItem\":{\"@type\":\"ListItem\",\"@id\":\"https:\\\/\\\/www.immo-invest.ch\\\/it\\\/categoria\\\/trends-it\\\/societa\\\/#listItem\",\"name\":\"Societ\\u00e0\"}}]},{\"@type\":\"Organization\",\"@id\":\"https:\\\/\\\/www.immo-invest.ch\\\/it\\\/#organization\",\"name\":\"immo!nvest - Die Plattform f\\u00fcr Standorte und Immobilien\",\"description\":\"Die\\u00a0Plattform f\\u00fcr Standorte und Immobilien\",\"url\":\"https:\\\/\\\/www.immo-invest.ch\\\/it\\\/\",\"email\":\"admin@immomedia.ag\",\"telephone\":\"+41444420002\",\"logo\":{\"@type\":\"ImageObject\",\"url\":\"https:\\\/\\\/www.immo-invest.ch\\\/wp-content\\\/uploads\\\/2024\\\/09\\\/immoinvest_sm-scaled.jpg\",\"@id\":\"https:\\\/\\\/www.immo-invest.ch\\\/it\\\/wirtschaft-und-wissenschaft-vereint-fuer-nachhaltige-mobilitaet-und-energie\\\/#organizationLogo\",\"width\":2560,\"height\":1340},\"image\":{\"@id\":\"https:\\\/\\\/www.immo-invest.ch\\\/it\\\/wirtschaft-und-wissenschaft-vereint-fuer-nachhaltige-mobilitaet-und-energie\\\/#organizationLogo\"},\"sameAs\":[\"https:\\\/\\\/www.facebook.com\\\/people\\\/Immoinvest\\\/100077962920504\\\/\",\"https:\\\/\\\/x.com\\\/i\\\/flow\\\/login?redirect_after_login=immoinvest_ch\",\"https:\\\/\\\/www.instagram.com\\\/immoinvest_ch\\\/\",\"https:\\\/\\\/www.linkedin.com\\\/company\\\/immoinvest-swiss\"]},{\"@type\":\"Person\",\"@id\":\"https:\\\/\\\/www.immo-invest.ch\\\/it\\\/author\\\/immovestuser\\\/#author\",\"url\":\"https:\\\/\\\/www.immo-invest.ch\\\/it\\\/author\\\/immovestuser\\\/\",\"name\":\"immovestuser\",\"image\":{\"@type\":\"ImageObject\",\"@id\":\"https:\\\/\\\/www.immo-invest.ch\\\/it\\\/wirtschaft-und-wissenschaft-vereint-fuer-nachhaltige-mobilitaet-und-energie\\\/#authorImage\",\"url\":\"https:\\\/\\\/secure.gravatar.com\\\/avatar\\\/8e01f4d99f2eeea7a362ebb93305e1172a70e9293ba250f897a65c39f54cdd1e?s=96&d=mm&r=g\",\"width\":96,\"height\":96,\"caption\":\"immovestuser\"}},{\"@type\":\"WebPage\",\"@id\":\"https:\\\/\\\/www.immo-invest.ch\\\/it\\\/wirtschaft-und-wissenschaft-vereint-fuer-nachhaltige-mobilitaet-und-energie\\\/#webpage\",\"url\":\"https:\\\/\\\/www.immo-invest.ch\\\/it\\\/wirtschaft-und-wissenschaft-vereint-fuer-nachhaltige-mobilitaet-und-energie\\\/\",\"name\":\"Imprese e scienza unite per la mobilit\\u00e0 e l\\u2019energia sostenibili - immo!nvest - Die Plattform f\\u00fcr Standorte und Immobilien\",\"description\":\"Le imprese, la scienza e la politica hanno unito le forze per formare la Zug Alliance su iniziativa del Gruppo Amag. La rete mira a promuovere la decarbonizzazione. I primi tre progetti sono stati finalizzati. I temi sono la ricarica bidirezionale, la resilienza energetica e la guida automatizzata.\",\"inLanguage\":\"it-IT\",\"isPartOf\":{\"@id\":\"https:\\\/\\\/www.immo-invest.ch\\\/it\\\/#website\"},\"breadcrumb\":{\"@id\":\"https:\\\/\\\/www.immo-invest.ch\\\/it\\\/wirtschaft-und-wissenschaft-vereint-fuer-nachhaltige-mobilitaet-und-energie\\\/#breadcrumblist\"},\"author\":{\"@id\":\"https:\\\/\\\/www.immo-invest.ch\\\/it\\\/author\\\/immovestuser\\\/#author\"},\"creator\":{\"@id\":\"https:\\\/\\\/www.immo-invest.ch\\\/it\\\/author\\\/immovestuser\\\/#author\"},\"image\":{\"@type\":\"ImageObject\",\"url\":\"https:\\\/\\\/www.immo-invest.ch\\\/wp-content\\\/uploads\\\/2022\\\/02\\\/Forschung_3.jpg\",\"@id\":\"https:\\\/\\\/www.immo-invest.ch\\\/it\\\/wirtschaft-und-wissenschaft-vereint-fuer-nachhaltige-mobilitaet-und-energie\\\/#mainImage\",\"width\":1200,\"height\":720},\"primaryImageOfPage\":{\"@id\":\"https:\\\/\\\/www.immo-invest.ch\\\/it\\\/wirtschaft-und-wissenschaft-vereint-fuer-nachhaltige-mobilitaet-und-energie\\\/#mainImage\"},\"datePublished\":\"2024-09-16T15:00:00+02:00\",\"dateModified\":\"2024-09-16T09:34:18+02:00\"},{\"@type\":\"WebSite\",\"@id\":\"https:\\\/\\\/www.immo-invest.ch\\\/it\\\/#website\",\"url\":\"https:\\\/\\\/www.immo-invest.ch\\\/it\\\/\",\"name\":\"immo!nvest - Die Plattform f\\u00fcr Standorte und Immobilien\",\"description\":\"Die\\u00a0Plattform f\\u00fcr Standorte und Immobilien\",\"inLanguage\":\"it-IT\",\"publisher\":{\"@id\":\"https:\\\/\\\/www.immo-invest.ch\\\/it\\\/#organization\"}}]}\n\t\t<\/script>\n\t\t<!-- All in One SEO -->\n\n","aioseo_head_json":{"title":"Imprese e scienza unite per la mobilit\u00e0 e l\u2019energia sostenibili - immo!nvest - Die Plattform f\u00fcr Standorte und Immobilien","description":"Le imprese, la scienza e la politica hanno unito le forze per formare la Zug Alliance su iniziativa del Gruppo Amag. La rete mira a promuovere la decarbonizzazione. I primi tre progetti sono stati finalizzati. I temi sono la ricarica bidirezionale, la resilienza energetica e la guida automatizzata.","canonical_url":"https:\/\/www.immo-invest.ch\/it\/wirtschaft-und-wissenschaft-vereint-fuer-nachhaltige-mobilitaet-und-energie\/","robots":"max-image-preview:large","keywords":"","webmasterTools":{"google-site-verification":"fHJKvgWpZCR2zVBHWfkQeFXC11qieUSff0HGNYfuyLA","miscellaneous":""},"schema":{"@context":"https:\/\/schema.org","@graph":[{"@type":"BlogPosting","@id":"https:\/\/www.immo-invest.ch\/it\/wirtschaft-und-wissenschaft-vereint-fuer-nachhaltige-mobilitaet-und-energie\/#blogposting","name":"Imprese e scienza unite per la mobilit\u00e0 e l\u2019energia sostenibili - immo!nvest - Die Plattform f\u00fcr Standorte und Immobilien","headline":"Imprese e scienza unite per la mobilit\u00e0 e l&#8217;energia sostenibili","author":{"@id":"https:\/\/www.immo-invest.ch\/it\/author\/immovestuser\/#author"},"publisher":{"@id":"https:\/\/www.immo-invest.ch\/it\/#organization"},"image":{"@type":"ImageObject","url":"https:\/\/www.immo-invest.ch\/wp-content\/uploads\/2022\/02\/Forschung_3.jpg","width":1200,"height":720},"datePublished":"2024-09-16T15:00:00+02:00","dateModified":"2024-09-16T09:34:18+02:00","inLanguage":"it-IT","mainEntityOfPage":{"@id":"https:\/\/www.immo-invest.ch\/it\/wirtschaft-und-wissenschaft-vereint-fuer-nachhaltige-mobilitaet-und-energie\/#webpage"},"isPartOf":{"@id":"https:\/\/www.immo-invest.ch\/it\/wirtschaft-und-wissenschaft-vereint-fuer-nachhaltige-mobilitaet-und-energie\/#webpage"},"articleSection":"Energia, immoNews, Mobilit\u00e0, Societ\u00e0, Dekarbonisierung, immobilien, Immoinvest, immoNews, Infrastruktur, Mobilit\u00e4t, Ridepooling, Virtuelles Kraftwerk, Optional"},{"@type":"BreadcrumbList","@id":"https:\/\/www.immo-invest.ch\/it\/wirtschaft-und-wissenschaft-vereint-fuer-nachhaltige-mobilitaet-und-energie\/#breadcrumblist","itemListElement":[{"@type":"ListItem","@id":"https:\/\/www.immo-invest.ch\/it\/#listItem","position":1,"name":"Home","item":"https:\/\/www.immo-invest.ch\/it\/","nextItem":{"@type":"ListItem","@id":"https:\/\/www.immo-invest.ch\/it\/categoria\/trends-it\/#listItem","name":"Trends"}},{"@type":"ListItem","@id":"https:\/\/www.immo-invest.ch\/it\/categoria\/trends-it\/#listItem","position":2,"name":"Trends","item":"https:\/\/www.immo-invest.ch\/it\/categoria\/trends-it\/","nextItem":{"@type":"ListItem","@id":"https:\/\/www.immo-invest.ch\/it\/categoria\/trends-it\/societa\/#listItem","name":"Societ\u00e0"},"previousItem":{"@type":"ListItem","@id":"https:\/\/www.immo-invest.ch\/it\/#listItem","name":"Home"}},{"@type":"ListItem","@id":"https:\/\/www.immo-invest.ch\/it\/categoria\/trends-it\/societa\/#listItem","position":3,"name":"Societ\u00e0","item":"https:\/\/www.immo-invest.ch\/it\/categoria\/trends-it\/societa\/","nextItem":{"@type":"ListItem","@id":"https:\/\/www.immo-invest.ch\/it\/wirtschaft-und-wissenschaft-vereint-fuer-nachhaltige-mobilitaet-und-energie\/#listItem","name":"Imprese e scienza unite per la mobilit\u00e0 e l&#8217;energia sostenibili"},"previousItem":{"@type":"ListItem","@id":"https:\/\/www.immo-invest.ch\/it\/categoria\/trends-it\/#listItem","name":"Trends"}},{"@type":"ListItem","@id":"https:\/\/www.immo-invest.ch\/it\/wirtschaft-und-wissenschaft-vereint-fuer-nachhaltige-mobilitaet-und-energie\/#listItem","position":4,"name":"Imprese e scienza unite per la mobilit\u00e0 e l&#8217;energia sostenibili","previousItem":{"@type":"ListItem","@id":"https:\/\/www.immo-invest.ch\/it\/categoria\/trends-it\/societa\/#listItem","name":"Societ\u00e0"}}]},{"@type":"Organization","@id":"https:\/\/www.immo-invest.ch\/it\/#organization","name":"immo!nvest - Die Plattform f\u00fcr Standorte und Immobilien","description":"Die\u00a0Plattform f\u00fcr Standorte und Immobilien","url":"https:\/\/www.immo-invest.ch\/it\/","email":"admin@immomedia.ag","telephone":"+41444420002","logo":{"@type":"ImageObject","url":"https:\/\/www.immo-invest.ch\/wp-content\/uploads\/2024\/09\/immoinvest_sm-scaled.jpg","@id":"https:\/\/www.immo-invest.ch\/it\/wirtschaft-und-wissenschaft-vereint-fuer-nachhaltige-mobilitaet-und-energie\/#organizationLogo","width":2560,"height":1340},"image":{"@id":"https:\/\/www.immo-invest.ch\/it\/wirtschaft-und-wissenschaft-vereint-fuer-nachhaltige-mobilitaet-und-energie\/#organizationLogo"},"sameAs":["https:\/\/www.facebook.com\/people\/Immoinvest\/100077962920504\/","https:\/\/x.com\/i\/flow\/login?redirect_after_login=immoinvest_ch","https:\/\/www.instagram.com\/immoinvest_ch\/","https:\/\/www.linkedin.com\/company\/immoinvest-swiss"]},{"@type":"Person","@id":"https:\/\/www.immo-invest.ch\/it\/author\/immovestuser\/#author","url":"https:\/\/www.immo-invest.ch\/it\/author\/immovestuser\/","name":"immovestuser","image":{"@type":"ImageObject","@id":"https:\/\/www.immo-invest.ch\/it\/wirtschaft-und-wissenschaft-vereint-fuer-nachhaltige-mobilitaet-und-energie\/#authorImage","url":"https:\/\/secure.gravatar.com\/avatar\/8e01f4d99f2eeea7a362ebb93305e1172a70e9293ba250f897a65c39f54cdd1e?s=96&d=mm&r=g","width":96,"height":96,"caption":"immovestuser"}},{"@type":"WebPage","@id":"https:\/\/www.immo-invest.ch\/it\/wirtschaft-und-wissenschaft-vereint-fuer-nachhaltige-mobilitaet-und-energie\/#webpage","url":"https:\/\/www.immo-invest.ch\/it\/wirtschaft-und-wissenschaft-vereint-fuer-nachhaltige-mobilitaet-und-energie\/","name":"Imprese e scienza unite per la mobilit\u00e0 e l\u2019energia sostenibili - immo!nvest - Die Plattform f\u00fcr Standorte und Immobilien","description":"Le imprese, la scienza e la politica hanno unito le forze per formare la Zug Alliance su iniziativa del Gruppo Amag. La rete mira a promuovere la decarbonizzazione. I primi tre progetti sono stati finalizzati. I temi sono la ricarica bidirezionale, la resilienza energetica e la guida automatizzata.","inLanguage":"it-IT","isPartOf":{"@id":"https:\/\/www.immo-invest.ch\/it\/#website"},"breadcrumb":{"@id":"https:\/\/www.immo-invest.ch\/it\/wirtschaft-und-wissenschaft-vereint-fuer-nachhaltige-mobilitaet-und-energie\/#breadcrumblist"},"author":{"@id":"https:\/\/www.immo-invest.ch\/it\/author\/immovestuser\/#author"},"creator":{"@id":"https:\/\/www.immo-invest.ch\/it\/author\/immovestuser\/#author"},"image":{"@type":"ImageObject","url":"https:\/\/www.immo-invest.ch\/wp-content\/uploads\/2022\/02\/Forschung_3.jpg","@id":"https:\/\/www.immo-invest.ch\/it\/wirtschaft-und-wissenschaft-vereint-fuer-nachhaltige-mobilitaet-und-energie\/#mainImage","width":1200,"height":720},"primaryImageOfPage":{"@id":"https:\/\/www.immo-invest.ch\/it\/wirtschaft-und-wissenschaft-vereint-fuer-nachhaltige-mobilitaet-und-energie\/#mainImage"},"datePublished":"2024-09-16T15:00:00+02:00","dateModified":"2024-09-16T09:34:18+02:00"},{"@type":"WebSite","@id":"https:\/\/www.immo-invest.ch\/it\/#website","url":"https:\/\/www.immo-invest.ch\/it\/","name":"immo!nvest - Die Plattform f\u00fcr Standorte und Immobilien","description":"Die\u00a0Plattform f\u00fcr Standorte und Immobilien","inLanguage":"it-IT","publisher":{"@id":"https:\/\/www.immo-invest.ch\/it\/#organization"}}]},"og:locale":"it_IT","og:site_name":"immo!nvest - Die Plattform f\u00fcr Standorte und Immobilien - Die\u00a0Plattform f\u00fcr Standorte und Immobilien","og:type":"article","og:title":"Imprese e scienza unite per la mobilit\u00e0 e l\u2019energia sostenibili - immo!nvest - Die Plattform f\u00fcr Standorte und Immobilien","og:description":"Le imprese, la scienza e la politica hanno unito le forze per formare la Zug Alliance su iniziativa del Gruppo Amag. La rete mira a promuovere la decarbonizzazione. I primi tre progetti sono stati finalizzati. I temi sono la ricarica bidirezionale, la resilienza energetica e la guida automatizzata.","og:url":"https:\/\/www.immo-invest.ch\/it\/wirtschaft-und-wissenschaft-vereint-fuer-nachhaltige-mobilitaet-und-energie\/","og:image":"https:\/\/www.immo-invest.ch\/wp-content\/uploads\/2022\/02\/Forschung_3.jpg","og:image:secure_url":"https:\/\/www.immo-invest.ch\/wp-content\/uploads\/2022\/02\/Forschung_3.jpg","og:image:width":1200,"og:image:height":720,"article:published_time":"2024-09-16T13:00:00+00:00","article:modified_time":"2024-09-16T07:34:18+00:00","article:publisher":"https:\/\/www.facebook.com\/people\/Immoinvest\/100077962920504\/","twitter:card":"summary_large_image","twitter:site":"@i","twitter:title":"Imprese e scienza unite per la mobilit\u00e0 e l\u2019energia sostenibili - immo!nvest - Die Plattform f\u00fcr Standorte und Immobilien","twitter:description":"Le imprese, la scienza e la politica hanno unito le forze per formare la Zug Alliance su iniziativa del Gruppo Amag. La rete mira a promuovere la decarbonizzazione. I primi tre progetti sono stati finalizzati. I temi sono la ricarica bidirezionale, la resilienza energetica e la guida automatizzata.","twitter:creator":"@i","twitter:image":"https:\/\/www.immo-invest.ch\/wp-content\/uploads\/2022\/02\/Forschung_3.jpg"},"aioseo_meta_data":{"post_id":"113993","title":null,"description":null,"keywords":null,"keyphrases":null,"primary_term":null,"canonical_url":null,"og_title":null,"og_description":null,"og_object_type":"default","og_image_type":"default","og_image_url":null,"og_image_width":null,"og_image_height":null,"og_image_custom_url":null,"og_image_custom_fields":null,"og_video":null,"og_custom_url":null,"og_article_section":null,"og_article_tags":null,"twitter_use_og":false,"twitter_card":"default","twitter_image_type":"default","twitter_image_url":null,"twitter_image_custom_url":null,"twitter_image_custom_fields":null,"twitter_title":null,"twitter_description":null,"schema":{"blockGraphs":[],"customGraphs":[],"default":{"data":{"Article":[],"Course":[],"Dataset":[],"FAQPage":[],"Movie":[],"Person":[],"Product":[],"ProductReview":[],"Car":[],"Recipe":[],"Service":[],"SoftwareApplication":[],"WebPage":[]},"graphName":"","isEnabled":true},"graphs":[]},"schema_type":"default","schema_type_options":null,"pillar_content":false,"robots_default":true,"robots_noindex":false,"robots_noarchive":false,"robots_nosnippet":false,"robots_nofollow":false,"robots_noimageindex":false,"robots_noodp":false,"robots_notranslate":false,"robots_max_snippet":null,"robots_max_videopreview":null,"robots_max_imagepreview":"large","priority":null,"frequency":null,"local_seo":null,"breadcrumb_settings":null,"limit_modified_date":false,"ai":null,"created":"2024-09-21 02:21:58","updated":"2025-10-24 09:33:16","seo_analyzer_scan_date":null,"focus_keyword":null,"additional_keywords":null,"truseo_locale":null},"aioseo_breadcrumb":"<div class=\"aioseo-breadcrumbs\"><span class=\"aioseo-breadcrumb\">\n\t\t\t<a href=\"https:\/\/www.immo-invest.ch\/it\/\" title=\"Home\">Home<\/a>\n\t\t<\/span><span class=\"aioseo-breadcrumb-separator\">&raquo;<\/span><span class=\"aioseo-breadcrumb\">\n\t\t\t<a href=\"https:\/\/www.immo-invest.ch\/it\/categoria\/trends-it\/\" title=\"Trends\">Trends<\/a>\n\t\t<\/span><span class=\"aioseo-breadcrumb-separator\">&raquo;<\/span><span class=\"aioseo-breadcrumb\">\n\t\t\t<a href=\"https:\/\/www.immo-invest.ch\/it\/categoria\/trends-it\/societa\/\" title=\"Societ\u00e0\">Societ\u00e0<\/a>\n\t\t<\/span><span class=\"aioseo-breadcrumb-separator\">&raquo;<\/span><span class=\"aioseo-breadcrumb\">\n\t\t\tImprese e scienza unite per la mobilit\u00e0 e l\u2019energia sostenibili\n\t\t<\/span><\/div>","aioseo_breadcrumb_json":[{"label":"Home","link":"https:\/\/www.immo-invest.ch\/it\/"},{"label":"Trends","link":"https:\/\/www.immo-invest.ch\/it\/categoria\/trends-it\/"},{"label":"Societ\u00e0","link":"https:\/\/www.immo-invest.ch\/it\/categoria\/trends-it\/societa\/"},{"label":"Imprese e scienza unite per la mobilit\u00e0 e l&#8217;energia sostenibili","link":"https:\/\/www.immo-invest.ch\/it\/wirtschaft-und-wissenschaft-vereint-fuer-nachhaltige-mobilitaet-und-energie\/"}],"featured_image_src":"https:\/\/www.immo-invest.ch\/wp-content\/uploads\/2022\/02\/Forschung_3-336x168.jpg","_links":{"self":[{"href":"https:\/\/www.immo-invest.ch\/it\/wp-json\/wp\/v2\/posts\/113993","targetHints":{"allow":["GET"]}}],"collection":[{"href":"https:\/\/www.immo-invest.ch\/it\/wp-json\/wp\/v2\/posts"}],"about":[{"href":"https:\/\/www.immo-invest.ch\/it\/wp-json\/wp\/v2\/types\/post"}],"author":[{"embeddable":true,"href":"https:\/\/www.immo-invest.ch\/it\/wp-json\/wp\/v2\/users\/2"}],"replies":[{"embeddable":true,"href":"https:\/\/www.immo-invest.ch\/it\/wp-json\/wp\/v2\/comments?post=113993"}],"version-history":[{"count":0,"href":"https:\/\/www.immo-invest.ch\/it\/wp-json\/wp\/v2\/posts\/113993\/revisions"}],"wp:featuredmedia":[{"embeddable":true,"href":"https:\/\/www.immo-invest.ch\/it\/wp-json\/wp\/v2\/media\/33108"}],"wp:attachment":[{"href":"https:\/\/www.immo-invest.ch\/it\/wp-json\/wp\/v2\/media?parent=113993"}],"wp:term":[{"taxonomy":"category","embeddable":true,"href":"https:\/\/www.immo-invest.ch\/it\/wp-json\/wp\/v2\/categories?post=113993"},{"taxonomy":"post_tag","embeddable":true,"href":"https:\/\/www.immo-invest.ch\/it\/wp-json\/wp\/v2\/tags?post=113993"}],"curies":[{"name":"wp","href":"https:\/\/api.w.org\/{rel}","templated":true}]}}