{"id":113637,"date":"2024-09-10T11:36:33","date_gmt":"2024-09-10T09:36:33","guid":{"rendered":"https:\/\/www.immo-invest.ch\/ineltecschweizer-elektrobranche-feiert-ein-kraftvolles-comeback\/"},"modified":"2024-09-10T13:42:05","modified_gmt":"2024-09-10T11:42:05","slug":"ineltecschweizer-elektrobranche-feiert-ein-kraftvolles-comeback","status":"publish","type":"post","link":"https:\/\/www.immo-invest.ch\/it\/ineltecschweizer-elektrobranche-feiert-ein-kraftvolles-comeback\/","title":{"rendered":"IneltecL&#8217;industria elettrica svizzera celebra un potente ritorno"},"content":{"rendered":"<p class=\"wp-block-paragraph\">Dopo una pausa di sette anni, ineltec apre le sue porte l&rsquo;11 e il 12 settembre e offre all&rsquo;industria elettrica svizzera un luogo di incontro centrale. I padiglioni 1 e 2 di <span class=\"glossaryLink\"  aria-describedby=\"tt\"  data-cmtooltip=\"&lt;div class=glossaryItemTitle&gt;Messe&lt;\/div&gt;&lt;div class=glossaryItemBody&gt;Messen sind als Plattform f&uuml;r die Akquisition und die Pflege von Kunden &auml;ussert wirkungsvoll. Auch in der weltweit vernetzten Online-Welt sind Treffen von Angesicht zu Angesicht durch nichts zu ersetzen. Einmal ist keinmal, deshalb ist es wichtig, regelm&auml;ssig an Messen teilzunehmen, um die Kontaktqualit&auml;t stetig zu steigern und bis zum Abschluss voranzutreiben&lt;\/div&gt;\"  data-mobile-support=\"0\"  data-gt-translate-attributes='[{\"attribute\":\"data-cmtooltip\", \"format\":\"html\"}]' tabindex='0' role='link'>Messe<\/span> Z&uuml;rich attendono 162 espositori e un pubblico di esperti che potranno informarsi sugli ultimi sviluppi e tendenze su 11.000 metri quadrati di spazio espositivo.<\/p>\n\n\n\n\n\n<p class=\"wp-block-paragraph\">No&euml;lle Marti, la nuova direttrice della fiera elettrica, &egrave; entusiasta della risposta: &ldquo;Tutti i partecipanti possono aspettarsi padiglioni pieni alla <span class=\"glossaryLink\"  aria-describedby=\"tt\"  data-cmtooltip=\"&lt;div class=glossaryItemTitle&gt;Messe&lt;\/div&gt;&lt;div class=glossaryItemBody&gt;Messen sind als Plattform f&uuml;r die Akquisition und die Pflege von Kunden &auml;ussert wirkungsvoll. Auch in der weltweit vernetzten Online-Welt sind Treffen von Angesicht zu Angesicht durch nichts zu ersetzen. Einmal ist keinmal, deshalb ist es wichtig, regelm&auml;ssig an Messen teilzunehmen, um die Kontaktqualit&auml;t stetig zu steigern und bis zum Abschluss voranzutreiben&lt;\/div&gt;\"  data-mobile-support=\"0\"  data-gt-translate-attributes='[{\"attribute\":\"data-cmtooltip\", \"format\":\"html\"}]' tabindex='0' role='link'>Messe<\/span> Z&uuml;rich. Siamo sopraffatti da tutti i feedback positivi e dalla corsa ai biglietti&rdquo; Ineltec 2024 &egrave; pi&ugrave; di una semplice fiera: offre una piattaforma per il trasferimento di conoscenze, il <span class=\"glossaryLink\" aria-describedby=\"tt\" data-cmtooltip=\"&lt;div class=glossaryItemTitle&gt;Networking&lt;\/div&gt;&lt;div class=glossaryItemBody&gt;Kn&uuml;pfen eines Kontaktnetzes mit anderen Personen, um diese Beziehungen k&uuml;nftig erfolgreich nutzen zu k&ouml;nnen&lt;\/div&gt;\" data-mobile-support=\"0\" data-gt-translate-attributes='[{\"attribute\":\"data-cmtooltip\", \"format\":\"html\"}]' tabindex=\"0\" role=\"link\">networking<\/span> e le tecnologie innovative.<\/p>\n\n\n\n\n\n<p class=\"wp-block-paragraph\"><strong><br>Focus su innovazione e trasferimento di conoscenze<\/strong>Il riallineamento di ineltec mira a concentrarsi sull&rsquo;essenziale. Innovazione, trasferimento di conoscenze e scambio diretto tra persone e tecnologie. A differenza degli anni precedenti, sono state volutamente evitate aree di stand sovradimensionate, per rendere l&rsquo;evento pi&ugrave; compatto e focalizzato. Il motto &ldquo;Ritorno alle origini, ma con un tocco moderno&rdquo; descrive perfettamente lo spirito della fiera di quest&rsquo;anno.<strong><\/strong><\/p>\n\n\n\n\n\n<p class=\"wp-block-paragraph\">Conferenze, innovazioni e workshop saranno al centro della scena dalle 9.00 alle 17.00 in entrambi i giorni della fiera. Lo Speakers Corner sar&agrave; il centro dello scambio professionale. Dopo la chiusura della fiera, gli eventi post-lavoro invitano i partecipanti a fare rete in un&rsquo;atmosfera rilassata e a riflettere sugli eventi della giornata.<\/p>\n\n\n\n\n\n<p class=\"wp-block-paragraph\"><strong><br>Eventi di approfondimento per i professionisti<\/strong>Gli undici eventi organizzati dalle associazioni di settore e dagli espositori offrono approfondimenti su temi attuali dell&rsquo;industria elettrica. Che si tratti di nuovi strumenti di pianificazione, di sistemi elettrici, di intelligenza artificiale o di elettromobilit&agrave;, i professionisti possono aspettarsi un&rsquo;ampia gamma di innovazioni e tendenze che possono integrare direttamente nel loro lavoro quotidiano.<strong><\/strong><\/p>\n\n\n\n\n\n<p class=\"wp-block-paragraph\"><strong><br>Momento speciale<\/strong>Durante lo Startup Pitch di mercoled&igrave; pomeriggio, giovani aziende innovative incontreranno il pubblico professionale. La Startup Academy Switzerland sostiene le aziende attraverso il mentoring e promuove il dialogo tra menti creative ed esperti del settore.<strong><\/strong><\/p>\n\n\n\n\n\n<p class=\"wp-block-paragraph\"><strong><br>La promozione dei giovani talenti al centro di ineltec<\/strong>Anche i giovani talenti sono al centro di ineltec. Sotto l&rsquo;egida di EIT.swiss, vengono organizzate visite guidate per i giovani talenti, che consentono agli studenti di interagire con gli espositori in modo divertente e di conoscere le ultime tecnologie. Questa iniziativa consente ai giovani talenti di stabilire le prime preziose connessioni per il loro futuro professionale e di gettare le basi per una carriera nel settore elettrico.<strong><\/strong><\/p>\n\n\n\n\n\n<p class=\"wp-block-paragraph\">Ineltec offre informazioni e indicazioni preziose non solo ai professionisti esperti, ma anche a coloro che hanno appena iniziato la loro carriera. Sul sito ineltec.ch, tutti i visitatori troveranno informazioni specifiche su 14 temi attuali dell&rsquo;industria elettrica, nuovi prodotti, profili aziendali ed eventi in programma.<\/p>\n\n","protected":false},"excerpt":{"rendered":"<p>Dopo sette anni, ineltec torna alla Messe Z\u00fcrich l&#8217;11 e il 12 settembre. Con un nuovo concetto focalizzato, la fiera leader del settore elettrico accoglie 162 espositori e numerosi esperti del settore elettrico e della progettazione. L&#8217;innovazione, il trasferimento di conoscenze e lo scambio personale saranno al centro dell&#8217;attenzione.<\/p>\n","protected":false},"author":2,"featured_media":113576,"comment_status":"open","ping_status":"open","sticky":false,"template":"","format":"standard","meta":{"pmpro_default_level":"","inline_featured_image":false,"_monsterinsights_skip_tracking":false,"footnotes":""},"categories":[8750,745,22695],"tags":[46824,11657,25523,852,867,3935,1734,49512,2006,34713],"class_list":["post-113637","post","type-post","status-publish","format-standard","has-post-thumbnail","hentry","category-energia","category-immonews-it","category-societa","tag-elektrobranche-it","tag-elektronik-it","tag-firma-it","tag-immobilien-it","tag-immoinvest-it","tag-immonews-it","tag-messe-it","tag-nachwuchfoerderung-it","tag-news-it","tag-wiedereroeffnung-it","pmpro-has-access"],"acf":{"bild_mit_ki_erstellt_worden":[],"lead":"Dopo sette anni, ineltec torna alla Messe Z\u00fcrich l'11 e il 12 settembre. Con un nuovo concetto focalizzato, la fiera leader del settore elettrico accoglie 162 espositori e numerosi esperti del settore elettrico e della progettazione. L'innovazione, il trasferimento di conoscenze e lo scambio personale saranno al centro dell'attenzione.","autor":"Quelle: Ineltec","ort":"","bildunterschrift":"","bild_im_grid":false,"gallerie":"","newsim":""},"aioseo_notices":[],"aioseo_head":"\n\t\t<!-- All in One SEO 5.0.1.1 - aioseo.com -->\n\t<meta name=\"description\" content=\"Dopo sette anni, ineltec torna alla Messe Z\u00fcrich l&#039;11 e il 12 settembre. Con un nuovo concetto focalizzato, la fiera leader del settore elettrico accoglie 162 espositori e numerosi esperti del settore elettrico e della progettazione. L&#039;innovazione, il trasferimento di conoscenze e lo scambio personale saranno al centro dell&#039;attenzione.\" \/>\n\t<meta name=\"robots\" content=\"max-image-preview:large\" \/>\n\t<meta name=\"author\" content=\"immovestuser\"\/>\n\t<meta name=\"google-site-verification\" content=\"fHJKvgWpZCR2zVBHWfkQeFXC11qieUSff0HGNYfuyLA\" \/>\n\t<link rel=\"canonical\" href=\"https:\/\/www.immo-invest.ch\/it\/ineltecschweizer-elektrobranche-feiert-ein-kraftvolles-comeback\/\" \/>\n\t<meta name=\"generator\" content=\"All in One SEO (AIOSEO) 5.0.1.1\" \/>\n\t\t<meta property=\"og:locale\" content=\"it_IT\" \/>\n\t\t<meta property=\"og:site_name\" content=\"immo!nvest - Die Plattform f\u00fcr Standorte und Immobilien - Die\u00a0Plattform f\u00fcr Standorte und Immobilien\" \/>\n\t\t<meta property=\"og:type\" content=\"article\" \/>\n\t\t<meta property=\"og:title\" content=\"IneltecL\u2019industria elettrica svizzera celebra un potente ritorno - immo!nvest - Die Plattform f\u00fcr Standorte und Immobilien\" \/>\n\t\t<meta property=\"og:description\" content=\"Dopo sette anni, ineltec torna alla Messe Z\u00fcrich l&#039;11 e il 12 settembre. Con un nuovo concetto focalizzato, la fiera leader del settore elettrico accoglie 162 espositori e numerosi esperti del settore elettrico e della progettazione. L&#039;innovazione, il trasferimento di conoscenze e lo scambio personale saranno al centro dell&#039;attenzione.\" \/>\n\t\t<meta property=\"og:url\" content=\"https:\/\/www.immo-invest.ch\/it\/ineltecschweizer-elektrobranche-feiert-ein-kraftvolles-comeback\/\" \/>\n\t\t<meta property=\"og:image\" content=\"https:\/\/www.immo-invest.ch\/wp-content\/uploads\/2024\/09\/Office-approx-21-x-14-cm-ineltec2017_SBA_03_011.jpg\" \/>\n\t\t<meta property=\"og:image:secure_url\" content=\"https:\/\/www.immo-invest.ch\/wp-content\/uploads\/2024\/09\/Office-approx-21-x-14-cm-ineltec2017_SBA_03_011.jpg\" \/>\n\t\t<meta property=\"og:image:width\" content=\"1240\" \/>\n\t\t<meta property=\"og:image:height\" content=\"827\" \/>\n\t\t<meta property=\"article:published_time\" content=\"2024-09-10T09:36:33+00:00\" \/>\n\t\t<meta property=\"article:modified_time\" content=\"2024-09-10T11:42:05+00:00\" \/>\n\t\t<meta property=\"article:publisher\" content=\"https:\/\/www.facebook.com\/people\/Immoinvest\/100077962920504\/\" \/>\n\t\t<meta name=\"twitter:card\" content=\"summary_large_image\" \/>\n\t\t<meta name=\"twitter:site\" content=\"@i\" \/>\n\t\t<meta name=\"twitter:title\" content=\"IneltecL\u2019industria elettrica svizzera celebra un potente ritorno - immo!nvest - Die Plattform f\u00fcr Standorte und Immobilien\" \/>\n\t\t<meta name=\"twitter:description\" content=\"Dopo sette anni, ineltec torna alla Messe Z\u00fcrich l&#039;11 e il 12 settembre. Con un nuovo concetto focalizzato, la fiera leader del settore elettrico accoglie 162 espositori e numerosi esperti del settore elettrico e della progettazione. L&#039;innovazione, il trasferimento di conoscenze e lo scambio personale saranno al centro dell&#039;attenzione.\" \/>\n\t\t<meta name=\"twitter:creator\" content=\"@i\" \/>\n\t\t<meta name=\"twitter:image\" content=\"https:\/\/www.immo-invest.ch\/wp-content\/uploads\/2024\/09\/Office-approx-21-x-14-cm-ineltec2017_SBA_03_011.jpg\" \/>\n\t\t<script type=\"application\/ld+json\" class=\"aioseo-schema\">\n\t\t\t{\"@context\":\"https:\\\/\\\/schema.org\",\"@graph\":[{\"@type\":\"BlogPosting\",\"@id\":\"https:\\\/\\\/www.immo-invest.ch\\\/it\\\/ineltecschweizer-elektrobranche-feiert-ein-kraftvolles-comeback\\\/#blogposting\",\"name\":\"IneltecL\\u2019industria elettrica svizzera celebra un potente ritorno - immo!nvest - Die Plattform f\\u00fcr Standorte und Immobilien\",\"headline\":\"IneltecL&#8217;industria elettrica svizzera celebra un potente ritorno\",\"author\":{\"@id\":\"https:\\\/\\\/www.immo-invest.ch\\\/it\\\/author\\\/immovestuser\\\/#author\"},\"publisher\":{\"@id\":\"https:\\\/\\\/www.immo-invest.ch\\\/it\\\/#organization\"},\"image\":{\"@type\":\"ImageObject\",\"url\":\"https:\\\/\\\/www.immo-invest.ch\\\/wp-content\\\/uploads\\\/2024\\\/09\\\/Office-approx-21-x-14-cm-ineltec2017_SBA_03_011.jpg\",\"width\":1240,\"height\":827,\"caption\":\"ineltec 2017 |\\u00a0Impression\"},\"datePublished\":\"2024-09-10T11:36:33+02:00\",\"dateModified\":\"2024-09-10T13:42:05+02:00\",\"inLanguage\":\"it-IT\",\"mainEntityOfPage\":{\"@id\":\"https:\\\/\\\/www.immo-invest.ch\\\/it\\\/ineltecschweizer-elektrobranche-feiert-ein-kraftvolles-comeback\\\/#webpage\"},\"isPartOf\":{\"@id\":\"https:\\\/\\\/www.immo-invest.ch\\\/it\\\/ineltecschweizer-elektrobranche-feiert-ein-kraftvolles-comeback\\\/#webpage\"},\"articleSection\":\"Energia, immoNews, Societ\\u00e0, Elektrobranche, Elektronik, Firma, immobilien, Immoinvest, immoNews, Messe, Nachwuchf\\u00f6rderung, News, Wiederer\\u00f6ffnung, Optional\"},{\"@type\":\"BreadcrumbList\",\"@id\":\"https:\\\/\\\/www.immo-invest.ch\\\/it\\\/ineltecschweizer-elektrobranche-feiert-ein-kraftvolles-comeback\\\/#breadcrumblist\",\"itemListElement\":[{\"@type\":\"ListItem\",\"@id\":\"https:\\\/\\\/www.immo-invest.ch\\\/it\\\/#listItem\",\"position\":1,\"name\":\"Home\",\"item\":\"https:\\\/\\\/www.immo-invest.ch\\\/it\\\/\",\"nextItem\":{\"@type\":\"ListItem\",\"@id\":\"https:\\\/\\\/www.immo-invest.ch\\\/it\\\/categoria\\\/trends-it\\\/#listItem\",\"name\":\"Trends\"}},{\"@type\":\"ListItem\",\"@id\":\"https:\\\/\\\/www.immo-invest.ch\\\/it\\\/categoria\\\/trends-it\\\/#listItem\",\"position\":2,\"name\":\"Trends\",\"item\":\"https:\\\/\\\/www.immo-invest.ch\\\/it\\\/categoria\\\/trends-it\\\/\",\"nextItem\":{\"@type\":\"ListItem\",\"@id\":\"https:\\\/\\\/www.immo-invest.ch\\\/it\\\/categoria\\\/trends-it\\\/societa\\\/#listItem\",\"name\":\"Societ\\u00e0\"},\"previousItem\":{\"@type\":\"ListItem\",\"@id\":\"https:\\\/\\\/www.immo-invest.ch\\\/it\\\/#listItem\",\"name\":\"Home\"}},{\"@type\":\"ListItem\",\"@id\":\"https:\\\/\\\/www.immo-invest.ch\\\/it\\\/categoria\\\/trends-it\\\/societa\\\/#listItem\",\"position\":3,\"name\":\"Societ\\u00e0\",\"item\":\"https:\\\/\\\/www.immo-invest.ch\\\/it\\\/categoria\\\/trends-it\\\/societa\\\/\",\"nextItem\":{\"@type\":\"ListItem\",\"@id\":\"https:\\\/\\\/www.immo-invest.ch\\\/it\\\/ineltecschweizer-elektrobranche-feiert-ein-kraftvolles-comeback\\\/#listItem\",\"name\":\"IneltecL&#8217;industria elettrica svizzera celebra un potente ritorno\"},\"previousItem\":{\"@type\":\"ListItem\",\"@id\":\"https:\\\/\\\/www.immo-invest.ch\\\/it\\\/categoria\\\/trends-it\\\/#listItem\",\"name\":\"Trends\"}},{\"@type\":\"ListItem\",\"@id\":\"https:\\\/\\\/www.immo-invest.ch\\\/it\\\/ineltecschweizer-elektrobranche-feiert-ein-kraftvolles-comeback\\\/#listItem\",\"position\":4,\"name\":\"IneltecL&#8217;industria elettrica svizzera celebra un potente ritorno\",\"previousItem\":{\"@type\":\"ListItem\",\"@id\":\"https:\\\/\\\/www.immo-invest.ch\\\/it\\\/categoria\\\/trends-it\\\/societa\\\/#listItem\",\"name\":\"Societ\\u00e0\"}}]},{\"@type\":\"Organization\",\"@id\":\"https:\\\/\\\/www.immo-invest.ch\\\/it\\\/#organization\",\"name\":\"immo!nvest - Die Plattform f\\u00fcr Standorte und Immobilien\",\"description\":\"Die\\u00a0Plattform f\\u00fcr Standorte und Immobilien\",\"url\":\"https:\\\/\\\/www.immo-invest.ch\\\/it\\\/\",\"email\":\"admin@immomedia.ag\",\"telephone\":\"+41444420002\",\"logo\":{\"@type\":\"ImageObject\",\"url\":\"https:\\\/\\\/www.immo-invest.ch\\\/wp-content\\\/uploads\\\/2024\\\/09\\\/immoinvest_sm-scaled.jpg\",\"@id\":\"https:\\\/\\\/www.immo-invest.ch\\\/it\\\/ineltecschweizer-elektrobranche-feiert-ein-kraftvolles-comeback\\\/#organizationLogo\",\"width\":2560,\"height\":1340},\"image\":{\"@id\":\"https:\\\/\\\/www.immo-invest.ch\\\/it\\\/ineltecschweizer-elektrobranche-feiert-ein-kraftvolles-comeback\\\/#organizationLogo\"},\"sameAs\":[\"https:\\\/\\\/www.facebook.com\\\/people\\\/Immoinvest\\\/100077962920504\\\/\",\"https:\\\/\\\/x.com\\\/i\\\/flow\\\/login?redirect_after_login=immoinvest_ch\",\"https:\\\/\\\/www.instagram.com\\\/immoinvest_ch\\\/\",\"https:\\\/\\\/www.linkedin.com\\\/company\\\/immoinvest-swiss\"]},{\"@type\":\"Person\",\"@id\":\"https:\\\/\\\/www.immo-invest.ch\\\/it\\\/author\\\/immovestuser\\\/#author\",\"url\":\"https:\\\/\\\/www.immo-invest.ch\\\/it\\\/author\\\/immovestuser\\\/\",\"name\":\"immovestuser\",\"image\":{\"@type\":\"ImageObject\",\"@id\":\"https:\\\/\\\/www.immo-invest.ch\\\/it\\\/ineltecschweizer-elektrobranche-feiert-ein-kraftvolles-comeback\\\/#authorImage\",\"url\":\"https:\\\/\\\/secure.gravatar.com\\\/avatar\\\/8e01f4d99f2eeea7a362ebb93305e1172a70e9293ba250f897a65c39f54cdd1e?s=96&d=mm&r=g\",\"width\":96,\"height\":96,\"caption\":\"immovestuser\"}},{\"@type\":\"WebPage\",\"@id\":\"https:\\\/\\\/www.immo-invest.ch\\\/it\\\/ineltecschweizer-elektrobranche-feiert-ein-kraftvolles-comeback\\\/#webpage\",\"url\":\"https:\\\/\\\/www.immo-invest.ch\\\/it\\\/ineltecschweizer-elektrobranche-feiert-ein-kraftvolles-comeback\\\/\",\"name\":\"IneltecL\\u2019industria elettrica svizzera celebra un potente ritorno - immo!nvest - Die Plattform f\\u00fcr Standorte und Immobilien\",\"description\":\"Dopo sette anni, ineltec torna alla Messe Z\\u00fcrich l'11 e il 12 settembre. Con un nuovo concetto focalizzato, la fiera leader del settore elettrico accoglie 162 espositori e numerosi esperti del settore elettrico e della progettazione. L'innovazione, il trasferimento di conoscenze e lo scambio personale saranno al centro dell'attenzione.\",\"inLanguage\":\"it-IT\",\"isPartOf\":{\"@id\":\"https:\\\/\\\/www.immo-invest.ch\\\/it\\\/#website\"},\"breadcrumb\":{\"@id\":\"https:\\\/\\\/www.immo-invest.ch\\\/it\\\/ineltecschweizer-elektrobranche-feiert-ein-kraftvolles-comeback\\\/#breadcrumblist\"},\"author\":{\"@id\":\"https:\\\/\\\/www.immo-invest.ch\\\/it\\\/author\\\/immovestuser\\\/#author\"},\"creator\":{\"@id\":\"https:\\\/\\\/www.immo-invest.ch\\\/it\\\/author\\\/immovestuser\\\/#author\"},\"image\":{\"@type\":\"ImageObject\",\"url\":\"https:\\\/\\\/www.immo-invest.ch\\\/wp-content\\\/uploads\\\/2024\\\/09\\\/Office-approx-21-x-14-cm-ineltec2017_SBA_03_011.jpg\",\"@id\":\"https:\\\/\\\/www.immo-invest.ch\\\/it\\\/ineltecschweizer-elektrobranche-feiert-ein-kraftvolles-comeback\\\/#mainImage\",\"width\":1240,\"height\":827,\"caption\":\"ineltec 2017 |\\u00a0Impression\"},\"primaryImageOfPage\":{\"@id\":\"https:\\\/\\\/www.immo-invest.ch\\\/it\\\/ineltecschweizer-elektrobranche-feiert-ein-kraftvolles-comeback\\\/#mainImage\"},\"datePublished\":\"2024-09-10T11:36:33+02:00\",\"dateModified\":\"2024-09-10T13:42:05+02:00\"},{\"@type\":\"WebSite\",\"@id\":\"https:\\\/\\\/www.immo-invest.ch\\\/it\\\/#website\",\"url\":\"https:\\\/\\\/www.immo-invest.ch\\\/it\\\/\",\"name\":\"immo!nvest - Die Plattform f\\u00fcr Standorte und Immobilien\",\"description\":\"Die\\u00a0Plattform f\\u00fcr Standorte und Immobilien\",\"inLanguage\":\"it-IT\",\"publisher\":{\"@id\":\"https:\\\/\\\/www.immo-invest.ch\\\/it\\\/#organization\"}}]}\n\t\t<\/script>\n\t\t<!-- All in One SEO -->\n\n","aioseo_head_json":{"title":"IneltecL\u2019industria elettrica svizzera celebra un potente ritorno - immo!nvest - Die Plattform f\u00fcr Standorte und Immobilien","description":"Dopo sette anni, ineltec torna alla Messe Z\u00fcrich l'11 e il 12 settembre. Con un nuovo concetto focalizzato, la fiera leader del settore elettrico accoglie 162 espositori e numerosi esperti del settore elettrico e della progettazione. L'innovazione, il trasferimento di conoscenze e lo scambio personale saranno al centro dell'attenzione.","canonical_url":"https:\/\/www.immo-invest.ch\/it\/ineltecschweizer-elektrobranche-feiert-ein-kraftvolles-comeback\/","robots":"max-image-preview:large","keywords":"","webmasterTools":{"google-site-verification":"fHJKvgWpZCR2zVBHWfkQeFXC11qieUSff0HGNYfuyLA","miscellaneous":""},"schema":{"@context":"https:\/\/schema.org","@graph":[{"@type":"BlogPosting","@id":"https:\/\/www.immo-invest.ch\/it\/ineltecschweizer-elektrobranche-feiert-ein-kraftvolles-comeback\/#blogposting","name":"IneltecL\u2019industria elettrica svizzera celebra un potente ritorno - immo!nvest - Die Plattform f\u00fcr Standorte und Immobilien","headline":"IneltecL&#8217;industria elettrica svizzera celebra un potente ritorno","author":{"@id":"https:\/\/www.immo-invest.ch\/it\/author\/immovestuser\/#author"},"publisher":{"@id":"https:\/\/www.immo-invest.ch\/it\/#organization"},"image":{"@type":"ImageObject","url":"https:\/\/www.immo-invest.ch\/wp-content\/uploads\/2024\/09\/Office-approx-21-x-14-cm-ineltec2017_SBA_03_011.jpg","width":1240,"height":827,"caption":"ineltec 2017 |\u00a0Impression"},"datePublished":"2024-09-10T11:36:33+02:00","dateModified":"2024-09-10T13:42:05+02:00","inLanguage":"it-IT","mainEntityOfPage":{"@id":"https:\/\/www.immo-invest.ch\/it\/ineltecschweizer-elektrobranche-feiert-ein-kraftvolles-comeback\/#webpage"},"isPartOf":{"@id":"https:\/\/www.immo-invest.ch\/it\/ineltecschweizer-elektrobranche-feiert-ein-kraftvolles-comeback\/#webpage"},"articleSection":"Energia, immoNews, Societ\u00e0, Elektrobranche, Elektronik, Firma, immobilien, Immoinvest, immoNews, Messe, Nachwuchf\u00f6rderung, News, Wiederer\u00f6ffnung, Optional"},{"@type":"BreadcrumbList","@id":"https:\/\/www.immo-invest.ch\/it\/ineltecschweizer-elektrobranche-feiert-ein-kraftvolles-comeback\/#breadcrumblist","itemListElement":[{"@type":"ListItem","@id":"https:\/\/www.immo-invest.ch\/it\/#listItem","position":1,"name":"Home","item":"https:\/\/www.immo-invest.ch\/it\/","nextItem":{"@type":"ListItem","@id":"https:\/\/www.immo-invest.ch\/it\/categoria\/trends-it\/#listItem","name":"Trends"}},{"@type":"ListItem","@id":"https:\/\/www.immo-invest.ch\/it\/categoria\/trends-it\/#listItem","position":2,"name":"Trends","item":"https:\/\/www.immo-invest.ch\/it\/categoria\/trends-it\/","nextItem":{"@type":"ListItem","@id":"https:\/\/www.immo-invest.ch\/it\/categoria\/trends-it\/societa\/#listItem","name":"Societ\u00e0"},"previousItem":{"@type":"ListItem","@id":"https:\/\/www.immo-invest.ch\/it\/#listItem","name":"Home"}},{"@type":"ListItem","@id":"https:\/\/www.immo-invest.ch\/it\/categoria\/trends-it\/societa\/#listItem","position":3,"name":"Societ\u00e0","item":"https:\/\/www.immo-invest.ch\/it\/categoria\/trends-it\/societa\/","nextItem":{"@type":"ListItem","@id":"https:\/\/www.immo-invest.ch\/it\/ineltecschweizer-elektrobranche-feiert-ein-kraftvolles-comeback\/#listItem","name":"IneltecL&#8217;industria elettrica svizzera celebra un potente ritorno"},"previousItem":{"@type":"ListItem","@id":"https:\/\/www.immo-invest.ch\/it\/categoria\/trends-it\/#listItem","name":"Trends"}},{"@type":"ListItem","@id":"https:\/\/www.immo-invest.ch\/it\/ineltecschweizer-elektrobranche-feiert-ein-kraftvolles-comeback\/#listItem","position":4,"name":"IneltecL&#8217;industria elettrica svizzera celebra un potente ritorno","previousItem":{"@type":"ListItem","@id":"https:\/\/www.immo-invest.ch\/it\/categoria\/trends-it\/societa\/#listItem","name":"Societ\u00e0"}}]},{"@type":"Organization","@id":"https:\/\/www.immo-invest.ch\/it\/#organization","name":"immo!nvest - Die Plattform f\u00fcr Standorte und Immobilien","description":"Die\u00a0Plattform f\u00fcr Standorte und Immobilien","url":"https:\/\/www.immo-invest.ch\/it\/","email":"admin@immomedia.ag","telephone":"+41444420002","logo":{"@type":"ImageObject","url":"https:\/\/www.immo-invest.ch\/wp-content\/uploads\/2024\/09\/immoinvest_sm-scaled.jpg","@id":"https:\/\/www.immo-invest.ch\/it\/ineltecschweizer-elektrobranche-feiert-ein-kraftvolles-comeback\/#organizationLogo","width":2560,"height":1340},"image":{"@id":"https:\/\/www.immo-invest.ch\/it\/ineltecschweizer-elektrobranche-feiert-ein-kraftvolles-comeback\/#organizationLogo"},"sameAs":["https:\/\/www.facebook.com\/people\/Immoinvest\/100077962920504\/","https:\/\/x.com\/i\/flow\/login?redirect_after_login=immoinvest_ch","https:\/\/www.instagram.com\/immoinvest_ch\/","https:\/\/www.linkedin.com\/company\/immoinvest-swiss"]},{"@type":"Person","@id":"https:\/\/www.immo-invest.ch\/it\/author\/immovestuser\/#author","url":"https:\/\/www.immo-invest.ch\/it\/author\/immovestuser\/","name":"immovestuser","image":{"@type":"ImageObject","@id":"https:\/\/www.immo-invest.ch\/it\/ineltecschweizer-elektrobranche-feiert-ein-kraftvolles-comeback\/#authorImage","url":"https:\/\/secure.gravatar.com\/avatar\/8e01f4d99f2eeea7a362ebb93305e1172a70e9293ba250f897a65c39f54cdd1e?s=96&d=mm&r=g","width":96,"height":96,"caption":"immovestuser"}},{"@type":"WebPage","@id":"https:\/\/www.immo-invest.ch\/it\/ineltecschweizer-elektrobranche-feiert-ein-kraftvolles-comeback\/#webpage","url":"https:\/\/www.immo-invest.ch\/it\/ineltecschweizer-elektrobranche-feiert-ein-kraftvolles-comeback\/","name":"IneltecL\u2019industria elettrica svizzera celebra un potente ritorno - immo!nvest - Die Plattform f\u00fcr Standorte und Immobilien","description":"Dopo sette anni, ineltec torna alla Messe Z\u00fcrich l'11 e il 12 settembre. Con un nuovo concetto focalizzato, la fiera leader del settore elettrico accoglie 162 espositori e numerosi esperti del settore elettrico e della progettazione. L'innovazione, il trasferimento di conoscenze e lo scambio personale saranno al centro dell'attenzione.","inLanguage":"it-IT","isPartOf":{"@id":"https:\/\/www.immo-invest.ch\/it\/#website"},"breadcrumb":{"@id":"https:\/\/www.immo-invest.ch\/it\/ineltecschweizer-elektrobranche-feiert-ein-kraftvolles-comeback\/#breadcrumblist"},"author":{"@id":"https:\/\/www.immo-invest.ch\/it\/author\/immovestuser\/#author"},"creator":{"@id":"https:\/\/www.immo-invest.ch\/it\/author\/immovestuser\/#author"},"image":{"@type":"ImageObject","url":"https:\/\/www.immo-invest.ch\/wp-content\/uploads\/2024\/09\/Office-approx-21-x-14-cm-ineltec2017_SBA_03_011.jpg","@id":"https:\/\/www.immo-invest.ch\/it\/ineltecschweizer-elektrobranche-feiert-ein-kraftvolles-comeback\/#mainImage","width":1240,"height":827,"caption":"ineltec 2017 |\u00a0Impression"},"primaryImageOfPage":{"@id":"https:\/\/www.immo-invest.ch\/it\/ineltecschweizer-elektrobranche-feiert-ein-kraftvolles-comeback\/#mainImage"},"datePublished":"2024-09-10T11:36:33+02:00","dateModified":"2024-09-10T13:42:05+02:00"},{"@type":"WebSite","@id":"https:\/\/www.immo-invest.ch\/it\/#website","url":"https:\/\/www.immo-invest.ch\/it\/","name":"immo!nvest - Die Plattform f\u00fcr Standorte und Immobilien","description":"Die\u00a0Plattform f\u00fcr Standorte und Immobilien","inLanguage":"it-IT","publisher":{"@id":"https:\/\/www.immo-invest.ch\/it\/#organization"}}]},"og:locale":"it_IT","og:site_name":"immo!nvest - Die Plattform f\u00fcr Standorte und Immobilien - Die\u00a0Plattform f\u00fcr Standorte und Immobilien","og:type":"article","og:title":"IneltecL\u2019industria elettrica svizzera celebra un potente ritorno - immo!nvest - Die Plattform f\u00fcr Standorte und Immobilien","og:description":"Dopo sette anni, ineltec torna alla Messe Z\u00fcrich l'11 e il 12 settembre. Con un nuovo concetto focalizzato, la fiera leader del settore elettrico accoglie 162 espositori e numerosi esperti del settore elettrico e della progettazione. L'innovazione, il trasferimento di conoscenze e lo scambio personale saranno al centro dell'attenzione.","og:url":"https:\/\/www.immo-invest.ch\/it\/ineltecschweizer-elektrobranche-feiert-ein-kraftvolles-comeback\/","og:image":"https:\/\/www.immo-invest.ch\/wp-content\/uploads\/2024\/09\/Office-approx-21-x-14-cm-ineltec2017_SBA_03_011.jpg","og:image:secure_url":"https:\/\/www.immo-invest.ch\/wp-content\/uploads\/2024\/09\/Office-approx-21-x-14-cm-ineltec2017_SBA_03_011.jpg","og:image:width":1240,"og:image:height":827,"article:published_time":"2024-09-10T09:36:33+00:00","article:modified_time":"2024-09-10T11:42:05+00:00","article:publisher":"https:\/\/www.facebook.com\/people\/Immoinvest\/100077962920504\/","twitter:card":"summary_large_image","twitter:site":"@i","twitter:title":"IneltecL\u2019industria elettrica svizzera celebra un potente ritorno - immo!nvest - Die Plattform f\u00fcr Standorte und Immobilien","twitter:description":"Dopo sette anni, ineltec torna alla Messe Z\u00fcrich l'11 e il 12 settembre. Con un nuovo concetto focalizzato, la fiera leader del settore elettrico accoglie 162 espositori e numerosi esperti del settore elettrico e della progettazione. L'innovazione, il trasferimento di conoscenze e lo scambio personale saranno al centro dell'attenzione.","twitter:creator":"@i","twitter:image":"https:\/\/www.immo-invest.ch\/wp-content\/uploads\/2024\/09\/Office-approx-21-x-14-cm-ineltec2017_SBA_03_011.jpg"},"aioseo_meta_data":{"post_id":"113637","title":null,"description":null,"keywords":null,"keyphrases":null,"primary_term":null,"canonical_url":null,"og_title":null,"og_description":null,"og_object_type":"default","og_image_type":"default","og_image_url":null,"og_image_width":null,"og_image_height":null,"og_image_custom_url":null,"og_image_custom_fields":null,"og_video":null,"og_custom_url":null,"og_article_section":null,"og_article_tags":null,"twitter_use_og":false,"twitter_card":"default","twitter_image_type":"default","twitter_image_url":null,"twitter_image_custom_url":null,"twitter_image_custom_fields":null,"twitter_title":null,"twitter_description":null,"schema":{"blockGraphs":[],"customGraphs":[],"default":{"data":{"Article":[],"Course":[],"Dataset":[],"FAQPage":[],"Movie":[],"Person":[],"Product":[],"ProductReview":[],"Car":[],"Recipe":[],"Service":[],"SoftwareApplication":[],"WebPage":[]},"graphName":"","isEnabled":true},"graphs":[]},"schema_type":"default","schema_type_options":null,"pillar_content":false,"robots_default":true,"robots_noindex":false,"robots_noarchive":false,"robots_nosnippet":false,"robots_nofollow":false,"robots_noimageindex":false,"robots_noodp":false,"robots_notranslate":false,"robots_max_snippet":null,"robots_max_videopreview":null,"robots_max_imagepreview":"large","priority":null,"frequency":null,"local_seo":null,"breadcrumb_settings":null,"limit_modified_date":false,"ai":null,"created":"2024-09-21 02:11:57","updated":"2025-10-24 09:16:27","seo_analyzer_scan_date":null,"focus_keyword":null,"additional_keywords":null,"truseo_locale":null},"aioseo_breadcrumb":"<div class=\"aioseo-breadcrumbs\"><span class=\"aioseo-breadcrumb\">\n\t\t\t<a href=\"https:\/\/www.immo-invest.ch\/it\/\" title=\"Home\">Home<\/a>\n\t\t<\/span><span class=\"aioseo-breadcrumb-separator\">&raquo;<\/span><span class=\"aioseo-breadcrumb\">\n\t\t\t<a href=\"https:\/\/www.immo-invest.ch\/it\/categoria\/trends-it\/\" title=\"Trends\">Trends<\/a>\n\t\t<\/span><span class=\"aioseo-breadcrumb-separator\">&raquo;<\/span><span class=\"aioseo-breadcrumb\">\n\t\t\t<a href=\"https:\/\/www.immo-invest.ch\/it\/categoria\/trends-it\/societa\/\" title=\"Societ\u00e0\">Societ\u00e0<\/a>\n\t\t<\/span><span class=\"aioseo-breadcrumb-separator\">&raquo;<\/span><span class=\"aioseo-breadcrumb\">\n\t\t\tIneltecL\u2019industria elettrica svizzera celebra un potente ritorno\n\t\t<\/span><\/div>","aioseo_breadcrumb_json":[{"label":"Home","link":"https:\/\/www.immo-invest.ch\/it\/"},{"label":"Trends","link":"https:\/\/www.immo-invest.ch\/it\/categoria\/trends-it\/"},{"label":"Societ\u00e0","link":"https:\/\/www.immo-invest.ch\/it\/categoria\/trends-it\/societa\/"},{"label":"IneltecL&#8217;industria elettrica svizzera celebra un potente ritorno","link":"https:\/\/www.immo-invest.ch\/it\/ineltecschweizer-elektrobranche-feiert-ein-kraftvolles-comeback\/"}],"featured_image_src":"https:\/\/www.immo-invest.ch\/wp-content\/uploads\/2024\/09\/Office-approx-21-x-14-cm-ineltec2017_SBA_03_011-336x168.jpg","_links":{"self":[{"href":"https:\/\/www.immo-invest.ch\/it\/wp-json\/wp\/v2\/posts\/113637","targetHints":{"allow":["GET"]}}],"collection":[{"href":"https:\/\/www.immo-invest.ch\/it\/wp-json\/wp\/v2\/posts"}],"about":[{"href":"https:\/\/www.immo-invest.ch\/it\/wp-json\/wp\/v2\/types\/post"}],"author":[{"embeddable":true,"href":"https:\/\/www.immo-invest.ch\/it\/wp-json\/wp\/v2\/users\/2"}],"replies":[{"embeddable":true,"href":"https:\/\/www.immo-invest.ch\/it\/wp-json\/wp\/v2\/comments?post=113637"}],"version-history":[{"count":0,"href":"https:\/\/www.immo-invest.ch\/it\/wp-json\/wp\/v2\/posts\/113637\/revisions"}],"wp:featuredmedia":[{"embeddable":true,"href":"https:\/\/www.immo-invest.ch\/it\/wp-json\/wp\/v2\/media\/113576"}],"wp:attachment":[{"href":"https:\/\/www.immo-invest.ch\/it\/wp-json\/wp\/v2\/media?parent=113637"}],"wp:term":[{"taxonomy":"category","embeddable":true,"href":"https:\/\/www.immo-invest.ch\/it\/wp-json\/wp\/v2\/categories?post=113637"},{"taxonomy":"post_tag","embeddable":true,"href":"https:\/\/www.immo-invest.ch\/it\/wp-json\/wp\/v2\/tags?post=113637"}],"curies":[{"name":"wp","href":"https:\/\/api.w.org\/{rel}","templated":true}]}}