{"id":113465,"date":"2024-09-06T14:34:17","date_gmt":"2024-09-06T12:34:17","guid":{"rendered":"https:\/\/www.immo-invest.ch\/militaerflugplatz-alpnach-wird-ausgebaut\/"},"modified":"2024-09-06T14:52:18","modified_gmt":"2024-09-06T12:52:18","slug":"militaerflugplatz-alpnach-wird-ausgebaut","status":"publish","type":"post","link":"https:\/\/www.immo-invest.ch\/it\/militaerflugplatz-alpnach-wird-ausgebaut\/","title":{"rendered":"L&#8217;aeroporto militare di Alpnach sar\u00e0 ampliato"},"content":{"rendered":"<p class=\"bodytext\">Il Dipartimento federale della difesa, della protezione civile e dello sport<a href=\"https:\/\/www.vbs.admin.ch\/\" target=\"_blank\" rel=\"noopener\">(DDPS<\/a>) sta facendo costruire un nuovo hangar per il parcheggio dei veicoli e un ampliamento dell&rsquo;officina multifunzionale presso l&rsquo;<a href=\"https:\/\/www.vtg.admin.ch\/de\/militarflugplatz-alpnach\" target=\"_blank\" rel=\"noopener\">aeroporto militare di Alpnach<\/a>. Il DDPS sta investendo un totale di 18 milioni di franchi svizzeri in questo progetto. La cerimonia di posa della prima pietra del 21 agosto ha segnato l&rsquo;inizio dei lavori di costruzione, che dovrebbero durare fino all&rsquo;inizio del 2026, ha <a href=\"https:\/\/www.admin.ch\/gov\/de\/start\/dokumentation\/medienmitteilungen.msg-id-102183.html\" target=\"_blank\" rel=\"noopener\">riferito<\/a> il DDPS in un <a href=\"https:\/\/www.admin.ch\/gov\/de\/start\/dokumentation\/medienmitteilungen.msg-id-102183.html\" target=\"_blank\" rel=\"noopener\">comunicato stampa<\/a>. Secondo il comunicato stampa, circa due terzi dei contratti sono stati assegnati ad aziende della Svizzera centrale.<\/p>\n<p class=\"bodytext\">La sala veicoli a un piano coprir&agrave; quasi 2.000 metri quadrati e sar&agrave; costruita nella parte orientale dell&rsquo;aeroporto. Qui saranno ospitati in futuro veicoli specializzati e attrezzature di emergenza. Il nuovo edificio otterr&agrave; l&rsquo;energia termica dai pali energetici.<\/p>\n<p class=\"bodytext\">Il nuovo capannone dell&rsquo;officina sar&agrave; costruito come estensione di un capannone esistente nella parte occidentale del campo d&rsquo;aviazione. In futuro, vi si effettuer&agrave; la manutenzione di grandi veicoli specializzati. Il nuovo edificio, di circa 1.400 metri quadrati, offrir&agrave; spazio per un&rsquo;officina, un piazzale di lavoro e un autolavaggio. Saranno allestite anche postazioni di lavoro in ufficio, guardaroba e locali accessori per i materiali operativi. L&rsquo;ampliamento sar&agrave; alimentato con energia termica tramite il teleriscaldamento della Alpnach Corporation.<\/p>\n<p class=\"bodytext\">Entrambi gli edifici saranno costruiti secondo &ldquo;elevati standard ecologici&rdquo;, scrive il DDPS. I piani prevedono facciate realizzate con lamelle di legno. Gli impianti fotovoltaici installati su entrambi i tetti produrranno un totale di circa 324 megawattora di elettricit&agrave; all&rsquo;anno.<\/p>\n","protected":false},"excerpt":{"rendered":"<p>L&#8217;aeroporto militare di Alpnach ricever\u00e0 un nuovo parcheggio per veicoli e un ampliamento multifunzionale. Il Dipartimento della Difesa, della Protezione Civile e dello Sport sta investendo 18 milioni di franchi svizzeri nel progetto. La cerimonia di posa della prima pietra si \u00e8 svolta il 21 agosto.<\/p>\n","protected":false},"author":2,"featured_media":113452,"comment_status":"open","ping_status":"open","sticky":false,"template":"","format":"standard","meta":{"pmpro_default_level":"","inline_featured_image":false,"_monsterinsights_skip_tracking":false,"footnotes":""},"categories":[22359,745,22704,22325],"tags":[49428,1959,49429,852,867,3935,49430,2227,868,49431],"class_list":["post-113465","post","type-post","status-publish","format-standard","has-post-thumbnail","hentry","category-costruzione","category-immonews-it","category-mobilita","category-obvaldo","tag-alpnach-it","tag-energieeffizienz-it","tag-fahrzeughalle-it","tag-immobilien-it","tag-immoinvest-it","tag-immonews-it","tag-militaerflugplatz-it","tag-neubau-it","tag-photovoltaik-it","tag-werkstatt-it","pmpro-has-access"],"acf":{"bild_mit_ki_erstellt_worden":[],"lead":"L'aeroporto militare di Alpnach ricever\u00e0 un nuovo parcheggio per veicoli e un ampliamento multifunzionale. Il Dipartimento della Difesa, della Protezione Civile e dello Sport sta investendo 18 milioni di franchi svizzeri nel progetto. La cerimonia di posa della prima pietra si \u00e8 svolta il 21 agosto.","autor":"ce\/hs","ort":"Alpnach OW","bildunterschrift":"","bild_im_grid":false,"gallerie":"","newsim":""},"aioseo_notices":[],"aioseo_head":"\n\t\t<!-- All in One SEO 5.0.0.1 - aioseo.com -->\n\t<meta name=\"description\" content=\"L&#039;aeroporto militare di Alpnach ricever\u00e0 un nuovo parcheggio per veicoli e un ampliamento multifunzionale. Il Dipartimento della Difesa, della Protezione Civile e dello Sport sta investendo 18 milioni di franchi svizzeri nel progetto. La cerimonia di posa della prima pietra si \u00e8 svolta il 21 agosto.\" \/>\n\t<meta name=\"robots\" content=\"max-image-preview:large\" \/>\n\t<meta name=\"author\" content=\"immovestuser\"\/>\n\t<meta name=\"google-site-verification\" content=\"fHJKvgWpZCR2zVBHWfkQeFXC11qieUSff0HGNYfuyLA\" \/>\n\t<link rel=\"canonical\" href=\"https:\/\/www.immo-invest.ch\/it\/militaerflugplatz-alpnach-wird-ausgebaut\/\" \/>\n\t<meta name=\"generator\" content=\"All in One SEO (AIOSEO) 5.0.0.1\" \/>\n\t\t<meta property=\"og:locale\" content=\"it_IT\" \/>\n\t\t<meta property=\"og:site_name\" content=\"immo!nvest - Die Plattform f\u00fcr Standorte und Immobilien - Die\u00a0Plattform f\u00fcr Standorte und Immobilien\" \/>\n\t\t<meta property=\"og:type\" content=\"article\" \/>\n\t\t<meta property=\"og:title\" content=\"L\u2019aeroporto militare di Alpnach sar\u00e0 ampliato - immo!nvest - Die Plattform f\u00fcr Standorte und Immobilien\" \/>\n\t\t<meta property=\"og:description\" content=\"L&#039;aeroporto militare di Alpnach ricever\u00e0 un nuovo parcheggio per veicoli e un ampliamento multifunzionale. Il Dipartimento della Difesa, della Protezione Civile e dello Sport sta investendo 18 milioni di franchi svizzeri nel progetto. La cerimonia di posa della prima pietra si \u00e8 svolta il 21 agosto.\" \/>\n\t\t<meta property=\"og:url\" content=\"https:\/\/www.immo-invest.ch\/it\/militaerflugplatz-alpnach-wird-ausgebaut\/\" \/>\n\t\t<meta property=\"og:image\" content=\"https:\/\/www.immo-invest.ch\/wp-content\/uploads\/2024\/09\/militaer_Flugzeug-scaled.jpg\" \/>\n\t\t<meta property=\"og:image:secure_url\" content=\"https:\/\/www.immo-invest.ch\/wp-content\/uploads\/2024\/09\/militaer_Flugzeug-scaled.jpg\" \/>\n\t\t<meta property=\"og:image:width\" content=\"2560\" \/>\n\t\t<meta property=\"og:image:height\" content=\"1440\" \/>\n\t\t<meta property=\"article:published_time\" content=\"2024-09-06T12:34:17+00:00\" \/>\n\t\t<meta property=\"article:modified_time\" content=\"2024-09-06T12:52:18+00:00\" \/>\n\t\t<meta property=\"article:publisher\" content=\"https:\/\/www.facebook.com\/people\/Immoinvest\/100077962920504\/\" \/>\n\t\t<meta name=\"twitter:card\" content=\"summary_large_image\" \/>\n\t\t<meta name=\"twitter:site\" content=\"@i\" \/>\n\t\t<meta name=\"twitter:title\" content=\"L\u2019aeroporto militare di Alpnach sar\u00e0 ampliato - immo!nvest - Die Plattform f\u00fcr Standorte und Immobilien\" \/>\n\t\t<meta name=\"twitter:description\" content=\"L&#039;aeroporto militare di Alpnach ricever\u00e0 un nuovo parcheggio per veicoli e un ampliamento multifunzionale. Il Dipartimento della Difesa, della Protezione Civile e dello Sport sta investendo 18 milioni di franchi svizzeri nel progetto. La cerimonia di posa della prima pietra si \u00e8 svolta il 21 agosto.\" \/>\n\t\t<meta name=\"twitter:creator\" content=\"@i\" \/>\n\t\t<meta name=\"twitter:image\" content=\"https:\/\/www.immo-invest.ch\/wp-content\/uploads\/2024\/09\/militaer_Flugzeug-scaled.jpg\" \/>\n\t\t<script type=\"application\/ld+json\" class=\"aioseo-schema\">\n\t\t\t{\"@context\":\"https:\\\/\\\/schema.org\",\"@graph\":[{\"@type\":\"BlogPosting\",\"@id\":\"https:\\\/\\\/www.immo-invest.ch\\\/it\\\/militaerflugplatz-alpnach-wird-ausgebaut\\\/#blogposting\",\"name\":\"L\\u2019aeroporto militare di Alpnach sar\\u00e0 ampliato - immo!nvest - Die Plattform f\\u00fcr Standorte und Immobilien\",\"headline\":\"L&#8217;aeroporto militare di Alpnach sar\\u00e0 ampliato\",\"author\":{\"@id\":\"https:\\\/\\\/www.immo-invest.ch\\\/it\\\/author\\\/immovestuser\\\/#author\"},\"publisher\":{\"@id\":\"https:\\\/\\\/www.immo-invest.ch\\\/it\\\/#organization\"},\"image\":{\"@type\":\"ImageObject\",\"url\":\"https:\\\/\\\/www.immo-invest.ch\\\/wp-content\\\/uploads\\\/2024\\\/09\\\/militaer_Flugzeug-scaled.jpg\",\"width\":2560,\"height\":1440},\"datePublished\":\"2024-09-06T14:34:17+02:00\",\"dateModified\":\"2024-09-06T14:52:18+02:00\",\"inLanguage\":\"it-IT\",\"mainEntityOfPage\":{\"@id\":\"https:\\\/\\\/www.immo-invest.ch\\\/it\\\/militaerflugplatz-alpnach-wird-ausgebaut\\\/#webpage\"},\"isPartOf\":{\"@id\":\"https:\\\/\\\/www.immo-invest.ch\\\/it\\\/militaerflugplatz-alpnach-wird-ausgebaut\\\/#webpage\"},\"articleSection\":\"Costruzione, immoNews, Mobilit\\u00e0, Obvaldo, Alpnach, Energieeffizienz, Fahrzeughalle, immobilien, Immoinvest, immoNews, Milit\\u00e4rflugplatz, Neubau, Photovoltaik, Werkstatt, Optional\"},{\"@type\":\"BreadcrumbList\",\"@id\":\"https:\\\/\\\/www.immo-invest.ch\\\/it\\\/militaerflugplatz-alpnach-wird-ausgebaut\\\/#breadcrumblist\",\"itemListElement\":[{\"@type\":\"ListItem\",\"@id\":\"https:\\\/\\\/www.immo-invest.ch\\\/it\\\/#listItem\",\"position\":1,\"name\":\"Home\",\"item\":\"https:\\\/\\\/www.immo-invest.ch\\\/it\\\/\",\"nextItem\":{\"@type\":\"ListItem\",\"@id\":\"https:\\\/\\\/www.immo-invest.ch\\\/it\\\/categoria\\\/regioni\\\/#listItem\",\"name\":\"Regioni\"}},{\"@type\":\"ListItem\",\"@id\":\"https:\\\/\\\/www.immo-invest.ch\\\/it\\\/categoria\\\/regioni\\\/#listItem\",\"position\":2,\"name\":\"Regioni\",\"item\":\"https:\\\/\\\/www.immo-invest.ch\\\/it\\\/categoria\\\/regioni\\\/\",\"nextItem\":{\"@type\":\"ListItem\",\"@id\":\"https:\\\/\\\/www.immo-invest.ch\\\/it\\\/categoria\\\/regioni\\\/svizzera\\\/#listItem\",\"name\":\"Svizzera\"},\"previousItem\":{\"@type\":\"ListItem\",\"@id\":\"https:\\\/\\\/www.immo-invest.ch\\\/it\\\/#listItem\",\"name\":\"Home\"}},{\"@type\":\"ListItem\",\"@id\":\"https:\\\/\\\/www.immo-invest.ch\\\/it\\\/categoria\\\/regioni\\\/svizzera\\\/#listItem\",\"position\":3,\"name\":\"Svizzera\",\"item\":\"https:\\\/\\\/www.immo-invest.ch\\\/it\\\/categoria\\\/regioni\\\/svizzera\\\/\",\"nextItem\":{\"@type\":\"ListItem\",\"@id\":\"https:\\\/\\\/www.immo-invest.ch\\\/it\\\/categoria\\\/regioni\\\/svizzera\\\/zentralschweiz-it\\\/#listItem\",\"name\":\"Zentralschweiz\"},\"previousItem\":{\"@type\":\"ListItem\",\"@id\":\"https:\\\/\\\/www.immo-invest.ch\\\/it\\\/categoria\\\/regioni\\\/#listItem\",\"name\":\"Regioni\"}},{\"@type\":\"ListItem\",\"@id\":\"https:\\\/\\\/www.immo-invest.ch\\\/it\\\/categoria\\\/regioni\\\/svizzera\\\/zentralschweiz-it\\\/#listItem\",\"position\":4,\"name\":\"Zentralschweiz\",\"item\":\"https:\\\/\\\/www.immo-invest.ch\\\/it\\\/categoria\\\/regioni\\\/svizzera\\\/zentralschweiz-it\\\/\",\"nextItem\":{\"@type\":\"ListItem\",\"@id\":\"https:\\\/\\\/www.immo-invest.ch\\\/it\\\/categoria\\\/regioni\\\/svizzera\\\/zentralschweiz-it\\\/obvaldo\\\/#listItem\",\"name\":\"Obvaldo\"},\"previousItem\":{\"@type\":\"ListItem\",\"@id\":\"https:\\\/\\\/www.immo-invest.ch\\\/it\\\/categoria\\\/regioni\\\/svizzera\\\/#listItem\",\"name\":\"Svizzera\"}},{\"@type\":\"ListItem\",\"@id\":\"https:\\\/\\\/www.immo-invest.ch\\\/it\\\/categoria\\\/regioni\\\/svizzera\\\/zentralschweiz-it\\\/obvaldo\\\/#listItem\",\"position\":5,\"name\":\"Obvaldo\",\"item\":\"https:\\\/\\\/www.immo-invest.ch\\\/it\\\/categoria\\\/regioni\\\/svizzera\\\/zentralschweiz-it\\\/obvaldo\\\/\",\"nextItem\":{\"@type\":\"ListItem\",\"@id\":\"https:\\\/\\\/www.immo-invest.ch\\\/it\\\/militaerflugplatz-alpnach-wird-ausgebaut\\\/#listItem\",\"name\":\"L&#8217;aeroporto militare di Alpnach sar\\u00e0 ampliato\"},\"previousItem\":{\"@type\":\"ListItem\",\"@id\":\"https:\\\/\\\/www.immo-invest.ch\\\/it\\\/categoria\\\/regioni\\\/svizzera\\\/zentralschweiz-it\\\/#listItem\",\"name\":\"Zentralschweiz\"}},{\"@type\":\"ListItem\",\"@id\":\"https:\\\/\\\/www.immo-invest.ch\\\/it\\\/militaerflugplatz-alpnach-wird-ausgebaut\\\/#listItem\",\"position\":6,\"name\":\"L&#8217;aeroporto militare di Alpnach sar\\u00e0 ampliato\",\"previousItem\":{\"@type\":\"ListItem\",\"@id\":\"https:\\\/\\\/www.immo-invest.ch\\\/it\\\/categoria\\\/regioni\\\/svizzera\\\/zentralschweiz-it\\\/obvaldo\\\/#listItem\",\"name\":\"Obvaldo\"}}]},{\"@type\":\"Organization\",\"@id\":\"https:\\\/\\\/www.immo-invest.ch\\\/it\\\/#organization\",\"name\":\"immo!nvest - Die Plattform f\\u00fcr Standorte und Immobilien\",\"description\":\"Die\\u00a0Plattform f\\u00fcr Standorte und Immobilien\",\"url\":\"https:\\\/\\\/www.immo-invest.ch\\\/it\\\/\",\"email\":\"admin@immomedia.ag\",\"telephone\":\"+41444420002\",\"logo\":{\"@type\":\"ImageObject\",\"url\":\"https:\\\/\\\/www.immo-invest.ch\\\/wp-content\\\/uploads\\\/2024\\\/09\\\/immoinvest_sm-scaled.jpg\",\"@id\":\"https:\\\/\\\/www.immo-invest.ch\\\/it\\\/militaerflugplatz-alpnach-wird-ausgebaut\\\/#organizationLogo\",\"width\":2560,\"height\":1340},\"image\":{\"@id\":\"https:\\\/\\\/www.immo-invest.ch\\\/it\\\/militaerflugplatz-alpnach-wird-ausgebaut\\\/#organizationLogo\"},\"sameAs\":[\"https:\\\/\\\/www.facebook.com\\\/people\\\/Immoinvest\\\/100077962920504\\\/\",\"https:\\\/\\\/x.com\\\/i\\\/flow\\\/login?redirect_after_login=immoinvest_ch\",\"https:\\\/\\\/www.instagram.com\\\/immoinvest_ch\\\/\",\"https:\\\/\\\/www.linkedin.com\\\/company\\\/immoinvest-swiss\"]},{\"@type\":\"Person\",\"@id\":\"https:\\\/\\\/www.immo-invest.ch\\\/it\\\/author\\\/immovestuser\\\/#author\",\"url\":\"https:\\\/\\\/www.immo-invest.ch\\\/it\\\/author\\\/immovestuser\\\/\",\"name\":\"immovestuser\",\"image\":{\"@type\":\"ImageObject\",\"@id\":\"https:\\\/\\\/www.immo-invest.ch\\\/it\\\/militaerflugplatz-alpnach-wird-ausgebaut\\\/#authorImage\",\"url\":\"https:\\\/\\\/secure.gravatar.com\\\/avatar\\\/8e01f4d99f2eeea7a362ebb93305e1172a70e9293ba250f897a65c39f54cdd1e?s=96&d=mm&r=g\",\"width\":96,\"height\":96,\"caption\":\"immovestuser\"}},{\"@type\":\"WebPage\",\"@id\":\"https:\\\/\\\/www.immo-invest.ch\\\/it\\\/militaerflugplatz-alpnach-wird-ausgebaut\\\/#webpage\",\"url\":\"https:\\\/\\\/www.immo-invest.ch\\\/it\\\/militaerflugplatz-alpnach-wird-ausgebaut\\\/\",\"name\":\"L\\u2019aeroporto militare di Alpnach sar\\u00e0 ampliato - immo!nvest - Die Plattform f\\u00fcr Standorte und Immobilien\",\"description\":\"L'aeroporto militare di Alpnach ricever\\u00e0 un nuovo parcheggio per veicoli e un ampliamento multifunzionale. Il Dipartimento della Difesa, della Protezione Civile e dello Sport sta investendo 18 milioni di franchi svizzeri nel progetto. La cerimonia di posa della prima pietra si \\u00e8 svolta il 21 agosto.\",\"inLanguage\":\"it-IT\",\"isPartOf\":{\"@id\":\"https:\\\/\\\/www.immo-invest.ch\\\/it\\\/#website\"},\"breadcrumb\":{\"@id\":\"https:\\\/\\\/www.immo-invest.ch\\\/it\\\/militaerflugplatz-alpnach-wird-ausgebaut\\\/#breadcrumblist\"},\"author\":{\"@id\":\"https:\\\/\\\/www.immo-invest.ch\\\/it\\\/author\\\/immovestuser\\\/#author\"},\"creator\":{\"@id\":\"https:\\\/\\\/www.immo-invest.ch\\\/it\\\/author\\\/immovestuser\\\/#author\"},\"image\":{\"@type\":\"ImageObject\",\"url\":\"https:\\\/\\\/www.immo-invest.ch\\\/wp-content\\\/uploads\\\/2024\\\/09\\\/militaer_Flugzeug-scaled.jpg\",\"@id\":\"https:\\\/\\\/www.immo-invest.ch\\\/it\\\/militaerflugplatz-alpnach-wird-ausgebaut\\\/#mainImage\",\"width\":2560,\"height\":1440},\"primaryImageOfPage\":{\"@id\":\"https:\\\/\\\/www.immo-invest.ch\\\/it\\\/militaerflugplatz-alpnach-wird-ausgebaut\\\/#mainImage\"},\"datePublished\":\"2024-09-06T14:34:17+02:00\",\"dateModified\":\"2024-09-06T14:52:18+02:00\"},{\"@type\":\"WebSite\",\"@id\":\"https:\\\/\\\/www.immo-invest.ch\\\/it\\\/#website\",\"url\":\"https:\\\/\\\/www.immo-invest.ch\\\/it\\\/\",\"name\":\"immo!nvest - Die Plattform f\\u00fcr Standorte und Immobilien\",\"description\":\"Die\\u00a0Plattform f\\u00fcr Standorte und Immobilien\",\"inLanguage\":\"it-IT\",\"publisher\":{\"@id\":\"https:\\\/\\\/www.immo-invest.ch\\\/it\\\/#organization\"}}]}\n\t\t<\/script>\n\t\t<!-- All in One SEO -->\n\n","aioseo_head_json":{"title":"L\u2019aeroporto militare di Alpnach sar\u00e0 ampliato - immo!nvest - Die Plattform f\u00fcr Standorte und Immobilien","description":"L'aeroporto militare di Alpnach ricever\u00e0 un nuovo parcheggio per veicoli e un ampliamento multifunzionale. Il Dipartimento della Difesa, della Protezione Civile e dello Sport sta investendo 18 milioni di franchi svizzeri nel progetto. La cerimonia di posa della prima pietra si \u00e8 svolta il 21 agosto.","canonical_url":"https:\/\/www.immo-invest.ch\/it\/militaerflugplatz-alpnach-wird-ausgebaut\/","robots":"max-image-preview:large","keywords":"","webmasterTools":{"google-site-verification":"fHJKvgWpZCR2zVBHWfkQeFXC11qieUSff0HGNYfuyLA","miscellaneous":""},"schema":{"@context":"https:\/\/schema.org","@graph":[{"@type":"BlogPosting","@id":"https:\/\/www.immo-invest.ch\/it\/militaerflugplatz-alpnach-wird-ausgebaut\/#blogposting","name":"L\u2019aeroporto militare di Alpnach sar\u00e0 ampliato - immo!nvest - Die Plattform f\u00fcr Standorte und Immobilien","headline":"L&#8217;aeroporto militare di Alpnach sar\u00e0 ampliato","author":{"@id":"https:\/\/www.immo-invest.ch\/it\/author\/immovestuser\/#author"},"publisher":{"@id":"https:\/\/www.immo-invest.ch\/it\/#organization"},"image":{"@type":"ImageObject","url":"https:\/\/www.immo-invest.ch\/wp-content\/uploads\/2024\/09\/militaer_Flugzeug-scaled.jpg","width":2560,"height":1440},"datePublished":"2024-09-06T14:34:17+02:00","dateModified":"2024-09-06T14:52:18+02:00","inLanguage":"it-IT","mainEntityOfPage":{"@id":"https:\/\/www.immo-invest.ch\/it\/militaerflugplatz-alpnach-wird-ausgebaut\/#webpage"},"isPartOf":{"@id":"https:\/\/www.immo-invest.ch\/it\/militaerflugplatz-alpnach-wird-ausgebaut\/#webpage"},"articleSection":"Costruzione, immoNews, Mobilit\u00e0, Obvaldo, Alpnach, Energieeffizienz, Fahrzeughalle, immobilien, Immoinvest, immoNews, Milit\u00e4rflugplatz, Neubau, Photovoltaik, Werkstatt, Optional"},{"@type":"BreadcrumbList","@id":"https:\/\/www.immo-invest.ch\/it\/militaerflugplatz-alpnach-wird-ausgebaut\/#breadcrumblist","itemListElement":[{"@type":"ListItem","@id":"https:\/\/www.immo-invest.ch\/it\/#listItem","position":1,"name":"Home","item":"https:\/\/www.immo-invest.ch\/it\/","nextItem":{"@type":"ListItem","@id":"https:\/\/www.immo-invest.ch\/it\/categoria\/regioni\/#listItem","name":"Regioni"}},{"@type":"ListItem","@id":"https:\/\/www.immo-invest.ch\/it\/categoria\/regioni\/#listItem","position":2,"name":"Regioni","item":"https:\/\/www.immo-invest.ch\/it\/categoria\/regioni\/","nextItem":{"@type":"ListItem","@id":"https:\/\/www.immo-invest.ch\/it\/categoria\/regioni\/svizzera\/#listItem","name":"Svizzera"},"previousItem":{"@type":"ListItem","@id":"https:\/\/www.immo-invest.ch\/it\/#listItem","name":"Home"}},{"@type":"ListItem","@id":"https:\/\/www.immo-invest.ch\/it\/categoria\/regioni\/svizzera\/#listItem","position":3,"name":"Svizzera","item":"https:\/\/www.immo-invest.ch\/it\/categoria\/regioni\/svizzera\/","nextItem":{"@type":"ListItem","@id":"https:\/\/www.immo-invest.ch\/it\/categoria\/regioni\/svizzera\/zentralschweiz-it\/#listItem","name":"Zentralschweiz"},"previousItem":{"@type":"ListItem","@id":"https:\/\/www.immo-invest.ch\/it\/categoria\/regioni\/#listItem","name":"Regioni"}},{"@type":"ListItem","@id":"https:\/\/www.immo-invest.ch\/it\/categoria\/regioni\/svizzera\/zentralschweiz-it\/#listItem","position":4,"name":"Zentralschweiz","item":"https:\/\/www.immo-invest.ch\/it\/categoria\/regioni\/svizzera\/zentralschweiz-it\/","nextItem":{"@type":"ListItem","@id":"https:\/\/www.immo-invest.ch\/it\/categoria\/regioni\/svizzera\/zentralschweiz-it\/obvaldo\/#listItem","name":"Obvaldo"},"previousItem":{"@type":"ListItem","@id":"https:\/\/www.immo-invest.ch\/it\/categoria\/regioni\/svizzera\/#listItem","name":"Svizzera"}},{"@type":"ListItem","@id":"https:\/\/www.immo-invest.ch\/it\/categoria\/regioni\/svizzera\/zentralschweiz-it\/obvaldo\/#listItem","position":5,"name":"Obvaldo","item":"https:\/\/www.immo-invest.ch\/it\/categoria\/regioni\/svizzera\/zentralschweiz-it\/obvaldo\/","nextItem":{"@type":"ListItem","@id":"https:\/\/www.immo-invest.ch\/it\/militaerflugplatz-alpnach-wird-ausgebaut\/#listItem","name":"L&#8217;aeroporto militare di Alpnach sar\u00e0 ampliato"},"previousItem":{"@type":"ListItem","@id":"https:\/\/www.immo-invest.ch\/it\/categoria\/regioni\/svizzera\/zentralschweiz-it\/#listItem","name":"Zentralschweiz"}},{"@type":"ListItem","@id":"https:\/\/www.immo-invest.ch\/it\/militaerflugplatz-alpnach-wird-ausgebaut\/#listItem","position":6,"name":"L&#8217;aeroporto militare di Alpnach sar\u00e0 ampliato","previousItem":{"@type":"ListItem","@id":"https:\/\/www.immo-invest.ch\/it\/categoria\/regioni\/svizzera\/zentralschweiz-it\/obvaldo\/#listItem","name":"Obvaldo"}}]},{"@type":"Organization","@id":"https:\/\/www.immo-invest.ch\/it\/#organization","name":"immo!nvest - Die Plattform f\u00fcr Standorte und Immobilien","description":"Die\u00a0Plattform f\u00fcr Standorte und Immobilien","url":"https:\/\/www.immo-invest.ch\/it\/","email":"admin@immomedia.ag","telephone":"+41444420002","logo":{"@type":"ImageObject","url":"https:\/\/www.immo-invest.ch\/wp-content\/uploads\/2024\/09\/immoinvest_sm-scaled.jpg","@id":"https:\/\/www.immo-invest.ch\/it\/militaerflugplatz-alpnach-wird-ausgebaut\/#organizationLogo","width":2560,"height":1340},"image":{"@id":"https:\/\/www.immo-invest.ch\/it\/militaerflugplatz-alpnach-wird-ausgebaut\/#organizationLogo"},"sameAs":["https:\/\/www.facebook.com\/people\/Immoinvest\/100077962920504\/","https:\/\/x.com\/i\/flow\/login?redirect_after_login=immoinvest_ch","https:\/\/www.instagram.com\/immoinvest_ch\/","https:\/\/www.linkedin.com\/company\/immoinvest-swiss"]},{"@type":"Person","@id":"https:\/\/www.immo-invest.ch\/it\/author\/immovestuser\/#author","url":"https:\/\/www.immo-invest.ch\/it\/author\/immovestuser\/","name":"immovestuser","image":{"@type":"ImageObject","@id":"https:\/\/www.immo-invest.ch\/it\/militaerflugplatz-alpnach-wird-ausgebaut\/#authorImage","url":"https:\/\/secure.gravatar.com\/avatar\/8e01f4d99f2eeea7a362ebb93305e1172a70e9293ba250f897a65c39f54cdd1e?s=96&d=mm&r=g","width":96,"height":96,"caption":"immovestuser"}},{"@type":"WebPage","@id":"https:\/\/www.immo-invest.ch\/it\/militaerflugplatz-alpnach-wird-ausgebaut\/#webpage","url":"https:\/\/www.immo-invest.ch\/it\/militaerflugplatz-alpnach-wird-ausgebaut\/","name":"L\u2019aeroporto militare di Alpnach sar\u00e0 ampliato - immo!nvest - Die Plattform f\u00fcr Standorte und Immobilien","description":"L'aeroporto militare di Alpnach ricever\u00e0 un nuovo parcheggio per veicoli e un ampliamento multifunzionale. Il Dipartimento della Difesa, della Protezione Civile e dello Sport sta investendo 18 milioni di franchi svizzeri nel progetto. La cerimonia di posa della prima pietra si \u00e8 svolta il 21 agosto.","inLanguage":"it-IT","isPartOf":{"@id":"https:\/\/www.immo-invest.ch\/it\/#website"},"breadcrumb":{"@id":"https:\/\/www.immo-invest.ch\/it\/militaerflugplatz-alpnach-wird-ausgebaut\/#breadcrumblist"},"author":{"@id":"https:\/\/www.immo-invest.ch\/it\/author\/immovestuser\/#author"},"creator":{"@id":"https:\/\/www.immo-invest.ch\/it\/author\/immovestuser\/#author"},"image":{"@type":"ImageObject","url":"https:\/\/www.immo-invest.ch\/wp-content\/uploads\/2024\/09\/militaer_Flugzeug-scaled.jpg","@id":"https:\/\/www.immo-invest.ch\/it\/militaerflugplatz-alpnach-wird-ausgebaut\/#mainImage","width":2560,"height":1440},"primaryImageOfPage":{"@id":"https:\/\/www.immo-invest.ch\/it\/militaerflugplatz-alpnach-wird-ausgebaut\/#mainImage"},"datePublished":"2024-09-06T14:34:17+02:00","dateModified":"2024-09-06T14:52:18+02:00"},{"@type":"WebSite","@id":"https:\/\/www.immo-invest.ch\/it\/#website","url":"https:\/\/www.immo-invest.ch\/it\/","name":"immo!nvest - Die Plattform f\u00fcr Standorte und Immobilien","description":"Die\u00a0Plattform f\u00fcr Standorte und Immobilien","inLanguage":"it-IT","publisher":{"@id":"https:\/\/www.immo-invest.ch\/it\/#organization"}}]},"og:locale":"it_IT","og:site_name":"immo!nvest - Die Plattform f\u00fcr Standorte und Immobilien - Die\u00a0Plattform f\u00fcr Standorte und Immobilien","og:type":"article","og:title":"L\u2019aeroporto militare di Alpnach sar\u00e0 ampliato - immo!nvest - Die Plattform f\u00fcr Standorte und Immobilien","og:description":"L'aeroporto militare di Alpnach ricever\u00e0 un nuovo parcheggio per veicoli e un ampliamento multifunzionale. Il Dipartimento della Difesa, della Protezione Civile e dello Sport sta investendo 18 milioni di franchi svizzeri nel progetto. La cerimonia di posa della prima pietra si \u00e8 svolta il 21 agosto.","og:url":"https:\/\/www.immo-invest.ch\/it\/militaerflugplatz-alpnach-wird-ausgebaut\/","og:image":"https:\/\/www.immo-invest.ch\/wp-content\/uploads\/2024\/09\/militaer_Flugzeug-scaled.jpg","og:image:secure_url":"https:\/\/www.immo-invest.ch\/wp-content\/uploads\/2024\/09\/militaer_Flugzeug-scaled.jpg","og:image:width":2560,"og:image:height":1440,"article:published_time":"2024-09-06T12:34:17+00:00","article:modified_time":"2024-09-06T12:52:18+00:00","article:publisher":"https:\/\/www.facebook.com\/people\/Immoinvest\/100077962920504\/","twitter:card":"summary_large_image","twitter:site":"@i","twitter:title":"L\u2019aeroporto militare di Alpnach sar\u00e0 ampliato - immo!nvest - Die Plattform f\u00fcr Standorte und Immobilien","twitter:description":"L'aeroporto militare di Alpnach ricever\u00e0 un nuovo parcheggio per veicoli e un ampliamento multifunzionale. Il Dipartimento della Difesa, della Protezione Civile e dello Sport sta investendo 18 milioni di franchi svizzeri nel progetto. La cerimonia di posa della prima pietra si \u00e8 svolta il 21 agosto.","twitter:creator":"@i","twitter:image":"https:\/\/www.immo-invest.ch\/wp-content\/uploads\/2024\/09\/militaer_Flugzeug-scaled.jpg"},"aioseo_meta_data":{"post_id":"113465","title":null,"description":null,"keywords":null,"keyphrases":null,"primary_term":null,"canonical_url":null,"og_title":null,"og_description":null,"og_object_type":"default","og_image_type":"default","og_image_url":null,"og_image_width":null,"og_image_height":null,"og_image_custom_url":null,"og_image_custom_fields":null,"og_video":null,"og_custom_url":null,"og_article_section":null,"og_article_tags":null,"twitter_use_og":false,"twitter_card":"default","twitter_image_type":"default","twitter_image_url":null,"twitter_image_custom_url":null,"twitter_image_custom_fields":null,"twitter_title":null,"twitter_description":null,"schema":{"blockGraphs":[],"customGraphs":[],"default":{"data":{"Article":[],"Course":[],"Dataset":[],"FAQPage":[],"Movie":[],"Person":[],"Product":[],"ProductReview":[],"Car":[],"Recipe":[],"Service":[],"SoftwareApplication":[],"WebPage":[]},"graphName":"","isEnabled":true},"graphs":[]},"schema_type":"default","schema_type_options":null,"pillar_content":false,"robots_default":true,"robots_noindex":false,"robots_noarchive":false,"robots_nosnippet":false,"robots_nofollow":false,"robots_noimageindex":false,"robots_noodp":false,"robots_notranslate":false,"robots_max_snippet":null,"robots_max_videopreview":null,"robots_max_imagepreview":"large","priority":null,"frequency":null,"local_seo":null,"breadcrumb_settings":null,"limit_modified_date":false,"ai":null,"created":"2024-09-21 02:04:59","updated":"2025-10-24 09:07:42","seo_analyzer_scan_date":null,"focus_keyword":null,"additional_keywords":null,"truseo_locale":null},"aioseo_breadcrumb":"<div class=\"aioseo-breadcrumbs\"><span class=\"aioseo-breadcrumb\">\n\t\t\t<a href=\"https:\/\/www.immo-invest.ch\/it\/\" title=\"Home\">Home<\/a>\n\t\t<\/span><span class=\"aioseo-breadcrumb-separator\">&raquo;<\/span><span class=\"aioseo-breadcrumb\">\n\t\t\t<a href=\"https:\/\/www.immo-invest.ch\/it\/categoria\/regioni\/\" title=\"Regioni\">Regioni<\/a>\n\t\t<\/span><span class=\"aioseo-breadcrumb-separator\">&raquo;<\/span><span class=\"aioseo-breadcrumb\">\n\t\t\t<a href=\"https:\/\/www.immo-invest.ch\/it\/categoria\/regioni\/svizzera\/\" title=\"Svizzera\">Svizzera<\/a>\n\t\t<\/span><span class=\"aioseo-breadcrumb-separator\">&raquo;<\/span><span class=\"aioseo-breadcrumb\">\n\t\t\t<a href=\"https:\/\/www.immo-invest.ch\/it\/categoria\/regioni\/svizzera\/zentralschweiz-it\/\" title=\"Zentralschweiz\">Zentralschweiz<\/a>\n\t\t<\/span><span class=\"aioseo-breadcrumb-separator\">&raquo;<\/span><span class=\"aioseo-breadcrumb\">\n\t\t\t<a href=\"https:\/\/www.immo-invest.ch\/it\/categoria\/regioni\/svizzera\/zentralschweiz-it\/obvaldo\/\" title=\"Obvaldo\">Obvaldo<\/a>\n\t\t<\/span><span class=\"aioseo-breadcrumb-separator\">&raquo;<\/span><span class=\"aioseo-breadcrumb\">\n\t\t\tL\u2019aeroporto militare di Alpnach sar\u00e0 ampliato\n\t\t<\/span><\/div>","aioseo_breadcrumb_json":[{"label":"Home","link":"https:\/\/www.immo-invest.ch\/it\/"},{"label":"Regioni","link":"https:\/\/www.immo-invest.ch\/it\/categoria\/regioni\/"},{"label":"Svizzera","link":"https:\/\/www.immo-invest.ch\/it\/categoria\/regioni\/svizzera\/"},{"label":"Zentralschweiz","link":"https:\/\/www.immo-invest.ch\/it\/categoria\/regioni\/svizzera\/zentralschweiz-it\/"},{"label":"Obvaldo","link":"https:\/\/www.immo-invest.ch\/it\/categoria\/regioni\/svizzera\/zentralschweiz-it\/obvaldo\/"},{"label":"L&#8217;aeroporto militare di Alpnach sar\u00e0 ampliato","link":"https:\/\/www.immo-invest.ch\/it\/militaerflugplatz-alpnach-wird-ausgebaut\/"}],"featured_image_src":"https:\/\/www.immo-invest.ch\/wp-content\/uploads\/2024\/09\/militaer_Flugzeug-336x168.jpg","_links":{"self":[{"href":"https:\/\/www.immo-invest.ch\/it\/wp-json\/wp\/v2\/posts\/113465","targetHints":{"allow":["GET"]}}],"collection":[{"href":"https:\/\/www.immo-invest.ch\/it\/wp-json\/wp\/v2\/posts"}],"about":[{"href":"https:\/\/www.immo-invest.ch\/it\/wp-json\/wp\/v2\/types\/post"}],"author":[{"embeddable":true,"href":"https:\/\/www.immo-invest.ch\/it\/wp-json\/wp\/v2\/users\/2"}],"replies":[{"embeddable":true,"href":"https:\/\/www.immo-invest.ch\/it\/wp-json\/wp\/v2\/comments?post=113465"}],"version-history":[{"count":0,"href":"https:\/\/www.immo-invest.ch\/it\/wp-json\/wp\/v2\/posts\/113465\/revisions"}],"wp:featuredmedia":[{"embeddable":true,"href":"https:\/\/www.immo-invest.ch\/it\/wp-json\/wp\/v2\/media\/113452"}],"wp:attachment":[{"href":"https:\/\/www.immo-invest.ch\/it\/wp-json\/wp\/v2\/media?parent=113465"}],"wp:term":[{"taxonomy":"category","embeddable":true,"href":"https:\/\/www.immo-invest.ch\/it\/wp-json\/wp\/v2\/categories?post=113465"},{"taxonomy":"post_tag","embeddable":true,"href":"https:\/\/www.immo-invest.ch\/it\/wp-json\/wp\/v2\/tags?post=113465"}],"curies":[{"name":"wp","href":"https:\/\/api.w.org\/{rel}","templated":true}]}}