{"id":113445,"date":"2024-09-06T14:45:04","date_gmt":"2024-09-06T12:45:04","guid":{"rendered":"https:\/\/www.immo-invest.ch\/?p=113445"},"modified":"2024-09-06T14:52:08","modified_gmt":"2024-09-06T12:52:08","slug":"energiegewinnung-und-kuehlung-fassaden-im-fokus-der-forschung","status":"publish","type":"post","link":"https:\/\/www.immo-invest.ch\/it\/energiegewinnung-und-kuehlung-fassaden-im-fokus-der-forschung\/","title":{"rendered":"Generazione di energia e raffreddamento: le facciate al centro della ricerca"},"content":{"rendered":"<p class=\"bodytext\">I ricercatori della <a href=\"https:\/\/www.hslu.ch\/de-ch\/\" target=\"_blank\" rel=\"noopener\">HSLU<\/a> hanno esplorato il potenziale del verde e dei pannelli solari sulle facciate degli edifici nel progetto <a href=\"https:\/\/www.hslu.ch\/de-ch\/hochschule-luzern\/forschung\/projekte\/detail\/?pid=6035\" target=\"_blank\" rel=\"noopener\">GreenPV<\/a>. &ldquo;Mentre i vantaggi dei sistemi fotovoltaici e del verde sono gi&agrave; sempre pi&ugrave; utilizzati sui tetti, finora non sono stati in gran parte utilizzati sulle facciate&rdquo;, afferma Silvia Domingo, ricercatrice dell&rsquo;HSLU, in un <a href=\"https:\/\/www.hslu.ch\/de-ch\/hochschule-luzern\/ueber-uns\/medien\/medienmitteilungen\/2024\/08\/30\/greenpv\/\" target=\"_blank\" rel=\"noopener\">comunicato stampa<\/a> dell&rsquo;universit&agrave; sul progetto. Tuttavia, potrebbero contribuire a colmare il gap di elettricit&agrave; invernale, tra le altre cose. Questo perch&eacute; &ldquo;il rendimento energetico di un sistema fotovoltaico &egrave; pi&ugrave; alto su una facciata esposta a sud nei mesi invernali che su un tetto, a causa del basso angolo di inclinazione del sole dovuto alla stagione&rdquo;, spiega Domingo.<\/p>\n<p class=\"bodytext\">Oltre al loro effetto di raffreddamento, le facciate verdi contribuiscono anche alla biodiversit&agrave; e alla riduzione della propagazione del suono. Anche la qualit&agrave; dell&rsquo;aria viene migliorata grazie al legame degli inquinanti e alla produzione di ossigeno. Secondo i ricercatori dell&rsquo;HSLU, il verde e il fotovoltaico (PV) possono essere combinati bene sulle facciate. &ldquo;Il fotovoltaico si rivela ideale quando &egrave; possibile un alto livello di generazione di energia, ossia su una facciata non ombreggiata ai piani superiori&rdquo;, afferma Domingo. Il verde, invece, dovrebbe essere installato ai piani inferiori e nei cortili interni.<\/p>\n<p class=\"bodytext\">Gli autori hanno identificato il finanziamento e la mancanza di linee guida e di esperienza come ostacoli per i proprietari di edifici. Anche l&rsquo;aspetto di una facciata completamente rivestita di pannelli solari neri non piace a tutti. Per questo motivo, l&rsquo;HSLU ha gi&agrave; testato colori e texture alternative in <a href=\"https:\/\/news.hslu.ch\/farbige-solarpanels\/\" target=\"_blank\" rel=\"noopener\">un altro progetto<\/a>.<\/p>\n","protected":false},"excerpt":{"rendered":"<p>L&#8217;Universit\u00e0 di Scienze Applicate e Arti di Lucerna (HSLU) ha analizzato il potenziale del verde e dei pannelli solari sulle facciate degli edifici. Secondo lo studio corrispondente e le dichiarazioni della ricercatrice Silvia Domingo, le due cose possono essere ben combinate. Vengono prese in considerazione anche le riserve dei proprietari degli edifici.<\/p>\n","protected":false},"author":2,"featured_media":113152,"comment_status":"open","ping_status":"open","sticky":false,"template":"","format":"standard","meta":{"pmpro_default_level":"","inline_featured_image":false,"_monsterinsights_skip_tracking":false,"footnotes":""},"categories":[8750,745,22700,22443],"tags":[38316,40246,6806,49410,867,3935,1961,868,41094],"class_list":["post-113445","post","type-post","status-publish","format-standard","has-post-thumbnail","hentry","category-energia","category-immonews-it","category-sostenibilita","category-trends-it","tag-begruenung-it","tag-erneuerbare-energien-it","tag-fassaden-it","tag-gebaeudeeffizienz-it","tag-immoinvest-it","tag-immonews-it","tag-nachhaltigkeit-it","tag-photovoltaik-it","tag-winterstrom-it","pmpro-has-access"],"acf":{"bild_mit_ki_erstellt_worden":[],"lead":"L'Universit\u00e0 di Scienze Applicate e Arti di Lucerna (HSLU) ha analizzato il potenziale del verde e dei pannelli solari sulle facciate degli edifici. Secondo lo studio corrispondente e le dichiarazioni della ricercatrice Silvia Domingo, le due cose possono essere ben combinate. Vengono prese in considerazione anche le riserve dei proprietari degli edifici.","autor":"ce\/hs","ort":"Luzern","bildunterschrift":"","bild_im_grid":false,"gallerie":"","newsim":""},"aioseo_notices":[],"aioseo_head":"\n\t\t<!-- All in One SEO 5.0.1.1 - aioseo.com -->\n\t<meta name=\"description\" content=\"L&#039;Universit\u00e0 di Scienze Applicate e Arti di Lucerna (HSLU) ha analizzato il potenziale del verde e dei pannelli solari sulle facciate degli edifici. Secondo lo studio corrispondente e le dichiarazioni della ricercatrice Silvia Domingo, le due cose possono essere ben combinate. Vengono prese in considerazione anche le riserve dei proprietari degli edifici.\" \/>\n\t<meta name=\"robots\" content=\"max-image-preview:large\" \/>\n\t<meta name=\"author\" content=\"immovestuser\"\/>\n\t<meta name=\"google-site-verification\" content=\"fHJKvgWpZCR2zVBHWfkQeFXC11qieUSff0HGNYfuyLA\" \/>\n\t<link rel=\"canonical\" href=\"https:\/\/www.immo-invest.ch\/it\/energiegewinnung-und-kuehlung-fassaden-im-fokus-der-forschung\/\" \/>\n\t<meta name=\"generator\" content=\"All in One SEO (AIOSEO) 5.0.1.1\" \/>\n\t\t<meta property=\"og:locale\" content=\"it_IT\" \/>\n\t\t<meta property=\"og:site_name\" content=\"immo!nvest - Die Plattform f\u00fcr Standorte und Immobilien - Die\u00a0Plattform f\u00fcr Standorte und Immobilien\" \/>\n\t\t<meta property=\"og:type\" content=\"article\" \/>\n\t\t<meta property=\"og:title\" content=\"Generazione di energia e raffreddamento: le facciate al centro della ricerca - immo!nvest - Die Plattform f\u00fcr Standorte und Immobilien\" \/>\n\t\t<meta property=\"og:description\" content=\"L&#039;Universit\u00e0 di Scienze Applicate e Arti di Lucerna (HSLU) ha analizzato il potenziale del verde e dei pannelli solari sulle facciate degli edifici. Secondo lo studio corrispondente e le dichiarazioni della ricercatrice Silvia Domingo, le due cose possono essere ben combinate. Vengono prese in considerazione anche le riserve dei proprietari degli edifici.\" \/>\n\t\t<meta property=\"og:url\" content=\"https:\/\/www.immo-invest.ch\/it\/energiegewinnung-und-kuehlung-fassaden-im-fokus-der-forschung\/\" \/>\n\t\t<meta property=\"og:image\" content=\"https:\/\/www.immo-invest.ch\/wp-content\/uploads\/2024\/09\/gruen_urban_Pflanzen_Wohnung-scaled-e1725355614409.jpg\" \/>\n\t\t<meta property=\"og:image:secure_url\" content=\"https:\/\/www.immo-invest.ch\/wp-content\/uploads\/2024\/09\/gruen_urban_Pflanzen_Wohnung-scaled-e1725355614409.jpg\" \/>\n\t\t<meta property=\"og:image:width\" content=\"1706\" \/>\n\t\t<meta property=\"og:image:height\" content=\"2560\" \/>\n\t\t<meta property=\"article:published_time\" content=\"2024-09-06T12:45:04+00:00\" \/>\n\t\t<meta property=\"article:modified_time\" content=\"2024-09-06T12:52:08+00:00\" \/>\n\t\t<meta property=\"article:publisher\" content=\"https:\/\/www.facebook.com\/people\/Immoinvest\/100077962920504\/\" \/>\n\t\t<meta name=\"twitter:card\" content=\"summary_large_image\" \/>\n\t\t<meta name=\"twitter:site\" content=\"@i\" \/>\n\t\t<meta name=\"twitter:title\" content=\"Generazione di energia e raffreddamento: le facciate al centro della ricerca - immo!nvest - Die Plattform f\u00fcr Standorte und Immobilien\" \/>\n\t\t<meta name=\"twitter:description\" content=\"L&#039;Universit\u00e0 di Scienze Applicate e Arti di Lucerna (HSLU) ha analizzato il potenziale del verde e dei pannelli solari sulle facciate degli edifici. Secondo lo studio corrispondente e le dichiarazioni della ricercatrice Silvia Domingo, le due cose possono essere ben combinate. Vengono prese in considerazione anche le riserve dei proprietari degli edifici.\" \/>\n\t\t<meta name=\"twitter:creator\" content=\"@i\" \/>\n\t\t<meta name=\"twitter:image\" content=\"https:\/\/www.immo-invest.ch\/wp-content\/uploads\/2024\/09\/gruen_urban_Pflanzen_Wohnung-scaled-e1725355614409.jpg\" \/>\n\t\t<script type=\"application\/ld+json\" class=\"aioseo-schema\">\n\t\t\t{\"@context\":\"https:\\\/\\\/schema.org\",\"@graph\":[{\"@type\":\"BlogPosting\",\"@id\":\"https:\\\/\\\/www.immo-invest.ch\\\/it\\\/energiegewinnung-und-kuehlung-fassaden-im-fokus-der-forschung\\\/#blogposting\",\"name\":\"Generazione di energia e raffreddamento: le facciate al centro della ricerca - immo!nvest - Die Plattform f\\u00fcr Standorte und Immobilien\",\"headline\":\"Generazione di energia e raffreddamento: le facciate al centro della ricerca\",\"author\":{\"@id\":\"https:\\\/\\\/www.immo-invest.ch\\\/it\\\/author\\\/immovestuser\\\/#author\"},\"publisher\":{\"@id\":\"https:\\\/\\\/www.immo-invest.ch\\\/it\\\/#organization\"},\"image\":{\"@type\":\"ImageObject\",\"url\":\"https:\\\/\\\/www.immo-invest.ch\\\/wp-content\\\/uploads\\\/2024\\\/09\\\/gruen_urban_Pflanzen_Wohnung-scaled-e1725355614409.jpg\",\"width\":1706,\"height\":2560},\"datePublished\":\"2024-09-06T14:45:04+02:00\",\"dateModified\":\"2024-09-06T14:52:08+02:00\",\"inLanguage\":\"it-IT\",\"mainEntityOfPage\":{\"@id\":\"https:\\\/\\\/www.immo-invest.ch\\\/it\\\/energiegewinnung-und-kuehlung-fassaden-im-fokus-der-forschung\\\/#webpage\"},\"isPartOf\":{\"@id\":\"https:\\\/\\\/www.immo-invest.ch\\\/it\\\/energiegewinnung-und-kuehlung-fassaden-im-fokus-der-forschung\\\/#webpage\"},\"articleSection\":\"Energia, immoNews, Sostenibilit\\u00e0, Trends, Begr\\u00fcnung, Erneuerbare Energien, Fassaden, Geb\\u00e4udeeffizienz, Immoinvest, immoNews, Nachhaltigkeit, Photovoltaik, Winterstrom, Optional\"},{\"@type\":\"BreadcrumbList\",\"@id\":\"https:\\\/\\\/www.immo-invest.ch\\\/it\\\/energiegewinnung-und-kuehlung-fassaden-im-fokus-der-forschung\\\/#breadcrumblist\",\"itemListElement\":[{\"@type\":\"ListItem\",\"@id\":\"https:\\\/\\\/www.immo-invest.ch\\\/it\\\/#listItem\",\"position\":1,\"name\":\"Home\",\"item\":\"https:\\\/\\\/www.immo-invest.ch\\\/it\\\/\",\"nextItem\":{\"@type\":\"ListItem\",\"@id\":\"https:\\\/\\\/www.immo-invest.ch\\\/it\\\/categoria\\\/trends-it\\\/#listItem\",\"name\":\"Trends\"}},{\"@type\":\"ListItem\",\"@id\":\"https:\\\/\\\/www.immo-invest.ch\\\/it\\\/categoria\\\/trends-it\\\/#listItem\",\"position\":2,\"name\":\"Trends\",\"item\":\"https:\\\/\\\/www.immo-invest.ch\\\/it\\\/categoria\\\/trends-it\\\/\",\"nextItem\":{\"@type\":\"ListItem\",\"@id\":\"https:\\\/\\\/www.immo-invest.ch\\\/it\\\/categoria\\\/trends-it\\\/sostenibilita\\\/#listItem\",\"name\":\"Sostenibilit\\u00e0\"},\"previousItem\":{\"@type\":\"ListItem\",\"@id\":\"https:\\\/\\\/www.immo-invest.ch\\\/it\\\/#listItem\",\"name\":\"Home\"}},{\"@type\":\"ListItem\",\"@id\":\"https:\\\/\\\/www.immo-invest.ch\\\/it\\\/categoria\\\/trends-it\\\/sostenibilita\\\/#listItem\",\"position\":3,\"name\":\"Sostenibilit\\u00e0\",\"item\":\"https:\\\/\\\/www.immo-invest.ch\\\/it\\\/categoria\\\/trends-it\\\/sostenibilita\\\/\",\"nextItem\":{\"@type\":\"ListItem\",\"@id\":\"https:\\\/\\\/www.immo-invest.ch\\\/it\\\/energiegewinnung-und-kuehlung-fassaden-im-fokus-der-forschung\\\/#listItem\",\"name\":\"Generazione di energia e raffreddamento: le facciate al centro della ricerca\"},\"previousItem\":{\"@type\":\"ListItem\",\"@id\":\"https:\\\/\\\/www.immo-invest.ch\\\/it\\\/categoria\\\/trends-it\\\/#listItem\",\"name\":\"Trends\"}},{\"@type\":\"ListItem\",\"@id\":\"https:\\\/\\\/www.immo-invest.ch\\\/it\\\/energiegewinnung-und-kuehlung-fassaden-im-fokus-der-forschung\\\/#listItem\",\"position\":4,\"name\":\"Generazione di energia e raffreddamento: le facciate al centro della ricerca\",\"previousItem\":{\"@type\":\"ListItem\",\"@id\":\"https:\\\/\\\/www.immo-invest.ch\\\/it\\\/categoria\\\/trends-it\\\/sostenibilita\\\/#listItem\",\"name\":\"Sostenibilit\\u00e0\"}}]},{\"@type\":\"Organization\",\"@id\":\"https:\\\/\\\/www.immo-invest.ch\\\/it\\\/#organization\",\"name\":\"immo!nvest - Die Plattform f\\u00fcr Standorte und Immobilien\",\"description\":\"Die\\u00a0Plattform f\\u00fcr Standorte und Immobilien\",\"url\":\"https:\\\/\\\/www.immo-invest.ch\\\/it\\\/\",\"email\":\"admin@immomedia.ag\",\"telephone\":\"+41444420002\",\"logo\":{\"@type\":\"ImageObject\",\"url\":\"https:\\\/\\\/www.immo-invest.ch\\\/wp-content\\\/uploads\\\/2024\\\/09\\\/immoinvest_sm-scaled.jpg\",\"@id\":\"https:\\\/\\\/www.immo-invest.ch\\\/it\\\/energiegewinnung-und-kuehlung-fassaden-im-fokus-der-forschung\\\/#organizationLogo\",\"width\":2560,\"height\":1340},\"image\":{\"@id\":\"https:\\\/\\\/www.immo-invest.ch\\\/it\\\/energiegewinnung-und-kuehlung-fassaden-im-fokus-der-forschung\\\/#organizationLogo\"},\"sameAs\":[\"https:\\\/\\\/www.facebook.com\\\/people\\\/Immoinvest\\\/100077962920504\\\/\",\"https:\\\/\\\/x.com\\\/i\\\/flow\\\/login?redirect_after_login=immoinvest_ch\",\"https:\\\/\\\/www.instagram.com\\\/immoinvest_ch\\\/\",\"https:\\\/\\\/www.linkedin.com\\\/company\\\/immoinvest-swiss\"]},{\"@type\":\"Person\",\"@id\":\"https:\\\/\\\/www.immo-invest.ch\\\/it\\\/author\\\/immovestuser\\\/#author\",\"url\":\"https:\\\/\\\/www.immo-invest.ch\\\/it\\\/author\\\/immovestuser\\\/\",\"name\":\"immovestuser\",\"image\":{\"@type\":\"ImageObject\",\"@id\":\"https:\\\/\\\/www.immo-invest.ch\\\/it\\\/energiegewinnung-und-kuehlung-fassaden-im-fokus-der-forschung\\\/#authorImage\",\"url\":\"https:\\\/\\\/secure.gravatar.com\\\/avatar\\\/8e01f4d99f2eeea7a362ebb93305e1172a70e9293ba250f897a65c39f54cdd1e?s=96&d=mm&r=g\",\"width\":96,\"height\":96,\"caption\":\"immovestuser\"}},{\"@type\":\"WebPage\",\"@id\":\"https:\\\/\\\/www.immo-invest.ch\\\/it\\\/energiegewinnung-und-kuehlung-fassaden-im-fokus-der-forschung\\\/#webpage\",\"url\":\"https:\\\/\\\/www.immo-invest.ch\\\/it\\\/energiegewinnung-und-kuehlung-fassaden-im-fokus-der-forschung\\\/\",\"name\":\"Generazione di energia e raffreddamento: le facciate al centro della ricerca - immo!nvest - Die Plattform f\\u00fcr Standorte und Immobilien\",\"description\":\"L'Universit\\u00e0 di Scienze Applicate e Arti di Lucerna (HSLU) ha analizzato il potenziale del verde e dei pannelli solari sulle facciate degli edifici. Secondo lo studio corrispondente e le dichiarazioni della ricercatrice Silvia Domingo, le due cose possono essere ben combinate. Vengono prese in considerazione anche le riserve dei proprietari degli edifici.\",\"inLanguage\":\"it-IT\",\"isPartOf\":{\"@id\":\"https:\\\/\\\/www.immo-invest.ch\\\/it\\\/#website\"},\"breadcrumb\":{\"@id\":\"https:\\\/\\\/www.immo-invest.ch\\\/it\\\/energiegewinnung-und-kuehlung-fassaden-im-fokus-der-forschung\\\/#breadcrumblist\"},\"author\":{\"@id\":\"https:\\\/\\\/www.immo-invest.ch\\\/it\\\/author\\\/immovestuser\\\/#author\"},\"creator\":{\"@id\":\"https:\\\/\\\/www.immo-invest.ch\\\/it\\\/author\\\/immovestuser\\\/#author\"},\"image\":{\"@type\":\"ImageObject\",\"url\":\"https:\\\/\\\/www.immo-invest.ch\\\/wp-content\\\/uploads\\\/2024\\\/09\\\/gruen_urban_Pflanzen_Wohnung-scaled-e1725355614409.jpg\",\"@id\":\"https:\\\/\\\/www.immo-invest.ch\\\/it\\\/energiegewinnung-und-kuehlung-fassaden-im-fokus-der-forschung\\\/#mainImage\",\"width\":1706,\"height\":2560},\"primaryImageOfPage\":{\"@id\":\"https:\\\/\\\/www.immo-invest.ch\\\/it\\\/energiegewinnung-und-kuehlung-fassaden-im-fokus-der-forschung\\\/#mainImage\"},\"datePublished\":\"2024-09-06T14:45:04+02:00\",\"dateModified\":\"2024-09-06T14:52:08+02:00\"},{\"@type\":\"WebSite\",\"@id\":\"https:\\\/\\\/www.immo-invest.ch\\\/it\\\/#website\",\"url\":\"https:\\\/\\\/www.immo-invest.ch\\\/it\\\/\",\"name\":\"immo!nvest - Die Plattform f\\u00fcr Standorte und Immobilien\",\"description\":\"Die\\u00a0Plattform f\\u00fcr Standorte und Immobilien\",\"inLanguage\":\"it-IT\",\"publisher\":{\"@id\":\"https:\\\/\\\/www.immo-invest.ch\\\/it\\\/#organization\"}}]}\n\t\t<\/script>\n\t\t<!-- All in One SEO -->\n\n","aioseo_head_json":{"title":"Generazione di energia e raffreddamento: le facciate al centro della ricerca - immo!nvest - Die Plattform f\u00fcr Standorte und Immobilien","description":"L'Universit\u00e0 di Scienze Applicate e Arti di Lucerna (HSLU) ha analizzato il potenziale del verde e dei pannelli solari sulle facciate degli edifici. Secondo lo studio corrispondente e le dichiarazioni della ricercatrice Silvia Domingo, le due cose possono essere ben combinate. Vengono prese in considerazione anche le riserve dei proprietari degli edifici.","canonical_url":"https:\/\/www.immo-invest.ch\/it\/energiegewinnung-und-kuehlung-fassaden-im-fokus-der-forschung\/","robots":"max-image-preview:large","keywords":"","webmasterTools":{"google-site-verification":"fHJKvgWpZCR2zVBHWfkQeFXC11qieUSff0HGNYfuyLA","miscellaneous":""},"schema":{"@context":"https:\/\/schema.org","@graph":[{"@type":"BlogPosting","@id":"https:\/\/www.immo-invest.ch\/it\/energiegewinnung-und-kuehlung-fassaden-im-fokus-der-forschung\/#blogposting","name":"Generazione di energia e raffreddamento: le facciate al centro della ricerca - immo!nvest - Die Plattform f\u00fcr Standorte und Immobilien","headline":"Generazione di energia e raffreddamento: le facciate al centro della ricerca","author":{"@id":"https:\/\/www.immo-invest.ch\/it\/author\/immovestuser\/#author"},"publisher":{"@id":"https:\/\/www.immo-invest.ch\/it\/#organization"},"image":{"@type":"ImageObject","url":"https:\/\/www.immo-invest.ch\/wp-content\/uploads\/2024\/09\/gruen_urban_Pflanzen_Wohnung-scaled-e1725355614409.jpg","width":1706,"height":2560},"datePublished":"2024-09-06T14:45:04+02:00","dateModified":"2024-09-06T14:52:08+02:00","inLanguage":"it-IT","mainEntityOfPage":{"@id":"https:\/\/www.immo-invest.ch\/it\/energiegewinnung-und-kuehlung-fassaden-im-fokus-der-forschung\/#webpage"},"isPartOf":{"@id":"https:\/\/www.immo-invest.ch\/it\/energiegewinnung-und-kuehlung-fassaden-im-fokus-der-forschung\/#webpage"},"articleSection":"Energia, immoNews, Sostenibilit\u00e0, Trends, Begr\u00fcnung, Erneuerbare Energien, Fassaden, Geb\u00e4udeeffizienz, Immoinvest, immoNews, Nachhaltigkeit, Photovoltaik, Winterstrom, Optional"},{"@type":"BreadcrumbList","@id":"https:\/\/www.immo-invest.ch\/it\/energiegewinnung-und-kuehlung-fassaden-im-fokus-der-forschung\/#breadcrumblist","itemListElement":[{"@type":"ListItem","@id":"https:\/\/www.immo-invest.ch\/it\/#listItem","position":1,"name":"Home","item":"https:\/\/www.immo-invest.ch\/it\/","nextItem":{"@type":"ListItem","@id":"https:\/\/www.immo-invest.ch\/it\/categoria\/trends-it\/#listItem","name":"Trends"}},{"@type":"ListItem","@id":"https:\/\/www.immo-invest.ch\/it\/categoria\/trends-it\/#listItem","position":2,"name":"Trends","item":"https:\/\/www.immo-invest.ch\/it\/categoria\/trends-it\/","nextItem":{"@type":"ListItem","@id":"https:\/\/www.immo-invest.ch\/it\/categoria\/trends-it\/sostenibilita\/#listItem","name":"Sostenibilit\u00e0"},"previousItem":{"@type":"ListItem","@id":"https:\/\/www.immo-invest.ch\/it\/#listItem","name":"Home"}},{"@type":"ListItem","@id":"https:\/\/www.immo-invest.ch\/it\/categoria\/trends-it\/sostenibilita\/#listItem","position":3,"name":"Sostenibilit\u00e0","item":"https:\/\/www.immo-invest.ch\/it\/categoria\/trends-it\/sostenibilita\/","nextItem":{"@type":"ListItem","@id":"https:\/\/www.immo-invest.ch\/it\/energiegewinnung-und-kuehlung-fassaden-im-fokus-der-forschung\/#listItem","name":"Generazione di energia e raffreddamento: le facciate al centro della ricerca"},"previousItem":{"@type":"ListItem","@id":"https:\/\/www.immo-invest.ch\/it\/categoria\/trends-it\/#listItem","name":"Trends"}},{"@type":"ListItem","@id":"https:\/\/www.immo-invest.ch\/it\/energiegewinnung-und-kuehlung-fassaden-im-fokus-der-forschung\/#listItem","position":4,"name":"Generazione di energia e raffreddamento: le facciate al centro della ricerca","previousItem":{"@type":"ListItem","@id":"https:\/\/www.immo-invest.ch\/it\/categoria\/trends-it\/sostenibilita\/#listItem","name":"Sostenibilit\u00e0"}}]},{"@type":"Organization","@id":"https:\/\/www.immo-invest.ch\/it\/#organization","name":"immo!nvest - Die Plattform f\u00fcr Standorte und Immobilien","description":"Die\u00a0Plattform f\u00fcr Standorte und Immobilien","url":"https:\/\/www.immo-invest.ch\/it\/","email":"admin@immomedia.ag","telephone":"+41444420002","logo":{"@type":"ImageObject","url":"https:\/\/www.immo-invest.ch\/wp-content\/uploads\/2024\/09\/immoinvest_sm-scaled.jpg","@id":"https:\/\/www.immo-invest.ch\/it\/energiegewinnung-und-kuehlung-fassaden-im-fokus-der-forschung\/#organizationLogo","width":2560,"height":1340},"image":{"@id":"https:\/\/www.immo-invest.ch\/it\/energiegewinnung-und-kuehlung-fassaden-im-fokus-der-forschung\/#organizationLogo"},"sameAs":["https:\/\/www.facebook.com\/people\/Immoinvest\/100077962920504\/","https:\/\/x.com\/i\/flow\/login?redirect_after_login=immoinvest_ch","https:\/\/www.instagram.com\/immoinvest_ch\/","https:\/\/www.linkedin.com\/company\/immoinvest-swiss"]},{"@type":"Person","@id":"https:\/\/www.immo-invest.ch\/it\/author\/immovestuser\/#author","url":"https:\/\/www.immo-invest.ch\/it\/author\/immovestuser\/","name":"immovestuser","image":{"@type":"ImageObject","@id":"https:\/\/www.immo-invest.ch\/it\/energiegewinnung-und-kuehlung-fassaden-im-fokus-der-forschung\/#authorImage","url":"https:\/\/secure.gravatar.com\/avatar\/8e01f4d99f2eeea7a362ebb93305e1172a70e9293ba250f897a65c39f54cdd1e?s=96&d=mm&r=g","width":96,"height":96,"caption":"immovestuser"}},{"@type":"WebPage","@id":"https:\/\/www.immo-invest.ch\/it\/energiegewinnung-und-kuehlung-fassaden-im-fokus-der-forschung\/#webpage","url":"https:\/\/www.immo-invest.ch\/it\/energiegewinnung-und-kuehlung-fassaden-im-fokus-der-forschung\/","name":"Generazione di energia e raffreddamento: le facciate al centro della ricerca - immo!nvest - Die Plattform f\u00fcr Standorte und Immobilien","description":"L'Universit\u00e0 di Scienze Applicate e Arti di Lucerna (HSLU) ha analizzato il potenziale del verde e dei pannelli solari sulle facciate degli edifici. Secondo lo studio corrispondente e le dichiarazioni della ricercatrice Silvia Domingo, le due cose possono essere ben combinate. Vengono prese in considerazione anche le riserve dei proprietari degli edifici.","inLanguage":"it-IT","isPartOf":{"@id":"https:\/\/www.immo-invest.ch\/it\/#website"},"breadcrumb":{"@id":"https:\/\/www.immo-invest.ch\/it\/energiegewinnung-und-kuehlung-fassaden-im-fokus-der-forschung\/#breadcrumblist"},"author":{"@id":"https:\/\/www.immo-invest.ch\/it\/author\/immovestuser\/#author"},"creator":{"@id":"https:\/\/www.immo-invest.ch\/it\/author\/immovestuser\/#author"},"image":{"@type":"ImageObject","url":"https:\/\/www.immo-invest.ch\/wp-content\/uploads\/2024\/09\/gruen_urban_Pflanzen_Wohnung-scaled-e1725355614409.jpg","@id":"https:\/\/www.immo-invest.ch\/it\/energiegewinnung-und-kuehlung-fassaden-im-fokus-der-forschung\/#mainImage","width":1706,"height":2560},"primaryImageOfPage":{"@id":"https:\/\/www.immo-invest.ch\/it\/energiegewinnung-und-kuehlung-fassaden-im-fokus-der-forschung\/#mainImage"},"datePublished":"2024-09-06T14:45:04+02:00","dateModified":"2024-09-06T14:52:08+02:00"},{"@type":"WebSite","@id":"https:\/\/www.immo-invest.ch\/it\/#website","url":"https:\/\/www.immo-invest.ch\/it\/","name":"immo!nvest - Die Plattform f\u00fcr Standorte und Immobilien","description":"Die\u00a0Plattform f\u00fcr Standorte und Immobilien","inLanguage":"it-IT","publisher":{"@id":"https:\/\/www.immo-invest.ch\/it\/#organization"}}]},"og:locale":"it_IT","og:site_name":"immo!nvest - Die Plattform f\u00fcr Standorte und Immobilien - Die\u00a0Plattform f\u00fcr Standorte und Immobilien","og:type":"article","og:title":"Generazione di energia e raffreddamento: le facciate al centro della ricerca - immo!nvest - Die Plattform f\u00fcr Standorte und Immobilien","og:description":"L'Universit\u00e0 di Scienze Applicate e Arti di Lucerna (HSLU) ha analizzato il potenziale del verde e dei pannelli solari sulle facciate degli edifici. Secondo lo studio corrispondente e le dichiarazioni della ricercatrice Silvia Domingo, le due cose possono essere ben combinate. Vengono prese in considerazione anche le riserve dei proprietari degli edifici.","og:url":"https:\/\/www.immo-invest.ch\/it\/energiegewinnung-und-kuehlung-fassaden-im-fokus-der-forschung\/","og:image":"https:\/\/www.immo-invest.ch\/wp-content\/uploads\/2024\/09\/gruen_urban_Pflanzen_Wohnung-scaled-e1725355614409.jpg","og:image:secure_url":"https:\/\/www.immo-invest.ch\/wp-content\/uploads\/2024\/09\/gruen_urban_Pflanzen_Wohnung-scaled-e1725355614409.jpg","og:image:width":1706,"og:image:height":2560,"article:published_time":"2024-09-06T12:45:04+00:00","article:modified_time":"2024-09-06T12:52:08+00:00","article:publisher":"https:\/\/www.facebook.com\/people\/Immoinvest\/100077962920504\/","twitter:card":"summary_large_image","twitter:site":"@i","twitter:title":"Generazione di energia e raffreddamento: le facciate al centro della ricerca - immo!nvest - Die Plattform f\u00fcr Standorte und Immobilien","twitter:description":"L'Universit\u00e0 di Scienze Applicate e Arti di Lucerna (HSLU) ha analizzato il potenziale del verde e dei pannelli solari sulle facciate degli edifici. Secondo lo studio corrispondente e le dichiarazioni della ricercatrice Silvia Domingo, le due cose possono essere ben combinate. Vengono prese in considerazione anche le riserve dei proprietari degli edifici.","twitter:creator":"@i","twitter:image":"https:\/\/www.immo-invest.ch\/wp-content\/uploads\/2024\/09\/gruen_urban_Pflanzen_Wohnung-scaled-e1725355614409.jpg"},"aioseo_meta_data":{"post_id":"113445","title":null,"description":null,"keywords":null,"keyphrases":null,"primary_term":null,"canonical_url":null,"og_title":null,"og_description":null,"og_object_type":"default","og_image_type":"default","og_image_url":null,"og_image_width":null,"og_image_height":null,"og_image_custom_url":null,"og_image_custom_fields":null,"og_video":null,"og_custom_url":null,"og_article_section":null,"og_article_tags":null,"twitter_use_og":false,"twitter_card":"default","twitter_image_type":"default","twitter_image_url":null,"twitter_image_custom_url":null,"twitter_image_custom_fields":null,"twitter_title":null,"twitter_description":null,"schema":{"blockGraphs":[],"customGraphs":[],"default":{"data":{"Article":[],"Course":[],"Dataset":[],"FAQPage":[],"Movie":[],"Person":[],"Product":[],"ProductReview":[],"Car":[],"Recipe":[],"Service":[],"SoftwareApplication":[],"WebPage":[]},"graphName":"","isEnabled":true},"graphs":[]},"schema_type":"default","schema_type_options":null,"pillar_content":false,"robots_default":true,"robots_noindex":false,"robots_noarchive":false,"robots_nosnippet":false,"robots_nofollow":false,"robots_noimageindex":false,"robots_noodp":false,"robots_notranslate":false,"robots_max_snippet":null,"robots_max_videopreview":null,"robots_max_imagepreview":"large","priority":null,"frequency":null,"local_seo":null,"breadcrumb_settings":null,"limit_modified_date":false,"ai":null,"created":"2024-09-21 02:04:01","updated":"2025-10-24 09:06:27","seo_analyzer_scan_date":null,"focus_keyword":null,"additional_keywords":null,"truseo_locale":null},"aioseo_breadcrumb":"<div class=\"aioseo-breadcrumbs\"><span class=\"aioseo-breadcrumb\">\n\t\t\t<a href=\"https:\/\/www.immo-invest.ch\/it\/\" title=\"Home\">Home<\/a>\n\t\t<\/span><span class=\"aioseo-breadcrumb-separator\">&raquo;<\/span><span class=\"aioseo-breadcrumb\">\n\t\t\t<a href=\"https:\/\/www.immo-invest.ch\/it\/categoria\/trends-it\/\" title=\"Trends\">Trends<\/a>\n\t\t<\/span><span class=\"aioseo-breadcrumb-separator\">&raquo;<\/span><span class=\"aioseo-breadcrumb\">\n\t\t\t<a href=\"https:\/\/www.immo-invest.ch\/it\/categoria\/trends-it\/sostenibilita\/\" title=\"Sostenibilit\u00e0\">Sostenibilit\u00e0<\/a>\n\t\t<\/span><span class=\"aioseo-breadcrumb-separator\">&raquo;<\/span><span class=\"aioseo-breadcrumb\">\n\t\t\tGenerazione di energia e raffreddamento: le facciate al centro della ricerca\n\t\t<\/span><\/div>","aioseo_breadcrumb_json":[{"label":"Home","link":"https:\/\/www.immo-invest.ch\/it\/"},{"label":"Trends","link":"https:\/\/www.immo-invest.ch\/it\/categoria\/trends-it\/"},{"label":"Sostenibilit\u00e0","link":"https:\/\/www.immo-invest.ch\/it\/categoria\/trends-it\/sostenibilita\/"},{"label":"Generazione di energia e raffreddamento: le facciate al centro della ricerca","link":"https:\/\/www.immo-invest.ch\/it\/energiegewinnung-und-kuehlung-fassaden-im-fokus-der-forschung\/"}],"featured_image_src":"https:\/\/www.immo-invest.ch\/wp-content\/uploads\/2024\/09\/gruen_urban_Pflanzen_Wohnung-336x168.jpg","_links":{"self":[{"href":"https:\/\/www.immo-invest.ch\/it\/wp-json\/wp\/v2\/posts\/113445","targetHints":{"allow":["GET"]}}],"collection":[{"href":"https:\/\/www.immo-invest.ch\/it\/wp-json\/wp\/v2\/posts"}],"about":[{"href":"https:\/\/www.immo-invest.ch\/it\/wp-json\/wp\/v2\/types\/post"}],"author":[{"embeddable":true,"href":"https:\/\/www.immo-invest.ch\/it\/wp-json\/wp\/v2\/users\/2"}],"replies":[{"embeddable":true,"href":"https:\/\/www.immo-invest.ch\/it\/wp-json\/wp\/v2\/comments?post=113445"}],"version-history":[{"count":0,"href":"https:\/\/www.immo-invest.ch\/it\/wp-json\/wp\/v2\/posts\/113445\/revisions"}],"wp:featuredmedia":[{"embeddable":true,"href":"https:\/\/www.immo-invest.ch\/it\/wp-json\/wp\/v2\/media\/113152"}],"wp:attachment":[{"href":"https:\/\/www.immo-invest.ch\/it\/wp-json\/wp\/v2\/media?parent=113445"}],"wp:term":[{"taxonomy":"category","embeddable":true,"href":"https:\/\/www.immo-invest.ch\/it\/wp-json\/wp\/v2\/categories?post=113445"},{"taxonomy":"post_tag","embeddable":true,"href":"https:\/\/www.immo-invest.ch\/it\/wp-json\/wp\/v2\/tags?post=113445"}],"curies":[{"name":"wp","href":"https:\/\/api.w.org\/{rel}","templated":true}]}}