{"id":112624,"date":"2024-08-27T13:57:43","date_gmt":"2024-08-27T11:57:43","guid":{"rendered":"https:\/\/www.immo-invest.ch\/neuer-verwaltungsrat-der-sbb-andre-wyss-2\/"},"modified":"2024-08-27T16:31:21","modified_gmt":"2024-08-27T14:31:21","slug":"neuer-verwaltungsrat-der-sbb-andre-wyss-2","status":"publish","type":"post","link":"https:\/\/www.immo-invest.ch\/it\/neuer-verwaltungsrat-der-sbb-andre-wyss-2\/","title":{"rendered":"Nuovo Consiglio di amministrazione delle FFS Andr\u00e9 Wyss"},"content":{"rendered":"<p class=\"wp-block-paragraph\">Andr&eacute; Wyss entrer&agrave; a far parte del Consiglio di Amministrazione delle Ferrovie Federali Svizzere. Il Consiglio federale ha approvato l&rsquo;elezione di Wyss nella riunione del 21 agosto 2024. Il suo nuovo ruolo sar&agrave; confermato ufficialmente in occasione dell&rsquo;Assemblea Generale Annuale delle FFS nell&rsquo;aprile del 2025. Wyss, rinomato dirigente d&rsquo;azienda svizzero e CEO di Implenia, fornitore di servizi edili e immobiliari, assumer&agrave; la carica di Presidente del Consiglio di Amministrazione da Monika Ribar nel 2026.<\/p>\n\n\n\n<p class=\"wp-block-paragraph\">Wyss ha una carriera impressionante che lo ha preparato in modo eccellente per questo compito. Dopo una formazione come tecnico chimico, ha conseguito una laurea in economia e ha proseguito la sua formazione presso la rinomata Harvard Business School. Prima di entrare a far parte di Implenia, ha maturato una vasta esperienza internazionale presso Novartis, dove recentemente ha diretto la produzione globale e i servizi centrali con oltre 40.000 dipendenti. Anche il suo coinvolgimento in vari consigli di amministrazione e come Presidente della Societ&agrave; Statistica ed Economica di Basilea sottolineano la sua vasta esperienza. Oltre alla sua esperienza imprenditoriale, Wyss &egrave; stato maggiore e comandante dell&rsquo;esercito svizzero, il che gli ha permesso di conoscere a fondo l&rsquo;ambiente politico ed economico della Svizzera.<\/p>\n\n\n\n<p class=\"wp-block-paragraph\"><strong><br>Un processo di elezione ben ponderato<\/strong>I membri del Consiglio di amministrazione delle FFS vengono tradizionalmente eletti in occasione dell&rsquo;Assemblea generale annuale per un mandato di due anni. In qualit&agrave; di azionista unico, la Confederazione esercita il diritto di voto all&rsquo;Assemblea generale. Monika Ribar, che ha ricoperto il ruolo di Presidente del Consiglio di amministrazione FFS per dodici anni, si dimetter&agrave; nel 2026 a causa del limite di mandato. L&rsquo;attuale membro del Consiglio di amministrazione, V&eacute;ronique Gigon, si dimetter&agrave; in occasione dell&rsquo;Assemblea generale annuale del 2025.<strong><\/strong><\/p>\n\n\n\n<p class=\"wp-block-paragraph\">Per garantire una successione senza soluzione di continuit&agrave; ai vertici delle FFS, il Governo federale ha avviato tempestivamente un processo di ricerca completo. Il Consiglio di amministrazione delle FFS ha poi deciso, in occasione di una riunione straordinaria tenutasi nell&rsquo;agosto 2024, di proporre l&rsquo;elezione di Andr&eacute; Wyss al Consiglio federale. L&rsquo;esperienza precedente di Wyss e la sua vasta rete nell&rsquo;economia svizzera lo rendono la scelta ideale per questo compito impegnativo.<\/p>\n\n\n\n<p class=\"wp-block-paragraph\"><strong><br>Una transizione chiara a Implenia e alle FFS<\/strong>Wyss terminer&agrave; il suo ruolo di CEO di Implenia alla fine di marzo 2025. A quel punto si concentrer&agrave; completamente sul suo nuovo ruolo nel Consiglio di Amministrazione delle FFS. Per un anno, far&agrave; parte del Consiglio di amministrazione insieme all&rsquo;attuale Presidente Monika Ribar e si preparer&agrave; intensamente per assumere la presidenza. Questa transizione fluida garantir&agrave; una leadership continua e stabile alle FFS e salvaguarder&agrave; la direzione strategica dell&rsquo;azienda per il futuro.<strong><\/strong><\/p>\n\n\n\n<p class=\"wp-block-paragraph\">Con l&rsquo;elezione di Andr&eacute; Wyss, le FFS si affidano a un leader forte, all&rsquo;altezza delle sfide del futuro e in grado di sviluppare ulteriormente l&rsquo;azienda con successo.<\/p>\n\n","protected":false},"excerpt":{"rendered":"<p>Il Consiglio federale ha confermato l&#8217;elezione di Andr\u00e9 Wyss nel Consiglio di amministrazione delle FFS. L&#8217;esperto CEO di Implenia dovrebbe assumere la presidenza delle FFS da Monika Ribar nel 2026, dopo essere stato eletto nel Consiglio di Amministrazione nel 2025.<\/p>\n","protected":false},"author":2,"featured_media":112581,"comment_status":"open","ping_status":"open","sticky":false,"template":"","format":"standard","meta":{"pmpro_default_level":"","inline_featured_image":false,"_monsterinsights_skip_tracking":false,"footnotes":""},"categories":[22704,4465,22695],"tags":[49317,19296,867,3935,2006,869,6556,2422],"class_list":["post-112624","post","type-post","status-publish","format-standard","has-post-thumbnail","hentry","category-mobilita","category-persone","category-societa","tag-bahnunternehmen-it","tag-fuehrungswechsel-it","tag-immoinvest-it","tag-immonews-it","tag-news-it","tag-schweiz-it","tag-verwaltungsrat-it","tag-wirtschaft-it","pmpro-has-access"],"acf":{"bild_mit_ki_erstellt_worden":[],"lead":"Il Consiglio federale ha confermato l'elezione di Andr\u00e9 Wyss nel Consiglio di amministrazione delle FFS. L'esperto CEO di Implenia dovrebbe assumere la presidenza delle FFS da Monika Ribar nel 2026, dopo essere stato eletto nel Consiglio di Amministrazione nel 2025.","autor":"Quelle: SBB, Bild: implenia.com\/ueber-uns\/organisation\/management\/","ort":"","bildunterschrift":"","bild_im_grid":false,"gallerie":"","newsim":""},"aioseo_notices":[],"aioseo_head":"\n\t\t<!-- All in One SEO 5.0.1.1 - aioseo.com -->\n\t<meta name=\"description\" content=\"Il Consiglio federale ha confermato l&#039;elezione di Andr\u00e9 Wyss nel Consiglio di amministrazione delle FFS. L&#039;esperto CEO di Implenia dovrebbe assumere la presidenza delle FFS da Monika Ribar nel 2026, dopo essere stato eletto nel Consiglio di Amministrazione nel 2025.\" \/>\n\t<meta name=\"robots\" content=\"max-image-preview:large\" \/>\n\t<meta name=\"author\" content=\"immovestuser\"\/>\n\t<meta name=\"google-site-verification\" content=\"fHJKvgWpZCR2zVBHWfkQeFXC11qieUSff0HGNYfuyLA\" \/>\n\t<link rel=\"canonical\" href=\"https:\/\/www.immo-invest.ch\/it\/neuer-verwaltungsrat-der-sbb-andre-wyss-2\/\" \/>\n\t<meta name=\"generator\" content=\"All in One SEO (AIOSEO) 5.0.1.1\" \/>\n\t\t<meta property=\"og:locale\" content=\"it_IT\" \/>\n\t\t<meta property=\"og:site_name\" content=\"immo!nvest - Die Plattform f\u00fcr Standorte und Immobilien - Die\u00a0Plattform f\u00fcr Standorte und Immobilien\" \/>\n\t\t<meta property=\"og:type\" content=\"article\" \/>\n\t\t<meta property=\"og:title\" content=\"Nuovo Consiglio di amministrazione delle FFS Andr\u00e9 Wyss - immo!nvest - Die Plattform f\u00fcr Standorte und Immobilien\" \/>\n\t\t<meta property=\"og:description\" content=\"Il Consiglio federale ha confermato l&#039;elezione di Andr\u00e9 Wyss nel Consiglio di amministrazione delle FFS. L&#039;esperto CEO di Implenia dovrebbe assumere la presidenza delle FFS da Monika Ribar nel 2026, dopo essere stato eletto nel Consiglio di Amministrazione nel 2025.\" \/>\n\t\t<meta property=\"og:url\" content=\"https:\/\/www.immo-invest.ch\/it\/neuer-verwaltungsrat-der-sbb-andre-wyss-2\/\" \/>\n\t\t<meta property=\"og:image\" content=\"https:\/\/www.immo-invest.ch\/wp-content\/uploads\/2024\/08\/csm_CEO_Andre_Wyss_PNG_Web_3203_7ed7f0ed66-1.png\" \/>\n\t\t<meta property=\"og:image:secure_url\" content=\"https:\/\/www.immo-invest.ch\/wp-content\/uploads\/2024\/08\/csm_CEO_Andre_Wyss_PNG_Web_3203_7ed7f0ed66-1.png\" \/>\n\t\t<meta property=\"og:image:width\" content=\"1654\" \/>\n\t\t<meta property=\"og:image:height\" content=\"930\" \/>\n\t\t<meta property=\"article:published_time\" content=\"2024-08-27T11:57:43+00:00\" \/>\n\t\t<meta property=\"article:modified_time\" content=\"2024-08-27T14:31:21+00:00\" \/>\n\t\t<meta property=\"article:publisher\" content=\"https:\/\/www.facebook.com\/people\/Immoinvest\/100077962920504\/\" \/>\n\t\t<meta name=\"twitter:card\" content=\"summary_large_image\" \/>\n\t\t<meta name=\"twitter:site\" content=\"@i\" \/>\n\t\t<meta name=\"twitter:title\" content=\"Nuovo Consiglio di amministrazione delle FFS Andr\u00e9 Wyss - immo!nvest - Die Plattform f\u00fcr Standorte und Immobilien\" \/>\n\t\t<meta name=\"twitter:description\" content=\"Il Consiglio federale ha confermato l&#039;elezione di Andr\u00e9 Wyss nel Consiglio di amministrazione delle FFS. L&#039;esperto CEO di Implenia dovrebbe assumere la presidenza delle FFS da Monika Ribar nel 2026, dopo essere stato eletto nel Consiglio di Amministrazione nel 2025.\" \/>\n\t\t<meta name=\"twitter:creator\" content=\"@i\" \/>\n\t\t<meta name=\"twitter:image\" content=\"https:\/\/www.immo-invest.ch\/wp-content\/uploads\/2024\/08\/csm_CEO_Andre_Wyss_PNG_Web_3203_7ed7f0ed66-1.png\" \/>\n\t\t<script type=\"application\/ld+json\" class=\"aioseo-schema\">\n\t\t\t{\"@context\":\"https:\\\/\\\/schema.org\",\"@graph\":[{\"@type\":\"BlogPosting\",\"@id\":\"https:\\\/\\\/www.immo-invest.ch\\\/it\\\/neuer-verwaltungsrat-der-sbb-andre-wyss-2\\\/#blogposting\",\"name\":\"Nuovo Consiglio di amministrazione delle FFS Andr\\u00e9 Wyss - immo!nvest - Die Plattform f\\u00fcr Standorte und Immobilien\",\"headline\":\"Nuovo Consiglio di amministrazione delle FFS Andr\\u00e9 Wyss\",\"author\":{\"@id\":\"https:\\\/\\\/www.immo-invest.ch\\\/it\\\/author\\\/immovestuser\\\/#author\"},\"publisher\":{\"@id\":\"https:\\\/\\\/www.immo-invest.ch\\\/it\\\/#organization\"},\"image\":{\"@type\":\"ImageObject\",\"url\":\"https:\\\/\\\/www.immo-invest.ch\\\/wp-content\\\/uploads\\\/2024\\\/08\\\/csm_CEO_Andre_Wyss_PNG_Web_3203_7ed7f0ed66-1.png\",\"width\":1654,\"height\":930,\"caption\":\"https:\\\/\\\/implenia.com\\\/ueber-uns\\\/organisation\\\/management\\\/\"},\"datePublished\":\"2024-08-27T13:57:43+02:00\",\"dateModified\":\"2024-08-27T16:31:21+02:00\",\"inLanguage\":\"it-IT\",\"mainEntityOfPage\":{\"@id\":\"https:\\\/\\\/www.immo-invest.ch\\\/it\\\/neuer-verwaltungsrat-der-sbb-andre-wyss-2\\\/#webpage\"},\"isPartOf\":{\"@id\":\"https:\\\/\\\/www.immo-invest.ch\\\/it\\\/neuer-verwaltungsrat-der-sbb-andre-wyss-2\\\/#webpage\"},\"articleSection\":\"Mobilit\\u00e0, Persone, Societ\\u00e0, Bahnunternehmen, F\\u00fchrungswechsel, Immoinvest, immoNews, News, Schweiz, Verwaltungsrat, wirtschaft, Optional\"},{\"@type\":\"BreadcrumbList\",\"@id\":\"https:\\\/\\\/www.immo-invest.ch\\\/it\\\/neuer-verwaltungsrat-der-sbb-andre-wyss-2\\\/#breadcrumblist\",\"itemListElement\":[{\"@type\":\"ListItem\",\"@id\":\"https:\\\/\\\/www.immo-invest.ch\\\/it\\\/#listItem\",\"position\":1,\"name\":\"Home\",\"item\":\"https:\\\/\\\/www.immo-invest.ch\\\/it\\\/\",\"nextItem\":{\"@type\":\"ListItem\",\"@id\":\"https:\\\/\\\/www.immo-invest.ch\\\/it\\\/categoria\\\/persone-2\\\/#listItem\",\"name\":\"Persone\"}},{\"@type\":\"ListItem\",\"@id\":\"https:\\\/\\\/www.immo-invest.ch\\\/it\\\/categoria\\\/persone-2\\\/#listItem\",\"position\":2,\"name\":\"Persone\",\"item\":\"https:\\\/\\\/www.immo-invest.ch\\\/it\\\/categoria\\\/persone-2\\\/\",\"nextItem\":{\"@type\":\"ListItem\",\"@id\":\"https:\\\/\\\/www.immo-invest.ch\\\/it\\\/categoria\\\/persone-2\\\/persone\\\/#listItem\",\"name\":\"Persone\"},\"previousItem\":{\"@type\":\"ListItem\",\"@id\":\"https:\\\/\\\/www.immo-invest.ch\\\/it\\\/#listItem\",\"name\":\"Home\"}},{\"@type\":\"ListItem\",\"@id\":\"https:\\\/\\\/www.immo-invest.ch\\\/it\\\/categoria\\\/persone-2\\\/persone\\\/#listItem\",\"position\":3,\"name\":\"Persone\",\"item\":\"https:\\\/\\\/www.immo-invest.ch\\\/it\\\/categoria\\\/persone-2\\\/persone\\\/\",\"nextItem\":{\"@type\":\"ListItem\",\"@id\":\"https:\\\/\\\/www.immo-invest.ch\\\/it\\\/neuer-verwaltungsrat-der-sbb-andre-wyss-2\\\/#listItem\",\"name\":\"Nuovo Consiglio di amministrazione delle FFS Andr\\u00e9 Wyss\"},\"previousItem\":{\"@type\":\"ListItem\",\"@id\":\"https:\\\/\\\/www.immo-invest.ch\\\/it\\\/categoria\\\/persone-2\\\/#listItem\",\"name\":\"Persone\"}},{\"@type\":\"ListItem\",\"@id\":\"https:\\\/\\\/www.immo-invest.ch\\\/it\\\/neuer-verwaltungsrat-der-sbb-andre-wyss-2\\\/#listItem\",\"position\":4,\"name\":\"Nuovo Consiglio di amministrazione delle FFS Andr\\u00e9 Wyss\",\"previousItem\":{\"@type\":\"ListItem\",\"@id\":\"https:\\\/\\\/www.immo-invest.ch\\\/it\\\/categoria\\\/persone-2\\\/persone\\\/#listItem\",\"name\":\"Persone\"}}]},{\"@type\":\"Organization\",\"@id\":\"https:\\\/\\\/www.immo-invest.ch\\\/it\\\/#organization\",\"name\":\"immo!nvest - Die Plattform f\\u00fcr Standorte und Immobilien\",\"description\":\"Die\\u00a0Plattform f\\u00fcr Standorte und Immobilien\",\"url\":\"https:\\\/\\\/www.immo-invest.ch\\\/it\\\/\",\"email\":\"admin@immomedia.ag\",\"telephone\":\"+41444420002\",\"logo\":{\"@type\":\"ImageObject\",\"url\":\"https:\\\/\\\/www.immo-invest.ch\\\/wp-content\\\/uploads\\\/2024\\\/09\\\/immoinvest_sm-scaled.jpg\",\"@id\":\"https:\\\/\\\/www.immo-invest.ch\\\/it\\\/neuer-verwaltungsrat-der-sbb-andre-wyss-2\\\/#organizationLogo\",\"width\":2560,\"height\":1340},\"image\":{\"@id\":\"https:\\\/\\\/www.immo-invest.ch\\\/it\\\/neuer-verwaltungsrat-der-sbb-andre-wyss-2\\\/#organizationLogo\"},\"sameAs\":[\"https:\\\/\\\/www.facebook.com\\\/people\\\/Immoinvest\\\/100077962920504\\\/\",\"https:\\\/\\\/x.com\\\/i\\\/flow\\\/login?redirect_after_login=immoinvest_ch\",\"https:\\\/\\\/www.instagram.com\\\/immoinvest_ch\\\/\",\"https:\\\/\\\/www.linkedin.com\\\/company\\\/immoinvest-swiss\"]},{\"@type\":\"Person\",\"@id\":\"https:\\\/\\\/www.immo-invest.ch\\\/it\\\/author\\\/immovestuser\\\/#author\",\"url\":\"https:\\\/\\\/www.immo-invest.ch\\\/it\\\/author\\\/immovestuser\\\/\",\"name\":\"immovestuser\",\"image\":{\"@type\":\"ImageObject\",\"@id\":\"https:\\\/\\\/www.immo-invest.ch\\\/it\\\/neuer-verwaltungsrat-der-sbb-andre-wyss-2\\\/#authorImage\",\"url\":\"https:\\\/\\\/secure.gravatar.com\\\/avatar\\\/8e01f4d99f2eeea7a362ebb93305e1172a70e9293ba250f897a65c39f54cdd1e?s=96&d=mm&r=g\",\"width\":96,\"height\":96,\"caption\":\"immovestuser\"}},{\"@type\":\"WebPage\",\"@id\":\"https:\\\/\\\/www.immo-invest.ch\\\/it\\\/neuer-verwaltungsrat-der-sbb-andre-wyss-2\\\/#webpage\",\"url\":\"https:\\\/\\\/www.immo-invest.ch\\\/it\\\/neuer-verwaltungsrat-der-sbb-andre-wyss-2\\\/\",\"name\":\"Nuovo Consiglio di amministrazione delle FFS Andr\\u00e9 Wyss - immo!nvest - Die Plattform f\\u00fcr Standorte und Immobilien\",\"description\":\"Il Consiglio federale ha confermato l'elezione di Andr\\u00e9 Wyss nel Consiglio di amministrazione delle FFS. L'esperto CEO di Implenia dovrebbe assumere la presidenza delle FFS da Monika Ribar nel 2026, dopo essere stato eletto nel Consiglio di Amministrazione nel 2025.\",\"inLanguage\":\"it-IT\",\"isPartOf\":{\"@id\":\"https:\\\/\\\/www.immo-invest.ch\\\/it\\\/#website\"},\"breadcrumb\":{\"@id\":\"https:\\\/\\\/www.immo-invest.ch\\\/it\\\/neuer-verwaltungsrat-der-sbb-andre-wyss-2\\\/#breadcrumblist\"},\"author\":{\"@id\":\"https:\\\/\\\/www.immo-invest.ch\\\/it\\\/author\\\/immovestuser\\\/#author\"},\"creator\":{\"@id\":\"https:\\\/\\\/www.immo-invest.ch\\\/it\\\/author\\\/immovestuser\\\/#author\"},\"image\":{\"@type\":\"ImageObject\",\"url\":\"https:\\\/\\\/www.immo-invest.ch\\\/wp-content\\\/uploads\\\/2024\\\/08\\\/csm_CEO_Andre_Wyss_PNG_Web_3203_7ed7f0ed66-1.png\",\"@id\":\"https:\\\/\\\/www.immo-invest.ch\\\/it\\\/neuer-verwaltungsrat-der-sbb-andre-wyss-2\\\/#mainImage\",\"width\":1654,\"height\":930,\"caption\":\"https:\\\/\\\/implenia.com\\\/ueber-uns\\\/organisation\\\/management\\\/\"},\"primaryImageOfPage\":{\"@id\":\"https:\\\/\\\/www.immo-invest.ch\\\/it\\\/neuer-verwaltungsrat-der-sbb-andre-wyss-2\\\/#mainImage\"},\"datePublished\":\"2024-08-27T13:57:43+02:00\",\"dateModified\":\"2024-08-27T16:31:21+02:00\"},{\"@type\":\"WebSite\",\"@id\":\"https:\\\/\\\/www.immo-invest.ch\\\/it\\\/#website\",\"url\":\"https:\\\/\\\/www.immo-invest.ch\\\/it\\\/\",\"name\":\"immo!nvest - Die Plattform f\\u00fcr Standorte und Immobilien\",\"description\":\"Die\\u00a0Plattform f\\u00fcr Standorte und Immobilien\",\"inLanguage\":\"it-IT\",\"publisher\":{\"@id\":\"https:\\\/\\\/www.immo-invest.ch\\\/it\\\/#organization\"}}]}\n\t\t<\/script>\n\t\t<!-- All in One SEO -->\n\n","aioseo_head_json":{"title":"Nuovo Consiglio di amministrazione delle FFS Andr\u00e9 Wyss - immo!nvest - Die Plattform f\u00fcr Standorte und Immobilien","description":"Il Consiglio federale ha confermato l'elezione di Andr\u00e9 Wyss nel Consiglio di amministrazione delle FFS. L'esperto CEO di Implenia dovrebbe assumere la presidenza delle FFS da Monika Ribar nel 2026, dopo essere stato eletto nel Consiglio di Amministrazione nel 2025.","canonical_url":"https:\/\/www.immo-invest.ch\/it\/neuer-verwaltungsrat-der-sbb-andre-wyss-2\/","robots":"max-image-preview:large","keywords":"","webmasterTools":{"google-site-verification":"fHJKvgWpZCR2zVBHWfkQeFXC11qieUSff0HGNYfuyLA","miscellaneous":""},"schema":{"@context":"https:\/\/schema.org","@graph":[{"@type":"BlogPosting","@id":"https:\/\/www.immo-invest.ch\/it\/neuer-verwaltungsrat-der-sbb-andre-wyss-2\/#blogposting","name":"Nuovo Consiglio di amministrazione delle FFS Andr\u00e9 Wyss - immo!nvest - Die Plattform f\u00fcr Standorte und Immobilien","headline":"Nuovo Consiglio di amministrazione delle FFS Andr\u00e9 Wyss","author":{"@id":"https:\/\/www.immo-invest.ch\/it\/author\/immovestuser\/#author"},"publisher":{"@id":"https:\/\/www.immo-invest.ch\/it\/#organization"},"image":{"@type":"ImageObject","url":"https:\/\/www.immo-invest.ch\/wp-content\/uploads\/2024\/08\/csm_CEO_Andre_Wyss_PNG_Web_3203_7ed7f0ed66-1.png","width":1654,"height":930,"caption":"https:\/\/implenia.com\/ueber-uns\/organisation\/management\/"},"datePublished":"2024-08-27T13:57:43+02:00","dateModified":"2024-08-27T16:31:21+02:00","inLanguage":"it-IT","mainEntityOfPage":{"@id":"https:\/\/www.immo-invest.ch\/it\/neuer-verwaltungsrat-der-sbb-andre-wyss-2\/#webpage"},"isPartOf":{"@id":"https:\/\/www.immo-invest.ch\/it\/neuer-verwaltungsrat-der-sbb-andre-wyss-2\/#webpage"},"articleSection":"Mobilit\u00e0, Persone, Societ\u00e0, Bahnunternehmen, F\u00fchrungswechsel, Immoinvest, immoNews, News, Schweiz, Verwaltungsrat, wirtschaft, Optional"},{"@type":"BreadcrumbList","@id":"https:\/\/www.immo-invest.ch\/it\/neuer-verwaltungsrat-der-sbb-andre-wyss-2\/#breadcrumblist","itemListElement":[{"@type":"ListItem","@id":"https:\/\/www.immo-invest.ch\/it\/#listItem","position":1,"name":"Home","item":"https:\/\/www.immo-invest.ch\/it\/","nextItem":{"@type":"ListItem","@id":"https:\/\/www.immo-invest.ch\/it\/categoria\/persone-2\/#listItem","name":"Persone"}},{"@type":"ListItem","@id":"https:\/\/www.immo-invest.ch\/it\/categoria\/persone-2\/#listItem","position":2,"name":"Persone","item":"https:\/\/www.immo-invest.ch\/it\/categoria\/persone-2\/","nextItem":{"@type":"ListItem","@id":"https:\/\/www.immo-invest.ch\/it\/categoria\/persone-2\/persone\/#listItem","name":"Persone"},"previousItem":{"@type":"ListItem","@id":"https:\/\/www.immo-invest.ch\/it\/#listItem","name":"Home"}},{"@type":"ListItem","@id":"https:\/\/www.immo-invest.ch\/it\/categoria\/persone-2\/persone\/#listItem","position":3,"name":"Persone","item":"https:\/\/www.immo-invest.ch\/it\/categoria\/persone-2\/persone\/","nextItem":{"@type":"ListItem","@id":"https:\/\/www.immo-invest.ch\/it\/neuer-verwaltungsrat-der-sbb-andre-wyss-2\/#listItem","name":"Nuovo Consiglio di amministrazione delle FFS Andr\u00e9 Wyss"},"previousItem":{"@type":"ListItem","@id":"https:\/\/www.immo-invest.ch\/it\/categoria\/persone-2\/#listItem","name":"Persone"}},{"@type":"ListItem","@id":"https:\/\/www.immo-invest.ch\/it\/neuer-verwaltungsrat-der-sbb-andre-wyss-2\/#listItem","position":4,"name":"Nuovo Consiglio di amministrazione delle FFS Andr\u00e9 Wyss","previousItem":{"@type":"ListItem","@id":"https:\/\/www.immo-invest.ch\/it\/categoria\/persone-2\/persone\/#listItem","name":"Persone"}}]},{"@type":"Organization","@id":"https:\/\/www.immo-invest.ch\/it\/#organization","name":"immo!nvest - Die Plattform f\u00fcr Standorte und Immobilien","description":"Die\u00a0Plattform f\u00fcr Standorte und Immobilien","url":"https:\/\/www.immo-invest.ch\/it\/","email":"admin@immomedia.ag","telephone":"+41444420002","logo":{"@type":"ImageObject","url":"https:\/\/www.immo-invest.ch\/wp-content\/uploads\/2024\/09\/immoinvest_sm-scaled.jpg","@id":"https:\/\/www.immo-invest.ch\/it\/neuer-verwaltungsrat-der-sbb-andre-wyss-2\/#organizationLogo","width":2560,"height":1340},"image":{"@id":"https:\/\/www.immo-invest.ch\/it\/neuer-verwaltungsrat-der-sbb-andre-wyss-2\/#organizationLogo"},"sameAs":["https:\/\/www.facebook.com\/people\/Immoinvest\/100077962920504\/","https:\/\/x.com\/i\/flow\/login?redirect_after_login=immoinvest_ch","https:\/\/www.instagram.com\/immoinvest_ch\/","https:\/\/www.linkedin.com\/company\/immoinvest-swiss"]},{"@type":"Person","@id":"https:\/\/www.immo-invest.ch\/it\/author\/immovestuser\/#author","url":"https:\/\/www.immo-invest.ch\/it\/author\/immovestuser\/","name":"immovestuser","image":{"@type":"ImageObject","@id":"https:\/\/www.immo-invest.ch\/it\/neuer-verwaltungsrat-der-sbb-andre-wyss-2\/#authorImage","url":"https:\/\/secure.gravatar.com\/avatar\/8e01f4d99f2eeea7a362ebb93305e1172a70e9293ba250f897a65c39f54cdd1e?s=96&d=mm&r=g","width":96,"height":96,"caption":"immovestuser"}},{"@type":"WebPage","@id":"https:\/\/www.immo-invest.ch\/it\/neuer-verwaltungsrat-der-sbb-andre-wyss-2\/#webpage","url":"https:\/\/www.immo-invest.ch\/it\/neuer-verwaltungsrat-der-sbb-andre-wyss-2\/","name":"Nuovo Consiglio di amministrazione delle FFS Andr\u00e9 Wyss - immo!nvest - Die Plattform f\u00fcr Standorte und Immobilien","description":"Il Consiglio federale ha confermato l'elezione di Andr\u00e9 Wyss nel Consiglio di amministrazione delle FFS. L'esperto CEO di Implenia dovrebbe assumere la presidenza delle FFS da Monika Ribar nel 2026, dopo essere stato eletto nel Consiglio di Amministrazione nel 2025.","inLanguage":"it-IT","isPartOf":{"@id":"https:\/\/www.immo-invest.ch\/it\/#website"},"breadcrumb":{"@id":"https:\/\/www.immo-invest.ch\/it\/neuer-verwaltungsrat-der-sbb-andre-wyss-2\/#breadcrumblist"},"author":{"@id":"https:\/\/www.immo-invest.ch\/it\/author\/immovestuser\/#author"},"creator":{"@id":"https:\/\/www.immo-invest.ch\/it\/author\/immovestuser\/#author"},"image":{"@type":"ImageObject","url":"https:\/\/www.immo-invest.ch\/wp-content\/uploads\/2024\/08\/csm_CEO_Andre_Wyss_PNG_Web_3203_7ed7f0ed66-1.png","@id":"https:\/\/www.immo-invest.ch\/it\/neuer-verwaltungsrat-der-sbb-andre-wyss-2\/#mainImage","width":1654,"height":930,"caption":"https:\/\/implenia.com\/ueber-uns\/organisation\/management\/"},"primaryImageOfPage":{"@id":"https:\/\/www.immo-invest.ch\/it\/neuer-verwaltungsrat-der-sbb-andre-wyss-2\/#mainImage"},"datePublished":"2024-08-27T13:57:43+02:00","dateModified":"2024-08-27T16:31:21+02:00"},{"@type":"WebSite","@id":"https:\/\/www.immo-invest.ch\/it\/#website","url":"https:\/\/www.immo-invest.ch\/it\/","name":"immo!nvest - Die Plattform f\u00fcr Standorte und Immobilien","description":"Die\u00a0Plattform f\u00fcr Standorte und Immobilien","inLanguage":"it-IT","publisher":{"@id":"https:\/\/www.immo-invest.ch\/it\/#organization"}}]},"og:locale":"it_IT","og:site_name":"immo!nvest - Die Plattform f\u00fcr Standorte und Immobilien - Die\u00a0Plattform f\u00fcr Standorte und Immobilien","og:type":"article","og:title":"Nuovo Consiglio di amministrazione delle FFS Andr\u00e9 Wyss - immo!nvest - Die Plattform f\u00fcr Standorte und Immobilien","og:description":"Il Consiglio federale ha confermato l'elezione di Andr\u00e9 Wyss nel Consiglio di amministrazione delle FFS. L'esperto CEO di Implenia dovrebbe assumere la presidenza delle FFS da Monika Ribar nel 2026, dopo essere stato eletto nel Consiglio di Amministrazione nel 2025.","og:url":"https:\/\/www.immo-invest.ch\/it\/neuer-verwaltungsrat-der-sbb-andre-wyss-2\/","og:image":"https:\/\/www.immo-invest.ch\/wp-content\/uploads\/2024\/08\/csm_CEO_Andre_Wyss_PNG_Web_3203_7ed7f0ed66-1.png","og:image:secure_url":"https:\/\/www.immo-invest.ch\/wp-content\/uploads\/2024\/08\/csm_CEO_Andre_Wyss_PNG_Web_3203_7ed7f0ed66-1.png","og:image:width":1654,"og:image:height":930,"article:published_time":"2024-08-27T11:57:43+00:00","article:modified_time":"2024-08-27T14:31:21+00:00","article:publisher":"https:\/\/www.facebook.com\/people\/Immoinvest\/100077962920504\/","twitter:card":"summary_large_image","twitter:site":"@i","twitter:title":"Nuovo Consiglio di amministrazione delle FFS Andr\u00e9 Wyss - immo!nvest - Die Plattform f\u00fcr Standorte und Immobilien","twitter:description":"Il Consiglio federale ha confermato l'elezione di Andr\u00e9 Wyss nel Consiglio di amministrazione delle FFS. L'esperto CEO di Implenia dovrebbe assumere la presidenza delle FFS da Monika Ribar nel 2026, dopo essere stato eletto nel Consiglio di Amministrazione nel 2025.","twitter:creator":"@i","twitter:image":"https:\/\/www.immo-invest.ch\/wp-content\/uploads\/2024\/08\/csm_CEO_Andre_Wyss_PNG_Web_3203_7ed7f0ed66-1.png"},"aioseo_meta_data":{"post_id":"112624","title":null,"description":null,"keywords":null,"keyphrases":null,"primary_term":null,"canonical_url":null,"og_title":null,"og_description":null,"og_object_type":"default","og_image_type":"default","og_image_url":null,"og_image_width":null,"og_image_height":null,"og_image_custom_url":null,"og_image_custom_fields":null,"og_video":null,"og_custom_url":null,"og_article_section":null,"og_article_tags":null,"twitter_use_og":false,"twitter_card":"default","twitter_image_type":"default","twitter_image_url":null,"twitter_image_custom_url":null,"twitter_image_custom_fields":null,"twitter_title":null,"twitter_description":null,"schema":{"blockGraphs":[],"customGraphs":[],"default":{"data":{"Article":[],"Course":[],"Dataset":[],"FAQPage":[],"Movie":[],"Person":[],"Product":[],"ProductReview":[],"Car":[],"Recipe":[],"Service":[],"SoftwareApplication":[],"WebPage":[]},"graphName":"","isEnabled":true},"graphs":[]},"schema_type":"default","schema_type_options":null,"pillar_content":false,"robots_default":true,"robots_noindex":false,"robots_noarchive":false,"robots_nosnippet":false,"robots_nofollow":false,"robots_noimageindex":false,"robots_noodp":false,"robots_notranslate":false,"robots_max_snippet":null,"robots_max_videopreview":null,"robots_max_imagepreview":"large","priority":null,"frequency":null,"local_seo":null,"breadcrumb_settings":null,"limit_modified_date":false,"ai":null,"created":"2024-09-21 01:31:59","updated":"2025-10-24 08:19:28","seo_analyzer_scan_date":null,"focus_keyword":null,"additional_keywords":null,"truseo_locale":null},"aioseo_breadcrumb":"<div class=\"aioseo-breadcrumbs\"><span class=\"aioseo-breadcrumb\">\n\t\t\t<a href=\"https:\/\/www.immo-invest.ch\/it\/\" title=\"Home\">Home<\/a>\n\t\t<\/span><span class=\"aioseo-breadcrumb-separator\">&raquo;<\/span><span class=\"aioseo-breadcrumb\">\n\t\t\t<a href=\"https:\/\/www.immo-invest.ch\/it\/categoria\/persone-2\/\" title=\"Persone\">Persone<\/a>\n\t\t<\/span><span class=\"aioseo-breadcrumb-separator\">&raquo;<\/span><span class=\"aioseo-breadcrumb\">\n\t\t\t<a href=\"https:\/\/www.immo-invest.ch\/it\/categoria\/persone-2\/persone\/\" title=\"Persone\">Persone<\/a>\n\t\t<\/span><span class=\"aioseo-breadcrumb-separator\">&raquo;<\/span><span class=\"aioseo-breadcrumb\">\n\t\t\tNuovo Consiglio di amministrazione delle FFS Andr\u00e9 Wyss\n\t\t<\/span><\/div>","aioseo_breadcrumb_json":[{"label":"Home","link":"https:\/\/www.immo-invest.ch\/it\/"},{"label":"Persone","link":"https:\/\/www.immo-invest.ch\/it\/categoria\/persone-2\/"},{"label":"Persone","link":"https:\/\/www.immo-invest.ch\/it\/categoria\/persone-2\/persone\/"},{"label":"Nuovo Consiglio di amministrazione delle FFS Andr\u00e9 Wyss","link":"https:\/\/www.immo-invest.ch\/it\/neuer-verwaltungsrat-der-sbb-andre-wyss-2\/"}],"featured_image_src":"https:\/\/www.immo-invest.ch\/wp-content\/uploads\/2024\/08\/csm_CEO_Andre_Wyss_PNG_Web_3203_7ed7f0ed66-1-336x168.png","_links":{"self":[{"href":"https:\/\/www.immo-invest.ch\/it\/wp-json\/wp\/v2\/posts\/112624","targetHints":{"allow":["GET"]}}],"collection":[{"href":"https:\/\/www.immo-invest.ch\/it\/wp-json\/wp\/v2\/posts"}],"about":[{"href":"https:\/\/www.immo-invest.ch\/it\/wp-json\/wp\/v2\/types\/post"}],"author":[{"embeddable":true,"href":"https:\/\/www.immo-invest.ch\/it\/wp-json\/wp\/v2\/users\/2"}],"replies":[{"embeddable":true,"href":"https:\/\/www.immo-invest.ch\/it\/wp-json\/wp\/v2\/comments?post=112624"}],"version-history":[{"count":0,"href":"https:\/\/www.immo-invest.ch\/it\/wp-json\/wp\/v2\/posts\/112624\/revisions"}],"wp:featuredmedia":[{"embeddable":true,"href":"https:\/\/www.immo-invest.ch\/it\/wp-json\/wp\/v2\/media\/112581"}],"wp:attachment":[{"href":"https:\/\/www.immo-invest.ch\/it\/wp-json\/wp\/v2\/media?parent=112624"}],"wp:term":[{"taxonomy":"category","embeddable":true,"href":"https:\/\/www.immo-invest.ch\/it\/wp-json\/wp\/v2\/categories?post=112624"},{"taxonomy":"post_tag","embeddable":true,"href":"https:\/\/www.immo-invest.ch\/it\/wp-json\/wp\/v2\/tags?post=112624"}],"curies":[{"name":"wp","href":"https:\/\/api.w.org\/{rel}","templated":true}]}}