{"id":111302,"date":"2024-08-09T15:27:09","date_gmt":"2024-08-09T13:27:09","guid":{"rendered":"https:\/\/www.immo-invest.ch\/?p=111302"},"modified":"2024-08-09T10:31:14","modified_gmt":"2024-08-09T08:31:14","slug":"staedtische-waelder-sind-das-rueckgrat-von-biocities","status":"publish","type":"post","link":"https:\/\/www.immo-invest.ch\/it\/staedtische-waelder-sind-das-rueckgrat-von-biocities\/","title":{"rendered":"Le foreste urbane sono la spina dorsale delle biocitt\u00e0"},"content":{"rendered":"<p class=\"bodytext\">Jerylee Wilkes-Allemann, scienziato senior del Dipartimento di Scienze Forestali presso la <a href=\"https:\/\/www.bfh.ch\/hafl\/de\/\" target=\"_blank\" rel=\"noopener\">Scuola di Scienze Agrarie, Forestali e Alimentari<\/a> dell&rsquo;Universit&agrave; di Scienze Applicate di Berna<a href=\"https:\/\/www.bfh.ch\/de\/\" target=\"_blank\" rel=\"noopener\">(BFH<\/a>), &egrave; favorevole a prestare maggiore attenzione alle foreste urbane nella pianificazione urbana. &ldquo;Queste foreste urbane costituiscono il collegamento tra le regioni rurali e le aree urbane&rdquo;, afferma il ricercatore in un <a href=\"https:\/\/www.bfh.ch\/de\/aktuell\/news\/2024\/biocities-den-wald-in-die-stadt-holen\/\" target=\"_blank\" rel=\"noopener\">articolo<\/a> della BFH.<\/p>\n<p class=\"bodytext\">I loro diversi servizi per l&rsquo;ecosistema le rendono la &ldquo;spina dorsale delle biocitt&agrave;&rdquo;, le citt&agrave; del futuro. In queste citt&agrave;, gli spazi verdi agiscono come elementi centrali di una progettazione olistica. Gli alberi e i gruppi di alberi, i viali, i parchi e le foreste urbane forniscono raffreddamento e quindi contrastano le isole di calore urbane. Forniscono ossigeno e allo stesso tempo filtrano gli inquinanti dall&rsquo;aria. Forniscono anche aree ricreative. Ecco perch&eacute; &egrave; particolarmente importante proteggere e mantenere le foreste vicino alle citt&agrave;, che costituiscono circa il 18% della copertura forestale della Svizzera.<\/p>\n<p class=\"bodytext\">Secondo l&rsquo;esperto, l&rsquo;integrazione degli alberi nella pianificazione urbana richiede la volont&agrave; politica. Ma &ldquo;purtroppo, i benefici e il valore delle foreste urbane non sono ancora riconosciuti da molte citt&agrave;&rdquo;. Gli alberi e i gruppi di alberi sono spesso &ldquo;percepiti come un peso, sembrano essere d&rsquo;intralcio e vengono rimossi&rdquo;.<\/p>\n<p class=\"bodytext\">Vista la grande richiesta di spazio abitativo, hanno anche un momento difficile. Tuttavia, &egrave; convinta che le foreste urbane siano possibili anche nei progetti di nuova costruzione: &ldquo;Nei nuovi edifici, gli alberi esistenti dovrebbero essere integrati nella pianificazione fin dall&rsquo;inizio. Questo &egrave; molto pi&ugrave; sensato che tagliare gli alberi e poi ripiantarli&rdquo;<\/p>\n","protected":false},"excerpt":{"rendered":"<p>Jerylee Wilkes-Allemann dell&#8217;Universit\u00e0 di Scienze Applicate di Berna sostiene la necessit\u00e0 di prestare maggiore attenzione alle foreste urbane nella pianificazione urbana. Queste foreste urbane sono centrali per il futuro paesaggio urbano e contribuiscono al raffreddamento, alla purificazione dell&#8217;aria e alla ricreazione.<\/p>\n","protected":false},"author":2,"featured_media":111297,"comment_status":"open","ping_status":"open","sticky":false,"template":"","format":"standard","meta":{"pmpro_default_level":"","inline_featured_image":false,"_monsterinsights_skip_tracking":false,"footnotes":""},"categories":[9446,22359,745,22700],"tags":[867,3935,1961,2006,12005,48906],"class_list":["post-111302","post","type-post","status-publish","format-standard","has-post-thumbnail","hentry","category-regione-berna","category-costruzione","category-immonews-it","category-sostenibilita","tag-immoinvest-it","tag-immonews-it","tag-nachhaltigkeit-it","tag-news-it","tag-stadtplanung-it","tag-urban-forests-it","pmpro-has-access"],"acf":{"bild_mit_ki_erstellt_worden":[],"lead":"Jerylee Wilkes-Allemann della Scuola universitaria professionale di Berna sostiene la necessit\u00e0 di dare maggiore attenzione alle foreste urbane nella pianificazione delle citt\u00e0. Queste foreste urbane sono fondamentali per il paesaggio urbano futuro, contribuendo al raffreddamento, alla purificazione dell'aria e al relax.","autor":"ce\/mm","ort":"Bern","bildunterschrift":"","bild_im_grid":false,"gallerie":"","newsim":""},"aioseo_notices":[],"aioseo_head":"\n\t\t<!-- All in One SEO 5.0.0.1 - aioseo.com -->\n\t<meta name=\"description\" content=\"Jerylee Wilkes-Allemann dell&#039;Universit\u00e0 di Scienze Applicate di Berna sostiene la necessit\u00e0 di prestare maggiore attenzione alle foreste urbane nella pianificazione urbana. Queste foreste urbane sono centrali per il futuro paesaggio urbano e contribuiscono al raffreddamento, alla purificazione dell&#039;aria e alla ricreazione.\" \/>\n\t<meta name=\"robots\" content=\"max-image-preview:large\" \/>\n\t<meta name=\"author\" content=\"immovestuser\"\/>\n\t<meta name=\"google-site-verification\" content=\"fHJKvgWpZCR2zVBHWfkQeFXC11qieUSff0HGNYfuyLA\" \/>\n\t<link rel=\"canonical\" href=\"https:\/\/www.immo-invest.ch\/it\/staedtische-waelder-sind-das-rueckgrat-von-biocities\/\" \/>\n\t<meta name=\"generator\" content=\"All in One SEO (AIOSEO) 5.0.0.1\" \/>\n\t\t<meta property=\"og:locale\" content=\"it_IT\" \/>\n\t\t<meta property=\"og:site_name\" content=\"immo!nvest - Die Plattform f\u00fcr Standorte und Immobilien - Die\u00a0Plattform f\u00fcr Standorte und Immobilien\" \/>\n\t\t<meta property=\"og:type\" content=\"article\" \/>\n\t\t<meta property=\"og:title\" content=\"Le foreste urbane sono la spina dorsale delle biocitt\u00e0 - immo!nvest - Die Plattform f\u00fcr Standorte und Immobilien\" \/>\n\t\t<meta property=\"og:description\" content=\"Jerylee Wilkes-Allemann dell&#039;Universit\u00e0 di Scienze Applicate di Berna sostiene la necessit\u00e0 di prestare maggiore attenzione alle foreste urbane nella pianificazione urbana. Queste foreste urbane sono centrali per il futuro paesaggio urbano e contribuiscono al raffreddamento, alla purificazione dell&#039;aria e alla ricreazione.\" \/>\n\t\t<meta property=\"og:url\" content=\"https:\/\/www.immo-invest.ch\/it\/staedtische-waelder-sind-das-rueckgrat-von-biocities\/\" \/>\n\t\t<meta property=\"og:image\" content=\"https:\/\/www.immo-invest.ch\/wp-content\/uploads\/2024\/08\/Unbenannt-11.png\" \/>\n\t\t<meta property=\"og:image:secure_url\" content=\"https:\/\/www.immo-invest.ch\/wp-content\/uploads\/2024\/08\/Unbenannt-11.png\" \/>\n\t\t<meta property=\"og:image:width\" content=\"1792\" \/>\n\t\t<meta property=\"og:image:height\" content=\"1024\" \/>\n\t\t<meta property=\"article:published_time\" content=\"2024-08-09T13:27:09+00:00\" \/>\n\t\t<meta property=\"article:modified_time\" content=\"2024-08-09T08:31:14+00:00\" \/>\n\t\t<meta property=\"article:publisher\" content=\"https:\/\/www.facebook.com\/people\/Immoinvest\/100077962920504\/\" \/>\n\t\t<meta name=\"twitter:card\" content=\"summary_large_image\" \/>\n\t\t<meta name=\"twitter:site\" content=\"@i\" \/>\n\t\t<meta name=\"twitter:title\" content=\"Le foreste urbane sono la spina dorsale delle biocitt\u00e0 - immo!nvest - Die Plattform f\u00fcr Standorte und Immobilien\" \/>\n\t\t<meta name=\"twitter:description\" content=\"Jerylee Wilkes-Allemann dell&#039;Universit\u00e0 di Scienze Applicate di Berna sostiene la necessit\u00e0 di prestare maggiore attenzione alle foreste urbane nella pianificazione urbana. Queste foreste urbane sono centrali per il futuro paesaggio urbano e contribuiscono al raffreddamento, alla purificazione dell&#039;aria e alla ricreazione.\" \/>\n\t\t<meta name=\"twitter:creator\" content=\"@i\" \/>\n\t\t<meta name=\"twitter:image\" content=\"https:\/\/www.immo-invest.ch\/wp-content\/uploads\/2024\/08\/Unbenannt-11.png\" \/>\n\t\t<script type=\"application\/ld+json\" class=\"aioseo-schema\">\n\t\t\t{\"@context\":\"https:\\\/\\\/schema.org\",\"@graph\":[{\"@type\":\"BlogPosting\",\"@id\":\"https:\\\/\\\/www.immo-invest.ch\\\/it\\\/staedtische-waelder-sind-das-rueckgrat-von-biocities\\\/#blogposting\",\"name\":\"Le foreste urbane sono la spina dorsale delle biocitt\\u00e0 - immo!nvest - Die Plattform f\\u00fcr Standorte und Immobilien\",\"headline\":\"Le foreste urbane sono la spina dorsale delle biocitt\\u00e0\",\"author\":{\"@id\":\"https:\\\/\\\/www.immo-invest.ch\\\/it\\\/author\\\/immovestuser\\\/#author\"},\"publisher\":{\"@id\":\"https:\\\/\\\/www.immo-invest.ch\\\/it\\\/#organization\"},\"image\":{\"@type\":\"ImageObject\",\"url\":\"https:\\\/\\\/www.immo-invest.ch\\\/wp-content\\\/uploads\\\/2024\\\/08\\\/Unbenannt-11.png\",\"width\":1792,\"height\":1024},\"datePublished\":\"2024-08-09T15:27:09+02:00\",\"dateModified\":\"2024-08-09T10:31:14+02:00\",\"inLanguage\":\"it-IT\",\"mainEntityOfPage\":{\"@id\":\"https:\\\/\\\/www.immo-invest.ch\\\/it\\\/staedtische-waelder-sind-das-rueckgrat-von-biocities\\\/#webpage\"},\"isPartOf\":{\"@id\":\"https:\\\/\\\/www.immo-invest.ch\\\/it\\\/staedtische-waelder-sind-das-rueckgrat-von-biocities\\\/#webpage\"},\"articleSection\":\"Berna, Costruzione, immoNews, Sostenibilit\\u00e0, Immoinvest, immoNews, Nachhaltigkeit, News, Stadtplanung, Urban Forests, Optional\"},{\"@type\":\"BreadcrumbList\",\"@id\":\"https:\\\/\\\/www.immo-invest.ch\\\/it\\\/staedtische-waelder-sind-das-rueckgrat-von-biocities\\\/#breadcrumblist\",\"itemListElement\":[{\"@type\":\"ListItem\",\"@id\":\"https:\\\/\\\/www.immo-invest.ch\\\/it\\\/#listItem\",\"position\":1,\"name\":\"Home\",\"item\":\"https:\\\/\\\/www.immo-invest.ch\\\/it\\\/\",\"nextItem\":{\"@type\":\"ListItem\",\"@id\":\"https:\\\/\\\/www.immo-invest.ch\\\/it\\\/categoria\\\/regioni\\\/#listItem\",\"name\":\"Regioni\"}},{\"@type\":\"ListItem\",\"@id\":\"https:\\\/\\\/www.immo-invest.ch\\\/it\\\/categoria\\\/regioni\\\/#listItem\",\"position\":2,\"name\":\"Regioni\",\"item\":\"https:\\\/\\\/www.immo-invest.ch\\\/it\\\/categoria\\\/regioni\\\/\",\"nextItem\":{\"@type\":\"ListItem\",\"@id\":\"https:\\\/\\\/www.immo-invest.ch\\\/it\\\/categoria\\\/regioni\\\/svizzera\\\/#listItem\",\"name\":\"Svizzera\"},\"previousItem\":{\"@type\":\"ListItem\",\"@id\":\"https:\\\/\\\/www.immo-invest.ch\\\/it\\\/#listItem\",\"name\":\"Home\"}},{\"@type\":\"ListItem\",\"@id\":\"https:\\\/\\\/www.immo-invest.ch\\\/it\\\/categoria\\\/regioni\\\/svizzera\\\/#listItem\",\"position\":3,\"name\":\"Svizzera\",\"item\":\"https:\\\/\\\/www.immo-invest.ch\\\/it\\\/categoria\\\/regioni\\\/svizzera\\\/\",\"nextItem\":{\"@type\":\"ListItem\",\"@id\":\"https:\\\/\\\/www.immo-invest.ch\\\/it\\\/categoria\\\/regioni\\\/svizzera\\\/espace-mittelland\\\/#listItem\",\"name\":\"Espace Mittelland\"},\"previousItem\":{\"@type\":\"ListItem\",\"@id\":\"https:\\\/\\\/www.immo-invest.ch\\\/it\\\/categoria\\\/regioni\\\/#listItem\",\"name\":\"Regioni\"}},{\"@type\":\"ListItem\",\"@id\":\"https:\\\/\\\/www.immo-invest.ch\\\/it\\\/categoria\\\/regioni\\\/svizzera\\\/espace-mittelland\\\/#listItem\",\"position\":4,\"name\":\"Espace Mittelland\",\"item\":\"https:\\\/\\\/www.immo-invest.ch\\\/it\\\/categoria\\\/regioni\\\/svizzera\\\/espace-mittelland\\\/\",\"nextItem\":{\"@type\":\"ListItem\",\"@id\":\"https:\\\/\\\/www.immo-invest.ch\\\/it\\\/categoria\\\/regioni\\\/svizzera\\\/espace-mittelland\\\/regione-berna\\\/#listItem\",\"name\":\"Berna\"},\"previousItem\":{\"@type\":\"ListItem\",\"@id\":\"https:\\\/\\\/www.immo-invest.ch\\\/it\\\/categoria\\\/regioni\\\/svizzera\\\/#listItem\",\"name\":\"Svizzera\"}},{\"@type\":\"ListItem\",\"@id\":\"https:\\\/\\\/www.immo-invest.ch\\\/it\\\/categoria\\\/regioni\\\/svizzera\\\/espace-mittelland\\\/regione-berna\\\/#listItem\",\"position\":5,\"name\":\"Berna\",\"item\":\"https:\\\/\\\/www.immo-invest.ch\\\/it\\\/categoria\\\/regioni\\\/svizzera\\\/espace-mittelland\\\/regione-berna\\\/\",\"nextItem\":{\"@type\":\"ListItem\",\"@id\":\"https:\\\/\\\/www.immo-invest.ch\\\/it\\\/staedtische-waelder-sind-das-rueckgrat-von-biocities\\\/#listItem\",\"name\":\"Le foreste urbane sono la spina dorsale delle biocitt\\u00e0\"},\"previousItem\":{\"@type\":\"ListItem\",\"@id\":\"https:\\\/\\\/www.immo-invest.ch\\\/it\\\/categoria\\\/regioni\\\/svizzera\\\/espace-mittelland\\\/#listItem\",\"name\":\"Espace Mittelland\"}},{\"@type\":\"ListItem\",\"@id\":\"https:\\\/\\\/www.immo-invest.ch\\\/it\\\/staedtische-waelder-sind-das-rueckgrat-von-biocities\\\/#listItem\",\"position\":6,\"name\":\"Le foreste urbane sono la spina dorsale delle biocitt\\u00e0\",\"previousItem\":{\"@type\":\"ListItem\",\"@id\":\"https:\\\/\\\/www.immo-invest.ch\\\/it\\\/categoria\\\/regioni\\\/svizzera\\\/espace-mittelland\\\/regione-berna\\\/#listItem\",\"name\":\"Berna\"}}]},{\"@type\":\"Organization\",\"@id\":\"https:\\\/\\\/www.immo-invest.ch\\\/it\\\/#organization\",\"name\":\"immo!nvest - Die Plattform f\\u00fcr Standorte und Immobilien\",\"description\":\"Die\\u00a0Plattform f\\u00fcr Standorte und Immobilien\",\"url\":\"https:\\\/\\\/www.immo-invest.ch\\\/it\\\/\",\"email\":\"admin@immomedia.ag\",\"telephone\":\"+41444420002\",\"logo\":{\"@type\":\"ImageObject\",\"url\":\"https:\\\/\\\/www.immo-invest.ch\\\/wp-content\\\/uploads\\\/2024\\\/09\\\/immoinvest_sm-scaled.jpg\",\"@id\":\"https:\\\/\\\/www.immo-invest.ch\\\/it\\\/staedtische-waelder-sind-das-rueckgrat-von-biocities\\\/#organizationLogo\",\"width\":2560,\"height\":1340},\"image\":{\"@id\":\"https:\\\/\\\/www.immo-invest.ch\\\/it\\\/staedtische-waelder-sind-das-rueckgrat-von-biocities\\\/#organizationLogo\"},\"sameAs\":[\"https:\\\/\\\/www.facebook.com\\\/people\\\/Immoinvest\\\/100077962920504\\\/\",\"https:\\\/\\\/x.com\\\/i\\\/flow\\\/login?redirect_after_login=immoinvest_ch\",\"https:\\\/\\\/www.instagram.com\\\/immoinvest_ch\\\/\",\"https:\\\/\\\/www.linkedin.com\\\/company\\\/immoinvest-swiss\"]},{\"@type\":\"Person\",\"@id\":\"https:\\\/\\\/www.immo-invest.ch\\\/it\\\/author\\\/immovestuser\\\/#author\",\"url\":\"https:\\\/\\\/www.immo-invest.ch\\\/it\\\/author\\\/immovestuser\\\/\",\"name\":\"immovestuser\",\"image\":{\"@type\":\"ImageObject\",\"@id\":\"https:\\\/\\\/www.immo-invest.ch\\\/it\\\/staedtische-waelder-sind-das-rueckgrat-von-biocities\\\/#authorImage\",\"url\":\"https:\\\/\\\/secure.gravatar.com\\\/avatar\\\/8e01f4d99f2eeea7a362ebb93305e1172a70e9293ba250f897a65c39f54cdd1e?s=96&d=mm&r=g\",\"width\":96,\"height\":96,\"caption\":\"immovestuser\"}},{\"@type\":\"WebPage\",\"@id\":\"https:\\\/\\\/www.immo-invest.ch\\\/it\\\/staedtische-waelder-sind-das-rueckgrat-von-biocities\\\/#webpage\",\"url\":\"https:\\\/\\\/www.immo-invest.ch\\\/it\\\/staedtische-waelder-sind-das-rueckgrat-von-biocities\\\/\",\"name\":\"Le foreste urbane sono la spina dorsale delle biocitt\\u00e0 - immo!nvest - Die Plattform f\\u00fcr Standorte und Immobilien\",\"description\":\"Jerylee Wilkes-Allemann dell'Universit\\u00e0 di Scienze Applicate di Berna sostiene la necessit\\u00e0 di prestare maggiore attenzione alle foreste urbane nella pianificazione urbana. Queste foreste urbane sono centrali per il futuro paesaggio urbano e contribuiscono al raffreddamento, alla purificazione dell'aria e alla ricreazione.\",\"inLanguage\":\"it-IT\",\"isPartOf\":{\"@id\":\"https:\\\/\\\/www.immo-invest.ch\\\/it\\\/#website\"},\"breadcrumb\":{\"@id\":\"https:\\\/\\\/www.immo-invest.ch\\\/it\\\/staedtische-waelder-sind-das-rueckgrat-von-biocities\\\/#breadcrumblist\"},\"author\":{\"@id\":\"https:\\\/\\\/www.immo-invest.ch\\\/it\\\/author\\\/immovestuser\\\/#author\"},\"creator\":{\"@id\":\"https:\\\/\\\/www.immo-invest.ch\\\/it\\\/author\\\/immovestuser\\\/#author\"},\"image\":{\"@type\":\"ImageObject\",\"url\":\"https:\\\/\\\/www.immo-invest.ch\\\/wp-content\\\/uploads\\\/2024\\\/08\\\/Unbenannt-11.png\",\"@id\":\"https:\\\/\\\/www.immo-invest.ch\\\/it\\\/staedtische-waelder-sind-das-rueckgrat-von-biocities\\\/#mainImage\",\"width\":1792,\"height\":1024},\"primaryImageOfPage\":{\"@id\":\"https:\\\/\\\/www.immo-invest.ch\\\/it\\\/staedtische-waelder-sind-das-rueckgrat-von-biocities\\\/#mainImage\"},\"datePublished\":\"2024-08-09T15:27:09+02:00\",\"dateModified\":\"2024-08-09T10:31:14+02:00\"},{\"@type\":\"WebSite\",\"@id\":\"https:\\\/\\\/www.immo-invest.ch\\\/it\\\/#website\",\"url\":\"https:\\\/\\\/www.immo-invest.ch\\\/it\\\/\",\"name\":\"immo!nvest - Die Plattform f\\u00fcr Standorte und Immobilien\",\"description\":\"Die\\u00a0Plattform f\\u00fcr Standorte und Immobilien\",\"inLanguage\":\"it-IT\",\"publisher\":{\"@id\":\"https:\\\/\\\/www.immo-invest.ch\\\/it\\\/#organization\"}}]}\n\t\t<\/script>\n\t\t<!-- All in One SEO -->\n\n","aioseo_head_json":{"title":"Le foreste urbane sono la spina dorsale delle biocitt\u00e0 - immo!nvest - Die Plattform f\u00fcr Standorte und Immobilien","description":"Jerylee Wilkes-Allemann dell'Universit\u00e0 di Scienze Applicate di Berna sostiene la necessit\u00e0 di prestare maggiore attenzione alle foreste urbane nella pianificazione urbana. Queste foreste urbane sono centrali per il futuro paesaggio urbano e contribuiscono al raffreddamento, alla purificazione dell'aria e alla ricreazione.","canonical_url":"https:\/\/www.immo-invest.ch\/it\/staedtische-waelder-sind-das-rueckgrat-von-biocities\/","robots":"max-image-preview:large","keywords":"","webmasterTools":{"google-site-verification":"fHJKvgWpZCR2zVBHWfkQeFXC11qieUSff0HGNYfuyLA","miscellaneous":""},"schema":{"@context":"https:\/\/schema.org","@graph":[{"@type":"BlogPosting","@id":"https:\/\/www.immo-invest.ch\/it\/staedtische-waelder-sind-das-rueckgrat-von-biocities\/#blogposting","name":"Le foreste urbane sono la spina dorsale delle biocitt\u00e0 - immo!nvest - Die Plattform f\u00fcr Standorte und Immobilien","headline":"Le foreste urbane sono la spina dorsale delle biocitt\u00e0","author":{"@id":"https:\/\/www.immo-invest.ch\/it\/author\/immovestuser\/#author"},"publisher":{"@id":"https:\/\/www.immo-invest.ch\/it\/#organization"},"image":{"@type":"ImageObject","url":"https:\/\/www.immo-invest.ch\/wp-content\/uploads\/2024\/08\/Unbenannt-11.png","width":1792,"height":1024},"datePublished":"2024-08-09T15:27:09+02:00","dateModified":"2024-08-09T10:31:14+02:00","inLanguage":"it-IT","mainEntityOfPage":{"@id":"https:\/\/www.immo-invest.ch\/it\/staedtische-waelder-sind-das-rueckgrat-von-biocities\/#webpage"},"isPartOf":{"@id":"https:\/\/www.immo-invest.ch\/it\/staedtische-waelder-sind-das-rueckgrat-von-biocities\/#webpage"},"articleSection":"Berna, Costruzione, immoNews, Sostenibilit\u00e0, Immoinvest, immoNews, Nachhaltigkeit, News, Stadtplanung, Urban Forests, Optional"},{"@type":"BreadcrumbList","@id":"https:\/\/www.immo-invest.ch\/it\/staedtische-waelder-sind-das-rueckgrat-von-biocities\/#breadcrumblist","itemListElement":[{"@type":"ListItem","@id":"https:\/\/www.immo-invest.ch\/it\/#listItem","position":1,"name":"Home","item":"https:\/\/www.immo-invest.ch\/it\/","nextItem":{"@type":"ListItem","@id":"https:\/\/www.immo-invest.ch\/it\/categoria\/regioni\/#listItem","name":"Regioni"}},{"@type":"ListItem","@id":"https:\/\/www.immo-invest.ch\/it\/categoria\/regioni\/#listItem","position":2,"name":"Regioni","item":"https:\/\/www.immo-invest.ch\/it\/categoria\/regioni\/","nextItem":{"@type":"ListItem","@id":"https:\/\/www.immo-invest.ch\/it\/categoria\/regioni\/svizzera\/#listItem","name":"Svizzera"},"previousItem":{"@type":"ListItem","@id":"https:\/\/www.immo-invest.ch\/it\/#listItem","name":"Home"}},{"@type":"ListItem","@id":"https:\/\/www.immo-invest.ch\/it\/categoria\/regioni\/svizzera\/#listItem","position":3,"name":"Svizzera","item":"https:\/\/www.immo-invest.ch\/it\/categoria\/regioni\/svizzera\/","nextItem":{"@type":"ListItem","@id":"https:\/\/www.immo-invest.ch\/it\/categoria\/regioni\/svizzera\/espace-mittelland\/#listItem","name":"Espace Mittelland"},"previousItem":{"@type":"ListItem","@id":"https:\/\/www.immo-invest.ch\/it\/categoria\/regioni\/#listItem","name":"Regioni"}},{"@type":"ListItem","@id":"https:\/\/www.immo-invest.ch\/it\/categoria\/regioni\/svizzera\/espace-mittelland\/#listItem","position":4,"name":"Espace Mittelland","item":"https:\/\/www.immo-invest.ch\/it\/categoria\/regioni\/svizzera\/espace-mittelland\/","nextItem":{"@type":"ListItem","@id":"https:\/\/www.immo-invest.ch\/it\/categoria\/regioni\/svizzera\/espace-mittelland\/regione-berna\/#listItem","name":"Berna"},"previousItem":{"@type":"ListItem","@id":"https:\/\/www.immo-invest.ch\/it\/categoria\/regioni\/svizzera\/#listItem","name":"Svizzera"}},{"@type":"ListItem","@id":"https:\/\/www.immo-invest.ch\/it\/categoria\/regioni\/svizzera\/espace-mittelland\/regione-berna\/#listItem","position":5,"name":"Berna","item":"https:\/\/www.immo-invest.ch\/it\/categoria\/regioni\/svizzera\/espace-mittelland\/regione-berna\/","nextItem":{"@type":"ListItem","@id":"https:\/\/www.immo-invest.ch\/it\/staedtische-waelder-sind-das-rueckgrat-von-biocities\/#listItem","name":"Le foreste urbane sono la spina dorsale delle biocitt\u00e0"},"previousItem":{"@type":"ListItem","@id":"https:\/\/www.immo-invest.ch\/it\/categoria\/regioni\/svizzera\/espace-mittelland\/#listItem","name":"Espace Mittelland"}},{"@type":"ListItem","@id":"https:\/\/www.immo-invest.ch\/it\/staedtische-waelder-sind-das-rueckgrat-von-biocities\/#listItem","position":6,"name":"Le foreste urbane sono la spina dorsale delle biocitt\u00e0","previousItem":{"@type":"ListItem","@id":"https:\/\/www.immo-invest.ch\/it\/categoria\/regioni\/svizzera\/espace-mittelland\/regione-berna\/#listItem","name":"Berna"}}]},{"@type":"Organization","@id":"https:\/\/www.immo-invest.ch\/it\/#organization","name":"immo!nvest - Die Plattform f\u00fcr Standorte und Immobilien","description":"Die\u00a0Plattform f\u00fcr Standorte und Immobilien","url":"https:\/\/www.immo-invest.ch\/it\/","email":"admin@immomedia.ag","telephone":"+41444420002","logo":{"@type":"ImageObject","url":"https:\/\/www.immo-invest.ch\/wp-content\/uploads\/2024\/09\/immoinvest_sm-scaled.jpg","@id":"https:\/\/www.immo-invest.ch\/it\/staedtische-waelder-sind-das-rueckgrat-von-biocities\/#organizationLogo","width":2560,"height":1340},"image":{"@id":"https:\/\/www.immo-invest.ch\/it\/staedtische-waelder-sind-das-rueckgrat-von-biocities\/#organizationLogo"},"sameAs":["https:\/\/www.facebook.com\/people\/Immoinvest\/100077962920504\/","https:\/\/x.com\/i\/flow\/login?redirect_after_login=immoinvest_ch","https:\/\/www.instagram.com\/immoinvest_ch\/","https:\/\/www.linkedin.com\/company\/immoinvest-swiss"]},{"@type":"Person","@id":"https:\/\/www.immo-invest.ch\/it\/author\/immovestuser\/#author","url":"https:\/\/www.immo-invest.ch\/it\/author\/immovestuser\/","name":"immovestuser","image":{"@type":"ImageObject","@id":"https:\/\/www.immo-invest.ch\/it\/staedtische-waelder-sind-das-rueckgrat-von-biocities\/#authorImage","url":"https:\/\/secure.gravatar.com\/avatar\/8e01f4d99f2eeea7a362ebb93305e1172a70e9293ba250f897a65c39f54cdd1e?s=96&d=mm&r=g","width":96,"height":96,"caption":"immovestuser"}},{"@type":"WebPage","@id":"https:\/\/www.immo-invest.ch\/it\/staedtische-waelder-sind-das-rueckgrat-von-biocities\/#webpage","url":"https:\/\/www.immo-invest.ch\/it\/staedtische-waelder-sind-das-rueckgrat-von-biocities\/","name":"Le foreste urbane sono la spina dorsale delle biocitt\u00e0 - immo!nvest - Die Plattform f\u00fcr Standorte und Immobilien","description":"Jerylee Wilkes-Allemann dell'Universit\u00e0 di Scienze Applicate di Berna sostiene la necessit\u00e0 di prestare maggiore attenzione alle foreste urbane nella pianificazione urbana. Queste foreste urbane sono centrali per il futuro paesaggio urbano e contribuiscono al raffreddamento, alla purificazione dell'aria e alla ricreazione.","inLanguage":"it-IT","isPartOf":{"@id":"https:\/\/www.immo-invest.ch\/it\/#website"},"breadcrumb":{"@id":"https:\/\/www.immo-invest.ch\/it\/staedtische-waelder-sind-das-rueckgrat-von-biocities\/#breadcrumblist"},"author":{"@id":"https:\/\/www.immo-invest.ch\/it\/author\/immovestuser\/#author"},"creator":{"@id":"https:\/\/www.immo-invest.ch\/it\/author\/immovestuser\/#author"},"image":{"@type":"ImageObject","url":"https:\/\/www.immo-invest.ch\/wp-content\/uploads\/2024\/08\/Unbenannt-11.png","@id":"https:\/\/www.immo-invest.ch\/it\/staedtische-waelder-sind-das-rueckgrat-von-biocities\/#mainImage","width":1792,"height":1024},"primaryImageOfPage":{"@id":"https:\/\/www.immo-invest.ch\/it\/staedtische-waelder-sind-das-rueckgrat-von-biocities\/#mainImage"},"datePublished":"2024-08-09T15:27:09+02:00","dateModified":"2024-08-09T10:31:14+02:00"},{"@type":"WebSite","@id":"https:\/\/www.immo-invest.ch\/it\/#website","url":"https:\/\/www.immo-invest.ch\/it\/","name":"immo!nvest - Die Plattform f\u00fcr Standorte und Immobilien","description":"Die\u00a0Plattform f\u00fcr Standorte und Immobilien","inLanguage":"it-IT","publisher":{"@id":"https:\/\/www.immo-invest.ch\/it\/#organization"}}]},"og:locale":"it_IT","og:site_name":"immo!nvest - Die Plattform f\u00fcr Standorte und Immobilien - Die\u00a0Plattform f\u00fcr Standorte und Immobilien","og:type":"article","og:title":"Le foreste urbane sono la spina dorsale delle biocitt\u00e0 - immo!nvest - Die Plattform f\u00fcr Standorte und Immobilien","og:description":"Jerylee Wilkes-Allemann dell'Universit\u00e0 di Scienze Applicate di Berna sostiene la necessit\u00e0 di prestare maggiore attenzione alle foreste urbane nella pianificazione urbana. Queste foreste urbane sono centrali per il futuro paesaggio urbano e contribuiscono al raffreddamento, alla purificazione dell'aria e alla ricreazione.","og:url":"https:\/\/www.immo-invest.ch\/it\/staedtische-waelder-sind-das-rueckgrat-von-biocities\/","og:image":"https:\/\/www.immo-invest.ch\/wp-content\/uploads\/2024\/08\/Unbenannt-11.png","og:image:secure_url":"https:\/\/www.immo-invest.ch\/wp-content\/uploads\/2024\/08\/Unbenannt-11.png","og:image:width":1792,"og:image:height":1024,"article:published_time":"2024-08-09T13:27:09+00:00","article:modified_time":"2024-08-09T08:31:14+00:00","article:publisher":"https:\/\/www.facebook.com\/people\/Immoinvest\/100077962920504\/","twitter:card":"summary_large_image","twitter:site":"@i","twitter:title":"Le foreste urbane sono la spina dorsale delle biocitt\u00e0 - immo!nvest - Die Plattform f\u00fcr Standorte und Immobilien","twitter:description":"Jerylee Wilkes-Allemann dell'Universit\u00e0 di Scienze Applicate di Berna sostiene la necessit\u00e0 di prestare maggiore attenzione alle foreste urbane nella pianificazione urbana. Queste foreste urbane sono centrali per il futuro paesaggio urbano e contribuiscono al raffreddamento, alla purificazione dell'aria e alla ricreazione.","twitter:creator":"@i","twitter:image":"https:\/\/www.immo-invest.ch\/wp-content\/uploads\/2024\/08\/Unbenannt-11.png"},"aioseo_meta_data":{"post_id":"111302","title":null,"description":null,"keywords":null,"keyphrases":null,"primary_term":null,"canonical_url":null,"og_title":null,"og_description":null,"og_object_type":"default","og_image_type":"default","og_image_url":null,"og_image_width":null,"og_image_height":null,"og_image_custom_url":null,"og_image_custom_fields":null,"og_video":null,"og_custom_url":null,"og_article_section":null,"og_article_tags":null,"twitter_use_og":false,"twitter_card":"default","twitter_image_type":"default","twitter_image_url":null,"twitter_image_custom_url":null,"twitter_image_custom_fields":null,"twitter_title":null,"twitter_description":null,"schema":{"blockGraphs":[],"customGraphs":[],"default":{"data":{"Article":[],"Course":[],"Dataset":[],"FAQPage":[],"Movie":[],"Person":[],"Product":[],"ProductReview":[],"Car":[],"Recipe":[],"Service":[],"SoftwareApplication":[],"WebPage":[]},"graphName":"","isEnabled":true},"graphs":[]},"schema_type":"default","schema_type_options":null,"pillar_content":false,"robots_default":true,"robots_noindex":false,"robots_noarchive":false,"robots_nosnippet":false,"robots_nofollow":false,"robots_noimageindex":false,"robots_noodp":false,"robots_notranslate":false,"robots_max_snippet":null,"robots_max_videopreview":null,"robots_max_imagepreview":"large","priority":null,"frequency":null,"local_seo":null,"breadcrumb_settings":null,"limit_modified_date":false,"ai":null,"created":"2024-09-21 00:42:07","updated":"2025-10-24 07:06:15","seo_analyzer_scan_date":null,"focus_keyword":null,"additional_keywords":null,"truseo_locale":null},"aioseo_breadcrumb":"<div class=\"aioseo-breadcrumbs\"><span class=\"aioseo-breadcrumb\">\n\t\t\t<a href=\"https:\/\/www.immo-invest.ch\/it\/\" title=\"Home\">Home<\/a>\n\t\t<\/span><span class=\"aioseo-breadcrumb-separator\">&raquo;<\/span><span class=\"aioseo-breadcrumb\">\n\t\t\t<a href=\"https:\/\/www.immo-invest.ch\/it\/categoria\/regioni\/\" title=\"Regioni\">Regioni<\/a>\n\t\t<\/span><span class=\"aioseo-breadcrumb-separator\">&raquo;<\/span><span class=\"aioseo-breadcrumb\">\n\t\t\t<a href=\"https:\/\/www.immo-invest.ch\/it\/categoria\/regioni\/svizzera\/\" title=\"Svizzera\">Svizzera<\/a>\n\t\t<\/span><span class=\"aioseo-breadcrumb-separator\">&raquo;<\/span><span class=\"aioseo-breadcrumb\">\n\t\t\t<a href=\"https:\/\/www.immo-invest.ch\/it\/categoria\/regioni\/svizzera\/espace-mittelland\/\" title=\"Espace Mittelland\">Espace Mittelland<\/a>\n\t\t<\/span><span class=\"aioseo-breadcrumb-separator\">&raquo;<\/span><span class=\"aioseo-breadcrumb\">\n\t\t\t<a href=\"https:\/\/www.immo-invest.ch\/it\/categoria\/regioni\/svizzera\/espace-mittelland\/regione-berna\/\" title=\"Berna\">Berna<\/a>\n\t\t<\/span><span class=\"aioseo-breadcrumb-separator\">&raquo;<\/span><span class=\"aioseo-breadcrumb\">\n\t\t\tLe foreste urbane sono la spina dorsale delle biocitt\u00e0\n\t\t<\/span><\/div>","aioseo_breadcrumb_json":[{"label":"Home","link":"https:\/\/www.immo-invest.ch\/it\/"},{"label":"Regioni","link":"https:\/\/www.immo-invest.ch\/it\/categoria\/regioni\/"},{"label":"Svizzera","link":"https:\/\/www.immo-invest.ch\/it\/categoria\/regioni\/svizzera\/"},{"label":"Espace Mittelland","link":"https:\/\/www.immo-invest.ch\/it\/categoria\/regioni\/svizzera\/espace-mittelland\/"},{"label":"Berna","link":"https:\/\/www.immo-invest.ch\/it\/categoria\/regioni\/svizzera\/espace-mittelland\/regione-berna\/"},{"label":"Le foreste urbane sono la spina dorsale delle biocitt\u00e0","link":"https:\/\/www.immo-invest.ch\/it\/staedtische-waelder-sind-das-rueckgrat-von-biocities\/"}],"featured_image_src":"https:\/\/www.immo-invest.ch\/wp-content\/uploads\/2024\/08\/Unbenannt-11-336x168.png","_links":{"self":[{"href":"https:\/\/www.immo-invest.ch\/it\/wp-json\/wp\/v2\/posts\/111302","targetHints":{"allow":["GET"]}}],"collection":[{"href":"https:\/\/www.immo-invest.ch\/it\/wp-json\/wp\/v2\/posts"}],"about":[{"href":"https:\/\/www.immo-invest.ch\/it\/wp-json\/wp\/v2\/types\/post"}],"author":[{"embeddable":true,"href":"https:\/\/www.immo-invest.ch\/it\/wp-json\/wp\/v2\/users\/2"}],"replies":[{"embeddable":true,"href":"https:\/\/www.immo-invest.ch\/it\/wp-json\/wp\/v2\/comments?post=111302"}],"version-history":[{"count":0,"href":"https:\/\/www.immo-invest.ch\/it\/wp-json\/wp\/v2\/posts\/111302\/revisions"}],"wp:featuredmedia":[{"embeddable":true,"href":"https:\/\/www.immo-invest.ch\/it\/wp-json\/wp\/v2\/media\/111297"}],"wp:attachment":[{"href":"https:\/\/www.immo-invest.ch\/it\/wp-json\/wp\/v2\/media?parent=111302"}],"wp:term":[{"taxonomy":"category","embeddable":true,"href":"https:\/\/www.immo-invest.ch\/it\/wp-json\/wp\/v2\/categories?post=111302"},{"taxonomy":"post_tag","embeddable":true,"href":"https:\/\/www.immo-invest.ch\/it\/wp-json\/wp\/v2\/tags?post=111302"}],"curies":[{"name":"wp","href":"https:\/\/api.w.org\/{rel}","templated":true}]}}