{"id":111101,"date":"2024-08-06T13:48:13","date_gmt":"2024-08-06T11:48:13","guid":{"rendered":"https:\/\/www.immo-invest.ch\/kof-konjunkturbarometer-sinkt-im-juli\/"},"modified":"2024-08-06T14:37:23","modified_gmt":"2024-08-06T12:37:23","slug":"kof-konjunkturbarometer-sinkt-im-juli","status":"publish","type":"post","link":"https:\/\/www.immo-invest.ch\/it\/kof-konjunkturbarometer-sinkt-im-juli\/","title":{"rendered":"Il barometro economico del KOF scende a luglio"},"content":{"rendered":"<p class=\"wp-block-paragraph\"><strong><br>Industria manifatturiera sotto pressione<\/strong>Nell&rsquo;industria manifatturiera, la situazione degli ordini, l&rsquo;utilizzo della capacit&agrave; e l&rsquo;attivit&agrave; produttiva stanno avendo un impatto particolarmente negativo sullo sviluppo. D&rsquo;altra parte, le scorte e gli ordini di prodotti preliminari e la situazione della concorrenza stanno avendo un effetto positivo. All&rsquo;interno dell&rsquo;industria manifatturiera, le prospettive del settore elettrico, del legno, del vetro, della pietra e della terra e dell&rsquo;ingegneria meccanica sono meno favorevoli. Le prospettive per il settore metallurgico, l&rsquo;industria tessile e dell&rsquo;abbigliamento e il settore della carta e dei prodotti di stampa sono migliorate.<strong><\/strong><\/p>\n\n","protected":false},"excerpt":{"rendered":"<p>Il Barometro economico del KOF si sta avvicinando al suo valore medio a luglio e mostra un calo di 1,7 punti a 101,0 punti. Ci\u00f2 indica un continuo sviluppo economico moderato in Svizzera. Il calo riguarda in particolare la domanda estera e dei consumatori, nonch\u00e9 i settori dell&#8217;ospitalit\u00e0, dell&#8217;edilizia e della produzione. Solo il settore finanziario e assicurativo mostra un trend positivo. All&#8217;interno dell&#8217;industria manifatturiera, i settori elettrico, del legno, del vetro, della pietra, della terra e dell&#8217;ingegneria meccanica sono particolarmente colpiti.<\/p>\n","protected":false},"author":2,"featured_media":111133,"comment_status":"open","ping_status":"open","sticky":false,"template":"","format":"standard","meta":{"pmpro_default_level":"","inline_featured_image":false,"_monsterinsights_skip_tracking":false,"footnotes":""},"categories":[22352,745,22695,22443],"tags":[48824,48825,48826],"class_list":["post-111101","post","type-post","status-publish","format-standard","has-post-thumbnail","hentry","category-internazionale","category-immonews-it","category-societa","category-trends-it","tag-kapazitaetsauslastung-it","tag-produktionstaetigkeit-it","tag-produzierendes-gewerbe-it","pmpro-has-access"],"acf":{"bild_mit_ki_erstellt_worden":[],"lead":"Il barometro economico KOF si avvicina al suo valore medio a medio termine a luglio, mostrando un calo di 1,7 punti a 101,0 punti. Ci\u00f2 indica uno sviluppo economico moderato in Svizzera. Il calo riguarda in particolare la domanda estera e dei consumatori, nonch\u00e9 i settori dell'ospitalit\u00e0, delle costruzioni e della produzione. Solo il settore finanziario e assicurativo mostra una tendenza positiva. All'interno del settore manifatturiero, i settori dell'elettrico, del legno, del vetro, delle pietre, delle terre e della meccanica sono particolarmente colpiti negativamente.","autor":"Quelle KOF","ort":"","bildunterschrift":"","bild_im_grid":false,"gallerie":"","newsim":""},"aioseo_notices":[],"aioseo_head":"\n\t\t<!-- All in One SEO 5.0.1.1 - aioseo.com -->\n\t<meta name=\"description\" content=\"Il Barometro economico del KOF si sta avvicinando al suo valore medio a luglio e mostra un calo di 1,7 punti a 101,0 punti. Ci\u00f2 indica un continuo sviluppo economico moderato in Svizzera. Il calo riguarda in particolare la domanda estera e dei consumatori, nonch\u00e9 i settori dell&#039;ospitalit\u00e0, dell&#039;edilizia e della produzione. Solo il settore finanziario e assicurativo mostra un trend positivo. All&#039;interno dell&#039;industria manifatturiera, i settori elettrico, del legno, del vetro, della pietra, della terra e dell&#039;ingegneria meccanica sono particolarmente colpiti.\" \/>\n\t<meta name=\"robots\" content=\"max-image-preview:large\" \/>\n\t<meta name=\"author\" content=\"immovestuser\"\/>\n\t<meta name=\"google-site-verification\" content=\"fHJKvgWpZCR2zVBHWfkQeFXC11qieUSff0HGNYfuyLA\" \/>\n\t<link rel=\"canonical\" href=\"https:\/\/www.immo-invest.ch\/it\/kof-konjunkturbarometer-sinkt-im-juli\/\" \/>\n\t<meta name=\"generator\" content=\"All in One SEO (AIOSEO) 5.0.1.1\" \/>\n\t\t<meta property=\"og:locale\" content=\"it_IT\" \/>\n\t\t<meta property=\"og:site_name\" content=\"immo!nvest - Die Plattform f\u00fcr Standorte und Immobilien - Die\u00a0Plattform f\u00fcr Standorte und Immobilien\" \/>\n\t\t<meta property=\"og:type\" content=\"article\" \/>\n\t\t<meta property=\"og:title\" content=\"Il barometro economico del KOF scende a luglio - immo!nvest - Die Plattform f\u00fcr Standorte und Immobilien\" \/>\n\t\t<meta property=\"og:description\" content=\"Il Barometro economico del KOF si sta avvicinando al suo valore medio a luglio e mostra un calo di 1,7 punti a 101,0 punti. Ci\u00f2 indica un continuo sviluppo economico moderato in Svizzera. Il calo riguarda in particolare la domanda estera e dei consumatori, nonch\u00e9 i settori dell&#039;ospitalit\u00e0, dell&#039;edilizia e della produzione. Solo il settore finanziario e assicurativo mostra un trend positivo. All&#039;interno dell&#039;industria manifatturiera, i settori elettrico, del legno, del vetro, della pietra, della terra e dell&#039;ingegneria meccanica sono particolarmente colpiti.\" \/>\n\t\t<meta property=\"og:url\" content=\"https:\/\/www.immo-invest.ch\/it\/kof-konjunkturbarometer-sinkt-im-juli\/\" \/>\n\t\t<meta property=\"og:image\" content=\"https:\/\/www.immo-invest.ch\/wp-content\/uploads\/2024\/08\/kof.ethz_.ch_rechteck.png\" \/>\n\t\t<meta property=\"og:image:secure_url\" content=\"https:\/\/www.immo-invest.ch\/wp-content\/uploads\/2024\/08\/kof.ethz_.ch_rechteck.png\" \/>\n\t\t<meta property=\"og:image:width\" content=\"1175\" \/>\n\t\t<meta property=\"og:image:height\" content=\"587\" \/>\n\t\t<meta property=\"article:published_time\" content=\"2024-08-06T11:48:13+00:00\" \/>\n\t\t<meta property=\"article:modified_time\" content=\"2024-08-06T12:37:23+00:00\" \/>\n\t\t<meta property=\"article:publisher\" content=\"https:\/\/www.facebook.com\/people\/Immoinvest\/100077962920504\/\" \/>\n\t\t<meta name=\"twitter:card\" content=\"summary_large_image\" \/>\n\t\t<meta name=\"twitter:site\" content=\"@i\" \/>\n\t\t<meta name=\"twitter:title\" content=\"Il barometro economico del KOF scende a luglio - immo!nvest - Die Plattform f\u00fcr Standorte und Immobilien\" \/>\n\t\t<meta name=\"twitter:description\" content=\"Il Barometro economico del KOF si sta avvicinando al suo valore medio a luglio e mostra un calo di 1,7 punti a 101,0 punti. Ci\u00f2 indica un continuo sviluppo economico moderato in Svizzera. Il calo riguarda in particolare la domanda estera e dei consumatori, nonch\u00e9 i settori dell&#039;ospitalit\u00e0, dell&#039;edilizia e della produzione. Solo il settore finanziario e assicurativo mostra un trend positivo. All&#039;interno dell&#039;industria manifatturiera, i settori elettrico, del legno, del vetro, della pietra, della terra e dell&#039;ingegneria meccanica sono particolarmente colpiti.\" \/>\n\t\t<meta name=\"twitter:creator\" content=\"@i\" \/>\n\t\t<meta name=\"twitter:image\" content=\"https:\/\/www.immo-invest.ch\/wp-content\/uploads\/2024\/08\/kof.ethz_.ch_rechteck.png\" \/>\n\t\t<script type=\"application\/ld+json\" class=\"aioseo-schema\">\n\t\t\t{\"@context\":\"https:\\\/\\\/schema.org\",\"@graph\":[{\"@type\":\"BlogPosting\",\"@id\":\"https:\\\/\\\/www.immo-invest.ch\\\/it\\\/kof-konjunkturbarometer-sinkt-im-juli\\\/#blogposting\",\"name\":\"Il barometro economico del KOF scende a luglio - immo!nvest - Die Plattform f\\u00fcr Standorte und Immobilien\",\"headline\":\"Il barometro economico del KOF scende a luglio\",\"author\":{\"@id\":\"https:\\\/\\\/www.immo-invest.ch\\\/it\\\/author\\\/immovestuser\\\/#author\"},\"publisher\":{\"@id\":\"https:\\\/\\\/www.immo-invest.ch\\\/it\\\/#organization\"},\"image\":{\"@type\":\"ImageObject\",\"url\":\"https:\\\/\\\/www.immo-invest.ch\\\/wp-content\\\/uploads\\\/2024\\\/08\\\/kof.ethz_.ch_rechteck.png\",\"width\":1175,\"height\":587,\"caption\":\"https:\\\/\\\/kof.ethz.ch\\\/utils\\\/suche.html?q=medienmitteilung&language=de&site=currentSiteOnly&type=news&p=1\"},\"datePublished\":\"2024-08-06T13:48:13+02:00\",\"dateModified\":\"2024-08-06T14:37:23+02:00\",\"inLanguage\":\"it-IT\",\"mainEntityOfPage\":{\"@id\":\"https:\\\/\\\/www.immo-invest.ch\\\/it\\\/kof-konjunkturbarometer-sinkt-im-juli\\\/#webpage\"},\"isPartOf\":{\"@id\":\"https:\\\/\\\/www.immo-invest.ch\\\/it\\\/kof-konjunkturbarometer-sinkt-im-juli\\\/#webpage\"},\"articleSection\":\"Globale, immoNews, Societ\\u00e0, Trends, Kapazit\\u00e4tsauslastung, Produktionst\\u00e4tigkeit, produzierendes Gewerbe, Optional\"},{\"@type\":\"BreadcrumbList\",\"@id\":\"https:\\\/\\\/www.immo-invest.ch\\\/it\\\/kof-konjunkturbarometer-sinkt-im-juli\\\/#breadcrumblist\",\"itemListElement\":[{\"@type\":\"ListItem\",\"@id\":\"https:\\\/\\\/www.immo-invest.ch\\\/it\\\/#listItem\",\"position\":1,\"name\":\"Home\",\"item\":\"https:\\\/\\\/www.immo-invest.ch\\\/it\\\/\",\"nextItem\":{\"@type\":\"ListItem\",\"@id\":\"https:\\\/\\\/www.immo-invest.ch\\\/it\\\/categoria\\\/regioni\\\/#listItem\",\"name\":\"Regioni\"}},{\"@type\":\"ListItem\",\"@id\":\"https:\\\/\\\/www.immo-invest.ch\\\/it\\\/categoria\\\/regioni\\\/#listItem\",\"position\":2,\"name\":\"Regioni\",\"item\":\"https:\\\/\\\/www.immo-invest.ch\\\/it\\\/categoria\\\/regioni\\\/\",\"nextItem\":{\"@type\":\"ListItem\",\"@id\":\"https:\\\/\\\/www.immo-invest.ch\\\/it\\\/categoria\\\/regioni\\\/internazionale\\\/#listItem\",\"name\":\"Internazionale\"},\"previousItem\":{\"@type\":\"ListItem\",\"@id\":\"https:\\\/\\\/www.immo-invest.ch\\\/it\\\/#listItem\",\"name\":\"Home\"}},{\"@type\":\"ListItem\",\"@id\":\"https:\\\/\\\/www.immo-invest.ch\\\/it\\\/categoria\\\/regioni\\\/internazionale\\\/#listItem\",\"position\":3,\"name\":\"Internazionale\",\"item\":\"https:\\\/\\\/www.immo-invest.ch\\\/it\\\/categoria\\\/regioni\\\/internazionale\\\/\",\"nextItem\":{\"@type\":\"ListItem\",\"@id\":\"https:\\\/\\\/www.immo-invest.ch\\\/it\\\/categoria\\\/regioni\\\/internazionale\\\/internazionale\\\/#listItem\",\"name\":\"Globale\"},\"previousItem\":{\"@type\":\"ListItem\",\"@id\":\"https:\\\/\\\/www.immo-invest.ch\\\/it\\\/categoria\\\/regioni\\\/#listItem\",\"name\":\"Regioni\"}},{\"@type\":\"ListItem\",\"@id\":\"https:\\\/\\\/www.immo-invest.ch\\\/it\\\/categoria\\\/regioni\\\/internazionale\\\/internazionale\\\/#listItem\",\"position\":4,\"name\":\"Globale\",\"item\":\"https:\\\/\\\/www.immo-invest.ch\\\/it\\\/categoria\\\/regioni\\\/internazionale\\\/internazionale\\\/\",\"nextItem\":{\"@type\":\"ListItem\",\"@id\":\"https:\\\/\\\/www.immo-invest.ch\\\/it\\\/kof-konjunkturbarometer-sinkt-im-juli\\\/#listItem\",\"name\":\"Il barometro economico del KOF scende a luglio\"},\"previousItem\":{\"@type\":\"ListItem\",\"@id\":\"https:\\\/\\\/www.immo-invest.ch\\\/it\\\/categoria\\\/regioni\\\/internazionale\\\/#listItem\",\"name\":\"Internazionale\"}},{\"@type\":\"ListItem\",\"@id\":\"https:\\\/\\\/www.immo-invest.ch\\\/it\\\/kof-konjunkturbarometer-sinkt-im-juli\\\/#listItem\",\"position\":5,\"name\":\"Il barometro economico del KOF scende a luglio\",\"previousItem\":{\"@type\":\"ListItem\",\"@id\":\"https:\\\/\\\/www.immo-invest.ch\\\/it\\\/categoria\\\/regioni\\\/internazionale\\\/internazionale\\\/#listItem\",\"name\":\"Globale\"}}]},{\"@type\":\"Organization\",\"@id\":\"https:\\\/\\\/www.immo-invest.ch\\\/it\\\/#organization\",\"name\":\"immo!nvest - Die Plattform f\\u00fcr Standorte und Immobilien\",\"description\":\"Die\\u00a0Plattform f\\u00fcr Standorte und Immobilien\",\"url\":\"https:\\\/\\\/www.immo-invest.ch\\\/it\\\/\",\"email\":\"admin@immomedia.ag\",\"telephone\":\"+41444420002\",\"logo\":{\"@type\":\"ImageObject\",\"url\":\"https:\\\/\\\/www.immo-invest.ch\\\/wp-content\\\/uploads\\\/2024\\\/09\\\/immoinvest_sm-scaled.jpg\",\"@id\":\"https:\\\/\\\/www.immo-invest.ch\\\/it\\\/kof-konjunkturbarometer-sinkt-im-juli\\\/#organizationLogo\",\"width\":2560,\"height\":1340},\"image\":{\"@id\":\"https:\\\/\\\/www.immo-invest.ch\\\/it\\\/kof-konjunkturbarometer-sinkt-im-juli\\\/#organizationLogo\"},\"sameAs\":[\"https:\\\/\\\/www.facebook.com\\\/people\\\/Immoinvest\\\/100077962920504\\\/\",\"https:\\\/\\\/x.com\\\/i\\\/flow\\\/login?redirect_after_login=immoinvest_ch\",\"https:\\\/\\\/www.instagram.com\\\/immoinvest_ch\\\/\",\"https:\\\/\\\/www.linkedin.com\\\/company\\\/immoinvest-swiss\"]},{\"@type\":\"Person\",\"@id\":\"https:\\\/\\\/www.immo-invest.ch\\\/it\\\/author\\\/immovestuser\\\/#author\",\"url\":\"https:\\\/\\\/www.immo-invest.ch\\\/it\\\/author\\\/immovestuser\\\/\",\"name\":\"immovestuser\",\"image\":{\"@type\":\"ImageObject\",\"@id\":\"https:\\\/\\\/www.immo-invest.ch\\\/it\\\/kof-konjunkturbarometer-sinkt-im-juli\\\/#authorImage\",\"url\":\"https:\\\/\\\/secure.gravatar.com\\\/avatar\\\/8e01f4d99f2eeea7a362ebb93305e1172a70e9293ba250f897a65c39f54cdd1e?s=96&d=mm&r=g\",\"width\":96,\"height\":96,\"caption\":\"immovestuser\"}},{\"@type\":\"WebPage\",\"@id\":\"https:\\\/\\\/www.immo-invest.ch\\\/it\\\/kof-konjunkturbarometer-sinkt-im-juli\\\/#webpage\",\"url\":\"https:\\\/\\\/www.immo-invest.ch\\\/it\\\/kof-konjunkturbarometer-sinkt-im-juli\\\/\",\"name\":\"Il barometro economico del KOF scende a luglio - immo!nvest - Die Plattform f\\u00fcr Standorte und Immobilien\",\"description\":\"Il Barometro economico del KOF si sta avvicinando al suo valore medio a luglio e mostra un calo di 1,7 punti a 101,0 punti. Ci\\u00f2 indica un continuo sviluppo economico moderato in Svizzera. Il calo riguarda in particolare la domanda estera e dei consumatori, nonch\\u00e9 i settori dell'ospitalit\\u00e0, dell'edilizia e della produzione. Solo il settore finanziario e assicurativo mostra un trend positivo. All'interno dell'industria manifatturiera, i settori elettrico, del legno, del vetro, della pietra, della terra e dell'ingegneria meccanica sono particolarmente colpiti.\",\"inLanguage\":\"it-IT\",\"isPartOf\":{\"@id\":\"https:\\\/\\\/www.immo-invest.ch\\\/it\\\/#website\"},\"breadcrumb\":{\"@id\":\"https:\\\/\\\/www.immo-invest.ch\\\/it\\\/kof-konjunkturbarometer-sinkt-im-juli\\\/#breadcrumblist\"},\"author\":{\"@id\":\"https:\\\/\\\/www.immo-invest.ch\\\/it\\\/author\\\/immovestuser\\\/#author\"},\"creator\":{\"@id\":\"https:\\\/\\\/www.immo-invest.ch\\\/it\\\/author\\\/immovestuser\\\/#author\"},\"image\":{\"@type\":\"ImageObject\",\"url\":\"https:\\\/\\\/www.immo-invest.ch\\\/wp-content\\\/uploads\\\/2024\\\/08\\\/kof.ethz_.ch_rechteck.png\",\"@id\":\"https:\\\/\\\/www.immo-invest.ch\\\/it\\\/kof-konjunkturbarometer-sinkt-im-juli\\\/#mainImage\",\"width\":1175,\"height\":587,\"caption\":\"https:\\\/\\\/kof.ethz.ch\\\/utils\\\/suche.html?q=medienmitteilung&language=de&site=currentSiteOnly&type=news&p=1\"},\"primaryImageOfPage\":{\"@id\":\"https:\\\/\\\/www.immo-invest.ch\\\/it\\\/kof-konjunkturbarometer-sinkt-im-juli\\\/#mainImage\"},\"datePublished\":\"2024-08-06T13:48:13+02:00\",\"dateModified\":\"2024-08-06T14:37:23+02:00\"},{\"@type\":\"WebSite\",\"@id\":\"https:\\\/\\\/www.immo-invest.ch\\\/it\\\/#website\",\"url\":\"https:\\\/\\\/www.immo-invest.ch\\\/it\\\/\",\"name\":\"immo!nvest - Die Plattform f\\u00fcr Standorte und Immobilien\",\"description\":\"Die\\u00a0Plattform f\\u00fcr Standorte und Immobilien\",\"inLanguage\":\"it-IT\",\"publisher\":{\"@id\":\"https:\\\/\\\/www.immo-invest.ch\\\/it\\\/#organization\"}}]}\n\t\t<\/script>\n\t\t<!-- All in One SEO -->\n\n","aioseo_head_json":{"title":"Il barometro economico del KOF scende a luglio - immo!nvest - Die Plattform f\u00fcr Standorte und Immobilien","description":"Il Barometro economico del KOF si sta avvicinando al suo valore medio a luglio e mostra un calo di 1,7 punti a 101,0 punti. Ci\u00f2 indica un continuo sviluppo economico moderato in Svizzera. Il calo riguarda in particolare la domanda estera e dei consumatori, nonch\u00e9 i settori dell'ospitalit\u00e0, dell'edilizia e della produzione. Solo il settore finanziario e assicurativo mostra un trend positivo. All'interno dell'industria manifatturiera, i settori elettrico, del legno, del vetro, della pietra, della terra e dell'ingegneria meccanica sono particolarmente colpiti.","canonical_url":"https:\/\/www.immo-invest.ch\/it\/kof-konjunkturbarometer-sinkt-im-juli\/","robots":"max-image-preview:large","keywords":"","webmasterTools":{"google-site-verification":"fHJKvgWpZCR2zVBHWfkQeFXC11qieUSff0HGNYfuyLA","miscellaneous":""},"schema":{"@context":"https:\/\/schema.org","@graph":[{"@type":"BlogPosting","@id":"https:\/\/www.immo-invest.ch\/it\/kof-konjunkturbarometer-sinkt-im-juli\/#blogposting","name":"Il barometro economico del KOF scende a luglio - immo!nvest - Die Plattform f\u00fcr Standorte und Immobilien","headline":"Il barometro economico del KOF scende a luglio","author":{"@id":"https:\/\/www.immo-invest.ch\/it\/author\/immovestuser\/#author"},"publisher":{"@id":"https:\/\/www.immo-invest.ch\/it\/#organization"},"image":{"@type":"ImageObject","url":"https:\/\/www.immo-invest.ch\/wp-content\/uploads\/2024\/08\/kof.ethz_.ch_rechteck.png","width":1175,"height":587,"caption":"https:\/\/kof.ethz.ch\/utils\/suche.html?q=medienmitteilung&language=de&site=currentSiteOnly&type=news&p=1"},"datePublished":"2024-08-06T13:48:13+02:00","dateModified":"2024-08-06T14:37:23+02:00","inLanguage":"it-IT","mainEntityOfPage":{"@id":"https:\/\/www.immo-invest.ch\/it\/kof-konjunkturbarometer-sinkt-im-juli\/#webpage"},"isPartOf":{"@id":"https:\/\/www.immo-invest.ch\/it\/kof-konjunkturbarometer-sinkt-im-juli\/#webpage"},"articleSection":"Globale, immoNews, Societ\u00e0, Trends, Kapazit\u00e4tsauslastung, Produktionst\u00e4tigkeit, produzierendes Gewerbe, Optional"},{"@type":"BreadcrumbList","@id":"https:\/\/www.immo-invest.ch\/it\/kof-konjunkturbarometer-sinkt-im-juli\/#breadcrumblist","itemListElement":[{"@type":"ListItem","@id":"https:\/\/www.immo-invest.ch\/it\/#listItem","position":1,"name":"Home","item":"https:\/\/www.immo-invest.ch\/it\/","nextItem":{"@type":"ListItem","@id":"https:\/\/www.immo-invest.ch\/it\/categoria\/regioni\/#listItem","name":"Regioni"}},{"@type":"ListItem","@id":"https:\/\/www.immo-invest.ch\/it\/categoria\/regioni\/#listItem","position":2,"name":"Regioni","item":"https:\/\/www.immo-invest.ch\/it\/categoria\/regioni\/","nextItem":{"@type":"ListItem","@id":"https:\/\/www.immo-invest.ch\/it\/categoria\/regioni\/internazionale\/#listItem","name":"Internazionale"},"previousItem":{"@type":"ListItem","@id":"https:\/\/www.immo-invest.ch\/it\/#listItem","name":"Home"}},{"@type":"ListItem","@id":"https:\/\/www.immo-invest.ch\/it\/categoria\/regioni\/internazionale\/#listItem","position":3,"name":"Internazionale","item":"https:\/\/www.immo-invest.ch\/it\/categoria\/regioni\/internazionale\/","nextItem":{"@type":"ListItem","@id":"https:\/\/www.immo-invest.ch\/it\/categoria\/regioni\/internazionale\/internazionale\/#listItem","name":"Globale"},"previousItem":{"@type":"ListItem","@id":"https:\/\/www.immo-invest.ch\/it\/categoria\/regioni\/#listItem","name":"Regioni"}},{"@type":"ListItem","@id":"https:\/\/www.immo-invest.ch\/it\/categoria\/regioni\/internazionale\/internazionale\/#listItem","position":4,"name":"Globale","item":"https:\/\/www.immo-invest.ch\/it\/categoria\/regioni\/internazionale\/internazionale\/","nextItem":{"@type":"ListItem","@id":"https:\/\/www.immo-invest.ch\/it\/kof-konjunkturbarometer-sinkt-im-juli\/#listItem","name":"Il barometro economico del KOF scende a luglio"},"previousItem":{"@type":"ListItem","@id":"https:\/\/www.immo-invest.ch\/it\/categoria\/regioni\/internazionale\/#listItem","name":"Internazionale"}},{"@type":"ListItem","@id":"https:\/\/www.immo-invest.ch\/it\/kof-konjunkturbarometer-sinkt-im-juli\/#listItem","position":5,"name":"Il barometro economico del KOF scende a luglio","previousItem":{"@type":"ListItem","@id":"https:\/\/www.immo-invest.ch\/it\/categoria\/regioni\/internazionale\/internazionale\/#listItem","name":"Globale"}}]},{"@type":"Organization","@id":"https:\/\/www.immo-invest.ch\/it\/#organization","name":"immo!nvest - Die Plattform f\u00fcr Standorte und Immobilien","description":"Die\u00a0Plattform f\u00fcr Standorte und Immobilien","url":"https:\/\/www.immo-invest.ch\/it\/","email":"admin@immomedia.ag","telephone":"+41444420002","logo":{"@type":"ImageObject","url":"https:\/\/www.immo-invest.ch\/wp-content\/uploads\/2024\/09\/immoinvest_sm-scaled.jpg","@id":"https:\/\/www.immo-invest.ch\/it\/kof-konjunkturbarometer-sinkt-im-juli\/#organizationLogo","width":2560,"height":1340},"image":{"@id":"https:\/\/www.immo-invest.ch\/it\/kof-konjunkturbarometer-sinkt-im-juli\/#organizationLogo"},"sameAs":["https:\/\/www.facebook.com\/people\/Immoinvest\/100077962920504\/","https:\/\/x.com\/i\/flow\/login?redirect_after_login=immoinvest_ch","https:\/\/www.instagram.com\/immoinvest_ch\/","https:\/\/www.linkedin.com\/company\/immoinvest-swiss"]},{"@type":"Person","@id":"https:\/\/www.immo-invest.ch\/it\/author\/immovestuser\/#author","url":"https:\/\/www.immo-invest.ch\/it\/author\/immovestuser\/","name":"immovestuser","image":{"@type":"ImageObject","@id":"https:\/\/www.immo-invest.ch\/it\/kof-konjunkturbarometer-sinkt-im-juli\/#authorImage","url":"https:\/\/secure.gravatar.com\/avatar\/8e01f4d99f2eeea7a362ebb93305e1172a70e9293ba250f897a65c39f54cdd1e?s=96&d=mm&r=g","width":96,"height":96,"caption":"immovestuser"}},{"@type":"WebPage","@id":"https:\/\/www.immo-invest.ch\/it\/kof-konjunkturbarometer-sinkt-im-juli\/#webpage","url":"https:\/\/www.immo-invest.ch\/it\/kof-konjunkturbarometer-sinkt-im-juli\/","name":"Il barometro economico del KOF scende a luglio - immo!nvest - Die Plattform f\u00fcr Standorte und Immobilien","description":"Il Barometro economico del KOF si sta avvicinando al suo valore medio a luglio e mostra un calo di 1,7 punti a 101,0 punti. Ci\u00f2 indica un continuo sviluppo economico moderato in Svizzera. Il calo riguarda in particolare la domanda estera e dei consumatori, nonch\u00e9 i settori dell'ospitalit\u00e0, dell'edilizia e della produzione. Solo il settore finanziario e assicurativo mostra un trend positivo. All'interno dell'industria manifatturiera, i settori elettrico, del legno, del vetro, della pietra, della terra e dell'ingegneria meccanica sono particolarmente colpiti.","inLanguage":"it-IT","isPartOf":{"@id":"https:\/\/www.immo-invest.ch\/it\/#website"},"breadcrumb":{"@id":"https:\/\/www.immo-invest.ch\/it\/kof-konjunkturbarometer-sinkt-im-juli\/#breadcrumblist"},"author":{"@id":"https:\/\/www.immo-invest.ch\/it\/author\/immovestuser\/#author"},"creator":{"@id":"https:\/\/www.immo-invest.ch\/it\/author\/immovestuser\/#author"},"image":{"@type":"ImageObject","url":"https:\/\/www.immo-invest.ch\/wp-content\/uploads\/2024\/08\/kof.ethz_.ch_rechteck.png","@id":"https:\/\/www.immo-invest.ch\/it\/kof-konjunkturbarometer-sinkt-im-juli\/#mainImage","width":1175,"height":587,"caption":"https:\/\/kof.ethz.ch\/utils\/suche.html?q=medienmitteilung&language=de&site=currentSiteOnly&type=news&p=1"},"primaryImageOfPage":{"@id":"https:\/\/www.immo-invest.ch\/it\/kof-konjunkturbarometer-sinkt-im-juli\/#mainImage"},"datePublished":"2024-08-06T13:48:13+02:00","dateModified":"2024-08-06T14:37:23+02:00"},{"@type":"WebSite","@id":"https:\/\/www.immo-invest.ch\/it\/#website","url":"https:\/\/www.immo-invest.ch\/it\/","name":"immo!nvest - Die Plattform f\u00fcr Standorte und Immobilien","description":"Die\u00a0Plattform f\u00fcr Standorte und Immobilien","inLanguage":"it-IT","publisher":{"@id":"https:\/\/www.immo-invest.ch\/it\/#organization"}}]},"og:locale":"it_IT","og:site_name":"immo!nvest - Die Plattform f\u00fcr Standorte und Immobilien - Die\u00a0Plattform f\u00fcr Standorte und Immobilien","og:type":"article","og:title":"Il barometro economico del KOF scende a luglio - immo!nvest - Die Plattform f\u00fcr Standorte und Immobilien","og:description":"Il Barometro economico del KOF si sta avvicinando al suo valore medio a luglio e mostra un calo di 1,7 punti a 101,0 punti. Ci\u00f2 indica un continuo sviluppo economico moderato in Svizzera. Il calo riguarda in particolare la domanda estera e dei consumatori, nonch\u00e9 i settori dell'ospitalit\u00e0, dell'edilizia e della produzione. Solo il settore finanziario e assicurativo mostra un trend positivo. All'interno dell'industria manifatturiera, i settori elettrico, del legno, del vetro, della pietra, della terra e dell'ingegneria meccanica sono particolarmente colpiti.","og:url":"https:\/\/www.immo-invest.ch\/it\/kof-konjunkturbarometer-sinkt-im-juli\/","og:image":"https:\/\/www.immo-invest.ch\/wp-content\/uploads\/2024\/08\/kof.ethz_.ch_rechteck.png","og:image:secure_url":"https:\/\/www.immo-invest.ch\/wp-content\/uploads\/2024\/08\/kof.ethz_.ch_rechteck.png","og:image:width":1175,"og:image:height":587,"article:published_time":"2024-08-06T11:48:13+00:00","article:modified_time":"2024-08-06T12:37:23+00:00","article:publisher":"https:\/\/www.facebook.com\/people\/Immoinvest\/100077962920504\/","twitter:card":"summary_large_image","twitter:site":"@i","twitter:title":"Il barometro economico del KOF scende a luglio - immo!nvest - Die Plattform f\u00fcr Standorte und Immobilien","twitter:description":"Il Barometro economico del KOF si sta avvicinando al suo valore medio a luglio e mostra un calo di 1,7 punti a 101,0 punti. Ci\u00f2 indica un continuo sviluppo economico moderato in Svizzera. Il calo riguarda in particolare la domanda estera e dei consumatori, nonch\u00e9 i settori dell'ospitalit\u00e0, dell'edilizia e della produzione. Solo il settore finanziario e assicurativo mostra un trend positivo. All'interno dell'industria manifatturiera, i settori elettrico, del legno, del vetro, della pietra, della terra e dell'ingegneria meccanica sono particolarmente colpiti.","twitter:creator":"@i","twitter:image":"https:\/\/www.immo-invest.ch\/wp-content\/uploads\/2024\/08\/kof.ethz_.ch_rechteck.png"},"aioseo_meta_data":{"post_id":"111101","title":null,"description":null,"keywords":null,"keyphrases":null,"primary_term":null,"canonical_url":null,"og_title":null,"og_description":null,"og_object_type":"default","og_image_type":"default","og_image_url":null,"og_image_width":null,"og_image_height":null,"og_image_custom_url":null,"og_image_custom_fields":null,"og_video":null,"og_custom_url":null,"og_article_section":null,"og_article_tags":null,"twitter_use_og":false,"twitter_card":"default","twitter_image_type":"default","twitter_image_url":null,"twitter_image_custom_url":null,"twitter_image_custom_fields":null,"twitter_title":null,"twitter_description":null,"schema":{"blockGraphs":[],"customGraphs":[],"default":{"data":{"Article":[],"Course":[],"Dataset":[],"FAQPage":[],"Movie":[],"Person":[],"Product":[],"ProductReview":[],"Car":[],"Recipe":[],"Service":[],"SoftwareApplication":[],"WebPage":[]},"graphName":"","isEnabled":true},"graphs":[]},"schema_type":"default","schema_type_options":null,"pillar_content":false,"robots_default":true,"robots_noindex":false,"robots_noarchive":false,"robots_nosnippet":false,"robots_nofollow":false,"robots_noimageindex":false,"robots_noodp":false,"robots_notranslate":false,"robots_max_snippet":null,"robots_max_videopreview":null,"robots_max_imagepreview":"large","priority":null,"frequency":null,"local_seo":null,"breadcrumb_settings":null,"limit_modified_date":false,"ai":null,"created":"2024-09-21 00:35:58","updated":"2025-10-24 06:56:07","seo_analyzer_scan_date":null,"focus_keyword":null,"additional_keywords":null,"truseo_locale":null},"aioseo_breadcrumb":"<div class=\"aioseo-breadcrumbs\"><span class=\"aioseo-breadcrumb\">\n\t\t\t<a href=\"https:\/\/www.immo-invest.ch\/it\/\" title=\"Home\">Home<\/a>\n\t\t<\/span><span class=\"aioseo-breadcrumb-separator\">&raquo;<\/span><span class=\"aioseo-breadcrumb\">\n\t\t\t<a href=\"https:\/\/www.immo-invest.ch\/it\/categoria\/regioni\/\" title=\"Regioni\">Regioni<\/a>\n\t\t<\/span><span class=\"aioseo-breadcrumb-separator\">&raquo;<\/span><span class=\"aioseo-breadcrumb\">\n\t\t\t<a href=\"https:\/\/www.immo-invest.ch\/it\/categoria\/regioni\/internazionale\/\" title=\"Internazionale\">Internazionale<\/a>\n\t\t<\/span><span class=\"aioseo-breadcrumb-separator\">&raquo;<\/span><span class=\"aioseo-breadcrumb\">\n\t\t\t<a href=\"https:\/\/www.immo-invest.ch\/it\/categoria\/regioni\/internazionale\/internazionale\/\" title=\"Globale\">Globale<\/a>\n\t\t<\/span><span class=\"aioseo-breadcrumb-separator\">&raquo;<\/span><span class=\"aioseo-breadcrumb\">\n\t\t\tIl barometro economico del KOF scende a luglio\n\t\t<\/span><\/div>","aioseo_breadcrumb_json":[{"label":"Home","link":"https:\/\/www.immo-invest.ch\/it\/"},{"label":"Regioni","link":"https:\/\/www.immo-invest.ch\/it\/categoria\/regioni\/"},{"label":"Internazionale","link":"https:\/\/www.immo-invest.ch\/it\/categoria\/regioni\/internazionale\/"},{"label":"Globale","link":"https:\/\/www.immo-invest.ch\/it\/categoria\/regioni\/internazionale\/internazionale\/"},{"label":"Il barometro economico del KOF scende a luglio","link":"https:\/\/www.immo-invest.ch\/it\/kof-konjunkturbarometer-sinkt-im-juli\/"}],"featured_image_src":"https:\/\/www.immo-invest.ch\/wp-content\/uploads\/2024\/08\/kof.ethz_.ch_rechteck-336x168.png","_links":{"self":[{"href":"https:\/\/www.immo-invest.ch\/it\/wp-json\/wp\/v2\/posts\/111101","targetHints":{"allow":["GET"]}}],"collection":[{"href":"https:\/\/www.immo-invest.ch\/it\/wp-json\/wp\/v2\/posts"}],"about":[{"href":"https:\/\/www.immo-invest.ch\/it\/wp-json\/wp\/v2\/types\/post"}],"author":[{"embeddable":true,"href":"https:\/\/www.immo-invest.ch\/it\/wp-json\/wp\/v2\/users\/2"}],"replies":[{"embeddable":true,"href":"https:\/\/www.immo-invest.ch\/it\/wp-json\/wp\/v2\/comments?post=111101"}],"version-history":[{"count":0,"href":"https:\/\/www.immo-invest.ch\/it\/wp-json\/wp\/v2\/posts\/111101\/revisions"}],"wp:featuredmedia":[{"embeddable":true,"href":"https:\/\/www.immo-invest.ch\/it\/wp-json\/wp\/v2\/media\/111133"}],"wp:attachment":[{"href":"https:\/\/www.immo-invest.ch\/it\/wp-json\/wp\/v2\/media?parent=111101"}],"wp:term":[{"taxonomy":"category","embeddable":true,"href":"https:\/\/www.immo-invest.ch\/it\/wp-json\/wp\/v2\/categories?post=111101"},{"taxonomy":"post_tag","embeddable":true,"href":"https:\/\/www.immo-invest.ch\/it\/wp-json\/wp\/v2\/tags?post=111101"}],"curies":[{"name":"wp","href":"https:\/\/api.w.org\/{rel}","templated":true}]}}