{"id":105039,"date":"2024-07-05T16:27:00","date_gmt":"2024-07-05T14:27:00","guid":{"rendered":"https:\/\/www.immo-invest.ch\/projet-grands-esserts-a-veyrier\/"},"modified":"2024-07-05T16:48:47","modified_gmt":"2024-07-05T14:48:47","slug":"projet-grands-esserts-a-veyrier","status":"publish","type":"post","link":"https:\/\/www.immo-invest.ch\/it\/projet-grands-esserts-a-veyrier\/","title":{"rendered":"Progetto Grands Esserts a Veyrier"},"content":{"rendered":"<p class=\"wp-block-paragraph\">Il cuore del progetto &egrave; l&rsquo;esplanade Jean-Piaget che, insieme alla Promenade des Cirses, caratterizza gli spazi verdi e aperti del sito. Questa disposizione ben studiata sottolinea il valore di elevati standard ambientali e serve la strategia della citt&agrave; per combattere il cambiamento climatico. La pianificazione tiene rigorosamente conto dei principi della sostenibilit&agrave; ecologica, al fine di creare uno spazio abitativo vantaggioso <span class=\"glossaryLink\"  aria-describedby=\"tt\"  data-cmtooltip=\"&lt;div class=glossaryItemTitle&gt;SIA&lt;\/div&gt;&lt;div class=glossaryItemBody&gt;Schweizerischer Ingenieur- und Architektenverein; massgebender Berufsverband f&uuml;r qualifizierte Fachleute der Bereiche Bau, Technik und Umwelt mit rund f&uuml;nfzehntausend Mitgliedern&lt;\/div&gt;\"  data-mobile-support=\"0\"  data-gt-translate-attributes='[{\"attribute\":\"data-cmtooltip\", \"format\":\"html\"}]' tabindex='0' role='link'>sia<\/span> per i residenti che per l&rsquo;ambiente.<\/p>\n\n\n\n<p class=\"wp-block-paragraph\"><br>A<strong>pproccio partecipativo alla pianificazione<\/strong> Un&rsquo;ampia consultazione con le parti interessate locali e cantonali, nonch&eacute; con i futuri utenti, aiuta a gettare le basi per lo sviluppo urbano, la mobilit&agrave; e il design ambientale del nuovo distretto. Questi processi di pianificazione collaborativa assicurano che tutte le parti interessate siano coinvolte nel processo decisionale e contribuiscono all&rsquo;accettazione del progetto.<\/p>\n\n\n\n<p class=\"wp-block-paragraph\"><br>P<strong>romuovere la mobilit&agrave; dolce e l&rsquo;accessibilit&agrave; ottimale<\/strong> La promozione della mobilit&agrave; dolce &egrave; al centro della pianificazione dei trasporti di Les Grands Esserts. Una rete di piste ciclabili e sentieri attraenti collega il nuovo quartiere a punti chiave come il centro di Ginevra, Carouge e Veyrier. Questa infrastruttura &egrave; completata da una migliore connessione alla rete di trasporto pubblico, in particolare il L&eacute;man Express, che facilita la mobilit&agrave; senza auto all&rsquo;interno dell&rsquo;area.<\/p>\n\n\n\n<p class=\"wp-block-paragraph\"><br>P<strong>reservare e valorizzare l&rsquo;ambiente naturale<\/strong> Si sta prestando particolare attenzione alla conservazione e alla valorizzazione delle risorse naturali, come il margine della foresta e il paesaggio della Promenade des Cirses.<br><br>Queste misure non solo aiutano a preservare la biodiversit&agrave;, ma offrono ai residenti aree ricreative di alta qualit&agrave;. Il progetto Grands Esserts sta definendo nuovi standard nello sviluppo residenziale e commerciale, integrando pienamente i principi ecologici e creando una comunit&agrave; inclusiva e sostenibile. Con il completamento della prima fase di costruzione entro il 2030, Grands Esserts diventer&agrave; un modello di vita urbana in armonia con l&rsquo;ambiente.<\/p>\n","protected":false},"excerpt":{"rendered":"<p>Il progetto Grands Esserts si estende su 12 ettari ed \u00e8 sviluppato da enti pubblici e cooperative come la Caisse de pr\u00e9voyance de l&#8217;Etat de Gen\u00e8ve e la Fondation immobili\u00e8re de la ville de Veyrier. L&#8217;obiettivo \u00e8 quello di creare un modello urbano di vita, lavoro e sostenibilit\u00e0 ecologica entro il 2030.<\/p>\n","protected":false},"author":2,"featured_media":104939,"comment_status":"open","ping_status":"open","sticky":false,"template":"","format":"standard","meta":{"pmpro_default_level":"0","inline_featured_image":false,"_monsterinsights_skip_tracking":false,"footnotes":""},"categories":[47532,22704],"tags":[48312,48314,48316,48318,47536,48319,852,867,3935,48215,48322],"class_list":["post-105039","post","type-post","status-publish","format-standard","has-post-thumbnail","hentry","category-genf-it","category-mobilita","tag-biodiversite-it","tag-consultation-participative-it","tag-durabilite-ecologique-it","tag-esplanade-jean-piaget-it","tag-geneve-it","tag-grands-esserts-it","tag-immobilien-it","tag-immoinvest-it","tag-immonews-it","tag-mobilite-douce-it","tag-transports-publics-it","pmpro-has-access"],"acf":{"bild_mit_ki_erstellt_worden":[],"lead":"Il progetto Grands Esserts si estende su 12 ettari ed \u00e8 sviluppato da enti pubblici e cooperative come la Caisse de pr\u00e9voyance de l'Etat de Gen\u00e8ve e la Fondation immobili\u00e8re de la ville de Veyrier. L'obiettivo \u00e8 quello di creare un modello urbano di vita, lavoro e sostenibilit\u00e0 ecologica entro il 2030.","autor":"Texte: Jessica Bill, Source & Image: grand-esserts","ort":"","bildunterschrift":"","bild_im_grid":false,"gallerie":"","newsim":""},"aioseo_notices":[],"aioseo_head":"\n\t\t<!-- All in One SEO 5.0.0.1 - aioseo.com -->\n\t<meta name=\"description\" content=\"Il progetto Grands Esserts si estende su 12 ettari ed \u00e8 sviluppato da enti pubblici e cooperative come la Caisse de pr\u00e9voyance de l&#039;Etat de Gen\u00e8ve e la Fondation immobili\u00e8re de la ville de Veyrier. L&#039;obiettivo \u00e8 quello di creare un modello urbano di vita, lavoro e sostenibilit\u00e0 ecologica entro il 2030.\" \/>\n\t<meta name=\"robots\" content=\"max-image-preview:large\" \/>\n\t<meta name=\"author\" content=\"immovestuser\"\/>\n\t<meta name=\"google-site-verification\" content=\"fHJKvgWpZCR2zVBHWfkQeFXC11qieUSff0HGNYfuyLA\" \/>\n\t<link rel=\"canonical\" href=\"https:\/\/www.immo-invest.ch\/it\/projet-grands-esserts-a-veyrier\/\" \/>\n\t<meta name=\"generator\" content=\"All in One SEO (AIOSEO) 5.0.0.1\" \/>\n\t\t<meta property=\"og:locale\" content=\"it_IT\" \/>\n\t\t<meta property=\"og:site_name\" content=\"immo!nvest - Die Plattform f\u00fcr Standorte und Immobilien - Die\u00a0Plattform f\u00fcr Standorte und Immobilien\" \/>\n\t\t<meta property=\"og:type\" content=\"article\" \/>\n\t\t<meta property=\"og:title\" content=\"Progetto Grands Esserts a Veyrier - immo!nvest - Die Plattform f\u00fcr Standorte und Immobilien\" \/>\n\t\t<meta property=\"og:description\" content=\"Il progetto Grands Esserts si estende su 12 ettari ed \u00e8 sviluppato da enti pubblici e cooperative come la Caisse de pr\u00e9voyance de l&#039;Etat de Gen\u00e8ve e la Fondation immobili\u00e8re de la ville de Veyrier. L&#039;obiettivo \u00e8 quello di creare un modello urbano di vita, lavoro e sostenibilit\u00e0 ecologica entro il 2030.\" \/>\n\t\t<meta property=\"og:url\" content=\"https:\/\/www.immo-invest.ch\/it\/projet-grands-esserts-a-veyrier\/\" \/>\n\t\t<meta property=\"og:image\" content=\"https:\/\/www.immo-invest.ch\/wp-content\/uploads\/2024\/07\/page_accueil_slide_2.jpg\" \/>\n\t\t<meta property=\"og:image:secure_url\" content=\"https:\/\/www.immo-invest.ch\/wp-content\/uploads\/2024\/07\/page_accueil_slide_2.jpg\" \/>\n\t\t<meta property=\"og:image:width\" content=\"1440\" \/>\n\t\t<meta property=\"og:image:height\" content=\"960\" \/>\n\t\t<meta property=\"article:published_time\" content=\"2024-07-05T14:27:00+00:00\" \/>\n\t\t<meta property=\"article:modified_time\" content=\"2024-07-05T14:48:47+00:00\" \/>\n\t\t<meta property=\"article:publisher\" content=\"https:\/\/www.facebook.com\/people\/Immoinvest\/100077962920504\/\" \/>\n\t\t<meta name=\"twitter:card\" content=\"summary_large_image\" \/>\n\t\t<meta name=\"twitter:site\" content=\"@i\" \/>\n\t\t<meta name=\"twitter:title\" content=\"Progetto Grands Esserts a Veyrier - immo!nvest - Die Plattform f\u00fcr Standorte und Immobilien\" \/>\n\t\t<meta name=\"twitter:description\" content=\"Il progetto Grands Esserts si estende su 12 ettari ed \u00e8 sviluppato da enti pubblici e cooperative come la Caisse de pr\u00e9voyance de l&#039;Etat de Gen\u00e8ve e la Fondation immobili\u00e8re de la ville de Veyrier. L&#039;obiettivo \u00e8 quello di creare un modello urbano di vita, lavoro e sostenibilit\u00e0 ecologica entro il 2030.\" \/>\n\t\t<meta name=\"twitter:creator\" content=\"@i\" \/>\n\t\t<meta name=\"twitter:image\" content=\"https:\/\/www.immo-invest.ch\/wp-content\/uploads\/2024\/07\/page_accueil_slide_2.jpg\" \/>\n\t\t<script type=\"application\/ld+json\" class=\"aioseo-schema\">\n\t\t\t{\"@context\":\"https:\\\/\\\/schema.org\",\"@graph\":[{\"@type\":\"BlogPosting\",\"@id\":\"https:\\\/\\\/www.immo-invest.ch\\\/it\\\/projet-grands-esserts-a-veyrier\\\/#blogposting\",\"name\":\"Progetto Grands Esserts a Veyrier - immo!nvest - Die Plattform f\\u00fcr Standorte und Immobilien\",\"headline\":\"Progetto Grands Esserts a Veyrier\",\"author\":{\"@id\":\"https:\\\/\\\/www.immo-invest.ch\\\/it\\\/author\\\/immovestuser\\\/#author\"},\"publisher\":{\"@id\":\"https:\\\/\\\/www.immo-invest.ch\\\/it\\\/#organization\"},\"image\":{\"@type\":\"ImageObject\",\"url\":\"https:\\\/\\\/www.immo-invest.ch\\\/wp-content\\\/uploads\\\/2024\\\/07\\\/page_accueil_slide_2.jpg\",\"width\":1440,\"height\":960},\"datePublished\":\"2024-07-05T16:27:00+02:00\",\"dateModified\":\"2024-07-05T16:48:47+02:00\",\"inLanguage\":\"it-IT\",\"mainEntityOfPage\":{\"@id\":\"https:\\\/\\\/www.immo-invest.ch\\\/it\\\/projet-grands-esserts-a-veyrier\\\/#webpage\"},\"isPartOf\":{\"@id\":\"https:\\\/\\\/www.immo-invest.ch\\\/it\\\/projet-grands-esserts-a-veyrier\\\/#webpage\"},\"articleSection\":\"Genf, Mobilit\\u00e0, biodiversit\\u00e9, consultation participative, durabilit\\u00e9 \\u00e9cologique, esplanade Jean-Piaget, gen\\u00e8ve, Grands Esserts, immobilien, Immoinvest, immoNews, mobilit\\u00e9 douce, transports publics, Optional\"},{\"@type\":\"BreadcrumbList\",\"@id\":\"https:\\\/\\\/www.immo-invest.ch\\\/it\\\/projet-grands-esserts-a-veyrier\\\/#breadcrumblist\",\"itemListElement\":[{\"@type\":\"ListItem\",\"@id\":\"https:\\\/\\\/www.immo-invest.ch\\\/it\\\/#listItem\",\"position\":1,\"name\":\"Home\",\"item\":\"https:\\\/\\\/www.immo-invest.ch\\\/it\\\/\",\"nextItem\":{\"@type\":\"ListItem\",\"@id\":\"https:\\\/\\\/www.immo-invest.ch\\\/it\\\/categoria\\\/regioni\\\/#listItem\",\"name\":\"Regioni\"}},{\"@type\":\"ListItem\",\"@id\":\"https:\\\/\\\/www.immo-invest.ch\\\/it\\\/categoria\\\/regioni\\\/#listItem\",\"position\":2,\"name\":\"Regioni\",\"item\":\"https:\\\/\\\/www.immo-invest.ch\\\/it\\\/categoria\\\/regioni\\\/\",\"nextItem\":{\"@type\":\"ListItem\",\"@id\":\"https:\\\/\\\/www.immo-invest.ch\\\/it\\\/categoria\\\/regioni\\\/svizzera\\\/#listItem\",\"name\":\"Svizzera\"},\"previousItem\":{\"@type\":\"ListItem\",\"@id\":\"https:\\\/\\\/www.immo-invest.ch\\\/it\\\/#listItem\",\"name\":\"Home\"}},{\"@type\":\"ListItem\",\"@id\":\"https:\\\/\\\/www.immo-invest.ch\\\/it\\\/categoria\\\/regioni\\\/svizzera\\\/#listItem\",\"position\":3,\"name\":\"Svizzera\",\"item\":\"https:\\\/\\\/www.immo-invest.ch\\\/it\\\/categoria\\\/regioni\\\/svizzera\\\/\",\"nextItem\":{\"@type\":\"ListItem\",\"@id\":\"https:\\\/\\\/www.immo-invest.ch\\\/it\\\/categoria\\\/regioni\\\/svizzera\\\/regione-del-lago-di-ginevra\\\/#listItem\",\"name\":\"Regione del Lago di Ginevra\"},\"previousItem\":{\"@type\":\"ListItem\",\"@id\":\"https:\\\/\\\/www.immo-invest.ch\\\/it\\\/categoria\\\/regioni\\\/#listItem\",\"name\":\"Regioni\"}},{\"@type\":\"ListItem\",\"@id\":\"https:\\\/\\\/www.immo-invest.ch\\\/it\\\/categoria\\\/regioni\\\/svizzera\\\/regione-del-lago-di-ginevra\\\/#listItem\",\"position\":4,\"name\":\"Regione del Lago di Ginevra\",\"item\":\"https:\\\/\\\/www.immo-invest.ch\\\/it\\\/categoria\\\/regioni\\\/svizzera\\\/regione-del-lago-di-ginevra\\\/\",\"nextItem\":{\"@type\":\"ListItem\",\"@id\":\"https:\\\/\\\/www.immo-invest.ch\\\/it\\\/categoria\\\/regioni\\\/svizzera\\\/regione-del-lago-di-ginevra\\\/genf-it\\\/#listItem\",\"name\":\"Genf\"},\"previousItem\":{\"@type\":\"ListItem\",\"@id\":\"https:\\\/\\\/www.immo-invest.ch\\\/it\\\/categoria\\\/regioni\\\/svizzera\\\/#listItem\",\"name\":\"Svizzera\"}},{\"@type\":\"ListItem\",\"@id\":\"https:\\\/\\\/www.immo-invest.ch\\\/it\\\/categoria\\\/regioni\\\/svizzera\\\/regione-del-lago-di-ginevra\\\/genf-it\\\/#listItem\",\"position\":5,\"name\":\"Genf\",\"item\":\"https:\\\/\\\/www.immo-invest.ch\\\/it\\\/categoria\\\/regioni\\\/svizzera\\\/regione-del-lago-di-ginevra\\\/genf-it\\\/\",\"nextItem\":{\"@type\":\"ListItem\",\"@id\":\"https:\\\/\\\/www.immo-invest.ch\\\/it\\\/projet-grands-esserts-a-veyrier\\\/#listItem\",\"name\":\"Progetto Grands Esserts a Veyrier\"},\"previousItem\":{\"@type\":\"ListItem\",\"@id\":\"https:\\\/\\\/www.immo-invest.ch\\\/it\\\/categoria\\\/regioni\\\/svizzera\\\/regione-del-lago-di-ginevra\\\/#listItem\",\"name\":\"Regione del Lago di Ginevra\"}},{\"@type\":\"ListItem\",\"@id\":\"https:\\\/\\\/www.immo-invest.ch\\\/it\\\/projet-grands-esserts-a-veyrier\\\/#listItem\",\"position\":6,\"name\":\"Progetto Grands Esserts a Veyrier\",\"previousItem\":{\"@type\":\"ListItem\",\"@id\":\"https:\\\/\\\/www.immo-invest.ch\\\/it\\\/categoria\\\/regioni\\\/svizzera\\\/regione-del-lago-di-ginevra\\\/genf-it\\\/#listItem\",\"name\":\"Genf\"}}]},{\"@type\":\"Organization\",\"@id\":\"https:\\\/\\\/www.immo-invest.ch\\\/it\\\/#organization\",\"name\":\"immo!nvest - Die Plattform f\\u00fcr Standorte und Immobilien\",\"description\":\"Die\\u00a0Plattform f\\u00fcr Standorte und Immobilien\",\"url\":\"https:\\\/\\\/www.immo-invest.ch\\\/it\\\/\",\"email\":\"admin@immomedia.ag\",\"telephone\":\"+41444420002\",\"logo\":{\"@type\":\"ImageObject\",\"url\":\"https:\\\/\\\/www.immo-invest.ch\\\/wp-content\\\/uploads\\\/2024\\\/09\\\/immoinvest_sm-scaled.jpg\",\"@id\":\"https:\\\/\\\/www.immo-invest.ch\\\/it\\\/projet-grands-esserts-a-veyrier\\\/#organizationLogo\",\"width\":2560,\"height\":1340},\"image\":{\"@id\":\"https:\\\/\\\/www.immo-invest.ch\\\/it\\\/projet-grands-esserts-a-veyrier\\\/#organizationLogo\"},\"sameAs\":[\"https:\\\/\\\/www.facebook.com\\\/people\\\/Immoinvest\\\/100077962920504\\\/\",\"https:\\\/\\\/x.com\\\/i\\\/flow\\\/login?redirect_after_login=immoinvest_ch\",\"https:\\\/\\\/www.instagram.com\\\/immoinvest_ch\\\/\",\"https:\\\/\\\/www.linkedin.com\\\/company\\\/immoinvest-swiss\"]},{\"@type\":\"Person\",\"@id\":\"https:\\\/\\\/www.immo-invest.ch\\\/it\\\/author\\\/immovestuser\\\/#author\",\"url\":\"https:\\\/\\\/www.immo-invest.ch\\\/it\\\/author\\\/immovestuser\\\/\",\"name\":\"immovestuser\",\"image\":{\"@type\":\"ImageObject\",\"@id\":\"https:\\\/\\\/www.immo-invest.ch\\\/it\\\/projet-grands-esserts-a-veyrier\\\/#authorImage\",\"url\":\"https:\\\/\\\/secure.gravatar.com\\\/avatar\\\/8e01f4d99f2eeea7a362ebb93305e1172a70e9293ba250f897a65c39f54cdd1e?s=96&d=mm&r=g\",\"width\":96,\"height\":96,\"caption\":\"immovestuser\"}},{\"@type\":\"WebPage\",\"@id\":\"https:\\\/\\\/www.immo-invest.ch\\\/it\\\/projet-grands-esserts-a-veyrier\\\/#webpage\",\"url\":\"https:\\\/\\\/www.immo-invest.ch\\\/it\\\/projet-grands-esserts-a-veyrier\\\/\",\"name\":\"Progetto Grands Esserts a Veyrier - immo!nvest - Die Plattform f\\u00fcr Standorte und Immobilien\",\"description\":\"Il progetto Grands Esserts si estende su 12 ettari ed \\u00e8 sviluppato da enti pubblici e cooperative come la Caisse de pr\\u00e9voyance de l'Etat de Gen\\u00e8ve e la Fondation immobili\\u00e8re de la ville de Veyrier. L'obiettivo \\u00e8 quello di creare un modello urbano di vita, lavoro e sostenibilit\\u00e0 ecologica entro il 2030.\",\"inLanguage\":\"it-IT\",\"isPartOf\":{\"@id\":\"https:\\\/\\\/www.immo-invest.ch\\\/it\\\/#website\"},\"breadcrumb\":{\"@id\":\"https:\\\/\\\/www.immo-invest.ch\\\/it\\\/projet-grands-esserts-a-veyrier\\\/#breadcrumblist\"},\"author\":{\"@id\":\"https:\\\/\\\/www.immo-invest.ch\\\/it\\\/author\\\/immovestuser\\\/#author\"},\"creator\":{\"@id\":\"https:\\\/\\\/www.immo-invest.ch\\\/it\\\/author\\\/immovestuser\\\/#author\"},\"image\":{\"@type\":\"ImageObject\",\"url\":\"https:\\\/\\\/www.immo-invest.ch\\\/wp-content\\\/uploads\\\/2024\\\/07\\\/page_accueil_slide_2.jpg\",\"@id\":\"https:\\\/\\\/www.immo-invest.ch\\\/it\\\/projet-grands-esserts-a-veyrier\\\/#mainImage\",\"width\":1440,\"height\":960},\"primaryImageOfPage\":{\"@id\":\"https:\\\/\\\/www.immo-invest.ch\\\/it\\\/projet-grands-esserts-a-veyrier\\\/#mainImage\"},\"datePublished\":\"2024-07-05T16:27:00+02:00\",\"dateModified\":\"2024-07-05T16:48:47+02:00\"},{\"@type\":\"WebSite\",\"@id\":\"https:\\\/\\\/www.immo-invest.ch\\\/it\\\/#website\",\"url\":\"https:\\\/\\\/www.immo-invest.ch\\\/it\\\/\",\"name\":\"immo!nvest - Die Plattform f\\u00fcr Standorte und Immobilien\",\"description\":\"Die\\u00a0Plattform f\\u00fcr Standorte und Immobilien\",\"inLanguage\":\"it-IT\",\"publisher\":{\"@id\":\"https:\\\/\\\/www.immo-invest.ch\\\/it\\\/#organization\"}}]}\n\t\t<\/script>\n\t\t<!-- All in One SEO -->\n\n","aioseo_head_json":{"title":"Progetto Grands Esserts a Veyrier - immo!nvest - Die Plattform f\u00fcr Standorte und Immobilien","description":"Il progetto Grands Esserts si estende su 12 ettari ed \u00e8 sviluppato da enti pubblici e cooperative come la Caisse de pr\u00e9voyance de l'Etat de Gen\u00e8ve e la Fondation immobili\u00e8re de la ville de Veyrier. L'obiettivo \u00e8 quello di creare un modello urbano di vita, lavoro e sostenibilit\u00e0 ecologica entro il 2030.","canonical_url":"https:\/\/www.immo-invest.ch\/it\/projet-grands-esserts-a-veyrier\/","robots":"max-image-preview:large","keywords":"","webmasterTools":{"google-site-verification":"fHJKvgWpZCR2zVBHWfkQeFXC11qieUSff0HGNYfuyLA","miscellaneous":""},"schema":{"@context":"https:\/\/schema.org","@graph":[{"@type":"BlogPosting","@id":"https:\/\/www.immo-invest.ch\/it\/projet-grands-esserts-a-veyrier\/#blogposting","name":"Progetto Grands Esserts a Veyrier - immo!nvest - Die Plattform f\u00fcr Standorte und Immobilien","headline":"Progetto Grands Esserts a Veyrier","author":{"@id":"https:\/\/www.immo-invest.ch\/it\/author\/immovestuser\/#author"},"publisher":{"@id":"https:\/\/www.immo-invest.ch\/it\/#organization"},"image":{"@type":"ImageObject","url":"https:\/\/www.immo-invest.ch\/wp-content\/uploads\/2024\/07\/page_accueil_slide_2.jpg","width":1440,"height":960},"datePublished":"2024-07-05T16:27:00+02:00","dateModified":"2024-07-05T16:48:47+02:00","inLanguage":"it-IT","mainEntityOfPage":{"@id":"https:\/\/www.immo-invest.ch\/it\/projet-grands-esserts-a-veyrier\/#webpage"},"isPartOf":{"@id":"https:\/\/www.immo-invest.ch\/it\/projet-grands-esserts-a-veyrier\/#webpage"},"articleSection":"Genf, Mobilit\u00e0, biodiversit\u00e9, consultation participative, durabilit\u00e9 \u00e9cologique, esplanade Jean-Piaget, gen\u00e8ve, Grands Esserts, immobilien, Immoinvest, immoNews, mobilit\u00e9 douce, transports publics, Optional"},{"@type":"BreadcrumbList","@id":"https:\/\/www.immo-invest.ch\/it\/projet-grands-esserts-a-veyrier\/#breadcrumblist","itemListElement":[{"@type":"ListItem","@id":"https:\/\/www.immo-invest.ch\/it\/#listItem","position":1,"name":"Home","item":"https:\/\/www.immo-invest.ch\/it\/","nextItem":{"@type":"ListItem","@id":"https:\/\/www.immo-invest.ch\/it\/categoria\/regioni\/#listItem","name":"Regioni"}},{"@type":"ListItem","@id":"https:\/\/www.immo-invest.ch\/it\/categoria\/regioni\/#listItem","position":2,"name":"Regioni","item":"https:\/\/www.immo-invest.ch\/it\/categoria\/regioni\/","nextItem":{"@type":"ListItem","@id":"https:\/\/www.immo-invest.ch\/it\/categoria\/regioni\/svizzera\/#listItem","name":"Svizzera"},"previousItem":{"@type":"ListItem","@id":"https:\/\/www.immo-invest.ch\/it\/#listItem","name":"Home"}},{"@type":"ListItem","@id":"https:\/\/www.immo-invest.ch\/it\/categoria\/regioni\/svizzera\/#listItem","position":3,"name":"Svizzera","item":"https:\/\/www.immo-invest.ch\/it\/categoria\/regioni\/svizzera\/","nextItem":{"@type":"ListItem","@id":"https:\/\/www.immo-invest.ch\/it\/categoria\/regioni\/svizzera\/regione-del-lago-di-ginevra\/#listItem","name":"Regione del Lago di Ginevra"},"previousItem":{"@type":"ListItem","@id":"https:\/\/www.immo-invest.ch\/it\/categoria\/regioni\/#listItem","name":"Regioni"}},{"@type":"ListItem","@id":"https:\/\/www.immo-invest.ch\/it\/categoria\/regioni\/svizzera\/regione-del-lago-di-ginevra\/#listItem","position":4,"name":"Regione del Lago di Ginevra","item":"https:\/\/www.immo-invest.ch\/it\/categoria\/regioni\/svizzera\/regione-del-lago-di-ginevra\/","nextItem":{"@type":"ListItem","@id":"https:\/\/www.immo-invest.ch\/it\/categoria\/regioni\/svizzera\/regione-del-lago-di-ginevra\/genf-it\/#listItem","name":"Genf"},"previousItem":{"@type":"ListItem","@id":"https:\/\/www.immo-invest.ch\/it\/categoria\/regioni\/svizzera\/#listItem","name":"Svizzera"}},{"@type":"ListItem","@id":"https:\/\/www.immo-invest.ch\/it\/categoria\/regioni\/svizzera\/regione-del-lago-di-ginevra\/genf-it\/#listItem","position":5,"name":"Genf","item":"https:\/\/www.immo-invest.ch\/it\/categoria\/regioni\/svizzera\/regione-del-lago-di-ginevra\/genf-it\/","nextItem":{"@type":"ListItem","@id":"https:\/\/www.immo-invest.ch\/it\/projet-grands-esserts-a-veyrier\/#listItem","name":"Progetto Grands Esserts a Veyrier"},"previousItem":{"@type":"ListItem","@id":"https:\/\/www.immo-invest.ch\/it\/categoria\/regioni\/svizzera\/regione-del-lago-di-ginevra\/#listItem","name":"Regione del Lago di Ginevra"}},{"@type":"ListItem","@id":"https:\/\/www.immo-invest.ch\/it\/projet-grands-esserts-a-veyrier\/#listItem","position":6,"name":"Progetto Grands Esserts a Veyrier","previousItem":{"@type":"ListItem","@id":"https:\/\/www.immo-invest.ch\/it\/categoria\/regioni\/svizzera\/regione-del-lago-di-ginevra\/genf-it\/#listItem","name":"Genf"}}]},{"@type":"Organization","@id":"https:\/\/www.immo-invest.ch\/it\/#organization","name":"immo!nvest - Die Plattform f\u00fcr Standorte und Immobilien","description":"Die\u00a0Plattform f\u00fcr Standorte und Immobilien","url":"https:\/\/www.immo-invest.ch\/it\/","email":"admin@immomedia.ag","telephone":"+41444420002","logo":{"@type":"ImageObject","url":"https:\/\/www.immo-invest.ch\/wp-content\/uploads\/2024\/09\/immoinvest_sm-scaled.jpg","@id":"https:\/\/www.immo-invest.ch\/it\/projet-grands-esserts-a-veyrier\/#organizationLogo","width":2560,"height":1340},"image":{"@id":"https:\/\/www.immo-invest.ch\/it\/projet-grands-esserts-a-veyrier\/#organizationLogo"},"sameAs":["https:\/\/www.facebook.com\/people\/Immoinvest\/100077962920504\/","https:\/\/x.com\/i\/flow\/login?redirect_after_login=immoinvest_ch","https:\/\/www.instagram.com\/immoinvest_ch\/","https:\/\/www.linkedin.com\/company\/immoinvest-swiss"]},{"@type":"Person","@id":"https:\/\/www.immo-invest.ch\/it\/author\/immovestuser\/#author","url":"https:\/\/www.immo-invest.ch\/it\/author\/immovestuser\/","name":"immovestuser","image":{"@type":"ImageObject","@id":"https:\/\/www.immo-invest.ch\/it\/projet-grands-esserts-a-veyrier\/#authorImage","url":"https:\/\/secure.gravatar.com\/avatar\/8e01f4d99f2eeea7a362ebb93305e1172a70e9293ba250f897a65c39f54cdd1e?s=96&d=mm&r=g","width":96,"height":96,"caption":"immovestuser"}},{"@type":"WebPage","@id":"https:\/\/www.immo-invest.ch\/it\/projet-grands-esserts-a-veyrier\/#webpage","url":"https:\/\/www.immo-invest.ch\/it\/projet-grands-esserts-a-veyrier\/","name":"Progetto Grands Esserts a Veyrier - immo!nvest - Die Plattform f\u00fcr Standorte und Immobilien","description":"Il progetto Grands Esserts si estende su 12 ettari ed \u00e8 sviluppato da enti pubblici e cooperative come la Caisse de pr\u00e9voyance de l'Etat de Gen\u00e8ve e la Fondation immobili\u00e8re de la ville de Veyrier. L'obiettivo \u00e8 quello di creare un modello urbano di vita, lavoro e sostenibilit\u00e0 ecologica entro il 2030.","inLanguage":"it-IT","isPartOf":{"@id":"https:\/\/www.immo-invest.ch\/it\/#website"},"breadcrumb":{"@id":"https:\/\/www.immo-invest.ch\/it\/projet-grands-esserts-a-veyrier\/#breadcrumblist"},"author":{"@id":"https:\/\/www.immo-invest.ch\/it\/author\/immovestuser\/#author"},"creator":{"@id":"https:\/\/www.immo-invest.ch\/it\/author\/immovestuser\/#author"},"image":{"@type":"ImageObject","url":"https:\/\/www.immo-invest.ch\/wp-content\/uploads\/2024\/07\/page_accueil_slide_2.jpg","@id":"https:\/\/www.immo-invest.ch\/it\/projet-grands-esserts-a-veyrier\/#mainImage","width":1440,"height":960},"primaryImageOfPage":{"@id":"https:\/\/www.immo-invest.ch\/it\/projet-grands-esserts-a-veyrier\/#mainImage"},"datePublished":"2024-07-05T16:27:00+02:00","dateModified":"2024-07-05T16:48:47+02:00"},{"@type":"WebSite","@id":"https:\/\/www.immo-invest.ch\/it\/#website","url":"https:\/\/www.immo-invest.ch\/it\/","name":"immo!nvest - Die Plattform f\u00fcr Standorte und Immobilien","description":"Die\u00a0Plattform f\u00fcr Standorte und Immobilien","inLanguage":"it-IT","publisher":{"@id":"https:\/\/www.immo-invest.ch\/it\/#organization"}}]},"og:locale":"it_IT","og:site_name":"immo!nvest - Die Plattform f\u00fcr Standorte und Immobilien - Die\u00a0Plattform f\u00fcr Standorte und Immobilien","og:type":"article","og:title":"Progetto Grands Esserts a Veyrier - immo!nvest - Die Plattform f\u00fcr Standorte und Immobilien","og:description":"Il progetto Grands Esserts si estende su 12 ettari ed \u00e8 sviluppato da enti pubblici e cooperative come la Caisse de pr\u00e9voyance de l'Etat de Gen\u00e8ve e la Fondation immobili\u00e8re de la ville de Veyrier. L'obiettivo \u00e8 quello di creare un modello urbano di vita, lavoro e sostenibilit\u00e0 ecologica entro il 2030.","og:url":"https:\/\/www.immo-invest.ch\/it\/projet-grands-esserts-a-veyrier\/","og:image":"https:\/\/www.immo-invest.ch\/wp-content\/uploads\/2024\/07\/page_accueil_slide_2.jpg","og:image:secure_url":"https:\/\/www.immo-invest.ch\/wp-content\/uploads\/2024\/07\/page_accueil_slide_2.jpg","og:image:width":1440,"og:image:height":960,"article:published_time":"2024-07-05T14:27:00+00:00","article:modified_time":"2024-07-05T14:48:47+00:00","article:publisher":"https:\/\/www.facebook.com\/people\/Immoinvest\/100077962920504\/","twitter:card":"summary_large_image","twitter:site":"@i","twitter:title":"Progetto Grands Esserts a Veyrier - immo!nvest - Die Plattform f\u00fcr Standorte und Immobilien","twitter:description":"Il progetto Grands Esserts si estende su 12 ettari ed \u00e8 sviluppato da enti pubblici e cooperative come la Caisse de pr\u00e9voyance de l'Etat de Gen\u00e8ve e la Fondation immobili\u00e8re de la ville de Veyrier. L'obiettivo \u00e8 quello di creare un modello urbano di vita, lavoro e sostenibilit\u00e0 ecologica entro il 2030.","twitter:creator":"@i","twitter:image":"https:\/\/www.immo-invest.ch\/wp-content\/uploads\/2024\/07\/page_accueil_slide_2.jpg"},"aioseo_meta_data":{"post_id":"105039","title":null,"description":null,"keywords":null,"keyphrases":null,"primary_term":null,"canonical_url":null,"og_title":null,"og_description":null,"og_object_type":"default","og_image_type":"default","og_image_url":null,"og_image_width":null,"og_image_height":null,"og_image_custom_url":null,"og_image_custom_fields":null,"og_video":null,"og_custom_url":null,"og_article_section":null,"og_article_tags":null,"twitter_use_og":false,"twitter_card":"default","twitter_image_type":"default","twitter_image_url":null,"twitter_image_custom_url":null,"twitter_image_custom_fields":null,"twitter_title":null,"twitter_description":null,"schema":{"blockGraphs":[],"customGraphs":[],"default":{"data":{"Article":[],"Course":[],"Dataset":[],"FAQPage":[],"Movie":[],"Person":[],"Product":[],"ProductReview":[],"Car":[],"Recipe":[],"Service":[],"SoftwareApplication":[],"WebPage":[]},"graphName":"","isEnabled":true},"graphs":[]},"schema_type":"default","schema_type_options":null,"pillar_content":false,"robots_default":true,"robots_noindex":false,"robots_noarchive":false,"robots_nosnippet":false,"robots_nofollow":false,"robots_noimageindex":false,"robots_noodp":false,"robots_notranslate":false,"robots_max_snippet":null,"robots_max_videopreview":null,"robots_max_imagepreview":"large","priority":null,"frequency":null,"local_seo":null,"breadcrumb_settings":null,"limit_modified_date":false,"ai":null,"created":"2024-09-20 23:04:59","updated":"2025-10-24 05:23:27","seo_analyzer_scan_date":null,"focus_keyword":null,"additional_keywords":null,"truseo_locale":null},"aioseo_breadcrumb":"<div class=\"aioseo-breadcrumbs\"><span class=\"aioseo-breadcrumb\">\n\t\t\t<a href=\"https:\/\/www.immo-invest.ch\/it\/\" title=\"Home\">Home<\/a>\n\t\t<\/span><span class=\"aioseo-breadcrumb-separator\">&raquo;<\/span><span class=\"aioseo-breadcrumb\">\n\t\t\t<a href=\"https:\/\/www.immo-invest.ch\/it\/categoria\/regioni\/\" title=\"Regioni\">Regioni<\/a>\n\t\t<\/span><span class=\"aioseo-breadcrumb-separator\">&raquo;<\/span><span class=\"aioseo-breadcrumb\">\n\t\t\t<a href=\"https:\/\/www.immo-invest.ch\/it\/categoria\/regioni\/svizzera\/\" title=\"Svizzera\">Svizzera<\/a>\n\t\t<\/span><span class=\"aioseo-breadcrumb-separator\">&raquo;<\/span><span class=\"aioseo-breadcrumb\">\n\t\t\t<a href=\"https:\/\/www.immo-invest.ch\/it\/categoria\/regioni\/svizzera\/regione-del-lago-di-ginevra\/\" title=\"Regione del Lago di Ginevra\">Regione del Lago di Ginevra<\/a>\n\t\t<\/span><span class=\"aioseo-breadcrumb-separator\">&raquo;<\/span><span class=\"aioseo-breadcrumb\">\n\t\t\t<a href=\"https:\/\/www.immo-invest.ch\/it\/categoria\/regioni\/svizzera\/regione-del-lago-di-ginevra\/genf-it\/\" title=\"Genf\">Genf<\/a>\n\t\t<\/span><span class=\"aioseo-breadcrumb-separator\">&raquo;<\/span><span class=\"aioseo-breadcrumb\">\n\t\t\tProgetto Grands Esserts a Veyrier\n\t\t<\/span><\/div>","aioseo_breadcrumb_json":[{"label":"Home","link":"https:\/\/www.immo-invest.ch\/it\/"},{"label":"Regioni","link":"https:\/\/www.immo-invest.ch\/it\/categoria\/regioni\/"},{"label":"Svizzera","link":"https:\/\/www.immo-invest.ch\/it\/categoria\/regioni\/svizzera\/"},{"label":"Regione del Lago di Ginevra","link":"https:\/\/www.immo-invest.ch\/it\/categoria\/regioni\/svizzera\/regione-del-lago-di-ginevra\/"},{"label":"Genf","link":"https:\/\/www.immo-invest.ch\/it\/categoria\/regioni\/svizzera\/regione-del-lago-di-ginevra\/genf-it\/"},{"label":"Progetto Grands Esserts a Veyrier","link":"https:\/\/www.immo-invest.ch\/it\/projet-grands-esserts-a-veyrier\/"}],"featured_image_src":"https:\/\/www.immo-invest.ch\/wp-content\/uploads\/2024\/07\/page_accueil_slide_2-336x168.jpg","_links":{"self":[{"href":"https:\/\/www.immo-invest.ch\/it\/wp-json\/wp\/v2\/posts\/105039","targetHints":{"allow":["GET"]}}],"collection":[{"href":"https:\/\/www.immo-invest.ch\/it\/wp-json\/wp\/v2\/posts"}],"about":[{"href":"https:\/\/www.immo-invest.ch\/it\/wp-json\/wp\/v2\/types\/post"}],"author":[{"embeddable":true,"href":"https:\/\/www.immo-invest.ch\/it\/wp-json\/wp\/v2\/users\/2"}],"replies":[{"embeddable":true,"href":"https:\/\/www.immo-invest.ch\/it\/wp-json\/wp\/v2\/comments?post=105039"}],"version-history":[{"count":0,"href":"https:\/\/www.immo-invest.ch\/it\/wp-json\/wp\/v2\/posts\/105039\/revisions"}],"wp:featuredmedia":[{"embeddable":true,"href":"https:\/\/www.immo-invest.ch\/it\/wp-json\/wp\/v2\/media\/104939"}],"wp:attachment":[{"href":"https:\/\/www.immo-invest.ch\/it\/wp-json\/wp\/v2\/media?parent=105039"}],"wp:term":[{"taxonomy":"category","embeddable":true,"href":"https:\/\/www.immo-invest.ch\/it\/wp-json\/wp\/v2\/categories?post=105039"},{"taxonomy":"post_tag","embeddable":true,"href":"https:\/\/www.immo-invest.ch\/it\/wp-json\/wp\/v2\/tags?post=105039"}],"curies":[{"name":"wp","href":"https:\/\/api.w.org\/{rel}","templated":true}]}}