{"id":105030,"date":"2024-07-05T16:24:57","date_gmt":"2024-07-05T14:24:57","guid":{"rendered":"https:\/\/www.immo-invest.ch\/developpement-urbain-du-grand-projet-des-communaux-dambilly\/"},"modified":"2024-07-05T16:46:38","modified_gmt":"2024-07-05T14:46:38","slug":"developpement-urbain-du-grand-projet-des-communaux-dambilly","status":"publish","type":"post","link":"https:\/\/www.immo-invest.ch\/it\/developpement-urbain-du-grand-projet-des-communaux-dambilly\/","title":{"rendered":"Sviluppo urbano del grande progetto Communaux d&#8217;Ambilly"},"content":{"rendered":"<p class=\"wp-block-paragraph\">Il grande progetto Communaux d&rsquo;Ambilly, ora noto come quartiere Belle-Terre, prevede l&rsquo;urbanizzazione di un&rsquo;area di 36 ettari nel comune di Th&ocirc;nex.<br>Si prevede la costruzione di circa 2.400 nuove abitazioni entro il 2030. Questo progetto di sviluppo urbano offre una delle poche opportunit&agrave; di terreno importanti nel primo anello della riva sinistra dell&rsquo;agglomerato di Ginevra. Grazie alla sua vicinanza alle stazioni L&eacute;man Express di Ch&ecirc;ne-Bourg e Annemasse, l&rsquo;area sar&agrave; perfettamente collegata all&rsquo;intera conurbazione e alla regione.<\/p>\n\n\n\n<p class=\"wp-block-paragraph\"><br>L<strong>e fasi di sviluppo<\/strong> La prima fase del progetto, basata su un Piano Locale di Quartiere (PLQ) adottato nel 2011, ha visto la costruzione di circa 670 abitazioni, oltre a negozi, servizi locali, una scuola e ampi spazi pubblici. Questa fase ha incluso anche la creazione di un allineamento centrale di 180 alberi ad alto fusto.<br>L&rsquo;accesso al sito &egrave; garantito da due nuove strade: Chauss&eacute;e des Cornouillers e All&eacute;e Belle-Terre. La seconda fase &egrave; attualmente in fase di preparazione, con piani per sviluppare altre 1.000 abitazioni e nuovi servizi entro il 2028. La terza fase dovrebbe vedere la costruzione di altre 1.000 abitazioni entro il 2030. Questi sviluppi saranno supportati dallo sviluppo del trasporto pubblico, in particolare da una linea BRT (Bus Rapid Transit), e dall&rsquo;ampliamento delle infrastrutture scolastiche.<\/p>\n\n\n\n<p class=\"wp-block-paragraph\"><br>P<strong>ianificazione partecipativa<\/strong> Un aspetto centrale del progetto Belle-Terre &egrave; il processo di pianificazione partecipativa. Questo permette ai residenti e agli utenti attuali e futuri dell&rsquo;area di contribuire con le loro esperienze e idee allo sviluppo del progetto. Questo approccio partecipativo favorisce la buona convivenza e lo sviluppo sostenibile del quartiere.<\/p>\n\n\n\n<p class=\"wp-block-paragraph\"><br>U<strong>n approccio ecologico<\/strong> Il distretto di Belle-Terre attribuisce grande importanza alla sostenibilit&agrave; e alla tutela dell&rsquo;ambiente. il 50% dell&rsquo;area &egrave; dedicato alla natura, sono stati piantati oltre 450 nuovi alberi ed &egrave; stato creato un bosco partecipativo. L&rsquo;energia geotermica e i pannelli solari coprono il 90% del fabbisogno energetico, mentre fossati, tetti verdi e superfici permeabili ottimizzano il ciclo dell&rsquo;acqua.<br>Un impressionante 95% del materiale di scavo &egrave; stato riutilizzato in loco, riducendo notevolmente l&rsquo;impatto ambientale. Lo sviluppo del quartiere comprende un mix armonioso di cortili rurali e passeggiate piantumate che creano continuit&agrave; paesaggistica e collegano il quartiere al fiume Seymaz e al margine della foresta Belle-Id&eacute;e.<\/p>\n","protected":false},"excerpt":{"rendered":"<p>Il quartiere Belle-Terre di Th\u00f4nex, un importante progetto dei Communaux d&#8217;Ambilly, prevede la creazione di 2.400 nuovi alloggi entro il 2030.<br \/>\nQuesto progetto di sviluppo urbano \u00e8 un punto di riferimento per lo sviluppo sostenibile e la pianificazione partecipativa.<\/p>\n","protected":false},"author":2,"featured_media":104927,"comment_status":"open","ping_status":"open","sticky":false,"template":"","format":"standard","meta":{"pmpro_default_level":"0","inline_featured_image":false,"_monsterinsights_skip_tracking":false,"footnotes":""},"categories":[47532,22704,22700],"tags":[48264,48266,852,867,3935,48268,48271,48273],"class_list":["post-105030","post","type-post","status-publish","format-standard","has-post-thumbnail","hentry","category-genf-it","category-mobilita","category-sostenibilita","tag-environnement-it","tag-geothermie-2-it","tag-immobilien-it","tag-immoinvest-it","tag-immonews-it","tag-planification-participative-it","tag-reutilisation-des-materiaux-it","tag-transports-en-commun-it","pmpro-has-access"],"acf":{"bild_mit_ki_erstellt_worden":[],"lead":"Il quartiere Belle-Terre di Th\u00f4nex, un importante progetto dei Communaux d'Ambilly, prevede la creazione di 2.400 nuovi alloggi entro il 2030.\r\nQuesto progetto di sviluppo urbano \u00e8 un punto di riferimento per lo sviluppo sostenibile e la pianificazione partecipativa.","autor":"Texte: Karin Ibach, Source: Gen\u00e8ve, Image: ge.ch","ort":"","bildunterschrift":"","bild_im_grid":false,"gallerie":"","newsim":""},"aioseo_notices":[],"aioseo_head":"\n\t\t<!-- All in One SEO 5.0.0.1 - aioseo.com -->\n\t<meta name=\"description\" content=\"Il quartiere Belle-Terre di Th\u00f4nex, un importante progetto dei Communaux d&#039;Ambilly, prevede la creazione di 2.400 nuovi alloggi entro il 2030. Questo progetto di sviluppo urbano \u00e8 un punto di riferimento per lo sviluppo sostenibile e la pianificazione partecipativa.\" \/>\n\t<meta name=\"robots\" content=\"max-image-preview:large\" \/>\n\t<meta name=\"author\" content=\"immovestuser\"\/>\n\t<meta name=\"google-site-verification\" content=\"fHJKvgWpZCR2zVBHWfkQeFXC11qieUSff0HGNYfuyLA\" \/>\n\t<link rel=\"canonical\" href=\"https:\/\/www.immo-invest.ch\/it\/developpement-urbain-du-grand-projet-des-communaux-dambilly\/\" \/>\n\t<meta name=\"generator\" content=\"All in One SEO (AIOSEO) 5.0.0.1\" \/>\n\t\t<meta property=\"og:locale\" content=\"it_IT\" \/>\n\t\t<meta property=\"og:site_name\" content=\"immo!nvest - Die Plattform f\u00fcr Standorte und Immobilien - Die\u00a0Plattform f\u00fcr Standorte und Immobilien\" \/>\n\t\t<meta property=\"og:type\" content=\"article\" \/>\n\t\t<meta property=\"og:title\" content=\"Sviluppo urbano del grande progetto Communaux d\u2019Ambilly - immo!nvest - Die Plattform f\u00fcr Standorte und Immobilien\" \/>\n\t\t<meta property=\"og:description\" content=\"Il quartiere Belle-Terre di Th\u00f4nex, un importante progetto dei Communaux d&#039;Ambilly, prevede la creazione di 2.400 nuovi alloggi entro il 2030. Questo progetto di sviluppo urbano \u00e8 un punto di riferimento per lo sviluppo sostenibile e la pianificazione partecipativa.\" \/>\n\t\t<meta property=\"og:url\" content=\"https:\/\/www.immo-invest.ch\/it\/developpement-urbain-du-grand-projet-des-communaux-dambilly\/\" \/>\n\t\t<meta property=\"og:image\" content=\"https:\/\/www.immo-invest.ch\/wp-content\/uploads\/2024\/07\/11_-_cours_champetre-transformed.jpeg\" \/>\n\t\t<meta property=\"og:image:secure_url\" content=\"https:\/\/www.immo-invest.ch\/wp-content\/uploads\/2024\/07\/11_-_cours_champetre-transformed.jpeg\" \/>\n\t\t<meta property=\"og:image:width\" content=\"1460\" \/>\n\t\t<meta property=\"og:image:height\" content=\"648\" \/>\n\t\t<meta property=\"article:published_time\" content=\"2024-07-05T14:24:57+00:00\" \/>\n\t\t<meta property=\"article:modified_time\" content=\"2024-07-05T14:46:38+00:00\" \/>\n\t\t<meta property=\"article:publisher\" content=\"https:\/\/www.facebook.com\/people\/Immoinvest\/100077962920504\/\" \/>\n\t\t<meta name=\"twitter:card\" content=\"summary_large_image\" \/>\n\t\t<meta name=\"twitter:site\" content=\"@i\" \/>\n\t\t<meta name=\"twitter:title\" content=\"Sviluppo urbano del grande progetto Communaux d\u2019Ambilly - immo!nvest - Die Plattform f\u00fcr Standorte und Immobilien\" \/>\n\t\t<meta name=\"twitter:description\" content=\"Il quartiere Belle-Terre di Th\u00f4nex, un importante progetto dei Communaux d&#039;Ambilly, prevede la creazione di 2.400 nuovi alloggi entro il 2030. Questo progetto di sviluppo urbano \u00e8 un punto di riferimento per lo sviluppo sostenibile e la pianificazione partecipativa.\" \/>\n\t\t<meta name=\"twitter:creator\" content=\"@i\" \/>\n\t\t<meta name=\"twitter:image\" content=\"https:\/\/www.immo-invest.ch\/wp-content\/uploads\/2024\/07\/11_-_cours_champetre-transformed.jpeg\" \/>\n\t\t<script type=\"application\/ld+json\" class=\"aioseo-schema\">\n\t\t\t{\"@context\":\"https:\\\/\\\/schema.org\",\"@graph\":[{\"@type\":\"BlogPosting\",\"@id\":\"https:\\\/\\\/www.immo-invest.ch\\\/it\\\/developpement-urbain-du-grand-projet-des-communaux-dambilly\\\/#blogposting\",\"name\":\"Sviluppo urbano del grande progetto Communaux d\\u2019Ambilly - immo!nvest - Die Plattform f\\u00fcr Standorte und Immobilien\",\"headline\":\"Sviluppo urbano del grande progetto Communaux d&#8217;Ambilly\",\"author\":{\"@id\":\"https:\\\/\\\/www.immo-invest.ch\\\/it\\\/author\\\/immovestuser\\\/#author\"},\"publisher\":{\"@id\":\"https:\\\/\\\/www.immo-invest.ch\\\/it\\\/#organization\"},\"image\":{\"@type\":\"ImageObject\",\"url\":\"https:\\\/\\\/www.immo-invest.ch\\\/wp-content\\\/uploads\\\/2024\\\/07\\\/11_-_cours_champetre-transformed.jpeg\",\"width\":1460,\"height\":648},\"datePublished\":\"2024-07-05T16:24:57+02:00\",\"dateModified\":\"2024-07-05T16:46:38+02:00\",\"inLanguage\":\"it-IT\",\"mainEntityOfPage\":{\"@id\":\"https:\\\/\\\/www.immo-invest.ch\\\/it\\\/developpement-urbain-du-grand-projet-des-communaux-dambilly\\\/#webpage\"},\"isPartOf\":{\"@id\":\"https:\\\/\\\/www.immo-invest.ch\\\/it\\\/developpement-urbain-du-grand-projet-des-communaux-dambilly\\\/#webpage\"},\"articleSection\":\"Genf, Mobilit\\u00e0, Sostenibilit\\u00e0, environnement, g\\u00e9othermie, immobilien, Immoinvest, immoNews, planification participative, r\\u00e9utilisation des mat\\u00e9riaux, transports en commun, Optional\"},{\"@type\":\"BreadcrumbList\",\"@id\":\"https:\\\/\\\/www.immo-invest.ch\\\/it\\\/developpement-urbain-du-grand-projet-des-communaux-dambilly\\\/#breadcrumblist\",\"itemListElement\":[{\"@type\":\"ListItem\",\"@id\":\"https:\\\/\\\/www.immo-invest.ch\\\/it\\\/#listItem\",\"position\":1,\"name\":\"Home\",\"item\":\"https:\\\/\\\/www.immo-invest.ch\\\/it\\\/\",\"nextItem\":{\"@type\":\"ListItem\",\"@id\":\"https:\\\/\\\/www.immo-invest.ch\\\/it\\\/categoria\\\/regioni\\\/#listItem\",\"name\":\"Regioni\"}},{\"@type\":\"ListItem\",\"@id\":\"https:\\\/\\\/www.immo-invest.ch\\\/it\\\/categoria\\\/regioni\\\/#listItem\",\"position\":2,\"name\":\"Regioni\",\"item\":\"https:\\\/\\\/www.immo-invest.ch\\\/it\\\/categoria\\\/regioni\\\/\",\"nextItem\":{\"@type\":\"ListItem\",\"@id\":\"https:\\\/\\\/www.immo-invest.ch\\\/it\\\/categoria\\\/regioni\\\/svizzera\\\/#listItem\",\"name\":\"Svizzera\"},\"previousItem\":{\"@type\":\"ListItem\",\"@id\":\"https:\\\/\\\/www.immo-invest.ch\\\/it\\\/#listItem\",\"name\":\"Home\"}},{\"@type\":\"ListItem\",\"@id\":\"https:\\\/\\\/www.immo-invest.ch\\\/it\\\/categoria\\\/regioni\\\/svizzera\\\/#listItem\",\"position\":3,\"name\":\"Svizzera\",\"item\":\"https:\\\/\\\/www.immo-invest.ch\\\/it\\\/categoria\\\/regioni\\\/svizzera\\\/\",\"nextItem\":{\"@type\":\"ListItem\",\"@id\":\"https:\\\/\\\/www.immo-invest.ch\\\/it\\\/categoria\\\/regioni\\\/svizzera\\\/regione-del-lago-di-ginevra\\\/#listItem\",\"name\":\"Regione del Lago di Ginevra\"},\"previousItem\":{\"@type\":\"ListItem\",\"@id\":\"https:\\\/\\\/www.immo-invest.ch\\\/it\\\/categoria\\\/regioni\\\/#listItem\",\"name\":\"Regioni\"}},{\"@type\":\"ListItem\",\"@id\":\"https:\\\/\\\/www.immo-invest.ch\\\/it\\\/categoria\\\/regioni\\\/svizzera\\\/regione-del-lago-di-ginevra\\\/#listItem\",\"position\":4,\"name\":\"Regione del Lago di Ginevra\",\"item\":\"https:\\\/\\\/www.immo-invest.ch\\\/it\\\/categoria\\\/regioni\\\/svizzera\\\/regione-del-lago-di-ginevra\\\/\",\"nextItem\":{\"@type\":\"ListItem\",\"@id\":\"https:\\\/\\\/www.immo-invest.ch\\\/it\\\/categoria\\\/regioni\\\/svizzera\\\/regione-del-lago-di-ginevra\\\/genf-it\\\/#listItem\",\"name\":\"Genf\"},\"previousItem\":{\"@type\":\"ListItem\",\"@id\":\"https:\\\/\\\/www.immo-invest.ch\\\/it\\\/categoria\\\/regioni\\\/svizzera\\\/#listItem\",\"name\":\"Svizzera\"}},{\"@type\":\"ListItem\",\"@id\":\"https:\\\/\\\/www.immo-invest.ch\\\/it\\\/categoria\\\/regioni\\\/svizzera\\\/regione-del-lago-di-ginevra\\\/genf-it\\\/#listItem\",\"position\":5,\"name\":\"Genf\",\"item\":\"https:\\\/\\\/www.immo-invest.ch\\\/it\\\/categoria\\\/regioni\\\/svizzera\\\/regione-del-lago-di-ginevra\\\/genf-it\\\/\",\"nextItem\":{\"@type\":\"ListItem\",\"@id\":\"https:\\\/\\\/www.immo-invest.ch\\\/it\\\/developpement-urbain-du-grand-projet-des-communaux-dambilly\\\/#listItem\",\"name\":\"Sviluppo urbano del grande progetto Communaux d&#8217;Ambilly\"},\"previousItem\":{\"@type\":\"ListItem\",\"@id\":\"https:\\\/\\\/www.immo-invest.ch\\\/it\\\/categoria\\\/regioni\\\/svizzera\\\/regione-del-lago-di-ginevra\\\/#listItem\",\"name\":\"Regione del Lago di Ginevra\"}},{\"@type\":\"ListItem\",\"@id\":\"https:\\\/\\\/www.immo-invest.ch\\\/it\\\/developpement-urbain-du-grand-projet-des-communaux-dambilly\\\/#listItem\",\"position\":6,\"name\":\"Sviluppo urbano del grande progetto Communaux d&#8217;Ambilly\",\"previousItem\":{\"@type\":\"ListItem\",\"@id\":\"https:\\\/\\\/www.immo-invest.ch\\\/it\\\/categoria\\\/regioni\\\/svizzera\\\/regione-del-lago-di-ginevra\\\/genf-it\\\/#listItem\",\"name\":\"Genf\"}}]},{\"@type\":\"Organization\",\"@id\":\"https:\\\/\\\/www.immo-invest.ch\\\/it\\\/#organization\",\"name\":\"immo!nvest - Die Plattform f\\u00fcr Standorte und Immobilien\",\"description\":\"Die\\u00a0Plattform f\\u00fcr Standorte und Immobilien\",\"url\":\"https:\\\/\\\/www.immo-invest.ch\\\/it\\\/\",\"email\":\"admin@immomedia.ag\",\"telephone\":\"+41444420002\",\"logo\":{\"@type\":\"ImageObject\",\"url\":\"https:\\\/\\\/www.immo-invest.ch\\\/wp-content\\\/uploads\\\/2024\\\/09\\\/immoinvest_sm-scaled.jpg\",\"@id\":\"https:\\\/\\\/www.immo-invest.ch\\\/it\\\/developpement-urbain-du-grand-projet-des-communaux-dambilly\\\/#organizationLogo\",\"width\":2560,\"height\":1340},\"image\":{\"@id\":\"https:\\\/\\\/www.immo-invest.ch\\\/it\\\/developpement-urbain-du-grand-projet-des-communaux-dambilly\\\/#organizationLogo\"},\"sameAs\":[\"https:\\\/\\\/www.facebook.com\\\/people\\\/Immoinvest\\\/100077962920504\\\/\",\"https:\\\/\\\/x.com\\\/i\\\/flow\\\/login?redirect_after_login=immoinvest_ch\",\"https:\\\/\\\/www.instagram.com\\\/immoinvest_ch\\\/\",\"https:\\\/\\\/www.linkedin.com\\\/company\\\/immoinvest-swiss\"]},{\"@type\":\"Person\",\"@id\":\"https:\\\/\\\/www.immo-invest.ch\\\/it\\\/author\\\/immovestuser\\\/#author\",\"url\":\"https:\\\/\\\/www.immo-invest.ch\\\/it\\\/author\\\/immovestuser\\\/\",\"name\":\"immovestuser\",\"image\":{\"@type\":\"ImageObject\",\"@id\":\"https:\\\/\\\/www.immo-invest.ch\\\/it\\\/developpement-urbain-du-grand-projet-des-communaux-dambilly\\\/#authorImage\",\"url\":\"https:\\\/\\\/secure.gravatar.com\\\/avatar\\\/8e01f4d99f2eeea7a362ebb93305e1172a70e9293ba250f897a65c39f54cdd1e?s=96&d=mm&r=g\",\"width\":96,\"height\":96,\"caption\":\"immovestuser\"}},{\"@type\":\"WebPage\",\"@id\":\"https:\\\/\\\/www.immo-invest.ch\\\/it\\\/developpement-urbain-du-grand-projet-des-communaux-dambilly\\\/#webpage\",\"url\":\"https:\\\/\\\/www.immo-invest.ch\\\/it\\\/developpement-urbain-du-grand-projet-des-communaux-dambilly\\\/\",\"name\":\"Sviluppo urbano del grande progetto Communaux d\\u2019Ambilly - immo!nvest - Die Plattform f\\u00fcr Standorte und Immobilien\",\"description\":\"Il quartiere Belle-Terre di Th\\u00f4nex, un importante progetto dei Communaux d'Ambilly, prevede la creazione di 2.400 nuovi alloggi entro il 2030. Questo progetto di sviluppo urbano \\u00e8 un punto di riferimento per lo sviluppo sostenibile e la pianificazione partecipativa.\",\"inLanguage\":\"it-IT\",\"isPartOf\":{\"@id\":\"https:\\\/\\\/www.immo-invest.ch\\\/it\\\/#website\"},\"breadcrumb\":{\"@id\":\"https:\\\/\\\/www.immo-invest.ch\\\/it\\\/developpement-urbain-du-grand-projet-des-communaux-dambilly\\\/#breadcrumblist\"},\"author\":{\"@id\":\"https:\\\/\\\/www.immo-invest.ch\\\/it\\\/author\\\/immovestuser\\\/#author\"},\"creator\":{\"@id\":\"https:\\\/\\\/www.immo-invest.ch\\\/it\\\/author\\\/immovestuser\\\/#author\"},\"image\":{\"@type\":\"ImageObject\",\"url\":\"https:\\\/\\\/www.immo-invest.ch\\\/wp-content\\\/uploads\\\/2024\\\/07\\\/11_-_cours_champetre-transformed.jpeg\",\"@id\":\"https:\\\/\\\/www.immo-invest.ch\\\/it\\\/developpement-urbain-du-grand-projet-des-communaux-dambilly\\\/#mainImage\",\"width\":1460,\"height\":648},\"primaryImageOfPage\":{\"@id\":\"https:\\\/\\\/www.immo-invest.ch\\\/it\\\/developpement-urbain-du-grand-projet-des-communaux-dambilly\\\/#mainImage\"},\"datePublished\":\"2024-07-05T16:24:57+02:00\",\"dateModified\":\"2024-07-05T16:46:38+02:00\"},{\"@type\":\"WebSite\",\"@id\":\"https:\\\/\\\/www.immo-invest.ch\\\/it\\\/#website\",\"url\":\"https:\\\/\\\/www.immo-invest.ch\\\/it\\\/\",\"name\":\"immo!nvest - Die Plattform f\\u00fcr Standorte und Immobilien\",\"description\":\"Die\\u00a0Plattform f\\u00fcr Standorte und Immobilien\",\"inLanguage\":\"it-IT\",\"publisher\":{\"@id\":\"https:\\\/\\\/www.immo-invest.ch\\\/it\\\/#organization\"}}]}\n\t\t<\/script>\n\t\t<!-- All in One SEO -->\n\n","aioseo_head_json":{"title":"Sviluppo urbano del grande progetto Communaux d\u2019Ambilly - immo!nvest - Die Plattform f\u00fcr Standorte und Immobilien","description":"Il quartiere Belle-Terre di Th\u00f4nex, un importante progetto dei Communaux d'Ambilly, prevede la creazione di 2.400 nuovi alloggi entro il 2030. Questo progetto di sviluppo urbano \u00e8 un punto di riferimento per lo sviluppo sostenibile e la pianificazione partecipativa.","canonical_url":"https:\/\/www.immo-invest.ch\/it\/developpement-urbain-du-grand-projet-des-communaux-dambilly\/","robots":"max-image-preview:large","keywords":"","webmasterTools":{"google-site-verification":"fHJKvgWpZCR2zVBHWfkQeFXC11qieUSff0HGNYfuyLA","miscellaneous":""},"schema":{"@context":"https:\/\/schema.org","@graph":[{"@type":"BlogPosting","@id":"https:\/\/www.immo-invest.ch\/it\/developpement-urbain-du-grand-projet-des-communaux-dambilly\/#blogposting","name":"Sviluppo urbano del grande progetto Communaux d\u2019Ambilly - immo!nvest - Die Plattform f\u00fcr Standorte und Immobilien","headline":"Sviluppo urbano del grande progetto Communaux d&#8217;Ambilly","author":{"@id":"https:\/\/www.immo-invest.ch\/it\/author\/immovestuser\/#author"},"publisher":{"@id":"https:\/\/www.immo-invest.ch\/it\/#organization"},"image":{"@type":"ImageObject","url":"https:\/\/www.immo-invest.ch\/wp-content\/uploads\/2024\/07\/11_-_cours_champetre-transformed.jpeg","width":1460,"height":648},"datePublished":"2024-07-05T16:24:57+02:00","dateModified":"2024-07-05T16:46:38+02:00","inLanguage":"it-IT","mainEntityOfPage":{"@id":"https:\/\/www.immo-invest.ch\/it\/developpement-urbain-du-grand-projet-des-communaux-dambilly\/#webpage"},"isPartOf":{"@id":"https:\/\/www.immo-invest.ch\/it\/developpement-urbain-du-grand-projet-des-communaux-dambilly\/#webpage"},"articleSection":"Genf, Mobilit\u00e0, Sostenibilit\u00e0, environnement, g\u00e9othermie, immobilien, Immoinvest, immoNews, planification participative, r\u00e9utilisation des mat\u00e9riaux, transports en commun, Optional"},{"@type":"BreadcrumbList","@id":"https:\/\/www.immo-invest.ch\/it\/developpement-urbain-du-grand-projet-des-communaux-dambilly\/#breadcrumblist","itemListElement":[{"@type":"ListItem","@id":"https:\/\/www.immo-invest.ch\/it\/#listItem","position":1,"name":"Home","item":"https:\/\/www.immo-invest.ch\/it\/","nextItem":{"@type":"ListItem","@id":"https:\/\/www.immo-invest.ch\/it\/categoria\/regioni\/#listItem","name":"Regioni"}},{"@type":"ListItem","@id":"https:\/\/www.immo-invest.ch\/it\/categoria\/regioni\/#listItem","position":2,"name":"Regioni","item":"https:\/\/www.immo-invest.ch\/it\/categoria\/regioni\/","nextItem":{"@type":"ListItem","@id":"https:\/\/www.immo-invest.ch\/it\/categoria\/regioni\/svizzera\/#listItem","name":"Svizzera"},"previousItem":{"@type":"ListItem","@id":"https:\/\/www.immo-invest.ch\/it\/#listItem","name":"Home"}},{"@type":"ListItem","@id":"https:\/\/www.immo-invest.ch\/it\/categoria\/regioni\/svizzera\/#listItem","position":3,"name":"Svizzera","item":"https:\/\/www.immo-invest.ch\/it\/categoria\/regioni\/svizzera\/","nextItem":{"@type":"ListItem","@id":"https:\/\/www.immo-invest.ch\/it\/categoria\/regioni\/svizzera\/regione-del-lago-di-ginevra\/#listItem","name":"Regione del Lago di Ginevra"},"previousItem":{"@type":"ListItem","@id":"https:\/\/www.immo-invest.ch\/it\/categoria\/regioni\/#listItem","name":"Regioni"}},{"@type":"ListItem","@id":"https:\/\/www.immo-invest.ch\/it\/categoria\/regioni\/svizzera\/regione-del-lago-di-ginevra\/#listItem","position":4,"name":"Regione del Lago di Ginevra","item":"https:\/\/www.immo-invest.ch\/it\/categoria\/regioni\/svizzera\/regione-del-lago-di-ginevra\/","nextItem":{"@type":"ListItem","@id":"https:\/\/www.immo-invest.ch\/it\/categoria\/regioni\/svizzera\/regione-del-lago-di-ginevra\/genf-it\/#listItem","name":"Genf"},"previousItem":{"@type":"ListItem","@id":"https:\/\/www.immo-invest.ch\/it\/categoria\/regioni\/svizzera\/#listItem","name":"Svizzera"}},{"@type":"ListItem","@id":"https:\/\/www.immo-invest.ch\/it\/categoria\/regioni\/svizzera\/regione-del-lago-di-ginevra\/genf-it\/#listItem","position":5,"name":"Genf","item":"https:\/\/www.immo-invest.ch\/it\/categoria\/regioni\/svizzera\/regione-del-lago-di-ginevra\/genf-it\/","nextItem":{"@type":"ListItem","@id":"https:\/\/www.immo-invest.ch\/it\/developpement-urbain-du-grand-projet-des-communaux-dambilly\/#listItem","name":"Sviluppo urbano del grande progetto Communaux d&#8217;Ambilly"},"previousItem":{"@type":"ListItem","@id":"https:\/\/www.immo-invest.ch\/it\/categoria\/regioni\/svizzera\/regione-del-lago-di-ginevra\/#listItem","name":"Regione del Lago di Ginevra"}},{"@type":"ListItem","@id":"https:\/\/www.immo-invest.ch\/it\/developpement-urbain-du-grand-projet-des-communaux-dambilly\/#listItem","position":6,"name":"Sviluppo urbano del grande progetto Communaux d&#8217;Ambilly","previousItem":{"@type":"ListItem","@id":"https:\/\/www.immo-invest.ch\/it\/categoria\/regioni\/svizzera\/regione-del-lago-di-ginevra\/genf-it\/#listItem","name":"Genf"}}]},{"@type":"Organization","@id":"https:\/\/www.immo-invest.ch\/it\/#organization","name":"immo!nvest - Die Plattform f\u00fcr Standorte und Immobilien","description":"Die\u00a0Plattform f\u00fcr Standorte und Immobilien","url":"https:\/\/www.immo-invest.ch\/it\/","email":"admin@immomedia.ag","telephone":"+41444420002","logo":{"@type":"ImageObject","url":"https:\/\/www.immo-invest.ch\/wp-content\/uploads\/2024\/09\/immoinvest_sm-scaled.jpg","@id":"https:\/\/www.immo-invest.ch\/it\/developpement-urbain-du-grand-projet-des-communaux-dambilly\/#organizationLogo","width":2560,"height":1340},"image":{"@id":"https:\/\/www.immo-invest.ch\/it\/developpement-urbain-du-grand-projet-des-communaux-dambilly\/#organizationLogo"},"sameAs":["https:\/\/www.facebook.com\/people\/Immoinvest\/100077962920504\/","https:\/\/x.com\/i\/flow\/login?redirect_after_login=immoinvest_ch","https:\/\/www.instagram.com\/immoinvest_ch\/","https:\/\/www.linkedin.com\/company\/immoinvest-swiss"]},{"@type":"Person","@id":"https:\/\/www.immo-invest.ch\/it\/author\/immovestuser\/#author","url":"https:\/\/www.immo-invest.ch\/it\/author\/immovestuser\/","name":"immovestuser","image":{"@type":"ImageObject","@id":"https:\/\/www.immo-invest.ch\/it\/developpement-urbain-du-grand-projet-des-communaux-dambilly\/#authorImage","url":"https:\/\/secure.gravatar.com\/avatar\/8e01f4d99f2eeea7a362ebb93305e1172a70e9293ba250f897a65c39f54cdd1e?s=96&d=mm&r=g","width":96,"height":96,"caption":"immovestuser"}},{"@type":"WebPage","@id":"https:\/\/www.immo-invest.ch\/it\/developpement-urbain-du-grand-projet-des-communaux-dambilly\/#webpage","url":"https:\/\/www.immo-invest.ch\/it\/developpement-urbain-du-grand-projet-des-communaux-dambilly\/","name":"Sviluppo urbano del grande progetto Communaux d\u2019Ambilly - immo!nvest - Die Plattform f\u00fcr Standorte und Immobilien","description":"Il quartiere Belle-Terre di Th\u00f4nex, un importante progetto dei Communaux d'Ambilly, prevede la creazione di 2.400 nuovi alloggi entro il 2030. Questo progetto di sviluppo urbano \u00e8 un punto di riferimento per lo sviluppo sostenibile e la pianificazione partecipativa.","inLanguage":"it-IT","isPartOf":{"@id":"https:\/\/www.immo-invest.ch\/it\/#website"},"breadcrumb":{"@id":"https:\/\/www.immo-invest.ch\/it\/developpement-urbain-du-grand-projet-des-communaux-dambilly\/#breadcrumblist"},"author":{"@id":"https:\/\/www.immo-invest.ch\/it\/author\/immovestuser\/#author"},"creator":{"@id":"https:\/\/www.immo-invest.ch\/it\/author\/immovestuser\/#author"},"image":{"@type":"ImageObject","url":"https:\/\/www.immo-invest.ch\/wp-content\/uploads\/2024\/07\/11_-_cours_champetre-transformed.jpeg","@id":"https:\/\/www.immo-invest.ch\/it\/developpement-urbain-du-grand-projet-des-communaux-dambilly\/#mainImage","width":1460,"height":648},"primaryImageOfPage":{"@id":"https:\/\/www.immo-invest.ch\/it\/developpement-urbain-du-grand-projet-des-communaux-dambilly\/#mainImage"},"datePublished":"2024-07-05T16:24:57+02:00","dateModified":"2024-07-05T16:46:38+02:00"},{"@type":"WebSite","@id":"https:\/\/www.immo-invest.ch\/it\/#website","url":"https:\/\/www.immo-invest.ch\/it\/","name":"immo!nvest - Die Plattform f\u00fcr Standorte und Immobilien","description":"Die\u00a0Plattform f\u00fcr Standorte und Immobilien","inLanguage":"it-IT","publisher":{"@id":"https:\/\/www.immo-invest.ch\/it\/#organization"}}]},"og:locale":"it_IT","og:site_name":"immo!nvest - Die Plattform f\u00fcr Standorte und Immobilien - Die\u00a0Plattform f\u00fcr Standorte und Immobilien","og:type":"article","og:title":"Sviluppo urbano del grande progetto Communaux d\u2019Ambilly - immo!nvest - Die Plattform f\u00fcr Standorte und Immobilien","og:description":"Il quartiere Belle-Terre di Th\u00f4nex, un importante progetto dei Communaux d'Ambilly, prevede la creazione di 2.400 nuovi alloggi entro il 2030. Questo progetto di sviluppo urbano \u00e8 un punto di riferimento per lo sviluppo sostenibile e la pianificazione partecipativa.","og:url":"https:\/\/www.immo-invest.ch\/it\/developpement-urbain-du-grand-projet-des-communaux-dambilly\/","og:image":"https:\/\/www.immo-invest.ch\/wp-content\/uploads\/2024\/07\/11_-_cours_champetre-transformed.jpeg","og:image:secure_url":"https:\/\/www.immo-invest.ch\/wp-content\/uploads\/2024\/07\/11_-_cours_champetre-transformed.jpeg","og:image:width":1460,"og:image:height":648,"article:published_time":"2024-07-05T14:24:57+00:00","article:modified_time":"2024-07-05T14:46:38+00:00","article:publisher":"https:\/\/www.facebook.com\/people\/Immoinvest\/100077962920504\/","twitter:card":"summary_large_image","twitter:site":"@i","twitter:title":"Sviluppo urbano del grande progetto Communaux d\u2019Ambilly - immo!nvest - Die Plattform f\u00fcr Standorte und Immobilien","twitter:description":"Il quartiere Belle-Terre di Th\u00f4nex, un importante progetto dei Communaux d'Ambilly, prevede la creazione di 2.400 nuovi alloggi entro il 2030. Questo progetto di sviluppo urbano \u00e8 un punto di riferimento per lo sviluppo sostenibile e la pianificazione partecipativa.","twitter:creator":"@i","twitter:image":"https:\/\/www.immo-invest.ch\/wp-content\/uploads\/2024\/07\/11_-_cours_champetre-transformed.jpeg"},"aioseo_meta_data":{"post_id":"105030","title":null,"description":null,"keywords":null,"keyphrases":null,"primary_term":null,"canonical_url":null,"og_title":null,"og_description":null,"og_object_type":"default","og_image_type":"default","og_image_url":null,"og_image_width":null,"og_image_height":null,"og_image_custom_url":null,"og_image_custom_fields":null,"og_video":null,"og_custom_url":null,"og_article_section":null,"og_article_tags":null,"twitter_use_og":false,"twitter_card":"default","twitter_image_type":"default","twitter_image_url":null,"twitter_image_custom_url":null,"twitter_image_custom_fields":null,"twitter_title":null,"twitter_description":null,"schema":{"blockGraphs":[],"customGraphs":[],"default":{"data":{"Article":[],"Course":[],"Dataset":[],"FAQPage":[],"Movie":[],"Person":[],"Product":[],"ProductReview":[],"Car":[],"Recipe":[],"Service":[],"SoftwareApplication":[],"WebPage":[]},"graphName":"","isEnabled":true},"graphs":[]},"schema_type":"default","schema_type_options":null,"pillar_content":false,"robots_default":true,"robots_noindex":false,"robots_noarchive":false,"robots_nosnippet":false,"robots_nofollow":false,"robots_noimageindex":false,"robots_noodp":false,"robots_notranslate":false,"robots_max_snippet":null,"robots_max_videopreview":null,"robots_max_imagepreview":"large","priority":null,"frequency":null,"local_seo":null,"breadcrumb_settings":null,"limit_modified_date":false,"ai":null,"created":"2024-09-20 23:04:01","updated":"2025-10-24 05:22:32","seo_analyzer_scan_date":null,"focus_keyword":null,"additional_keywords":null,"truseo_locale":null},"aioseo_breadcrumb":"<div class=\"aioseo-breadcrumbs\"><span class=\"aioseo-breadcrumb\">\n\t\t\t<a href=\"https:\/\/www.immo-invest.ch\/it\/\" title=\"Home\">Home<\/a>\n\t\t<\/span><span class=\"aioseo-breadcrumb-separator\">&raquo;<\/span><span class=\"aioseo-breadcrumb\">\n\t\t\t<a href=\"https:\/\/www.immo-invest.ch\/it\/categoria\/regioni\/\" title=\"Regioni\">Regioni<\/a>\n\t\t<\/span><span class=\"aioseo-breadcrumb-separator\">&raquo;<\/span><span class=\"aioseo-breadcrumb\">\n\t\t\t<a href=\"https:\/\/www.immo-invest.ch\/it\/categoria\/regioni\/svizzera\/\" title=\"Svizzera\">Svizzera<\/a>\n\t\t<\/span><span class=\"aioseo-breadcrumb-separator\">&raquo;<\/span><span class=\"aioseo-breadcrumb\">\n\t\t\t<a href=\"https:\/\/www.immo-invest.ch\/it\/categoria\/regioni\/svizzera\/regione-del-lago-di-ginevra\/\" title=\"Regione del Lago di Ginevra\">Regione del Lago di Ginevra<\/a>\n\t\t<\/span><span class=\"aioseo-breadcrumb-separator\">&raquo;<\/span><span class=\"aioseo-breadcrumb\">\n\t\t\t<a href=\"https:\/\/www.immo-invest.ch\/it\/categoria\/regioni\/svizzera\/regione-del-lago-di-ginevra\/genf-it\/\" title=\"Genf\">Genf<\/a>\n\t\t<\/span><span class=\"aioseo-breadcrumb-separator\">&raquo;<\/span><span class=\"aioseo-breadcrumb\">\n\t\t\tSviluppo urbano del grande progetto Communaux d\u2019Ambilly\n\t\t<\/span><\/div>","aioseo_breadcrumb_json":[{"label":"Home","link":"https:\/\/www.immo-invest.ch\/it\/"},{"label":"Regioni","link":"https:\/\/www.immo-invest.ch\/it\/categoria\/regioni\/"},{"label":"Svizzera","link":"https:\/\/www.immo-invest.ch\/it\/categoria\/regioni\/svizzera\/"},{"label":"Regione del Lago di Ginevra","link":"https:\/\/www.immo-invest.ch\/it\/categoria\/regioni\/svizzera\/regione-del-lago-di-ginevra\/"},{"label":"Genf","link":"https:\/\/www.immo-invest.ch\/it\/categoria\/regioni\/svizzera\/regione-del-lago-di-ginevra\/genf-it\/"},{"label":"Sviluppo urbano del grande progetto Communaux d&#8217;Ambilly","link":"https:\/\/www.immo-invest.ch\/it\/developpement-urbain-du-grand-projet-des-communaux-dambilly\/"}],"featured_image_src":"https:\/\/www.immo-invest.ch\/wp-content\/uploads\/2024\/07\/11_-_cours_champetre-transformed-336x168.jpeg","_links":{"self":[{"href":"https:\/\/www.immo-invest.ch\/it\/wp-json\/wp\/v2\/posts\/105030","targetHints":{"allow":["GET"]}}],"collection":[{"href":"https:\/\/www.immo-invest.ch\/it\/wp-json\/wp\/v2\/posts"}],"about":[{"href":"https:\/\/www.immo-invest.ch\/it\/wp-json\/wp\/v2\/types\/post"}],"author":[{"embeddable":true,"href":"https:\/\/www.immo-invest.ch\/it\/wp-json\/wp\/v2\/users\/2"}],"replies":[{"embeddable":true,"href":"https:\/\/www.immo-invest.ch\/it\/wp-json\/wp\/v2\/comments?post=105030"}],"version-history":[{"count":0,"href":"https:\/\/www.immo-invest.ch\/it\/wp-json\/wp\/v2\/posts\/105030\/revisions"}],"wp:featuredmedia":[{"embeddable":true,"href":"https:\/\/www.immo-invest.ch\/it\/wp-json\/wp\/v2\/media\/104927"}],"wp:attachment":[{"href":"https:\/\/www.immo-invest.ch\/it\/wp-json\/wp\/v2\/media?parent=105030"}],"wp:term":[{"taxonomy":"category","embeddable":true,"href":"https:\/\/www.immo-invest.ch\/it\/wp-json\/wp\/v2\/categories?post=105030"},{"taxonomy":"post_tag","embeddable":true,"href":"https:\/\/www.immo-invest.ch\/it\/wp-json\/wp\/v2\/tags?post=105030"}],"curies":[{"name":"wp","href":"https:\/\/api.w.org\/{rel}","templated":true}]}}