{"id":105019,"date":"2024-07-05T16:24:22","date_gmt":"2024-07-05T14:24:22","guid":{"rendered":"https:\/\/www.immo-invest.ch\/le-museum-dhistoire-naturelle-de-geneve-devoile-sa-vision-energetique\/"},"modified":"2024-07-05T16:44:30","modified_gmt":"2024-07-05T14:44:30","slug":"le-museum-dhistoire-naturelle-de-geneve-devoile-sa-vision-energetique","status":"publish","type":"post","link":"https:\/\/www.immo-invest.ch\/it\/le-museum-dhistoire-naturelle-de-geneve-devoile-sa-vision-energetique\/","title":{"rendered":"Il Museo di Storia Naturale di Ginevra svela la sua visione energetica"},"content":{"rendered":"<p class=\"wp-block-paragraph\">La nuova estensione per le collezioni, progettata da MAK Architecture, completer&agrave; le ali esistenti che risalgono agli anni &rsquo;60. Con oltre 15 milioni di oggetti esposti, tra cui animali, rocce e minerali provenienti da tutto il mondo, il MHNG &egrave; il pi&ugrave; grande museo di storia naturale della Svizzera e uno dei dieci pi&ugrave; grandi d&rsquo;Europa. Questo ampliamento non solo permetter&agrave; di organizzare e presentare meglio le collezioni, ma creer&agrave; anche nuovi spazi di lavoro, migliorer&agrave; le aree di accoglienza dei visitatori e creer&agrave; un nuovo spazio per le mostre temporanee.<\/p>\n\n\n\n<p class=\"wp-block-paragraph\"><br>L&rsquo;<strong>efficienza energetica come elemento chiave<\/strong> Uno degli obiettivi centrali del progetto &egrave; quello di migliorare l&rsquo;efficienza energetica del museo. La parte storica dell&rsquo;edificio &egrave; gi&agrave; stata sottoposta a una ristrutturazione di efficienza energetica nel 2012, e il nuovo ampliamento sar&agrave; costruito secondo uno standard di efficienza energetica molto elevato. Questo &egrave; in linea con la strategia della Citt&agrave; di Ginevra di utilizzare il 100% di energia rinnovabile e di eliminare le emissioni di CO&sup2; entro il 2050.<\/p>\n\n\n\n<p class=\"wp-block-paragraph\"><br>I<strong>nstallazione fotovoltaica e illuminazione sostenibile<\/strong> Uno dei punti salienti della ristrutturazione &egrave; l&rsquo;installazione del secondo impianto fotovoltaico pi&ugrave; grande della citt&agrave; di Ginevra. Inoltre, l&rsquo;intero edificio sar&agrave; dotato di luci LED ad alta efficienza e utilizzer&agrave; l&rsquo;illuminazione naturale per ridurre ulteriormente il consumo energetico.<\/p>\n\n\n\n<p class=\"wp-block-paragraph\"><br>S<strong>istemi di riscaldamento e climatizzazione<\/strong> Il fabbisogno di riscaldamento della nuova estensione sar&agrave; soddisfatto interamente da energie rinnovabili, e la quota totale di energie rinnovabili sull&rsquo;intero sito salir&agrave; gradualmente all&rsquo;80%. Una pompa di calore sar&agrave; la principale fonte di energia per il riscaldamento, con un risparmio di 70 tonnellate di emissioni di CO&sup2; all&rsquo;anno rispetto ai sistemi convenzionali. In caso di emergenza, il riscaldamento a gas sar&agrave; disponibile come soluzione di riserva.<\/p>\n\n\n\n<p class=\"wp-block-paragraph\"><br>V<strong>entilazione e climatizzazione ottimizzate<\/strong> Particolare attenzione &egrave; stata dedicata alla ventilazione e alla climatizzazione, al fine di proteggere le fragili collezioni dalle dannose variazioni di umidit&agrave;. Ci&ograve; consentir&agrave; al museo di ricevere prestiti preziosi da altre istituzioni che richiedono elevati standard di conservazione.<\/p>\n","protected":false},"excerpt":{"rendered":"<p>Il Museo di Storia Naturale di Ginevra chiuder\u00e0 i battenti il 1\u00b0 gennaio 2024 per un anno per sottoporsi a importanti lavori di ristrutturazione. La trasformazione riguarder\u00e0 non solo le sale espositive, ma anche l&#8217;ampliamento dell&#8217;edificio per ospitare la collezione e le strutture di ricerca. L&#8217;obiettivo \u00e8 creare un&#8217;infrastruttura moderna e sostenibile in grado di soddisfare le crescenti esigenze entro il 2027.<\/p>\n","protected":false},"author":2,"featured_media":104919,"comment_status":"open","ping_status":"open","sticky":false,"template":"","format":"standard","meta":{"pmpro_default_level":"0","inline_featured_image":false,"_monsterinsights_skip_tracking":false,"footnotes":""},"categories":[8750,47532,745],"tags":[48237,48238,852,867,3935,3267,48239,48240,48241],"class_list":["post-105019","post","type-post","status-publish","format-standard","has-post-thumbnail","hentry","category-energia","category-genf-it","category-immonews-it","tag-conservation-des-collections-it","tag-energies-renouvelables-it","tag-immobilien-it","tag-immoinvest-it","tag-immonews-it","tag-led-it","tag-photovoltaique-it","tag-pompe-a-chaleur-it","tag-ventilation-it","pmpro-has-access"],"acf":{"bild_mit_ki_erstellt_worden":[],"lead":"Il Museo di Storia Naturale di Ginevra chiuder\u00e0 i battenti il 1\u00b0 gennaio 2024 per un anno per sottoporsi a importanti lavori di ristrutturazione. La trasformazione riguarder\u00e0 non solo le sale espositive, ma anche l'ampliamento dell'edificio per ospitare la collezione e le strutture di ricerca. L'obiettivo \u00e8 creare un'infrastruttura moderna e sostenibile in grado di soddisfare le crescenti esigenze entro il 2027.","autor":"Texte: Karin Ibach, Source: Gen\u00e8ve, Image: m\u00e0d.","ort":"","bildunterschrift":"","bild_im_grid":false,"gallerie":"","newsim":""},"aioseo_notices":[],"aioseo_head":"\n\t\t<!-- All in One SEO 5.0.0.1 - aioseo.com -->\n\t<meta name=\"description\" content=\"Il Museo di Storia Naturale di Ginevra chiuder\u00e0 i battenti il 1\u00b0 gennaio 2024 per un anno per sottoporsi a importanti lavori di ristrutturazione. La trasformazione riguarder\u00e0 non solo le sale espositive, ma anche l&#039;ampliamento dell&#039;edificio per ospitare la collezione e le strutture di ricerca. L&#039;obiettivo \u00e8 creare un&#039;infrastruttura moderna e sostenibile in grado di soddisfare le crescenti esigenze entro il 2027.\" \/>\n\t<meta name=\"robots\" content=\"max-image-preview:large\" \/>\n\t<meta name=\"author\" content=\"immovestuser\"\/>\n\t<meta name=\"google-site-verification\" content=\"fHJKvgWpZCR2zVBHWfkQeFXC11qieUSff0HGNYfuyLA\" \/>\n\t<link rel=\"canonical\" href=\"https:\/\/www.immo-invest.ch\/it\/le-museum-dhistoire-naturelle-de-geneve-devoile-sa-vision-energetique\/\" \/>\n\t<meta name=\"generator\" content=\"All in One SEO (AIOSEO) 5.0.0.1\" \/>\n\t\t<meta property=\"og:locale\" content=\"it_IT\" \/>\n\t\t<meta property=\"og:site_name\" content=\"immo!nvest - Die Plattform f\u00fcr Standorte und Immobilien - Die\u00a0Plattform f\u00fcr Standorte und Immobilien\" \/>\n\t\t<meta property=\"og:type\" content=\"article\" \/>\n\t\t<meta property=\"og:title\" content=\"Il Museo di Storia Naturale di Ginevra svela la sua visione energetica - immo!nvest - Die Plattform f\u00fcr Standorte und Immobilien\" \/>\n\t\t<meta property=\"og:description\" content=\"Il Museo di Storia Naturale di Ginevra chiuder\u00e0 i battenti il 1\u00b0 gennaio 2024 per un anno per sottoporsi a importanti lavori di ristrutturazione. La trasformazione riguarder\u00e0 non solo le sale espositive, ma anche l&#039;ampliamento dell&#039;edificio per ospitare la collezione e le strutture di ricerca. L&#039;obiettivo \u00e8 creare un&#039;infrastruttura moderna e sostenibile in grado di soddisfare le crescenti esigenze entro il 2027.\" \/>\n\t\t<meta property=\"og:url\" content=\"https:\/\/www.immo-invest.ch\/it\/le-museum-dhistoire-naturelle-de-geneve-devoile-sa-vision-energetique\/\" \/>\n\t\t<meta property=\"og:image\" content=\"https:\/\/www.immo-invest.ch\/wp-content\/uploads\/2024\/07\/206672-5.png\" \/>\n\t\t<meta property=\"og:image:secure_url\" content=\"https:\/\/www.immo-invest.ch\/wp-content\/uploads\/2024\/07\/206672-5.png\" \/>\n\t\t<meta property=\"og:image:width\" content=\"850\" \/>\n\t\t<meta property=\"og:image:height\" content=\"640\" \/>\n\t\t<meta property=\"article:published_time\" content=\"2024-07-05T14:24:22+00:00\" \/>\n\t\t<meta property=\"article:modified_time\" content=\"2024-07-05T14:44:30+00:00\" \/>\n\t\t<meta property=\"article:publisher\" content=\"https:\/\/www.facebook.com\/people\/Immoinvest\/100077962920504\/\" \/>\n\t\t<meta name=\"twitter:card\" content=\"summary_large_image\" \/>\n\t\t<meta name=\"twitter:site\" content=\"@i\" \/>\n\t\t<meta name=\"twitter:title\" content=\"Il Museo di Storia Naturale di Ginevra svela la sua visione energetica - immo!nvest - Die Plattform f\u00fcr Standorte und Immobilien\" \/>\n\t\t<meta name=\"twitter:description\" content=\"Il Museo di Storia Naturale di Ginevra chiuder\u00e0 i battenti il 1\u00b0 gennaio 2024 per un anno per sottoporsi a importanti lavori di ristrutturazione. La trasformazione riguarder\u00e0 non solo le sale espositive, ma anche l&#039;ampliamento dell&#039;edificio per ospitare la collezione e le strutture di ricerca. L&#039;obiettivo \u00e8 creare un&#039;infrastruttura moderna e sostenibile in grado di soddisfare le crescenti esigenze entro il 2027.\" \/>\n\t\t<meta name=\"twitter:creator\" content=\"@i\" \/>\n\t\t<meta name=\"twitter:image\" content=\"https:\/\/www.immo-invest.ch\/wp-content\/uploads\/2024\/07\/206672-5.png\" \/>\n\t\t<script type=\"application\/ld+json\" class=\"aioseo-schema\">\n\t\t\t{\"@context\":\"https:\\\/\\\/schema.org\",\"@graph\":[{\"@type\":\"BlogPosting\",\"@id\":\"https:\\\/\\\/www.immo-invest.ch\\\/it\\\/le-museum-dhistoire-naturelle-de-geneve-devoile-sa-vision-energetique\\\/#blogposting\",\"name\":\"Il Museo di Storia Naturale di Ginevra svela la sua visione energetica - immo!nvest - Die Plattform f\\u00fcr Standorte und Immobilien\",\"headline\":\"Il Museo di Storia Naturale di Ginevra svela la sua visione energetica\",\"author\":{\"@id\":\"https:\\\/\\\/www.immo-invest.ch\\\/it\\\/author\\\/immovestuser\\\/#author\"},\"publisher\":{\"@id\":\"https:\\\/\\\/www.immo-invest.ch\\\/it\\\/#organization\"},\"image\":{\"@type\":\"ImageObject\",\"url\":\"https:\\\/\\\/www.immo-invest.ch\\\/wp-content\\\/uploads\\\/2024\\\/07\\\/206672-5.png\",\"width\":850,\"height\":640},\"datePublished\":\"2024-07-05T16:24:22+02:00\",\"dateModified\":\"2024-07-05T16:44:30+02:00\",\"inLanguage\":\"it-IT\",\"mainEntityOfPage\":{\"@id\":\"https:\\\/\\\/www.immo-invest.ch\\\/it\\\/le-museum-dhistoire-naturelle-de-geneve-devoile-sa-vision-energetique\\\/#webpage\"},\"isPartOf\":{\"@id\":\"https:\\\/\\\/www.immo-invest.ch\\\/it\\\/le-museum-dhistoire-naturelle-de-geneve-devoile-sa-vision-energetique\\\/#webpage\"},\"articleSection\":\"Energia, Genf, immoNews, conservation des collections, \\u00e9nergies renouvelables, immobilien, Immoinvest, immoNews, LED, photovolta\\u00efque, pompe \\u00e0 chaleur, ventilation, Optional\"},{\"@type\":\"BreadcrumbList\",\"@id\":\"https:\\\/\\\/www.immo-invest.ch\\\/it\\\/le-museum-dhistoire-naturelle-de-geneve-devoile-sa-vision-energetique\\\/#breadcrumblist\",\"itemListElement\":[{\"@type\":\"ListItem\",\"@id\":\"https:\\\/\\\/www.immo-invest.ch\\\/it\\\/#listItem\",\"position\":1,\"name\":\"Home\",\"item\":\"https:\\\/\\\/www.immo-invest.ch\\\/it\\\/\",\"nextItem\":{\"@type\":\"ListItem\",\"@id\":\"https:\\\/\\\/www.immo-invest.ch\\\/it\\\/categoria\\\/regioni\\\/#listItem\",\"name\":\"Regioni\"}},{\"@type\":\"ListItem\",\"@id\":\"https:\\\/\\\/www.immo-invest.ch\\\/it\\\/categoria\\\/regioni\\\/#listItem\",\"position\":2,\"name\":\"Regioni\",\"item\":\"https:\\\/\\\/www.immo-invest.ch\\\/it\\\/categoria\\\/regioni\\\/\",\"nextItem\":{\"@type\":\"ListItem\",\"@id\":\"https:\\\/\\\/www.immo-invest.ch\\\/it\\\/categoria\\\/regioni\\\/svizzera\\\/#listItem\",\"name\":\"Svizzera\"},\"previousItem\":{\"@type\":\"ListItem\",\"@id\":\"https:\\\/\\\/www.immo-invest.ch\\\/it\\\/#listItem\",\"name\":\"Home\"}},{\"@type\":\"ListItem\",\"@id\":\"https:\\\/\\\/www.immo-invest.ch\\\/it\\\/categoria\\\/regioni\\\/svizzera\\\/#listItem\",\"position\":3,\"name\":\"Svizzera\",\"item\":\"https:\\\/\\\/www.immo-invest.ch\\\/it\\\/categoria\\\/regioni\\\/svizzera\\\/\",\"nextItem\":{\"@type\":\"ListItem\",\"@id\":\"https:\\\/\\\/www.immo-invest.ch\\\/it\\\/categoria\\\/regioni\\\/svizzera\\\/regione-del-lago-di-ginevra\\\/#listItem\",\"name\":\"Regione del Lago di Ginevra\"},\"previousItem\":{\"@type\":\"ListItem\",\"@id\":\"https:\\\/\\\/www.immo-invest.ch\\\/it\\\/categoria\\\/regioni\\\/#listItem\",\"name\":\"Regioni\"}},{\"@type\":\"ListItem\",\"@id\":\"https:\\\/\\\/www.immo-invest.ch\\\/it\\\/categoria\\\/regioni\\\/svizzera\\\/regione-del-lago-di-ginevra\\\/#listItem\",\"position\":4,\"name\":\"Regione del Lago di Ginevra\",\"item\":\"https:\\\/\\\/www.immo-invest.ch\\\/it\\\/categoria\\\/regioni\\\/svizzera\\\/regione-del-lago-di-ginevra\\\/\",\"nextItem\":{\"@type\":\"ListItem\",\"@id\":\"https:\\\/\\\/www.immo-invest.ch\\\/it\\\/categoria\\\/regioni\\\/svizzera\\\/regione-del-lago-di-ginevra\\\/genf-it\\\/#listItem\",\"name\":\"Genf\"},\"previousItem\":{\"@type\":\"ListItem\",\"@id\":\"https:\\\/\\\/www.immo-invest.ch\\\/it\\\/categoria\\\/regioni\\\/svizzera\\\/#listItem\",\"name\":\"Svizzera\"}},{\"@type\":\"ListItem\",\"@id\":\"https:\\\/\\\/www.immo-invest.ch\\\/it\\\/categoria\\\/regioni\\\/svizzera\\\/regione-del-lago-di-ginevra\\\/genf-it\\\/#listItem\",\"position\":5,\"name\":\"Genf\",\"item\":\"https:\\\/\\\/www.immo-invest.ch\\\/it\\\/categoria\\\/regioni\\\/svizzera\\\/regione-del-lago-di-ginevra\\\/genf-it\\\/\",\"nextItem\":{\"@type\":\"ListItem\",\"@id\":\"https:\\\/\\\/www.immo-invest.ch\\\/it\\\/le-museum-dhistoire-naturelle-de-geneve-devoile-sa-vision-energetique\\\/#listItem\",\"name\":\"Il Museo di Storia Naturale di Ginevra svela la sua visione energetica\"},\"previousItem\":{\"@type\":\"ListItem\",\"@id\":\"https:\\\/\\\/www.immo-invest.ch\\\/it\\\/categoria\\\/regioni\\\/svizzera\\\/regione-del-lago-di-ginevra\\\/#listItem\",\"name\":\"Regione del Lago di Ginevra\"}},{\"@type\":\"ListItem\",\"@id\":\"https:\\\/\\\/www.immo-invest.ch\\\/it\\\/le-museum-dhistoire-naturelle-de-geneve-devoile-sa-vision-energetique\\\/#listItem\",\"position\":6,\"name\":\"Il Museo di Storia Naturale di Ginevra svela la sua visione energetica\",\"previousItem\":{\"@type\":\"ListItem\",\"@id\":\"https:\\\/\\\/www.immo-invest.ch\\\/it\\\/categoria\\\/regioni\\\/svizzera\\\/regione-del-lago-di-ginevra\\\/genf-it\\\/#listItem\",\"name\":\"Genf\"}}]},{\"@type\":\"Organization\",\"@id\":\"https:\\\/\\\/www.immo-invest.ch\\\/it\\\/#organization\",\"name\":\"immo!nvest - Die Plattform f\\u00fcr Standorte und Immobilien\",\"description\":\"Die\\u00a0Plattform f\\u00fcr Standorte und Immobilien\",\"url\":\"https:\\\/\\\/www.immo-invest.ch\\\/it\\\/\",\"email\":\"admin@immomedia.ag\",\"telephone\":\"+41444420002\",\"logo\":{\"@type\":\"ImageObject\",\"url\":\"https:\\\/\\\/www.immo-invest.ch\\\/wp-content\\\/uploads\\\/2024\\\/09\\\/immoinvest_sm-scaled.jpg\",\"@id\":\"https:\\\/\\\/www.immo-invest.ch\\\/it\\\/le-museum-dhistoire-naturelle-de-geneve-devoile-sa-vision-energetique\\\/#organizationLogo\",\"width\":2560,\"height\":1340},\"image\":{\"@id\":\"https:\\\/\\\/www.immo-invest.ch\\\/it\\\/le-museum-dhistoire-naturelle-de-geneve-devoile-sa-vision-energetique\\\/#organizationLogo\"},\"sameAs\":[\"https:\\\/\\\/www.facebook.com\\\/people\\\/Immoinvest\\\/100077962920504\\\/\",\"https:\\\/\\\/x.com\\\/i\\\/flow\\\/login?redirect_after_login=immoinvest_ch\",\"https:\\\/\\\/www.instagram.com\\\/immoinvest_ch\\\/\",\"https:\\\/\\\/www.linkedin.com\\\/company\\\/immoinvest-swiss\"]},{\"@type\":\"Person\",\"@id\":\"https:\\\/\\\/www.immo-invest.ch\\\/it\\\/author\\\/immovestuser\\\/#author\",\"url\":\"https:\\\/\\\/www.immo-invest.ch\\\/it\\\/author\\\/immovestuser\\\/\",\"name\":\"immovestuser\",\"image\":{\"@type\":\"ImageObject\",\"@id\":\"https:\\\/\\\/www.immo-invest.ch\\\/it\\\/le-museum-dhistoire-naturelle-de-geneve-devoile-sa-vision-energetique\\\/#authorImage\",\"url\":\"https:\\\/\\\/secure.gravatar.com\\\/avatar\\\/8e01f4d99f2eeea7a362ebb93305e1172a70e9293ba250f897a65c39f54cdd1e?s=96&d=mm&r=g\",\"width\":96,\"height\":96,\"caption\":\"immovestuser\"}},{\"@type\":\"WebPage\",\"@id\":\"https:\\\/\\\/www.immo-invest.ch\\\/it\\\/le-museum-dhistoire-naturelle-de-geneve-devoile-sa-vision-energetique\\\/#webpage\",\"url\":\"https:\\\/\\\/www.immo-invest.ch\\\/it\\\/le-museum-dhistoire-naturelle-de-geneve-devoile-sa-vision-energetique\\\/\",\"name\":\"Il Museo di Storia Naturale di Ginevra svela la sua visione energetica - immo!nvest - Die Plattform f\\u00fcr Standorte und Immobilien\",\"description\":\"Il Museo di Storia Naturale di Ginevra chiuder\\u00e0 i battenti il 1\\u00b0 gennaio 2024 per un anno per sottoporsi a importanti lavori di ristrutturazione. La trasformazione riguarder\\u00e0 non solo le sale espositive, ma anche l'ampliamento dell'edificio per ospitare la collezione e le strutture di ricerca. L'obiettivo \\u00e8 creare un'infrastruttura moderna e sostenibile in grado di soddisfare le crescenti esigenze entro il 2027.\",\"inLanguage\":\"it-IT\",\"isPartOf\":{\"@id\":\"https:\\\/\\\/www.immo-invest.ch\\\/it\\\/#website\"},\"breadcrumb\":{\"@id\":\"https:\\\/\\\/www.immo-invest.ch\\\/it\\\/le-museum-dhistoire-naturelle-de-geneve-devoile-sa-vision-energetique\\\/#breadcrumblist\"},\"author\":{\"@id\":\"https:\\\/\\\/www.immo-invest.ch\\\/it\\\/author\\\/immovestuser\\\/#author\"},\"creator\":{\"@id\":\"https:\\\/\\\/www.immo-invest.ch\\\/it\\\/author\\\/immovestuser\\\/#author\"},\"image\":{\"@type\":\"ImageObject\",\"url\":\"https:\\\/\\\/www.immo-invest.ch\\\/wp-content\\\/uploads\\\/2024\\\/07\\\/206672-5.png\",\"@id\":\"https:\\\/\\\/www.immo-invest.ch\\\/it\\\/le-museum-dhistoire-naturelle-de-geneve-devoile-sa-vision-energetique\\\/#mainImage\",\"width\":850,\"height\":640},\"primaryImageOfPage\":{\"@id\":\"https:\\\/\\\/www.immo-invest.ch\\\/it\\\/le-museum-dhistoire-naturelle-de-geneve-devoile-sa-vision-energetique\\\/#mainImage\"},\"datePublished\":\"2024-07-05T16:24:22+02:00\",\"dateModified\":\"2024-07-05T16:44:30+02:00\"},{\"@type\":\"WebSite\",\"@id\":\"https:\\\/\\\/www.immo-invest.ch\\\/it\\\/#website\",\"url\":\"https:\\\/\\\/www.immo-invest.ch\\\/it\\\/\",\"name\":\"immo!nvest - Die Plattform f\\u00fcr Standorte und Immobilien\",\"description\":\"Die\\u00a0Plattform f\\u00fcr Standorte und Immobilien\",\"inLanguage\":\"it-IT\",\"publisher\":{\"@id\":\"https:\\\/\\\/www.immo-invest.ch\\\/it\\\/#organization\"}}]}\n\t\t<\/script>\n\t\t<!-- All in One SEO -->\n\n","aioseo_head_json":{"title":"Il Museo di Storia Naturale di Ginevra svela la sua visione energetica - immo!nvest - Die Plattform f\u00fcr Standorte und Immobilien","description":"Il Museo di Storia Naturale di Ginevra chiuder\u00e0 i battenti il 1\u00b0 gennaio 2024 per un anno per sottoporsi a importanti lavori di ristrutturazione. La trasformazione riguarder\u00e0 non solo le sale espositive, ma anche l'ampliamento dell'edificio per ospitare la collezione e le strutture di ricerca. L'obiettivo \u00e8 creare un'infrastruttura moderna e sostenibile in grado di soddisfare le crescenti esigenze entro il 2027.","canonical_url":"https:\/\/www.immo-invest.ch\/it\/le-museum-dhistoire-naturelle-de-geneve-devoile-sa-vision-energetique\/","robots":"max-image-preview:large","keywords":"","webmasterTools":{"google-site-verification":"fHJKvgWpZCR2zVBHWfkQeFXC11qieUSff0HGNYfuyLA","miscellaneous":""},"schema":{"@context":"https:\/\/schema.org","@graph":[{"@type":"BlogPosting","@id":"https:\/\/www.immo-invest.ch\/it\/le-museum-dhistoire-naturelle-de-geneve-devoile-sa-vision-energetique\/#blogposting","name":"Il Museo di Storia Naturale di Ginevra svela la sua visione energetica - immo!nvest - Die Plattform f\u00fcr Standorte und Immobilien","headline":"Il Museo di Storia Naturale di Ginevra svela la sua visione energetica","author":{"@id":"https:\/\/www.immo-invest.ch\/it\/author\/immovestuser\/#author"},"publisher":{"@id":"https:\/\/www.immo-invest.ch\/it\/#organization"},"image":{"@type":"ImageObject","url":"https:\/\/www.immo-invest.ch\/wp-content\/uploads\/2024\/07\/206672-5.png","width":850,"height":640},"datePublished":"2024-07-05T16:24:22+02:00","dateModified":"2024-07-05T16:44:30+02:00","inLanguage":"it-IT","mainEntityOfPage":{"@id":"https:\/\/www.immo-invest.ch\/it\/le-museum-dhistoire-naturelle-de-geneve-devoile-sa-vision-energetique\/#webpage"},"isPartOf":{"@id":"https:\/\/www.immo-invest.ch\/it\/le-museum-dhistoire-naturelle-de-geneve-devoile-sa-vision-energetique\/#webpage"},"articleSection":"Energia, Genf, immoNews, conservation des collections, \u00e9nergies renouvelables, immobilien, Immoinvest, immoNews, LED, photovolta\u00efque, pompe \u00e0 chaleur, ventilation, Optional"},{"@type":"BreadcrumbList","@id":"https:\/\/www.immo-invest.ch\/it\/le-museum-dhistoire-naturelle-de-geneve-devoile-sa-vision-energetique\/#breadcrumblist","itemListElement":[{"@type":"ListItem","@id":"https:\/\/www.immo-invest.ch\/it\/#listItem","position":1,"name":"Home","item":"https:\/\/www.immo-invest.ch\/it\/","nextItem":{"@type":"ListItem","@id":"https:\/\/www.immo-invest.ch\/it\/categoria\/regioni\/#listItem","name":"Regioni"}},{"@type":"ListItem","@id":"https:\/\/www.immo-invest.ch\/it\/categoria\/regioni\/#listItem","position":2,"name":"Regioni","item":"https:\/\/www.immo-invest.ch\/it\/categoria\/regioni\/","nextItem":{"@type":"ListItem","@id":"https:\/\/www.immo-invest.ch\/it\/categoria\/regioni\/svizzera\/#listItem","name":"Svizzera"},"previousItem":{"@type":"ListItem","@id":"https:\/\/www.immo-invest.ch\/it\/#listItem","name":"Home"}},{"@type":"ListItem","@id":"https:\/\/www.immo-invest.ch\/it\/categoria\/regioni\/svizzera\/#listItem","position":3,"name":"Svizzera","item":"https:\/\/www.immo-invest.ch\/it\/categoria\/regioni\/svizzera\/","nextItem":{"@type":"ListItem","@id":"https:\/\/www.immo-invest.ch\/it\/categoria\/regioni\/svizzera\/regione-del-lago-di-ginevra\/#listItem","name":"Regione del Lago di Ginevra"},"previousItem":{"@type":"ListItem","@id":"https:\/\/www.immo-invest.ch\/it\/categoria\/regioni\/#listItem","name":"Regioni"}},{"@type":"ListItem","@id":"https:\/\/www.immo-invest.ch\/it\/categoria\/regioni\/svizzera\/regione-del-lago-di-ginevra\/#listItem","position":4,"name":"Regione del Lago di Ginevra","item":"https:\/\/www.immo-invest.ch\/it\/categoria\/regioni\/svizzera\/regione-del-lago-di-ginevra\/","nextItem":{"@type":"ListItem","@id":"https:\/\/www.immo-invest.ch\/it\/categoria\/regioni\/svizzera\/regione-del-lago-di-ginevra\/genf-it\/#listItem","name":"Genf"},"previousItem":{"@type":"ListItem","@id":"https:\/\/www.immo-invest.ch\/it\/categoria\/regioni\/svizzera\/#listItem","name":"Svizzera"}},{"@type":"ListItem","@id":"https:\/\/www.immo-invest.ch\/it\/categoria\/regioni\/svizzera\/regione-del-lago-di-ginevra\/genf-it\/#listItem","position":5,"name":"Genf","item":"https:\/\/www.immo-invest.ch\/it\/categoria\/regioni\/svizzera\/regione-del-lago-di-ginevra\/genf-it\/","nextItem":{"@type":"ListItem","@id":"https:\/\/www.immo-invest.ch\/it\/le-museum-dhistoire-naturelle-de-geneve-devoile-sa-vision-energetique\/#listItem","name":"Il Museo di Storia Naturale di Ginevra svela la sua visione energetica"},"previousItem":{"@type":"ListItem","@id":"https:\/\/www.immo-invest.ch\/it\/categoria\/regioni\/svizzera\/regione-del-lago-di-ginevra\/#listItem","name":"Regione del Lago di Ginevra"}},{"@type":"ListItem","@id":"https:\/\/www.immo-invest.ch\/it\/le-museum-dhistoire-naturelle-de-geneve-devoile-sa-vision-energetique\/#listItem","position":6,"name":"Il Museo di Storia Naturale di Ginevra svela la sua visione energetica","previousItem":{"@type":"ListItem","@id":"https:\/\/www.immo-invest.ch\/it\/categoria\/regioni\/svizzera\/regione-del-lago-di-ginevra\/genf-it\/#listItem","name":"Genf"}}]},{"@type":"Organization","@id":"https:\/\/www.immo-invest.ch\/it\/#organization","name":"immo!nvest - Die Plattform f\u00fcr Standorte und Immobilien","description":"Die\u00a0Plattform f\u00fcr Standorte und Immobilien","url":"https:\/\/www.immo-invest.ch\/it\/","email":"admin@immomedia.ag","telephone":"+41444420002","logo":{"@type":"ImageObject","url":"https:\/\/www.immo-invest.ch\/wp-content\/uploads\/2024\/09\/immoinvest_sm-scaled.jpg","@id":"https:\/\/www.immo-invest.ch\/it\/le-museum-dhistoire-naturelle-de-geneve-devoile-sa-vision-energetique\/#organizationLogo","width":2560,"height":1340},"image":{"@id":"https:\/\/www.immo-invest.ch\/it\/le-museum-dhistoire-naturelle-de-geneve-devoile-sa-vision-energetique\/#organizationLogo"},"sameAs":["https:\/\/www.facebook.com\/people\/Immoinvest\/100077962920504\/","https:\/\/x.com\/i\/flow\/login?redirect_after_login=immoinvest_ch","https:\/\/www.instagram.com\/immoinvest_ch\/","https:\/\/www.linkedin.com\/company\/immoinvest-swiss"]},{"@type":"Person","@id":"https:\/\/www.immo-invest.ch\/it\/author\/immovestuser\/#author","url":"https:\/\/www.immo-invest.ch\/it\/author\/immovestuser\/","name":"immovestuser","image":{"@type":"ImageObject","@id":"https:\/\/www.immo-invest.ch\/it\/le-museum-dhistoire-naturelle-de-geneve-devoile-sa-vision-energetique\/#authorImage","url":"https:\/\/secure.gravatar.com\/avatar\/8e01f4d99f2eeea7a362ebb93305e1172a70e9293ba250f897a65c39f54cdd1e?s=96&d=mm&r=g","width":96,"height":96,"caption":"immovestuser"}},{"@type":"WebPage","@id":"https:\/\/www.immo-invest.ch\/it\/le-museum-dhistoire-naturelle-de-geneve-devoile-sa-vision-energetique\/#webpage","url":"https:\/\/www.immo-invest.ch\/it\/le-museum-dhistoire-naturelle-de-geneve-devoile-sa-vision-energetique\/","name":"Il Museo di Storia Naturale di Ginevra svela la sua visione energetica - immo!nvest - Die Plattform f\u00fcr Standorte und Immobilien","description":"Il Museo di Storia Naturale di Ginevra chiuder\u00e0 i battenti il 1\u00b0 gennaio 2024 per un anno per sottoporsi a importanti lavori di ristrutturazione. La trasformazione riguarder\u00e0 non solo le sale espositive, ma anche l'ampliamento dell'edificio per ospitare la collezione e le strutture di ricerca. L'obiettivo \u00e8 creare un'infrastruttura moderna e sostenibile in grado di soddisfare le crescenti esigenze entro il 2027.","inLanguage":"it-IT","isPartOf":{"@id":"https:\/\/www.immo-invest.ch\/it\/#website"},"breadcrumb":{"@id":"https:\/\/www.immo-invest.ch\/it\/le-museum-dhistoire-naturelle-de-geneve-devoile-sa-vision-energetique\/#breadcrumblist"},"author":{"@id":"https:\/\/www.immo-invest.ch\/it\/author\/immovestuser\/#author"},"creator":{"@id":"https:\/\/www.immo-invest.ch\/it\/author\/immovestuser\/#author"},"image":{"@type":"ImageObject","url":"https:\/\/www.immo-invest.ch\/wp-content\/uploads\/2024\/07\/206672-5.png","@id":"https:\/\/www.immo-invest.ch\/it\/le-museum-dhistoire-naturelle-de-geneve-devoile-sa-vision-energetique\/#mainImage","width":850,"height":640},"primaryImageOfPage":{"@id":"https:\/\/www.immo-invest.ch\/it\/le-museum-dhistoire-naturelle-de-geneve-devoile-sa-vision-energetique\/#mainImage"},"datePublished":"2024-07-05T16:24:22+02:00","dateModified":"2024-07-05T16:44:30+02:00"},{"@type":"WebSite","@id":"https:\/\/www.immo-invest.ch\/it\/#website","url":"https:\/\/www.immo-invest.ch\/it\/","name":"immo!nvest - Die Plattform f\u00fcr Standorte und Immobilien","description":"Die\u00a0Plattform f\u00fcr Standorte und Immobilien","inLanguage":"it-IT","publisher":{"@id":"https:\/\/www.immo-invest.ch\/it\/#organization"}}]},"og:locale":"it_IT","og:site_name":"immo!nvest - Die Plattform f\u00fcr Standorte und Immobilien - Die\u00a0Plattform f\u00fcr Standorte und Immobilien","og:type":"article","og:title":"Il Museo di Storia Naturale di Ginevra svela la sua visione energetica - immo!nvest - Die Plattform f\u00fcr Standorte und Immobilien","og:description":"Il Museo di Storia Naturale di Ginevra chiuder\u00e0 i battenti il 1\u00b0 gennaio 2024 per un anno per sottoporsi a importanti lavori di ristrutturazione. La trasformazione riguarder\u00e0 non solo le sale espositive, ma anche l'ampliamento dell'edificio per ospitare la collezione e le strutture di ricerca. L'obiettivo \u00e8 creare un'infrastruttura moderna e sostenibile in grado di soddisfare le crescenti esigenze entro il 2027.","og:url":"https:\/\/www.immo-invest.ch\/it\/le-museum-dhistoire-naturelle-de-geneve-devoile-sa-vision-energetique\/","og:image":"https:\/\/www.immo-invest.ch\/wp-content\/uploads\/2024\/07\/206672-5.png","og:image:secure_url":"https:\/\/www.immo-invest.ch\/wp-content\/uploads\/2024\/07\/206672-5.png","og:image:width":850,"og:image:height":640,"article:published_time":"2024-07-05T14:24:22+00:00","article:modified_time":"2024-07-05T14:44:30+00:00","article:publisher":"https:\/\/www.facebook.com\/people\/Immoinvest\/100077962920504\/","twitter:card":"summary_large_image","twitter:site":"@i","twitter:title":"Il Museo di Storia Naturale di Ginevra svela la sua visione energetica - immo!nvest - Die Plattform f\u00fcr Standorte und Immobilien","twitter:description":"Il Museo di Storia Naturale di Ginevra chiuder\u00e0 i battenti il 1\u00b0 gennaio 2024 per un anno per sottoporsi a importanti lavori di ristrutturazione. La trasformazione riguarder\u00e0 non solo le sale espositive, ma anche l'ampliamento dell'edificio per ospitare la collezione e le strutture di ricerca. L'obiettivo \u00e8 creare un'infrastruttura moderna e sostenibile in grado di soddisfare le crescenti esigenze entro il 2027.","twitter:creator":"@i","twitter:image":"https:\/\/www.immo-invest.ch\/wp-content\/uploads\/2024\/07\/206672-5.png"},"aioseo_meta_data":{"post_id":"105019","title":null,"description":null,"keywords":null,"keyphrases":null,"primary_term":null,"canonical_url":null,"og_title":null,"og_description":null,"og_object_type":"default","og_image_type":"default","og_image_url":null,"og_image_width":null,"og_image_height":null,"og_image_custom_url":null,"og_image_custom_fields":null,"og_video":null,"og_custom_url":null,"og_article_section":null,"og_article_tags":null,"twitter_use_og":false,"twitter_card":"default","twitter_image_type":"default","twitter_image_url":null,"twitter_image_custom_url":null,"twitter_image_custom_fields":null,"twitter_title":null,"twitter_description":null,"schema":{"blockGraphs":[],"customGraphs":[],"default":{"data":{"Article":[],"Course":[],"Dataset":[],"FAQPage":[],"Movie":[],"Person":[],"Product":[],"ProductReview":[],"Car":[],"Recipe":[],"Service":[],"SoftwareApplication":[],"WebPage":[]},"graphName":"","isEnabled":true},"graphs":[]},"schema_type":"default","schema_type_options":null,"pillar_content":false,"robots_default":true,"robots_noindex":false,"robots_noarchive":false,"robots_nosnippet":false,"robots_nofollow":false,"robots_noimageindex":false,"robots_noodp":false,"robots_notranslate":false,"robots_max_snippet":null,"robots_max_videopreview":null,"robots_max_imagepreview":"large","priority":null,"frequency":null,"local_seo":null,"breadcrumb_settings":null,"limit_modified_date":false,"ai":null,"created":"2024-09-20 23:04:01","updated":"2025-10-24 05:21:23","seo_analyzer_scan_date":null,"focus_keyword":null,"additional_keywords":null,"truseo_locale":null},"aioseo_breadcrumb":"<div class=\"aioseo-breadcrumbs\"><span class=\"aioseo-breadcrumb\">\n\t\t\t<a href=\"https:\/\/www.immo-invest.ch\/it\/\" title=\"Home\">Home<\/a>\n\t\t<\/span><span class=\"aioseo-breadcrumb-separator\">&raquo;<\/span><span class=\"aioseo-breadcrumb\">\n\t\t\t<a href=\"https:\/\/www.immo-invest.ch\/it\/categoria\/regioni\/\" title=\"Regioni\">Regioni<\/a>\n\t\t<\/span><span class=\"aioseo-breadcrumb-separator\">&raquo;<\/span><span class=\"aioseo-breadcrumb\">\n\t\t\t<a href=\"https:\/\/www.immo-invest.ch\/it\/categoria\/regioni\/svizzera\/\" title=\"Svizzera\">Svizzera<\/a>\n\t\t<\/span><span class=\"aioseo-breadcrumb-separator\">&raquo;<\/span><span class=\"aioseo-breadcrumb\">\n\t\t\t<a href=\"https:\/\/www.immo-invest.ch\/it\/categoria\/regioni\/svizzera\/regione-del-lago-di-ginevra\/\" title=\"Regione del Lago di Ginevra\">Regione del Lago di Ginevra<\/a>\n\t\t<\/span><span class=\"aioseo-breadcrumb-separator\">&raquo;<\/span><span class=\"aioseo-breadcrumb\">\n\t\t\t<a href=\"https:\/\/www.immo-invest.ch\/it\/categoria\/regioni\/svizzera\/regione-del-lago-di-ginevra\/genf-it\/\" title=\"Genf\">Genf<\/a>\n\t\t<\/span><span class=\"aioseo-breadcrumb-separator\">&raquo;<\/span><span class=\"aioseo-breadcrumb\">\n\t\t\tIl Museo di Storia Naturale di Ginevra svela la sua visione energetica\n\t\t<\/span><\/div>","aioseo_breadcrumb_json":[{"label":"Home","link":"https:\/\/www.immo-invest.ch\/it\/"},{"label":"Regioni","link":"https:\/\/www.immo-invest.ch\/it\/categoria\/regioni\/"},{"label":"Svizzera","link":"https:\/\/www.immo-invest.ch\/it\/categoria\/regioni\/svizzera\/"},{"label":"Regione del Lago di Ginevra","link":"https:\/\/www.immo-invest.ch\/it\/categoria\/regioni\/svizzera\/regione-del-lago-di-ginevra\/"},{"label":"Genf","link":"https:\/\/www.immo-invest.ch\/it\/categoria\/regioni\/svizzera\/regione-del-lago-di-ginevra\/genf-it\/"},{"label":"Il Museo di Storia Naturale di Ginevra svela la sua visione energetica","link":"https:\/\/www.immo-invest.ch\/it\/le-museum-dhistoire-naturelle-de-geneve-devoile-sa-vision-energetique\/"}],"featured_image_src":"https:\/\/www.immo-invest.ch\/wp-content\/uploads\/2024\/07\/206672-5-336x168.png","_links":{"self":[{"href":"https:\/\/www.immo-invest.ch\/it\/wp-json\/wp\/v2\/posts\/105019","targetHints":{"allow":["GET"]}}],"collection":[{"href":"https:\/\/www.immo-invest.ch\/it\/wp-json\/wp\/v2\/posts"}],"about":[{"href":"https:\/\/www.immo-invest.ch\/it\/wp-json\/wp\/v2\/types\/post"}],"author":[{"embeddable":true,"href":"https:\/\/www.immo-invest.ch\/it\/wp-json\/wp\/v2\/users\/2"}],"replies":[{"embeddable":true,"href":"https:\/\/www.immo-invest.ch\/it\/wp-json\/wp\/v2\/comments?post=105019"}],"version-history":[{"count":0,"href":"https:\/\/www.immo-invest.ch\/it\/wp-json\/wp\/v2\/posts\/105019\/revisions"}],"wp:featuredmedia":[{"embeddable":true,"href":"https:\/\/www.immo-invest.ch\/it\/wp-json\/wp\/v2\/media\/104919"}],"wp:attachment":[{"href":"https:\/\/www.immo-invest.ch\/it\/wp-json\/wp\/v2\/media?parent=105019"}],"wp:term":[{"taxonomy":"category","embeddable":true,"href":"https:\/\/www.immo-invest.ch\/it\/wp-json\/wp\/v2\/categories?post=105019"},{"taxonomy":"post_tag","embeddable":true,"href":"https:\/\/www.immo-invest.ch\/it\/wp-json\/wp\/v2\/tags?post=105019"}],"curies":[{"name":"wp","href":"https:\/\/api.w.org\/{rel}","templated":true}]}}