{"id":104379,"date":"2024-07-04T11:12:23","date_gmt":"2024-07-04T09:12:23","guid":{"rendered":"https:\/\/www.immo-invest.ch\/?p=104379"},"modified":"2024-07-04T09:20:20","modified_gmt":"2024-07-04T07:20:20","slug":"baugenossenschaften-sollen-selbstbewusster-agieren","status":"publish","type":"post","link":"https:\/\/www.immo-invest.ch\/it\/baugenossenschaften-sollen-selbstbewusster-agieren\/","title":{"rendered":"Le cooperative edilizie dovrebbero agire con pi\u00f9 fiducia"},"content":{"rendered":"<p class=\"bodytext\">Il Presidente dell&rsquo;Associazione Daniel Burri ha dato il benvenuto a circa 100 delegati e ospiti alla 13esima riunione ordinaria dei delegati di <a href=\"https:\/\/www.wohnen-schweiz.ch\/home\" target=\"_blank\" rel=\"noopener\"><span class=\"glossaryLink\" aria-describedby=\"tt\" data-cmtooltip=\"&lt;div class=glossaryItemTitle&gt;Wohnen Schweiz&lt;\/div&gt;&lt;div class=glossaryItemBody&gt;Verband der Baugenossenschaften; entstanden aus der Fusion des Schweizerischen Verbandes Liberaler Baugenossenschaften VLB und des Schweizerischen Verbandes f&uuml;r Wohnbau- und Eigentumsf&ouml;rderung SWE&lt;\/div&gt;\" data-mobile-support=\"0\" data-gt-translate-attributes='[{\"attribute\":\"data-cmtooltip\", \"format\":\"html\"}]' tabindex=\"0\" role=\"link\">Wohnen Schweiz<\/span><\/a>, tenutasi il 20 giugno presso la Landhaus Solothurn, ha riferito l&rsquo;associazione delle cooperative edilizie in un <a href=\"https:\/\/www.wohnen-schweiz.ch\/news\/branche\/rueckblick-dv-2024\" target=\"_blank\" rel=\"noopener\">comunicato<\/a> stampa. Tutti si sono trovati d&rsquo;accordo sul fatto che la costruzione di alloggi in cooperativa &egrave; pi&ugrave; che mai necessaria a causa della carenza di alloggi, secondo il comunicato stampa. I responsabili dovrebbero quindi essere &ldquo;pi&ugrave; sicuri di s&eacute;&rdquo;.<\/p>\n<p class=\"bodytext\">In un messaggio video, il Consigliere federale Guy Parmelin ha riconosciuto il ruolo importante svolto dagli sviluppatori immobiliari no-profit nella creazione di alloggi a prezzi accessibili. Parmelin ha citato la densificazione, lo snellimento delle procedure e la fornitura di un maggior numero di alloggi a prezzi accessibili come chiave per risolvere il problema degli alloggi. Il Presidente dell&rsquo;Associazione Burri ha chiesto che &ldquo;a queste dichiarazioni seguano azioni concrete e che vengano rafforzati gli strumenti di promozione indiretta degli alloggi, in particolare il <a href=\"https:\/\/www.wbg-schweiz.ch\/dienstleistungen\/finanzierung\/fonds_de_roulement\" target=\"_blank\" rel=\"noopener\">Fonds de Roulement<\/a>, nonch&eacute; il lavoro delle associazioni&rdquo;. In particolare, <span class=\"glossaryLink\" aria-describedby=\"tt\" data-cmtooltip=\"&lt;div class=glossaryItemTitle&gt;Wohnen Schweiz&lt;\/div&gt;&lt;div class=glossaryItemBody&gt;Verband der Baugenossenschaften; entstanden aus der Fusion des Schweizerischen Verbandes Liberaler Baugenossenschaften VLB und des Schweizerischen Verbandes f&uuml;r Wohnbau- und Eigentumsf&ouml;rderung SWE&lt;\/div&gt;\" data-mobile-support=\"0\" data-gt-translate-attributes='[{\"attribute\":\"data-cmtooltip\", \"format\":\"html\"}]' tabindex=\"0\" role=\"link\">Wohnen Schweiz<\/span> vuole difendersi dai tagli previsti agli accordi di prestazione del Governo federale con le organizzazioni mantello.<\/p>\n<p class=\"bodytext\">La <a href=\"https:\/\/wohnen-malters.ch\/\" target=\"_blank\" rel=\"noopener\">cooperativa wohnen malters<\/a> &egrave; stata insignita del premio di riconoscimento della Fondazione Svizzera per l&rsquo;Abitazione durante la riunione dei delegati. L&rsquo;azienda, che ha sede a Malters LU, ha ricevuto il premio, del valore di 10.000 franchi svizzeri, per la ristrutturazione della propriet&agrave; Oberfeld a Malters.<\/p>\n","protected":false},"excerpt":{"rendered":"<p>Durante la 13a assemblea dei delegati di Wohnen Schweiz il 20 giugno a Soletta, il presidente dell&#8217;associazione Daniel Burri ha sottolineato la necessit\u00e0 dell&#8217;edilizia abitativa cooperativa. Il consigliere federale Guy Parmelin ha elogiato i promotori senza scopo di lucro e ha chiesto misure concrete per creare alloggi a prezzi accessibili.<\/p>\n","protected":false},"author":2,"featured_media":104367,"comment_status":"open","ping_status":"open","sticky":false,"template":"","format":"standard","meta":{"pmpro_default_level":"","inline_featured_image":false,"_monsterinsights_skip_tracking":false,"footnotes":""},"categories":[22359,745,22695,9454],"tags":[47628,867,3935,2006,47885],"class_list":["post-104379","post","type-post","status-publish","format-standard","has-post-thumbnail","hentry","category-costruzione","category-immonews-it","category-societa","category-regione-soletta","tag-delegiertenversammlung-it","tag-immoinvest-it","tag-immonews-it","tag-news-it","tag-wohnen-schweiz-it","pmpro-has-access"],"acf":{"bild_mit_ki_erstellt_worden":[],"lead":"Durante la 13a assemblea dei delegati di Wohnen Schweiz il 20 giugno a Soletta, il presidente dell'associazione Daniel Burri ha sottolineato la necessit\u00e0 dell'edilizia abitativa cooperativa. Il consigliere federale Guy Parmelin ha elogiato i promotori senza scopo di lucro e ha chiesto misure concrete per creare alloggi a prezzi accessibili.","autor":"ce\/hs","ort":"Luzern\/Solothurn","bildunterschrift":"","bild_im_grid":false,"gallerie":"","newsim":""},"aioseo_notices":[],"aioseo_head":"\n\t\t<!-- All in One SEO 5.0.1.1 - aioseo.com -->\n\t<meta name=\"description\" content=\"Durante la 13a assemblea dei delegati di Wohnen Schweiz il 20 giugno a Soletta, il presidente dell&#039;associazione Daniel Burri ha sottolineato la necessit\u00e0 dell&#039;edilizia abitativa cooperativa. Il consigliere federale Guy Parmelin ha elogiato i promotori senza scopo di lucro e ha chiesto misure concrete per creare alloggi a prezzi accessibili.\" \/>\n\t<meta name=\"robots\" content=\"max-image-preview:large\" \/>\n\t<meta name=\"author\" content=\"immovestuser\"\/>\n\t<meta name=\"google-site-verification\" content=\"fHJKvgWpZCR2zVBHWfkQeFXC11qieUSff0HGNYfuyLA\" \/>\n\t<link rel=\"canonical\" href=\"https:\/\/www.immo-invest.ch\/it\/baugenossenschaften-sollen-selbstbewusster-agieren\/\" \/>\n\t<meta name=\"generator\" content=\"All in One SEO (AIOSEO) 5.0.1.1\" \/>\n\t\t<meta property=\"og:locale\" content=\"it_IT\" \/>\n\t\t<meta property=\"og:site_name\" content=\"immo!nvest - Die Plattform f\u00fcr Standorte und Immobilien - Die\u00a0Plattform f\u00fcr Standorte und Immobilien\" \/>\n\t\t<meta property=\"og:type\" content=\"article\" \/>\n\t\t<meta property=\"og:title\" content=\"Le cooperative edilizie dovrebbero agire con pi\u00f9 fiducia - immo!nvest - Die Plattform f\u00fcr Standorte und Immobilien\" \/>\n\t\t<meta property=\"og:description\" content=\"Durante la 13a assemblea dei delegati di Wohnen Schweiz il 20 giugno a Soletta, il presidente dell&#039;associazione Daniel Burri ha sottolineato la necessit\u00e0 dell&#039;edilizia abitativa cooperativa. Il consigliere federale Guy Parmelin ha elogiato i promotori senza scopo di lucro e ha chiesto misure concrete per creare alloggi a prezzi accessibili.\" \/>\n\t\t<meta property=\"og:url\" content=\"https:\/\/www.immo-invest.ch\/it\/baugenossenschaften-sollen-selbstbewusster-agieren\/\" \/>\n\t\t<meta property=\"og:image\" content=\"https:\/\/www.immo-invest.ch\/wp-content\/uploads\/2024\/07\/Unbenannt-5.png\" \/>\n\t\t<meta property=\"og:image:secure_url\" content=\"https:\/\/www.immo-invest.ch\/wp-content\/uploads\/2024\/07\/Unbenannt-5.png\" \/>\n\t\t<meta property=\"og:image:width\" content=\"1792\" \/>\n\t\t<meta property=\"og:image:height\" content=\"1024\" \/>\n\t\t<meta property=\"article:published_time\" content=\"2024-07-04T09:12:23+00:00\" \/>\n\t\t<meta property=\"article:modified_time\" content=\"2024-07-04T07:20:20+00:00\" \/>\n\t\t<meta property=\"article:publisher\" content=\"https:\/\/www.facebook.com\/people\/Immoinvest\/100077962920504\/\" \/>\n\t\t<meta name=\"twitter:card\" content=\"summary_large_image\" \/>\n\t\t<meta name=\"twitter:site\" content=\"@i\" \/>\n\t\t<meta name=\"twitter:title\" content=\"Le cooperative edilizie dovrebbero agire con pi\u00f9 fiducia - immo!nvest - Die Plattform f\u00fcr Standorte und Immobilien\" \/>\n\t\t<meta name=\"twitter:description\" content=\"Durante la 13a assemblea dei delegati di Wohnen Schweiz il 20 giugno a Soletta, il presidente dell&#039;associazione Daniel Burri ha sottolineato la necessit\u00e0 dell&#039;edilizia abitativa cooperativa. Il consigliere federale Guy Parmelin ha elogiato i promotori senza scopo di lucro e ha chiesto misure concrete per creare alloggi a prezzi accessibili.\" \/>\n\t\t<meta name=\"twitter:creator\" content=\"@i\" \/>\n\t\t<meta name=\"twitter:image\" content=\"https:\/\/www.immo-invest.ch\/wp-content\/uploads\/2024\/07\/Unbenannt-5.png\" \/>\n\t\t<script type=\"application\/ld+json\" class=\"aioseo-schema\">\n\t\t\t{\"@context\":\"https:\\\/\\\/schema.org\",\"@graph\":[{\"@type\":\"BlogPosting\",\"@id\":\"https:\\\/\\\/www.immo-invest.ch\\\/it\\\/baugenossenschaften-sollen-selbstbewusster-agieren\\\/#blogposting\",\"name\":\"Le cooperative edilizie dovrebbero agire con pi\\u00f9 fiducia - immo!nvest - Die Plattform f\\u00fcr Standorte und Immobilien\",\"headline\":\"Le cooperative edilizie dovrebbero agire con pi\\u00f9 fiducia\",\"author\":{\"@id\":\"https:\\\/\\\/www.immo-invest.ch\\\/it\\\/author\\\/immovestuser\\\/#author\"},\"publisher\":{\"@id\":\"https:\\\/\\\/www.immo-invest.ch\\\/it\\\/#organization\"},\"image\":{\"@type\":\"ImageObject\",\"url\":\"https:\\\/\\\/www.immo-invest.ch\\\/wp-content\\\/uploads\\\/2024\\\/07\\\/Unbenannt-5.png\",\"width\":1792,\"height\":1024},\"datePublished\":\"2024-07-04T11:12:23+02:00\",\"dateModified\":\"2024-07-04T09:20:20+02:00\",\"inLanguage\":\"it-IT\",\"mainEntityOfPage\":{\"@id\":\"https:\\\/\\\/www.immo-invest.ch\\\/it\\\/baugenossenschaften-sollen-selbstbewusster-agieren\\\/#webpage\"},\"isPartOf\":{\"@id\":\"https:\\\/\\\/www.immo-invest.ch\\\/it\\\/baugenossenschaften-sollen-selbstbewusster-agieren\\\/#webpage\"},\"articleSection\":\"Costruzione, immoNews, Societ\\u00e0, Soletta, Delegiertenversammlung, Immoinvest, immoNews, News, Wohnen Schweiz, Optional\"},{\"@type\":\"BreadcrumbList\",\"@id\":\"https:\\\/\\\/www.immo-invest.ch\\\/it\\\/baugenossenschaften-sollen-selbstbewusster-agieren\\\/#breadcrumblist\",\"itemListElement\":[{\"@type\":\"ListItem\",\"@id\":\"https:\\\/\\\/www.immo-invest.ch\\\/it\\\/#listItem\",\"position\":1,\"name\":\"Home\",\"item\":\"https:\\\/\\\/www.immo-invest.ch\\\/it\\\/\",\"nextItem\":{\"@type\":\"ListItem\",\"@id\":\"https:\\\/\\\/www.immo-invest.ch\\\/it\\\/categoria\\\/regioni\\\/#listItem\",\"name\":\"Regioni\"}},{\"@type\":\"ListItem\",\"@id\":\"https:\\\/\\\/www.immo-invest.ch\\\/it\\\/categoria\\\/regioni\\\/#listItem\",\"position\":2,\"name\":\"Regioni\",\"item\":\"https:\\\/\\\/www.immo-invest.ch\\\/it\\\/categoria\\\/regioni\\\/\",\"nextItem\":{\"@type\":\"ListItem\",\"@id\":\"https:\\\/\\\/www.immo-invest.ch\\\/it\\\/categoria\\\/regioni\\\/svizzera\\\/#listItem\",\"name\":\"Svizzera\"},\"previousItem\":{\"@type\":\"ListItem\",\"@id\":\"https:\\\/\\\/www.immo-invest.ch\\\/it\\\/#listItem\",\"name\":\"Home\"}},{\"@type\":\"ListItem\",\"@id\":\"https:\\\/\\\/www.immo-invest.ch\\\/it\\\/categoria\\\/regioni\\\/svizzera\\\/#listItem\",\"position\":3,\"name\":\"Svizzera\",\"item\":\"https:\\\/\\\/www.immo-invest.ch\\\/it\\\/categoria\\\/regioni\\\/svizzera\\\/\",\"nextItem\":{\"@type\":\"ListItem\",\"@id\":\"https:\\\/\\\/www.immo-invest.ch\\\/it\\\/categoria\\\/regioni\\\/svizzera\\\/espace-mittelland\\\/#listItem\",\"name\":\"Espace Mittelland\"},\"previousItem\":{\"@type\":\"ListItem\",\"@id\":\"https:\\\/\\\/www.immo-invest.ch\\\/it\\\/categoria\\\/regioni\\\/#listItem\",\"name\":\"Regioni\"}},{\"@type\":\"ListItem\",\"@id\":\"https:\\\/\\\/www.immo-invest.ch\\\/it\\\/categoria\\\/regioni\\\/svizzera\\\/espace-mittelland\\\/#listItem\",\"position\":4,\"name\":\"Espace Mittelland\",\"item\":\"https:\\\/\\\/www.immo-invest.ch\\\/it\\\/categoria\\\/regioni\\\/svizzera\\\/espace-mittelland\\\/\",\"nextItem\":{\"@type\":\"ListItem\",\"@id\":\"https:\\\/\\\/www.immo-invest.ch\\\/it\\\/categoria\\\/regioni\\\/svizzera\\\/espace-mittelland\\\/regione-soletta\\\/#listItem\",\"name\":\"Soletta\"},\"previousItem\":{\"@type\":\"ListItem\",\"@id\":\"https:\\\/\\\/www.immo-invest.ch\\\/it\\\/categoria\\\/regioni\\\/svizzera\\\/#listItem\",\"name\":\"Svizzera\"}},{\"@type\":\"ListItem\",\"@id\":\"https:\\\/\\\/www.immo-invest.ch\\\/it\\\/categoria\\\/regioni\\\/svizzera\\\/espace-mittelland\\\/regione-soletta\\\/#listItem\",\"position\":5,\"name\":\"Soletta\",\"item\":\"https:\\\/\\\/www.immo-invest.ch\\\/it\\\/categoria\\\/regioni\\\/svizzera\\\/espace-mittelland\\\/regione-soletta\\\/\",\"nextItem\":{\"@type\":\"ListItem\",\"@id\":\"https:\\\/\\\/www.immo-invest.ch\\\/it\\\/baugenossenschaften-sollen-selbstbewusster-agieren\\\/#listItem\",\"name\":\"Le cooperative edilizie dovrebbero agire con pi\\u00f9 fiducia\"},\"previousItem\":{\"@type\":\"ListItem\",\"@id\":\"https:\\\/\\\/www.immo-invest.ch\\\/it\\\/categoria\\\/regioni\\\/svizzera\\\/espace-mittelland\\\/#listItem\",\"name\":\"Espace Mittelland\"}},{\"@type\":\"ListItem\",\"@id\":\"https:\\\/\\\/www.immo-invest.ch\\\/it\\\/baugenossenschaften-sollen-selbstbewusster-agieren\\\/#listItem\",\"position\":6,\"name\":\"Le cooperative edilizie dovrebbero agire con pi\\u00f9 fiducia\",\"previousItem\":{\"@type\":\"ListItem\",\"@id\":\"https:\\\/\\\/www.immo-invest.ch\\\/it\\\/categoria\\\/regioni\\\/svizzera\\\/espace-mittelland\\\/regione-soletta\\\/#listItem\",\"name\":\"Soletta\"}}]},{\"@type\":\"Organization\",\"@id\":\"https:\\\/\\\/www.immo-invest.ch\\\/it\\\/#organization\",\"name\":\"immo!nvest - Die Plattform f\\u00fcr Standorte und Immobilien\",\"description\":\"Die\\u00a0Plattform f\\u00fcr Standorte und Immobilien\",\"url\":\"https:\\\/\\\/www.immo-invest.ch\\\/it\\\/\",\"email\":\"admin@immomedia.ag\",\"telephone\":\"+41444420002\",\"logo\":{\"@type\":\"ImageObject\",\"url\":\"https:\\\/\\\/www.immo-invest.ch\\\/wp-content\\\/uploads\\\/2024\\\/09\\\/immoinvest_sm-scaled.jpg\",\"@id\":\"https:\\\/\\\/www.immo-invest.ch\\\/it\\\/baugenossenschaften-sollen-selbstbewusster-agieren\\\/#organizationLogo\",\"width\":2560,\"height\":1340},\"image\":{\"@id\":\"https:\\\/\\\/www.immo-invest.ch\\\/it\\\/baugenossenschaften-sollen-selbstbewusster-agieren\\\/#organizationLogo\"},\"sameAs\":[\"https:\\\/\\\/www.facebook.com\\\/people\\\/Immoinvest\\\/100077962920504\\\/\",\"https:\\\/\\\/x.com\\\/i\\\/flow\\\/login?redirect_after_login=immoinvest_ch\",\"https:\\\/\\\/www.instagram.com\\\/immoinvest_ch\\\/\",\"https:\\\/\\\/www.linkedin.com\\\/company\\\/immoinvest-swiss\"]},{\"@type\":\"Person\",\"@id\":\"https:\\\/\\\/www.immo-invest.ch\\\/it\\\/author\\\/immovestuser\\\/#author\",\"url\":\"https:\\\/\\\/www.immo-invest.ch\\\/it\\\/author\\\/immovestuser\\\/\",\"name\":\"immovestuser\",\"image\":{\"@type\":\"ImageObject\",\"@id\":\"https:\\\/\\\/www.immo-invest.ch\\\/it\\\/baugenossenschaften-sollen-selbstbewusster-agieren\\\/#authorImage\",\"url\":\"https:\\\/\\\/secure.gravatar.com\\\/avatar\\\/8e01f4d99f2eeea7a362ebb93305e1172a70e9293ba250f897a65c39f54cdd1e?s=96&d=mm&r=g\",\"width\":96,\"height\":96,\"caption\":\"immovestuser\"}},{\"@type\":\"WebPage\",\"@id\":\"https:\\\/\\\/www.immo-invest.ch\\\/it\\\/baugenossenschaften-sollen-selbstbewusster-agieren\\\/#webpage\",\"url\":\"https:\\\/\\\/www.immo-invest.ch\\\/it\\\/baugenossenschaften-sollen-selbstbewusster-agieren\\\/\",\"name\":\"Le cooperative edilizie dovrebbero agire con pi\\u00f9 fiducia - immo!nvest - Die Plattform f\\u00fcr Standorte und Immobilien\",\"description\":\"Durante la 13a assemblea dei delegati di Wohnen Schweiz il 20 giugno a Soletta, il presidente dell'associazione Daniel Burri ha sottolineato la necessit\\u00e0 dell'edilizia abitativa cooperativa. Il consigliere federale Guy Parmelin ha elogiato i promotori senza scopo di lucro e ha chiesto misure concrete per creare alloggi a prezzi accessibili.\",\"inLanguage\":\"it-IT\",\"isPartOf\":{\"@id\":\"https:\\\/\\\/www.immo-invest.ch\\\/it\\\/#website\"},\"breadcrumb\":{\"@id\":\"https:\\\/\\\/www.immo-invest.ch\\\/it\\\/baugenossenschaften-sollen-selbstbewusster-agieren\\\/#breadcrumblist\"},\"author\":{\"@id\":\"https:\\\/\\\/www.immo-invest.ch\\\/it\\\/author\\\/immovestuser\\\/#author\"},\"creator\":{\"@id\":\"https:\\\/\\\/www.immo-invest.ch\\\/it\\\/author\\\/immovestuser\\\/#author\"},\"image\":{\"@type\":\"ImageObject\",\"url\":\"https:\\\/\\\/www.immo-invest.ch\\\/wp-content\\\/uploads\\\/2024\\\/07\\\/Unbenannt-5.png\",\"@id\":\"https:\\\/\\\/www.immo-invest.ch\\\/it\\\/baugenossenschaften-sollen-selbstbewusster-agieren\\\/#mainImage\",\"width\":1792,\"height\":1024},\"primaryImageOfPage\":{\"@id\":\"https:\\\/\\\/www.immo-invest.ch\\\/it\\\/baugenossenschaften-sollen-selbstbewusster-agieren\\\/#mainImage\"},\"datePublished\":\"2024-07-04T11:12:23+02:00\",\"dateModified\":\"2024-07-04T09:20:20+02:00\"},{\"@type\":\"WebSite\",\"@id\":\"https:\\\/\\\/www.immo-invest.ch\\\/it\\\/#website\",\"url\":\"https:\\\/\\\/www.immo-invest.ch\\\/it\\\/\",\"name\":\"immo!nvest - Die Plattform f\\u00fcr Standorte und Immobilien\",\"description\":\"Die\\u00a0Plattform f\\u00fcr Standorte und Immobilien\",\"inLanguage\":\"it-IT\",\"publisher\":{\"@id\":\"https:\\\/\\\/www.immo-invest.ch\\\/it\\\/#organization\"}}]}\n\t\t<\/script>\n\t\t<!-- All in One SEO -->\n\n","aioseo_head_json":{"title":"Le cooperative edilizie dovrebbero agire con pi\u00f9 fiducia - immo!nvest - Die Plattform f\u00fcr Standorte und Immobilien","description":"Durante la 13a assemblea dei delegati di Wohnen Schweiz il 20 giugno a Soletta, il presidente dell'associazione Daniel Burri ha sottolineato la necessit\u00e0 dell'edilizia abitativa cooperativa. Il consigliere federale Guy Parmelin ha elogiato i promotori senza scopo di lucro e ha chiesto misure concrete per creare alloggi a prezzi accessibili.","canonical_url":"https:\/\/www.immo-invest.ch\/it\/baugenossenschaften-sollen-selbstbewusster-agieren\/","robots":"max-image-preview:large","keywords":"","webmasterTools":{"google-site-verification":"fHJKvgWpZCR2zVBHWfkQeFXC11qieUSff0HGNYfuyLA","miscellaneous":""},"schema":{"@context":"https:\/\/schema.org","@graph":[{"@type":"BlogPosting","@id":"https:\/\/www.immo-invest.ch\/it\/baugenossenschaften-sollen-selbstbewusster-agieren\/#blogposting","name":"Le cooperative edilizie dovrebbero agire con pi\u00f9 fiducia - immo!nvest - Die Plattform f\u00fcr Standorte und Immobilien","headline":"Le cooperative edilizie dovrebbero agire con pi\u00f9 fiducia","author":{"@id":"https:\/\/www.immo-invest.ch\/it\/author\/immovestuser\/#author"},"publisher":{"@id":"https:\/\/www.immo-invest.ch\/it\/#organization"},"image":{"@type":"ImageObject","url":"https:\/\/www.immo-invest.ch\/wp-content\/uploads\/2024\/07\/Unbenannt-5.png","width":1792,"height":1024},"datePublished":"2024-07-04T11:12:23+02:00","dateModified":"2024-07-04T09:20:20+02:00","inLanguage":"it-IT","mainEntityOfPage":{"@id":"https:\/\/www.immo-invest.ch\/it\/baugenossenschaften-sollen-selbstbewusster-agieren\/#webpage"},"isPartOf":{"@id":"https:\/\/www.immo-invest.ch\/it\/baugenossenschaften-sollen-selbstbewusster-agieren\/#webpage"},"articleSection":"Costruzione, immoNews, Societ\u00e0, Soletta, Delegiertenversammlung, Immoinvest, immoNews, News, Wohnen Schweiz, Optional"},{"@type":"BreadcrumbList","@id":"https:\/\/www.immo-invest.ch\/it\/baugenossenschaften-sollen-selbstbewusster-agieren\/#breadcrumblist","itemListElement":[{"@type":"ListItem","@id":"https:\/\/www.immo-invest.ch\/it\/#listItem","position":1,"name":"Home","item":"https:\/\/www.immo-invest.ch\/it\/","nextItem":{"@type":"ListItem","@id":"https:\/\/www.immo-invest.ch\/it\/categoria\/regioni\/#listItem","name":"Regioni"}},{"@type":"ListItem","@id":"https:\/\/www.immo-invest.ch\/it\/categoria\/regioni\/#listItem","position":2,"name":"Regioni","item":"https:\/\/www.immo-invest.ch\/it\/categoria\/regioni\/","nextItem":{"@type":"ListItem","@id":"https:\/\/www.immo-invest.ch\/it\/categoria\/regioni\/svizzera\/#listItem","name":"Svizzera"},"previousItem":{"@type":"ListItem","@id":"https:\/\/www.immo-invest.ch\/it\/#listItem","name":"Home"}},{"@type":"ListItem","@id":"https:\/\/www.immo-invest.ch\/it\/categoria\/regioni\/svizzera\/#listItem","position":3,"name":"Svizzera","item":"https:\/\/www.immo-invest.ch\/it\/categoria\/regioni\/svizzera\/","nextItem":{"@type":"ListItem","@id":"https:\/\/www.immo-invest.ch\/it\/categoria\/regioni\/svizzera\/espace-mittelland\/#listItem","name":"Espace Mittelland"},"previousItem":{"@type":"ListItem","@id":"https:\/\/www.immo-invest.ch\/it\/categoria\/regioni\/#listItem","name":"Regioni"}},{"@type":"ListItem","@id":"https:\/\/www.immo-invest.ch\/it\/categoria\/regioni\/svizzera\/espace-mittelland\/#listItem","position":4,"name":"Espace Mittelland","item":"https:\/\/www.immo-invest.ch\/it\/categoria\/regioni\/svizzera\/espace-mittelland\/","nextItem":{"@type":"ListItem","@id":"https:\/\/www.immo-invest.ch\/it\/categoria\/regioni\/svizzera\/espace-mittelland\/regione-soletta\/#listItem","name":"Soletta"},"previousItem":{"@type":"ListItem","@id":"https:\/\/www.immo-invest.ch\/it\/categoria\/regioni\/svizzera\/#listItem","name":"Svizzera"}},{"@type":"ListItem","@id":"https:\/\/www.immo-invest.ch\/it\/categoria\/regioni\/svizzera\/espace-mittelland\/regione-soletta\/#listItem","position":5,"name":"Soletta","item":"https:\/\/www.immo-invest.ch\/it\/categoria\/regioni\/svizzera\/espace-mittelland\/regione-soletta\/","nextItem":{"@type":"ListItem","@id":"https:\/\/www.immo-invest.ch\/it\/baugenossenschaften-sollen-selbstbewusster-agieren\/#listItem","name":"Le cooperative edilizie dovrebbero agire con pi\u00f9 fiducia"},"previousItem":{"@type":"ListItem","@id":"https:\/\/www.immo-invest.ch\/it\/categoria\/regioni\/svizzera\/espace-mittelland\/#listItem","name":"Espace Mittelland"}},{"@type":"ListItem","@id":"https:\/\/www.immo-invest.ch\/it\/baugenossenschaften-sollen-selbstbewusster-agieren\/#listItem","position":6,"name":"Le cooperative edilizie dovrebbero agire con pi\u00f9 fiducia","previousItem":{"@type":"ListItem","@id":"https:\/\/www.immo-invest.ch\/it\/categoria\/regioni\/svizzera\/espace-mittelland\/regione-soletta\/#listItem","name":"Soletta"}}]},{"@type":"Organization","@id":"https:\/\/www.immo-invest.ch\/it\/#organization","name":"immo!nvest - Die Plattform f\u00fcr Standorte und Immobilien","description":"Die\u00a0Plattform f\u00fcr Standorte und Immobilien","url":"https:\/\/www.immo-invest.ch\/it\/","email":"admin@immomedia.ag","telephone":"+41444420002","logo":{"@type":"ImageObject","url":"https:\/\/www.immo-invest.ch\/wp-content\/uploads\/2024\/09\/immoinvest_sm-scaled.jpg","@id":"https:\/\/www.immo-invest.ch\/it\/baugenossenschaften-sollen-selbstbewusster-agieren\/#organizationLogo","width":2560,"height":1340},"image":{"@id":"https:\/\/www.immo-invest.ch\/it\/baugenossenschaften-sollen-selbstbewusster-agieren\/#organizationLogo"},"sameAs":["https:\/\/www.facebook.com\/people\/Immoinvest\/100077962920504\/","https:\/\/x.com\/i\/flow\/login?redirect_after_login=immoinvest_ch","https:\/\/www.instagram.com\/immoinvest_ch\/","https:\/\/www.linkedin.com\/company\/immoinvest-swiss"]},{"@type":"Person","@id":"https:\/\/www.immo-invest.ch\/it\/author\/immovestuser\/#author","url":"https:\/\/www.immo-invest.ch\/it\/author\/immovestuser\/","name":"immovestuser","image":{"@type":"ImageObject","@id":"https:\/\/www.immo-invest.ch\/it\/baugenossenschaften-sollen-selbstbewusster-agieren\/#authorImage","url":"https:\/\/secure.gravatar.com\/avatar\/8e01f4d99f2eeea7a362ebb93305e1172a70e9293ba250f897a65c39f54cdd1e?s=96&d=mm&r=g","width":96,"height":96,"caption":"immovestuser"}},{"@type":"WebPage","@id":"https:\/\/www.immo-invest.ch\/it\/baugenossenschaften-sollen-selbstbewusster-agieren\/#webpage","url":"https:\/\/www.immo-invest.ch\/it\/baugenossenschaften-sollen-selbstbewusster-agieren\/","name":"Le cooperative edilizie dovrebbero agire con pi\u00f9 fiducia - immo!nvest - Die Plattform f\u00fcr Standorte und Immobilien","description":"Durante la 13a assemblea dei delegati di Wohnen Schweiz il 20 giugno a Soletta, il presidente dell'associazione Daniel Burri ha sottolineato la necessit\u00e0 dell'edilizia abitativa cooperativa. Il consigliere federale Guy Parmelin ha elogiato i promotori senza scopo di lucro e ha chiesto misure concrete per creare alloggi a prezzi accessibili.","inLanguage":"it-IT","isPartOf":{"@id":"https:\/\/www.immo-invest.ch\/it\/#website"},"breadcrumb":{"@id":"https:\/\/www.immo-invest.ch\/it\/baugenossenschaften-sollen-selbstbewusster-agieren\/#breadcrumblist"},"author":{"@id":"https:\/\/www.immo-invest.ch\/it\/author\/immovestuser\/#author"},"creator":{"@id":"https:\/\/www.immo-invest.ch\/it\/author\/immovestuser\/#author"},"image":{"@type":"ImageObject","url":"https:\/\/www.immo-invest.ch\/wp-content\/uploads\/2024\/07\/Unbenannt-5.png","@id":"https:\/\/www.immo-invest.ch\/it\/baugenossenschaften-sollen-selbstbewusster-agieren\/#mainImage","width":1792,"height":1024},"primaryImageOfPage":{"@id":"https:\/\/www.immo-invest.ch\/it\/baugenossenschaften-sollen-selbstbewusster-agieren\/#mainImage"},"datePublished":"2024-07-04T11:12:23+02:00","dateModified":"2024-07-04T09:20:20+02:00"},{"@type":"WebSite","@id":"https:\/\/www.immo-invest.ch\/it\/#website","url":"https:\/\/www.immo-invest.ch\/it\/","name":"immo!nvest - Die Plattform f\u00fcr Standorte und Immobilien","description":"Die\u00a0Plattform f\u00fcr Standorte und Immobilien","inLanguage":"it-IT","publisher":{"@id":"https:\/\/www.immo-invest.ch\/it\/#organization"}}]},"og:locale":"it_IT","og:site_name":"immo!nvest - Die Plattform f\u00fcr Standorte und Immobilien - Die\u00a0Plattform f\u00fcr Standorte und Immobilien","og:type":"article","og:title":"Le cooperative edilizie dovrebbero agire con pi\u00f9 fiducia - immo!nvest - Die Plattform f\u00fcr Standorte und Immobilien","og:description":"Durante la 13a assemblea dei delegati di Wohnen Schweiz il 20 giugno a Soletta, il presidente dell'associazione Daniel Burri ha sottolineato la necessit\u00e0 dell'edilizia abitativa cooperativa. Il consigliere federale Guy Parmelin ha elogiato i promotori senza scopo di lucro e ha chiesto misure concrete per creare alloggi a prezzi accessibili.","og:url":"https:\/\/www.immo-invest.ch\/it\/baugenossenschaften-sollen-selbstbewusster-agieren\/","og:image":"https:\/\/www.immo-invest.ch\/wp-content\/uploads\/2024\/07\/Unbenannt-5.png","og:image:secure_url":"https:\/\/www.immo-invest.ch\/wp-content\/uploads\/2024\/07\/Unbenannt-5.png","og:image:width":1792,"og:image:height":1024,"article:published_time":"2024-07-04T09:12:23+00:00","article:modified_time":"2024-07-04T07:20:20+00:00","article:publisher":"https:\/\/www.facebook.com\/people\/Immoinvest\/100077962920504\/","twitter:card":"summary_large_image","twitter:site":"@i","twitter:title":"Le cooperative edilizie dovrebbero agire con pi\u00f9 fiducia - immo!nvest - Die Plattform f\u00fcr Standorte und Immobilien","twitter:description":"Durante la 13a assemblea dei delegati di Wohnen Schweiz il 20 giugno a Soletta, il presidente dell'associazione Daniel Burri ha sottolineato la necessit\u00e0 dell'edilizia abitativa cooperativa. Il consigliere federale Guy Parmelin ha elogiato i promotori senza scopo di lucro e ha chiesto misure concrete per creare alloggi a prezzi accessibili.","twitter:creator":"@i","twitter:image":"https:\/\/www.immo-invest.ch\/wp-content\/uploads\/2024\/07\/Unbenannt-5.png"},"aioseo_meta_data":{"post_id":"104379","title":null,"description":null,"keywords":null,"keyphrases":null,"primary_term":null,"canonical_url":null,"og_title":null,"og_description":null,"og_object_type":"default","og_image_type":"default","og_image_url":null,"og_image_width":null,"og_image_height":null,"og_image_custom_url":null,"og_image_custom_fields":null,"og_video":null,"og_custom_url":null,"og_article_section":null,"og_article_tags":null,"twitter_use_og":false,"twitter_card":"default","twitter_image_type":"default","twitter_image_url":null,"twitter_image_custom_url":null,"twitter_image_custom_fields":null,"twitter_title":null,"twitter_description":null,"schema":{"blockGraphs":[],"customGraphs":[],"default":{"data":{"Article":[],"Course":[],"Dataset":[],"FAQPage":[],"Movie":[],"Person":[],"Product":[],"ProductReview":[],"Car":[],"Recipe":[],"Service":[],"SoftwareApplication":[],"WebPage":[]},"graphName":"","isEnabled":true},"graphs":[]},"schema_type":"default","schema_type_options":null,"pillar_content":false,"robots_default":true,"robots_noindex":false,"robots_noarchive":false,"robots_nosnippet":false,"robots_nofollow":false,"robots_noimageindex":false,"robots_noodp":false,"robots_notranslate":false,"robots_max_snippet":null,"robots_max_videopreview":null,"robots_max_imagepreview":"large","priority":null,"frequency":null,"local_seo":null,"breadcrumb_settings":null,"limit_modified_date":false,"ai":null,"created":"2024-09-20 22:44:01","updated":"2025-10-24 05:02:14","seo_analyzer_scan_date":null,"focus_keyword":null,"additional_keywords":null,"truseo_locale":null},"aioseo_breadcrumb":"<div class=\"aioseo-breadcrumbs\"><span class=\"aioseo-breadcrumb\">\n\t\t\t<a href=\"https:\/\/www.immo-invest.ch\/it\/\" title=\"Home\">Home<\/a>\n\t\t<\/span><span class=\"aioseo-breadcrumb-separator\">&raquo;<\/span><span class=\"aioseo-breadcrumb\">\n\t\t\t<a href=\"https:\/\/www.immo-invest.ch\/it\/categoria\/regioni\/\" title=\"Regioni\">Regioni<\/a>\n\t\t<\/span><span class=\"aioseo-breadcrumb-separator\">&raquo;<\/span><span class=\"aioseo-breadcrumb\">\n\t\t\t<a href=\"https:\/\/www.immo-invest.ch\/it\/categoria\/regioni\/svizzera\/\" title=\"Svizzera\">Svizzera<\/a>\n\t\t<\/span><span class=\"aioseo-breadcrumb-separator\">&raquo;<\/span><span class=\"aioseo-breadcrumb\">\n\t\t\t<a href=\"https:\/\/www.immo-invest.ch\/it\/categoria\/regioni\/svizzera\/espace-mittelland\/\" title=\"Espace Mittelland\">Espace Mittelland<\/a>\n\t\t<\/span><span class=\"aioseo-breadcrumb-separator\">&raquo;<\/span><span class=\"aioseo-breadcrumb\">\n\t\t\t<a href=\"https:\/\/www.immo-invest.ch\/it\/categoria\/regioni\/svizzera\/espace-mittelland\/regione-soletta\/\" title=\"Soletta\">Soletta<\/a>\n\t\t<\/span><span class=\"aioseo-breadcrumb-separator\">&raquo;<\/span><span class=\"aioseo-breadcrumb\">\n\t\t\tLe cooperative edilizie dovrebbero agire con pi\u00f9 fiducia\n\t\t<\/span><\/div>","aioseo_breadcrumb_json":[{"label":"Home","link":"https:\/\/www.immo-invest.ch\/it\/"},{"label":"Regioni","link":"https:\/\/www.immo-invest.ch\/it\/categoria\/regioni\/"},{"label":"Svizzera","link":"https:\/\/www.immo-invest.ch\/it\/categoria\/regioni\/svizzera\/"},{"label":"Espace Mittelland","link":"https:\/\/www.immo-invest.ch\/it\/categoria\/regioni\/svizzera\/espace-mittelland\/"},{"label":"Soletta","link":"https:\/\/www.immo-invest.ch\/it\/categoria\/regioni\/svizzera\/espace-mittelland\/regione-soletta\/"},{"label":"Le cooperative edilizie dovrebbero agire con pi\u00f9 fiducia","link":"https:\/\/www.immo-invest.ch\/it\/baugenossenschaften-sollen-selbstbewusster-agieren\/"}],"featured_image_src":"https:\/\/www.immo-invest.ch\/wp-content\/uploads\/2024\/07\/Unbenannt-5-336x168.png","_links":{"self":[{"href":"https:\/\/www.immo-invest.ch\/it\/wp-json\/wp\/v2\/posts\/104379","targetHints":{"allow":["GET"]}}],"collection":[{"href":"https:\/\/www.immo-invest.ch\/it\/wp-json\/wp\/v2\/posts"}],"about":[{"href":"https:\/\/www.immo-invest.ch\/it\/wp-json\/wp\/v2\/types\/post"}],"author":[{"embeddable":true,"href":"https:\/\/www.immo-invest.ch\/it\/wp-json\/wp\/v2\/users\/2"}],"replies":[{"embeddable":true,"href":"https:\/\/www.immo-invest.ch\/it\/wp-json\/wp\/v2\/comments?post=104379"}],"version-history":[{"count":0,"href":"https:\/\/www.immo-invest.ch\/it\/wp-json\/wp\/v2\/posts\/104379\/revisions"}],"wp:featuredmedia":[{"embeddable":true,"href":"https:\/\/www.immo-invest.ch\/it\/wp-json\/wp\/v2\/media\/104367"}],"wp:attachment":[{"href":"https:\/\/www.immo-invest.ch\/it\/wp-json\/wp\/v2\/media?parent=104379"}],"wp:term":[{"taxonomy":"category","embeddable":true,"href":"https:\/\/www.immo-invest.ch\/it\/wp-json\/wp\/v2\/categories?post=104379"},{"taxonomy":"post_tag","embeddable":true,"href":"https:\/\/www.immo-invest.ch\/it\/wp-json\/wp\/v2\/tags?post=104379"}],"curies":[{"name":"wp","href":"https:\/\/api.w.org\/{rel}","templated":true}]}}