{"id":102194,"date":"2024-06-27T08:15:00","date_gmt":"2024-06-27T06:15:00","guid":{"rendered":"https:\/\/www.immo-invest.ch\/?p=102194"},"modified":"2024-06-24T10:14:59","modified_gmt":"2024-06-24T08:14:59","slug":"neuer-master-studiengang-fuer-urbanen-wandel","status":"publish","type":"post","link":"https:\/\/www.immo-invest.ch\/it\/neuer-master-studiengang-fuer-urbanen-wandel\/","title":{"rendered":"Nuovo programma di Master per il cambiamento urbano"},"content":{"rendered":"<p class=\"bodytext\">Dall&rsquo;inizio del semestre autunnale 2025, la Scuola di Architettura, Ingegneria Civile e Ambientale<a href=\"https:\/\/www.epfl.ch\/schools\/enac\/\" target=\"_blank\" rel=\"noopener\">(ENAC<\/a>) del Politecnico Federale di Losanna<a href=\"https:\/\/www.epfl.ch\/de\/\" target=\"_blank\" rel=\"noopener\">(EPFL<\/a>) offrir&agrave; un Master sulle sfide del cambiamento urbano. Il Master in Sistemi Urbani permetter&agrave; agli studenti dell&rsquo;ENAC di diventare specialisti nell&rsquo;adattamento delle citt&agrave; e delle aree circostanti al cambiamento climatico, secondo un <a href=\"http:\/\/actu.epfl.ch\/news\/a-new-master-s-degree-to-meet-the-challenges-of-ur\/\" target=\"_blank\" rel=\"noopener\">comunicato stampa<\/a> dell&rsquo;EPFL.<\/p>\n<p class=\"bodytext\">In vista del cambiamento climatico, la Svizzera deve dotarsi di esperti nella gestione urbana in senso lato, secondo l&rsquo;EPFL. Il nuovo programma di Master &egrave; stato sviluppato in collaborazione con gli operatori del settore. Offre ai laureati dei corsi di laurea ENAC in Ingegneria Civile e Ingegneria Ambientale l&rsquo;opportunit&agrave; di specializzarsi nella trasformazione sostenibile delle citt&agrave; e delle aree circostanti. Il programma di Master &egrave; aperto anche ad altre discipline affini, compresa l&rsquo;architettura, purch&eacute; presentino una domanda.<\/p>\n<p class=\"bodytext\">Il programma prevede tre specializzazioni: Mobilit&agrave; e trasporti in un clima che cambia, Transizioni sostenibili nei sistemi urbani e Salute e benessere nell&rsquo;ambiente urbano.<\/p>\n<p class=\"bodytext\">Al termine del programma, gli studenti ricevono un Master of Science EPFL MSc in Sistemi Urbani. Questo diploma d&agrave; diritto all&rsquo;utilizzo del titolo di ingegnere qualificato EPF.<\/p>\n","protected":false},"excerpt":{"rendered":"<p>Die Eidgen\u00f6ssische Technische Hochschule Lausanne (EPFL) bietet mit Beginn des akademischen Jahres 2025 einen Master-Abschluss in Urbanen Systemen an. Einer der Schwerpunkte bezieht sich auf Mobilit\u00e4t und Transport in einem sich ver\u00e4ndernden Klima.<\/p>\n","protected":false},"author":2,"featured_media":102139,"comment_status":"open","ping_status":"open","sticky":false,"template":"","format":"standard","meta":{"pmpro_default_level":"0","inline_featured_image":false,"_monsterinsights_skip_tracking":false,"footnotes":""},"categories":[22359,745,22700,46428],"tags":[840,42339,31949,37603,867,3935,4868,33782,2411,1591,22195,47650,2516],"class_list":["post-102194","post","type-post","status-publish","format-standard","has-post-thumbnail","hentry","category-costruzione","category-immonews-it","category-sostenibilita","category-waadt-it","tag-architektur-it","tag-bauingenieur","tag-eidgenoessische-technische-hochschule-lausanne-it","tag-gebiete-it","tag-immoinvest-it","tag-immonews-it","tag-klimawandel-it","tag-masterstudiengang-it","tag-mobilitaet-it","tag-schule-it","tag-staedte-it","tag-studiengang-it","tag-urban-it","pmpro-has-access"],"acf":{"bild_mit_ki_erstellt_worden":[],"lead":"Die Eidgen\u00f6ssische Technische Hochschule Lausanne (EPFL) bietet mit Beginn des akademischen Jahres 2025 einen Master-Abschluss in Urbanen Systemen an. Einer der Schwerpunkte bezieht sich auf Mobilit\u00e4t und Transport in einem sich ver\u00e4ndernden Klima.","autor":"ce\/gba\u00a0","ort":"Lausanne ","bildunterschrift":"","bild_im_grid":false,"gallerie":"","newsim":""},"aioseo_notices":[],"aioseo_head":"\n\t\t<!-- All in One SEO 5.0.0.1 - aioseo.com -->\n\t<meta name=\"description\" content=\"Die Eidgen\u00f6ssische Technische Hochschule Lausanne (EPFL) bietet mit Beginn des akademischen Jahres 2025 einen Master-Abschluss in Urbanen Systemen an. Einer der Schwerpunkte bezieht sich auf Mobilit\u00e4t und Transport in einem sich ver\u00e4ndernden Klima.\" \/>\n\t<meta name=\"robots\" content=\"max-image-preview:large\" \/>\n\t<meta name=\"author\" content=\"immovestuser\"\/>\n\t<meta name=\"google-site-verification\" content=\"fHJKvgWpZCR2zVBHWfkQeFXC11qieUSff0HGNYfuyLA\" \/>\n\t<link rel=\"canonical\" href=\"https:\/\/www.immo-invest.ch\/it\/neuer-master-studiengang-fuer-urbanen-wandel\/\" \/>\n\t<meta name=\"generator\" content=\"All in One SEO (AIOSEO) 5.0.0.1\" \/>\n\t\t<meta property=\"og:locale\" content=\"it_IT\" \/>\n\t\t<meta property=\"og:site_name\" content=\"immo!nvest - Die Plattform f\u00fcr Standorte und Immobilien - Die\u00a0Plattform f\u00fcr Standorte und Immobilien\" \/>\n\t\t<meta property=\"og:type\" content=\"article\" \/>\n\t\t<meta property=\"og:title\" content=\"Nuovo programma di Master per il cambiamento urbano - immo!nvest - Die Plattform f\u00fcr Standorte und Immobilien\" \/>\n\t\t<meta property=\"og:description\" content=\"Die Eidgen\u00f6ssische Technische Hochschule Lausanne (EPFL) bietet mit Beginn des akademischen Jahres 2025 einen Master-Abschluss in Urbanen Systemen an. Einer der Schwerpunkte bezieht sich auf Mobilit\u00e4t und Transport in einem sich ver\u00e4ndernden Klima.\" \/>\n\t\t<meta property=\"og:url\" content=\"https:\/\/www.immo-invest.ch\/it\/neuer-master-studiengang-fuer-urbanen-wandel\/\" \/>\n\t\t<meta property=\"og:image\" content=\"https:\/\/www.immo-invest.ch\/wp-content\/uploads\/2024\/06\/Laptop-scaled-e1719216162406.jpg\" \/>\n\t\t<meta property=\"og:image:secure_url\" content=\"https:\/\/www.immo-invest.ch\/wp-content\/uploads\/2024\/06\/Laptop-scaled-e1719216162406.jpg\" \/>\n\t\t<meta property=\"og:image:width\" content=\"2560\" \/>\n\t\t<meta property=\"og:image:height\" content=\"1280\" \/>\n\t\t<meta property=\"article:published_time\" content=\"2024-06-27T06:15:00+00:00\" \/>\n\t\t<meta property=\"article:modified_time\" content=\"2024-06-24T08:14:59+00:00\" \/>\n\t\t<meta property=\"article:publisher\" content=\"https:\/\/www.facebook.com\/people\/Immoinvest\/100077962920504\/\" \/>\n\t\t<meta name=\"twitter:card\" content=\"summary_large_image\" \/>\n\t\t<meta name=\"twitter:site\" content=\"@i\" \/>\n\t\t<meta name=\"twitter:title\" content=\"Nuovo programma di Master per il cambiamento urbano - immo!nvest - Die Plattform f\u00fcr Standorte und Immobilien\" \/>\n\t\t<meta name=\"twitter:description\" content=\"Die Eidgen\u00f6ssische Technische Hochschule Lausanne (EPFL) bietet mit Beginn des akademischen Jahres 2025 einen Master-Abschluss in Urbanen Systemen an. Einer der Schwerpunkte bezieht sich auf Mobilit\u00e4t und Transport in einem sich ver\u00e4ndernden Klima.\" \/>\n\t\t<meta name=\"twitter:creator\" content=\"@i\" \/>\n\t\t<meta name=\"twitter:image\" content=\"https:\/\/www.immo-invest.ch\/wp-content\/uploads\/2024\/06\/Laptop-scaled-e1719216162406.jpg\" \/>\n\t\t<script type=\"application\/ld+json\" class=\"aioseo-schema\">\n\t\t\t{\"@context\":\"https:\\\/\\\/schema.org\",\"@graph\":[{\"@type\":\"BlogPosting\",\"@id\":\"https:\\\/\\\/www.immo-invest.ch\\\/it\\\/neuer-master-studiengang-fuer-urbanen-wandel\\\/#blogposting\",\"name\":\"Nuovo programma di Master per il cambiamento urbano - immo!nvest - Die Plattform f\\u00fcr Standorte und Immobilien\",\"headline\":\"Nuovo programma di Master per il cambiamento urbano\",\"author\":{\"@id\":\"https:\\\/\\\/www.immo-invest.ch\\\/it\\\/author\\\/immovestuser\\\/#author\"},\"publisher\":{\"@id\":\"https:\\\/\\\/www.immo-invest.ch\\\/it\\\/#organization\"},\"image\":{\"@type\":\"ImageObject\",\"url\":\"https:\\\/\\\/www.immo-invest.ch\\\/wp-content\\\/uploads\\\/2024\\\/06\\\/Laptop-scaled-e1719216162406.jpg\",\"width\":2560,\"height\":1280},\"datePublished\":\"2024-06-27T08:15:00+02:00\",\"dateModified\":\"2024-06-24T10:14:59+02:00\",\"inLanguage\":\"it-IT\",\"mainEntityOfPage\":{\"@id\":\"https:\\\/\\\/www.immo-invest.ch\\\/it\\\/neuer-master-studiengang-fuer-urbanen-wandel\\\/#webpage\"},\"isPartOf\":{\"@id\":\"https:\\\/\\\/www.immo-invest.ch\\\/it\\\/neuer-master-studiengang-fuer-urbanen-wandel\\\/#webpage\"},\"articleSection\":\"Costruzione, immoNews, Sostenibilit\\u00e0, Waadt, Architektur, Bauingenieur, Eidgen\\u00f6ssische Technische Hochschule Lausanne, Gebiete, Immoinvest, immoNews, Klimawandel, Masterstudiengang, Mobilit\\u00e4t, Schule, St\\u00e4dte, Studiengang, Urban, Optional\"},{\"@type\":\"BreadcrumbList\",\"@id\":\"https:\\\/\\\/www.immo-invest.ch\\\/it\\\/neuer-master-studiengang-fuer-urbanen-wandel\\\/#breadcrumblist\",\"itemListElement\":[{\"@type\":\"ListItem\",\"@id\":\"https:\\\/\\\/www.immo-invest.ch\\\/it\\\/#listItem\",\"position\":1,\"name\":\"Home\",\"item\":\"https:\\\/\\\/www.immo-invest.ch\\\/it\\\/\",\"nextItem\":{\"@type\":\"ListItem\",\"@id\":\"https:\\\/\\\/www.immo-invest.ch\\\/it\\\/categoria\\\/regioni\\\/#listItem\",\"name\":\"Regioni\"}},{\"@type\":\"ListItem\",\"@id\":\"https:\\\/\\\/www.immo-invest.ch\\\/it\\\/categoria\\\/regioni\\\/#listItem\",\"position\":2,\"name\":\"Regioni\",\"item\":\"https:\\\/\\\/www.immo-invest.ch\\\/it\\\/categoria\\\/regioni\\\/\",\"nextItem\":{\"@type\":\"ListItem\",\"@id\":\"https:\\\/\\\/www.immo-invest.ch\\\/it\\\/categoria\\\/regioni\\\/svizzera\\\/#listItem\",\"name\":\"Svizzera\"},\"previousItem\":{\"@type\":\"ListItem\",\"@id\":\"https:\\\/\\\/www.immo-invest.ch\\\/it\\\/#listItem\",\"name\":\"Home\"}},{\"@type\":\"ListItem\",\"@id\":\"https:\\\/\\\/www.immo-invest.ch\\\/it\\\/categoria\\\/regioni\\\/svizzera\\\/#listItem\",\"position\":3,\"name\":\"Svizzera\",\"item\":\"https:\\\/\\\/www.immo-invest.ch\\\/it\\\/categoria\\\/regioni\\\/svizzera\\\/\",\"nextItem\":{\"@type\":\"ListItem\",\"@id\":\"https:\\\/\\\/www.immo-invest.ch\\\/it\\\/categoria\\\/regioni\\\/svizzera\\\/regione-del-lago-di-ginevra\\\/#listItem\",\"name\":\"Regione del Lago di Ginevra\"},\"previousItem\":{\"@type\":\"ListItem\",\"@id\":\"https:\\\/\\\/www.immo-invest.ch\\\/it\\\/categoria\\\/regioni\\\/#listItem\",\"name\":\"Regioni\"}},{\"@type\":\"ListItem\",\"@id\":\"https:\\\/\\\/www.immo-invest.ch\\\/it\\\/categoria\\\/regioni\\\/svizzera\\\/regione-del-lago-di-ginevra\\\/#listItem\",\"position\":4,\"name\":\"Regione del Lago di Ginevra\",\"item\":\"https:\\\/\\\/www.immo-invest.ch\\\/it\\\/categoria\\\/regioni\\\/svizzera\\\/regione-del-lago-di-ginevra\\\/\",\"nextItem\":{\"@type\":\"ListItem\",\"@id\":\"https:\\\/\\\/www.immo-invest.ch\\\/it\\\/categoria\\\/regioni\\\/svizzera\\\/regione-del-lago-di-ginevra\\\/waadt-it\\\/#listItem\",\"name\":\"Waadt\"},\"previousItem\":{\"@type\":\"ListItem\",\"@id\":\"https:\\\/\\\/www.immo-invest.ch\\\/it\\\/categoria\\\/regioni\\\/svizzera\\\/#listItem\",\"name\":\"Svizzera\"}},{\"@type\":\"ListItem\",\"@id\":\"https:\\\/\\\/www.immo-invest.ch\\\/it\\\/categoria\\\/regioni\\\/svizzera\\\/regione-del-lago-di-ginevra\\\/waadt-it\\\/#listItem\",\"position\":5,\"name\":\"Waadt\",\"item\":\"https:\\\/\\\/www.immo-invest.ch\\\/it\\\/categoria\\\/regioni\\\/svizzera\\\/regione-del-lago-di-ginevra\\\/waadt-it\\\/\",\"nextItem\":{\"@type\":\"ListItem\",\"@id\":\"https:\\\/\\\/www.immo-invest.ch\\\/it\\\/neuer-master-studiengang-fuer-urbanen-wandel\\\/#listItem\",\"name\":\"Nuovo programma di Master per il cambiamento urbano\"},\"previousItem\":{\"@type\":\"ListItem\",\"@id\":\"https:\\\/\\\/www.immo-invest.ch\\\/it\\\/categoria\\\/regioni\\\/svizzera\\\/regione-del-lago-di-ginevra\\\/#listItem\",\"name\":\"Regione del Lago di Ginevra\"}},{\"@type\":\"ListItem\",\"@id\":\"https:\\\/\\\/www.immo-invest.ch\\\/it\\\/neuer-master-studiengang-fuer-urbanen-wandel\\\/#listItem\",\"position\":6,\"name\":\"Nuovo programma di Master per il cambiamento urbano\",\"previousItem\":{\"@type\":\"ListItem\",\"@id\":\"https:\\\/\\\/www.immo-invest.ch\\\/it\\\/categoria\\\/regioni\\\/svizzera\\\/regione-del-lago-di-ginevra\\\/waadt-it\\\/#listItem\",\"name\":\"Waadt\"}}]},{\"@type\":\"Organization\",\"@id\":\"https:\\\/\\\/www.immo-invest.ch\\\/it\\\/#organization\",\"name\":\"immo!nvest - Die Plattform f\\u00fcr Standorte und Immobilien\",\"description\":\"Die\\u00a0Plattform f\\u00fcr Standorte und Immobilien\",\"url\":\"https:\\\/\\\/www.immo-invest.ch\\\/it\\\/\",\"email\":\"admin@immomedia.ag\",\"telephone\":\"+41444420002\",\"logo\":{\"@type\":\"ImageObject\",\"url\":\"https:\\\/\\\/www.immo-invest.ch\\\/wp-content\\\/uploads\\\/2024\\\/09\\\/immoinvest_sm-scaled.jpg\",\"@id\":\"https:\\\/\\\/www.immo-invest.ch\\\/it\\\/neuer-master-studiengang-fuer-urbanen-wandel\\\/#organizationLogo\",\"width\":2560,\"height\":1340},\"image\":{\"@id\":\"https:\\\/\\\/www.immo-invest.ch\\\/it\\\/neuer-master-studiengang-fuer-urbanen-wandel\\\/#organizationLogo\"},\"sameAs\":[\"https:\\\/\\\/www.facebook.com\\\/people\\\/Immoinvest\\\/100077962920504\\\/\",\"https:\\\/\\\/x.com\\\/i\\\/flow\\\/login?redirect_after_login=immoinvest_ch\",\"https:\\\/\\\/www.instagram.com\\\/immoinvest_ch\\\/\",\"https:\\\/\\\/www.linkedin.com\\\/company\\\/immoinvest-swiss\"]},{\"@type\":\"Person\",\"@id\":\"https:\\\/\\\/www.immo-invest.ch\\\/it\\\/author\\\/immovestuser\\\/#author\",\"url\":\"https:\\\/\\\/www.immo-invest.ch\\\/it\\\/author\\\/immovestuser\\\/\",\"name\":\"immovestuser\",\"image\":{\"@type\":\"ImageObject\",\"@id\":\"https:\\\/\\\/www.immo-invest.ch\\\/it\\\/neuer-master-studiengang-fuer-urbanen-wandel\\\/#authorImage\",\"url\":\"https:\\\/\\\/secure.gravatar.com\\\/avatar\\\/8e01f4d99f2eeea7a362ebb93305e1172a70e9293ba250f897a65c39f54cdd1e?s=96&d=mm&r=g\",\"width\":96,\"height\":96,\"caption\":\"immovestuser\"}},{\"@type\":\"WebPage\",\"@id\":\"https:\\\/\\\/www.immo-invest.ch\\\/it\\\/neuer-master-studiengang-fuer-urbanen-wandel\\\/#webpage\",\"url\":\"https:\\\/\\\/www.immo-invest.ch\\\/it\\\/neuer-master-studiengang-fuer-urbanen-wandel\\\/\",\"name\":\"Nuovo programma di Master per il cambiamento urbano - immo!nvest - Die Plattform f\\u00fcr Standorte und Immobilien\",\"description\":\"Die Eidgen\\u00f6ssische Technische Hochschule Lausanne (EPFL) bietet mit Beginn des akademischen Jahres 2025 einen Master-Abschluss in Urbanen Systemen an. Einer der Schwerpunkte bezieht sich auf Mobilit\\u00e4t und Transport in einem sich ver\\u00e4ndernden Klima.\",\"inLanguage\":\"it-IT\",\"isPartOf\":{\"@id\":\"https:\\\/\\\/www.immo-invest.ch\\\/it\\\/#website\"},\"breadcrumb\":{\"@id\":\"https:\\\/\\\/www.immo-invest.ch\\\/it\\\/neuer-master-studiengang-fuer-urbanen-wandel\\\/#breadcrumblist\"},\"author\":{\"@id\":\"https:\\\/\\\/www.immo-invest.ch\\\/it\\\/author\\\/immovestuser\\\/#author\"},\"creator\":{\"@id\":\"https:\\\/\\\/www.immo-invest.ch\\\/it\\\/author\\\/immovestuser\\\/#author\"},\"image\":{\"@type\":\"ImageObject\",\"url\":\"https:\\\/\\\/www.immo-invest.ch\\\/wp-content\\\/uploads\\\/2024\\\/06\\\/Laptop-scaled-e1719216162406.jpg\",\"@id\":\"https:\\\/\\\/www.immo-invest.ch\\\/it\\\/neuer-master-studiengang-fuer-urbanen-wandel\\\/#mainImage\",\"width\":2560,\"height\":1280},\"primaryImageOfPage\":{\"@id\":\"https:\\\/\\\/www.immo-invest.ch\\\/it\\\/neuer-master-studiengang-fuer-urbanen-wandel\\\/#mainImage\"},\"datePublished\":\"2024-06-27T08:15:00+02:00\",\"dateModified\":\"2024-06-24T10:14:59+02:00\"},{\"@type\":\"WebSite\",\"@id\":\"https:\\\/\\\/www.immo-invest.ch\\\/it\\\/#website\",\"url\":\"https:\\\/\\\/www.immo-invest.ch\\\/it\\\/\",\"name\":\"immo!nvest - Die Plattform f\\u00fcr Standorte und Immobilien\",\"description\":\"Die\\u00a0Plattform f\\u00fcr Standorte und Immobilien\",\"inLanguage\":\"it-IT\",\"publisher\":{\"@id\":\"https:\\\/\\\/www.immo-invest.ch\\\/it\\\/#organization\"}}]}\n\t\t<\/script>\n\t\t<!-- All in One SEO -->\n\n","aioseo_head_json":{"title":"Nuovo programma di Master per il cambiamento urbano - immo!nvest - Die Plattform f\u00fcr Standorte und Immobilien","description":"Die Eidgen\u00f6ssische Technische Hochschule Lausanne (EPFL) bietet mit Beginn des akademischen Jahres 2025 einen Master-Abschluss in Urbanen Systemen an. Einer der Schwerpunkte bezieht sich auf Mobilit\u00e4t und Transport in einem sich ver\u00e4ndernden Klima.","canonical_url":"https:\/\/www.immo-invest.ch\/it\/neuer-master-studiengang-fuer-urbanen-wandel\/","robots":"max-image-preview:large","keywords":"","webmasterTools":{"google-site-verification":"fHJKvgWpZCR2zVBHWfkQeFXC11qieUSff0HGNYfuyLA","miscellaneous":""},"schema":{"@context":"https:\/\/schema.org","@graph":[{"@type":"BlogPosting","@id":"https:\/\/www.immo-invest.ch\/it\/neuer-master-studiengang-fuer-urbanen-wandel\/#blogposting","name":"Nuovo programma di Master per il cambiamento urbano - immo!nvest - Die Plattform f\u00fcr Standorte und Immobilien","headline":"Nuovo programma di Master per il cambiamento urbano","author":{"@id":"https:\/\/www.immo-invest.ch\/it\/author\/immovestuser\/#author"},"publisher":{"@id":"https:\/\/www.immo-invest.ch\/it\/#organization"},"image":{"@type":"ImageObject","url":"https:\/\/www.immo-invest.ch\/wp-content\/uploads\/2024\/06\/Laptop-scaled-e1719216162406.jpg","width":2560,"height":1280},"datePublished":"2024-06-27T08:15:00+02:00","dateModified":"2024-06-24T10:14:59+02:00","inLanguage":"it-IT","mainEntityOfPage":{"@id":"https:\/\/www.immo-invest.ch\/it\/neuer-master-studiengang-fuer-urbanen-wandel\/#webpage"},"isPartOf":{"@id":"https:\/\/www.immo-invest.ch\/it\/neuer-master-studiengang-fuer-urbanen-wandel\/#webpage"},"articleSection":"Costruzione, immoNews, Sostenibilit\u00e0, Waadt, Architektur, Bauingenieur, Eidgen\u00f6ssische Technische Hochschule Lausanne, Gebiete, Immoinvest, immoNews, Klimawandel, Masterstudiengang, Mobilit\u00e4t, Schule, St\u00e4dte, Studiengang, Urban, Optional"},{"@type":"BreadcrumbList","@id":"https:\/\/www.immo-invest.ch\/it\/neuer-master-studiengang-fuer-urbanen-wandel\/#breadcrumblist","itemListElement":[{"@type":"ListItem","@id":"https:\/\/www.immo-invest.ch\/it\/#listItem","position":1,"name":"Home","item":"https:\/\/www.immo-invest.ch\/it\/","nextItem":{"@type":"ListItem","@id":"https:\/\/www.immo-invest.ch\/it\/categoria\/regioni\/#listItem","name":"Regioni"}},{"@type":"ListItem","@id":"https:\/\/www.immo-invest.ch\/it\/categoria\/regioni\/#listItem","position":2,"name":"Regioni","item":"https:\/\/www.immo-invest.ch\/it\/categoria\/regioni\/","nextItem":{"@type":"ListItem","@id":"https:\/\/www.immo-invest.ch\/it\/categoria\/regioni\/svizzera\/#listItem","name":"Svizzera"},"previousItem":{"@type":"ListItem","@id":"https:\/\/www.immo-invest.ch\/it\/#listItem","name":"Home"}},{"@type":"ListItem","@id":"https:\/\/www.immo-invest.ch\/it\/categoria\/regioni\/svizzera\/#listItem","position":3,"name":"Svizzera","item":"https:\/\/www.immo-invest.ch\/it\/categoria\/regioni\/svizzera\/","nextItem":{"@type":"ListItem","@id":"https:\/\/www.immo-invest.ch\/it\/categoria\/regioni\/svizzera\/regione-del-lago-di-ginevra\/#listItem","name":"Regione del Lago di Ginevra"},"previousItem":{"@type":"ListItem","@id":"https:\/\/www.immo-invest.ch\/it\/categoria\/regioni\/#listItem","name":"Regioni"}},{"@type":"ListItem","@id":"https:\/\/www.immo-invest.ch\/it\/categoria\/regioni\/svizzera\/regione-del-lago-di-ginevra\/#listItem","position":4,"name":"Regione del Lago di Ginevra","item":"https:\/\/www.immo-invest.ch\/it\/categoria\/regioni\/svizzera\/regione-del-lago-di-ginevra\/","nextItem":{"@type":"ListItem","@id":"https:\/\/www.immo-invest.ch\/it\/categoria\/regioni\/svizzera\/regione-del-lago-di-ginevra\/waadt-it\/#listItem","name":"Waadt"},"previousItem":{"@type":"ListItem","@id":"https:\/\/www.immo-invest.ch\/it\/categoria\/regioni\/svizzera\/#listItem","name":"Svizzera"}},{"@type":"ListItem","@id":"https:\/\/www.immo-invest.ch\/it\/categoria\/regioni\/svizzera\/regione-del-lago-di-ginevra\/waadt-it\/#listItem","position":5,"name":"Waadt","item":"https:\/\/www.immo-invest.ch\/it\/categoria\/regioni\/svizzera\/regione-del-lago-di-ginevra\/waadt-it\/","nextItem":{"@type":"ListItem","@id":"https:\/\/www.immo-invest.ch\/it\/neuer-master-studiengang-fuer-urbanen-wandel\/#listItem","name":"Nuovo programma di Master per il cambiamento urbano"},"previousItem":{"@type":"ListItem","@id":"https:\/\/www.immo-invest.ch\/it\/categoria\/regioni\/svizzera\/regione-del-lago-di-ginevra\/#listItem","name":"Regione del Lago di Ginevra"}},{"@type":"ListItem","@id":"https:\/\/www.immo-invest.ch\/it\/neuer-master-studiengang-fuer-urbanen-wandel\/#listItem","position":6,"name":"Nuovo programma di Master per il cambiamento urbano","previousItem":{"@type":"ListItem","@id":"https:\/\/www.immo-invest.ch\/it\/categoria\/regioni\/svizzera\/regione-del-lago-di-ginevra\/waadt-it\/#listItem","name":"Waadt"}}]},{"@type":"Organization","@id":"https:\/\/www.immo-invest.ch\/it\/#organization","name":"immo!nvest - Die Plattform f\u00fcr Standorte und Immobilien","description":"Die\u00a0Plattform f\u00fcr Standorte und Immobilien","url":"https:\/\/www.immo-invest.ch\/it\/","email":"admin@immomedia.ag","telephone":"+41444420002","logo":{"@type":"ImageObject","url":"https:\/\/www.immo-invest.ch\/wp-content\/uploads\/2024\/09\/immoinvest_sm-scaled.jpg","@id":"https:\/\/www.immo-invest.ch\/it\/neuer-master-studiengang-fuer-urbanen-wandel\/#organizationLogo","width":2560,"height":1340},"image":{"@id":"https:\/\/www.immo-invest.ch\/it\/neuer-master-studiengang-fuer-urbanen-wandel\/#organizationLogo"},"sameAs":["https:\/\/www.facebook.com\/people\/Immoinvest\/100077962920504\/","https:\/\/x.com\/i\/flow\/login?redirect_after_login=immoinvest_ch","https:\/\/www.instagram.com\/immoinvest_ch\/","https:\/\/www.linkedin.com\/company\/immoinvest-swiss"]},{"@type":"Person","@id":"https:\/\/www.immo-invest.ch\/it\/author\/immovestuser\/#author","url":"https:\/\/www.immo-invest.ch\/it\/author\/immovestuser\/","name":"immovestuser","image":{"@type":"ImageObject","@id":"https:\/\/www.immo-invest.ch\/it\/neuer-master-studiengang-fuer-urbanen-wandel\/#authorImage","url":"https:\/\/secure.gravatar.com\/avatar\/8e01f4d99f2eeea7a362ebb93305e1172a70e9293ba250f897a65c39f54cdd1e?s=96&d=mm&r=g","width":96,"height":96,"caption":"immovestuser"}},{"@type":"WebPage","@id":"https:\/\/www.immo-invest.ch\/it\/neuer-master-studiengang-fuer-urbanen-wandel\/#webpage","url":"https:\/\/www.immo-invest.ch\/it\/neuer-master-studiengang-fuer-urbanen-wandel\/","name":"Nuovo programma di Master per il cambiamento urbano - immo!nvest - Die Plattform f\u00fcr Standorte und Immobilien","description":"Die Eidgen\u00f6ssische Technische Hochschule Lausanne (EPFL) bietet mit Beginn des akademischen Jahres 2025 einen Master-Abschluss in Urbanen Systemen an. Einer der Schwerpunkte bezieht sich auf Mobilit\u00e4t und Transport in einem sich ver\u00e4ndernden Klima.","inLanguage":"it-IT","isPartOf":{"@id":"https:\/\/www.immo-invest.ch\/it\/#website"},"breadcrumb":{"@id":"https:\/\/www.immo-invest.ch\/it\/neuer-master-studiengang-fuer-urbanen-wandel\/#breadcrumblist"},"author":{"@id":"https:\/\/www.immo-invest.ch\/it\/author\/immovestuser\/#author"},"creator":{"@id":"https:\/\/www.immo-invest.ch\/it\/author\/immovestuser\/#author"},"image":{"@type":"ImageObject","url":"https:\/\/www.immo-invest.ch\/wp-content\/uploads\/2024\/06\/Laptop-scaled-e1719216162406.jpg","@id":"https:\/\/www.immo-invest.ch\/it\/neuer-master-studiengang-fuer-urbanen-wandel\/#mainImage","width":2560,"height":1280},"primaryImageOfPage":{"@id":"https:\/\/www.immo-invest.ch\/it\/neuer-master-studiengang-fuer-urbanen-wandel\/#mainImage"},"datePublished":"2024-06-27T08:15:00+02:00","dateModified":"2024-06-24T10:14:59+02:00"},{"@type":"WebSite","@id":"https:\/\/www.immo-invest.ch\/it\/#website","url":"https:\/\/www.immo-invest.ch\/it\/","name":"immo!nvest - Die Plattform f\u00fcr Standorte und Immobilien","description":"Die\u00a0Plattform f\u00fcr Standorte und Immobilien","inLanguage":"it-IT","publisher":{"@id":"https:\/\/www.immo-invest.ch\/it\/#organization"}}]},"og:locale":"it_IT","og:site_name":"immo!nvest - Die Plattform f\u00fcr Standorte und Immobilien - Die\u00a0Plattform f\u00fcr Standorte und Immobilien","og:type":"article","og:title":"Nuovo programma di Master per il cambiamento urbano - immo!nvest - Die Plattform f\u00fcr Standorte und Immobilien","og:description":"Die Eidgen\u00f6ssische Technische Hochschule Lausanne (EPFL) bietet mit Beginn des akademischen Jahres 2025 einen Master-Abschluss in Urbanen Systemen an. Einer der Schwerpunkte bezieht sich auf Mobilit\u00e4t und Transport in einem sich ver\u00e4ndernden Klima.","og:url":"https:\/\/www.immo-invest.ch\/it\/neuer-master-studiengang-fuer-urbanen-wandel\/","og:image":"https:\/\/www.immo-invest.ch\/wp-content\/uploads\/2024\/06\/Laptop-scaled-e1719216162406.jpg","og:image:secure_url":"https:\/\/www.immo-invest.ch\/wp-content\/uploads\/2024\/06\/Laptop-scaled-e1719216162406.jpg","og:image:width":2560,"og:image:height":1280,"article:published_time":"2024-06-27T06:15:00+00:00","article:modified_time":"2024-06-24T08:14:59+00:00","article:publisher":"https:\/\/www.facebook.com\/people\/Immoinvest\/100077962920504\/","twitter:card":"summary_large_image","twitter:site":"@i","twitter:title":"Nuovo programma di Master per il cambiamento urbano - immo!nvest - Die Plattform f\u00fcr Standorte und Immobilien","twitter:description":"Die Eidgen\u00f6ssische Technische Hochschule Lausanne (EPFL) bietet mit Beginn des akademischen Jahres 2025 einen Master-Abschluss in Urbanen Systemen an. Einer der Schwerpunkte bezieht sich auf Mobilit\u00e4t und Transport in einem sich ver\u00e4ndernden Klima.","twitter:creator":"@i","twitter:image":"https:\/\/www.immo-invest.ch\/wp-content\/uploads\/2024\/06\/Laptop-scaled-e1719216162406.jpg"},"aioseo_meta_data":{"post_id":"102194","title":null,"description":null,"keywords":null,"keyphrases":null,"primary_term":null,"canonical_url":null,"og_title":null,"og_description":null,"og_object_type":"default","og_image_type":"default","og_image_url":null,"og_image_width":null,"og_image_height":null,"og_image_custom_url":null,"og_image_custom_fields":null,"og_video":null,"og_custom_url":null,"og_article_section":null,"og_article_tags":null,"twitter_use_og":false,"twitter_card":"default","twitter_image_type":"default","twitter_image_url":null,"twitter_image_custom_url":null,"twitter_image_custom_fields":null,"twitter_title":null,"twitter_description":null,"schema":{"blockGraphs":[],"customGraphs":[],"default":{"data":{"Article":[],"Course":[],"Dataset":[],"FAQPage":[],"Movie":[],"Person":[],"Product":[],"ProductReview":[],"Car":[],"Recipe":[],"Service":[],"SoftwareApplication":[],"WebPage":[]},"graphName":"","isEnabled":true},"graphs":[]},"schema_type":"default","schema_type_options":null,"pillar_content":false,"robots_default":true,"robots_noindex":false,"robots_noarchive":false,"robots_nosnippet":false,"robots_nofollow":false,"robots_noimageindex":false,"robots_noodp":false,"robots_notranslate":false,"robots_max_snippet":null,"robots_max_videopreview":null,"robots_max_imagepreview":"large","priority":null,"frequency":null,"local_seo":null,"breadcrumb_settings":null,"limit_modified_date":false,"ai":null,"created":"2024-09-20 21:54:58","updated":"2025-10-24 04:12:15","seo_analyzer_scan_date":null,"focus_keyword":null,"additional_keywords":null,"truseo_locale":null},"aioseo_breadcrumb":"<div class=\"aioseo-breadcrumbs\"><span class=\"aioseo-breadcrumb\">\n\t\t\t<a href=\"https:\/\/www.immo-invest.ch\/it\/\" title=\"Home\">Home<\/a>\n\t\t<\/span><span class=\"aioseo-breadcrumb-separator\">&raquo;<\/span><span class=\"aioseo-breadcrumb\">\n\t\t\t<a href=\"https:\/\/www.immo-invest.ch\/it\/categoria\/regioni\/\" title=\"Regioni\">Regioni<\/a>\n\t\t<\/span><span class=\"aioseo-breadcrumb-separator\">&raquo;<\/span><span class=\"aioseo-breadcrumb\">\n\t\t\t<a href=\"https:\/\/www.immo-invest.ch\/it\/categoria\/regioni\/svizzera\/\" title=\"Svizzera\">Svizzera<\/a>\n\t\t<\/span><span class=\"aioseo-breadcrumb-separator\">&raquo;<\/span><span class=\"aioseo-breadcrumb\">\n\t\t\t<a href=\"https:\/\/www.immo-invest.ch\/it\/categoria\/regioni\/svizzera\/regione-del-lago-di-ginevra\/\" title=\"Regione del Lago di Ginevra\">Regione del Lago di Ginevra<\/a>\n\t\t<\/span><span class=\"aioseo-breadcrumb-separator\">&raquo;<\/span><span class=\"aioseo-breadcrumb\">\n\t\t\t<a href=\"https:\/\/www.immo-invest.ch\/it\/categoria\/regioni\/svizzera\/regione-del-lago-di-ginevra\/waadt-it\/\" title=\"Waadt\">Waadt<\/a>\n\t\t<\/span><span class=\"aioseo-breadcrumb-separator\">&raquo;<\/span><span class=\"aioseo-breadcrumb\">\n\t\t\tNuovo programma di Master per il cambiamento urbano\n\t\t<\/span><\/div>","aioseo_breadcrumb_json":[{"label":"Home","link":"https:\/\/www.immo-invest.ch\/it\/"},{"label":"Regioni","link":"https:\/\/www.immo-invest.ch\/it\/categoria\/regioni\/"},{"label":"Svizzera","link":"https:\/\/www.immo-invest.ch\/it\/categoria\/regioni\/svizzera\/"},{"label":"Regione del Lago di Ginevra","link":"https:\/\/www.immo-invest.ch\/it\/categoria\/regioni\/svizzera\/regione-del-lago-di-ginevra\/"},{"label":"Waadt","link":"https:\/\/www.immo-invest.ch\/it\/categoria\/regioni\/svizzera\/regione-del-lago-di-ginevra\/waadt-it\/"},{"label":"Nuovo programma di Master per il cambiamento urbano","link":"https:\/\/www.immo-invest.ch\/it\/neuer-master-studiengang-fuer-urbanen-wandel\/"}],"featured_image_src":"https:\/\/www.immo-invest.ch\/wp-content\/uploads\/2024\/06\/Laptop-336x168.jpg","_links":{"self":[{"href":"https:\/\/www.immo-invest.ch\/it\/wp-json\/wp\/v2\/posts\/102194","targetHints":{"allow":["GET"]}}],"collection":[{"href":"https:\/\/www.immo-invest.ch\/it\/wp-json\/wp\/v2\/posts"}],"about":[{"href":"https:\/\/www.immo-invest.ch\/it\/wp-json\/wp\/v2\/types\/post"}],"author":[{"embeddable":true,"href":"https:\/\/www.immo-invest.ch\/it\/wp-json\/wp\/v2\/users\/2"}],"replies":[{"embeddable":true,"href":"https:\/\/www.immo-invest.ch\/it\/wp-json\/wp\/v2\/comments?post=102194"}],"version-history":[{"count":0,"href":"https:\/\/www.immo-invest.ch\/it\/wp-json\/wp\/v2\/posts\/102194\/revisions"}],"wp:featuredmedia":[{"embeddable":true,"href":"https:\/\/www.immo-invest.ch\/it\/wp-json\/wp\/v2\/media\/102139"}],"wp:attachment":[{"href":"https:\/\/www.immo-invest.ch\/it\/wp-json\/wp\/v2\/media?parent=102194"}],"wp:term":[{"taxonomy":"category","embeddable":true,"href":"https:\/\/www.immo-invest.ch\/it\/wp-json\/wp\/v2\/categories?post=102194"},{"taxonomy":"post_tag","embeddable":true,"href":"https:\/\/www.immo-invest.ch\/it\/wp-json\/wp\/v2\/tags?post=102194"}],"curies":[{"name":"wp","href":"https:\/\/api.w.org\/{rel}","templated":true}]}}