{"id":101238,"date":"2024-06-18T11:03:26","date_gmt":"2024-06-18T09:03:26","guid":{"rendered":"https:\/\/www.immo-invest.ch\/vision-territoriale-transfrontaliere-2050\/"},"modified":"2024-06-18T15:20:12","modified_gmt":"2024-06-18T13:20:12","slug":"vision-territoriale-transfrontaliere-2050","status":"publish","type":"post","link":"https:\/\/www.immo-invest.ch\/it\/vision-territoriale-transfrontaliere-2050\/","title":{"rendered":"Visione territoriale transfrontaliera 2050"},"content":{"rendered":"<p class=\"wp-block-paragraph\">La regione metropolitana di Ginevra deve affrontare il complesso compito di gestire in modo efficace lo spazio disponibile, facendo fronte alla continua crescita demografica.<br><br>La transizione ecologica richiede un approccio innovativo che tenga conto delle specificit&agrave; geografiche e di accessibilit&agrave; delle regioni, al fine di gestire al meglio l&rsquo;impatto della crescita demografica. In tutte le regioni interessate, le misure devono essere adattate esattamente alle condizioni locali e sostenute dall&rsquo;intera popolazione, al fine di rispettare gli impegni ambientali.<br><br>Queste misure sono adattabili e possono essere trasferite da una regione all&rsquo;altra attraverso un dialogo continuo. In questo contesto, i Cantoni di Ginevra e Vaud, in collaborazione con il P&ocirc;le m&eacute;tropolitain Genevois French, hanno preso l&rsquo;iniziativa di introdurre un approccio di transizione ecologica sotto il nome di &ldquo;Visione territoriale transfrontaliera 2050&rdquo;.<br><br>Questo approccio esplorativo completo mira a ridefinire la pianificazione territoriale e ad adattarla alle sfide ambientali. La pianificazione territoriale svolge un ruolo centrale nello sviluppo della regione per soddisfare le esigenze di 400.000 persone in pi&ugrave; previste entro il 2050. Si tratta di una sfida fondamentale, soprattutto in considerazione dello spazio limitato disponibile a Ginevra e della necessit&agrave; di ridurre le emissioni di gas serra.<\/p>\n\n\n\n<p class=\"wp-block-paragraph\">Attualmente a Ginevra si stanno sviluppando strategie per gestire questo aumento, mantenendo un ambiente di vita sostenibile e di alta qualit&agrave;.<br><br>Gli obiettivi di queste strategie includono la riduzione delle emissioni di gas serra, l&rsquo;adattamento al cambiamento climatico e la protezione della biodiversit&agrave;. Una tabella di marcia partecipativa &egrave; gi&agrave; emersa dal progetto &ldquo;Visione territoriale transfrontaliera 2050&rdquo;, che &egrave; stata adottata dal Consiglio di Stato alla fine del 2021.<br><br>Basata sull&rsquo;emergenza climatica, sul piano climatico cantonale e sulla carta &ldquo;Grande Ginevra in transizione&rdquo; del 2022, questa tabella di marcia definisce le fasi e i metodi del lavoro preparatorio che sar&agrave; integrato nei prossimi documenti di pianificazione regionale. Questo approccio orientato al progetto e alla pratica coinvolge fortemente gli attori locali, in particolare i Comuni e le associazioni, e promuove un profondo radicamento locale, che facilita la successiva attuazione. Gli scenari spaziali sviluppati da team transdisciplinari consentono lo sviluppo graduale di una visione condivisa. La rilevanza di questa visione viene valutata a livello locale da gruppi di discussione e, se &egrave; conclusiva, pu&ograve; essere implementata su scala pi&ugrave; ampia. Questo approccio iterativo porta a uno sviluppo dinamico di concetti territoriali che vengono continuamente raffinati e adattati alle esigenze regionali.<br><br>In questo modo, la visione globale diventa un progetto territoriale coerente e condiviso che rafforza le identit&agrave; locali. La versione finale della visione territoriale transfrontaliera 2050 dovrebbe essere disponibile nell&rsquo;estate del 2024. Una valutazione intermedia ci permette gi&agrave; di trarre le prime conclusioni e di delineare i contorni della visione. Nelle strategie di pianificazione territoriale, concetti come il &ldquo;soffitto ecologico&rdquo; e la &ldquo;base sociale&rdquo;, ispirati alla teoria della ciambella di Kate Raworth, sono di importanza centrale. Questo cambio di prospettiva pone l&rsquo;ambiente di vita e i suoi ecosistemi al centro della pianificazione. Altri aspetti, come la densificazione e la riprogettazione degli spazi urbani, promuovono le distanze ridotte e l&rsquo;uso efficiente delle risorse, che in ultima analisi riduce la necessit&agrave; di mobilit&agrave; e contribuisce allo sviluppo urbano sostenibile.<\/p>\n\n\n\n<p class=\"wp-block-paragraph\">Questo approccio completo e specifico per la regione assicura che l&rsquo;area della Grande Ginevra svolga un ruolo di primo piano nella pianificazione territoriale sostenibile, non solo come parte della Svizzera, ma anche nel pi&ugrave; ampio contesto europeo. La Vision 2050 transfrontaliera offre quindi un contributo decisivo all&rsquo;ulteriore adattamento e miglioramento del progetto territoriale svizzero.<\/p>\n","protected":false},"excerpt":{"rendered":"<p>Le sfide climatiche e sociali del nostro tempo richiedono un ripensamento della pianificazione dell\u2019uso del territorio oltre i confini nazionali. Il Cantone di Ginevra, la regione di Nyon e il P\u00f4le m\u00e9tropolitain du Genevois fran\u00e7ais si sono uniti per sviluppare una visione comune per lo sviluppo futuro dell&#8217;area metropolitana di Ginevra. Questa visione territoriale transfrontaliera servir\u00e0 da base per i futuri sviluppi regionali.<\/p>\n","protected":false},"author":2,"featured_media":100699,"comment_status":"open","ping_status":"open","sticky":false,"template":"","format":"standard","meta":{"pmpro_default_level":"0","inline_featured_image":false,"_monsterinsights_skip_tracking":false,"footnotes":""},"categories":[47532,745,9453,22700],"tags":[47533,47534,47535,47536,47537,47538,47539,3935,47540],"class_list":["post-101238","post","type-post","status-publish","format-standard","has-post-thumbnail","hentry","category-genf-it","category-immonews-it","category-region-romandie-it","category-sostenibilita","tag-collaboration-it","tag-construction-it","tag-ecologiques-it","tag-geneve-it","tag-geographique-it","tag-imminvest-it","tag-immobilier-it","tag-immonews-it","tag-vaud-2-it","pmpro-has-access"],"acf":{"bild_mit_ki_erstellt_worden":[],"lead":"Le sfide climatiche e sociali del nostro tempo richiedono un ripensamento della pianificazione dell\u2019uso del territorio oltre i confini nazionali. Il Cantone di Ginevra, la regione di Nyon e il P\u00f4le m\u00e9tropolitain du Genevois fran\u00e7ais si sono uniti per sviluppare una visione comune per lo sviluppo futuro dell'area metropolitana di Ginevra. Questa visione territoriale transfrontaliera servir\u00e0 da base per i futuri sviluppi regionali.","autor":"Quelle: Ariane Widmer, Image: ge.ch","ort":"","bildunterschrift":"Visuel Grand Gen\u00e8ve en transition-Vision territoriale transfrontali\u00e8re","bild_im_grid":false,"gallerie":"","newsim":""},"aioseo_notices":[],"aioseo_head":"\n\t\t<!-- All in One SEO 5.0.0.1 - aioseo.com -->\n\t<meta name=\"description\" content=\"Le sfide climatiche e sociali del nostro tempo richiedono un ripensamento della pianificazione dell\u2019uso del territorio oltre i confini nazionali. Il Cantone di Ginevra, la regione di Nyon e il P\u00f4le m\u00e9tropolitain du Genevois fran\u00e7ais si sono uniti per sviluppare una visione comune per lo sviluppo futuro dell&#039;area metropolitana di Ginevra. Questa visione territoriale transfrontaliera servir\u00e0 da base per i futuri sviluppi regionali.\" \/>\n\t<meta name=\"robots\" content=\"max-image-preview:large\" \/>\n\t<meta name=\"author\" content=\"immovestuser\"\/>\n\t<meta name=\"google-site-verification\" content=\"fHJKvgWpZCR2zVBHWfkQeFXC11qieUSff0HGNYfuyLA\" \/>\n\t<link rel=\"canonical\" href=\"https:\/\/www.immo-invest.ch\/it\/vision-territoriale-transfrontaliere-2050\/\" \/>\n\t<meta name=\"generator\" content=\"All in One SEO (AIOSEO) 5.0.0.1\" \/>\n\t\t<meta property=\"og:locale\" content=\"it_IT\" \/>\n\t\t<meta property=\"og:site_name\" content=\"immo!nvest - Die Plattform f\u00fcr Standorte und Immobilien - Die\u00a0Plattform f\u00fcr Standorte und Immobilien\" \/>\n\t\t<meta property=\"og:type\" content=\"article\" \/>\n\t\t<meta property=\"og:title\" content=\"Visione territoriale transfrontaliera 2050 - immo!nvest - Die Plattform f\u00fcr Standorte und Immobilien\" \/>\n\t\t<meta property=\"og:description\" content=\"Le sfide climatiche e sociali del nostro tempo richiedono un ripensamento della pianificazione dell\u2019uso del territorio oltre i confini nazionali. Il Cantone di Ginevra, la regione di Nyon e il P\u00f4le m\u00e9tropolitain du Genevois fran\u00e7ais si sono uniti per sviluppare una visione comune per lo sviluppo futuro dell&#039;area metropolitana di Ginevra. Questa visione territoriale transfrontaliera servir\u00e0 da base per i futuri sviluppi regionali.\" \/>\n\t\t<meta property=\"og:url\" content=\"https:\/\/www.immo-invest.ch\/it\/vision-territoriale-transfrontaliere-2050\/\" \/>\n\t\t<meta property=\"og:image\" content=\"https:\/\/www.immo-invest.ch\/wp-content\/uploads\/2024\/06\/GGET_1460x648-01-e1718701317793.jpg\" \/>\n\t\t<meta property=\"og:image:secure_url\" content=\"https:\/\/www.immo-invest.ch\/wp-content\/uploads\/2024\/06\/GGET_1460x648-01-e1718701317793.jpg\" \/>\n\t\t<meta property=\"og:image:width\" content=\"649\" \/>\n\t\t<meta property=\"og:image:height\" content=\"324\" \/>\n\t\t<meta property=\"article:published_time\" content=\"2024-06-18T09:03:26+00:00\" \/>\n\t\t<meta property=\"article:modified_time\" content=\"2024-06-18T13:20:12+00:00\" \/>\n\t\t<meta property=\"article:publisher\" content=\"https:\/\/www.facebook.com\/people\/Immoinvest\/100077962920504\/\" \/>\n\t\t<meta name=\"twitter:card\" content=\"summary_large_image\" \/>\n\t\t<meta name=\"twitter:site\" content=\"@i\" \/>\n\t\t<meta name=\"twitter:title\" content=\"Visione territoriale transfrontaliera 2050 - immo!nvest - Die Plattform f\u00fcr Standorte und Immobilien\" \/>\n\t\t<meta name=\"twitter:description\" content=\"Le sfide climatiche e sociali del nostro tempo richiedono un ripensamento della pianificazione dell\u2019uso del territorio oltre i confini nazionali. Il Cantone di Ginevra, la regione di Nyon e il P\u00f4le m\u00e9tropolitain du Genevois fran\u00e7ais si sono uniti per sviluppare una visione comune per lo sviluppo futuro dell&#039;area metropolitana di Ginevra. Questa visione territoriale transfrontaliera servir\u00e0 da base per i futuri sviluppi regionali.\" \/>\n\t\t<meta name=\"twitter:creator\" content=\"@i\" \/>\n\t\t<meta name=\"twitter:image\" content=\"https:\/\/www.immo-invest.ch\/wp-content\/uploads\/2024\/06\/GGET_1460x648-01-e1718701317793.jpg\" \/>\n\t\t<script type=\"application\/ld+json\" class=\"aioseo-schema\">\n\t\t\t{\"@context\":\"https:\\\/\\\/schema.org\",\"@graph\":[{\"@type\":\"BlogPosting\",\"@id\":\"https:\\\/\\\/www.immo-invest.ch\\\/it\\\/vision-territoriale-transfrontaliere-2050\\\/#blogposting\",\"name\":\"Visione territoriale transfrontaliera 2050 - immo!nvest - Die Plattform f\\u00fcr Standorte und Immobilien\",\"headline\":\"Visione territoriale transfrontaliera 2050\",\"author\":{\"@id\":\"https:\\\/\\\/www.immo-invest.ch\\\/it\\\/author\\\/immovestuser\\\/#author\"},\"publisher\":{\"@id\":\"https:\\\/\\\/www.immo-invest.ch\\\/it\\\/#organization\"},\"image\":{\"@type\":\"ImageObject\",\"url\":\"https:\\\/\\\/www.immo-invest.ch\\\/wp-content\\\/uploads\\\/2024\\\/06\\\/GGET_1460x648-01-e1718701317793.jpg\",\"width\":649,\"height\":324},\"datePublished\":\"2024-06-18T11:03:26+02:00\",\"dateModified\":\"2024-06-18T15:20:12+02:00\",\"inLanguage\":\"it-IT\",\"mainEntityOfPage\":{\"@id\":\"https:\\\/\\\/www.immo-invest.ch\\\/it\\\/vision-territoriale-transfrontaliere-2050\\\/#webpage\"},\"isPartOf\":{\"@id\":\"https:\\\/\\\/www.immo-invest.ch\\\/it\\\/vision-territoriale-transfrontaliere-2050\\\/#webpage\"},\"articleSection\":\"Genf, immoNews, Romandie, Sostenibilit\\u00e0, collaboration, Construction, \\u00e9cologiques, gen\\u00e8ve, g\\u00e9ographique, imminvest, immobilier, immoNews, Vaud, Optional\"},{\"@type\":\"BreadcrumbList\",\"@id\":\"https:\\\/\\\/www.immo-invest.ch\\\/it\\\/vision-territoriale-transfrontaliere-2050\\\/#breadcrumblist\",\"itemListElement\":[{\"@type\":\"ListItem\",\"@id\":\"https:\\\/\\\/www.immo-invest.ch\\\/it\\\/#listItem\",\"position\":1,\"name\":\"Home\",\"item\":\"https:\\\/\\\/www.immo-invest.ch\\\/it\\\/\",\"nextItem\":{\"@type\":\"ListItem\",\"@id\":\"https:\\\/\\\/www.immo-invest.ch\\\/it\\\/categoria\\\/regioni\\\/#listItem\",\"name\":\"Regioni\"}},{\"@type\":\"ListItem\",\"@id\":\"https:\\\/\\\/www.immo-invest.ch\\\/it\\\/categoria\\\/regioni\\\/#listItem\",\"position\":2,\"name\":\"Regioni\",\"item\":\"https:\\\/\\\/www.immo-invest.ch\\\/it\\\/categoria\\\/regioni\\\/\",\"nextItem\":{\"@type\":\"ListItem\",\"@id\":\"https:\\\/\\\/www.immo-invest.ch\\\/it\\\/categoria\\\/regioni\\\/svizzera\\\/#listItem\",\"name\":\"Svizzera\"},\"previousItem\":{\"@type\":\"ListItem\",\"@id\":\"https:\\\/\\\/www.immo-invest.ch\\\/it\\\/#listItem\",\"name\":\"Home\"}},{\"@type\":\"ListItem\",\"@id\":\"https:\\\/\\\/www.immo-invest.ch\\\/it\\\/categoria\\\/regioni\\\/svizzera\\\/#listItem\",\"position\":3,\"name\":\"Svizzera\",\"item\":\"https:\\\/\\\/www.immo-invest.ch\\\/it\\\/categoria\\\/regioni\\\/svizzera\\\/\",\"nextItem\":{\"@type\":\"ListItem\",\"@id\":\"https:\\\/\\\/www.immo-invest.ch\\\/it\\\/categoria\\\/regioni\\\/svizzera\\\/regione-del-lago-di-ginevra\\\/#listItem\",\"name\":\"Regione del Lago di Ginevra\"},\"previousItem\":{\"@type\":\"ListItem\",\"@id\":\"https:\\\/\\\/www.immo-invest.ch\\\/it\\\/categoria\\\/regioni\\\/#listItem\",\"name\":\"Regioni\"}},{\"@type\":\"ListItem\",\"@id\":\"https:\\\/\\\/www.immo-invest.ch\\\/it\\\/categoria\\\/regioni\\\/svizzera\\\/regione-del-lago-di-ginevra\\\/#listItem\",\"position\":4,\"name\":\"Regione del Lago di Ginevra\",\"item\":\"https:\\\/\\\/www.immo-invest.ch\\\/it\\\/categoria\\\/regioni\\\/svizzera\\\/regione-del-lago-di-ginevra\\\/\",\"nextItem\":{\"@type\":\"ListItem\",\"@id\":\"https:\\\/\\\/www.immo-invest.ch\\\/it\\\/categoria\\\/regioni\\\/svizzera\\\/regione-del-lago-di-ginevra\\\/genf-it\\\/#listItem\",\"name\":\"Genf\"},\"previousItem\":{\"@type\":\"ListItem\",\"@id\":\"https:\\\/\\\/www.immo-invest.ch\\\/it\\\/categoria\\\/regioni\\\/svizzera\\\/#listItem\",\"name\":\"Svizzera\"}},{\"@type\":\"ListItem\",\"@id\":\"https:\\\/\\\/www.immo-invest.ch\\\/it\\\/categoria\\\/regioni\\\/svizzera\\\/regione-del-lago-di-ginevra\\\/genf-it\\\/#listItem\",\"position\":5,\"name\":\"Genf\",\"item\":\"https:\\\/\\\/www.immo-invest.ch\\\/it\\\/categoria\\\/regioni\\\/svizzera\\\/regione-del-lago-di-ginevra\\\/genf-it\\\/\",\"nextItem\":{\"@type\":\"ListItem\",\"@id\":\"https:\\\/\\\/www.immo-invest.ch\\\/it\\\/vision-territoriale-transfrontaliere-2050\\\/#listItem\",\"name\":\"Visione territoriale transfrontaliera 2050\"},\"previousItem\":{\"@type\":\"ListItem\",\"@id\":\"https:\\\/\\\/www.immo-invest.ch\\\/it\\\/categoria\\\/regioni\\\/svizzera\\\/regione-del-lago-di-ginevra\\\/#listItem\",\"name\":\"Regione del Lago di Ginevra\"}},{\"@type\":\"ListItem\",\"@id\":\"https:\\\/\\\/www.immo-invest.ch\\\/it\\\/vision-territoriale-transfrontaliere-2050\\\/#listItem\",\"position\":6,\"name\":\"Visione territoriale transfrontaliera 2050\",\"previousItem\":{\"@type\":\"ListItem\",\"@id\":\"https:\\\/\\\/www.immo-invest.ch\\\/it\\\/categoria\\\/regioni\\\/svizzera\\\/regione-del-lago-di-ginevra\\\/genf-it\\\/#listItem\",\"name\":\"Genf\"}}]},{\"@type\":\"Organization\",\"@id\":\"https:\\\/\\\/www.immo-invest.ch\\\/it\\\/#organization\",\"name\":\"immo!nvest - Die Plattform f\\u00fcr Standorte und Immobilien\",\"description\":\"Die\\u00a0Plattform f\\u00fcr Standorte und Immobilien\",\"url\":\"https:\\\/\\\/www.immo-invest.ch\\\/it\\\/\",\"email\":\"admin@immomedia.ag\",\"telephone\":\"+41444420002\",\"logo\":{\"@type\":\"ImageObject\",\"url\":\"https:\\\/\\\/www.immo-invest.ch\\\/wp-content\\\/uploads\\\/2024\\\/09\\\/immoinvest_sm-scaled.jpg\",\"@id\":\"https:\\\/\\\/www.immo-invest.ch\\\/it\\\/vision-territoriale-transfrontaliere-2050\\\/#organizationLogo\",\"width\":2560,\"height\":1340},\"image\":{\"@id\":\"https:\\\/\\\/www.immo-invest.ch\\\/it\\\/vision-territoriale-transfrontaliere-2050\\\/#organizationLogo\"},\"sameAs\":[\"https:\\\/\\\/www.facebook.com\\\/people\\\/Immoinvest\\\/100077962920504\\\/\",\"https:\\\/\\\/x.com\\\/i\\\/flow\\\/login?redirect_after_login=immoinvest_ch\",\"https:\\\/\\\/www.instagram.com\\\/immoinvest_ch\\\/\",\"https:\\\/\\\/www.linkedin.com\\\/company\\\/immoinvest-swiss\"]},{\"@type\":\"Person\",\"@id\":\"https:\\\/\\\/www.immo-invest.ch\\\/it\\\/author\\\/immovestuser\\\/#author\",\"url\":\"https:\\\/\\\/www.immo-invest.ch\\\/it\\\/author\\\/immovestuser\\\/\",\"name\":\"immovestuser\",\"image\":{\"@type\":\"ImageObject\",\"@id\":\"https:\\\/\\\/www.immo-invest.ch\\\/it\\\/vision-territoriale-transfrontaliere-2050\\\/#authorImage\",\"url\":\"https:\\\/\\\/secure.gravatar.com\\\/avatar\\\/8e01f4d99f2eeea7a362ebb93305e1172a70e9293ba250f897a65c39f54cdd1e?s=96&d=mm&r=g\",\"width\":96,\"height\":96,\"caption\":\"immovestuser\"}},{\"@type\":\"WebPage\",\"@id\":\"https:\\\/\\\/www.immo-invest.ch\\\/it\\\/vision-territoriale-transfrontaliere-2050\\\/#webpage\",\"url\":\"https:\\\/\\\/www.immo-invest.ch\\\/it\\\/vision-territoriale-transfrontaliere-2050\\\/\",\"name\":\"Visione territoriale transfrontaliera 2050 - immo!nvest - Die Plattform f\\u00fcr Standorte und Immobilien\",\"description\":\"Le sfide climatiche e sociali del nostro tempo richiedono un ripensamento della pianificazione dell\\u2019uso del territorio oltre i confini nazionali. Il Cantone di Ginevra, la regione di Nyon e il P\\u00f4le m\\u00e9tropolitain du Genevois fran\\u00e7ais si sono uniti per sviluppare una visione comune per lo sviluppo futuro dell'area metropolitana di Ginevra. Questa visione territoriale transfrontaliera servir\\u00e0 da base per i futuri sviluppi regionali.\",\"inLanguage\":\"it-IT\",\"isPartOf\":{\"@id\":\"https:\\\/\\\/www.immo-invest.ch\\\/it\\\/#website\"},\"breadcrumb\":{\"@id\":\"https:\\\/\\\/www.immo-invest.ch\\\/it\\\/vision-territoriale-transfrontaliere-2050\\\/#breadcrumblist\"},\"author\":{\"@id\":\"https:\\\/\\\/www.immo-invest.ch\\\/it\\\/author\\\/immovestuser\\\/#author\"},\"creator\":{\"@id\":\"https:\\\/\\\/www.immo-invest.ch\\\/it\\\/author\\\/immovestuser\\\/#author\"},\"image\":{\"@type\":\"ImageObject\",\"url\":\"https:\\\/\\\/www.immo-invest.ch\\\/wp-content\\\/uploads\\\/2024\\\/06\\\/GGET_1460x648-01-e1718701317793.jpg\",\"@id\":\"https:\\\/\\\/www.immo-invest.ch\\\/it\\\/vision-territoriale-transfrontaliere-2050\\\/#mainImage\",\"width\":649,\"height\":324},\"primaryImageOfPage\":{\"@id\":\"https:\\\/\\\/www.immo-invest.ch\\\/it\\\/vision-territoriale-transfrontaliere-2050\\\/#mainImage\"},\"datePublished\":\"2024-06-18T11:03:26+02:00\",\"dateModified\":\"2024-06-18T15:20:12+02:00\"},{\"@type\":\"WebSite\",\"@id\":\"https:\\\/\\\/www.immo-invest.ch\\\/it\\\/#website\",\"url\":\"https:\\\/\\\/www.immo-invest.ch\\\/it\\\/\",\"name\":\"immo!nvest - Die Plattform f\\u00fcr Standorte und Immobilien\",\"description\":\"Die\\u00a0Plattform f\\u00fcr Standorte und Immobilien\",\"inLanguage\":\"it-IT\",\"publisher\":{\"@id\":\"https:\\\/\\\/www.immo-invest.ch\\\/it\\\/#organization\"}}]}\n\t\t<\/script>\n\t\t<!-- All in One SEO -->\n\n","aioseo_head_json":{"title":"Visione territoriale transfrontaliera 2050 - immo!nvest - Die Plattform f\u00fcr Standorte und Immobilien","description":"Le sfide climatiche e sociali del nostro tempo richiedono un ripensamento della pianificazione dell\u2019uso del territorio oltre i confini nazionali. Il Cantone di Ginevra, la regione di Nyon e il P\u00f4le m\u00e9tropolitain du Genevois fran\u00e7ais si sono uniti per sviluppare una visione comune per lo sviluppo futuro dell'area metropolitana di Ginevra. Questa visione territoriale transfrontaliera servir\u00e0 da base per i futuri sviluppi regionali.","canonical_url":"https:\/\/www.immo-invest.ch\/it\/vision-territoriale-transfrontaliere-2050\/","robots":"max-image-preview:large","keywords":"","webmasterTools":{"google-site-verification":"fHJKvgWpZCR2zVBHWfkQeFXC11qieUSff0HGNYfuyLA","miscellaneous":""},"schema":{"@context":"https:\/\/schema.org","@graph":[{"@type":"BlogPosting","@id":"https:\/\/www.immo-invest.ch\/it\/vision-territoriale-transfrontaliere-2050\/#blogposting","name":"Visione territoriale transfrontaliera 2050 - immo!nvest - Die Plattform f\u00fcr Standorte und Immobilien","headline":"Visione territoriale transfrontaliera 2050","author":{"@id":"https:\/\/www.immo-invest.ch\/it\/author\/immovestuser\/#author"},"publisher":{"@id":"https:\/\/www.immo-invest.ch\/it\/#organization"},"image":{"@type":"ImageObject","url":"https:\/\/www.immo-invest.ch\/wp-content\/uploads\/2024\/06\/GGET_1460x648-01-e1718701317793.jpg","width":649,"height":324},"datePublished":"2024-06-18T11:03:26+02:00","dateModified":"2024-06-18T15:20:12+02:00","inLanguage":"it-IT","mainEntityOfPage":{"@id":"https:\/\/www.immo-invest.ch\/it\/vision-territoriale-transfrontaliere-2050\/#webpage"},"isPartOf":{"@id":"https:\/\/www.immo-invest.ch\/it\/vision-territoriale-transfrontaliere-2050\/#webpage"},"articleSection":"Genf, immoNews, Romandie, Sostenibilit\u00e0, collaboration, Construction, \u00e9cologiques, gen\u00e8ve, g\u00e9ographique, imminvest, immobilier, immoNews, Vaud, Optional"},{"@type":"BreadcrumbList","@id":"https:\/\/www.immo-invest.ch\/it\/vision-territoriale-transfrontaliere-2050\/#breadcrumblist","itemListElement":[{"@type":"ListItem","@id":"https:\/\/www.immo-invest.ch\/it\/#listItem","position":1,"name":"Home","item":"https:\/\/www.immo-invest.ch\/it\/","nextItem":{"@type":"ListItem","@id":"https:\/\/www.immo-invest.ch\/it\/categoria\/regioni\/#listItem","name":"Regioni"}},{"@type":"ListItem","@id":"https:\/\/www.immo-invest.ch\/it\/categoria\/regioni\/#listItem","position":2,"name":"Regioni","item":"https:\/\/www.immo-invest.ch\/it\/categoria\/regioni\/","nextItem":{"@type":"ListItem","@id":"https:\/\/www.immo-invest.ch\/it\/categoria\/regioni\/svizzera\/#listItem","name":"Svizzera"},"previousItem":{"@type":"ListItem","@id":"https:\/\/www.immo-invest.ch\/it\/#listItem","name":"Home"}},{"@type":"ListItem","@id":"https:\/\/www.immo-invest.ch\/it\/categoria\/regioni\/svizzera\/#listItem","position":3,"name":"Svizzera","item":"https:\/\/www.immo-invest.ch\/it\/categoria\/regioni\/svizzera\/","nextItem":{"@type":"ListItem","@id":"https:\/\/www.immo-invest.ch\/it\/categoria\/regioni\/svizzera\/regione-del-lago-di-ginevra\/#listItem","name":"Regione del Lago di Ginevra"},"previousItem":{"@type":"ListItem","@id":"https:\/\/www.immo-invest.ch\/it\/categoria\/regioni\/#listItem","name":"Regioni"}},{"@type":"ListItem","@id":"https:\/\/www.immo-invest.ch\/it\/categoria\/regioni\/svizzera\/regione-del-lago-di-ginevra\/#listItem","position":4,"name":"Regione del Lago di Ginevra","item":"https:\/\/www.immo-invest.ch\/it\/categoria\/regioni\/svizzera\/regione-del-lago-di-ginevra\/","nextItem":{"@type":"ListItem","@id":"https:\/\/www.immo-invest.ch\/it\/categoria\/regioni\/svizzera\/regione-del-lago-di-ginevra\/genf-it\/#listItem","name":"Genf"},"previousItem":{"@type":"ListItem","@id":"https:\/\/www.immo-invest.ch\/it\/categoria\/regioni\/svizzera\/#listItem","name":"Svizzera"}},{"@type":"ListItem","@id":"https:\/\/www.immo-invest.ch\/it\/categoria\/regioni\/svizzera\/regione-del-lago-di-ginevra\/genf-it\/#listItem","position":5,"name":"Genf","item":"https:\/\/www.immo-invest.ch\/it\/categoria\/regioni\/svizzera\/regione-del-lago-di-ginevra\/genf-it\/","nextItem":{"@type":"ListItem","@id":"https:\/\/www.immo-invest.ch\/it\/vision-territoriale-transfrontaliere-2050\/#listItem","name":"Visione territoriale transfrontaliera 2050"},"previousItem":{"@type":"ListItem","@id":"https:\/\/www.immo-invest.ch\/it\/categoria\/regioni\/svizzera\/regione-del-lago-di-ginevra\/#listItem","name":"Regione del Lago di Ginevra"}},{"@type":"ListItem","@id":"https:\/\/www.immo-invest.ch\/it\/vision-territoriale-transfrontaliere-2050\/#listItem","position":6,"name":"Visione territoriale transfrontaliera 2050","previousItem":{"@type":"ListItem","@id":"https:\/\/www.immo-invest.ch\/it\/categoria\/regioni\/svizzera\/regione-del-lago-di-ginevra\/genf-it\/#listItem","name":"Genf"}}]},{"@type":"Organization","@id":"https:\/\/www.immo-invest.ch\/it\/#organization","name":"immo!nvest - Die Plattform f\u00fcr Standorte und Immobilien","description":"Die\u00a0Plattform f\u00fcr Standorte und Immobilien","url":"https:\/\/www.immo-invest.ch\/it\/","email":"admin@immomedia.ag","telephone":"+41444420002","logo":{"@type":"ImageObject","url":"https:\/\/www.immo-invest.ch\/wp-content\/uploads\/2024\/09\/immoinvest_sm-scaled.jpg","@id":"https:\/\/www.immo-invest.ch\/it\/vision-territoriale-transfrontaliere-2050\/#organizationLogo","width":2560,"height":1340},"image":{"@id":"https:\/\/www.immo-invest.ch\/it\/vision-territoriale-transfrontaliere-2050\/#organizationLogo"},"sameAs":["https:\/\/www.facebook.com\/people\/Immoinvest\/100077962920504\/","https:\/\/x.com\/i\/flow\/login?redirect_after_login=immoinvest_ch","https:\/\/www.instagram.com\/immoinvest_ch\/","https:\/\/www.linkedin.com\/company\/immoinvest-swiss"]},{"@type":"Person","@id":"https:\/\/www.immo-invest.ch\/it\/author\/immovestuser\/#author","url":"https:\/\/www.immo-invest.ch\/it\/author\/immovestuser\/","name":"immovestuser","image":{"@type":"ImageObject","@id":"https:\/\/www.immo-invest.ch\/it\/vision-territoriale-transfrontaliere-2050\/#authorImage","url":"https:\/\/secure.gravatar.com\/avatar\/8e01f4d99f2eeea7a362ebb93305e1172a70e9293ba250f897a65c39f54cdd1e?s=96&d=mm&r=g","width":96,"height":96,"caption":"immovestuser"}},{"@type":"WebPage","@id":"https:\/\/www.immo-invest.ch\/it\/vision-territoriale-transfrontaliere-2050\/#webpage","url":"https:\/\/www.immo-invest.ch\/it\/vision-territoriale-transfrontaliere-2050\/","name":"Visione territoriale transfrontaliera 2050 - immo!nvest - Die Plattform f\u00fcr Standorte und Immobilien","description":"Le sfide climatiche e sociali del nostro tempo richiedono un ripensamento della pianificazione dell\u2019uso del territorio oltre i confini nazionali. Il Cantone di Ginevra, la regione di Nyon e il P\u00f4le m\u00e9tropolitain du Genevois fran\u00e7ais si sono uniti per sviluppare una visione comune per lo sviluppo futuro dell'area metropolitana di Ginevra. Questa visione territoriale transfrontaliera servir\u00e0 da base per i futuri sviluppi regionali.","inLanguage":"it-IT","isPartOf":{"@id":"https:\/\/www.immo-invest.ch\/it\/#website"},"breadcrumb":{"@id":"https:\/\/www.immo-invest.ch\/it\/vision-territoriale-transfrontaliere-2050\/#breadcrumblist"},"author":{"@id":"https:\/\/www.immo-invest.ch\/it\/author\/immovestuser\/#author"},"creator":{"@id":"https:\/\/www.immo-invest.ch\/it\/author\/immovestuser\/#author"},"image":{"@type":"ImageObject","url":"https:\/\/www.immo-invest.ch\/wp-content\/uploads\/2024\/06\/GGET_1460x648-01-e1718701317793.jpg","@id":"https:\/\/www.immo-invest.ch\/it\/vision-territoriale-transfrontaliere-2050\/#mainImage","width":649,"height":324},"primaryImageOfPage":{"@id":"https:\/\/www.immo-invest.ch\/it\/vision-territoriale-transfrontaliere-2050\/#mainImage"},"datePublished":"2024-06-18T11:03:26+02:00","dateModified":"2024-06-18T15:20:12+02:00"},{"@type":"WebSite","@id":"https:\/\/www.immo-invest.ch\/it\/#website","url":"https:\/\/www.immo-invest.ch\/it\/","name":"immo!nvest - Die Plattform f\u00fcr Standorte und Immobilien","description":"Die\u00a0Plattform f\u00fcr Standorte und Immobilien","inLanguage":"it-IT","publisher":{"@id":"https:\/\/www.immo-invest.ch\/it\/#organization"}}]},"og:locale":"it_IT","og:site_name":"immo!nvest - Die Plattform f\u00fcr Standorte und Immobilien - Die\u00a0Plattform f\u00fcr Standorte und Immobilien","og:type":"article","og:title":"Visione territoriale transfrontaliera 2050 - immo!nvest - Die Plattform f\u00fcr Standorte und Immobilien","og:description":"Le sfide climatiche e sociali del nostro tempo richiedono un ripensamento della pianificazione dell\u2019uso del territorio oltre i confini nazionali. Il Cantone di Ginevra, la regione di Nyon e il P\u00f4le m\u00e9tropolitain du Genevois fran\u00e7ais si sono uniti per sviluppare una visione comune per lo sviluppo futuro dell'area metropolitana di Ginevra. Questa visione territoriale transfrontaliera servir\u00e0 da base per i futuri sviluppi regionali.","og:url":"https:\/\/www.immo-invest.ch\/it\/vision-territoriale-transfrontaliere-2050\/","og:image":"https:\/\/www.immo-invest.ch\/wp-content\/uploads\/2024\/06\/GGET_1460x648-01-e1718701317793.jpg","og:image:secure_url":"https:\/\/www.immo-invest.ch\/wp-content\/uploads\/2024\/06\/GGET_1460x648-01-e1718701317793.jpg","og:image:width":649,"og:image:height":324,"article:published_time":"2024-06-18T09:03:26+00:00","article:modified_time":"2024-06-18T13:20:12+00:00","article:publisher":"https:\/\/www.facebook.com\/people\/Immoinvest\/100077962920504\/","twitter:card":"summary_large_image","twitter:site":"@i","twitter:title":"Visione territoriale transfrontaliera 2050 - immo!nvest - Die Plattform f\u00fcr Standorte und Immobilien","twitter:description":"Le sfide climatiche e sociali del nostro tempo richiedono un ripensamento della pianificazione dell\u2019uso del territorio oltre i confini nazionali. Il Cantone di Ginevra, la regione di Nyon e il P\u00f4le m\u00e9tropolitain du Genevois fran\u00e7ais si sono uniti per sviluppare una visione comune per lo sviluppo futuro dell'area metropolitana di Ginevra. Questa visione territoriale transfrontaliera servir\u00e0 da base per i futuri sviluppi regionali.","twitter:creator":"@i","twitter:image":"https:\/\/www.immo-invest.ch\/wp-content\/uploads\/2024\/06\/GGET_1460x648-01-e1718701317793.jpg"},"aioseo_meta_data":{"post_id":"101238","title":null,"description":null,"keywords":null,"keyphrases":null,"primary_term":null,"canonical_url":null,"og_title":null,"og_description":null,"og_object_type":"default","og_image_type":"default","og_image_url":null,"og_image_width":null,"og_image_height":null,"og_image_custom_url":null,"og_image_custom_fields":null,"og_video":null,"og_custom_url":null,"og_article_section":null,"og_article_tags":null,"twitter_use_og":false,"twitter_card":"default","twitter_image_type":"default","twitter_image_url":null,"twitter_image_custom_url":null,"twitter_image_custom_fields":null,"twitter_title":null,"twitter_description":null,"schema":{"blockGraphs":[],"customGraphs":[],"default":{"data":{"Article":[],"Course":[],"Dataset":[],"FAQPage":[],"Movie":[],"Person":[],"Product":[],"ProductReview":[],"Car":[],"Recipe":[],"Service":[],"SoftwareApplication":[],"WebPage":[]},"graphName":"","isEnabled":true},"graphs":[]},"schema_type":"default","schema_type_options":null,"pillar_content":false,"robots_default":true,"robots_noindex":false,"robots_noarchive":false,"robots_nosnippet":false,"robots_nofollow":false,"robots_noimageindex":false,"robots_noodp":false,"robots_notranslate":false,"robots_max_snippet":null,"robots_max_videopreview":null,"robots_max_imagepreview":"large","priority":null,"frequency":null,"local_seo":null,"breadcrumb_settings":null,"limit_modified_date":false,"ai":null,"created":"2024-09-20 21:42:58","updated":"2025-10-24 04:00:15","seo_analyzer_scan_date":null,"focus_keyword":null,"additional_keywords":null,"truseo_locale":null},"aioseo_breadcrumb":"<div class=\"aioseo-breadcrumbs\"><span class=\"aioseo-breadcrumb\">\n\t\t\t<a href=\"https:\/\/www.immo-invest.ch\/it\/\" title=\"Home\">Home<\/a>\n\t\t<\/span><span class=\"aioseo-breadcrumb-separator\">&raquo;<\/span><span class=\"aioseo-breadcrumb\">\n\t\t\t<a href=\"https:\/\/www.immo-invest.ch\/it\/categoria\/regioni\/\" title=\"Regioni\">Regioni<\/a>\n\t\t<\/span><span class=\"aioseo-breadcrumb-separator\">&raquo;<\/span><span class=\"aioseo-breadcrumb\">\n\t\t\t<a href=\"https:\/\/www.immo-invest.ch\/it\/categoria\/regioni\/svizzera\/\" title=\"Svizzera\">Svizzera<\/a>\n\t\t<\/span><span class=\"aioseo-breadcrumb-separator\">&raquo;<\/span><span class=\"aioseo-breadcrumb\">\n\t\t\t<a href=\"https:\/\/www.immo-invest.ch\/it\/categoria\/regioni\/svizzera\/regione-del-lago-di-ginevra\/\" title=\"Regione del Lago di Ginevra\">Regione del Lago di Ginevra<\/a>\n\t\t<\/span><span class=\"aioseo-breadcrumb-separator\">&raquo;<\/span><span class=\"aioseo-breadcrumb\">\n\t\t\t<a href=\"https:\/\/www.immo-invest.ch\/it\/categoria\/regioni\/svizzera\/regione-del-lago-di-ginevra\/genf-it\/\" title=\"Genf\">Genf<\/a>\n\t\t<\/span><span class=\"aioseo-breadcrumb-separator\">&raquo;<\/span><span class=\"aioseo-breadcrumb\">\n\t\t\tVisione territoriale transfrontaliera 2050\n\t\t<\/span><\/div>","aioseo_breadcrumb_json":[{"label":"Home","link":"https:\/\/www.immo-invest.ch\/it\/"},{"label":"Regioni","link":"https:\/\/www.immo-invest.ch\/it\/categoria\/regioni\/"},{"label":"Svizzera","link":"https:\/\/www.immo-invest.ch\/it\/categoria\/regioni\/svizzera\/"},{"label":"Regione del Lago di Ginevra","link":"https:\/\/www.immo-invest.ch\/it\/categoria\/regioni\/svizzera\/regione-del-lago-di-ginevra\/"},{"label":"Genf","link":"https:\/\/www.immo-invest.ch\/it\/categoria\/regioni\/svizzera\/regione-del-lago-di-ginevra\/genf-it\/"},{"label":"Visione territoriale transfrontaliera 2050","link":"https:\/\/www.immo-invest.ch\/it\/vision-territoriale-transfrontaliere-2050\/"}],"featured_image_src":"https:\/\/www.immo-invest.ch\/wp-content\/uploads\/2024\/06\/GGET_1460x648-01-336x168.jpg","_links":{"self":[{"href":"https:\/\/www.immo-invest.ch\/it\/wp-json\/wp\/v2\/posts\/101238","targetHints":{"allow":["GET"]}}],"collection":[{"href":"https:\/\/www.immo-invest.ch\/it\/wp-json\/wp\/v2\/posts"}],"about":[{"href":"https:\/\/www.immo-invest.ch\/it\/wp-json\/wp\/v2\/types\/post"}],"author":[{"embeddable":true,"href":"https:\/\/www.immo-invest.ch\/it\/wp-json\/wp\/v2\/users\/2"}],"replies":[{"embeddable":true,"href":"https:\/\/www.immo-invest.ch\/it\/wp-json\/wp\/v2\/comments?post=101238"}],"version-history":[{"count":0,"href":"https:\/\/www.immo-invest.ch\/it\/wp-json\/wp\/v2\/posts\/101238\/revisions"}],"wp:featuredmedia":[{"embeddable":true,"href":"https:\/\/www.immo-invest.ch\/it\/wp-json\/wp\/v2\/media\/100699"}],"wp:attachment":[{"href":"https:\/\/www.immo-invest.ch\/it\/wp-json\/wp\/v2\/media?parent=101238"}],"wp:term":[{"taxonomy":"category","embeddable":true,"href":"https:\/\/www.immo-invest.ch\/it\/wp-json\/wp\/v2\/categories?post=101238"},{"taxonomy":"post_tag","embeddable":true,"href":"https:\/\/www.immo-invest.ch\/it\/wp-json\/wp\/v2\/tags?post=101238"}],"curies":[{"name":"wp","href":"https:\/\/api.w.org\/{rel}","templated":true}]}}