{"id":100538,"date":"2024-06-17T08:47:00","date_gmt":"2024-06-17T06:47:00","guid":{"rendered":"https:\/\/www.immo-invest.ch\/eroeffnungstermin-fuer-neubau-des-kantonsspitals-baden-bekanntgegeben\/"},"modified":"2024-06-17T10:25:37","modified_gmt":"2024-06-17T08:25:37","slug":"eroeffnungstermin-fuer-neubau-des-kantonsspitals-baden-bekanntgegeben","status":"publish","type":"post","link":"https:\/\/www.immo-invest.ch\/it\/eroeffnungstermin-fuer-neubau-des-kantonsspitals-baden-bekanntgegeben\/","title":{"rendered":"Annunciata la data di apertura del nuovo edificio dell&#8217;Ospedale Cantonale di Baden"},"content":{"rendered":"<p class=\"bodytext\">L&rsquo;Ospedale Cantonale di Baden<a href=\"https:\/\/www.kantonsspitalbaden.ch\/\" target=\"_blank\" rel=\"noopener\">(KSB<\/a>) ha annunciato la data di apertura del suo nuovo edificio. Secondo un <a href=\"https:\/\/www.kantonsspitalbaden.ch\/Meta\/News-Detail-Seite_108672.html\" target=\"_blank\" rel=\"noopener\">comunicato stampa<\/a>, il nuovo KSB aprir&agrave; ufficialmente marted&igrave; 25 febbraio 2025, mentre il trasloco principale avr&agrave; luogo il fine settimana successivo. Il completamento del nuovo edificio ha richiesto sei anni e mezzo. Con una superficie utile di 76.215 metri quadrati, offrir&agrave; circa il 30% di spazio in pi&ugrave; rispetto all&rsquo;edificio in cui il KSB &egrave; ospitato dal 1978.<\/p>\n<p class=\"bodytext\">Il trasloco sar&agrave; completato in cinque giorni. In totale saranno trasferiti 4571 metri cubi di tecnologia medica e altri beni, secondo il comunicato stampa di KSB. Ci&ograve; corrisponde al carico di 76 camion di 40 tonnellate ciascuno. Il progetto &egrave; suddiviso in tre fasi, secondo il comunicato stampa. Nel trasloco preliminare, il materiale sar&agrave; spostato in modo che i medici e gli infermieri del nuovo edificio possano iniziare a lavorare immediatamente. Durante il trasloco principale, l&rsquo;unit&agrave; di terapia intensiva, il reparto di monitoraggio, la neonatologia e il pronto soccorso avranno la priorit&agrave;. Le operazioni dell&rsquo;ospedale continueranno normalmente.<\/p>\n<p class=\"bodytext\">Il nuovo edificio sar&agrave; effettivamente pronto prima. Ma la direzione del KSB ha scelto deliberatamente febbraio come data per il trasloco. &ldquo;In teoria, il nuovo edificio sarebbe stato pronto per l&rsquo;occupazione gi&agrave; nel prossimo autunno&rdquo;, ha dichiarato il CEO di KSB Adrian Schmitter. Tuttavia, il trasloco prima delle vacanze autunnali sarebbe stato stretto. Questo perch&eacute; l&rsquo;edificio deve ancora essere sottoposto a numerosi e complessi test. Inoltre, devono essere ottenute tutte le licenze operative.<\/p>\n<p class=\"bodytext\">Poich&eacute; il KSB &egrave; sempre molto occupato tra ottobre e gennaio e molti pazienti con malattie infettive vengono trattati durante le epidemie di influenza, si &egrave; deciso di utilizzare la finestra temporale con meno pazienti a partire dalla fine di febbraio per il trasloco. I dettagli sul nuovo edificio del KSB sono disponibili nella <a href=\"https:\/\/www.kantonsspitalbaden.ch\/Services\/Medien-Corner\/Publikationen\/MagazinDetail_108546.html\" target=\"_blank\" rel=\"noopener\">rivista KSB 02-2024<\/a>.<\/p>\n","protected":false},"excerpt":{"rendered":"<p>L&#8217;ospedale cantonale di Baden (KSB) si trasferir\u00e0 nel febbraio 2025 nel nuovo edificio che, con una superficie utile di 76.215 metri quadrati, offrir\u00e0 circa il 30% di spazio in pi\u00f9 rispetto al vecchio edificio del 1978.<\/p>\n","protected":false},"author":2,"featured_media":100505,"comment_status":"open","ping_status":"open","sticky":false,"template":"","format":"standard","meta":{"pmpro_default_level":"0","inline_featured_image":false,"_monsterinsights_skip_tracking":false,"footnotes":""},"categories":[47469,22359,9650],"tags":[852,867,3935,4165,47470,2227,3562],"class_list":["post-100538","post","type-post","status-publish","format-standard","has-post-thumbnail","hentry","category-baden-it","category-costruzione","category-nuove-costruzioni","tag-immobilien-it","tag-immoinvest-it","tag-immonews-it","tag-kantonsspital-it","tag-krankenhaus-it","tag-neubau-it","tag-umzug-it","pmpro-has-access"],"acf":{"bild_mit_ki_erstellt_worden":[],"lead":"L'ospedale cantonale di Baden (KSB) si trasferir\u00e0 nel febbraio 2025 nel nuovo edificio che, con una superficie utile di 76.215 metri quadrati, offrir\u00e0 circa il 30% di spazio in pi\u00f9 rispetto al vecchio edificio del 1978.","autor":"ce\/gba\u00a0","ort":"Baden AG ","bildunterschrift":"","bild_im_grid":false,"gallerie":"","newsim":""},"aioseo_notices":[],"aioseo_head":"\n\t\t<!-- All in One SEO 5.0.0.1 - aioseo.com -->\n\t<meta name=\"description\" content=\"L&#039;ospedale cantonale di Baden (KSB) si trasferir\u00e0 nel febbraio 2025 nel nuovo edificio che, con una superficie utile di 76.215 metri quadrati, offrir\u00e0 circa il 30% di spazio in pi\u00f9 rispetto al vecchio edificio del 1978.\" \/>\n\t<meta name=\"robots\" content=\"max-image-preview:large\" \/>\n\t<meta name=\"author\" content=\"immovestuser\"\/>\n\t<meta name=\"google-site-verification\" content=\"fHJKvgWpZCR2zVBHWfkQeFXC11qieUSff0HGNYfuyLA\" \/>\n\t<link rel=\"canonical\" href=\"https:\/\/www.immo-invest.ch\/it\/eroeffnungstermin-fuer-neubau-des-kantonsspitals-baden-bekanntgegeben\/\" \/>\n\t<meta name=\"generator\" content=\"All in One SEO (AIOSEO) 5.0.0.1\" \/>\n\t\t<meta property=\"og:locale\" content=\"it_IT\" \/>\n\t\t<meta property=\"og:site_name\" content=\"immo!nvest - Die Plattform f\u00fcr Standorte und Immobilien - Die\u00a0Plattform f\u00fcr Standorte und Immobilien\" \/>\n\t\t<meta property=\"og:type\" content=\"article\" \/>\n\t\t<meta property=\"og:title\" content=\"Annunciata la data di apertura del nuovo edificio dell\u2019Ospedale Cantonale di Baden - immo!nvest - Die Plattform f\u00fcr Standorte und Immobilien\" \/>\n\t\t<meta property=\"og:description\" content=\"L&#039;ospedale cantonale di Baden (KSB) si trasferir\u00e0 nel febbraio 2025 nel nuovo edificio che, con una superficie utile di 76.215 metri quadrati, offrir\u00e0 circa il 30% di spazio in pi\u00f9 rispetto al vecchio edificio del 1978.\" \/>\n\t\t<meta property=\"og:url\" content=\"https:\/\/www.immo-invest.ch\/it\/eroeffnungstermin-fuer-neubau-des-kantonsspitals-baden-bekanntgegeben\/\" \/>\n\t\t<meta property=\"og:image\" content=\"https:\/\/www.immo-invest.ch\/wp-content\/uploads\/2024\/06\/Krankenhaus-scaled-e1718610921328.jpg\" \/>\n\t\t<meta property=\"og:image:secure_url\" content=\"https:\/\/www.immo-invest.ch\/wp-content\/uploads\/2024\/06\/Krankenhaus-scaled-e1718610921328.jpg\" \/>\n\t\t<meta property=\"og:image:width\" content=\"2560\" \/>\n\t\t<meta property=\"og:image:height\" content=\"1280\" \/>\n\t\t<meta property=\"article:published_time\" content=\"2024-06-17T06:47:00+00:00\" \/>\n\t\t<meta property=\"article:modified_time\" content=\"2024-06-17T08:25:37+00:00\" \/>\n\t\t<meta property=\"article:publisher\" content=\"https:\/\/www.facebook.com\/people\/Immoinvest\/100077962920504\/\" \/>\n\t\t<meta name=\"twitter:card\" content=\"summary_large_image\" \/>\n\t\t<meta name=\"twitter:site\" content=\"@i\" \/>\n\t\t<meta name=\"twitter:title\" content=\"Annunciata la data di apertura del nuovo edificio dell\u2019Ospedale Cantonale di Baden - immo!nvest - Die Plattform f\u00fcr Standorte und Immobilien\" \/>\n\t\t<meta name=\"twitter:description\" content=\"L&#039;ospedale cantonale di Baden (KSB) si trasferir\u00e0 nel febbraio 2025 nel nuovo edificio che, con una superficie utile di 76.215 metri quadrati, offrir\u00e0 circa il 30% di spazio in pi\u00f9 rispetto al vecchio edificio del 1978.\" \/>\n\t\t<meta name=\"twitter:creator\" content=\"@i\" \/>\n\t\t<meta name=\"twitter:image\" content=\"https:\/\/www.immo-invest.ch\/wp-content\/uploads\/2024\/06\/Krankenhaus-scaled-e1718610921328.jpg\" \/>\n\t\t<script type=\"application\/ld+json\" class=\"aioseo-schema\">\n\t\t\t{\"@context\":\"https:\\\/\\\/schema.org\",\"@graph\":[{\"@type\":\"BlogPosting\",\"@id\":\"https:\\\/\\\/www.immo-invest.ch\\\/it\\\/eroeffnungstermin-fuer-neubau-des-kantonsspitals-baden-bekanntgegeben\\\/#blogposting\",\"name\":\"Annunciata la data di apertura del nuovo edificio dell\\u2019Ospedale Cantonale di Baden - immo!nvest - Die Plattform f\\u00fcr Standorte und Immobilien\",\"headline\":\"Annunciata la data di apertura del nuovo edificio dell&#8217;Ospedale Cantonale di Baden\",\"author\":{\"@id\":\"https:\\\/\\\/www.immo-invest.ch\\\/it\\\/author\\\/immovestuser\\\/#author\"},\"publisher\":{\"@id\":\"https:\\\/\\\/www.immo-invest.ch\\\/it\\\/#organization\"},\"image\":{\"@type\":\"ImageObject\",\"url\":\"https:\\\/\\\/www.immo-invest.ch\\\/wp-content\\\/uploads\\\/2024\\\/06\\\/Krankenhaus-scaled-e1718610921328.jpg\",\"width\":2560,\"height\":1280},\"datePublished\":\"2024-06-17T08:47:00+02:00\",\"dateModified\":\"2024-06-17T10:25:37+02:00\",\"inLanguage\":\"it-IT\",\"mainEntityOfPage\":{\"@id\":\"https:\\\/\\\/www.immo-invest.ch\\\/it\\\/eroeffnungstermin-fuer-neubau-des-kantonsspitals-baden-bekanntgegeben\\\/#webpage\"},\"isPartOf\":{\"@id\":\"https:\\\/\\\/www.immo-invest.ch\\\/it\\\/eroeffnungstermin-fuer-neubau-des-kantonsspitals-baden-bekanntgegeben\\\/#webpage\"},\"articleSection\":\"Baden, Costruzione, Nuove costruzioni, immobilien, Immoinvest, immoNews, Kantonsspital, Krankenhaus, Neubau, Umzug, Optional\"},{\"@type\":\"BreadcrumbList\",\"@id\":\"https:\\\/\\\/www.immo-invest.ch\\\/it\\\/eroeffnungstermin-fuer-neubau-des-kantonsspitals-baden-bekanntgegeben\\\/#breadcrumblist\",\"itemListElement\":[{\"@type\":\"ListItem\",\"@id\":\"https:\\\/\\\/www.immo-invest.ch\\\/it\\\/#listItem\",\"position\":1,\"name\":\"Home\",\"item\":\"https:\\\/\\\/www.immo-invest.ch\\\/it\\\/\",\"nextItem\":{\"@type\":\"ListItem\",\"@id\":\"https:\\\/\\\/www.immo-invest.ch\\\/it\\\/categoria\\\/regioni\\\/#listItem\",\"name\":\"Regioni\"}},{\"@type\":\"ListItem\",\"@id\":\"https:\\\/\\\/www.immo-invest.ch\\\/it\\\/categoria\\\/regioni\\\/#listItem\",\"position\":2,\"name\":\"Regioni\",\"item\":\"https:\\\/\\\/www.immo-invest.ch\\\/it\\\/categoria\\\/regioni\\\/\",\"nextItem\":{\"@type\":\"ListItem\",\"@id\":\"https:\\\/\\\/www.immo-invest.ch\\\/it\\\/categoria\\\/regioni\\\/svizzera\\\/#listItem\",\"name\":\"Svizzera\"},\"previousItem\":{\"@type\":\"ListItem\",\"@id\":\"https:\\\/\\\/www.immo-invest.ch\\\/it\\\/#listItem\",\"name\":\"Home\"}},{\"@type\":\"ListItem\",\"@id\":\"https:\\\/\\\/www.immo-invest.ch\\\/it\\\/categoria\\\/regioni\\\/svizzera\\\/#listItem\",\"position\":3,\"name\":\"Svizzera\",\"item\":\"https:\\\/\\\/www.immo-invest.ch\\\/it\\\/categoria\\\/regioni\\\/svizzera\\\/\",\"nextItem\":{\"@type\":\"ListItem\",\"@id\":\"https:\\\/\\\/www.immo-invest.ch\\\/it\\\/categoria\\\/regioni\\\/svizzera\\\/svizzera-nord-occidentale\\\/#listItem\",\"name\":\"Svizzera nord-occidentale\"},\"previousItem\":{\"@type\":\"ListItem\",\"@id\":\"https:\\\/\\\/www.immo-invest.ch\\\/it\\\/categoria\\\/regioni\\\/#listItem\",\"name\":\"Regioni\"}},{\"@type\":\"ListItem\",\"@id\":\"https:\\\/\\\/www.immo-invest.ch\\\/it\\\/categoria\\\/regioni\\\/svizzera\\\/svizzera-nord-occidentale\\\/#listItem\",\"position\":4,\"name\":\"Svizzera nord-occidentale\",\"item\":\"https:\\\/\\\/www.immo-invest.ch\\\/it\\\/categoria\\\/regioni\\\/svizzera\\\/svizzera-nord-occidentale\\\/\",\"nextItem\":{\"@type\":\"ListItem\",\"@id\":\"https:\\\/\\\/www.immo-invest.ch\\\/it\\\/categoria\\\/regioni\\\/svizzera\\\/svizzera-nord-occidentale\\\/aargau-immoregion\\\/#listItem\",\"name\":\"Aargau\"},\"previousItem\":{\"@type\":\"ListItem\",\"@id\":\"https:\\\/\\\/www.immo-invest.ch\\\/it\\\/categoria\\\/regioni\\\/svizzera\\\/#listItem\",\"name\":\"Svizzera\"}},{\"@type\":\"ListItem\",\"@id\":\"https:\\\/\\\/www.immo-invest.ch\\\/it\\\/categoria\\\/regioni\\\/svizzera\\\/svizzera-nord-occidentale\\\/aargau-immoregion\\\/#listItem\",\"position\":5,\"name\":\"Aargau\",\"item\":\"https:\\\/\\\/www.immo-invest.ch\\\/it\\\/categoria\\\/regioni\\\/svizzera\\\/svizzera-nord-occidentale\\\/aargau-immoregion\\\/\",\"nextItem\":{\"@type\":\"ListItem\",\"@id\":\"https:\\\/\\\/www.immo-invest.ch\\\/it\\\/categoria\\\/regioni\\\/svizzera\\\/svizzera-nord-occidentale\\\/aargau-immoregion\\\/baden-it\\\/#listItem\",\"name\":\"Baden\"},\"previousItem\":{\"@type\":\"ListItem\",\"@id\":\"https:\\\/\\\/www.immo-invest.ch\\\/it\\\/categoria\\\/regioni\\\/svizzera\\\/svizzera-nord-occidentale\\\/#listItem\",\"name\":\"Svizzera nord-occidentale\"}},{\"@type\":\"ListItem\",\"@id\":\"https:\\\/\\\/www.immo-invest.ch\\\/it\\\/categoria\\\/regioni\\\/svizzera\\\/svizzera-nord-occidentale\\\/aargau-immoregion\\\/baden-it\\\/#listItem\",\"position\":6,\"name\":\"Baden\",\"item\":\"https:\\\/\\\/www.immo-invest.ch\\\/it\\\/categoria\\\/regioni\\\/svizzera\\\/svizzera-nord-occidentale\\\/aargau-immoregion\\\/baden-it\\\/\",\"nextItem\":{\"@type\":\"ListItem\",\"@id\":\"https:\\\/\\\/www.immo-invest.ch\\\/it\\\/eroeffnungstermin-fuer-neubau-des-kantonsspitals-baden-bekanntgegeben\\\/#listItem\",\"name\":\"Annunciata la data di apertura del nuovo edificio dell&#8217;Ospedale Cantonale di Baden\"},\"previousItem\":{\"@type\":\"ListItem\",\"@id\":\"https:\\\/\\\/www.immo-invest.ch\\\/it\\\/categoria\\\/regioni\\\/svizzera\\\/svizzera-nord-occidentale\\\/aargau-immoregion\\\/#listItem\",\"name\":\"Aargau\"}},{\"@type\":\"ListItem\",\"@id\":\"https:\\\/\\\/www.immo-invest.ch\\\/it\\\/eroeffnungstermin-fuer-neubau-des-kantonsspitals-baden-bekanntgegeben\\\/#listItem\",\"position\":7,\"name\":\"Annunciata la data di apertura del nuovo edificio dell&#8217;Ospedale Cantonale di Baden\",\"previousItem\":{\"@type\":\"ListItem\",\"@id\":\"https:\\\/\\\/www.immo-invest.ch\\\/it\\\/categoria\\\/regioni\\\/svizzera\\\/svizzera-nord-occidentale\\\/aargau-immoregion\\\/baden-it\\\/#listItem\",\"name\":\"Baden\"}}]},{\"@type\":\"Organization\",\"@id\":\"https:\\\/\\\/www.immo-invest.ch\\\/it\\\/#organization\",\"name\":\"immo!nvest - Die Plattform f\\u00fcr Standorte und Immobilien\",\"description\":\"Die\\u00a0Plattform f\\u00fcr Standorte und Immobilien\",\"url\":\"https:\\\/\\\/www.immo-invest.ch\\\/it\\\/\",\"email\":\"admin@immomedia.ag\",\"telephone\":\"+41444420002\",\"logo\":{\"@type\":\"ImageObject\",\"url\":\"https:\\\/\\\/www.immo-invest.ch\\\/wp-content\\\/uploads\\\/2024\\\/09\\\/immoinvest_sm-scaled.jpg\",\"@id\":\"https:\\\/\\\/www.immo-invest.ch\\\/it\\\/eroeffnungstermin-fuer-neubau-des-kantonsspitals-baden-bekanntgegeben\\\/#organizationLogo\",\"width\":2560,\"height\":1340},\"image\":{\"@id\":\"https:\\\/\\\/www.immo-invest.ch\\\/it\\\/eroeffnungstermin-fuer-neubau-des-kantonsspitals-baden-bekanntgegeben\\\/#organizationLogo\"},\"sameAs\":[\"https:\\\/\\\/www.facebook.com\\\/people\\\/Immoinvest\\\/100077962920504\\\/\",\"https:\\\/\\\/x.com\\\/i\\\/flow\\\/login?redirect_after_login=immoinvest_ch\",\"https:\\\/\\\/www.instagram.com\\\/immoinvest_ch\\\/\",\"https:\\\/\\\/www.linkedin.com\\\/company\\\/immoinvest-swiss\"]},{\"@type\":\"Person\",\"@id\":\"https:\\\/\\\/www.immo-invest.ch\\\/it\\\/author\\\/immovestuser\\\/#author\",\"url\":\"https:\\\/\\\/www.immo-invest.ch\\\/it\\\/author\\\/immovestuser\\\/\",\"name\":\"immovestuser\",\"image\":{\"@type\":\"ImageObject\",\"@id\":\"https:\\\/\\\/www.immo-invest.ch\\\/it\\\/eroeffnungstermin-fuer-neubau-des-kantonsspitals-baden-bekanntgegeben\\\/#authorImage\",\"url\":\"https:\\\/\\\/secure.gravatar.com\\\/avatar\\\/8e01f4d99f2eeea7a362ebb93305e1172a70e9293ba250f897a65c39f54cdd1e?s=96&d=mm&r=g\",\"width\":96,\"height\":96,\"caption\":\"immovestuser\"}},{\"@type\":\"WebPage\",\"@id\":\"https:\\\/\\\/www.immo-invest.ch\\\/it\\\/eroeffnungstermin-fuer-neubau-des-kantonsspitals-baden-bekanntgegeben\\\/#webpage\",\"url\":\"https:\\\/\\\/www.immo-invest.ch\\\/it\\\/eroeffnungstermin-fuer-neubau-des-kantonsspitals-baden-bekanntgegeben\\\/\",\"name\":\"Annunciata la data di apertura del nuovo edificio dell\\u2019Ospedale Cantonale di Baden - immo!nvest - Die Plattform f\\u00fcr Standorte und Immobilien\",\"description\":\"L'ospedale cantonale di Baden (KSB) si trasferir\\u00e0 nel febbraio 2025 nel nuovo edificio che, con una superficie utile di 76.215 metri quadrati, offrir\\u00e0 circa il 30% di spazio in pi\\u00f9 rispetto al vecchio edificio del 1978.\",\"inLanguage\":\"it-IT\",\"isPartOf\":{\"@id\":\"https:\\\/\\\/www.immo-invest.ch\\\/it\\\/#website\"},\"breadcrumb\":{\"@id\":\"https:\\\/\\\/www.immo-invest.ch\\\/it\\\/eroeffnungstermin-fuer-neubau-des-kantonsspitals-baden-bekanntgegeben\\\/#breadcrumblist\"},\"author\":{\"@id\":\"https:\\\/\\\/www.immo-invest.ch\\\/it\\\/author\\\/immovestuser\\\/#author\"},\"creator\":{\"@id\":\"https:\\\/\\\/www.immo-invest.ch\\\/it\\\/author\\\/immovestuser\\\/#author\"},\"image\":{\"@type\":\"ImageObject\",\"url\":\"https:\\\/\\\/www.immo-invest.ch\\\/wp-content\\\/uploads\\\/2024\\\/06\\\/Krankenhaus-scaled-e1718610921328.jpg\",\"@id\":\"https:\\\/\\\/www.immo-invest.ch\\\/it\\\/eroeffnungstermin-fuer-neubau-des-kantonsspitals-baden-bekanntgegeben\\\/#mainImage\",\"width\":2560,\"height\":1280},\"primaryImageOfPage\":{\"@id\":\"https:\\\/\\\/www.immo-invest.ch\\\/it\\\/eroeffnungstermin-fuer-neubau-des-kantonsspitals-baden-bekanntgegeben\\\/#mainImage\"},\"datePublished\":\"2024-06-17T08:47:00+02:00\",\"dateModified\":\"2024-06-17T10:25:37+02:00\"},{\"@type\":\"WebSite\",\"@id\":\"https:\\\/\\\/www.immo-invest.ch\\\/it\\\/#website\",\"url\":\"https:\\\/\\\/www.immo-invest.ch\\\/it\\\/\",\"name\":\"immo!nvest - Die Plattform f\\u00fcr Standorte und Immobilien\",\"description\":\"Die\\u00a0Plattform f\\u00fcr Standorte und Immobilien\",\"inLanguage\":\"it-IT\",\"publisher\":{\"@id\":\"https:\\\/\\\/www.immo-invest.ch\\\/it\\\/#organization\"}}]}\n\t\t<\/script>\n\t\t<!-- All in One SEO -->\n\n","aioseo_head_json":{"title":"Annunciata la data di apertura del nuovo edificio dell\u2019Ospedale Cantonale di Baden - immo!nvest - Die Plattform f\u00fcr Standorte und Immobilien","description":"L'ospedale cantonale di Baden (KSB) si trasferir\u00e0 nel febbraio 2025 nel nuovo edificio che, con una superficie utile di 76.215 metri quadrati, offrir\u00e0 circa il 30% di spazio in pi\u00f9 rispetto al vecchio edificio del 1978.","canonical_url":"https:\/\/www.immo-invest.ch\/it\/eroeffnungstermin-fuer-neubau-des-kantonsspitals-baden-bekanntgegeben\/","robots":"max-image-preview:large","keywords":"","webmasterTools":{"google-site-verification":"fHJKvgWpZCR2zVBHWfkQeFXC11qieUSff0HGNYfuyLA","miscellaneous":""},"schema":{"@context":"https:\/\/schema.org","@graph":[{"@type":"BlogPosting","@id":"https:\/\/www.immo-invest.ch\/it\/eroeffnungstermin-fuer-neubau-des-kantonsspitals-baden-bekanntgegeben\/#blogposting","name":"Annunciata la data di apertura del nuovo edificio dell\u2019Ospedale Cantonale di Baden - immo!nvest - Die Plattform f\u00fcr Standorte und Immobilien","headline":"Annunciata la data di apertura del nuovo edificio dell&#8217;Ospedale Cantonale di Baden","author":{"@id":"https:\/\/www.immo-invest.ch\/it\/author\/immovestuser\/#author"},"publisher":{"@id":"https:\/\/www.immo-invest.ch\/it\/#organization"},"image":{"@type":"ImageObject","url":"https:\/\/www.immo-invest.ch\/wp-content\/uploads\/2024\/06\/Krankenhaus-scaled-e1718610921328.jpg","width":2560,"height":1280},"datePublished":"2024-06-17T08:47:00+02:00","dateModified":"2024-06-17T10:25:37+02:00","inLanguage":"it-IT","mainEntityOfPage":{"@id":"https:\/\/www.immo-invest.ch\/it\/eroeffnungstermin-fuer-neubau-des-kantonsspitals-baden-bekanntgegeben\/#webpage"},"isPartOf":{"@id":"https:\/\/www.immo-invest.ch\/it\/eroeffnungstermin-fuer-neubau-des-kantonsspitals-baden-bekanntgegeben\/#webpage"},"articleSection":"Baden, Costruzione, Nuove costruzioni, immobilien, Immoinvest, immoNews, Kantonsspital, Krankenhaus, Neubau, Umzug, Optional"},{"@type":"BreadcrumbList","@id":"https:\/\/www.immo-invest.ch\/it\/eroeffnungstermin-fuer-neubau-des-kantonsspitals-baden-bekanntgegeben\/#breadcrumblist","itemListElement":[{"@type":"ListItem","@id":"https:\/\/www.immo-invest.ch\/it\/#listItem","position":1,"name":"Home","item":"https:\/\/www.immo-invest.ch\/it\/","nextItem":{"@type":"ListItem","@id":"https:\/\/www.immo-invest.ch\/it\/categoria\/regioni\/#listItem","name":"Regioni"}},{"@type":"ListItem","@id":"https:\/\/www.immo-invest.ch\/it\/categoria\/regioni\/#listItem","position":2,"name":"Regioni","item":"https:\/\/www.immo-invest.ch\/it\/categoria\/regioni\/","nextItem":{"@type":"ListItem","@id":"https:\/\/www.immo-invest.ch\/it\/categoria\/regioni\/svizzera\/#listItem","name":"Svizzera"},"previousItem":{"@type":"ListItem","@id":"https:\/\/www.immo-invest.ch\/it\/#listItem","name":"Home"}},{"@type":"ListItem","@id":"https:\/\/www.immo-invest.ch\/it\/categoria\/regioni\/svizzera\/#listItem","position":3,"name":"Svizzera","item":"https:\/\/www.immo-invest.ch\/it\/categoria\/regioni\/svizzera\/","nextItem":{"@type":"ListItem","@id":"https:\/\/www.immo-invest.ch\/it\/categoria\/regioni\/svizzera\/svizzera-nord-occidentale\/#listItem","name":"Svizzera nord-occidentale"},"previousItem":{"@type":"ListItem","@id":"https:\/\/www.immo-invest.ch\/it\/categoria\/regioni\/#listItem","name":"Regioni"}},{"@type":"ListItem","@id":"https:\/\/www.immo-invest.ch\/it\/categoria\/regioni\/svizzera\/svizzera-nord-occidentale\/#listItem","position":4,"name":"Svizzera nord-occidentale","item":"https:\/\/www.immo-invest.ch\/it\/categoria\/regioni\/svizzera\/svizzera-nord-occidentale\/","nextItem":{"@type":"ListItem","@id":"https:\/\/www.immo-invest.ch\/it\/categoria\/regioni\/svizzera\/svizzera-nord-occidentale\/aargau-immoregion\/#listItem","name":"Aargau"},"previousItem":{"@type":"ListItem","@id":"https:\/\/www.immo-invest.ch\/it\/categoria\/regioni\/svizzera\/#listItem","name":"Svizzera"}},{"@type":"ListItem","@id":"https:\/\/www.immo-invest.ch\/it\/categoria\/regioni\/svizzera\/svizzera-nord-occidentale\/aargau-immoregion\/#listItem","position":5,"name":"Aargau","item":"https:\/\/www.immo-invest.ch\/it\/categoria\/regioni\/svizzera\/svizzera-nord-occidentale\/aargau-immoregion\/","nextItem":{"@type":"ListItem","@id":"https:\/\/www.immo-invest.ch\/it\/categoria\/regioni\/svizzera\/svizzera-nord-occidentale\/aargau-immoregion\/baden-it\/#listItem","name":"Baden"},"previousItem":{"@type":"ListItem","@id":"https:\/\/www.immo-invest.ch\/it\/categoria\/regioni\/svizzera\/svizzera-nord-occidentale\/#listItem","name":"Svizzera nord-occidentale"}},{"@type":"ListItem","@id":"https:\/\/www.immo-invest.ch\/it\/categoria\/regioni\/svizzera\/svizzera-nord-occidentale\/aargau-immoregion\/baden-it\/#listItem","position":6,"name":"Baden","item":"https:\/\/www.immo-invest.ch\/it\/categoria\/regioni\/svizzera\/svizzera-nord-occidentale\/aargau-immoregion\/baden-it\/","nextItem":{"@type":"ListItem","@id":"https:\/\/www.immo-invest.ch\/it\/eroeffnungstermin-fuer-neubau-des-kantonsspitals-baden-bekanntgegeben\/#listItem","name":"Annunciata la data di apertura del nuovo edificio dell&#8217;Ospedale Cantonale di Baden"},"previousItem":{"@type":"ListItem","@id":"https:\/\/www.immo-invest.ch\/it\/categoria\/regioni\/svizzera\/svizzera-nord-occidentale\/aargau-immoregion\/#listItem","name":"Aargau"}},{"@type":"ListItem","@id":"https:\/\/www.immo-invest.ch\/it\/eroeffnungstermin-fuer-neubau-des-kantonsspitals-baden-bekanntgegeben\/#listItem","position":7,"name":"Annunciata la data di apertura del nuovo edificio dell&#8217;Ospedale Cantonale di Baden","previousItem":{"@type":"ListItem","@id":"https:\/\/www.immo-invest.ch\/it\/categoria\/regioni\/svizzera\/svizzera-nord-occidentale\/aargau-immoregion\/baden-it\/#listItem","name":"Baden"}}]},{"@type":"Organization","@id":"https:\/\/www.immo-invest.ch\/it\/#organization","name":"immo!nvest - Die Plattform f\u00fcr Standorte und Immobilien","description":"Die\u00a0Plattform f\u00fcr Standorte und Immobilien","url":"https:\/\/www.immo-invest.ch\/it\/","email":"admin@immomedia.ag","telephone":"+41444420002","logo":{"@type":"ImageObject","url":"https:\/\/www.immo-invest.ch\/wp-content\/uploads\/2024\/09\/immoinvest_sm-scaled.jpg","@id":"https:\/\/www.immo-invest.ch\/it\/eroeffnungstermin-fuer-neubau-des-kantonsspitals-baden-bekanntgegeben\/#organizationLogo","width":2560,"height":1340},"image":{"@id":"https:\/\/www.immo-invest.ch\/it\/eroeffnungstermin-fuer-neubau-des-kantonsspitals-baden-bekanntgegeben\/#organizationLogo"},"sameAs":["https:\/\/www.facebook.com\/people\/Immoinvest\/100077962920504\/","https:\/\/x.com\/i\/flow\/login?redirect_after_login=immoinvest_ch","https:\/\/www.instagram.com\/immoinvest_ch\/","https:\/\/www.linkedin.com\/company\/immoinvest-swiss"]},{"@type":"Person","@id":"https:\/\/www.immo-invest.ch\/it\/author\/immovestuser\/#author","url":"https:\/\/www.immo-invest.ch\/it\/author\/immovestuser\/","name":"immovestuser","image":{"@type":"ImageObject","@id":"https:\/\/www.immo-invest.ch\/it\/eroeffnungstermin-fuer-neubau-des-kantonsspitals-baden-bekanntgegeben\/#authorImage","url":"https:\/\/secure.gravatar.com\/avatar\/8e01f4d99f2eeea7a362ebb93305e1172a70e9293ba250f897a65c39f54cdd1e?s=96&d=mm&r=g","width":96,"height":96,"caption":"immovestuser"}},{"@type":"WebPage","@id":"https:\/\/www.immo-invest.ch\/it\/eroeffnungstermin-fuer-neubau-des-kantonsspitals-baden-bekanntgegeben\/#webpage","url":"https:\/\/www.immo-invest.ch\/it\/eroeffnungstermin-fuer-neubau-des-kantonsspitals-baden-bekanntgegeben\/","name":"Annunciata la data di apertura del nuovo edificio dell\u2019Ospedale Cantonale di Baden - immo!nvest - Die Plattform f\u00fcr Standorte und Immobilien","description":"L'ospedale cantonale di Baden (KSB) si trasferir\u00e0 nel febbraio 2025 nel nuovo edificio che, con una superficie utile di 76.215 metri quadrati, offrir\u00e0 circa il 30% di spazio in pi\u00f9 rispetto al vecchio edificio del 1978.","inLanguage":"it-IT","isPartOf":{"@id":"https:\/\/www.immo-invest.ch\/it\/#website"},"breadcrumb":{"@id":"https:\/\/www.immo-invest.ch\/it\/eroeffnungstermin-fuer-neubau-des-kantonsspitals-baden-bekanntgegeben\/#breadcrumblist"},"author":{"@id":"https:\/\/www.immo-invest.ch\/it\/author\/immovestuser\/#author"},"creator":{"@id":"https:\/\/www.immo-invest.ch\/it\/author\/immovestuser\/#author"},"image":{"@type":"ImageObject","url":"https:\/\/www.immo-invest.ch\/wp-content\/uploads\/2024\/06\/Krankenhaus-scaled-e1718610921328.jpg","@id":"https:\/\/www.immo-invest.ch\/it\/eroeffnungstermin-fuer-neubau-des-kantonsspitals-baden-bekanntgegeben\/#mainImage","width":2560,"height":1280},"primaryImageOfPage":{"@id":"https:\/\/www.immo-invest.ch\/it\/eroeffnungstermin-fuer-neubau-des-kantonsspitals-baden-bekanntgegeben\/#mainImage"},"datePublished":"2024-06-17T08:47:00+02:00","dateModified":"2024-06-17T10:25:37+02:00"},{"@type":"WebSite","@id":"https:\/\/www.immo-invest.ch\/it\/#website","url":"https:\/\/www.immo-invest.ch\/it\/","name":"immo!nvest - Die Plattform f\u00fcr Standorte und Immobilien","description":"Die\u00a0Plattform f\u00fcr Standorte und Immobilien","inLanguage":"it-IT","publisher":{"@id":"https:\/\/www.immo-invest.ch\/it\/#organization"}}]},"og:locale":"it_IT","og:site_name":"immo!nvest - Die Plattform f\u00fcr Standorte und Immobilien - Die\u00a0Plattform f\u00fcr Standorte und Immobilien","og:type":"article","og:title":"Annunciata la data di apertura del nuovo edificio dell\u2019Ospedale Cantonale di Baden - immo!nvest - Die Plattform f\u00fcr Standorte und Immobilien","og:description":"L'ospedale cantonale di Baden (KSB) si trasferir\u00e0 nel febbraio 2025 nel nuovo edificio che, con una superficie utile di 76.215 metri quadrati, offrir\u00e0 circa il 30% di spazio in pi\u00f9 rispetto al vecchio edificio del 1978.","og:url":"https:\/\/www.immo-invest.ch\/it\/eroeffnungstermin-fuer-neubau-des-kantonsspitals-baden-bekanntgegeben\/","og:image":"https:\/\/www.immo-invest.ch\/wp-content\/uploads\/2024\/06\/Krankenhaus-scaled-e1718610921328.jpg","og:image:secure_url":"https:\/\/www.immo-invest.ch\/wp-content\/uploads\/2024\/06\/Krankenhaus-scaled-e1718610921328.jpg","og:image:width":2560,"og:image:height":1280,"article:published_time":"2024-06-17T06:47:00+00:00","article:modified_time":"2024-06-17T08:25:37+00:00","article:publisher":"https:\/\/www.facebook.com\/people\/Immoinvest\/100077962920504\/","twitter:card":"summary_large_image","twitter:site":"@i","twitter:title":"Annunciata la data di apertura del nuovo edificio dell\u2019Ospedale Cantonale di Baden - immo!nvest - Die Plattform f\u00fcr Standorte und Immobilien","twitter:description":"L'ospedale cantonale di Baden (KSB) si trasferir\u00e0 nel febbraio 2025 nel nuovo edificio che, con una superficie utile di 76.215 metri quadrati, offrir\u00e0 circa il 30% di spazio in pi\u00f9 rispetto al vecchio edificio del 1978.","twitter:creator":"@i","twitter:image":"https:\/\/www.immo-invest.ch\/wp-content\/uploads\/2024\/06\/Krankenhaus-scaled-e1718610921328.jpg"},"aioseo_meta_data":{"post_id":"100538","title":null,"description":null,"keywords":null,"keyphrases":null,"primary_term":null,"canonical_url":null,"og_title":null,"og_description":null,"og_object_type":"default","og_image_type":"default","og_image_url":null,"og_image_width":null,"og_image_height":null,"og_image_custom_url":null,"og_image_custom_fields":null,"og_video":null,"og_custom_url":null,"og_article_section":null,"og_article_tags":null,"twitter_use_og":false,"twitter_card":"default","twitter_image_type":"default","twitter_image_url":null,"twitter_image_custom_url":null,"twitter_image_custom_fields":null,"twitter_title":null,"twitter_description":null,"schema":{"blockGraphs":[],"customGraphs":[],"default":{"data":{"Article":[],"Course":[],"Dataset":[],"FAQPage":[],"Movie":[],"Person":[],"Product":[],"ProductReview":[],"Car":[],"Recipe":[],"Service":[],"SoftwareApplication":[],"WebPage":[]},"graphName":"","isEnabled":true},"graphs":[]},"schema_type":"default","schema_type_options":null,"pillar_content":false,"robots_default":true,"robots_noindex":false,"robots_noarchive":false,"robots_nosnippet":false,"robots_nofollow":false,"robots_noimageindex":false,"robots_noodp":false,"robots_notranslate":false,"robots_max_snippet":null,"robots_max_videopreview":null,"robots_max_imagepreview":"large","priority":null,"frequency":null,"local_seo":null,"breadcrumb_settings":null,"limit_modified_date":false,"ai":null,"created":"2024-09-20 21:34:58","updated":"2025-10-24 03:53:15","seo_analyzer_scan_date":null,"focus_keyword":null,"additional_keywords":null,"truseo_locale":null},"aioseo_breadcrumb":"<div class=\"aioseo-breadcrumbs\"><span class=\"aioseo-breadcrumb\">\n\t\t\t<a href=\"https:\/\/www.immo-invest.ch\/it\/\" title=\"Home\">Home<\/a>\n\t\t<\/span><span class=\"aioseo-breadcrumb-separator\">&raquo;<\/span><span class=\"aioseo-breadcrumb\">\n\t\t\t<a href=\"https:\/\/www.immo-invest.ch\/it\/categoria\/regioni\/\" title=\"Regioni\">Regioni<\/a>\n\t\t<\/span><span class=\"aioseo-breadcrumb-separator\">&raquo;<\/span><span class=\"aioseo-breadcrumb\">\n\t\t\t<a href=\"https:\/\/www.immo-invest.ch\/it\/categoria\/regioni\/svizzera\/\" title=\"Svizzera\">Svizzera<\/a>\n\t\t<\/span><span class=\"aioseo-breadcrumb-separator\">&raquo;<\/span><span class=\"aioseo-breadcrumb\">\n\t\t\t<a href=\"https:\/\/www.immo-invest.ch\/it\/categoria\/regioni\/svizzera\/svizzera-nord-occidentale\/\" title=\"Svizzera nord-occidentale\">Svizzera nord-occidentale<\/a>\n\t\t<\/span><span class=\"aioseo-breadcrumb-separator\">&raquo;<\/span><span class=\"aioseo-breadcrumb\">\n\t\t\t<a href=\"https:\/\/www.immo-invest.ch\/it\/categoria\/regioni\/svizzera\/svizzera-nord-occidentale\/aargau-immoregion\/\" title=\"Aargau\">Aargau<\/a>\n\t\t<\/span><span class=\"aioseo-breadcrumb-separator\">&raquo;<\/span><span class=\"aioseo-breadcrumb\">\n\t\t\t<a href=\"https:\/\/www.immo-invest.ch\/it\/categoria\/regioni\/svizzera\/svizzera-nord-occidentale\/aargau-immoregion\/baden-it\/\" title=\"Baden\">Baden<\/a>\n\t\t<\/span><span class=\"aioseo-breadcrumb-separator\">&raquo;<\/span><span class=\"aioseo-breadcrumb\">\n\t\t\tAnnunciata la data di apertura del nuovo edificio dell\u2019Ospedale Cantonale di Baden\n\t\t<\/span><\/div>","aioseo_breadcrumb_json":[{"label":"Home","link":"https:\/\/www.immo-invest.ch\/it\/"},{"label":"Regioni","link":"https:\/\/www.immo-invest.ch\/it\/categoria\/regioni\/"},{"label":"Svizzera","link":"https:\/\/www.immo-invest.ch\/it\/categoria\/regioni\/svizzera\/"},{"label":"Svizzera nord-occidentale","link":"https:\/\/www.immo-invest.ch\/it\/categoria\/regioni\/svizzera\/svizzera-nord-occidentale\/"},{"label":"Aargau","link":"https:\/\/www.immo-invest.ch\/it\/categoria\/regioni\/svizzera\/svizzera-nord-occidentale\/aargau-immoregion\/"},{"label":"Baden","link":"https:\/\/www.immo-invest.ch\/it\/categoria\/regioni\/svizzera\/svizzera-nord-occidentale\/aargau-immoregion\/baden-it\/"},{"label":"Annunciata la data di apertura del nuovo edificio dell&#8217;Ospedale Cantonale di Baden","link":"https:\/\/www.immo-invest.ch\/it\/eroeffnungstermin-fuer-neubau-des-kantonsspitals-baden-bekanntgegeben\/"}],"featured_image_src":"https:\/\/www.immo-invest.ch\/wp-content\/uploads\/2024\/06\/Krankenhaus-336x168.jpg","_links":{"self":[{"href":"https:\/\/www.immo-invest.ch\/it\/wp-json\/wp\/v2\/posts\/100538","targetHints":{"allow":["GET"]}}],"collection":[{"href":"https:\/\/www.immo-invest.ch\/it\/wp-json\/wp\/v2\/posts"}],"about":[{"href":"https:\/\/www.immo-invest.ch\/it\/wp-json\/wp\/v2\/types\/post"}],"author":[{"embeddable":true,"href":"https:\/\/www.immo-invest.ch\/it\/wp-json\/wp\/v2\/users\/2"}],"replies":[{"embeddable":true,"href":"https:\/\/www.immo-invest.ch\/it\/wp-json\/wp\/v2\/comments?post=100538"}],"version-history":[{"count":0,"href":"https:\/\/www.immo-invest.ch\/it\/wp-json\/wp\/v2\/posts\/100538\/revisions"}],"wp:featuredmedia":[{"embeddable":true,"href":"https:\/\/www.immo-invest.ch\/it\/wp-json\/wp\/v2\/media\/100505"}],"wp:attachment":[{"href":"https:\/\/www.immo-invest.ch\/it\/wp-json\/wp\/v2\/media?parent=100538"}],"wp:term":[{"taxonomy":"category","embeddable":true,"href":"https:\/\/www.immo-invest.ch\/it\/wp-json\/wp\/v2\/categories?post=100538"},{"taxonomy":"post_tag","embeddable":true,"href":"https:\/\/www.immo-invest.ch\/it\/wp-json\/wp\/v2\/tags?post=100538"}],"curies":[{"name":"wp","href":"https:\/\/api.w.org\/{rel}","templated":true}]}}