{"id":99494,"date":"2024-06-13T08:55:44","date_gmt":"2024-06-13T06:55:44","guid":{"rendered":"https:\/\/www.immo-invest.ch\/mehrheit-moechte-wohnraum-nicht-verkleinern\/"},"modified":"2024-06-13T09:15:34","modified_gmt":"2024-06-13T07:15:34","slug":"mehrheit-moechte-wohnraum-nicht-verkleinern","status":"publish","type":"post","link":"https:\/\/www.immo-invest.ch\/fr\/mehrheit-moechte-wohnraum-nicht-verkleinern\/","title":{"rendered":"La majorit\u00e9 ne veut pas r\u00e9duire l&rsquo;espace de logement"},"content":{"rendered":"<p class=\"bodytext\">L&rsquo;&eacute;tude L <a href=\"https:\/\/digitalcollection.zhaw.ch\/handle\/11475\/30773?locale=en\" target=\"_blank\" rel=\"noopener\">&lsquo;utilisation du logement du point de vue de l&rsquo;individu<\/a>, r&eacute;alis&eacute;e par la Haute &eacute;cole des sciences appliqu&eacute;es de Zurich<a href=\"https:\/\/www.zhaw.ch\/de\/hochschule\/\" target=\"_blank\" rel=\"noopener\">(ZHAW<\/a>), a r&eacute;v&eacute;l&eacute; que 70 % des personnes interrog&eacute;es ne sont pas pr&ecirc;tes &agrave; r&eacute;duire la taille de leur logement. Parmi les personnes qui vivent dans des &laquo;&nbsp;empty nests&nbsp;&raquo;, c&rsquo;est-&agrave;-dire des pi&egrave;ces vides occup&eacute;es par des enfants qui ont pris leur envol, seuls 26% consid&egrave;rent leur logement comme trop grand. Un exc&eacute;dent de deux pi&egrave;ces, c&rsquo;est-&agrave;-dire deux pi&egrave;ces de plus que le nombre de personnes vivant dans le m&eacute;nage, est consid&eacute;r&eacute; comme id&eacute;al par les personnes interrog&eacute;es, indique la ZHAW dans un <a href=\"https:\/\/www.zhaw.ch\/de\/medien\/medienmitteilungen\/detailansicht-medienmitteilung\/event-news\/wohnraumverkleinerung-bleibt-fuer-empty-nester-eine-herausforderung\/\" target=\"_blank\" rel=\"noopener\">communiqu&eacute;<\/a>. Selon l&rsquo;&eacute;tude, seules 42% des personnes interrog&eacute;es pr&ecirc;tes &agrave; d&eacute;m&eacute;nager se montrent dispos&eacute;es &agrave; r&eacute;duire le nombre de leurs pi&egrave;ces. 32 pour cent ne veulent pas s&rsquo;&eacute;carter de leurs id&eacute;es concernant le co&ucirc;t du logement.<\/p>\n<p class=\"bodytext\">&laquo;&nbsp;Il s&rsquo;av&egrave;re que la combinaison d&rsquo;un d&eacute;m&eacute;nagement et d&rsquo;une r&eacute;duction de taille &ndash; c&rsquo;est-&agrave;-dire deux changements radicaux simultan&eacute;s &ndash; est particuli&egrave;rement difficile&nbsp;&raquo;, explique Selina Lehner, codirectrice de l&rsquo;&eacute;tude. &laquo;&nbsp;Si, en outre, des incitations importantes font d&eacute;faut, cette d&eacute;cision est souvent report&eacute;e&nbsp;&raquo; Seule une personne interrog&eacute;e sur trois est d&rsquo;avis que les couples &acirc;g&eacute;s ou les personnes seules vivant dans des appartements trop grands devraient lib&eacute;rer leur espace de vie pour des familles plus jeunes. Selon la ZHAW, le fait que le nouveau loyer des petits appartements soit souvent plus cher que le loyer existant dans le grand appartement joue un r&ocirc;le.<\/p>\n<p class=\"bodytext\">Le bureau &agrave; domicile gagne en importance. 61 % des personnes interrog&eacute;es indiquent vouloir am&eacute;nager &agrave; l&rsquo;avenir une salle de travail &agrave; la maison. En effet, &laquo;&nbsp;un bureau externe, par exemple, n&rsquo;a pas le m&ecirc;me attrait qu&rsquo;un bureau chez soi&nbsp;&raquo;, explique Holger Hohgardt, codirecteur de l&rsquo;&eacute;tude.<\/p>\n<p class=\"bodytext\">Au printemps 2024, 1097 personnes au total ont particip&eacute; &agrave; l&rsquo;&eacute;tude en Suisse al&eacute;manique et en Suisse romande. La ZHAW a men&eacute; l&rsquo;enqu&ecirc;te en collaboration avec l&rsquo;<a href=\"https:\/\/www.bwo.admin.ch\/bwo\/de\/home.html\" target=\"_blank\" rel=\"noopener\">Office f&eacute;d&eacute;ral du logement<\/a>, la <a href=\"https:\/\/www.fri.ch\/\" target=\"_blank\" rel=\"noopener\">F&eacute;d&eacute;ration Romande Immobili&egrave;re<\/a>, l&rsquo;<a href=\"https:\/\/www.hev-schweiz.ch\/\" target=\"_blank\" rel=\"noopener\">Association suisse des propri&eacute;taires fonciers<\/a> et <a href=\"https:\/\/www.raiffeisen.ch\/rch\/de.html\" target=\"_blank\" rel=\"noopener\">Raiffeisen Suisse<\/a>.<\/p>\n","protected":false},"excerpt":{"rendered":"<p>La plupart des Suisses ne veulent pas r\u00e9duire leur espace de vie en cas de surplus de pi\u00e8ces. C&rsquo;est ce que montre une \u00e9tude de la Haute \u00e9cole des sciences appliqu\u00e9es de Zurich. Selon cette \u00e9tude, seuls 42 % des personnes interrog\u00e9es pr\u00eates \u00e0 d\u00e9m\u00e9nager pr\u00e9voient de r\u00e9duire leur espace de vie.<\/p>\n","protected":false},"author":2,"featured_media":99468,"comment_status":"open","ping_status":"open","sticky":false,"template":"","format":"standard","meta":{"pmpro_default_level":"0","inline_featured_image":false,"_monsterinsights_skip_tracking":false,"footnotes":""},"categories":[4464,743,22357,22303],"tags":[47429,36646,28687,848,3931,9060,2603,19187,47430],"class_list":["post-99494","post","type-post","status-publish","format-standard","has-post-thumbnail","hentry","category-gens","category-immonews-fr","category-industrie-du-batiment","category-suisse","tag-alleinstehende-fr","tag-familienunternehmen-fr","tag-haushalt-fr","tag-immobilien-fr","tag-immonews-fr","tag-miete-fr","tag-studie-fr","tag-wohnraum-fr","tag-zuhause-fr","pmpro-has-access"],"acf":{"bild_mit_ki_erstellt_worden":[],"lead":"La plupart des Suisses ne veulent pas r\u00e9duire leur espace de vie en cas de surplus de pi\u00e8ces. C'est ce que montre une \u00e9tude de la Haute \u00e9cole des sciences appliqu\u00e9es de Zurich. Selon cette \u00e9tude, seuls 42 % des personnes interrog\u00e9es pr\u00eates \u00e0 d\u00e9m\u00e9nager pr\u00e9voient de r\u00e9duire leur espace de vie.","autor":"ce\/js","ort":"Winterthur ","bildunterschrift":"","bild_im_grid":false,"gallerie":"","newsim":""},"aioseo_notices":[],"aioseo_head":"\n\t\t<!-- All in One SEO 5.0.0.1 - aioseo.com -->\n\t<meta name=\"description\" content=\"La plupart des Suisses ne veulent pas r\u00e9duire leur espace de vie en cas de surplus de pi\u00e8ces. C&#039;est ce que montre une \u00e9tude de la Haute \u00e9cole des sciences appliqu\u00e9es de Zurich. Selon cette \u00e9tude, seuls 42 % des personnes interrog\u00e9es pr\u00eates \u00e0 d\u00e9m\u00e9nager pr\u00e9voient de r\u00e9duire leur espace de vie.\" \/>\n\t<meta name=\"robots\" content=\"max-image-preview:large\" \/>\n\t<meta name=\"author\" content=\"immovestuser\"\/>\n\t<meta name=\"google-site-verification\" content=\"fHJKvgWpZCR2zVBHWfkQeFXC11qieUSff0HGNYfuyLA\" \/>\n\t<link rel=\"canonical\" href=\"https:\/\/www.immo-invest.ch\/fr\/mehrheit-moechte-wohnraum-nicht-verkleinern\/\" \/>\n\t<meta name=\"generator\" content=\"All in One SEO (AIOSEO) 5.0.0.1\" \/>\n\t\t<meta property=\"og:locale\" content=\"fr_FR\" \/>\n\t\t<meta property=\"og:site_name\" content=\"immo!nvest - Die Plattform f\u00fcr Standorte und Immobilien - Die\u00a0Plattform f\u00fcr Standorte und Immobilien\" \/>\n\t\t<meta property=\"og:type\" content=\"article\" \/>\n\t\t<meta property=\"og:title\" content=\"La majorit\u00e9 ne veut pas r\u00e9duire l\u2019espace de logement - immo!nvest - Die Plattform f\u00fcr Standorte und Immobilien\" \/>\n\t\t<meta property=\"og:description\" content=\"La plupart des Suisses ne veulent pas r\u00e9duire leur espace de vie en cas de surplus de pi\u00e8ces. C&#039;est ce que montre une \u00e9tude de la Haute \u00e9cole des sciences appliqu\u00e9es de Zurich. Selon cette \u00e9tude, seuls 42 % des personnes interrog\u00e9es pr\u00eates \u00e0 d\u00e9m\u00e9nager pr\u00e9voient de r\u00e9duire leur espace de vie.\" \/>\n\t\t<meta property=\"og:url\" content=\"https:\/\/www.immo-invest.ch\/fr\/mehrheit-moechte-wohnraum-nicht-verkleinern\/\" \/>\n\t\t<meta property=\"og:image\" content=\"https:\/\/www.immo-invest.ch\/wp-content\/uploads\/2024\/06\/tanaphong-toochinda-9x3jGcu3qQ0-unsplash-scaled-e1718261717879.jpg\" \/>\n\t\t<meta property=\"og:image:secure_url\" content=\"https:\/\/www.immo-invest.ch\/wp-content\/uploads\/2024\/06\/tanaphong-toochinda-9x3jGcu3qQ0-unsplash-scaled-e1718261717879.jpg\" \/>\n\t\t<meta property=\"og:image:width\" content=\"2540\" \/>\n\t\t<meta property=\"og:image:height\" content=\"1267\" \/>\n\t\t<meta property=\"article:published_time\" content=\"2024-06-13T06:55:44+00:00\" \/>\n\t\t<meta property=\"article:modified_time\" content=\"2024-06-13T07:15:34+00:00\" \/>\n\t\t<meta property=\"article:publisher\" content=\"https:\/\/www.facebook.com\/people\/Immoinvest\/100077962920504\/\" \/>\n\t\t<meta name=\"twitter:card\" content=\"summary_large_image\" \/>\n\t\t<meta name=\"twitter:site\" content=\"@i\" \/>\n\t\t<meta name=\"twitter:title\" content=\"La majorit\u00e9 ne veut pas r\u00e9duire l\u2019espace de logement - immo!nvest - Die Plattform f\u00fcr Standorte und Immobilien\" \/>\n\t\t<meta name=\"twitter:description\" content=\"La plupart des Suisses ne veulent pas r\u00e9duire leur espace de vie en cas de surplus de pi\u00e8ces. C&#039;est ce que montre une \u00e9tude de la Haute \u00e9cole des sciences appliqu\u00e9es de Zurich. Selon cette \u00e9tude, seuls 42 % des personnes interrog\u00e9es pr\u00eates \u00e0 d\u00e9m\u00e9nager pr\u00e9voient de r\u00e9duire leur espace de vie.\" \/>\n\t\t<meta name=\"twitter:creator\" content=\"@i\" \/>\n\t\t<meta name=\"twitter:image\" content=\"https:\/\/www.immo-invest.ch\/wp-content\/uploads\/2024\/06\/tanaphong-toochinda-9x3jGcu3qQ0-unsplash-scaled-e1718261717879.jpg\" \/>\n\t\t<script type=\"application\/ld+json\" class=\"aioseo-schema\">\n\t\t\t{\"@context\":\"https:\\\/\\\/schema.org\",\"@graph\":[{\"@type\":\"BlogPosting\",\"@id\":\"https:\\\/\\\/www.immo-invest.ch\\\/fr\\\/mehrheit-moechte-wohnraum-nicht-verkleinern\\\/#blogposting\",\"name\":\"La majorit\\u00e9 ne veut pas r\\u00e9duire l\\u2019espace de logement - immo!nvest - Die Plattform f\\u00fcr Standorte und Immobilien\",\"headline\":\"La majorit\\u00e9 ne veut pas r\\u00e9duire l&rsquo;espace de logement\",\"author\":{\"@id\":\"https:\\\/\\\/www.immo-invest.ch\\\/fr\\\/author\\\/immovestuser\\\/#author\"},\"publisher\":{\"@id\":\"https:\\\/\\\/www.immo-invest.ch\\\/fr\\\/#organization\"},\"image\":{\"@type\":\"ImageObject\",\"url\":\"https:\\\/\\\/www.immo-invest.ch\\\/wp-content\\\/uploads\\\/2024\\\/06\\\/tanaphong-toochinda-9x3jGcu3qQ0-unsplash-scaled-e1718261717879.jpg\",\"width\":2540,\"height\":1267},\"datePublished\":\"2024-06-13T08:55:44+02:00\",\"dateModified\":\"2024-06-13T09:15:34+02:00\",\"inLanguage\":\"fr-FR\",\"mainEntityOfPage\":{\"@id\":\"https:\\\/\\\/www.immo-invest.ch\\\/fr\\\/mehrheit-moechte-wohnraum-nicht-verkleinern\\\/#webpage\"},\"isPartOf\":{\"@id\":\"https:\\\/\\\/www.immo-invest.ch\\\/fr\\\/mehrheit-moechte-wohnraum-nicht-verkleinern\\\/#webpage\"},\"articleSection\":\"Gens, immoNews, Industrie du b\\u00e2timent, Suisse, Alleinstehende, Familienunternehmen, Haushalt, immobilien, immoNews, Miete, Studie, Wohnraum, Zuhause, Facultatif\"},{\"@type\":\"BreadcrumbList\",\"@id\":\"https:\\\/\\\/www.immo-invest.ch\\\/fr\\\/mehrheit-moechte-wohnraum-nicht-verkleinern\\\/#breadcrumblist\",\"itemListElement\":[{\"@type\":\"ListItem\",\"@id\":\"https:\\\/\\\/www.immo-invest.ch\\\/fr\\\/#listItem\",\"position\":1,\"name\":\"Home\",\"item\":\"https:\\\/\\\/www.immo-invest.ch\\\/fr\\\/\",\"nextItem\":{\"@type\":\"ListItem\",\"@id\":\"https:\\\/\\\/www.immo-invest.ch\\\/fr\\\/categories\\\/personnes\\\/#listItem\",\"name\":\"Personnes\"}},{\"@type\":\"ListItem\",\"@id\":\"https:\\\/\\\/www.immo-invest.ch\\\/fr\\\/categories\\\/personnes\\\/#listItem\",\"position\":2,\"name\":\"Personnes\",\"item\":\"https:\\\/\\\/www.immo-invest.ch\\\/fr\\\/categories\\\/personnes\\\/\",\"nextItem\":{\"@type\":\"ListItem\",\"@id\":\"https:\\\/\\\/www.immo-invest.ch\\\/fr\\\/categories\\\/personnes\\\/gens\\\/#listItem\",\"name\":\"Gens\"},\"previousItem\":{\"@type\":\"ListItem\",\"@id\":\"https:\\\/\\\/www.immo-invest.ch\\\/fr\\\/#listItem\",\"name\":\"Home\"}},{\"@type\":\"ListItem\",\"@id\":\"https:\\\/\\\/www.immo-invest.ch\\\/fr\\\/categories\\\/personnes\\\/gens\\\/#listItem\",\"position\":3,\"name\":\"Gens\",\"item\":\"https:\\\/\\\/www.immo-invest.ch\\\/fr\\\/categories\\\/personnes\\\/gens\\\/\",\"nextItem\":{\"@type\":\"ListItem\",\"@id\":\"https:\\\/\\\/www.immo-invest.ch\\\/fr\\\/mehrheit-moechte-wohnraum-nicht-verkleinern\\\/#listItem\",\"name\":\"La majorit\\u00e9 ne veut pas r\\u00e9duire l&rsquo;espace de logement\"},\"previousItem\":{\"@type\":\"ListItem\",\"@id\":\"https:\\\/\\\/www.immo-invest.ch\\\/fr\\\/categories\\\/personnes\\\/#listItem\",\"name\":\"Personnes\"}},{\"@type\":\"ListItem\",\"@id\":\"https:\\\/\\\/www.immo-invest.ch\\\/fr\\\/mehrheit-moechte-wohnraum-nicht-verkleinern\\\/#listItem\",\"position\":4,\"name\":\"La majorit\\u00e9 ne veut pas r\\u00e9duire l&rsquo;espace de logement\",\"previousItem\":{\"@type\":\"ListItem\",\"@id\":\"https:\\\/\\\/www.immo-invest.ch\\\/fr\\\/categories\\\/personnes\\\/gens\\\/#listItem\",\"name\":\"Gens\"}}]},{\"@type\":\"Organization\",\"@id\":\"https:\\\/\\\/www.immo-invest.ch\\\/fr\\\/#organization\",\"name\":\"immo!nvest - Die Plattform f\\u00fcr Standorte und Immobilien\",\"description\":\"Die\\u00a0Plattform f\\u00fcr Standorte und Immobilien\",\"url\":\"https:\\\/\\\/www.immo-invest.ch\\\/fr\\\/\",\"email\":\"admin@immomedia.ag\",\"telephone\":\"+41444420002\",\"logo\":{\"@type\":\"ImageObject\",\"url\":\"https:\\\/\\\/www.immo-invest.ch\\\/wp-content\\\/uploads\\\/2024\\\/09\\\/immoinvest_sm-scaled.jpg\",\"@id\":\"https:\\\/\\\/www.immo-invest.ch\\\/fr\\\/mehrheit-moechte-wohnraum-nicht-verkleinern\\\/#organizationLogo\",\"width\":2560,\"height\":1340},\"image\":{\"@id\":\"https:\\\/\\\/www.immo-invest.ch\\\/fr\\\/mehrheit-moechte-wohnraum-nicht-verkleinern\\\/#organizationLogo\"},\"sameAs\":[\"https:\\\/\\\/www.facebook.com\\\/people\\\/Immoinvest\\\/100077962920504\\\/\",\"https:\\\/\\\/x.com\\\/i\\\/flow\\\/login?redirect_after_login=immoinvest_ch\",\"https:\\\/\\\/www.instagram.com\\\/immoinvest_ch\\\/\",\"https:\\\/\\\/www.linkedin.com\\\/company\\\/immoinvest-swiss\"]},{\"@type\":\"Person\",\"@id\":\"https:\\\/\\\/www.immo-invest.ch\\\/fr\\\/author\\\/immovestuser\\\/#author\",\"url\":\"https:\\\/\\\/www.immo-invest.ch\\\/fr\\\/author\\\/immovestuser\\\/\",\"name\":\"immovestuser\",\"image\":{\"@type\":\"ImageObject\",\"@id\":\"https:\\\/\\\/www.immo-invest.ch\\\/fr\\\/mehrheit-moechte-wohnraum-nicht-verkleinern\\\/#authorImage\",\"url\":\"https:\\\/\\\/secure.gravatar.com\\\/avatar\\\/8e01f4d99f2eeea7a362ebb93305e1172a70e9293ba250f897a65c39f54cdd1e?s=96&d=mm&r=g\",\"width\":96,\"height\":96,\"caption\":\"immovestuser\"}},{\"@type\":\"WebPage\",\"@id\":\"https:\\\/\\\/www.immo-invest.ch\\\/fr\\\/mehrheit-moechte-wohnraum-nicht-verkleinern\\\/#webpage\",\"url\":\"https:\\\/\\\/www.immo-invest.ch\\\/fr\\\/mehrheit-moechte-wohnraum-nicht-verkleinern\\\/\",\"name\":\"La majorit\\u00e9 ne veut pas r\\u00e9duire l\\u2019espace de logement - immo!nvest - Die Plattform f\\u00fcr Standorte und Immobilien\",\"description\":\"La plupart des Suisses ne veulent pas r\\u00e9duire leur espace de vie en cas de surplus de pi\\u00e8ces. C'est ce que montre une \\u00e9tude de la Haute \\u00e9cole des sciences appliqu\\u00e9es de Zurich. Selon cette \\u00e9tude, seuls 42 % des personnes interrog\\u00e9es pr\\u00eates \\u00e0 d\\u00e9m\\u00e9nager pr\\u00e9voient de r\\u00e9duire leur espace de vie.\",\"inLanguage\":\"fr-FR\",\"isPartOf\":{\"@id\":\"https:\\\/\\\/www.immo-invest.ch\\\/fr\\\/#website\"},\"breadcrumb\":{\"@id\":\"https:\\\/\\\/www.immo-invest.ch\\\/fr\\\/mehrheit-moechte-wohnraum-nicht-verkleinern\\\/#breadcrumblist\"},\"author\":{\"@id\":\"https:\\\/\\\/www.immo-invest.ch\\\/fr\\\/author\\\/immovestuser\\\/#author\"},\"creator\":{\"@id\":\"https:\\\/\\\/www.immo-invest.ch\\\/fr\\\/author\\\/immovestuser\\\/#author\"},\"image\":{\"@type\":\"ImageObject\",\"url\":\"https:\\\/\\\/www.immo-invest.ch\\\/wp-content\\\/uploads\\\/2024\\\/06\\\/tanaphong-toochinda-9x3jGcu3qQ0-unsplash-scaled-e1718261717879.jpg\",\"@id\":\"https:\\\/\\\/www.immo-invest.ch\\\/fr\\\/mehrheit-moechte-wohnraum-nicht-verkleinern\\\/#mainImage\",\"width\":2540,\"height\":1267},\"primaryImageOfPage\":{\"@id\":\"https:\\\/\\\/www.immo-invest.ch\\\/fr\\\/mehrheit-moechte-wohnraum-nicht-verkleinern\\\/#mainImage\"},\"datePublished\":\"2024-06-13T08:55:44+02:00\",\"dateModified\":\"2024-06-13T09:15:34+02:00\"},{\"@type\":\"WebSite\",\"@id\":\"https:\\\/\\\/www.immo-invest.ch\\\/fr\\\/#website\",\"url\":\"https:\\\/\\\/www.immo-invest.ch\\\/fr\\\/\",\"name\":\"immo!nvest - Die Plattform f\\u00fcr Standorte und Immobilien\",\"description\":\"Die\\u00a0Plattform f\\u00fcr Standorte und Immobilien\",\"inLanguage\":\"fr-FR\",\"publisher\":{\"@id\":\"https:\\\/\\\/www.immo-invest.ch\\\/fr\\\/#organization\"}}]}\n\t\t<\/script>\n\t\t<!-- All in One SEO -->\n\n","aioseo_head_json":{"title":"La majorit\u00e9 ne veut pas r\u00e9duire l\u2019espace de logement - immo!nvest - Die Plattform f\u00fcr Standorte und Immobilien","description":"La plupart des Suisses ne veulent pas r\u00e9duire leur espace de vie en cas de surplus de pi\u00e8ces. C'est ce que montre une \u00e9tude de la Haute \u00e9cole des sciences appliqu\u00e9es de Zurich. Selon cette \u00e9tude, seuls 42 % des personnes interrog\u00e9es pr\u00eates \u00e0 d\u00e9m\u00e9nager pr\u00e9voient de r\u00e9duire leur espace de vie.","canonical_url":"https:\/\/www.immo-invest.ch\/fr\/mehrheit-moechte-wohnraum-nicht-verkleinern\/","robots":"max-image-preview:large","keywords":"","webmasterTools":{"google-site-verification":"fHJKvgWpZCR2zVBHWfkQeFXC11qieUSff0HGNYfuyLA","miscellaneous":""},"schema":{"@context":"https:\/\/schema.org","@graph":[{"@type":"BlogPosting","@id":"https:\/\/www.immo-invest.ch\/fr\/mehrheit-moechte-wohnraum-nicht-verkleinern\/#blogposting","name":"La majorit\u00e9 ne veut pas r\u00e9duire l\u2019espace de logement - immo!nvest - Die Plattform f\u00fcr Standorte und Immobilien","headline":"La majorit\u00e9 ne veut pas r\u00e9duire l&rsquo;espace de logement","author":{"@id":"https:\/\/www.immo-invest.ch\/fr\/author\/immovestuser\/#author"},"publisher":{"@id":"https:\/\/www.immo-invest.ch\/fr\/#organization"},"image":{"@type":"ImageObject","url":"https:\/\/www.immo-invest.ch\/wp-content\/uploads\/2024\/06\/tanaphong-toochinda-9x3jGcu3qQ0-unsplash-scaled-e1718261717879.jpg","width":2540,"height":1267},"datePublished":"2024-06-13T08:55:44+02:00","dateModified":"2024-06-13T09:15:34+02:00","inLanguage":"fr-FR","mainEntityOfPage":{"@id":"https:\/\/www.immo-invest.ch\/fr\/mehrheit-moechte-wohnraum-nicht-verkleinern\/#webpage"},"isPartOf":{"@id":"https:\/\/www.immo-invest.ch\/fr\/mehrheit-moechte-wohnraum-nicht-verkleinern\/#webpage"},"articleSection":"Gens, immoNews, Industrie du b\u00e2timent, Suisse, Alleinstehende, Familienunternehmen, Haushalt, immobilien, immoNews, Miete, Studie, Wohnraum, Zuhause, Facultatif"},{"@type":"BreadcrumbList","@id":"https:\/\/www.immo-invest.ch\/fr\/mehrheit-moechte-wohnraum-nicht-verkleinern\/#breadcrumblist","itemListElement":[{"@type":"ListItem","@id":"https:\/\/www.immo-invest.ch\/fr\/#listItem","position":1,"name":"Home","item":"https:\/\/www.immo-invest.ch\/fr\/","nextItem":{"@type":"ListItem","@id":"https:\/\/www.immo-invest.ch\/fr\/categories\/personnes\/#listItem","name":"Personnes"}},{"@type":"ListItem","@id":"https:\/\/www.immo-invest.ch\/fr\/categories\/personnes\/#listItem","position":2,"name":"Personnes","item":"https:\/\/www.immo-invest.ch\/fr\/categories\/personnes\/","nextItem":{"@type":"ListItem","@id":"https:\/\/www.immo-invest.ch\/fr\/categories\/personnes\/gens\/#listItem","name":"Gens"},"previousItem":{"@type":"ListItem","@id":"https:\/\/www.immo-invest.ch\/fr\/#listItem","name":"Home"}},{"@type":"ListItem","@id":"https:\/\/www.immo-invest.ch\/fr\/categories\/personnes\/gens\/#listItem","position":3,"name":"Gens","item":"https:\/\/www.immo-invest.ch\/fr\/categories\/personnes\/gens\/","nextItem":{"@type":"ListItem","@id":"https:\/\/www.immo-invest.ch\/fr\/mehrheit-moechte-wohnraum-nicht-verkleinern\/#listItem","name":"La majorit\u00e9 ne veut pas r\u00e9duire l&rsquo;espace de logement"},"previousItem":{"@type":"ListItem","@id":"https:\/\/www.immo-invest.ch\/fr\/categories\/personnes\/#listItem","name":"Personnes"}},{"@type":"ListItem","@id":"https:\/\/www.immo-invest.ch\/fr\/mehrheit-moechte-wohnraum-nicht-verkleinern\/#listItem","position":4,"name":"La majorit\u00e9 ne veut pas r\u00e9duire l&rsquo;espace de logement","previousItem":{"@type":"ListItem","@id":"https:\/\/www.immo-invest.ch\/fr\/categories\/personnes\/gens\/#listItem","name":"Gens"}}]},{"@type":"Organization","@id":"https:\/\/www.immo-invest.ch\/fr\/#organization","name":"immo!nvest - Die Plattform f\u00fcr Standorte und Immobilien","description":"Die\u00a0Plattform f\u00fcr Standorte und Immobilien","url":"https:\/\/www.immo-invest.ch\/fr\/","email":"admin@immomedia.ag","telephone":"+41444420002","logo":{"@type":"ImageObject","url":"https:\/\/www.immo-invest.ch\/wp-content\/uploads\/2024\/09\/immoinvest_sm-scaled.jpg","@id":"https:\/\/www.immo-invest.ch\/fr\/mehrheit-moechte-wohnraum-nicht-verkleinern\/#organizationLogo","width":2560,"height":1340},"image":{"@id":"https:\/\/www.immo-invest.ch\/fr\/mehrheit-moechte-wohnraum-nicht-verkleinern\/#organizationLogo"},"sameAs":["https:\/\/www.facebook.com\/people\/Immoinvest\/100077962920504\/","https:\/\/x.com\/i\/flow\/login?redirect_after_login=immoinvest_ch","https:\/\/www.instagram.com\/immoinvest_ch\/","https:\/\/www.linkedin.com\/company\/immoinvest-swiss"]},{"@type":"Person","@id":"https:\/\/www.immo-invest.ch\/fr\/author\/immovestuser\/#author","url":"https:\/\/www.immo-invest.ch\/fr\/author\/immovestuser\/","name":"immovestuser","image":{"@type":"ImageObject","@id":"https:\/\/www.immo-invest.ch\/fr\/mehrheit-moechte-wohnraum-nicht-verkleinern\/#authorImage","url":"https:\/\/secure.gravatar.com\/avatar\/8e01f4d99f2eeea7a362ebb93305e1172a70e9293ba250f897a65c39f54cdd1e?s=96&d=mm&r=g","width":96,"height":96,"caption":"immovestuser"}},{"@type":"WebPage","@id":"https:\/\/www.immo-invest.ch\/fr\/mehrheit-moechte-wohnraum-nicht-verkleinern\/#webpage","url":"https:\/\/www.immo-invest.ch\/fr\/mehrheit-moechte-wohnraum-nicht-verkleinern\/","name":"La majorit\u00e9 ne veut pas r\u00e9duire l\u2019espace de logement - immo!nvest - Die Plattform f\u00fcr Standorte und Immobilien","description":"La plupart des Suisses ne veulent pas r\u00e9duire leur espace de vie en cas de surplus de pi\u00e8ces. C'est ce que montre une \u00e9tude de la Haute \u00e9cole des sciences appliqu\u00e9es de Zurich. Selon cette \u00e9tude, seuls 42 % des personnes interrog\u00e9es pr\u00eates \u00e0 d\u00e9m\u00e9nager pr\u00e9voient de r\u00e9duire leur espace de vie.","inLanguage":"fr-FR","isPartOf":{"@id":"https:\/\/www.immo-invest.ch\/fr\/#website"},"breadcrumb":{"@id":"https:\/\/www.immo-invest.ch\/fr\/mehrheit-moechte-wohnraum-nicht-verkleinern\/#breadcrumblist"},"author":{"@id":"https:\/\/www.immo-invest.ch\/fr\/author\/immovestuser\/#author"},"creator":{"@id":"https:\/\/www.immo-invest.ch\/fr\/author\/immovestuser\/#author"},"image":{"@type":"ImageObject","url":"https:\/\/www.immo-invest.ch\/wp-content\/uploads\/2024\/06\/tanaphong-toochinda-9x3jGcu3qQ0-unsplash-scaled-e1718261717879.jpg","@id":"https:\/\/www.immo-invest.ch\/fr\/mehrheit-moechte-wohnraum-nicht-verkleinern\/#mainImage","width":2540,"height":1267},"primaryImageOfPage":{"@id":"https:\/\/www.immo-invest.ch\/fr\/mehrheit-moechte-wohnraum-nicht-verkleinern\/#mainImage"},"datePublished":"2024-06-13T08:55:44+02:00","dateModified":"2024-06-13T09:15:34+02:00"},{"@type":"WebSite","@id":"https:\/\/www.immo-invest.ch\/fr\/#website","url":"https:\/\/www.immo-invest.ch\/fr\/","name":"immo!nvest - Die Plattform f\u00fcr Standorte und Immobilien","description":"Die\u00a0Plattform f\u00fcr Standorte und Immobilien","inLanguage":"fr-FR","publisher":{"@id":"https:\/\/www.immo-invest.ch\/fr\/#organization"}}]},"og:locale":"fr_FR","og:site_name":"immo!nvest - Die Plattform f\u00fcr Standorte und Immobilien - Die\u00a0Plattform f\u00fcr Standorte und Immobilien","og:type":"article","og:title":"La majorit\u00e9 ne veut pas r\u00e9duire l\u2019espace de logement - immo!nvest - Die Plattform f\u00fcr Standorte und Immobilien","og:description":"La plupart des Suisses ne veulent pas r\u00e9duire leur espace de vie en cas de surplus de pi\u00e8ces. C'est ce que montre une \u00e9tude de la Haute \u00e9cole des sciences appliqu\u00e9es de Zurich. Selon cette \u00e9tude, seuls 42 % des personnes interrog\u00e9es pr\u00eates \u00e0 d\u00e9m\u00e9nager pr\u00e9voient de r\u00e9duire leur espace de vie.","og:url":"https:\/\/www.immo-invest.ch\/fr\/mehrheit-moechte-wohnraum-nicht-verkleinern\/","og:image":"https:\/\/www.immo-invest.ch\/wp-content\/uploads\/2024\/06\/tanaphong-toochinda-9x3jGcu3qQ0-unsplash-scaled-e1718261717879.jpg","og:image:secure_url":"https:\/\/www.immo-invest.ch\/wp-content\/uploads\/2024\/06\/tanaphong-toochinda-9x3jGcu3qQ0-unsplash-scaled-e1718261717879.jpg","og:image:width":2540,"og:image:height":1267,"article:published_time":"2024-06-13T06:55:44+00:00","article:modified_time":"2024-06-13T07:15:34+00:00","article:publisher":"https:\/\/www.facebook.com\/people\/Immoinvest\/100077962920504\/","twitter:card":"summary_large_image","twitter:site":"@i","twitter:title":"La majorit\u00e9 ne veut pas r\u00e9duire l\u2019espace de logement - immo!nvest - Die Plattform f\u00fcr Standorte und Immobilien","twitter:description":"La plupart des Suisses ne veulent pas r\u00e9duire leur espace de vie en cas de surplus de pi\u00e8ces. C'est ce que montre une \u00e9tude de la Haute \u00e9cole des sciences appliqu\u00e9es de Zurich. Selon cette \u00e9tude, seuls 42 % des personnes interrog\u00e9es pr\u00eates \u00e0 d\u00e9m\u00e9nager pr\u00e9voient de r\u00e9duire leur espace de vie.","twitter:creator":"@i","twitter:image":"https:\/\/www.immo-invest.ch\/wp-content\/uploads\/2024\/06\/tanaphong-toochinda-9x3jGcu3qQ0-unsplash-scaled-e1718261717879.jpg"},"aioseo_meta_data":{"post_id":"99494","title":null,"description":null,"keywords":null,"keyphrases":null,"primary_term":null,"canonical_url":null,"og_title":null,"og_description":null,"og_object_type":"default","og_image_type":"default","og_image_url":null,"og_image_width":null,"og_image_height":null,"og_image_custom_url":null,"og_image_custom_fields":null,"og_video":null,"og_custom_url":null,"og_article_section":null,"og_article_tags":null,"twitter_use_og":false,"twitter_card":"default","twitter_image_type":"default","twitter_image_url":null,"twitter_image_custom_url":null,"twitter_image_custom_fields":null,"twitter_title":null,"twitter_description":null,"schema":{"blockGraphs":[],"customGraphs":[],"default":{"data":{"Article":[],"Course":[],"Dataset":[],"FAQPage":[],"Movie":[],"Person":[],"Product":[],"ProductReview":[],"Car":[],"Recipe":[],"Service":[],"SoftwareApplication":[],"WebPage":[]},"graphName":"","isEnabled":true},"graphs":[]},"schema_type":"default","schema_type_options":null,"pillar_content":false,"robots_default":true,"robots_noindex":false,"robots_noarchive":false,"robots_nosnippet":false,"robots_nofollow":false,"robots_noimageindex":false,"robots_noodp":false,"robots_notranslate":false,"robots_max_snippet":null,"robots_max_videopreview":null,"robots_max_imagepreview":"large","priority":null,"frequency":null,"local_seo":null,"breadcrumb_settings":null,"limit_modified_date":false,"ai":null,"created":"2024-09-20 21:28:59","updated":"2025-10-24 03:47:11","seo_analyzer_scan_date":null,"focus_keyword":null,"additional_keywords":null,"truseo_locale":null},"aioseo_breadcrumb":"<div class=\"aioseo-breadcrumbs\"><span class=\"aioseo-breadcrumb\">\n\t\t\t<a href=\"https:\/\/www.immo-invest.ch\/fr\/\" title=\"Home\">Home<\/a>\n\t\t<\/span><span class=\"aioseo-breadcrumb-separator\">&raquo;<\/span><span class=\"aioseo-breadcrumb\">\n\t\t\t<a href=\"https:\/\/www.immo-invest.ch\/fr\/categories\/personnes\/\" title=\"Personnes\">Personnes<\/a>\n\t\t<\/span><span class=\"aioseo-breadcrumb-separator\">&raquo;<\/span><span class=\"aioseo-breadcrumb\">\n\t\t\t<a href=\"https:\/\/www.immo-invest.ch\/fr\/categories\/personnes\/gens\/\" title=\"Gens\">Gens<\/a>\n\t\t<\/span><span class=\"aioseo-breadcrumb-separator\">&raquo;<\/span><span class=\"aioseo-breadcrumb\">\n\t\t\tLa majorit\u00e9 ne veut pas r\u00e9duire l\u2019espace de logement\n\t\t<\/span><\/div>","aioseo_breadcrumb_json":[{"label":"Home","link":"https:\/\/www.immo-invest.ch\/fr\/"},{"label":"Personnes","link":"https:\/\/www.immo-invest.ch\/fr\/categories\/personnes\/"},{"label":"Gens","link":"https:\/\/www.immo-invest.ch\/fr\/categories\/personnes\/gens\/"},{"label":"La majorit\u00e9 ne veut pas r\u00e9duire l&rsquo;espace de logement","link":"https:\/\/www.immo-invest.ch\/fr\/mehrheit-moechte-wohnraum-nicht-verkleinern\/"}],"featured_image_src":"https:\/\/www.immo-invest.ch\/wp-content\/uploads\/2024\/06\/tanaphong-toochinda-9x3jGcu3qQ0-unsplash-336x168.jpg","_links":{"self":[{"href":"https:\/\/www.immo-invest.ch\/fr\/wp-json\/wp\/v2\/posts\/99494","targetHints":{"allow":["GET"]}}],"collection":[{"href":"https:\/\/www.immo-invest.ch\/fr\/wp-json\/wp\/v2\/posts"}],"about":[{"href":"https:\/\/www.immo-invest.ch\/fr\/wp-json\/wp\/v2\/types\/post"}],"author":[{"embeddable":true,"href":"https:\/\/www.immo-invest.ch\/fr\/wp-json\/wp\/v2\/users\/2"}],"replies":[{"embeddable":true,"href":"https:\/\/www.immo-invest.ch\/fr\/wp-json\/wp\/v2\/comments?post=99494"}],"version-history":[{"count":0,"href":"https:\/\/www.immo-invest.ch\/fr\/wp-json\/wp\/v2\/posts\/99494\/revisions"}],"wp:featuredmedia":[{"embeddable":true,"href":"https:\/\/www.immo-invest.ch\/fr\/wp-json\/wp\/v2\/media\/99468"}],"wp:attachment":[{"href":"https:\/\/www.immo-invest.ch\/fr\/wp-json\/wp\/v2\/media?parent=99494"}],"wp:term":[{"taxonomy":"category","embeddable":true,"href":"https:\/\/www.immo-invest.ch\/fr\/wp-json\/wp\/v2\/categories?post=99494"},{"taxonomy":"post_tag","embeddable":true,"href":"https:\/\/www.immo-invest.ch\/fr\/wp-json\/wp\/v2\/tags?post=99494"}],"curies":[{"name":"wp","href":"https:\/\/api.w.org\/{rel}","templated":true}]}}