{"id":99309,"date":"2024-06-11T13:49:40","date_gmt":"2024-06-11T11:49:40","guid":{"rendered":"https:\/\/www.immo-invest.ch\/?p=99309"},"modified":"2024-06-14T09:27:45","modified_gmt":"2024-06-14T07:27:45","slug":"silas-schneider-uebernimmt-operative-leitung","status":"publish","type":"post","link":"https:\/\/www.immo-invest.ch\/fr\/silas-schneider-uebernimmt-operative-leitung\/","title":{"rendered":"Silas Schneider prend la direction op\u00e9rationnelle"},"content":{"rendered":"<p class=\"wp-block-paragraph\">Silas Schneider prendra ses nouvelles fonctions le 1er janvier 2025, il rejoindra la BAS le 1er octobre 2024. Schneider apporte une vaste exp&eacute;rience de son pr&eacute;c&eacute;dent poste de CEO d&rsquo;abonax, o&ugrave; il a jou&eacute; un r&ocirc;le d&eacute;terminant dans la cr&eacute;ation et le d&eacute;veloppement r&eacute;ussi de l&rsquo;entreprise pendant plus de six ans.<\/p>\n\n\n\n<p class=\"wp-block-paragraph\">&laquo;&nbsp;Nous sommes convaincus que Silas Schneider, gr&acirc;ce &agrave; son exp&eacute;rience et &agrave; son savoir-faire, conduira l&rsquo;entreprise vers un avenir toujours aussi prosp&egrave;re et nous nous r&eacute;jouissons de notre future collaboration&nbsp;&raquo;, commente Daniel Senn, pr&eacute;sident du conseil d&rsquo;administration d&rsquo;Abacus.<\/p>\n\n\n\n<p class=\"wp-block-paragraph\">Avec ce changement &agrave; la t&ecirc;te de l&rsquo;entreprise, Abacus Business Solutions AG donne un signal fort de continuit&eacute; et de croissance. La transition sera soigneusement planifi&eacute;e et ex&eacute;cut&eacute;e afin d&rsquo;assurer la continuit&eacute; des activit&eacute;s de l&rsquo;entreprise et de relever avec succ&egrave;s les d&eacute;fis futurs.<\/p>\n","protected":false},"excerpt":{"rendered":"<p>\u00c0 la fin de l&rsquo;ann\u00e9e 2024, la direction op\u00e9rationnelle d&rsquo;Abacus Business Solutions AG sera confi\u00e9e \u00e0 une nouvelle direction. Marcel Kupferschmied, le PDG de longue date, c\u00e9dera son r\u00f4le \u00e0 Silas Schneider. Malgr\u00e9 ce changement de direction, Kupferschmied restera chez ABS et continuera \u00e0 apporter son expertise et son exp\u00e9rience en tant que d\u00e9l\u00e9gu\u00e9 du conseil d&rsquo;administration \u00e0 partir de 2025. L&rsquo;\u00e9quipe de direction sera compl\u00e9t\u00e9e par Nadine Frauenfelder-Winkler, Robin Kropf et Roman P\u00f6llinger, qui continueront \u00e0 assumer leurs responsabilit\u00e9s.<\/p>\n","protected":false},"author":2,"featured_media":99304,"comment_status":"open","ping_status":"open","sticky":false,"template":"","format":"standard","meta":{"pmpro_default_level":"","inline_featured_image":false,"_monsterinsights_skip_tracking":false,"footnotes":""},"categories":[4464],"tags":[1818,47398,11220,16960,2776],"class_list":["post-99309","post","type-post","status-publish","format-standard","has-post-thumbnail","hentry","category-gens","tag-entwicklung-fr","tag-fuehrungspitze-fr","tag-herausforderung-fr","tag-leitung-fr","tag-unternehmen-fr","pmpro-has-access"],"acf":{"bild_mit_ki_erstellt_worden":[],"lead":"\u00c0 la fin de l'ann\u00e9e 2024, la direction op\u00e9rationnelle d'Abacus Business Solutions AG sera confi\u00e9e \u00e0 une nouvelle direction. Marcel Kupferschmied, le PDG de longue date, c\u00e9dera son r\u00f4le \u00e0 Silas Schneider. Malgr\u00e9 ce changement de direction, Kupferschmied restera chez ABS et continuera \u00e0 apporter son expertise et son exp\u00e9rience en tant que d\u00e9l\u00e9gu\u00e9 du conseil d'administration \u00e0 partir de 2025. L'\u00e9quipe de direction sera compl\u00e9t\u00e9e par Nadine Frauenfelder-Winkler, Robin Kropf et Roman P\u00f6llinger, qui continueront \u00e0 assumer leurs responsabilit\u00e9s.","autor":"Quelle: Abacus","ort":"","bildunterschrift":"","bild_im_grid":false,"gallerie":"","newsim":""},"aioseo_notices":[],"aioseo_head":"\n\t\t<!-- All in One SEO 5.0.0.1 - aioseo.com -->\n\t<meta name=\"description\" content=\"\u00c0 la fin de l&#039;ann\u00e9e 2024, la direction op\u00e9rationnelle d&#039;Abacus Business Solutions AG sera confi\u00e9e \u00e0 une nouvelle direction. Marcel Kupferschmied, le PDG de longue date, c\u00e9dera son r\u00f4le \u00e0 Silas Schneider. Malgr\u00e9 ce changement de direction, Kupferschmied restera chez ABS et continuera \u00e0 apporter son expertise et son exp\u00e9rience en tant que d\u00e9l\u00e9gu\u00e9 du conseil d&#039;administration \u00e0 partir de 2025. L&#039;\u00e9quipe de direction sera compl\u00e9t\u00e9e par Nadine Frauenfelder-Winkler, Robin Kropf et Roman P\u00f6llinger, qui continueront \u00e0 assumer leurs responsabilit\u00e9s.\" \/>\n\t<meta name=\"robots\" content=\"max-image-preview:large\" \/>\n\t<meta name=\"author\" content=\"immovestuser\"\/>\n\t<meta name=\"google-site-verification\" content=\"fHJKvgWpZCR2zVBHWfkQeFXC11qieUSff0HGNYfuyLA\" \/>\n\t<link rel=\"canonical\" href=\"https:\/\/www.immo-invest.ch\/fr\/silas-schneider-uebernimmt-operative-leitung\/\" \/>\n\t<meta name=\"generator\" content=\"All in One SEO (AIOSEO) 5.0.0.1\" \/>\n\t\t<meta property=\"og:locale\" content=\"fr_FR\" \/>\n\t\t<meta property=\"og:site_name\" content=\"immo!nvest - Die Plattform f\u00fcr Standorte und Immobilien - Die\u00a0Plattform f\u00fcr Standorte und Immobilien\" \/>\n\t\t<meta property=\"og:type\" content=\"article\" \/>\n\t\t<meta property=\"og:title\" content=\"Silas Schneider prend la direction op\u00e9rationnelle - immo!nvest - Die Plattform f\u00fcr Standorte und Immobilien\" \/>\n\t\t<meta property=\"og:description\" content=\"\u00c0 la fin de l&#039;ann\u00e9e 2024, la direction op\u00e9rationnelle d&#039;Abacus Business Solutions AG sera confi\u00e9e \u00e0 une nouvelle direction. Marcel Kupferschmied, le PDG de longue date, c\u00e9dera son r\u00f4le \u00e0 Silas Schneider. Malgr\u00e9 ce changement de direction, Kupferschmied restera chez ABS et continuera \u00e0 apporter son expertise et son exp\u00e9rience en tant que d\u00e9l\u00e9gu\u00e9 du conseil d&#039;administration \u00e0 partir de 2025. L&#039;\u00e9quipe de direction sera compl\u00e9t\u00e9e par Nadine Frauenfelder-Winkler, Robin Kropf et Roman P\u00f6llinger, qui continueront \u00e0 assumer leurs responsabilit\u00e9s.\" \/>\n\t\t<meta property=\"og:url\" content=\"https:\/\/www.immo-invest.ch\/fr\/silas-schneider-uebernimmt-operative-leitung\/\" \/>\n\t\t<meta property=\"og:image\" content=\"https:\/\/www.immo-invest.ch\/wp-content\/uploads\/2024\/06\/24-06-04_NachfolgeABS_DE.jpg\" \/>\n\t\t<meta property=\"og:image:secure_url\" content=\"https:\/\/www.immo-invest.ch\/wp-content\/uploads\/2024\/06\/24-06-04_NachfolgeABS_DE.jpg\" \/>\n\t\t<meta property=\"og:image:width\" content=\"623\" \/>\n\t\t<meta property=\"og:image:height\" content=\"414\" \/>\n\t\t<meta property=\"article:published_time\" content=\"2024-06-11T11:49:40+00:00\" \/>\n\t\t<meta property=\"article:modified_time\" content=\"2024-06-14T07:27:45+00:00\" \/>\n\t\t<meta property=\"article:publisher\" content=\"https:\/\/www.facebook.com\/people\/Immoinvest\/100077962920504\/\" \/>\n\t\t<meta name=\"twitter:card\" content=\"summary_large_image\" \/>\n\t\t<meta name=\"twitter:site\" content=\"@i\" \/>\n\t\t<meta name=\"twitter:title\" content=\"Silas Schneider prend la direction op\u00e9rationnelle - immo!nvest - Die Plattform f\u00fcr Standorte und Immobilien\" \/>\n\t\t<meta name=\"twitter:description\" content=\"\u00c0 la fin de l&#039;ann\u00e9e 2024, la direction op\u00e9rationnelle d&#039;Abacus Business Solutions AG sera confi\u00e9e \u00e0 une nouvelle direction. Marcel Kupferschmied, le PDG de longue date, c\u00e9dera son r\u00f4le \u00e0 Silas Schneider. Malgr\u00e9 ce changement de direction, Kupferschmied restera chez ABS et continuera \u00e0 apporter son expertise et son exp\u00e9rience en tant que d\u00e9l\u00e9gu\u00e9 du conseil d&#039;administration \u00e0 partir de 2025. L&#039;\u00e9quipe de direction sera compl\u00e9t\u00e9e par Nadine Frauenfelder-Winkler, Robin Kropf et Roman P\u00f6llinger, qui continueront \u00e0 assumer leurs responsabilit\u00e9s.\" \/>\n\t\t<meta name=\"twitter:creator\" content=\"@i\" \/>\n\t\t<meta name=\"twitter:image\" content=\"https:\/\/www.immo-invest.ch\/wp-content\/uploads\/2024\/06\/24-06-04_NachfolgeABS_DE.jpg\" \/>\n\t\t<script type=\"application\/ld+json\" class=\"aioseo-schema\">\n\t\t\t{\"@context\":\"https:\\\/\\\/schema.org\",\"@graph\":[{\"@type\":\"BlogPosting\",\"@id\":\"https:\\\/\\\/www.immo-invest.ch\\\/fr\\\/silas-schneider-uebernimmt-operative-leitung\\\/#blogposting\",\"name\":\"Silas Schneider prend la direction op\\u00e9rationnelle - immo!nvest - Die Plattform f\\u00fcr Standorte und Immobilien\",\"headline\":\"Silas Schneider prend la direction op\\u00e9rationnelle\",\"author\":{\"@id\":\"https:\\\/\\\/www.immo-invest.ch\\\/fr\\\/author\\\/immovestuser\\\/#author\"},\"publisher\":{\"@id\":\"https:\\\/\\\/www.immo-invest.ch\\\/fr\\\/#organization\"},\"image\":{\"@type\":\"ImageObject\",\"url\":\"https:\\\/\\\/www.immo-invest.ch\\\/wp-content\\\/uploads\\\/2024\\\/06\\\/24-06-04_NachfolgeABS_DE.jpg\",\"width\":623,\"height\":414},\"datePublished\":\"2024-06-11T13:49:40+02:00\",\"dateModified\":\"2024-06-14T09:27:45+02:00\",\"inLanguage\":\"fr-FR\",\"mainEntityOfPage\":{\"@id\":\"https:\\\/\\\/www.immo-invest.ch\\\/fr\\\/silas-schneider-uebernimmt-operative-leitung\\\/#webpage\"},\"isPartOf\":{\"@id\":\"https:\\\/\\\/www.immo-invest.ch\\\/fr\\\/silas-schneider-uebernimmt-operative-leitung\\\/#webpage\"},\"articleSection\":\"Gens, Entwicklung, F\\u00fchrungspitze, Herausforderung, Leitung, Unternehmen, Facultatif\"},{\"@type\":\"BreadcrumbList\",\"@id\":\"https:\\\/\\\/www.immo-invest.ch\\\/fr\\\/silas-schneider-uebernimmt-operative-leitung\\\/#breadcrumblist\",\"itemListElement\":[{\"@type\":\"ListItem\",\"@id\":\"https:\\\/\\\/www.immo-invest.ch\\\/fr\\\/#listItem\",\"position\":1,\"name\":\"Home\",\"item\":\"https:\\\/\\\/www.immo-invest.ch\\\/fr\\\/\",\"nextItem\":{\"@type\":\"ListItem\",\"@id\":\"https:\\\/\\\/www.immo-invest.ch\\\/fr\\\/categories\\\/personnes\\\/#listItem\",\"name\":\"Personnes\"}},{\"@type\":\"ListItem\",\"@id\":\"https:\\\/\\\/www.immo-invest.ch\\\/fr\\\/categories\\\/personnes\\\/#listItem\",\"position\":2,\"name\":\"Personnes\",\"item\":\"https:\\\/\\\/www.immo-invest.ch\\\/fr\\\/categories\\\/personnes\\\/\",\"nextItem\":{\"@type\":\"ListItem\",\"@id\":\"https:\\\/\\\/www.immo-invest.ch\\\/fr\\\/categories\\\/personnes\\\/gens\\\/#listItem\",\"name\":\"Gens\"},\"previousItem\":{\"@type\":\"ListItem\",\"@id\":\"https:\\\/\\\/www.immo-invest.ch\\\/fr\\\/#listItem\",\"name\":\"Home\"}},{\"@type\":\"ListItem\",\"@id\":\"https:\\\/\\\/www.immo-invest.ch\\\/fr\\\/categories\\\/personnes\\\/gens\\\/#listItem\",\"position\":3,\"name\":\"Gens\",\"item\":\"https:\\\/\\\/www.immo-invest.ch\\\/fr\\\/categories\\\/personnes\\\/gens\\\/\",\"nextItem\":{\"@type\":\"ListItem\",\"@id\":\"https:\\\/\\\/www.immo-invest.ch\\\/fr\\\/silas-schneider-uebernimmt-operative-leitung\\\/#listItem\",\"name\":\"Silas Schneider prend la direction op\\u00e9rationnelle\"},\"previousItem\":{\"@type\":\"ListItem\",\"@id\":\"https:\\\/\\\/www.immo-invest.ch\\\/fr\\\/categories\\\/personnes\\\/#listItem\",\"name\":\"Personnes\"}},{\"@type\":\"ListItem\",\"@id\":\"https:\\\/\\\/www.immo-invest.ch\\\/fr\\\/silas-schneider-uebernimmt-operative-leitung\\\/#listItem\",\"position\":4,\"name\":\"Silas Schneider prend la direction op\\u00e9rationnelle\",\"previousItem\":{\"@type\":\"ListItem\",\"@id\":\"https:\\\/\\\/www.immo-invest.ch\\\/fr\\\/categories\\\/personnes\\\/gens\\\/#listItem\",\"name\":\"Gens\"}}]},{\"@type\":\"Organization\",\"@id\":\"https:\\\/\\\/www.immo-invest.ch\\\/fr\\\/#organization\",\"name\":\"immo!nvest - Die Plattform f\\u00fcr Standorte und Immobilien\",\"description\":\"Die\\u00a0Plattform f\\u00fcr Standorte und Immobilien\",\"url\":\"https:\\\/\\\/www.immo-invest.ch\\\/fr\\\/\",\"email\":\"admin@immomedia.ag\",\"telephone\":\"+41444420002\",\"logo\":{\"@type\":\"ImageObject\",\"url\":\"https:\\\/\\\/www.immo-invest.ch\\\/wp-content\\\/uploads\\\/2024\\\/09\\\/immoinvest_sm-scaled.jpg\",\"@id\":\"https:\\\/\\\/www.immo-invest.ch\\\/fr\\\/silas-schneider-uebernimmt-operative-leitung\\\/#organizationLogo\",\"width\":2560,\"height\":1340},\"image\":{\"@id\":\"https:\\\/\\\/www.immo-invest.ch\\\/fr\\\/silas-schneider-uebernimmt-operative-leitung\\\/#organizationLogo\"},\"sameAs\":[\"https:\\\/\\\/www.facebook.com\\\/people\\\/Immoinvest\\\/100077962920504\\\/\",\"https:\\\/\\\/x.com\\\/i\\\/flow\\\/login?redirect_after_login=immoinvest_ch\",\"https:\\\/\\\/www.instagram.com\\\/immoinvest_ch\\\/\",\"https:\\\/\\\/www.linkedin.com\\\/company\\\/immoinvest-swiss\"]},{\"@type\":\"Person\",\"@id\":\"https:\\\/\\\/www.immo-invest.ch\\\/fr\\\/author\\\/immovestuser\\\/#author\",\"url\":\"https:\\\/\\\/www.immo-invest.ch\\\/fr\\\/author\\\/immovestuser\\\/\",\"name\":\"immovestuser\",\"image\":{\"@type\":\"ImageObject\",\"@id\":\"https:\\\/\\\/www.immo-invest.ch\\\/fr\\\/silas-schneider-uebernimmt-operative-leitung\\\/#authorImage\",\"url\":\"https:\\\/\\\/secure.gravatar.com\\\/avatar\\\/8e01f4d99f2eeea7a362ebb93305e1172a70e9293ba250f897a65c39f54cdd1e?s=96&d=mm&r=g\",\"width\":96,\"height\":96,\"caption\":\"immovestuser\"}},{\"@type\":\"WebPage\",\"@id\":\"https:\\\/\\\/www.immo-invest.ch\\\/fr\\\/silas-schneider-uebernimmt-operative-leitung\\\/#webpage\",\"url\":\"https:\\\/\\\/www.immo-invest.ch\\\/fr\\\/silas-schneider-uebernimmt-operative-leitung\\\/\",\"name\":\"Silas Schneider prend la direction op\\u00e9rationnelle - immo!nvest - Die Plattform f\\u00fcr Standorte und Immobilien\",\"description\":\"\\u00c0 la fin de l'ann\\u00e9e 2024, la direction op\\u00e9rationnelle d'Abacus Business Solutions AG sera confi\\u00e9e \\u00e0 une nouvelle direction. Marcel Kupferschmied, le PDG de longue date, c\\u00e9dera son r\\u00f4le \\u00e0 Silas Schneider. Malgr\\u00e9 ce changement de direction, Kupferschmied restera chez ABS et continuera \\u00e0 apporter son expertise et son exp\\u00e9rience en tant que d\\u00e9l\\u00e9gu\\u00e9 du conseil d'administration \\u00e0 partir de 2025. L'\\u00e9quipe de direction sera compl\\u00e9t\\u00e9e par Nadine Frauenfelder-Winkler, Robin Kropf et Roman P\\u00f6llinger, qui continueront \\u00e0 assumer leurs responsabilit\\u00e9s.\",\"inLanguage\":\"fr-FR\",\"isPartOf\":{\"@id\":\"https:\\\/\\\/www.immo-invest.ch\\\/fr\\\/#website\"},\"breadcrumb\":{\"@id\":\"https:\\\/\\\/www.immo-invest.ch\\\/fr\\\/silas-schneider-uebernimmt-operative-leitung\\\/#breadcrumblist\"},\"author\":{\"@id\":\"https:\\\/\\\/www.immo-invest.ch\\\/fr\\\/author\\\/immovestuser\\\/#author\"},\"creator\":{\"@id\":\"https:\\\/\\\/www.immo-invest.ch\\\/fr\\\/author\\\/immovestuser\\\/#author\"},\"image\":{\"@type\":\"ImageObject\",\"url\":\"https:\\\/\\\/www.immo-invest.ch\\\/wp-content\\\/uploads\\\/2024\\\/06\\\/24-06-04_NachfolgeABS_DE.jpg\",\"@id\":\"https:\\\/\\\/www.immo-invest.ch\\\/fr\\\/silas-schneider-uebernimmt-operative-leitung\\\/#mainImage\",\"width\":623,\"height\":414},\"primaryImageOfPage\":{\"@id\":\"https:\\\/\\\/www.immo-invest.ch\\\/fr\\\/silas-schneider-uebernimmt-operative-leitung\\\/#mainImage\"},\"datePublished\":\"2024-06-11T13:49:40+02:00\",\"dateModified\":\"2024-06-14T09:27:45+02:00\"},{\"@type\":\"WebSite\",\"@id\":\"https:\\\/\\\/www.immo-invest.ch\\\/fr\\\/#website\",\"url\":\"https:\\\/\\\/www.immo-invest.ch\\\/fr\\\/\",\"name\":\"immo!nvest - Die Plattform f\\u00fcr Standorte und Immobilien\",\"description\":\"Die\\u00a0Plattform f\\u00fcr Standorte und Immobilien\",\"inLanguage\":\"fr-FR\",\"publisher\":{\"@id\":\"https:\\\/\\\/www.immo-invest.ch\\\/fr\\\/#organization\"}}]}\n\t\t<\/script>\n\t\t<!-- All in One SEO -->\n\n","aioseo_head_json":{"title":"Silas Schneider prend la direction op\u00e9rationnelle - immo!nvest - Die Plattform f\u00fcr Standorte und Immobilien","description":"\u00c0 la fin de l'ann\u00e9e 2024, la direction op\u00e9rationnelle d'Abacus Business Solutions AG sera confi\u00e9e \u00e0 une nouvelle direction. Marcel Kupferschmied, le PDG de longue date, c\u00e9dera son r\u00f4le \u00e0 Silas Schneider. Malgr\u00e9 ce changement de direction, Kupferschmied restera chez ABS et continuera \u00e0 apporter son expertise et son exp\u00e9rience en tant que d\u00e9l\u00e9gu\u00e9 du conseil d'administration \u00e0 partir de 2025. L'\u00e9quipe de direction sera compl\u00e9t\u00e9e par Nadine Frauenfelder-Winkler, Robin Kropf et Roman P\u00f6llinger, qui continueront \u00e0 assumer leurs responsabilit\u00e9s.","canonical_url":"https:\/\/www.immo-invest.ch\/fr\/silas-schneider-uebernimmt-operative-leitung\/","robots":"max-image-preview:large","keywords":"","webmasterTools":{"google-site-verification":"fHJKvgWpZCR2zVBHWfkQeFXC11qieUSff0HGNYfuyLA","miscellaneous":""},"schema":{"@context":"https:\/\/schema.org","@graph":[{"@type":"BlogPosting","@id":"https:\/\/www.immo-invest.ch\/fr\/silas-schneider-uebernimmt-operative-leitung\/#blogposting","name":"Silas Schneider prend la direction op\u00e9rationnelle - immo!nvest - Die Plattform f\u00fcr Standorte und Immobilien","headline":"Silas Schneider prend la direction op\u00e9rationnelle","author":{"@id":"https:\/\/www.immo-invest.ch\/fr\/author\/immovestuser\/#author"},"publisher":{"@id":"https:\/\/www.immo-invest.ch\/fr\/#organization"},"image":{"@type":"ImageObject","url":"https:\/\/www.immo-invest.ch\/wp-content\/uploads\/2024\/06\/24-06-04_NachfolgeABS_DE.jpg","width":623,"height":414},"datePublished":"2024-06-11T13:49:40+02:00","dateModified":"2024-06-14T09:27:45+02:00","inLanguage":"fr-FR","mainEntityOfPage":{"@id":"https:\/\/www.immo-invest.ch\/fr\/silas-schneider-uebernimmt-operative-leitung\/#webpage"},"isPartOf":{"@id":"https:\/\/www.immo-invest.ch\/fr\/silas-schneider-uebernimmt-operative-leitung\/#webpage"},"articleSection":"Gens, Entwicklung, F\u00fchrungspitze, Herausforderung, Leitung, Unternehmen, Facultatif"},{"@type":"BreadcrumbList","@id":"https:\/\/www.immo-invest.ch\/fr\/silas-schneider-uebernimmt-operative-leitung\/#breadcrumblist","itemListElement":[{"@type":"ListItem","@id":"https:\/\/www.immo-invest.ch\/fr\/#listItem","position":1,"name":"Home","item":"https:\/\/www.immo-invest.ch\/fr\/","nextItem":{"@type":"ListItem","@id":"https:\/\/www.immo-invest.ch\/fr\/categories\/personnes\/#listItem","name":"Personnes"}},{"@type":"ListItem","@id":"https:\/\/www.immo-invest.ch\/fr\/categories\/personnes\/#listItem","position":2,"name":"Personnes","item":"https:\/\/www.immo-invest.ch\/fr\/categories\/personnes\/","nextItem":{"@type":"ListItem","@id":"https:\/\/www.immo-invest.ch\/fr\/categories\/personnes\/gens\/#listItem","name":"Gens"},"previousItem":{"@type":"ListItem","@id":"https:\/\/www.immo-invest.ch\/fr\/#listItem","name":"Home"}},{"@type":"ListItem","@id":"https:\/\/www.immo-invest.ch\/fr\/categories\/personnes\/gens\/#listItem","position":3,"name":"Gens","item":"https:\/\/www.immo-invest.ch\/fr\/categories\/personnes\/gens\/","nextItem":{"@type":"ListItem","@id":"https:\/\/www.immo-invest.ch\/fr\/silas-schneider-uebernimmt-operative-leitung\/#listItem","name":"Silas Schneider prend la direction op\u00e9rationnelle"},"previousItem":{"@type":"ListItem","@id":"https:\/\/www.immo-invest.ch\/fr\/categories\/personnes\/#listItem","name":"Personnes"}},{"@type":"ListItem","@id":"https:\/\/www.immo-invest.ch\/fr\/silas-schneider-uebernimmt-operative-leitung\/#listItem","position":4,"name":"Silas Schneider prend la direction op\u00e9rationnelle","previousItem":{"@type":"ListItem","@id":"https:\/\/www.immo-invest.ch\/fr\/categories\/personnes\/gens\/#listItem","name":"Gens"}}]},{"@type":"Organization","@id":"https:\/\/www.immo-invest.ch\/fr\/#organization","name":"immo!nvest - Die Plattform f\u00fcr Standorte und Immobilien","description":"Die\u00a0Plattform f\u00fcr Standorte und Immobilien","url":"https:\/\/www.immo-invest.ch\/fr\/","email":"admin@immomedia.ag","telephone":"+41444420002","logo":{"@type":"ImageObject","url":"https:\/\/www.immo-invest.ch\/wp-content\/uploads\/2024\/09\/immoinvest_sm-scaled.jpg","@id":"https:\/\/www.immo-invest.ch\/fr\/silas-schneider-uebernimmt-operative-leitung\/#organizationLogo","width":2560,"height":1340},"image":{"@id":"https:\/\/www.immo-invest.ch\/fr\/silas-schneider-uebernimmt-operative-leitung\/#organizationLogo"},"sameAs":["https:\/\/www.facebook.com\/people\/Immoinvest\/100077962920504\/","https:\/\/x.com\/i\/flow\/login?redirect_after_login=immoinvest_ch","https:\/\/www.instagram.com\/immoinvest_ch\/","https:\/\/www.linkedin.com\/company\/immoinvest-swiss"]},{"@type":"Person","@id":"https:\/\/www.immo-invest.ch\/fr\/author\/immovestuser\/#author","url":"https:\/\/www.immo-invest.ch\/fr\/author\/immovestuser\/","name":"immovestuser","image":{"@type":"ImageObject","@id":"https:\/\/www.immo-invest.ch\/fr\/silas-schneider-uebernimmt-operative-leitung\/#authorImage","url":"https:\/\/secure.gravatar.com\/avatar\/8e01f4d99f2eeea7a362ebb93305e1172a70e9293ba250f897a65c39f54cdd1e?s=96&d=mm&r=g","width":96,"height":96,"caption":"immovestuser"}},{"@type":"WebPage","@id":"https:\/\/www.immo-invest.ch\/fr\/silas-schneider-uebernimmt-operative-leitung\/#webpage","url":"https:\/\/www.immo-invest.ch\/fr\/silas-schneider-uebernimmt-operative-leitung\/","name":"Silas Schneider prend la direction op\u00e9rationnelle - immo!nvest - Die Plattform f\u00fcr Standorte und Immobilien","description":"\u00c0 la fin de l'ann\u00e9e 2024, la direction op\u00e9rationnelle d'Abacus Business Solutions AG sera confi\u00e9e \u00e0 une nouvelle direction. Marcel Kupferschmied, le PDG de longue date, c\u00e9dera son r\u00f4le \u00e0 Silas Schneider. Malgr\u00e9 ce changement de direction, Kupferschmied restera chez ABS et continuera \u00e0 apporter son expertise et son exp\u00e9rience en tant que d\u00e9l\u00e9gu\u00e9 du conseil d'administration \u00e0 partir de 2025. L'\u00e9quipe de direction sera compl\u00e9t\u00e9e par Nadine Frauenfelder-Winkler, Robin Kropf et Roman P\u00f6llinger, qui continueront \u00e0 assumer leurs responsabilit\u00e9s.","inLanguage":"fr-FR","isPartOf":{"@id":"https:\/\/www.immo-invest.ch\/fr\/#website"},"breadcrumb":{"@id":"https:\/\/www.immo-invest.ch\/fr\/silas-schneider-uebernimmt-operative-leitung\/#breadcrumblist"},"author":{"@id":"https:\/\/www.immo-invest.ch\/fr\/author\/immovestuser\/#author"},"creator":{"@id":"https:\/\/www.immo-invest.ch\/fr\/author\/immovestuser\/#author"},"image":{"@type":"ImageObject","url":"https:\/\/www.immo-invest.ch\/wp-content\/uploads\/2024\/06\/24-06-04_NachfolgeABS_DE.jpg","@id":"https:\/\/www.immo-invest.ch\/fr\/silas-schneider-uebernimmt-operative-leitung\/#mainImage","width":623,"height":414},"primaryImageOfPage":{"@id":"https:\/\/www.immo-invest.ch\/fr\/silas-schneider-uebernimmt-operative-leitung\/#mainImage"},"datePublished":"2024-06-11T13:49:40+02:00","dateModified":"2024-06-14T09:27:45+02:00"},{"@type":"WebSite","@id":"https:\/\/www.immo-invest.ch\/fr\/#website","url":"https:\/\/www.immo-invest.ch\/fr\/","name":"immo!nvest - Die Plattform f\u00fcr Standorte und Immobilien","description":"Die\u00a0Plattform f\u00fcr Standorte und Immobilien","inLanguage":"fr-FR","publisher":{"@id":"https:\/\/www.immo-invest.ch\/fr\/#organization"}}]},"og:locale":"fr_FR","og:site_name":"immo!nvest - Die Plattform f\u00fcr Standorte und Immobilien - Die\u00a0Plattform f\u00fcr Standorte und Immobilien","og:type":"article","og:title":"Silas Schneider prend la direction op\u00e9rationnelle - immo!nvest - Die Plattform f\u00fcr Standorte und Immobilien","og:description":"\u00c0 la fin de l'ann\u00e9e 2024, la direction op\u00e9rationnelle d'Abacus Business Solutions AG sera confi\u00e9e \u00e0 une nouvelle direction. Marcel Kupferschmied, le PDG de longue date, c\u00e9dera son r\u00f4le \u00e0 Silas Schneider. Malgr\u00e9 ce changement de direction, Kupferschmied restera chez ABS et continuera \u00e0 apporter son expertise et son exp\u00e9rience en tant que d\u00e9l\u00e9gu\u00e9 du conseil d'administration \u00e0 partir de 2025. L'\u00e9quipe de direction sera compl\u00e9t\u00e9e par Nadine Frauenfelder-Winkler, Robin Kropf et Roman P\u00f6llinger, qui continueront \u00e0 assumer leurs responsabilit\u00e9s.","og:url":"https:\/\/www.immo-invest.ch\/fr\/silas-schneider-uebernimmt-operative-leitung\/","og:image":"https:\/\/www.immo-invest.ch\/wp-content\/uploads\/2024\/06\/24-06-04_NachfolgeABS_DE.jpg","og:image:secure_url":"https:\/\/www.immo-invest.ch\/wp-content\/uploads\/2024\/06\/24-06-04_NachfolgeABS_DE.jpg","og:image:width":623,"og:image:height":414,"article:published_time":"2024-06-11T11:49:40+00:00","article:modified_time":"2024-06-14T07:27:45+00:00","article:publisher":"https:\/\/www.facebook.com\/people\/Immoinvest\/100077962920504\/","twitter:card":"summary_large_image","twitter:site":"@i","twitter:title":"Silas Schneider prend la direction op\u00e9rationnelle - immo!nvest - Die Plattform f\u00fcr Standorte und Immobilien","twitter:description":"\u00c0 la fin de l'ann\u00e9e 2024, la direction op\u00e9rationnelle d'Abacus Business Solutions AG sera confi\u00e9e \u00e0 une nouvelle direction. Marcel Kupferschmied, le PDG de longue date, c\u00e9dera son r\u00f4le \u00e0 Silas Schneider. Malgr\u00e9 ce changement de direction, Kupferschmied restera chez ABS et continuera \u00e0 apporter son expertise et son exp\u00e9rience en tant que d\u00e9l\u00e9gu\u00e9 du conseil d'administration \u00e0 partir de 2025. L'\u00e9quipe de direction sera compl\u00e9t\u00e9e par Nadine Frauenfelder-Winkler, Robin Kropf et Roman P\u00f6llinger, qui continueront \u00e0 assumer leurs responsabilit\u00e9s.","twitter:creator":"@i","twitter:image":"https:\/\/www.immo-invest.ch\/wp-content\/uploads\/2024\/06\/24-06-04_NachfolgeABS_DE.jpg"},"aioseo_meta_data":{"post_id":"99309","title":null,"description":null,"keywords":null,"keyphrases":null,"primary_term":null,"canonical_url":null,"og_title":null,"og_description":null,"og_object_type":"default","og_image_type":"default","og_image_url":null,"og_image_width":null,"og_image_height":null,"og_image_custom_url":null,"og_image_custom_fields":null,"og_video":null,"og_custom_url":null,"og_article_section":null,"og_article_tags":null,"twitter_use_og":false,"twitter_card":"default","twitter_image_type":"default","twitter_image_url":null,"twitter_image_custom_url":null,"twitter_image_custom_fields":null,"twitter_title":null,"twitter_description":null,"schema":{"blockGraphs":[],"customGraphs":[],"default":{"data":{"Article":[],"Course":[],"Dataset":[],"FAQPage":[],"Movie":[],"Person":[],"Product":[],"ProductReview":[],"Car":[],"Recipe":[],"Service":[],"SoftwareApplication":[],"WebPage":[]},"graphName":"","isEnabled":true},"graphs":[]},"schema_type":"default","schema_type_options":null,"pillar_content":false,"robots_default":true,"robots_noindex":false,"robots_noarchive":false,"robots_nosnippet":false,"robots_nofollow":false,"robots_noimageindex":false,"robots_noodp":false,"robots_notranslate":false,"robots_max_snippet":null,"robots_max_videopreview":null,"robots_max_imagepreview":"large","priority":null,"frequency":null,"local_seo":null,"breadcrumb_settings":null,"limit_modified_date":false,"ai":null,"created":"2024-09-20 21:24:58","updated":"2025-10-24 03:42:11","seo_analyzer_scan_date":null,"focus_keyword":null,"additional_keywords":null,"truseo_locale":null},"aioseo_breadcrumb":"<div class=\"aioseo-breadcrumbs\"><span class=\"aioseo-breadcrumb\">\n\t\t\t<a href=\"https:\/\/www.immo-invest.ch\/fr\/\" title=\"Home\">Home<\/a>\n\t\t<\/span><span class=\"aioseo-breadcrumb-separator\">&raquo;<\/span><span class=\"aioseo-breadcrumb\">\n\t\t\t<a href=\"https:\/\/www.immo-invest.ch\/fr\/categories\/personnes\/\" title=\"Personnes\">Personnes<\/a>\n\t\t<\/span><span class=\"aioseo-breadcrumb-separator\">&raquo;<\/span><span class=\"aioseo-breadcrumb\">\n\t\t\t<a href=\"https:\/\/www.immo-invest.ch\/fr\/categories\/personnes\/gens\/\" title=\"Gens\">Gens<\/a>\n\t\t<\/span><span class=\"aioseo-breadcrumb-separator\">&raquo;<\/span><span class=\"aioseo-breadcrumb\">\n\t\t\tSilas Schneider prend la direction op\u00e9rationnelle\n\t\t<\/span><\/div>","aioseo_breadcrumb_json":[{"label":"Home","link":"https:\/\/www.immo-invest.ch\/fr\/"},{"label":"Personnes","link":"https:\/\/www.immo-invest.ch\/fr\/categories\/personnes\/"},{"label":"Gens","link":"https:\/\/www.immo-invest.ch\/fr\/categories\/personnes\/gens\/"},{"label":"Silas Schneider prend la direction op\u00e9rationnelle","link":"https:\/\/www.immo-invest.ch\/fr\/silas-schneider-uebernimmt-operative-leitung\/"}],"featured_image_src":"https:\/\/www.immo-invest.ch\/wp-content\/uploads\/2024\/06\/24-06-04_NachfolgeABS_DE-336x168.jpg","_links":{"self":[{"href":"https:\/\/www.immo-invest.ch\/fr\/wp-json\/wp\/v2\/posts\/99309","targetHints":{"allow":["GET"]}}],"collection":[{"href":"https:\/\/www.immo-invest.ch\/fr\/wp-json\/wp\/v2\/posts"}],"about":[{"href":"https:\/\/www.immo-invest.ch\/fr\/wp-json\/wp\/v2\/types\/post"}],"author":[{"embeddable":true,"href":"https:\/\/www.immo-invest.ch\/fr\/wp-json\/wp\/v2\/users\/2"}],"replies":[{"embeddable":true,"href":"https:\/\/www.immo-invest.ch\/fr\/wp-json\/wp\/v2\/comments?post=99309"}],"version-history":[{"count":0,"href":"https:\/\/www.immo-invest.ch\/fr\/wp-json\/wp\/v2\/posts\/99309\/revisions"}],"wp:featuredmedia":[{"embeddable":true,"href":"https:\/\/www.immo-invest.ch\/fr\/wp-json\/wp\/v2\/media\/99304"}],"wp:attachment":[{"href":"https:\/\/www.immo-invest.ch\/fr\/wp-json\/wp\/v2\/media?parent=99309"}],"wp:term":[{"taxonomy":"category","embeddable":true,"href":"https:\/\/www.immo-invest.ch\/fr\/wp-json\/wp\/v2\/categories?post=99309"},{"taxonomy":"post_tag","embeddable":true,"href":"https:\/\/www.immo-invest.ch\/fr\/wp-json\/wp\/v2\/tags?post=99309"}],"curies":[{"name":"wp","href":"https:\/\/api.w.org\/{rel}","templated":true}]}}