{"id":96094,"date":"2024-06-05T09:16:02","date_gmt":"2024-06-05T07:16:02","guid":{"rendered":"https:\/\/www.immo-invest.ch\/eroeffnung-eines-neuen-berufsschulzentrums\/"},"modified":"2024-06-05T09:17:57","modified_gmt":"2024-06-05T07:17:57","slug":"eroeffnung-eines-neuen-berufsschulzentrums","status":"publish","type":"post","link":"https:\/\/www.immo-invest.ch\/fr\/eroeffnung-eines-neuen-berufsschulzentrums\/","title":{"rendered":"Ouverture d&rsquo;un nouveau centre de formation professionnelle"},"content":{"rendered":"<p class=\"bodytext\">Le nouveau centre de formation de <a href=\"https:\/\/polybau.ch\/\" target=\"_blank\" rel=\"noopener\">Polybau<\/a> &agrave; Grenchen sera le troisi&egrave;me centre de formation professionnelle apr&egrave;s les deux sites principaux d&rsquo;Uzwil et des Paccots. <a href=\"https:\/\/polybau.ch\/\" target=\"_blank\" rel=\"noopener\">Polybau<\/a> a &eacute;t&eacute; fond&eacute;e en 1949 en tant qu&rsquo;&eacute;cole sp&eacute;cialis&eacute;e de l&rsquo;Association suisse des ma&icirc;tres couvreurs. Elle est aujourd&rsquo;hui consid&eacute;r&eacute;e en Suisse comme le principal centre de formation pour les sp&eacute;cialistes de l&rsquo;enveloppe des b&acirc;timents. L&rsquo;extension doit permettre de renforcer le paysage &eacute;ducatif soleurois ainsi que la collaboration avec les entreprises et l&rsquo;industrie locales.<\/p>\n<p class=\"bodytext\">&laquo;&nbsp;Avec sa situation centrale et sa bonne desserte par le r&eacute;seau de transports publics, Granges est parfaitement accessible pour les apprentis de toute la r&eacute;gion&nbsp;&raquo;, explique Andr&eacute; Schreyer, directeur du centre de formation Polybau, cit&eacute; dans un <a href=\"https:\/\/www.presseportal.ch\/de\/pm\/100079766\/100919920\" target=\"_blank\" rel=\"noopener\">communiqu&eacute;<\/a>. &laquo;&nbsp;Le nouveau site de l&rsquo;&eacute;cole professionnelle offre en outre l&rsquo;infrastructure n&eacute;cessaire pour r&eacute;pondre aux exigences &eacute;lev&eacute;es d&rsquo;une formation professionnelle moderne et orient&eacute;e vers l&rsquo;avenir&nbsp;&raquo;<\/p>\n<p class=\"bodytext\">Chaque ann&eacute;e, environ 750 apprentis titulaires d&rsquo;un certificat f&eacute;d&eacute;ral de capacit&eacute; (CFC) ou d&rsquo;une attestation f&eacute;d&eacute;rale de formation professionnelle (AFP) sont form&eacute;s dans les domaines de la toiture, des murs, de l&rsquo;&eacute;tanch&eacute;it&eacute;, de la protection solaire, des stores et de la construction d&rsquo;&eacute;chafaudages. Le nouveau site de Granges accueillera &agrave; partir du mois d&rsquo;ao&ucirc;t une partie des nouveaux m&eacute;tiers du solaire et des classes de couvreurs germanophones existantes, qui sont actuellement bas&eacute;es aux Paccots. La strat&eacute;gie de Polybau est de former des jeunes en Suisse et d&rsquo;encourager leur d&eacute;veloppement professionnel. La direction scolaire responsable du concept de l&rsquo;&eacute;cole reste sur le site d&rsquo;Uzwil. La gestion centralis&eacute;e garantit l&rsquo;efficacit&eacute; et la qualit&eacute; de la formation, pr&eacute;cise le communiqu&eacute;.<\/p>\n","protected":false},"excerpt":{"rendered":"<p>Le nouveau centre de formation de Polybau \u00e0 Grenchen sera le troisi\u00e8me centre d&rsquo;apprentissage de l&rsquo;entreprise. Il vise \u00e0 renforcer le paysage \u00e9ducatif de Soleure et \u00e0 favoriser la collaboration avec les entreprises et l&rsquo;industrie locales.<\/p>\n","protected":false},"author":2,"featured_media":96091,"comment_status":"open","ping_status":"open","sticky":false,"template":"","format":"standard","meta":{"pmpro_default_level":"","inline_featured_image":false,"_monsterinsights_skip_tracking":false,"footnotes":""},"categories":[9824,739,9441],"tags":[31416,47242,872,3931,2002,1176],"class_list":["post-96094","post","type-post","status-publish","format-standard","has-post-thumbnail","hentry","category-nouvelle-construction","category-projects","category-region-soleure","tag-ausbildung-fr","tag-berufsschulzentrum-fr","tag-immoinvest-fr","tag-immonews-fr","tag-news-fr","tag-polybau-fr","pmpro-has-access"],"acf":{"bild_mit_ki_erstellt_worden":[],"lead":"Le nouveau centre de formation de Polybau \u00e0 Grenchen sera le troisi\u00e8me centre d'apprentissage de l'entreprise. Il vise \u00e0 renforcer le paysage \u00e9ducatif de Soleure et \u00e0 favoriser la collaboration avec les entreprises et l'industrie locales.","autor":"ce\/js","ort":"Uzwil SG\/Les Paccots FR\/Grenchen SO","bildunterschrift":"","bild_im_grid":false,"gallerie":"","newsim":""},"aioseo_notices":[],"aioseo_head":"\n\t\t<!-- All in One SEO 5.0.0.1 - aioseo.com -->\n\t<meta name=\"description\" content=\"Le nouveau centre de formation de Polybau \u00e0 Grenchen sera le troisi\u00e8me centre d&#039;apprentissage de l&#039;entreprise. Il vise \u00e0 renforcer le paysage \u00e9ducatif de Soleure et \u00e0 favoriser la collaboration avec les entreprises et l&#039;industrie locales.\" \/>\n\t<meta name=\"robots\" content=\"max-image-preview:large\" \/>\n\t<meta name=\"author\" content=\"immovestuser\"\/>\n\t<meta name=\"google-site-verification\" content=\"fHJKvgWpZCR2zVBHWfkQeFXC11qieUSff0HGNYfuyLA\" \/>\n\t<link rel=\"canonical\" href=\"https:\/\/www.immo-invest.ch\/fr\/eroeffnung-eines-neuen-berufsschulzentrums\/\" \/>\n\t<meta name=\"generator\" content=\"All in One SEO (AIOSEO) 5.0.0.1\" \/>\n\t\t<meta property=\"og:locale\" content=\"fr_FR\" \/>\n\t\t<meta property=\"og:site_name\" content=\"immo!nvest - Die Plattform f\u00fcr Standorte und Immobilien - Die\u00a0Plattform f\u00fcr Standorte und Immobilien\" \/>\n\t\t<meta property=\"og:type\" content=\"article\" \/>\n\t\t<meta property=\"og:title\" content=\"Ouverture d\u2019un nouveau centre de formation professionnelle - immo!nvest - Die Plattform f\u00fcr Standorte und Immobilien\" \/>\n\t\t<meta property=\"og:description\" content=\"Le nouveau centre de formation de Polybau \u00e0 Grenchen sera le troisi\u00e8me centre d&#039;apprentissage de l&#039;entreprise. Il vise \u00e0 renforcer le paysage \u00e9ducatif de Soleure et \u00e0 favoriser la collaboration avec les entreprises et l&#039;industrie locales.\" \/>\n\t\t<meta property=\"og:url\" content=\"https:\/\/www.immo-invest.ch\/fr\/eroeffnung-eines-neuen-berufsschulzentrums\/\" \/>\n\t\t<meta property=\"og:image\" content=\"https:\/\/www.immo-invest.ch\/wp-content\/uploads\/2024\/06\/Unbenannt.png\" \/>\n\t\t<meta property=\"og:image:secure_url\" content=\"https:\/\/www.immo-invest.ch\/wp-content\/uploads\/2024\/06\/Unbenannt.png\" \/>\n\t\t<meta property=\"og:image:width\" content=\"1792\" \/>\n\t\t<meta property=\"og:image:height\" content=\"1024\" \/>\n\t\t<meta property=\"article:published_time\" content=\"2024-06-05T07:16:02+00:00\" \/>\n\t\t<meta property=\"article:modified_time\" content=\"2024-06-05T07:17:57+00:00\" \/>\n\t\t<meta property=\"article:publisher\" content=\"https:\/\/www.facebook.com\/people\/Immoinvest\/100077962920504\/\" \/>\n\t\t<meta name=\"twitter:card\" content=\"summary_large_image\" \/>\n\t\t<meta name=\"twitter:site\" content=\"@i\" \/>\n\t\t<meta name=\"twitter:title\" content=\"Ouverture d\u2019un nouveau centre de formation professionnelle - immo!nvest - Die Plattform f\u00fcr Standorte und Immobilien\" \/>\n\t\t<meta name=\"twitter:description\" content=\"Le nouveau centre de formation de Polybau \u00e0 Grenchen sera le troisi\u00e8me centre d&#039;apprentissage de l&#039;entreprise. Il vise \u00e0 renforcer le paysage \u00e9ducatif de Soleure et \u00e0 favoriser la collaboration avec les entreprises et l&#039;industrie locales.\" \/>\n\t\t<meta name=\"twitter:creator\" content=\"@i\" \/>\n\t\t<meta name=\"twitter:image\" content=\"https:\/\/www.immo-invest.ch\/wp-content\/uploads\/2024\/06\/Unbenannt.png\" \/>\n\t\t<script type=\"application\/ld+json\" class=\"aioseo-schema\">\n\t\t\t{\"@context\":\"https:\\\/\\\/schema.org\",\"@graph\":[{\"@type\":\"BlogPosting\",\"@id\":\"https:\\\/\\\/www.immo-invest.ch\\\/fr\\\/eroeffnung-eines-neuen-berufsschulzentrums\\\/#blogposting\",\"name\":\"Ouverture d\\u2019un nouveau centre de formation professionnelle - immo!nvest - Die Plattform f\\u00fcr Standorte und Immobilien\",\"headline\":\"Ouverture d&rsquo;un nouveau centre de formation professionnelle\",\"author\":{\"@id\":\"https:\\\/\\\/www.immo-invest.ch\\\/fr\\\/author\\\/immovestuser\\\/#author\"},\"publisher\":{\"@id\":\"https:\\\/\\\/www.immo-invest.ch\\\/fr\\\/#organization\"},\"image\":{\"@type\":\"ImageObject\",\"url\":\"https:\\\/\\\/www.immo-invest.ch\\\/wp-content\\\/uploads\\\/2024\\\/06\\\/Unbenannt.png\",\"width\":1792,\"height\":1024},\"datePublished\":\"2024-06-05T09:16:02+02:00\",\"dateModified\":\"2024-06-05T09:17:57+02:00\",\"inLanguage\":\"fr-FR\",\"mainEntityOfPage\":{\"@id\":\"https:\\\/\\\/www.immo-invest.ch\\\/fr\\\/eroeffnung-eines-neuen-berufsschulzentrums\\\/#webpage\"},\"isPartOf\":{\"@id\":\"https:\\\/\\\/www.immo-invest.ch\\\/fr\\\/eroeffnung-eines-neuen-berufsschulzentrums\\\/#webpage\"},\"articleSection\":\"Nouvelle construction, Projects, Soleure, Ausbildung, Berufsschulzentrum, Immoinvest, immoNews, News, Polybau, Facultatif\"},{\"@type\":\"BreadcrumbList\",\"@id\":\"https:\\\/\\\/www.immo-invest.ch\\\/fr\\\/eroeffnung-eines-neuen-berufsschulzentrums\\\/#breadcrumblist\",\"itemListElement\":[{\"@type\":\"ListItem\",\"@id\":\"https:\\\/\\\/www.immo-invest.ch\\\/fr\\\/#listItem\",\"position\":1,\"name\":\"Home\",\"item\":\"https:\\\/\\\/www.immo-invest.ch\\\/fr\\\/\",\"nextItem\":{\"@type\":\"ListItem\",\"@id\":\"https:\\\/\\\/www.immo-invest.ch\\\/fr\\\/categories\\\/regions\\\/#listItem\",\"name\":\"R\\u00e9gions\"}},{\"@type\":\"ListItem\",\"@id\":\"https:\\\/\\\/www.immo-invest.ch\\\/fr\\\/categories\\\/regions\\\/#listItem\",\"position\":2,\"name\":\"R\\u00e9gions\",\"item\":\"https:\\\/\\\/www.immo-invest.ch\\\/fr\\\/categories\\\/regions\\\/\",\"nextItem\":{\"@type\":\"ListItem\",\"@id\":\"https:\\\/\\\/www.immo-invest.ch\\\/fr\\\/categories\\\/regions\\\/suisse\\\/#listItem\",\"name\":\"Suisse\"},\"previousItem\":{\"@type\":\"ListItem\",\"@id\":\"https:\\\/\\\/www.immo-invest.ch\\\/fr\\\/#listItem\",\"name\":\"Home\"}},{\"@type\":\"ListItem\",\"@id\":\"https:\\\/\\\/www.immo-invest.ch\\\/fr\\\/categories\\\/regions\\\/suisse\\\/#listItem\",\"position\":3,\"name\":\"Suisse\",\"item\":\"https:\\\/\\\/www.immo-invest.ch\\\/fr\\\/categories\\\/regions\\\/suisse\\\/\",\"nextItem\":{\"@type\":\"ListItem\",\"@id\":\"https:\\\/\\\/www.immo-invest.ch\\\/fr\\\/categories\\\/regions\\\/suisse\\\/espace-mittelland\\\/#listItem\",\"name\":\"Espace Mittelland\"},\"previousItem\":{\"@type\":\"ListItem\",\"@id\":\"https:\\\/\\\/www.immo-invest.ch\\\/fr\\\/categories\\\/regions\\\/#listItem\",\"name\":\"R\\u00e9gions\"}},{\"@type\":\"ListItem\",\"@id\":\"https:\\\/\\\/www.immo-invest.ch\\\/fr\\\/categories\\\/regions\\\/suisse\\\/espace-mittelland\\\/#listItem\",\"position\":4,\"name\":\"Espace Mittelland\",\"item\":\"https:\\\/\\\/www.immo-invest.ch\\\/fr\\\/categories\\\/regions\\\/suisse\\\/espace-mittelland\\\/\",\"nextItem\":{\"@type\":\"ListItem\",\"@id\":\"https:\\\/\\\/www.immo-invest.ch\\\/fr\\\/categories\\\/regions\\\/suisse\\\/espace-mittelland\\\/region-soleure\\\/#listItem\",\"name\":\"Soleure\"},\"previousItem\":{\"@type\":\"ListItem\",\"@id\":\"https:\\\/\\\/www.immo-invest.ch\\\/fr\\\/categories\\\/regions\\\/suisse\\\/#listItem\",\"name\":\"Suisse\"}},{\"@type\":\"ListItem\",\"@id\":\"https:\\\/\\\/www.immo-invest.ch\\\/fr\\\/categories\\\/regions\\\/suisse\\\/espace-mittelland\\\/region-soleure\\\/#listItem\",\"position\":5,\"name\":\"Soleure\",\"item\":\"https:\\\/\\\/www.immo-invest.ch\\\/fr\\\/categories\\\/regions\\\/suisse\\\/espace-mittelland\\\/region-soleure\\\/\",\"nextItem\":{\"@type\":\"ListItem\",\"@id\":\"https:\\\/\\\/www.immo-invest.ch\\\/fr\\\/eroeffnung-eines-neuen-berufsschulzentrums\\\/#listItem\",\"name\":\"Ouverture d&rsquo;un nouveau centre de formation professionnelle\"},\"previousItem\":{\"@type\":\"ListItem\",\"@id\":\"https:\\\/\\\/www.immo-invest.ch\\\/fr\\\/categories\\\/regions\\\/suisse\\\/espace-mittelland\\\/#listItem\",\"name\":\"Espace Mittelland\"}},{\"@type\":\"ListItem\",\"@id\":\"https:\\\/\\\/www.immo-invest.ch\\\/fr\\\/eroeffnung-eines-neuen-berufsschulzentrums\\\/#listItem\",\"position\":6,\"name\":\"Ouverture d&rsquo;un nouveau centre de formation professionnelle\",\"previousItem\":{\"@type\":\"ListItem\",\"@id\":\"https:\\\/\\\/www.immo-invest.ch\\\/fr\\\/categories\\\/regions\\\/suisse\\\/espace-mittelland\\\/region-soleure\\\/#listItem\",\"name\":\"Soleure\"}}]},{\"@type\":\"Organization\",\"@id\":\"https:\\\/\\\/www.immo-invest.ch\\\/fr\\\/#organization\",\"name\":\"immo!nvest - Die Plattform f\\u00fcr Standorte und Immobilien\",\"description\":\"Die\\u00a0Plattform f\\u00fcr Standorte und Immobilien\",\"url\":\"https:\\\/\\\/www.immo-invest.ch\\\/fr\\\/\",\"email\":\"admin@immomedia.ag\",\"telephone\":\"+41444420002\",\"logo\":{\"@type\":\"ImageObject\",\"url\":\"https:\\\/\\\/www.immo-invest.ch\\\/wp-content\\\/uploads\\\/2024\\\/09\\\/immoinvest_sm-scaled.jpg\",\"@id\":\"https:\\\/\\\/www.immo-invest.ch\\\/fr\\\/eroeffnung-eines-neuen-berufsschulzentrums\\\/#organizationLogo\",\"width\":2560,\"height\":1340},\"image\":{\"@id\":\"https:\\\/\\\/www.immo-invest.ch\\\/fr\\\/eroeffnung-eines-neuen-berufsschulzentrums\\\/#organizationLogo\"},\"sameAs\":[\"https:\\\/\\\/www.facebook.com\\\/people\\\/Immoinvest\\\/100077962920504\\\/\",\"https:\\\/\\\/x.com\\\/i\\\/flow\\\/login?redirect_after_login=immoinvest_ch\",\"https:\\\/\\\/www.instagram.com\\\/immoinvest_ch\\\/\",\"https:\\\/\\\/www.linkedin.com\\\/company\\\/immoinvest-swiss\"]},{\"@type\":\"Person\",\"@id\":\"https:\\\/\\\/www.immo-invest.ch\\\/fr\\\/author\\\/immovestuser\\\/#author\",\"url\":\"https:\\\/\\\/www.immo-invest.ch\\\/fr\\\/author\\\/immovestuser\\\/\",\"name\":\"immovestuser\",\"image\":{\"@type\":\"ImageObject\",\"@id\":\"https:\\\/\\\/www.immo-invest.ch\\\/fr\\\/eroeffnung-eines-neuen-berufsschulzentrums\\\/#authorImage\",\"url\":\"https:\\\/\\\/secure.gravatar.com\\\/avatar\\\/8e01f4d99f2eeea7a362ebb93305e1172a70e9293ba250f897a65c39f54cdd1e?s=96&d=mm&r=g\",\"width\":96,\"height\":96,\"caption\":\"immovestuser\"}},{\"@type\":\"WebPage\",\"@id\":\"https:\\\/\\\/www.immo-invest.ch\\\/fr\\\/eroeffnung-eines-neuen-berufsschulzentrums\\\/#webpage\",\"url\":\"https:\\\/\\\/www.immo-invest.ch\\\/fr\\\/eroeffnung-eines-neuen-berufsschulzentrums\\\/\",\"name\":\"Ouverture d\\u2019un nouveau centre de formation professionnelle - immo!nvest - Die Plattform f\\u00fcr Standorte und Immobilien\",\"description\":\"Le nouveau centre de formation de Polybau \\u00e0 Grenchen sera le troisi\\u00e8me centre d'apprentissage de l'entreprise. Il vise \\u00e0 renforcer le paysage \\u00e9ducatif de Soleure et \\u00e0 favoriser la collaboration avec les entreprises et l'industrie locales.\",\"inLanguage\":\"fr-FR\",\"isPartOf\":{\"@id\":\"https:\\\/\\\/www.immo-invest.ch\\\/fr\\\/#website\"},\"breadcrumb\":{\"@id\":\"https:\\\/\\\/www.immo-invest.ch\\\/fr\\\/eroeffnung-eines-neuen-berufsschulzentrums\\\/#breadcrumblist\"},\"author\":{\"@id\":\"https:\\\/\\\/www.immo-invest.ch\\\/fr\\\/author\\\/immovestuser\\\/#author\"},\"creator\":{\"@id\":\"https:\\\/\\\/www.immo-invest.ch\\\/fr\\\/author\\\/immovestuser\\\/#author\"},\"image\":{\"@type\":\"ImageObject\",\"url\":\"https:\\\/\\\/www.immo-invest.ch\\\/wp-content\\\/uploads\\\/2024\\\/06\\\/Unbenannt.png\",\"@id\":\"https:\\\/\\\/www.immo-invest.ch\\\/fr\\\/eroeffnung-eines-neuen-berufsschulzentrums\\\/#mainImage\",\"width\":1792,\"height\":1024},\"primaryImageOfPage\":{\"@id\":\"https:\\\/\\\/www.immo-invest.ch\\\/fr\\\/eroeffnung-eines-neuen-berufsschulzentrums\\\/#mainImage\"},\"datePublished\":\"2024-06-05T09:16:02+02:00\",\"dateModified\":\"2024-06-05T09:17:57+02:00\"},{\"@type\":\"WebSite\",\"@id\":\"https:\\\/\\\/www.immo-invest.ch\\\/fr\\\/#website\",\"url\":\"https:\\\/\\\/www.immo-invest.ch\\\/fr\\\/\",\"name\":\"immo!nvest - Die Plattform f\\u00fcr Standorte und Immobilien\",\"description\":\"Die\\u00a0Plattform f\\u00fcr Standorte und Immobilien\",\"inLanguage\":\"fr-FR\",\"publisher\":{\"@id\":\"https:\\\/\\\/www.immo-invest.ch\\\/fr\\\/#organization\"}}]}\n\t\t<\/script>\n\t\t<!-- All in One SEO -->\n\n","aioseo_head_json":{"title":"Ouverture d\u2019un nouveau centre de formation professionnelle - immo!nvest - Die Plattform f\u00fcr Standorte und Immobilien","description":"Le nouveau centre de formation de Polybau \u00e0 Grenchen sera le troisi\u00e8me centre d'apprentissage de l'entreprise. Il vise \u00e0 renforcer le paysage \u00e9ducatif de Soleure et \u00e0 favoriser la collaboration avec les entreprises et l'industrie locales.","canonical_url":"https:\/\/www.immo-invest.ch\/fr\/eroeffnung-eines-neuen-berufsschulzentrums\/","robots":"max-image-preview:large","keywords":"","webmasterTools":{"google-site-verification":"fHJKvgWpZCR2zVBHWfkQeFXC11qieUSff0HGNYfuyLA","miscellaneous":""},"schema":{"@context":"https:\/\/schema.org","@graph":[{"@type":"BlogPosting","@id":"https:\/\/www.immo-invest.ch\/fr\/eroeffnung-eines-neuen-berufsschulzentrums\/#blogposting","name":"Ouverture d\u2019un nouveau centre de formation professionnelle - immo!nvest - Die Plattform f\u00fcr Standorte und Immobilien","headline":"Ouverture d&rsquo;un nouveau centre de formation professionnelle","author":{"@id":"https:\/\/www.immo-invest.ch\/fr\/author\/immovestuser\/#author"},"publisher":{"@id":"https:\/\/www.immo-invest.ch\/fr\/#organization"},"image":{"@type":"ImageObject","url":"https:\/\/www.immo-invest.ch\/wp-content\/uploads\/2024\/06\/Unbenannt.png","width":1792,"height":1024},"datePublished":"2024-06-05T09:16:02+02:00","dateModified":"2024-06-05T09:17:57+02:00","inLanguage":"fr-FR","mainEntityOfPage":{"@id":"https:\/\/www.immo-invest.ch\/fr\/eroeffnung-eines-neuen-berufsschulzentrums\/#webpage"},"isPartOf":{"@id":"https:\/\/www.immo-invest.ch\/fr\/eroeffnung-eines-neuen-berufsschulzentrums\/#webpage"},"articleSection":"Nouvelle construction, Projects, Soleure, Ausbildung, Berufsschulzentrum, Immoinvest, immoNews, News, Polybau, Facultatif"},{"@type":"BreadcrumbList","@id":"https:\/\/www.immo-invest.ch\/fr\/eroeffnung-eines-neuen-berufsschulzentrums\/#breadcrumblist","itemListElement":[{"@type":"ListItem","@id":"https:\/\/www.immo-invest.ch\/fr\/#listItem","position":1,"name":"Home","item":"https:\/\/www.immo-invest.ch\/fr\/","nextItem":{"@type":"ListItem","@id":"https:\/\/www.immo-invest.ch\/fr\/categories\/regions\/#listItem","name":"R\u00e9gions"}},{"@type":"ListItem","@id":"https:\/\/www.immo-invest.ch\/fr\/categories\/regions\/#listItem","position":2,"name":"R\u00e9gions","item":"https:\/\/www.immo-invest.ch\/fr\/categories\/regions\/","nextItem":{"@type":"ListItem","@id":"https:\/\/www.immo-invest.ch\/fr\/categories\/regions\/suisse\/#listItem","name":"Suisse"},"previousItem":{"@type":"ListItem","@id":"https:\/\/www.immo-invest.ch\/fr\/#listItem","name":"Home"}},{"@type":"ListItem","@id":"https:\/\/www.immo-invest.ch\/fr\/categories\/regions\/suisse\/#listItem","position":3,"name":"Suisse","item":"https:\/\/www.immo-invest.ch\/fr\/categories\/regions\/suisse\/","nextItem":{"@type":"ListItem","@id":"https:\/\/www.immo-invest.ch\/fr\/categories\/regions\/suisse\/espace-mittelland\/#listItem","name":"Espace Mittelland"},"previousItem":{"@type":"ListItem","@id":"https:\/\/www.immo-invest.ch\/fr\/categories\/regions\/#listItem","name":"R\u00e9gions"}},{"@type":"ListItem","@id":"https:\/\/www.immo-invest.ch\/fr\/categories\/regions\/suisse\/espace-mittelland\/#listItem","position":4,"name":"Espace Mittelland","item":"https:\/\/www.immo-invest.ch\/fr\/categories\/regions\/suisse\/espace-mittelland\/","nextItem":{"@type":"ListItem","@id":"https:\/\/www.immo-invest.ch\/fr\/categories\/regions\/suisse\/espace-mittelland\/region-soleure\/#listItem","name":"Soleure"},"previousItem":{"@type":"ListItem","@id":"https:\/\/www.immo-invest.ch\/fr\/categories\/regions\/suisse\/#listItem","name":"Suisse"}},{"@type":"ListItem","@id":"https:\/\/www.immo-invest.ch\/fr\/categories\/regions\/suisse\/espace-mittelland\/region-soleure\/#listItem","position":5,"name":"Soleure","item":"https:\/\/www.immo-invest.ch\/fr\/categories\/regions\/suisse\/espace-mittelland\/region-soleure\/","nextItem":{"@type":"ListItem","@id":"https:\/\/www.immo-invest.ch\/fr\/eroeffnung-eines-neuen-berufsschulzentrums\/#listItem","name":"Ouverture d&rsquo;un nouveau centre de formation professionnelle"},"previousItem":{"@type":"ListItem","@id":"https:\/\/www.immo-invest.ch\/fr\/categories\/regions\/suisse\/espace-mittelland\/#listItem","name":"Espace Mittelland"}},{"@type":"ListItem","@id":"https:\/\/www.immo-invest.ch\/fr\/eroeffnung-eines-neuen-berufsschulzentrums\/#listItem","position":6,"name":"Ouverture d&rsquo;un nouveau centre de formation professionnelle","previousItem":{"@type":"ListItem","@id":"https:\/\/www.immo-invest.ch\/fr\/categories\/regions\/suisse\/espace-mittelland\/region-soleure\/#listItem","name":"Soleure"}}]},{"@type":"Organization","@id":"https:\/\/www.immo-invest.ch\/fr\/#organization","name":"immo!nvest - Die Plattform f\u00fcr Standorte und Immobilien","description":"Die\u00a0Plattform f\u00fcr Standorte und Immobilien","url":"https:\/\/www.immo-invest.ch\/fr\/","email":"admin@immomedia.ag","telephone":"+41444420002","logo":{"@type":"ImageObject","url":"https:\/\/www.immo-invest.ch\/wp-content\/uploads\/2024\/09\/immoinvest_sm-scaled.jpg","@id":"https:\/\/www.immo-invest.ch\/fr\/eroeffnung-eines-neuen-berufsschulzentrums\/#organizationLogo","width":2560,"height":1340},"image":{"@id":"https:\/\/www.immo-invest.ch\/fr\/eroeffnung-eines-neuen-berufsschulzentrums\/#organizationLogo"},"sameAs":["https:\/\/www.facebook.com\/people\/Immoinvest\/100077962920504\/","https:\/\/x.com\/i\/flow\/login?redirect_after_login=immoinvest_ch","https:\/\/www.instagram.com\/immoinvest_ch\/","https:\/\/www.linkedin.com\/company\/immoinvest-swiss"]},{"@type":"Person","@id":"https:\/\/www.immo-invest.ch\/fr\/author\/immovestuser\/#author","url":"https:\/\/www.immo-invest.ch\/fr\/author\/immovestuser\/","name":"immovestuser","image":{"@type":"ImageObject","@id":"https:\/\/www.immo-invest.ch\/fr\/eroeffnung-eines-neuen-berufsschulzentrums\/#authorImage","url":"https:\/\/secure.gravatar.com\/avatar\/8e01f4d99f2eeea7a362ebb93305e1172a70e9293ba250f897a65c39f54cdd1e?s=96&d=mm&r=g","width":96,"height":96,"caption":"immovestuser"}},{"@type":"WebPage","@id":"https:\/\/www.immo-invest.ch\/fr\/eroeffnung-eines-neuen-berufsschulzentrums\/#webpage","url":"https:\/\/www.immo-invest.ch\/fr\/eroeffnung-eines-neuen-berufsschulzentrums\/","name":"Ouverture d\u2019un nouveau centre de formation professionnelle - immo!nvest - Die Plattform f\u00fcr Standorte und Immobilien","description":"Le nouveau centre de formation de Polybau \u00e0 Grenchen sera le troisi\u00e8me centre d'apprentissage de l'entreprise. Il vise \u00e0 renforcer le paysage \u00e9ducatif de Soleure et \u00e0 favoriser la collaboration avec les entreprises et l'industrie locales.","inLanguage":"fr-FR","isPartOf":{"@id":"https:\/\/www.immo-invest.ch\/fr\/#website"},"breadcrumb":{"@id":"https:\/\/www.immo-invest.ch\/fr\/eroeffnung-eines-neuen-berufsschulzentrums\/#breadcrumblist"},"author":{"@id":"https:\/\/www.immo-invest.ch\/fr\/author\/immovestuser\/#author"},"creator":{"@id":"https:\/\/www.immo-invest.ch\/fr\/author\/immovestuser\/#author"},"image":{"@type":"ImageObject","url":"https:\/\/www.immo-invest.ch\/wp-content\/uploads\/2024\/06\/Unbenannt.png","@id":"https:\/\/www.immo-invest.ch\/fr\/eroeffnung-eines-neuen-berufsschulzentrums\/#mainImage","width":1792,"height":1024},"primaryImageOfPage":{"@id":"https:\/\/www.immo-invest.ch\/fr\/eroeffnung-eines-neuen-berufsschulzentrums\/#mainImage"},"datePublished":"2024-06-05T09:16:02+02:00","dateModified":"2024-06-05T09:17:57+02:00"},{"@type":"WebSite","@id":"https:\/\/www.immo-invest.ch\/fr\/#website","url":"https:\/\/www.immo-invest.ch\/fr\/","name":"immo!nvest - Die Plattform f\u00fcr Standorte und Immobilien","description":"Die\u00a0Plattform f\u00fcr Standorte und Immobilien","inLanguage":"fr-FR","publisher":{"@id":"https:\/\/www.immo-invest.ch\/fr\/#organization"}}]},"og:locale":"fr_FR","og:site_name":"immo!nvest - Die Plattform f\u00fcr Standorte und Immobilien - Die\u00a0Plattform f\u00fcr Standorte und Immobilien","og:type":"article","og:title":"Ouverture d\u2019un nouveau centre de formation professionnelle - immo!nvest - Die Plattform f\u00fcr Standorte und Immobilien","og:description":"Le nouveau centre de formation de Polybau \u00e0 Grenchen sera le troisi\u00e8me centre d'apprentissage de l'entreprise. Il vise \u00e0 renforcer le paysage \u00e9ducatif de Soleure et \u00e0 favoriser la collaboration avec les entreprises et l'industrie locales.","og:url":"https:\/\/www.immo-invest.ch\/fr\/eroeffnung-eines-neuen-berufsschulzentrums\/","og:image":"https:\/\/www.immo-invest.ch\/wp-content\/uploads\/2024\/06\/Unbenannt.png","og:image:secure_url":"https:\/\/www.immo-invest.ch\/wp-content\/uploads\/2024\/06\/Unbenannt.png","og:image:width":1792,"og:image:height":1024,"article:published_time":"2024-06-05T07:16:02+00:00","article:modified_time":"2024-06-05T07:17:57+00:00","article:publisher":"https:\/\/www.facebook.com\/people\/Immoinvest\/100077962920504\/","twitter:card":"summary_large_image","twitter:site":"@i","twitter:title":"Ouverture d\u2019un nouveau centre de formation professionnelle - immo!nvest - Die Plattform f\u00fcr Standorte und Immobilien","twitter:description":"Le nouveau centre de formation de Polybau \u00e0 Grenchen sera le troisi\u00e8me centre d'apprentissage de l'entreprise. Il vise \u00e0 renforcer le paysage \u00e9ducatif de Soleure et \u00e0 favoriser la collaboration avec les entreprises et l'industrie locales.","twitter:creator":"@i","twitter:image":"https:\/\/www.immo-invest.ch\/wp-content\/uploads\/2024\/06\/Unbenannt.png"},"aioseo_meta_data":{"post_id":"96094","title":null,"description":null,"keywords":null,"keyphrases":null,"primary_term":null,"canonical_url":null,"og_title":null,"og_description":null,"og_object_type":"default","og_image_type":"default","og_image_url":null,"og_image_width":null,"og_image_height":null,"og_image_custom_url":null,"og_image_custom_fields":null,"og_video":null,"og_custom_url":null,"og_article_section":null,"og_article_tags":null,"twitter_use_og":false,"twitter_card":"default","twitter_image_type":"default","twitter_image_url":null,"twitter_image_custom_url":null,"twitter_image_custom_fields":null,"twitter_title":null,"twitter_description":null,"schema":{"blockGraphs":[],"customGraphs":[],"default":{"data":{"Article":[],"Course":[],"Dataset":[],"FAQPage":[],"Movie":[],"Person":[],"Product":[],"ProductReview":[],"Car":[],"Recipe":[],"Service":[],"SoftwareApplication":[],"WebPage":[]},"graphName":"","isEnabled":true},"graphs":[]},"schema_type":"default","schema_type_options":null,"pillar_content":false,"robots_default":true,"robots_noindex":false,"robots_noarchive":false,"robots_nosnippet":false,"robots_nofollow":false,"robots_noimageindex":false,"robots_noodp":false,"robots_notranslate":false,"robots_max_snippet":null,"robots_max_videopreview":null,"robots_max_imagepreview":"large","priority":null,"frequency":null,"local_seo":null,"breadcrumb_settings":null,"limit_modified_date":false,"ai":null,"created":"2024-09-20 21:05:00","updated":"2025-10-24 03:23:12","seo_analyzer_scan_date":null,"focus_keyword":null,"additional_keywords":null,"truseo_locale":null},"aioseo_breadcrumb":"<div class=\"aioseo-breadcrumbs\"><span class=\"aioseo-breadcrumb\">\n\t\t\t<a href=\"https:\/\/www.immo-invest.ch\/fr\/\" title=\"Home\">Home<\/a>\n\t\t<\/span><span class=\"aioseo-breadcrumb-separator\">&raquo;<\/span><span class=\"aioseo-breadcrumb\">\n\t\t\t<a href=\"https:\/\/www.immo-invest.ch\/fr\/categories\/regions\/\" title=\"R\u00e9gions\">R\u00e9gions<\/a>\n\t\t<\/span><span class=\"aioseo-breadcrumb-separator\">&raquo;<\/span><span class=\"aioseo-breadcrumb\">\n\t\t\t<a href=\"https:\/\/www.immo-invest.ch\/fr\/categories\/regions\/suisse\/\" title=\"Suisse\">Suisse<\/a>\n\t\t<\/span><span class=\"aioseo-breadcrumb-separator\">&raquo;<\/span><span class=\"aioseo-breadcrumb\">\n\t\t\t<a href=\"https:\/\/www.immo-invest.ch\/fr\/categories\/regions\/suisse\/espace-mittelland\/\" title=\"Espace Mittelland\">Espace Mittelland<\/a>\n\t\t<\/span><span class=\"aioseo-breadcrumb-separator\">&raquo;<\/span><span class=\"aioseo-breadcrumb\">\n\t\t\t<a href=\"https:\/\/www.immo-invest.ch\/fr\/categories\/regions\/suisse\/espace-mittelland\/region-soleure\/\" title=\"Soleure\">Soleure<\/a>\n\t\t<\/span><span class=\"aioseo-breadcrumb-separator\">&raquo;<\/span><span class=\"aioseo-breadcrumb\">\n\t\t\tOuverture d\u2019un nouveau centre de formation professionnelle\n\t\t<\/span><\/div>","aioseo_breadcrumb_json":[{"label":"Home","link":"https:\/\/www.immo-invest.ch\/fr\/"},{"label":"R\u00e9gions","link":"https:\/\/www.immo-invest.ch\/fr\/categories\/regions\/"},{"label":"Suisse","link":"https:\/\/www.immo-invest.ch\/fr\/categories\/regions\/suisse\/"},{"label":"Espace Mittelland","link":"https:\/\/www.immo-invest.ch\/fr\/categories\/regions\/suisse\/espace-mittelland\/"},{"label":"Soleure","link":"https:\/\/www.immo-invest.ch\/fr\/categories\/regions\/suisse\/espace-mittelland\/region-soleure\/"},{"label":"Ouverture d&rsquo;un nouveau centre de formation professionnelle","link":"https:\/\/www.immo-invest.ch\/fr\/eroeffnung-eines-neuen-berufsschulzentrums\/"}],"featured_image_src":"https:\/\/www.immo-invest.ch\/wp-content\/uploads\/2024\/06\/Unbenannt-336x168.png","_links":{"self":[{"href":"https:\/\/www.immo-invest.ch\/fr\/wp-json\/wp\/v2\/posts\/96094","targetHints":{"allow":["GET"]}}],"collection":[{"href":"https:\/\/www.immo-invest.ch\/fr\/wp-json\/wp\/v2\/posts"}],"about":[{"href":"https:\/\/www.immo-invest.ch\/fr\/wp-json\/wp\/v2\/types\/post"}],"author":[{"embeddable":true,"href":"https:\/\/www.immo-invest.ch\/fr\/wp-json\/wp\/v2\/users\/2"}],"replies":[{"embeddable":true,"href":"https:\/\/www.immo-invest.ch\/fr\/wp-json\/wp\/v2\/comments?post=96094"}],"version-history":[{"count":0,"href":"https:\/\/www.immo-invest.ch\/fr\/wp-json\/wp\/v2\/posts\/96094\/revisions"}],"wp:featuredmedia":[{"embeddable":true,"href":"https:\/\/www.immo-invest.ch\/fr\/wp-json\/wp\/v2\/media\/96091"}],"wp:attachment":[{"href":"https:\/\/www.immo-invest.ch\/fr\/wp-json\/wp\/v2\/media?parent=96094"}],"wp:term":[{"taxonomy":"category","embeddable":true,"href":"https:\/\/www.immo-invest.ch\/fr\/wp-json\/wp\/v2\/categories?post=96094"},{"taxonomy":"post_tag","embeddable":true,"href":"https:\/\/www.immo-invest.ch\/fr\/wp-json\/wp\/v2\/tags?post=96094"}],"curies":[{"name":"wp","href":"https:\/\/api.w.org\/{rel}","templated":true}]}}