{"id":95262,"date":"2024-05-31T09:29:14","date_gmt":"2024-05-31T07:29:14","guid":{"rendered":"https:\/\/www.immo-invest.ch\/stephanie-kiener-folgt-bei-der-limmatstadt-ag-auf-jasmina-ritz\/"},"modified":"2024-05-31T09:59:27","modified_gmt":"2024-05-31T07:59:27","slug":"stephanie-kiener-folgt-bei-der-limmatstadt-ag-auf-jasmina-ritz","status":"publish","type":"post","link":"https:\/\/www.immo-invest.ch\/fr\/stephanie-kiener-folgt-bei-der-limmatstadt-ag-auf-jasmina-ritz\/","title":{"rendered":"Stephanie Kiener succ\u00e8de \u00e0 Jasmina Ritz au sein de Limmatstadt AG"},"content":{"rendered":"<p class=\"bodytext\">La promotion &eacute;conomique <a href=\"https:\/\/www.limmatstadt.ch\/\" target=\"_blank\" rel=\"noopener\">de Limmatstadt AG<\/a> aura une nouvelle directrice en la personne de Stephanie Kiener. Selon un <a href=\"https:\/\/www.limmatstadt.ch\/media\/download\/39\/032\/240527_Medienmitteilung_Stephanie_Kiener_wird_Geschaftsfuhrerin.pdf\" target=\"_blank\" rel=\"noopener\">communiqu&eacute; de presse<\/a>, Mme Kiener prendra en ao&ucirc;t la direction op&eacute;rationnelle du bureau de la promotion &eacute;conomique r&eacute;gionale de Limmatstadt, dont le si&egrave;ge se trouve au <a href=\"https:\/\/jed.swiss\/\" target=\"_blank\" rel=\"noopener\">JED<\/a> &agrave; Schlieren ZH. La succession de Jasmina Ritz au sein de Limmatstadt AG est ainsi d&eacute;cid&eacute;e. Ritz accompagnera le processus de transition jusqu&rsquo;&agrave; la fin de l&rsquo;ann&eacute;e et se retirera ensuite de l&rsquo;activit&eacute; op&eacute;rationnelle. Elle continuera d&rsquo;exercer sa fonction de vice-pr&eacute;sidente du conseil d&rsquo;administration.<\/p>\n<p class=\"bodytext\">Stephanie Kiener a rejoint Limmatstadt AG en novembre 2023. Auparavant, elle avait travaill&eacute; huit ans pour la ville de <a href=\"https:\/\/www.baden.ch\/\" target=\"_blank\" rel=\"noopener\">Baden<\/a>, o&ugrave; elle avait exerc&eacute; diverses fonctions dans le marketing local, notamment en tant que directrice du tourisme. Elle a activement accompagn&eacute; le d&eacute;tachement du domaine de comp&eacute;tence touristique de la ville dans le nouveau partenariat public-priv&eacute; TourismusRegion Baden AG, dont elle &eacute;tait la derni&egrave;re directrice adjointe. Mme Kiener conna&icirc;t bien la vall&eacute;e de la Limmat. Elle est n&eacute;e &agrave; Schlierem.<\/p>\n<p class=\"bodytext\">&laquo;&nbsp;La possibilit&eacute; de travailler avec les acteurs de toute la r&eacute;gion et le conseil d&rsquo;administration &agrave; la promotion &eacute;conomique r&eacute;gionale dans une perspective d&rsquo;avenir est pour moi une grande motivation&nbsp;&raquo;, d&eacute;clare Kiener. Elle mise sur le fait de &laquo;&nbsp;suivre cette voie ensemble et de continuer &agrave; renforcer la r&eacute;gion de la vall&eacute;e de la Limmat argovienne et zurichoise gr&acirc;ce &agrave; des approches innovantes, des id&eacute;es fra&icirc;ches et des forces unies&nbsp;&raquo;.<\/p>\n<p class=\"bodytext\">&laquo;&nbsp;Stephanie Kiener est la candidate que nous souhaitions. Nous sommes d&eacute;sormais parfaitement positionn&eacute;s pour le processus de transformation d&eacute;j&agrave; engag&eacute;&nbsp;&raquo;, a d&eacute;clar&eacute; la pr&eacute;sidente du conseil d&rsquo;administration Lara Albanesi.<\/p>\n<p class=\"bodytext\">Une <a href=\"http:\/\/www.limmatstadt.ch\/dialog24\" target=\"_blank\" rel=\"noopener\">r&eacute;union<\/a> publique <a href=\"http:\/\/www.limmatstadt.ch\/dialog24\" target=\"_blank\" rel=\"noopener\">de dialogue<\/a> aura lieu le mardi 4 juin de 7h30 &agrave; 9h au <a href=\"https:\/\/www.officelab.ch\/locations\/spreitenbach-limmatstadt\" target=\"_blank\" rel=\"noopener\">bureau<\/a> de coworking <a href=\"https:\/\/www.officelab.ch\/locations\/spreitenbach-limmatstadt\" target=\"_blank\" rel=\"noopener\">LAB<\/a> &agrave; Spreitenbach.<\/p>\n","protected":false},"excerpt":{"rendered":"<p>Stephanie Kiener prendra la direction op\u00e9rationnelle de Limmatstadt AG en ao\u00fbt. Elle succ\u00e8de \u00e0 Jasmina Ritz, qui se retirera des activit\u00e9s op\u00e9rationnelles \u00e0 la fin de l&rsquo;ann\u00e9e. Kiener se r\u00e9jouit de fa\u00e7onner la promotion r\u00e9gionale avec des approches innovantes.<\/p>\n","protected":false},"author":2,"featured_media":95325,"comment_status":"open","ping_status":"open","sticky":false,"template":"","format":"standard","meta":{"pmpro_default_level":"","inline_featured_image":false,"_monsterinsights_skip_tracking":false,"footnotes":""},"categories":[22696,4464,743,4957],"tags":[28651,872,3931,3345,2002,1343],"class_list":["post-95262","post","type-post","status-publish","format-standard","has-post-thumbnail","hentry","category-entreprise","category-gens","category-immonews-fr","category-region-zurich","tag-geschaeftsfuehrung-fr","tag-immoinvest-fr","tag-immonews-fr","tag-limmatstadt-fr","tag-news-fr","tag-standortfoerderung-fr","pmpro-has-access"],"acf":{"bild_mit_ki_erstellt_worden":[],"lead":"Stephanie Kiener prendra la direction op\u00e9rationnelle de Limmatstadt AG en ao\u00fbt. Elle succ\u00e8de \u00e0 Jasmina Ritz, qui se retirera des activit\u00e9s op\u00e9rationnelles \u00e0 la fin de l'ann\u00e9e. Kiener se r\u00e9jouit de fa\u00e7onner la promotion r\u00e9gionale avec des approches innovantes.","autor":"ce\/gba","ort":"Limmatstadt","bildunterschrift":"","bild_im_grid":false,"gallerie":"","newsim":""},"aioseo_notices":[],"aioseo_head":"\n\t\t<!-- All in One SEO 5.0.0.1 - aioseo.com -->\n\t<meta name=\"description\" content=\"Stephanie Kiener prendra la direction op\u00e9rationnelle de Limmatstadt AG en ao\u00fbt. Elle succ\u00e8de \u00e0 Jasmina Ritz, qui se retirera des activit\u00e9s op\u00e9rationnelles \u00e0 la fin de l&#039;ann\u00e9e. Kiener se r\u00e9jouit de fa\u00e7onner la promotion r\u00e9gionale avec des approches innovantes.\" \/>\n\t<meta name=\"robots\" content=\"max-image-preview:large\" \/>\n\t<meta name=\"author\" content=\"immovestuser\"\/>\n\t<meta name=\"google-site-verification\" content=\"fHJKvgWpZCR2zVBHWfkQeFXC11qieUSff0HGNYfuyLA\" \/>\n\t<link rel=\"canonical\" href=\"https:\/\/www.immo-invest.ch\/fr\/stephanie-kiener-folgt-bei-der-limmatstadt-ag-auf-jasmina-ritz\/\" \/>\n\t<meta name=\"generator\" content=\"All in One SEO (AIOSEO) 5.0.0.1\" \/>\n\t\t<meta property=\"og:locale\" content=\"fr_FR\" \/>\n\t\t<meta property=\"og:site_name\" content=\"immo!nvest - Die Plattform f\u00fcr Standorte und Immobilien - Die\u00a0Plattform f\u00fcr Standorte und Immobilien\" \/>\n\t\t<meta property=\"og:type\" content=\"article\" \/>\n\t\t<meta property=\"og:title\" content=\"Stephanie Kiener succ\u00e8de \u00e0 Jasmina Ritz au sein de Limmatstadt AG - immo!nvest - Die Plattform f\u00fcr Standorte und Immobilien\" \/>\n\t\t<meta property=\"og:description\" content=\"Stephanie Kiener prendra la direction op\u00e9rationnelle de Limmatstadt AG en ao\u00fbt. Elle succ\u00e8de \u00e0 Jasmina Ritz, qui se retirera des activit\u00e9s op\u00e9rationnelles \u00e0 la fin de l&#039;ann\u00e9e. Kiener se r\u00e9jouit de fa\u00e7onner la promotion r\u00e9gionale avec des approches innovantes.\" \/>\n\t\t<meta property=\"og:url\" content=\"https:\/\/www.immo-invest.ch\/fr\/stephanie-kiener-folgt-bei-der-limmatstadt-ag-auf-jasmina-ritz\/\" \/>\n\t\t<meta property=\"og:image\" content=\"https:\/\/www.immo-invest.ch\/wp-content\/uploads\/2024\/05\/Unbenannt-51.png\" \/>\n\t\t<meta property=\"og:image:secure_url\" content=\"https:\/\/www.immo-invest.ch\/wp-content\/uploads\/2024\/05\/Unbenannt-51.png\" \/>\n\t\t<meta property=\"og:image:width\" content=\"1792\" \/>\n\t\t<meta property=\"og:image:height\" content=\"1024\" \/>\n\t\t<meta property=\"article:published_time\" content=\"2024-05-31T07:29:14+00:00\" \/>\n\t\t<meta property=\"article:modified_time\" content=\"2024-05-31T07:59:27+00:00\" \/>\n\t\t<meta property=\"article:publisher\" content=\"https:\/\/www.facebook.com\/people\/Immoinvest\/100077962920504\/\" \/>\n\t\t<meta name=\"twitter:card\" content=\"summary_large_image\" \/>\n\t\t<meta name=\"twitter:site\" content=\"@i\" \/>\n\t\t<meta name=\"twitter:title\" content=\"Stephanie Kiener succ\u00e8de \u00e0 Jasmina Ritz au sein de Limmatstadt AG - immo!nvest - Die Plattform f\u00fcr Standorte und Immobilien\" \/>\n\t\t<meta name=\"twitter:description\" content=\"Stephanie Kiener prendra la direction op\u00e9rationnelle de Limmatstadt AG en ao\u00fbt. Elle succ\u00e8de \u00e0 Jasmina Ritz, qui se retirera des activit\u00e9s op\u00e9rationnelles \u00e0 la fin de l&#039;ann\u00e9e. Kiener se r\u00e9jouit de fa\u00e7onner la promotion r\u00e9gionale avec des approches innovantes.\" \/>\n\t\t<meta name=\"twitter:creator\" content=\"@i\" \/>\n\t\t<meta name=\"twitter:image\" content=\"https:\/\/www.immo-invest.ch\/wp-content\/uploads\/2024\/05\/Unbenannt-51.png\" \/>\n\t\t<script type=\"application\/ld+json\" class=\"aioseo-schema\">\n\t\t\t{\"@context\":\"https:\\\/\\\/schema.org\",\"@graph\":[{\"@type\":\"BlogPosting\",\"@id\":\"https:\\\/\\\/www.immo-invest.ch\\\/fr\\\/stephanie-kiener-folgt-bei-der-limmatstadt-ag-auf-jasmina-ritz\\\/#blogposting\",\"name\":\"Stephanie Kiener succ\\u00e8de \\u00e0 Jasmina Ritz au sein de Limmatstadt AG - immo!nvest - Die Plattform f\\u00fcr Standorte und Immobilien\",\"headline\":\"Stephanie Kiener succ\\u00e8de \\u00e0 Jasmina Ritz au sein de Limmatstadt AG\",\"author\":{\"@id\":\"https:\\\/\\\/www.immo-invest.ch\\\/fr\\\/author\\\/immovestuser\\\/#author\"},\"publisher\":{\"@id\":\"https:\\\/\\\/www.immo-invest.ch\\\/fr\\\/#organization\"},\"image\":{\"@type\":\"ImageObject\",\"url\":\"https:\\\/\\\/www.immo-invest.ch\\\/wp-content\\\/uploads\\\/2024\\\/05\\\/Unbenannt-51.png\",\"width\":1792,\"height\":1024},\"datePublished\":\"2024-05-31T09:29:14+02:00\",\"dateModified\":\"2024-05-31T09:59:27+02:00\",\"inLanguage\":\"fr-FR\",\"mainEntityOfPage\":{\"@id\":\"https:\\\/\\\/www.immo-invest.ch\\\/fr\\\/stephanie-kiener-folgt-bei-der-limmatstadt-ag-auf-jasmina-ritz\\\/#webpage\"},\"isPartOf\":{\"@id\":\"https:\\\/\\\/www.immo-invest.ch\\\/fr\\\/stephanie-kiener-folgt-bei-der-limmatstadt-ag-auf-jasmina-ritz\\\/#webpage\"},\"articleSection\":\"Entreprise, Gens, immoNews, Zurich, Gesch\\u00e4ftsf\\u00fchrung, Immoinvest, immoNews, Limmatstadt, News, Standortf\\u00f6rderung, Facultatif\"},{\"@type\":\"BreadcrumbList\",\"@id\":\"https:\\\/\\\/www.immo-invest.ch\\\/fr\\\/stephanie-kiener-folgt-bei-der-limmatstadt-ag-auf-jasmina-ritz\\\/#breadcrumblist\",\"itemListElement\":[{\"@type\":\"ListItem\",\"@id\":\"https:\\\/\\\/www.immo-invest.ch\\\/fr\\\/#listItem\",\"position\":1,\"name\":\"Home\",\"item\":\"https:\\\/\\\/www.immo-invest.ch\\\/fr\\\/\",\"nextItem\":{\"@type\":\"ListItem\",\"@id\":\"https:\\\/\\\/www.immo-invest.ch\\\/fr\\\/categories\\\/regions\\\/#listItem\",\"name\":\"R\\u00e9gions\"}},{\"@type\":\"ListItem\",\"@id\":\"https:\\\/\\\/www.immo-invest.ch\\\/fr\\\/categories\\\/regions\\\/#listItem\",\"position\":2,\"name\":\"R\\u00e9gions\",\"item\":\"https:\\\/\\\/www.immo-invest.ch\\\/fr\\\/categories\\\/regions\\\/\",\"nextItem\":{\"@type\":\"ListItem\",\"@id\":\"https:\\\/\\\/www.immo-invest.ch\\\/fr\\\/categories\\\/regions\\\/suisse\\\/#listItem\",\"name\":\"Suisse\"},\"previousItem\":{\"@type\":\"ListItem\",\"@id\":\"https:\\\/\\\/www.immo-invest.ch\\\/fr\\\/#listItem\",\"name\":\"Home\"}},{\"@type\":\"ListItem\",\"@id\":\"https:\\\/\\\/www.immo-invest.ch\\\/fr\\\/categories\\\/regions\\\/suisse\\\/#listItem\",\"position\":3,\"name\":\"Suisse\",\"item\":\"https:\\\/\\\/www.immo-invest.ch\\\/fr\\\/categories\\\/regions\\\/suisse\\\/\",\"nextItem\":{\"@type\":\"ListItem\",\"@id\":\"https:\\\/\\\/www.immo-invest.ch\\\/fr\\\/categories\\\/regions\\\/suisse\\\/region-zurich\\\/#listItem\",\"name\":\"Zurich\"},\"previousItem\":{\"@type\":\"ListItem\",\"@id\":\"https:\\\/\\\/www.immo-invest.ch\\\/fr\\\/categories\\\/regions\\\/#listItem\",\"name\":\"R\\u00e9gions\"}},{\"@type\":\"ListItem\",\"@id\":\"https:\\\/\\\/www.immo-invest.ch\\\/fr\\\/categories\\\/regions\\\/suisse\\\/region-zurich\\\/#listItem\",\"position\":4,\"name\":\"Zurich\",\"item\":\"https:\\\/\\\/www.immo-invest.ch\\\/fr\\\/categories\\\/regions\\\/suisse\\\/region-zurich\\\/\",\"nextItem\":{\"@type\":\"ListItem\",\"@id\":\"https:\\\/\\\/www.immo-invest.ch\\\/fr\\\/stephanie-kiener-folgt-bei-der-limmatstadt-ag-auf-jasmina-ritz\\\/#listItem\",\"name\":\"Stephanie Kiener succ\\u00e8de \\u00e0 Jasmina Ritz au sein de Limmatstadt AG\"},\"previousItem\":{\"@type\":\"ListItem\",\"@id\":\"https:\\\/\\\/www.immo-invest.ch\\\/fr\\\/categories\\\/regions\\\/suisse\\\/#listItem\",\"name\":\"Suisse\"}},{\"@type\":\"ListItem\",\"@id\":\"https:\\\/\\\/www.immo-invest.ch\\\/fr\\\/stephanie-kiener-folgt-bei-der-limmatstadt-ag-auf-jasmina-ritz\\\/#listItem\",\"position\":5,\"name\":\"Stephanie Kiener succ\\u00e8de \\u00e0 Jasmina Ritz au sein de Limmatstadt AG\",\"previousItem\":{\"@type\":\"ListItem\",\"@id\":\"https:\\\/\\\/www.immo-invest.ch\\\/fr\\\/categories\\\/regions\\\/suisse\\\/region-zurich\\\/#listItem\",\"name\":\"Zurich\"}}]},{\"@type\":\"Organization\",\"@id\":\"https:\\\/\\\/www.immo-invest.ch\\\/fr\\\/#organization\",\"name\":\"immo!nvest - Die Plattform f\\u00fcr Standorte und Immobilien\",\"description\":\"Die\\u00a0Plattform f\\u00fcr Standorte und Immobilien\",\"url\":\"https:\\\/\\\/www.immo-invest.ch\\\/fr\\\/\",\"email\":\"admin@immomedia.ag\",\"telephone\":\"+41444420002\",\"logo\":{\"@type\":\"ImageObject\",\"url\":\"https:\\\/\\\/www.immo-invest.ch\\\/wp-content\\\/uploads\\\/2024\\\/09\\\/immoinvest_sm-scaled.jpg\",\"@id\":\"https:\\\/\\\/www.immo-invest.ch\\\/fr\\\/stephanie-kiener-folgt-bei-der-limmatstadt-ag-auf-jasmina-ritz\\\/#organizationLogo\",\"width\":2560,\"height\":1340},\"image\":{\"@id\":\"https:\\\/\\\/www.immo-invest.ch\\\/fr\\\/stephanie-kiener-folgt-bei-der-limmatstadt-ag-auf-jasmina-ritz\\\/#organizationLogo\"},\"sameAs\":[\"https:\\\/\\\/www.facebook.com\\\/people\\\/Immoinvest\\\/100077962920504\\\/\",\"https:\\\/\\\/x.com\\\/i\\\/flow\\\/login?redirect_after_login=immoinvest_ch\",\"https:\\\/\\\/www.instagram.com\\\/immoinvest_ch\\\/\",\"https:\\\/\\\/www.linkedin.com\\\/company\\\/immoinvest-swiss\"]},{\"@type\":\"Person\",\"@id\":\"https:\\\/\\\/www.immo-invest.ch\\\/fr\\\/author\\\/immovestuser\\\/#author\",\"url\":\"https:\\\/\\\/www.immo-invest.ch\\\/fr\\\/author\\\/immovestuser\\\/\",\"name\":\"immovestuser\",\"image\":{\"@type\":\"ImageObject\",\"@id\":\"https:\\\/\\\/www.immo-invest.ch\\\/fr\\\/stephanie-kiener-folgt-bei-der-limmatstadt-ag-auf-jasmina-ritz\\\/#authorImage\",\"url\":\"https:\\\/\\\/secure.gravatar.com\\\/avatar\\\/8e01f4d99f2eeea7a362ebb93305e1172a70e9293ba250f897a65c39f54cdd1e?s=96&d=mm&r=g\",\"width\":96,\"height\":96,\"caption\":\"immovestuser\"}},{\"@type\":\"WebPage\",\"@id\":\"https:\\\/\\\/www.immo-invest.ch\\\/fr\\\/stephanie-kiener-folgt-bei-der-limmatstadt-ag-auf-jasmina-ritz\\\/#webpage\",\"url\":\"https:\\\/\\\/www.immo-invest.ch\\\/fr\\\/stephanie-kiener-folgt-bei-der-limmatstadt-ag-auf-jasmina-ritz\\\/\",\"name\":\"Stephanie Kiener succ\\u00e8de \\u00e0 Jasmina Ritz au sein de Limmatstadt AG - immo!nvest - Die Plattform f\\u00fcr Standorte und Immobilien\",\"description\":\"Stephanie Kiener prendra la direction op\\u00e9rationnelle de Limmatstadt AG en ao\\u00fbt. Elle succ\\u00e8de \\u00e0 Jasmina Ritz, qui se retirera des activit\\u00e9s op\\u00e9rationnelles \\u00e0 la fin de l'ann\\u00e9e. Kiener se r\\u00e9jouit de fa\\u00e7onner la promotion r\\u00e9gionale avec des approches innovantes.\",\"inLanguage\":\"fr-FR\",\"isPartOf\":{\"@id\":\"https:\\\/\\\/www.immo-invest.ch\\\/fr\\\/#website\"},\"breadcrumb\":{\"@id\":\"https:\\\/\\\/www.immo-invest.ch\\\/fr\\\/stephanie-kiener-folgt-bei-der-limmatstadt-ag-auf-jasmina-ritz\\\/#breadcrumblist\"},\"author\":{\"@id\":\"https:\\\/\\\/www.immo-invest.ch\\\/fr\\\/author\\\/immovestuser\\\/#author\"},\"creator\":{\"@id\":\"https:\\\/\\\/www.immo-invest.ch\\\/fr\\\/author\\\/immovestuser\\\/#author\"},\"image\":{\"@type\":\"ImageObject\",\"url\":\"https:\\\/\\\/www.immo-invest.ch\\\/wp-content\\\/uploads\\\/2024\\\/05\\\/Unbenannt-51.png\",\"@id\":\"https:\\\/\\\/www.immo-invest.ch\\\/fr\\\/stephanie-kiener-folgt-bei-der-limmatstadt-ag-auf-jasmina-ritz\\\/#mainImage\",\"width\":1792,\"height\":1024},\"primaryImageOfPage\":{\"@id\":\"https:\\\/\\\/www.immo-invest.ch\\\/fr\\\/stephanie-kiener-folgt-bei-der-limmatstadt-ag-auf-jasmina-ritz\\\/#mainImage\"},\"datePublished\":\"2024-05-31T09:29:14+02:00\",\"dateModified\":\"2024-05-31T09:59:27+02:00\"},{\"@type\":\"WebSite\",\"@id\":\"https:\\\/\\\/www.immo-invest.ch\\\/fr\\\/#website\",\"url\":\"https:\\\/\\\/www.immo-invest.ch\\\/fr\\\/\",\"name\":\"immo!nvest - Die Plattform f\\u00fcr Standorte und Immobilien\",\"description\":\"Die\\u00a0Plattform f\\u00fcr Standorte und Immobilien\",\"inLanguage\":\"fr-FR\",\"publisher\":{\"@id\":\"https:\\\/\\\/www.immo-invest.ch\\\/fr\\\/#organization\"}}]}\n\t\t<\/script>\n\t\t<!-- All in One SEO -->\n\n","aioseo_head_json":{"title":"Stephanie Kiener succ\u00e8de \u00e0 Jasmina Ritz au sein de Limmatstadt AG - immo!nvest - Die Plattform f\u00fcr Standorte und Immobilien","description":"Stephanie Kiener prendra la direction op\u00e9rationnelle de Limmatstadt AG en ao\u00fbt. Elle succ\u00e8de \u00e0 Jasmina Ritz, qui se retirera des activit\u00e9s op\u00e9rationnelles \u00e0 la fin de l'ann\u00e9e. Kiener se r\u00e9jouit de fa\u00e7onner la promotion r\u00e9gionale avec des approches innovantes.","canonical_url":"https:\/\/www.immo-invest.ch\/fr\/stephanie-kiener-folgt-bei-der-limmatstadt-ag-auf-jasmina-ritz\/","robots":"max-image-preview:large","keywords":"","webmasterTools":{"google-site-verification":"fHJKvgWpZCR2zVBHWfkQeFXC11qieUSff0HGNYfuyLA","miscellaneous":""},"schema":{"@context":"https:\/\/schema.org","@graph":[{"@type":"BlogPosting","@id":"https:\/\/www.immo-invest.ch\/fr\/stephanie-kiener-folgt-bei-der-limmatstadt-ag-auf-jasmina-ritz\/#blogposting","name":"Stephanie Kiener succ\u00e8de \u00e0 Jasmina Ritz au sein de Limmatstadt AG - immo!nvest - Die Plattform f\u00fcr Standorte und Immobilien","headline":"Stephanie Kiener succ\u00e8de \u00e0 Jasmina Ritz au sein de Limmatstadt AG","author":{"@id":"https:\/\/www.immo-invest.ch\/fr\/author\/immovestuser\/#author"},"publisher":{"@id":"https:\/\/www.immo-invest.ch\/fr\/#organization"},"image":{"@type":"ImageObject","url":"https:\/\/www.immo-invest.ch\/wp-content\/uploads\/2024\/05\/Unbenannt-51.png","width":1792,"height":1024},"datePublished":"2024-05-31T09:29:14+02:00","dateModified":"2024-05-31T09:59:27+02:00","inLanguage":"fr-FR","mainEntityOfPage":{"@id":"https:\/\/www.immo-invest.ch\/fr\/stephanie-kiener-folgt-bei-der-limmatstadt-ag-auf-jasmina-ritz\/#webpage"},"isPartOf":{"@id":"https:\/\/www.immo-invest.ch\/fr\/stephanie-kiener-folgt-bei-der-limmatstadt-ag-auf-jasmina-ritz\/#webpage"},"articleSection":"Entreprise, Gens, immoNews, Zurich, Gesch\u00e4ftsf\u00fchrung, Immoinvest, immoNews, Limmatstadt, News, Standortf\u00f6rderung, Facultatif"},{"@type":"BreadcrumbList","@id":"https:\/\/www.immo-invest.ch\/fr\/stephanie-kiener-folgt-bei-der-limmatstadt-ag-auf-jasmina-ritz\/#breadcrumblist","itemListElement":[{"@type":"ListItem","@id":"https:\/\/www.immo-invest.ch\/fr\/#listItem","position":1,"name":"Home","item":"https:\/\/www.immo-invest.ch\/fr\/","nextItem":{"@type":"ListItem","@id":"https:\/\/www.immo-invest.ch\/fr\/categories\/regions\/#listItem","name":"R\u00e9gions"}},{"@type":"ListItem","@id":"https:\/\/www.immo-invest.ch\/fr\/categories\/regions\/#listItem","position":2,"name":"R\u00e9gions","item":"https:\/\/www.immo-invest.ch\/fr\/categories\/regions\/","nextItem":{"@type":"ListItem","@id":"https:\/\/www.immo-invest.ch\/fr\/categories\/regions\/suisse\/#listItem","name":"Suisse"},"previousItem":{"@type":"ListItem","@id":"https:\/\/www.immo-invest.ch\/fr\/#listItem","name":"Home"}},{"@type":"ListItem","@id":"https:\/\/www.immo-invest.ch\/fr\/categories\/regions\/suisse\/#listItem","position":3,"name":"Suisse","item":"https:\/\/www.immo-invest.ch\/fr\/categories\/regions\/suisse\/","nextItem":{"@type":"ListItem","@id":"https:\/\/www.immo-invest.ch\/fr\/categories\/regions\/suisse\/region-zurich\/#listItem","name":"Zurich"},"previousItem":{"@type":"ListItem","@id":"https:\/\/www.immo-invest.ch\/fr\/categories\/regions\/#listItem","name":"R\u00e9gions"}},{"@type":"ListItem","@id":"https:\/\/www.immo-invest.ch\/fr\/categories\/regions\/suisse\/region-zurich\/#listItem","position":4,"name":"Zurich","item":"https:\/\/www.immo-invest.ch\/fr\/categories\/regions\/suisse\/region-zurich\/","nextItem":{"@type":"ListItem","@id":"https:\/\/www.immo-invest.ch\/fr\/stephanie-kiener-folgt-bei-der-limmatstadt-ag-auf-jasmina-ritz\/#listItem","name":"Stephanie Kiener succ\u00e8de \u00e0 Jasmina Ritz au sein de Limmatstadt AG"},"previousItem":{"@type":"ListItem","@id":"https:\/\/www.immo-invest.ch\/fr\/categories\/regions\/suisse\/#listItem","name":"Suisse"}},{"@type":"ListItem","@id":"https:\/\/www.immo-invest.ch\/fr\/stephanie-kiener-folgt-bei-der-limmatstadt-ag-auf-jasmina-ritz\/#listItem","position":5,"name":"Stephanie Kiener succ\u00e8de \u00e0 Jasmina Ritz au sein de Limmatstadt AG","previousItem":{"@type":"ListItem","@id":"https:\/\/www.immo-invest.ch\/fr\/categories\/regions\/suisse\/region-zurich\/#listItem","name":"Zurich"}}]},{"@type":"Organization","@id":"https:\/\/www.immo-invest.ch\/fr\/#organization","name":"immo!nvest - Die Plattform f\u00fcr Standorte und Immobilien","description":"Die\u00a0Plattform f\u00fcr Standorte und Immobilien","url":"https:\/\/www.immo-invest.ch\/fr\/","email":"admin@immomedia.ag","telephone":"+41444420002","logo":{"@type":"ImageObject","url":"https:\/\/www.immo-invest.ch\/wp-content\/uploads\/2024\/09\/immoinvest_sm-scaled.jpg","@id":"https:\/\/www.immo-invest.ch\/fr\/stephanie-kiener-folgt-bei-der-limmatstadt-ag-auf-jasmina-ritz\/#organizationLogo","width":2560,"height":1340},"image":{"@id":"https:\/\/www.immo-invest.ch\/fr\/stephanie-kiener-folgt-bei-der-limmatstadt-ag-auf-jasmina-ritz\/#organizationLogo"},"sameAs":["https:\/\/www.facebook.com\/people\/Immoinvest\/100077962920504\/","https:\/\/x.com\/i\/flow\/login?redirect_after_login=immoinvest_ch","https:\/\/www.instagram.com\/immoinvest_ch\/","https:\/\/www.linkedin.com\/company\/immoinvest-swiss"]},{"@type":"Person","@id":"https:\/\/www.immo-invest.ch\/fr\/author\/immovestuser\/#author","url":"https:\/\/www.immo-invest.ch\/fr\/author\/immovestuser\/","name":"immovestuser","image":{"@type":"ImageObject","@id":"https:\/\/www.immo-invest.ch\/fr\/stephanie-kiener-folgt-bei-der-limmatstadt-ag-auf-jasmina-ritz\/#authorImage","url":"https:\/\/secure.gravatar.com\/avatar\/8e01f4d99f2eeea7a362ebb93305e1172a70e9293ba250f897a65c39f54cdd1e?s=96&d=mm&r=g","width":96,"height":96,"caption":"immovestuser"}},{"@type":"WebPage","@id":"https:\/\/www.immo-invest.ch\/fr\/stephanie-kiener-folgt-bei-der-limmatstadt-ag-auf-jasmina-ritz\/#webpage","url":"https:\/\/www.immo-invest.ch\/fr\/stephanie-kiener-folgt-bei-der-limmatstadt-ag-auf-jasmina-ritz\/","name":"Stephanie Kiener succ\u00e8de \u00e0 Jasmina Ritz au sein de Limmatstadt AG - immo!nvest - Die Plattform f\u00fcr Standorte und Immobilien","description":"Stephanie Kiener prendra la direction op\u00e9rationnelle de Limmatstadt AG en ao\u00fbt. Elle succ\u00e8de \u00e0 Jasmina Ritz, qui se retirera des activit\u00e9s op\u00e9rationnelles \u00e0 la fin de l'ann\u00e9e. Kiener se r\u00e9jouit de fa\u00e7onner la promotion r\u00e9gionale avec des approches innovantes.","inLanguage":"fr-FR","isPartOf":{"@id":"https:\/\/www.immo-invest.ch\/fr\/#website"},"breadcrumb":{"@id":"https:\/\/www.immo-invest.ch\/fr\/stephanie-kiener-folgt-bei-der-limmatstadt-ag-auf-jasmina-ritz\/#breadcrumblist"},"author":{"@id":"https:\/\/www.immo-invest.ch\/fr\/author\/immovestuser\/#author"},"creator":{"@id":"https:\/\/www.immo-invest.ch\/fr\/author\/immovestuser\/#author"},"image":{"@type":"ImageObject","url":"https:\/\/www.immo-invest.ch\/wp-content\/uploads\/2024\/05\/Unbenannt-51.png","@id":"https:\/\/www.immo-invest.ch\/fr\/stephanie-kiener-folgt-bei-der-limmatstadt-ag-auf-jasmina-ritz\/#mainImage","width":1792,"height":1024},"primaryImageOfPage":{"@id":"https:\/\/www.immo-invest.ch\/fr\/stephanie-kiener-folgt-bei-der-limmatstadt-ag-auf-jasmina-ritz\/#mainImage"},"datePublished":"2024-05-31T09:29:14+02:00","dateModified":"2024-05-31T09:59:27+02:00"},{"@type":"WebSite","@id":"https:\/\/www.immo-invest.ch\/fr\/#website","url":"https:\/\/www.immo-invest.ch\/fr\/","name":"immo!nvest - Die Plattform f\u00fcr Standorte und Immobilien","description":"Die\u00a0Plattform f\u00fcr Standorte und Immobilien","inLanguage":"fr-FR","publisher":{"@id":"https:\/\/www.immo-invest.ch\/fr\/#organization"}}]},"og:locale":"fr_FR","og:site_name":"immo!nvest - Die Plattform f\u00fcr Standorte und Immobilien - Die\u00a0Plattform f\u00fcr Standorte und Immobilien","og:type":"article","og:title":"Stephanie Kiener succ\u00e8de \u00e0 Jasmina Ritz au sein de Limmatstadt AG - immo!nvest - Die Plattform f\u00fcr Standorte und Immobilien","og:description":"Stephanie Kiener prendra la direction op\u00e9rationnelle de Limmatstadt AG en ao\u00fbt. Elle succ\u00e8de \u00e0 Jasmina Ritz, qui se retirera des activit\u00e9s op\u00e9rationnelles \u00e0 la fin de l'ann\u00e9e. Kiener se r\u00e9jouit de fa\u00e7onner la promotion r\u00e9gionale avec des approches innovantes.","og:url":"https:\/\/www.immo-invest.ch\/fr\/stephanie-kiener-folgt-bei-der-limmatstadt-ag-auf-jasmina-ritz\/","og:image":"https:\/\/www.immo-invest.ch\/wp-content\/uploads\/2024\/05\/Unbenannt-51.png","og:image:secure_url":"https:\/\/www.immo-invest.ch\/wp-content\/uploads\/2024\/05\/Unbenannt-51.png","og:image:width":1792,"og:image:height":1024,"article:published_time":"2024-05-31T07:29:14+00:00","article:modified_time":"2024-05-31T07:59:27+00:00","article:publisher":"https:\/\/www.facebook.com\/people\/Immoinvest\/100077962920504\/","twitter:card":"summary_large_image","twitter:site":"@i","twitter:title":"Stephanie Kiener succ\u00e8de \u00e0 Jasmina Ritz au sein de Limmatstadt AG - immo!nvest - Die Plattform f\u00fcr Standorte und Immobilien","twitter:description":"Stephanie Kiener prendra la direction op\u00e9rationnelle de Limmatstadt AG en ao\u00fbt. Elle succ\u00e8de \u00e0 Jasmina Ritz, qui se retirera des activit\u00e9s op\u00e9rationnelles \u00e0 la fin de l'ann\u00e9e. Kiener se r\u00e9jouit de fa\u00e7onner la promotion r\u00e9gionale avec des approches innovantes.","twitter:creator":"@i","twitter:image":"https:\/\/www.immo-invest.ch\/wp-content\/uploads\/2024\/05\/Unbenannt-51.png"},"aioseo_meta_data":{"post_id":"95262","title":null,"description":null,"keywords":null,"keyphrases":null,"primary_term":null,"canonical_url":null,"og_title":null,"og_description":null,"og_object_type":"default","og_image_type":"default","og_image_url":null,"og_image_width":null,"og_image_height":null,"og_image_custom_url":null,"og_image_custom_fields":null,"og_video":null,"og_custom_url":null,"og_article_section":null,"og_article_tags":null,"twitter_use_og":false,"twitter_card":"default","twitter_image_type":"default","twitter_image_url":null,"twitter_image_custom_url":null,"twitter_image_custom_fields":null,"twitter_title":null,"twitter_description":null,"schema":{"blockGraphs":[],"customGraphs":[],"default":{"data":{"Article":[],"Course":[],"Dataset":[],"FAQPage":[],"Movie":[],"Person":[],"Product":[],"ProductReview":[],"Car":[],"Recipe":[],"Service":[],"SoftwareApplication":[],"WebPage":[]},"graphName":"","isEnabled":true},"graphs":[]},"schema_type":"default","schema_type_options":null,"pillar_content":false,"robots_default":true,"robots_noindex":false,"robots_noarchive":false,"robots_nosnippet":false,"robots_nofollow":false,"robots_noimageindex":false,"robots_noodp":false,"robots_notranslate":false,"robots_max_snippet":null,"robots_max_videopreview":null,"robots_max_imagepreview":"large","priority":null,"frequency":null,"local_seo":null,"breadcrumb_settings":null,"limit_modified_date":false,"ai":null,"created":"2024-09-20 20:48:00","updated":"2025-10-24 03:05:12","seo_analyzer_scan_date":null,"focus_keyword":null,"additional_keywords":null,"truseo_locale":null},"aioseo_breadcrumb":"<div class=\"aioseo-breadcrumbs\"><span class=\"aioseo-breadcrumb\">\n\t\t\t<a href=\"https:\/\/www.immo-invest.ch\/fr\/\" title=\"Home\">Home<\/a>\n\t\t<\/span><span class=\"aioseo-breadcrumb-separator\">&raquo;<\/span><span class=\"aioseo-breadcrumb\">\n\t\t\t<a href=\"https:\/\/www.immo-invest.ch\/fr\/categories\/regions\/\" title=\"R\u00e9gions\">R\u00e9gions<\/a>\n\t\t<\/span><span class=\"aioseo-breadcrumb-separator\">&raquo;<\/span><span class=\"aioseo-breadcrumb\">\n\t\t\t<a href=\"https:\/\/www.immo-invest.ch\/fr\/categories\/regions\/suisse\/\" title=\"Suisse\">Suisse<\/a>\n\t\t<\/span><span class=\"aioseo-breadcrumb-separator\">&raquo;<\/span><span class=\"aioseo-breadcrumb\">\n\t\t\t<a href=\"https:\/\/www.immo-invest.ch\/fr\/categories\/regions\/suisse\/region-zurich\/\" title=\"Zurich\">Zurich<\/a>\n\t\t<\/span><span class=\"aioseo-breadcrumb-separator\">&raquo;<\/span><span class=\"aioseo-breadcrumb\">\n\t\t\tStephanie Kiener succ\u00e8de \u00e0 Jasmina Ritz au sein de Limmatstadt AG\n\t\t<\/span><\/div>","aioseo_breadcrumb_json":[{"label":"Home","link":"https:\/\/www.immo-invest.ch\/fr\/"},{"label":"R\u00e9gions","link":"https:\/\/www.immo-invest.ch\/fr\/categories\/regions\/"},{"label":"Suisse","link":"https:\/\/www.immo-invest.ch\/fr\/categories\/regions\/suisse\/"},{"label":"Zurich","link":"https:\/\/www.immo-invest.ch\/fr\/categories\/regions\/suisse\/region-zurich\/"},{"label":"Stephanie Kiener succ\u00e8de \u00e0 Jasmina Ritz au sein de Limmatstadt AG","link":"https:\/\/www.immo-invest.ch\/fr\/stephanie-kiener-folgt-bei-der-limmatstadt-ag-auf-jasmina-ritz\/"}],"featured_image_src":"https:\/\/www.immo-invest.ch\/wp-content\/uploads\/2024\/05\/Unbenannt-51-336x168.png","_links":{"self":[{"href":"https:\/\/www.immo-invest.ch\/fr\/wp-json\/wp\/v2\/posts\/95262","targetHints":{"allow":["GET"]}}],"collection":[{"href":"https:\/\/www.immo-invest.ch\/fr\/wp-json\/wp\/v2\/posts"}],"about":[{"href":"https:\/\/www.immo-invest.ch\/fr\/wp-json\/wp\/v2\/types\/post"}],"author":[{"embeddable":true,"href":"https:\/\/www.immo-invest.ch\/fr\/wp-json\/wp\/v2\/users\/2"}],"replies":[{"embeddable":true,"href":"https:\/\/www.immo-invest.ch\/fr\/wp-json\/wp\/v2\/comments?post=95262"}],"version-history":[{"count":0,"href":"https:\/\/www.immo-invest.ch\/fr\/wp-json\/wp\/v2\/posts\/95262\/revisions"}],"wp:featuredmedia":[{"embeddable":true,"href":"https:\/\/www.immo-invest.ch\/fr\/wp-json\/wp\/v2\/media\/95325"}],"wp:attachment":[{"href":"https:\/\/www.immo-invest.ch\/fr\/wp-json\/wp\/v2\/media?parent=95262"}],"wp:term":[{"taxonomy":"category","embeddable":true,"href":"https:\/\/www.immo-invest.ch\/fr\/wp-json\/wp\/v2\/categories?post=95262"},{"taxonomy":"post_tag","embeddable":true,"href":"https:\/\/www.immo-invest.ch\/fr\/wp-json\/wp\/v2\/tags?post=95262"}],"curies":[{"name":"wp","href":"https:\/\/api.w.org\/{rel}","templated":true}]}}