{"id":95133,"date":"2024-05-30T16:00:00","date_gmt":"2024-05-30T14:00:00","guid":{"rendered":"https:\/\/www.immo-invest.ch\/?p=95133"},"modified":"2024-05-30T09:21:48","modified_gmt":"2024-05-30T07:21:48","slug":"energiekrise-2022-hinterlaesst-spuren-im-geschaeftsjahr","status":"publish","type":"post","link":"https:\/\/www.immo-invest.ch\/fr\/energiekrise-2022-hinterlaesst-spuren-im-geschaeftsjahr\/","title":{"rendered":"La crise \u00e9nerg\u00e9tique de 2022 laisse des traces dans l&rsquo;ann\u00e9e fiscale"},"content":{"rendered":"<p class=\"text-justify\"><a href=\"https:\/\/www.regioenergie.ch\" target=\"_blank\" rel=\"noopener\">Region Energie Solothurn<\/a> a continu&eacute; &agrave; ressentir en 2023 les effets de la crise &eacute;nerg&eacute;tique de 2022. Selon un <a href=\"https:\/\/www.regioenergie.ch\/de\/medienmitteilung\/herausforderndes-geschaeftsjahr-2023\/\" target=\"_blank\" rel=\"noopener\">communiqu&eacute;<\/a>, le fournisseur r&eacute;gional a enregistr&eacute; une perte de 760 374 francs. Il en attribue la responsabilit&eacute; &agrave; des prix d&rsquo;achat records dont l&rsquo;effet est diff&eacute;r&eacute; jusqu&rsquo;en 2024. Il ne les aurait pas r&eacute;percut&eacute;s int&eacute;gralement sur la client&egrave;le.<\/p>\n<p class=\"bodytext\">Les ventes de gaz aux clients commerciaux et aux petits clients ont diminu&eacute; de 4,6% en 2022 pour atteindre 334 gigawattheures. Les ventes aux gros clients ont m&ecirc;me baiss&eacute; de 19,4 pour cent pour atteindre 394 gigawattheures. Regio Energie Solothurn fait r&eacute;f&eacute;rence aux mesures f&eacute;d&eacute;rales qui ont oblig&eacute; l&rsquo;industrie &agrave; passer du gaz au p&eacute;trole.<\/p>\n<p class=\"bodytext\">Les ventes d&rsquo;&eacute;lectricit&eacute; ont augment&eacute; de 11,1, pour cent pour atteindre 130 gigawattheures. L&rsquo;entreprise indique qu&rsquo;elle alimente &eacute;galement les communes de Lommiswil SO et Nennigkofen SO depuis janvier 2023. En revanche, la redevance r&eacute;seau a baiss&eacute; car davantage d&rsquo;&eacute;lectricit&eacute; solaire est produite pour la consommation propre au lieu d&rsquo;&ecirc;tre inject&eacute;e dans le r&eacute;seau.<\/p>\n<p class=\"bodytext\">Regio Energie a &eacute;galement achev&eacute; la construction de la conduite de biogaz entre Utzenstorf BE et Gerlafingen SO. Cela permettra de r&eacute;aliser les installations de biogaz pr&eacute;vues &agrave; Utzenstorf.<\/p>\n","protected":false},"excerpt":{"rendered":"<p>Region Energie Solothurn hat 2023 einen Verlust von 760\u2018374 Franken verbucht. Der Regionalversorger macht die hohen Einkaufspreise f\u00fcr Energie verantwortlich, die er nicht v\u00f6llig abgew\u00e4lzt hat. Der Gasabsatz ist gesunken, der Stromabsatz wegen eines erweiterten Netzes gestiegen.<\/p>\n","protected":false},"author":2,"featured_media":3566,"comment_status":"open","ping_status":"open","sticky":false,"template":"","format":"standard","meta":{"pmpro_default_level":"0","inline_featured_image":false,"_monsterinsights_skip_tracking":false,"footnotes":""},"categories":[9430,8747,22696,743,9441],"tags":[47040,19367,848,3931,47041,2363,882],"class_list":["post-95133","post","type-post","status-publish","format-standard","has-post-thumbnail","hentry","category-business-fr","category-energie","category-entreprise","category-immonews-fr","category-region-soleure","tag-energiekriese-fr","tag-geschaeftsjahr-fr","tag-immobilien-fr","tag-immonews-fr","tag-netzabgabe-fr","tag-solarstrom-fr","tag-strom-fr","pmpro-has-access"],"acf":{"bild_mit_ki_erstellt_worden":[],"lead":"Region Energie Solothurn hat 2023 einen Verlust von 760\u2018374 Franken verbucht. Der Regionalversorger macht die hohen Einkaufspreise f\u00fcr Energie verantwortlich, die er nicht v\u00f6llig abgew\u00e4lzt hat. Der Gasabsatz ist gesunken, der Stromabsatz wegen eines erweiterten Netzes gestiegen.","autor":"ce\/stk","ort":"Solothurn ","bildunterschrift":"","bild_im_grid":false,"gallerie":"","newsim":""},"aioseo_notices":[],"aioseo_head":"\n\t\t<!-- All in One SEO 5.0.1.1 - aioseo.com -->\n\t<meta name=\"description\" content=\"Region Energie Solothurn hat 2023 einen Verlust von 760\u2018374 Franken verbucht. Der Regionalversorger macht die hohen Einkaufspreise f\u00fcr Energie verantwortlich, die er nicht v\u00f6llig abgew\u00e4lzt hat. Der Gasabsatz ist gesunken, der Stromabsatz wegen eines erweiterten Netzes gestiegen.\" \/>\n\t<meta name=\"robots\" content=\"max-image-preview:large\" \/>\n\t<meta name=\"author\" content=\"immovestuser\"\/>\n\t<meta name=\"google-site-verification\" content=\"fHJKvgWpZCR2zVBHWfkQeFXC11qieUSff0HGNYfuyLA\" \/>\n\t<link rel=\"canonical\" href=\"https:\/\/www.immo-invest.ch\/fr\/energiekrise-2022-hinterlaesst-spuren-im-geschaeftsjahr\/\" \/>\n\t<meta name=\"generator\" content=\"All in One SEO (AIOSEO) 5.0.1.1\" \/>\n\t\t<meta property=\"og:locale\" content=\"fr_FR\" \/>\n\t\t<meta property=\"og:site_name\" content=\"immo!nvest - Die Plattform f\u00fcr Standorte und Immobilien - Die\u00a0Plattform f\u00fcr Standorte und Immobilien\" \/>\n\t\t<meta property=\"og:type\" content=\"article\" \/>\n\t\t<meta property=\"og:title\" content=\"La crise \u00e9nerg\u00e9tique de 2022 laisse des traces dans l\u2019ann\u00e9e fiscale - immo!nvest - Die Plattform f\u00fcr Standorte und Immobilien\" \/>\n\t\t<meta property=\"og:description\" content=\"Region Energie Solothurn hat 2023 einen Verlust von 760\u2018374 Franken verbucht. Der Regionalversorger macht die hohen Einkaufspreise f\u00fcr Energie verantwortlich, die er nicht v\u00f6llig abgew\u00e4lzt hat. Der Gasabsatz ist gesunken, der Stromabsatz wegen eines erweiterten Netzes gestiegen.\" \/>\n\t\t<meta property=\"og:url\" content=\"https:\/\/www.immo-invest.ch\/fr\/energiekrise-2022-hinterlaesst-spuren-im-geschaeftsjahr\/\" \/>\n\t\t<meta property=\"og:image\" content=\"https:\/\/www.immo-invest.ch\/wp-content\/uploads\/2020\/04\/energie_1.png\" \/>\n\t\t<meta property=\"og:image:secure_url\" content=\"https:\/\/www.immo-invest.ch\/wp-content\/uploads\/2020\/04\/energie_1.png\" \/>\n\t\t<meta property=\"og:image:width\" content=\"1200\" \/>\n\t\t<meta property=\"og:image:height\" content=\"675\" \/>\n\t\t<meta property=\"article:published_time\" content=\"2024-05-30T14:00:00+00:00\" \/>\n\t\t<meta property=\"article:modified_time\" content=\"2024-05-30T07:21:48+00:00\" \/>\n\t\t<meta property=\"article:publisher\" content=\"https:\/\/www.facebook.com\/people\/Immoinvest\/100077962920504\/\" \/>\n\t\t<meta name=\"twitter:card\" content=\"summary_large_image\" \/>\n\t\t<meta name=\"twitter:site\" content=\"@i\" \/>\n\t\t<meta name=\"twitter:title\" content=\"La crise \u00e9nerg\u00e9tique de 2022 laisse des traces dans l\u2019ann\u00e9e fiscale - immo!nvest - Die Plattform f\u00fcr Standorte und Immobilien\" \/>\n\t\t<meta name=\"twitter:description\" content=\"Region Energie Solothurn hat 2023 einen Verlust von 760\u2018374 Franken verbucht. Der Regionalversorger macht die hohen Einkaufspreise f\u00fcr Energie verantwortlich, die er nicht v\u00f6llig abgew\u00e4lzt hat. Der Gasabsatz ist gesunken, der Stromabsatz wegen eines erweiterten Netzes gestiegen.\" \/>\n\t\t<meta name=\"twitter:creator\" content=\"@i\" \/>\n\t\t<meta name=\"twitter:image\" content=\"https:\/\/www.immo-invest.ch\/wp-content\/uploads\/2020\/04\/energie_1.png\" \/>\n\t\t<script type=\"application\/ld+json\" class=\"aioseo-schema\">\n\t\t\t{\"@context\":\"https:\\\/\\\/schema.org\",\"@graph\":[{\"@type\":\"BlogPosting\",\"@id\":\"https:\\\/\\\/www.immo-invest.ch\\\/fr\\\/energiekrise-2022-hinterlaesst-spuren-im-geschaeftsjahr\\\/#blogposting\",\"name\":\"La crise \\u00e9nerg\\u00e9tique de 2022 laisse des traces dans l\\u2019ann\\u00e9e fiscale - immo!nvest - Die Plattform f\\u00fcr Standorte und Immobilien\",\"headline\":\"La crise \\u00e9nerg\\u00e9tique de 2022 laisse des traces dans l&rsquo;ann\\u00e9e fiscale\",\"author\":{\"@id\":\"https:\\\/\\\/www.immo-invest.ch\\\/fr\\\/author\\\/immovestuser\\\/#author\"},\"publisher\":{\"@id\":\"https:\\\/\\\/www.immo-invest.ch\\\/fr\\\/#organization\"},\"image\":{\"@type\":\"ImageObject\",\"url\":\"https:\\\/\\\/www.immo-invest.ch\\\/wp-content\\\/uploads\\\/2020\\\/04\\\/energie_1.png\",\"width\":1200,\"height\":675},\"datePublished\":\"2024-05-30T16:00:00+02:00\",\"dateModified\":\"2024-05-30T09:21:48+02:00\",\"inLanguage\":\"fr-FR\",\"mainEntityOfPage\":{\"@id\":\"https:\\\/\\\/www.immo-invest.ch\\\/fr\\\/energiekrise-2022-hinterlaesst-spuren-im-geschaeftsjahr\\\/#webpage\"},\"isPartOf\":{\"@id\":\"https:\\\/\\\/www.immo-invest.ch\\\/fr\\\/energiekrise-2022-hinterlaesst-spuren-im-geschaeftsjahr\\\/#webpage\"},\"articleSection\":\"Business, \\u00c9nergie, Entreprise, immoNews, Soleure, Energiekriese, Gesch\\u00e4ftsjahr, immobilien, immoNews, Netzabgabe, Solarstrom, Strom, Facultatif\"},{\"@type\":\"BreadcrumbList\",\"@id\":\"https:\\\/\\\/www.immo-invest.ch\\\/fr\\\/energiekrise-2022-hinterlaesst-spuren-im-geschaeftsjahr\\\/#breadcrumblist\",\"itemListElement\":[{\"@type\":\"ListItem\",\"@id\":\"https:\\\/\\\/www.immo-invest.ch\\\/fr\\\/#listItem\",\"position\":1,\"name\":\"Home\",\"item\":\"https:\\\/\\\/www.immo-invest.ch\\\/fr\\\/\",\"nextItem\":{\"@type\":\"ListItem\",\"@id\":\"https:\\\/\\\/www.immo-invest.ch\\\/fr\\\/categories\\\/regions\\\/#listItem\",\"name\":\"R\\u00e9gions\"}},{\"@type\":\"ListItem\",\"@id\":\"https:\\\/\\\/www.immo-invest.ch\\\/fr\\\/categories\\\/regions\\\/#listItem\",\"position\":2,\"name\":\"R\\u00e9gions\",\"item\":\"https:\\\/\\\/www.immo-invest.ch\\\/fr\\\/categories\\\/regions\\\/\",\"nextItem\":{\"@type\":\"ListItem\",\"@id\":\"https:\\\/\\\/www.immo-invest.ch\\\/fr\\\/categories\\\/regions\\\/suisse\\\/#listItem\",\"name\":\"Suisse\"},\"previousItem\":{\"@type\":\"ListItem\",\"@id\":\"https:\\\/\\\/www.immo-invest.ch\\\/fr\\\/#listItem\",\"name\":\"Home\"}},{\"@type\":\"ListItem\",\"@id\":\"https:\\\/\\\/www.immo-invest.ch\\\/fr\\\/categories\\\/regions\\\/suisse\\\/#listItem\",\"position\":3,\"name\":\"Suisse\",\"item\":\"https:\\\/\\\/www.immo-invest.ch\\\/fr\\\/categories\\\/regions\\\/suisse\\\/\",\"nextItem\":{\"@type\":\"ListItem\",\"@id\":\"https:\\\/\\\/www.immo-invest.ch\\\/fr\\\/categories\\\/regions\\\/suisse\\\/espace-mittelland\\\/#listItem\",\"name\":\"Espace Mittelland\"},\"previousItem\":{\"@type\":\"ListItem\",\"@id\":\"https:\\\/\\\/www.immo-invest.ch\\\/fr\\\/categories\\\/regions\\\/#listItem\",\"name\":\"R\\u00e9gions\"}},{\"@type\":\"ListItem\",\"@id\":\"https:\\\/\\\/www.immo-invest.ch\\\/fr\\\/categories\\\/regions\\\/suisse\\\/espace-mittelland\\\/#listItem\",\"position\":4,\"name\":\"Espace Mittelland\",\"item\":\"https:\\\/\\\/www.immo-invest.ch\\\/fr\\\/categories\\\/regions\\\/suisse\\\/espace-mittelland\\\/\",\"nextItem\":{\"@type\":\"ListItem\",\"@id\":\"https:\\\/\\\/www.immo-invest.ch\\\/fr\\\/categories\\\/regions\\\/suisse\\\/espace-mittelland\\\/region-soleure\\\/#listItem\",\"name\":\"Soleure\"},\"previousItem\":{\"@type\":\"ListItem\",\"@id\":\"https:\\\/\\\/www.immo-invest.ch\\\/fr\\\/categories\\\/regions\\\/suisse\\\/#listItem\",\"name\":\"Suisse\"}},{\"@type\":\"ListItem\",\"@id\":\"https:\\\/\\\/www.immo-invest.ch\\\/fr\\\/categories\\\/regions\\\/suisse\\\/espace-mittelland\\\/region-soleure\\\/#listItem\",\"position\":5,\"name\":\"Soleure\",\"item\":\"https:\\\/\\\/www.immo-invest.ch\\\/fr\\\/categories\\\/regions\\\/suisse\\\/espace-mittelland\\\/region-soleure\\\/\",\"nextItem\":{\"@type\":\"ListItem\",\"@id\":\"https:\\\/\\\/www.immo-invest.ch\\\/fr\\\/energiekrise-2022-hinterlaesst-spuren-im-geschaeftsjahr\\\/#listItem\",\"name\":\"La crise \\u00e9nerg\\u00e9tique de 2022 laisse des traces dans l&rsquo;ann\\u00e9e fiscale\"},\"previousItem\":{\"@type\":\"ListItem\",\"@id\":\"https:\\\/\\\/www.immo-invest.ch\\\/fr\\\/categories\\\/regions\\\/suisse\\\/espace-mittelland\\\/#listItem\",\"name\":\"Espace Mittelland\"}},{\"@type\":\"ListItem\",\"@id\":\"https:\\\/\\\/www.immo-invest.ch\\\/fr\\\/energiekrise-2022-hinterlaesst-spuren-im-geschaeftsjahr\\\/#listItem\",\"position\":6,\"name\":\"La crise \\u00e9nerg\\u00e9tique de 2022 laisse des traces dans l&rsquo;ann\\u00e9e fiscale\",\"previousItem\":{\"@type\":\"ListItem\",\"@id\":\"https:\\\/\\\/www.immo-invest.ch\\\/fr\\\/categories\\\/regions\\\/suisse\\\/espace-mittelland\\\/region-soleure\\\/#listItem\",\"name\":\"Soleure\"}}]},{\"@type\":\"Organization\",\"@id\":\"https:\\\/\\\/www.immo-invest.ch\\\/fr\\\/#organization\",\"name\":\"immo!nvest - Die Plattform f\\u00fcr Standorte und Immobilien\",\"description\":\"Die\\u00a0Plattform f\\u00fcr Standorte und Immobilien\",\"url\":\"https:\\\/\\\/www.immo-invest.ch\\\/fr\\\/\",\"email\":\"admin@immomedia.ag\",\"telephone\":\"+41444420002\",\"logo\":{\"@type\":\"ImageObject\",\"url\":\"https:\\\/\\\/www.immo-invest.ch\\\/wp-content\\\/uploads\\\/2024\\\/09\\\/immoinvest_sm-scaled.jpg\",\"@id\":\"https:\\\/\\\/www.immo-invest.ch\\\/fr\\\/energiekrise-2022-hinterlaesst-spuren-im-geschaeftsjahr\\\/#organizationLogo\",\"width\":2560,\"height\":1340},\"image\":{\"@id\":\"https:\\\/\\\/www.immo-invest.ch\\\/fr\\\/energiekrise-2022-hinterlaesst-spuren-im-geschaeftsjahr\\\/#organizationLogo\"},\"sameAs\":[\"https:\\\/\\\/www.facebook.com\\\/people\\\/Immoinvest\\\/100077962920504\\\/\",\"https:\\\/\\\/x.com\\\/i\\\/flow\\\/login?redirect_after_login=immoinvest_ch\",\"https:\\\/\\\/www.instagram.com\\\/immoinvest_ch\\\/\",\"https:\\\/\\\/www.linkedin.com\\\/company\\\/immoinvest-swiss\"]},{\"@type\":\"Person\",\"@id\":\"https:\\\/\\\/www.immo-invest.ch\\\/fr\\\/author\\\/immovestuser\\\/#author\",\"url\":\"https:\\\/\\\/www.immo-invest.ch\\\/fr\\\/author\\\/immovestuser\\\/\",\"name\":\"immovestuser\",\"image\":{\"@type\":\"ImageObject\",\"@id\":\"https:\\\/\\\/www.immo-invest.ch\\\/fr\\\/energiekrise-2022-hinterlaesst-spuren-im-geschaeftsjahr\\\/#authorImage\",\"url\":\"https:\\\/\\\/secure.gravatar.com\\\/avatar\\\/8e01f4d99f2eeea7a362ebb93305e1172a70e9293ba250f897a65c39f54cdd1e?s=96&d=mm&r=g\",\"width\":96,\"height\":96,\"caption\":\"immovestuser\"}},{\"@type\":\"WebPage\",\"@id\":\"https:\\\/\\\/www.immo-invest.ch\\\/fr\\\/energiekrise-2022-hinterlaesst-spuren-im-geschaeftsjahr\\\/#webpage\",\"url\":\"https:\\\/\\\/www.immo-invest.ch\\\/fr\\\/energiekrise-2022-hinterlaesst-spuren-im-geschaeftsjahr\\\/\",\"name\":\"La crise \\u00e9nerg\\u00e9tique de 2022 laisse des traces dans l\\u2019ann\\u00e9e fiscale - immo!nvest - Die Plattform f\\u00fcr Standorte und Immobilien\",\"description\":\"Region Energie Solothurn hat 2023 einen Verlust von 760\\u2018374 Franken verbucht. Der Regionalversorger macht die hohen Einkaufspreise f\\u00fcr Energie verantwortlich, die er nicht v\\u00f6llig abgew\\u00e4lzt hat. Der Gasabsatz ist gesunken, der Stromabsatz wegen eines erweiterten Netzes gestiegen.\",\"inLanguage\":\"fr-FR\",\"isPartOf\":{\"@id\":\"https:\\\/\\\/www.immo-invest.ch\\\/fr\\\/#website\"},\"breadcrumb\":{\"@id\":\"https:\\\/\\\/www.immo-invest.ch\\\/fr\\\/energiekrise-2022-hinterlaesst-spuren-im-geschaeftsjahr\\\/#breadcrumblist\"},\"author\":{\"@id\":\"https:\\\/\\\/www.immo-invest.ch\\\/fr\\\/author\\\/immovestuser\\\/#author\"},\"creator\":{\"@id\":\"https:\\\/\\\/www.immo-invest.ch\\\/fr\\\/author\\\/immovestuser\\\/#author\"},\"image\":{\"@type\":\"ImageObject\",\"url\":\"https:\\\/\\\/www.immo-invest.ch\\\/wp-content\\\/uploads\\\/2020\\\/04\\\/energie_1.png\",\"@id\":\"https:\\\/\\\/www.immo-invest.ch\\\/fr\\\/energiekrise-2022-hinterlaesst-spuren-im-geschaeftsjahr\\\/#mainImage\",\"width\":1200,\"height\":675},\"primaryImageOfPage\":{\"@id\":\"https:\\\/\\\/www.immo-invest.ch\\\/fr\\\/energiekrise-2022-hinterlaesst-spuren-im-geschaeftsjahr\\\/#mainImage\"},\"datePublished\":\"2024-05-30T16:00:00+02:00\",\"dateModified\":\"2024-05-30T09:21:48+02:00\"},{\"@type\":\"WebSite\",\"@id\":\"https:\\\/\\\/www.immo-invest.ch\\\/fr\\\/#website\",\"url\":\"https:\\\/\\\/www.immo-invest.ch\\\/fr\\\/\",\"name\":\"immo!nvest - Die Plattform f\\u00fcr Standorte und Immobilien\",\"description\":\"Die\\u00a0Plattform f\\u00fcr Standorte und Immobilien\",\"inLanguage\":\"fr-FR\",\"publisher\":{\"@id\":\"https:\\\/\\\/www.immo-invest.ch\\\/fr\\\/#organization\"}}]}\n\t\t<\/script>\n\t\t<!-- All in One SEO -->\n\n","aioseo_head_json":{"title":"La crise \u00e9nerg\u00e9tique de 2022 laisse des traces dans l\u2019ann\u00e9e fiscale - immo!nvest - Die Plattform f\u00fcr Standorte und Immobilien","description":"Region Energie Solothurn hat 2023 einen Verlust von 760\u2018374 Franken verbucht. Der Regionalversorger macht die hohen Einkaufspreise f\u00fcr Energie verantwortlich, die er nicht v\u00f6llig abgew\u00e4lzt hat. Der Gasabsatz ist gesunken, der Stromabsatz wegen eines erweiterten Netzes gestiegen.","canonical_url":"https:\/\/www.immo-invest.ch\/fr\/energiekrise-2022-hinterlaesst-spuren-im-geschaeftsjahr\/","robots":"max-image-preview:large","keywords":"","webmasterTools":{"google-site-verification":"fHJKvgWpZCR2zVBHWfkQeFXC11qieUSff0HGNYfuyLA","miscellaneous":""},"schema":{"@context":"https:\/\/schema.org","@graph":[{"@type":"BlogPosting","@id":"https:\/\/www.immo-invest.ch\/fr\/energiekrise-2022-hinterlaesst-spuren-im-geschaeftsjahr\/#blogposting","name":"La crise \u00e9nerg\u00e9tique de 2022 laisse des traces dans l\u2019ann\u00e9e fiscale - immo!nvest - Die Plattform f\u00fcr Standorte und Immobilien","headline":"La crise \u00e9nerg\u00e9tique de 2022 laisse des traces dans l&rsquo;ann\u00e9e fiscale","author":{"@id":"https:\/\/www.immo-invest.ch\/fr\/author\/immovestuser\/#author"},"publisher":{"@id":"https:\/\/www.immo-invest.ch\/fr\/#organization"},"image":{"@type":"ImageObject","url":"https:\/\/www.immo-invest.ch\/wp-content\/uploads\/2020\/04\/energie_1.png","width":1200,"height":675},"datePublished":"2024-05-30T16:00:00+02:00","dateModified":"2024-05-30T09:21:48+02:00","inLanguage":"fr-FR","mainEntityOfPage":{"@id":"https:\/\/www.immo-invest.ch\/fr\/energiekrise-2022-hinterlaesst-spuren-im-geschaeftsjahr\/#webpage"},"isPartOf":{"@id":"https:\/\/www.immo-invest.ch\/fr\/energiekrise-2022-hinterlaesst-spuren-im-geschaeftsjahr\/#webpage"},"articleSection":"Business, \u00c9nergie, Entreprise, immoNews, Soleure, Energiekriese, Gesch\u00e4ftsjahr, immobilien, immoNews, Netzabgabe, Solarstrom, Strom, Facultatif"},{"@type":"BreadcrumbList","@id":"https:\/\/www.immo-invest.ch\/fr\/energiekrise-2022-hinterlaesst-spuren-im-geschaeftsjahr\/#breadcrumblist","itemListElement":[{"@type":"ListItem","@id":"https:\/\/www.immo-invest.ch\/fr\/#listItem","position":1,"name":"Home","item":"https:\/\/www.immo-invest.ch\/fr\/","nextItem":{"@type":"ListItem","@id":"https:\/\/www.immo-invest.ch\/fr\/categories\/regions\/#listItem","name":"R\u00e9gions"}},{"@type":"ListItem","@id":"https:\/\/www.immo-invest.ch\/fr\/categories\/regions\/#listItem","position":2,"name":"R\u00e9gions","item":"https:\/\/www.immo-invest.ch\/fr\/categories\/regions\/","nextItem":{"@type":"ListItem","@id":"https:\/\/www.immo-invest.ch\/fr\/categories\/regions\/suisse\/#listItem","name":"Suisse"},"previousItem":{"@type":"ListItem","@id":"https:\/\/www.immo-invest.ch\/fr\/#listItem","name":"Home"}},{"@type":"ListItem","@id":"https:\/\/www.immo-invest.ch\/fr\/categories\/regions\/suisse\/#listItem","position":3,"name":"Suisse","item":"https:\/\/www.immo-invest.ch\/fr\/categories\/regions\/suisse\/","nextItem":{"@type":"ListItem","@id":"https:\/\/www.immo-invest.ch\/fr\/categories\/regions\/suisse\/espace-mittelland\/#listItem","name":"Espace Mittelland"},"previousItem":{"@type":"ListItem","@id":"https:\/\/www.immo-invest.ch\/fr\/categories\/regions\/#listItem","name":"R\u00e9gions"}},{"@type":"ListItem","@id":"https:\/\/www.immo-invest.ch\/fr\/categories\/regions\/suisse\/espace-mittelland\/#listItem","position":4,"name":"Espace Mittelland","item":"https:\/\/www.immo-invest.ch\/fr\/categories\/regions\/suisse\/espace-mittelland\/","nextItem":{"@type":"ListItem","@id":"https:\/\/www.immo-invest.ch\/fr\/categories\/regions\/suisse\/espace-mittelland\/region-soleure\/#listItem","name":"Soleure"},"previousItem":{"@type":"ListItem","@id":"https:\/\/www.immo-invest.ch\/fr\/categories\/regions\/suisse\/#listItem","name":"Suisse"}},{"@type":"ListItem","@id":"https:\/\/www.immo-invest.ch\/fr\/categories\/regions\/suisse\/espace-mittelland\/region-soleure\/#listItem","position":5,"name":"Soleure","item":"https:\/\/www.immo-invest.ch\/fr\/categories\/regions\/suisse\/espace-mittelland\/region-soleure\/","nextItem":{"@type":"ListItem","@id":"https:\/\/www.immo-invest.ch\/fr\/energiekrise-2022-hinterlaesst-spuren-im-geschaeftsjahr\/#listItem","name":"La crise \u00e9nerg\u00e9tique de 2022 laisse des traces dans l&rsquo;ann\u00e9e fiscale"},"previousItem":{"@type":"ListItem","@id":"https:\/\/www.immo-invest.ch\/fr\/categories\/regions\/suisse\/espace-mittelland\/#listItem","name":"Espace Mittelland"}},{"@type":"ListItem","@id":"https:\/\/www.immo-invest.ch\/fr\/energiekrise-2022-hinterlaesst-spuren-im-geschaeftsjahr\/#listItem","position":6,"name":"La crise \u00e9nerg\u00e9tique de 2022 laisse des traces dans l&rsquo;ann\u00e9e fiscale","previousItem":{"@type":"ListItem","@id":"https:\/\/www.immo-invest.ch\/fr\/categories\/regions\/suisse\/espace-mittelland\/region-soleure\/#listItem","name":"Soleure"}}]},{"@type":"Organization","@id":"https:\/\/www.immo-invest.ch\/fr\/#organization","name":"immo!nvest - Die Plattform f\u00fcr Standorte und Immobilien","description":"Die\u00a0Plattform f\u00fcr Standorte und Immobilien","url":"https:\/\/www.immo-invest.ch\/fr\/","email":"admin@immomedia.ag","telephone":"+41444420002","logo":{"@type":"ImageObject","url":"https:\/\/www.immo-invest.ch\/wp-content\/uploads\/2024\/09\/immoinvest_sm-scaled.jpg","@id":"https:\/\/www.immo-invest.ch\/fr\/energiekrise-2022-hinterlaesst-spuren-im-geschaeftsjahr\/#organizationLogo","width":2560,"height":1340},"image":{"@id":"https:\/\/www.immo-invest.ch\/fr\/energiekrise-2022-hinterlaesst-spuren-im-geschaeftsjahr\/#organizationLogo"},"sameAs":["https:\/\/www.facebook.com\/people\/Immoinvest\/100077962920504\/","https:\/\/x.com\/i\/flow\/login?redirect_after_login=immoinvest_ch","https:\/\/www.instagram.com\/immoinvest_ch\/","https:\/\/www.linkedin.com\/company\/immoinvest-swiss"]},{"@type":"Person","@id":"https:\/\/www.immo-invest.ch\/fr\/author\/immovestuser\/#author","url":"https:\/\/www.immo-invest.ch\/fr\/author\/immovestuser\/","name":"immovestuser","image":{"@type":"ImageObject","@id":"https:\/\/www.immo-invest.ch\/fr\/energiekrise-2022-hinterlaesst-spuren-im-geschaeftsjahr\/#authorImage","url":"https:\/\/secure.gravatar.com\/avatar\/8e01f4d99f2eeea7a362ebb93305e1172a70e9293ba250f897a65c39f54cdd1e?s=96&d=mm&r=g","width":96,"height":96,"caption":"immovestuser"}},{"@type":"WebPage","@id":"https:\/\/www.immo-invest.ch\/fr\/energiekrise-2022-hinterlaesst-spuren-im-geschaeftsjahr\/#webpage","url":"https:\/\/www.immo-invest.ch\/fr\/energiekrise-2022-hinterlaesst-spuren-im-geschaeftsjahr\/","name":"La crise \u00e9nerg\u00e9tique de 2022 laisse des traces dans l\u2019ann\u00e9e fiscale - immo!nvest - Die Plattform f\u00fcr Standorte und Immobilien","description":"Region Energie Solothurn hat 2023 einen Verlust von 760\u2018374 Franken verbucht. Der Regionalversorger macht die hohen Einkaufspreise f\u00fcr Energie verantwortlich, die er nicht v\u00f6llig abgew\u00e4lzt hat. Der Gasabsatz ist gesunken, der Stromabsatz wegen eines erweiterten Netzes gestiegen.","inLanguage":"fr-FR","isPartOf":{"@id":"https:\/\/www.immo-invest.ch\/fr\/#website"},"breadcrumb":{"@id":"https:\/\/www.immo-invest.ch\/fr\/energiekrise-2022-hinterlaesst-spuren-im-geschaeftsjahr\/#breadcrumblist"},"author":{"@id":"https:\/\/www.immo-invest.ch\/fr\/author\/immovestuser\/#author"},"creator":{"@id":"https:\/\/www.immo-invest.ch\/fr\/author\/immovestuser\/#author"},"image":{"@type":"ImageObject","url":"https:\/\/www.immo-invest.ch\/wp-content\/uploads\/2020\/04\/energie_1.png","@id":"https:\/\/www.immo-invest.ch\/fr\/energiekrise-2022-hinterlaesst-spuren-im-geschaeftsjahr\/#mainImage","width":1200,"height":675},"primaryImageOfPage":{"@id":"https:\/\/www.immo-invest.ch\/fr\/energiekrise-2022-hinterlaesst-spuren-im-geschaeftsjahr\/#mainImage"},"datePublished":"2024-05-30T16:00:00+02:00","dateModified":"2024-05-30T09:21:48+02:00"},{"@type":"WebSite","@id":"https:\/\/www.immo-invest.ch\/fr\/#website","url":"https:\/\/www.immo-invest.ch\/fr\/","name":"immo!nvest - Die Plattform f\u00fcr Standorte und Immobilien","description":"Die\u00a0Plattform f\u00fcr Standorte und Immobilien","inLanguage":"fr-FR","publisher":{"@id":"https:\/\/www.immo-invest.ch\/fr\/#organization"}}]},"og:locale":"fr_FR","og:site_name":"immo!nvest - Die Plattform f\u00fcr Standorte und Immobilien - Die\u00a0Plattform f\u00fcr Standorte und Immobilien","og:type":"article","og:title":"La crise \u00e9nerg\u00e9tique de 2022 laisse des traces dans l\u2019ann\u00e9e fiscale - immo!nvest - Die Plattform f\u00fcr Standorte und Immobilien","og:description":"Region Energie Solothurn hat 2023 einen Verlust von 760\u2018374 Franken verbucht. Der Regionalversorger macht die hohen Einkaufspreise f\u00fcr Energie verantwortlich, die er nicht v\u00f6llig abgew\u00e4lzt hat. Der Gasabsatz ist gesunken, der Stromabsatz wegen eines erweiterten Netzes gestiegen.","og:url":"https:\/\/www.immo-invest.ch\/fr\/energiekrise-2022-hinterlaesst-spuren-im-geschaeftsjahr\/","og:image":"https:\/\/www.immo-invest.ch\/wp-content\/uploads\/2020\/04\/energie_1.png","og:image:secure_url":"https:\/\/www.immo-invest.ch\/wp-content\/uploads\/2020\/04\/energie_1.png","og:image:width":1200,"og:image:height":675,"article:published_time":"2024-05-30T14:00:00+00:00","article:modified_time":"2024-05-30T07:21:48+00:00","article:publisher":"https:\/\/www.facebook.com\/people\/Immoinvest\/100077962920504\/","twitter:card":"summary_large_image","twitter:site":"@i","twitter:title":"La crise \u00e9nerg\u00e9tique de 2022 laisse des traces dans l\u2019ann\u00e9e fiscale - immo!nvest - Die Plattform f\u00fcr Standorte und Immobilien","twitter:description":"Region Energie Solothurn hat 2023 einen Verlust von 760\u2018374 Franken verbucht. Der Regionalversorger macht die hohen Einkaufspreise f\u00fcr Energie verantwortlich, die er nicht v\u00f6llig abgew\u00e4lzt hat. Der Gasabsatz ist gesunken, der Stromabsatz wegen eines erweiterten Netzes gestiegen.","twitter:creator":"@i","twitter:image":"https:\/\/www.immo-invest.ch\/wp-content\/uploads\/2020\/04\/energie_1.png"},"aioseo_meta_data":{"post_id":"95133","title":null,"description":null,"keywords":null,"keyphrases":null,"primary_term":null,"canonical_url":null,"og_title":null,"og_description":null,"og_object_type":"default","og_image_type":"default","og_image_url":null,"og_image_width":null,"og_image_height":null,"og_image_custom_url":null,"og_image_custom_fields":null,"og_video":null,"og_custom_url":null,"og_article_section":null,"og_article_tags":null,"twitter_use_og":false,"twitter_card":"default","twitter_image_type":"default","twitter_image_url":null,"twitter_image_custom_url":null,"twitter_image_custom_fields":null,"twitter_title":null,"twitter_description":null,"schema":{"blockGraphs":[],"customGraphs":[],"default":{"data":{"Article":[],"Course":[],"Dataset":[],"FAQPage":[],"Movie":[],"Person":[],"Product":[],"ProductReview":[],"Car":[],"Recipe":[],"Service":[],"SoftwareApplication":[],"WebPage":[]},"graphName":"","isEnabled":true},"graphs":[]},"schema_type":"default","schema_type_options":null,"pillar_content":false,"robots_default":true,"robots_noindex":false,"robots_noarchive":false,"robots_nosnippet":false,"robots_nofollow":false,"robots_noimageindex":false,"robots_noodp":false,"robots_notranslate":false,"robots_max_snippet":null,"robots_max_videopreview":null,"robots_max_imagepreview":"large","priority":null,"frequency":null,"local_seo":null,"breadcrumb_settings":null,"limit_modified_date":false,"ai":null,"created":"2024-09-20 20:45:58","updated":"2025-10-24 03:04:16","seo_analyzer_scan_date":null,"focus_keyword":null,"additional_keywords":null,"truseo_locale":null},"aioseo_breadcrumb":"<div class=\"aioseo-breadcrumbs\"><span class=\"aioseo-breadcrumb\">\n\t\t\t<a href=\"https:\/\/www.immo-invest.ch\/fr\/\" title=\"Home\">Home<\/a>\n\t\t<\/span><span class=\"aioseo-breadcrumb-separator\">&raquo;<\/span><span class=\"aioseo-breadcrumb\">\n\t\t\t<a href=\"https:\/\/www.immo-invest.ch\/fr\/categories\/regions\/\" title=\"R\u00e9gions\">R\u00e9gions<\/a>\n\t\t<\/span><span class=\"aioseo-breadcrumb-separator\">&raquo;<\/span><span class=\"aioseo-breadcrumb\">\n\t\t\t<a href=\"https:\/\/www.immo-invest.ch\/fr\/categories\/regions\/suisse\/\" title=\"Suisse\">Suisse<\/a>\n\t\t<\/span><span class=\"aioseo-breadcrumb-separator\">&raquo;<\/span><span class=\"aioseo-breadcrumb\">\n\t\t\t<a href=\"https:\/\/www.immo-invest.ch\/fr\/categories\/regions\/suisse\/espace-mittelland\/\" title=\"Espace Mittelland\">Espace Mittelland<\/a>\n\t\t<\/span><span class=\"aioseo-breadcrumb-separator\">&raquo;<\/span><span class=\"aioseo-breadcrumb\">\n\t\t\t<a href=\"https:\/\/www.immo-invest.ch\/fr\/categories\/regions\/suisse\/espace-mittelland\/region-soleure\/\" title=\"Soleure\">Soleure<\/a>\n\t\t<\/span><span class=\"aioseo-breadcrumb-separator\">&raquo;<\/span><span class=\"aioseo-breadcrumb\">\n\t\t\tLa crise \u00e9nerg\u00e9tique de 2022 laisse des traces dans l\u2019ann\u00e9e fiscale\n\t\t<\/span><\/div>","aioseo_breadcrumb_json":[{"label":"Home","link":"https:\/\/www.immo-invest.ch\/fr\/"},{"label":"R\u00e9gions","link":"https:\/\/www.immo-invest.ch\/fr\/categories\/regions\/"},{"label":"Suisse","link":"https:\/\/www.immo-invest.ch\/fr\/categories\/regions\/suisse\/"},{"label":"Espace Mittelland","link":"https:\/\/www.immo-invest.ch\/fr\/categories\/regions\/suisse\/espace-mittelland\/"},{"label":"Soleure","link":"https:\/\/www.immo-invest.ch\/fr\/categories\/regions\/suisse\/espace-mittelland\/region-soleure\/"},{"label":"La crise \u00e9nerg\u00e9tique de 2022 laisse des traces dans l&rsquo;ann\u00e9e fiscale","link":"https:\/\/www.immo-invest.ch\/fr\/energiekrise-2022-hinterlaesst-spuren-im-geschaeftsjahr\/"}],"featured_image_src":"https:\/\/www.immo-invest.ch\/wp-content\/uploads\/2020\/04\/energie_1-150x150.png","_links":{"self":[{"href":"https:\/\/www.immo-invest.ch\/fr\/wp-json\/wp\/v2\/posts\/95133","targetHints":{"allow":["GET"]}}],"collection":[{"href":"https:\/\/www.immo-invest.ch\/fr\/wp-json\/wp\/v2\/posts"}],"about":[{"href":"https:\/\/www.immo-invest.ch\/fr\/wp-json\/wp\/v2\/types\/post"}],"author":[{"embeddable":true,"href":"https:\/\/www.immo-invest.ch\/fr\/wp-json\/wp\/v2\/users\/2"}],"replies":[{"embeddable":true,"href":"https:\/\/www.immo-invest.ch\/fr\/wp-json\/wp\/v2\/comments?post=95133"}],"version-history":[{"count":0,"href":"https:\/\/www.immo-invest.ch\/fr\/wp-json\/wp\/v2\/posts\/95133\/revisions"}],"wp:featuredmedia":[{"embeddable":true,"href":"https:\/\/www.immo-invest.ch\/fr\/wp-json\/wp\/v2\/media\/3566"}],"wp:attachment":[{"href":"https:\/\/www.immo-invest.ch\/fr\/wp-json\/wp\/v2\/media?parent=95133"}],"wp:term":[{"taxonomy":"category","embeddable":true,"href":"https:\/\/www.immo-invest.ch\/fr\/wp-json\/wp\/v2\/categories?post=95133"},{"taxonomy":"post_tag","embeddable":true,"href":"https:\/\/www.immo-invest.ch\/fr\/wp-json\/wp\/v2\/tags?post=95133"}],"curies":[{"name":"wp","href":"https:\/\/api.w.org\/{rel}","templated":true}]}}