{"id":95066,"date":"2024-05-29T14:06:36","date_gmt":"2024-05-29T12:06:36","guid":{"rendered":"https:\/\/www.immo-invest.ch\/?p=95066"},"modified":"2024-05-29T10:33:42","modified_gmt":"2024-05-29T08:33:42","slug":"eroeffnung-des-liug-innovationszentrums-in-chur","status":"publish","type":"post","link":"https:\/\/www.immo-invest.ch\/fr\/eroeffnung-des-liug-innovationszentrums-in-chur\/","title":{"rendered":"Ouverture du centre d&rsquo;innovation liug.\u00e0 Coire"},"content":{"rendered":"<p class=\"bodytext\">Le centre d&rsquo;<span class=\"glossaryLink\" aria-describedby=\"tt\" data-cmtooltip=\"&lt;div class=glossaryItemTitle&gt;Innovation&lt;\/div&gt;&lt;div class=glossaryItemBody&gt;Innovation in der heutigen Immobilienwelt bedeutet vor allem Digitalisierung von Prozessen. Zum Beispiel das Eliminieren von Tausenden von Excel-Bl&auml;ttern f&uuml;r Portfolio- und Asset-Manager oder das Erstellen einer Anwendung (App) f&uuml;r alle Formalit&auml;ten rund um die Beziehung zwischen Immobilieneigent&uuml;mern, - verwaltung und -mietern.&lt;\/div&gt;\" data-mobile-support=\"0\" data-gt-translate-attributes='[{\"attribute\":\"data-cmtooltip\", \"format\":\"html\"}]' tabindex=\"0\" role=\"link\">innovation<\/span> liug.&agrave; Coire a &eacute;t&eacute; mis en service. C&rsquo;est la soci&eacute;t&eacute; liechtensteinoise <a href=\"https:\/\/www.itw.li\/\" target=\"_blank\" rel=\"noopener\">ITW Ingenieurunternehmung AG<\/a> qui en est le concepteur, le propri&eacute;taire et l&rsquo;exploitant. Comme le <a href=\"https:\/\/www.itw.li\/aktuelles\/eroeffnung-liug-innovationszentrum-chur\" target=\"_blank\" rel=\"noopener\">communique<\/a> l&rsquo;entreprise, le maire Urs Marti et Victor Zindel, directeur du management r&eacute;gional\/service de contact &eacute;conomique de la ville de Coire, ont particip&eacute; &agrave; la c&eacute;r&eacute;monie d&rsquo;inauguration.<\/p>\n<p class=\"bodytext\">ITW qualifie le b&acirc;timent semi-circulaire avec piazza int&eacute;gr&eacute;e des architectes Bearth &amp; Deplazes de Coire de nouvel embl&egrave;me de la ville. Il s&rsquo;inspire d&rsquo;un amphith&eacute;&acirc;tre romain. Son nom romanche Liug signifie lieu ou place : &laquo;&nbsp;Un lieu pour l&rsquo;<span class=\"glossaryLink\" aria-describedby=\"tt\" data-cmtooltip=\"&lt;div class=glossaryItemTitle&gt;Innovation&lt;\/div&gt;&lt;div class=glossaryItemBody&gt;Innovation in der heutigen Immobilienwelt bedeutet vor allem Digitalisierung von Prozessen. Zum Beispiel das Eliminieren von Tausenden von Excel-Bl&auml;ttern f&uuml;r Portfolio- und Asset-Manager oder das Erstellen einer Anwendung (App) f&uuml;r alle Formalit&auml;ten rund um die Beziehung zwischen Immobilieneigent&uuml;mern, - verwaltung und -mietern.&lt;\/div&gt;\" data-mobile-support=\"0\" data-gt-translate-attributes='[{\"attribute\":\"data-cmtooltip\", \"format\":\"html\"}]' tabindex=\"0\" role=\"link\">innovation<\/span>, un lieu pour les rencontres&nbsp;&raquo;, explique le chef de projet liug et membre de la direction, Oliver Bossi, dans un <a href=\"https:\/\/www.presseportal.ch\/de\/pm\/100053189\/100919671\" target=\"_blank\" rel=\"noopener\">communiqu&eacute; de presse<\/a>.<\/p>\n<p class=\"bodytext\">Selon l&rsquo;<a href=\"https:\/\/liug.ch\/#liug-zentrum\" target=\"_blank\" rel=\"noopener\">autopromotion<\/a>, le centre d&rsquo;<span class=\"glossaryLink\" aria-describedby=\"tt\" data-cmtooltip=\"&lt;div class=glossaryItemTitle&gt;Innovation&lt;\/div&gt;&lt;div class=glossaryItemBody&gt;Innovation in der heutigen Immobilienwelt bedeutet vor allem Digitalisierung von Prozessen. Zum Beispiel das Eliminieren von Tausenden von Excel-Bl&auml;ttern f&uuml;r Portfolio- und Asset-Manager oder das Erstellen einer Anwendung (App) f&uuml;r alle Formalit&auml;ten rund um die Beziehung zwischen Immobilieneigent&uuml;mern, - verwaltung und -mietern.&lt;\/div&gt;\" data-mobile-support=\"0\" data-gt-translate-attributes='[{\"attribute\":\"data-cmtooltip\", \"format\":\"html\"}]' tabindex=\"0\" role=\"link\">innovation<\/span> liug.offre un espace de 11 200 m&egrave;tres carr&eacute;s pour le travail, la recherche, les &oelig;uvres, la formation, les congr&egrave;s, les activit&eacute;s de laboratoire, le fitness, les &eacute;v&eacute;nements, la restauration et les services. L&rsquo;&eacute;quipement et l&rsquo;agencement sont modulables et utilisables. Au total, jusqu&rsquo;&agrave; 300 postes de travail pourraient y &ecirc;tre cr&eacute;&eacute;s.<\/p>\n<p class=\"bodytext\">Dans une <a href=\"https:\/\/www.youtube.com\/watch?v=xII8o3ZhIzY\" target=\"_blank\" rel=\"noopener\">vid&eacute;o<\/a>, M. Bossi explique que la diff&eacute;rence entre le centre d&rsquo;<span class=\"glossaryLink\" aria-describedby=\"tt\" data-cmtooltip=\"&lt;div class=glossaryItemTitle&gt;Innovation&lt;\/div&gt;&lt;div class=glossaryItemBody&gt;Innovation in der heutigen Immobilienwelt bedeutet vor allem Digitalisierung von Prozessen. Zum Beispiel das Eliminieren von Tausenden von Excel-Bl&auml;ttern f&uuml;r Portfolio- und Asset-Manager oder das Erstellen einer Anwendung (App) f&uuml;r alle Formalit&auml;ten rund um die Beziehung zwischen Immobilieneigent&uuml;mern, - verwaltung und -mietern.&lt;\/div&gt;\" data-mobile-support=\"0\" data-gt-translate-attributes='[{\"attribute\":\"data-cmtooltip\", \"format\":\"html\"}]' tabindex=\"0\" role=\"link\">innovation<\/span> liug.et les b&acirc;timents traditionnels &laquo;&nbsp;r&eacute;side certainement dans le m&eacute;lange d&rsquo;entreprises renomm&eacute;es et de jeunes entreprises qui y trouveront leur place&nbsp;&raquo;. En outre, le centre d&rsquo;<span class=\"glossaryLink\" aria-describedby=\"tt\" data-cmtooltip=\"&lt;div class=glossaryItemTitle&gt;Innovation&lt;\/div&gt;&lt;div class=glossaryItemBody&gt;Innovation in der heutigen Immobilienwelt bedeutet vor allem Digitalisierung von Prozessen. Zum Beispiel das Eliminieren von Tausenden von Excel-Bl&auml;ttern f&uuml;r Portfolio- und Asset-Manager oder das Erstellen einer Anwendung (App) f&uuml;r alle Formalit&auml;ten rund um die Beziehung zwischen Immobilieneigent&uuml;mern, - verwaltung und -mietern.&lt;\/div&gt;\" data-mobile-support=\"0\" data-gt-translate-attributes='[{\"attribute\":\"data-cmtooltip\", \"format\":\"html\"}]' tabindex=\"0\" role=\"link\">innovation<\/span> liug.sera partiellement ouvert au public. Selon lui, ce projet repr&eacute;sente une nouvelle &eacute;tape importante pour ITW dans le canton des Grisons.<\/p>\n","protected":false},"excerpt":{"rendered":"<p>Le centre d&rsquo;innovation liug \u00e0 Coire a \u00e9t\u00e9 officiellement inaugur\u00e9, offrant 11 200 m\u00e8tres carr\u00e9s d&rsquo;espace pour le travail, la recherche et les rencontres. Planifi\u00e9 et exploit\u00e9 par ITW Ingenieurunternehmung AG, le centre devrait cr\u00e9er jusqu&rsquo;\u00e0 300 emplois et sert de nouveau point de rep\u00e8re pour Coire.<\/p>\n","protected":false},"author":2,"featured_media":95061,"comment_status":"open","ping_status":"open","sticky":false,"template":"","format":"standard","meta":{"pmpro_default_level":"","inline_featured_image":false,"_monsterinsights_skip_tracking":false,"footnotes":""},"categories":[22347,743,739,39686],"tags":[4169,872,3931,17753,47021,2002],"class_list":["post-95066","post","type-post","status-publish","format-standard","has-post-thumbnail","hentry","category-grisons","category-immonews-fr","category-projects","category-standorte-fr","tag-chur-fr","tag-immoinvest-fr","tag-immonews-fr","tag-innovationszentrum-fr","tag-itw-ingenieurunternehmung-fr","tag-news-fr","pmpro-has-access"],"acf":{"bild_mit_ki_erstellt_worden":[],"lead":"Le centre d'innovation liug \u00e0 Coire a \u00e9t\u00e9 officiellement inaugur\u00e9, offrant 11 200 m\u00e8tres carr\u00e9s d'espace pour le travail, la recherche et les rencontres. Planifi\u00e9 et exploit\u00e9 par ITW Ingenieurunternehmung AG, le centre devrait cr\u00e9er jusqu'\u00e0 300 emplois et sert de nouveau point de rep\u00e8re pour Coire.","autor":"ce\/mm","ort":"Chur\/Balzers","bildunterschrift":"","bild_im_grid":false,"gallerie":"","newsim":""},"aioseo_notices":[],"aioseo_head":"\n\t\t<!-- All in One SEO 5.0.0.1 - aioseo.com -->\n\t<meta name=\"description\" content=\"Le centre d&#039;innovation liug \u00e0 Coire a \u00e9t\u00e9 officiellement inaugur\u00e9, offrant 11 200 m\u00e8tres carr\u00e9s d&#039;espace pour le travail, la recherche et les rencontres. Planifi\u00e9 et exploit\u00e9 par ITW Ingenieurunternehmung AG, le centre devrait cr\u00e9er jusqu&#039;\u00e0 300 emplois et sert de nouveau point de rep\u00e8re pour Coire.\" \/>\n\t<meta name=\"robots\" content=\"max-image-preview:large\" \/>\n\t<meta name=\"author\" content=\"immovestuser\"\/>\n\t<meta name=\"google-site-verification\" content=\"fHJKvgWpZCR2zVBHWfkQeFXC11qieUSff0HGNYfuyLA\" \/>\n\t<link rel=\"canonical\" href=\"https:\/\/www.immo-invest.ch\/fr\/eroeffnung-des-liug-innovationszentrums-in-chur\/\" \/>\n\t<meta name=\"generator\" content=\"All in One SEO (AIOSEO) 5.0.0.1\" \/>\n\t\t<meta property=\"og:locale\" content=\"fr_FR\" \/>\n\t\t<meta property=\"og:site_name\" content=\"immo!nvest - Die Plattform f\u00fcr Standorte und Immobilien - Die\u00a0Plattform f\u00fcr Standorte und Immobilien\" \/>\n\t\t<meta property=\"og:type\" content=\"article\" \/>\n\t\t<meta property=\"og:title\" content=\"Ouverture du centre d\u2019innovation liug.\u00e0 Coire - immo!nvest - Die Plattform f\u00fcr Standorte und Immobilien\" \/>\n\t\t<meta property=\"og:description\" content=\"Le centre d&#039;innovation liug \u00e0 Coire a \u00e9t\u00e9 officiellement inaugur\u00e9, offrant 11 200 m\u00e8tres carr\u00e9s d&#039;espace pour le travail, la recherche et les rencontres. Planifi\u00e9 et exploit\u00e9 par ITW Ingenieurunternehmung AG, le centre devrait cr\u00e9er jusqu&#039;\u00e0 300 emplois et sert de nouveau point de rep\u00e8re pour Coire.\" \/>\n\t\t<meta property=\"og:url\" content=\"https:\/\/www.immo-invest.ch\/fr\/eroeffnung-des-liug-innovationszentrums-in-chur\/\" \/>\n\t\t<meta property=\"og:image\" content=\"https:\/\/www.immo-invest.ch\/wp-content\/uploads\/2024\/05\/Unbenannt-42.png\" \/>\n\t\t<meta property=\"og:image:secure_url\" content=\"https:\/\/www.immo-invest.ch\/wp-content\/uploads\/2024\/05\/Unbenannt-42.png\" \/>\n\t\t<meta property=\"og:image:width\" content=\"1792\" \/>\n\t\t<meta property=\"og:image:height\" content=\"1024\" \/>\n\t\t<meta property=\"article:published_time\" content=\"2024-05-29T12:06:36+00:00\" \/>\n\t\t<meta property=\"article:modified_time\" content=\"2024-05-29T08:33:42+00:00\" \/>\n\t\t<meta property=\"article:publisher\" content=\"https:\/\/www.facebook.com\/people\/Immoinvest\/100077962920504\/\" \/>\n\t\t<meta name=\"twitter:card\" content=\"summary_large_image\" \/>\n\t\t<meta name=\"twitter:site\" content=\"@i\" \/>\n\t\t<meta name=\"twitter:title\" content=\"Ouverture du centre d\u2019innovation liug.\u00e0 Coire - immo!nvest - Die Plattform f\u00fcr Standorte und Immobilien\" \/>\n\t\t<meta name=\"twitter:description\" content=\"Le centre d&#039;innovation liug \u00e0 Coire a \u00e9t\u00e9 officiellement inaugur\u00e9, offrant 11 200 m\u00e8tres carr\u00e9s d&#039;espace pour le travail, la recherche et les rencontres. Planifi\u00e9 et exploit\u00e9 par ITW Ingenieurunternehmung AG, le centre devrait cr\u00e9er jusqu&#039;\u00e0 300 emplois et sert de nouveau point de rep\u00e8re pour Coire.\" \/>\n\t\t<meta name=\"twitter:creator\" content=\"@i\" \/>\n\t\t<meta name=\"twitter:image\" content=\"https:\/\/www.immo-invest.ch\/wp-content\/uploads\/2024\/05\/Unbenannt-42.png\" \/>\n\t\t<script type=\"application\/ld+json\" class=\"aioseo-schema\">\n\t\t\t{\"@context\":\"https:\\\/\\\/schema.org\",\"@graph\":[{\"@type\":\"BlogPosting\",\"@id\":\"https:\\\/\\\/www.immo-invest.ch\\\/fr\\\/eroeffnung-des-liug-innovationszentrums-in-chur\\\/#blogposting\",\"name\":\"Ouverture du centre d\\u2019innovation liug.\\u00e0 Coire - immo!nvest - Die Plattform f\\u00fcr Standorte und Immobilien\",\"headline\":\"Ouverture du centre d&rsquo;innovation liug.\\u00e0 Coire\",\"author\":{\"@id\":\"https:\\\/\\\/www.immo-invest.ch\\\/fr\\\/author\\\/immovestuser\\\/#author\"},\"publisher\":{\"@id\":\"https:\\\/\\\/www.immo-invest.ch\\\/fr\\\/#organization\"},\"image\":{\"@type\":\"ImageObject\",\"url\":\"https:\\\/\\\/www.immo-invest.ch\\\/wp-content\\\/uploads\\\/2024\\\/05\\\/Unbenannt-42.png\",\"width\":1792,\"height\":1024},\"datePublished\":\"2024-05-29T14:06:36+02:00\",\"dateModified\":\"2024-05-29T10:33:42+02:00\",\"inLanguage\":\"fr-FR\",\"mainEntityOfPage\":{\"@id\":\"https:\\\/\\\/www.immo-invest.ch\\\/fr\\\/eroeffnung-des-liug-innovationszentrums-in-chur\\\/#webpage\"},\"isPartOf\":{\"@id\":\"https:\\\/\\\/www.immo-invest.ch\\\/fr\\\/eroeffnung-des-liug-innovationszentrums-in-chur\\\/#webpage\"},\"articleSection\":\"Grisons, immoNews, Projects, Standorte, Chur, Immoinvest, immoNews, Innovationszentrum, ITW Ingenieurunternehmung, News, Facultatif\"},{\"@type\":\"BreadcrumbList\",\"@id\":\"https:\\\/\\\/www.immo-invest.ch\\\/fr\\\/eroeffnung-des-liug-innovationszentrums-in-chur\\\/#breadcrumblist\",\"itemListElement\":[{\"@type\":\"ListItem\",\"@id\":\"https:\\\/\\\/www.immo-invest.ch\\\/fr\\\/#listItem\",\"position\":1,\"name\":\"Home\",\"item\":\"https:\\\/\\\/www.immo-invest.ch\\\/fr\\\/\",\"nextItem\":{\"@type\":\"ListItem\",\"@id\":\"https:\\\/\\\/www.immo-invest.ch\\\/fr\\\/categories\\\/regions\\\/#listItem\",\"name\":\"R\\u00e9gions\"}},{\"@type\":\"ListItem\",\"@id\":\"https:\\\/\\\/www.immo-invest.ch\\\/fr\\\/categories\\\/regions\\\/#listItem\",\"position\":2,\"name\":\"R\\u00e9gions\",\"item\":\"https:\\\/\\\/www.immo-invest.ch\\\/fr\\\/categories\\\/regions\\\/\",\"nextItem\":{\"@type\":\"ListItem\",\"@id\":\"https:\\\/\\\/www.immo-invest.ch\\\/fr\\\/categories\\\/regions\\\/suisse\\\/#listItem\",\"name\":\"Suisse\"},\"previousItem\":{\"@type\":\"ListItem\",\"@id\":\"https:\\\/\\\/www.immo-invest.ch\\\/fr\\\/#listItem\",\"name\":\"Home\"}},{\"@type\":\"ListItem\",\"@id\":\"https:\\\/\\\/www.immo-invest.ch\\\/fr\\\/categories\\\/regions\\\/suisse\\\/#listItem\",\"position\":3,\"name\":\"Suisse\",\"item\":\"https:\\\/\\\/www.immo-invest.ch\\\/fr\\\/categories\\\/regions\\\/suisse\\\/\",\"nextItem\":{\"@type\":\"ListItem\",\"@id\":\"https:\\\/\\\/www.immo-invest.ch\\\/fr\\\/categories\\\/regions\\\/suisse\\\/suisse-orientale\\\/#listItem\",\"name\":\"Suisse orientale\"},\"previousItem\":{\"@type\":\"ListItem\",\"@id\":\"https:\\\/\\\/www.immo-invest.ch\\\/fr\\\/categories\\\/regions\\\/#listItem\",\"name\":\"R\\u00e9gions\"}},{\"@type\":\"ListItem\",\"@id\":\"https:\\\/\\\/www.immo-invest.ch\\\/fr\\\/categories\\\/regions\\\/suisse\\\/suisse-orientale\\\/#listItem\",\"position\":4,\"name\":\"Suisse orientale\",\"item\":\"https:\\\/\\\/www.immo-invest.ch\\\/fr\\\/categories\\\/regions\\\/suisse\\\/suisse-orientale\\\/\",\"nextItem\":{\"@type\":\"ListItem\",\"@id\":\"https:\\\/\\\/www.immo-invest.ch\\\/fr\\\/categories\\\/regions\\\/suisse\\\/suisse-orientale\\\/grisons\\\/#listItem\",\"name\":\"Grisons\"},\"previousItem\":{\"@type\":\"ListItem\",\"@id\":\"https:\\\/\\\/www.immo-invest.ch\\\/fr\\\/categories\\\/regions\\\/suisse\\\/#listItem\",\"name\":\"Suisse\"}},{\"@type\":\"ListItem\",\"@id\":\"https:\\\/\\\/www.immo-invest.ch\\\/fr\\\/categories\\\/regions\\\/suisse\\\/suisse-orientale\\\/grisons\\\/#listItem\",\"position\":5,\"name\":\"Grisons\",\"item\":\"https:\\\/\\\/www.immo-invest.ch\\\/fr\\\/categories\\\/regions\\\/suisse\\\/suisse-orientale\\\/grisons\\\/\",\"nextItem\":{\"@type\":\"ListItem\",\"@id\":\"https:\\\/\\\/www.immo-invest.ch\\\/fr\\\/eroeffnung-des-liug-innovationszentrums-in-chur\\\/#listItem\",\"name\":\"Ouverture du centre d&rsquo;innovation liug.\\u00e0 Coire\"},\"previousItem\":{\"@type\":\"ListItem\",\"@id\":\"https:\\\/\\\/www.immo-invest.ch\\\/fr\\\/categories\\\/regions\\\/suisse\\\/suisse-orientale\\\/#listItem\",\"name\":\"Suisse orientale\"}},{\"@type\":\"ListItem\",\"@id\":\"https:\\\/\\\/www.immo-invest.ch\\\/fr\\\/eroeffnung-des-liug-innovationszentrums-in-chur\\\/#listItem\",\"position\":6,\"name\":\"Ouverture du centre d&rsquo;innovation liug.\\u00e0 Coire\",\"previousItem\":{\"@type\":\"ListItem\",\"@id\":\"https:\\\/\\\/www.immo-invest.ch\\\/fr\\\/categories\\\/regions\\\/suisse\\\/suisse-orientale\\\/grisons\\\/#listItem\",\"name\":\"Grisons\"}}]},{\"@type\":\"Organization\",\"@id\":\"https:\\\/\\\/www.immo-invest.ch\\\/fr\\\/#organization\",\"name\":\"immo!nvest - Die Plattform f\\u00fcr Standorte und Immobilien\",\"description\":\"Die\\u00a0Plattform f\\u00fcr Standorte und Immobilien\",\"url\":\"https:\\\/\\\/www.immo-invest.ch\\\/fr\\\/\",\"email\":\"admin@immomedia.ag\",\"telephone\":\"+41444420002\",\"logo\":{\"@type\":\"ImageObject\",\"url\":\"https:\\\/\\\/www.immo-invest.ch\\\/wp-content\\\/uploads\\\/2024\\\/09\\\/immoinvest_sm-scaled.jpg\",\"@id\":\"https:\\\/\\\/www.immo-invest.ch\\\/fr\\\/eroeffnung-des-liug-innovationszentrums-in-chur\\\/#organizationLogo\",\"width\":2560,\"height\":1340},\"image\":{\"@id\":\"https:\\\/\\\/www.immo-invest.ch\\\/fr\\\/eroeffnung-des-liug-innovationszentrums-in-chur\\\/#organizationLogo\"},\"sameAs\":[\"https:\\\/\\\/www.facebook.com\\\/people\\\/Immoinvest\\\/100077962920504\\\/\",\"https:\\\/\\\/x.com\\\/i\\\/flow\\\/login?redirect_after_login=immoinvest_ch\",\"https:\\\/\\\/www.instagram.com\\\/immoinvest_ch\\\/\",\"https:\\\/\\\/www.linkedin.com\\\/company\\\/immoinvest-swiss\"]},{\"@type\":\"Person\",\"@id\":\"https:\\\/\\\/www.immo-invest.ch\\\/fr\\\/author\\\/immovestuser\\\/#author\",\"url\":\"https:\\\/\\\/www.immo-invest.ch\\\/fr\\\/author\\\/immovestuser\\\/\",\"name\":\"immovestuser\",\"image\":{\"@type\":\"ImageObject\",\"@id\":\"https:\\\/\\\/www.immo-invest.ch\\\/fr\\\/eroeffnung-des-liug-innovationszentrums-in-chur\\\/#authorImage\",\"url\":\"https:\\\/\\\/secure.gravatar.com\\\/avatar\\\/8e01f4d99f2eeea7a362ebb93305e1172a70e9293ba250f897a65c39f54cdd1e?s=96&d=mm&r=g\",\"width\":96,\"height\":96,\"caption\":\"immovestuser\"}},{\"@type\":\"WebPage\",\"@id\":\"https:\\\/\\\/www.immo-invest.ch\\\/fr\\\/eroeffnung-des-liug-innovationszentrums-in-chur\\\/#webpage\",\"url\":\"https:\\\/\\\/www.immo-invest.ch\\\/fr\\\/eroeffnung-des-liug-innovationszentrums-in-chur\\\/\",\"name\":\"Ouverture du centre d\\u2019innovation liug.\\u00e0 Coire - immo!nvest - Die Plattform f\\u00fcr Standorte und Immobilien\",\"description\":\"Le centre d'innovation liug \\u00e0 Coire a \\u00e9t\\u00e9 officiellement inaugur\\u00e9, offrant 11 200 m\\u00e8tres carr\\u00e9s d'espace pour le travail, la recherche et les rencontres. Planifi\\u00e9 et exploit\\u00e9 par ITW Ingenieurunternehmung AG, le centre devrait cr\\u00e9er jusqu'\\u00e0 300 emplois et sert de nouveau point de rep\\u00e8re pour Coire.\",\"inLanguage\":\"fr-FR\",\"isPartOf\":{\"@id\":\"https:\\\/\\\/www.immo-invest.ch\\\/fr\\\/#website\"},\"breadcrumb\":{\"@id\":\"https:\\\/\\\/www.immo-invest.ch\\\/fr\\\/eroeffnung-des-liug-innovationszentrums-in-chur\\\/#breadcrumblist\"},\"author\":{\"@id\":\"https:\\\/\\\/www.immo-invest.ch\\\/fr\\\/author\\\/immovestuser\\\/#author\"},\"creator\":{\"@id\":\"https:\\\/\\\/www.immo-invest.ch\\\/fr\\\/author\\\/immovestuser\\\/#author\"},\"image\":{\"@type\":\"ImageObject\",\"url\":\"https:\\\/\\\/www.immo-invest.ch\\\/wp-content\\\/uploads\\\/2024\\\/05\\\/Unbenannt-42.png\",\"@id\":\"https:\\\/\\\/www.immo-invest.ch\\\/fr\\\/eroeffnung-des-liug-innovationszentrums-in-chur\\\/#mainImage\",\"width\":1792,\"height\":1024},\"primaryImageOfPage\":{\"@id\":\"https:\\\/\\\/www.immo-invest.ch\\\/fr\\\/eroeffnung-des-liug-innovationszentrums-in-chur\\\/#mainImage\"},\"datePublished\":\"2024-05-29T14:06:36+02:00\",\"dateModified\":\"2024-05-29T10:33:42+02:00\"},{\"@type\":\"WebSite\",\"@id\":\"https:\\\/\\\/www.immo-invest.ch\\\/fr\\\/#website\",\"url\":\"https:\\\/\\\/www.immo-invest.ch\\\/fr\\\/\",\"name\":\"immo!nvest - Die Plattform f\\u00fcr Standorte und Immobilien\",\"description\":\"Die\\u00a0Plattform f\\u00fcr Standorte und Immobilien\",\"inLanguage\":\"fr-FR\",\"publisher\":{\"@id\":\"https:\\\/\\\/www.immo-invest.ch\\\/fr\\\/#organization\"}}]}\n\t\t<\/script>\n\t\t<!-- All in One SEO -->\n\n","aioseo_head_json":{"title":"Ouverture du centre d\u2019innovation liug.\u00e0 Coire - immo!nvest - Die Plattform f\u00fcr Standorte und Immobilien","description":"Le centre d'innovation liug \u00e0 Coire a \u00e9t\u00e9 officiellement inaugur\u00e9, offrant 11 200 m\u00e8tres carr\u00e9s d'espace pour le travail, la recherche et les rencontres. Planifi\u00e9 et exploit\u00e9 par ITW Ingenieurunternehmung AG, le centre devrait cr\u00e9er jusqu'\u00e0 300 emplois et sert de nouveau point de rep\u00e8re pour Coire.","canonical_url":"https:\/\/www.immo-invest.ch\/fr\/eroeffnung-des-liug-innovationszentrums-in-chur\/","robots":"max-image-preview:large","keywords":"","webmasterTools":{"google-site-verification":"fHJKvgWpZCR2zVBHWfkQeFXC11qieUSff0HGNYfuyLA","miscellaneous":""},"schema":{"@context":"https:\/\/schema.org","@graph":[{"@type":"BlogPosting","@id":"https:\/\/www.immo-invest.ch\/fr\/eroeffnung-des-liug-innovationszentrums-in-chur\/#blogposting","name":"Ouverture du centre d\u2019innovation liug.\u00e0 Coire - immo!nvest - Die Plattform f\u00fcr Standorte und Immobilien","headline":"Ouverture du centre d&rsquo;innovation liug.\u00e0 Coire","author":{"@id":"https:\/\/www.immo-invest.ch\/fr\/author\/immovestuser\/#author"},"publisher":{"@id":"https:\/\/www.immo-invest.ch\/fr\/#organization"},"image":{"@type":"ImageObject","url":"https:\/\/www.immo-invest.ch\/wp-content\/uploads\/2024\/05\/Unbenannt-42.png","width":1792,"height":1024},"datePublished":"2024-05-29T14:06:36+02:00","dateModified":"2024-05-29T10:33:42+02:00","inLanguage":"fr-FR","mainEntityOfPage":{"@id":"https:\/\/www.immo-invest.ch\/fr\/eroeffnung-des-liug-innovationszentrums-in-chur\/#webpage"},"isPartOf":{"@id":"https:\/\/www.immo-invest.ch\/fr\/eroeffnung-des-liug-innovationszentrums-in-chur\/#webpage"},"articleSection":"Grisons, immoNews, Projects, Standorte, Chur, Immoinvest, immoNews, Innovationszentrum, ITW Ingenieurunternehmung, News, Facultatif"},{"@type":"BreadcrumbList","@id":"https:\/\/www.immo-invest.ch\/fr\/eroeffnung-des-liug-innovationszentrums-in-chur\/#breadcrumblist","itemListElement":[{"@type":"ListItem","@id":"https:\/\/www.immo-invest.ch\/fr\/#listItem","position":1,"name":"Home","item":"https:\/\/www.immo-invest.ch\/fr\/","nextItem":{"@type":"ListItem","@id":"https:\/\/www.immo-invest.ch\/fr\/categories\/regions\/#listItem","name":"R\u00e9gions"}},{"@type":"ListItem","@id":"https:\/\/www.immo-invest.ch\/fr\/categories\/regions\/#listItem","position":2,"name":"R\u00e9gions","item":"https:\/\/www.immo-invest.ch\/fr\/categories\/regions\/","nextItem":{"@type":"ListItem","@id":"https:\/\/www.immo-invest.ch\/fr\/categories\/regions\/suisse\/#listItem","name":"Suisse"},"previousItem":{"@type":"ListItem","@id":"https:\/\/www.immo-invest.ch\/fr\/#listItem","name":"Home"}},{"@type":"ListItem","@id":"https:\/\/www.immo-invest.ch\/fr\/categories\/regions\/suisse\/#listItem","position":3,"name":"Suisse","item":"https:\/\/www.immo-invest.ch\/fr\/categories\/regions\/suisse\/","nextItem":{"@type":"ListItem","@id":"https:\/\/www.immo-invest.ch\/fr\/categories\/regions\/suisse\/suisse-orientale\/#listItem","name":"Suisse orientale"},"previousItem":{"@type":"ListItem","@id":"https:\/\/www.immo-invest.ch\/fr\/categories\/regions\/#listItem","name":"R\u00e9gions"}},{"@type":"ListItem","@id":"https:\/\/www.immo-invest.ch\/fr\/categories\/regions\/suisse\/suisse-orientale\/#listItem","position":4,"name":"Suisse orientale","item":"https:\/\/www.immo-invest.ch\/fr\/categories\/regions\/suisse\/suisse-orientale\/","nextItem":{"@type":"ListItem","@id":"https:\/\/www.immo-invest.ch\/fr\/categories\/regions\/suisse\/suisse-orientale\/grisons\/#listItem","name":"Grisons"},"previousItem":{"@type":"ListItem","@id":"https:\/\/www.immo-invest.ch\/fr\/categories\/regions\/suisse\/#listItem","name":"Suisse"}},{"@type":"ListItem","@id":"https:\/\/www.immo-invest.ch\/fr\/categories\/regions\/suisse\/suisse-orientale\/grisons\/#listItem","position":5,"name":"Grisons","item":"https:\/\/www.immo-invest.ch\/fr\/categories\/regions\/suisse\/suisse-orientale\/grisons\/","nextItem":{"@type":"ListItem","@id":"https:\/\/www.immo-invest.ch\/fr\/eroeffnung-des-liug-innovationszentrums-in-chur\/#listItem","name":"Ouverture du centre d&rsquo;innovation liug.\u00e0 Coire"},"previousItem":{"@type":"ListItem","@id":"https:\/\/www.immo-invest.ch\/fr\/categories\/regions\/suisse\/suisse-orientale\/#listItem","name":"Suisse orientale"}},{"@type":"ListItem","@id":"https:\/\/www.immo-invest.ch\/fr\/eroeffnung-des-liug-innovationszentrums-in-chur\/#listItem","position":6,"name":"Ouverture du centre d&rsquo;innovation liug.\u00e0 Coire","previousItem":{"@type":"ListItem","@id":"https:\/\/www.immo-invest.ch\/fr\/categories\/regions\/suisse\/suisse-orientale\/grisons\/#listItem","name":"Grisons"}}]},{"@type":"Organization","@id":"https:\/\/www.immo-invest.ch\/fr\/#organization","name":"immo!nvest - Die Plattform f\u00fcr Standorte und Immobilien","description":"Die\u00a0Plattform f\u00fcr Standorte und Immobilien","url":"https:\/\/www.immo-invest.ch\/fr\/","email":"admin@immomedia.ag","telephone":"+41444420002","logo":{"@type":"ImageObject","url":"https:\/\/www.immo-invest.ch\/wp-content\/uploads\/2024\/09\/immoinvest_sm-scaled.jpg","@id":"https:\/\/www.immo-invest.ch\/fr\/eroeffnung-des-liug-innovationszentrums-in-chur\/#organizationLogo","width":2560,"height":1340},"image":{"@id":"https:\/\/www.immo-invest.ch\/fr\/eroeffnung-des-liug-innovationszentrums-in-chur\/#organizationLogo"},"sameAs":["https:\/\/www.facebook.com\/people\/Immoinvest\/100077962920504\/","https:\/\/x.com\/i\/flow\/login?redirect_after_login=immoinvest_ch","https:\/\/www.instagram.com\/immoinvest_ch\/","https:\/\/www.linkedin.com\/company\/immoinvest-swiss"]},{"@type":"Person","@id":"https:\/\/www.immo-invest.ch\/fr\/author\/immovestuser\/#author","url":"https:\/\/www.immo-invest.ch\/fr\/author\/immovestuser\/","name":"immovestuser","image":{"@type":"ImageObject","@id":"https:\/\/www.immo-invest.ch\/fr\/eroeffnung-des-liug-innovationszentrums-in-chur\/#authorImage","url":"https:\/\/secure.gravatar.com\/avatar\/8e01f4d99f2eeea7a362ebb93305e1172a70e9293ba250f897a65c39f54cdd1e?s=96&d=mm&r=g","width":96,"height":96,"caption":"immovestuser"}},{"@type":"WebPage","@id":"https:\/\/www.immo-invest.ch\/fr\/eroeffnung-des-liug-innovationszentrums-in-chur\/#webpage","url":"https:\/\/www.immo-invest.ch\/fr\/eroeffnung-des-liug-innovationszentrums-in-chur\/","name":"Ouverture du centre d\u2019innovation liug.\u00e0 Coire - immo!nvest - Die Plattform f\u00fcr Standorte und Immobilien","description":"Le centre d'innovation liug \u00e0 Coire a \u00e9t\u00e9 officiellement inaugur\u00e9, offrant 11 200 m\u00e8tres carr\u00e9s d'espace pour le travail, la recherche et les rencontres. Planifi\u00e9 et exploit\u00e9 par ITW Ingenieurunternehmung AG, le centre devrait cr\u00e9er jusqu'\u00e0 300 emplois et sert de nouveau point de rep\u00e8re pour Coire.","inLanguage":"fr-FR","isPartOf":{"@id":"https:\/\/www.immo-invest.ch\/fr\/#website"},"breadcrumb":{"@id":"https:\/\/www.immo-invest.ch\/fr\/eroeffnung-des-liug-innovationszentrums-in-chur\/#breadcrumblist"},"author":{"@id":"https:\/\/www.immo-invest.ch\/fr\/author\/immovestuser\/#author"},"creator":{"@id":"https:\/\/www.immo-invest.ch\/fr\/author\/immovestuser\/#author"},"image":{"@type":"ImageObject","url":"https:\/\/www.immo-invest.ch\/wp-content\/uploads\/2024\/05\/Unbenannt-42.png","@id":"https:\/\/www.immo-invest.ch\/fr\/eroeffnung-des-liug-innovationszentrums-in-chur\/#mainImage","width":1792,"height":1024},"primaryImageOfPage":{"@id":"https:\/\/www.immo-invest.ch\/fr\/eroeffnung-des-liug-innovationszentrums-in-chur\/#mainImage"},"datePublished":"2024-05-29T14:06:36+02:00","dateModified":"2024-05-29T10:33:42+02:00"},{"@type":"WebSite","@id":"https:\/\/www.immo-invest.ch\/fr\/#website","url":"https:\/\/www.immo-invest.ch\/fr\/","name":"immo!nvest - Die Plattform f\u00fcr Standorte und Immobilien","description":"Die\u00a0Plattform f\u00fcr Standorte und Immobilien","inLanguage":"fr-FR","publisher":{"@id":"https:\/\/www.immo-invest.ch\/fr\/#organization"}}]},"og:locale":"fr_FR","og:site_name":"immo!nvest - Die Plattform f\u00fcr Standorte und Immobilien - Die\u00a0Plattform f\u00fcr Standorte und Immobilien","og:type":"article","og:title":"Ouverture du centre d\u2019innovation liug.\u00e0 Coire - immo!nvest - Die Plattform f\u00fcr Standorte und Immobilien","og:description":"Le centre d'innovation liug \u00e0 Coire a \u00e9t\u00e9 officiellement inaugur\u00e9, offrant 11 200 m\u00e8tres carr\u00e9s d'espace pour le travail, la recherche et les rencontres. Planifi\u00e9 et exploit\u00e9 par ITW Ingenieurunternehmung AG, le centre devrait cr\u00e9er jusqu'\u00e0 300 emplois et sert de nouveau point de rep\u00e8re pour Coire.","og:url":"https:\/\/www.immo-invest.ch\/fr\/eroeffnung-des-liug-innovationszentrums-in-chur\/","og:image":"https:\/\/www.immo-invest.ch\/wp-content\/uploads\/2024\/05\/Unbenannt-42.png","og:image:secure_url":"https:\/\/www.immo-invest.ch\/wp-content\/uploads\/2024\/05\/Unbenannt-42.png","og:image:width":1792,"og:image:height":1024,"article:published_time":"2024-05-29T12:06:36+00:00","article:modified_time":"2024-05-29T08:33:42+00:00","article:publisher":"https:\/\/www.facebook.com\/people\/Immoinvest\/100077962920504\/","twitter:card":"summary_large_image","twitter:site":"@i","twitter:title":"Ouverture du centre d\u2019innovation liug.\u00e0 Coire - immo!nvest - Die Plattform f\u00fcr Standorte und Immobilien","twitter:description":"Le centre d'innovation liug \u00e0 Coire a \u00e9t\u00e9 officiellement inaugur\u00e9, offrant 11 200 m\u00e8tres carr\u00e9s d'espace pour le travail, la recherche et les rencontres. Planifi\u00e9 et exploit\u00e9 par ITW Ingenieurunternehmung AG, le centre devrait cr\u00e9er jusqu'\u00e0 300 emplois et sert de nouveau point de rep\u00e8re pour Coire.","twitter:creator":"@i","twitter:image":"https:\/\/www.immo-invest.ch\/wp-content\/uploads\/2024\/05\/Unbenannt-42.png"},"aioseo_meta_data":{"post_id":"95066","title":null,"description":null,"keywords":null,"keyphrases":null,"primary_term":null,"canonical_url":null,"og_title":null,"og_description":null,"og_object_type":"default","og_image_type":"default","og_image_url":null,"og_image_width":null,"og_image_height":null,"og_image_custom_url":null,"og_image_custom_fields":null,"og_video":null,"og_custom_url":null,"og_article_section":null,"og_article_tags":null,"twitter_use_og":false,"twitter_card":"default","twitter_image_type":"default","twitter_image_url":null,"twitter_image_custom_url":null,"twitter_image_custom_fields":null,"twitter_title":null,"twitter_description":null,"schema":{"blockGraphs":[],"customGraphs":[],"default":{"data":{"Article":[],"Course":[],"Dataset":[],"FAQPage":[],"Movie":[],"Person":[],"Product":[],"ProductReview":[],"Car":[],"Recipe":[],"Service":[],"SoftwareApplication":[],"WebPage":[]},"graphName":"","isEnabled":true},"graphs":[]},"schema_type":"default","schema_type_options":null,"pillar_content":false,"robots_default":true,"robots_noindex":false,"robots_noarchive":false,"robots_nosnippet":false,"robots_nofollow":false,"robots_noimageindex":false,"robots_noodp":false,"robots_notranslate":false,"robots_max_snippet":null,"robots_max_videopreview":null,"robots_max_imagepreview":"large","priority":null,"frequency":null,"local_seo":null,"breadcrumb_settings":null,"limit_modified_date":false,"ai":null,"created":"2024-09-20 20:43:58","updated":"2025-10-24 03:01:15","seo_analyzer_scan_date":null,"focus_keyword":null,"additional_keywords":null,"truseo_locale":null},"aioseo_breadcrumb":"<div class=\"aioseo-breadcrumbs\"><span class=\"aioseo-breadcrumb\">\n\t\t\t<a href=\"https:\/\/www.immo-invest.ch\/fr\/\" title=\"Home\">Home<\/a>\n\t\t<\/span><span class=\"aioseo-breadcrumb-separator\">&raquo;<\/span><span class=\"aioseo-breadcrumb\">\n\t\t\t<a href=\"https:\/\/www.immo-invest.ch\/fr\/categories\/regions\/\" title=\"R\u00e9gions\">R\u00e9gions<\/a>\n\t\t<\/span><span class=\"aioseo-breadcrumb-separator\">&raquo;<\/span><span class=\"aioseo-breadcrumb\">\n\t\t\t<a href=\"https:\/\/www.immo-invest.ch\/fr\/categories\/regions\/suisse\/\" title=\"Suisse\">Suisse<\/a>\n\t\t<\/span><span class=\"aioseo-breadcrumb-separator\">&raquo;<\/span><span class=\"aioseo-breadcrumb\">\n\t\t\t<a href=\"https:\/\/www.immo-invest.ch\/fr\/categories\/regions\/suisse\/suisse-orientale\/\" title=\"Suisse orientale\">Suisse orientale<\/a>\n\t\t<\/span><span class=\"aioseo-breadcrumb-separator\">&raquo;<\/span><span class=\"aioseo-breadcrumb\">\n\t\t\t<a href=\"https:\/\/www.immo-invest.ch\/fr\/categories\/regions\/suisse\/suisse-orientale\/grisons\/\" title=\"Grisons\">Grisons<\/a>\n\t\t<\/span><span class=\"aioseo-breadcrumb-separator\">&raquo;<\/span><span class=\"aioseo-breadcrumb\">\n\t\t\tOuverture du centre d\u2019innovation liug.\u00e0 Coire\n\t\t<\/span><\/div>","aioseo_breadcrumb_json":[{"label":"Home","link":"https:\/\/www.immo-invest.ch\/fr\/"},{"label":"R\u00e9gions","link":"https:\/\/www.immo-invest.ch\/fr\/categories\/regions\/"},{"label":"Suisse","link":"https:\/\/www.immo-invest.ch\/fr\/categories\/regions\/suisse\/"},{"label":"Suisse orientale","link":"https:\/\/www.immo-invest.ch\/fr\/categories\/regions\/suisse\/suisse-orientale\/"},{"label":"Grisons","link":"https:\/\/www.immo-invest.ch\/fr\/categories\/regions\/suisse\/suisse-orientale\/grisons\/"},{"label":"Ouverture du centre d&rsquo;innovation liug.\u00e0 Coire","link":"https:\/\/www.immo-invest.ch\/fr\/eroeffnung-des-liug-innovationszentrums-in-chur\/"}],"featured_image_src":"https:\/\/www.immo-invest.ch\/wp-content\/uploads\/2024\/05\/Unbenannt-42-336x168.png","_links":{"self":[{"href":"https:\/\/www.immo-invest.ch\/fr\/wp-json\/wp\/v2\/posts\/95066","targetHints":{"allow":["GET"]}}],"collection":[{"href":"https:\/\/www.immo-invest.ch\/fr\/wp-json\/wp\/v2\/posts"}],"about":[{"href":"https:\/\/www.immo-invest.ch\/fr\/wp-json\/wp\/v2\/types\/post"}],"author":[{"embeddable":true,"href":"https:\/\/www.immo-invest.ch\/fr\/wp-json\/wp\/v2\/users\/2"}],"replies":[{"embeddable":true,"href":"https:\/\/www.immo-invest.ch\/fr\/wp-json\/wp\/v2\/comments?post=95066"}],"version-history":[{"count":0,"href":"https:\/\/www.immo-invest.ch\/fr\/wp-json\/wp\/v2\/posts\/95066\/revisions"}],"wp:featuredmedia":[{"embeddable":true,"href":"https:\/\/www.immo-invest.ch\/fr\/wp-json\/wp\/v2\/media\/95061"}],"wp:attachment":[{"href":"https:\/\/www.immo-invest.ch\/fr\/wp-json\/wp\/v2\/media?parent=95066"}],"wp:term":[{"taxonomy":"category","embeddable":true,"href":"https:\/\/www.immo-invest.ch\/fr\/wp-json\/wp\/v2\/categories?post=95066"},{"taxonomy":"post_tag","embeddable":true,"href":"https:\/\/www.immo-invest.ch\/fr\/wp-json\/wp\/v2\/tags?post=95066"}],"curies":[{"name":"wp","href":"https:\/\/api.w.org\/{rel}","templated":true}]}}