{"id":94211,"date":"2024-05-24T14:52:11","date_gmt":"2024-05-24T12:52:11","guid":{"rendered":"https:\/\/www.immo-invest.ch\/?p=94211"},"modified":"2024-05-24T11:54:48","modified_gmt":"2024-05-24T09:54:48","slug":"bau-eines-messmastes-zur-windmessung-und-umweltueberwachung-gestartet","status":"publish","type":"post","link":"https:\/\/www.immo-invest.ch\/fr\/bau-eines-messmastes-zur-windmessung-und-umweltueberwachung-gestartet\/","title":{"rendered":"Lancement de la construction d&rsquo;un m\u00e2t de mesure pour la mesure du vent et la surveillance de l&rsquo;environnement"},"content":{"rendered":"<p class=\"bodytext\">Selon un <a href=\"https:\/\/www.ckw.ch\/ueber-ckw\/medienstelle\/medienmitteilungen\/2024\/ckw-startet-windmessungen-auf-dem-ruswilerberg\" target=\"_blank\" rel=\"noopener\">communiqu&eacute;<\/a>,<a href=\"https:\/\/www.ckw.ch\" target=\"_blank\" rel=\"noopener\">CKW<\/a> a commenc&eacute; le 13 mai la construction d&rsquo;un m&acirc;t de mesure sur le Ruswilerberg. Le m&acirc;t porte &agrave; 60, 80 et 100 m&egrave;tres des an&eacute;mom&egrave;tres qui mesurent le vent. A 60 et 100 m&egrave;tres, des capteurs &agrave; ultrasons mesurent les sons &eacute;mis par les chauves-souris qui passent. Au sommet, des capteurs mesurent les temp&eacute;ratures et l&rsquo;humidit&eacute;.<\/p>\n<p class=\"bodytext\">Les mesures sont collect&eacute;es pendant au moins un an. Elles doivent permettre de v&eacute;rifier les donn&eacute;es m&eacute;t&eacute;orologiques et de vent disponibles et d&rsquo;assurer ainsi la rentabilit&eacute; du parc &eacute;olien pr&eacute;vu. Parall&egrave;lement, elles doivent contribuer &agrave; minimiser l&rsquo;impact sur les personnes, les animaux et l&rsquo;environnement.<\/p>\n<p class=\"bodytext\">CKW pr&eacute;voit de construire un parc &eacute;olien de cinq turbines sur le Ruswilerberg.<\/p>\n","protected":false},"excerpt":{"rendered":"<p>CKW a commenc\u00e9 la construction d&rsquo;un m\u00e2t de mesure sur Ruswilerberg pour collecter des donn\u00e9es sur le vent et la m\u00e9t\u00e9o en vue d&rsquo;un parc \u00e9olien pr\u00e9vu. Le m\u00e2t surveille \u00e9galement l&rsquo;activit\u00e9 des chauves-souris, les temp\u00e9ratures et l&rsquo;humidit\u00e9. Les donn\u00e9es visent \u00e0 assurer la viabilit\u00e9 \u00e9conomique et la compatibilit\u00e9 environnementale du parc \u00e9olien.<\/p>\n","protected":false},"author":2,"featured_media":96080,"comment_status":"open","ping_status":"open","sticky":false,"template":"","format":"standard","meta":{"pmpro_default_level":"","inline_featured_image":false,"_monsterinsights_skip_tracking":false,"footnotes":""},"categories":[22699,743,9437,739],"tags":[872,3931,2002,46888,46889,3993],"class_list":["post-94211","post","type-post","status-publish","format-standard","has-post-thumbnail","hentry","category-durabilite","category-immonews-fr","category-region-lucerne","category-projects","tag-immoinvest-fr","tag-immonews-fr","tag-news-fr","tag-ruswilerberg-fr","tag-umweltueberwachung-fr","tag-windpark-fr","pmpro-has-access"],"acf":{"bild_mit_ki_erstellt_worden":[],"lead":"CKW a commenc\u00e9 la construction d'un m\u00e2t de mesure sur Ruswilerberg pour collecter des donn\u00e9es sur le vent et la m\u00e9t\u00e9o en vue d'un parc \u00e9olien pr\u00e9vu. Le m\u00e2t surveille \u00e9galement l'activit\u00e9 des chauves-souris, les temp\u00e9ratures et l'humidit\u00e9. Les donn\u00e9es visent \u00e0 assurer la viabilit\u00e9 \u00e9conomique et la compatibilit\u00e9 environnementale du parc \u00e9olien.","autor":"stk","ort":"Ruswil LU","bildunterschrift":"","bild_im_grid":false,"gallerie":"","newsim":""},"aioseo_notices":[],"aioseo_head":"\n\t\t<!-- All in One SEO 5.0.0.1 - aioseo.com -->\n\t<meta name=\"description\" content=\"CKW a commenc\u00e9 la construction d&#039;un m\u00e2t de mesure sur Ruswilerberg pour collecter des donn\u00e9es sur le vent et la m\u00e9t\u00e9o en vue d&#039;un parc \u00e9olien pr\u00e9vu. Le m\u00e2t surveille \u00e9galement l&#039;activit\u00e9 des chauves-souris, les temp\u00e9ratures et l&#039;humidit\u00e9. Les donn\u00e9es visent \u00e0 assurer la viabilit\u00e9 \u00e9conomique et la compatibilit\u00e9 environnementale du parc \u00e9olien.\" \/>\n\t<meta name=\"robots\" content=\"max-image-preview:large\" \/>\n\t<meta name=\"author\" content=\"immovestuser\"\/>\n\t<meta name=\"google-site-verification\" content=\"fHJKvgWpZCR2zVBHWfkQeFXC11qieUSff0HGNYfuyLA\" \/>\n\t<link rel=\"canonical\" href=\"https:\/\/www.immo-invest.ch\/fr\/bau-eines-messmastes-zur-windmessung-und-umweltueberwachung-gestartet\/\" \/>\n\t<meta name=\"generator\" content=\"All in One SEO (AIOSEO) 5.0.0.1\" \/>\n\t\t<meta property=\"og:locale\" content=\"fr_FR\" \/>\n\t\t<meta property=\"og:site_name\" content=\"immo!nvest - Die Plattform f\u00fcr Standorte und Immobilien - Die\u00a0Plattform f\u00fcr Standorte und Immobilien\" \/>\n\t\t<meta property=\"og:type\" content=\"article\" \/>\n\t\t<meta property=\"og:title\" content=\"Lancement de la construction d\u2019un m\u00e2t de mesure pour la mesure du vent et la surveillance de l\u2019environnement - immo!nvest - Die Plattform f\u00fcr Standorte und Immobilien\" \/>\n\t\t<meta property=\"og:description\" content=\"CKW a commenc\u00e9 la construction d&#039;un m\u00e2t de mesure sur Ruswilerberg pour collecter des donn\u00e9es sur le vent et la m\u00e9t\u00e9o en vue d&#039;un parc \u00e9olien pr\u00e9vu. Le m\u00e2t surveille \u00e9galement l&#039;activit\u00e9 des chauves-souris, les temp\u00e9ratures et l&#039;humidit\u00e9. Les donn\u00e9es visent \u00e0 assurer la viabilit\u00e9 \u00e9conomique et la compatibilit\u00e9 environnementale du parc \u00e9olien.\" \/>\n\t\t<meta property=\"og:url\" content=\"https:\/\/www.immo-invest.ch\/fr\/bau-eines-messmastes-zur-windmessung-und-umweltueberwachung-gestartet\/\" \/>\n\t\t<meta property=\"og:image\" content=\"https:\/\/www.immo-invest.ch\/wp-content\/uploads\/2024\/05\/Windmessmast_Aeberdingerhoechi.jpg\" \/>\n\t\t<meta property=\"og:image:secure_url\" content=\"https:\/\/www.immo-invest.ch\/wp-content\/uploads\/2024\/05\/Windmessmast_Aeberdingerhoechi.jpg\" \/>\n\t\t<meta property=\"og:image:width\" content=\"2321\" \/>\n\t\t<meta property=\"og:image:height\" content=\"1395\" \/>\n\t\t<meta property=\"article:published_time\" content=\"2024-05-24T12:52:11+00:00\" \/>\n\t\t<meta property=\"article:modified_time\" content=\"2024-05-24T09:54:48+00:00\" \/>\n\t\t<meta property=\"article:publisher\" content=\"https:\/\/www.facebook.com\/people\/Immoinvest\/100077962920504\/\" \/>\n\t\t<meta name=\"twitter:card\" content=\"summary_large_image\" \/>\n\t\t<meta name=\"twitter:site\" content=\"@i\" \/>\n\t\t<meta name=\"twitter:title\" content=\"Lancement de la construction d\u2019un m\u00e2t de mesure pour la mesure du vent et la surveillance de l\u2019environnement - immo!nvest - Die Plattform f\u00fcr Standorte und Immobilien\" \/>\n\t\t<meta name=\"twitter:description\" content=\"CKW a commenc\u00e9 la construction d&#039;un m\u00e2t de mesure sur Ruswilerberg pour collecter des donn\u00e9es sur le vent et la m\u00e9t\u00e9o en vue d&#039;un parc \u00e9olien pr\u00e9vu. Le m\u00e2t surveille \u00e9galement l&#039;activit\u00e9 des chauves-souris, les temp\u00e9ratures et l&#039;humidit\u00e9. Les donn\u00e9es visent \u00e0 assurer la viabilit\u00e9 \u00e9conomique et la compatibilit\u00e9 environnementale du parc \u00e9olien.\" \/>\n\t\t<meta name=\"twitter:creator\" content=\"@i\" \/>\n\t\t<meta name=\"twitter:image\" content=\"https:\/\/www.immo-invest.ch\/wp-content\/uploads\/2024\/05\/Windmessmast_Aeberdingerhoechi.jpg\" \/>\n\t\t<script type=\"application\/ld+json\" class=\"aioseo-schema\">\n\t\t\t{\"@context\":\"https:\\\/\\\/schema.org\",\"@graph\":[{\"@type\":\"BlogPosting\",\"@id\":\"https:\\\/\\\/www.immo-invest.ch\\\/fr\\\/bau-eines-messmastes-zur-windmessung-und-umweltueberwachung-gestartet\\\/#blogposting\",\"name\":\"Lancement de la construction d\\u2019un m\\u00e2t de mesure pour la mesure du vent et la surveillance de l\\u2019environnement - immo!nvest - Die Plattform f\\u00fcr Standorte und Immobilien\",\"headline\":\"Lancement de la construction d&rsquo;un m\\u00e2t de mesure pour la mesure du vent et la surveillance de l&rsquo;environnement\",\"author\":{\"@id\":\"https:\\\/\\\/www.immo-invest.ch\\\/fr\\\/author\\\/immovestuser\\\/#author\"},\"publisher\":{\"@id\":\"https:\\\/\\\/www.immo-invest.ch\\\/fr\\\/#organization\"},\"image\":{\"@type\":\"ImageObject\",\"url\":\"https:\\\/\\\/www.immo-invest.ch\\\/wp-content\\\/uploads\\\/2024\\\/05\\\/Windmessmast_Aeberdingerhoechi.jpg\",\"width\":2321,\"height\":1395},\"datePublished\":\"2024-05-24T14:52:11+02:00\",\"dateModified\":\"2024-05-24T11:54:48+02:00\",\"inLanguage\":\"fr-FR\",\"mainEntityOfPage\":{\"@id\":\"https:\\\/\\\/www.immo-invest.ch\\\/fr\\\/bau-eines-messmastes-zur-windmessung-und-umweltueberwachung-gestartet\\\/#webpage\"},\"isPartOf\":{\"@id\":\"https:\\\/\\\/www.immo-invest.ch\\\/fr\\\/bau-eines-messmastes-zur-windmessung-und-umweltueberwachung-gestartet\\\/#webpage\"},\"articleSection\":\"Durabilit\\u00e9, immoNews, Lucerne, Projects, Immoinvest, immoNews, News, Ruswilerberg, Umwelt\\u00fcberwachung, Windpark, Facultatif\"},{\"@type\":\"BreadcrumbList\",\"@id\":\"https:\\\/\\\/www.immo-invest.ch\\\/fr\\\/bau-eines-messmastes-zur-windmessung-und-umweltueberwachung-gestartet\\\/#breadcrumblist\",\"itemListElement\":[{\"@type\":\"ListItem\",\"@id\":\"https:\\\/\\\/www.immo-invest.ch\\\/fr\\\/#listItem\",\"position\":1,\"name\":\"Home\",\"item\":\"https:\\\/\\\/www.immo-invest.ch\\\/fr\\\/\",\"nextItem\":{\"@type\":\"ListItem\",\"@id\":\"https:\\\/\\\/www.immo-invest.ch\\\/fr\\\/categories\\\/regions\\\/#listItem\",\"name\":\"R\\u00e9gions\"}},{\"@type\":\"ListItem\",\"@id\":\"https:\\\/\\\/www.immo-invest.ch\\\/fr\\\/categories\\\/regions\\\/#listItem\",\"position\":2,\"name\":\"R\\u00e9gions\",\"item\":\"https:\\\/\\\/www.immo-invest.ch\\\/fr\\\/categories\\\/regions\\\/\",\"nextItem\":{\"@type\":\"ListItem\",\"@id\":\"https:\\\/\\\/www.immo-invest.ch\\\/fr\\\/categories\\\/regions\\\/suisse\\\/#listItem\",\"name\":\"Suisse\"},\"previousItem\":{\"@type\":\"ListItem\",\"@id\":\"https:\\\/\\\/www.immo-invest.ch\\\/fr\\\/#listItem\",\"name\":\"Home\"}},{\"@type\":\"ListItem\",\"@id\":\"https:\\\/\\\/www.immo-invest.ch\\\/fr\\\/categories\\\/regions\\\/suisse\\\/#listItem\",\"position\":3,\"name\":\"Suisse\",\"item\":\"https:\\\/\\\/www.immo-invest.ch\\\/fr\\\/categories\\\/regions\\\/suisse\\\/\",\"nextItem\":{\"@type\":\"ListItem\",\"@id\":\"https:\\\/\\\/www.immo-invest.ch\\\/fr\\\/categories\\\/regions\\\/suisse\\\/region-zentralschweiz\\\/#listItem\",\"name\":\"Zentralschweiz\"},\"previousItem\":{\"@type\":\"ListItem\",\"@id\":\"https:\\\/\\\/www.immo-invest.ch\\\/fr\\\/categories\\\/regions\\\/#listItem\",\"name\":\"R\\u00e9gions\"}},{\"@type\":\"ListItem\",\"@id\":\"https:\\\/\\\/www.immo-invest.ch\\\/fr\\\/categories\\\/regions\\\/suisse\\\/region-zentralschweiz\\\/#listItem\",\"position\":4,\"name\":\"Zentralschweiz\",\"item\":\"https:\\\/\\\/www.immo-invest.ch\\\/fr\\\/categories\\\/regions\\\/suisse\\\/region-zentralschweiz\\\/\",\"nextItem\":{\"@type\":\"ListItem\",\"@id\":\"https:\\\/\\\/www.immo-invest.ch\\\/fr\\\/categories\\\/regions\\\/suisse\\\/region-zentralschweiz\\\/region-lucerne\\\/#listItem\",\"name\":\"Lucerne\"},\"previousItem\":{\"@type\":\"ListItem\",\"@id\":\"https:\\\/\\\/www.immo-invest.ch\\\/fr\\\/categories\\\/regions\\\/suisse\\\/#listItem\",\"name\":\"Suisse\"}},{\"@type\":\"ListItem\",\"@id\":\"https:\\\/\\\/www.immo-invest.ch\\\/fr\\\/categories\\\/regions\\\/suisse\\\/region-zentralschweiz\\\/region-lucerne\\\/#listItem\",\"position\":5,\"name\":\"Lucerne\",\"item\":\"https:\\\/\\\/www.immo-invest.ch\\\/fr\\\/categories\\\/regions\\\/suisse\\\/region-zentralschweiz\\\/region-lucerne\\\/\",\"nextItem\":{\"@type\":\"ListItem\",\"@id\":\"https:\\\/\\\/www.immo-invest.ch\\\/fr\\\/bau-eines-messmastes-zur-windmessung-und-umweltueberwachung-gestartet\\\/#listItem\",\"name\":\"Lancement de la construction d&rsquo;un m\\u00e2t de mesure pour la mesure du vent et la surveillance de l&rsquo;environnement\"},\"previousItem\":{\"@type\":\"ListItem\",\"@id\":\"https:\\\/\\\/www.immo-invest.ch\\\/fr\\\/categories\\\/regions\\\/suisse\\\/region-zentralschweiz\\\/#listItem\",\"name\":\"Zentralschweiz\"}},{\"@type\":\"ListItem\",\"@id\":\"https:\\\/\\\/www.immo-invest.ch\\\/fr\\\/bau-eines-messmastes-zur-windmessung-und-umweltueberwachung-gestartet\\\/#listItem\",\"position\":6,\"name\":\"Lancement de la construction d&rsquo;un m\\u00e2t de mesure pour la mesure du vent et la surveillance de l&rsquo;environnement\",\"previousItem\":{\"@type\":\"ListItem\",\"@id\":\"https:\\\/\\\/www.immo-invest.ch\\\/fr\\\/categories\\\/regions\\\/suisse\\\/region-zentralschweiz\\\/region-lucerne\\\/#listItem\",\"name\":\"Lucerne\"}}]},{\"@type\":\"Organization\",\"@id\":\"https:\\\/\\\/www.immo-invest.ch\\\/fr\\\/#organization\",\"name\":\"immo!nvest - Die Plattform f\\u00fcr Standorte und Immobilien\",\"description\":\"Die\\u00a0Plattform f\\u00fcr Standorte und Immobilien\",\"url\":\"https:\\\/\\\/www.immo-invest.ch\\\/fr\\\/\",\"email\":\"admin@immomedia.ag\",\"telephone\":\"+41444420002\",\"logo\":{\"@type\":\"ImageObject\",\"url\":\"https:\\\/\\\/www.immo-invest.ch\\\/wp-content\\\/uploads\\\/2024\\\/09\\\/immoinvest_sm-scaled.jpg\",\"@id\":\"https:\\\/\\\/www.immo-invest.ch\\\/fr\\\/bau-eines-messmastes-zur-windmessung-und-umweltueberwachung-gestartet\\\/#organizationLogo\",\"width\":2560,\"height\":1340},\"image\":{\"@id\":\"https:\\\/\\\/www.immo-invest.ch\\\/fr\\\/bau-eines-messmastes-zur-windmessung-und-umweltueberwachung-gestartet\\\/#organizationLogo\"},\"sameAs\":[\"https:\\\/\\\/www.facebook.com\\\/people\\\/Immoinvest\\\/100077962920504\\\/\",\"https:\\\/\\\/x.com\\\/i\\\/flow\\\/login?redirect_after_login=immoinvest_ch\",\"https:\\\/\\\/www.instagram.com\\\/immoinvest_ch\\\/\",\"https:\\\/\\\/www.linkedin.com\\\/company\\\/immoinvest-swiss\"]},{\"@type\":\"Person\",\"@id\":\"https:\\\/\\\/www.immo-invest.ch\\\/fr\\\/author\\\/immovestuser\\\/#author\",\"url\":\"https:\\\/\\\/www.immo-invest.ch\\\/fr\\\/author\\\/immovestuser\\\/\",\"name\":\"immovestuser\",\"image\":{\"@type\":\"ImageObject\",\"@id\":\"https:\\\/\\\/www.immo-invest.ch\\\/fr\\\/bau-eines-messmastes-zur-windmessung-und-umweltueberwachung-gestartet\\\/#authorImage\",\"url\":\"https:\\\/\\\/secure.gravatar.com\\\/avatar\\\/8e01f4d99f2eeea7a362ebb93305e1172a70e9293ba250f897a65c39f54cdd1e?s=96&d=mm&r=g\",\"width\":96,\"height\":96,\"caption\":\"immovestuser\"}},{\"@type\":\"WebPage\",\"@id\":\"https:\\\/\\\/www.immo-invest.ch\\\/fr\\\/bau-eines-messmastes-zur-windmessung-und-umweltueberwachung-gestartet\\\/#webpage\",\"url\":\"https:\\\/\\\/www.immo-invest.ch\\\/fr\\\/bau-eines-messmastes-zur-windmessung-und-umweltueberwachung-gestartet\\\/\",\"name\":\"Lancement de la construction d\\u2019un m\\u00e2t de mesure pour la mesure du vent et la surveillance de l\\u2019environnement - immo!nvest - Die Plattform f\\u00fcr Standorte und Immobilien\",\"description\":\"CKW a commenc\\u00e9 la construction d'un m\\u00e2t de mesure sur Ruswilerberg pour collecter des donn\\u00e9es sur le vent et la m\\u00e9t\\u00e9o en vue d'un parc \\u00e9olien pr\\u00e9vu. Le m\\u00e2t surveille \\u00e9galement l'activit\\u00e9 des chauves-souris, les temp\\u00e9ratures et l'humidit\\u00e9. Les donn\\u00e9es visent \\u00e0 assurer la viabilit\\u00e9 \\u00e9conomique et la compatibilit\\u00e9 environnementale du parc \\u00e9olien.\",\"inLanguage\":\"fr-FR\",\"isPartOf\":{\"@id\":\"https:\\\/\\\/www.immo-invest.ch\\\/fr\\\/#website\"},\"breadcrumb\":{\"@id\":\"https:\\\/\\\/www.immo-invest.ch\\\/fr\\\/bau-eines-messmastes-zur-windmessung-und-umweltueberwachung-gestartet\\\/#breadcrumblist\"},\"author\":{\"@id\":\"https:\\\/\\\/www.immo-invest.ch\\\/fr\\\/author\\\/immovestuser\\\/#author\"},\"creator\":{\"@id\":\"https:\\\/\\\/www.immo-invest.ch\\\/fr\\\/author\\\/immovestuser\\\/#author\"},\"image\":{\"@type\":\"ImageObject\",\"url\":\"https:\\\/\\\/www.immo-invest.ch\\\/wp-content\\\/uploads\\\/2024\\\/05\\\/Windmessmast_Aeberdingerhoechi.jpg\",\"@id\":\"https:\\\/\\\/www.immo-invest.ch\\\/fr\\\/bau-eines-messmastes-zur-windmessung-und-umweltueberwachung-gestartet\\\/#mainImage\",\"width\":2321,\"height\":1395},\"primaryImageOfPage\":{\"@id\":\"https:\\\/\\\/www.immo-invest.ch\\\/fr\\\/bau-eines-messmastes-zur-windmessung-und-umweltueberwachung-gestartet\\\/#mainImage\"},\"datePublished\":\"2024-05-24T14:52:11+02:00\",\"dateModified\":\"2024-05-24T11:54:48+02:00\"},{\"@type\":\"WebSite\",\"@id\":\"https:\\\/\\\/www.immo-invest.ch\\\/fr\\\/#website\",\"url\":\"https:\\\/\\\/www.immo-invest.ch\\\/fr\\\/\",\"name\":\"immo!nvest - Die Plattform f\\u00fcr Standorte und Immobilien\",\"description\":\"Die\\u00a0Plattform f\\u00fcr Standorte und Immobilien\",\"inLanguage\":\"fr-FR\",\"publisher\":{\"@id\":\"https:\\\/\\\/www.immo-invest.ch\\\/fr\\\/#organization\"}}]}\n\t\t<\/script>\n\t\t<!-- All in One SEO -->\n\n","aioseo_head_json":{"title":"Lancement de la construction d\u2019un m\u00e2t de mesure pour la mesure du vent et la surveillance de l\u2019environnement - immo!nvest - Die Plattform f\u00fcr Standorte und Immobilien","description":"CKW a commenc\u00e9 la construction d'un m\u00e2t de mesure sur Ruswilerberg pour collecter des donn\u00e9es sur le vent et la m\u00e9t\u00e9o en vue d'un parc \u00e9olien pr\u00e9vu. Le m\u00e2t surveille \u00e9galement l'activit\u00e9 des chauves-souris, les temp\u00e9ratures et l'humidit\u00e9. Les donn\u00e9es visent \u00e0 assurer la viabilit\u00e9 \u00e9conomique et la compatibilit\u00e9 environnementale du parc \u00e9olien.","canonical_url":"https:\/\/www.immo-invest.ch\/fr\/bau-eines-messmastes-zur-windmessung-und-umweltueberwachung-gestartet\/","robots":"max-image-preview:large","keywords":"","webmasterTools":{"google-site-verification":"fHJKvgWpZCR2zVBHWfkQeFXC11qieUSff0HGNYfuyLA","miscellaneous":""},"schema":{"@context":"https:\/\/schema.org","@graph":[{"@type":"BlogPosting","@id":"https:\/\/www.immo-invest.ch\/fr\/bau-eines-messmastes-zur-windmessung-und-umweltueberwachung-gestartet\/#blogposting","name":"Lancement de la construction d\u2019un m\u00e2t de mesure pour la mesure du vent et la surveillance de l\u2019environnement - immo!nvest - Die Plattform f\u00fcr Standorte und Immobilien","headline":"Lancement de la construction d&rsquo;un m\u00e2t de mesure pour la mesure du vent et la surveillance de l&rsquo;environnement","author":{"@id":"https:\/\/www.immo-invest.ch\/fr\/author\/immovestuser\/#author"},"publisher":{"@id":"https:\/\/www.immo-invest.ch\/fr\/#organization"},"image":{"@type":"ImageObject","url":"https:\/\/www.immo-invest.ch\/wp-content\/uploads\/2024\/05\/Windmessmast_Aeberdingerhoechi.jpg","width":2321,"height":1395},"datePublished":"2024-05-24T14:52:11+02:00","dateModified":"2024-05-24T11:54:48+02:00","inLanguage":"fr-FR","mainEntityOfPage":{"@id":"https:\/\/www.immo-invest.ch\/fr\/bau-eines-messmastes-zur-windmessung-und-umweltueberwachung-gestartet\/#webpage"},"isPartOf":{"@id":"https:\/\/www.immo-invest.ch\/fr\/bau-eines-messmastes-zur-windmessung-und-umweltueberwachung-gestartet\/#webpage"},"articleSection":"Durabilit\u00e9, immoNews, Lucerne, Projects, Immoinvest, immoNews, News, Ruswilerberg, Umwelt\u00fcberwachung, Windpark, Facultatif"},{"@type":"BreadcrumbList","@id":"https:\/\/www.immo-invest.ch\/fr\/bau-eines-messmastes-zur-windmessung-und-umweltueberwachung-gestartet\/#breadcrumblist","itemListElement":[{"@type":"ListItem","@id":"https:\/\/www.immo-invest.ch\/fr\/#listItem","position":1,"name":"Home","item":"https:\/\/www.immo-invest.ch\/fr\/","nextItem":{"@type":"ListItem","@id":"https:\/\/www.immo-invest.ch\/fr\/categories\/regions\/#listItem","name":"R\u00e9gions"}},{"@type":"ListItem","@id":"https:\/\/www.immo-invest.ch\/fr\/categories\/regions\/#listItem","position":2,"name":"R\u00e9gions","item":"https:\/\/www.immo-invest.ch\/fr\/categories\/regions\/","nextItem":{"@type":"ListItem","@id":"https:\/\/www.immo-invest.ch\/fr\/categories\/regions\/suisse\/#listItem","name":"Suisse"},"previousItem":{"@type":"ListItem","@id":"https:\/\/www.immo-invest.ch\/fr\/#listItem","name":"Home"}},{"@type":"ListItem","@id":"https:\/\/www.immo-invest.ch\/fr\/categories\/regions\/suisse\/#listItem","position":3,"name":"Suisse","item":"https:\/\/www.immo-invest.ch\/fr\/categories\/regions\/suisse\/","nextItem":{"@type":"ListItem","@id":"https:\/\/www.immo-invest.ch\/fr\/categories\/regions\/suisse\/region-zentralschweiz\/#listItem","name":"Zentralschweiz"},"previousItem":{"@type":"ListItem","@id":"https:\/\/www.immo-invest.ch\/fr\/categories\/regions\/#listItem","name":"R\u00e9gions"}},{"@type":"ListItem","@id":"https:\/\/www.immo-invest.ch\/fr\/categories\/regions\/suisse\/region-zentralschweiz\/#listItem","position":4,"name":"Zentralschweiz","item":"https:\/\/www.immo-invest.ch\/fr\/categories\/regions\/suisse\/region-zentralschweiz\/","nextItem":{"@type":"ListItem","@id":"https:\/\/www.immo-invest.ch\/fr\/categories\/regions\/suisse\/region-zentralschweiz\/region-lucerne\/#listItem","name":"Lucerne"},"previousItem":{"@type":"ListItem","@id":"https:\/\/www.immo-invest.ch\/fr\/categories\/regions\/suisse\/#listItem","name":"Suisse"}},{"@type":"ListItem","@id":"https:\/\/www.immo-invest.ch\/fr\/categories\/regions\/suisse\/region-zentralschweiz\/region-lucerne\/#listItem","position":5,"name":"Lucerne","item":"https:\/\/www.immo-invest.ch\/fr\/categories\/regions\/suisse\/region-zentralschweiz\/region-lucerne\/","nextItem":{"@type":"ListItem","@id":"https:\/\/www.immo-invest.ch\/fr\/bau-eines-messmastes-zur-windmessung-und-umweltueberwachung-gestartet\/#listItem","name":"Lancement de la construction d&rsquo;un m\u00e2t de mesure pour la mesure du vent et la surveillance de l&rsquo;environnement"},"previousItem":{"@type":"ListItem","@id":"https:\/\/www.immo-invest.ch\/fr\/categories\/regions\/suisse\/region-zentralschweiz\/#listItem","name":"Zentralschweiz"}},{"@type":"ListItem","@id":"https:\/\/www.immo-invest.ch\/fr\/bau-eines-messmastes-zur-windmessung-und-umweltueberwachung-gestartet\/#listItem","position":6,"name":"Lancement de la construction d&rsquo;un m\u00e2t de mesure pour la mesure du vent et la surveillance de l&rsquo;environnement","previousItem":{"@type":"ListItem","@id":"https:\/\/www.immo-invest.ch\/fr\/categories\/regions\/suisse\/region-zentralschweiz\/region-lucerne\/#listItem","name":"Lucerne"}}]},{"@type":"Organization","@id":"https:\/\/www.immo-invest.ch\/fr\/#organization","name":"immo!nvest - Die Plattform f\u00fcr Standorte und Immobilien","description":"Die\u00a0Plattform f\u00fcr Standorte und Immobilien","url":"https:\/\/www.immo-invest.ch\/fr\/","email":"admin@immomedia.ag","telephone":"+41444420002","logo":{"@type":"ImageObject","url":"https:\/\/www.immo-invest.ch\/wp-content\/uploads\/2024\/09\/immoinvest_sm-scaled.jpg","@id":"https:\/\/www.immo-invest.ch\/fr\/bau-eines-messmastes-zur-windmessung-und-umweltueberwachung-gestartet\/#organizationLogo","width":2560,"height":1340},"image":{"@id":"https:\/\/www.immo-invest.ch\/fr\/bau-eines-messmastes-zur-windmessung-und-umweltueberwachung-gestartet\/#organizationLogo"},"sameAs":["https:\/\/www.facebook.com\/people\/Immoinvest\/100077962920504\/","https:\/\/x.com\/i\/flow\/login?redirect_after_login=immoinvest_ch","https:\/\/www.instagram.com\/immoinvest_ch\/","https:\/\/www.linkedin.com\/company\/immoinvest-swiss"]},{"@type":"Person","@id":"https:\/\/www.immo-invest.ch\/fr\/author\/immovestuser\/#author","url":"https:\/\/www.immo-invest.ch\/fr\/author\/immovestuser\/","name":"immovestuser","image":{"@type":"ImageObject","@id":"https:\/\/www.immo-invest.ch\/fr\/bau-eines-messmastes-zur-windmessung-und-umweltueberwachung-gestartet\/#authorImage","url":"https:\/\/secure.gravatar.com\/avatar\/8e01f4d99f2eeea7a362ebb93305e1172a70e9293ba250f897a65c39f54cdd1e?s=96&d=mm&r=g","width":96,"height":96,"caption":"immovestuser"}},{"@type":"WebPage","@id":"https:\/\/www.immo-invest.ch\/fr\/bau-eines-messmastes-zur-windmessung-und-umweltueberwachung-gestartet\/#webpage","url":"https:\/\/www.immo-invest.ch\/fr\/bau-eines-messmastes-zur-windmessung-und-umweltueberwachung-gestartet\/","name":"Lancement de la construction d\u2019un m\u00e2t de mesure pour la mesure du vent et la surveillance de l\u2019environnement - immo!nvest - Die Plattform f\u00fcr Standorte und Immobilien","description":"CKW a commenc\u00e9 la construction d'un m\u00e2t de mesure sur Ruswilerberg pour collecter des donn\u00e9es sur le vent et la m\u00e9t\u00e9o en vue d'un parc \u00e9olien pr\u00e9vu. Le m\u00e2t surveille \u00e9galement l'activit\u00e9 des chauves-souris, les temp\u00e9ratures et l'humidit\u00e9. Les donn\u00e9es visent \u00e0 assurer la viabilit\u00e9 \u00e9conomique et la compatibilit\u00e9 environnementale du parc \u00e9olien.","inLanguage":"fr-FR","isPartOf":{"@id":"https:\/\/www.immo-invest.ch\/fr\/#website"},"breadcrumb":{"@id":"https:\/\/www.immo-invest.ch\/fr\/bau-eines-messmastes-zur-windmessung-und-umweltueberwachung-gestartet\/#breadcrumblist"},"author":{"@id":"https:\/\/www.immo-invest.ch\/fr\/author\/immovestuser\/#author"},"creator":{"@id":"https:\/\/www.immo-invest.ch\/fr\/author\/immovestuser\/#author"},"image":{"@type":"ImageObject","url":"https:\/\/www.immo-invest.ch\/wp-content\/uploads\/2024\/05\/Windmessmast_Aeberdingerhoechi.jpg","@id":"https:\/\/www.immo-invest.ch\/fr\/bau-eines-messmastes-zur-windmessung-und-umweltueberwachung-gestartet\/#mainImage","width":2321,"height":1395},"primaryImageOfPage":{"@id":"https:\/\/www.immo-invest.ch\/fr\/bau-eines-messmastes-zur-windmessung-und-umweltueberwachung-gestartet\/#mainImage"},"datePublished":"2024-05-24T14:52:11+02:00","dateModified":"2024-05-24T11:54:48+02:00"},{"@type":"WebSite","@id":"https:\/\/www.immo-invest.ch\/fr\/#website","url":"https:\/\/www.immo-invest.ch\/fr\/","name":"immo!nvest - Die Plattform f\u00fcr Standorte und Immobilien","description":"Die\u00a0Plattform f\u00fcr Standorte und Immobilien","inLanguage":"fr-FR","publisher":{"@id":"https:\/\/www.immo-invest.ch\/fr\/#organization"}}]},"og:locale":"fr_FR","og:site_name":"immo!nvest - Die Plattform f\u00fcr Standorte und Immobilien - Die\u00a0Plattform f\u00fcr Standorte und Immobilien","og:type":"article","og:title":"Lancement de la construction d\u2019un m\u00e2t de mesure pour la mesure du vent et la surveillance de l\u2019environnement - immo!nvest - Die Plattform f\u00fcr Standorte und Immobilien","og:description":"CKW a commenc\u00e9 la construction d'un m\u00e2t de mesure sur Ruswilerberg pour collecter des donn\u00e9es sur le vent et la m\u00e9t\u00e9o en vue d'un parc \u00e9olien pr\u00e9vu. Le m\u00e2t surveille \u00e9galement l'activit\u00e9 des chauves-souris, les temp\u00e9ratures et l'humidit\u00e9. Les donn\u00e9es visent \u00e0 assurer la viabilit\u00e9 \u00e9conomique et la compatibilit\u00e9 environnementale du parc \u00e9olien.","og:url":"https:\/\/www.immo-invest.ch\/fr\/bau-eines-messmastes-zur-windmessung-und-umweltueberwachung-gestartet\/","og:image":"https:\/\/www.immo-invest.ch\/wp-content\/uploads\/2024\/05\/Windmessmast_Aeberdingerhoechi.jpg","og:image:secure_url":"https:\/\/www.immo-invest.ch\/wp-content\/uploads\/2024\/05\/Windmessmast_Aeberdingerhoechi.jpg","og:image:width":2321,"og:image:height":1395,"article:published_time":"2024-05-24T12:52:11+00:00","article:modified_time":"2024-05-24T09:54:48+00:00","article:publisher":"https:\/\/www.facebook.com\/people\/Immoinvest\/100077962920504\/","twitter:card":"summary_large_image","twitter:site":"@i","twitter:title":"Lancement de la construction d\u2019un m\u00e2t de mesure pour la mesure du vent et la surveillance de l\u2019environnement - immo!nvest - Die Plattform f\u00fcr Standorte und Immobilien","twitter:description":"CKW a commenc\u00e9 la construction d'un m\u00e2t de mesure sur Ruswilerberg pour collecter des donn\u00e9es sur le vent et la m\u00e9t\u00e9o en vue d'un parc \u00e9olien pr\u00e9vu. Le m\u00e2t surveille \u00e9galement l'activit\u00e9 des chauves-souris, les temp\u00e9ratures et l'humidit\u00e9. Les donn\u00e9es visent \u00e0 assurer la viabilit\u00e9 \u00e9conomique et la compatibilit\u00e9 environnementale du parc \u00e9olien.","twitter:creator":"@i","twitter:image":"https:\/\/www.immo-invest.ch\/wp-content\/uploads\/2024\/05\/Windmessmast_Aeberdingerhoechi.jpg"},"aioseo_meta_data":{"post_id":"94211","title":null,"description":null,"keywords":null,"keyphrases":null,"primary_term":null,"canonical_url":null,"og_title":null,"og_description":null,"og_object_type":"default","og_image_type":"default","og_image_url":null,"og_image_width":null,"og_image_height":null,"og_image_custom_url":null,"og_image_custom_fields":null,"og_video":null,"og_custom_url":null,"og_article_section":null,"og_article_tags":null,"twitter_use_og":false,"twitter_card":"default","twitter_image_type":"default","twitter_image_url":null,"twitter_image_custom_url":null,"twitter_image_custom_fields":null,"twitter_title":null,"twitter_description":null,"schema":{"blockGraphs":[],"customGraphs":[],"default":{"data":{"Article":[],"Course":[],"Dataset":[],"FAQPage":[],"Movie":[],"Person":[],"Product":[],"ProductReview":[],"Car":[],"Recipe":[],"Service":[],"SoftwareApplication":[],"WebPage":[]},"graphName":"","isEnabled":true},"graphs":[]},"schema_type":"default","schema_type_options":null,"pillar_content":false,"robots_default":true,"robots_noindex":false,"robots_noarchive":false,"robots_nosnippet":false,"robots_nofollow":false,"robots_noimageindex":false,"robots_noodp":false,"robots_notranslate":false,"robots_max_snippet":null,"robots_max_videopreview":null,"robots_max_imagepreview":"large","priority":null,"frequency":null,"local_seo":null,"breadcrumb_settings":null,"limit_modified_date":false,"ai":null,"created":"2024-09-20 20:24:57","updated":"2025-10-24 02:43:12","seo_analyzer_scan_date":null,"focus_keyword":null,"additional_keywords":null,"truseo_locale":null},"aioseo_breadcrumb":"<div class=\"aioseo-breadcrumbs\"><span class=\"aioseo-breadcrumb\">\n\t\t\t<a href=\"https:\/\/www.immo-invest.ch\/fr\/\" title=\"Home\">Home<\/a>\n\t\t<\/span><span class=\"aioseo-breadcrumb-separator\">&raquo;<\/span><span class=\"aioseo-breadcrumb\">\n\t\t\t<a href=\"https:\/\/www.immo-invest.ch\/fr\/categories\/regions\/\" title=\"R\u00e9gions\">R\u00e9gions<\/a>\n\t\t<\/span><span class=\"aioseo-breadcrumb-separator\">&raquo;<\/span><span class=\"aioseo-breadcrumb\">\n\t\t\t<a href=\"https:\/\/www.immo-invest.ch\/fr\/categories\/regions\/suisse\/\" title=\"Suisse\">Suisse<\/a>\n\t\t<\/span><span class=\"aioseo-breadcrumb-separator\">&raquo;<\/span><span class=\"aioseo-breadcrumb\">\n\t\t\t<a href=\"https:\/\/www.immo-invest.ch\/fr\/categories\/regions\/suisse\/region-zentralschweiz\/\" title=\"Zentralschweiz\">Zentralschweiz<\/a>\n\t\t<\/span><span class=\"aioseo-breadcrumb-separator\">&raquo;<\/span><span class=\"aioseo-breadcrumb\">\n\t\t\t<a href=\"https:\/\/www.immo-invest.ch\/fr\/categories\/regions\/suisse\/region-zentralschweiz\/region-lucerne\/\" title=\"Lucerne\">Lucerne<\/a>\n\t\t<\/span><span class=\"aioseo-breadcrumb-separator\">&raquo;<\/span><span class=\"aioseo-breadcrumb\">\n\t\t\tLancement de la construction d\u2019un m\u00e2t de mesure pour la mesure du vent et la surveillance de l\u2019environnement\n\t\t<\/span><\/div>","aioseo_breadcrumb_json":[{"label":"Home","link":"https:\/\/www.immo-invest.ch\/fr\/"},{"label":"R\u00e9gions","link":"https:\/\/www.immo-invest.ch\/fr\/categories\/regions\/"},{"label":"Suisse","link":"https:\/\/www.immo-invest.ch\/fr\/categories\/regions\/suisse\/"},{"label":"Zentralschweiz","link":"https:\/\/www.immo-invest.ch\/fr\/categories\/regions\/suisse\/region-zentralschweiz\/"},{"label":"Lucerne","link":"https:\/\/www.immo-invest.ch\/fr\/categories\/regions\/suisse\/region-zentralschweiz\/region-lucerne\/"},{"label":"Lancement de la construction d&rsquo;un m\u00e2t de mesure pour la mesure du vent et la surveillance de l&rsquo;environnement","link":"https:\/\/www.immo-invest.ch\/fr\/bau-eines-messmastes-zur-windmessung-und-umweltueberwachung-gestartet\/"}],"featured_image_src":"https:\/\/www.immo-invest.ch\/wp-content\/uploads\/2024\/05\/Windmessmast_Aeberdingerhoechi-336x168.jpg","_links":{"self":[{"href":"https:\/\/www.immo-invest.ch\/fr\/wp-json\/wp\/v2\/posts\/94211","targetHints":{"allow":["GET"]}}],"collection":[{"href":"https:\/\/www.immo-invest.ch\/fr\/wp-json\/wp\/v2\/posts"}],"about":[{"href":"https:\/\/www.immo-invest.ch\/fr\/wp-json\/wp\/v2\/types\/post"}],"author":[{"embeddable":true,"href":"https:\/\/www.immo-invest.ch\/fr\/wp-json\/wp\/v2\/users\/2"}],"replies":[{"embeddable":true,"href":"https:\/\/www.immo-invest.ch\/fr\/wp-json\/wp\/v2\/comments?post=94211"}],"version-history":[{"count":0,"href":"https:\/\/www.immo-invest.ch\/fr\/wp-json\/wp\/v2\/posts\/94211\/revisions"}],"wp:featuredmedia":[{"embeddable":true,"href":"https:\/\/www.immo-invest.ch\/fr\/wp-json\/wp\/v2\/media\/96080"}],"wp:attachment":[{"href":"https:\/\/www.immo-invest.ch\/fr\/wp-json\/wp\/v2\/media?parent=94211"}],"wp:term":[{"taxonomy":"category","embeddable":true,"href":"https:\/\/www.immo-invest.ch\/fr\/wp-json\/wp\/v2\/categories?post=94211"},{"taxonomy":"post_tag","embeddable":true,"href":"https:\/\/www.immo-invest.ch\/fr\/wp-json\/wp\/v2\/tags?post=94211"}],"curies":[{"name":"wp","href":"https:\/\/api.w.org\/{rel}","templated":true}]}}