{"id":93852,"date":"2024-05-21T15:24:02","date_gmt":"2024-05-21T13:24:02","guid":{"rendered":"https:\/\/www.immo-invest.ch\/innovation-und-vernetzung-in-der-schweizer-elektrobranche\/"},"modified":"2024-05-21T15:44:54","modified_gmt":"2024-05-21T13:44:54","slug":"innovation-und-vernetzung-in-der-schweizer-elektrobranche","status":"publish","type":"post","link":"https:\/\/www.immo-invest.ch\/fr\/innovation-und-vernetzung-in-der-schweizer-elektrobranche\/","title":{"rendered":"Innovation et mise en r\u00e9seau dans le secteur \u00e9lectrique suisse"},"content":{"rendered":"<p class=\"wp-block-paragraph\">Le salon ineltec 2024, qui vient d&rsquo;&ecirc;tre lanc&eacute;, offre une plateforme de 11 000 m&egrave;tres carr&eacute;s &agrave; plus de 140 exposants qui pr&eacute;senteront leurs derniers produits et services dans les domaines de l&rsquo;&eacute;lectrotechnique, de la domotique, de l&rsquo;e-mobilit&eacute; et bien plus encore. Le salon attire non seulement un grand nombre de professionnels, mais aussi des d&eacute;cideurs de l&rsquo;ensemble du secteur, &agrave; la recherche de solutions innovantes et de technologies durables. L&rsquo;accent sera mis en particulier sur l&rsquo;e-mobilit&eacute; et les technologies de construction intelligentes, car ces domaines laissent pr&eacute;sager des &eacute;volutions d&eacute;cisives dans les ann&eacute;es &agrave; venir.<\/p>\n\n\n\n<p class=\"wp-block-paragraph\"><strong>Plateformes interactives pour les &eacute;changes professionnels<br><\/strong>Outre l&rsquo;exp&eacute;rience traditionnelle du salon, ineltec reloaded propose &eacute;galement des acc&egrave;s num&eacute;riques via sa plateforme de contenu ineltec.ch, o&ugrave; exposants et visiteurs peuvent se mettre en r&eacute;seau et s&rsquo;informer en amont. En outre, les deux places de march&eacute;, avec leurs bistrots et leur zone d&rsquo;interaction, garantissent des &eacute;changes anim&eacute;s et offrent un espace pour des &eacute;v&eacute;nements quotidiens tels que les <span class=\"glossaryLink\" aria-describedby=\"tt\" data-cmtooltip=\"&lt;div class=glossaryItemTitle&gt;Innovation&lt;\/div&gt;&lt;div class=glossaryItemBody&gt;Innovation in der heutigen Immobilienwelt bedeutet vor allem Digitalisierung von Prozessen. Zum Beispiel das Eliminieren von Tausenden von Excel-Bl&auml;ttern f&uuml;r Portfolio- und Asset-Manager oder das Erstellen einer Anwendung (App) f&uuml;r alle Formalit&auml;ten rund um die Beziehung zwischen Immobilieneigent&uuml;mern, - verwaltung und -mietern.&lt;\/div&gt;\" data-mobile-support=\"0\" data-gt-translate-attributes='[{\"attribute\":\"data-cmtooltip\", \"format\":\"html\"}]' tabindex=\"0\" role=\"link\">Innovation<\/span> Pitches et les discussions anim&eacute;es. Ces formats sont con&ccedil;us pour donner aux participants de nouvelles impulsions et des connaissances pratiques pour leur travail quotidien.<\/p>\n\n\n\n<p class=\"wp-block-paragraph\"><strong>Accent sur la rel&egrave;ve et la cr&eacute;ation de r&eacute;seaux<br><\/strong>ineltec 2024 met &eacute;galement l&rsquo;accent sur la promotion de la rel&egrave;ve et la cr&eacute;ation de r&eacute;seaux entre les participants du secteur. Les &eacute;v&eacute;nements, tels que les Startup Pitches et les After Work Events, offrent non seulement une sc&egrave;ne pour les nouvelles id&eacute;es, mais aussi de pr&eacute;cieuses occasions de r&eacute;seautage. L&rsquo;objectif est de cr&eacute;er un pont entre les entreprises &eacute;tablies et les start-ups innovantes, tout en int&eacute;grant activement les jeunes talents dans le secteur.<\/p>\n\n\n\n<p class=\"wp-block-paragraph\"><strong>Discussions orient&eacute;es vers l&rsquo;avenir et formation continue<br><\/strong>ineltec 2024 met &eacute;galement fortement l&rsquo;accent sur la formation continue et les discussions sur des th&egrave;mes cl&eacute;s de l&rsquo;industrie tels que l&rsquo;int&eacute;gration de l&rsquo;IA dans la domotique et l&rsquo;impact des directives ESG sur l&rsquo;&eacute;lectrotechnique. En participant &agrave; ces tables rondes et pr&eacute;sentations, les visiteurs professionnels auront un aper&ccedil;u pr&eacute;cieux de l&rsquo;&eacute;volution future du secteur &eacute;lectrique et pourront ainsi se pr&eacute;parer aux d&eacute;fis &agrave; venir.<\/p>\n\n\n\n<p class=\"wp-block-paragraph\">Ineltec 2024 promet d&rsquo;&ecirc;tre un rendez-vous incontournable pour tous les professionnels de l&rsquo;industrie &eacute;lectrique, en offrant non seulement une vitrine pour les innovations technologiques, mais aussi en servant de plateforme centrale pour les &eacute;changes professionnels et la formation continue.<\/p>\n","protected":false},"excerpt":{"rendered":"<p>Ineltec 2024 revient en tant que rendez-vous leader de la branche \u00e9lectrique suisse pour pr\u00e9senter les derni\u00e8res tendances et technologies les 11 et 12 septembre \u00e0 Messe Z\u00fcrich. Avec un format repens\u00e9 et une participation qui affiche presque complet, le salon devient un centre d&rsquo;inspiration, d&rsquo;\u00e9change et de transmission de connaissances.<\/p>\n","protected":false},"author":2,"featured_media":93828,"comment_status":"open","ping_status":"open","sticky":false,"template":"","format":"standard","meta":{"pmpro_default_level":"0","inline_featured_image":false,"_monsterinsights_skip_tracking":false,"footnotes":""},"categories":[22699,8747,22696,743,22703,22303],"tags":[43871,46819,46820,11650,46821,8384,1818,11336,848,3931,1731,2933,2237,21902,46822],"class_list":["post-93852","post","type-post","status-publish","format-standard","has-post-thumbnail","hentry","category-durabilite","category-energie","category-entreprise","category-immonews-fr","category-mobilite","category-suisse","tag-austausch-fr","tag-e-mobilitaet-2-fr","tag-elektrobranche-fr","tag-elektronik-fr","tag-elektrotechnik-fr","tag-energiebranche-fr","tag-entwicklung-fr","tag-gebaeudeautomation-fr","tag-immobilien-fr","tag-immonews-fr","tag-messe-fr","tag-plattform-fr","tag-technologie-fr","tag-trends-fr","tag-wissensvermittlung-fr","pmpro-has-access"],"acf":{"bild_mit_ki_erstellt_worden":[],"lead":"Ineltec 2024 revient en tant que rendez-vous leader de la branche \u00e9lectrique suisse pour pr\u00e9senter les derni\u00e8res tendances et technologies les 11 et 12 septembre \u00e0 Messe Z\u00fcrich. Avec un format repens\u00e9 et une participation qui affiche presque complet, le salon devient un centre d'inspiration, d'\u00e9change et de transmission de connaissances.","autor":"Quelle: Ineltec","ort":"","bildunterschrift":"","bild_im_grid":false,"gallerie":"","newsim":""},"aioseo_notices":[],"aioseo_head":"\n\t\t<!-- All in One SEO 5.0.1.1 - aioseo.com -->\n\t<meta name=\"description\" content=\"Ineltec 2024 revient en tant que rendez-vous leader de la branche \u00e9lectrique suisse pour pr\u00e9senter les derni\u00e8res tendances et technologies les 11 et 12 septembre \u00e0 Messe Z\u00fcrich. Avec un format repens\u00e9 et une participation qui affiche presque complet, le salon devient un centre d&#039;inspiration, d&#039;\u00e9change et de transmission de connaissances.\" \/>\n\t<meta name=\"robots\" content=\"max-image-preview:large\" \/>\n\t<meta name=\"author\" content=\"immovestuser\"\/>\n\t<meta name=\"google-site-verification\" content=\"fHJKvgWpZCR2zVBHWfkQeFXC11qieUSff0HGNYfuyLA\" \/>\n\t<link rel=\"canonical\" href=\"https:\/\/www.immo-invest.ch\/fr\/innovation-und-vernetzung-in-der-schweizer-elektrobranche\/\" \/>\n\t<meta name=\"generator\" content=\"All in One SEO (AIOSEO) 5.0.1.1\" \/>\n\t\t<meta property=\"og:locale\" content=\"fr_FR\" \/>\n\t\t<meta property=\"og:site_name\" content=\"immo!nvest - Die Plattform f\u00fcr Standorte und Immobilien - Die\u00a0Plattform f\u00fcr Standorte und Immobilien\" \/>\n\t\t<meta property=\"og:type\" content=\"article\" \/>\n\t\t<meta property=\"og:title\" content=\"Innovation et mise en r\u00e9seau dans le secteur \u00e9lectrique suisse - immo!nvest - Die Plattform f\u00fcr Standorte und Immobilien\" \/>\n\t\t<meta property=\"og:description\" content=\"Ineltec 2024 revient en tant que rendez-vous leader de la branche \u00e9lectrique suisse pour pr\u00e9senter les derni\u00e8res tendances et technologies les 11 et 12 septembre \u00e0 Messe Z\u00fcrich. Avec un format repens\u00e9 et une participation qui affiche presque complet, le salon devient un centre d&#039;inspiration, d&#039;\u00e9change et de transmission de connaissances.\" \/>\n\t\t<meta property=\"og:url\" content=\"https:\/\/www.immo-invest.ch\/fr\/innovation-und-vernetzung-in-der-schweizer-elektrobranche\/\" \/>\n\t\t<meta property=\"og:image\" content=\"https:\/\/www.immo-invest.ch\/wp-content\/uploads\/2024\/05\/2024-05-21-15_09_58-Office-approx-21-x-14-cm-ineltec2017_SBA_02_019.jpg-1280\u00d7720-e1716297135693.png\" \/>\n\t\t<meta property=\"og:image:secure_url\" content=\"https:\/\/www.immo-invest.ch\/wp-content\/uploads\/2024\/05\/2024-05-21-15_09_58-Office-approx-21-x-14-cm-ineltec2017_SBA_02_019.jpg-1280\u00d7720-e1716297135693.png\" \/>\n\t\t<meta property=\"og:image:width\" content=\"1221\" \/>\n\t\t<meta property=\"og:image:height\" content=\"610\" \/>\n\t\t<meta property=\"article:published_time\" content=\"2024-05-21T13:24:02+00:00\" \/>\n\t\t<meta property=\"article:modified_time\" content=\"2024-05-21T13:44:54+00:00\" \/>\n\t\t<meta property=\"article:publisher\" content=\"https:\/\/www.facebook.com\/people\/Immoinvest\/100077962920504\/\" \/>\n\t\t<meta name=\"twitter:card\" content=\"summary_large_image\" \/>\n\t\t<meta name=\"twitter:site\" content=\"@i\" \/>\n\t\t<meta name=\"twitter:title\" content=\"Innovation et mise en r\u00e9seau dans le secteur \u00e9lectrique suisse - immo!nvest - Die Plattform f\u00fcr Standorte und Immobilien\" \/>\n\t\t<meta name=\"twitter:description\" content=\"Ineltec 2024 revient en tant que rendez-vous leader de la branche \u00e9lectrique suisse pour pr\u00e9senter les derni\u00e8res tendances et technologies les 11 et 12 septembre \u00e0 Messe Z\u00fcrich. Avec un format repens\u00e9 et une participation qui affiche presque complet, le salon devient un centre d&#039;inspiration, d&#039;\u00e9change et de transmission de connaissances.\" \/>\n\t\t<meta name=\"twitter:creator\" content=\"@i\" \/>\n\t\t<meta name=\"twitter:image\" content=\"https:\/\/www.immo-invest.ch\/wp-content\/uploads\/2024\/05\/2024-05-21-15_09_58-Office-approx-21-x-14-cm-ineltec2017_SBA_02_019.jpg-1280\u00d7720-e1716297135693.png\" \/>\n\t\t<script type=\"application\/ld+json\" class=\"aioseo-schema\">\n\t\t\t{\"@context\":\"https:\\\/\\\/schema.org\",\"@graph\":[{\"@type\":\"BlogPosting\",\"@id\":\"https:\\\/\\\/www.immo-invest.ch\\\/fr\\\/innovation-und-vernetzung-in-der-schweizer-elektrobranche\\\/#blogposting\",\"name\":\"Innovation et mise en r\\u00e9seau dans le secteur \\u00e9lectrique suisse - immo!nvest - Die Plattform f\\u00fcr Standorte und Immobilien\",\"headline\":\"Innovation et mise en r\\u00e9seau dans le secteur \\u00e9lectrique suisse\",\"author\":{\"@id\":\"https:\\\/\\\/www.immo-invest.ch\\\/fr\\\/author\\\/immovestuser\\\/#author\"},\"publisher\":{\"@id\":\"https:\\\/\\\/www.immo-invest.ch\\\/fr\\\/#organization\"},\"image\":{\"@type\":\"ImageObject\",\"url\":\"https:\\\/\\\/www.immo-invest.ch\\\/wp-content\\\/uploads\\\/2024\\\/05\\\/2024-05-21-15_09_58-Office-approx-21-x-14-cm-ineltec2017_SBA_02_019.jpg-1280\\u00d7720-e1716297135693.png\",\"width\":1221,\"height\":610},\"datePublished\":\"2024-05-21T15:24:02+02:00\",\"dateModified\":\"2024-05-21T15:44:54+02:00\",\"inLanguage\":\"fr-FR\",\"mainEntityOfPage\":{\"@id\":\"https:\\\/\\\/www.immo-invest.ch\\\/fr\\\/innovation-und-vernetzung-in-der-schweizer-elektrobranche\\\/#webpage\"},\"isPartOf\":{\"@id\":\"https:\\\/\\\/www.immo-invest.ch\\\/fr\\\/innovation-und-vernetzung-in-der-schweizer-elektrobranche\\\/#webpage\"},\"articleSection\":\"Durabilit\\u00e9, \\u00c9nergie, Entreprise, immoNews, Mobilit\\u00e9, Suisse, Austausch, E-Mobilit\\u00e4t, Elektrobranche, Elektronik, Elektrotechnik, Energiebranche, Entwicklung, Geb\\u00e4udeautomation, immobilien, immoNews, Messe, Plattform, Technologie, Trends, Wissensvermittlung, Facultatif\"},{\"@type\":\"BreadcrumbList\",\"@id\":\"https:\\\/\\\/www.immo-invest.ch\\\/fr\\\/innovation-und-vernetzung-in-der-schweizer-elektrobranche\\\/#breadcrumblist\",\"itemListElement\":[{\"@type\":\"ListItem\",\"@id\":\"https:\\\/\\\/www.immo-invest.ch\\\/fr\\\/#listItem\",\"position\":1,\"name\":\"Home\",\"item\":\"https:\\\/\\\/www.immo-invest.ch\\\/fr\\\/\",\"nextItem\":{\"@type\":\"ListItem\",\"@id\":\"https:\\\/\\\/www.immo-invest.ch\\\/fr\\\/categories\\\/regions\\\/#listItem\",\"name\":\"R\\u00e9gions\"}},{\"@type\":\"ListItem\",\"@id\":\"https:\\\/\\\/www.immo-invest.ch\\\/fr\\\/categories\\\/regions\\\/#listItem\",\"position\":2,\"name\":\"R\\u00e9gions\",\"item\":\"https:\\\/\\\/www.immo-invest.ch\\\/fr\\\/categories\\\/regions\\\/\",\"nextItem\":{\"@type\":\"ListItem\",\"@id\":\"https:\\\/\\\/www.immo-invest.ch\\\/fr\\\/categories\\\/regions\\\/suisse\\\/#listItem\",\"name\":\"Suisse\"},\"previousItem\":{\"@type\":\"ListItem\",\"@id\":\"https:\\\/\\\/www.immo-invest.ch\\\/fr\\\/#listItem\",\"name\":\"Home\"}},{\"@type\":\"ListItem\",\"@id\":\"https:\\\/\\\/www.immo-invest.ch\\\/fr\\\/categories\\\/regions\\\/suisse\\\/#listItem\",\"position\":3,\"name\":\"Suisse\",\"item\":\"https:\\\/\\\/www.immo-invest.ch\\\/fr\\\/categories\\\/regions\\\/suisse\\\/\",\"nextItem\":{\"@type\":\"ListItem\",\"@id\":\"https:\\\/\\\/www.immo-invest.ch\\\/fr\\\/innovation-und-vernetzung-in-der-schweizer-elektrobranche\\\/#listItem\",\"name\":\"Innovation et mise en r\\u00e9seau dans le secteur \\u00e9lectrique suisse\"},\"previousItem\":{\"@type\":\"ListItem\",\"@id\":\"https:\\\/\\\/www.immo-invest.ch\\\/fr\\\/categories\\\/regions\\\/#listItem\",\"name\":\"R\\u00e9gions\"}},{\"@type\":\"ListItem\",\"@id\":\"https:\\\/\\\/www.immo-invest.ch\\\/fr\\\/innovation-und-vernetzung-in-der-schweizer-elektrobranche\\\/#listItem\",\"position\":4,\"name\":\"Innovation et mise en r\\u00e9seau dans le secteur \\u00e9lectrique suisse\",\"previousItem\":{\"@type\":\"ListItem\",\"@id\":\"https:\\\/\\\/www.immo-invest.ch\\\/fr\\\/categories\\\/regions\\\/suisse\\\/#listItem\",\"name\":\"Suisse\"}}]},{\"@type\":\"Organization\",\"@id\":\"https:\\\/\\\/www.immo-invest.ch\\\/fr\\\/#organization\",\"name\":\"immo!nvest - Die Plattform f\\u00fcr Standorte und Immobilien\",\"description\":\"Die\\u00a0Plattform f\\u00fcr Standorte und Immobilien\",\"url\":\"https:\\\/\\\/www.immo-invest.ch\\\/fr\\\/\",\"email\":\"admin@immomedia.ag\",\"telephone\":\"+41444420002\",\"logo\":{\"@type\":\"ImageObject\",\"url\":\"https:\\\/\\\/www.immo-invest.ch\\\/wp-content\\\/uploads\\\/2024\\\/09\\\/immoinvest_sm-scaled.jpg\",\"@id\":\"https:\\\/\\\/www.immo-invest.ch\\\/fr\\\/innovation-und-vernetzung-in-der-schweizer-elektrobranche\\\/#organizationLogo\",\"width\":2560,\"height\":1340},\"image\":{\"@id\":\"https:\\\/\\\/www.immo-invest.ch\\\/fr\\\/innovation-und-vernetzung-in-der-schweizer-elektrobranche\\\/#organizationLogo\"},\"sameAs\":[\"https:\\\/\\\/www.facebook.com\\\/people\\\/Immoinvest\\\/100077962920504\\\/\",\"https:\\\/\\\/x.com\\\/i\\\/flow\\\/login?redirect_after_login=immoinvest_ch\",\"https:\\\/\\\/www.instagram.com\\\/immoinvest_ch\\\/\",\"https:\\\/\\\/www.linkedin.com\\\/company\\\/immoinvest-swiss\"]},{\"@type\":\"Person\",\"@id\":\"https:\\\/\\\/www.immo-invest.ch\\\/fr\\\/author\\\/immovestuser\\\/#author\",\"url\":\"https:\\\/\\\/www.immo-invest.ch\\\/fr\\\/author\\\/immovestuser\\\/\",\"name\":\"immovestuser\",\"image\":{\"@type\":\"ImageObject\",\"@id\":\"https:\\\/\\\/www.immo-invest.ch\\\/fr\\\/innovation-und-vernetzung-in-der-schweizer-elektrobranche\\\/#authorImage\",\"url\":\"https:\\\/\\\/secure.gravatar.com\\\/avatar\\\/8e01f4d99f2eeea7a362ebb93305e1172a70e9293ba250f897a65c39f54cdd1e?s=96&d=mm&r=g\",\"width\":96,\"height\":96,\"caption\":\"immovestuser\"}},{\"@type\":\"WebPage\",\"@id\":\"https:\\\/\\\/www.immo-invest.ch\\\/fr\\\/innovation-und-vernetzung-in-der-schweizer-elektrobranche\\\/#webpage\",\"url\":\"https:\\\/\\\/www.immo-invest.ch\\\/fr\\\/innovation-und-vernetzung-in-der-schweizer-elektrobranche\\\/\",\"name\":\"Innovation et mise en r\\u00e9seau dans le secteur \\u00e9lectrique suisse - immo!nvest - Die Plattform f\\u00fcr Standorte und Immobilien\",\"description\":\"Ineltec 2024 revient en tant que rendez-vous leader de la branche \\u00e9lectrique suisse pour pr\\u00e9senter les derni\\u00e8res tendances et technologies les 11 et 12 septembre \\u00e0 Messe Z\\u00fcrich. Avec un format repens\\u00e9 et une participation qui affiche presque complet, le salon devient un centre d'inspiration, d'\\u00e9change et de transmission de connaissances.\",\"inLanguage\":\"fr-FR\",\"isPartOf\":{\"@id\":\"https:\\\/\\\/www.immo-invest.ch\\\/fr\\\/#website\"},\"breadcrumb\":{\"@id\":\"https:\\\/\\\/www.immo-invest.ch\\\/fr\\\/innovation-und-vernetzung-in-der-schweizer-elektrobranche\\\/#breadcrumblist\"},\"author\":{\"@id\":\"https:\\\/\\\/www.immo-invest.ch\\\/fr\\\/author\\\/immovestuser\\\/#author\"},\"creator\":{\"@id\":\"https:\\\/\\\/www.immo-invest.ch\\\/fr\\\/author\\\/immovestuser\\\/#author\"},\"image\":{\"@type\":\"ImageObject\",\"url\":\"https:\\\/\\\/www.immo-invest.ch\\\/wp-content\\\/uploads\\\/2024\\\/05\\\/2024-05-21-15_09_58-Office-approx-21-x-14-cm-ineltec2017_SBA_02_019.jpg-1280\\u00d7720-e1716297135693.png\",\"@id\":\"https:\\\/\\\/www.immo-invest.ch\\\/fr\\\/innovation-und-vernetzung-in-der-schweizer-elektrobranche\\\/#mainImage\",\"width\":1221,\"height\":610},\"primaryImageOfPage\":{\"@id\":\"https:\\\/\\\/www.immo-invest.ch\\\/fr\\\/innovation-und-vernetzung-in-der-schweizer-elektrobranche\\\/#mainImage\"},\"datePublished\":\"2024-05-21T15:24:02+02:00\",\"dateModified\":\"2024-05-21T15:44:54+02:00\"},{\"@type\":\"WebSite\",\"@id\":\"https:\\\/\\\/www.immo-invest.ch\\\/fr\\\/#website\",\"url\":\"https:\\\/\\\/www.immo-invest.ch\\\/fr\\\/\",\"name\":\"immo!nvest - Die Plattform f\\u00fcr Standorte und Immobilien\",\"description\":\"Die\\u00a0Plattform f\\u00fcr Standorte und Immobilien\",\"inLanguage\":\"fr-FR\",\"publisher\":{\"@id\":\"https:\\\/\\\/www.immo-invest.ch\\\/fr\\\/#organization\"}}]}\n\t\t<\/script>\n\t\t<!-- All in One SEO -->\n\n","aioseo_head_json":{"title":"Innovation et mise en r\u00e9seau dans le secteur \u00e9lectrique suisse - immo!nvest - Die Plattform f\u00fcr Standorte und Immobilien","description":"Ineltec 2024 revient en tant que rendez-vous leader de la branche \u00e9lectrique suisse pour pr\u00e9senter les derni\u00e8res tendances et technologies les 11 et 12 septembre \u00e0 Messe Z\u00fcrich. Avec un format repens\u00e9 et une participation qui affiche presque complet, le salon devient un centre d'inspiration, d'\u00e9change et de transmission de connaissances.","canonical_url":"https:\/\/www.immo-invest.ch\/fr\/innovation-und-vernetzung-in-der-schweizer-elektrobranche\/","robots":"max-image-preview:large","keywords":"","webmasterTools":{"google-site-verification":"fHJKvgWpZCR2zVBHWfkQeFXC11qieUSff0HGNYfuyLA","miscellaneous":""},"schema":{"@context":"https:\/\/schema.org","@graph":[{"@type":"BlogPosting","@id":"https:\/\/www.immo-invest.ch\/fr\/innovation-und-vernetzung-in-der-schweizer-elektrobranche\/#blogposting","name":"Innovation et mise en r\u00e9seau dans le secteur \u00e9lectrique suisse - immo!nvest - Die Plattform f\u00fcr Standorte und Immobilien","headline":"Innovation et mise en r\u00e9seau dans le secteur \u00e9lectrique suisse","author":{"@id":"https:\/\/www.immo-invest.ch\/fr\/author\/immovestuser\/#author"},"publisher":{"@id":"https:\/\/www.immo-invest.ch\/fr\/#organization"},"image":{"@type":"ImageObject","url":"https:\/\/www.immo-invest.ch\/wp-content\/uploads\/2024\/05\/2024-05-21-15_09_58-Office-approx-21-x-14-cm-ineltec2017_SBA_02_019.jpg-1280\u00d7720-e1716297135693.png","width":1221,"height":610},"datePublished":"2024-05-21T15:24:02+02:00","dateModified":"2024-05-21T15:44:54+02:00","inLanguage":"fr-FR","mainEntityOfPage":{"@id":"https:\/\/www.immo-invest.ch\/fr\/innovation-und-vernetzung-in-der-schweizer-elektrobranche\/#webpage"},"isPartOf":{"@id":"https:\/\/www.immo-invest.ch\/fr\/innovation-und-vernetzung-in-der-schweizer-elektrobranche\/#webpage"},"articleSection":"Durabilit\u00e9, \u00c9nergie, Entreprise, immoNews, Mobilit\u00e9, Suisse, Austausch, E-Mobilit\u00e4t, Elektrobranche, Elektronik, Elektrotechnik, Energiebranche, Entwicklung, Geb\u00e4udeautomation, immobilien, immoNews, Messe, Plattform, Technologie, Trends, Wissensvermittlung, Facultatif"},{"@type":"BreadcrumbList","@id":"https:\/\/www.immo-invest.ch\/fr\/innovation-und-vernetzung-in-der-schweizer-elektrobranche\/#breadcrumblist","itemListElement":[{"@type":"ListItem","@id":"https:\/\/www.immo-invest.ch\/fr\/#listItem","position":1,"name":"Home","item":"https:\/\/www.immo-invest.ch\/fr\/","nextItem":{"@type":"ListItem","@id":"https:\/\/www.immo-invest.ch\/fr\/categories\/regions\/#listItem","name":"R\u00e9gions"}},{"@type":"ListItem","@id":"https:\/\/www.immo-invest.ch\/fr\/categories\/regions\/#listItem","position":2,"name":"R\u00e9gions","item":"https:\/\/www.immo-invest.ch\/fr\/categories\/regions\/","nextItem":{"@type":"ListItem","@id":"https:\/\/www.immo-invest.ch\/fr\/categories\/regions\/suisse\/#listItem","name":"Suisse"},"previousItem":{"@type":"ListItem","@id":"https:\/\/www.immo-invest.ch\/fr\/#listItem","name":"Home"}},{"@type":"ListItem","@id":"https:\/\/www.immo-invest.ch\/fr\/categories\/regions\/suisse\/#listItem","position":3,"name":"Suisse","item":"https:\/\/www.immo-invest.ch\/fr\/categories\/regions\/suisse\/","nextItem":{"@type":"ListItem","@id":"https:\/\/www.immo-invest.ch\/fr\/innovation-und-vernetzung-in-der-schweizer-elektrobranche\/#listItem","name":"Innovation et mise en r\u00e9seau dans le secteur \u00e9lectrique suisse"},"previousItem":{"@type":"ListItem","@id":"https:\/\/www.immo-invest.ch\/fr\/categories\/regions\/#listItem","name":"R\u00e9gions"}},{"@type":"ListItem","@id":"https:\/\/www.immo-invest.ch\/fr\/innovation-und-vernetzung-in-der-schweizer-elektrobranche\/#listItem","position":4,"name":"Innovation et mise en r\u00e9seau dans le secteur \u00e9lectrique suisse","previousItem":{"@type":"ListItem","@id":"https:\/\/www.immo-invest.ch\/fr\/categories\/regions\/suisse\/#listItem","name":"Suisse"}}]},{"@type":"Organization","@id":"https:\/\/www.immo-invest.ch\/fr\/#organization","name":"immo!nvest - Die Plattform f\u00fcr Standorte und Immobilien","description":"Die\u00a0Plattform f\u00fcr Standorte und Immobilien","url":"https:\/\/www.immo-invest.ch\/fr\/","email":"admin@immomedia.ag","telephone":"+41444420002","logo":{"@type":"ImageObject","url":"https:\/\/www.immo-invest.ch\/wp-content\/uploads\/2024\/09\/immoinvest_sm-scaled.jpg","@id":"https:\/\/www.immo-invest.ch\/fr\/innovation-und-vernetzung-in-der-schweizer-elektrobranche\/#organizationLogo","width":2560,"height":1340},"image":{"@id":"https:\/\/www.immo-invest.ch\/fr\/innovation-und-vernetzung-in-der-schweizer-elektrobranche\/#organizationLogo"},"sameAs":["https:\/\/www.facebook.com\/people\/Immoinvest\/100077962920504\/","https:\/\/x.com\/i\/flow\/login?redirect_after_login=immoinvest_ch","https:\/\/www.instagram.com\/immoinvest_ch\/","https:\/\/www.linkedin.com\/company\/immoinvest-swiss"]},{"@type":"Person","@id":"https:\/\/www.immo-invest.ch\/fr\/author\/immovestuser\/#author","url":"https:\/\/www.immo-invest.ch\/fr\/author\/immovestuser\/","name":"immovestuser","image":{"@type":"ImageObject","@id":"https:\/\/www.immo-invest.ch\/fr\/innovation-und-vernetzung-in-der-schweizer-elektrobranche\/#authorImage","url":"https:\/\/secure.gravatar.com\/avatar\/8e01f4d99f2eeea7a362ebb93305e1172a70e9293ba250f897a65c39f54cdd1e?s=96&d=mm&r=g","width":96,"height":96,"caption":"immovestuser"}},{"@type":"WebPage","@id":"https:\/\/www.immo-invest.ch\/fr\/innovation-und-vernetzung-in-der-schweizer-elektrobranche\/#webpage","url":"https:\/\/www.immo-invest.ch\/fr\/innovation-und-vernetzung-in-der-schweizer-elektrobranche\/","name":"Innovation et mise en r\u00e9seau dans le secteur \u00e9lectrique suisse - immo!nvest - Die Plattform f\u00fcr Standorte und Immobilien","description":"Ineltec 2024 revient en tant que rendez-vous leader de la branche \u00e9lectrique suisse pour pr\u00e9senter les derni\u00e8res tendances et technologies les 11 et 12 septembre \u00e0 Messe Z\u00fcrich. Avec un format repens\u00e9 et une participation qui affiche presque complet, le salon devient un centre d'inspiration, d'\u00e9change et de transmission de connaissances.","inLanguage":"fr-FR","isPartOf":{"@id":"https:\/\/www.immo-invest.ch\/fr\/#website"},"breadcrumb":{"@id":"https:\/\/www.immo-invest.ch\/fr\/innovation-und-vernetzung-in-der-schweizer-elektrobranche\/#breadcrumblist"},"author":{"@id":"https:\/\/www.immo-invest.ch\/fr\/author\/immovestuser\/#author"},"creator":{"@id":"https:\/\/www.immo-invest.ch\/fr\/author\/immovestuser\/#author"},"image":{"@type":"ImageObject","url":"https:\/\/www.immo-invest.ch\/wp-content\/uploads\/2024\/05\/2024-05-21-15_09_58-Office-approx-21-x-14-cm-ineltec2017_SBA_02_019.jpg-1280\u00d7720-e1716297135693.png","@id":"https:\/\/www.immo-invest.ch\/fr\/innovation-und-vernetzung-in-der-schweizer-elektrobranche\/#mainImage","width":1221,"height":610},"primaryImageOfPage":{"@id":"https:\/\/www.immo-invest.ch\/fr\/innovation-und-vernetzung-in-der-schweizer-elektrobranche\/#mainImage"},"datePublished":"2024-05-21T15:24:02+02:00","dateModified":"2024-05-21T15:44:54+02:00"},{"@type":"WebSite","@id":"https:\/\/www.immo-invest.ch\/fr\/#website","url":"https:\/\/www.immo-invest.ch\/fr\/","name":"immo!nvest - Die Plattform f\u00fcr Standorte und Immobilien","description":"Die\u00a0Plattform f\u00fcr Standorte und Immobilien","inLanguage":"fr-FR","publisher":{"@id":"https:\/\/www.immo-invest.ch\/fr\/#organization"}}]},"og:locale":"fr_FR","og:site_name":"immo!nvest - Die Plattform f\u00fcr Standorte und Immobilien - Die\u00a0Plattform f\u00fcr Standorte und Immobilien","og:type":"article","og:title":"Innovation et mise en r\u00e9seau dans le secteur \u00e9lectrique suisse - immo!nvest - Die Plattform f\u00fcr Standorte und Immobilien","og:description":"Ineltec 2024 revient en tant que rendez-vous leader de la branche \u00e9lectrique suisse pour pr\u00e9senter les derni\u00e8res tendances et technologies les 11 et 12 septembre \u00e0 Messe Z\u00fcrich. Avec un format repens\u00e9 et une participation qui affiche presque complet, le salon devient un centre d'inspiration, d'\u00e9change et de transmission de connaissances.","og:url":"https:\/\/www.immo-invest.ch\/fr\/innovation-und-vernetzung-in-der-schweizer-elektrobranche\/","og:image":"https:\/\/www.immo-invest.ch\/wp-content\/uploads\/2024\/05\/2024-05-21-15_09_58-Office-approx-21-x-14-cm-ineltec2017_SBA_02_019.jpg-1280\u00d7720-e1716297135693.png","og:image:secure_url":"https:\/\/www.immo-invest.ch\/wp-content\/uploads\/2024\/05\/2024-05-21-15_09_58-Office-approx-21-x-14-cm-ineltec2017_SBA_02_019.jpg-1280\u00d7720-e1716297135693.png","og:image:width":1221,"og:image:height":610,"article:published_time":"2024-05-21T13:24:02+00:00","article:modified_time":"2024-05-21T13:44:54+00:00","article:publisher":"https:\/\/www.facebook.com\/people\/Immoinvest\/100077962920504\/","twitter:card":"summary_large_image","twitter:site":"@i","twitter:title":"Innovation et mise en r\u00e9seau dans le secteur \u00e9lectrique suisse - immo!nvest - Die Plattform f\u00fcr Standorte und Immobilien","twitter:description":"Ineltec 2024 revient en tant que rendez-vous leader de la branche \u00e9lectrique suisse pour pr\u00e9senter les derni\u00e8res tendances et technologies les 11 et 12 septembre \u00e0 Messe Z\u00fcrich. Avec un format repens\u00e9 et une participation qui affiche presque complet, le salon devient un centre d'inspiration, d'\u00e9change et de transmission de connaissances.","twitter:creator":"@i","twitter:image":"https:\/\/www.immo-invest.ch\/wp-content\/uploads\/2024\/05\/2024-05-21-15_09_58-Office-approx-21-x-14-cm-ineltec2017_SBA_02_019.jpg-1280\u00d7720-e1716297135693.png"},"aioseo_meta_data":{"post_id":"93852","title":null,"description":null,"keywords":null,"keyphrases":null,"primary_term":null,"canonical_url":null,"og_title":null,"og_description":null,"og_object_type":"default","og_image_type":"default","og_image_url":null,"og_image_width":null,"og_image_height":null,"og_image_custom_url":null,"og_image_custom_fields":null,"og_video":null,"og_custom_url":null,"og_article_section":null,"og_article_tags":null,"twitter_use_og":false,"twitter_card":"default","twitter_image_type":"default","twitter_image_url":null,"twitter_image_custom_url":null,"twitter_image_custom_fields":null,"twitter_title":null,"twitter_description":null,"schema":{"blockGraphs":[],"customGraphs":[],"default":{"data":{"Article":[],"Course":[],"Dataset":[],"FAQPage":[],"Movie":[],"Person":[],"Product":[],"ProductReview":[],"Car":[],"Recipe":[],"Service":[],"SoftwareApplication":[],"WebPage":[]},"graphName":"","isEnabled":true},"graphs":[]},"schema_type":"default","schema_type_options":null,"pillar_content":false,"robots_default":true,"robots_noindex":false,"robots_noarchive":false,"robots_nosnippet":false,"robots_nofollow":false,"robots_noimageindex":false,"robots_noodp":false,"robots_notranslate":false,"robots_max_snippet":null,"robots_max_videopreview":null,"robots_max_imagepreview":"large","priority":null,"frequency":null,"local_seo":null,"breadcrumb_settings":null,"limit_modified_date":false,"ai":null,"created":"2024-09-20 20:14:05","updated":"2025-10-24 02:31:18","seo_analyzer_scan_date":null,"focus_keyword":null,"additional_keywords":null,"truseo_locale":null},"aioseo_breadcrumb":"<div class=\"aioseo-breadcrumbs\"><span class=\"aioseo-breadcrumb\">\n\t\t\t<a href=\"https:\/\/www.immo-invest.ch\/fr\/\" title=\"Home\">Home<\/a>\n\t\t<\/span><span class=\"aioseo-breadcrumb-separator\">&raquo;<\/span><span class=\"aioseo-breadcrumb\">\n\t\t\t<a href=\"https:\/\/www.immo-invest.ch\/fr\/categories\/regions\/\" title=\"R\u00e9gions\">R\u00e9gions<\/a>\n\t\t<\/span><span class=\"aioseo-breadcrumb-separator\">&raquo;<\/span><span class=\"aioseo-breadcrumb\">\n\t\t\t<a href=\"https:\/\/www.immo-invest.ch\/fr\/categories\/regions\/suisse\/\" title=\"Suisse\">Suisse<\/a>\n\t\t<\/span><span class=\"aioseo-breadcrumb-separator\">&raquo;<\/span><span class=\"aioseo-breadcrumb\">\n\t\t\tInnovation et mise en r\u00e9seau dans le secteur \u00e9lectrique suisse\n\t\t<\/span><\/div>","aioseo_breadcrumb_json":[{"label":"Home","link":"https:\/\/www.immo-invest.ch\/fr\/"},{"label":"R\u00e9gions","link":"https:\/\/www.immo-invest.ch\/fr\/categories\/regions\/"},{"label":"Suisse","link":"https:\/\/www.immo-invest.ch\/fr\/categories\/regions\/suisse\/"},{"label":"Innovation et mise en r\u00e9seau dans le secteur \u00e9lectrique suisse","link":"https:\/\/www.immo-invest.ch\/fr\/innovation-und-vernetzung-in-der-schweizer-elektrobranche\/"}],"featured_image_src":"https:\/\/www.immo-invest.ch\/wp-content\/uploads\/2024\/05\/2024-05-21-15_09_58-Office-approx-21-x-14-cm-ineltec2017_SBA_02_019.jpg-1280\u00d7720-336x168.png","_links":{"self":[{"href":"https:\/\/www.immo-invest.ch\/fr\/wp-json\/wp\/v2\/posts\/93852","targetHints":{"allow":["GET"]}}],"collection":[{"href":"https:\/\/www.immo-invest.ch\/fr\/wp-json\/wp\/v2\/posts"}],"about":[{"href":"https:\/\/www.immo-invest.ch\/fr\/wp-json\/wp\/v2\/types\/post"}],"author":[{"embeddable":true,"href":"https:\/\/www.immo-invest.ch\/fr\/wp-json\/wp\/v2\/users\/2"}],"replies":[{"embeddable":true,"href":"https:\/\/www.immo-invest.ch\/fr\/wp-json\/wp\/v2\/comments?post=93852"}],"version-history":[{"count":0,"href":"https:\/\/www.immo-invest.ch\/fr\/wp-json\/wp\/v2\/posts\/93852\/revisions"}],"wp:featuredmedia":[{"embeddable":true,"href":"https:\/\/www.immo-invest.ch\/fr\/wp-json\/wp\/v2\/media\/93828"}],"wp:attachment":[{"href":"https:\/\/www.immo-invest.ch\/fr\/wp-json\/wp\/v2\/media?parent=93852"}],"wp:term":[{"taxonomy":"category","embeddable":true,"href":"https:\/\/www.immo-invest.ch\/fr\/wp-json\/wp\/v2\/categories?post=93852"},{"taxonomy":"post_tag","embeddable":true,"href":"https:\/\/www.immo-invest.ch\/fr\/wp-json\/wp\/v2\/tags?post=93852"}],"curies":[{"name":"wp","href":"https:\/\/api.w.org\/{rel}","templated":true}]}}