{"id":93605,"date":"2024-05-21T12:21:47","date_gmt":"2024-05-21T10:21:47","guid":{"rendered":"https:\/\/www.immo-invest.ch\/eine-neue-vision-fuer-den-metropolitanraum-zuerich\/"},"modified":"2024-05-21T12:44:19","modified_gmt":"2024-05-21T10:44:19","slug":"eine-neue-vision-fuer-den-metropolitanraum-zuerich","status":"publish","type":"post","link":"https:\/\/www.immo-invest.ch\/fr\/eine-neue-vision-fuer-den-metropolitanraum-zuerich\/","title":{"rendered":"Une nouvelle vision pour l&rsquo;espace m\u00e9tropolitain de Zurich"},"content":{"rendered":"<p class=\"wp-block-paragraph\">L&rsquo;initiative Metro-ROK 2050 met en avant la n&eacute;cessit&eacute; d&rsquo;utiliser l&rsquo;espace urbain de mani&egrave;re judicieuse et durable afin d&rsquo;am&eacute;liorer la qualit&eacute; de vie et de pr&eacute;server l&rsquo;&eacute;quilibre &eacute;cologique. En se concentrant sur quatre espaces d&rsquo;action cl&eacute;s &ndash; le paysage urbain, le paysage de transition, le paysage culturel et le paysage naturel &ndash; le concept vise &agrave; promouvoir un d&eacute;veloppement &eacute;quilibr&eacute;. La protection des espaces verts et le d&eacute;veloppement interne de qualit&eacute; jouent en particulier un r&ocirc;le central. En limitant strictement l&rsquo;extension de l&rsquo;urbanisation jusqu&rsquo;en 2040 et en encourageant les projets de transformation de l&rsquo;existant qui tiennent compte du principe de cycle, il s&rsquo;agit de mettre en place un urbanisme respectueux de l&rsquo;environnement.<\/p>\n\n\n\n<p class=\"wp-block-paragraph\"><strong>Technologies innovantes et efficacit&eacute; &eacute;nerg&eacute;tique<br><\/strong>Un autre aspect important du Metro-ROK 2050 est l&rsquo;int&eacute;gration de technologies avanc&eacute;es et de m&eacute;thodes de construction &eacute;cologiques afin d&rsquo;am&eacute;liorer le bilan carbone de l&rsquo;espace m&eacute;tropolitain. Le concept souligne l&rsquo;importance des &eacute;nergies renouvelables et de l&rsquo;augmentation de l&rsquo;efficacit&eacute; &eacute;nerg&eacute;tique dans les b&acirc;timents afin de r&eacute;pondre aux d&eacute;fis du changement climatique. &Eacute;viter une plus grande imperm&eacute;abilisation des sols et utiliser les espaces verts pour lutter contre la chaleur dans les centres urbains sont &eacute;galement des mesures prioritaires.<\/p>\n\n\n\n<p class=\"wp-block-paragraph\"><strong>La mobilit&eacute; durable comme composante cl&eacute;<br><\/strong>En compl&eacute;ment, le projet de territoire met fortement l&rsquo;accent sur la promotion des transports publics et des solutions de mobilit&eacute; durable. L&rsquo;objectif d&rsquo;augmenter la part des transports publics d&rsquo;ici 2050 et de promouvoir des modes de d&eacute;placement respectueux de l&rsquo;environnement est essentiel pour r&eacute;duire l&rsquo;impact environnemental et am&eacute;liorer la qualit&eacute; de vie dans la r&eacute;gion. Les trajets courts et les moyens de transport &agrave; faibles &eacute;missions doivent contribuer &agrave; minimiser l&rsquo;empreinte &eacute;cologique.<\/p>\n\n\n\n<p class=\"wp-block-paragraph\"><strong>Coop&eacute;ration et planification tourn&eacute;e vers l&rsquo;avenir<br><\/strong>L&rsquo;initiative Metro-ROK 2050 refl&egrave;te l&rsquo;engagement des cantons participants et pose de nouveaux jalons en mati&egrave;re d&rsquo;am&eacute;nagement du territoire r&eacute;gional. Le concept actualis&eacute;, qui a &eacute;t&eacute; adopt&eacute; &agrave; l&rsquo;unanimit&eacute; par le conseil m&eacute;tropolitain le 3 novembre, sert de cadre directeur pour un d&eacute;veloppement durable et viable de l&rsquo;ensemble de l&rsquo;espace m&eacute;tropolitain de Zurich. En tenant compte de mani&egrave;re int&eacute;gr&eacute;e des facteurs &eacute;cologiques, &eacute;conomiques et sociaux, le concept vise &agrave; faire de l&rsquo;espace m&eacute;tropolitain un lieu durable o&ugrave; il fait bon vivre.<\/p>\n","protected":false},"excerpt":{"rendered":"<p>En novembre 2023, les planificateurs cantonaux* d&rsquo;Argovie, de Lucerne, de Schaffhouse, de Schwyz, de Saint-Gall, de Thurgovie, de Zoug et de Zurich ont pr\u00e9sent\u00e9 le concept innovant d&rsquo;am\u00e9nagement du territoire Metro-ROK 2050. Ce concept pose les jalons d&rsquo;un d\u00e9veloppement durable de l&rsquo;espace m\u00e9tropolitain zurichois afin d&rsquo;aborder efficacement les d\u00e9fis de l&rsquo;urbanisation et de la protection de l&rsquo;environnement.<\/p>\n","protected":false},"author":2,"featured_media":93582,"comment_status":"open","ping_status":"open","sticky":false,"template":"","format":"standard","meta":{"pmpro_default_level":"0","inline_featured_image":false,"_monsterinsights_skip_tracking":false,"footnotes":""},"categories":[22699,22696,743,22703,4957],"tags":[1818,22073,848,3931,42421,3656,2093,7187],"class_list":["post-93605","post","type-post","status-publish","format-standard","has-post-thumbnail","hentry","category-durabilite","category-entreprise","category-immonews-fr","category-mobilite","category-region-zurich","tag-entwicklung-fr","tag-herausforderungen-fr","tag-immobilien-fr","tag-immonews-fr","tag-metropolitanraum-fr","tag-planung-fr","tag-umweltschutz-fr","tag-urbanisierung-fr","pmpro-has-access"],"acf":{"bild_mit_ki_erstellt_worden":[],"lead":"En novembre 2023, les planificateurs cantonaux* d'Argovie, de Lucerne, de Schaffhouse, de Schwyz, de Saint-Gall, de Thurgovie, de Zoug et de Zurich ont pr\u00e9sent\u00e9 le concept innovant d'am\u00e9nagement du territoire Metro-ROK 2050. Ce concept pose les jalons d'un d\u00e9veloppement durable de l'espace m\u00e9tropolitain zurichois afin d'aborder efficacement les d\u00e9fis de l'urbanisation et de la protection de l'environnement.","autor":"Quelle: Metropolitanraum Z\u00fcrich","ort":"","bildunterschrift":"","bild_im_grid":false,"gallerie":"","newsim":""},"aioseo_notices":[],"aioseo_head":"\n\t\t<!-- All in One SEO 5.0.1.1 - aioseo.com -->\n\t<meta name=\"description\" content=\"En novembre 2023, les planificateurs cantonaux* d&#039;Argovie, de Lucerne, de Schaffhouse, de Schwyz, de Saint-Gall, de Thurgovie, de Zoug et de Zurich ont pr\u00e9sent\u00e9 le concept innovant d&#039;am\u00e9nagement du territoire Metro-ROK 2050. Ce concept pose les jalons d&#039;un d\u00e9veloppement durable de l&#039;espace m\u00e9tropolitain zurichois afin d&#039;aborder efficacement les d\u00e9fis de l&#039;urbanisation et de la protection de l&#039;environnement.\" \/>\n\t<meta name=\"robots\" content=\"max-image-preview:large\" \/>\n\t<meta name=\"author\" content=\"immovestuser\"\/>\n\t<meta name=\"google-site-verification\" content=\"fHJKvgWpZCR2zVBHWfkQeFXC11qieUSff0HGNYfuyLA\" \/>\n\t<link rel=\"canonical\" href=\"https:\/\/www.immo-invest.ch\/fr\/eine-neue-vision-fuer-den-metropolitanraum-zuerich\/\" \/>\n\t<meta name=\"generator\" content=\"All in One SEO (AIOSEO) 5.0.1.1\" \/>\n\t\t<meta property=\"og:locale\" content=\"fr_FR\" \/>\n\t\t<meta property=\"og:site_name\" content=\"immo!nvest - Die Plattform f\u00fcr Standorte und Immobilien - Die\u00a0Plattform f\u00fcr Standorte und Immobilien\" \/>\n\t\t<meta property=\"og:type\" content=\"article\" \/>\n\t\t<meta property=\"og:title\" content=\"Une nouvelle vision pour l\u2019espace m\u00e9tropolitain de Zurich - immo!nvest - Die Plattform f\u00fcr Standorte und Immobilien\" \/>\n\t\t<meta property=\"og:description\" content=\"En novembre 2023, les planificateurs cantonaux* d&#039;Argovie, de Lucerne, de Schaffhouse, de Schwyz, de Saint-Gall, de Thurgovie, de Zoug et de Zurich ont pr\u00e9sent\u00e9 le concept innovant d&#039;am\u00e9nagement du territoire Metro-ROK 2050. Ce concept pose les jalons d&#039;un d\u00e9veloppement durable de l&#039;espace m\u00e9tropolitain zurichois afin d&#039;aborder efficacement les d\u00e9fis de l&#039;urbanisation et de la protection de l&#039;environnement.\" \/>\n\t\t<meta property=\"og:url\" content=\"https:\/\/www.immo-invest.ch\/fr\/eine-neue-vision-fuer-den-metropolitanraum-zuerich\/\" \/>\n\t\t<meta property=\"og:image\" content=\"https:\/\/www.immo-invest.ch\/wp-content\/uploads\/2024\/05\/Metro-Rok_Banner_240304-1920x474-1-e1716286159561.jpg\" \/>\n\t\t<meta property=\"og:image:secure_url\" content=\"https:\/\/www.immo-invest.ch\/wp-content\/uploads\/2024\/05\/Metro-Rok_Banner_240304-1920x474-1-e1716286159561.jpg\" \/>\n\t\t<meta property=\"og:image:width\" content=\"950\" \/>\n\t\t<meta property=\"og:image:height\" content=\"474\" \/>\n\t\t<meta property=\"article:published_time\" content=\"2024-05-21T10:21:47+00:00\" \/>\n\t\t<meta property=\"article:modified_time\" content=\"2024-05-21T10:44:19+00:00\" \/>\n\t\t<meta property=\"article:publisher\" content=\"https:\/\/www.facebook.com\/people\/Immoinvest\/100077962920504\/\" \/>\n\t\t<meta name=\"twitter:card\" content=\"summary_large_image\" \/>\n\t\t<meta name=\"twitter:site\" content=\"@i\" \/>\n\t\t<meta name=\"twitter:title\" content=\"Une nouvelle vision pour l\u2019espace m\u00e9tropolitain de Zurich - immo!nvest - Die Plattform f\u00fcr Standorte und Immobilien\" \/>\n\t\t<meta name=\"twitter:description\" content=\"En novembre 2023, les planificateurs cantonaux* d&#039;Argovie, de Lucerne, de Schaffhouse, de Schwyz, de Saint-Gall, de Thurgovie, de Zoug et de Zurich ont pr\u00e9sent\u00e9 le concept innovant d&#039;am\u00e9nagement du territoire Metro-ROK 2050. Ce concept pose les jalons d&#039;un d\u00e9veloppement durable de l&#039;espace m\u00e9tropolitain zurichois afin d&#039;aborder efficacement les d\u00e9fis de l&#039;urbanisation et de la protection de l&#039;environnement.\" \/>\n\t\t<meta name=\"twitter:creator\" content=\"@i\" \/>\n\t\t<meta name=\"twitter:image\" content=\"https:\/\/www.immo-invest.ch\/wp-content\/uploads\/2024\/05\/Metro-Rok_Banner_240304-1920x474-1-e1716286159561.jpg\" \/>\n\t\t<script type=\"application\/ld+json\" class=\"aioseo-schema\">\n\t\t\t{\"@context\":\"https:\\\/\\\/schema.org\",\"@graph\":[{\"@type\":\"BlogPosting\",\"@id\":\"https:\\\/\\\/www.immo-invest.ch\\\/fr\\\/eine-neue-vision-fuer-den-metropolitanraum-zuerich\\\/#blogposting\",\"name\":\"Une nouvelle vision pour l\\u2019espace m\\u00e9tropolitain de Zurich - immo!nvest - Die Plattform f\\u00fcr Standorte und Immobilien\",\"headline\":\"Une nouvelle vision pour l&rsquo;espace m\\u00e9tropolitain de Zurich\",\"author\":{\"@id\":\"https:\\\/\\\/www.immo-invest.ch\\\/fr\\\/author\\\/immovestuser\\\/#author\"},\"publisher\":{\"@id\":\"https:\\\/\\\/www.immo-invest.ch\\\/fr\\\/#organization\"},\"image\":{\"@type\":\"ImageObject\",\"url\":\"https:\\\/\\\/www.immo-invest.ch\\\/wp-content\\\/uploads\\\/2024\\\/05\\\/Metro-Rok_Banner_240304-1920x474-1-e1716286159561.jpg\",\"width\":950,\"height\":474},\"datePublished\":\"2024-05-21T12:21:47+02:00\",\"dateModified\":\"2024-05-21T12:44:19+02:00\",\"inLanguage\":\"fr-FR\",\"mainEntityOfPage\":{\"@id\":\"https:\\\/\\\/www.immo-invest.ch\\\/fr\\\/eine-neue-vision-fuer-den-metropolitanraum-zuerich\\\/#webpage\"},\"isPartOf\":{\"@id\":\"https:\\\/\\\/www.immo-invest.ch\\\/fr\\\/eine-neue-vision-fuer-den-metropolitanraum-zuerich\\\/#webpage\"},\"articleSection\":\"Durabilit\\u00e9, Entreprise, immoNews, Mobilit\\u00e9, Zurich, Entwicklung, Herausforderungen, immobilien, immoNews, Metropolitanraum, Planung, Umweltschutz, Urbanisierung, Facultatif\"},{\"@type\":\"BreadcrumbList\",\"@id\":\"https:\\\/\\\/www.immo-invest.ch\\\/fr\\\/eine-neue-vision-fuer-den-metropolitanraum-zuerich\\\/#breadcrumblist\",\"itemListElement\":[{\"@type\":\"ListItem\",\"@id\":\"https:\\\/\\\/www.immo-invest.ch\\\/fr\\\/#listItem\",\"position\":1,\"name\":\"Home\",\"item\":\"https:\\\/\\\/www.immo-invest.ch\\\/fr\\\/\",\"nextItem\":{\"@type\":\"ListItem\",\"@id\":\"https:\\\/\\\/www.immo-invest.ch\\\/fr\\\/categories\\\/regions\\\/#listItem\",\"name\":\"R\\u00e9gions\"}},{\"@type\":\"ListItem\",\"@id\":\"https:\\\/\\\/www.immo-invest.ch\\\/fr\\\/categories\\\/regions\\\/#listItem\",\"position\":2,\"name\":\"R\\u00e9gions\",\"item\":\"https:\\\/\\\/www.immo-invest.ch\\\/fr\\\/categories\\\/regions\\\/\",\"nextItem\":{\"@type\":\"ListItem\",\"@id\":\"https:\\\/\\\/www.immo-invest.ch\\\/fr\\\/categories\\\/regions\\\/suisse\\\/#listItem\",\"name\":\"Suisse\"},\"previousItem\":{\"@type\":\"ListItem\",\"@id\":\"https:\\\/\\\/www.immo-invest.ch\\\/fr\\\/#listItem\",\"name\":\"Home\"}},{\"@type\":\"ListItem\",\"@id\":\"https:\\\/\\\/www.immo-invest.ch\\\/fr\\\/categories\\\/regions\\\/suisse\\\/#listItem\",\"position\":3,\"name\":\"Suisse\",\"item\":\"https:\\\/\\\/www.immo-invest.ch\\\/fr\\\/categories\\\/regions\\\/suisse\\\/\",\"nextItem\":{\"@type\":\"ListItem\",\"@id\":\"https:\\\/\\\/www.immo-invest.ch\\\/fr\\\/categories\\\/regions\\\/suisse\\\/region-zurich\\\/#listItem\",\"name\":\"Zurich\"},\"previousItem\":{\"@type\":\"ListItem\",\"@id\":\"https:\\\/\\\/www.immo-invest.ch\\\/fr\\\/categories\\\/regions\\\/#listItem\",\"name\":\"R\\u00e9gions\"}},{\"@type\":\"ListItem\",\"@id\":\"https:\\\/\\\/www.immo-invest.ch\\\/fr\\\/categories\\\/regions\\\/suisse\\\/region-zurich\\\/#listItem\",\"position\":4,\"name\":\"Zurich\",\"item\":\"https:\\\/\\\/www.immo-invest.ch\\\/fr\\\/categories\\\/regions\\\/suisse\\\/region-zurich\\\/\",\"nextItem\":{\"@type\":\"ListItem\",\"@id\":\"https:\\\/\\\/www.immo-invest.ch\\\/fr\\\/eine-neue-vision-fuer-den-metropolitanraum-zuerich\\\/#listItem\",\"name\":\"Une nouvelle vision pour l&rsquo;espace m\\u00e9tropolitain de Zurich\"},\"previousItem\":{\"@type\":\"ListItem\",\"@id\":\"https:\\\/\\\/www.immo-invest.ch\\\/fr\\\/categories\\\/regions\\\/suisse\\\/#listItem\",\"name\":\"Suisse\"}},{\"@type\":\"ListItem\",\"@id\":\"https:\\\/\\\/www.immo-invest.ch\\\/fr\\\/eine-neue-vision-fuer-den-metropolitanraum-zuerich\\\/#listItem\",\"position\":5,\"name\":\"Une nouvelle vision pour l&rsquo;espace m\\u00e9tropolitain de Zurich\",\"previousItem\":{\"@type\":\"ListItem\",\"@id\":\"https:\\\/\\\/www.immo-invest.ch\\\/fr\\\/categories\\\/regions\\\/suisse\\\/region-zurich\\\/#listItem\",\"name\":\"Zurich\"}}]},{\"@type\":\"Organization\",\"@id\":\"https:\\\/\\\/www.immo-invest.ch\\\/fr\\\/#organization\",\"name\":\"immo!nvest - Die Plattform f\\u00fcr Standorte und Immobilien\",\"description\":\"Die\\u00a0Plattform f\\u00fcr Standorte und Immobilien\",\"url\":\"https:\\\/\\\/www.immo-invest.ch\\\/fr\\\/\",\"email\":\"admin@immomedia.ag\",\"telephone\":\"+41444420002\",\"logo\":{\"@type\":\"ImageObject\",\"url\":\"https:\\\/\\\/www.immo-invest.ch\\\/wp-content\\\/uploads\\\/2024\\\/09\\\/immoinvest_sm-scaled.jpg\",\"@id\":\"https:\\\/\\\/www.immo-invest.ch\\\/fr\\\/eine-neue-vision-fuer-den-metropolitanraum-zuerich\\\/#organizationLogo\",\"width\":2560,\"height\":1340},\"image\":{\"@id\":\"https:\\\/\\\/www.immo-invest.ch\\\/fr\\\/eine-neue-vision-fuer-den-metropolitanraum-zuerich\\\/#organizationLogo\"},\"sameAs\":[\"https:\\\/\\\/www.facebook.com\\\/people\\\/Immoinvest\\\/100077962920504\\\/\",\"https:\\\/\\\/x.com\\\/i\\\/flow\\\/login?redirect_after_login=immoinvest_ch\",\"https:\\\/\\\/www.instagram.com\\\/immoinvest_ch\\\/\",\"https:\\\/\\\/www.linkedin.com\\\/company\\\/immoinvest-swiss\"]},{\"@type\":\"Person\",\"@id\":\"https:\\\/\\\/www.immo-invest.ch\\\/fr\\\/author\\\/immovestuser\\\/#author\",\"url\":\"https:\\\/\\\/www.immo-invest.ch\\\/fr\\\/author\\\/immovestuser\\\/\",\"name\":\"immovestuser\",\"image\":{\"@type\":\"ImageObject\",\"@id\":\"https:\\\/\\\/www.immo-invest.ch\\\/fr\\\/eine-neue-vision-fuer-den-metropolitanraum-zuerich\\\/#authorImage\",\"url\":\"https:\\\/\\\/secure.gravatar.com\\\/avatar\\\/8e01f4d99f2eeea7a362ebb93305e1172a70e9293ba250f897a65c39f54cdd1e?s=96&d=mm&r=g\",\"width\":96,\"height\":96,\"caption\":\"immovestuser\"}},{\"@type\":\"WebPage\",\"@id\":\"https:\\\/\\\/www.immo-invest.ch\\\/fr\\\/eine-neue-vision-fuer-den-metropolitanraum-zuerich\\\/#webpage\",\"url\":\"https:\\\/\\\/www.immo-invest.ch\\\/fr\\\/eine-neue-vision-fuer-den-metropolitanraum-zuerich\\\/\",\"name\":\"Une nouvelle vision pour l\\u2019espace m\\u00e9tropolitain de Zurich - immo!nvest - Die Plattform f\\u00fcr Standorte und Immobilien\",\"description\":\"En novembre 2023, les planificateurs cantonaux* d'Argovie, de Lucerne, de Schaffhouse, de Schwyz, de Saint-Gall, de Thurgovie, de Zoug et de Zurich ont pr\\u00e9sent\\u00e9 le concept innovant d'am\\u00e9nagement du territoire Metro-ROK 2050. Ce concept pose les jalons d'un d\\u00e9veloppement durable de l'espace m\\u00e9tropolitain zurichois afin d'aborder efficacement les d\\u00e9fis de l'urbanisation et de la protection de l'environnement.\",\"inLanguage\":\"fr-FR\",\"isPartOf\":{\"@id\":\"https:\\\/\\\/www.immo-invest.ch\\\/fr\\\/#website\"},\"breadcrumb\":{\"@id\":\"https:\\\/\\\/www.immo-invest.ch\\\/fr\\\/eine-neue-vision-fuer-den-metropolitanraum-zuerich\\\/#breadcrumblist\"},\"author\":{\"@id\":\"https:\\\/\\\/www.immo-invest.ch\\\/fr\\\/author\\\/immovestuser\\\/#author\"},\"creator\":{\"@id\":\"https:\\\/\\\/www.immo-invest.ch\\\/fr\\\/author\\\/immovestuser\\\/#author\"},\"image\":{\"@type\":\"ImageObject\",\"url\":\"https:\\\/\\\/www.immo-invest.ch\\\/wp-content\\\/uploads\\\/2024\\\/05\\\/Metro-Rok_Banner_240304-1920x474-1-e1716286159561.jpg\",\"@id\":\"https:\\\/\\\/www.immo-invest.ch\\\/fr\\\/eine-neue-vision-fuer-den-metropolitanraum-zuerich\\\/#mainImage\",\"width\":950,\"height\":474},\"primaryImageOfPage\":{\"@id\":\"https:\\\/\\\/www.immo-invest.ch\\\/fr\\\/eine-neue-vision-fuer-den-metropolitanraum-zuerich\\\/#mainImage\"},\"datePublished\":\"2024-05-21T12:21:47+02:00\",\"dateModified\":\"2024-05-21T12:44:19+02:00\"},{\"@type\":\"WebSite\",\"@id\":\"https:\\\/\\\/www.immo-invest.ch\\\/fr\\\/#website\",\"url\":\"https:\\\/\\\/www.immo-invest.ch\\\/fr\\\/\",\"name\":\"immo!nvest - Die Plattform f\\u00fcr Standorte und Immobilien\",\"description\":\"Die\\u00a0Plattform f\\u00fcr Standorte und Immobilien\",\"inLanguage\":\"fr-FR\",\"publisher\":{\"@id\":\"https:\\\/\\\/www.immo-invest.ch\\\/fr\\\/#organization\"}}]}\n\t\t<\/script>\n\t\t<!-- All in One SEO -->\n\n","aioseo_head_json":{"title":"Une nouvelle vision pour l\u2019espace m\u00e9tropolitain de Zurich - immo!nvest - Die Plattform f\u00fcr Standorte und Immobilien","description":"En novembre 2023, les planificateurs cantonaux* d'Argovie, de Lucerne, de Schaffhouse, de Schwyz, de Saint-Gall, de Thurgovie, de Zoug et de Zurich ont pr\u00e9sent\u00e9 le concept innovant d'am\u00e9nagement du territoire Metro-ROK 2050. Ce concept pose les jalons d'un d\u00e9veloppement durable de l'espace m\u00e9tropolitain zurichois afin d'aborder efficacement les d\u00e9fis de l'urbanisation et de la protection de l'environnement.","canonical_url":"https:\/\/www.immo-invest.ch\/fr\/eine-neue-vision-fuer-den-metropolitanraum-zuerich\/","robots":"max-image-preview:large","keywords":"","webmasterTools":{"google-site-verification":"fHJKvgWpZCR2zVBHWfkQeFXC11qieUSff0HGNYfuyLA","miscellaneous":""},"schema":{"@context":"https:\/\/schema.org","@graph":[{"@type":"BlogPosting","@id":"https:\/\/www.immo-invest.ch\/fr\/eine-neue-vision-fuer-den-metropolitanraum-zuerich\/#blogposting","name":"Une nouvelle vision pour l\u2019espace m\u00e9tropolitain de Zurich - immo!nvest - Die Plattform f\u00fcr Standorte und Immobilien","headline":"Une nouvelle vision pour l&rsquo;espace m\u00e9tropolitain de Zurich","author":{"@id":"https:\/\/www.immo-invest.ch\/fr\/author\/immovestuser\/#author"},"publisher":{"@id":"https:\/\/www.immo-invest.ch\/fr\/#organization"},"image":{"@type":"ImageObject","url":"https:\/\/www.immo-invest.ch\/wp-content\/uploads\/2024\/05\/Metro-Rok_Banner_240304-1920x474-1-e1716286159561.jpg","width":950,"height":474},"datePublished":"2024-05-21T12:21:47+02:00","dateModified":"2024-05-21T12:44:19+02:00","inLanguage":"fr-FR","mainEntityOfPage":{"@id":"https:\/\/www.immo-invest.ch\/fr\/eine-neue-vision-fuer-den-metropolitanraum-zuerich\/#webpage"},"isPartOf":{"@id":"https:\/\/www.immo-invest.ch\/fr\/eine-neue-vision-fuer-den-metropolitanraum-zuerich\/#webpage"},"articleSection":"Durabilit\u00e9, Entreprise, immoNews, Mobilit\u00e9, Zurich, Entwicklung, Herausforderungen, immobilien, immoNews, Metropolitanraum, Planung, Umweltschutz, Urbanisierung, Facultatif"},{"@type":"BreadcrumbList","@id":"https:\/\/www.immo-invest.ch\/fr\/eine-neue-vision-fuer-den-metropolitanraum-zuerich\/#breadcrumblist","itemListElement":[{"@type":"ListItem","@id":"https:\/\/www.immo-invest.ch\/fr\/#listItem","position":1,"name":"Home","item":"https:\/\/www.immo-invest.ch\/fr\/","nextItem":{"@type":"ListItem","@id":"https:\/\/www.immo-invest.ch\/fr\/categories\/regions\/#listItem","name":"R\u00e9gions"}},{"@type":"ListItem","@id":"https:\/\/www.immo-invest.ch\/fr\/categories\/regions\/#listItem","position":2,"name":"R\u00e9gions","item":"https:\/\/www.immo-invest.ch\/fr\/categories\/regions\/","nextItem":{"@type":"ListItem","@id":"https:\/\/www.immo-invest.ch\/fr\/categories\/regions\/suisse\/#listItem","name":"Suisse"},"previousItem":{"@type":"ListItem","@id":"https:\/\/www.immo-invest.ch\/fr\/#listItem","name":"Home"}},{"@type":"ListItem","@id":"https:\/\/www.immo-invest.ch\/fr\/categories\/regions\/suisse\/#listItem","position":3,"name":"Suisse","item":"https:\/\/www.immo-invest.ch\/fr\/categories\/regions\/suisse\/","nextItem":{"@type":"ListItem","@id":"https:\/\/www.immo-invest.ch\/fr\/categories\/regions\/suisse\/region-zurich\/#listItem","name":"Zurich"},"previousItem":{"@type":"ListItem","@id":"https:\/\/www.immo-invest.ch\/fr\/categories\/regions\/#listItem","name":"R\u00e9gions"}},{"@type":"ListItem","@id":"https:\/\/www.immo-invest.ch\/fr\/categories\/regions\/suisse\/region-zurich\/#listItem","position":4,"name":"Zurich","item":"https:\/\/www.immo-invest.ch\/fr\/categories\/regions\/suisse\/region-zurich\/","nextItem":{"@type":"ListItem","@id":"https:\/\/www.immo-invest.ch\/fr\/eine-neue-vision-fuer-den-metropolitanraum-zuerich\/#listItem","name":"Une nouvelle vision pour l&rsquo;espace m\u00e9tropolitain de Zurich"},"previousItem":{"@type":"ListItem","@id":"https:\/\/www.immo-invest.ch\/fr\/categories\/regions\/suisse\/#listItem","name":"Suisse"}},{"@type":"ListItem","@id":"https:\/\/www.immo-invest.ch\/fr\/eine-neue-vision-fuer-den-metropolitanraum-zuerich\/#listItem","position":5,"name":"Une nouvelle vision pour l&rsquo;espace m\u00e9tropolitain de Zurich","previousItem":{"@type":"ListItem","@id":"https:\/\/www.immo-invest.ch\/fr\/categories\/regions\/suisse\/region-zurich\/#listItem","name":"Zurich"}}]},{"@type":"Organization","@id":"https:\/\/www.immo-invest.ch\/fr\/#organization","name":"immo!nvest - Die Plattform f\u00fcr Standorte und Immobilien","description":"Die\u00a0Plattform f\u00fcr Standorte und Immobilien","url":"https:\/\/www.immo-invest.ch\/fr\/","email":"admin@immomedia.ag","telephone":"+41444420002","logo":{"@type":"ImageObject","url":"https:\/\/www.immo-invest.ch\/wp-content\/uploads\/2024\/09\/immoinvest_sm-scaled.jpg","@id":"https:\/\/www.immo-invest.ch\/fr\/eine-neue-vision-fuer-den-metropolitanraum-zuerich\/#organizationLogo","width":2560,"height":1340},"image":{"@id":"https:\/\/www.immo-invest.ch\/fr\/eine-neue-vision-fuer-den-metropolitanraum-zuerich\/#organizationLogo"},"sameAs":["https:\/\/www.facebook.com\/people\/Immoinvest\/100077962920504\/","https:\/\/x.com\/i\/flow\/login?redirect_after_login=immoinvest_ch","https:\/\/www.instagram.com\/immoinvest_ch\/","https:\/\/www.linkedin.com\/company\/immoinvest-swiss"]},{"@type":"Person","@id":"https:\/\/www.immo-invest.ch\/fr\/author\/immovestuser\/#author","url":"https:\/\/www.immo-invest.ch\/fr\/author\/immovestuser\/","name":"immovestuser","image":{"@type":"ImageObject","@id":"https:\/\/www.immo-invest.ch\/fr\/eine-neue-vision-fuer-den-metropolitanraum-zuerich\/#authorImage","url":"https:\/\/secure.gravatar.com\/avatar\/8e01f4d99f2eeea7a362ebb93305e1172a70e9293ba250f897a65c39f54cdd1e?s=96&d=mm&r=g","width":96,"height":96,"caption":"immovestuser"}},{"@type":"WebPage","@id":"https:\/\/www.immo-invest.ch\/fr\/eine-neue-vision-fuer-den-metropolitanraum-zuerich\/#webpage","url":"https:\/\/www.immo-invest.ch\/fr\/eine-neue-vision-fuer-den-metropolitanraum-zuerich\/","name":"Une nouvelle vision pour l\u2019espace m\u00e9tropolitain de Zurich - immo!nvest - Die Plattform f\u00fcr Standorte und Immobilien","description":"En novembre 2023, les planificateurs cantonaux* d'Argovie, de Lucerne, de Schaffhouse, de Schwyz, de Saint-Gall, de Thurgovie, de Zoug et de Zurich ont pr\u00e9sent\u00e9 le concept innovant d'am\u00e9nagement du territoire Metro-ROK 2050. Ce concept pose les jalons d'un d\u00e9veloppement durable de l'espace m\u00e9tropolitain zurichois afin d'aborder efficacement les d\u00e9fis de l'urbanisation et de la protection de l'environnement.","inLanguage":"fr-FR","isPartOf":{"@id":"https:\/\/www.immo-invest.ch\/fr\/#website"},"breadcrumb":{"@id":"https:\/\/www.immo-invest.ch\/fr\/eine-neue-vision-fuer-den-metropolitanraum-zuerich\/#breadcrumblist"},"author":{"@id":"https:\/\/www.immo-invest.ch\/fr\/author\/immovestuser\/#author"},"creator":{"@id":"https:\/\/www.immo-invest.ch\/fr\/author\/immovestuser\/#author"},"image":{"@type":"ImageObject","url":"https:\/\/www.immo-invest.ch\/wp-content\/uploads\/2024\/05\/Metro-Rok_Banner_240304-1920x474-1-e1716286159561.jpg","@id":"https:\/\/www.immo-invest.ch\/fr\/eine-neue-vision-fuer-den-metropolitanraum-zuerich\/#mainImage","width":950,"height":474},"primaryImageOfPage":{"@id":"https:\/\/www.immo-invest.ch\/fr\/eine-neue-vision-fuer-den-metropolitanraum-zuerich\/#mainImage"},"datePublished":"2024-05-21T12:21:47+02:00","dateModified":"2024-05-21T12:44:19+02:00"},{"@type":"WebSite","@id":"https:\/\/www.immo-invest.ch\/fr\/#website","url":"https:\/\/www.immo-invest.ch\/fr\/","name":"immo!nvest - Die Plattform f\u00fcr Standorte und Immobilien","description":"Die\u00a0Plattform f\u00fcr Standorte und Immobilien","inLanguage":"fr-FR","publisher":{"@id":"https:\/\/www.immo-invest.ch\/fr\/#organization"}}]},"og:locale":"fr_FR","og:site_name":"immo!nvest - Die Plattform f\u00fcr Standorte und Immobilien - Die\u00a0Plattform f\u00fcr Standorte und Immobilien","og:type":"article","og:title":"Une nouvelle vision pour l\u2019espace m\u00e9tropolitain de Zurich - immo!nvest - Die Plattform f\u00fcr Standorte und Immobilien","og:description":"En novembre 2023, les planificateurs cantonaux* d'Argovie, de Lucerne, de Schaffhouse, de Schwyz, de Saint-Gall, de Thurgovie, de Zoug et de Zurich ont pr\u00e9sent\u00e9 le concept innovant d'am\u00e9nagement du territoire Metro-ROK 2050. Ce concept pose les jalons d'un d\u00e9veloppement durable de l'espace m\u00e9tropolitain zurichois afin d'aborder efficacement les d\u00e9fis de l'urbanisation et de la protection de l'environnement.","og:url":"https:\/\/www.immo-invest.ch\/fr\/eine-neue-vision-fuer-den-metropolitanraum-zuerich\/","og:image":"https:\/\/www.immo-invest.ch\/wp-content\/uploads\/2024\/05\/Metro-Rok_Banner_240304-1920x474-1-e1716286159561.jpg","og:image:secure_url":"https:\/\/www.immo-invest.ch\/wp-content\/uploads\/2024\/05\/Metro-Rok_Banner_240304-1920x474-1-e1716286159561.jpg","og:image:width":950,"og:image:height":474,"article:published_time":"2024-05-21T10:21:47+00:00","article:modified_time":"2024-05-21T10:44:19+00:00","article:publisher":"https:\/\/www.facebook.com\/people\/Immoinvest\/100077962920504\/","twitter:card":"summary_large_image","twitter:site":"@i","twitter:title":"Une nouvelle vision pour l\u2019espace m\u00e9tropolitain de Zurich - immo!nvest - Die Plattform f\u00fcr Standorte und Immobilien","twitter:description":"En novembre 2023, les planificateurs cantonaux* d'Argovie, de Lucerne, de Schaffhouse, de Schwyz, de Saint-Gall, de Thurgovie, de Zoug et de Zurich ont pr\u00e9sent\u00e9 le concept innovant d'am\u00e9nagement du territoire Metro-ROK 2050. Ce concept pose les jalons d'un d\u00e9veloppement durable de l'espace m\u00e9tropolitain zurichois afin d'aborder efficacement les d\u00e9fis de l'urbanisation et de la protection de l'environnement.","twitter:creator":"@i","twitter:image":"https:\/\/www.immo-invest.ch\/wp-content\/uploads\/2024\/05\/Metro-Rok_Banner_240304-1920x474-1-e1716286159561.jpg"},"aioseo_meta_data":{"post_id":"93605","title":null,"description":null,"keywords":null,"keyphrases":null,"primary_term":null,"canonical_url":null,"og_title":null,"og_description":null,"og_object_type":"default","og_image_type":"default","og_image_url":null,"og_image_width":null,"og_image_height":null,"og_image_custom_url":null,"og_image_custom_fields":null,"og_video":null,"og_custom_url":null,"og_article_section":null,"og_article_tags":null,"twitter_use_og":false,"twitter_card":"default","twitter_image_type":"default","twitter_image_url":null,"twitter_image_custom_url":null,"twitter_image_custom_fields":null,"twitter_title":null,"twitter_description":null,"schema":{"blockGraphs":[],"customGraphs":[],"default":{"data":{"Article":[],"Course":[],"Dataset":[],"FAQPage":[],"Movie":[],"Person":[],"Product":[],"ProductReview":[],"Car":[],"Recipe":[],"Service":[],"SoftwareApplication":[],"WebPage":[]},"graphName":"","isEnabled":true},"graphs":[]},"schema_type":"default","schema_type_options":null,"pillar_content":false,"robots_default":true,"robots_noindex":false,"robots_noarchive":false,"robots_nosnippet":false,"robots_nofollow":false,"robots_noimageindex":false,"robots_noodp":false,"robots_notranslate":false,"robots_max_snippet":null,"robots_max_videopreview":null,"robots_max_imagepreview":"large","priority":null,"frequency":null,"local_seo":null,"breadcrumb_settings":null,"limit_modified_date":false,"ai":null,"created":"2024-09-20 20:11:04","updated":"2025-10-24 02:29:16","seo_analyzer_scan_date":null,"focus_keyword":null,"additional_keywords":null,"truseo_locale":null},"aioseo_breadcrumb":"<div class=\"aioseo-breadcrumbs\"><span class=\"aioseo-breadcrumb\">\n\t\t\t<a href=\"https:\/\/www.immo-invest.ch\/fr\/\" title=\"Home\">Home<\/a>\n\t\t<\/span><span class=\"aioseo-breadcrumb-separator\">&raquo;<\/span><span class=\"aioseo-breadcrumb\">\n\t\t\t<a href=\"https:\/\/www.immo-invest.ch\/fr\/categories\/regions\/\" title=\"R\u00e9gions\">R\u00e9gions<\/a>\n\t\t<\/span><span class=\"aioseo-breadcrumb-separator\">&raquo;<\/span><span class=\"aioseo-breadcrumb\">\n\t\t\t<a href=\"https:\/\/www.immo-invest.ch\/fr\/categories\/regions\/suisse\/\" title=\"Suisse\">Suisse<\/a>\n\t\t<\/span><span class=\"aioseo-breadcrumb-separator\">&raquo;<\/span><span class=\"aioseo-breadcrumb\">\n\t\t\t<a href=\"https:\/\/www.immo-invest.ch\/fr\/categories\/regions\/suisse\/region-zurich\/\" title=\"Zurich\">Zurich<\/a>\n\t\t<\/span><span class=\"aioseo-breadcrumb-separator\">&raquo;<\/span><span class=\"aioseo-breadcrumb\">\n\t\t\tUne nouvelle vision pour l\u2019espace m\u00e9tropolitain de Zurich\n\t\t<\/span><\/div>","aioseo_breadcrumb_json":[{"label":"Home","link":"https:\/\/www.immo-invest.ch\/fr\/"},{"label":"R\u00e9gions","link":"https:\/\/www.immo-invest.ch\/fr\/categories\/regions\/"},{"label":"Suisse","link":"https:\/\/www.immo-invest.ch\/fr\/categories\/regions\/suisse\/"},{"label":"Zurich","link":"https:\/\/www.immo-invest.ch\/fr\/categories\/regions\/suisse\/region-zurich\/"},{"label":"Une nouvelle vision pour l&rsquo;espace m\u00e9tropolitain de Zurich","link":"https:\/\/www.immo-invest.ch\/fr\/eine-neue-vision-fuer-den-metropolitanraum-zuerich\/"}],"featured_image_src":"https:\/\/www.immo-invest.ch\/wp-content\/uploads\/2024\/05\/Metro-Rok_Banner_240304-1920x474-1-336x168.jpg","_links":{"self":[{"href":"https:\/\/www.immo-invest.ch\/fr\/wp-json\/wp\/v2\/posts\/93605","targetHints":{"allow":["GET"]}}],"collection":[{"href":"https:\/\/www.immo-invest.ch\/fr\/wp-json\/wp\/v2\/posts"}],"about":[{"href":"https:\/\/www.immo-invest.ch\/fr\/wp-json\/wp\/v2\/types\/post"}],"author":[{"embeddable":true,"href":"https:\/\/www.immo-invest.ch\/fr\/wp-json\/wp\/v2\/users\/2"}],"replies":[{"embeddable":true,"href":"https:\/\/www.immo-invest.ch\/fr\/wp-json\/wp\/v2\/comments?post=93605"}],"version-history":[{"count":0,"href":"https:\/\/www.immo-invest.ch\/fr\/wp-json\/wp\/v2\/posts\/93605\/revisions"}],"wp:featuredmedia":[{"embeddable":true,"href":"https:\/\/www.immo-invest.ch\/fr\/wp-json\/wp\/v2\/media\/93582"}],"wp:attachment":[{"href":"https:\/\/www.immo-invest.ch\/fr\/wp-json\/wp\/v2\/media?parent=93605"}],"wp:term":[{"taxonomy":"category","embeddable":true,"href":"https:\/\/www.immo-invest.ch\/fr\/wp-json\/wp\/v2\/categories?post=93605"},{"taxonomy":"post_tag","embeddable":true,"href":"https:\/\/www.immo-invest.ch\/fr\/wp-json\/wp\/v2\/tags?post=93605"}],"curies":[{"name":"wp","href":"https:\/\/api.w.org\/{rel}","templated":true}]}}